{"id":43534,"date":"2023-07-21T11:35:23","date_gmt":"2023-07-21T14:35:23","guid":{"rendered":"https:\/\/jornalfatosenoticias.com.br\/?p=43534"},"modified":"2023-07-21T11:35:24","modified_gmt":"2023-07-21T14:35:24","slug":"a-era-do-gelo-nos-pampas-brasileiros","status":"publish","type":"post","link":"https:\/\/jornalfatosenoticias.com.br\/index.php\/2023\/07\/21\/a-era-do-gelo-nos-pampas-brasileiros\/","title":{"rendered":"A Era do Gelo nos Pampas brasileiros"},"content":{"rendered":"\n<p><em><span class=\"has-inline-color has-black-color\">Por <strong>Let\u00edcia Na\u00edsa\/<a href=\"https:\/\/gizmodo.uol.com.br\/author\/revista-pesquisa-fapesp\/\">Revista Pesquisa Fapesp<\/a><\/strong><\/span><\/em><\/p>\n\n\n\n<div class=\"wp-block-image\"><figure class=\"aligncenter size-large\"><img loading=\"lazy\" decoding=\"async\" width=\"1024\" height=\"111\" src=\"https:\/\/jornalfatosenoticias.com.br\/wp-content\/uploads\/2020\/02\/WhatsApp-Image-2022-09-23-at-12.09.18-1024x111.jpeg\" alt=\"\" class=\"wp-image-34527\" srcset=\"https:\/\/jornalfatosenoticias.com.br\/wp-content\/uploads\/2020\/02\/WhatsApp-Image-2022-09-23-at-12.09.18-1024x111.jpeg 1024w, https:\/\/jornalfatosenoticias.com.br\/wp-content\/uploads\/2020\/02\/WhatsApp-Image-2022-09-23-at-12.09.18-300x32.jpeg 300w, https:\/\/jornalfatosenoticias.com.br\/wp-content\/uploads\/2020\/02\/WhatsApp-Image-2022-09-23-at-12.09.18-768x83.jpeg 768w, https:\/\/jornalfatosenoticias.com.br\/wp-content\/uploads\/2020\/02\/WhatsApp-Image-2022-09-23-at-12.09.18.jpeg 1121w\" sizes=\"auto, (max-width: 1024px) 100vw, 1024px\" \/><\/figure><\/div>\n\n\n\n<p>Em um dia normal de 2007, ao estacionar perto da praia Concheiros, no litoral ga\u00facho, o paleocean\u00f3grafo Francisco Buchmann notou algo entre as conchas. O pesquisador tinha como miss\u00e3o coletar material f\u00f3ssil na regi\u00e3o. Sem se afastar do carro, tirou uma foto do que a qualquer pessoa poderia parecer uma pedra grande na praia. N\u00e3o para ele, que reconheceu um f\u00f3ssil. Ao levar para an\u00e1lise no laborat\u00f3rio, descobriu que era parte preservada de uma pregui\u00e7a-gigante \u2014 mais especificamente de uma t\u00edbia (um dos ossos da perna) de <em>Lestodon.<\/em><br>Bichos como esse fizeram parte da chamada megafauna: animais gigantes que viveram durante o Pleistoceno, que foi caracterizado por uma sucess\u00e3o de per\u00edodos glaciais (ou Eras do Gelo) e interglaciais, e se estendeu entre cerca de 2,5 milh\u00f5es de anos e 11 mil anos atr\u00e1s. Nesse tempo a maioria das grandes esp\u00e9cies foi extinta na Am\u00e9rica, restando apenas algumas na \u00c1frica e na \u00c1sia. \u201cO mar desgasta esses f\u00f3sseis debaixo d\u2019\u00e1gua e joga na praia; eu passo de carro e pego\u201d, conta Buchmann, que visita o litoral do Rio Grande do Sul com frequ\u00eancia h\u00e1 30 anos, quando fez gradua\u00e7\u00e3o na Universidade Federal do Rio Grande (Furg). O pesquisador se manteve nessa \u00e1rea de estudos, onde os f\u00f3sseis terrestres e marinhos s\u00e3o mais facilmente encontrados, ao tornar-se professor na Universidade Estadual Paulista (Unesp), <em>campus<\/em> de S\u00e3o Vicente, na Baixada Santista. \u201cAo longo do litoral ga\u00facho n\u00e3o tem rochas, ent\u00e3o qualquer coisa em que voc\u00ea trope\u00e7ar pode apostar que \u00e9 f\u00f3ssil\u201d.<\/p>\n\n\n\n<div class=\"wp-block-image\"><figure class=\"aligncenter size-large is-resized\"><img loading=\"lazy\" decoding=\"async\" src=\"https:\/\/jornalfatosenoticias.com.br\/wp-content\/uploads\/2020\/02\/casa-do-torresmo_portal.jpg\" alt=\"\" class=\"wp-image-34472\" width=\"246\" height=\"246\" srcset=\"https:\/\/jornalfatosenoticias.com.br\/wp-content\/uploads\/2020\/02\/casa-do-torresmo_portal.jpg 300w, https:\/\/jornalfatosenoticias.com.br\/wp-content\/uploads\/2020\/02\/casa-do-torresmo_portal-150x150.jpg 150w\" sizes=\"auto, (max-width: 246px) 100vw, 246px\" \/><\/figure><\/div>\n\n\n\n<p>\u00c9 com esses f\u00f3sseis que Buchmann e outros pesquisadores t\u00eam tentado desvendar como eram os Pampas, bioma predominante no Rio Grande do Sul, durante o Pleistoceno. Contam, para isso, com t\u00e9cnicas que avan\u00e7aram nas \u00faltimas d\u00e9cadas. Em uma pesquisa recente, uma equipe liderada pelo ge\u00f3grafo Renato Pereira Lopes, da Universidade Federal do Rio Grande do Sul (UFRGS), conseguiu reconstituir o ambiente e o clima da regi\u00e3o analisando o material dent\u00e1rio de f\u00f3sseis de duas esp\u00e9cies de camel\u00eddeos:<em> Lama guanicoe<\/em>, conhecida como guanaco, que ainda existe em regi\u00f5es \u00e1ridas da Am\u00e9rica do Sul, da Patag\u00f4nia at\u00e9 o Peru, e <em>Hemiauchenia paradoxa,<\/em> que j\u00e1 foi extinta. <\/p>\n\n\n\n<div class=\"wp-block-image\"><figure class=\"aligncenter size-large is-resized\"><img loading=\"lazy\" decoding=\"async\" src=\"https:\/\/jornalfatosenoticias.com.br\/wp-content\/uploads\/2023\/04\/Logo_MasterMind.jpg\" alt=\"\" class=\"wp-image-40974\" width=\"304\" height=\"221\"\/><\/figure><\/div>\n\n\n\n<p>A t\u00e9cnica consiste em calcular a propor\u00e7\u00e3o entre duas formas distintas (is\u00f3topos) de um elemento \u2014 no caso, foram analisadas as formas est\u00e1veis leves e pesadas de carbono ou oxig\u00eanio \u2014 presentes em uma amostra de f\u00f3ssil. O resultado desses c\u00e1lculos \u00e9 chamado de raz\u00e3o isot\u00f3pica.<br>No total, Lopes e sua equipe analisaram cinco fragmentos dent\u00e1rios e fizeram algumas descobertas sobre a dieta dos herb\u00edvoros. Na regi\u00e3o dos Pampas, a vegeta\u00e7\u00e3o apresenta plantas com tr\u00eas tipos de fotoss\u00edntese classificadas como C<sub>3<\/sub>, C<sub>4<\/sub> e CAM \u2014 esta \u00faltima t\u00edpica de plantas suculentas, como cactos e alguns arbustos que eles podem ter comido tamb\u00e9m.<\/p>\n\n\n\n<div class=\"wp-block-image\"><figure class=\"aligncenter size-large is-resized\"><img loading=\"lazy\" decoding=\"async\" src=\"https:\/\/jornalfatosenoticias.com.br\/wp-content\/uploads\/2022\/02\/Precisao-Contabilidade-1024x724.jpg\" alt=\"\" class=\"wp-image-28088\" width=\"289\" height=\"204\"\/><\/figure><\/div>\n\n\n\n<blockquote class=\"wp-block-quote is-layout-flow wp-block-quote-is-layout-flow\"><p><span class=\"has-inline-color has-luminous-vivid-orange-color\">Um mam\u00edfero herb\u00edvoro que se alimenta da vegeta\u00e7\u00e3o acaba incorporando esse carbono no tecido org\u00e2nico\u201d, explica Lopes. \u201cQuando analisamos os dentes, \u00e9 poss\u00edvel identificar, pelas raz\u00f5es isot\u00f3picas de carbono, se ele comia mais plantas C<sub>3<\/sub>, mais C<sub>4<\/sub> ou uma mistura das duas\u201d, completa.<\/span><\/p><\/blockquote>\n\n\n\n<div class=\"wp-block-image\"><figure class=\"aligncenter size-large is-resized\"><img loading=\"lazy\" decoding=\"async\" src=\"https:\/\/jornalfatosenoticias.com.br\/wp-content\/uploads\/2020\/02\/logo-Rapuzel-1024x571.jpg\" alt=\"\" class=\"wp-image-42808\" width=\"382\" height=\"213\" srcset=\"https:\/\/jornalfatosenoticias.com.br\/wp-content\/uploads\/2020\/02\/logo-Rapuzel-1024x571.jpg 1024w, https:\/\/jornalfatosenoticias.com.br\/wp-content\/uploads\/2020\/02\/logo-Rapuzel-300x167.jpg 300w, https:\/\/jornalfatosenoticias.com.br\/wp-content\/uploads\/2020\/02\/logo-Rapuzel-768x428.jpg 768w, https:\/\/jornalfatosenoticias.com.br\/wp-content\/uploads\/2020\/02\/logo-Rapuzel-1536x856.jpg 1536w, https:\/\/jornalfatosenoticias.com.br\/wp-content\/uploads\/2020\/02\/logo-Rapuzel.jpg 1600w\" sizes=\"auto, (max-width: 382px) 100vw, 382px\" \/><\/figure><\/div>\n\n\n\n<p>Isso porque o processo C<sub>3<\/sub>\u00a0de fotoss\u00edntese leva \u00e0 absor\u00e7\u00e3o de uma propor\u00e7\u00e3o maior de is\u00f3topos mais leves de carbono em rela\u00e7\u00e3o ao C<sub>4<\/sub>. At\u00e9 agora, a equipe n\u00e3o encontrou na regi\u00e3o animais que se alimentavam exclusivamente de plantas C<sub>4<\/sub>, caracter\u00edsticas de climas quentes. Entre os camel\u00eddeos, havia prefer\u00eancia pelo tipo C<sub>3<\/sub>, que incluem gram\u00edneas e arbustos de climas mais frios.<br>Outro elemento que a equipe identificou nos f\u00f3sseis foi o oxig\u00eanio. Apesar de ser um indicador mais dif\u00edcil de interpretar, Lopes afirma que os exames foram bem-sucedidos em raz\u00e3o de caracter\u00edsticas espec\u00edficas dos camel\u00eddeos, que vivem em clima seco e ingerem pouca \u00e1gua, principalmente como parte da vegeta\u00e7\u00e3o que comem.<\/p>\n\n\n\n<div class=\"wp-block-image\"><figure class=\"aligncenter size-large\"><img decoding=\"async\" src=\"https:\/\/jornalfatosenoticias.com.br\/wp-content\/uploads\/2020\/02\/logo_esteio.jpg\" alt=\"\" class=\"wp-image-1214\"\/><\/figure><\/div>\n\n\n\n<blockquote class=\"wp-block-quote is-layout-flow wp-block-quote-is-layout-flow\"><p><span class=\"has-inline-color has-luminous-vivid-orange-color\">Em ambiente des\u00e9rtico, as plantas est\u00e3o sujeitas a muita evapora\u00e7\u00e3o\u201d, explica o pesquisador. Como a \u00e1gua com is\u00f3topo mais leve evapora mais facilmente, o que resta para ser ingerido se caracteriza pelo is\u00f3topo mais pesado. \u201cO oxig\u00eanio armazenado nos f\u00f3sseis \u00e9 adquirido principalmente por meio da alimenta\u00e7\u00e3o, ou seja, da vegeta\u00e7\u00e3o que os animais consumiram\u201d, diz Lopes. Raz\u00f5es isot\u00f3picas mais altas, portanto, indicam clima seco.<\/span><\/p><\/blockquote>\n\n\n\n<div class=\"wp-block-image\"><figure class=\"aligncenter size-large\"><img loading=\"lazy\" decoding=\"async\" width=\"1000\" height=\"559\" src=\"https:\/\/jornalfatosenoticias.com.br\/wp-content\/uploads\/2023\/07\/era-do-gelo-fapesp-1.jpg\" alt=\"\" class=\"wp-image-43535\" srcset=\"https:\/\/jornalfatosenoticias.com.br\/wp-content\/uploads\/2023\/07\/era-do-gelo-fapesp-1.jpg 1000w, https:\/\/jornalfatosenoticias.com.br\/wp-content\/uploads\/2023\/07\/era-do-gelo-fapesp-1-300x168.jpg 300w, https:\/\/jornalfatosenoticias.com.br\/wp-content\/uploads\/2023\/07\/era-do-gelo-fapesp-1-768x429.jpg 768w\" sizes=\"auto, (max-width: 1000px) 100vw, 1000px\" \/><figcaption><em><span class=\"has-inline-color has-black-color\">Ilustra\u00e7\u00e3o de Hemiauchenia paradoxa e Lama guanicoe, camel\u00eddeos que no passado habitaram a regi\u00e3o onde agora s\u00e3o os Pampas (Imagem: Renato Lopes\/UFRGS)<\/span><\/em><\/figcaption><\/figure><\/div>\n\n\n\n<p>Essas descobertas sobre a dieta dos herb\u00edvoros e as informa\u00e7\u00f5es sobre carbono e oxig\u00eanio nos f\u00f3sseis permitiram aos pesquisadores inferir como era o clima na regi\u00e3o durante o Pleistoceno, al\u00e9m da vegeta\u00e7\u00e3o. \u201cNa \u00e9poca que esses camel\u00eddeos viveram, por volta de 26 mil anos atr\u00e1s, o ambiente estava muito mais seco\u201d, aponta Lopes. \u201cFoi o per\u00edodo mais frio e mais seco de todo o \u00faltimo per\u00edodo glacial\u201d, observa o pesquisador sobre o que \u00e9 conhecido como \u00daltimo M\u00e1ximo Glacial.<\/p>\n\n\n\n<div class=\"wp-block-image\"><figure class=\"aligncenter size-large is-resized\"><img loading=\"lazy\" decoding=\"async\" src=\"https:\/\/jornalfatosenoticias.com.br\/wp-content\/uploads\/2020\/02\/logo-embacia.jpg\" alt=\"\" class=\"wp-image-33905\" width=\"291\" height=\"291\"\/><\/figure><\/div>\n\n\n\n<p>Sob orienta\u00e7\u00e3o de Buchmann, a bi\u00f3loga Thayara Carrasco conduziu uma investiga\u00e7\u00e3o semelhante \u00e0 da equipe de Lopes, incluindo mais uma esp\u00e9cie, a vicunha (<em>Vicugna vicugna<\/em>), considerada o menor entre os camel\u00eddeos que ainda habitam a Am\u00e9rica do Sul. \u201cA vantagem de estudar os camel\u00eddeos \u00e9 que eles ainda existem em algumas regi\u00f5es da Am\u00e9rica Latina onde o clima \u00e9 frio\u201d, diz a pesquisadora. As lhamas e alpacas s\u00e3o alguns deles. Os resultados de Carrasco sobre a dieta dos animais e o clima do Pleistoceno na regi\u00e3o foram similares aos de Lopes.<\/p>\n\n\n\n<div class=\"wp-block-image\"><figure class=\"aligncenter size-large\"><img decoding=\"async\" src=\"https:\/\/jornalfatosenoticias.com.br\/wp-content\/uploads\/2020\/02\/barao-das-carnes-300x164-1.jpg\" alt=\"\" class=\"wp-image-34339\"\/><\/figure><\/div>\n\n\n\n<p>F\u00f3sseis de camel\u00eddeos tamb\u00e9m j\u00e1 foram encontrados mais ao norte do Brasil. \u201cHoje o Cear\u00e1 \u00e9 quente, mas no Pleistoceno camel\u00eddeos andavam por l\u00e1\u201d, diz Buchmann. \u201cOs Pampas s\u00e3o um reflexo da Argentina e do Uruguai, t\u00eam s\u00f3 um pedacinho no Brasil\u201d, explica. \u201cA fauna pampeana \u00e9 caracter\u00edstica do Uruguai e da Argentina, onde o clima \u00e9 mais frio, e a fauna brasiliana [caracter\u00edstica do Brasil, de clima mais quente] migra conforme as mudan\u00e7as do clima: se estamos em um per\u00edodo glacial, mais frio, a fauna do sul sobe para o norte; em per\u00edodos interglaciais, a fauna brasileira desce\u201d.<\/p>\n\n\n\n<div class=\"wp-block-image\"><figure class=\"aligncenter size-large is-resized\"><img loading=\"lazy\" decoding=\"async\" src=\"https:\/\/jornalfatosenoticias.com.br\/wp-content\/uploads\/2023\/03\/Crypton-1000-\u00d7-900-px-300x270-1.png\" alt=\"\" class=\"wp-image-40206\" width=\"269\" height=\"242\"\/><\/figure><\/div>\n\n\n\n<p>Por conta desses movimentos migrat\u00f3rios impulsionados pelo clima durante milhares de anos, f\u00f3sseis de pregui\u00e7as-gigantes e outros animais da megafauna, como tatus e tigres-de-dentes-de-sabre, n\u00e3o s\u00e3o encontrados exclusivamente no Rio Grande do Sul. \u201cEssa fauna viveu de norte a sul das Am\u00e9ricas\u201d, afirma o paleont\u00f3logo M\u00e1rio Dantas, da Universidade Federal da Bahia (UFBA). A equipe de Dantas est\u00e1 trabalhando em uma an\u00e1lise da dieta anual de pregui\u00e7as-gigantes. Dividindo um f\u00f3ssil dent\u00e1rio em partes que representariam um ano da vida do animal, \u00e9 poss\u00edvel realizar an\u00e1lises de is\u00f3topos mais espec\u00edficas do que de uma amostra mais geral do esmalte dent\u00e1rio, como foi feito em outras pesquisas. Assim, os pesquisadores esperam descobrir mais detalhes sobre as varia\u00e7\u00f5es clim\u00e1ticas ao longo de um ano do Pleistoceno.<br>Pesquisas de an\u00e1lises de is\u00f3topos em f\u00f3sseis como as de Dantas, Lopes, Carrasco e Buchmann buscam desvendar as raz\u00f5es que levaram algumas esp\u00e9cies \u00e0 extin\u00e7\u00e3o.<\/p>\n\n\n\n<div class=\"wp-block-image\"><figure class=\"aligncenter size-large\"><img loading=\"lazy\" decoding=\"async\" width=\"300\" height=\"250\" src=\"https:\/\/jornalfatosenoticias.com.br\/wp-content\/uploads\/2022\/08\/arte-Casarao.jpg\" alt=\"\" class=\"wp-image-33178\"\/><\/figure><\/div>\n\n\n\n<blockquote class=\"wp-block-quote is-layout-flow wp-block-quote-is-layout-flow\"><p><span class=\"has-inline-color has-luminous-vivid-orange-color\">Trabalhamos com pe\u00e7as de um quebra-cabe\u00e7as e cada resultado \u00e9 uma pecinha que a ci\u00eancia encaixa para construir uma vis\u00e3o mais completa do que aconteceu\u201d, reflete Dantas. Os resultados tamb\u00e9m podem trazer respostas sobre mudan\u00e7as clim\u00e1ticas. \u201cOs f\u00f3sseis s\u00e3o arquivos de condi\u00e7\u00f5es ambientais\u201d, afirma Lopes. \u201c\u00c9 como se fossem flashes de momentos da hist\u00f3ria\u201d, completa Carrasco. \u201c\u00c9 dif\u00edcil mensurar impactos em escala de tempo humana, ent\u00e3o eles nos d\u00e3o uma janela temporal maior e, assim, conseguimos contar uma hist\u00f3ria mais detalhada do passado\u201d, conclui.<\/span><\/p><\/blockquote>\n\n\n\n<div class=\"wp-block-image\"><figure class=\"aligncenter size-large is-resized\"><img loading=\"lazy\" decoding=\"async\" src=\"https:\/\/jornalfatosenoticias.com.br\/wp-content\/uploads\/2023\/07\/torneio_volei.jpg\" alt=\"\" class=\"wp-image-43455\" width=\"367\" height=\"366\" srcset=\"https:\/\/jornalfatosenoticias.com.br\/wp-content\/uploads\/2023\/07\/torneio_volei.jpg 1000w, https:\/\/jornalfatosenoticias.com.br\/wp-content\/uploads\/2023\/07\/torneio_volei-300x300.jpg 300w, https:\/\/jornalfatosenoticias.com.br\/wp-content\/uploads\/2023\/07\/torneio_volei-150x150.jpg 150w, https:\/\/jornalfatosenoticias.com.br\/wp-content\/uploads\/2023\/07\/torneio_volei-768x767.jpg 768w\" sizes=\"auto, (max-width: 367px) 100vw, 367px\" \/><\/figure><\/div>\n\n\n\n<p><strong><em>Fonte: <a href=\"https:\/\/gizmodo.uol.com.br\/a-era-do-gelo-nos-pampas-brasileiros\/\">GizModo<\/a><\/em><\/strong><\/p>\n","protected":false},"excerpt":{"rendered":"<p>Por Let\u00edcia Na\u00edsa\/Revista Pesquisa Fapesp Em um dia normal de 2007, ao estacionar perto da praia Concheiros, no litoral ga\u00facho, o paleocean\u00f3grafo Francisco Buchmann notou algo entre as conchas. O pesquisador tinha como miss\u00e3o coletar material f\u00f3ssil na regi\u00e3o. Sem se afastar do carro, tirou uma foto do que a qualquer pessoa poderia parecer uma [&hellip;]<\/p>\n","protected":false},"author":2,"featured_media":43536,"comment_status":"open","ping_status":"open","sticky":false,"template":"","format":"standard","meta":{"footnotes":""},"categories":[9808],"tags":[72,10304,113,1115,255,11899],"class_list":["post-43534","post","type-post","status-publish","format-standard","has-post-thumbnail","hentry","category-paleo-arqueologia","tag-clima","tag-era-do-gelo","tag-fapesp","tag-paleontologia","tag-pampas","tag-pleistoceno"],"yoast_head":"<!-- This site is optimized with the Yoast SEO plugin v26.5 - https:\/\/yoast.com\/wordpress\/plugins\/seo\/ -->\n<title>A Era do Gelo nos Pampas brasileiros - Jornal Fatos e Not\u00edcias<\/title>\n<meta name=\"robots\" content=\"index, follow, max-snippet:-1, max-image-preview:large, max-video-preview:-1\" \/>\n<link rel=\"canonical\" href=\"https:\/\/jornalfatosenoticias.com.br\/index.php\/2023\/07\/21\/a-era-do-gelo-nos-pampas-brasileiros\/\" \/>\n<meta property=\"og:locale\" content=\"pt_BR\" \/>\n<meta property=\"og:type\" content=\"article\" \/>\n<meta property=\"og:title\" content=\"A Era do Gelo nos Pampas brasileiros - Jornal Fatos e Not\u00edcias\" \/>\n<meta property=\"og:description\" content=\"Por Let\u00edcia Na\u00edsa\/Revista Pesquisa Fapesp Em um dia normal de 2007, ao estacionar perto da praia Concheiros, no litoral ga\u00facho, o paleocean\u00f3grafo Francisco Buchmann notou algo entre as conchas. O pesquisador tinha como miss\u00e3o coletar material f\u00f3ssil na regi\u00e3o. Sem se afastar do carro, tirou uma foto do que a qualquer pessoa poderia parecer uma [&hellip;]\" \/>\n<meta property=\"og:url\" content=\"https:\/\/jornalfatosenoticias.com.br\/index.php\/2023\/07\/21\/a-era-do-gelo-nos-pampas-brasileiros\/\" \/>\n<meta property=\"og:site_name\" content=\"Jornal Fatos e Not\u00edcias\" \/>\n<meta property=\"article:published_time\" content=\"2023-07-21T14:35:23+00:00\" \/>\n<meta property=\"article:modified_time\" content=\"2023-07-21T14:35:24+00:00\" \/>\n<meta property=\"og:image\" content=\"https:\/\/jornalfatosenoticias.com.br\/wp-content\/uploads\/2023\/07\/pampas-no-pleistoceno-capa.jpg\" \/>\n\t<meta property=\"og:image:width\" content=\"1000\" \/>\n\t<meta property=\"og:image:height\" content=\"670\" \/>\n\t<meta property=\"og:image:type\" content=\"image\/jpeg\" \/>\n<meta name=\"author\" content=\"Luzimara Fernandes\" \/>\n<meta name=\"twitter:card\" content=\"summary_large_image\" \/>\n<meta name=\"twitter:label1\" content=\"Escrito por\" \/>\n\t<meta name=\"twitter:data1\" content=\"Luzimara Fernandes\" \/>\n\t<meta name=\"twitter:label2\" content=\"Est. tempo de leitura\" \/>\n\t<meta name=\"twitter:data2\" content=\"7 minutos\" \/>\n<script type=\"application\/ld+json\" class=\"yoast-schema-graph\">{\"@context\":\"https:\/\/schema.org\",\"@graph\":[{\"@type\":\"Article\",\"@id\":\"https:\/\/jornalfatosenoticias.com.br\/index.php\/2023\/07\/21\/a-era-do-gelo-nos-pampas-brasileiros\/#article\",\"isPartOf\":{\"@id\":\"https:\/\/jornalfatosenoticias.com.br\/index.php\/2023\/07\/21\/a-era-do-gelo-nos-pampas-brasileiros\/\"},\"author\":{\"name\":\"Luzimara Fernandes\",\"@id\":\"https:\/\/jornalfatosenoticias.com.br\/#\/schema\/person\/d63837fa13ac8666eb9e74e0985d6f81\"},\"headline\":\"A Era do Gelo nos Pampas brasileiros\",\"datePublished\":\"2023-07-21T14:35:23+00:00\",\"dateModified\":\"2023-07-21T14:35:24+00:00\",\"mainEntityOfPage\":{\"@id\":\"https:\/\/jornalfatosenoticias.com.br\/index.php\/2023\/07\/21\/a-era-do-gelo-nos-pampas-brasileiros\/\"},\"wordCount\":1362,\"commentCount\":0,\"publisher\":{\"@id\":\"https:\/\/jornalfatosenoticias.com.br\/#organization\"},\"image\":{\"@id\":\"https:\/\/jornalfatosenoticias.com.br\/index.php\/2023\/07\/21\/a-era-do-gelo-nos-pampas-brasileiros\/#primaryimage\"},\"thumbnailUrl\":\"https:\/\/jornalfatosenoticias.com.br\/wp-content\/uploads\/2023\/07\/pampas-no-pleistoceno-capa.jpg\",\"keywords\":[\"clima\",\"Era do Gelo\",\"fapesp\",\"paleontologia\",\"pampas\",\"Pleistoceno\"],\"articleSection\":[\"Paleo &amp; Arqueologia\"],\"inLanguage\":\"pt-BR\",\"potentialAction\":[{\"@type\":\"CommentAction\",\"name\":\"Comment\",\"target\":[\"https:\/\/jornalfatosenoticias.com.br\/index.php\/2023\/07\/21\/a-era-do-gelo-nos-pampas-brasileiros\/#respond\"]}]},{\"@type\":\"WebPage\",\"@id\":\"https:\/\/jornalfatosenoticias.com.br\/index.php\/2023\/07\/21\/a-era-do-gelo-nos-pampas-brasileiros\/\",\"url\":\"https:\/\/jornalfatosenoticias.com.br\/index.php\/2023\/07\/21\/a-era-do-gelo-nos-pampas-brasileiros\/\",\"name\":\"A Era do Gelo nos Pampas brasileiros - Jornal Fatos e Not\u00edcias\",\"isPartOf\":{\"@id\":\"https:\/\/jornalfatosenoticias.com.br\/#website\"},\"primaryImageOfPage\":{\"@id\":\"https:\/\/jornalfatosenoticias.com.br\/index.php\/2023\/07\/21\/a-era-do-gelo-nos-pampas-brasileiros\/#primaryimage\"},\"image\":{\"@id\":\"https:\/\/jornalfatosenoticias.com.br\/index.php\/2023\/07\/21\/a-era-do-gelo-nos-pampas-brasileiros\/#primaryimage\"},\"thumbnailUrl\":\"https:\/\/jornalfatosenoticias.com.br\/wp-content\/uploads\/2023\/07\/pampas-no-pleistoceno-capa.jpg\",\"datePublished\":\"2023-07-21T14:35:23+00:00\",\"dateModified\":\"2023-07-21T14:35:24+00:00\",\"breadcrumb\":{\"@id\":\"https:\/\/jornalfatosenoticias.com.br\/index.php\/2023\/07\/21\/a-era-do-gelo-nos-pampas-brasileiros\/#breadcrumb\"},\"inLanguage\":\"pt-BR\",\"potentialAction\":[{\"@type\":\"ReadAction\",\"target\":[\"https:\/\/jornalfatosenoticias.com.br\/index.php\/2023\/07\/21\/a-era-do-gelo-nos-pampas-brasileiros\/\"]}]},{\"@type\":\"ImageObject\",\"inLanguage\":\"pt-BR\",\"@id\":\"https:\/\/jornalfatosenoticias.com.br\/index.php\/2023\/07\/21\/a-era-do-gelo-nos-pampas-brasileiros\/#primaryimage\",\"url\":\"https:\/\/jornalfatosenoticias.com.br\/wp-content\/uploads\/2023\/07\/pampas-no-pleistoceno-capa.jpg\",\"contentUrl\":\"https:\/\/jornalfatosenoticias.com.br\/wp-content\/uploads\/2023\/07\/pampas-no-pleistoceno-capa.jpg\",\"width\":1000,\"height\":670},{\"@type\":\"BreadcrumbList\",\"@id\":\"https:\/\/jornalfatosenoticias.com.br\/index.php\/2023\/07\/21\/a-era-do-gelo-nos-pampas-brasileiros\/#breadcrumb\",\"itemListElement\":[{\"@type\":\"ListItem\",\"position\":1,\"name\":\"In\u00edcio\",\"item\":\"https:\/\/jornalfatosenoticias.com.br\/\"},{\"@type\":\"ListItem\",\"position\":2,\"name\":\"A Era do Gelo nos Pampas brasileiros\"}]},{\"@type\":\"WebSite\",\"@id\":\"https:\/\/jornalfatosenoticias.com.br\/#website\",\"url\":\"https:\/\/jornalfatosenoticias.com.br\/\",\"name\":\"Jornal Fatos e Not\u00edcias\",\"description\":\"Not\u00edcias em geral\",\"publisher\":{\"@id\":\"https:\/\/jornalfatosenoticias.com.br\/#organization\"},\"potentialAction\":[{\"@type\":\"SearchAction\",\"target\":{\"@type\":\"EntryPoint\",\"urlTemplate\":\"https:\/\/jornalfatosenoticias.com.br\/?s={search_term_string}\"},\"query-input\":{\"@type\":\"PropertyValueSpecification\",\"valueRequired\":true,\"valueName\":\"search_term_string\"}}],\"inLanguage\":\"pt-BR\"},{\"@type\":\"Organization\",\"@id\":\"https:\/\/jornalfatosenoticias.com.br\/#organization\",\"name\":\"Jornal Fatos e Not\u00edcias\",\"url\":\"https:\/\/jornalfatosenoticias.com.br\/\",\"logo\":{\"@type\":\"ImageObject\",\"inLanguage\":\"pt-BR\",\"@id\":\"https:\/\/jornalfatosenoticias.com.br\/#\/schema\/logo\/image\/\",\"url\":\"https:\/\/jornalfatosenoticias.com.br\/wp-content\/uploads\/2020\/02\/logo120.png\",\"contentUrl\":\"https:\/\/jornalfatosenoticias.com.br\/wp-content\/uploads\/2020\/02\/logo120.png\",\"width\":1227,\"height\":120,\"caption\":\"Jornal Fatos e Not\u00edcias\"},\"image\":{\"@id\":\"https:\/\/jornalfatosenoticias.com.br\/#\/schema\/logo\/image\/\"}},{\"@type\":\"Person\",\"@id\":\"https:\/\/jornalfatosenoticias.com.br\/#\/schema\/person\/d63837fa13ac8666eb9e74e0985d6f81\",\"name\":\"Luzimara Fernandes\",\"image\":{\"@type\":\"ImageObject\",\"inLanguage\":\"pt-BR\",\"@id\":\"https:\/\/jornalfatosenoticias.com.br\/#\/schema\/person\/image\/\",\"url\":\"https:\/\/jornalfatosenoticias.com.br\/wp-content\/uploads\/2025\/05\/EU_portal.jpg\",\"contentUrl\":\"https:\/\/jornalfatosenoticias.com.br\/wp-content\/uploads\/2025\/05\/EU_portal.jpg\",\"caption\":\"Luzimara Fernandes\"},\"description\":\"Jornalista MTB 2358-ES\",\"sameAs\":[\"https:\/\/jornalfatosenoticias.com.br\"],\"url\":\"https:\/\/jornalfatosenoticias.com.br\/index.php\/author\/luzimara\/\"}]}<\/script>\n<!-- \/ Yoast SEO plugin. -->","yoast_head_json":{"title":"A Era do Gelo nos Pampas brasileiros - Jornal Fatos e Not\u00edcias","robots":{"index":"index","follow":"follow","max-snippet":"max-snippet:-1","max-image-preview":"max-image-preview:large","max-video-preview":"max-video-preview:-1"},"canonical":"https:\/\/jornalfatosenoticias.com.br\/index.php\/2023\/07\/21\/a-era-do-gelo-nos-pampas-brasileiros\/","og_locale":"pt_BR","og_type":"article","og_title":"A Era do Gelo nos Pampas brasileiros - Jornal Fatos e Not\u00edcias","og_description":"Por Let\u00edcia Na\u00edsa\/Revista Pesquisa Fapesp Em um dia normal de 2007, ao estacionar perto da praia Concheiros, no litoral ga\u00facho, o paleocean\u00f3grafo Francisco Buchmann notou algo entre as conchas. O pesquisador tinha como miss\u00e3o coletar material f\u00f3ssil na regi\u00e3o. Sem se afastar do carro, tirou uma foto do que a qualquer pessoa poderia parecer uma [&hellip;]","og_url":"https:\/\/jornalfatosenoticias.com.br\/index.php\/2023\/07\/21\/a-era-do-gelo-nos-pampas-brasileiros\/","og_site_name":"Jornal Fatos e Not\u00edcias","article_published_time":"2023-07-21T14:35:23+00:00","article_modified_time":"2023-07-21T14:35:24+00:00","og_image":[{"width":1000,"height":670,"url":"https:\/\/jornalfatosenoticias.com.br\/wp-content\/uploads\/2023\/07\/pampas-no-pleistoceno-capa.jpg","type":"image\/jpeg"}],"author":"Luzimara Fernandes","twitter_card":"summary_large_image","twitter_misc":{"Escrito por":"Luzimara Fernandes","Est. tempo de leitura":"7 minutos"},"schema":{"@context":"https:\/\/schema.org","@graph":[{"@type":"Article","@id":"https:\/\/jornalfatosenoticias.com.br\/index.php\/2023\/07\/21\/a-era-do-gelo-nos-pampas-brasileiros\/#article","isPartOf":{"@id":"https:\/\/jornalfatosenoticias.com.br\/index.php\/2023\/07\/21\/a-era-do-gelo-nos-pampas-brasileiros\/"},"author":{"name":"Luzimara Fernandes","@id":"https:\/\/jornalfatosenoticias.com.br\/#\/schema\/person\/d63837fa13ac8666eb9e74e0985d6f81"},"headline":"A Era do Gelo nos Pampas brasileiros","datePublished":"2023-07-21T14:35:23+00:00","dateModified":"2023-07-21T14:35:24+00:00","mainEntityOfPage":{"@id":"https:\/\/jornalfatosenoticias.com.br\/index.php\/2023\/07\/21\/a-era-do-gelo-nos-pampas-brasileiros\/"},"wordCount":1362,"commentCount":0,"publisher":{"@id":"https:\/\/jornalfatosenoticias.com.br\/#organization"},"image":{"@id":"https:\/\/jornalfatosenoticias.com.br\/index.php\/2023\/07\/21\/a-era-do-gelo-nos-pampas-brasileiros\/#primaryimage"},"thumbnailUrl":"https:\/\/jornalfatosenoticias.com.br\/wp-content\/uploads\/2023\/07\/pampas-no-pleistoceno-capa.jpg","keywords":["clima","Era do Gelo","fapesp","paleontologia","pampas","Pleistoceno"],"articleSection":["Paleo &amp; Arqueologia"],"inLanguage":"pt-BR","potentialAction":[{"@type":"CommentAction","name":"Comment","target":["https:\/\/jornalfatosenoticias.com.br\/index.php\/2023\/07\/21\/a-era-do-gelo-nos-pampas-brasileiros\/#respond"]}]},{"@type":"WebPage","@id":"https:\/\/jornalfatosenoticias.com.br\/index.php\/2023\/07\/21\/a-era-do-gelo-nos-pampas-brasileiros\/","url":"https:\/\/jornalfatosenoticias.com.br\/index.php\/2023\/07\/21\/a-era-do-gelo-nos-pampas-brasileiros\/","name":"A Era do Gelo nos Pampas brasileiros - Jornal Fatos e Not\u00edcias","isPartOf":{"@id":"https:\/\/jornalfatosenoticias.com.br\/#website"},"primaryImageOfPage":{"@id":"https:\/\/jornalfatosenoticias.com.br\/index.php\/2023\/07\/21\/a-era-do-gelo-nos-pampas-brasileiros\/#primaryimage"},"image":{"@id":"https:\/\/jornalfatosenoticias.com.br\/index.php\/2023\/07\/21\/a-era-do-gelo-nos-pampas-brasileiros\/#primaryimage"},"thumbnailUrl":"https:\/\/jornalfatosenoticias.com.br\/wp-content\/uploads\/2023\/07\/pampas-no-pleistoceno-capa.jpg","datePublished":"2023-07-21T14:35:23+00:00","dateModified":"2023-07-21T14:35:24+00:00","breadcrumb":{"@id":"https:\/\/jornalfatosenoticias.com.br\/index.php\/2023\/07\/21\/a-era-do-gelo-nos-pampas-brasileiros\/#breadcrumb"},"inLanguage":"pt-BR","potentialAction":[{"@type":"ReadAction","target":["https:\/\/jornalfatosenoticias.com.br\/index.php\/2023\/07\/21\/a-era-do-gelo-nos-pampas-brasileiros\/"]}]},{"@type":"ImageObject","inLanguage":"pt-BR","@id":"https:\/\/jornalfatosenoticias.com.br\/index.php\/2023\/07\/21\/a-era-do-gelo-nos-pampas-brasileiros\/#primaryimage","url":"https:\/\/jornalfatosenoticias.com.br\/wp-content\/uploads\/2023\/07\/pampas-no-pleistoceno-capa.jpg","contentUrl":"https:\/\/jornalfatosenoticias.com.br\/wp-content\/uploads\/2023\/07\/pampas-no-pleistoceno-capa.jpg","width":1000,"height":670},{"@type":"BreadcrumbList","@id":"https:\/\/jornalfatosenoticias.com.br\/index.php\/2023\/07\/21\/a-era-do-gelo-nos-pampas-brasileiros\/#breadcrumb","itemListElement":[{"@type":"ListItem","position":1,"name":"In\u00edcio","item":"https:\/\/jornalfatosenoticias.com.br\/"},{"@type":"ListItem","position":2,"name":"A Era do Gelo nos Pampas brasileiros"}]},{"@type":"WebSite","@id":"https:\/\/jornalfatosenoticias.com.br\/#website","url":"https:\/\/jornalfatosenoticias.com.br\/","name":"Jornal Fatos e Not\u00edcias","description":"Not\u00edcias em geral","publisher":{"@id":"https:\/\/jornalfatosenoticias.com.br\/#organization"},"potentialAction":[{"@type":"SearchAction","target":{"@type":"EntryPoint","urlTemplate":"https:\/\/jornalfatosenoticias.com.br\/?s={search_term_string}"},"query-input":{"@type":"PropertyValueSpecification","valueRequired":true,"valueName":"search_term_string"}}],"inLanguage":"pt-BR"},{"@type":"Organization","@id":"https:\/\/jornalfatosenoticias.com.br\/#organization","name":"Jornal Fatos e Not\u00edcias","url":"https:\/\/jornalfatosenoticias.com.br\/","logo":{"@type":"ImageObject","inLanguage":"pt-BR","@id":"https:\/\/jornalfatosenoticias.com.br\/#\/schema\/logo\/image\/","url":"https:\/\/jornalfatosenoticias.com.br\/wp-content\/uploads\/2020\/02\/logo120.png","contentUrl":"https:\/\/jornalfatosenoticias.com.br\/wp-content\/uploads\/2020\/02\/logo120.png","width":1227,"height":120,"caption":"Jornal Fatos e Not\u00edcias"},"image":{"@id":"https:\/\/jornalfatosenoticias.com.br\/#\/schema\/logo\/image\/"}},{"@type":"Person","@id":"https:\/\/jornalfatosenoticias.com.br\/#\/schema\/person\/d63837fa13ac8666eb9e74e0985d6f81","name":"Luzimara Fernandes","image":{"@type":"ImageObject","inLanguage":"pt-BR","@id":"https:\/\/jornalfatosenoticias.com.br\/#\/schema\/person\/image\/","url":"https:\/\/jornalfatosenoticias.com.br\/wp-content\/uploads\/2025\/05\/EU_portal.jpg","contentUrl":"https:\/\/jornalfatosenoticias.com.br\/wp-content\/uploads\/2025\/05\/EU_portal.jpg","caption":"Luzimara Fernandes"},"description":"Jornalista MTB 2358-ES","sameAs":["https:\/\/jornalfatosenoticias.com.br"],"url":"https:\/\/jornalfatosenoticias.com.br\/index.php\/author\/luzimara\/"}]}},"cc_featured_image_caption":{"caption_text":"(Foto: Francisco Buchmann\/Unesp)","source_text":"","source_url":""},"jetpack_featured_media_url":"https:\/\/jornalfatosenoticias.com.br\/wp-content\/uploads\/2023\/07\/pampas-no-pleistoceno-capa.jpg","_links":{"self":[{"href":"https:\/\/jornalfatosenoticias.com.br\/index.php\/wp-json\/wp\/v2\/posts\/43534","targetHints":{"allow":["GET"]}}],"collection":[{"href":"https:\/\/jornalfatosenoticias.com.br\/index.php\/wp-json\/wp\/v2\/posts"}],"about":[{"href":"https:\/\/jornalfatosenoticias.com.br\/index.php\/wp-json\/wp\/v2\/types\/post"}],"author":[{"embeddable":true,"href":"https:\/\/jornalfatosenoticias.com.br\/index.php\/wp-json\/wp\/v2\/users\/2"}],"replies":[{"embeddable":true,"href":"https:\/\/jornalfatosenoticias.com.br\/index.php\/wp-json\/wp\/v2\/comments?post=43534"}],"version-history":[{"count":0,"href":"https:\/\/jornalfatosenoticias.com.br\/index.php\/wp-json\/wp\/v2\/posts\/43534\/revisions"}],"wp:featuredmedia":[{"embeddable":true,"href":"https:\/\/jornalfatosenoticias.com.br\/index.php\/wp-json\/wp\/v2\/media\/43536"}],"wp:attachment":[{"href":"https:\/\/jornalfatosenoticias.com.br\/index.php\/wp-json\/wp\/v2\/media?parent=43534"}],"wp:term":[{"taxonomy":"category","embeddable":true,"href":"https:\/\/jornalfatosenoticias.com.br\/index.php\/wp-json\/wp\/v2\/categories?post=43534"},{"taxonomy":"post_tag","embeddable":true,"href":"https:\/\/jornalfatosenoticias.com.br\/index.php\/wp-json\/wp\/v2\/tags?post=43534"}],"curies":[{"name":"wp","href":"https:\/\/api.w.org\/{rel}","templated":true}]}}