{"id":4354,"date":"2020-05-12T10:22:54","date_gmt":"2020-05-12T13:22:54","guid":{"rendered":"https:\/\/jornalfatosenoticias.com.br\/?p=4354"},"modified":"2020-05-12T10:22:58","modified_gmt":"2020-05-12T13:22:58","slug":"enem-tem-um-milhao-de-inscritos-em-apenas-8-horas","status":"publish","type":"post","link":"https:\/\/jornalfatosenoticias.com.br\/index.php\/2020\/05\/12\/enem-tem-um-milhao-de-inscritos-em-apenas-8-horas\/","title":{"rendered":"Enem tem um milh\u00e3o de inscritos em apenas 8 horas"},"content":{"rendered":"\n<h6 class=\"wp-block-heading\"><em>Vers\u00e3o digital j\u00e1 tem vagas esgotadas em 44 cidades<\/em><\/h6>\n\n\n\n<p>Em apenas oito horas, o primeiro dia de inscri\u00e7\u00e3o no Exame Nacional do Ensino M\u00e9dio (Enem) 2020 recebeu 1.013.345 candidatos. Na edi\u00e7\u00e3o anterior, o Instituto Nacional de Estudos e Pesquisas Educacionais An\u00edsio Teixeira (Inep), respons\u00e1vel pela aplica\u00e7\u00e3o da prova, registrou a mesma marca depois de 10 horas. O prazo para se inscrever no Enem vai at\u00e9 22 de maio. O processo deve ser realizado pela internet, na P\u00e1gina do Participante.<\/p>\n\n\n\n<h4 class=\"wp-block-heading\">Digital<\/h4>\n\n\n\n<p>Tamb\u00e9m no primeiro dia ontem (11), 44 cidades tiveram todas as vagas preenchidas para realiza\u00e7\u00e3o de provas por meio de computadores disponibilizados pelo Inep. Das vagas abertas para o Enem Digital, cerca de 101 mil, 75.798 j\u00e1 foram ocupadas por participantes que optaram por este modelo. A vers\u00e3o digital ter\u00e1 aplica\u00e7\u00e3o-piloto em 99 cidades distribu\u00eddas em todos os estados e no Distrito Federal.<br>As vagas para as provas em computador est\u00e3o esgotadas em Macei\u00f3 (AL), Macap\u00e1 (AP), Manaus (AM), Salvador (BA), Feira de Santana (BA), Quixad\u00e1 (CE), Sobral (CE), Fortaleza (CE), Bras\u00edlia (DF), Vila Velha (ES), Cariacica (ES), Cachoeiro de Itapemirim (ES), Vit\u00f3ria (ES), An\u00e1polis (GO), Goi\u00e2nia (GO), Imperatriz (MA), S\u00e3o Luiz (MA), Dourados (MS), Contagem (MG), Betim (MG), Governador Valadares (MG), Ipatinga (MG), Bel\u00e9m (PA), Santar\u00e9m (PA), Francisco Beltr\u00e3o (PR), Recife (PE), Petrolina (PE), Caruaru (PE), Teresina (PI), Parna\u00edba (PI), Duque de Caxias (RJ), Nova Igua\u00e7u (RJ), Rio de Janeiro (RJ), S\u00e3o Gon\u00e7alo (RJ), Petr\u00f3polis (RJ), Santa Maria (RS), Porto Alegre (RS), Boa Vista (RR), Crici\u00fama (SC), S\u00e3o Jos\u00e9 do Rio Preto (SP), Sorocaba (SP), Osasco (SP), Barueri (SP) e Santos (SP).<\/p>\n\n\n\n<h4 class=\"wp-block-heading\">Isen\u00e7\u00e3o<\/h4>\n\n\n\n<p>Por causa das restri\u00e7\u00f5es provocadas pela pandemia do novo coronav\u00edrus (covid-19), quem tem direito \u00e0 isen\u00e7\u00e3o do pagamento da taxa de inscri\u00e7\u00e3o, conforme crit\u00e9rios previstos no edital, ter\u00e1 gratuidade, mesmo sem o pedido formal. Para os demais participantes, a taxa \u00e9 a mesma do ano passado: R$ 85.<\/p>\n\n\n\n<h4 class=\"wp-block-heading\">Foto<\/h4>\n\n\n\n<p>Segundo o Inep, todos os inscritos devem anexar fotos ao sistema, o que aumenta a seguran\u00e7a da aplica\u00e7\u00e3o. A foto deve ser atual, com todo o rosto enquadrado, iluminado e com foco, sem uso de \u00f3culos escuros ou artigos de chapelaria (bon\u00e9, chap\u00e9u, len\u00e7o, gorro ou similares). O arquivo deve ser JPG, JPEG ou PNG, com tamanho m\u00e1ximo de 2 MB. O sistema n\u00e3o recebe arquivos em formato PDF.<br>As solicita\u00e7\u00f5es de recursos de acessibilidade podem ser feitas durante o ato de inscri\u00e7\u00e3o para a vers\u00e3o impressa do exame, at\u00e9 22 de maio. Nesta edi\u00e7\u00e3o, gestantes, lactantes, idosos e estudantes em classe hospitalar foram inclu\u00eddos na denomina\u00e7\u00e3o \u201cespecializado\u201d.<\/p>\n\n\n\n<h4 class=\"wp-block-heading\">Prova<\/h4>\n\n\n\n<p>Este ano, o exame permanece com uma reda\u00e7\u00e3o e 45 quest\u00f5es em cada prova das quatro \u00e1reas de conhecimento: linguagens, c\u00f3digos e suas tecnologias; ci\u00eancias humanas e suas tecnologias; ci\u00eancias da natureza e suas tecnologias; e matem\u00e1tica e suas tecnologias.<br>O Enem impresso ser\u00e1 aplicado nos dias 1\u00ba e 8 de novembro. J\u00e1 a vers\u00e3o digital, em 22 e 29 de novembro.<\/p>\n\n\n\n<p><strong><em>Fonte: <a href=\"https:\/\/agenciabrasil.ebc.com.br\/educacao\/noticia\/2020-05\/enem-tem-1-milhao-de-inscritos-em-apenas-8-horas\">Ag\u00eancia Brasil<\/a><\/em><\/strong><\/p>\n","protected":false},"excerpt":{"rendered":"<p>Vers\u00e3o digital j\u00e1 tem vagas esgotadas em 44 cidades Em apenas oito horas, o primeiro dia de inscri\u00e7\u00e3o no Exame Nacional do Ensino M\u00e9dio (Enem) 2020 recebeu 1.013.345 candidatos. Na edi\u00e7\u00e3o anterior, o Instituto Nacional de Estudos e Pesquisas Educacionais An\u00edsio Teixeira (Inep), respons\u00e1vel pela aplica\u00e7\u00e3o da prova, registrou a mesma marca depois de 10 [&hellip;]<\/p>\n","protected":false},"author":2,"featured_media":4355,"comment_status":"open","ping_status":"open","sticky":false,"template":"","format":"standard","meta":{"footnotes":""},"categories":[7],"tags":[921,704,2556,957],"class_list":["post-4354","post","type-post","status-publish","format-standard","has-post-thumbnail","hentry","category-educacao","tag-enem","tag-inep","tag-inscricoes","tag-prazos"],"yoast_head":"<!-- This site is optimized with the Yoast SEO plugin v26.5 - https:\/\/yoast.com\/wordpress\/plugins\/seo\/ -->\n<title>Enem tem um milh\u00e3o de inscritos em apenas 8 horas - Jornal Fatos e Not\u00edcias<\/title>\n<meta name=\"robots\" content=\"index, follow, max-snippet:-1, max-image-preview:large, max-video-preview:-1\" \/>\n<link rel=\"canonical\" href=\"https:\/\/jornalfatosenoticias.com.br\/index.php\/2020\/05\/12\/enem-tem-um-milhao-de-inscritos-em-apenas-8-horas\/\" \/>\n<meta property=\"og:locale\" content=\"pt_BR\" \/>\n<meta property=\"og:type\" content=\"article\" \/>\n<meta property=\"og:title\" content=\"Enem tem um milh\u00e3o de inscritos em apenas 8 horas - Jornal Fatos e Not\u00edcias\" \/>\n<meta property=\"og:description\" content=\"Vers\u00e3o digital j\u00e1 tem vagas esgotadas em 44 cidades Em apenas oito horas, o primeiro dia de inscri\u00e7\u00e3o no Exame Nacional do Ensino M\u00e9dio (Enem) 2020 recebeu 1.013.345 candidatos. Na edi\u00e7\u00e3o anterior, o Instituto Nacional de Estudos e Pesquisas Educacionais An\u00edsio Teixeira (Inep), respons\u00e1vel pela aplica\u00e7\u00e3o da prova, registrou a mesma marca depois de 10 [&hellip;]\" \/>\n<meta property=\"og:url\" content=\"https:\/\/jornalfatosenoticias.com.br\/index.php\/2020\/05\/12\/enem-tem-um-milhao-de-inscritos-em-apenas-8-horas\/\" \/>\n<meta property=\"og:site_name\" content=\"Jornal Fatos e Not\u00edcias\" \/>\n<meta property=\"article:published_time\" content=\"2020-05-12T13:22:54+00:00\" \/>\n<meta property=\"article:modified_time\" content=\"2020-05-12T13:22:58+00:00\" \/>\n<meta property=\"og:image\" content=\"https:\/\/jornalfatosenoticias.com.br\/wp-content\/uploads\/2020\/05\/ffraz_abr_enem-1.jpg\" \/>\n\t<meta property=\"og:image:width\" content=\"1000\" \/>\n\t<meta property=\"og:image:height\" content=\"598\" \/>\n\t<meta property=\"og:image:type\" content=\"image\/jpeg\" \/>\n<meta name=\"author\" content=\"Luzimara Fernandes\" \/>\n<meta name=\"twitter:card\" content=\"summary_large_image\" \/>\n<meta name=\"twitter:label1\" content=\"Escrito por\" \/>\n\t<meta name=\"twitter:data1\" content=\"Luzimara Fernandes\" \/>\n\t<meta name=\"twitter:label2\" content=\"Est. tempo de leitura\" \/>\n\t<meta name=\"twitter:data2\" content=\"3 minutos\" \/>\n<script type=\"application\/ld+json\" class=\"yoast-schema-graph\">{\"@context\":\"https:\/\/schema.org\",\"@graph\":[{\"@type\":\"Article\",\"@id\":\"https:\/\/jornalfatosenoticias.com.br\/index.php\/2020\/05\/12\/enem-tem-um-milhao-de-inscritos-em-apenas-8-horas\/#article\",\"isPartOf\":{\"@id\":\"https:\/\/jornalfatosenoticias.com.br\/index.php\/2020\/05\/12\/enem-tem-um-milhao-de-inscritos-em-apenas-8-horas\/\"},\"author\":{\"name\":\"Luzimara Fernandes\",\"@id\":\"https:\/\/jornalfatosenoticias.com.br\/#\/schema\/person\/d63837fa13ac8666eb9e74e0985d6f81\"},\"headline\":\"Enem tem um milh\u00e3o de inscritos em apenas 8 horas\",\"datePublished\":\"2020-05-12T13:22:54+00:00\",\"dateModified\":\"2020-05-12T13:22:58+00:00\",\"mainEntityOfPage\":{\"@id\":\"https:\/\/jornalfatosenoticias.com.br\/index.php\/2020\/05\/12\/enem-tem-um-milhao-de-inscritos-em-apenas-8-horas\/\"},\"wordCount\":532,\"commentCount\":0,\"publisher\":{\"@id\":\"https:\/\/jornalfatosenoticias.com.br\/#organization\"},\"image\":{\"@id\":\"https:\/\/jornalfatosenoticias.com.br\/index.php\/2020\/05\/12\/enem-tem-um-milhao-de-inscritos-em-apenas-8-horas\/#primaryimage\"},\"thumbnailUrl\":\"https:\/\/jornalfatosenoticias.com.br\/wp-content\/uploads\/2020\/05\/ffraz_abr_enem-1.jpg\",\"keywords\":[\"Enem\",\"Inep\",\"inscri\u00e7\u00f5es\",\"prazos\"],\"articleSection\":[\"Educa\u00e7\u00e3o\"],\"inLanguage\":\"pt-BR\",\"potentialAction\":[{\"@type\":\"CommentAction\",\"name\":\"Comment\",\"target\":[\"https:\/\/jornalfatosenoticias.com.br\/index.php\/2020\/05\/12\/enem-tem-um-milhao-de-inscritos-em-apenas-8-horas\/#respond\"]}]},{\"@type\":\"WebPage\",\"@id\":\"https:\/\/jornalfatosenoticias.com.br\/index.php\/2020\/05\/12\/enem-tem-um-milhao-de-inscritos-em-apenas-8-horas\/\",\"url\":\"https:\/\/jornalfatosenoticias.com.br\/index.php\/2020\/05\/12\/enem-tem-um-milhao-de-inscritos-em-apenas-8-horas\/\",\"name\":\"Enem tem um milh\u00e3o de inscritos em apenas 8 horas - Jornal Fatos e Not\u00edcias\",\"isPartOf\":{\"@id\":\"https:\/\/jornalfatosenoticias.com.br\/#website\"},\"primaryImageOfPage\":{\"@id\":\"https:\/\/jornalfatosenoticias.com.br\/index.php\/2020\/05\/12\/enem-tem-um-milhao-de-inscritos-em-apenas-8-horas\/#primaryimage\"},\"image\":{\"@id\":\"https:\/\/jornalfatosenoticias.com.br\/index.php\/2020\/05\/12\/enem-tem-um-milhao-de-inscritos-em-apenas-8-horas\/#primaryimage\"},\"thumbnailUrl\":\"https:\/\/jornalfatosenoticias.com.br\/wp-content\/uploads\/2020\/05\/ffraz_abr_enem-1.jpg\",\"datePublished\":\"2020-05-12T13:22:54+00:00\",\"dateModified\":\"2020-05-12T13:22:58+00:00\",\"breadcrumb\":{\"@id\":\"https:\/\/jornalfatosenoticias.com.br\/index.php\/2020\/05\/12\/enem-tem-um-milhao-de-inscritos-em-apenas-8-horas\/#breadcrumb\"},\"inLanguage\":\"pt-BR\",\"potentialAction\":[{\"@type\":\"ReadAction\",\"target\":[\"https:\/\/jornalfatosenoticias.com.br\/index.php\/2020\/05\/12\/enem-tem-um-milhao-de-inscritos-em-apenas-8-horas\/\"]}]},{\"@type\":\"ImageObject\",\"inLanguage\":\"pt-BR\",\"@id\":\"https:\/\/jornalfatosenoticias.com.br\/index.php\/2020\/05\/12\/enem-tem-um-milhao-de-inscritos-em-apenas-8-horas\/#primaryimage\",\"url\":\"https:\/\/jornalfatosenoticias.com.br\/wp-content\/uploads\/2020\/05\/ffraz_abr_enem-1.jpg\",\"contentUrl\":\"https:\/\/jornalfatosenoticias.com.br\/wp-content\/uploads\/2020\/05\/ffraz_abr_enem-1.jpg\",\"width\":1000,\"height\":598,\"caption\":\"Estudantes fazem segundo dia de provas do ENEM, na UERJ\"},{\"@type\":\"BreadcrumbList\",\"@id\":\"https:\/\/jornalfatosenoticias.com.br\/index.php\/2020\/05\/12\/enem-tem-um-milhao-de-inscritos-em-apenas-8-horas\/#breadcrumb\",\"itemListElement\":[{\"@type\":\"ListItem\",\"position\":1,\"name\":\"In\u00edcio\",\"item\":\"https:\/\/jornalfatosenoticias.com.br\/\"},{\"@type\":\"ListItem\",\"position\":2,\"name\":\"Enem tem um milh\u00e3o de inscritos em apenas 8 horas\"}]},{\"@type\":\"WebSite\",\"@id\":\"https:\/\/jornalfatosenoticias.com.br\/#website\",\"url\":\"https:\/\/jornalfatosenoticias.com.br\/\",\"name\":\"Jornal Fatos e Not\u00edcias\",\"description\":\"Not\u00edcias em geral\",\"publisher\":{\"@id\":\"https:\/\/jornalfatosenoticias.com.br\/#organization\"},\"potentialAction\":[{\"@type\":\"SearchAction\",\"target\":{\"@type\":\"EntryPoint\",\"urlTemplate\":\"https:\/\/jornalfatosenoticias.com.br\/?s={search_term_string}\"},\"query-input\":{\"@type\":\"PropertyValueSpecification\",\"valueRequired\":true,\"valueName\":\"search_term_string\"}}],\"inLanguage\":\"pt-BR\"},{\"@type\":\"Organization\",\"@id\":\"https:\/\/jornalfatosenoticias.com.br\/#organization\",\"name\":\"Jornal Fatos e Not\u00edcias\",\"url\":\"https:\/\/jornalfatosenoticias.com.br\/\",\"logo\":{\"@type\":\"ImageObject\",\"inLanguage\":\"pt-BR\",\"@id\":\"https:\/\/jornalfatosenoticias.com.br\/#\/schema\/logo\/image\/\",\"url\":\"https:\/\/jornalfatosenoticias.com.br\/wp-content\/uploads\/2020\/02\/logo120.png\",\"contentUrl\":\"https:\/\/jornalfatosenoticias.com.br\/wp-content\/uploads\/2020\/02\/logo120.png\",\"width\":1227,\"height\":120,\"caption\":\"Jornal Fatos e Not\u00edcias\"},\"image\":{\"@id\":\"https:\/\/jornalfatosenoticias.com.br\/#\/schema\/logo\/image\/\"}},{\"@type\":\"Person\",\"@id\":\"https:\/\/jornalfatosenoticias.com.br\/#\/schema\/person\/d63837fa13ac8666eb9e74e0985d6f81\",\"name\":\"Luzimara Fernandes\",\"image\":{\"@type\":\"ImageObject\",\"inLanguage\":\"pt-BR\",\"@id\":\"https:\/\/jornalfatosenoticias.com.br\/#\/schema\/person\/image\/\",\"url\":\"https:\/\/jornalfatosenoticias.com.br\/wp-content\/uploads\/2025\/05\/EU_portal.jpg\",\"contentUrl\":\"https:\/\/jornalfatosenoticias.com.br\/wp-content\/uploads\/2025\/05\/EU_portal.jpg\",\"caption\":\"Luzimara Fernandes\"},\"description\":\"Jornalista MTB 2358-ES\",\"sameAs\":[\"https:\/\/jornalfatosenoticias.com.br\"],\"url\":\"https:\/\/jornalfatosenoticias.com.br\/index.php\/author\/luzimara\/\"}]}<\/script>\n<!-- \/ Yoast SEO plugin. -->","yoast_head_json":{"title":"Enem tem um milh\u00e3o de inscritos em apenas 8 horas - Jornal Fatos e Not\u00edcias","robots":{"index":"index","follow":"follow","max-snippet":"max-snippet:-1","max-image-preview":"max-image-preview:large","max-video-preview":"max-video-preview:-1"},"canonical":"https:\/\/jornalfatosenoticias.com.br\/index.php\/2020\/05\/12\/enem-tem-um-milhao-de-inscritos-em-apenas-8-horas\/","og_locale":"pt_BR","og_type":"article","og_title":"Enem tem um milh\u00e3o de inscritos em apenas 8 horas - Jornal Fatos e Not\u00edcias","og_description":"Vers\u00e3o digital j\u00e1 tem vagas esgotadas em 44 cidades Em apenas oito horas, o primeiro dia de inscri\u00e7\u00e3o no Exame Nacional do Ensino M\u00e9dio (Enem) 2020 recebeu 1.013.345 candidatos. Na edi\u00e7\u00e3o anterior, o Instituto Nacional de Estudos e Pesquisas Educacionais An\u00edsio Teixeira (Inep), respons\u00e1vel pela aplica\u00e7\u00e3o da prova, registrou a mesma marca depois de 10 [&hellip;]","og_url":"https:\/\/jornalfatosenoticias.com.br\/index.php\/2020\/05\/12\/enem-tem-um-milhao-de-inscritos-em-apenas-8-horas\/","og_site_name":"Jornal Fatos e Not\u00edcias","article_published_time":"2020-05-12T13:22:54+00:00","article_modified_time":"2020-05-12T13:22:58+00:00","og_image":[{"width":1000,"height":598,"url":"https:\/\/jornalfatosenoticias.com.br\/wp-content\/uploads\/2020\/05\/ffraz_abr_enem-1.jpg","type":"image\/jpeg"}],"author":"Luzimara Fernandes","twitter_card":"summary_large_image","twitter_misc":{"Escrito por":"Luzimara Fernandes","Est. tempo de leitura":"3 minutos"},"schema":{"@context":"https:\/\/schema.org","@graph":[{"@type":"Article","@id":"https:\/\/jornalfatosenoticias.com.br\/index.php\/2020\/05\/12\/enem-tem-um-milhao-de-inscritos-em-apenas-8-horas\/#article","isPartOf":{"@id":"https:\/\/jornalfatosenoticias.com.br\/index.php\/2020\/05\/12\/enem-tem-um-milhao-de-inscritos-em-apenas-8-horas\/"},"author":{"name":"Luzimara Fernandes","@id":"https:\/\/jornalfatosenoticias.com.br\/#\/schema\/person\/d63837fa13ac8666eb9e74e0985d6f81"},"headline":"Enem tem um milh\u00e3o de inscritos em apenas 8 horas","datePublished":"2020-05-12T13:22:54+00:00","dateModified":"2020-05-12T13:22:58+00:00","mainEntityOfPage":{"@id":"https:\/\/jornalfatosenoticias.com.br\/index.php\/2020\/05\/12\/enem-tem-um-milhao-de-inscritos-em-apenas-8-horas\/"},"wordCount":532,"commentCount":0,"publisher":{"@id":"https:\/\/jornalfatosenoticias.com.br\/#organization"},"image":{"@id":"https:\/\/jornalfatosenoticias.com.br\/index.php\/2020\/05\/12\/enem-tem-um-milhao-de-inscritos-em-apenas-8-horas\/#primaryimage"},"thumbnailUrl":"https:\/\/jornalfatosenoticias.com.br\/wp-content\/uploads\/2020\/05\/ffraz_abr_enem-1.jpg","keywords":["Enem","Inep","inscri\u00e7\u00f5es","prazos"],"articleSection":["Educa\u00e7\u00e3o"],"inLanguage":"pt-BR","potentialAction":[{"@type":"CommentAction","name":"Comment","target":["https:\/\/jornalfatosenoticias.com.br\/index.php\/2020\/05\/12\/enem-tem-um-milhao-de-inscritos-em-apenas-8-horas\/#respond"]}]},{"@type":"WebPage","@id":"https:\/\/jornalfatosenoticias.com.br\/index.php\/2020\/05\/12\/enem-tem-um-milhao-de-inscritos-em-apenas-8-horas\/","url":"https:\/\/jornalfatosenoticias.com.br\/index.php\/2020\/05\/12\/enem-tem-um-milhao-de-inscritos-em-apenas-8-horas\/","name":"Enem tem um milh\u00e3o de inscritos em apenas 8 horas - Jornal Fatos e Not\u00edcias","isPartOf":{"@id":"https:\/\/jornalfatosenoticias.com.br\/#website"},"primaryImageOfPage":{"@id":"https:\/\/jornalfatosenoticias.com.br\/index.php\/2020\/05\/12\/enem-tem-um-milhao-de-inscritos-em-apenas-8-horas\/#primaryimage"},"image":{"@id":"https:\/\/jornalfatosenoticias.com.br\/index.php\/2020\/05\/12\/enem-tem-um-milhao-de-inscritos-em-apenas-8-horas\/#primaryimage"},"thumbnailUrl":"https:\/\/jornalfatosenoticias.com.br\/wp-content\/uploads\/2020\/05\/ffraz_abr_enem-1.jpg","datePublished":"2020-05-12T13:22:54+00:00","dateModified":"2020-05-12T13:22:58+00:00","breadcrumb":{"@id":"https:\/\/jornalfatosenoticias.com.br\/index.php\/2020\/05\/12\/enem-tem-um-milhao-de-inscritos-em-apenas-8-horas\/#breadcrumb"},"inLanguage":"pt-BR","potentialAction":[{"@type":"ReadAction","target":["https:\/\/jornalfatosenoticias.com.br\/index.php\/2020\/05\/12\/enem-tem-um-milhao-de-inscritos-em-apenas-8-horas\/"]}]},{"@type":"ImageObject","inLanguage":"pt-BR","@id":"https:\/\/jornalfatosenoticias.com.br\/index.php\/2020\/05\/12\/enem-tem-um-milhao-de-inscritos-em-apenas-8-horas\/#primaryimage","url":"https:\/\/jornalfatosenoticias.com.br\/wp-content\/uploads\/2020\/05\/ffraz_abr_enem-1.jpg","contentUrl":"https:\/\/jornalfatosenoticias.com.br\/wp-content\/uploads\/2020\/05\/ffraz_abr_enem-1.jpg","width":1000,"height":598,"caption":"Estudantes fazem segundo dia de provas do ENEM, na UERJ"},{"@type":"BreadcrumbList","@id":"https:\/\/jornalfatosenoticias.com.br\/index.php\/2020\/05\/12\/enem-tem-um-milhao-de-inscritos-em-apenas-8-horas\/#breadcrumb","itemListElement":[{"@type":"ListItem","position":1,"name":"In\u00edcio","item":"https:\/\/jornalfatosenoticias.com.br\/"},{"@type":"ListItem","position":2,"name":"Enem tem um milh\u00e3o de inscritos em apenas 8 horas"}]},{"@type":"WebSite","@id":"https:\/\/jornalfatosenoticias.com.br\/#website","url":"https:\/\/jornalfatosenoticias.com.br\/","name":"Jornal Fatos e Not\u00edcias","description":"Not\u00edcias em geral","publisher":{"@id":"https:\/\/jornalfatosenoticias.com.br\/#organization"},"potentialAction":[{"@type":"SearchAction","target":{"@type":"EntryPoint","urlTemplate":"https:\/\/jornalfatosenoticias.com.br\/?s={search_term_string}"},"query-input":{"@type":"PropertyValueSpecification","valueRequired":true,"valueName":"search_term_string"}}],"inLanguage":"pt-BR"},{"@type":"Organization","@id":"https:\/\/jornalfatosenoticias.com.br\/#organization","name":"Jornal Fatos e Not\u00edcias","url":"https:\/\/jornalfatosenoticias.com.br\/","logo":{"@type":"ImageObject","inLanguage":"pt-BR","@id":"https:\/\/jornalfatosenoticias.com.br\/#\/schema\/logo\/image\/","url":"https:\/\/jornalfatosenoticias.com.br\/wp-content\/uploads\/2020\/02\/logo120.png","contentUrl":"https:\/\/jornalfatosenoticias.com.br\/wp-content\/uploads\/2020\/02\/logo120.png","width":1227,"height":120,"caption":"Jornal Fatos e Not\u00edcias"},"image":{"@id":"https:\/\/jornalfatosenoticias.com.br\/#\/schema\/logo\/image\/"}},{"@type":"Person","@id":"https:\/\/jornalfatosenoticias.com.br\/#\/schema\/person\/d63837fa13ac8666eb9e74e0985d6f81","name":"Luzimara Fernandes","image":{"@type":"ImageObject","inLanguage":"pt-BR","@id":"https:\/\/jornalfatosenoticias.com.br\/#\/schema\/person\/image\/","url":"https:\/\/jornalfatosenoticias.com.br\/wp-content\/uploads\/2025\/05\/EU_portal.jpg","contentUrl":"https:\/\/jornalfatosenoticias.com.br\/wp-content\/uploads\/2025\/05\/EU_portal.jpg","caption":"Luzimara Fernandes"},"description":"Jornalista MTB 2358-ES","sameAs":["https:\/\/jornalfatosenoticias.com.br"],"url":"https:\/\/jornalfatosenoticias.com.br\/index.php\/author\/luzimara\/"}]}},"cc_featured_image_caption":{"caption_text":"(Foto: Fernando Fraz\u00e3o\/Ag\u00eancia Brasil)\r\n","source_text":"","source_url":""},"jetpack_featured_media_url":"https:\/\/jornalfatosenoticias.com.br\/wp-content\/uploads\/2020\/05\/ffraz_abr_enem-1.jpg","_links":{"self":[{"href":"https:\/\/jornalfatosenoticias.com.br\/index.php\/wp-json\/wp\/v2\/posts\/4354","targetHints":{"allow":["GET"]}}],"collection":[{"href":"https:\/\/jornalfatosenoticias.com.br\/index.php\/wp-json\/wp\/v2\/posts"}],"about":[{"href":"https:\/\/jornalfatosenoticias.com.br\/index.php\/wp-json\/wp\/v2\/types\/post"}],"author":[{"embeddable":true,"href":"https:\/\/jornalfatosenoticias.com.br\/index.php\/wp-json\/wp\/v2\/users\/2"}],"replies":[{"embeddable":true,"href":"https:\/\/jornalfatosenoticias.com.br\/index.php\/wp-json\/wp\/v2\/comments?post=4354"}],"version-history":[{"count":0,"href":"https:\/\/jornalfatosenoticias.com.br\/index.php\/wp-json\/wp\/v2\/posts\/4354\/revisions"}],"wp:featuredmedia":[{"embeddable":true,"href":"https:\/\/jornalfatosenoticias.com.br\/index.php\/wp-json\/wp\/v2\/media\/4355"}],"wp:attachment":[{"href":"https:\/\/jornalfatosenoticias.com.br\/index.php\/wp-json\/wp\/v2\/media?parent=4354"}],"wp:term":[{"taxonomy":"category","embeddable":true,"href":"https:\/\/jornalfatosenoticias.com.br\/index.php\/wp-json\/wp\/v2\/categories?post=4354"},{"taxonomy":"post_tag","embeddable":true,"href":"https:\/\/jornalfatosenoticias.com.br\/index.php\/wp-json\/wp\/v2\/tags?post=4354"}],"curies":[{"name":"wp","href":"https:\/\/api.w.org\/{rel}","templated":true}]}}