{"id":43540,"date":"2023-07-21T14:33:14","date_gmt":"2023-07-21T17:33:14","guid":{"rendered":"https:\/\/jornalfatosenoticias.com.br\/?p=43540"},"modified":"2023-07-21T14:58:28","modified_gmt":"2023-07-21T17:58:28","slug":"presidente-da-camara-de-linhares-se-consolida-como-uma-lideranca-de-direita-no-norte-capixaba","status":"publish","type":"post","link":"https:\/\/jornalfatosenoticias.com.br\/index.php\/2023\/07\/21\/presidente-da-camara-de-linhares-se-consolida-como-uma-lideranca-de-direita-no-norte-capixaba\/","title":{"rendered":"Presidente da C\u00e2mara de Linhares se consolida como uma lideran\u00e7a de direita no norte capixaba"},"content":{"rendered":"\n<p><em><span class=\"has-inline-color has-black-color\">Welington Vicentini tem trabalhado para manter a transpar\u00eancia e tornar a C\u00e2mara acess\u00edvel a todos os cidad\u00e3os<\/span><\/em><\/p>\n\n\n\n<div class=\"wp-block-image\"><figure class=\"aligncenter size-large\"><img loading=\"lazy\" decoding=\"async\" width=\"729\" height=\"90\" src=\"https:\/\/jornalfatosenoticias.com.br\/wp-content\/uploads\/2020\/02\/Logo_Mizu.png\" alt=\"\" class=\"wp-image-1441\" srcset=\"https:\/\/jornalfatosenoticias.com.br\/wp-content\/uploads\/2020\/02\/Logo_Mizu.png 729w, https:\/\/jornalfatosenoticias.com.br\/wp-content\/uploads\/2020\/02\/Logo_Mizu-300x37.png 300w\" sizes=\"auto, (max-width: 729px) 100vw, 729px\" \/><\/figure><\/div>\n\n\n\n<p>Algumas lideran\u00e7as de direita e conservadoras apontam que o atual presidente da C\u00e2mara Municipal de Linhares, <strong>Welington Vicentini<\/strong> (Rede), poder\u00e1 ser o nome da direita na disputa pela prefeitura do munic\u00edpio. Com excelente habilidade pol\u00edtica, Vicentini conseguiu convencer v\u00e1rios vereadores a apoi\u00e1-lo \u00e0 presid\u00eancia da Casa de Leis, com a promessa de garantir a independ\u00eancia e a autonomia entres os poderes.<br>Nesses sete meses \u00e0 frente do Legislativo, Vicentini tem trabalhado para manter a transpar\u00eancia e tornar a C\u00e2mara acess\u00edvel a todos os cidad\u00e3os. Postura que tem agradado a lideran\u00e7as e que o coloca com perfil ideal para ser o nome da direita na disputa pela prefeitura de Linhares. Vicentini \u00e9 casado, cat\u00f3lico e conta com o respeito e admira\u00e7\u00e3o dos mais renomados nomes religiosos da cidade. Tem uma boa rela\u00e7\u00e3o com as lideran\u00e7as comunit\u00e1rias e com os empres\u00e1rios de v\u00e1rios setores.<\/p>\n\n\n\n<div class=\"wp-block-image\"><figure class=\"aligncenter size-large\"><img loading=\"lazy\" decoding=\"async\" width=\"300\" height=\"250\" src=\"https:\/\/jornalfatosenoticias.com.br\/wp-content\/uploads\/2022\/02\/FERRARI_MAQUINAS-E-FERRAMENTAS2.jpg\" alt=\"\" class=\"wp-image-27860\"\/><\/figure><\/div>\n\n\n\n<p>A nossa reportagem conversou com lideran\u00e7as da direita do munic\u00edpio e todas foram un\u00e2nimes em dizer que: \u201cem Linhares o nome que representa a prote\u00e7\u00e3o e manuten\u00e7\u00e3o da fam\u00edlia tradicional \u00e9 o do vereador Vicentini.<br>Procurado para se pronunciar sobre o assunto, Vicentini se disse lisonjeado mas que, no momento, est\u00e1 focado em seu compromisso assumido como vereador e que, por enquanto, n\u00e3o tem pensado nisso, mas n\u00e3o descarta uma futura candidatura \u00e0 prefeitura.<\/p>\n\n\n\n<div class=\"wp-block-image\"><figure class=\"aligncenter size-large\"><img loading=\"lazy\" decoding=\"async\" width=\"300\" height=\"250\" src=\"https:\/\/jornalfatosenoticias.com.br\/wp-content\/uploads\/2022\/02\/Banner-2.png\" alt=\"\" class=\"wp-image-27877\"\/><\/figure><\/div>\n\n\n\n<blockquote class=\"wp-block-quote is-layout-flow wp-block-quote-is-layout-flow\"><p><span class=\"has-inline-color has-luminous-vivid-orange-color\">No momento estou focado no meu mandato, tenho um compromisso com o povo de Linhares, que \u00e9 representar bem as comunidades. Eu fa\u00e7o parte de um grupo pol\u00edtico e, portanto, n\u00e3o tomo decis\u00f5es isolado, n\u00e3o posso afirmar que sou pr\u00e9-candidato nem a vereador, imagine a prefeito. Mas se for a vontade de Deus e do povo. Meu nome estar\u00e1 \u00e0 disposi\u00e7\u00e3o\u201d, destacou.<\/span><\/p><\/blockquote>\n\n\n\n<div class=\"wp-block-image\"><figure class=\"aligncenter size-large is-resized\"><img loading=\"lazy\" decoding=\"async\" src=\"https:\/\/jornalfatosenoticias.com.br\/wp-content\/uploads\/2023\/03\/nova-logo-Marquetti.jpg\" alt=\"\" class=\"wp-image-40207\" width=\"307\" height=\"206\" srcset=\"https:\/\/jornalfatosenoticias.com.br\/wp-content\/uploads\/2023\/03\/nova-logo-Marquetti.jpg 643w, https:\/\/jornalfatosenoticias.com.br\/wp-content\/uploads\/2023\/03\/nova-logo-Marquetti-300x202.jpg 300w\" sizes=\"auto, (max-width: 307px) 100vw, 307px\" \/><\/figure><\/div>\n\n\n\n<p>Vicentini faz quest\u00e3o de frisar que est\u00e1 totalmente comprometido com a causa p\u00fablica, o que \u00e9 n\u00edtido no seu mandato, principalmente na presid\u00eancia da C\u00e2mara, onde tem atuado para manter a transpar\u00eancia e o uso respons\u00e1vel dos recursos p\u00fablicos, realizando uma gest\u00e3o moderna, que busca a valoriza\u00e7\u00e3o dos servidores do Legislativo, dando aos edis condi\u00e7\u00f5es para exercer um mandato produtivo para a sociedade linharense.<\/p>\n","protected":false},"excerpt":{"rendered":"<p>Welington Vicentini tem trabalhado para manter a transpar\u00eancia e tornar a C\u00e2mara acess\u00edvel a todos os cidad\u00e3os Algumas lideran\u00e7as de direita e conservadoras apontam que o atual presidente da C\u00e2mara Municipal de Linhares, Welington Vicentini (Rede), poder\u00e1 ser o nome da direita na disputa pela prefeitura do munic\u00edpio. Com excelente habilidade pol\u00edtica, Vicentini conseguiu convencer [&hellip;]<\/p>\n","protected":false},"author":2,"featured_media":43541,"comment_status":"open","ping_status":"open","sticky":false,"template":"","format":"standard","meta":{"footnotes":""},"categories":[10],"tags":[20514,20515,12033,20516,1315,20513],"class_list":["post-43540","post","type-post","status-publish","format-standard","has-post-thumbnail","hentry","category-politica","tag-camara-de-linhares","tag-lideranca-de-direita","tag-linhares","tag-norte-capixaba","tag-transparencia","tag-welington-vicentini"],"yoast_head":"<!-- This site is optimized with the Yoast SEO plugin v26.5 - https:\/\/yoast.com\/wordpress\/plugins\/seo\/ -->\n<title>Presidente da C\u00e2mara de Linhares se consolida como uma lideran\u00e7a de direita no norte capixaba - Jornal Fatos e Not\u00edcias<\/title>\n<meta name=\"robots\" content=\"index, follow, max-snippet:-1, max-image-preview:large, max-video-preview:-1\" \/>\n<link rel=\"canonical\" href=\"https:\/\/jornalfatosenoticias.com.br\/index.php\/2023\/07\/21\/presidente-da-camara-de-linhares-se-consolida-como-uma-lideranca-de-direita-no-norte-capixaba\/\" \/>\n<meta property=\"og:locale\" content=\"pt_BR\" \/>\n<meta property=\"og:type\" content=\"article\" \/>\n<meta property=\"og:title\" content=\"Presidente da C\u00e2mara de Linhares se consolida como uma lideran\u00e7a de direita no norte capixaba - Jornal Fatos e Not\u00edcias\" \/>\n<meta property=\"og:description\" content=\"Welington Vicentini tem trabalhado para manter a transpar\u00eancia e tornar a C\u00e2mara acess\u00edvel a todos os cidad\u00e3os Algumas lideran\u00e7as de direita e conservadoras apontam que o atual presidente da C\u00e2mara Municipal de Linhares, Welington Vicentini (Rede), poder\u00e1 ser o nome da direita na disputa pela prefeitura do munic\u00edpio. Com excelente habilidade pol\u00edtica, Vicentini conseguiu convencer [&hellip;]\" \/>\n<meta property=\"og:url\" content=\"https:\/\/jornalfatosenoticias.com.br\/index.php\/2023\/07\/21\/presidente-da-camara-de-linhares-se-consolida-como-uma-lideranca-de-direita-no-norte-capixaba\/\" \/>\n<meta property=\"og:site_name\" content=\"Jornal Fatos e Not\u00edcias\" \/>\n<meta property=\"article:published_time\" content=\"2023-07-21T17:33:14+00:00\" \/>\n<meta property=\"article:modified_time\" content=\"2023-07-21T17:58:28+00:00\" \/>\n<meta property=\"og:image\" content=\"https:\/\/jornalfatosenoticias.com.br\/wp-content\/uploads\/2023\/07\/Welington-Vicentini.jpg\" \/>\n\t<meta property=\"og:image:width\" content=\"1000\" \/>\n\t<meta property=\"og:image:height\" content=\"562\" \/>\n\t<meta property=\"og:image:type\" content=\"image\/jpeg\" \/>\n<meta name=\"author\" content=\"Luzimara Fernandes\" \/>\n<meta name=\"twitter:card\" content=\"summary_large_image\" \/>\n<meta name=\"twitter:label1\" content=\"Escrito por\" \/>\n\t<meta name=\"twitter:data1\" content=\"Luzimara Fernandes\" \/>\n\t<meta name=\"twitter:label2\" content=\"Est. tempo de leitura\" \/>\n\t<meta name=\"twitter:data2\" content=\"2 minutos\" \/>\n<script type=\"application\/ld+json\" class=\"yoast-schema-graph\">{\"@context\":\"https:\/\/schema.org\",\"@graph\":[{\"@type\":\"Article\",\"@id\":\"https:\/\/jornalfatosenoticias.com.br\/index.php\/2023\/07\/21\/presidente-da-camara-de-linhares-se-consolida-como-uma-lideranca-de-direita-no-norte-capixaba\/#article\",\"isPartOf\":{\"@id\":\"https:\/\/jornalfatosenoticias.com.br\/index.php\/2023\/07\/21\/presidente-da-camara-de-linhares-se-consolida-como-uma-lideranca-de-direita-no-norte-capixaba\/\"},\"author\":{\"name\":\"Luzimara Fernandes\",\"@id\":\"https:\/\/jornalfatosenoticias.com.br\/#\/schema\/person\/d63837fa13ac8666eb9e74e0985d6f81\"},\"headline\":\"Presidente da C\u00e2mara de Linhares se consolida como uma lideran\u00e7a de direita no norte capixaba\",\"datePublished\":\"2023-07-21T17:33:14+00:00\",\"dateModified\":\"2023-07-21T17:58:28+00:00\",\"mainEntityOfPage\":{\"@id\":\"https:\/\/jornalfatosenoticias.com.br\/index.php\/2023\/07\/21\/presidente-da-camara-de-linhares-se-consolida-como-uma-lideranca-de-direita-no-norte-capixaba\/\"},\"wordCount\":418,\"commentCount\":0,\"publisher\":{\"@id\":\"https:\/\/jornalfatosenoticias.com.br\/#organization\"},\"image\":{\"@id\":\"https:\/\/jornalfatosenoticias.com.br\/index.php\/2023\/07\/21\/presidente-da-camara-de-linhares-se-consolida-como-uma-lideranca-de-direita-no-norte-capixaba\/#primaryimage\"},\"thumbnailUrl\":\"https:\/\/jornalfatosenoticias.com.br\/wp-content\/uploads\/2023\/07\/Welington-Vicentini.jpg\",\"keywords\":[\"C\u00e2mara de Linhares\",\"lideran\u00e7a de direita\",\"Linhares\",\"norte capixaba\",\"transpar\u00eancia\",\"Welington Vicentini\"],\"articleSection\":[\"Pol\u00edtica\"],\"inLanguage\":\"pt-BR\",\"potentialAction\":[{\"@type\":\"CommentAction\",\"name\":\"Comment\",\"target\":[\"https:\/\/jornalfatosenoticias.com.br\/index.php\/2023\/07\/21\/presidente-da-camara-de-linhares-se-consolida-como-uma-lideranca-de-direita-no-norte-capixaba\/#respond\"]}]},{\"@type\":\"WebPage\",\"@id\":\"https:\/\/jornalfatosenoticias.com.br\/index.php\/2023\/07\/21\/presidente-da-camara-de-linhares-se-consolida-como-uma-lideranca-de-direita-no-norte-capixaba\/\",\"url\":\"https:\/\/jornalfatosenoticias.com.br\/index.php\/2023\/07\/21\/presidente-da-camara-de-linhares-se-consolida-como-uma-lideranca-de-direita-no-norte-capixaba\/\",\"name\":\"Presidente da C\u00e2mara de Linhares se consolida como uma lideran\u00e7a de direita no norte capixaba - Jornal Fatos e Not\u00edcias\",\"isPartOf\":{\"@id\":\"https:\/\/jornalfatosenoticias.com.br\/#website\"},\"primaryImageOfPage\":{\"@id\":\"https:\/\/jornalfatosenoticias.com.br\/index.php\/2023\/07\/21\/presidente-da-camara-de-linhares-se-consolida-como-uma-lideranca-de-direita-no-norte-capixaba\/#primaryimage\"},\"image\":{\"@id\":\"https:\/\/jornalfatosenoticias.com.br\/index.php\/2023\/07\/21\/presidente-da-camara-de-linhares-se-consolida-como-uma-lideranca-de-direita-no-norte-capixaba\/#primaryimage\"},\"thumbnailUrl\":\"https:\/\/jornalfatosenoticias.com.br\/wp-content\/uploads\/2023\/07\/Welington-Vicentini.jpg\",\"datePublished\":\"2023-07-21T17:33:14+00:00\",\"dateModified\":\"2023-07-21T17:58:28+00:00\",\"breadcrumb\":{\"@id\":\"https:\/\/jornalfatosenoticias.com.br\/index.php\/2023\/07\/21\/presidente-da-camara-de-linhares-se-consolida-como-uma-lideranca-de-direita-no-norte-capixaba\/#breadcrumb\"},\"inLanguage\":\"pt-BR\",\"potentialAction\":[{\"@type\":\"ReadAction\",\"target\":[\"https:\/\/jornalfatosenoticias.com.br\/index.php\/2023\/07\/21\/presidente-da-camara-de-linhares-se-consolida-como-uma-lideranca-de-direita-no-norte-capixaba\/\"]}]},{\"@type\":\"ImageObject\",\"inLanguage\":\"pt-BR\",\"@id\":\"https:\/\/jornalfatosenoticias.com.br\/index.php\/2023\/07\/21\/presidente-da-camara-de-linhares-se-consolida-como-uma-lideranca-de-direita-no-norte-capixaba\/#primaryimage\",\"url\":\"https:\/\/jornalfatosenoticias.com.br\/wp-content\/uploads\/2023\/07\/Welington-Vicentini.jpg\",\"contentUrl\":\"https:\/\/jornalfatosenoticias.com.br\/wp-content\/uploads\/2023\/07\/Welington-Vicentini.jpg\",\"width\":1000,\"height\":562},{\"@type\":\"BreadcrumbList\",\"@id\":\"https:\/\/jornalfatosenoticias.com.br\/index.php\/2023\/07\/21\/presidente-da-camara-de-linhares-se-consolida-como-uma-lideranca-de-direita-no-norte-capixaba\/#breadcrumb\",\"itemListElement\":[{\"@type\":\"ListItem\",\"position\":1,\"name\":\"In\u00edcio\",\"item\":\"https:\/\/jornalfatosenoticias.com.br\/\"},{\"@type\":\"ListItem\",\"position\":2,\"name\":\"Presidente da C\u00e2mara de Linhares se consolida como uma lideran\u00e7a de direita no norte capixaba\"}]},{\"@type\":\"WebSite\",\"@id\":\"https:\/\/jornalfatosenoticias.com.br\/#website\",\"url\":\"https:\/\/jornalfatosenoticias.com.br\/\",\"name\":\"Jornal Fatos e Not\u00edcias\",\"description\":\"Not\u00edcias em geral\",\"publisher\":{\"@id\":\"https:\/\/jornalfatosenoticias.com.br\/#organization\"},\"potentialAction\":[{\"@type\":\"SearchAction\",\"target\":{\"@type\":\"EntryPoint\",\"urlTemplate\":\"https:\/\/jornalfatosenoticias.com.br\/?s={search_term_string}\"},\"query-input\":{\"@type\":\"PropertyValueSpecification\",\"valueRequired\":true,\"valueName\":\"search_term_string\"}}],\"inLanguage\":\"pt-BR\"},{\"@type\":\"Organization\",\"@id\":\"https:\/\/jornalfatosenoticias.com.br\/#organization\",\"name\":\"Jornal Fatos e Not\u00edcias\",\"url\":\"https:\/\/jornalfatosenoticias.com.br\/\",\"logo\":{\"@type\":\"ImageObject\",\"inLanguage\":\"pt-BR\",\"@id\":\"https:\/\/jornalfatosenoticias.com.br\/#\/schema\/logo\/image\/\",\"url\":\"https:\/\/jornalfatosenoticias.com.br\/wp-content\/uploads\/2020\/02\/logo120.png\",\"contentUrl\":\"https:\/\/jornalfatosenoticias.com.br\/wp-content\/uploads\/2020\/02\/logo120.png\",\"width\":1227,\"height\":120,\"caption\":\"Jornal Fatos e Not\u00edcias\"},\"image\":{\"@id\":\"https:\/\/jornalfatosenoticias.com.br\/#\/schema\/logo\/image\/\"}},{\"@type\":\"Person\",\"@id\":\"https:\/\/jornalfatosenoticias.com.br\/#\/schema\/person\/d63837fa13ac8666eb9e74e0985d6f81\",\"name\":\"Luzimara Fernandes\",\"image\":{\"@type\":\"ImageObject\",\"inLanguage\":\"pt-BR\",\"@id\":\"https:\/\/jornalfatosenoticias.com.br\/#\/schema\/person\/image\/\",\"url\":\"https:\/\/jornalfatosenoticias.com.br\/wp-content\/uploads\/2025\/05\/EU_portal.jpg\",\"contentUrl\":\"https:\/\/jornalfatosenoticias.com.br\/wp-content\/uploads\/2025\/05\/EU_portal.jpg\",\"caption\":\"Luzimara Fernandes\"},\"description\":\"Jornalista MTB 2358-ES\",\"sameAs\":[\"https:\/\/jornalfatosenoticias.com.br\"],\"url\":\"https:\/\/jornalfatosenoticias.com.br\/index.php\/author\/luzimara\/\"}]}<\/script>\n<!-- \/ Yoast SEO plugin. -->","yoast_head_json":{"title":"Presidente da C\u00e2mara de Linhares se consolida como uma lideran\u00e7a de direita no norte capixaba - Jornal Fatos e Not\u00edcias","robots":{"index":"index","follow":"follow","max-snippet":"max-snippet:-1","max-image-preview":"max-image-preview:large","max-video-preview":"max-video-preview:-1"},"canonical":"https:\/\/jornalfatosenoticias.com.br\/index.php\/2023\/07\/21\/presidente-da-camara-de-linhares-se-consolida-como-uma-lideranca-de-direita-no-norte-capixaba\/","og_locale":"pt_BR","og_type":"article","og_title":"Presidente da C\u00e2mara de Linhares se consolida como uma lideran\u00e7a de direita no norte capixaba - Jornal Fatos e Not\u00edcias","og_description":"Welington Vicentini tem trabalhado para manter a transpar\u00eancia e tornar a C\u00e2mara acess\u00edvel a todos os cidad\u00e3os Algumas lideran\u00e7as de direita e conservadoras apontam que o atual presidente da C\u00e2mara Municipal de Linhares, Welington Vicentini (Rede), poder\u00e1 ser o nome da direita na disputa pela prefeitura do munic\u00edpio. Com excelente habilidade pol\u00edtica, Vicentini conseguiu convencer [&hellip;]","og_url":"https:\/\/jornalfatosenoticias.com.br\/index.php\/2023\/07\/21\/presidente-da-camara-de-linhares-se-consolida-como-uma-lideranca-de-direita-no-norte-capixaba\/","og_site_name":"Jornal Fatos e Not\u00edcias","article_published_time":"2023-07-21T17:33:14+00:00","article_modified_time":"2023-07-21T17:58:28+00:00","og_image":[{"width":1000,"height":562,"url":"https:\/\/jornalfatosenoticias.com.br\/wp-content\/uploads\/2023\/07\/Welington-Vicentini.jpg","type":"image\/jpeg"}],"author":"Luzimara Fernandes","twitter_card":"summary_large_image","twitter_misc":{"Escrito por":"Luzimara Fernandes","Est. tempo de leitura":"2 minutos"},"schema":{"@context":"https:\/\/schema.org","@graph":[{"@type":"Article","@id":"https:\/\/jornalfatosenoticias.com.br\/index.php\/2023\/07\/21\/presidente-da-camara-de-linhares-se-consolida-como-uma-lideranca-de-direita-no-norte-capixaba\/#article","isPartOf":{"@id":"https:\/\/jornalfatosenoticias.com.br\/index.php\/2023\/07\/21\/presidente-da-camara-de-linhares-se-consolida-como-uma-lideranca-de-direita-no-norte-capixaba\/"},"author":{"name":"Luzimara Fernandes","@id":"https:\/\/jornalfatosenoticias.com.br\/#\/schema\/person\/d63837fa13ac8666eb9e74e0985d6f81"},"headline":"Presidente da C\u00e2mara de Linhares se consolida como uma lideran\u00e7a de direita no norte capixaba","datePublished":"2023-07-21T17:33:14+00:00","dateModified":"2023-07-21T17:58:28+00:00","mainEntityOfPage":{"@id":"https:\/\/jornalfatosenoticias.com.br\/index.php\/2023\/07\/21\/presidente-da-camara-de-linhares-se-consolida-como-uma-lideranca-de-direita-no-norte-capixaba\/"},"wordCount":418,"commentCount":0,"publisher":{"@id":"https:\/\/jornalfatosenoticias.com.br\/#organization"},"image":{"@id":"https:\/\/jornalfatosenoticias.com.br\/index.php\/2023\/07\/21\/presidente-da-camara-de-linhares-se-consolida-como-uma-lideranca-de-direita-no-norte-capixaba\/#primaryimage"},"thumbnailUrl":"https:\/\/jornalfatosenoticias.com.br\/wp-content\/uploads\/2023\/07\/Welington-Vicentini.jpg","keywords":["C\u00e2mara de Linhares","lideran\u00e7a de direita","Linhares","norte capixaba","transpar\u00eancia","Welington Vicentini"],"articleSection":["Pol\u00edtica"],"inLanguage":"pt-BR","potentialAction":[{"@type":"CommentAction","name":"Comment","target":["https:\/\/jornalfatosenoticias.com.br\/index.php\/2023\/07\/21\/presidente-da-camara-de-linhares-se-consolida-como-uma-lideranca-de-direita-no-norte-capixaba\/#respond"]}]},{"@type":"WebPage","@id":"https:\/\/jornalfatosenoticias.com.br\/index.php\/2023\/07\/21\/presidente-da-camara-de-linhares-se-consolida-como-uma-lideranca-de-direita-no-norte-capixaba\/","url":"https:\/\/jornalfatosenoticias.com.br\/index.php\/2023\/07\/21\/presidente-da-camara-de-linhares-se-consolida-como-uma-lideranca-de-direita-no-norte-capixaba\/","name":"Presidente da C\u00e2mara de Linhares se consolida como uma lideran\u00e7a de direita no norte capixaba - Jornal Fatos e Not\u00edcias","isPartOf":{"@id":"https:\/\/jornalfatosenoticias.com.br\/#website"},"primaryImageOfPage":{"@id":"https:\/\/jornalfatosenoticias.com.br\/index.php\/2023\/07\/21\/presidente-da-camara-de-linhares-se-consolida-como-uma-lideranca-de-direita-no-norte-capixaba\/#primaryimage"},"image":{"@id":"https:\/\/jornalfatosenoticias.com.br\/index.php\/2023\/07\/21\/presidente-da-camara-de-linhares-se-consolida-como-uma-lideranca-de-direita-no-norte-capixaba\/#primaryimage"},"thumbnailUrl":"https:\/\/jornalfatosenoticias.com.br\/wp-content\/uploads\/2023\/07\/Welington-Vicentini.jpg","datePublished":"2023-07-21T17:33:14+00:00","dateModified":"2023-07-21T17:58:28+00:00","breadcrumb":{"@id":"https:\/\/jornalfatosenoticias.com.br\/index.php\/2023\/07\/21\/presidente-da-camara-de-linhares-se-consolida-como-uma-lideranca-de-direita-no-norte-capixaba\/#breadcrumb"},"inLanguage":"pt-BR","potentialAction":[{"@type":"ReadAction","target":["https:\/\/jornalfatosenoticias.com.br\/index.php\/2023\/07\/21\/presidente-da-camara-de-linhares-se-consolida-como-uma-lideranca-de-direita-no-norte-capixaba\/"]}]},{"@type":"ImageObject","inLanguage":"pt-BR","@id":"https:\/\/jornalfatosenoticias.com.br\/index.php\/2023\/07\/21\/presidente-da-camara-de-linhares-se-consolida-como-uma-lideranca-de-direita-no-norte-capixaba\/#primaryimage","url":"https:\/\/jornalfatosenoticias.com.br\/wp-content\/uploads\/2023\/07\/Welington-Vicentini.jpg","contentUrl":"https:\/\/jornalfatosenoticias.com.br\/wp-content\/uploads\/2023\/07\/Welington-Vicentini.jpg","width":1000,"height":562},{"@type":"BreadcrumbList","@id":"https:\/\/jornalfatosenoticias.com.br\/index.php\/2023\/07\/21\/presidente-da-camara-de-linhares-se-consolida-como-uma-lideranca-de-direita-no-norte-capixaba\/#breadcrumb","itemListElement":[{"@type":"ListItem","position":1,"name":"In\u00edcio","item":"https:\/\/jornalfatosenoticias.com.br\/"},{"@type":"ListItem","position":2,"name":"Presidente da C\u00e2mara de Linhares se consolida como uma lideran\u00e7a de direita no norte capixaba"}]},{"@type":"WebSite","@id":"https:\/\/jornalfatosenoticias.com.br\/#website","url":"https:\/\/jornalfatosenoticias.com.br\/","name":"Jornal Fatos e Not\u00edcias","description":"Not\u00edcias em geral","publisher":{"@id":"https:\/\/jornalfatosenoticias.com.br\/#organization"},"potentialAction":[{"@type":"SearchAction","target":{"@type":"EntryPoint","urlTemplate":"https:\/\/jornalfatosenoticias.com.br\/?s={search_term_string}"},"query-input":{"@type":"PropertyValueSpecification","valueRequired":true,"valueName":"search_term_string"}}],"inLanguage":"pt-BR"},{"@type":"Organization","@id":"https:\/\/jornalfatosenoticias.com.br\/#organization","name":"Jornal Fatos e Not\u00edcias","url":"https:\/\/jornalfatosenoticias.com.br\/","logo":{"@type":"ImageObject","inLanguage":"pt-BR","@id":"https:\/\/jornalfatosenoticias.com.br\/#\/schema\/logo\/image\/","url":"https:\/\/jornalfatosenoticias.com.br\/wp-content\/uploads\/2020\/02\/logo120.png","contentUrl":"https:\/\/jornalfatosenoticias.com.br\/wp-content\/uploads\/2020\/02\/logo120.png","width":1227,"height":120,"caption":"Jornal Fatos e Not\u00edcias"},"image":{"@id":"https:\/\/jornalfatosenoticias.com.br\/#\/schema\/logo\/image\/"}},{"@type":"Person","@id":"https:\/\/jornalfatosenoticias.com.br\/#\/schema\/person\/d63837fa13ac8666eb9e74e0985d6f81","name":"Luzimara Fernandes","image":{"@type":"ImageObject","inLanguage":"pt-BR","@id":"https:\/\/jornalfatosenoticias.com.br\/#\/schema\/person\/image\/","url":"https:\/\/jornalfatosenoticias.com.br\/wp-content\/uploads\/2025\/05\/EU_portal.jpg","contentUrl":"https:\/\/jornalfatosenoticias.com.br\/wp-content\/uploads\/2025\/05\/EU_portal.jpg","caption":"Luzimara Fernandes"},"description":"Jornalista MTB 2358-ES","sameAs":["https:\/\/jornalfatosenoticias.com.br"],"url":"https:\/\/jornalfatosenoticias.com.br\/index.php\/author\/luzimara\/"}]}},"cc_featured_image_caption":{"caption_text":"(Foto: Divulga\u00e7\u00e3o)","source_text":"","source_url":""},"jetpack_featured_media_url":"https:\/\/jornalfatosenoticias.com.br\/wp-content\/uploads\/2023\/07\/Welington-Vicentini.jpg","_links":{"self":[{"href":"https:\/\/jornalfatosenoticias.com.br\/index.php\/wp-json\/wp\/v2\/posts\/43540","targetHints":{"allow":["GET"]}}],"collection":[{"href":"https:\/\/jornalfatosenoticias.com.br\/index.php\/wp-json\/wp\/v2\/posts"}],"about":[{"href":"https:\/\/jornalfatosenoticias.com.br\/index.php\/wp-json\/wp\/v2\/types\/post"}],"author":[{"embeddable":true,"href":"https:\/\/jornalfatosenoticias.com.br\/index.php\/wp-json\/wp\/v2\/users\/2"}],"replies":[{"embeddable":true,"href":"https:\/\/jornalfatosenoticias.com.br\/index.php\/wp-json\/wp\/v2\/comments?post=43540"}],"version-history":[{"count":0,"href":"https:\/\/jornalfatosenoticias.com.br\/index.php\/wp-json\/wp\/v2\/posts\/43540\/revisions"}],"wp:featuredmedia":[{"embeddable":true,"href":"https:\/\/jornalfatosenoticias.com.br\/index.php\/wp-json\/wp\/v2\/media\/43541"}],"wp:attachment":[{"href":"https:\/\/jornalfatosenoticias.com.br\/index.php\/wp-json\/wp\/v2\/media?parent=43540"}],"wp:term":[{"taxonomy":"category","embeddable":true,"href":"https:\/\/jornalfatosenoticias.com.br\/index.php\/wp-json\/wp\/v2\/categories?post=43540"},{"taxonomy":"post_tag","embeddable":true,"href":"https:\/\/jornalfatosenoticias.com.br\/index.php\/wp-json\/wp\/v2\/tags?post=43540"}],"curies":[{"name":"wp","href":"https:\/\/api.w.org\/{rel}","templated":true}]}}