{"id":43543,"date":"2023-07-21T14:46:07","date_gmt":"2023-07-21T17:46:07","guid":{"rendered":"https:\/\/jornalfatosenoticias.com.br\/?p=43543"},"modified":"2023-07-21T14:46:10","modified_gmt":"2023-07-21T17:46:10","slug":"tony-bennett-lenda-do-jazz-e-do-pop-mundial-morre-aos-96-anos","status":"publish","type":"post","link":"https:\/\/jornalfatosenoticias.com.br\/index.php\/2023\/07\/21\/tony-bennett-lenda-do-jazz-e-do-pop-mundial-morre-aos-96-anos\/","title":{"rendered":"Tony Bennett, lenda do jazz e do pop mundial, morre aos 96 anos"},"content":{"rendered":"\n<p><em><span class=\"has-inline-color has-black-color\">Por <strong><a href=\"https:\/\/gizmodo.uol.com.br\/author\/isabela-oliveira\/\">Isabela Oliveira<\/a><\/strong><\/span><\/em><\/p>\n\n\n\n<div class=\"wp-block-image\"><figure class=\"aligncenter size-large\"><img loading=\"lazy\" decoding=\"async\" width=\"300\" height=\"137\" src=\"https:\/\/jornalfatosenoticias.com.br\/wp-content\/uploads\/2023\/06\/LOGO_JULIANA-GRACA_PORTAL.jpg\" alt=\"\" class=\"wp-image-42597\"\/><\/figure><\/div>\n\n\n\n<p>Uma das grandes vozes da m\u00fasica mundial se calou. Tony Bennett, cantor de jazz e pop, morreu nesta sexta-feira (21) em Nova York, EUA, aos 96 anos. Sua assessora, Sylvia Weiner, anunciou sua morte, sem informar a causa, de acordo com o jornal <a href=\"https:\/\/www.nytimes.com\/2023\/07\/21\/arts\/music\/tony-bennett-dead.html?smid=nytcore-ios-share&amp;referringSource=articleShare\"><em>The New York Times<\/em><\/a>.<br>Em fevereiro de 2021, a esposa do cantor, Susan Bennett, contou \u00e0 AARP The Magazine que, em 2016, ele descobriu que estava com a doen\u00e7a de <a href=\"https:\/\/gizmodo.uol.com.br\/cafe-expresso-pode-prevenir-o-alzheimer-estudo-mostra-que-sim\/\">Alzheimer<\/a>. Sua \u00faltima performance p\u00fablica de Bennett foi em agosto de 2021, ao lado de\u00a0<a href=\"https:\/\/gizmodo.uol.com.br\/tag\/lady-gaga\/\">Lady Gaga,<\/a> no <em>Radio City Music Hall.<\/em><br>Com mais de 70 anos de carreira, desde seu sucesso inicial como cantor de jazz, no in\u00edcio dos anos 1950, ele se dedicou a preservar a cl\u00e1ssica can\u00e7\u00e3o popular americana. Mesmo em meio \u00e0 populariza\u00e7\u00e3o do <a href=\"https:\/\/gizmodo.uol.com.br\/no-dia-mundial-do-rock-onde-ouvir-suas-musicas-vinil-cd-ou-streaming\/\">rock \u2019n\u2019 roll<\/a> nos anos 1960 e 1970, e durante um div\u00f3rcio e problemas com drogas.<\/p>\n\n\n\n<div class=\"wp-block-image\"><figure class=\"aligncenter size-large is-resized\"><img loading=\"lazy\" decoding=\"async\" src=\"https:\/\/jornalfatosenoticias.com.br\/wp-content\/uploads\/2023\/03\/Crypton-1000-\u00d7-900-px-300x270-1.png\" alt=\"\" class=\"wp-image-40206\" width=\"284\" height=\"256\"\/><\/figure><\/div>\n\n\n\n<p>O cantor seguiu o caminho musical dos maiores cantores pop americanos do s\u00e9culo 20, Louis Armstrong, Bing Crosby, Judy Garland, Billie Holiday, Frank Sinatra \u2014 este \u00faltimo um mentor, amigo e f\u00e3 de Bennett. Seu timbre diferente garantiu a fama de ser \u201cum cantor indescrit\u00edvel\u201d, como considerou o <em>The New Yorker.<\/em><\/p>\n\n\n\n<div class=\"wp-block-image\"><figure class=\"aligncenter size-large is-resized\"><img loading=\"lazy\" decoding=\"async\" src=\"https:\/\/jornalfatosenoticias.com.br\/wp-content\/uploads\/2023\/04\/Logo_MasterMind.jpg\" alt=\"\" class=\"wp-image-40974\" width=\"311\" height=\"226\"\/><\/figure><\/div>\n\n\n\n<p>Mais recentemente, tamb\u00e9m colaborou com a Lady Gaga no \u00e1lbum vencedor do Grammy \u201cLove for Sale\u201d. Al\u00e9m disso, cantou com Celine Dion quando ela tinha 20 anos, bem como outros jovens artistas famosos em seus \u00e1lbuns de duetos.<br>Ele chegou ao auge da fama em 1962, com o lan\u00e7amento de seu principal sucesso, \u201cI Left My Heart in San Francisco\u201d, que o rendeu seus dois primeiros pr\u00eamios Grammy, em 1963. Ao todo foram 20, incluindo um pr\u00eamio pelo conjunto da obra em 2001. Outros de seus sucessos s\u00e3o \u201cJust in Time\u201d, \u201cThe Best Is Yet to Come\u201d, \u201cRags to Riches\u201d e \u201cI Wanna Be Around\u201d.<\/p>\n\n\n\n<div class=\"wp-block-image\"><figure class=\"aligncenter size-large is-resized\"><img loading=\"lazy\" decoding=\"async\" src=\"https:\/\/jornalfatosenoticias.com.br\/wp-content\/uploads\/2020\/02\/casa-do-torresmo_portal.jpg\" alt=\"\" class=\"wp-image-34472\" width=\"267\" height=\"267\" srcset=\"https:\/\/jornalfatosenoticias.com.br\/wp-content\/uploads\/2020\/02\/casa-do-torresmo_portal.jpg 300w, https:\/\/jornalfatosenoticias.com.br\/wp-content\/uploads\/2020\/02\/casa-do-torresmo_portal-150x150.jpg 150w\" sizes=\"auto, (max-width: 267px) 100vw, 267px\" \/><\/figure><\/div>\n\n\n\n<p>Tony Bennett estreou no cinema 1966, no filme \u201cO Oscar\u201d. Mais tarde, atuou com\u00a0<a href=\"https:\/\/gizmodo.uol.com.br\/tag\/robert-de-niro\/\">Robert De Niro<\/a>\u00a0na com\u00e9dia \u201cAnalyze This\u201d (1999) e com Jim Carrey \u201cTodo Poderoso\u201d (2003). Aos 64 anos, apareceu em \u201cOs\u00a0<a href=\"https:\/\/gizmodo.uol.com.br\/tag\/simpsons\/\">Simpsons<\/a>\u201d como ele mesmo.<br>Seu disco mais ic\u00f4nico \u00e9 \u201cThe Tony Bennett-Bill Evans Album\u201d, de 1975, onde \u00e9 acompanhado pelo pianista Bill Evans. <strong><a href=\"https:\/\/youtu.be\/D7WIaXyE7A0\" target=\"_blank\" rel=\"noreferrer noopener\">Escute aqui.<\/a><\/strong><\/p>\n\n\n\n<div class=\"wp-block-image\"><figure class=\"aligncenter size-large\"><img decoding=\"async\" src=\"https:\/\/jornalfatosenoticias.com.br\/wp-content\/uploads\/2020\/02\/barao-das-carnes-300x164-1.jpg\" alt=\"\" class=\"wp-image-34339\"\/><\/figure><\/div>\n\n\n\n<p><strong><span class=\"has-inline-color has-black-color\">Vida e in\u00edcio da carreira<br><\/span><\/strong>Anthony Dominick Benedetto nasceu em 3 de agosto de 1926, no Queens, Nova York, e cresceu em Astoria, Oregon. Bennett, filho de um merceeiro italiano que inspirou sua paix\u00e3o pela m\u00fasica e uma costureira nova-iorquina, cantava, desenhava e pintava desde pequeno.<br>Ele chegou a frequentar a High School of Art and Design, em Manhattan, mas nunca se formou. Enquanto trabalhava de dia, \u00e0 noite, ele se apresentava em shows amadores.<\/p>\n\n\n\n<div class=\"wp-block-image\"><figure class=\"aligncenter size-large is-resized\"><img loading=\"lazy\" decoding=\"async\" src=\"https:\/\/jornalfatosenoticias.com.br\/wp-content\/uploads\/2020\/02\/logo-Rapuzel-1024x571.jpg\" alt=\"\" class=\"wp-image-42808\" width=\"374\" height=\"208\" srcset=\"https:\/\/jornalfatosenoticias.com.br\/wp-content\/uploads\/2020\/02\/logo-Rapuzel-1024x571.jpg 1024w, https:\/\/jornalfatosenoticias.com.br\/wp-content\/uploads\/2020\/02\/logo-Rapuzel-300x167.jpg 300w, https:\/\/jornalfatosenoticias.com.br\/wp-content\/uploads\/2020\/02\/logo-Rapuzel-768x428.jpg 768w, https:\/\/jornalfatosenoticias.com.br\/wp-content\/uploads\/2020\/02\/logo-Rapuzel-1536x856.jpg 1536w, https:\/\/jornalfatosenoticias.com.br\/wp-content\/uploads\/2020\/02\/logo-Rapuzel.jpg 1600w\" sizes=\"auto, (max-width: 374px) 100vw, 374px\" \/><\/figure><\/div>\n\n\n\n<p>Depois de servir no ex\u00e9rcito alem\u00e3o na Europa no final da Segunda Guerra Mundial, ele voltou para Nova York em 1946 e come\u00e7ou sua carreira como m\u00fasico, sob nome art\u00edstico \u201cTony Bennett\u201d. Ap\u00f3s assinar com a Columbia Records em 1950, em meados de 1951, ele teve seu primeiro hit n\u00famero 1, \u201cBecause of You\u201d.<\/p>\n\n\n\n<div class=\"wp-block-image\"><figure class=\"aligncenter size-large is-resized\"><img loading=\"lazy\" decoding=\"async\" src=\"https:\/\/jornalfatosenoticias.com.br\/wp-content\/uploads\/2022\/10\/RC_800x750_page-0001.jpg\" alt=\"\" class=\"wp-image-35338\" width=\"232\" height=\"217\" srcset=\"https:\/\/jornalfatosenoticias.com.br\/wp-content\/uploads\/2022\/10\/RC_800x750_page-0001.jpg 400w, https:\/\/jornalfatosenoticias.com.br\/wp-content\/uploads\/2022\/10\/RC_800x750_page-0001-300x281.jpg 300w\" sizes=\"auto, (max-width: 232px) 100vw, 232px\" \/><\/figure><\/div>\n\n\n\n<p><strong><span class=\"has-inline-color has-black-color\">Ativismo<br><\/span><\/strong>Democrata liberal, Bennett participou da marcha pelos direitos civis, em 1965. Ele tamb\u00e9m se apresentou no com\u00edcio Stars for Freedom no campus City of St. Jude, com os cantores <a href=\"https:\/\/gizmodo.uol.com.br\/morre-o-cantor-e-ator-harry-belafonte-ativista-da-causa-negra-e-icone-pop\/\">Harry Belafonte<\/a>, Sammy Davis Jr. e outros.<br>Bennett j\u00e1 cantou para Nelson Mandela, ent\u00e3o presidente da \u00c1frica do Sul, durante sua visita de Estado \u00e0 Inglaterra em 1996. Ele tamb\u00e9m se apresentou na Casa Branca para John F. Kennedy e Bill Clinton, assim como no Pal\u00e1cio de Buckingham, no jubileu do 50\u00ba anivers\u00e1rio da\u00a0<a href=\"https:\/\/gizmodo.uol.com.br\/tag\/rainha-elizabeth-ii\/\">Rainha Elizabeth II<\/a>.<br>Apesar de sua boa imagem p\u00fablica, enfrentou cr\u00edticas por defender a legaliza\u00e7\u00e3o das drogas ap\u00f3s as mortes de Michael Jackson, <a href=\"https:\/\/gizmodo.uol.com.br\/tag\/rainha-elizabeth-ii\/\">Amy Winehouse<\/a> e Whitney Houston.<\/p>\n\n\n\n<div class=\"wp-block-image\"><figure class=\"aligncenter size-large is-resized\"><img loading=\"lazy\" decoding=\"async\" src=\"https:\/\/jornalfatosenoticias.com.br\/wp-content\/uploads\/2023\/03\/logo-Panper_portal.jpg\" alt=\"\" class=\"wp-image-40208\" width=\"279\" height=\"193\" srcset=\"https:\/\/jornalfatosenoticias.com.br\/wp-content\/uploads\/2023\/03\/logo-Panper_portal.jpg 400w, https:\/\/jornalfatosenoticias.com.br\/wp-content\/uploads\/2023\/03\/logo-Panper_portal-300x208.jpg 300w\" sizes=\"auto, (max-width: 279px) 100vw, 279px\" \/><\/figure><\/div>\n\n\n\n<p><em><span class=\"has-inline-color has-black-color\">Ou\u00e7a \u201cI Left My Heart in San Francisco\u201d abaixo:<\/span><\/em><\/p>\n\n\n\n<figure class=\"wp-block-embed-youtube wp-block-embed is-type-video is-provider-youtube wp-embed-aspect-4-3 wp-has-aspect-ratio\"><div class=\"wp-block-embed__wrapper\">\n<iframe loading=\"lazy\" title=\"I Left My Heart in San Francisco\" width=\"660\" height=\"495\" src=\"https:\/\/www.youtube.com\/embed\/Ysw4svDmcxc?feature=oembed\" frameborder=\"0\" allow=\"accelerometer; autoplay; clipboard-write; encrypted-media; gyroscope; picture-in-picture; web-share\" referrerpolicy=\"strict-origin-when-cross-origin\" allowfullscreen><\/iframe>\n<\/div><\/figure>\n\n\n\n<p><strong><em>Fonte: <a href=\"https:\/\/gizmodo.uol.com.br\/tony-bennett-lenda-do-jazz-e-do-pop-mundial-morre-aos-96-anos\/\">GizModo<\/a><\/em><\/strong><\/p>\n","protected":false},"excerpt":{"rendered":"<p>Por Isabela Oliveira Uma das grandes vozes da m\u00fasica mundial se calou. Tony Bennett, cantor de jazz e pop, morreu nesta sexta-feira (21) em Nova York, EUA, aos 96 anos. Sua assessora, Sylvia Weiner, anunciou sua morte, sem informar a causa, de acordo com o jornal The New York Times.Em fevereiro de 2021, a esposa [&hellip;]<\/p>\n","protected":false},"author":2,"featured_media":43544,"comment_status":"open","ping_status":"open","sticky":false,"template":"","format":"standard","meta":{"footnotes":""},"categories":[4,41],"tags":[20518,159,4946,20519,771,20517],"class_list":["post-43543","post","type-post","status-publish","format-standard","has-post-thumbnail","hentry","category-cultura","category-internacional","tag-astro-pop","tag-eua","tag-jazz","tag-lenda-do-jazz","tag-morte","tag-tony-bennett"],"yoast_head":"<!-- This site is optimized with the Yoast SEO plugin v26.5 - https:\/\/yoast.com\/wordpress\/plugins\/seo\/ -->\n<title>Tony Bennett, lenda do jazz e do pop mundial, morre aos 96 anos - Jornal Fatos e Not\u00edcias<\/title>\n<meta name=\"robots\" content=\"index, follow, max-snippet:-1, max-image-preview:large, max-video-preview:-1\" \/>\n<link rel=\"canonical\" href=\"https:\/\/jornalfatosenoticias.com.br\/index.php\/2023\/07\/21\/tony-bennett-lenda-do-jazz-e-do-pop-mundial-morre-aos-96-anos\/\" \/>\n<meta property=\"og:locale\" content=\"pt_BR\" \/>\n<meta property=\"og:type\" content=\"article\" \/>\n<meta property=\"og:title\" content=\"Tony Bennett, lenda do jazz e do pop mundial, morre aos 96 anos - Jornal Fatos e Not\u00edcias\" \/>\n<meta property=\"og:description\" content=\"Por Isabela Oliveira Uma das grandes vozes da m\u00fasica mundial se calou. Tony Bennett, cantor de jazz e pop, morreu nesta sexta-feira (21) em Nova York, EUA, aos 96 anos. Sua assessora, Sylvia Weiner, anunciou sua morte, sem informar a causa, de acordo com o jornal The New York Times.Em fevereiro de 2021, a esposa [&hellip;]\" \/>\n<meta property=\"og:url\" content=\"https:\/\/jornalfatosenoticias.com.br\/index.php\/2023\/07\/21\/tony-bennett-lenda-do-jazz-e-do-pop-mundial-morre-aos-96-anos\/\" \/>\n<meta property=\"og:site_name\" content=\"Jornal Fatos e Not\u00edcias\" \/>\n<meta property=\"article:published_time\" content=\"2023-07-21T17:46:07+00:00\" \/>\n<meta property=\"article:modified_time\" content=\"2023-07-21T17:46:10+00:00\" \/>\n<meta property=\"og:image\" content=\"https:\/\/jornalfatosenoticias.com.br\/wp-content\/uploads\/2023\/07\/tony-bennett.jpg\" \/>\n\t<meta property=\"og:image:width\" content=\"800\" \/>\n\t<meta property=\"og:image:height\" content=\"467\" \/>\n\t<meta property=\"og:image:type\" content=\"image\/jpeg\" \/>\n<meta name=\"author\" content=\"Luzimara Fernandes\" \/>\n<meta name=\"twitter:card\" content=\"summary_large_image\" \/>\n<meta name=\"twitter:label1\" content=\"Escrito por\" \/>\n\t<meta name=\"twitter:data1\" content=\"Luzimara Fernandes\" \/>\n\t<meta name=\"twitter:label2\" content=\"Est. tempo de leitura\" \/>\n\t<meta name=\"twitter:data2\" content=\"3 minutos\" \/>\n<script type=\"application\/ld+json\" class=\"yoast-schema-graph\">{\"@context\":\"https:\/\/schema.org\",\"@graph\":[{\"@type\":\"Article\",\"@id\":\"https:\/\/jornalfatosenoticias.com.br\/index.php\/2023\/07\/21\/tony-bennett-lenda-do-jazz-e-do-pop-mundial-morre-aos-96-anos\/#article\",\"isPartOf\":{\"@id\":\"https:\/\/jornalfatosenoticias.com.br\/index.php\/2023\/07\/21\/tony-bennett-lenda-do-jazz-e-do-pop-mundial-morre-aos-96-anos\/\"},\"author\":{\"name\":\"Luzimara Fernandes\",\"@id\":\"https:\/\/jornalfatosenoticias.com.br\/#\/schema\/person\/d63837fa13ac8666eb9e74e0985d6f81\"},\"headline\":\"Tony Bennett, lenda do jazz e do pop mundial, morre aos 96 anos\",\"datePublished\":\"2023-07-21T17:46:07+00:00\",\"dateModified\":\"2023-07-21T17:46:10+00:00\",\"mainEntityOfPage\":{\"@id\":\"https:\/\/jornalfatosenoticias.com.br\/index.php\/2023\/07\/21\/tony-bennett-lenda-do-jazz-e-do-pop-mundial-morre-aos-96-anos\/\"},\"wordCount\":666,\"commentCount\":0,\"publisher\":{\"@id\":\"https:\/\/jornalfatosenoticias.com.br\/#organization\"},\"image\":{\"@id\":\"https:\/\/jornalfatosenoticias.com.br\/index.php\/2023\/07\/21\/tony-bennett-lenda-do-jazz-e-do-pop-mundial-morre-aos-96-anos\/#primaryimage\"},\"thumbnailUrl\":\"https:\/\/jornalfatosenoticias.com.br\/wp-content\/uploads\/2023\/07\/tony-bennett.jpg\",\"keywords\":[\"astro pop\",\"EUA\",\"jazz\",\"lenda do jazz\",\"morte\",\"Tony Bennett\"],\"articleSection\":[\"Cultura\",\"Internacional\"],\"inLanguage\":\"pt-BR\",\"potentialAction\":[{\"@type\":\"CommentAction\",\"name\":\"Comment\",\"target\":[\"https:\/\/jornalfatosenoticias.com.br\/index.php\/2023\/07\/21\/tony-bennett-lenda-do-jazz-e-do-pop-mundial-morre-aos-96-anos\/#respond\"]}]},{\"@type\":\"WebPage\",\"@id\":\"https:\/\/jornalfatosenoticias.com.br\/index.php\/2023\/07\/21\/tony-bennett-lenda-do-jazz-e-do-pop-mundial-morre-aos-96-anos\/\",\"url\":\"https:\/\/jornalfatosenoticias.com.br\/index.php\/2023\/07\/21\/tony-bennett-lenda-do-jazz-e-do-pop-mundial-morre-aos-96-anos\/\",\"name\":\"Tony Bennett, lenda do jazz e do pop mundial, morre aos 96 anos - Jornal Fatos e Not\u00edcias\",\"isPartOf\":{\"@id\":\"https:\/\/jornalfatosenoticias.com.br\/#website\"},\"primaryImageOfPage\":{\"@id\":\"https:\/\/jornalfatosenoticias.com.br\/index.php\/2023\/07\/21\/tony-bennett-lenda-do-jazz-e-do-pop-mundial-morre-aos-96-anos\/#primaryimage\"},\"image\":{\"@id\":\"https:\/\/jornalfatosenoticias.com.br\/index.php\/2023\/07\/21\/tony-bennett-lenda-do-jazz-e-do-pop-mundial-morre-aos-96-anos\/#primaryimage\"},\"thumbnailUrl\":\"https:\/\/jornalfatosenoticias.com.br\/wp-content\/uploads\/2023\/07\/tony-bennett.jpg\",\"datePublished\":\"2023-07-21T17:46:07+00:00\",\"dateModified\":\"2023-07-21T17:46:10+00:00\",\"breadcrumb\":{\"@id\":\"https:\/\/jornalfatosenoticias.com.br\/index.php\/2023\/07\/21\/tony-bennett-lenda-do-jazz-e-do-pop-mundial-morre-aos-96-anos\/#breadcrumb\"},\"inLanguage\":\"pt-BR\",\"potentialAction\":[{\"@type\":\"ReadAction\",\"target\":[\"https:\/\/jornalfatosenoticias.com.br\/index.php\/2023\/07\/21\/tony-bennett-lenda-do-jazz-e-do-pop-mundial-morre-aos-96-anos\/\"]}]},{\"@type\":\"ImageObject\",\"inLanguage\":\"pt-BR\",\"@id\":\"https:\/\/jornalfatosenoticias.com.br\/index.php\/2023\/07\/21\/tony-bennett-lenda-do-jazz-e-do-pop-mundial-morre-aos-96-anos\/#primaryimage\",\"url\":\"https:\/\/jornalfatosenoticias.com.br\/wp-content\/uploads\/2023\/07\/tony-bennett.jpg\",\"contentUrl\":\"https:\/\/jornalfatosenoticias.com.br\/wp-content\/uploads\/2023\/07\/tony-bennett.jpg\",\"width\":800,\"height\":467},{\"@type\":\"BreadcrumbList\",\"@id\":\"https:\/\/jornalfatosenoticias.com.br\/index.php\/2023\/07\/21\/tony-bennett-lenda-do-jazz-e-do-pop-mundial-morre-aos-96-anos\/#breadcrumb\",\"itemListElement\":[{\"@type\":\"ListItem\",\"position\":1,\"name\":\"In\u00edcio\",\"item\":\"https:\/\/jornalfatosenoticias.com.br\/\"},{\"@type\":\"ListItem\",\"position\":2,\"name\":\"Tony Bennett, lenda do jazz e do pop mundial, morre aos 96 anos\"}]},{\"@type\":\"WebSite\",\"@id\":\"https:\/\/jornalfatosenoticias.com.br\/#website\",\"url\":\"https:\/\/jornalfatosenoticias.com.br\/\",\"name\":\"Jornal Fatos e Not\u00edcias\",\"description\":\"Not\u00edcias em geral\",\"publisher\":{\"@id\":\"https:\/\/jornalfatosenoticias.com.br\/#organization\"},\"potentialAction\":[{\"@type\":\"SearchAction\",\"target\":{\"@type\":\"EntryPoint\",\"urlTemplate\":\"https:\/\/jornalfatosenoticias.com.br\/?s={search_term_string}\"},\"query-input\":{\"@type\":\"PropertyValueSpecification\",\"valueRequired\":true,\"valueName\":\"search_term_string\"}}],\"inLanguage\":\"pt-BR\"},{\"@type\":\"Organization\",\"@id\":\"https:\/\/jornalfatosenoticias.com.br\/#organization\",\"name\":\"Jornal Fatos e Not\u00edcias\",\"url\":\"https:\/\/jornalfatosenoticias.com.br\/\",\"logo\":{\"@type\":\"ImageObject\",\"inLanguage\":\"pt-BR\",\"@id\":\"https:\/\/jornalfatosenoticias.com.br\/#\/schema\/logo\/image\/\",\"url\":\"https:\/\/jornalfatosenoticias.com.br\/wp-content\/uploads\/2020\/02\/logo120.png\",\"contentUrl\":\"https:\/\/jornalfatosenoticias.com.br\/wp-content\/uploads\/2020\/02\/logo120.png\",\"width\":1227,\"height\":120,\"caption\":\"Jornal Fatos e Not\u00edcias\"},\"image\":{\"@id\":\"https:\/\/jornalfatosenoticias.com.br\/#\/schema\/logo\/image\/\"}},{\"@type\":\"Person\",\"@id\":\"https:\/\/jornalfatosenoticias.com.br\/#\/schema\/person\/d63837fa13ac8666eb9e74e0985d6f81\",\"name\":\"Luzimara Fernandes\",\"image\":{\"@type\":\"ImageObject\",\"inLanguage\":\"pt-BR\",\"@id\":\"https:\/\/jornalfatosenoticias.com.br\/#\/schema\/person\/image\/\",\"url\":\"https:\/\/jornalfatosenoticias.com.br\/wp-content\/uploads\/2025\/05\/EU_portal.jpg\",\"contentUrl\":\"https:\/\/jornalfatosenoticias.com.br\/wp-content\/uploads\/2025\/05\/EU_portal.jpg\",\"caption\":\"Luzimara Fernandes\"},\"description\":\"Jornalista MTB 2358-ES\",\"sameAs\":[\"https:\/\/jornalfatosenoticias.com.br\"],\"url\":\"https:\/\/jornalfatosenoticias.com.br\/index.php\/author\/luzimara\/\"}]}<\/script>\n<!-- \/ Yoast SEO plugin. -->","yoast_head_json":{"title":"Tony Bennett, lenda do jazz e do pop mundial, morre aos 96 anos - Jornal Fatos e Not\u00edcias","robots":{"index":"index","follow":"follow","max-snippet":"max-snippet:-1","max-image-preview":"max-image-preview:large","max-video-preview":"max-video-preview:-1"},"canonical":"https:\/\/jornalfatosenoticias.com.br\/index.php\/2023\/07\/21\/tony-bennett-lenda-do-jazz-e-do-pop-mundial-morre-aos-96-anos\/","og_locale":"pt_BR","og_type":"article","og_title":"Tony Bennett, lenda do jazz e do pop mundial, morre aos 96 anos - Jornal Fatos e Not\u00edcias","og_description":"Por Isabela Oliveira Uma das grandes vozes da m\u00fasica mundial se calou. Tony Bennett, cantor de jazz e pop, morreu nesta sexta-feira (21) em Nova York, EUA, aos 96 anos. Sua assessora, Sylvia Weiner, anunciou sua morte, sem informar a causa, de acordo com o jornal The New York Times.Em fevereiro de 2021, a esposa [&hellip;]","og_url":"https:\/\/jornalfatosenoticias.com.br\/index.php\/2023\/07\/21\/tony-bennett-lenda-do-jazz-e-do-pop-mundial-morre-aos-96-anos\/","og_site_name":"Jornal Fatos e Not\u00edcias","article_published_time":"2023-07-21T17:46:07+00:00","article_modified_time":"2023-07-21T17:46:10+00:00","og_image":[{"width":800,"height":467,"url":"https:\/\/jornalfatosenoticias.com.br\/wp-content\/uploads\/2023\/07\/tony-bennett.jpg","type":"image\/jpeg"}],"author":"Luzimara Fernandes","twitter_card":"summary_large_image","twitter_misc":{"Escrito por":"Luzimara Fernandes","Est. tempo de leitura":"3 minutos"},"schema":{"@context":"https:\/\/schema.org","@graph":[{"@type":"Article","@id":"https:\/\/jornalfatosenoticias.com.br\/index.php\/2023\/07\/21\/tony-bennett-lenda-do-jazz-e-do-pop-mundial-morre-aos-96-anos\/#article","isPartOf":{"@id":"https:\/\/jornalfatosenoticias.com.br\/index.php\/2023\/07\/21\/tony-bennett-lenda-do-jazz-e-do-pop-mundial-morre-aos-96-anos\/"},"author":{"name":"Luzimara Fernandes","@id":"https:\/\/jornalfatosenoticias.com.br\/#\/schema\/person\/d63837fa13ac8666eb9e74e0985d6f81"},"headline":"Tony Bennett, lenda do jazz e do pop mundial, morre aos 96 anos","datePublished":"2023-07-21T17:46:07+00:00","dateModified":"2023-07-21T17:46:10+00:00","mainEntityOfPage":{"@id":"https:\/\/jornalfatosenoticias.com.br\/index.php\/2023\/07\/21\/tony-bennett-lenda-do-jazz-e-do-pop-mundial-morre-aos-96-anos\/"},"wordCount":666,"commentCount":0,"publisher":{"@id":"https:\/\/jornalfatosenoticias.com.br\/#organization"},"image":{"@id":"https:\/\/jornalfatosenoticias.com.br\/index.php\/2023\/07\/21\/tony-bennett-lenda-do-jazz-e-do-pop-mundial-morre-aos-96-anos\/#primaryimage"},"thumbnailUrl":"https:\/\/jornalfatosenoticias.com.br\/wp-content\/uploads\/2023\/07\/tony-bennett.jpg","keywords":["astro pop","EUA","jazz","lenda do jazz","morte","Tony Bennett"],"articleSection":["Cultura","Internacional"],"inLanguage":"pt-BR","potentialAction":[{"@type":"CommentAction","name":"Comment","target":["https:\/\/jornalfatosenoticias.com.br\/index.php\/2023\/07\/21\/tony-bennett-lenda-do-jazz-e-do-pop-mundial-morre-aos-96-anos\/#respond"]}]},{"@type":"WebPage","@id":"https:\/\/jornalfatosenoticias.com.br\/index.php\/2023\/07\/21\/tony-bennett-lenda-do-jazz-e-do-pop-mundial-morre-aos-96-anos\/","url":"https:\/\/jornalfatosenoticias.com.br\/index.php\/2023\/07\/21\/tony-bennett-lenda-do-jazz-e-do-pop-mundial-morre-aos-96-anos\/","name":"Tony Bennett, lenda do jazz e do pop mundial, morre aos 96 anos - Jornal Fatos e Not\u00edcias","isPartOf":{"@id":"https:\/\/jornalfatosenoticias.com.br\/#website"},"primaryImageOfPage":{"@id":"https:\/\/jornalfatosenoticias.com.br\/index.php\/2023\/07\/21\/tony-bennett-lenda-do-jazz-e-do-pop-mundial-morre-aos-96-anos\/#primaryimage"},"image":{"@id":"https:\/\/jornalfatosenoticias.com.br\/index.php\/2023\/07\/21\/tony-bennett-lenda-do-jazz-e-do-pop-mundial-morre-aos-96-anos\/#primaryimage"},"thumbnailUrl":"https:\/\/jornalfatosenoticias.com.br\/wp-content\/uploads\/2023\/07\/tony-bennett.jpg","datePublished":"2023-07-21T17:46:07+00:00","dateModified":"2023-07-21T17:46:10+00:00","breadcrumb":{"@id":"https:\/\/jornalfatosenoticias.com.br\/index.php\/2023\/07\/21\/tony-bennett-lenda-do-jazz-e-do-pop-mundial-morre-aos-96-anos\/#breadcrumb"},"inLanguage":"pt-BR","potentialAction":[{"@type":"ReadAction","target":["https:\/\/jornalfatosenoticias.com.br\/index.php\/2023\/07\/21\/tony-bennett-lenda-do-jazz-e-do-pop-mundial-morre-aos-96-anos\/"]}]},{"@type":"ImageObject","inLanguage":"pt-BR","@id":"https:\/\/jornalfatosenoticias.com.br\/index.php\/2023\/07\/21\/tony-bennett-lenda-do-jazz-e-do-pop-mundial-morre-aos-96-anos\/#primaryimage","url":"https:\/\/jornalfatosenoticias.com.br\/wp-content\/uploads\/2023\/07\/tony-bennett.jpg","contentUrl":"https:\/\/jornalfatosenoticias.com.br\/wp-content\/uploads\/2023\/07\/tony-bennett.jpg","width":800,"height":467},{"@type":"BreadcrumbList","@id":"https:\/\/jornalfatosenoticias.com.br\/index.php\/2023\/07\/21\/tony-bennett-lenda-do-jazz-e-do-pop-mundial-morre-aos-96-anos\/#breadcrumb","itemListElement":[{"@type":"ListItem","position":1,"name":"In\u00edcio","item":"https:\/\/jornalfatosenoticias.com.br\/"},{"@type":"ListItem","position":2,"name":"Tony Bennett, lenda do jazz e do pop mundial, morre aos 96 anos"}]},{"@type":"WebSite","@id":"https:\/\/jornalfatosenoticias.com.br\/#website","url":"https:\/\/jornalfatosenoticias.com.br\/","name":"Jornal Fatos e Not\u00edcias","description":"Not\u00edcias em geral","publisher":{"@id":"https:\/\/jornalfatosenoticias.com.br\/#organization"},"potentialAction":[{"@type":"SearchAction","target":{"@type":"EntryPoint","urlTemplate":"https:\/\/jornalfatosenoticias.com.br\/?s={search_term_string}"},"query-input":{"@type":"PropertyValueSpecification","valueRequired":true,"valueName":"search_term_string"}}],"inLanguage":"pt-BR"},{"@type":"Organization","@id":"https:\/\/jornalfatosenoticias.com.br\/#organization","name":"Jornal Fatos e Not\u00edcias","url":"https:\/\/jornalfatosenoticias.com.br\/","logo":{"@type":"ImageObject","inLanguage":"pt-BR","@id":"https:\/\/jornalfatosenoticias.com.br\/#\/schema\/logo\/image\/","url":"https:\/\/jornalfatosenoticias.com.br\/wp-content\/uploads\/2020\/02\/logo120.png","contentUrl":"https:\/\/jornalfatosenoticias.com.br\/wp-content\/uploads\/2020\/02\/logo120.png","width":1227,"height":120,"caption":"Jornal Fatos e Not\u00edcias"},"image":{"@id":"https:\/\/jornalfatosenoticias.com.br\/#\/schema\/logo\/image\/"}},{"@type":"Person","@id":"https:\/\/jornalfatosenoticias.com.br\/#\/schema\/person\/d63837fa13ac8666eb9e74e0985d6f81","name":"Luzimara Fernandes","image":{"@type":"ImageObject","inLanguage":"pt-BR","@id":"https:\/\/jornalfatosenoticias.com.br\/#\/schema\/person\/image\/","url":"https:\/\/jornalfatosenoticias.com.br\/wp-content\/uploads\/2025\/05\/EU_portal.jpg","contentUrl":"https:\/\/jornalfatosenoticias.com.br\/wp-content\/uploads\/2025\/05\/EU_portal.jpg","caption":"Luzimara Fernandes"},"description":"Jornalista MTB 2358-ES","sameAs":["https:\/\/jornalfatosenoticias.com.br"],"url":"https:\/\/jornalfatosenoticias.com.br\/index.php\/author\/luzimara\/"}]}},"cc_featured_image_caption":{"caption_text":"(Foto: Reprodu\u00e7\u00e3o\/Wikimedia Commons)","source_text":"","source_url":""},"jetpack_featured_media_url":"https:\/\/jornalfatosenoticias.com.br\/wp-content\/uploads\/2023\/07\/tony-bennett.jpg","_links":{"self":[{"href":"https:\/\/jornalfatosenoticias.com.br\/index.php\/wp-json\/wp\/v2\/posts\/43543","targetHints":{"allow":["GET"]}}],"collection":[{"href":"https:\/\/jornalfatosenoticias.com.br\/index.php\/wp-json\/wp\/v2\/posts"}],"about":[{"href":"https:\/\/jornalfatosenoticias.com.br\/index.php\/wp-json\/wp\/v2\/types\/post"}],"author":[{"embeddable":true,"href":"https:\/\/jornalfatosenoticias.com.br\/index.php\/wp-json\/wp\/v2\/users\/2"}],"replies":[{"embeddable":true,"href":"https:\/\/jornalfatosenoticias.com.br\/index.php\/wp-json\/wp\/v2\/comments?post=43543"}],"version-history":[{"count":0,"href":"https:\/\/jornalfatosenoticias.com.br\/index.php\/wp-json\/wp\/v2\/posts\/43543\/revisions"}],"wp:featuredmedia":[{"embeddable":true,"href":"https:\/\/jornalfatosenoticias.com.br\/index.php\/wp-json\/wp\/v2\/media\/43544"}],"wp:attachment":[{"href":"https:\/\/jornalfatosenoticias.com.br\/index.php\/wp-json\/wp\/v2\/media?parent=43543"}],"wp:term":[{"taxonomy":"category","embeddable":true,"href":"https:\/\/jornalfatosenoticias.com.br\/index.php\/wp-json\/wp\/v2\/categories?post=43543"},{"taxonomy":"post_tag","embeddable":true,"href":"https:\/\/jornalfatosenoticias.com.br\/index.php\/wp-json\/wp\/v2\/tags?post=43543"}],"curies":[{"name":"wp","href":"https:\/\/api.w.org\/{rel}","templated":true}]}}