{"id":43563,"date":"2023-07-24T10:33:56","date_gmt":"2023-07-24T13:33:56","guid":{"rendered":"https:\/\/jornalfatosenoticias.com.br\/?p=43563"},"modified":"2023-07-24T10:33:57","modified_gmt":"2023-07-24T13:33:57","slug":"solidao-aumenta-quatro-vezes-a-prevalencia-de-depressao-em-idosos","status":"publish","type":"post","link":"https:\/\/jornalfatosenoticias.com.br\/index.php\/2023\/07\/24\/solidao-aumenta-quatro-vezes-a-prevalencia-de-depressao-em-idosos\/","title":{"rendered":"Solid\u00e3o aumenta quatro vezes a preval\u00eancia de depress\u00e3o em idosos"},"content":{"rendered":"\n<p><em><span class=\"has-inline-color has-black-color\">Por <strong><a href=\"https:\/\/gizmodo.uol.com.br\/author\/agencia-bori\/\">Ag\u00eancia Bori<\/a><\/strong><\/span><\/em><\/p>\n\n\n\n<div class=\"wp-block-image\"><figure class=\"aligncenter size-large\"><img loading=\"lazy\" decoding=\"async\" width=\"729\" height=\"90\" src=\"https:\/\/jornalfatosenoticias.com.br\/wp-content\/uploads\/2020\/02\/Logo_Mizu.png\" alt=\"\" class=\"wp-image-1441\" srcset=\"https:\/\/jornalfatosenoticias.com.br\/wp-content\/uploads\/2020\/02\/Logo_Mizu.png 729w, https:\/\/jornalfatosenoticias.com.br\/wp-content\/uploads\/2020\/02\/Logo_Mizu-300x37.png 300w\" sizes=\"auto, (max-width: 729px) 100vw, 729px\" \/><\/figure><\/div>\n\n\n\n<p>A depress\u00e3o \u00e9 quatro vezes mais comum entre idosos que relatam se sentirem sempre sozinhos \u2014 e o risco de desenvolver a doen\u00e7a dobra pelo simples fato de morar s\u00f3. As informa\u00e7\u00f5es s\u00e3o de pesquisa da Universidade Estadual de Campinas (Unicamp) publicada na sexta (21) na <a href=\"https:\/\/www.scielo.br\/j\/csp\/a\/THq8rXh7CDMD3Q9KqwWNYwd\/?lang=pt\" target=\"_blank\" rel=\"noreferrer noopener\">revista \u201cCadernos de Sa\u00fade P\u00fablica\u201d<\/a>, que aponta, ainda, que \u00e9 mais prov\u00e1vel que mulheres com mais de 80 anos que nunca frequentaram a escola se sintam frequentemente sozinhas ou solit\u00e1rias.<br>A an\u00e1lise considerou as respostas de quase oito mil participantes de 50 anos ou mais da primeira edi\u00e7\u00e3o do Estudo Longitudinal da Sa\u00fade dos Idosos Brasileiros (ELSI-Brasil) de 2015-2016 para a pergunta <em><strong>\u201cCom que frequ\u00eancia o(a) senhor(a) se sentiu sozinho(a) ou solit\u00e1rio(a): sempre, algumas vezes ou nunca?\u201d. <\/strong><\/em>Enquanto 16,8% relataram sempre se sentir sozinhos, 31,7% dos respondentes indicaram sempre sentir solid\u00e3o. Os pesquisadores cruzaram esses dados com condi\u00e7\u00f5es de sa\u00fade, como depress\u00e3o, e indicadores sociodemogr\u00e1ficos como n\u00edvel de escolaridade, sexo, e de comportamento, como morar s\u00f3 e qualidade do sono.<\/p>\n\n\n\n<div class=\"wp-block-image\"><figure class=\"aligncenter size-large is-resized\"><img loading=\"lazy\" decoding=\"async\" src=\"https:\/\/jornalfatosenoticias.com.br\/wp-content\/uploads\/2022\/02\/Precisao-Contabilidade-1024x724.jpg\" alt=\"\" class=\"wp-image-28088\" width=\"326\" height=\"230\"\/><\/figure><\/div>\n\n\n\n<p>Na solid\u00e3o, o indiv\u00edduo sente que seus relacionamentos n\u00e3o s\u00e3o suficientes para satisfazer suas necessidades emocionais. Segundo os pesquisadores, a rela\u00e7\u00e3o entre solid\u00e3o e depress\u00e3o j\u00e1 \u00e9 bem documentada, com sentimentos comuns a ambos, a exemplo da percep\u00e7\u00e3o negativa das intera\u00e7\u00f5es sociais e do senso antecipado de rejei\u00e7\u00e3o. J\u00e1 a idade pode refletir experi\u00eancias de vida como viuvez e aposentadoria. Segundo outras pesquisas, em mulheres, a maior expectativa de vida e a presen\u00e7a de doen\u00e7as mentais associa-se \u00e0 maior probabilidade de solid\u00e3o.<\/p>\n\n\n\n<div class=\"wp-block-image\"><figure class=\"aligncenter size-large is-resized\"><img loading=\"lazy\" decoding=\"async\" src=\"https:\/\/jornalfatosenoticias.com.br\/wp-content\/uploads\/2023\/03\/logo-Panper_portal.jpg\" alt=\"\" class=\"wp-image-40208\" width=\"267\" height=\"185\" srcset=\"https:\/\/jornalfatosenoticias.com.br\/wp-content\/uploads\/2023\/03\/logo-Panper_portal.jpg 400w, https:\/\/jornalfatosenoticias.com.br\/wp-content\/uploads\/2023\/03\/logo-Panper_portal-300x208.jpg 300w\" sizes=\"auto, (max-width: 267px) 100vw, 267px\" \/><\/figure><\/div>\n\n\n\n<p>Al\u00e9m das associa\u00e7\u00f5es significativas entre depress\u00e3o e solid\u00e3o e morar s\u00f3, idosos alimenta\u00e7\u00e3o n\u00e3o saud\u00e1vel e que avaliam seu sono e sa\u00fade em geral como de m\u00e1 qualidade tamb\u00e9m sentem solid\u00e3o. <\/p>\n\n\n\n<blockquote class=\"wp-block-quote is-layout-flow wp-block-quote-is-layout-flow\"><p><span class=\"has-inline-color has-luminous-vivid-orange-color\">Os resultados do artigo permitem dizer que a solid\u00e3o \u00e9 um problema maior do que simplesmente uma experi\u00eancia emocional. Esta vari\u00e1vel tem uma rela\u00e7\u00e3o com os determinantes sociais em sa\u00fade\u201d, aponta Fl\u00e1via Silva Arbex Borim, coautora do artigo. <\/span><\/p><\/blockquote>\n\n\n\n<div class=\"wp-block-image\"><figure class=\"aligncenter size-large is-resized\"><img loading=\"lazy\" decoding=\"async\" src=\"https:\/\/jornalfatosenoticias.com.br\/wp-content\/uploads\/2020\/02\/logo-Rapuzel-1024x571.jpg\" alt=\"\" class=\"wp-image-42808\" width=\"358\" height=\"200\" srcset=\"https:\/\/jornalfatosenoticias.com.br\/wp-content\/uploads\/2020\/02\/logo-Rapuzel-1024x571.jpg 1024w, https:\/\/jornalfatosenoticias.com.br\/wp-content\/uploads\/2020\/02\/logo-Rapuzel-300x167.jpg 300w, https:\/\/jornalfatosenoticias.com.br\/wp-content\/uploads\/2020\/02\/logo-Rapuzel-768x428.jpg 768w, https:\/\/jornalfatosenoticias.com.br\/wp-content\/uploads\/2020\/02\/logo-Rapuzel-1536x856.jpg 1536w, https:\/\/jornalfatosenoticias.com.br\/wp-content\/uploads\/2020\/02\/logo-Rapuzel.jpg 1600w\" sizes=\"auto, (max-width: 358px) 100vw, 358px\" \/><\/figure><\/div>\n\n\n\n<p>\u201cIsso significa que, possivelmente, os adultos e idosos com maior probabilidade de se sentirem solit\u00e1rios s\u00e3o os com maior probabilidade de terem mais doen\u00e7as e depend\u00eancias, de terem mais dor e de vivenciarem mais estados emocionais negativos\u201d, complementa a outra autora, Anita Liberalesso Neri.<br>O tema se torna ainda mais relevante ao considerar o cen\u00e1rio de envelhecimento da popula\u00e7\u00e3o brasileira. \u201cCom os resultados pode-se pensar no planejamento e na implementa\u00e7\u00e3o de interven\u00e7\u00f5es que busquem prevenir a solid\u00e3o nos indiv\u00edduos adultos, compreendida hoje como um problema de sa\u00fade p\u00fablica\u201d, sugere Borim.<\/p>\n\n\n\n<div class=\"wp-block-image\"><figure class=\"aligncenter size-large is-resized\"><img loading=\"lazy\" decoding=\"async\" src=\"https:\/\/jornalfatosenoticias.com.br\/wp-content\/uploads\/2022\/10\/RC_800x750_page-0001.jpg\" alt=\"\" class=\"wp-image-35338\" width=\"274\" height=\"257\" srcset=\"https:\/\/jornalfatosenoticias.com.br\/wp-content\/uploads\/2022\/10\/RC_800x750_page-0001.jpg 400w, https:\/\/jornalfatosenoticias.com.br\/wp-content\/uploads\/2022\/10\/RC_800x750_page-0001-300x281.jpg 300w\" sizes=\"auto, (max-width: 274px) 100vw, 274px\" \/><\/figure><\/div>\n\n\n\n<p>Como pr\u00f3ximos passos, as pesquisadoras ressaltam a import\u00e2ncia de verificar a rela\u00e7\u00e3o das vari\u00e1veis com as mudan\u00e7as na percep\u00e7\u00e3o de solid\u00e3o ao longo do tempo. A influ\u00eancia da pandemia de covid-19 tamb\u00e9m deve ser abordada. <\/p>\n\n\n\n<blockquote class=\"wp-block-quote is-layout-flow wp-block-quote-is-layout-flow\"><p><span class=\"has-inline-color has-luminous-vivid-orange-color\">Queremos saber se e por meio de quais vari\u00e1veis ocorreram altera\u00e7\u00f5es nas condi\u00e7\u00f5es de solid\u00e3o e isolamento vividas antes e durante as experi\u00eancias de lockdown associadas \u00e0 pandemia do novo coronav\u00edrus\u201d, afirma Neri.<\/span><\/p><\/blockquote>\n\n\n\n<div class=\"wp-block-image\"><figure class=\"aligncenter size-large\"><img loading=\"lazy\" decoding=\"async\" width=\"300\" height=\"250\" src=\"https:\/\/jornalfatosenoticias.com.br\/wp-content\/uploads\/2022\/08\/arte-Casarao.jpg\" alt=\"\" class=\"wp-image-33178\"\/><\/figure><\/div>\n\n\n\n<p><strong><em>Fonte: <a href=\"https:\/\/gizmodo.uol.com.br\/solidao-aumenta-4-vezes-a-prevalencia-de-depressao-em-idosos\/\">GizModo<\/a><\/em><\/strong><\/p>\n","protected":false},"excerpt":{"rendered":"<p>Por Ag\u00eancia Bori A depress\u00e3o \u00e9 quatro vezes mais comum entre idosos que relatam se sentirem sempre sozinhos \u2014 e o risco de desenvolver a doen\u00e7a dobra pelo simples fato de morar s\u00f3. As informa\u00e7\u00f5es s\u00e3o de pesquisa da Universidade Estadual de Campinas (Unicamp) publicada na sexta (21) na revista \u201cCadernos de Sa\u00fade P\u00fablica\u201d, que [&hellip;]<\/p>\n","protected":false},"author":2,"featured_media":43564,"comment_status":"open","ping_status":"open","sticky":false,"template":"","format":"standard","meta":{"footnotes":""},"categories":[2522],"tags":[20529,2375,850,1986,2622,2993],"class_list":["post-43563","post","type-post","status-publish","format-standard","has-post-thumbnail","hentry","category-comportamento","tag-agencia-bori","tag-depressao","tag-idosos","tag-psicologia","tag-solidao","tag-unicamp"],"yoast_head":"<!-- This site is optimized with the Yoast SEO plugin v26.5 - https:\/\/yoast.com\/wordpress\/plugins\/seo\/ -->\n<title>Solid\u00e3o aumenta quatro vezes a preval\u00eancia de depress\u00e3o em idosos - Jornal Fatos e Not\u00edcias<\/title>\n<meta name=\"robots\" content=\"index, follow, max-snippet:-1, max-image-preview:large, max-video-preview:-1\" \/>\n<link rel=\"canonical\" href=\"https:\/\/jornalfatosenoticias.com.br\/index.php\/2023\/07\/24\/solidao-aumenta-quatro-vezes-a-prevalencia-de-depressao-em-idosos\/\" \/>\n<meta property=\"og:locale\" content=\"pt_BR\" \/>\n<meta property=\"og:type\" content=\"article\" \/>\n<meta property=\"og:title\" content=\"Solid\u00e3o aumenta quatro vezes a preval\u00eancia de depress\u00e3o em idosos - Jornal Fatos e Not\u00edcias\" \/>\n<meta property=\"og:description\" content=\"Por Ag\u00eancia Bori A depress\u00e3o \u00e9 quatro vezes mais comum entre idosos que relatam se sentirem sempre sozinhos \u2014 e o risco de desenvolver a doen\u00e7a dobra pelo simples fato de morar s\u00f3. As informa\u00e7\u00f5es s\u00e3o de pesquisa da Universidade Estadual de Campinas (Unicamp) publicada na sexta (21) na revista \u201cCadernos de Sa\u00fade P\u00fablica\u201d, que [&hellip;]\" \/>\n<meta property=\"og:url\" content=\"https:\/\/jornalfatosenoticias.com.br\/index.php\/2023\/07\/24\/solidao-aumenta-quatro-vezes-a-prevalencia-de-depressao-em-idosos\/\" \/>\n<meta property=\"og:site_name\" content=\"Jornal Fatos e Not\u00edcias\" \/>\n<meta property=\"article:published_time\" content=\"2023-07-24T13:33:56+00:00\" \/>\n<meta property=\"article:modified_time\" content=\"2023-07-24T13:33:57+00:00\" \/>\n<meta property=\"og:image\" content=\"https:\/\/jornalfatosenoticias.com.br\/wp-content\/uploads\/2023\/07\/idoso-solidao_istock.jpg\" \/>\n\t<meta property=\"og:image:width\" content=\"812\" \/>\n\t<meta property=\"og:image:height\" content=\"541\" \/>\n\t<meta property=\"og:image:type\" content=\"image\/jpeg\" \/>\n<meta name=\"author\" content=\"Luzimara Fernandes\" \/>\n<meta name=\"twitter:card\" content=\"summary_large_image\" \/>\n<meta name=\"twitter:label1\" content=\"Escrito por\" \/>\n\t<meta name=\"twitter:data1\" content=\"Luzimara Fernandes\" \/>\n\t<meta name=\"twitter:label2\" content=\"Est. tempo de leitura\" \/>\n\t<meta name=\"twitter:data2\" content=\"3 minutos\" \/>\n<script type=\"application\/ld+json\" class=\"yoast-schema-graph\">{\"@context\":\"https:\/\/schema.org\",\"@graph\":[{\"@type\":\"Article\",\"@id\":\"https:\/\/jornalfatosenoticias.com.br\/index.php\/2023\/07\/24\/solidao-aumenta-quatro-vezes-a-prevalencia-de-depressao-em-idosos\/#article\",\"isPartOf\":{\"@id\":\"https:\/\/jornalfatosenoticias.com.br\/index.php\/2023\/07\/24\/solidao-aumenta-quatro-vezes-a-prevalencia-de-depressao-em-idosos\/\"},\"author\":{\"name\":\"Luzimara Fernandes\",\"@id\":\"https:\/\/jornalfatosenoticias.com.br\/#\/schema\/person\/d63837fa13ac8666eb9e74e0985d6f81\"},\"headline\":\"Solid\u00e3o aumenta quatro vezes a preval\u00eancia de depress\u00e3o em idosos\",\"datePublished\":\"2023-07-24T13:33:56+00:00\",\"dateModified\":\"2023-07-24T13:33:57+00:00\",\"mainEntityOfPage\":{\"@id\":\"https:\/\/jornalfatosenoticias.com.br\/index.php\/2023\/07\/24\/solidao-aumenta-quatro-vezes-a-prevalencia-de-depressao-em-idosos\/\"},\"wordCount\":562,\"commentCount\":0,\"publisher\":{\"@id\":\"https:\/\/jornalfatosenoticias.com.br\/#organization\"},\"image\":{\"@id\":\"https:\/\/jornalfatosenoticias.com.br\/index.php\/2023\/07\/24\/solidao-aumenta-quatro-vezes-a-prevalencia-de-depressao-em-idosos\/#primaryimage\"},\"thumbnailUrl\":\"https:\/\/jornalfatosenoticias.com.br\/wp-content\/uploads\/2023\/07\/idoso-solidao_istock.jpg\",\"keywords\":[\"Ag\u00eancia Bori\",\"depress\u00e3o\",\"idosos\",\"psicologia\",\"solid\u00e3o\",\"Unicamp\"],\"articleSection\":[\"Comportamento &amp; Equil\u00edbrio\"],\"inLanguage\":\"pt-BR\",\"potentialAction\":[{\"@type\":\"CommentAction\",\"name\":\"Comment\",\"target\":[\"https:\/\/jornalfatosenoticias.com.br\/index.php\/2023\/07\/24\/solidao-aumenta-quatro-vezes-a-prevalencia-de-depressao-em-idosos\/#respond\"]}]},{\"@type\":\"WebPage\",\"@id\":\"https:\/\/jornalfatosenoticias.com.br\/index.php\/2023\/07\/24\/solidao-aumenta-quatro-vezes-a-prevalencia-de-depressao-em-idosos\/\",\"url\":\"https:\/\/jornalfatosenoticias.com.br\/index.php\/2023\/07\/24\/solidao-aumenta-quatro-vezes-a-prevalencia-de-depressao-em-idosos\/\",\"name\":\"Solid\u00e3o aumenta quatro vezes a preval\u00eancia de depress\u00e3o em idosos - Jornal Fatos e Not\u00edcias\",\"isPartOf\":{\"@id\":\"https:\/\/jornalfatosenoticias.com.br\/#website\"},\"primaryImageOfPage\":{\"@id\":\"https:\/\/jornalfatosenoticias.com.br\/index.php\/2023\/07\/24\/solidao-aumenta-quatro-vezes-a-prevalencia-de-depressao-em-idosos\/#primaryimage\"},\"image\":{\"@id\":\"https:\/\/jornalfatosenoticias.com.br\/index.php\/2023\/07\/24\/solidao-aumenta-quatro-vezes-a-prevalencia-de-depressao-em-idosos\/#primaryimage\"},\"thumbnailUrl\":\"https:\/\/jornalfatosenoticias.com.br\/wp-content\/uploads\/2023\/07\/idoso-solidao_istock.jpg\",\"datePublished\":\"2023-07-24T13:33:56+00:00\",\"dateModified\":\"2023-07-24T13:33:57+00:00\",\"breadcrumb\":{\"@id\":\"https:\/\/jornalfatosenoticias.com.br\/index.php\/2023\/07\/24\/solidao-aumenta-quatro-vezes-a-prevalencia-de-depressao-em-idosos\/#breadcrumb\"},\"inLanguage\":\"pt-BR\",\"potentialAction\":[{\"@type\":\"ReadAction\",\"target\":[\"https:\/\/jornalfatosenoticias.com.br\/index.php\/2023\/07\/24\/solidao-aumenta-quatro-vezes-a-prevalencia-de-depressao-em-idosos\/\"]}]},{\"@type\":\"ImageObject\",\"inLanguage\":\"pt-BR\",\"@id\":\"https:\/\/jornalfatosenoticias.com.br\/index.php\/2023\/07\/24\/solidao-aumenta-quatro-vezes-a-prevalencia-de-depressao-em-idosos\/#primaryimage\",\"url\":\"https:\/\/jornalfatosenoticias.com.br\/wp-content\/uploads\/2023\/07\/idoso-solidao_istock.jpg\",\"contentUrl\":\"https:\/\/jornalfatosenoticias.com.br\/wp-content\/uploads\/2023\/07\/idoso-solidao_istock.jpg\",\"width\":812,\"height\":541,\"caption\":\"Lonely Senior Old Man Sitting on Bench in Park\"},{\"@type\":\"BreadcrumbList\",\"@id\":\"https:\/\/jornalfatosenoticias.com.br\/index.php\/2023\/07\/24\/solidao-aumenta-quatro-vezes-a-prevalencia-de-depressao-em-idosos\/#breadcrumb\",\"itemListElement\":[{\"@type\":\"ListItem\",\"position\":1,\"name\":\"In\u00edcio\",\"item\":\"https:\/\/jornalfatosenoticias.com.br\/\"},{\"@type\":\"ListItem\",\"position\":2,\"name\":\"Solid\u00e3o aumenta quatro vezes a preval\u00eancia de depress\u00e3o em idosos\"}]},{\"@type\":\"WebSite\",\"@id\":\"https:\/\/jornalfatosenoticias.com.br\/#website\",\"url\":\"https:\/\/jornalfatosenoticias.com.br\/\",\"name\":\"Jornal Fatos e Not\u00edcias\",\"description\":\"Not\u00edcias em geral\",\"publisher\":{\"@id\":\"https:\/\/jornalfatosenoticias.com.br\/#organization\"},\"potentialAction\":[{\"@type\":\"SearchAction\",\"target\":{\"@type\":\"EntryPoint\",\"urlTemplate\":\"https:\/\/jornalfatosenoticias.com.br\/?s={search_term_string}\"},\"query-input\":{\"@type\":\"PropertyValueSpecification\",\"valueRequired\":true,\"valueName\":\"search_term_string\"}}],\"inLanguage\":\"pt-BR\"},{\"@type\":\"Organization\",\"@id\":\"https:\/\/jornalfatosenoticias.com.br\/#organization\",\"name\":\"Jornal Fatos e Not\u00edcias\",\"url\":\"https:\/\/jornalfatosenoticias.com.br\/\",\"logo\":{\"@type\":\"ImageObject\",\"inLanguage\":\"pt-BR\",\"@id\":\"https:\/\/jornalfatosenoticias.com.br\/#\/schema\/logo\/image\/\",\"url\":\"https:\/\/jornalfatosenoticias.com.br\/wp-content\/uploads\/2020\/02\/logo120.png\",\"contentUrl\":\"https:\/\/jornalfatosenoticias.com.br\/wp-content\/uploads\/2020\/02\/logo120.png\",\"width\":1227,\"height\":120,\"caption\":\"Jornal Fatos e Not\u00edcias\"},\"image\":{\"@id\":\"https:\/\/jornalfatosenoticias.com.br\/#\/schema\/logo\/image\/\"}},{\"@type\":\"Person\",\"@id\":\"https:\/\/jornalfatosenoticias.com.br\/#\/schema\/person\/d63837fa13ac8666eb9e74e0985d6f81\",\"name\":\"Luzimara Fernandes\",\"image\":{\"@type\":\"ImageObject\",\"inLanguage\":\"pt-BR\",\"@id\":\"https:\/\/jornalfatosenoticias.com.br\/#\/schema\/person\/image\/\",\"url\":\"https:\/\/jornalfatosenoticias.com.br\/wp-content\/uploads\/2025\/05\/EU_portal.jpg\",\"contentUrl\":\"https:\/\/jornalfatosenoticias.com.br\/wp-content\/uploads\/2025\/05\/EU_portal.jpg\",\"caption\":\"Luzimara Fernandes\"},\"description\":\"Jornalista MTB 2358-ES\",\"sameAs\":[\"https:\/\/jornalfatosenoticias.com.br\"],\"url\":\"https:\/\/jornalfatosenoticias.com.br\/index.php\/author\/luzimara\/\"}]}<\/script>\n<!-- \/ Yoast SEO plugin. -->","yoast_head_json":{"title":"Solid\u00e3o aumenta quatro vezes a preval\u00eancia de depress\u00e3o em idosos - Jornal Fatos e Not\u00edcias","robots":{"index":"index","follow":"follow","max-snippet":"max-snippet:-1","max-image-preview":"max-image-preview:large","max-video-preview":"max-video-preview:-1"},"canonical":"https:\/\/jornalfatosenoticias.com.br\/index.php\/2023\/07\/24\/solidao-aumenta-quatro-vezes-a-prevalencia-de-depressao-em-idosos\/","og_locale":"pt_BR","og_type":"article","og_title":"Solid\u00e3o aumenta quatro vezes a preval\u00eancia de depress\u00e3o em idosos - Jornal Fatos e Not\u00edcias","og_description":"Por Ag\u00eancia Bori A depress\u00e3o \u00e9 quatro vezes mais comum entre idosos que relatam se sentirem sempre sozinhos \u2014 e o risco de desenvolver a doen\u00e7a dobra pelo simples fato de morar s\u00f3. As informa\u00e7\u00f5es s\u00e3o de pesquisa da Universidade Estadual de Campinas (Unicamp) publicada na sexta (21) na revista \u201cCadernos de Sa\u00fade P\u00fablica\u201d, que [&hellip;]","og_url":"https:\/\/jornalfatosenoticias.com.br\/index.php\/2023\/07\/24\/solidao-aumenta-quatro-vezes-a-prevalencia-de-depressao-em-idosos\/","og_site_name":"Jornal Fatos e Not\u00edcias","article_published_time":"2023-07-24T13:33:56+00:00","article_modified_time":"2023-07-24T13:33:57+00:00","og_image":[{"width":812,"height":541,"url":"https:\/\/jornalfatosenoticias.com.br\/wp-content\/uploads\/2023\/07\/idoso-solidao_istock.jpg","type":"image\/jpeg"}],"author":"Luzimara Fernandes","twitter_card":"summary_large_image","twitter_misc":{"Escrito por":"Luzimara Fernandes","Est. tempo de leitura":"3 minutos"},"schema":{"@context":"https:\/\/schema.org","@graph":[{"@type":"Article","@id":"https:\/\/jornalfatosenoticias.com.br\/index.php\/2023\/07\/24\/solidao-aumenta-quatro-vezes-a-prevalencia-de-depressao-em-idosos\/#article","isPartOf":{"@id":"https:\/\/jornalfatosenoticias.com.br\/index.php\/2023\/07\/24\/solidao-aumenta-quatro-vezes-a-prevalencia-de-depressao-em-idosos\/"},"author":{"name":"Luzimara Fernandes","@id":"https:\/\/jornalfatosenoticias.com.br\/#\/schema\/person\/d63837fa13ac8666eb9e74e0985d6f81"},"headline":"Solid\u00e3o aumenta quatro vezes a preval\u00eancia de depress\u00e3o em idosos","datePublished":"2023-07-24T13:33:56+00:00","dateModified":"2023-07-24T13:33:57+00:00","mainEntityOfPage":{"@id":"https:\/\/jornalfatosenoticias.com.br\/index.php\/2023\/07\/24\/solidao-aumenta-quatro-vezes-a-prevalencia-de-depressao-em-idosos\/"},"wordCount":562,"commentCount":0,"publisher":{"@id":"https:\/\/jornalfatosenoticias.com.br\/#organization"},"image":{"@id":"https:\/\/jornalfatosenoticias.com.br\/index.php\/2023\/07\/24\/solidao-aumenta-quatro-vezes-a-prevalencia-de-depressao-em-idosos\/#primaryimage"},"thumbnailUrl":"https:\/\/jornalfatosenoticias.com.br\/wp-content\/uploads\/2023\/07\/idoso-solidao_istock.jpg","keywords":["Ag\u00eancia Bori","depress\u00e3o","idosos","psicologia","solid\u00e3o","Unicamp"],"articleSection":["Comportamento &amp; Equil\u00edbrio"],"inLanguage":"pt-BR","potentialAction":[{"@type":"CommentAction","name":"Comment","target":["https:\/\/jornalfatosenoticias.com.br\/index.php\/2023\/07\/24\/solidao-aumenta-quatro-vezes-a-prevalencia-de-depressao-em-idosos\/#respond"]}]},{"@type":"WebPage","@id":"https:\/\/jornalfatosenoticias.com.br\/index.php\/2023\/07\/24\/solidao-aumenta-quatro-vezes-a-prevalencia-de-depressao-em-idosos\/","url":"https:\/\/jornalfatosenoticias.com.br\/index.php\/2023\/07\/24\/solidao-aumenta-quatro-vezes-a-prevalencia-de-depressao-em-idosos\/","name":"Solid\u00e3o aumenta quatro vezes a preval\u00eancia de depress\u00e3o em idosos - Jornal Fatos e Not\u00edcias","isPartOf":{"@id":"https:\/\/jornalfatosenoticias.com.br\/#website"},"primaryImageOfPage":{"@id":"https:\/\/jornalfatosenoticias.com.br\/index.php\/2023\/07\/24\/solidao-aumenta-quatro-vezes-a-prevalencia-de-depressao-em-idosos\/#primaryimage"},"image":{"@id":"https:\/\/jornalfatosenoticias.com.br\/index.php\/2023\/07\/24\/solidao-aumenta-quatro-vezes-a-prevalencia-de-depressao-em-idosos\/#primaryimage"},"thumbnailUrl":"https:\/\/jornalfatosenoticias.com.br\/wp-content\/uploads\/2023\/07\/idoso-solidao_istock.jpg","datePublished":"2023-07-24T13:33:56+00:00","dateModified":"2023-07-24T13:33:57+00:00","breadcrumb":{"@id":"https:\/\/jornalfatosenoticias.com.br\/index.php\/2023\/07\/24\/solidao-aumenta-quatro-vezes-a-prevalencia-de-depressao-em-idosos\/#breadcrumb"},"inLanguage":"pt-BR","potentialAction":[{"@type":"ReadAction","target":["https:\/\/jornalfatosenoticias.com.br\/index.php\/2023\/07\/24\/solidao-aumenta-quatro-vezes-a-prevalencia-de-depressao-em-idosos\/"]}]},{"@type":"ImageObject","inLanguage":"pt-BR","@id":"https:\/\/jornalfatosenoticias.com.br\/index.php\/2023\/07\/24\/solidao-aumenta-quatro-vezes-a-prevalencia-de-depressao-em-idosos\/#primaryimage","url":"https:\/\/jornalfatosenoticias.com.br\/wp-content\/uploads\/2023\/07\/idoso-solidao_istock.jpg","contentUrl":"https:\/\/jornalfatosenoticias.com.br\/wp-content\/uploads\/2023\/07\/idoso-solidao_istock.jpg","width":812,"height":541,"caption":"Lonely Senior Old Man Sitting on Bench in Park"},{"@type":"BreadcrumbList","@id":"https:\/\/jornalfatosenoticias.com.br\/index.php\/2023\/07\/24\/solidao-aumenta-quatro-vezes-a-prevalencia-de-depressao-em-idosos\/#breadcrumb","itemListElement":[{"@type":"ListItem","position":1,"name":"In\u00edcio","item":"https:\/\/jornalfatosenoticias.com.br\/"},{"@type":"ListItem","position":2,"name":"Solid\u00e3o aumenta quatro vezes a preval\u00eancia de depress\u00e3o em idosos"}]},{"@type":"WebSite","@id":"https:\/\/jornalfatosenoticias.com.br\/#website","url":"https:\/\/jornalfatosenoticias.com.br\/","name":"Jornal Fatos e Not\u00edcias","description":"Not\u00edcias em geral","publisher":{"@id":"https:\/\/jornalfatosenoticias.com.br\/#organization"},"potentialAction":[{"@type":"SearchAction","target":{"@type":"EntryPoint","urlTemplate":"https:\/\/jornalfatosenoticias.com.br\/?s={search_term_string}"},"query-input":{"@type":"PropertyValueSpecification","valueRequired":true,"valueName":"search_term_string"}}],"inLanguage":"pt-BR"},{"@type":"Organization","@id":"https:\/\/jornalfatosenoticias.com.br\/#organization","name":"Jornal Fatos e Not\u00edcias","url":"https:\/\/jornalfatosenoticias.com.br\/","logo":{"@type":"ImageObject","inLanguage":"pt-BR","@id":"https:\/\/jornalfatosenoticias.com.br\/#\/schema\/logo\/image\/","url":"https:\/\/jornalfatosenoticias.com.br\/wp-content\/uploads\/2020\/02\/logo120.png","contentUrl":"https:\/\/jornalfatosenoticias.com.br\/wp-content\/uploads\/2020\/02\/logo120.png","width":1227,"height":120,"caption":"Jornal Fatos e Not\u00edcias"},"image":{"@id":"https:\/\/jornalfatosenoticias.com.br\/#\/schema\/logo\/image\/"}},{"@type":"Person","@id":"https:\/\/jornalfatosenoticias.com.br\/#\/schema\/person\/d63837fa13ac8666eb9e74e0985d6f81","name":"Luzimara Fernandes","image":{"@type":"ImageObject","inLanguage":"pt-BR","@id":"https:\/\/jornalfatosenoticias.com.br\/#\/schema\/person\/image\/","url":"https:\/\/jornalfatosenoticias.com.br\/wp-content\/uploads\/2025\/05\/EU_portal.jpg","contentUrl":"https:\/\/jornalfatosenoticias.com.br\/wp-content\/uploads\/2025\/05\/EU_portal.jpg","caption":"Luzimara Fernandes"},"description":"Jornalista MTB 2358-ES","sameAs":["https:\/\/jornalfatosenoticias.com.br"],"url":"https:\/\/jornalfatosenoticias.com.br\/index.php\/author\/luzimara\/"}]}},"cc_featured_image_caption":{"caption_text":"(Foto: iStock)","source_text":"","source_url":""},"jetpack_featured_media_url":"https:\/\/jornalfatosenoticias.com.br\/wp-content\/uploads\/2023\/07\/idoso-solidao_istock.jpg","_links":{"self":[{"href":"https:\/\/jornalfatosenoticias.com.br\/index.php\/wp-json\/wp\/v2\/posts\/43563","targetHints":{"allow":["GET"]}}],"collection":[{"href":"https:\/\/jornalfatosenoticias.com.br\/index.php\/wp-json\/wp\/v2\/posts"}],"about":[{"href":"https:\/\/jornalfatosenoticias.com.br\/index.php\/wp-json\/wp\/v2\/types\/post"}],"author":[{"embeddable":true,"href":"https:\/\/jornalfatosenoticias.com.br\/index.php\/wp-json\/wp\/v2\/users\/2"}],"replies":[{"embeddable":true,"href":"https:\/\/jornalfatosenoticias.com.br\/index.php\/wp-json\/wp\/v2\/comments?post=43563"}],"version-history":[{"count":0,"href":"https:\/\/jornalfatosenoticias.com.br\/index.php\/wp-json\/wp\/v2\/posts\/43563\/revisions"}],"wp:featuredmedia":[{"embeddable":true,"href":"https:\/\/jornalfatosenoticias.com.br\/index.php\/wp-json\/wp\/v2\/media\/43564"}],"wp:attachment":[{"href":"https:\/\/jornalfatosenoticias.com.br\/index.php\/wp-json\/wp\/v2\/media?parent=43563"}],"wp:term":[{"taxonomy":"category","embeddable":true,"href":"https:\/\/jornalfatosenoticias.com.br\/index.php\/wp-json\/wp\/v2\/categories?post=43563"},{"taxonomy":"post_tag","embeddable":true,"href":"https:\/\/jornalfatosenoticias.com.br\/index.php\/wp-json\/wp\/v2\/tags?post=43563"}],"curies":[{"name":"wp","href":"https:\/\/api.w.org\/{rel}","templated":true}]}}