{"id":43581,"date":"2023-07-24T14:42:04","date_gmt":"2023-07-24T17:42:04","guid":{"rendered":"https:\/\/jornalfatosenoticias.com.br\/?p=43581"},"modified":"2023-07-24T14:42:06","modified_gmt":"2023-07-24T17:42:06","slug":"elon-musk-esta-otimista-sobre-o-uso-de-robos-em-fabricas-da-tesla","status":"publish","type":"post","link":"https:\/\/jornalfatosenoticias.com.br\/index.php\/2023\/07\/24\/elon-musk-esta-otimista-sobre-o-uso-de-robos-em-fabricas-da-tesla\/","title":{"rendered":"Elon Musk est\u00e1 otimista sobre o uso de rob\u00f4s em f\u00e1bricas da Tesla"},"content":{"rendered":"\n<p><em><span class=\"has-inline-color has-black-color\">O CEO da Tesla disse que os rob\u00f4s aut\u00f4nomos podem ser importantes ferramentas nas f\u00e1bricas da empresa de ve\u00edculos el\u00e9tricos<\/span><\/em><\/p>\n\n\n\n<p><em><span class=\"has-inline-color has-black-color\">Por <strong><a href=\"https:\/\/olhardigital.com.br\/author\/william-schendes\/\">William Schendes<\/a><\/strong><\/span><\/em><\/p>\n\n\n\n<div class=\"wp-block-image\"><figure class=\"aligncenter size-large is-resized\"><img loading=\"lazy\" decoding=\"async\" src=\"https:\/\/jornalfatosenoticias.com.br\/wp-content\/uploads\/2022\/02\/FERRARI_MAQUINAS-E-FERRAMENTAS2.jpg\" alt=\"\" class=\"wp-image-27860\" width=\"283\" height=\"236\"\/><\/figure><\/div>\n\n\n\n<p><a href=\"https:\/\/olhardigital.com.br\/tag\/elon-musk\/\" target=\"_blank\" rel=\"noreferrer noopener\">Elon Musk<\/a>, presidente-executivo da Tesla, est\u00e1 otimista em rela\u00e7\u00e3o ao uso de\u00a0<a href=\"https:\/\/olhardigital.com.br\/tag\/inteligencia-artificial\/\" target=\"_blank\" rel=\"noreferrer noopener\">intelig\u00eancia artificial<\/a> no software aut\u00f4nomo da empresa e em rob\u00f4s humanoides das f\u00e1bricas. Conforme informou a Reuters, Musk disse que a empresa est\u00e1 em negocia\u00e7\u00f5es com uma grande montadora para licenciar sua tecnologia de dire\u00e7\u00e3o 100% aut\u00f4noma.<br>Durante uma reuni\u00e3o de ganhos da empresa, o CEO disse que quando os reguladores aprovarem a dire\u00e7\u00e3o aut\u00f4noma, o valor de ve\u00edculos da Tesla aumentar\u00e1 drasticamente. Al\u00e9m disso, ele acredita que os rob\u00f4s humanoides da Tesla \u2014 atualmente em testes piloto \u2014 podem se tornar um grande produto, podendo ser utilizados pelas f\u00e1bricas da empresa j\u00e1 no pr\u00f3ximo ano.<\/p>\n\n\n\n<div class=\"wp-block-image\"><figure class=\"aligncenter size-large is-resized\"><img loading=\"lazy\" decoding=\"async\" src=\"https:\/\/jornalfatosenoticias.com.br\/wp-content\/uploads\/2022\/10\/RC_800x750_page-0001.jpg\" alt=\"\" class=\"wp-image-35338\" width=\"279\" height=\"262\" srcset=\"https:\/\/jornalfatosenoticias.com.br\/wp-content\/uploads\/2022\/10\/RC_800x750_page-0001.jpg 400w, https:\/\/jornalfatosenoticias.com.br\/wp-content\/uploads\/2022\/10\/RC_800x750_page-0001-300x281.jpg 300w\" sizes=\"auto, (max-width: 279px) 100vw, 279px\" \/><\/figure><\/div>\n\n\n\n<blockquote class=\"wp-block-quote is-layout-flow wp-block-quote-is-layout-flow\"><p><span class=\"has-inline-color has-luminous-vivid-orange-color\">Um dia parece que a economia mundial est\u00e1 desmoronando, no dia seguinte est\u00e1 tudo bem. N\u00e3o sei o que diabos est\u00e1 acontecendo. Eu diria que estamos em tempos turbulentos&#8221;, disse Elon Musk, em teleconfer\u00eancia com analistas.<\/span><\/p><\/blockquote>\n\n\n\n<div class=\"wp-block-image\"><figure class=\"aligncenter size-large is-resized\"><img loading=\"lazy\" decoding=\"async\" src=\"https:\/\/jornalfatosenoticias.com.br\/wp-content\/uploads\/2020\/02\/logo-embacia.jpg\" alt=\"\" class=\"wp-image-33905\" width=\"271\" height=\"271\"\/><\/figure><\/div>\n\n\n\n<p>Ap\u00f3s o coment\u00e1rio de Musk, as a\u00e7\u00f5es da Tesla ca\u00edram cerca de 5%, de acordo com a Reuters. No entanto, a medida fez o <a href=\"https:\/\/olhardigital.com.br\/2023\/07\/20\/pro\/corte-de-precos-aumenta-lucro-da-tesla-em-20-e-melhora-prazo-de-entregas\/\" target=\"_blank\" rel=\"noreferrer noopener\">lucro da empresa aumentar em 20%<\/a>, conforme divulgou o Wall Street Journal.<br>A medida de redu\u00e7\u00e3o de pre\u00e7os foi seguida pela Ford, que anunciou um corte de pre\u00e7o de at\u00e9 US$10.000 no F-15 Lightning, picape el\u00e9trica da montadora. A mudan\u00e7a n\u00e3o foi bem recebida por investidores, resultando na <a href=\"https:\/\/olhardigital.com.br\/2023\/07\/19\/carros-e-tecnologia\/acoes-da-ford-despencam-e-empresa-perde-bilhoes-entenda-o-motivo\/\" target=\"_blank\" rel=\"noreferrer noopener\">perda de US$3,6 bilh\u00f5es em valor de mercado<\/a>\u00a0da empresa.<\/p>\n\n\n\n<div class=\"wp-block-image\"><figure class=\"aligncenter size-large is-resized\"><img loading=\"lazy\" decoding=\"async\" src=\"https:\/\/jornalfatosenoticias.com.br\/wp-content\/uploads\/2023\/07\/torneio_volei.jpg\" alt=\"\" class=\"wp-image-43455\" width=\"315\" height=\"314\" srcset=\"https:\/\/jornalfatosenoticias.com.br\/wp-content\/uploads\/2023\/07\/torneio_volei.jpg 1000w, https:\/\/jornalfatosenoticias.com.br\/wp-content\/uploads\/2023\/07\/torneio_volei-300x300.jpg 300w, https:\/\/jornalfatosenoticias.com.br\/wp-content\/uploads\/2023\/07\/torneio_volei-150x150.jpg 150w, https:\/\/jornalfatosenoticias.com.br\/wp-content\/uploads\/2023\/07\/torneio_volei-768x767.jpg 768w\" sizes=\"auto, (max-width: 315px) 100vw, 315px\" \/><\/figure><\/div>\n\n\n\n<p><strong><em>Fonte: <a href=\"https:\/\/olhardigital.com.br\/2023\/07\/20\/carros-e-tecnologia\/elon-musk-esta-otimista-sobre-o-uso-de-robos-em-fabricas-da-tesla\/\">Olhar Digital<\/a><\/em><\/strong><\/p>\n","protected":false},"excerpt":{"rendered":"<p>O CEO da Tesla disse que os rob\u00f4s aut\u00f4nomos podem ser importantes ferramentas nas f\u00e1bricas da empresa de ve\u00edculos el\u00e9tricos Por William Schendes Elon Musk, presidente-executivo da Tesla, est\u00e1 otimista em rela\u00e7\u00e3o ao uso de\u00a0intelig\u00eancia artificial no software aut\u00f4nomo da empresa e em rob\u00f4s humanoides das f\u00e1bricas. Conforme informou a Reuters, Musk disse que a [&hellip;]<\/p>\n","protected":false},"author":2,"featured_media":43582,"comment_status":"open","ping_status":"open","sticky":false,"template":"","format":"standard","meta":{"footnotes":""},"categories":[3],"tags":[1634,5522,18404,1632],"class_list":["post-43581","post","type-post","status-publish","format-standard","has-post-thumbnail","hentry","category-tecnologia","tag-elon-musk","tag-robos","tag-robos-tesla","tag-tesla"],"yoast_head":"<!-- This site is optimized with the Yoast SEO plugin v26.5 - https:\/\/yoast.com\/wordpress\/plugins\/seo\/ -->\n<title>Elon Musk est\u00e1 otimista sobre o uso de rob\u00f4s em f\u00e1bricas da Tesla - Jornal Fatos e Not\u00edcias<\/title>\n<meta name=\"robots\" content=\"index, follow, max-snippet:-1, max-image-preview:large, max-video-preview:-1\" \/>\n<link rel=\"canonical\" href=\"https:\/\/jornalfatosenoticias.com.br\/index.php\/2023\/07\/24\/elon-musk-esta-otimista-sobre-o-uso-de-robos-em-fabricas-da-tesla\/\" \/>\n<meta property=\"og:locale\" content=\"pt_BR\" \/>\n<meta property=\"og:type\" content=\"article\" \/>\n<meta property=\"og:title\" content=\"Elon Musk est\u00e1 otimista sobre o uso de rob\u00f4s em f\u00e1bricas da Tesla - Jornal Fatos e Not\u00edcias\" \/>\n<meta property=\"og:description\" content=\"O CEO da Tesla disse que os rob\u00f4s aut\u00f4nomos podem ser importantes ferramentas nas f\u00e1bricas da empresa de ve\u00edculos el\u00e9tricos Por William Schendes Elon Musk, presidente-executivo da Tesla, est\u00e1 otimista em rela\u00e7\u00e3o ao uso de\u00a0intelig\u00eancia artificial no software aut\u00f4nomo da empresa e em rob\u00f4s humanoides das f\u00e1bricas. Conforme informou a Reuters, Musk disse que a [&hellip;]\" \/>\n<meta property=\"og:url\" content=\"https:\/\/jornalfatosenoticias.com.br\/index.php\/2023\/07\/24\/elon-musk-esta-otimista-sobre-o-uso-de-robos-em-fabricas-da-tesla\/\" \/>\n<meta property=\"og:site_name\" content=\"Jornal Fatos e Not\u00edcias\" \/>\n<meta property=\"article:published_time\" content=\"2023-07-24T17:42:04+00:00\" \/>\n<meta property=\"article:modified_time\" content=\"2023-07-24T17:42:06+00:00\" \/>\n<meta property=\"og:image\" content=\"https:\/\/jornalfatosenoticias.com.br\/wp-content\/uploads\/2023\/07\/Optimus-Tesla.jpg\" \/>\n\t<meta property=\"og:image:width\" content=\"1000\" \/>\n\t<meta property=\"og:image:height\" content=\"571\" \/>\n\t<meta property=\"og:image:type\" content=\"image\/jpeg\" \/>\n<meta name=\"author\" content=\"Luzimara Fernandes\" \/>\n<meta name=\"twitter:card\" content=\"summary_large_image\" \/>\n<meta name=\"twitter:label1\" content=\"Escrito por\" \/>\n\t<meta name=\"twitter:data1\" content=\"Luzimara Fernandes\" \/>\n\t<meta name=\"twitter:label2\" content=\"Est. tempo de leitura\" \/>\n\t<meta name=\"twitter:data2\" content=\"1 minuto\" \/>\n<script type=\"application\/ld+json\" class=\"yoast-schema-graph\">{\"@context\":\"https:\/\/schema.org\",\"@graph\":[{\"@type\":\"Article\",\"@id\":\"https:\/\/jornalfatosenoticias.com.br\/index.php\/2023\/07\/24\/elon-musk-esta-otimista-sobre-o-uso-de-robos-em-fabricas-da-tesla\/#article\",\"isPartOf\":{\"@id\":\"https:\/\/jornalfatosenoticias.com.br\/index.php\/2023\/07\/24\/elon-musk-esta-otimista-sobre-o-uso-de-robos-em-fabricas-da-tesla\/\"},\"author\":{\"name\":\"Luzimara Fernandes\",\"@id\":\"https:\/\/jornalfatosenoticias.com.br\/#\/schema\/person\/d63837fa13ac8666eb9e74e0985d6f81\"},\"headline\":\"Elon Musk est\u00e1 otimista sobre o uso de rob\u00f4s em f\u00e1bricas da Tesla\",\"datePublished\":\"2023-07-24T17:42:04+00:00\",\"dateModified\":\"2023-07-24T17:42:06+00:00\",\"mainEntityOfPage\":{\"@id\":\"https:\/\/jornalfatosenoticias.com.br\/index.php\/2023\/07\/24\/elon-musk-esta-otimista-sobre-o-uso-de-robos-em-fabricas-da-tesla\/\"},\"wordCount\":296,\"commentCount\":0,\"publisher\":{\"@id\":\"https:\/\/jornalfatosenoticias.com.br\/#organization\"},\"image\":{\"@id\":\"https:\/\/jornalfatosenoticias.com.br\/index.php\/2023\/07\/24\/elon-musk-esta-otimista-sobre-o-uso-de-robos-em-fabricas-da-tesla\/#primaryimage\"},\"thumbnailUrl\":\"https:\/\/jornalfatosenoticias.com.br\/wp-content\/uploads\/2023\/07\/Optimus-Tesla.jpg\",\"keywords\":[\"Elon Musk\",\"rob\u00f4s\",\"rob\u00f4s Tesla\",\"Tesla\"],\"articleSection\":[\"Tecnologia &amp; Inova\u00e7\u00e3o\"],\"inLanguage\":\"pt-BR\",\"potentialAction\":[{\"@type\":\"CommentAction\",\"name\":\"Comment\",\"target\":[\"https:\/\/jornalfatosenoticias.com.br\/index.php\/2023\/07\/24\/elon-musk-esta-otimista-sobre-o-uso-de-robos-em-fabricas-da-tesla\/#respond\"]}]},{\"@type\":\"WebPage\",\"@id\":\"https:\/\/jornalfatosenoticias.com.br\/index.php\/2023\/07\/24\/elon-musk-esta-otimista-sobre-o-uso-de-robos-em-fabricas-da-tesla\/\",\"url\":\"https:\/\/jornalfatosenoticias.com.br\/index.php\/2023\/07\/24\/elon-musk-esta-otimista-sobre-o-uso-de-robos-em-fabricas-da-tesla\/\",\"name\":\"Elon Musk est\u00e1 otimista sobre o uso de rob\u00f4s em f\u00e1bricas da Tesla - Jornal Fatos e Not\u00edcias\",\"isPartOf\":{\"@id\":\"https:\/\/jornalfatosenoticias.com.br\/#website\"},\"primaryImageOfPage\":{\"@id\":\"https:\/\/jornalfatosenoticias.com.br\/index.php\/2023\/07\/24\/elon-musk-esta-otimista-sobre-o-uso-de-robos-em-fabricas-da-tesla\/#primaryimage\"},\"image\":{\"@id\":\"https:\/\/jornalfatosenoticias.com.br\/index.php\/2023\/07\/24\/elon-musk-esta-otimista-sobre-o-uso-de-robos-em-fabricas-da-tesla\/#primaryimage\"},\"thumbnailUrl\":\"https:\/\/jornalfatosenoticias.com.br\/wp-content\/uploads\/2023\/07\/Optimus-Tesla.jpg\",\"datePublished\":\"2023-07-24T17:42:04+00:00\",\"dateModified\":\"2023-07-24T17:42:06+00:00\",\"breadcrumb\":{\"@id\":\"https:\/\/jornalfatosenoticias.com.br\/index.php\/2023\/07\/24\/elon-musk-esta-otimista-sobre-o-uso-de-robos-em-fabricas-da-tesla\/#breadcrumb\"},\"inLanguage\":\"pt-BR\",\"potentialAction\":[{\"@type\":\"ReadAction\",\"target\":[\"https:\/\/jornalfatosenoticias.com.br\/index.php\/2023\/07\/24\/elon-musk-esta-otimista-sobre-o-uso-de-robos-em-fabricas-da-tesla\/\"]}]},{\"@type\":\"ImageObject\",\"inLanguage\":\"pt-BR\",\"@id\":\"https:\/\/jornalfatosenoticias.com.br\/index.php\/2023\/07\/24\/elon-musk-esta-otimista-sobre-o-uso-de-robos-em-fabricas-da-tesla\/#primaryimage\",\"url\":\"https:\/\/jornalfatosenoticias.com.br\/wp-content\/uploads\/2023\/07\/Optimus-Tesla.jpg\",\"contentUrl\":\"https:\/\/jornalfatosenoticias.com.br\/wp-content\/uploads\/2023\/07\/Optimus-Tesla.jpg\",\"width\":1000,\"height\":571},{\"@type\":\"BreadcrumbList\",\"@id\":\"https:\/\/jornalfatosenoticias.com.br\/index.php\/2023\/07\/24\/elon-musk-esta-otimista-sobre-o-uso-de-robos-em-fabricas-da-tesla\/#breadcrumb\",\"itemListElement\":[{\"@type\":\"ListItem\",\"position\":1,\"name\":\"In\u00edcio\",\"item\":\"https:\/\/jornalfatosenoticias.com.br\/\"},{\"@type\":\"ListItem\",\"position\":2,\"name\":\"Elon Musk est\u00e1 otimista sobre o uso de rob\u00f4s em f\u00e1bricas da Tesla\"}]},{\"@type\":\"WebSite\",\"@id\":\"https:\/\/jornalfatosenoticias.com.br\/#website\",\"url\":\"https:\/\/jornalfatosenoticias.com.br\/\",\"name\":\"Jornal Fatos e Not\u00edcias\",\"description\":\"Not\u00edcias em geral\",\"publisher\":{\"@id\":\"https:\/\/jornalfatosenoticias.com.br\/#organization\"},\"potentialAction\":[{\"@type\":\"SearchAction\",\"target\":{\"@type\":\"EntryPoint\",\"urlTemplate\":\"https:\/\/jornalfatosenoticias.com.br\/?s={search_term_string}\"},\"query-input\":{\"@type\":\"PropertyValueSpecification\",\"valueRequired\":true,\"valueName\":\"search_term_string\"}}],\"inLanguage\":\"pt-BR\"},{\"@type\":\"Organization\",\"@id\":\"https:\/\/jornalfatosenoticias.com.br\/#organization\",\"name\":\"Jornal Fatos e Not\u00edcias\",\"url\":\"https:\/\/jornalfatosenoticias.com.br\/\",\"logo\":{\"@type\":\"ImageObject\",\"inLanguage\":\"pt-BR\",\"@id\":\"https:\/\/jornalfatosenoticias.com.br\/#\/schema\/logo\/image\/\",\"url\":\"https:\/\/jornalfatosenoticias.com.br\/wp-content\/uploads\/2020\/02\/logo120.png\",\"contentUrl\":\"https:\/\/jornalfatosenoticias.com.br\/wp-content\/uploads\/2020\/02\/logo120.png\",\"width\":1227,\"height\":120,\"caption\":\"Jornal Fatos e Not\u00edcias\"},\"image\":{\"@id\":\"https:\/\/jornalfatosenoticias.com.br\/#\/schema\/logo\/image\/\"}},{\"@type\":\"Person\",\"@id\":\"https:\/\/jornalfatosenoticias.com.br\/#\/schema\/person\/d63837fa13ac8666eb9e74e0985d6f81\",\"name\":\"Luzimara Fernandes\",\"image\":{\"@type\":\"ImageObject\",\"inLanguage\":\"pt-BR\",\"@id\":\"https:\/\/jornalfatosenoticias.com.br\/#\/schema\/person\/image\/\",\"url\":\"https:\/\/jornalfatosenoticias.com.br\/wp-content\/uploads\/2025\/05\/EU_portal.jpg\",\"contentUrl\":\"https:\/\/jornalfatosenoticias.com.br\/wp-content\/uploads\/2025\/05\/EU_portal.jpg\",\"caption\":\"Luzimara Fernandes\"},\"description\":\"Jornalista MTB 2358-ES\",\"sameAs\":[\"https:\/\/jornalfatosenoticias.com.br\"],\"url\":\"https:\/\/jornalfatosenoticias.com.br\/index.php\/author\/luzimara\/\"}]}<\/script>\n<!-- \/ Yoast SEO plugin. -->","yoast_head_json":{"title":"Elon Musk est\u00e1 otimista sobre o uso de rob\u00f4s em f\u00e1bricas da Tesla - Jornal Fatos e Not\u00edcias","robots":{"index":"index","follow":"follow","max-snippet":"max-snippet:-1","max-image-preview":"max-image-preview:large","max-video-preview":"max-video-preview:-1"},"canonical":"https:\/\/jornalfatosenoticias.com.br\/index.php\/2023\/07\/24\/elon-musk-esta-otimista-sobre-o-uso-de-robos-em-fabricas-da-tesla\/","og_locale":"pt_BR","og_type":"article","og_title":"Elon Musk est\u00e1 otimista sobre o uso de rob\u00f4s em f\u00e1bricas da Tesla - Jornal Fatos e Not\u00edcias","og_description":"O CEO da Tesla disse que os rob\u00f4s aut\u00f4nomos podem ser importantes ferramentas nas f\u00e1bricas da empresa de ve\u00edculos el\u00e9tricos Por William Schendes Elon Musk, presidente-executivo da Tesla, est\u00e1 otimista em rela\u00e7\u00e3o ao uso de\u00a0intelig\u00eancia artificial no software aut\u00f4nomo da empresa e em rob\u00f4s humanoides das f\u00e1bricas. Conforme informou a Reuters, Musk disse que a [&hellip;]","og_url":"https:\/\/jornalfatosenoticias.com.br\/index.php\/2023\/07\/24\/elon-musk-esta-otimista-sobre-o-uso-de-robos-em-fabricas-da-tesla\/","og_site_name":"Jornal Fatos e Not\u00edcias","article_published_time":"2023-07-24T17:42:04+00:00","article_modified_time":"2023-07-24T17:42:06+00:00","og_image":[{"width":1000,"height":571,"url":"https:\/\/jornalfatosenoticias.com.br\/wp-content\/uploads\/2023\/07\/Optimus-Tesla.jpg","type":"image\/jpeg"}],"author":"Luzimara Fernandes","twitter_card":"summary_large_image","twitter_misc":{"Escrito por":"Luzimara Fernandes","Est. tempo de leitura":"1 minuto"},"schema":{"@context":"https:\/\/schema.org","@graph":[{"@type":"Article","@id":"https:\/\/jornalfatosenoticias.com.br\/index.php\/2023\/07\/24\/elon-musk-esta-otimista-sobre-o-uso-de-robos-em-fabricas-da-tesla\/#article","isPartOf":{"@id":"https:\/\/jornalfatosenoticias.com.br\/index.php\/2023\/07\/24\/elon-musk-esta-otimista-sobre-o-uso-de-robos-em-fabricas-da-tesla\/"},"author":{"name":"Luzimara Fernandes","@id":"https:\/\/jornalfatosenoticias.com.br\/#\/schema\/person\/d63837fa13ac8666eb9e74e0985d6f81"},"headline":"Elon Musk est\u00e1 otimista sobre o uso de rob\u00f4s em f\u00e1bricas da Tesla","datePublished":"2023-07-24T17:42:04+00:00","dateModified":"2023-07-24T17:42:06+00:00","mainEntityOfPage":{"@id":"https:\/\/jornalfatosenoticias.com.br\/index.php\/2023\/07\/24\/elon-musk-esta-otimista-sobre-o-uso-de-robos-em-fabricas-da-tesla\/"},"wordCount":296,"commentCount":0,"publisher":{"@id":"https:\/\/jornalfatosenoticias.com.br\/#organization"},"image":{"@id":"https:\/\/jornalfatosenoticias.com.br\/index.php\/2023\/07\/24\/elon-musk-esta-otimista-sobre-o-uso-de-robos-em-fabricas-da-tesla\/#primaryimage"},"thumbnailUrl":"https:\/\/jornalfatosenoticias.com.br\/wp-content\/uploads\/2023\/07\/Optimus-Tesla.jpg","keywords":["Elon Musk","rob\u00f4s","rob\u00f4s Tesla","Tesla"],"articleSection":["Tecnologia &amp; Inova\u00e7\u00e3o"],"inLanguage":"pt-BR","potentialAction":[{"@type":"CommentAction","name":"Comment","target":["https:\/\/jornalfatosenoticias.com.br\/index.php\/2023\/07\/24\/elon-musk-esta-otimista-sobre-o-uso-de-robos-em-fabricas-da-tesla\/#respond"]}]},{"@type":"WebPage","@id":"https:\/\/jornalfatosenoticias.com.br\/index.php\/2023\/07\/24\/elon-musk-esta-otimista-sobre-o-uso-de-robos-em-fabricas-da-tesla\/","url":"https:\/\/jornalfatosenoticias.com.br\/index.php\/2023\/07\/24\/elon-musk-esta-otimista-sobre-o-uso-de-robos-em-fabricas-da-tesla\/","name":"Elon Musk est\u00e1 otimista sobre o uso de rob\u00f4s em f\u00e1bricas da Tesla - Jornal Fatos e Not\u00edcias","isPartOf":{"@id":"https:\/\/jornalfatosenoticias.com.br\/#website"},"primaryImageOfPage":{"@id":"https:\/\/jornalfatosenoticias.com.br\/index.php\/2023\/07\/24\/elon-musk-esta-otimista-sobre-o-uso-de-robos-em-fabricas-da-tesla\/#primaryimage"},"image":{"@id":"https:\/\/jornalfatosenoticias.com.br\/index.php\/2023\/07\/24\/elon-musk-esta-otimista-sobre-o-uso-de-robos-em-fabricas-da-tesla\/#primaryimage"},"thumbnailUrl":"https:\/\/jornalfatosenoticias.com.br\/wp-content\/uploads\/2023\/07\/Optimus-Tesla.jpg","datePublished":"2023-07-24T17:42:04+00:00","dateModified":"2023-07-24T17:42:06+00:00","breadcrumb":{"@id":"https:\/\/jornalfatosenoticias.com.br\/index.php\/2023\/07\/24\/elon-musk-esta-otimista-sobre-o-uso-de-robos-em-fabricas-da-tesla\/#breadcrumb"},"inLanguage":"pt-BR","potentialAction":[{"@type":"ReadAction","target":["https:\/\/jornalfatosenoticias.com.br\/index.php\/2023\/07\/24\/elon-musk-esta-otimista-sobre-o-uso-de-robos-em-fabricas-da-tesla\/"]}]},{"@type":"ImageObject","inLanguage":"pt-BR","@id":"https:\/\/jornalfatosenoticias.com.br\/index.php\/2023\/07\/24\/elon-musk-esta-otimista-sobre-o-uso-de-robos-em-fabricas-da-tesla\/#primaryimage","url":"https:\/\/jornalfatosenoticias.com.br\/wp-content\/uploads\/2023\/07\/Optimus-Tesla.jpg","contentUrl":"https:\/\/jornalfatosenoticias.com.br\/wp-content\/uploads\/2023\/07\/Optimus-Tesla.jpg","width":1000,"height":571},{"@type":"BreadcrumbList","@id":"https:\/\/jornalfatosenoticias.com.br\/index.php\/2023\/07\/24\/elon-musk-esta-otimista-sobre-o-uso-de-robos-em-fabricas-da-tesla\/#breadcrumb","itemListElement":[{"@type":"ListItem","position":1,"name":"In\u00edcio","item":"https:\/\/jornalfatosenoticias.com.br\/"},{"@type":"ListItem","position":2,"name":"Elon Musk est\u00e1 otimista sobre o uso de rob\u00f4s em f\u00e1bricas da Tesla"}]},{"@type":"WebSite","@id":"https:\/\/jornalfatosenoticias.com.br\/#website","url":"https:\/\/jornalfatosenoticias.com.br\/","name":"Jornal Fatos e Not\u00edcias","description":"Not\u00edcias em geral","publisher":{"@id":"https:\/\/jornalfatosenoticias.com.br\/#organization"},"potentialAction":[{"@type":"SearchAction","target":{"@type":"EntryPoint","urlTemplate":"https:\/\/jornalfatosenoticias.com.br\/?s={search_term_string}"},"query-input":{"@type":"PropertyValueSpecification","valueRequired":true,"valueName":"search_term_string"}}],"inLanguage":"pt-BR"},{"@type":"Organization","@id":"https:\/\/jornalfatosenoticias.com.br\/#organization","name":"Jornal Fatos e Not\u00edcias","url":"https:\/\/jornalfatosenoticias.com.br\/","logo":{"@type":"ImageObject","inLanguage":"pt-BR","@id":"https:\/\/jornalfatosenoticias.com.br\/#\/schema\/logo\/image\/","url":"https:\/\/jornalfatosenoticias.com.br\/wp-content\/uploads\/2020\/02\/logo120.png","contentUrl":"https:\/\/jornalfatosenoticias.com.br\/wp-content\/uploads\/2020\/02\/logo120.png","width":1227,"height":120,"caption":"Jornal Fatos e Not\u00edcias"},"image":{"@id":"https:\/\/jornalfatosenoticias.com.br\/#\/schema\/logo\/image\/"}},{"@type":"Person","@id":"https:\/\/jornalfatosenoticias.com.br\/#\/schema\/person\/d63837fa13ac8666eb9e74e0985d6f81","name":"Luzimara Fernandes","image":{"@type":"ImageObject","inLanguage":"pt-BR","@id":"https:\/\/jornalfatosenoticias.com.br\/#\/schema\/person\/image\/","url":"https:\/\/jornalfatosenoticias.com.br\/wp-content\/uploads\/2025\/05\/EU_portal.jpg","contentUrl":"https:\/\/jornalfatosenoticias.com.br\/wp-content\/uploads\/2025\/05\/EU_portal.jpg","caption":"Luzimara Fernandes"},"description":"Jornalista MTB 2358-ES","sameAs":["https:\/\/jornalfatosenoticias.com.br"],"url":"https:\/\/jornalfatosenoticias.com.br\/index.php\/author\/luzimara\/"}]}},"cc_featured_image_caption":{"caption_text":"(Foto: Divulga\u00e7\u00e3o\/Tesla)","source_text":"","source_url":""},"jetpack_featured_media_url":"https:\/\/jornalfatosenoticias.com.br\/wp-content\/uploads\/2023\/07\/Optimus-Tesla.jpg","_links":{"self":[{"href":"https:\/\/jornalfatosenoticias.com.br\/index.php\/wp-json\/wp\/v2\/posts\/43581","targetHints":{"allow":["GET"]}}],"collection":[{"href":"https:\/\/jornalfatosenoticias.com.br\/index.php\/wp-json\/wp\/v2\/posts"}],"about":[{"href":"https:\/\/jornalfatosenoticias.com.br\/index.php\/wp-json\/wp\/v2\/types\/post"}],"author":[{"embeddable":true,"href":"https:\/\/jornalfatosenoticias.com.br\/index.php\/wp-json\/wp\/v2\/users\/2"}],"replies":[{"embeddable":true,"href":"https:\/\/jornalfatosenoticias.com.br\/index.php\/wp-json\/wp\/v2\/comments?post=43581"}],"version-history":[{"count":0,"href":"https:\/\/jornalfatosenoticias.com.br\/index.php\/wp-json\/wp\/v2\/posts\/43581\/revisions"}],"wp:featuredmedia":[{"embeddable":true,"href":"https:\/\/jornalfatosenoticias.com.br\/index.php\/wp-json\/wp\/v2\/media\/43582"}],"wp:attachment":[{"href":"https:\/\/jornalfatosenoticias.com.br\/index.php\/wp-json\/wp\/v2\/media?parent=43581"}],"wp:term":[{"taxonomy":"category","embeddable":true,"href":"https:\/\/jornalfatosenoticias.com.br\/index.php\/wp-json\/wp\/v2\/categories?post=43581"},{"taxonomy":"post_tag","embeddable":true,"href":"https:\/\/jornalfatosenoticias.com.br\/index.php\/wp-json\/wp\/v2\/tags?post=43581"}],"curies":[{"name":"wp","href":"https:\/\/api.w.org\/{rel}","templated":true}]}}