{"id":43593,"date":"2023-07-24T15:27:17","date_gmt":"2023-07-24T18:27:17","guid":{"rendered":"https:\/\/jornalfatosenoticias.com.br\/?p=43593"},"modified":"2023-07-24T15:27:20","modified_gmt":"2023-07-24T18:27:20","slug":"ciro-nogueira-o-pt-quer-fazer-o-ai-5-da-esquerda-para-censurar-a-democracia","status":"publish","type":"post","link":"https:\/\/jornalfatosenoticias.com.br\/index.php\/2023\/07\/24\/ciro-nogueira-o-pt-quer-fazer-o-ai-5-da-esquerda-para-censurar-a-democracia\/","title":{"rendered":"Ciro Nogueira: \u201cO PT quer fazer o AI 5 da esquerda para censurar a democracia\u201d"},"content":{"rendered":"\n<p><em><span class=\"has-inline-color has-black-color\">senador criticou o &#8220;Pacote da Democracia&#8221;, que inclui penas de 20 a 40 anos para crimes contra a vida de autoridades<\/span><\/em><\/p>\n\n\n\n<div class=\"wp-block-image\"><figure class=\"aligncenter size-large is-resized\"><img loading=\"lazy\" decoding=\"async\" src=\"https:\/\/jornalfatosenoticias.com.br\/wp-content\/uploads\/2023\/04\/Logo_MasterMind.jpg\" alt=\"\" class=\"wp-image-40974\" width=\"265\" height=\"193\"\/><\/figure><\/div>\n\n\n\n<p>O presidente nacional do PP (Progressistas), senador Ciro Nogueira (PI), criticou o \u201cPacote da Democracia\u201d, que inclui projetos de lei para endurecer as penas de crimes contra o Estado Democr\u00e1tico de Direito e autoridades p\u00fablicas. A proposta inclui a previs\u00e3o de pena de 20 a 40 anos para crimes contra a vida de autoridades, como o presidente da Rep\u00fablica, o vice-presidente, os presidentes do Senado e da C\u00e2mara dos Deputados, os ministros do Supremo Tribunal Federal (STF) e o procurador-geral da Rep\u00fablica. O congressista acusou o PT de buscar implementar uma vers\u00e3o de AI-5 da esquerda para censurar a democracia.<\/p>\n\n\n\n<div class=\"wp-block-image\"><figure class=\"aligncenter size-large is-resized\"><img loading=\"lazy\" decoding=\"async\" src=\"https:\/\/jornalfatosenoticias.com.br\/wp-content\/uploads\/2022\/02\/Precisao-Contabilidade-1024x724.jpg\" alt=\"\" class=\"wp-image-28088\" width=\"286\" height=\"202\"\/><\/figure><\/div>\n\n\n\n<p><strong><span class=\"has-inline-color has-black-color\">Eis a declara\u00e7\u00e3o de Ciro Nogueira em rede social:<br><\/span><\/strong>Lula: A oposi\u00e7\u00e3o fazer manifesta\u00e7\u00e3o contra o governo, como sempre fez o PT a vida inteira, agora ser\u00e1 crime? Pedir o afastamento do presidente ser\u00e1 ato contra a democracia? Falar que o chefe de Estado \u00e9 \u201cmiliciano e genocida\u201d vai dar 40 anos de cadeia? O PT quer fazer o AI 5 da esquerda para censurar a democracia.<br>Lula, voc\u00ea vai aproveitar e prender o presidente do MST, que invade terras, ao inv\u00e9s de lev\u00e1-lo em suas comitivas internacionais? Vai fazer um mea culpa por tudo o que seu partido falou e fez durante d\u00e9cadas de fake news e de atos que, no seu AI 5, seriam crimes?<br>Lula, mande c\u00f3pia pelo Itamaraty para a Venezuela, Cuba e Nicar\u00e1gua e, a\u00ed, come\u00e7a a conversa s\u00e9ria. Sen\u00e3o, fica s\u00f3 parecendo que seu governo quer o contr\u00e1rio: coibir a democracia aqui em nome da defesa do que, para seus companheiros, voc\u00ea n\u00e3o tem coragem de defender.<br>A melhor defesa da democracia, Lula, \u00e9 a democracia. Ortega vive tentando \u201cdefender\u201d a democracia por l\u00e1. Na verdade, se defender dela para sufoca-la. Deixem a democracia em paz!<\/p>\n\n\n\n<p><strong><em>Fonte: <a href=\"https:\/\/gazetabrasil.com.br\/politica\/2023\/07\/22\/ciro-nogueira-o-pt-quer-fazer-o-ai-5-da-esquerda-para-censurar-a-democracia\/\">Gazeta Brasil<\/a><\/em><\/strong><\/p>\n","protected":false},"excerpt":{"rendered":"<p>senador criticou o &#8220;Pacote da Democracia&#8221;, que inclui penas de 20 a 40 anos para crimes contra a vida de autoridades O presidente nacional do PP (Progressistas), senador Ciro Nogueira (PI), criticou o \u201cPacote da Democracia\u201d, que inclui projetos de lei para endurecer as penas de crimes contra o Estado Democr\u00e1tico de Direito e autoridades [&hellip;]<\/p>\n","protected":false},"author":2,"featured_media":43594,"comment_status":"open","ping_status":"open","sticky":false,"template":"","format":"standard","meta":{"footnotes":""},"categories":[10],"tags":[2149,20537,1344,13186],"class_list":["post-43593","post","type-post","status-publish","format-standard","has-post-thumbnail","hentry","category-politica","tag-censura","tag-ciro-nogueira","tag-democracia","tag-pt"],"yoast_head":"<!-- This site is optimized with the Yoast SEO plugin v26.5 - https:\/\/yoast.com\/wordpress\/plugins\/seo\/ -->\n<title>Ciro Nogueira: \u201cO PT quer fazer o AI 5 da esquerda para censurar a democracia\u201d - Jornal Fatos e Not\u00edcias<\/title>\n<meta name=\"robots\" content=\"index, follow, max-snippet:-1, max-image-preview:large, max-video-preview:-1\" \/>\n<link rel=\"canonical\" href=\"https:\/\/jornalfatosenoticias.com.br\/index.php\/2023\/07\/24\/ciro-nogueira-o-pt-quer-fazer-o-ai-5-da-esquerda-para-censurar-a-democracia\/\" \/>\n<meta property=\"og:locale\" content=\"pt_BR\" \/>\n<meta property=\"og:type\" content=\"article\" \/>\n<meta property=\"og:title\" content=\"Ciro Nogueira: \u201cO PT quer fazer o AI 5 da esquerda para censurar a democracia\u201d - Jornal Fatos e Not\u00edcias\" \/>\n<meta property=\"og:description\" content=\"senador criticou o &#8220;Pacote da Democracia&#8221;, que inclui penas de 20 a 40 anos para crimes contra a vida de autoridades O presidente nacional do PP (Progressistas), senador Ciro Nogueira (PI), criticou o \u201cPacote da Democracia\u201d, que inclui projetos de lei para endurecer as penas de crimes contra o Estado Democr\u00e1tico de Direito e autoridades [&hellip;]\" \/>\n<meta property=\"og:url\" content=\"https:\/\/jornalfatosenoticias.com.br\/index.php\/2023\/07\/24\/ciro-nogueira-o-pt-quer-fazer-o-ai-5-da-esquerda-para-censurar-a-democracia\/\" \/>\n<meta property=\"og:site_name\" content=\"Jornal Fatos e Not\u00edcias\" \/>\n<meta property=\"article:published_time\" content=\"2023-07-24T18:27:17+00:00\" \/>\n<meta property=\"article:modified_time\" content=\"2023-07-24T18:27:20+00:00\" \/>\n<meta property=\"og:image\" content=\"https:\/\/jornalfatosenoticias.com.br\/wp-content\/uploads\/2023\/07\/ciro-nogueira.jpg\" \/>\n\t<meta property=\"og:image:width\" content=\"650\" \/>\n\t<meta property=\"og:image:height\" content=\"375\" \/>\n\t<meta property=\"og:image:type\" content=\"image\/jpeg\" \/>\n<meta name=\"author\" content=\"Luzimara Fernandes\" \/>\n<meta name=\"twitter:card\" content=\"summary_large_image\" \/>\n<meta name=\"twitter:label1\" content=\"Escrito por\" \/>\n\t<meta name=\"twitter:data1\" content=\"Luzimara Fernandes\" \/>\n\t<meta name=\"twitter:label2\" content=\"Est. tempo de leitura\" \/>\n\t<meta name=\"twitter:data2\" content=\"2 minutos\" \/>\n<script type=\"application\/ld+json\" class=\"yoast-schema-graph\">{\"@context\":\"https:\/\/schema.org\",\"@graph\":[{\"@type\":\"Article\",\"@id\":\"https:\/\/jornalfatosenoticias.com.br\/index.php\/2023\/07\/24\/ciro-nogueira-o-pt-quer-fazer-o-ai-5-da-esquerda-para-censurar-a-democracia\/#article\",\"isPartOf\":{\"@id\":\"https:\/\/jornalfatosenoticias.com.br\/index.php\/2023\/07\/24\/ciro-nogueira-o-pt-quer-fazer-o-ai-5-da-esquerda-para-censurar-a-democracia\/\"},\"author\":{\"name\":\"Luzimara Fernandes\",\"@id\":\"https:\/\/jornalfatosenoticias.com.br\/#\/schema\/person\/d63837fa13ac8666eb9e74e0985d6f81\"},\"headline\":\"Ciro Nogueira: \u201cO PT quer fazer o AI 5 da esquerda para censurar a democracia\u201d\",\"datePublished\":\"2023-07-24T18:27:17+00:00\",\"dateModified\":\"2023-07-24T18:27:20+00:00\",\"mainEntityOfPage\":{\"@id\":\"https:\/\/jornalfatosenoticias.com.br\/index.php\/2023\/07\/24\/ciro-nogueira-o-pt-quer-fazer-o-ai-5-da-esquerda-para-censurar-a-democracia\/\"},\"wordCount\":341,\"commentCount\":0,\"publisher\":{\"@id\":\"https:\/\/jornalfatosenoticias.com.br\/#organization\"},\"image\":{\"@id\":\"https:\/\/jornalfatosenoticias.com.br\/index.php\/2023\/07\/24\/ciro-nogueira-o-pt-quer-fazer-o-ai-5-da-esquerda-para-censurar-a-democracia\/#primaryimage\"},\"thumbnailUrl\":\"https:\/\/jornalfatosenoticias.com.br\/wp-content\/uploads\/2023\/07\/ciro-nogueira.jpg\",\"keywords\":[\"censura\",\"Ciro Nogueira\",\"democracia\",\"PT\"],\"articleSection\":[\"Pol\u00edtica\"],\"inLanguage\":\"pt-BR\",\"potentialAction\":[{\"@type\":\"CommentAction\",\"name\":\"Comment\",\"target\":[\"https:\/\/jornalfatosenoticias.com.br\/index.php\/2023\/07\/24\/ciro-nogueira-o-pt-quer-fazer-o-ai-5-da-esquerda-para-censurar-a-democracia\/#respond\"]}]},{\"@type\":\"WebPage\",\"@id\":\"https:\/\/jornalfatosenoticias.com.br\/index.php\/2023\/07\/24\/ciro-nogueira-o-pt-quer-fazer-o-ai-5-da-esquerda-para-censurar-a-democracia\/\",\"url\":\"https:\/\/jornalfatosenoticias.com.br\/index.php\/2023\/07\/24\/ciro-nogueira-o-pt-quer-fazer-o-ai-5-da-esquerda-para-censurar-a-democracia\/\",\"name\":\"Ciro Nogueira: \u201cO PT quer fazer o AI 5 da esquerda para censurar a democracia\u201d - Jornal Fatos e Not\u00edcias\",\"isPartOf\":{\"@id\":\"https:\/\/jornalfatosenoticias.com.br\/#website\"},\"primaryImageOfPage\":{\"@id\":\"https:\/\/jornalfatosenoticias.com.br\/index.php\/2023\/07\/24\/ciro-nogueira-o-pt-quer-fazer-o-ai-5-da-esquerda-para-censurar-a-democracia\/#primaryimage\"},\"image\":{\"@id\":\"https:\/\/jornalfatosenoticias.com.br\/index.php\/2023\/07\/24\/ciro-nogueira-o-pt-quer-fazer-o-ai-5-da-esquerda-para-censurar-a-democracia\/#primaryimage\"},\"thumbnailUrl\":\"https:\/\/jornalfatosenoticias.com.br\/wp-content\/uploads\/2023\/07\/ciro-nogueira.jpg\",\"datePublished\":\"2023-07-24T18:27:17+00:00\",\"dateModified\":\"2023-07-24T18:27:20+00:00\",\"breadcrumb\":{\"@id\":\"https:\/\/jornalfatosenoticias.com.br\/index.php\/2023\/07\/24\/ciro-nogueira-o-pt-quer-fazer-o-ai-5-da-esquerda-para-censurar-a-democracia\/#breadcrumb\"},\"inLanguage\":\"pt-BR\",\"potentialAction\":[{\"@type\":\"ReadAction\",\"target\":[\"https:\/\/jornalfatosenoticias.com.br\/index.php\/2023\/07\/24\/ciro-nogueira-o-pt-quer-fazer-o-ai-5-da-esquerda-para-censurar-a-democracia\/\"]}]},{\"@type\":\"ImageObject\",\"inLanguage\":\"pt-BR\",\"@id\":\"https:\/\/jornalfatosenoticias.com.br\/index.php\/2023\/07\/24\/ciro-nogueira-o-pt-quer-fazer-o-ai-5-da-esquerda-para-censurar-a-democracia\/#primaryimage\",\"url\":\"https:\/\/jornalfatosenoticias.com.br\/wp-content\/uploads\/2023\/07\/ciro-nogueira.jpg\",\"contentUrl\":\"https:\/\/jornalfatosenoticias.com.br\/wp-content\/uploads\/2023\/07\/ciro-nogueira.jpg\",\"width\":650,\"height\":375},{\"@type\":\"BreadcrumbList\",\"@id\":\"https:\/\/jornalfatosenoticias.com.br\/index.php\/2023\/07\/24\/ciro-nogueira-o-pt-quer-fazer-o-ai-5-da-esquerda-para-censurar-a-democracia\/#breadcrumb\",\"itemListElement\":[{\"@type\":\"ListItem\",\"position\":1,\"name\":\"In\u00edcio\",\"item\":\"https:\/\/jornalfatosenoticias.com.br\/\"},{\"@type\":\"ListItem\",\"position\":2,\"name\":\"Ciro Nogueira: \u201cO PT quer fazer o AI 5 da esquerda para censurar a democracia\u201d\"}]},{\"@type\":\"WebSite\",\"@id\":\"https:\/\/jornalfatosenoticias.com.br\/#website\",\"url\":\"https:\/\/jornalfatosenoticias.com.br\/\",\"name\":\"Jornal Fatos e Not\u00edcias\",\"description\":\"Not\u00edcias em geral\",\"publisher\":{\"@id\":\"https:\/\/jornalfatosenoticias.com.br\/#organization\"},\"potentialAction\":[{\"@type\":\"SearchAction\",\"target\":{\"@type\":\"EntryPoint\",\"urlTemplate\":\"https:\/\/jornalfatosenoticias.com.br\/?s={search_term_string}\"},\"query-input\":{\"@type\":\"PropertyValueSpecification\",\"valueRequired\":true,\"valueName\":\"search_term_string\"}}],\"inLanguage\":\"pt-BR\"},{\"@type\":\"Organization\",\"@id\":\"https:\/\/jornalfatosenoticias.com.br\/#organization\",\"name\":\"Jornal Fatos e Not\u00edcias\",\"url\":\"https:\/\/jornalfatosenoticias.com.br\/\",\"logo\":{\"@type\":\"ImageObject\",\"inLanguage\":\"pt-BR\",\"@id\":\"https:\/\/jornalfatosenoticias.com.br\/#\/schema\/logo\/image\/\",\"url\":\"https:\/\/jornalfatosenoticias.com.br\/wp-content\/uploads\/2020\/02\/logo120.png\",\"contentUrl\":\"https:\/\/jornalfatosenoticias.com.br\/wp-content\/uploads\/2020\/02\/logo120.png\",\"width\":1227,\"height\":120,\"caption\":\"Jornal Fatos e Not\u00edcias\"},\"image\":{\"@id\":\"https:\/\/jornalfatosenoticias.com.br\/#\/schema\/logo\/image\/\"}},{\"@type\":\"Person\",\"@id\":\"https:\/\/jornalfatosenoticias.com.br\/#\/schema\/person\/d63837fa13ac8666eb9e74e0985d6f81\",\"name\":\"Luzimara Fernandes\",\"image\":{\"@type\":\"ImageObject\",\"inLanguage\":\"pt-BR\",\"@id\":\"https:\/\/jornalfatosenoticias.com.br\/#\/schema\/person\/image\/\",\"url\":\"https:\/\/jornalfatosenoticias.com.br\/wp-content\/uploads\/2025\/05\/EU_portal.jpg\",\"contentUrl\":\"https:\/\/jornalfatosenoticias.com.br\/wp-content\/uploads\/2025\/05\/EU_portal.jpg\",\"caption\":\"Luzimara Fernandes\"},\"description\":\"Jornalista MTB 2358-ES\",\"sameAs\":[\"https:\/\/jornalfatosenoticias.com.br\"],\"url\":\"https:\/\/jornalfatosenoticias.com.br\/index.php\/author\/luzimara\/\"}]}<\/script>\n<!-- \/ Yoast SEO plugin. -->","yoast_head_json":{"title":"Ciro Nogueira: \u201cO PT quer fazer o AI 5 da esquerda para censurar a democracia\u201d - Jornal Fatos e Not\u00edcias","robots":{"index":"index","follow":"follow","max-snippet":"max-snippet:-1","max-image-preview":"max-image-preview:large","max-video-preview":"max-video-preview:-1"},"canonical":"https:\/\/jornalfatosenoticias.com.br\/index.php\/2023\/07\/24\/ciro-nogueira-o-pt-quer-fazer-o-ai-5-da-esquerda-para-censurar-a-democracia\/","og_locale":"pt_BR","og_type":"article","og_title":"Ciro Nogueira: \u201cO PT quer fazer o AI 5 da esquerda para censurar a democracia\u201d - Jornal Fatos e Not\u00edcias","og_description":"senador criticou o &#8220;Pacote da Democracia&#8221;, que inclui penas de 20 a 40 anos para crimes contra a vida de autoridades O presidente nacional do PP (Progressistas), senador Ciro Nogueira (PI), criticou o \u201cPacote da Democracia\u201d, que inclui projetos de lei para endurecer as penas de crimes contra o Estado Democr\u00e1tico de Direito e autoridades [&hellip;]","og_url":"https:\/\/jornalfatosenoticias.com.br\/index.php\/2023\/07\/24\/ciro-nogueira-o-pt-quer-fazer-o-ai-5-da-esquerda-para-censurar-a-democracia\/","og_site_name":"Jornal Fatos e Not\u00edcias","article_published_time":"2023-07-24T18:27:17+00:00","article_modified_time":"2023-07-24T18:27:20+00:00","og_image":[{"width":650,"height":375,"url":"https:\/\/jornalfatosenoticias.com.br\/wp-content\/uploads\/2023\/07\/ciro-nogueira.jpg","type":"image\/jpeg"}],"author":"Luzimara Fernandes","twitter_card":"summary_large_image","twitter_misc":{"Escrito por":"Luzimara Fernandes","Est. tempo de leitura":"2 minutos"},"schema":{"@context":"https:\/\/schema.org","@graph":[{"@type":"Article","@id":"https:\/\/jornalfatosenoticias.com.br\/index.php\/2023\/07\/24\/ciro-nogueira-o-pt-quer-fazer-o-ai-5-da-esquerda-para-censurar-a-democracia\/#article","isPartOf":{"@id":"https:\/\/jornalfatosenoticias.com.br\/index.php\/2023\/07\/24\/ciro-nogueira-o-pt-quer-fazer-o-ai-5-da-esquerda-para-censurar-a-democracia\/"},"author":{"name":"Luzimara Fernandes","@id":"https:\/\/jornalfatosenoticias.com.br\/#\/schema\/person\/d63837fa13ac8666eb9e74e0985d6f81"},"headline":"Ciro Nogueira: \u201cO PT quer fazer o AI 5 da esquerda para censurar a democracia\u201d","datePublished":"2023-07-24T18:27:17+00:00","dateModified":"2023-07-24T18:27:20+00:00","mainEntityOfPage":{"@id":"https:\/\/jornalfatosenoticias.com.br\/index.php\/2023\/07\/24\/ciro-nogueira-o-pt-quer-fazer-o-ai-5-da-esquerda-para-censurar-a-democracia\/"},"wordCount":341,"commentCount":0,"publisher":{"@id":"https:\/\/jornalfatosenoticias.com.br\/#organization"},"image":{"@id":"https:\/\/jornalfatosenoticias.com.br\/index.php\/2023\/07\/24\/ciro-nogueira-o-pt-quer-fazer-o-ai-5-da-esquerda-para-censurar-a-democracia\/#primaryimage"},"thumbnailUrl":"https:\/\/jornalfatosenoticias.com.br\/wp-content\/uploads\/2023\/07\/ciro-nogueira.jpg","keywords":["censura","Ciro Nogueira","democracia","PT"],"articleSection":["Pol\u00edtica"],"inLanguage":"pt-BR","potentialAction":[{"@type":"CommentAction","name":"Comment","target":["https:\/\/jornalfatosenoticias.com.br\/index.php\/2023\/07\/24\/ciro-nogueira-o-pt-quer-fazer-o-ai-5-da-esquerda-para-censurar-a-democracia\/#respond"]}]},{"@type":"WebPage","@id":"https:\/\/jornalfatosenoticias.com.br\/index.php\/2023\/07\/24\/ciro-nogueira-o-pt-quer-fazer-o-ai-5-da-esquerda-para-censurar-a-democracia\/","url":"https:\/\/jornalfatosenoticias.com.br\/index.php\/2023\/07\/24\/ciro-nogueira-o-pt-quer-fazer-o-ai-5-da-esquerda-para-censurar-a-democracia\/","name":"Ciro Nogueira: \u201cO PT quer fazer o AI 5 da esquerda para censurar a democracia\u201d - Jornal Fatos e Not\u00edcias","isPartOf":{"@id":"https:\/\/jornalfatosenoticias.com.br\/#website"},"primaryImageOfPage":{"@id":"https:\/\/jornalfatosenoticias.com.br\/index.php\/2023\/07\/24\/ciro-nogueira-o-pt-quer-fazer-o-ai-5-da-esquerda-para-censurar-a-democracia\/#primaryimage"},"image":{"@id":"https:\/\/jornalfatosenoticias.com.br\/index.php\/2023\/07\/24\/ciro-nogueira-o-pt-quer-fazer-o-ai-5-da-esquerda-para-censurar-a-democracia\/#primaryimage"},"thumbnailUrl":"https:\/\/jornalfatosenoticias.com.br\/wp-content\/uploads\/2023\/07\/ciro-nogueira.jpg","datePublished":"2023-07-24T18:27:17+00:00","dateModified":"2023-07-24T18:27:20+00:00","breadcrumb":{"@id":"https:\/\/jornalfatosenoticias.com.br\/index.php\/2023\/07\/24\/ciro-nogueira-o-pt-quer-fazer-o-ai-5-da-esquerda-para-censurar-a-democracia\/#breadcrumb"},"inLanguage":"pt-BR","potentialAction":[{"@type":"ReadAction","target":["https:\/\/jornalfatosenoticias.com.br\/index.php\/2023\/07\/24\/ciro-nogueira-o-pt-quer-fazer-o-ai-5-da-esquerda-para-censurar-a-democracia\/"]}]},{"@type":"ImageObject","inLanguage":"pt-BR","@id":"https:\/\/jornalfatosenoticias.com.br\/index.php\/2023\/07\/24\/ciro-nogueira-o-pt-quer-fazer-o-ai-5-da-esquerda-para-censurar-a-democracia\/#primaryimage","url":"https:\/\/jornalfatosenoticias.com.br\/wp-content\/uploads\/2023\/07\/ciro-nogueira.jpg","contentUrl":"https:\/\/jornalfatosenoticias.com.br\/wp-content\/uploads\/2023\/07\/ciro-nogueira.jpg","width":650,"height":375},{"@type":"BreadcrumbList","@id":"https:\/\/jornalfatosenoticias.com.br\/index.php\/2023\/07\/24\/ciro-nogueira-o-pt-quer-fazer-o-ai-5-da-esquerda-para-censurar-a-democracia\/#breadcrumb","itemListElement":[{"@type":"ListItem","position":1,"name":"In\u00edcio","item":"https:\/\/jornalfatosenoticias.com.br\/"},{"@type":"ListItem","position":2,"name":"Ciro Nogueira: \u201cO PT quer fazer o AI 5 da esquerda para censurar a democracia\u201d"}]},{"@type":"WebSite","@id":"https:\/\/jornalfatosenoticias.com.br\/#website","url":"https:\/\/jornalfatosenoticias.com.br\/","name":"Jornal Fatos e Not\u00edcias","description":"Not\u00edcias em geral","publisher":{"@id":"https:\/\/jornalfatosenoticias.com.br\/#organization"},"potentialAction":[{"@type":"SearchAction","target":{"@type":"EntryPoint","urlTemplate":"https:\/\/jornalfatosenoticias.com.br\/?s={search_term_string}"},"query-input":{"@type":"PropertyValueSpecification","valueRequired":true,"valueName":"search_term_string"}}],"inLanguage":"pt-BR"},{"@type":"Organization","@id":"https:\/\/jornalfatosenoticias.com.br\/#organization","name":"Jornal Fatos e Not\u00edcias","url":"https:\/\/jornalfatosenoticias.com.br\/","logo":{"@type":"ImageObject","inLanguage":"pt-BR","@id":"https:\/\/jornalfatosenoticias.com.br\/#\/schema\/logo\/image\/","url":"https:\/\/jornalfatosenoticias.com.br\/wp-content\/uploads\/2020\/02\/logo120.png","contentUrl":"https:\/\/jornalfatosenoticias.com.br\/wp-content\/uploads\/2020\/02\/logo120.png","width":1227,"height":120,"caption":"Jornal Fatos e Not\u00edcias"},"image":{"@id":"https:\/\/jornalfatosenoticias.com.br\/#\/schema\/logo\/image\/"}},{"@type":"Person","@id":"https:\/\/jornalfatosenoticias.com.br\/#\/schema\/person\/d63837fa13ac8666eb9e74e0985d6f81","name":"Luzimara Fernandes","image":{"@type":"ImageObject","inLanguage":"pt-BR","@id":"https:\/\/jornalfatosenoticias.com.br\/#\/schema\/person\/image\/","url":"https:\/\/jornalfatosenoticias.com.br\/wp-content\/uploads\/2025\/05\/EU_portal.jpg","contentUrl":"https:\/\/jornalfatosenoticias.com.br\/wp-content\/uploads\/2025\/05\/EU_portal.jpg","caption":"Luzimara Fernandes"},"description":"Jornalista MTB 2358-ES","sameAs":["https:\/\/jornalfatosenoticias.com.br"],"url":"https:\/\/jornalfatosenoticias.com.br\/index.php\/author\/luzimara\/"}]}},"cc_featured_image_caption":{"caption_text":"(Foto: Pedro Fran\u00e7a\/Ag\u00eancia Senado)","source_text":"","source_url":""},"jetpack_featured_media_url":"https:\/\/jornalfatosenoticias.com.br\/wp-content\/uploads\/2023\/07\/ciro-nogueira.jpg","_links":{"self":[{"href":"https:\/\/jornalfatosenoticias.com.br\/index.php\/wp-json\/wp\/v2\/posts\/43593","targetHints":{"allow":["GET"]}}],"collection":[{"href":"https:\/\/jornalfatosenoticias.com.br\/index.php\/wp-json\/wp\/v2\/posts"}],"about":[{"href":"https:\/\/jornalfatosenoticias.com.br\/index.php\/wp-json\/wp\/v2\/types\/post"}],"author":[{"embeddable":true,"href":"https:\/\/jornalfatosenoticias.com.br\/index.php\/wp-json\/wp\/v2\/users\/2"}],"replies":[{"embeddable":true,"href":"https:\/\/jornalfatosenoticias.com.br\/index.php\/wp-json\/wp\/v2\/comments?post=43593"}],"version-history":[{"count":0,"href":"https:\/\/jornalfatosenoticias.com.br\/index.php\/wp-json\/wp\/v2\/posts\/43593\/revisions"}],"wp:featuredmedia":[{"embeddable":true,"href":"https:\/\/jornalfatosenoticias.com.br\/index.php\/wp-json\/wp\/v2\/media\/43594"}],"wp:attachment":[{"href":"https:\/\/jornalfatosenoticias.com.br\/index.php\/wp-json\/wp\/v2\/media?parent=43593"}],"wp:term":[{"taxonomy":"category","embeddable":true,"href":"https:\/\/jornalfatosenoticias.com.br\/index.php\/wp-json\/wp\/v2\/categories?post=43593"},{"taxonomy":"post_tag","embeddable":true,"href":"https:\/\/jornalfatosenoticias.com.br\/index.php\/wp-json\/wp\/v2\/tags?post=43593"}],"curies":[{"name":"wp","href":"https:\/\/api.w.org\/{rel}","templated":true}]}}