{"id":43602,"date":"2023-07-25T09:21:18","date_gmt":"2023-07-25T12:21:18","guid":{"rendered":"https:\/\/jornalfatosenoticias.com.br\/?p=43602"},"modified":"2023-07-25T09:21:19","modified_gmt":"2023-07-25T12:21:19","slug":"o-que-o-futuro-do-morar-nos-reserva-eis-as-tendencias-apontadas-em-novo-estudo","status":"publish","type":"post","link":"https:\/\/jornalfatosenoticias.com.br\/index.php\/2023\/07\/25\/o-que-o-futuro-do-morar-nos-reserva-eis-as-tendencias-apontadas-em-novo-estudo\/","title":{"rendered":"O que o futuro do morar nos reserva? Eis as tend\u00eancias apontadas em novo estudo"},"content":{"rendered":"\n<p><em><span class=\"has-inline-color has-black-color\">Pesquisa mostra que a conectividade, o conforto, o lazer e o bem-estar s\u00e3o pilares que norteiam os desejos dos moradores na cria\u00e7\u00e3o de lares mais funcionais, flex\u00edveis e afetivos<\/span><\/em><\/p>\n\n\n\n<p><em><span class=\"has-inline-color has-black-color\">Por <strong>Laura Raffs<\/strong><\/span><\/em><\/p>\n\n\n\n<div class=\"wp-block-image\"><figure class=\"aligncenter size-large\"><img loading=\"lazy\" decoding=\"async\" width=\"729\" height=\"90\" src=\"https:\/\/jornalfatosenoticias.com.br\/wp-content\/uploads\/2020\/02\/Logo_Mizu.png\" alt=\"\" class=\"wp-image-1441\" srcset=\"https:\/\/jornalfatosenoticias.com.br\/wp-content\/uploads\/2020\/02\/Logo_Mizu.png 729w, https:\/\/jornalfatosenoticias.com.br\/wp-content\/uploads\/2020\/02\/Logo_Mizu-300x37.png 300w\" sizes=\"auto, (max-width: 729px) 100vw, 729px\" \/><\/figure><\/div>\n\n\n\n<p>Com a rotina atribulada, a casa acabou se tornando apenas um dormit\u00f3rio, onde seus moradores passavam para dormir, descansar e se preparar para o novo dia. Por\u00e9m, nos \u00faltimos anos, a tend\u00eancia \u00e9 outra: os nossos lares est\u00e3o se transformando em locais de <a class=\"\" href=\"https:\/\/casavogue.globo.com\/Interiores\/Ambientes\/noticia\/2020\/10\/5-pequenas-transformacoes-que-melhoram-o-conforto-em-casa.html\"><strong>conforto<\/strong><\/a>\u00a0e lazer, cada vez mais voltados para o\u00a0<a class=\"\" href=\"https:\/\/casavogue.globo.com\/Interiores\/Ambientes\/noticia\/2019\/05\/bem-estar-em-casa-11-dicas-para-montar-o-seu-canto-de-relax.html\"><strong>bem-estar<\/strong><\/a> \u2014 seja f\u00edsico, mental ou social.<\/p>\n\n\n\n<blockquote class=\"wp-block-quote is-layout-flow wp-block-quote-is-layout-flow\"><p><span class=\"has-inline-color has-luminous-vivid-orange-color\">N\u00f3s, como seres humanos, temos nossas conex\u00f5es enquanto mam\u00edferos. Somos seres sociais e precisamos nos apoiar uns nos outros. Portanto, essa quest\u00e3o biol\u00f3gica fala muito no futuro do morar: estar junto e socializar conduzem nossos h\u00e1bitos\u201d, aponta o designer <strong>Jader Almeida.<\/strong><\/span><\/p><\/blockquote>\n\n\n\n<div class=\"wp-block-image\"><figure class=\"aligncenter size-large\"><img decoding=\"async\" src=\"https:\/\/jornalfatosenoticias.com.br\/wp-content\/uploads\/2020\/02\/barao-das-carnes-300x164-1.jpg\" alt=\"\" class=\"wp-image-34339\"\/><\/figure><\/div>\n\n\n\n<p>S\u00e3o estas tend\u00eancias que s\u00e3o apresentadas pelo estudo <em>O Futuro do Morar<\/em>, realizado pela Dexco, a maior empresa produtora de\u00a0<a class=\"\" href=\"https:\/\/casavogue.globo.com\/Interiores\/Ambientes\/noticia\/2019\/05\/10-paineis-de-madeira-que-decoram-e-transformam-qualquer-ambiente.html\"><strong>pain\u00e9is de madeira<\/strong><\/a>\u00a0industrializada do Brasil. A pesquisa obtida em primeira m\u00e3o pela\u00a0<strong><em>Casa Vogue<\/em><\/strong> prev\u00ea o que as pessoas desejam em rela\u00e7\u00e3o a sua casa ao analisar comportamentos e emo\u00e7\u00f5es do consumidor.<br>A <strong><a class=\"\" href=\"https:\/\/casavogue.globo.com\/Interiores\/Ambientes\/noticia\/2020\/05\/11-coisas-que-devem-mudar-na-casa-apos-pandemia-do-covid-19.html\">pandemia<\/a><\/strong> desempenhou um papel essencial nas quest\u00f5es do morar. Com ela, muitos foram obrigados a passar mais tempo dentro de seus lares, o que contribuiu para um maior foco na busca por bem-estar dentro da pr\u00f3pria casa.<\/p>\n\n\n\n<div class=\"wp-block-image\"><figure class=\"aligncenter size-large is-resized\"><img loading=\"lazy\" decoding=\"async\" src=\"https:\/\/jornalfatosenoticias.com.br\/wp-content\/uploads\/2023\/03\/logo-Panper_portal.jpg\" alt=\"\" class=\"wp-image-40208\" width=\"305\" height=\"211\" srcset=\"https:\/\/jornalfatosenoticias.com.br\/wp-content\/uploads\/2023\/03\/logo-Panper_portal.jpg 400w, https:\/\/jornalfatosenoticias.com.br\/wp-content\/uploads\/2023\/03\/logo-Panper_portal-300x208.jpg 300w\" sizes=\"auto, (max-width: 305px) 100vw, 305px\" \/><\/figure><\/div>\n\n\n\n<blockquote class=\"wp-block-quote is-layout-flow wp-block-quote-is-layout-flow\"><p><span class=\"has-inline-color has-luminous-vivid-orange-color\">A <strong><a class=\"\" href=\"https:\/\/casavogue.globo.com\/Interiores\/Ambientes\/noticia\/2020\/05\/11-coisas-que-devem-mudar-na-casa-apos-pandemia-do-covid-19.html\">pandemia<\/a><\/strong> n\u00e3o trouxe nada de novo, tudo o que vivemos nela de alguma forma j\u00e1 estava manifestado. Ela trouxe uma lente de aumento, permitindo que tenhamos uma vis\u00e3o mais clara sobre o que estava acontecendo\u201d, explica Mateus Silveira, head do design office da Dexco e respons\u00e1vel pela condu\u00e7\u00e3o do estudo.<\/span><\/p><\/blockquote>\n\n\n\n<div class=\"wp-block-image\"><figure class=\"aligncenter size-large is-resized\"><img loading=\"lazy\" decoding=\"async\" src=\"https:\/\/jornalfatosenoticias.com.br\/wp-content\/uploads\/2020\/02\/logo-Rapuzel-1024x571.jpg\" alt=\"\" class=\"wp-image-42808\" width=\"321\" height=\"179\" srcset=\"https:\/\/jornalfatosenoticias.com.br\/wp-content\/uploads\/2020\/02\/logo-Rapuzel-1024x571.jpg 1024w, https:\/\/jornalfatosenoticias.com.br\/wp-content\/uploads\/2020\/02\/logo-Rapuzel-300x167.jpg 300w, https:\/\/jornalfatosenoticias.com.br\/wp-content\/uploads\/2020\/02\/logo-Rapuzel-768x428.jpg 768w, https:\/\/jornalfatosenoticias.com.br\/wp-content\/uploads\/2020\/02\/logo-Rapuzel-1536x856.jpg 1536w, https:\/\/jornalfatosenoticias.com.br\/wp-content\/uploads\/2020\/02\/logo-Rapuzel.jpg 1600w\" sizes=\"auto, (max-width: 321px) 100vw, 321px\" \/><\/figure><\/div>\n\n\n\n<p>Inclusive, dados da WGSN, empresa norte-americana de previs\u00e3o de tend\u00eancias mostram quais as maiores preocupa\u00e7\u00f5es dos consumidores relacionadas \u00e0 <strong><a class=\"\" href=\"https:\/\/casavogue.globo.com\/Casa-Vogue-Estate\/noticia\/2022\/02\/em-seis-anos-construir-casa-passa-custar-mais-que-o-dobro-no-brasil.html\">despesa do lar<\/a><\/strong> e em quais setores realmente recebem mais aten\u00e7\u00e3o. O resultado \u00e9 que as pessoas acabam valorizando mais o lazer do que pensam: o setor representa a maior parcela dos gastos das pessoas, totalizando 21,4%.<\/p>\n\n\n\n<div class=\"wp-block-image\"><figure class=\"aligncenter size-large is-resized\"><img loading=\"lazy\" decoding=\"async\" src=\"https:\/\/jornalfatosenoticias.com.br\/wp-content\/uploads\/2023\/04\/Logo_MasterMind.jpg\" alt=\"\" class=\"wp-image-40974\" width=\"301\" height=\"219\"\/><\/figure><\/div>\n\n\n\n<blockquote class=\"wp-block-quote is-layout-flow wp-block-quote-is-layout-flow\"><p><span class=\"has-inline-color has-luminous-vivid-orange-color\">A rela\u00e7\u00e3o com a moradia sempre est\u00e1 no campo do conforto, mas ap\u00f3s a pandemia, quando fomos obrigados a ficar dentro de um espa\u00e7o compartimentado, isso ressaltou muito a import\u00e2ncia de termos algo que nos fa\u00e7a bem em termos de arquitetura, design e produtos. Foi um epis\u00f3dio que refor\u00e7ou mais ainda nossa ess\u00eancia como humanos, que condicionamos o meio a n\u00f3s mesmos para nos sentirmos melhor\u201d, destaca Jader Almeida.<\/span><\/p><\/blockquote>\n\n\n\n<div class=\"wp-block-image\"><figure class=\"aligncenter size-large is-resized\"><img loading=\"lazy\" decoding=\"async\" src=\"https:\/\/jornalfatosenoticias.com.br\/wp-content\/uploads\/2023\/03\/nova-logo-Marquetti.jpg\" alt=\"\" class=\"wp-image-40207\" width=\"271\" height=\"182\" srcset=\"https:\/\/jornalfatosenoticias.com.br\/wp-content\/uploads\/2023\/03\/nova-logo-Marquetti.jpg 643w, https:\/\/jornalfatosenoticias.com.br\/wp-content\/uploads\/2023\/03\/nova-logo-Marquetti-300x202.jpg 300w\" sizes=\"auto, (max-width: 271px) 100vw, 271px\" \/><\/figure><\/div>\n\n\n\n<h3 class=\"wp-block-heading\"><strong><span class=\"has-inline-color has-vivid-purple-color\">A conex\u00e3o da casa com o eu, a comunidade e o planeta<\/span><\/strong><\/h3>\n\n\n\n<div class=\"wp-block-image\"><figure class=\"aligncenter size-large\"><img loading=\"lazy\" decoding=\"async\" width=\"984\" height=\"655\" src=\"https:\/\/jornalfatosenoticias.com.br\/wp-content\/uploads\/2023\/07\/ap-guto-requena-2.jpg\" alt=\"\" class=\"wp-image-43604\" srcset=\"https:\/\/jornalfatosenoticias.com.br\/wp-content\/uploads\/2023\/07\/ap-guto-requena-2.jpg 984w, https:\/\/jornalfatosenoticias.com.br\/wp-content\/uploads\/2023\/07\/ap-guto-requena-2-300x200.jpg 300w, https:\/\/jornalfatosenoticias.com.br\/wp-content\/uploads\/2023\/07\/ap-guto-requena-2-768x511.jpg 768w\" sizes=\"auto, (max-width: 984px) 100vw, 984px\" \/><figcaption><em><span class=\"has-inline-color has-black-color\">Segundo Guto Requena, \u00e9 poss\u00edvel que o avan\u00e7o tecnol\u00f3gico e aconchego andem lado a lado (Foto: Filippo Bamberghi)<\/span><\/em><\/figcaption><\/figure><\/div>\n\n\n\n<p>Uma das principais tend\u00eancias do morar \u00e9 em rela\u00e7\u00e3o \u00e0 conectividade \u2014 no sentido mais amplo da palavra. Al\u00e9m de representar a automa\u00e7\u00e3o da casa e tecnologia, que facilita o dia a dia dos moradores, o conceito representa uma conex\u00e3o com a <strong><a class=\"\" href=\"https:\/\/casavogue.globo.com\/Casa-Vogue-Experience\/noticia\/2019\/10\/sustentabilidade-em-grande-e-pequena-escala.html\">sustentabilidade<\/a><\/strong> e preserva\u00e7\u00e3o da natureza, com pr\u00e1ticas mais equilibradas.<\/p>\n\n\n\n<blockquote class=\"wp-block-quote is-layout-flow wp-block-quote-is-layout-flow\"><p><span class=\"has-inline-color has-luminous-vivid-orange-color\">Usar tecnologias digitais para criar novas espacialidades \u00e9 um ponto importante. Tenho feito isso em projetos do meu est\u00fadio quase em sua totalidade. Adoramos trabalhar com algoritmos <strong><a class=\"\" href=\"https:\/\/casavogue.globo.com\/Arquitetura\/noticia\/2018\/12\/saiba-o-que-e-arquitetura-parametrica-e-como-influencia-construcoes-no-mundo.html\">e arquitetura param\u00e9trica<\/a>.<\/strong> Um dos pilares \u00e9 a quest\u00e3o da tecnologia, seja atrav\u00e9s do uso de algoritmos para criar uma nova est\u00e9tica ou atrav\u00e9s de <a class=\"\" href=\"https:\/\/casavogue.globo.com\/Casa-Vogue-Experience\/noticia\/2019\/10\/casa-conectada-produtos-apostam-em-tecnologia-e-design-de-ponta.html\"><strong>casas conectadas<\/strong><\/a>\u00a0e, portanto, sustent\u00e1veis\u201d, afirma o arquiteto\u00a0<strong>Guto Requena<\/strong>.<\/span><\/p><\/blockquote>\n\n\n\n<div class=\"wp-block-image\"><figure class=\"aligncenter size-large is-resized\"><img loading=\"lazy\" decoding=\"async\" src=\"https:\/\/jornalfatosenoticias.com.br\/wp-content\/uploads\/2022\/10\/RC_800x750_page-0001.jpg\" alt=\"\" class=\"wp-image-35338\" width=\"279\" height=\"262\" srcset=\"https:\/\/jornalfatosenoticias.com.br\/wp-content\/uploads\/2022\/10\/RC_800x750_page-0001.jpg 400w, https:\/\/jornalfatosenoticias.com.br\/wp-content\/uploads\/2022\/10\/RC_800x750_page-0001-300x281.jpg 300w\" sizes=\"auto, (max-width: 279px) 100vw, 279px\" \/><\/figure><\/div>\n\n\n\n<p>Ainda, a casa precisa estar conectada com diferentes atividades que pertencem a rotina do morador, sendo necess\u00e1rio que ela esteja preparada para ser ao mesmo tempo um <strong><a class=\"\" href=\"https:\/\/casavogue.globo.com\/Interiores\/Ambientes\/noticia\/2020\/03\/home-office-pequeno-ideias-de-decoracao-para-quem-tem-pouco-espac.html\">espa\u00e7o de trabalho<\/a><\/strong> e tamb\u00e9m de sociabiliza\u00e7\u00e3o. Ou seja, cada vez mais, o lar se torna um espa\u00e7o multifuncional. \u201cPrecisamos entender como a casa se reconfigura. Antes, ela era um local de passagem \u2014 a nossa vida acontecia fora de casa. Depois da pandemia, tudo tem que ficar dentro de casa\u201d, explica Mateus Silveira.<\/p>\n\n\n\n<div class=\"wp-block-image\"><figure class=\"aligncenter size-large\"><img loading=\"lazy\" decoding=\"async\" width=\"300\" height=\"137\" src=\"https:\/\/jornalfatosenoticias.com.br\/wp-content\/uploads\/2023\/06\/LOGO_JULIANA-GRACA_PORTAL.jpg\" alt=\"\" class=\"wp-image-42597\"\/><\/figure><\/div>\n\n\n\n<p>Outro ponto \u00e9 a quest\u00e3o do <em>homejoy,<\/em> que fala sobre tornar as moradias prop\u00edcias ao entretenimento, \u00e0 divers\u00e3o e a receber amigos e fam\u00edlia. De acordo com estudo realizado pela multinacional IKEA, com foco em m\u00f3veis e decora\u00e7\u00e3o, 54% dos entrevistados acreditam que o aspecto mais importante do lar \u00e9 a capacidade de celebrar e relaxar. Neste sentido, o design e a arquitetura entram com o objetivo de proporcionar espa\u00e7os onde estas intera\u00e7\u00f5es podem acontecer.<\/p>\n\n\n\n<div class=\"wp-block-image\"><figure class=\"aligncenter size-large is-resized\"><img loading=\"lazy\" decoding=\"async\" src=\"https:\/\/jornalfatosenoticias.com.br\/wp-content\/uploads\/2020\/02\/logo-embacia.jpg\" alt=\"\" class=\"wp-image-33905\" width=\"277\" height=\"277\"\/><\/figure><\/div>\n\n\n\n<blockquote class=\"wp-block-quote is-layout-flow wp-block-quote-is-layout-flow\"><p><span class=\"has-inline-color has-luminous-vivid-orange-color\">A <a class=\"\" href=\"https:\/\/casavogue.globo.com\/Apresenta\/noticia\/2022\/03\/biofilia-tendencia-invade-projetos-de-arquitetura.html\"><strong>biofilia<\/strong><\/a>, o\u00a0<a class=\"\" href=\"https:\/\/casavogue.globo.com\/Arquitetura\/Paisagismo\/noticia\/2018\/05\/como-ter-plantas-em-casa-um-dossie-completo.html\"><strong>cultivo de plantas<\/strong><\/a>\u00a0dentro de casa, \u00e9 algo que est\u00e1 muito em voga tamb\u00e9m \u2013 e pode ser feita com automatiza\u00e7\u00e3o. O meu apartamento \u00e9 um exemplo disso: tem mais de 100 esp\u00e9cies de plantas e se tornou uma grande floresta urbana\u201d, comenta Requena,\u00a0<a class=\"\" href=\"https:\/\/casavogue.globo.com\/Interiores\/apartamentos\/noticia\/2022\/07\/tour-pelo-lar-sustentavel-tecnologico-e-versatil-de-guto-requena-assista-ao-video.html\"><strong>que j\u00e1 abriu as portas de seu lar para a\u00a0<em>Casa Vogue<\/em>.<\/strong><\/a><\/span><\/p><\/blockquote>\n\n\n\n<div class=\"wp-block-image\"><figure class=\"aligncenter size-large\"><img loading=\"lazy\" decoding=\"async\" width=\"300\" height=\"250\" src=\"https:\/\/jornalfatosenoticias.com.br\/wp-content\/uploads\/2022\/02\/FERRARI_MAQUINAS-E-FERRAMENTAS2.jpg\" alt=\"\" class=\"wp-image-27860\"\/><\/figure><\/div>\n\n\n\n<h3 class=\"wp-block-heading\"><strong><span class=\"has-inline-color has-vivid-purple-color\">A flexibilidade e cria\u00e7\u00e3o de espa\u00e7os afetivos<\/span><\/strong><\/h3>\n\n\n\n<div class=\"wp-block-image\"><figure class=\"aligncenter size-large\"><img loading=\"lazy\" decoding=\"async\" width=\"984\" height=\"373\" src=\"https:\/\/jornalfatosenoticias.com.br\/wp-content\/uploads\/2023\/07\/grafico-morar.jpg\" alt=\"\" class=\"wp-image-43603\" srcset=\"https:\/\/jornalfatosenoticias.com.br\/wp-content\/uploads\/2023\/07\/grafico-morar.jpg 984w, https:\/\/jornalfatosenoticias.com.br\/wp-content\/uploads\/2023\/07\/grafico-morar-300x114.jpg 300w, https:\/\/jornalfatosenoticias.com.br\/wp-content\/uploads\/2023\/07\/grafico-morar-768x291.jpg 768w\" sizes=\"auto, (max-width: 984px) 100vw, 984px\" \/><figcaption><em><span class=\"has-inline-color has-black-color\">(Foto: Divulga\u00e7\u00e3o\/Dexco)<\/span><\/em><\/figcaption><\/figure><\/div>\n\n\n\n<p>O bem-estar, por sua vez, nunca foi t\u00e3o discutido. Espa\u00e7os residenciais t\u00eam sido adaptados para evocar serenidade e calma, trazendo uma conex\u00e3o com o morador por meio de suas hist\u00f3rias pessoais, espiritualidade e introspec\u00e7\u00e3o. Al\u00e9m desta tend\u00eancia se manifestar com a volta de designs de d\u00e9cadas anteriores, como as dos anos 1950 e 1970, ela pode chegar a uma esfera mais profunda, em que o resgate ancestral-afetivo passa pela rever\u00eancia ao <a class=\"\" href=\"https:\/\/casavogue.globo.com\/Design\/Objetos\/noticia\/2019\/05\/artesol-guia-completo-sobre-artesanato-e-arte-popular-brasileiros.html\"><strong>artesanato<\/strong><\/a>\u00a0local, \u00e0 arte popular, ao\u00a0<em>naif<\/em>\u00a0e a tudo o que \u00e9 aut\u00eantico brasileiro.<\/p>\n\n\n\n<div class=\"wp-block-image\"><figure class=\"aligncenter size-large\"><img loading=\"lazy\" decoding=\"async\" width=\"300\" height=\"250\" src=\"https:\/\/jornalfatosenoticias.com.br\/wp-content\/uploads\/2022\/02\/Banner-2.png\" alt=\"\" class=\"wp-image-27877\"\/><\/figure><\/div>\n\n\n\n<p>A flexibiliza\u00e7\u00e3o dos espa\u00e7os tamb\u00e9m faz parte do novo morar, contribuindo para a cria\u00e7\u00e3o de uma casa que dialoga com seu entorno e atua como um ponto de conex\u00e3o entre indiv\u00edduo, comunidade e planeta. Um exemplo disso \u00e9 a cria\u00e7\u00e3o de <strong><a class=\"\" href=\"https:\/\/casavogue.globo.com\/Interiores\/Ambientes\/noticia\/2019\/12\/13-ideias-de-moveis-que-voce-pode-substituir-para-ganhar-espaco.html\">m\u00f3veis<\/a><\/strong> vers\u00e1teis, que se transformam de acordo com as necessidades do morador, podendo ser utilizado para sentar, reclinar, deitar ou como apoio.<br>Como diz o arquiteto Guto Requena em seu livro <em>Habitar h\u00edbrido: subjetividades e arquitetura do lar na era digital,<\/em> a casa \u00e9 uma mistura entre a espacialidade concreta e digital, o que contribui para a desmaterializa\u00e7\u00e3o da moradia e expans\u00e3o do lar para territ\u00f3rios muito mais simb\u00f3licos. \u201c\u00c9 poder reconfigurar, redesenhar e customizar as nossas casas\u201d, diz.<\/p>\n\n\n\n<div class=\"wp-block-image\"><figure class=\"aligncenter size-large is-resized\"><img loading=\"lazy\" decoding=\"async\" src=\"https:\/\/jornalfatosenoticias.com.br\/wp-content\/uploads\/2023\/03\/Crypton-1000-\u00d7-900-px-300x270-1.png\" alt=\"\" class=\"wp-image-40206\" width=\"262\" height=\"236\"\/><\/figure><\/div>\n\n\n\n<h3 class=\"wp-block-heading\"><strong><span class=\"has-inline-color has-vivid-purple-color\">E os desafios?<\/span><\/strong><\/h3>\n\n\n\n<div class=\"wp-block-image\"><figure class=\"aligncenter size-large\"><img loading=\"lazy\" decoding=\"async\" width=\"984\" height=\"648\" src=\"https:\/\/jornalfatosenoticias.com.br\/wp-content\/uploads\/2023\/07\/area-social-mar.jpg\" alt=\"\" class=\"wp-image-43605\" srcset=\"https:\/\/jornalfatosenoticias.com.br\/wp-content\/uploads\/2023\/07\/area-social-mar.jpg 984w, https:\/\/jornalfatosenoticias.com.br\/wp-content\/uploads\/2023\/07\/area-social-mar-300x198.jpg 300w, https:\/\/jornalfatosenoticias.com.br\/wp-content\/uploads\/2023\/07\/area-social-mar-768x506.jpg 768w\" sizes=\"auto, (max-width: 984px) 100vw, 984px\" \/><figcaption><em><span class=\"has-inline-color has-black-color\">Projetado pelo arquiteto Roby Macedo, este apartamento possui in\u00fameros quadros da artista maranhense Dileusa Dinis Rodrigues, expoente da arte Naif (Foto: Denilson Machado\/MCA Est\u00fadio)<\/span><\/em><\/figcaption><\/figure><\/div>\n\n\n\n<p>\u00c9 consenso que o grande desafio nas novas tend\u00eancias do morar gira em torno da <strong><a class=\"\" href=\"https:\/\/casavogue.globo.com\/Interiores\/apartamentos\/noticia\/2014\/03\/design-em-beneficio-da-acessibilidade.html\">acessibilidade<\/a>.<\/strong> Nem todos possuem acesso e condi\u00e7\u00f5es para implantar essas medidas e transformar o seu lar. \u201cAs\u00a0<a class=\"\" href=\"https:\/\/casavogue.globo.com\/Arquitetura\/Cidade\/noticia\/2018\/08\/com-drone-fotografo-registra-desigualdade-em-cidades-pelo-mundo.html\"><strong>desigualdades sociais<\/strong><\/a>\u00a0t\u00eam elitizado todas essas ideias, ent\u00e3o o desafio \u00e9 popularizar. Todos precisam morar melhor, com mais verde, com<a class=\"\" href=\"https:\/\/casavogue.globo.com\/Colunas\/Use-bem-o-que-se-tem\/noticia\/2019\/09\/iluminacao-como-escolher-e-pensar-cada-ambiente-da-casa.html\">\u00a0<strong>ilumina\u00e7\u00e3o<\/strong><\/a> melhor e outros aspectos. Isso impacta na qualidade de vida\u201d, ressalta Requena.<\/p>\n\n\n\n<div class=\"wp-block-image\"><figure class=\"aligncenter size-large\"><img decoding=\"async\" src=\"https:\/\/jornalfatosenoticias.com.br\/wp-content\/uploads\/2020\/02\/logo_esteio.jpg\" alt=\"\" class=\"wp-image-1214\"\/><\/figure><\/div>\n\n\n\n<blockquote class=\"wp-block-quote is-layout-flow wp-block-quote-is-layout-flow\"><p><span class=\"has-inline-color has-luminous-vivid-orange-color\">\u00c9 claro que o acesso ao capital sempre foi determinante. O poder aquisitivo condiciona as pessoas a buscarem conforto. Infelizmente, estamos em um pa\u00eds em que as pessoas vivem em subcondi\u00e7\u00f5es. Durante a pandemia, isso tamb\u00e9m gritou para n\u00f3s: como uma fam\u00edlia pode viver em 10 m\u00b2?\u201d, completa Jader Almeida.<\/span><\/p><\/blockquote>\n\n\n\n<div class=\"wp-block-image\"><figure class=\"aligncenter size-large\"><img loading=\"lazy\" decoding=\"async\" width=\"300\" height=\"250\" src=\"https:\/\/jornalfatosenoticias.com.br\/wp-content\/uploads\/2022\/08\/arte-Casarao.jpg\" alt=\"\" class=\"wp-image-33178\"\/><\/figure><\/div>\n\n\n\n<p>O prop\u00f3sito do estudo \u00e9, inclusive, entender como as tend\u00eancias podem ser traduzidas de forma mais acess\u00edvel para os consumidores. \u201cQueremos antecipar ao m\u00e1ximo esse futuro para as pessoas, conectando essa realidade de um ponto de vista mais democr\u00e1tico, criando solu\u00e7\u00f5es que n\u00e3o sejam acess\u00edveis a apenas uma fatia da popula\u00e7\u00e3o\u201d, afirma Mateus Silveira.<\/p>\n\n\n\n<p><strong><em>Fonte: <a href=\"https:\/\/casavogue.globo.com\/decoracao\/noticia\/2023\/07\/futuro-do-morar-tendencias.ghtml\">Casa Vogue<\/a><\/em><\/strong><\/p>\n","protected":false},"excerpt":{"rendered":"<p>Pesquisa mostra que a conectividade, o conforto, o lazer e o bem-estar s\u00e3o pilares que norteiam os desejos dos moradores na cria\u00e7\u00e3o de lares mais funcionais, flex\u00edveis e afetivos Por Laura Raffs Com a rotina atribulada, a casa acabou se tornando apenas um dormit\u00f3rio, onde seus moradores passavam para dormir, descansar e se preparar para [&hellip;]<\/p>\n","protected":false},"author":2,"featured_media":43606,"comment_status":"open","ping_status":"open","sticky":false,"template":"","format":"standard","meta":{"footnotes":""},"categories":[744],"tags":[6904,20541,20540],"class_list":["post-43602","post","type-post","status-publish","format-standard","has-post-thumbnail","hentry","category-arq-urbanismo","tag-conectividade","tag-criacao-de-lares-mais-funcionais","tag-tendencias-do-futuro-do-morar"],"yoast_head":"<!-- This site is optimized with the Yoast SEO plugin v26.5 - https:\/\/yoast.com\/wordpress\/plugins\/seo\/ -->\n<title>O que o futuro do morar nos reserva? Eis as tend\u00eancias apontadas em novo estudo - Jornal Fatos e Not\u00edcias<\/title>\n<meta name=\"robots\" content=\"index, follow, max-snippet:-1, max-image-preview:large, max-video-preview:-1\" \/>\n<link rel=\"canonical\" href=\"https:\/\/jornalfatosenoticias.com.br\/index.php\/2023\/07\/25\/o-que-o-futuro-do-morar-nos-reserva-eis-as-tendencias-apontadas-em-novo-estudo\/\" \/>\n<meta property=\"og:locale\" content=\"pt_BR\" \/>\n<meta property=\"og:type\" content=\"article\" \/>\n<meta property=\"og:title\" content=\"O que o futuro do morar nos reserva? Eis as tend\u00eancias apontadas em novo estudo - Jornal Fatos e Not\u00edcias\" \/>\n<meta property=\"og:description\" content=\"Pesquisa mostra que a conectividade, o conforto, o lazer e o bem-estar s\u00e3o pilares que norteiam os desejos dos moradores na cria\u00e7\u00e3o de lares mais funcionais, flex\u00edveis e afetivos Por Laura Raffs Com a rotina atribulada, a casa acabou se tornando apenas um dormit\u00f3rio, onde seus moradores passavam para dormir, descansar e se preparar para [&hellip;]\" \/>\n<meta property=\"og:url\" content=\"https:\/\/jornalfatosenoticias.com.br\/index.php\/2023\/07\/25\/o-que-o-futuro-do-morar-nos-reserva-eis-as-tendencias-apontadas-em-novo-estudo\/\" \/>\n<meta property=\"og:site_name\" content=\"Jornal Fatos e Not\u00edcias\" \/>\n<meta property=\"article:published_time\" content=\"2023-07-25T12:21:18+00:00\" \/>\n<meta property=\"article:modified_time\" content=\"2023-07-25T12:21:19+00:00\" \/>\n<meta property=\"og:image\" content=\"https:\/\/jornalfatosenoticias.com.br\/wp-content\/uploads\/2023\/07\/futuro-do-morar-tendencia-01.jpg\" \/>\n\t<meta property=\"og:image:width\" content=\"984\" \/>\n\t<meta property=\"og:image:height\" content=\"656\" \/>\n\t<meta property=\"og:image:type\" content=\"image\/jpeg\" \/>\n<meta name=\"author\" content=\"Luzimara Fernandes\" \/>\n<meta name=\"twitter:card\" content=\"summary_large_image\" \/>\n<meta name=\"twitter:label1\" content=\"Escrito por\" \/>\n\t<meta name=\"twitter:data1\" content=\"Luzimara Fernandes\" \/>\n\t<meta name=\"twitter:label2\" content=\"Est. tempo de leitura\" \/>\n\t<meta name=\"twitter:data2\" content=\"6 minutos\" \/>\n<script type=\"application\/ld+json\" class=\"yoast-schema-graph\">{\"@context\":\"https:\/\/schema.org\",\"@graph\":[{\"@type\":\"Article\",\"@id\":\"https:\/\/jornalfatosenoticias.com.br\/index.php\/2023\/07\/25\/o-que-o-futuro-do-morar-nos-reserva-eis-as-tendencias-apontadas-em-novo-estudo\/#article\",\"isPartOf\":{\"@id\":\"https:\/\/jornalfatosenoticias.com.br\/index.php\/2023\/07\/25\/o-que-o-futuro-do-morar-nos-reserva-eis-as-tendencias-apontadas-em-novo-estudo\/\"},\"author\":{\"name\":\"Luzimara Fernandes\",\"@id\":\"https:\/\/jornalfatosenoticias.com.br\/#\/schema\/person\/d63837fa13ac8666eb9e74e0985d6f81\"},\"headline\":\"O que o futuro do morar nos reserva? Eis as tend\u00eancias apontadas em novo estudo\",\"datePublished\":\"2023-07-25T12:21:18+00:00\",\"dateModified\":\"2023-07-25T12:21:19+00:00\",\"mainEntityOfPage\":{\"@id\":\"https:\/\/jornalfatosenoticias.com.br\/index.php\/2023\/07\/25\/o-que-o-futuro-do-morar-nos-reserva-eis-as-tendencias-apontadas-em-novo-estudo\/\"},\"wordCount\":1280,\"commentCount\":0,\"publisher\":{\"@id\":\"https:\/\/jornalfatosenoticias.com.br\/#organization\"},\"image\":{\"@id\":\"https:\/\/jornalfatosenoticias.com.br\/index.php\/2023\/07\/25\/o-que-o-futuro-do-morar-nos-reserva-eis-as-tendencias-apontadas-em-novo-estudo\/#primaryimage\"},\"thumbnailUrl\":\"https:\/\/jornalfatosenoticias.com.br\/wp-content\/uploads\/2023\/07\/futuro-do-morar-tendencia-01.jpg\",\"keywords\":[\"conectividade\",\"cria\u00e7\u00e3o de lares mais funcionais\",\"tend\u00eancias do futuro do morar\"],\"articleSection\":[\"Arq &amp; Urb\"],\"inLanguage\":\"pt-BR\",\"potentialAction\":[{\"@type\":\"CommentAction\",\"name\":\"Comment\",\"target\":[\"https:\/\/jornalfatosenoticias.com.br\/index.php\/2023\/07\/25\/o-que-o-futuro-do-morar-nos-reserva-eis-as-tendencias-apontadas-em-novo-estudo\/#respond\"]}]},{\"@type\":\"WebPage\",\"@id\":\"https:\/\/jornalfatosenoticias.com.br\/index.php\/2023\/07\/25\/o-que-o-futuro-do-morar-nos-reserva-eis-as-tendencias-apontadas-em-novo-estudo\/\",\"url\":\"https:\/\/jornalfatosenoticias.com.br\/index.php\/2023\/07\/25\/o-que-o-futuro-do-morar-nos-reserva-eis-as-tendencias-apontadas-em-novo-estudo\/\",\"name\":\"O que o futuro do morar nos reserva? Eis as tend\u00eancias apontadas em novo estudo - Jornal Fatos e Not\u00edcias\",\"isPartOf\":{\"@id\":\"https:\/\/jornalfatosenoticias.com.br\/#website\"},\"primaryImageOfPage\":{\"@id\":\"https:\/\/jornalfatosenoticias.com.br\/index.php\/2023\/07\/25\/o-que-o-futuro-do-morar-nos-reserva-eis-as-tendencias-apontadas-em-novo-estudo\/#primaryimage\"},\"image\":{\"@id\":\"https:\/\/jornalfatosenoticias.com.br\/index.php\/2023\/07\/25\/o-que-o-futuro-do-morar-nos-reserva-eis-as-tendencias-apontadas-em-novo-estudo\/#primaryimage\"},\"thumbnailUrl\":\"https:\/\/jornalfatosenoticias.com.br\/wp-content\/uploads\/2023\/07\/futuro-do-morar-tendencia-01.jpg\",\"datePublished\":\"2023-07-25T12:21:18+00:00\",\"dateModified\":\"2023-07-25T12:21:19+00:00\",\"breadcrumb\":{\"@id\":\"https:\/\/jornalfatosenoticias.com.br\/index.php\/2023\/07\/25\/o-que-o-futuro-do-morar-nos-reserva-eis-as-tendencias-apontadas-em-novo-estudo\/#breadcrumb\"},\"inLanguage\":\"pt-BR\",\"potentialAction\":[{\"@type\":\"ReadAction\",\"target\":[\"https:\/\/jornalfatosenoticias.com.br\/index.php\/2023\/07\/25\/o-que-o-futuro-do-morar-nos-reserva-eis-as-tendencias-apontadas-em-novo-estudo\/\"]}]},{\"@type\":\"ImageObject\",\"inLanguage\":\"pt-BR\",\"@id\":\"https:\/\/jornalfatosenoticias.com.br\/index.php\/2023\/07\/25\/o-que-o-futuro-do-morar-nos-reserva-eis-as-tendencias-apontadas-em-novo-estudo\/#primaryimage\",\"url\":\"https:\/\/jornalfatosenoticias.com.br\/wp-content\/uploads\/2023\/07\/futuro-do-morar-tendencia-01.jpg\",\"contentUrl\":\"https:\/\/jornalfatosenoticias.com.br\/wp-content\/uploads\/2023\/07\/futuro-do-morar-tendencia-01.jpg\",\"width\":984,\"height\":656},{\"@type\":\"BreadcrumbList\",\"@id\":\"https:\/\/jornalfatosenoticias.com.br\/index.php\/2023\/07\/25\/o-que-o-futuro-do-morar-nos-reserva-eis-as-tendencias-apontadas-em-novo-estudo\/#breadcrumb\",\"itemListElement\":[{\"@type\":\"ListItem\",\"position\":1,\"name\":\"In\u00edcio\",\"item\":\"https:\/\/jornalfatosenoticias.com.br\/\"},{\"@type\":\"ListItem\",\"position\":2,\"name\":\"O que o futuro do morar nos reserva? Eis as tend\u00eancias apontadas em novo estudo\"}]},{\"@type\":\"WebSite\",\"@id\":\"https:\/\/jornalfatosenoticias.com.br\/#website\",\"url\":\"https:\/\/jornalfatosenoticias.com.br\/\",\"name\":\"Jornal Fatos e Not\u00edcias\",\"description\":\"Not\u00edcias em geral\",\"publisher\":{\"@id\":\"https:\/\/jornalfatosenoticias.com.br\/#organization\"},\"potentialAction\":[{\"@type\":\"SearchAction\",\"target\":{\"@type\":\"EntryPoint\",\"urlTemplate\":\"https:\/\/jornalfatosenoticias.com.br\/?s={search_term_string}\"},\"query-input\":{\"@type\":\"PropertyValueSpecification\",\"valueRequired\":true,\"valueName\":\"search_term_string\"}}],\"inLanguage\":\"pt-BR\"},{\"@type\":\"Organization\",\"@id\":\"https:\/\/jornalfatosenoticias.com.br\/#organization\",\"name\":\"Jornal Fatos e Not\u00edcias\",\"url\":\"https:\/\/jornalfatosenoticias.com.br\/\",\"logo\":{\"@type\":\"ImageObject\",\"inLanguage\":\"pt-BR\",\"@id\":\"https:\/\/jornalfatosenoticias.com.br\/#\/schema\/logo\/image\/\",\"url\":\"https:\/\/jornalfatosenoticias.com.br\/wp-content\/uploads\/2020\/02\/logo120.png\",\"contentUrl\":\"https:\/\/jornalfatosenoticias.com.br\/wp-content\/uploads\/2020\/02\/logo120.png\",\"width\":1227,\"height\":120,\"caption\":\"Jornal Fatos e Not\u00edcias\"},\"image\":{\"@id\":\"https:\/\/jornalfatosenoticias.com.br\/#\/schema\/logo\/image\/\"}},{\"@type\":\"Person\",\"@id\":\"https:\/\/jornalfatosenoticias.com.br\/#\/schema\/person\/d63837fa13ac8666eb9e74e0985d6f81\",\"name\":\"Luzimara Fernandes\",\"image\":{\"@type\":\"ImageObject\",\"inLanguage\":\"pt-BR\",\"@id\":\"https:\/\/jornalfatosenoticias.com.br\/#\/schema\/person\/image\/\",\"url\":\"https:\/\/jornalfatosenoticias.com.br\/wp-content\/uploads\/2025\/05\/EU_portal.jpg\",\"contentUrl\":\"https:\/\/jornalfatosenoticias.com.br\/wp-content\/uploads\/2025\/05\/EU_portal.jpg\",\"caption\":\"Luzimara Fernandes\"},\"description\":\"Jornalista MTB 2358-ES\",\"sameAs\":[\"https:\/\/jornalfatosenoticias.com.br\"],\"url\":\"https:\/\/jornalfatosenoticias.com.br\/index.php\/author\/luzimara\/\"}]}<\/script>\n<!-- \/ Yoast SEO plugin. -->","yoast_head_json":{"title":"O que o futuro do morar nos reserva? Eis as tend\u00eancias apontadas em novo estudo - Jornal Fatos e Not\u00edcias","robots":{"index":"index","follow":"follow","max-snippet":"max-snippet:-1","max-image-preview":"max-image-preview:large","max-video-preview":"max-video-preview:-1"},"canonical":"https:\/\/jornalfatosenoticias.com.br\/index.php\/2023\/07\/25\/o-que-o-futuro-do-morar-nos-reserva-eis-as-tendencias-apontadas-em-novo-estudo\/","og_locale":"pt_BR","og_type":"article","og_title":"O que o futuro do morar nos reserva? Eis as tend\u00eancias apontadas em novo estudo - Jornal Fatos e Not\u00edcias","og_description":"Pesquisa mostra que a conectividade, o conforto, o lazer e o bem-estar s\u00e3o pilares que norteiam os desejos dos moradores na cria\u00e7\u00e3o de lares mais funcionais, flex\u00edveis e afetivos Por Laura Raffs Com a rotina atribulada, a casa acabou se tornando apenas um dormit\u00f3rio, onde seus moradores passavam para dormir, descansar e se preparar para [&hellip;]","og_url":"https:\/\/jornalfatosenoticias.com.br\/index.php\/2023\/07\/25\/o-que-o-futuro-do-morar-nos-reserva-eis-as-tendencias-apontadas-em-novo-estudo\/","og_site_name":"Jornal Fatos e Not\u00edcias","article_published_time":"2023-07-25T12:21:18+00:00","article_modified_time":"2023-07-25T12:21:19+00:00","og_image":[{"width":984,"height":656,"url":"https:\/\/jornalfatosenoticias.com.br\/wp-content\/uploads\/2023\/07\/futuro-do-morar-tendencia-01.jpg","type":"image\/jpeg"}],"author":"Luzimara Fernandes","twitter_card":"summary_large_image","twitter_misc":{"Escrito por":"Luzimara Fernandes","Est. tempo de leitura":"6 minutos"},"schema":{"@context":"https:\/\/schema.org","@graph":[{"@type":"Article","@id":"https:\/\/jornalfatosenoticias.com.br\/index.php\/2023\/07\/25\/o-que-o-futuro-do-morar-nos-reserva-eis-as-tendencias-apontadas-em-novo-estudo\/#article","isPartOf":{"@id":"https:\/\/jornalfatosenoticias.com.br\/index.php\/2023\/07\/25\/o-que-o-futuro-do-morar-nos-reserva-eis-as-tendencias-apontadas-em-novo-estudo\/"},"author":{"name":"Luzimara Fernandes","@id":"https:\/\/jornalfatosenoticias.com.br\/#\/schema\/person\/d63837fa13ac8666eb9e74e0985d6f81"},"headline":"O que o futuro do morar nos reserva? Eis as tend\u00eancias apontadas em novo estudo","datePublished":"2023-07-25T12:21:18+00:00","dateModified":"2023-07-25T12:21:19+00:00","mainEntityOfPage":{"@id":"https:\/\/jornalfatosenoticias.com.br\/index.php\/2023\/07\/25\/o-que-o-futuro-do-morar-nos-reserva-eis-as-tendencias-apontadas-em-novo-estudo\/"},"wordCount":1280,"commentCount":0,"publisher":{"@id":"https:\/\/jornalfatosenoticias.com.br\/#organization"},"image":{"@id":"https:\/\/jornalfatosenoticias.com.br\/index.php\/2023\/07\/25\/o-que-o-futuro-do-morar-nos-reserva-eis-as-tendencias-apontadas-em-novo-estudo\/#primaryimage"},"thumbnailUrl":"https:\/\/jornalfatosenoticias.com.br\/wp-content\/uploads\/2023\/07\/futuro-do-morar-tendencia-01.jpg","keywords":["conectividade","cria\u00e7\u00e3o de lares mais funcionais","tend\u00eancias do futuro do morar"],"articleSection":["Arq &amp; Urb"],"inLanguage":"pt-BR","potentialAction":[{"@type":"CommentAction","name":"Comment","target":["https:\/\/jornalfatosenoticias.com.br\/index.php\/2023\/07\/25\/o-que-o-futuro-do-morar-nos-reserva-eis-as-tendencias-apontadas-em-novo-estudo\/#respond"]}]},{"@type":"WebPage","@id":"https:\/\/jornalfatosenoticias.com.br\/index.php\/2023\/07\/25\/o-que-o-futuro-do-morar-nos-reserva-eis-as-tendencias-apontadas-em-novo-estudo\/","url":"https:\/\/jornalfatosenoticias.com.br\/index.php\/2023\/07\/25\/o-que-o-futuro-do-morar-nos-reserva-eis-as-tendencias-apontadas-em-novo-estudo\/","name":"O que o futuro do morar nos reserva? Eis as tend\u00eancias apontadas em novo estudo - Jornal Fatos e Not\u00edcias","isPartOf":{"@id":"https:\/\/jornalfatosenoticias.com.br\/#website"},"primaryImageOfPage":{"@id":"https:\/\/jornalfatosenoticias.com.br\/index.php\/2023\/07\/25\/o-que-o-futuro-do-morar-nos-reserva-eis-as-tendencias-apontadas-em-novo-estudo\/#primaryimage"},"image":{"@id":"https:\/\/jornalfatosenoticias.com.br\/index.php\/2023\/07\/25\/o-que-o-futuro-do-morar-nos-reserva-eis-as-tendencias-apontadas-em-novo-estudo\/#primaryimage"},"thumbnailUrl":"https:\/\/jornalfatosenoticias.com.br\/wp-content\/uploads\/2023\/07\/futuro-do-morar-tendencia-01.jpg","datePublished":"2023-07-25T12:21:18+00:00","dateModified":"2023-07-25T12:21:19+00:00","breadcrumb":{"@id":"https:\/\/jornalfatosenoticias.com.br\/index.php\/2023\/07\/25\/o-que-o-futuro-do-morar-nos-reserva-eis-as-tendencias-apontadas-em-novo-estudo\/#breadcrumb"},"inLanguage":"pt-BR","potentialAction":[{"@type":"ReadAction","target":["https:\/\/jornalfatosenoticias.com.br\/index.php\/2023\/07\/25\/o-que-o-futuro-do-morar-nos-reserva-eis-as-tendencias-apontadas-em-novo-estudo\/"]}]},{"@type":"ImageObject","inLanguage":"pt-BR","@id":"https:\/\/jornalfatosenoticias.com.br\/index.php\/2023\/07\/25\/o-que-o-futuro-do-morar-nos-reserva-eis-as-tendencias-apontadas-em-novo-estudo\/#primaryimage","url":"https:\/\/jornalfatosenoticias.com.br\/wp-content\/uploads\/2023\/07\/futuro-do-morar-tendencia-01.jpg","contentUrl":"https:\/\/jornalfatosenoticias.com.br\/wp-content\/uploads\/2023\/07\/futuro-do-morar-tendencia-01.jpg","width":984,"height":656},{"@type":"BreadcrumbList","@id":"https:\/\/jornalfatosenoticias.com.br\/index.php\/2023\/07\/25\/o-que-o-futuro-do-morar-nos-reserva-eis-as-tendencias-apontadas-em-novo-estudo\/#breadcrumb","itemListElement":[{"@type":"ListItem","position":1,"name":"In\u00edcio","item":"https:\/\/jornalfatosenoticias.com.br\/"},{"@type":"ListItem","position":2,"name":"O que o futuro do morar nos reserva? Eis as tend\u00eancias apontadas em novo estudo"}]},{"@type":"WebSite","@id":"https:\/\/jornalfatosenoticias.com.br\/#website","url":"https:\/\/jornalfatosenoticias.com.br\/","name":"Jornal Fatos e Not\u00edcias","description":"Not\u00edcias em geral","publisher":{"@id":"https:\/\/jornalfatosenoticias.com.br\/#organization"},"potentialAction":[{"@type":"SearchAction","target":{"@type":"EntryPoint","urlTemplate":"https:\/\/jornalfatosenoticias.com.br\/?s={search_term_string}"},"query-input":{"@type":"PropertyValueSpecification","valueRequired":true,"valueName":"search_term_string"}}],"inLanguage":"pt-BR"},{"@type":"Organization","@id":"https:\/\/jornalfatosenoticias.com.br\/#organization","name":"Jornal Fatos e Not\u00edcias","url":"https:\/\/jornalfatosenoticias.com.br\/","logo":{"@type":"ImageObject","inLanguage":"pt-BR","@id":"https:\/\/jornalfatosenoticias.com.br\/#\/schema\/logo\/image\/","url":"https:\/\/jornalfatosenoticias.com.br\/wp-content\/uploads\/2020\/02\/logo120.png","contentUrl":"https:\/\/jornalfatosenoticias.com.br\/wp-content\/uploads\/2020\/02\/logo120.png","width":1227,"height":120,"caption":"Jornal Fatos e Not\u00edcias"},"image":{"@id":"https:\/\/jornalfatosenoticias.com.br\/#\/schema\/logo\/image\/"}},{"@type":"Person","@id":"https:\/\/jornalfatosenoticias.com.br\/#\/schema\/person\/d63837fa13ac8666eb9e74e0985d6f81","name":"Luzimara Fernandes","image":{"@type":"ImageObject","inLanguage":"pt-BR","@id":"https:\/\/jornalfatosenoticias.com.br\/#\/schema\/person\/image\/","url":"https:\/\/jornalfatosenoticias.com.br\/wp-content\/uploads\/2025\/05\/EU_portal.jpg","contentUrl":"https:\/\/jornalfatosenoticias.com.br\/wp-content\/uploads\/2025\/05\/EU_portal.jpg","caption":"Luzimara Fernandes"},"description":"Jornalista MTB 2358-ES","sameAs":["https:\/\/jornalfatosenoticias.com.br"],"url":"https:\/\/jornalfatosenoticias.com.br\/index.php\/author\/luzimara\/"}]}},"cc_featured_image_caption":{"caption_text":"(Foto: Filippo Bamberghi)","source_text":"","source_url":""},"jetpack_featured_media_url":"https:\/\/jornalfatosenoticias.com.br\/wp-content\/uploads\/2023\/07\/futuro-do-morar-tendencia-01.jpg","_links":{"self":[{"href":"https:\/\/jornalfatosenoticias.com.br\/index.php\/wp-json\/wp\/v2\/posts\/43602","targetHints":{"allow":["GET"]}}],"collection":[{"href":"https:\/\/jornalfatosenoticias.com.br\/index.php\/wp-json\/wp\/v2\/posts"}],"about":[{"href":"https:\/\/jornalfatosenoticias.com.br\/index.php\/wp-json\/wp\/v2\/types\/post"}],"author":[{"embeddable":true,"href":"https:\/\/jornalfatosenoticias.com.br\/index.php\/wp-json\/wp\/v2\/users\/2"}],"replies":[{"embeddable":true,"href":"https:\/\/jornalfatosenoticias.com.br\/index.php\/wp-json\/wp\/v2\/comments?post=43602"}],"version-history":[{"count":0,"href":"https:\/\/jornalfatosenoticias.com.br\/index.php\/wp-json\/wp\/v2\/posts\/43602\/revisions"}],"wp:featuredmedia":[{"embeddable":true,"href":"https:\/\/jornalfatosenoticias.com.br\/index.php\/wp-json\/wp\/v2\/media\/43606"}],"wp:attachment":[{"href":"https:\/\/jornalfatosenoticias.com.br\/index.php\/wp-json\/wp\/v2\/media?parent=43602"}],"wp:term":[{"taxonomy":"category","embeddable":true,"href":"https:\/\/jornalfatosenoticias.com.br\/index.php\/wp-json\/wp\/v2\/categories?post=43602"},{"taxonomy":"post_tag","embeddable":true,"href":"https:\/\/jornalfatosenoticias.com.br\/index.php\/wp-json\/wp\/v2\/tags?post=43602"}],"curies":[{"name":"wp","href":"https:\/\/api.w.org\/{rel}","templated":true}]}}