{"id":43614,"date":"2023-07-25T10:00:01","date_gmt":"2023-07-25T13:00:01","guid":{"rendered":"https:\/\/jornalfatosenoticias.com.br\/?p=43614"},"modified":"2023-07-25T10:00:02","modified_gmt":"2023-07-25T13:00:02","slug":"asas-de-aviao-inspiradas-em-libelula-podem-ser-mais-leves-e-fortes","status":"publish","type":"post","link":"https:\/\/jornalfatosenoticias.com.br\/index.php\/2023\/07\/25\/asas-de-aviao-inspiradas-em-libelula-podem-ser-mais-leves-e-fortes\/","title":{"rendered":"Asas de avi\u00e3o inspiradas em lib\u00e9lula podem ser mais leves e fortes"},"content":{"rendered":"\n<p><em><span class=\"has-inline-color has-black-color\">Pesquisadores estudaram o corpo de uma lib\u00e9lula como base para redesenhar asas mais sustent\u00e1veis de um Boeing 777<\/span><\/em><\/p>\n\n\n\n<p><em><span class=\"has-inline-color has-black-color\">Por <strong><a href=\"https:\/\/olhardigital.com.br\/author\/alessandro-lorenzo\/\">Alessandro Di Lorenzo<\/a><\/strong><\/span><\/em><\/p>\n\n\n\n<div class=\"wp-block-image\"><figure class=\"aligncenter size-large is-resized\"><img loading=\"lazy\" decoding=\"async\" src=\"https:\/\/jornalfatosenoticias.com.br\/wp-content\/uploads\/2022\/02\/FERRARI_MAQUINAS-E-FERRAMENTAS2.jpg\" alt=\"\" class=\"wp-image-27860\" width=\"292\" height=\"243\"\/><\/figure><\/div>\n\n\n\n<p>Como criar asas de avi\u00e3o mais leves, fortes e sustent\u00e1veis? A natureza pode ter a resposta. Um artigo publicado na revista Advanced Science usou a asa de uma lib\u00e9lula como base para redesenhar um Boeing 777. \u201cQuando voc\u00ea olha para uma lib\u00e9lula, v\u00ea asas que evolu\u00edram ao longo de milh\u00f5es de anos para uma estrutura incrivelmente leve, eficiente e forte\u201d, enumera Masoud Akbarzadeh, da Universidade da Pensilv\u00e2nia, nos Estados Unidos, um dos respons\u00e1veis pelo trabalho.<br>Ele explica que estava interessado na geometria da superf\u00edcie e na estrutura interna das veias nas asas. E destaca que ao olharmos de perto para o animal percebemos que o corpo dele inclui muitos pol\u00edgonos convexos, o que garante for\u00e7a e flexibilidade, al\u00e9m de permitir sustenta\u00e7\u00e3o e manobras r\u00e1pidas.<\/p>\n\n\n\n<div class=\"wp-block-image\"><figure class=\"aligncenter size-large is-resized\"><img loading=\"lazy\" decoding=\"async\" src=\"https:\/\/jornalfatosenoticias.com.br\/wp-content\/uploads\/2022\/10\/RC_800x750_page-0001.jpg\" alt=\"\" class=\"wp-image-35338\" width=\"263\" height=\"247\" srcset=\"https:\/\/jornalfatosenoticias.com.br\/wp-content\/uploads\/2022\/10\/RC_800x750_page-0001.jpg 400w, https:\/\/jornalfatosenoticias.com.br\/wp-content\/uploads\/2022\/10\/RC_800x750_page-0001-300x281.jpg 300w\" sizes=\"auto, (max-width: 263px) 100vw, 263px\" \/><\/figure><\/div>\n\n\n\n<blockquote class=\"wp-block-quote is-layout-flow wp-block-quote-is-layout-flow\"><p><span class=\"has-inline-color has-luminous-vivid-orange-color\">A rede convexa da asa \u00e9 muito semelhante \u00e0s redes eficientes que projetamos usando o m\u00e9todo de est\u00e1tica gr\u00e1fica que pesquisamos e desenvolvemos em laborat\u00f3rio. Pensamos: poder\u00edamos usar nossas ferramentas de an\u00e1lise baseadas em geometria para analisar esses padr\u00f5es e recri\u00e1-los sob diferentes condi\u00e7\u00f5es para outros tipos de asas?\u201d.<\/span><\/p><\/blockquote>\n\n\n\n<div class=\"wp-block-image\"><figure class=\"aligncenter size-large is-resized\"><img loading=\"lazy\" decoding=\"async\" src=\"https:\/\/jornalfatosenoticias.com.br\/wp-content\/uploads\/2023\/03\/nova-logo-Marquetti.jpg\" alt=\"\" class=\"wp-image-40207\" width=\"286\" height=\"192\" srcset=\"https:\/\/jornalfatosenoticias.com.br\/wp-content\/uploads\/2023\/03\/nova-logo-Marquetti.jpg 643w, https:\/\/jornalfatosenoticias.com.br\/wp-content\/uploads\/2023\/03\/nova-logo-Marquetti-300x202.jpg 300w\" sizes=\"auto, (max-width: 286px) 100vw, 286px\" \/><\/figure><\/div>\n\n\n\n<p>Os pesquisadores, ent\u00e3o, mapearam as estruturas internas da asa da lib\u00e9lula e usaram esses dados para desenvolver e treinar um algoritmo. O resultado foi uma \u201casa de avi\u00e3o projetada seguindo os princ\u00edpios observados em uma asa de lib\u00e9lula\u201d, diz Akbarzadeh.<br>O pr\u00f3ximo passo foi aplicar a descoberta em uma escala menor, incorporando designs inspirados em lib\u00e9lulas em uma fuselagem 2D de uma asa do Boeing 777. Os testes comprovaram uma melhoria significativa na efici\u00eancia estrutural das asas.<\/p>\n\n\n\n<div class=\"wp-block-image\"><figure class=\"aligncenter size-large\"><img loading=\"lazy\" decoding=\"async\" width=\"300\" height=\"250\" src=\"https:\/\/jornalfatosenoticias.com.br\/wp-content\/uploads\/2022\/02\/Banner-2.png\" alt=\"\" class=\"wp-image-27877\"\/><\/figure><\/div>\n\n\n\n<p>O design da lib\u00e9lula aumentou a rigidez em 25%, sugerindo o potencial para asas mais leves e eficientes.<br>Agora, a equipe planeja usar estruturas 3D da asa da lib\u00e9lula, al\u00e9m de aprimorar o modelo de aprendizado de m\u00e1quina.<br>Se der certo, isso pode significar uma verdadeira revolu\u00e7\u00e3o na avia\u00e7\u00e3o. <\/p>\n\n\n\n<div class=\"wp-block-image\"><figure class=\"aligncenter size-large\"><img loading=\"lazy\" decoding=\"async\" width=\"300\" height=\"250\" src=\"https:\/\/jornalfatosenoticias.com.br\/wp-content\/uploads\/2022\/08\/arte-Casarao.jpg\" alt=\"\" class=\"wp-image-33178\"\/><\/figure><\/div>\n\n\n\n<blockquote class=\"wp-block-quote is-layout-flow wp-block-quote-is-layout-flow\"><p><span class=\"has-inline-color has-luminous-vivid-orange-color\">Ao fazer isso, poder\u00edamos criar avi\u00f5es mais leves e eficientes, usando menos materiais, levando a economias consider\u00e1veis de combust\u00edvel e custos, sem mencionar uma redu\u00e7\u00e3o substancial na pegada ambiental da avia\u00e7\u00e3o\u201d, destaca Masoud Akbarzadeh.<\/span><\/p><\/blockquote>\n\n\n\n<div class=\"wp-block-image\"><figure class=\"aligncenter size-large is-resized\"><img loading=\"lazy\" decoding=\"async\" src=\"https:\/\/jornalfatosenoticias.com.br\/wp-content\/uploads\/2023\/07\/torneio_volei.jpg\" alt=\"\" class=\"wp-image-43455\" width=\"333\" height=\"332\" srcset=\"https:\/\/jornalfatosenoticias.com.br\/wp-content\/uploads\/2023\/07\/torneio_volei.jpg 1000w, https:\/\/jornalfatosenoticias.com.br\/wp-content\/uploads\/2023\/07\/torneio_volei-300x300.jpg 300w, https:\/\/jornalfatosenoticias.com.br\/wp-content\/uploads\/2023\/07\/torneio_volei-150x150.jpg 150w, https:\/\/jornalfatosenoticias.com.br\/wp-content\/uploads\/2023\/07\/torneio_volei-768x767.jpg 768w\" sizes=\"auto, (max-width: 333px) 100vw, 333px\" \/><\/figure><\/div>\n\n\n\n<p><strong><em>Fonte: <a href=\"https:\/\/olhardigital.com.br\/2023\/07\/24\/carros-e-tecnologia\/asas-de-aviao-inspiradas-em-libelula-podem-ser-mais-leves-e-fortes\/\">Olhar Digital<\/a><\/em><\/strong><\/p>\n","protected":false},"excerpt":{"rendered":"<p>Pesquisadores estudaram o corpo de uma lib\u00e9lula como base para redesenhar asas mais sustent\u00e1veis de um Boeing 777 Por Alessandro Di Lorenzo Como criar asas de avi\u00e3o mais leves, fortes e sustent\u00e1veis? A natureza pode ter a resposta. Um artigo publicado na revista Advanced Science usou a asa de uma lib\u00e9lula como base para redesenhar [&hellip;]<\/p>\n","protected":false},"author":2,"featured_media":43615,"comment_status":"open","ping_status":"open","sticky":false,"template":"","format":"standard","meta":{"footnotes":""},"categories":[3],"tags":[20168,2752,20547,20546,9481],"class_list":["post-43614","post","type-post","status-publish","format-standard","has-post-thumbnail","hentry","category-tecnologia","tag-asas","tag-aviao","tag-aviao-libelula","tag-boeing-777","tag-libelula"],"yoast_head":"<!-- This site is optimized with the Yoast SEO plugin v26.5 - https:\/\/yoast.com\/wordpress\/plugins\/seo\/ -->\n<title>Asas de avi\u00e3o inspiradas em lib\u00e9lula podem ser mais leves e fortes - Jornal Fatos e Not\u00edcias<\/title>\n<meta name=\"robots\" content=\"index, follow, max-snippet:-1, max-image-preview:large, max-video-preview:-1\" \/>\n<link rel=\"canonical\" href=\"https:\/\/jornalfatosenoticias.com.br\/index.php\/2023\/07\/25\/asas-de-aviao-inspiradas-em-libelula-podem-ser-mais-leves-e-fortes\/\" \/>\n<meta property=\"og:locale\" content=\"pt_BR\" \/>\n<meta property=\"og:type\" content=\"article\" \/>\n<meta property=\"og:title\" content=\"Asas de avi\u00e3o inspiradas em lib\u00e9lula podem ser mais leves e fortes - Jornal Fatos e Not\u00edcias\" \/>\n<meta property=\"og:description\" content=\"Pesquisadores estudaram o corpo de uma lib\u00e9lula como base para redesenhar asas mais sustent\u00e1veis de um Boeing 777 Por Alessandro Di Lorenzo Como criar asas de avi\u00e3o mais leves, fortes e sustent\u00e1veis? A natureza pode ter a resposta. Um artigo publicado na revista Advanced Science usou a asa de uma lib\u00e9lula como base para redesenhar [&hellip;]\" \/>\n<meta property=\"og:url\" content=\"https:\/\/jornalfatosenoticias.com.br\/index.php\/2023\/07\/25\/asas-de-aviao-inspiradas-em-libelula-podem-ser-mais-leves-e-fortes\/\" \/>\n<meta property=\"og:site_name\" content=\"Jornal Fatos e Not\u00edcias\" \/>\n<meta property=\"article:published_time\" content=\"2023-07-25T13:00:01+00:00\" \/>\n<meta property=\"article:modified_time\" content=\"2023-07-25T13:00:02+00:00\" \/>\n<meta property=\"og:image\" content=\"https:\/\/jornalfatosenoticias.com.br\/wp-content\/uploads\/2023\/07\/Aviao-libelula.png\" \/>\n\t<meta property=\"og:image:width\" content=\"1000\" \/>\n\t<meta property=\"og:image:height\" content=\"673\" \/>\n\t<meta property=\"og:image:type\" content=\"image\/png\" \/>\n<meta name=\"author\" content=\"Luzimara Fernandes\" \/>\n<meta name=\"twitter:card\" content=\"summary_large_image\" \/>\n<meta name=\"twitter:label1\" content=\"Escrito por\" \/>\n\t<meta name=\"twitter:data1\" content=\"Luzimara Fernandes\" \/>\n\t<meta name=\"twitter:label2\" content=\"Est. tempo de leitura\" \/>\n\t<meta name=\"twitter:data2\" content=\"2 minutos\" \/>\n<script type=\"application\/ld+json\" class=\"yoast-schema-graph\">{\"@context\":\"https:\/\/schema.org\",\"@graph\":[{\"@type\":\"Article\",\"@id\":\"https:\/\/jornalfatosenoticias.com.br\/index.php\/2023\/07\/25\/asas-de-aviao-inspiradas-em-libelula-podem-ser-mais-leves-e-fortes\/#article\",\"isPartOf\":{\"@id\":\"https:\/\/jornalfatosenoticias.com.br\/index.php\/2023\/07\/25\/asas-de-aviao-inspiradas-em-libelula-podem-ser-mais-leves-e-fortes\/\"},\"author\":{\"name\":\"Luzimara Fernandes\",\"@id\":\"https:\/\/jornalfatosenoticias.com.br\/#\/schema\/person\/d63837fa13ac8666eb9e74e0985d6f81\"},\"headline\":\"Asas de avi\u00e3o inspiradas em lib\u00e9lula podem ser mais leves e fortes\",\"datePublished\":\"2023-07-25T13:00:01+00:00\",\"dateModified\":\"2023-07-25T13:00:02+00:00\",\"mainEntityOfPage\":{\"@id\":\"https:\/\/jornalfatosenoticias.com.br\/index.php\/2023\/07\/25\/asas-de-aviao-inspiradas-em-libelula-podem-ser-mais-leves-e-fortes\/\"},\"wordCount\":412,\"commentCount\":0,\"publisher\":{\"@id\":\"https:\/\/jornalfatosenoticias.com.br\/#organization\"},\"image\":{\"@id\":\"https:\/\/jornalfatosenoticias.com.br\/index.php\/2023\/07\/25\/asas-de-aviao-inspiradas-em-libelula-podem-ser-mais-leves-e-fortes\/#primaryimage\"},\"thumbnailUrl\":\"https:\/\/jornalfatosenoticias.com.br\/wp-content\/uploads\/2023\/07\/Aviao-libelula.png\",\"keywords\":[\"asas\",\"avi\u00e3o\",\"avi\u00e3o lib\u00e9lula\",\"Boeing 777\",\"lib\u00e9lula\"],\"articleSection\":[\"Tecnologia &amp; Inova\u00e7\u00e3o\"],\"inLanguage\":\"pt-BR\",\"potentialAction\":[{\"@type\":\"CommentAction\",\"name\":\"Comment\",\"target\":[\"https:\/\/jornalfatosenoticias.com.br\/index.php\/2023\/07\/25\/asas-de-aviao-inspiradas-em-libelula-podem-ser-mais-leves-e-fortes\/#respond\"]}]},{\"@type\":\"WebPage\",\"@id\":\"https:\/\/jornalfatosenoticias.com.br\/index.php\/2023\/07\/25\/asas-de-aviao-inspiradas-em-libelula-podem-ser-mais-leves-e-fortes\/\",\"url\":\"https:\/\/jornalfatosenoticias.com.br\/index.php\/2023\/07\/25\/asas-de-aviao-inspiradas-em-libelula-podem-ser-mais-leves-e-fortes\/\",\"name\":\"Asas de avi\u00e3o inspiradas em lib\u00e9lula podem ser mais leves e fortes - Jornal Fatos e Not\u00edcias\",\"isPartOf\":{\"@id\":\"https:\/\/jornalfatosenoticias.com.br\/#website\"},\"primaryImageOfPage\":{\"@id\":\"https:\/\/jornalfatosenoticias.com.br\/index.php\/2023\/07\/25\/asas-de-aviao-inspiradas-em-libelula-podem-ser-mais-leves-e-fortes\/#primaryimage\"},\"image\":{\"@id\":\"https:\/\/jornalfatosenoticias.com.br\/index.php\/2023\/07\/25\/asas-de-aviao-inspiradas-em-libelula-podem-ser-mais-leves-e-fortes\/#primaryimage\"},\"thumbnailUrl\":\"https:\/\/jornalfatosenoticias.com.br\/wp-content\/uploads\/2023\/07\/Aviao-libelula.png\",\"datePublished\":\"2023-07-25T13:00:01+00:00\",\"dateModified\":\"2023-07-25T13:00:02+00:00\",\"breadcrumb\":{\"@id\":\"https:\/\/jornalfatosenoticias.com.br\/index.php\/2023\/07\/25\/asas-de-aviao-inspiradas-em-libelula-podem-ser-mais-leves-e-fortes\/#breadcrumb\"},\"inLanguage\":\"pt-BR\",\"potentialAction\":[{\"@type\":\"ReadAction\",\"target\":[\"https:\/\/jornalfatosenoticias.com.br\/index.php\/2023\/07\/25\/asas-de-aviao-inspiradas-em-libelula-podem-ser-mais-leves-e-fortes\/\"]}]},{\"@type\":\"ImageObject\",\"inLanguage\":\"pt-BR\",\"@id\":\"https:\/\/jornalfatosenoticias.com.br\/index.php\/2023\/07\/25\/asas-de-aviao-inspiradas-em-libelula-podem-ser-mais-leves-e-fortes\/#primaryimage\",\"url\":\"https:\/\/jornalfatosenoticias.com.br\/wp-content\/uploads\/2023\/07\/Aviao-libelula.png\",\"contentUrl\":\"https:\/\/jornalfatosenoticias.com.br\/wp-content\/uploads\/2023\/07\/Aviao-libelula.png\",\"width\":1000,\"height\":673},{\"@type\":\"BreadcrumbList\",\"@id\":\"https:\/\/jornalfatosenoticias.com.br\/index.php\/2023\/07\/25\/asas-de-aviao-inspiradas-em-libelula-podem-ser-mais-leves-e-fortes\/#breadcrumb\",\"itemListElement\":[{\"@type\":\"ListItem\",\"position\":1,\"name\":\"In\u00edcio\",\"item\":\"https:\/\/jornalfatosenoticias.com.br\/\"},{\"@type\":\"ListItem\",\"position\":2,\"name\":\"Asas de avi\u00e3o inspiradas em lib\u00e9lula podem ser mais leves e fortes\"}]},{\"@type\":\"WebSite\",\"@id\":\"https:\/\/jornalfatosenoticias.com.br\/#website\",\"url\":\"https:\/\/jornalfatosenoticias.com.br\/\",\"name\":\"Jornal Fatos e Not\u00edcias\",\"description\":\"Not\u00edcias em geral\",\"publisher\":{\"@id\":\"https:\/\/jornalfatosenoticias.com.br\/#organization\"},\"potentialAction\":[{\"@type\":\"SearchAction\",\"target\":{\"@type\":\"EntryPoint\",\"urlTemplate\":\"https:\/\/jornalfatosenoticias.com.br\/?s={search_term_string}\"},\"query-input\":{\"@type\":\"PropertyValueSpecification\",\"valueRequired\":true,\"valueName\":\"search_term_string\"}}],\"inLanguage\":\"pt-BR\"},{\"@type\":\"Organization\",\"@id\":\"https:\/\/jornalfatosenoticias.com.br\/#organization\",\"name\":\"Jornal Fatos e Not\u00edcias\",\"url\":\"https:\/\/jornalfatosenoticias.com.br\/\",\"logo\":{\"@type\":\"ImageObject\",\"inLanguage\":\"pt-BR\",\"@id\":\"https:\/\/jornalfatosenoticias.com.br\/#\/schema\/logo\/image\/\",\"url\":\"https:\/\/jornalfatosenoticias.com.br\/wp-content\/uploads\/2020\/02\/logo120.png\",\"contentUrl\":\"https:\/\/jornalfatosenoticias.com.br\/wp-content\/uploads\/2020\/02\/logo120.png\",\"width\":1227,\"height\":120,\"caption\":\"Jornal Fatos e Not\u00edcias\"},\"image\":{\"@id\":\"https:\/\/jornalfatosenoticias.com.br\/#\/schema\/logo\/image\/\"}},{\"@type\":\"Person\",\"@id\":\"https:\/\/jornalfatosenoticias.com.br\/#\/schema\/person\/d63837fa13ac8666eb9e74e0985d6f81\",\"name\":\"Luzimara Fernandes\",\"image\":{\"@type\":\"ImageObject\",\"inLanguage\":\"pt-BR\",\"@id\":\"https:\/\/jornalfatosenoticias.com.br\/#\/schema\/person\/image\/\",\"url\":\"https:\/\/jornalfatosenoticias.com.br\/wp-content\/uploads\/2025\/05\/EU_portal.jpg\",\"contentUrl\":\"https:\/\/jornalfatosenoticias.com.br\/wp-content\/uploads\/2025\/05\/EU_portal.jpg\",\"caption\":\"Luzimara Fernandes\"},\"description\":\"Jornalista MTB 2358-ES\",\"sameAs\":[\"https:\/\/jornalfatosenoticias.com.br\"],\"url\":\"https:\/\/jornalfatosenoticias.com.br\/index.php\/author\/luzimara\/\"}]}<\/script>\n<!-- \/ Yoast SEO plugin. -->","yoast_head_json":{"title":"Asas de avi\u00e3o inspiradas em lib\u00e9lula podem ser mais leves e fortes - Jornal Fatos e Not\u00edcias","robots":{"index":"index","follow":"follow","max-snippet":"max-snippet:-1","max-image-preview":"max-image-preview:large","max-video-preview":"max-video-preview:-1"},"canonical":"https:\/\/jornalfatosenoticias.com.br\/index.php\/2023\/07\/25\/asas-de-aviao-inspiradas-em-libelula-podem-ser-mais-leves-e-fortes\/","og_locale":"pt_BR","og_type":"article","og_title":"Asas de avi\u00e3o inspiradas em lib\u00e9lula podem ser mais leves e fortes - Jornal Fatos e Not\u00edcias","og_description":"Pesquisadores estudaram o corpo de uma lib\u00e9lula como base para redesenhar asas mais sustent\u00e1veis de um Boeing 777 Por Alessandro Di Lorenzo Como criar asas de avi\u00e3o mais leves, fortes e sustent\u00e1veis? A natureza pode ter a resposta. Um artigo publicado na revista Advanced Science usou a asa de uma lib\u00e9lula como base para redesenhar [&hellip;]","og_url":"https:\/\/jornalfatosenoticias.com.br\/index.php\/2023\/07\/25\/asas-de-aviao-inspiradas-em-libelula-podem-ser-mais-leves-e-fortes\/","og_site_name":"Jornal Fatos e Not\u00edcias","article_published_time":"2023-07-25T13:00:01+00:00","article_modified_time":"2023-07-25T13:00:02+00:00","og_image":[{"width":1000,"height":673,"url":"https:\/\/jornalfatosenoticias.com.br\/wp-content\/uploads\/2023\/07\/Aviao-libelula.png","type":"image\/png"}],"author":"Luzimara Fernandes","twitter_card":"summary_large_image","twitter_misc":{"Escrito por":"Luzimara Fernandes","Est. tempo de leitura":"2 minutos"},"schema":{"@context":"https:\/\/schema.org","@graph":[{"@type":"Article","@id":"https:\/\/jornalfatosenoticias.com.br\/index.php\/2023\/07\/25\/asas-de-aviao-inspiradas-em-libelula-podem-ser-mais-leves-e-fortes\/#article","isPartOf":{"@id":"https:\/\/jornalfatosenoticias.com.br\/index.php\/2023\/07\/25\/asas-de-aviao-inspiradas-em-libelula-podem-ser-mais-leves-e-fortes\/"},"author":{"name":"Luzimara Fernandes","@id":"https:\/\/jornalfatosenoticias.com.br\/#\/schema\/person\/d63837fa13ac8666eb9e74e0985d6f81"},"headline":"Asas de avi\u00e3o inspiradas em lib\u00e9lula podem ser mais leves e fortes","datePublished":"2023-07-25T13:00:01+00:00","dateModified":"2023-07-25T13:00:02+00:00","mainEntityOfPage":{"@id":"https:\/\/jornalfatosenoticias.com.br\/index.php\/2023\/07\/25\/asas-de-aviao-inspiradas-em-libelula-podem-ser-mais-leves-e-fortes\/"},"wordCount":412,"commentCount":0,"publisher":{"@id":"https:\/\/jornalfatosenoticias.com.br\/#organization"},"image":{"@id":"https:\/\/jornalfatosenoticias.com.br\/index.php\/2023\/07\/25\/asas-de-aviao-inspiradas-em-libelula-podem-ser-mais-leves-e-fortes\/#primaryimage"},"thumbnailUrl":"https:\/\/jornalfatosenoticias.com.br\/wp-content\/uploads\/2023\/07\/Aviao-libelula.png","keywords":["asas","avi\u00e3o","avi\u00e3o lib\u00e9lula","Boeing 777","lib\u00e9lula"],"articleSection":["Tecnologia &amp; Inova\u00e7\u00e3o"],"inLanguage":"pt-BR","potentialAction":[{"@type":"CommentAction","name":"Comment","target":["https:\/\/jornalfatosenoticias.com.br\/index.php\/2023\/07\/25\/asas-de-aviao-inspiradas-em-libelula-podem-ser-mais-leves-e-fortes\/#respond"]}]},{"@type":"WebPage","@id":"https:\/\/jornalfatosenoticias.com.br\/index.php\/2023\/07\/25\/asas-de-aviao-inspiradas-em-libelula-podem-ser-mais-leves-e-fortes\/","url":"https:\/\/jornalfatosenoticias.com.br\/index.php\/2023\/07\/25\/asas-de-aviao-inspiradas-em-libelula-podem-ser-mais-leves-e-fortes\/","name":"Asas de avi\u00e3o inspiradas em lib\u00e9lula podem ser mais leves e fortes - Jornal Fatos e Not\u00edcias","isPartOf":{"@id":"https:\/\/jornalfatosenoticias.com.br\/#website"},"primaryImageOfPage":{"@id":"https:\/\/jornalfatosenoticias.com.br\/index.php\/2023\/07\/25\/asas-de-aviao-inspiradas-em-libelula-podem-ser-mais-leves-e-fortes\/#primaryimage"},"image":{"@id":"https:\/\/jornalfatosenoticias.com.br\/index.php\/2023\/07\/25\/asas-de-aviao-inspiradas-em-libelula-podem-ser-mais-leves-e-fortes\/#primaryimage"},"thumbnailUrl":"https:\/\/jornalfatosenoticias.com.br\/wp-content\/uploads\/2023\/07\/Aviao-libelula.png","datePublished":"2023-07-25T13:00:01+00:00","dateModified":"2023-07-25T13:00:02+00:00","breadcrumb":{"@id":"https:\/\/jornalfatosenoticias.com.br\/index.php\/2023\/07\/25\/asas-de-aviao-inspiradas-em-libelula-podem-ser-mais-leves-e-fortes\/#breadcrumb"},"inLanguage":"pt-BR","potentialAction":[{"@type":"ReadAction","target":["https:\/\/jornalfatosenoticias.com.br\/index.php\/2023\/07\/25\/asas-de-aviao-inspiradas-em-libelula-podem-ser-mais-leves-e-fortes\/"]}]},{"@type":"ImageObject","inLanguage":"pt-BR","@id":"https:\/\/jornalfatosenoticias.com.br\/index.php\/2023\/07\/25\/asas-de-aviao-inspiradas-em-libelula-podem-ser-mais-leves-e-fortes\/#primaryimage","url":"https:\/\/jornalfatosenoticias.com.br\/wp-content\/uploads\/2023\/07\/Aviao-libelula.png","contentUrl":"https:\/\/jornalfatosenoticias.com.br\/wp-content\/uploads\/2023\/07\/Aviao-libelula.png","width":1000,"height":673},{"@type":"BreadcrumbList","@id":"https:\/\/jornalfatosenoticias.com.br\/index.php\/2023\/07\/25\/asas-de-aviao-inspiradas-em-libelula-podem-ser-mais-leves-e-fortes\/#breadcrumb","itemListElement":[{"@type":"ListItem","position":1,"name":"In\u00edcio","item":"https:\/\/jornalfatosenoticias.com.br\/"},{"@type":"ListItem","position":2,"name":"Asas de avi\u00e3o inspiradas em lib\u00e9lula podem ser mais leves e fortes"}]},{"@type":"WebSite","@id":"https:\/\/jornalfatosenoticias.com.br\/#website","url":"https:\/\/jornalfatosenoticias.com.br\/","name":"Jornal Fatos e Not\u00edcias","description":"Not\u00edcias em geral","publisher":{"@id":"https:\/\/jornalfatosenoticias.com.br\/#organization"},"potentialAction":[{"@type":"SearchAction","target":{"@type":"EntryPoint","urlTemplate":"https:\/\/jornalfatosenoticias.com.br\/?s={search_term_string}"},"query-input":{"@type":"PropertyValueSpecification","valueRequired":true,"valueName":"search_term_string"}}],"inLanguage":"pt-BR"},{"@type":"Organization","@id":"https:\/\/jornalfatosenoticias.com.br\/#organization","name":"Jornal Fatos e Not\u00edcias","url":"https:\/\/jornalfatosenoticias.com.br\/","logo":{"@type":"ImageObject","inLanguage":"pt-BR","@id":"https:\/\/jornalfatosenoticias.com.br\/#\/schema\/logo\/image\/","url":"https:\/\/jornalfatosenoticias.com.br\/wp-content\/uploads\/2020\/02\/logo120.png","contentUrl":"https:\/\/jornalfatosenoticias.com.br\/wp-content\/uploads\/2020\/02\/logo120.png","width":1227,"height":120,"caption":"Jornal Fatos e Not\u00edcias"},"image":{"@id":"https:\/\/jornalfatosenoticias.com.br\/#\/schema\/logo\/image\/"}},{"@type":"Person","@id":"https:\/\/jornalfatosenoticias.com.br\/#\/schema\/person\/d63837fa13ac8666eb9e74e0985d6f81","name":"Luzimara Fernandes","image":{"@type":"ImageObject","inLanguage":"pt-BR","@id":"https:\/\/jornalfatosenoticias.com.br\/#\/schema\/person\/image\/","url":"https:\/\/jornalfatosenoticias.com.br\/wp-content\/uploads\/2025\/05\/EU_portal.jpg","contentUrl":"https:\/\/jornalfatosenoticias.com.br\/wp-content\/uploads\/2025\/05\/EU_portal.jpg","caption":"Luzimara Fernandes"},"description":"Jornalista MTB 2358-ES","sameAs":["https:\/\/jornalfatosenoticias.com.br"],"url":"https:\/\/jornalfatosenoticias.com.br\/index.php\/author\/luzimara\/"}]}},"cc_featured_image_caption":{"caption_text":"(Foto: Ilustra\u00e7\u00e3o\/Advanced Science)","source_text":"","source_url":""},"jetpack_featured_media_url":"https:\/\/jornalfatosenoticias.com.br\/wp-content\/uploads\/2023\/07\/Aviao-libelula.png","_links":{"self":[{"href":"https:\/\/jornalfatosenoticias.com.br\/index.php\/wp-json\/wp\/v2\/posts\/43614","targetHints":{"allow":["GET"]}}],"collection":[{"href":"https:\/\/jornalfatosenoticias.com.br\/index.php\/wp-json\/wp\/v2\/posts"}],"about":[{"href":"https:\/\/jornalfatosenoticias.com.br\/index.php\/wp-json\/wp\/v2\/types\/post"}],"author":[{"embeddable":true,"href":"https:\/\/jornalfatosenoticias.com.br\/index.php\/wp-json\/wp\/v2\/users\/2"}],"replies":[{"embeddable":true,"href":"https:\/\/jornalfatosenoticias.com.br\/index.php\/wp-json\/wp\/v2\/comments?post=43614"}],"version-history":[{"count":0,"href":"https:\/\/jornalfatosenoticias.com.br\/index.php\/wp-json\/wp\/v2\/posts\/43614\/revisions"}],"wp:featuredmedia":[{"embeddable":true,"href":"https:\/\/jornalfatosenoticias.com.br\/index.php\/wp-json\/wp\/v2\/media\/43615"}],"wp:attachment":[{"href":"https:\/\/jornalfatosenoticias.com.br\/index.php\/wp-json\/wp\/v2\/media?parent=43614"}],"wp:term":[{"taxonomy":"category","embeddable":true,"href":"https:\/\/jornalfatosenoticias.com.br\/index.php\/wp-json\/wp\/v2\/categories?post=43614"},{"taxonomy":"post_tag","embeddable":true,"href":"https:\/\/jornalfatosenoticias.com.br\/index.php\/wp-json\/wp\/v2\/tags?post=43614"}],"curies":[{"name":"wp","href":"https:\/\/api.w.org\/{rel}","templated":true}]}}