{"id":43617,"date":"2023-07-25T10:39:17","date_gmt":"2023-07-25T13:39:17","guid":{"rendered":"https:\/\/jornalfatosenoticias.com.br\/?p=43617"},"modified":"2023-07-25T10:39:17","modified_gmt":"2023-07-25T13:39:17","slug":"uma-potencial-vacina-contra-a-cocaina","status":"publish","type":"post","link":"https:\/\/jornalfatosenoticias.com.br\/index.php\/2023\/07\/25\/uma-potencial-vacina-contra-a-cocaina\/","title":{"rendered":"Uma potencial vacina contra a coca\u00edna"},"content":{"rendered":"\n<p><em><span class=\"has-inline-color has-black-color\">Por <strong>Suzel Tunes\/<a href=\"https:\/\/gizmodo.uol.com.br\/author\/revista-pesquisa-fapesp\/\">Revista Pesquisa Fapesp<\/a><\/strong><\/span><\/em><\/p>\n\n\n\n<div class=\"wp-block-image\"><figure class=\"aligncenter size-large\"><img decoding=\"async\" src=\"https:\/\/jornalfatosenoticias.com.br\/wp-content\/uploads\/2020\/02\/barao-das-carnes-300x164-1.jpg\" alt=\"\" class=\"wp-image-34339\"\/><\/figure><\/div>\n\n\n\n<p>A depend\u00eancia do uso de coca\u00edna e seus derivados, como o crack, \u00e9 um problema de sa\u00fade p\u00fablica de dimens\u00f5es globais para o qual a medicina ainda busca um tratamento efetivo. Um grupo de pesquisadores da Universidade Federal de Minas Gerais (UFMG) aposta na imunologia para encontrar essa solu\u00e7\u00e3o. A equipe est\u00e1 desenvolvendo uma vacina contra a droga e busca financiamento para viabilizar a realiza\u00e7\u00e3o dos primeiros testes em seres humanos. Os ensaios iniciais em animais revelaram que o potencial imunizante conseguiu estimular a produ\u00e7\u00e3o de anticorpos contra a mol\u00e9cula da coca\u00edna, mas ainda n\u00e3o h\u00e1 evid\u00eancias cient\u00edficas de que realmente reduza a depend\u00eancia da droga. Essa hip\u00f3tese ser\u00e1 verificada em novos testes com animais, que dever\u00e3o ocorrer antes da fase de ensaios cl\u00ednicos, com volunt\u00e1rios humanos, ainda sem previs\u00e3o de data para a realiza\u00e7\u00e3o.<\/p>\n\n\n\n<blockquote class=\"wp-block-quote is-layout-flow wp-block-quote-is-layout-flow\"><p><span class=\"has-inline-color has-luminous-vivid-orange-color\">Nos ensaios com roedores e primatas n\u00e3o humanos \u2014 saguis da esp\u00e9cie Callithrix penicillata \u2014 nossa vacina, denominada Calixcoca, n\u00e3o provocou efeitos colaterais significativos, apenas uma rea\u00e7\u00e3o leve no local da inje\u00e7\u00e3o, sem comprometer a sa\u00fade geral dos animais\u201d, afirma o m\u00e9dico psiquiatra Frederico Duarte Garcia, professor do Departamento de Sa\u00fade Mental da Faculdade de Medicina da UFMG e l\u00edder do estudo.<\/span><\/p><\/blockquote>\n\n\n\n<p>O nome Calixcoca, diz o pesquisador, \u00e9 inspirado na estrutura qu\u00edmica que comp\u00f5e o imunizante, do tipo calixareno, que tem formato semelhante a um c\u00e1lice e serve como carreador do ant\u00edgeno, um hapteno an\u00e1logo de coca\u00edna \u2014 carreadores s\u00e3o subst\u00e2ncias de peso molecular maior, capaz de provocar uma resposta imunol\u00f3gica.<\/p>\n\n\n\n<div class=\"wp-block-image\"><figure class=\"aligncenter size-large is-resized\"><img loading=\"lazy\" decoding=\"async\" src=\"https:\/\/jornalfatosenoticias.com.br\/wp-content\/uploads\/2020\/02\/logo-embacia.jpg\" alt=\"\" class=\"wp-image-33905\" width=\"276\" height=\"276\"\/><\/figure><\/div>\n\n\n\n<p>O farmac\u00eautico Paulo S\u00e9rgio de Almeida Augusto, que integra o grupo da UFMG, explica que haptenos s\u00e3o mol\u00e9culas que, por conta do tamanho reduzido, n\u00e3o s\u00e3o reconhecidas como invasoras pelo sistema imunol\u00f3gico, necessitando ser combinadas a uma macromol\u00e9cula carreadora para induzir uma resposta imune do organismo. \u00c9 o que acontece com a coca\u00edna. \u201cA coca\u00edna \u00e9 uma mol\u00e9cula estranha ao organismo humano, mas geralmente n\u00e3o possui o peso molecular e a complexidade qu\u00edmica necess\u00e1rios para induzir uma resposta imunol\u00f3gica consider\u00e1vel\u201d, diz Augusto. \u201cA resposta at\u00e9 pode ser induzida quando a pessoa utiliza altas doses da droga e com elevada frequ\u00eancia, mas isso n\u00e3o ocorre com todo indiv\u00edduo\u201d.<br>Para criar o novo imunizante, os pesquisadores desenvolveram um hapteno a partir de uma mol\u00e9cula de coca\u00edna, modificada para se ligar ao carreador. Conjugado ao calixareno, ele ganha maior peso molecular e \u00e9, ent\u00e3o, capaz de provocar uma resposta imunol\u00f3gica. A ideia \u00e9 que se a pessoa vacinada voltar a consumir coca\u00edna ou crack, os anticorpos liguem-se \u00e0s mol\u00e9culas da droga na corrente sangu\u00ednea, impedindo, ou ao menos reduzindo, sua passagem pela barreira hematoencef\u00e1lica. Essa estrutura reveste os vasos sangu\u00edneos que irrigam o sistema nervoso central e funciona como uma esp\u00e9cie de filtro, controlando o transporte de subst\u00e2ncias que chegam ao c\u00e9rebro.<br>Estudo conduzido pelo grupo mineiro com a mol\u00e9cula sintetizada pela UFMG demonstrou por meio de um ensaio de radioatividade que a vacina reduz a passagem da droga pela barreira hematoencef\u00e1lica em animais.<\/p>\n\n\n\n<div class=\"wp-block-image\"><figure class=\"aligncenter size-large\"><img decoding=\"async\" src=\"https:\/\/jornalfatosenoticias.com.br\/wp-content\/uploads\/2020\/02\/logo_esteio.jpg\" alt=\"\" class=\"wp-image-1214\"\/><\/figure><\/div>\n\n\n\n<blockquote class=\"wp-block-quote is-layout-flow wp-block-quote-is-layout-flow\"><p><span class=\"has-inline-color has-luminous-vivid-orange-color\">Os animais imunizados foram tratados com um radiof\u00e1rmaco de estrutura e mecanismo de a\u00e7\u00e3o semelhante ao da coca\u00edna. Por meio de cintilografia, detectamos menor concentra\u00e7\u00e3o desse composto no c\u00e9rebro dos imunizados e maior concentra\u00e7\u00e3o no sangue em rela\u00e7\u00e3o aos animais que receberam apenas placebo\u201d, informa Augusto. Os resultados do trabalho foram publicados recentemente no Journal of Advanced Research.<\/span><\/p><\/blockquote>\n\n\n\n<p>A hip\u00f3tese dos pesquisadores mineiros \u00e9 de que, uma vez que a vacina impedir\u00e1 que as mol\u00e9culas da coca\u00edna atravessem a barreira hematoencef\u00e1lica e cheguem ao c\u00e9rebro, a pessoa n\u00e3o sentir\u00e1 os mesmos efeitos prazerosos que, antes, acionavam o circuito de recompensa cerebral, provocando a compuls\u00e3o. Essa teoria, contudo, ainda precisa ser comprovada na fase de exames cl\u00ednicos. \u201cSem a compuls\u00e3o, o paciente ganha tempo para retomar a vida familiar, profissional e os outros prazeres e interesses que foram substitu\u00eddos pela droga\u201d, explica Garcia.<\/p>\n\n\n\n<div class=\"wp-block-image\"><figure class=\"aligncenter size-large is-resized\"><img loading=\"lazy\" decoding=\"async\" src=\"https:\/\/jornalfatosenoticias.com.br\/wp-content\/uploads\/2020\/02\/logo-Rapuzel-1024x571.jpg\" alt=\"\" class=\"wp-image-42808\" width=\"402\" height=\"224\" srcset=\"https:\/\/jornalfatosenoticias.com.br\/wp-content\/uploads\/2020\/02\/logo-Rapuzel-1024x571.jpg 1024w, https:\/\/jornalfatosenoticias.com.br\/wp-content\/uploads\/2020\/02\/logo-Rapuzel-300x167.jpg 300w, https:\/\/jornalfatosenoticias.com.br\/wp-content\/uploads\/2020\/02\/logo-Rapuzel-768x428.jpg 768w, https:\/\/jornalfatosenoticias.com.br\/wp-content\/uploads\/2020\/02\/logo-Rapuzel-1536x856.jpg 1536w, https:\/\/jornalfatosenoticias.com.br\/wp-content\/uploads\/2020\/02\/logo-Rapuzel.jpg 1600w\" sizes=\"auto, (max-width: 402px) 100vw, 402px\" \/><\/figure><\/div>\n\n\n\n<p><strong><span class=\"has-inline-color has-black-color\">Hist\u00f3rico desafiador<br><\/span><\/strong>A nova abordagem terap\u00eautica \u00e9 vista com contida esperan\u00e7a por especialistas em depend\u00eancia qu\u00edmica. \u201cA medicina ainda n\u00e3o disp\u00f5e de um f\u00e1rmaco aprovado para o enfrentamento dessa doen\u00e7a. O tratamento atual se limita ao manejo dos sinais e sintomas da s\u00edndrome de abstin\u00eancia e dos transtornos associados, juntamente com terapias comportamentais\u201d, explica o farmac\u00eautico bioqu\u00edmico F\u00e1bio Cardoso Cruz, professor do Departamento de Farmacologia da Escola Paulista de Medicina da Universidade Federal de S\u00e3o Paulo (Unifesp), que n\u00e3o participou dos estudos.<br>Cruz estuda o mecanismo neurobiol\u00f3gico da reca\u00edda ao uso de coca\u00edna e crack, em projeto apoiado pela FAPESP. Ele busca entender por que cerca de 70% a 80% dos indiv\u00edduos recaem durante o tratamento. \u201cEsses dados ressaltam a urg\u00eancia do desenvolvimento de novas estrat\u00e9gias terap\u00eauticas. Nesse contexto, as vacinas t\u00eam sido apontadas como uma nova e promissora abordagem farmacol\u00f3gica\u201d, comenta o pesquisador.<br>A Calixcoca, contudo, n\u00e3o \u00e9 a primeira formula\u00e7\u00e3o terap\u00eautica baseada na imunologia para combater a depend\u00eancia qu\u00edmica. \u201cO potencial terap\u00eautico das vacinas contra drogas foi demonstrado pela primeira vez em meados dos anos 1970, quando um conjugado de morfina-albumina s\u00e9rica bovina foi capaz de reduzir levemente a autoadministra\u00e7\u00e3o de hero\u00edna em um macaco rhesus. Na d\u00e9cada de 1990 surgiram os primeiros relatos sobre tentativas de desenvolvimento de vacinas contra coca\u00edna e nicotina\u201d, afirma Cruz. O experimento com o macaco rhesus foi relatado na revista <em>Molecular Psychiatry, <\/em>em 1974.<\/p>\n\n\n\n<div class=\"wp-block-image\"><figure class=\"aligncenter size-large is-resized\"><img loading=\"lazy\" decoding=\"async\" src=\"https:\/\/jornalfatosenoticias.com.br\/wp-content\/uploads\/2023\/03\/Crypton-1000-\u00d7-900-px-300x270-1.png\" alt=\"\" class=\"wp-image-40206\" width=\"272\" height=\"245\"\/><\/figure><\/div>\n\n\n\n<blockquote class=\"wp-block-quote is-layout-flow wp-block-quote-is-layout-flow\"><p><span class=\"has-inline-color has-luminous-vivid-orange-color\">At\u00e9 o momento, nenhuma candidata a vacina para tratamento de dependentes de coca\u00edna obteve bons resultados nos testes cl\u00ednicos em humanos&#8221;.<\/span><\/p><\/blockquote>\n\n\n\n<p>A despeito de resultados promissores em estudos pr\u00e9-cl\u00ednicos e alguns ensaios cl\u00ednicos iniciais, at\u00e9 agora n\u00e3o existe nenhuma vacina antidroga registrada no mundo. \u201cAinda h\u00e1 desafios a serem superados. Nem todos os indiv\u00edduos respondem da mesma maneira \u00e0s vacinas e alguns n\u00e3o produzem n\u00edveis suficientes de anticorpos para alcan\u00e7ar a efic\u00e1cia cl\u00ednica desejada\u201d, explica o pesquisador da Unifesp. \u201cEm geral as vacinas s\u00e3o eficientes em modelo animal. Mas quando v\u00e3o para a fase de ensaios cl\u00ednicos n\u00e3o apresentam bons resultados\u201d, confirma a imunologista Denise Morais da Fonseca, do Instituto de Ci\u00eancias Biom\u00e9dicas da Universidade de S\u00e3o Paulo (ICB-USP). Em mar\u00e7o, ela fez parte de um curso promovido pelo ICB sobre tratamento farmacol\u00f3gico da depend\u00eancia. Para preparar as aulas, resolveu pesquisar revis\u00f5es de literatura a respeito de vacinas, e o resultado foi frustrante. <\/p>\n\n\n\n<blockquote class=\"wp-block-quote is-layout-flow wp-block-quote-is-layout-flow\"><p><span class=\"has-inline-color has-luminous-vivid-orange-color\">Uma revis\u00e3o de 2022 levantou 23 ensaios cl\u00ednicos j\u00e1 conclu\u00eddos sobre vacinas antidrogas, dos quais seis voltados ao tratamento da coca\u00edna \u2014 a maioria era contra nicotina\u201d, conta. \u201cTodos falharam\u201d.<\/span><\/p><\/blockquote>\n\n\n\n<div class=\"wp-block-image\"><figure class=\"aligncenter size-large is-resized\"><img loading=\"lazy\" decoding=\"async\" src=\"https:\/\/jornalfatosenoticias.com.br\/wp-content\/uploads\/2023\/03\/logo-Panper_portal.jpg\" alt=\"\" class=\"wp-image-40208\" width=\"319\" height=\"221\" srcset=\"https:\/\/jornalfatosenoticias.com.br\/wp-content\/uploads\/2023\/03\/logo-Panper_portal.jpg 400w, https:\/\/jornalfatosenoticias.com.br\/wp-content\/uploads\/2023\/03\/logo-Panper_portal-300x208.jpg 300w\" sizes=\"auto, (max-width: 319px) 100vw, 319px\" \/><\/figure><\/div>\n\n\n\n<p>Algumas vacinas, ressalta a imunologista, n\u00e3o produziram anticorpos em n\u00famero suficiente ou a resposta imune caiu muito rapidamente. As raz\u00f5es para esses resultados ainda n\u00e3o est\u00e3o claras, mas podem se relacionar \u00e0 variabilidade gen\u00e9tica dos indiv\u00edduos testados, algo que n\u00e3o existe quando se usa modelo animal. \u201cEm geral as pesquisas usam camundongos isog\u00eanicos, ou seja, geneticamente uniformes\u201d, informa Fonseca.<br>Outra poss\u00edvel explica\u00e7\u00e3o pode estar no pr\u00f3prio comportamento do volunt\u00e1rio submetido \u00e0 vacina. \u201cEm alguns testes que falharam, o dependente usou doses maiores da droga at\u00e9 conseguir obter o efeito desejado\u201d, diz a pesquisadora.<br>Os pesquisadores da UFMG reconhecem que, teoricamente, existe o risco do consumo de maior dosagem na tentativa de reativar o circuito de recompensa cerebral. Segundo Augusto, essa quest\u00e3o ser\u00e1 estudada posteriormente, com modelos experimentais que permitir\u00e3o estimar a quantidade de droga que a vacina \u00e9 capaz de bloquear. \u201cNa pr\u00e1tica, o que pretendemos \u00e9 criar obst\u00e1culos ao mecanismo de compuls\u00e3o. A partir de certa medida, o aumento do consumo elevaria muito o custo para o usu\u00e1rio, o que poderia trazer uma limita\u00e7\u00e3o financeira\u201d, considera Garcia.<\/p>\n\n\n\n<div class=\"wp-block-image\"><figure class=\"aligncenter size-large\"><img loading=\"lazy\" decoding=\"async\" width=\"666\" height=\"1000\" src=\"https:\/\/jornalfatosenoticias.com.br\/wp-content\/uploads\/2023\/07\/cocaina-vacina-fapesp-2.jpg\" alt=\"\" class=\"wp-image-43619\" srcset=\"https:\/\/jornalfatosenoticias.com.br\/wp-content\/uploads\/2023\/07\/cocaina-vacina-fapesp-2.jpg 666w, https:\/\/jornalfatosenoticias.com.br\/wp-content\/uploads\/2023\/07\/cocaina-vacina-fapesp-2-200x300.jpg 200w\" sizes=\"auto, (max-width: 666px) 100vw, 666px\" \/><figcaption><em><span class=\"has-inline-color has-black-color\">Pesquisadora da UFMG segura frasco contendo a formula\u00e7\u00e3o do imunizante Calixcoca (Foto: UFMG)<\/span><\/em><\/figcaption><\/figure><\/div>\n\n\n\n<p>O grupo mineiro confia, sobretudo, na maior efic\u00e1cia da Calixcoca quando comparada a projetos anteriores. Essa confian\u00e7a est\u00e1 amparada na constitui\u00e7\u00e3o qu\u00edmica da formula\u00e7\u00e3o.<\/p>\n\n\n\n<blockquote class=\"wp-block-quote is-layout-flow wp-block-quote-is-layout-flow\"><p><span class=\"has-inline-color has-luminous-vivid-orange-color\">A diferen\u00e7a da nossa proposta \u00e9 que a vacina n\u00e3o tem nenhuma base proteica. O calixareno \u00e9 uma subst\u00e2ncia org\u00e2nica sint\u00e9tica\u201d, resume o professor do Departamento de Qu\u00edmica da UFMG \u00c2ngelo de F\u00e1tima, que desenvolveu a plataforma imunog\u00eanica da vacina.<\/span><\/p><\/blockquote>\n\n\n\n<div class=\"wp-block-image\"><figure class=\"aligncenter size-large is-resized\"><img loading=\"lazy\" decoding=\"async\" src=\"https:\/\/jornalfatosenoticias.com.br\/wp-content\/uploads\/2022\/02\/Precisao-Contabilidade-1024x724.jpg\" alt=\"\" class=\"wp-image-28088\" width=\"344\" height=\"243\"\/><\/figure><\/div>\n\n\n\n<p>Os projetos anteriores de vacinas antidrogas utilizavam como carreadores prote\u00ednas que j\u00e1 haviam sido empregadas em outras formula\u00e7\u00f5es de vacinas utilizadas pela popula\u00e7\u00e3o, o que gerava certo n\u00edvel de sensibiliza\u00e7\u00e3o. \u201cO organismo reagia contra as prote\u00ednas tamb\u00e9m, e n\u00e3o apenas contra a droga. Nossa vacina induz uma resposta melhor porque \u00e9 uma mol\u00e9cula completamente nova para o organismo\u201d, afirma Garcia.<br>Outra vantagem da nova formula\u00e7\u00e3o, segundo seus desenvolvedores, estaria no processo produtivo. \u201cO calixareno \u00e9 uma subst\u00e2ncia mais est\u00e1vel e n\u00e3o exige cadeia fria para produ\u00e7\u00e3o e armazenamento. O processo seria mais barato\u201d, diz o qu\u00edmico da UFMG. Cadeia fria \u00e9 a log\u00edstica de manuseio, armazenamento, distribui\u00e7\u00e3o e transporte em temperatura controlada de medicamentos termol\u00e1beis (sens\u00edveis \u00e0 a\u00e7\u00e3o da temperatura).<\/p>\n\n\n\n<div class=\"wp-block-image\"><figure class=\"aligncenter size-large is-resized\"><img loading=\"lazy\" decoding=\"async\" src=\"https:\/\/jornalfatosenoticias.com.br\/wp-content\/uploads\/2023\/04\/Logo_MasterMind.jpg\" alt=\"\" class=\"wp-image-40974\" width=\"293\" height=\"213\"\/><\/figure><\/div>\n\n\n\n<p><strong><span class=\"has-inline-color has-black-color\">Prote\u00e7\u00e3o ao feto<br><\/span><\/strong>Mesmo que a Calixcoca demonstre, nos estudos cl\u00ednicos futuros, ser eficaz no papel de criar anticorpos contra a coca\u00edna, precisar\u00e1 ser acompanhada de outros suportes terap\u00eauticos. \u00c9 o que adverte Cruz, com base em suas pesquisas sobre os mecanismos biol\u00f3gicos da depend\u00eancia. Ele explica que existe uma mem\u00f3ria associativa relacionada \u00e0 droga, que pode ser disparada por diferentes gatilhos, como situa\u00e7\u00f5es de estresse ou exposi\u00e7\u00e3o do indiv\u00edduo a ambientes e contextos associados ao consumo.<br>Quando uma pessoa faz uso cr\u00f4nico de determinada subst\u00e2ncia, explica o pesquisador, seu enc\u00e9falo associa o efeito da droga com o local onde o indiv\u00edduo costuma consumi-la, os objetos que utiliza, as pessoas em volta e, at\u00e9 mesmo, roupas que normalmente usa na ocasi\u00e3o. A simples exposi\u00e7\u00e3o a esses elementos pode despertar o desejo incontrol\u00e1vel pela subst\u00e2ncia.<br>\u201cAs vacinas podem ser utilizadas como parte de uma abordagem integrada de tratamento, combinando terapia comportamental, suporte psicossocial e outras interven\u00e7\u00f5es, a fim de auxiliar as pessoas a superar a depend\u00eancia\u201d, considera Cruz.<\/p>\n\n\n\n<div class=\"wp-block-image\"><figure class=\"aligncenter size-large\"><img loading=\"lazy\" decoding=\"async\" width=\"300\" height=\"250\" src=\"https:\/\/jornalfatosenoticias.com.br\/wp-content\/uploads\/2022\/02\/FERRARI_MAQUINAS-E-FERRAMENTAS2.jpg\" alt=\"\" class=\"wp-image-27860\"\/><\/figure><\/div>\n\n\n\n<blockquote class=\"wp-block-quote is-layout-flow wp-block-quote-is-layout-flow\"><p><span class=\"has-inline-color has-luminous-vivid-orange-color\">\u00c9 fundamental pensar o emprego de uma vacina antidrogas junto com pol\u00edticas p\u00fablicas\u201d, acrescenta Fonseca, do ICB-USP. Ela avalia que existem diversas quest\u00f5es \u00e9ticas envolvidas no emprego do recurso. \u201cVamos utiliz\u00e1-las como vacinas terap\u00eauticas ou profil\u00e1ticas? Seriam escolhidos grupos de risco para serem vacinados?\u201d, questiona. Uma possibilidade de uso do novo f\u00e1rmaco, considera a imunologista, seria a prote\u00e7\u00e3o materno-fetal contra os males causados pela exposi\u00e7\u00e3o pr\u00e9-natal \u00e0 droga. Essa \u00e9 outra vertente do trabalho da UFMG, tema da tese de doutorado em medicina molecular do farmac\u00eautico Paulo Augusto, defendida em 2020.<\/span><\/p><\/blockquote>\n\n\n\n<div class=\"wp-block-image\"><figure class=\"aligncenter size-large\"><img loading=\"lazy\" decoding=\"async\" width=\"729\" height=\"90\" src=\"https:\/\/jornalfatosenoticias.com.br\/wp-content\/uploads\/2020\/02\/Logo_Mizu.png\" alt=\"\" class=\"wp-image-1441\" srcset=\"https:\/\/jornalfatosenoticias.com.br\/wp-content\/uploads\/2020\/02\/Logo_Mizu.png 729w, https:\/\/jornalfatosenoticias.com.br\/wp-content\/uploads\/2020\/02\/Logo_Mizu-300x37.png 300w\" sizes=\"auto, (max-width: 729px) 100vw, 729px\" \/><\/figure><\/div>\n\n\n\n<p>O pesquisador lembra que a exposi\u00e7\u00e3o \u00e0 coca\u00edna durante a gesta\u00e7\u00e3o traz riscos n\u00e3o apenas \u00e0s m\u00e3es, que podem sofrer aborto espont\u00e2neo e complica\u00e7\u00f5es no parto, mas tamb\u00e9m aos fetos e beb\u00eas, com repercuss\u00f5es para a vida da crian\u00e7a. Prematuridade, baixo peso, danos ao desenvolvimento neurobiol\u00f3gico, malforma\u00e7\u00f5es e maior risco de surgimento de transtornos psiqui\u00e1tricos na adolesc\u00eancia s\u00e3o alguns dos efeitos delet\u00e9rios relacionados ao consumo de coca\u00edna durante a gesta\u00e7\u00e3o. \u201cA melhor abordagem para prevenir a exposi\u00e7\u00e3o pr\u00e9-natal \u00e0 coca\u00edna \u00e9 interromper o consumo. No entanto, apenas 25% das usu\u00e1rias conseguem parar durante a gravidez\u201d, informa Augusto.<\/p>\n\n\n\n<div class=\"wp-block-image\"><figure class=\"aligncenter size-large\"><img loading=\"lazy\" decoding=\"async\" width=\"1000\" height=\"736\" src=\"https:\/\/jornalfatosenoticias.com.br\/wp-content\/uploads\/2023\/07\/cocaina-vacina-fapesp-3.png\" alt=\"\" class=\"wp-image-43618\" srcset=\"https:\/\/jornalfatosenoticias.com.br\/wp-content\/uploads\/2023\/07\/cocaina-vacina-fapesp-3.png 1000w, https:\/\/jornalfatosenoticias.com.br\/wp-content\/uploads\/2023\/07\/cocaina-vacina-fapesp-3-300x221.png 300w, https:\/\/jornalfatosenoticias.com.br\/wp-content\/uploads\/2023\/07\/cocaina-vacina-fapesp-3-768x565.png 768w\" sizes=\"auto, (max-width: 1000px) 100vw, 1000px\" \/><figcaption><em><span class=\"has-inline-color has-black-color\">(Imagem: Alexandre Affonso\/Revista Pesquisa Fapesp)<\/span><\/em><\/figcaption><\/figure><\/div>\n\n\n\n<p>A pesquisa de doutorado do farmac\u00eautico foi uma prova de conceito para a utiliza\u00e7\u00e3o da vacina anticoca\u00edna durante a gesta\u00e7\u00e3o, a partir de testes com ratas gr\u00e1vidas. Publicado na revista <em>Molecular Psychiatry,<\/em> em 2021, foi o primeiro estudo a relatar a efic\u00e1cia de um imunizante do g\u00eanero durante a gravidez. O projeto correu em paralelo ao desenvolvimento da Calixcoca e, por isso, o pesquisador resolveu utilizar uma vacina criada pelo norte-americano Kim Janda, denominada GNE-KLH. Fruto de estudos realizados desde a d\u00e9cada de 1990, ela obteve bons resultados nos exames pr\u00e9-cl\u00ednicos, mas n\u00e3o apresentou os efeitos esperados nos ensaios cl\u00ednicos.<\/p>\n\n\n\n<div class=\"wp-block-image\"><figure class=\"aligncenter size-large\"><img loading=\"lazy\" decoding=\"async\" width=\"300\" height=\"137\" src=\"https:\/\/jornalfatosenoticias.com.br\/wp-content\/uploads\/2023\/06\/LOGO_JULIANA-GRACA_PORTAL.jpg\" alt=\"\" class=\"wp-image-42597\"\/><\/figure><\/div>\n\n\n\n<p>Nos testes com animais, os resultados foram positivos. \u201cComparadas \u00e0s m\u00e3es tratadas com placebo, as vacinadas durante a gesta\u00e7\u00e3o apresentaram ganho de peso gestacional mais elevado e maior tamanho da ninhada\u201d, relata o pesquisador. \u201cForam encontrados anticorpos anticoca\u00edna nos fetos, nos rec\u00e9m-nascidos e tamb\u00e9m no leite materno\u201d.<br>Ele conta que esses anticorpos foram capazes de atenuar a agita\u00e7\u00e3o e o efeito hiperlocomotor induzido pela coca\u00edna nos filhotes rec\u00e9m-desmamados. Para comprovar essa hip\u00f3tese, os roedores recebiam doses de coca\u00edna e, depois, eram colocados dentro de caixas e observados.<\/p>\n\n\n\n<div class=\"wp-block-image\"><figure class=\"aligncenter size-large\"><img loading=\"lazy\" decoding=\"async\" width=\"300\" height=\"250\" src=\"https:\/\/jornalfatosenoticias.com.br\/wp-content\/uploads\/2022\/02\/Banner-2.png\" alt=\"\" class=\"wp-image-27877\"\/><\/figure><\/div>\n\n\n\n<blockquote class=\"wp-block-quote is-layout-flow wp-block-quote-is-layout-flow\"><p><span class=\"has-inline-color has-luminous-vivid-orange-color\">O comportamento prim\u00e1rio do filhote \u00e9 ficar escondido em um canto da caixa. Sob a a\u00e7\u00e3o da coca\u00edna, eles ficavam mais desinibidos, movendo-se, por toda a \u00e1rea da caixa. Mas aqueles que receberam anticorpos mantinham o comportamento normal.\u201d A equipe mineira planeja fazer o mesmo experimento com a Calixcoca.<\/span><\/p><\/blockquote>\n\n\n\n<p>Para o bioqu\u00edmico Cruz, \u00e9 fundamental que a ci\u00eancia busque a compreens\u00e3o dos mecanismos de depend\u00eancia e identifique potenciais de tratamento. \u201cA depend\u00eancia ainda n\u00e3o foi tratada com o respeito que merece. N\u00e3o se trata de falha de car\u00e1ter ou falta de vontade, \u00e9 uma doen\u00e7a para a vida toda\u201d.<\/p>\n\n\n\n<div class=\"wp-block-image\"><figure class=\"aligncenter size-large\"><img loading=\"lazy\" decoding=\"async\" width=\"300\" height=\"250\" src=\"https:\/\/jornalfatosenoticias.com.br\/wp-content\/uploads\/2022\/08\/arte-Casarao.jpg\" alt=\"\" class=\"wp-image-33178\"\/><\/figure><\/div>\n\n\n\n<p><strong><span class=\"has-inline-color has-black-color\">Pr\u00f3ximos passos<br><\/span><\/strong>Para viabilizar a realiza\u00e7\u00e3o dos ensaios cl\u00ednicos, os pesquisadores do grupo mineiro t\u00eam conversado com poss\u00edveis financiadores. Em junho, a prefeitura de S\u00e3o Paulo anunciou investimento de R$ 4 milh\u00f5es no projeto e a inten\u00e7\u00e3o de avaliar sua aplica\u00e7\u00e3o em grupos eleg\u00edveis, incluindo dependentes qu\u00edmicos em fase de recupera\u00e7\u00e3o, na pr\u00f3xima fase da pesquisa. H\u00e1 conversas tamb\u00e9m com o governo paulista e o Instituto Butantan. \u201cVamos precisar de R$ 30 milh\u00f5es para os estudos cl\u00ednicos de fase I e II, que devem levar entre dois e tr\u00eas anos para serem conclu\u00eddos\u201d, revela.<br>Os pesquisadores j\u00e1 depositaram uma patente da candidata a vacina em nome da UFMG e da Funda\u00e7\u00e3o de Amparo \u00e0 Pesquisa do Estado de Minas Gerais (Fapemig), que apoia o projeto. Em maio, o estudo mineiro foi selecionado como um dos finalistas do 2\u00ba Pr\u00eamio Euro Inova\u00e7\u00e3o na Sa\u00fade, iniciativa internacional que destaca inova\u00e7\u00f5es na \u00e1rea m\u00e9dica, patrocinada pela empresa farmac\u00eautica brasileira Eurofarma.<\/p>\n\n\n\n<div class=\"wp-block-image\"><figure class=\"aligncenter size-large is-resized\"><img loading=\"lazy\" decoding=\"async\" src=\"https:\/\/jornalfatosenoticias.com.br\/wp-content\/uploads\/2020\/02\/casa-do-torresmo_portal.jpg\" alt=\"\" class=\"wp-image-34472\" width=\"278\" height=\"278\" srcset=\"https:\/\/jornalfatosenoticias.com.br\/wp-content\/uploads\/2020\/02\/casa-do-torresmo_portal.jpg 300w, https:\/\/jornalfatosenoticias.com.br\/wp-content\/uploads\/2020\/02\/casa-do-torresmo_portal-150x150.jpg 150w\" sizes=\"auto, (max-width: 278px) 100vw, 278px\" \/><\/figure><\/div>\n\n\n\n<p><strong><span class=\"has-inline-color has-black-color\">A droga em n\u00fameros<br><\/span><\/strong>\u2014 No mundo, <strong>21,5 milh\u00f5es<\/strong> de pessoas fizeram uso de coca\u00edna pelo menos uma vez entre 2019 e 2020, o que representa<strong> 0,4%<\/strong> da popula\u00e7\u00e3o de 15 a 64 anos.<\/p>\n\n\n\n<p>\u2014 No Brasil, a droga \u00e9 a <strong>2\u00aa subst\u00e2ncia il\u00edcita mais consumida,<\/strong> perdendo apenas para a maconha.<\/p>\n\n\n\n<p>\u2014 No per\u00edodo de 2008 a 2015 houve no Pa\u00eds <strong>aumento de 23%<\/strong> nos registros de hospitaliza\u00e7\u00f5es em raz\u00e3o de transtornos mentais e comportamentais devidos ao uso de coca\u00edna.<\/p>\n\n\n\n<div class=\"wp-block-image\"><figure class=\"aligncenter size-large is-resized\"><img loading=\"lazy\" decoding=\"async\" src=\"https:\/\/jornalfatosenoticias.com.br\/wp-content\/uploads\/2023\/03\/nova-logo-Marquetti.jpg\" alt=\"\" class=\"wp-image-40207\" width=\"297\" height=\"199\" srcset=\"https:\/\/jornalfatosenoticias.com.br\/wp-content\/uploads\/2023\/03\/nova-logo-Marquetti.jpg 643w, https:\/\/jornalfatosenoticias.com.br\/wp-content\/uploads\/2023\/03\/nova-logo-Marquetti-300x202.jpg 300w\" sizes=\"auto, (max-width: 297px) 100vw, 297px\" \/><\/figure><\/div>\n\n\n\n<p><strong>FONTES<\/strong> Global overview of drug demand and drug supply \u2012 World Drug Report 2022, Escrit\u00f3rio das Na\u00e7\u00f5es Unidas sobre Drogas e Crime (Unodoc); BASTOS, F. I. et al (org). III Levantamento nacional sobre o uso de drogas pela popula\u00e7\u00e3o brasileira, Fiocruz\/ICICT, 2017; OPALEYE, E. S. et al (org). II Relat\u00f3rio Brasileiro sobre Drogas, Minist\u00e9rio da Justi\u00e7a e Seguran\u00e7a P\u00fablica, coedi\u00e7\u00e3o com a Universidade Federal de S\u00e3o Paulo (Unifesp), 2021.<\/p>\n\n\n\n<p><strong><span class=\"has-inline-color has-black-color\">Projeto<br><\/span><\/strong>Estudo neurobiol\u00f3gico da reca\u00edda ao uso de coca\u00edna e crack: Identifica\u00e7\u00e3o de plasticidades em neuronal ensembles que armazenam mem\u00f3rias relacionadas com a adi\u00e7\u00e3o de drogas (<a href=\"https:\/\/bv.fapesp.br\/pt\/auxilios\/103786\/estudo-neurobiologico-da-recaida-ao-uso-de-cocaina-e-crack-identificacao-de-plasticidades-em-neurona\/?q=18\/15505-4\" target=\"_blank\" rel=\"noreferrer noopener\">n\u00ba 18\/15505-4<\/a>);\u00a0<strong>Modalidade<\/strong>\u00a0Jovem Pesquisador;\u00a0<strong>Pesquisador respons\u00e1vel<\/strong>\u00a0Fabio Cardoso Cruz (Unifesp);\u00a0<strong>Investimento<\/strong> R$ 3.237.915,96.<\/p>\n\n\n\n<div class=\"wp-block-image\"><figure class=\"aligncenter size-large is-resized\"><img loading=\"lazy\" decoding=\"async\" src=\"https:\/\/jornalfatosenoticias.com.br\/wp-content\/uploads\/2022\/10\/RC_800x750_page-0001.jpg\" alt=\"\" class=\"wp-image-35338\" width=\"301\" height=\"282\" srcset=\"https:\/\/jornalfatosenoticias.com.br\/wp-content\/uploads\/2022\/10\/RC_800x750_page-0001.jpg 400w, https:\/\/jornalfatosenoticias.com.br\/wp-content\/uploads\/2022\/10\/RC_800x750_page-0001-300x281.jpg 300w\" sizes=\"auto, (max-width: 301px) 100vw, 301px\" \/><\/figure><\/div>\n\n\n\n<p><strong><span class=\"has-inline-color has-black-color\">Artigos cient\u00edficos<br><\/span><\/strong>SABATO, B.\u00a0<em>et al<\/em>.\u00a0<a href=\"https:\/\/pubmed.ncbi.nlm.nih.gov\/36822966\/\">Safety and immunogenicity of the anti-cocaine vaccine UFMG-VAC-V4N2 in a non-human primate model<\/a>.\u00a0<strong>Vaccine<\/strong>. 24 mar. 2023.<br>ASSIS, B. R. D.\u00a0<em>et al<\/em>.\u00a0<a href=\"https:\/\/www.sciencedirect.com\/science\/article\/pii\/S2666934X23000053\">Low doses of pharmaceutical formulations loaded with UFMG-V4N2 immunogen induce the production of IgG anti-cocaine antibodies and provide evidence of cerebral protection in the preclinical model.<\/a>\u00a0<strong>Journal of Colloid and Interface Science (JCIS) Open<\/strong>. v. 9, abr. 2023.<br>NETO, L. S.\u00a0<em>et al<\/em>.\u00a0<a href=\"https:\/\/www.sciencedirect.com\/science\/article\/pii\/S2090123221001715\">Calix[n]arene-based immunogens: A new non-proteic strategy for anti-cocaine vaccine<\/a>.\u00a0<strong>Journal of Advanced Research<\/strong>. v. 38, p. 285-98. mai.2022.<br>AUGUSTO, P. S. A.\u00a0<em>et al<\/em>.\u00a0<a href=\"https:\/\/www.nature.com\/articles\/s41380-021-01210-1\">The GNE-KLH anti-cocaine vaccine protects dams and offspring from cocaine-induced effects during the prenatal and lactating periods.<\/a>\u00a0<strong>Molecular Psychiatry<\/strong>. 11 ago. 2021.<br>BLOOM, B. T.\u00a0<em>et al<\/em>.\u00a0<a href=\"https:\/\/www.ncbi.nlm.nih.gov\/pmc\/articles\/PMC9230984\/\">Vaccines against Drug Abuse \u2012 Are we there yet?<\/a>\u00a0<strong>Vaccines<\/strong>. 27 mai. 2022.<\/p>\n\n\n\n<div class=\"wp-block-image\"><figure class=\"aligncenter size-large is-resized\"><img loading=\"lazy\" decoding=\"async\" src=\"https:\/\/jornalfatosenoticias.com.br\/wp-content\/uploads\/2023\/07\/torneio_volei.jpg\" alt=\"\" class=\"wp-image-43455\" width=\"352\" height=\"351\" srcset=\"https:\/\/jornalfatosenoticias.com.br\/wp-content\/uploads\/2023\/07\/torneio_volei.jpg 1000w, https:\/\/jornalfatosenoticias.com.br\/wp-content\/uploads\/2023\/07\/torneio_volei-300x300.jpg 300w, https:\/\/jornalfatosenoticias.com.br\/wp-content\/uploads\/2023\/07\/torneio_volei-150x150.jpg 150w, https:\/\/jornalfatosenoticias.com.br\/wp-content\/uploads\/2023\/07\/torneio_volei-768x767.jpg 768w\" sizes=\"auto, (max-width: 352px) 100vw, 352px\" \/><\/figure><\/div>\n\n\n\n<p><strong><em>Fonte: <a href=\"https:\/\/gizmodo.uol.com.br\/uma-potencial-vacina-contra-a-cocaina\/\">GizModo<\/a><\/em><\/strong><\/p>\n","protected":false},"excerpt":{"rendered":"<p>Por Suzel Tunes\/Revista Pesquisa Fapesp A depend\u00eancia do uso de coca\u00edna e seus derivados, como o crack, \u00e9 um problema de sa\u00fade p\u00fablica de dimens\u00f5es globais para o qual a medicina ainda busca um tratamento efetivo. Um grupo de pesquisadores da Universidade Federal de Minas Gerais (UFMG) aposta na imunologia para encontrar essa solu\u00e7\u00e3o. A [&hellip;]<\/p>\n","protected":false},"author":2,"featured_media":43620,"comment_status":"open","ping_status":"open","sticky":false,"template":"","format":"standard","meta":{"footnotes":""},"categories":[11],"tags":[20548,10760,2770,113,20549,1883,815,3469,563],"class_list":["post-43617","post","type-post","status-publish","format-standard","has-post-thumbnail","hentry","category-saude","tag-calixcoca","tag-cocaina","tag-drogas","tag-fapesp","tag-farmacologia","tag-imunizacao","tag-saude-publica","tag-ufmg","tag-vacina"],"yoast_head":"<!-- This site is optimized with the Yoast SEO plugin v26.5 - https:\/\/yoast.com\/wordpress\/plugins\/seo\/ -->\n<title>Uma potencial vacina contra a coca\u00edna - Jornal Fatos e Not\u00edcias<\/title>\n<meta name=\"robots\" content=\"index, follow, max-snippet:-1, max-image-preview:large, max-video-preview:-1\" \/>\n<link rel=\"canonical\" href=\"https:\/\/jornalfatosenoticias.com.br\/index.php\/2023\/07\/25\/uma-potencial-vacina-contra-a-cocaina\/\" \/>\n<meta property=\"og:locale\" content=\"pt_BR\" \/>\n<meta property=\"og:type\" content=\"article\" \/>\n<meta property=\"og:title\" content=\"Uma potencial vacina contra a coca\u00edna - Jornal Fatos e Not\u00edcias\" \/>\n<meta property=\"og:description\" content=\"Por Suzel Tunes\/Revista Pesquisa Fapesp A depend\u00eancia do uso de coca\u00edna e seus derivados, como o crack, \u00e9 um problema de sa\u00fade p\u00fablica de dimens\u00f5es globais para o qual a medicina ainda busca um tratamento efetivo. Um grupo de pesquisadores da Universidade Federal de Minas Gerais (UFMG) aposta na imunologia para encontrar essa solu\u00e7\u00e3o. A [&hellip;]\" \/>\n<meta property=\"og:url\" content=\"https:\/\/jornalfatosenoticias.com.br\/index.php\/2023\/07\/25\/uma-potencial-vacina-contra-a-cocaina\/\" \/>\n<meta property=\"og:site_name\" content=\"Jornal Fatos e Not\u00edcias\" \/>\n<meta property=\"article:published_time\" content=\"2023-07-25T13:39:17+00:00\" \/>\n<meta property=\"og:image\" content=\"https:\/\/jornalfatosenoticias.com.br\/wp-content\/uploads\/2023\/07\/cocaina_istockphoto.jpg\" \/>\n\t<meta property=\"og:image:width\" content=\"912\" \/>\n\t<meta property=\"og:image:height\" content=\"569\" \/>\n\t<meta property=\"og:image:type\" content=\"image\/jpeg\" \/>\n<meta name=\"author\" content=\"Luzimara Fernandes\" \/>\n<meta name=\"twitter:card\" content=\"summary_large_image\" \/>\n<meta name=\"twitter:label1\" content=\"Escrito por\" \/>\n\t<meta name=\"twitter:data1\" content=\"Luzimara Fernandes\" \/>\n\t<meta name=\"twitter:label2\" content=\"Est. tempo de leitura\" \/>\n\t<meta name=\"twitter:data2\" content=\"14 minutos\" \/>\n<script type=\"application\/ld+json\" class=\"yoast-schema-graph\">{\"@context\":\"https:\/\/schema.org\",\"@graph\":[{\"@type\":\"Article\",\"@id\":\"https:\/\/jornalfatosenoticias.com.br\/index.php\/2023\/07\/25\/uma-potencial-vacina-contra-a-cocaina\/#article\",\"isPartOf\":{\"@id\":\"https:\/\/jornalfatosenoticias.com.br\/index.php\/2023\/07\/25\/uma-potencial-vacina-contra-a-cocaina\/\"},\"author\":{\"name\":\"Luzimara Fernandes\",\"@id\":\"https:\/\/jornalfatosenoticias.com.br\/#\/schema\/person\/d63837fa13ac8666eb9e74e0985d6f81\"},\"headline\":\"Uma potencial vacina contra a coca\u00edna\",\"datePublished\":\"2023-07-25T13:39:17+00:00\",\"mainEntityOfPage\":{\"@id\":\"https:\/\/jornalfatosenoticias.com.br\/index.php\/2023\/07\/25\/uma-potencial-vacina-contra-a-cocaina\/\"},\"wordCount\":2838,\"commentCount\":0,\"publisher\":{\"@id\":\"https:\/\/jornalfatosenoticias.com.br\/#organization\"},\"image\":{\"@id\":\"https:\/\/jornalfatosenoticias.com.br\/index.php\/2023\/07\/25\/uma-potencial-vacina-contra-a-cocaina\/#primaryimage\"},\"thumbnailUrl\":\"https:\/\/jornalfatosenoticias.com.br\/wp-content\/uploads\/2023\/07\/cocaina_istockphoto.jpg\",\"keywords\":[\"Calixcoca\",\"coca\u00edna\",\"drogas\",\"fapesp\",\"farmacologia\",\"imuniza\u00e7\u00e3o\",\"sa\u00fade p\u00fablica\",\"UFMG\",\"vacina\"],\"articleSection\":[\"Sa\u00fade\"],\"inLanguage\":\"pt-BR\",\"potentialAction\":[{\"@type\":\"CommentAction\",\"name\":\"Comment\",\"target\":[\"https:\/\/jornalfatosenoticias.com.br\/index.php\/2023\/07\/25\/uma-potencial-vacina-contra-a-cocaina\/#respond\"]}]},{\"@type\":\"WebPage\",\"@id\":\"https:\/\/jornalfatosenoticias.com.br\/index.php\/2023\/07\/25\/uma-potencial-vacina-contra-a-cocaina\/\",\"url\":\"https:\/\/jornalfatosenoticias.com.br\/index.php\/2023\/07\/25\/uma-potencial-vacina-contra-a-cocaina\/\",\"name\":\"Uma potencial vacina contra a coca\u00edna - Jornal Fatos e Not\u00edcias\",\"isPartOf\":{\"@id\":\"https:\/\/jornalfatosenoticias.com.br\/#website\"},\"primaryImageOfPage\":{\"@id\":\"https:\/\/jornalfatosenoticias.com.br\/index.php\/2023\/07\/25\/uma-potencial-vacina-contra-a-cocaina\/#primaryimage\"},\"image\":{\"@id\":\"https:\/\/jornalfatosenoticias.com.br\/index.php\/2023\/07\/25\/uma-potencial-vacina-contra-a-cocaina\/#primaryimage\"},\"thumbnailUrl\":\"https:\/\/jornalfatosenoticias.com.br\/wp-content\/uploads\/2023\/07\/cocaina_istockphoto.jpg\",\"datePublished\":\"2023-07-25T13:39:17+00:00\",\"breadcrumb\":{\"@id\":\"https:\/\/jornalfatosenoticias.com.br\/index.php\/2023\/07\/25\/uma-potencial-vacina-contra-a-cocaina\/#breadcrumb\"},\"inLanguage\":\"pt-BR\",\"potentialAction\":[{\"@type\":\"ReadAction\",\"target\":[\"https:\/\/jornalfatosenoticias.com.br\/index.php\/2023\/07\/25\/uma-potencial-vacina-contra-a-cocaina\/\"]}]},{\"@type\":\"ImageObject\",\"inLanguage\":\"pt-BR\",\"@id\":\"https:\/\/jornalfatosenoticias.com.br\/index.php\/2023\/07\/25\/uma-potencial-vacina-contra-a-cocaina\/#primaryimage\",\"url\":\"https:\/\/jornalfatosenoticias.com.br\/wp-content\/uploads\/2023\/07\/cocaina_istockphoto.jpg\",\"contentUrl\":\"https:\/\/jornalfatosenoticias.com.br\/wp-content\/uploads\/2023\/07\/cocaina_istockphoto.jpg\",\"width\":912,\"height\":569,\"caption\":\"Drug syringe and cooked heroin on spoon\"},{\"@type\":\"BreadcrumbList\",\"@id\":\"https:\/\/jornalfatosenoticias.com.br\/index.php\/2023\/07\/25\/uma-potencial-vacina-contra-a-cocaina\/#breadcrumb\",\"itemListElement\":[{\"@type\":\"ListItem\",\"position\":1,\"name\":\"In\u00edcio\",\"item\":\"https:\/\/jornalfatosenoticias.com.br\/\"},{\"@type\":\"ListItem\",\"position\":2,\"name\":\"Uma potencial vacina contra a coca\u00edna\"}]},{\"@type\":\"WebSite\",\"@id\":\"https:\/\/jornalfatosenoticias.com.br\/#website\",\"url\":\"https:\/\/jornalfatosenoticias.com.br\/\",\"name\":\"Jornal Fatos e Not\u00edcias\",\"description\":\"Not\u00edcias em geral\",\"publisher\":{\"@id\":\"https:\/\/jornalfatosenoticias.com.br\/#organization\"},\"potentialAction\":[{\"@type\":\"SearchAction\",\"target\":{\"@type\":\"EntryPoint\",\"urlTemplate\":\"https:\/\/jornalfatosenoticias.com.br\/?s={search_term_string}\"},\"query-input\":{\"@type\":\"PropertyValueSpecification\",\"valueRequired\":true,\"valueName\":\"search_term_string\"}}],\"inLanguage\":\"pt-BR\"},{\"@type\":\"Organization\",\"@id\":\"https:\/\/jornalfatosenoticias.com.br\/#organization\",\"name\":\"Jornal Fatos e Not\u00edcias\",\"url\":\"https:\/\/jornalfatosenoticias.com.br\/\",\"logo\":{\"@type\":\"ImageObject\",\"inLanguage\":\"pt-BR\",\"@id\":\"https:\/\/jornalfatosenoticias.com.br\/#\/schema\/logo\/image\/\",\"url\":\"https:\/\/jornalfatosenoticias.com.br\/wp-content\/uploads\/2020\/02\/logo120.png\",\"contentUrl\":\"https:\/\/jornalfatosenoticias.com.br\/wp-content\/uploads\/2020\/02\/logo120.png\",\"width\":1227,\"height\":120,\"caption\":\"Jornal Fatos e Not\u00edcias\"},\"image\":{\"@id\":\"https:\/\/jornalfatosenoticias.com.br\/#\/schema\/logo\/image\/\"}},{\"@type\":\"Person\",\"@id\":\"https:\/\/jornalfatosenoticias.com.br\/#\/schema\/person\/d63837fa13ac8666eb9e74e0985d6f81\",\"name\":\"Luzimara Fernandes\",\"image\":{\"@type\":\"ImageObject\",\"inLanguage\":\"pt-BR\",\"@id\":\"https:\/\/jornalfatosenoticias.com.br\/#\/schema\/person\/image\/\",\"url\":\"https:\/\/jornalfatosenoticias.com.br\/wp-content\/uploads\/2025\/05\/EU_portal.jpg\",\"contentUrl\":\"https:\/\/jornalfatosenoticias.com.br\/wp-content\/uploads\/2025\/05\/EU_portal.jpg\",\"caption\":\"Luzimara Fernandes\"},\"description\":\"Jornalista MTB 2358-ES\",\"sameAs\":[\"https:\/\/jornalfatosenoticias.com.br\"],\"url\":\"https:\/\/jornalfatosenoticias.com.br\/index.php\/author\/luzimara\/\"}]}<\/script>\n<!-- \/ Yoast SEO plugin. -->","yoast_head_json":{"title":"Uma potencial vacina contra a coca\u00edna - Jornal Fatos e Not\u00edcias","robots":{"index":"index","follow":"follow","max-snippet":"max-snippet:-1","max-image-preview":"max-image-preview:large","max-video-preview":"max-video-preview:-1"},"canonical":"https:\/\/jornalfatosenoticias.com.br\/index.php\/2023\/07\/25\/uma-potencial-vacina-contra-a-cocaina\/","og_locale":"pt_BR","og_type":"article","og_title":"Uma potencial vacina contra a coca\u00edna - Jornal Fatos e Not\u00edcias","og_description":"Por Suzel Tunes\/Revista Pesquisa Fapesp A depend\u00eancia do uso de coca\u00edna e seus derivados, como o crack, \u00e9 um problema de sa\u00fade p\u00fablica de dimens\u00f5es globais para o qual a medicina ainda busca um tratamento efetivo. Um grupo de pesquisadores da Universidade Federal de Minas Gerais (UFMG) aposta na imunologia para encontrar essa solu\u00e7\u00e3o. A [&hellip;]","og_url":"https:\/\/jornalfatosenoticias.com.br\/index.php\/2023\/07\/25\/uma-potencial-vacina-contra-a-cocaina\/","og_site_name":"Jornal Fatos e Not\u00edcias","article_published_time":"2023-07-25T13:39:17+00:00","og_image":[{"width":912,"height":569,"url":"https:\/\/jornalfatosenoticias.com.br\/wp-content\/uploads\/2023\/07\/cocaina_istockphoto.jpg","type":"image\/jpeg"}],"author":"Luzimara Fernandes","twitter_card":"summary_large_image","twitter_misc":{"Escrito por":"Luzimara Fernandes","Est. tempo de leitura":"14 minutos"},"schema":{"@context":"https:\/\/schema.org","@graph":[{"@type":"Article","@id":"https:\/\/jornalfatosenoticias.com.br\/index.php\/2023\/07\/25\/uma-potencial-vacina-contra-a-cocaina\/#article","isPartOf":{"@id":"https:\/\/jornalfatosenoticias.com.br\/index.php\/2023\/07\/25\/uma-potencial-vacina-contra-a-cocaina\/"},"author":{"name":"Luzimara Fernandes","@id":"https:\/\/jornalfatosenoticias.com.br\/#\/schema\/person\/d63837fa13ac8666eb9e74e0985d6f81"},"headline":"Uma potencial vacina contra a coca\u00edna","datePublished":"2023-07-25T13:39:17+00:00","mainEntityOfPage":{"@id":"https:\/\/jornalfatosenoticias.com.br\/index.php\/2023\/07\/25\/uma-potencial-vacina-contra-a-cocaina\/"},"wordCount":2838,"commentCount":0,"publisher":{"@id":"https:\/\/jornalfatosenoticias.com.br\/#organization"},"image":{"@id":"https:\/\/jornalfatosenoticias.com.br\/index.php\/2023\/07\/25\/uma-potencial-vacina-contra-a-cocaina\/#primaryimage"},"thumbnailUrl":"https:\/\/jornalfatosenoticias.com.br\/wp-content\/uploads\/2023\/07\/cocaina_istockphoto.jpg","keywords":["Calixcoca","coca\u00edna","drogas","fapesp","farmacologia","imuniza\u00e7\u00e3o","sa\u00fade p\u00fablica","UFMG","vacina"],"articleSection":["Sa\u00fade"],"inLanguage":"pt-BR","potentialAction":[{"@type":"CommentAction","name":"Comment","target":["https:\/\/jornalfatosenoticias.com.br\/index.php\/2023\/07\/25\/uma-potencial-vacina-contra-a-cocaina\/#respond"]}]},{"@type":"WebPage","@id":"https:\/\/jornalfatosenoticias.com.br\/index.php\/2023\/07\/25\/uma-potencial-vacina-contra-a-cocaina\/","url":"https:\/\/jornalfatosenoticias.com.br\/index.php\/2023\/07\/25\/uma-potencial-vacina-contra-a-cocaina\/","name":"Uma potencial vacina contra a coca\u00edna - Jornal Fatos e Not\u00edcias","isPartOf":{"@id":"https:\/\/jornalfatosenoticias.com.br\/#website"},"primaryImageOfPage":{"@id":"https:\/\/jornalfatosenoticias.com.br\/index.php\/2023\/07\/25\/uma-potencial-vacina-contra-a-cocaina\/#primaryimage"},"image":{"@id":"https:\/\/jornalfatosenoticias.com.br\/index.php\/2023\/07\/25\/uma-potencial-vacina-contra-a-cocaina\/#primaryimage"},"thumbnailUrl":"https:\/\/jornalfatosenoticias.com.br\/wp-content\/uploads\/2023\/07\/cocaina_istockphoto.jpg","datePublished":"2023-07-25T13:39:17+00:00","breadcrumb":{"@id":"https:\/\/jornalfatosenoticias.com.br\/index.php\/2023\/07\/25\/uma-potencial-vacina-contra-a-cocaina\/#breadcrumb"},"inLanguage":"pt-BR","potentialAction":[{"@type":"ReadAction","target":["https:\/\/jornalfatosenoticias.com.br\/index.php\/2023\/07\/25\/uma-potencial-vacina-contra-a-cocaina\/"]}]},{"@type":"ImageObject","inLanguage":"pt-BR","@id":"https:\/\/jornalfatosenoticias.com.br\/index.php\/2023\/07\/25\/uma-potencial-vacina-contra-a-cocaina\/#primaryimage","url":"https:\/\/jornalfatosenoticias.com.br\/wp-content\/uploads\/2023\/07\/cocaina_istockphoto.jpg","contentUrl":"https:\/\/jornalfatosenoticias.com.br\/wp-content\/uploads\/2023\/07\/cocaina_istockphoto.jpg","width":912,"height":569,"caption":"Drug syringe and cooked heroin on spoon"},{"@type":"BreadcrumbList","@id":"https:\/\/jornalfatosenoticias.com.br\/index.php\/2023\/07\/25\/uma-potencial-vacina-contra-a-cocaina\/#breadcrumb","itemListElement":[{"@type":"ListItem","position":1,"name":"In\u00edcio","item":"https:\/\/jornalfatosenoticias.com.br\/"},{"@type":"ListItem","position":2,"name":"Uma potencial vacina contra a coca\u00edna"}]},{"@type":"WebSite","@id":"https:\/\/jornalfatosenoticias.com.br\/#website","url":"https:\/\/jornalfatosenoticias.com.br\/","name":"Jornal Fatos e Not\u00edcias","description":"Not\u00edcias em geral","publisher":{"@id":"https:\/\/jornalfatosenoticias.com.br\/#organization"},"potentialAction":[{"@type":"SearchAction","target":{"@type":"EntryPoint","urlTemplate":"https:\/\/jornalfatosenoticias.com.br\/?s={search_term_string}"},"query-input":{"@type":"PropertyValueSpecification","valueRequired":true,"valueName":"search_term_string"}}],"inLanguage":"pt-BR"},{"@type":"Organization","@id":"https:\/\/jornalfatosenoticias.com.br\/#organization","name":"Jornal Fatos e Not\u00edcias","url":"https:\/\/jornalfatosenoticias.com.br\/","logo":{"@type":"ImageObject","inLanguage":"pt-BR","@id":"https:\/\/jornalfatosenoticias.com.br\/#\/schema\/logo\/image\/","url":"https:\/\/jornalfatosenoticias.com.br\/wp-content\/uploads\/2020\/02\/logo120.png","contentUrl":"https:\/\/jornalfatosenoticias.com.br\/wp-content\/uploads\/2020\/02\/logo120.png","width":1227,"height":120,"caption":"Jornal Fatos e Not\u00edcias"},"image":{"@id":"https:\/\/jornalfatosenoticias.com.br\/#\/schema\/logo\/image\/"}},{"@type":"Person","@id":"https:\/\/jornalfatosenoticias.com.br\/#\/schema\/person\/d63837fa13ac8666eb9e74e0985d6f81","name":"Luzimara Fernandes","image":{"@type":"ImageObject","inLanguage":"pt-BR","@id":"https:\/\/jornalfatosenoticias.com.br\/#\/schema\/person\/image\/","url":"https:\/\/jornalfatosenoticias.com.br\/wp-content\/uploads\/2025\/05\/EU_portal.jpg","contentUrl":"https:\/\/jornalfatosenoticias.com.br\/wp-content\/uploads\/2025\/05\/EU_portal.jpg","caption":"Luzimara Fernandes"},"description":"Jornalista MTB 2358-ES","sameAs":["https:\/\/jornalfatosenoticias.com.br"],"url":"https:\/\/jornalfatosenoticias.com.br\/index.php\/author\/luzimara\/"}]}},"cc_featured_image_caption":{"caption_text":"(Foto: iStock)","source_text":"","source_url":""},"jetpack_featured_media_url":"https:\/\/jornalfatosenoticias.com.br\/wp-content\/uploads\/2023\/07\/cocaina_istockphoto.jpg","_links":{"self":[{"href":"https:\/\/jornalfatosenoticias.com.br\/index.php\/wp-json\/wp\/v2\/posts\/43617","targetHints":{"allow":["GET"]}}],"collection":[{"href":"https:\/\/jornalfatosenoticias.com.br\/index.php\/wp-json\/wp\/v2\/posts"}],"about":[{"href":"https:\/\/jornalfatosenoticias.com.br\/index.php\/wp-json\/wp\/v2\/types\/post"}],"author":[{"embeddable":true,"href":"https:\/\/jornalfatosenoticias.com.br\/index.php\/wp-json\/wp\/v2\/users\/2"}],"replies":[{"embeddable":true,"href":"https:\/\/jornalfatosenoticias.com.br\/index.php\/wp-json\/wp\/v2\/comments?post=43617"}],"version-history":[{"count":0,"href":"https:\/\/jornalfatosenoticias.com.br\/index.php\/wp-json\/wp\/v2\/posts\/43617\/revisions"}],"wp:featuredmedia":[{"embeddable":true,"href":"https:\/\/jornalfatosenoticias.com.br\/index.php\/wp-json\/wp\/v2\/media\/43620"}],"wp:attachment":[{"href":"https:\/\/jornalfatosenoticias.com.br\/index.php\/wp-json\/wp\/v2\/media?parent=43617"}],"wp:term":[{"taxonomy":"category","embeddable":true,"href":"https:\/\/jornalfatosenoticias.com.br\/index.php\/wp-json\/wp\/v2\/categories?post=43617"},{"taxonomy":"post_tag","embeddable":true,"href":"https:\/\/jornalfatosenoticias.com.br\/index.php\/wp-json\/wp\/v2\/tags?post=43617"}],"curies":[{"name":"wp","href":"https:\/\/api.w.org\/{rel}","templated":true}]}}