{"id":43636,"date":"2023-07-25T11:39:10","date_gmt":"2023-07-25T14:39:10","guid":{"rendered":"https:\/\/jornalfatosenoticias.com.br\/?p=43636"},"modified":"2023-07-25T11:39:12","modified_gmt":"2023-07-25T14:39:12","slug":"juiz-acusa-lula-de-relativizar-furtos-no-brasil-crime-e-crime","status":"publish","type":"post","link":"https:\/\/jornalfatosenoticias.com.br\/index.php\/2023\/07\/25\/juiz-acusa-lula-de-relativizar-furtos-no-brasil-crime-e-crime\/","title":{"rendered":"Juiz acusa Lula de \u2018relativizar\u2019 furtos no Brasil: \u201cCrime \u00e9 crime\u201d"},"content":{"rendered":"\n<p><em><span class=\"has-inline-color has-black-color\">Posi\u00e7\u00e3o ocorreu durante audi\u00eancia de cust\u00f3dia realizada no interior paulista<\/span><\/em><\/p>\n\n\n\n<p><em><span class=\"has-inline-color has-black-color\">Por <strong><a href=\"https:\/\/www.conexaopolitica.com.br\/author\/raul\/\">Raul Holderf Nascimento<\/a><\/strong><\/span><\/em><\/p>\n\n\n\n<div class=\"wp-block-image\"><figure class=\"aligncenter size-large is-resized\"><img loading=\"lazy\" decoding=\"async\" src=\"https:\/\/jornalfatosenoticias.com.br\/wp-content\/uploads\/2020\/02\/logo-Rapuzel-1024x571.jpg\" alt=\"\" class=\"wp-image-42808\" width=\"343\" height=\"191\" srcset=\"https:\/\/jornalfatosenoticias.com.br\/wp-content\/uploads\/2020\/02\/logo-Rapuzel-1024x571.jpg 1024w, https:\/\/jornalfatosenoticias.com.br\/wp-content\/uploads\/2020\/02\/logo-Rapuzel-300x167.jpg 300w, https:\/\/jornalfatosenoticias.com.br\/wp-content\/uploads\/2020\/02\/logo-Rapuzel-768x428.jpg 768w, https:\/\/jornalfatosenoticias.com.br\/wp-content\/uploads\/2020\/02\/logo-Rapuzel-1536x856.jpg 1536w, https:\/\/jornalfatosenoticias.com.br\/wp-content\/uploads\/2020\/02\/logo-Rapuzel.jpg 1600w\" sizes=\"auto, (max-width: 343px) 100vw, 343px\" \/><\/figure><\/div>\n\n\n\n<p>Um juiz da comarca de Jales, no interior paulista, sugeriu que Luiz In\u00e1cio Lula da Silva (PT) minimiza a criminalidade no Pa\u00eds e, de certa forma, relativiza determinados delitos, como o furto de celulares. A posi\u00e7\u00e3o do magistrado ocorreu ao decretar a pris\u00e3o preventiva de um homem que teria subtra\u00eddo um dispositivo telef\u00f4nico.<br>O r\u00e9u, conforme o processo, frequentava uma lanchonete numa cidade pr\u00f3xima a Jales quando foi preso em flagrante, acusado pela dona do estabelecimento de furtar um celular. O caso ocorreu na semana passada e foi julgado por Jos\u00e9 Gilberto Alves Braga J\u00fanior no s\u00e1bado (22). Em sua manifesta\u00e7\u00e3o, o juiz afirma que a \u00fanica alternativa \u00e9 manter o acusado preso, levando em considera\u00e7\u00e3o que outras medidas n\u00e3o seriam \u201cadequadas e suficientes\u201d para impedir a pr\u00e1tica de novos crimes.<\/p>\n\n\n\n<div class=\"wp-block-image\"><figure class=\"aligncenter size-large\"><img loading=\"lazy\" decoding=\"async\" width=\"300\" height=\"250\" src=\"https:\/\/jornalfatosenoticias.com.br\/wp-content\/uploads\/2022\/08\/arte-Casarao.jpg\" alt=\"\" class=\"wp-image-33178\"\/><\/figure><\/div>\n\n\n\n<blockquote class=\"wp-block-quote is-layout-flow wp-block-quote-is-layout-flow\"><p><span class=\"has-inline-color has-luminous-vivid-orange-color\">Os elementos colhidos at\u00e9 o momento revelam que o autuado incorreu no crime de furto qualificado&#8221;, decidiu o magistrado, em audi\u00eancia de cust\u00f3dia. Para ele, as evid\u00eancias deixam claro que o indiv\u00edduo \u00e9 \u201ccapaz de colocar em perigo a sociedade\u201d caso ele retorne ao conv\u00edvio social. \u201cTalvez o furto de um celular tenha se tornado pr\u00e1tica corriqueira na capital, at\u00e9 porque relativizada essa conduta por quem exerce o cargo atual de presidente da Rep\u00fablica, mas para quem vive nesta comarca, crime \u00e9 crime, e n\u00e3o se pode considerar como normal e aceit\u00e1vel a conduta de algu\u00e9m que subtrai o que pertence a outrem\u201d, emendou Jos\u00e9 Gilberto Alves Braga J\u00fanior.<\/span><\/p><\/blockquote>\n\n\n\n<div class=\"wp-block-image\"><figure class=\"aligncenter size-large is-resized\"><img loading=\"lazy\" decoding=\"async\" src=\"https:\/\/jornalfatosenoticias.com.br\/wp-content\/uploads\/2023\/07\/torneio_volei.jpg\" alt=\"\" class=\"wp-image-43455\" width=\"332\" height=\"331\" srcset=\"https:\/\/jornalfatosenoticias.com.br\/wp-content\/uploads\/2023\/07\/torneio_volei.jpg 1000w, https:\/\/jornalfatosenoticias.com.br\/wp-content\/uploads\/2023\/07\/torneio_volei-300x300.jpg 300w, https:\/\/jornalfatosenoticias.com.br\/wp-content\/uploads\/2023\/07\/torneio_volei-150x150.jpg 150w, https:\/\/jornalfatosenoticias.com.br\/wp-content\/uploads\/2023\/07\/torneio_volei-768x767.jpg 768w\" sizes=\"auto, (max-width: 332px) 100vw, 332px\" \/><\/figure><\/div>\n\n\n\n<p><strong><em>Fonte: <a href=\"https:\/\/www.conexaopolitica.com.br\/judiciario\/juiz-acusa-lula-de-relativizar-furtos-no-brasil-crime-e-crime\/\">Conex\u00e3o Pol\u00edtica<\/a><\/em><\/strong><\/p>\n","protected":false},"excerpt":{"rendered":"<p>Posi\u00e7\u00e3o ocorreu durante audi\u00eancia de cust\u00f3dia realizada no interior paulista Por Raul Holderf Nascimento Um juiz da comarca de Jales, no interior paulista, sugeriu que Luiz In\u00e1cio Lula da Silva (PT) minimiza a criminalidade no Pa\u00eds e, de certa forma, relativiza determinados delitos, como o furto de celulares. A posi\u00e7\u00e3o do magistrado ocorreu ao decretar [&hellip;]<\/p>\n","protected":false},"author":2,"featured_media":43637,"comment_status":"open","ping_status":"open","sticky":false,"template":"","format":"standard","meta":{"footnotes":""},"categories":[10],"tags":[422,20557,14698,1515,7580,20556],"class_list":["post-43636","post","type-post","status-publish","format-standard","has-post-thumbnail","hentry","category-politica","tag-crime","tag-crime-compensa-no-brasil","tag-furtos","tag-juiz","tag-lula","tag-relativizacao-criminal"],"yoast_head":"<!-- This site is optimized with the Yoast SEO plugin v26.5 - https:\/\/yoast.com\/wordpress\/plugins\/seo\/ -->\n<title>Juiz acusa Lula de \u2018relativizar\u2019 furtos no Brasil: \u201cCrime \u00e9 crime\u201d - Jornal Fatos e Not\u00edcias<\/title>\n<meta name=\"robots\" content=\"index, follow, max-snippet:-1, max-image-preview:large, max-video-preview:-1\" \/>\n<link rel=\"canonical\" href=\"https:\/\/jornalfatosenoticias.com.br\/index.php\/2023\/07\/25\/juiz-acusa-lula-de-relativizar-furtos-no-brasil-crime-e-crime\/\" \/>\n<meta property=\"og:locale\" content=\"pt_BR\" \/>\n<meta property=\"og:type\" content=\"article\" \/>\n<meta property=\"og:title\" content=\"Juiz acusa Lula de \u2018relativizar\u2019 furtos no Brasil: \u201cCrime \u00e9 crime\u201d - Jornal Fatos e Not\u00edcias\" \/>\n<meta property=\"og:description\" content=\"Posi\u00e7\u00e3o ocorreu durante audi\u00eancia de cust\u00f3dia realizada no interior paulista Por Raul Holderf Nascimento Um juiz da comarca de Jales, no interior paulista, sugeriu que Luiz In\u00e1cio Lula da Silva (PT) minimiza a criminalidade no Pa\u00eds e, de certa forma, relativiza determinados delitos, como o furto de celulares. A posi\u00e7\u00e3o do magistrado ocorreu ao decretar [&hellip;]\" \/>\n<meta property=\"og:url\" content=\"https:\/\/jornalfatosenoticias.com.br\/index.php\/2023\/07\/25\/juiz-acusa-lula-de-relativizar-furtos-no-brasil-crime-e-crime\/\" \/>\n<meta property=\"og:site_name\" content=\"Jornal Fatos e Not\u00edcias\" \/>\n<meta property=\"article:published_time\" content=\"2023-07-25T14:39:10+00:00\" \/>\n<meta property=\"article:modified_time\" content=\"2023-07-25T14:39:12+00:00\" \/>\n<meta property=\"og:image\" content=\"https:\/\/jornalfatosenoticias.com.br\/wp-content\/uploads\/2023\/07\/gamba.jpg\" \/>\n\t<meta property=\"og:image:width\" content=\"1000\" \/>\n\t<meta property=\"og:image:height\" content=\"666\" \/>\n\t<meta property=\"og:image:type\" content=\"image\/jpeg\" \/>\n<meta name=\"author\" content=\"Luzimara Fernandes\" \/>\n<meta name=\"twitter:card\" content=\"summary_large_image\" \/>\n<meta name=\"twitter:label1\" content=\"Escrito por\" \/>\n\t<meta name=\"twitter:data1\" content=\"Luzimara Fernandes\" \/>\n\t<meta name=\"twitter:label2\" content=\"Est. tempo de leitura\" \/>\n\t<meta name=\"twitter:data2\" content=\"1 minuto\" \/>\n<script type=\"application\/ld+json\" class=\"yoast-schema-graph\">{\"@context\":\"https:\/\/schema.org\",\"@graph\":[{\"@type\":\"Article\",\"@id\":\"https:\/\/jornalfatosenoticias.com.br\/index.php\/2023\/07\/25\/juiz-acusa-lula-de-relativizar-furtos-no-brasil-crime-e-crime\/#article\",\"isPartOf\":{\"@id\":\"https:\/\/jornalfatosenoticias.com.br\/index.php\/2023\/07\/25\/juiz-acusa-lula-de-relativizar-furtos-no-brasil-crime-e-crime\/\"},\"author\":{\"name\":\"Luzimara Fernandes\",\"@id\":\"https:\/\/jornalfatosenoticias.com.br\/#\/schema\/person\/d63837fa13ac8666eb9e74e0985d6f81\"},\"headline\":\"Juiz acusa Lula de \u2018relativizar\u2019 furtos no Brasil: \u201cCrime \u00e9 crime\u201d\",\"datePublished\":\"2023-07-25T14:39:10+00:00\",\"dateModified\":\"2023-07-25T14:39:12+00:00\",\"mainEntityOfPage\":{\"@id\":\"https:\/\/jornalfatosenoticias.com.br\/index.php\/2023\/07\/25\/juiz-acusa-lula-de-relativizar-furtos-no-brasil-crime-e-crime\/\"},\"wordCount\":293,\"commentCount\":0,\"publisher\":{\"@id\":\"https:\/\/jornalfatosenoticias.com.br\/#organization\"},\"image\":{\"@id\":\"https:\/\/jornalfatosenoticias.com.br\/index.php\/2023\/07\/25\/juiz-acusa-lula-de-relativizar-furtos-no-brasil-crime-e-crime\/#primaryimage\"},\"thumbnailUrl\":\"https:\/\/jornalfatosenoticias.com.br\/wp-content\/uploads\/2023\/07\/gamba.jpg\",\"keywords\":[\"crime\",\"crime compensa no Brasil\",\"furtos\",\"juiz\",\"Lula\",\"relativiza\u00e7\u00e3o criminal\"],\"articleSection\":[\"Pol\u00edtica\"],\"inLanguage\":\"pt-BR\",\"potentialAction\":[{\"@type\":\"CommentAction\",\"name\":\"Comment\",\"target\":[\"https:\/\/jornalfatosenoticias.com.br\/index.php\/2023\/07\/25\/juiz-acusa-lula-de-relativizar-furtos-no-brasil-crime-e-crime\/#respond\"]}]},{\"@type\":\"WebPage\",\"@id\":\"https:\/\/jornalfatosenoticias.com.br\/index.php\/2023\/07\/25\/juiz-acusa-lula-de-relativizar-furtos-no-brasil-crime-e-crime\/\",\"url\":\"https:\/\/jornalfatosenoticias.com.br\/index.php\/2023\/07\/25\/juiz-acusa-lula-de-relativizar-furtos-no-brasil-crime-e-crime\/\",\"name\":\"Juiz acusa Lula de \u2018relativizar\u2019 furtos no Brasil: \u201cCrime \u00e9 crime\u201d - Jornal Fatos e Not\u00edcias\",\"isPartOf\":{\"@id\":\"https:\/\/jornalfatosenoticias.com.br\/#website\"},\"primaryImageOfPage\":{\"@id\":\"https:\/\/jornalfatosenoticias.com.br\/index.php\/2023\/07\/25\/juiz-acusa-lula-de-relativizar-furtos-no-brasil-crime-e-crime\/#primaryimage\"},\"image\":{\"@id\":\"https:\/\/jornalfatosenoticias.com.br\/index.php\/2023\/07\/25\/juiz-acusa-lula-de-relativizar-furtos-no-brasil-crime-e-crime\/#primaryimage\"},\"thumbnailUrl\":\"https:\/\/jornalfatosenoticias.com.br\/wp-content\/uploads\/2023\/07\/gamba.jpg\",\"datePublished\":\"2023-07-25T14:39:10+00:00\",\"dateModified\":\"2023-07-25T14:39:12+00:00\",\"breadcrumb\":{\"@id\":\"https:\/\/jornalfatosenoticias.com.br\/index.php\/2023\/07\/25\/juiz-acusa-lula-de-relativizar-furtos-no-brasil-crime-e-crime\/#breadcrumb\"},\"inLanguage\":\"pt-BR\",\"potentialAction\":[{\"@type\":\"ReadAction\",\"target\":[\"https:\/\/jornalfatosenoticias.com.br\/index.php\/2023\/07\/25\/juiz-acusa-lula-de-relativizar-furtos-no-brasil-crime-e-crime\/\"]}]},{\"@type\":\"ImageObject\",\"inLanguage\":\"pt-BR\",\"@id\":\"https:\/\/jornalfatosenoticias.com.br\/index.php\/2023\/07\/25\/juiz-acusa-lula-de-relativizar-furtos-no-brasil-crime-e-crime\/#primaryimage\",\"url\":\"https:\/\/jornalfatosenoticias.com.br\/wp-content\/uploads\/2023\/07\/gamba.jpg\",\"contentUrl\":\"https:\/\/jornalfatosenoticias.com.br\/wp-content\/uploads\/2023\/07\/gamba.jpg\",\"width\":1000,\"height\":666},{\"@type\":\"BreadcrumbList\",\"@id\":\"https:\/\/jornalfatosenoticias.com.br\/index.php\/2023\/07\/25\/juiz-acusa-lula-de-relativizar-furtos-no-brasil-crime-e-crime\/#breadcrumb\",\"itemListElement\":[{\"@type\":\"ListItem\",\"position\":1,\"name\":\"In\u00edcio\",\"item\":\"https:\/\/jornalfatosenoticias.com.br\/\"},{\"@type\":\"ListItem\",\"position\":2,\"name\":\"Juiz acusa Lula de \u2018relativizar\u2019 furtos no Brasil: \u201cCrime \u00e9 crime\u201d\"}]},{\"@type\":\"WebSite\",\"@id\":\"https:\/\/jornalfatosenoticias.com.br\/#website\",\"url\":\"https:\/\/jornalfatosenoticias.com.br\/\",\"name\":\"Jornal Fatos e Not\u00edcias\",\"description\":\"Not\u00edcias em geral\",\"publisher\":{\"@id\":\"https:\/\/jornalfatosenoticias.com.br\/#organization\"},\"potentialAction\":[{\"@type\":\"SearchAction\",\"target\":{\"@type\":\"EntryPoint\",\"urlTemplate\":\"https:\/\/jornalfatosenoticias.com.br\/?s={search_term_string}\"},\"query-input\":{\"@type\":\"PropertyValueSpecification\",\"valueRequired\":true,\"valueName\":\"search_term_string\"}}],\"inLanguage\":\"pt-BR\"},{\"@type\":\"Organization\",\"@id\":\"https:\/\/jornalfatosenoticias.com.br\/#organization\",\"name\":\"Jornal Fatos e Not\u00edcias\",\"url\":\"https:\/\/jornalfatosenoticias.com.br\/\",\"logo\":{\"@type\":\"ImageObject\",\"inLanguage\":\"pt-BR\",\"@id\":\"https:\/\/jornalfatosenoticias.com.br\/#\/schema\/logo\/image\/\",\"url\":\"https:\/\/jornalfatosenoticias.com.br\/wp-content\/uploads\/2020\/02\/logo120.png\",\"contentUrl\":\"https:\/\/jornalfatosenoticias.com.br\/wp-content\/uploads\/2020\/02\/logo120.png\",\"width\":1227,\"height\":120,\"caption\":\"Jornal Fatos e Not\u00edcias\"},\"image\":{\"@id\":\"https:\/\/jornalfatosenoticias.com.br\/#\/schema\/logo\/image\/\"}},{\"@type\":\"Person\",\"@id\":\"https:\/\/jornalfatosenoticias.com.br\/#\/schema\/person\/d63837fa13ac8666eb9e74e0985d6f81\",\"name\":\"Luzimara Fernandes\",\"image\":{\"@type\":\"ImageObject\",\"inLanguage\":\"pt-BR\",\"@id\":\"https:\/\/jornalfatosenoticias.com.br\/#\/schema\/person\/image\/\",\"url\":\"https:\/\/jornalfatosenoticias.com.br\/wp-content\/uploads\/2025\/05\/EU_portal.jpg\",\"contentUrl\":\"https:\/\/jornalfatosenoticias.com.br\/wp-content\/uploads\/2025\/05\/EU_portal.jpg\",\"caption\":\"Luzimara Fernandes\"},\"description\":\"Jornalista MTB 2358-ES\",\"sameAs\":[\"https:\/\/jornalfatosenoticias.com.br\"],\"url\":\"https:\/\/jornalfatosenoticias.com.br\/index.php\/author\/luzimara\/\"}]}<\/script>\n<!-- \/ Yoast SEO plugin. -->","yoast_head_json":{"title":"Juiz acusa Lula de \u2018relativizar\u2019 furtos no Brasil: \u201cCrime \u00e9 crime\u201d - Jornal Fatos e Not\u00edcias","robots":{"index":"index","follow":"follow","max-snippet":"max-snippet:-1","max-image-preview":"max-image-preview:large","max-video-preview":"max-video-preview:-1"},"canonical":"https:\/\/jornalfatosenoticias.com.br\/index.php\/2023\/07\/25\/juiz-acusa-lula-de-relativizar-furtos-no-brasil-crime-e-crime\/","og_locale":"pt_BR","og_type":"article","og_title":"Juiz acusa Lula de \u2018relativizar\u2019 furtos no Brasil: \u201cCrime \u00e9 crime\u201d - Jornal Fatos e Not\u00edcias","og_description":"Posi\u00e7\u00e3o ocorreu durante audi\u00eancia de cust\u00f3dia realizada no interior paulista Por Raul Holderf Nascimento Um juiz da comarca de Jales, no interior paulista, sugeriu que Luiz In\u00e1cio Lula da Silva (PT) minimiza a criminalidade no Pa\u00eds e, de certa forma, relativiza determinados delitos, como o furto de celulares. A posi\u00e7\u00e3o do magistrado ocorreu ao decretar [&hellip;]","og_url":"https:\/\/jornalfatosenoticias.com.br\/index.php\/2023\/07\/25\/juiz-acusa-lula-de-relativizar-furtos-no-brasil-crime-e-crime\/","og_site_name":"Jornal Fatos e Not\u00edcias","article_published_time":"2023-07-25T14:39:10+00:00","article_modified_time":"2023-07-25T14:39:12+00:00","og_image":[{"width":1000,"height":666,"url":"https:\/\/jornalfatosenoticias.com.br\/wp-content\/uploads\/2023\/07\/gamba.jpg","type":"image\/jpeg"}],"author":"Luzimara Fernandes","twitter_card":"summary_large_image","twitter_misc":{"Escrito por":"Luzimara Fernandes","Est. tempo de leitura":"1 minuto"},"schema":{"@context":"https:\/\/schema.org","@graph":[{"@type":"Article","@id":"https:\/\/jornalfatosenoticias.com.br\/index.php\/2023\/07\/25\/juiz-acusa-lula-de-relativizar-furtos-no-brasil-crime-e-crime\/#article","isPartOf":{"@id":"https:\/\/jornalfatosenoticias.com.br\/index.php\/2023\/07\/25\/juiz-acusa-lula-de-relativizar-furtos-no-brasil-crime-e-crime\/"},"author":{"name":"Luzimara Fernandes","@id":"https:\/\/jornalfatosenoticias.com.br\/#\/schema\/person\/d63837fa13ac8666eb9e74e0985d6f81"},"headline":"Juiz acusa Lula de \u2018relativizar\u2019 furtos no Brasil: \u201cCrime \u00e9 crime\u201d","datePublished":"2023-07-25T14:39:10+00:00","dateModified":"2023-07-25T14:39:12+00:00","mainEntityOfPage":{"@id":"https:\/\/jornalfatosenoticias.com.br\/index.php\/2023\/07\/25\/juiz-acusa-lula-de-relativizar-furtos-no-brasil-crime-e-crime\/"},"wordCount":293,"commentCount":0,"publisher":{"@id":"https:\/\/jornalfatosenoticias.com.br\/#organization"},"image":{"@id":"https:\/\/jornalfatosenoticias.com.br\/index.php\/2023\/07\/25\/juiz-acusa-lula-de-relativizar-furtos-no-brasil-crime-e-crime\/#primaryimage"},"thumbnailUrl":"https:\/\/jornalfatosenoticias.com.br\/wp-content\/uploads\/2023\/07\/gamba.jpg","keywords":["crime","crime compensa no Brasil","furtos","juiz","Lula","relativiza\u00e7\u00e3o criminal"],"articleSection":["Pol\u00edtica"],"inLanguage":"pt-BR","potentialAction":[{"@type":"CommentAction","name":"Comment","target":["https:\/\/jornalfatosenoticias.com.br\/index.php\/2023\/07\/25\/juiz-acusa-lula-de-relativizar-furtos-no-brasil-crime-e-crime\/#respond"]}]},{"@type":"WebPage","@id":"https:\/\/jornalfatosenoticias.com.br\/index.php\/2023\/07\/25\/juiz-acusa-lula-de-relativizar-furtos-no-brasil-crime-e-crime\/","url":"https:\/\/jornalfatosenoticias.com.br\/index.php\/2023\/07\/25\/juiz-acusa-lula-de-relativizar-furtos-no-brasil-crime-e-crime\/","name":"Juiz acusa Lula de \u2018relativizar\u2019 furtos no Brasil: \u201cCrime \u00e9 crime\u201d - Jornal Fatos e Not\u00edcias","isPartOf":{"@id":"https:\/\/jornalfatosenoticias.com.br\/#website"},"primaryImageOfPage":{"@id":"https:\/\/jornalfatosenoticias.com.br\/index.php\/2023\/07\/25\/juiz-acusa-lula-de-relativizar-furtos-no-brasil-crime-e-crime\/#primaryimage"},"image":{"@id":"https:\/\/jornalfatosenoticias.com.br\/index.php\/2023\/07\/25\/juiz-acusa-lula-de-relativizar-furtos-no-brasil-crime-e-crime\/#primaryimage"},"thumbnailUrl":"https:\/\/jornalfatosenoticias.com.br\/wp-content\/uploads\/2023\/07\/gamba.jpg","datePublished":"2023-07-25T14:39:10+00:00","dateModified":"2023-07-25T14:39:12+00:00","breadcrumb":{"@id":"https:\/\/jornalfatosenoticias.com.br\/index.php\/2023\/07\/25\/juiz-acusa-lula-de-relativizar-furtos-no-brasil-crime-e-crime\/#breadcrumb"},"inLanguage":"pt-BR","potentialAction":[{"@type":"ReadAction","target":["https:\/\/jornalfatosenoticias.com.br\/index.php\/2023\/07\/25\/juiz-acusa-lula-de-relativizar-furtos-no-brasil-crime-e-crime\/"]}]},{"@type":"ImageObject","inLanguage":"pt-BR","@id":"https:\/\/jornalfatosenoticias.com.br\/index.php\/2023\/07\/25\/juiz-acusa-lula-de-relativizar-furtos-no-brasil-crime-e-crime\/#primaryimage","url":"https:\/\/jornalfatosenoticias.com.br\/wp-content\/uploads\/2023\/07\/gamba.jpg","contentUrl":"https:\/\/jornalfatosenoticias.com.br\/wp-content\/uploads\/2023\/07\/gamba.jpg","width":1000,"height":666},{"@type":"BreadcrumbList","@id":"https:\/\/jornalfatosenoticias.com.br\/index.php\/2023\/07\/25\/juiz-acusa-lula-de-relativizar-furtos-no-brasil-crime-e-crime\/#breadcrumb","itemListElement":[{"@type":"ListItem","position":1,"name":"In\u00edcio","item":"https:\/\/jornalfatosenoticias.com.br\/"},{"@type":"ListItem","position":2,"name":"Juiz acusa Lula de \u2018relativizar\u2019 furtos no Brasil: \u201cCrime \u00e9 crime\u201d"}]},{"@type":"WebSite","@id":"https:\/\/jornalfatosenoticias.com.br\/#website","url":"https:\/\/jornalfatosenoticias.com.br\/","name":"Jornal Fatos e Not\u00edcias","description":"Not\u00edcias em geral","publisher":{"@id":"https:\/\/jornalfatosenoticias.com.br\/#organization"},"potentialAction":[{"@type":"SearchAction","target":{"@type":"EntryPoint","urlTemplate":"https:\/\/jornalfatosenoticias.com.br\/?s={search_term_string}"},"query-input":{"@type":"PropertyValueSpecification","valueRequired":true,"valueName":"search_term_string"}}],"inLanguage":"pt-BR"},{"@type":"Organization","@id":"https:\/\/jornalfatosenoticias.com.br\/#organization","name":"Jornal Fatos e Not\u00edcias","url":"https:\/\/jornalfatosenoticias.com.br\/","logo":{"@type":"ImageObject","inLanguage":"pt-BR","@id":"https:\/\/jornalfatosenoticias.com.br\/#\/schema\/logo\/image\/","url":"https:\/\/jornalfatosenoticias.com.br\/wp-content\/uploads\/2020\/02\/logo120.png","contentUrl":"https:\/\/jornalfatosenoticias.com.br\/wp-content\/uploads\/2020\/02\/logo120.png","width":1227,"height":120,"caption":"Jornal Fatos e Not\u00edcias"},"image":{"@id":"https:\/\/jornalfatosenoticias.com.br\/#\/schema\/logo\/image\/"}},{"@type":"Person","@id":"https:\/\/jornalfatosenoticias.com.br\/#\/schema\/person\/d63837fa13ac8666eb9e74e0985d6f81","name":"Luzimara Fernandes","image":{"@type":"ImageObject","inLanguage":"pt-BR","@id":"https:\/\/jornalfatosenoticias.com.br\/#\/schema\/person\/image\/","url":"https:\/\/jornalfatosenoticias.com.br\/wp-content\/uploads\/2025\/05\/EU_portal.jpg","contentUrl":"https:\/\/jornalfatosenoticias.com.br\/wp-content\/uploads\/2025\/05\/EU_portal.jpg","caption":"Luzimara Fernandes"},"description":"Jornalista MTB 2358-ES","sameAs":["https:\/\/jornalfatosenoticias.com.br"],"url":"https:\/\/jornalfatosenoticias.com.br\/index.php\/author\/luzimara\/"}]}},"cc_featured_image_caption":{"caption_text":"(Foto: AFP) ","source_text":"","source_url":""},"jetpack_featured_media_url":"https:\/\/jornalfatosenoticias.com.br\/wp-content\/uploads\/2023\/07\/gamba.jpg","_links":{"self":[{"href":"https:\/\/jornalfatosenoticias.com.br\/index.php\/wp-json\/wp\/v2\/posts\/43636","targetHints":{"allow":["GET"]}}],"collection":[{"href":"https:\/\/jornalfatosenoticias.com.br\/index.php\/wp-json\/wp\/v2\/posts"}],"about":[{"href":"https:\/\/jornalfatosenoticias.com.br\/index.php\/wp-json\/wp\/v2\/types\/post"}],"author":[{"embeddable":true,"href":"https:\/\/jornalfatosenoticias.com.br\/index.php\/wp-json\/wp\/v2\/users\/2"}],"replies":[{"embeddable":true,"href":"https:\/\/jornalfatosenoticias.com.br\/index.php\/wp-json\/wp\/v2\/comments?post=43636"}],"version-history":[{"count":0,"href":"https:\/\/jornalfatosenoticias.com.br\/index.php\/wp-json\/wp\/v2\/posts\/43636\/revisions"}],"wp:featuredmedia":[{"embeddable":true,"href":"https:\/\/jornalfatosenoticias.com.br\/index.php\/wp-json\/wp\/v2\/media\/43637"}],"wp:attachment":[{"href":"https:\/\/jornalfatosenoticias.com.br\/index.php\/wp-json\/wp\/v2\/media?parent=43636"}],"wp:term":[{"taxonomy":"category","embeddable":true,"href":"https:\/\/jornalfatosenoticias.com.br\/index.php\/wp-json\/wp\/v2\/categories?post=43636"},{"taxonomy":"post_tag","embeddable":true,"href":"https:\/\/jornalfatosenoticias.com.br\/index.php\/wp-json\/wp\/v2\/tags?post=43636"}],"curies":[{"name":"wp","href":"https:\/\/api.w.org\/{rel}","templated":true}]}}