{"id":43683,"date":"2023-07-26T14:02:12","date_gmt":"2023-07-26T17:02:12","guid":{"rendered":"https:\/\/jornalfatosenoticias.com.br\/?p=43683"},"modified":"2023-07-26T14:02:14","modified_gmt":"2023-07-26T17:02:14","slug":"tecnologias-nacionais-podem-impulsionar-agricultura-familiar-no-semiarido","status":"publish","type":"post","link":"https:\/\/jornalfatosenoticias.com.br\/index.php\/2023\/07\/26\/tecnologias-nacionais-podem-impulsionar-agricultura-familiar-no-semiarido\/","title":{"rendered":"Tecnologias nacionais podem impulsionar agricultura familiar no semi\u00e1rido"},"content":{"rendered":"\n<p><em><span class=\"has-inline-color has-black-color\">Por <strong><a href=\"https:\/\/gizmodo.uol.com.br\/author\/agencia-bori\/\">Ag\u00eancia Bori<\/a><\/strong><\/span><\/em><\/p>\n\n\n\n<div class=\"wp-block-image\"><figure class=\"aligncenter size-large\"><img loading=\"lazy\" decoding=\"async\" width=\"1024\" height=\"110\" src=\"https:\/\/jornalfatosenoticias.com.br\/wp-content\/uploads\/2023\/03\/Crypton-1120-\u00d7-120-px-1-1024x110.png\" alt=\"\" class=\"wp-image-39211\" srcset=\"https:\/\/jornalfatosenoticias.com.br\/wp-content\/uploads\/2023\/03\/Crypton-1120-\u00d7-120-px-1-1024x110.png 1024w, https:\/\/jornalfatosenoticias.com.br\/wp-content\/uploads\/2023\/03\/Crypton-1120-\u00d7-120-px-1-300x32.png 300w, https:\/\/jornalfatosenoticias.com.br\/wp-content\/uploads\/2023\/03\/Crypton-1120-\u00d7-120-px-1-768x82.png 768w, https:\/\/jornalfatosenoticias.com.br\/wp-content\/uploads\/2023\/03\/Crypton-1120-\u00d7-120-px-1.png 1120w\" sizes=\"auto, (max-width: 1024px) 100vw, 1024px\" \/><\/figure><\/div>\n\n\n\n<p>O re\u00faso das chamadas \u201c\u00e1guas cinzas\u201d e a utiliza\u00e7\u00e3o de biofilme para revestir alimentos com base em tecnologias brasileiras podem solucionar dois grandes desafios da agricultura familiar no semi\u00e1rido: a falta de recursos h\u00eddricos nas planta\u00e7\u00f5es e a perda de frutas e verduras depois da colheita.<br>A constata\u00e7\u00e3o \u00e9 de relat\u00f3rio lan\u00e7ado na segunda-feira (24) pela World-Transforming Technologies (WTT), em parceria com a Bori. A WTT \u00e9 uma funda\u00e7\u00e3o sem fins lucrativos criada para promover a inova\u00e7\u00e3o como ferramenta para a supera\u00e7\u00e3o de desafios sociais e ambientais.<\/p>\n\n\n\n<div class=\"wp-block-image\"><figure class=\"aligncenter size-large is-resized\"><img loading=\"lazy\" decoding=\"async\" src=\"https:\/\/jornalfatosenoticias.com.br\/wp-content\/uploads\/2023\/07\/logo-ITH.png\" alt=\"\" class=\"wp-image-43684\" width=\"324\" height=\"175\"\/><\/figure><\/div>\n\n\n\n<p>Para encontrar poss\u00edveis solu\u00e7\u00f5es tecnol\u00f3gicas de custo baixo e de f\u00e1cil acesso para a agricultura familiar no semi\u00e1rido brasileiro, o relat\u00f3rio mapeou \u2014 com a ajuda da Bori \u2014 publica\u00e7\u00f5es cient\u00edficas recentes de universidades como as federais Rural de Pernambuco e de Campina Grande. Isso foi feito a partir de palavras-chave espec\u00edficas em bases de informa\u00e7\u00f5es cient\u00edficas como a Web of Science. Tamb\u00e9m foram consultados acad\u00eamicos, pesquisadores, extensionistas rurais e ONGs que atuam na regi\u00e3o.<\/p>\n\n\n\n<div class=\"wp-block-image\"><figure class=\"aligncenter size-large is-resized\"><img loading=\"lazy\" decoding=\"async\" src=\"https:\/\/jornalfatosenoticias.com.br\/wp-content\/uploads\/2023\/07\/LOGO-Cromotec.png\" alt=\"\" class=\"wp-image-43685\" width=\"332\" height=\"197\"\/><\/figure><\/div>\n\n\n\n<p>Para enfrentar a falta de recursos h\u00eddricos do semi\u00e1rido, foram mapeadas 23 tecnologias de reuso de \u00e1gua cinza \u2014 \u00e1gua residual dom\u00e9stica, por exemplo, das pias de cozinha \u2014 com potencial de solu\u00e7\u00e3o na agricultura familiar do semi\u00e1rido. Tiveram destaque o sistema de Bio\u00e1gua Familiar (formado por componentes como filtro biol\u00f3gico, tanque de reuso e sistema de irriga\u00e7\u00e3o) e de Re\u00faso de \u00c1guas Cinzas (com caixa de gordura, filtro f\u00edsico e tanque de re\u00faso).<\/p>\n\n\n\n<div class=\"wp-block-image\"><figure class=\"aligncenter size-large\"><img loading=\"lazy\" decoding=\"async\" width=\"300\" height=\"250\" src=\"https:\/\/jornalfatosenoticias.com.br\/wp-content\/uploads\/2022\/08\/arte-Casarao.jpg\" alt=\"\" class=\"wp-image-33178\"\/><\/figure><\/div>\n\n\n\n<p>J\u00e1 para o enfrentamento da perda p\u00f3s-colheita foram mapeadas seis tecnologias, como radia\u00e7\u00e3o de frutas e refrigera\u00e7\u00e3o \u2014 ambas de alto custo. Aqui, destacou-se, ent\u00e3o, o desenvolvimento de revestimentos ativos baseados em biopol\u00edmeros para as frutas, com f\u00e1cil aplica\u00e7\u00e3o, baixo custo e flexibilidade para uso em diferentes cultivares. S\u00e3o uma esp\u00e9cie de cobertura biodegrad\u00e1vel, que pode estender a vida \u00fatil das frutas, reduzindo significativamente as perdas p\u00f3s-colheita.<\/p>\n\n\n\n<div class=\"wp-block-image\"><figure class=\"aligncenter size-large is-resized\"><img loading=\"lazy\" decoding=\"async\" src=\"https:\/\/jornalfatosenoticias.com.br\/wp-content\/uploads\/2023\/07\/LOGO-CERTA-SOLUCOES.jpg\" alt=\"\" class=\"wp-image-43686\" width=\"410\" height=\"183\"\/><\/figure><\/div>\n\n\n\n<blockquote class=\"wp-block-quote is-layout-flow wp-block-quote-is-layout-flow\"><p><span class=\"has-inline-color has-luminous-vivid-orange-color\">A principal contribui\u00e7\u00e3o do relat\u00f3rio \u00e9 trazer um relato de experi\u00eancia de colabora\u00e7\u00e3o cient\u00edfica participativa, ou seja, da contribui\u00e7\u00e3o para a ci\u00eancia e para a popula\u00e7\u00e3o por uma agricultura mais ecol\u00f3gica e integrada\u201d, informa Gaston Santi Kremer, coordenador de Programas da WTT. \u201cLevantamos as demandas dos territ\u00f3rios e conversamos com muitos agricultores, organiza\u00e7\u00f5es sociais e pesquisadores\u201d, acrescenta.<\/span><\/p><\/blockquote>\n\n\n\n<div class=\"wp-block-image\"><figure class=\"aligncenter size-large is-resized\"><img loading=\"lazy\" decoding=\"async\" src=\"https:\/\/jornalfatosenoticias.com.br\/wp-content\/uploads\/2022\/10\/RC_800x750_page-0001.jpg\" alt=\"\" class=\"wp-image-35338\" width=\"263\" height=\"247\" srcset=\"https:\/\/jornalfatosenoticias.com.br\/wp-content\/uploads\/2022\/10\/RC_800x750_page-0001.jpg 400w, https:\/\/jornalfatosenoticias.com.br\/wp-content\/uploads\/2022\/10\/RC_800x750_page-0001-300x281.jpg 300w\" sizes=\"auto, (max-width: 263px) 100vw, 263px\" \/><\/figure><\/div>\n\n\n\n<p>Olhar para tecnologias sociais com potencial para agricultura familiar \u2014 que, segundo o Censo Agro, do IBGE, corresponde a 77% dos estabelecimentos de agricultura \u2014 \u00e9 importante. De acordo com relat\u00f3rio, muitas tecnologias de beneficiamento da produ\u00e7\u00e3o requerem altos investimentos e s\u00e3o regulamentadas por uma legisla\u00e7\u00e3o complexa, fora da realidade da agricultura familiar. Outro ponto relatado pelo documento \u00e9 a utiliza\u00e7\u00e3o de insumos regionais, com prioridade para produtos t\u00edpicos do bioma da caatinga.<\/p>\n\n\n\n<div class=\"wp-block-image\"><figure class=\"aligncenter size-large is-resized\"><img loading=\"lazy\" decoding=\"async\" src=\"https:\/\/jornalfatosenoticias.com.br\/wp-content\/uploads\/2022\/02\/FERRARI_MAQUINAS-E-FERRAMENTAS2.jpg\" alt=\"\" class=\"wp-image-27860\" width=\"290\" height=\"242\"\/><\/figure><\/div>\n\n\n\n<p>Os autores do relat\u00f3rio acreditam que a ci\u00eancia brasileira tem potencial de instigar pr\u00e1ticas que v\u00e3o aperfei\u00e7oar a gera\u00e7\u00e3o de renda de pequenos agricultores, com impactos na seguran\u00e7a alimentar de todo o Pa\u00eds. Dessa forma, \u00e9 necess\u00e1rio promover transforma\u00e7\u00f5es nos sistemas agroalimentares que gerem seguran\u00e7a alimentar e nutricional para toda a popula\u00e7\u00e3o, conservem os diferentes ecossistemas e garantam renda para milh\u00f5es de pessoas, especialmente as mais vulner\u00e1veis.<\/p>\n\n\n\n<div class=\"wp-block-image\"><figure class=\"aligncenter size-large is-resized\"><img loading=\"lazy\" decoding=\"async\" src=\"https:\/\/jornalfatosenoticias.com.br\/wp-content\/uploads\/2023\/07\/torneio_volei.jpg\" alt=\"\" class=\"wp-image-43455\" width=\"377\" height=\"376\" srcset=\"https:\/\/jornalfatosenoticias.com.br\/wp-content\/uploads\/2023\/07\/torneio_volei.jpg 1000w, https:\/\/jornalfatosenoticias.com.br\/wp-content\/uploads\/2023\/07\/torneio_volei-300x300.jpg 300w, https:\/\/jornalfatosenoticias.com.br\/wp-content\/uploads\/2023\/07\/torneio_volei-150x150.jpg 150w, https:\/\/jornalfatosenoticias.com.br\/wp-content\/uploads\/2023\/07\/torneio_volei-768x767.jpg 768w\" sizes=\"auto, (max-width: 377px) 100vw, 377px\" \/><\/figure><\/div>\n\n\n\n<p><strong><em>Fonte: <a href=\"https:\/\/gizmodo.uol.com.br\/tecnologias-nacionais-podem-impulsionar-agricultura-familiar-no-semiarido\/\">GizModo<\/a><\/em><\/strong><\/p>\n","protected":false},"excerpt":{"rendered":"<p>Por Ag\u00eancia Bori O re\u00faso das chamadas \u201c\u00e1guas cinzas\u201d e a utiliza\u00e7\u00e3o de biofilme para revestir alimentos com base em tecnologias brasileiras podem solucionar dois grandes desafios da agricultura familiar no semi\u00e1rido: a falta de recursos h\u00eddricos nas planta\u00e7\u00f5es e a perda de frutas e verduras depois da colheita.A constata\u00e7\u00e3o \u00e9 de relat\u00f3rio lan\u00e7ado na [&hellip;]<\/p>\n","protected":false},"author":2,"featured_media":43687,"comment_status":"open","ping_status":"open","sticky":false,"template":"","format":"standard","meta":{"footnotes":""},"categories":[3],"tags":[20529,3061,1990,451,597,896,198],"class_list":["post-43683","post","type-post","status-publish","format-standard","has-post-thumbnail","hentry","category-tecnologia","tag-agencia-bori","tag-agricultura","tag-agricultura-familiar","tag-agua","tag-brasil","tag-semiarido","tag-tecnologia"],"yoast_head":"<!-- This site is optimized with the Yoast SEO plugin v26.5 - https:\/\/yoast.com\/wordpress\/plugins\/seo\/ -->\n<title>Tecnologias nacionais podem impulsionar agricultura familiar no semi\u00e1rido - Jornal Fatos e Not\u00edcias<\/title>\n<meta name=\"robots\" content=\"index, follow, max-snippet:-1, max-image-preview:large, max-video-preview:-1\" \/>\n<link rel=\"canonical\" href=\"https:\/\/jornalfatosenoticias.com.br\/index.php\/2023\/07\/26\/tecnologias-nacionais-podem-impulsionar-agricultura-familiar-no-semiarido\/\" \/>\n<meta property=\"og:locale\" content=\"pt_BR\" \/>\n<meta property=\"og:type\" content=\"article\" \/>\n<meta property=\"og:title\" content=\"Tecnologias nacionais podem impulsionar agricultura familiar no semi\u00e1rido - Jornal Fatos e Not\u00edcias\" \/>\n<meta property=\"og:description\" content=\"Por Ag\u00eancia Bori O re\u00faso das chamadas \u201c\u00e1guas cinzas\u201d e a utiliza\u00e7\u00e3o de biofilme para revestir alimentos com base em tecnologias brasileiras podem solucionar dois grandes desafios da agricultura familiar no semi\u00e1rido: a falta de recursos h\u00eddricos nas planta\u00e7\u00f5es e a perda de frutas e verduras depois da colheita.A constata\u00e7\u00e3o \u00e9 de relat\u00f3rio lan\u00e7ado na [&hellip;]\" \/>\n<meta property=\"og:url\" content=\"https:\/\/jornalfatosenoticias.com.br\/index.php\/2023\/07\/26\/tecnologias-nacionais-podem-impulsionar-agricultura-familiar-no-semiarido\/\" \/>\n<meta property=\"og:site_name\" content=\"Jornal Fatos e Not\u00edcias\" \/>\n<meta property=\"article:published_time\" content=\"2023-07-26T17:02:12+00:00\" \/>\n<meta property=\"article:modified_time\" content=\"2023-07-26T17:02:14+00:00\" \/>\n<meta property=\"og:image\" content=\"https:\/\/jornalfatosenoticias.com.br\/wp-content\/uploads\/2023\/07\/tecnlogias-agricultura-familiar_istockphoto.jpg\" \/>\n\t<meta property=\"og:image:width\" content=\"912\" \/>\n\t<meta property=\"og:image:height\" content=\"608\" \/>\n\t<meta property=\"og:image:type\" content=\"image\/jpeg\" \/>\n<meta name=\"author\" content=\"Luzimara Fernandes\" \/>\n<meta name=\"twitter:card\" content=\"summary_large_image\" \/>\n<meta name=\"twitter:label1\" content=\"Escrito por\" \/>\n\t<meta name=\"twitter:data1\" content=\"Luzimara Fernandes\" \/>\n\t<meta name=\"twitter:label2\" content=\"Est. tempo de leitura\" \/>\n\t<meta name=\"twitter:data2\" content=\"3 minutos\" \/>\n<script type=\"application\/ld+json\" class=\"yoast-schema-graph\">{\"@context\":\"https:\/\/schema.org\",\"@graph\":[{\"@type\":\"Article\",\"@id\":\"https:\/\/jornalfatosenoticias.com.br\/index.php\/2023\/07\/26\/tecnologias-nacionais-podem-impulsionar-agricultura-familiar-no-semiarido\/#article\",\"isPartOf\":{\"@id\":\"https:\/\/jornalfatosenoticias.com.br\/index.php\/2023\/07\/26\/tecnologias-nacionais-podem-impulsionar-agricultura-familiar-no-semiarido\/\"},\"author\":{\"name\":\"Luzimara Fernandes\",\"@id\":\"https:\/\/jornalfatosenoticias.com.br\/#\/schema\/person\/d63837fa13ac8666eb9e74e0985d6f81\"},\"headline\":\"Tecnologias nacionais podem impulsionar agricultura familiar no semi\u00e1rido\",\"datePublished\":\"2023-07-26T17:02:12+00:00\",\"dateModified\":\"2023-07-26T17:02:14+00:00\",\"mainEntityOfPage\":{\"@id\":\"https:\/\/jornalfatosenoticias.com.br\/index.php\/2023\/07\/26\/tecnologias-nacionais-podem-impulsionar-agricultura-familiar-no-semiarido\/\"},\"wordCount\":577,\"commentCount\":0,\"publisher\":{\"@id\":\"https:\/\/jornalfatosenoticias.com.br\/#organization\"},\"image\":{\"@id\":\"https:\/\/jornalfatosenoticias.com.br\/index.php\/2023\/07\/26\/tecnologias-nacionais-podem-impulsionar-agricultura-familiar-no-semiarido\/#primaryimage\"},\"thumbnailUrl\":\"https:\/\/jornalfatosenoticias.com.br\/wp-content\/uploads\/2023\/07\/tecnlogias-agricultura-familiar_istockphoto.jpg\",\"keywords\":[\"Ag\u00eancia Bori\",\"agricultura\",\"agricultura familiar\",\"\u00e1gua\",\"Brasil\",\"semi\u00e1rido\",\"tecnologia\"],\"articleSection\":[\"Tecnologia &amp; Inova\u00e7\u00e3o\"],\"inLanguage\":\"pt-BR\",\"potentialAction\":[{\"@type\":\"CommentAction\",\"name\":\"Comment\",\"target\":[\"https:\/\/jornalfatosenoticias.com.br\/index.php\/2023\/07\/26\/tecnologias-nacionais-podem-impulsionar-agricultura-familiar-no-semiarido\/#respond\"]}]},{\"@type\":\"WebPage\",\"@id\":\"https:\/\/jornalfatosenoticias.com.br\/index.php\/2023\/07\/26\/tecnologias-nacionais-podem-impulsionar-agricultura-familiar-no-semiarido\/\",\"url\":\"https:\/\/jornalfatosenoticias.com.br\/index.php\/2023\/07\/26\/tecnologias-nacionais-podem-impulsionar-agricultura-familiar-no-semiarido\/\",\"name\":\"Tecnologias nacionais podem impulsionar agricultura familiar no semi\u00e1rido - Jornal Fatos e Not\u00edcias\",\"isPartOf\":{\"@id\":\"https:\/\/jornalfatosenoticias.com.br\/#website\"},\"primaryImageOfPage\":{\"@id\":\"https:\/\/jornalfatosenoticias.com.br\/index.php\/2023\/07\/26\/tecnologias-nacionais-podem-impulsionar-agricultura-familiar-no-semiarido\/#primaryimage\"},\"image\":{\"@id\":\"https:\/\/jornalfatosenoticias.com.br\/index.php\/2023\/07\/26\/tecnologias-nacionais-podem-impulsionar-agricultura-familiar-no-semiarido\/#primaryimage\"},\"thumbnailUrl\":\"https:\/\/jornalfatosenoticias.com.br\/wp-content\/uploads\/2023\/07\/tecnlogias-agricultura-familiar_istockphoto.jpg\",\"datePublished\":\"2023-07-26T17:02:12+00:00\",\"dateModified\":\"2023-07-26T17:02:14+00:00\",\"breadcrumb\":{\"@id\":\"https:\/\/jornalfatosenoticias.com.br\/index.php\/2023\/07\/26\/tecnologias-nacionais-podem-impulsionar-agricultura-familiar-no-semiarido\/#breadcrumb\"},\"inLanguage\":\"pt-BR\",\"potentialAction\":[{\"@type\":\"ReadAction\",\"target\":[\"https:\/\/jornalfatosenoticias.com.br\/index.php\/2023\/07\/26\/tecnologias-nacionais-podem-impulsionar-agricultura-familiar-no-semiarido\/\"]}]},{\"@type\":\"ImageObject\",\"inLanguage\":\"pt-BR\",\"@id\":\"https:\/\/jornalfatosenoticias.com.br\/index.php\/2023\/07\/26\/tecnologias-nacionais-podem-impulsionar-agricultura-familiar-no-semiarido\/#primaryimage\",\"url\":\"https:\/\/jornalfatosenoticias.com.br\/wp-content\/uploads\/2023\/07\/tecnlogias-agricultura-familiar_istockphoto.jpg\",\"contentUrl\":\"https:\/\/jornalfatosenoticias.com.br\/wp-content\/uploads\/2023\/07\/tecnlogias-agricultura-familiar_istockphoto.jpg\",\"width\":912,\"height\":608,\"caption\":\"Agricultural occupation pineapple fruit on tree in plantation at Thailand. Tropical pineapple fruit with beautiful light.\"},{\"@type\":\"BreadcrumbList\",\"@id\":\"https:\/\/jornalfatosenoticias.com.br\/index.php\/2023\/07\/26\/tecnologias-nacionais-podem-impulsionar-agricultura-familiar-no-semiarido\/#breadcrumb\",\"itemListElement\":[{\"@type\":\"ListItem\",\"position\":1,\"name\":\"In\u00edcio\",\"item\":\"https:\/\/jornalfatosenoticias.com.br\/\"},{\"@type\":\"ListItem\",\"position\":2,\"name\":\"Tecnologias nacionais podem impulsionar agricultura familiar no semi\u00e1rido\"}]},{\"@type\":\"WebSite\",\"@id\":\"https:\/\/jornalfatosenoticias.com.br\/#website\",\"url\":\"https:\/\/jornalfatosenoticias.com.br\/\",\"name\":\"Jornal Fatos e Not\u00edcias\",\"description\":\"Not\u00edcias em geral\",\"publisher\":{\"@id\":\"https:\/\/jornalfatosenoticias.com.br\/#organization\"},\"potentialAction\":[{\"@type\":\"SearchAction\",\"target\":{\"@type\":\"EntryPoint\",\"urlTemplate\":\"https:\/\/jornalfatosenoticias.com.br\/?s={search_term_string}\"},\"query-input\":{\"@type\":\"PropertyValueSpecification\",\"valueRequired\":true,\"valueName\":\"search_term_string\"}}],\"inLanguage\":\"pt-BR\"},{\"@type\":\"Organization\",\"@id\":\"https:\/\/jornalfatosenoticias.com.br\/#organization\",\"name\":\"Jornal Fatos e Not\u00edcias\",\"url\":\"https:\/\/jornalfatosenoticias.com.br\/\",\"logo\":{\"@type\":\"ImageObject\",\"inLanguage\":\"pt-BR\",\"@id\":\"https:\/\/jornalfatosenoticias.com.br\/#\/schema\/logo\/image\/\",\"url\":\"https:\/\/jornalfatosenoticias.com.br\/wp-content\/uploads\/2020\/02\/logo120.png\",\"contentUrl\":\"https:\/\/jornalfatosenoticias.com.br\/wp-content\/uploads\/2020\/02\/logo120.png\",\"width\":1227,\"height\":120,\"caption\":\"Jornal Fatos e Not\u00edcias\"},\"image\":{\"@id\":\"https:\/\/jornalfatosenoticias.com.br\/#\/schema\/logo\/image\/\"}},{\"@type\":\"Person\",\"@id\":\"https:\/\/jornalfatosenoticias.com.br\/#\/schema\/person\/d63837fa13ac8666eb9e74e0985d6f81\",\"name\":\"Luzimara Fernandes\",\"image\":{\"@type\":\"ImageObject\",\"inLanguage\":\"pt-BR\",\"@id\":\"https:\/\/jornalfatosenoticias.com.br\/#\/schema\/person\/image\/\",\"url\":\"https:\/\/jornalfatosenoticias.com.br\/wp-content\/uploads\/2025\/05\/EU_portal.jpg\",\"contentUrl\":\"https:\/\/jornalfatosenoticias.com.br\/wp-content\/uploads\/2025\/05\/EU_portal.jpg\",\"caption\":\"Luzimara Fernandes\"},\"description\":\"Jornalista MTB 2358-ES\",\"sameAs\":[\"https:\/\/jornalfatosenoticias.com.br\"],\"url\":\"https:\/\/jornalfatosenoticias.com.br\/index.php\/author\/luzimara\/\"}]}<\/script>\n<!-- \/ Yoast SEO plugin. -->","yoast_head_json":{"title":"Tecnologias nacionais podem impulsionar agricultura familiar no semi\u00e1rido - Jornal Fatos e Not\u00edcias","robots":{"index":"index","follow":"follow","max-snippet":"max-snippet:-1","max-image-preview":"max-image-preview:large","max-video-preview":"max-video-preview:-1"},"canonical":"https:\/\/jornalfatosenoticias.com.br\/index.php\/2023\/07\/26\/tecnologias-nacionais-podem-impulsionar-agricultura-familiar-no-semiarido\/","og_locale":"pt_BR","og_type":"article","og_title":"Tecnologias nacionais podem impulsionar agricultura familiar no semi\u00e1rido - Jornal Fatos e Not\u00edcias","og_description":"Por Ag\u00eancia Bori O re\u00faso das chamadas \u201c\u00e1guas cinzas\u201d e a utiliza\u00e7\u00e3o de biofilme para revestir alimentos com base em tecnologias brasileiras podem solucionar dois grandes desafios da agricultura familiar no semi\u00e1rido: a falta de recursos h\u00eddricos nas planta\u00e7\u00f5es e a perda de frutas e verduras depois da colheita.A constata\u00e7\u00e3o \u00e9 de relat\u00f3rio lan\u00e7ado na [&hellip;]","og_url":"https:\/\/jornalfatosenoticias.com.br\/index.php\/2023\/07\/26\/tecnologias-nacionais-podem-impulsionar-agricultura-familiar-no-semiarido\/","og_site_name":"Jornal Fatos e Not\u00edcias","article_published_time":"2023-07-26T17:02:12+00:00","article_modified_time":"2023-07-26T17:02:14+00:00","og_image":[{"width":912,"height":608,"url":"https:\/\/jornalfatosenoticias.com.br\/wp-content\/uploads\/2023\/07\/tecnlogias-agricultura-familiar_istockphoto.jpg","type":"image\/jpeg"}],"author":"Luzimara Fernandes","twitter_card":"summary_large_image","twitter_misc":{"Escrito por":"Luzimara Fernandes","Est. tempo de leitura":"3 minutos"},"schema":{"@context":"https:\/\/schema.org","@graph":[{"@type":"Article","@id":"https:\/\/jornalfatosenoticias.com.br\/index.php\/2023\/07\/26\/tecnologias-nacionais-podem-impulsionar-agricultura-familiar-no-semiarido\/#article","isPartOf":{"@id":"https:\/\/jornalfatosenoticias.com.br\/index.php\/2023\/07\/26\/tecnologias-nacionais-podem-impulsionar-agricultura-familiar-no-semiarido\/"},"author":{"name":"Luzimara Fernandes","@id":"https:\/\/jornalfatosenoticias.com.br\/#\/schema\/person\/d63837fa13ac8666eb9e74e0985d6f81"},"headline":"Tecnologias nacionais podem impulsionar agricultura familiar no semi\u00e1rido","datePublished":"2023-07-26T17:02:12+00:00","dateModified":"2023-07-26T17:02:14+00:00","mainEntityOfPage":{"@id":"https:\/\/jornalfatosenoticias.com.br\/index.php\/2023\/07\/26\/tecnologias-nacionais-podem-impulsionar-agricultura-familiar-no-semiarido\/"},"wordCount":577,"commentCount":0,"publisher":{"@id":"https:\/\/jornalfatosenoticias.com.br\/#organization"},"image":{"@id":"https:\/\/jornalfatosenoticias.com.br\/index.php\/2023\/07\/26\/tecnologias-nacionais-podem-impulsionar-agricultura-familiar-no-semiarido\/#primaryimage"},"thumbnailUrl":"https:\/\/jornalfatosenoticias.com.br\/wp-content\/uploads\/2023\/07\/tecnlogias-agricultura-familiar_istockphoto.jpg","keywords":["Ag\u00eancia Bori","agricultura","agricultura familiar","\u00e1gua","Brasil","semi\u00e1rido","tecnologia"],"articleSection":["Tecnologia &amp; Inova\u00e7\u00e3o"],"inLanguage":"pt-BR","potentialAction":[{"@type":"CommentAction","name":"Comment","target":["https:\/\/jornalfatosenoticias.com.br\/index.php\/2023\/07\/26\/tecnologias-nacionais-podem-impulsionar-agricultura-familiar-no-semiarido\/#respond"]}]},{"@type":"WebPage","@id":"https:\/\/jornalfatosenoticias.com.br\/index.php\/2023\/07\/26\/tecnologias-nacionais-podem-impulsionar-agricultura-familiar-no-semiarido\/","url":"https:\/\/jornalfatosenoticias.com.br\/index.php\/2023\/07\/26\/tecnologias-nacionais-podem-impulsionar-agricultura-familiar-no-semiarido\/","name":"Tecnologias nacionais podem impulsionar agricultura familiar no semi\u00e1rido - Jornal Fatos e Not\u00edcias","isPartOf":{"@id":"https:\/\/jornalfatosenoticias.com.br\/#website"},"primaryImageOfPage":{"@id":"https:\/\/jornalfatosenoticias.com.br\/index.php\/2023\/07\/26\/tecnologias-nacionais-podem-impulsionar-agricultura-familiar-no-semiarido\/#primaryimage"},"image":{"@id":"https:\/\/jornalfatosenoticias.com.br\/index.php\/2023\/07\/26\/tecnologias-nacionais-podem-impulsionar-agricultura-familiar-no-semiarido\/#primaryimage"},"thumbnailUrl":"https:\/\/jornalfatosenoticias.com.br\/wp-content\/uploads\/2023\/07\/tecnlogias-agricultura-familiar_istockphoto.jpg","datePublished":"2023-07-26T17:02:12+00:00","dateModified":"2023-07-26T17:02:14+00:00","breadcrumb":{"@id":"https:\/\/jornalfatosenoticias.com.br\/index.php\/2023\/07\/26\/tecnologias-nacionais-podem-impulsionar-agricultura-familiar-no-semiarido\/#breadcrumb"},"inLanguage":"pt-BR","potentialAction":[{"@type":"ReadAction","target":["https:\/\/jornalfatosenoticias.com.br\/index.php\/2023\/07\/26\/tecnologias-nacionais-podem-impulsionar-agricultura-familiar-no-semiarido\/"]}]},{"@type":"ImageObject","inLanguage":"pt-BR","@id":"https:\/\/jornalfatosenoticias.com.br\/index.php\/2023\/07\/26\/tecnologias-nacionais-podem-impulsionar-agricultura-familiar-no-semiarido\/#primaryimage","url":"https:\/\/jornalfatosenoticias.com.br\/wp-content\/uploads\/2023\/07\/tecnlogias-agricultura-familiar_istockphoto.jpg","contentUrl":"https:\/\/jornalfatosenoticias.com.br\/wp-content\/uploads\/2023\/07\/tecnlogias-agricultura-familiar_istockphoto.jpg","width":912,"height":608,"caption":"Agricultural occupation pineapple fruit on tree in plantation at Thailand. Tropical pineapple fruit with beautiful light."},{"@type":"BreadcrumbList","@id":"https:\/\/jornalfatosenoticias.com.br\/index.php\/2023\/07\/26\/tecnologias-nacionais-podem-impulsionar-agricultura-familiar-no-semiarido\/#breadcrumb","itemListElement":[{"@type":"ListItem","position":1,"name":"In\u00edcio","item":"https:\/\/jornalfatosenoticias.com.br\/"},{"@type":"ListItem","position":2,"name":"Tecnologias nacionais podem impulsionar agricultura familiar no semi\u00e1rido"}]},{"@type":"WebSite","@id":"https:\/\/jornalfatosenoticias.com.br\/#website","url":"https:\/\/jornalfatosenoticias.com.br\/","name":"Jornal Fatos e Not\u00edcias","description":"Not\u00edcias em geral","publisher":{"@id":"https:\/\/jornalfatosenoticias.com.br\/#organization"},"potentialAction":[{"@type":"SearchAction","target":{"@type":"EntryPoint","urlTemplate":"https:\/\/jornalfatosenoticias.com.br\/?s={search_term_string}"},"query-input":{"@type":"PropertyValueSpecification","valueRequired":true,"valueName":"search_term_string"}}],"inLanguage":"pt-BR"},{"@type":"Organization","@id":"https:\/\/jornalfatosenoticias.com.br\/#organization","name":"Jornal Fatos e Not\u00edcias","url":"https:\/\/jornalfatosenoticias.com.br\/","logo":{"@type":"ImageObject","inLanguage":"pt-BR","@id":"https:\/\/jornalfatosenoticias.com.br\/#\/schema\/logo\/image\/","url":"https:\/\/jornalfatosenoticias.com.br\/wp-content\/uploads\/2020\/02\/logo120.png","contentUrl":"https:\/\/jornalfatosenoticias.com.br\/wp-content\/uploads\/2020\/02\/logo120.png","width":1227,"height":120,"caption":"Jornal Fatos e Not\u00edcias"},"image":{"@id":"https:\/\/jornalfatosenoticias.com.br\/#\/schema\/logo\/image\/"}},{"@type":"Person","@id":"https:\/\/jornalfatosenoticias.com.br\/#\/schema\/person\/d63837fa13ac8666eb9e74e0985d6f81","name":"Luzimara Fernandes","image":{"@type":"ImageObject","inLanguage":"pt-BR","@id":"https:\/\/jornalfatosenoticias.com.br\/#\/schema\/person\/image\/","url":"https:\/\/jornalfatosenoticias.com.br\/wp-content\/uploads\/2025\/05\/EU_portal.jpg","contentUrl":"https:\/\/jornalfatosenoticias.com.br\/wp-content\/uploads\/2025\/05\/EU_portal.jpg","caption":"Luzimara Fernandes"},"description":"Jornalista MTB 2358-ES","sameAs":["https:\/\/jornalfatosenoticias.com.br"],"url":"https:\/\/jornalfatosenoticias.com.br\/index.php\/author\/luzimara\/"}]}},"cc_featured_image_caption":{"caption_text":"(Foto: iStock)","source_text":"","source_url":""},"jetpack_featured_media_url":"https:\/\/jornalfatosenoticias.com.br\/wp-content\/uploads\/2023\/07\/tecnlogias-agricultura-familiar_istockphoto.jpg","_links":{"self":[{"href":"https:\/\/jornalfatosenoticias.com.br\/index.php\/wp-json\/wp\/v2\/posts\/43683","targetHints":{"allow":["GET"]}}],"collection":[{"href":"https:\/\/jornalfatosenoticias.com.br\/index.php\/wp-json\/wp\/v2\/posts"}],"about":[{"href":"https:\/\/jornalfatosenoticias.com.br\/index.php\/wp-json\/wp\/v2\/types\/post"}],"author":[{"embeddable":true,"href":"https:\/\/jornalfatosenoticias.com.br\/index.php\/wp-json\/wp\/v2\/users\/2"}],"replies":[{"embeddable":true,"href":"https:\/\/jornalfatosenoticias.com.br\/index.php\/wp-json\/wp\/v2\/comments?post=43683"}],"version-history":[{"count":0,"href":"https:\/\/jornalfatosenoticias.com.br\/index.php\/wp-json\/wp\/v2\/posts\/43683\/revisions"}],"wp:featuredmedia":[{"embeddable":true,"href":"https:\/\/jornalfatosenoticias.com.br\/index.php\/wp-json\/wp\/v2\/media\/43687"}],"wp:attachment":[{"href":"https:\/\/jornalfatosenoticias.com.br\/index.php\/wp-json\/wp\/v2\/media?parent=43683"}],"wp:term":[{"taxonomy":"category","embeddable":true,"href":"https:\/\/jornalfatosenoticias.com.br\/index.php\/wp-json\/wp\/v2\/categories?post=43683"},{"taxonomy":"post_tag","embeddable":true,"href":"https:\/\/jornalfatosenoticias.com.br\/index.php\/wp-json\/wp\/v2\/tags?post=43683"}],"curies":[{"name":"wp","href":"https:\/\/api.w.org\/{rel}","templated":true}]}}