{"id":43712,"date":"2023-07-27T13:54:42","date_gmt":"2023-07-27T16:54:42","guid":{"rendered":"https:\/\/jornalfatosenoticias.com.br\/?p=43712"},"modified":"2023-07-27T13:54:44","modified_gmt":"2023-07-27T16:54:44","slug":"cientistas-descobrem-galaxia-que-pode-mudar-o-que-sabemos-sobre-o-universo","status":"publish","type":"post","link":"https:\/\/jornalfatosenoticias.com.br\/index.php\/2023\/07\/27\/cientistas-descobrem-galaxia-que-pode-mudar-o-que-sabemos-sobre-o-universo\/","title":{"rendered":"Cientistas descobrem gal\u00e1xia que pode mudar o que sabemos sobre o Universo"},"content":{"rendered":"\n<p><em><span class=\"has-inline-color has-black-color\">Pesquisa descobriu gal\u00e1xia sem a presen\u00e7a de mat\u00e9ria escura, o que n\u00e3o se encaixa nos modelos cosmol\u00f3gicos atualmente aceitos<\/span><\/em><\/p>\n\n\n\n<p><em><span class=\"has-inline-color has-black-color\">Por <strong><a href=\"https:\/\/olhardigital.com.br\/2023\/07\/25\/ciencia-e-espaco\/cientistas-descobrem-galaxia-que-pode-mudar-o-que-sabemos-sobre-o-universo\/amp\/\"><a href=\"https:\/\/olhardigital.com.br\/author\/alessandro-lorenzo\/amp\/\"><a href=\"https:\/\/olhardigital.com.br\/author\/alessandro-lorenzo\/amp\/\">Alessandro Di Lorenzo<\/a><\/a><\/a><\/strong><\/span><\/em><\/p>\n\n\n\n<div class=\"wp-block-image\"><figure class=\"aligncenter size-large is-resized\"><img loading=\"lazy\" decoding=\"async\" src=\"https:\/\/jornalfatosenoticias.com.br\/wp-content\/uploads\/2020\/02\/logo-Rapuzel-1024x571.jpg\" alt=\"\" class=\"wp-image-42808\" width=\"341\" height=\"190\" srcset=\"https:\/\/jornalfatosenoticias.com.br\/wp-content\/uploads\/2020\/02\/logo-Rapuzel-1024x571.jpg 1024w, https:\/\/jornalfatosenoticias.com.br\/wp-content\/uploads\/2020\/02\/logo-Rapuzel-300x167.jpg 300w, https:\/\/jornalfatosenoticias.com.br\/wp-content\/uploads\/2020\/02\/logo-Rapuzel-768x428.jpg 768w, https:\/\/jornalfatosenoticias.com.br\/wp-content\/uploads\/2020\/02\/logo-Rapuzel-1536x856.jpg 1536w, https:\/\/jornalfatosenoticias.com.br\/wp-content\/uploads\/2020\/02\/logo-Rapuzel.jpg 1600w\" sizes=\"auto, (max-width: 341px) 100vw, 341px\" \/><\/figure><\/div>\n\n\n\n<p>Os cientistas ainda n\u00e3o sabem ao certo qual a origem da <a href=\"https:\/\/olhardigital.com.br\/tag\/materia-escura\/\" target=\"_blank\" rel=\"noreferrer noopener\">mat\u00e9ria escura<\/a>. Estima-se que ela represente 85% de tudo que h\u00e1 no\u00a0<a href=\"https:\/\/olhardigital.com.br\/tag\/universo\/\" target=\"_blank\" rel=\"noreferrer noopener\">Universo<\/a>. Mas pela primeira vez, uma\u00a0<a href=\"https:\/\/olhardigital.com.br\/tag\/galaxia\/\" target=\"_blank\" rel=\"noreferrer noopener\">gal\u00e1xia<\/a>\u00a0sem mat\u00e9ria escura foi detectada. E a descoberta foi publicada na revista\u00a0<a href=\"https:\/\/www.iac.es\/en\/outreach\/news\/puzzle-galaxy-no-dark-matter\" target=\"_blank\" rel=\"noreferrer noopener\">Astronomy and Astrophysics<\/a>.<br>Os resultados da pesquisa n\u00e3o se encaixam nos modelos cosmol\u00f3gicos atualmente aceitos, que incluem a mat\u00e9ria escura. Essa gal\u00e1xia rec\u00e9m-descoberta foi nomeada como NGC 1277 e apresenta v\u00e1rias vezes a massa da <a href=\"https:\/\/olhardigital.com.br\/tag\/via-lactea\/\" target=\"_blank\" rel=\"noreferrer noopener\">Via L\u00e1ctea<\/a>.\u00a0Os pesquisadores desenharam mapas cinem\u00e1ticos para calcular a distribui\u00e7\u00e3o de massa dentro dela at\u00e9 um raio de cerca de 20 mil anos-luz.<\/p>\n\n\n\n<div class=\"wp-block-image\"><figure class=\"aligncenter size-large is-resized\"><img loading=\"lazy\" decoding=\"async\" src=\"https:\/\/jornalfatosenoticias.com.br\/wp-content\/uploads\/2023\/03\/Crypton-1000-\u00d7-900-px-300x270-1.png\" alt=\"\" class=\"wp-image-40206\" width=\"290\" height=\"261\"\/><\/figure><\/div>\n\n\n\n<p>A conclus\u00e3o \u00e9 que a distribui\u00e7\u00e3o total de massa na NGC 1277 conta apenas a distribui\u00e7\u00e3o das estrelas. Isso sugere que dentro do raio observado n\u00e3o pode haver mais de 5% do componente-chave do universo. E tamb\u00e9m a hip\u00f3tese da completa aus\u00eancia de mat\u00e9ria escura nesse sistema. No entanto, a ci\u00eancia hoje prev\u00ea que uma gal\u00e1xia com a massa da NGC 1277 deve ter pelo menos 10% de sua massa na forma de mat\u00e9ria escura.<\/p>\n\n\n\n<div class=\"wp-block-image\"><figure class=\"aligncenter size-large is-resized\"><img loading=\"lazy\" decoding=\"async\" src=\"https:\/\/jornalfatosenoticias.com.br\/wp-content\/uploads\/2022\/02\/Precisao-Contabilidade-1024x724.jpg\" alt=\"\" class=\"wp-image-28088\" width=\"317\" height=\"224\"\/><\/figure><\/div>\n\n\n\n<p>Para Anna Ferr\u00e9-Mateu, pesquisadora que tamb\u00e9m participou da pesquisa, uma hip\u00f3tese que pode explicar o resultado at\u00edpico \u00e9 que essa mat\u00e9ria foi despojada pela intera\u00e7\u00e3o gravitacional. Outra explica\u00e7\u00e3o poss\u00edvel seria que a mat\u00e9ria escura foi expulsa do sistema quando a gal\u00e1xia se formou pela fus\u00e3o de fragmentos protogal\u00e1cticos, que deu origem ao sistema. Para acabar com qualquer tipo de d\u00favidas, os pesquisadores ainda planejam fazer novas observa\u00e7\u00f5es sobre o sistema.<\/p>\n\n\n\n<div class=\"wp-block-image\"><figure class=\"aligncenter size-large\"><img decoding=\"async\" src=\"https:\/\/jornalfatosenoticias.com.br\/wp-content\/uploads\/2020\/02\/barao-das-carnes-300x164-1.jpg\" alt=\"\" class=\"wp-image-34339\"\/><\/figure><\/div>\n\n\n\n<p>A NGC 1277 \u00e9 considerada uma \u201cgal\u00e1xia rel\u00edquia\u201d, ou seja, que n\u00e3o teve nenhum tipo de intera\u00e7\u00e3o com seus vizinhos. Sistemas assim s\u00e3o considerados remanescentes de gal\u00e1xias gigantes que se formaram nos prim\u00f3rdios do cosmos. <\/p>\n\n\n\n<blockquote class=\"wp-block-quote is-layout-flow wp-block-quote-is-layout-flow\"><p><span class=\"has-inline-color has-luminous-vivid-orange-color\">A import\u00e2ncia das gal\u00e1xias rel\u00edquias para nos ajudar a entender como as primeiras gal\u00e1xias se formaram foi a raz\u00e3o pela qual decidimos observar NGC 1277 com um espectr\u00f3grafo de campo integral\u201d, explica o pesquisador l\u00edder do estudo, Sebasti\u00e9n Comer\u00f3n.<\/span><\/p><\/blockquote>\n\n\n\n<div class=\"wp-block-image\"><figure class=\"aligncenter size-large is-resized\"><img loading=\"lazy\" decoding=\"async\" src=\"https:\/\/jornalfatosenoticias.com.br\/wp-content\/uploads\/2023\/07\/torneio_volei.jpg\" alt=\"\" class=\"wp-image-43455\" width=\"365\" height=\"364\" srcset=\"https:\/\/jornalfatosenoticias.com.br\/wp-content\/uploads\/2023\/07\/torneio_volei.jpg 1000w, https:\/\/jornalfatosenoticias.com.br\/wp-content\/uploads\/2023\/07\/torneio_volei-300x300.jpg 300w, https:\/\/jornalfatosenoticias.com.br\/wp-content\/uploads\/2023\/07\/torneio_volei-150x150.jpg 150w, https:\/\/jornalfatosenoticias.com.br\/wp-content\/uploads\/2023\/07\/torneio_volei-768x767.jpg 768w\" sizes=\"auto, (max-width: 365px) 100vw, 365px\" \/><\/figure><\/div>\n\n\n\n<p><strong><em>Fonte: <a href=\"https:\/\/olhardigital.com.br\/2023\/07\/25\/ciencia-e-espaco\/cientistas-descobrem-galaxia-que-pode-mudar-o-que-sabemos-sobre-o-universo\/amp\/\">Olhar Digital<\/a><\/em><\/strong><\/p>\n","protected":false},"excerpt":{"rendered":"<p>Pesquisa descobriu gal\u00e1xia sem a presen\u00e7a de mat\u00e9ria escura, o que n\u00e3o se encaixa nos modelos cosmol\u00f3gicos atualmente aceitos Por Alessandro Di Lorenzo Os cientistas ainda n\u00e3o sabem ao certo qual a origem da mat\u00e9ria escura. Estima-se que ela represente 85% de tudo que h\u00e1 no\u00a0Universo. Mas pela primeira vez, uma\u00a0gal\u00e1xia\u00a0sem mat\u00e9ria escura foi detectada. [&hellip;]<\/p>\n","protected":false},"author":2,"featured_media":43713,"comment_status":"open","ping_status":"open","sticky":false,"template":"","format":"standard","meta":{"footnotes":""},"categories":[2],"tags":[20593,714,1135,7035,1384,470],"class_list":["post-43712","post","type-post","status-publish","format-standard","has-post-thumbnail","hentry","category-ciencia","tag-cosmologia","tag-estudo","tag-galaxia","tag-materia-escura","tag-universo","tag-via-lactea"],"yoast_head":"<!-- This site is optimized with the Yoast SEO plugin v26.5 - https:\/\/yoast.com\/wordpress\/plugins\/seo\/ -->\n<title>Cientistas descobrem gal\u00e1xia que pode mudar o que sabemos sobre o Universo - Jornal Fatos e Not\u00edcias<\/title>\n<meta name=\"robots\" content=\"index, follow, max-snippet:-1, max-image-preview:large, max-video-preview:-1\" \/>\n<link rel=\"canonical\" href=\"https:\/\/jornalfatosenoticias.com.br\/index.php\/2023\/07\/27\/cientistas-descobrem-galaxia-que-pode-mudar-o-que-sabemos-sobre-o-universo\/\" \/>\n<meta property=\"og:locale\" content=\"pt_BR\" \/>\n<meta property=\"og:type\" content=\"article\" \/>\n<meta property=\"og:title\" content=\"Cientistas descobrem gal\u00e1xia que pode mudar o que sabemos sobre o Universo - Jornal Fatos e Not\u00edcias\" \/>\n<meta property=\"og:description\" content=\"Pesquisa descobriu gal\u00e1xia sem a presen\u00e7a de mat\u00e9ria escura, o que n\u00e3o se encaixa nos modelos cosmol\u00f3gicos atualmente aceitos Por Alessandro Di Lorenzo Os cientistas ainda n\u00e3o sabem ao certo qual a origem da mat\u00e9ria escura. Estima-se que ela represente 85% de tudo que h\u00e1 no\u00a0Universo. Mas pela primeira vez, uma\u00a0gal\u00e1xia\u00a0sem mat\u00e9ria escura foi detectada. [&hellip;]\" \/>\n<meta property=\"og:url\" content=\"https:\/\/jornalfatosenoticias.com.br\/index.php\/2023\/07\/27\/cientistas-descobrem-galaxia-que-pode-mudar-o-que-sabemos-sobre-o-universo\/\" \/>\n<meta property=\"og:site_name\" content=\"Jornal Fatos e Not\u00edcias\" \/>\n<meta property=\"article:published_time\" content=\"2023-07-27T16:54:42+00:00\" \/>\n<meta property=\"article:modified_time\" content=\"2023-07-27T16:54:44+00:00\" \/>\n<meta property=\"og:image\" content=\"https:\/\/jornalfatosenoticias.com.br\/wp-content\/uploads\/2023\/07\/galaxia_istockphoto.jpg\" \/>\n\t<meta property=\"og:image:width\" content=\"912\" \/>\n\t<meta property=\"og:image:height\" content=\"512\" \/>\n\t<meta property=\"og:image:type\" content=\"image\/jpeg\" \/>\n<meta name=\"author\" content=\"Luzimara Fernandes\" \/>\n<meta name=\"twitter:card\" content=\"summary_large_image\" \/>\n<meta name=\"twitter:label1\" content=\"Escrito por\" \/>\n\t<meta name=\"twitter:data1\" content=\"Luzimara Fernandes\" \/>\n\t<meta name=\"twitter:label2\" content=\"Est. tempo de leitura\" \/>\n\t<meta name=\"twitter:data2\" content=\"2 minutos\" \/>\n<script type=\"application\/ld+json\" class=\"yoast-schema-graph\">{\"@context\":\"https:\/\/schema.org\",\"@graph\":[{\"@type\":\"Article\",\"@id\":\"https:\/\/jornalfatosenoticias.com.br\/index.php\/2023\/07\/27\/cientistas-descobrem-galaxia-que-pode-mudar-o-que-sabemos-sobre-o-universo\/#article\",\"isPartOf\":{\"@id\":\"https:\/\/jornalfatosenoticias.com.br\/index.php\/2023\/07\/27\/cientistas-descobrem-galaxia-que-pode-mudar-o-que-sabemos-sobre-o-universo\/\"},\"author\":{\"name\":\"Luzimara Fernandes\",\"@id\":\"https:\/\/jornalfatosenoticias.com.br\/#\/schema\/person\/d63837fa13ac8666eb9e74e0985d6f81\"},\"headline\":\"Cientistas descobrem gal\u00e1xia que pode mudar o que sabemos sobre o Universo\",\"datePublished\":\"2023-07-27T16:54:42+00:00\",\"dateModified\":\"2023-07-27T16:54:44+00:00\",\"mainEntityOfPage\":{\"@id\":\"https:\/\/jornalfatosenoticias.com.br\/index.php\/2023\/07\/27\/cientistas-descobrem-galaxia-que-pode-mudar-o-que-sabemos-sobre-o-universo\/\"},\"wordCount\":406,\"commentCount\":0,\"publisher\":{\"@id\":\"https:\/\/jornalfatosenoticias.com.br\/#organization\"},\"image\":{\"@id\":\"https:\/\/jornalfatosenoticias.com.br\/index.php\/2023\/07\/27\/cientistas-descobrem-galaxia-que-pode-mudar-o-que-sabemos-sobre-o-universo\/#primaryimage\"},\"thumbnailUrl\":\"https:\/\/jornalfatosenoticias.com.br\/wp-content\/uploads\/2023\/07\/galaxia_istockphoto.jpg\",\"keywords\":[\"cosmologia\",\"Estudo\",\"gal\u00e1xia\",\"mat\u00e9ria escura\",\"Universo\",\"Via L\u00e1ctea\"],\"articleSection\":[\"Ci\u00eancia\"],\"inLanguage\":\"pt-BR\",\"potentialAction\":[{\"@type\":\"CommentAction\",\"name\":\"Comment\",\"target\":[\"https:\/\/jornalfatosenoticias.com.br\/index.php\/2023\/07\/27\/cientistas-descobrem-galaxia-que-pode-mudar-o-que-sabemos-sobre-o-universo\/#respond\"]}]},{\"@type\":\"WebPage\",\"@id\":\"https:\/\/jornalfatosenoticias.com.br\/index.php\/2023\/07\/27\/cientistas-descobrem-galaxia-que-pode-mudar-o-que-sabemos-sobre-o-universo\/\",\"url\":\"https:\/\/jornalfatosenoticias.com.br\/index.php\/2023\/07\/27\/cientistas-descobrem-galaxia-que-pode-mudar-o-que-sabemos-sobre-o-universo\/\",\"name\":\"Cientistas descobrem gal\u00e1xia que pode mudar o que sabemos sobre o Universo - Jornal Fatos e Not\u00edcias\",\"isPartOf\":{\"@id\":\"https:\/\/jornalfatosenoticias.com.br\/#website\"},\"primaryImageOfPage\":{\"@id\":\"https:\/\/jornalfatosenoticias.com.br\/index.php\/2023\/07\/27\/cientistas-descobrem-galaxia-que-pode-mudar-o-que-sabemos-sobre-o-universo\/#primaryimage\"},\"image\":{\"@id\":\"https:\/\/jornalfatosenoticias.com.br\/index.php\/2023\/07\/27\/cientistas-descobrem-galaxia-que-pode-mudar-o-que-sabemos-sobre-o-universo\/#primaryimage\"},\"thumbnailUrl\":\"https:\/\/jornalfatosenoticias.com.br\/wp-content\/uploads\/2023\/07\/galaxia_istockphoto.jpg\",\"datePublished\":\"2023-07-27T16:54:42+00:00\",\"dateModified\":\"2023-07-27T16:54:44+00:00\",\"breadcrumb\":{\"@id\":\"https:\/\/jornalfatosenoticias.com.br\/index.php\/2023\/07\/27\/cientistas-descobrem-galaxia-que-pode-mudar-o-que-sabemos-sobre-o-universo\/#breadcrumb\"},\"inLanguage\":\"pt-BR\",\"potentialAction\":[{\"@type\":\"ReadAction\",\"target\":[\"https:\/\/jornalfatosenoticias.com.br\/index.php\/2023\/07\/27\/cientistas-descobrem-galaxia-que-pode-mudar-o-que-sabemos-sobre-o-universo\/\"]}]},{\"@type\":\"ImageObject\",\"inLanguage\":\"pt-BR\",\"@id\":\"https:\/\/jornalfatosenoticias.com.br\/index.php\/2023\/07\/27\/cientistas-descobrem-galaxia-que-pode-mudar-o-que-sabemos-sobre-o-universo\/#primaryimage\",\"url\":\"https:\/\/jornalfatosenoticias.com.br\/wp-content\/uploads\/2023\/07\/galaxia_istockphoto.jpg\",\"contentUrl\":\"https:\/\/jornalfatosenoticias.com.br\/wp-content\/uploads\/2023\/07\/galaxia_istockphoto.jpg\",\"width\":912,\"height\":512,\"caption\":\"Digital Eye Wave Lines Stock Background\"},{\"@type\":\"BreadcrumbList\",\"@id\":\"https:\/\/jornalfatosenoticias.com.br\/index.php\/2023\/07\/27\/cientistas-descobrem-galaxia-que-pode-mudar-o-que-sabemos-sobre-o-universo\/#breadcrumb\",\"itemListElement\":[{\"@type\":\"ListItem\",\"position\":1,\"name\":\"In\u00edcio\",\"item\":\"https:\/\/jornalfatosenoticias.com.br\/\"},{\"@type\":\"ListItem\",\"position\":2,\"name\":\"Cientistas descobrem gal\u00e1xia que pode mudar o que sabemos sobre o Universo\"}]},{\"@type\":\"WebSite\",\"@id\":\"https:\/\/jornalfatosenoticias.com.br\/#website\",\"url\":\"https:\/\/jornalfatosenoticias.com.br\/\",\"name\":\"Jornal Fatos e Not\u00edcias\",\"description\":\"Not\u00edcias em geral\",\"publisher\":{\"@id\":\"https:\/\/jornalfatosenoticias.com.br\/#organization\"},\"potentialAction\":[{\"@type\":\"SearchAction\",\"target\":{\"@type\":\"EntryPoint\",\"urlTemplate\":\"https:\/\/jornalfatosenoticias.com.br\/?s={search_term_string}\"},\"query-input\":{\"@type\":\"PropertyValueSpecification\",\"valueRequired\":true,\"valueName\":\"search_term_string\"}}],\"inLanguage\":\"pt-BR\"},{\"@type\":\"Organization\",\"@id\":\"https:\/\/jornalfatosenoticias.com.br\/#organization\",\"name\":\"Jornal Fatos e Not\u00edcias\",\"url\":\"https:\/\/jornalfatosenoticias.com.br\/\",\"logo\":{\"@type\":\"ImageObject\",\"inLanguage\":\"pt-BR\",\"@id\":\"https:\/\/jornalfatosenoticias.com.br\/#\/schema\/logo\/image\/\",\"url\":\"https:\/\/jornalfatosenoticias.com.br\/wp-content\/uploads\/2020\/02\/logo120.png\",\"contentUrl\":\"https:\/\/jornalfatosenoticias.com.br\/wp-content\/uploads\/2020\/02\/logo120.png\",\"width\":1227,\"height\":120,\"caption\":\"Jornal Fatos e Not\u00edcias\"},\"image\":{\"@id\":\"https:\/\/jornalfatosenoticias.com.br\/#\/schema\/logo\/image\/\"}},{\"@type\":\"Person\",\"@id\":\"https:\/\/jornalfatosenoticias.com.br\/#\/schema\/person\/d63837fa13ac8666eb9e74e0985d6f81\",\"name\":\"Luzimara Fernandes\",\"image\":{\"@type\":\"ImageObject\",\"inLanguage\":\"pt-BR\",\"@id\":\"https:\/\/jornalfatosenoticias.com.br\/#\/schema\/person\/image\/\",\"url\":\"https:\/\/jornalfatosenoticias.com.br\/wp-content\/uploads\/2025\/05\/EU_portal.jpg\",\"contentUrl\":\"https:\/\/jornalfatosenoticias.com.br\/wp-content\/uploads\/2025\/05\/EU_portal.jpg\",\"caption\":\"Luzimara Fernandes\"},\"description\":\"Jornalista MTB 2358-ES\",\"sameAs\":[\"https:\/\/jornalfatosenoticias.com.br\"],\"url\":\"https:\/\/jornalfatosenoticias.com.br\/index.php\/author\/luzimara\/\"}]}<\/script>\n<!-- \/ Yoast SEO plugin. -->","yoast_head_json":{"title":"Cientistas descobrem gal\u00e1xia que pode mudar o que sabemos sobre o Universo - Jornal Fatos e Not\u00edcias","robots":{"index":"index","follow":"follow","max-snippet":"max-snippet:-1","max-image-preview":"max-image-preview:large","max-video-preview":"max-video-preview:-1"},"canonical":"https:\/\/jornalfatosenoticias.com.br\/index.php\/2023\/07\/27\/cientistas-descobrem-galaxia-que-pode-mudar-o-que-sabemos-sobre-o-universo\/","og_locale":"pt_BR","og_type":"article","og_title":"Cientistas descobrem gal\u00e1xia que pode mudar o que sabemos sobre o Universo - Jornal Fatos e Not\u00edcias","og_description":"Pesquisa descobriu gal\u00e1xia sem a presen\u00e7a de mat\u00e9ria escura, o que n\u00e3o se encaixa nos modelos cosmol\u00f3gicos atualmente aceitos Por Alessandro Di Lorenzo Os cientistas ainda n\u00e3o sabem ao certo qual a origem da mat\u00e9ria escura. Estima-se que ela represente 85% de tudo que h\u00e1 no\u00a0Universo. Mas pela primeira vez, uma\u00a0gal\u00e1xia\u00a0sem mat\u00e9ria escura foi detectada. [&hellip;]","og_url":"https:\/\/jornalfatosenoticias.com.br\/index.php\/2023\/07\/27\/cientistas-descobrem-galaxia-que-pode-mudar-o-que-sabemos-sobre-o-universo\/","og_site_name":"Jornal Fatos e Not\u00edcias","article_published_time":"2023-07-27T16:54:42+00:00","article_modified_time":"2023-07-27T16:54:44+00:00","og_image":[{"width":912,"height":512,"url":"https:\/\/jornalfatosenoticias.com.br\/wp-content\/uploads\/2023\/07\/galaxia_istockphoto.jpg","type":"image\/jpeg"}],"author":"Luzimara Fernandes","twitter_card":"summary_large_image","twitter_misc":{"Escrito por":"Luzimara Fernandes","Est. tempo de leitura":"2 minutos"},"schema":{"@context":"https:\/\/schema.org","@graph":[{"@type":"Article","@id":"https:\/\/jornalfatosenoticias.com.br\/index.php\/2023\/07\/27\/cientistas-descobrem-galaxia-que-pode-mudar-o-que-sabemos-sobre-o-universo\/#article","isPartOf":{"@id":"https:\/\/jornalfatosenoticias.com.br\/index.php\/2023\/07\/27\/cientistas-descobrem-galaxia-que-pode-mudar-o-que-sabemos-sobre-o-universo\/"},"author":{"name":"Luzimara Fernandes","@id":"https:\/\/jornalfatosenoticias.com.br\/#\/schema\/person\/d63837fa13ac8666eb9e74e0985d6f81"},"headline":"Cientistas descobrem gal\u00e1xia que pode mudar o que sabemos sobre o Universo","datePublished":"2023-07-27T16:54:42+00:00","dateModified":"2023-07-27T16:54:44+00:00","mainEntityOfPage":{"@id":"https:\/\/jornalfatosenoticias.com.br\/index.php\/2023\/07\/27\/cientistas-descobrem-galaxia-que-pode-mudar-o-que-sabemos-sobre-o-universo\/"},"wordCount":406,"commentCount":0,"publisher":{"@id":"https:\/\/jornalfatosenoticias.com.br\/#organization"},"image":{"@id":"https:\/\/jornalfatosenoticias.com.br\/index.php\/2023\/07\/27\/cientistas-descobrem-galaxia-que-pode-mudar-o-que-sabemos-sobre-o-universo\/#primaryimage"},"thumbnailUrl":"https:\/\/jornalfatosenoticias.com.br\/wp-content\/uploads\/2023\/07\/galaxia_istockphoto.jpg","keywords":["cosmologia","Estudo","gal\u00e1xia","mat\u00e9ria escura","Universo","Via L\u00e1ctea"],"articleSection":["Ci\u00eancia"],"inLanguage":"pt-BR","potentialAction":[{"@type":"CommentAction","name":"Comment","target":["https:\/\/jornalfatosenoticias.com.br\/index.php\/2023\/07\/27\/cientistas-descobrem-galaxia-que-pode-mudar-o-que-sabemos-sobre-o-universo\/#respond"]}]},{"@type":"WebPage","@id":"https:\/\/jornalfatosenoticias.com.br\/index.php\/2023\/07\/27\/cientistas-descobrem-galaxia-que-pode-mudar-o-que-sabemos-sobre-o-universo\/","url":"https:\/\/jornalfatosenoticias.com.br\/index.php\/2023\/07\/27\/cientistas-descobrem-galaxia-que-pode-mudar-o-que-sabemos-sobre-o-universo\/","name":"Cientistas descobrem gal\u00e1xia que pode mudar o que sabemos sobre o Universo - Jornal Fatos e Not\u00edcias","isPartOf":{"@id":"https:\/\/jornalfatosenoticias.com.br\/#website"},"primaryImageOfPage":{"@id":"https:\/\/jornalfatosenoticias.com.br\/index.php\/2023\/07\/27\/cientistas-descobrem-galaxia-que-pode-mudar-o-que-sabemos-sobre-o-universo\/#primaryimage"},"image":{"@id":"https:\/\/jornalfatosenoticias.com.br\/index.php\/2023\/07\/27\/cientistas-descobrem-galaxia-que-pode-mudar-o-que-sabemos-sobre-o-universo\/#primaryimage"},"thumbnailUrl":"https:\/\/jornalfatosenoticias.com.br\/wp-content\/uploads\/2023\/07\/galaxia_istockphoto.jpg","datePublished":"2023-07-27T16:54:42+00:00","dateModified":"2023-07-27T16:54:44+00:00","breadcrumb":{"@id":"https:\/\/jornalfatosenoticias.com.br\/index.php\/2023\/07\/27\/cientistas-descobrem-galaxia-que-pode-mudar-o-que-sabemos-sobre-o-universo\/#breadcrumb"},"inLanguage":"pt-BR","potentialAction":[{"@type":"ReadAction","target":["https:\/\/jornalfatosenoticias.com.br\/index.php\/2023\/07\/27\/cientistas-descobrem-galaxia-que-pode-mudar-o-que-sabemos-sobre-o-universo\/"]}]},{"@type":"ImageObject","inLanguage":"pt-BR","@id":"https:\/\/jornalfatosenoticias.com.br\/index.php\/2023\/07\/27\/cientistas-descobrem-galaxia-que-pode-mudar-o-que-sabemos-sobre-o-universo\/#primaryimage","url":"https:\/\/jornalfatosenoticias.com.br\/wp-content\/uploads\/2023\/07\/galaxia_istockphoto.jpg","contentUrl":"https:\/\/jornalfatosenoticias.com.br\/wp-content\/uploads\/2023\/07\/galaxia_istockphoto.jpg","width":912,"height":512,"caption":"Digital Eye Wave Lines Stock Background"},{"@type":"BreadcrumbList","@id":"https:\/\/jornalfatosenoticias.com.br\/index.php\/2023\/07\/27\/cientistas-descobrem-galaxia-que-pode-mudar-o-que-sabemos-sobre-o-universo\/#breadcrumb","itemListElement":[{"@type":"ListItem","position":1,"name":"In\u00edcio","item":"https:\/\/jornalfatosenoticias.com.br\/"},{"@type":"ListItem","position":2,"name":"Cientistas descobrem gal\u00e1xia que pode mudar o que sabemos sobre o Universo"}]},{"@type":"WebSite","@id":"https:\/\/jornalfatosenoticias.com.br\/#website","url":"https:\/\/jornalfatosenoticias.com.br\/","name":"Jornal Fatos e Not\u00edcias","description":"Not\u00edcias em geral","publisher":{"@id":"https:\/\/jornalfatosenoticias.com.br\/#organization"},"potentialAction":[{"@type":"SearchAction","target":{"@type":"EntryPoint","urlTemplate":"https:\/\/jornalfatosenoticias.com.br\/?s={search_term_string}"},"query-input":{"@type":"PropertyValueSpecification","valueRequired":true,"valueName":"search_term_string"}}],"inLanguage":"pt-BR"},{"@type":"Organization","@id":"https:\/\/jornalfatosenoticias.com.br\/#organization","name":"Jornal Fatos e Not\u00edcias","url":"https:\/\/jornalfatosenoticias.com.br\/","logo":{"@type":"ImageObject","inLanguage":"pt-BR","@id":"https:\/\/jornalfatosenoticias.com.br\/#\/schema\/logo\/image\/","url":"https:\/\/jornalfatosenoticias.com.br\/wp-content\/uploads\/2020\/02\/logo120.png","contentUrl":"https:\/\/jornalfatosenoticias.com.br\/wp-content\/uploads\/2020\/02\/logo120.png","width":1227,"height":120,"caption":"Jornal Fatos e Not\u00edcias"},"image":{"@id":"https:\/\/jornalfatosenoticias.com.br\/#\/schema\/logo\/image\/"}},{"@type":"Person","@id":"https:\/\/jornalfatosenoticias.com.br\/#\/schema\/person\/d63837fa13ac8666eb9e74e0985d6f81","name":"Luzimara Fernandes","image":{"@type":"ImageObject","inLanguage":"pt-BR","@id":"https:\/\/jornalfatosenoticias.com.br\/#\/schema\/person\/image\/","url":"https:\/\/jornalfatosenoticias.com.br\/wp-content\/uploads\/2025\/05\/EU_portal.jpg","contentUrl":"https:\/\/jornalfatosenoticias.com.br\/wp-content\/uploads\/2025\/05\/EU_portal.jpg","caption":"Luzimara Fernandes"},"description":"Jornalista MTB 2358-ES","sameAs":["https:\/\/jornalfatosenoticias.com.br"],"url":"https:\/\/jornalfatosenoticias.com.br\/index.php\/author\/luzimara\/"}]}},"cc_featured_image_caption":{"caption_text":"(Foto: iStock) ","source_text":"","source_url":""},"jetpack_featured_media_url":"https:\/\/jornalfatosenoticias.com.br\/wp-content\/uploads\/2023\/07\/galaxia_istockphoto.jpg","_links":{"self":[{"href":"https:\/\/jornalfatosenoticias.com.br\/index.php\/wp-json\/wp\/v2\/posts\/43712","targetHints":{"allow":["GET"]}}],"collection":[{"href":"https:\/\/jornalfatosenoticias.com.br\/index.php\/wp-json\/wp\/v2\/posts"}],"about":[{"href":"https:\/\/jornalfatosenoticias.com.br\/index.php\/wp-json\/wp\/v2\/types\/post"}],"author":[{"embeddable":true,"href":"https:\/\/jornalfatosenoticias.com.br\/index.php\/wp-json\/wp\/v2\/users\/2"}],"replies":[{"embeddable":true,"href":"https:\/\/jornalfatosenoticias.com.br\/index.php\/wp-json\/wp\/v2\/comments?post=43712"}],"version-history":[{"count":0,"href":"https:\/\/jornalfatosenoticias.com.br\/index.php\/wp-json\/wp\/v2\/posts\/43712\/revisions"}],"wp:featuredmedia":[{"embeddable":true,"href":"https:\/\/jornalfatosenoticias.com.br\/index.php\/wp-json\/wp\/v2\/media\/43713"}],"wp:attachment":[{"href":"https:\/\/jornalfatosenoticias.com.br\/index.php\/wp-json\/wp\/v2\/media?parent=43712"}],"wp:term":[{"taxonomy":"category","embeddable":true,"href":"https:\/\/jornalfatosenoticias.com.br\/index.php\/wp-json\/wp\/v2\/categories?post=43712"},{"taxonomy":"post_tag","embeddable":true,"href":"https:\/\/jornalfatosenoticias.com.br\/index.php\/wp-json\/wp\/v2\/tags?post=43712"}],"curies":[{"name":"wp","href":"https:\/\/api.w.org\/{rel}","templated":true}]}}