{"id":43736,"date":"2023-07-27T15:04:04","date_gmt":"2023-07-27T18:04:04","guid":{"rendered":"https:\/\/jornalfatosenoticias.com.br\/?p=43736"},"modified":"2023-07-27T15:04:05","modified_gmt":"2023-07-27T18:04:05","slug":"pesquisadores-rastreiam-riscos-que-ameacam-botos-cor-de-rosa-na-amazonia","status":"publish","type":"post","link":"https:\/\/jornalfatosenoticias.com.br\/index.php\/2023\/07\/27\/pesquisadores-rastreiam-riscos-que-ameacam-botos-cor-de-rosa-na-amazonia\/","title":{"rendered":"Pesquisadores rastreiam riscos que amea\u00e7am botos cor-de-rosa na Amaz\u00f4nia"},"content":{"rendered":"\n<p><em><span class=\"has-inline-color has-black-color\">Com um sat\u00e9lite, estudo conseguiu rastrear sete machos e uma f\u00eamea da esp\u00e9cie aqu\u00e1tica em \u00e1guas fluviais<\/span><\/em><\/p>\n\n\n\n<div class=\"wp-block-image\"><figure class=\"aligncenter size-large\"><img loading=\"lazy\" decoding=\"async\" width=\"729\" height=\"90\" src=\"https:\/\/jornalfatosenoticias.com.br\/wp-content\/uploads\/2020\/02\/Logo_Mizu.png\" alt=\"\" class=\"wp-image-1441\" srcset=\"https:\/\/jornalfatosenoticias.com.br\/wp-content\/uploads\/2020\/02\/Logo_Mizu.png 729w, https:\/\/jornalfatosenoticias.com.br\/wp-content\/uploads\/2020\/02\/Logo_Mizu-300x37.png 300w\" sizes=\"auto, (max-width: 729px) 100vw, 729px\" \/><\/figure><\/div>\n\n\n\n<p>Pesquisadores da Universidade de Exeter, na Inglaterra, e da organiza\u00e7\u00e3o de conserva\u00e7\u00e3o Pro Delphinus, do Peru, realizaram um estudo observacional de golfinhos da esp\u00e9cie Inia geoffrensis \u2014 mais conhecidos como <a class=\"\" href=\"https:\/\/revistagalileu.globo.com\/Um-So-Planeta\/noticia\/2022\/10\/populacoes-de-animais-cairam-69-no-mundo-desde-1970-estima-relatorio.html\"><strong>botos-cor-de-rosa<\/strong><\/a>\u00a0\u2014 na Amaz\u00f4nia peruana. Com um\u00a0<strong><a class=\"\" href=\"https:\/\/revistagalileu.globo.com\/ciencia\/espaco\/noticia\/2023\/06\/satelite-da-nasa-registra-espirais-ineditas-no-mar-de-okhotsk-na-siberia.ghtml\">sat\u00e9lite pop-up<\/a>,<\/strong> os cientistas rastrearam oito indiv\u00edduos dessa esp\u00e9cie, e conclu\u00edram que os animais est\u00e3o amea\u00e7ados por barragens, dragagem e pesca na regi\u00e3o.<br>Os botos-cor-de-rosa s\u00e3o mam\u00edferos aqu\u00e1ticos que habitam as \u00e1guas dos rios amaz\u00f4nicos do Brasil, da Bol\u00edvia, da Venezuela, da Col\u00f4mbia, do Equador e do Peru. A esp\u00e9cie est\u00e1 classificada como amea\u00e7ada de extin\u00e7\u00e3o na Lista Vermelha da Uni\u00e3o Internacional para a Conserva\u00e7\u00e3o da Natureza (IUCN). Publicada no <strong><a class=\"\" href=\"https:\/\/www.cambridge.org\/core\/journals\/oryx\/article\/satellitemonitored-movements-of-the-amazon-river-dolphin-and-considerations-for-their-conservation\/44B191BC23A8D9153028EA6427B3F6EF\" target=\"_blank\" rel=\"noreferrer noopener\">peri\u00f3dico Oryx<\/a><\/strong>, a pesquisa aponta que, em m\u00e9dia, 89% da \u00e1rea em que os botos vivem \u00e9 usada para pesca. Al\u00e9m disso, os mam\u00edferos foram encontrados relativamente pr\u00f3ximos \u00e0 \u00e1rea estudada: eles estavam a cerca de 252 km de uma barragem e a 125 km de um local de <strong><a class=\"\" href=\"https:\/\/revistagalileu.globo.com\/Ciencia\/Meio-Ambiente\/noticia\/2021\/10\/os-desafios-e-oportunidades-do-brasil-na-decada-da-ciencia-oceanica.html\">dragagem<\/a>.<\/strong><\/p>\n\n\n\n<div class=\"wp-block-image\"><figure class=\"aligncenter size-large is-resized\"><img loading=\"lazy\" decoding=\"async\" src=\"https:\/\/jornalfatosenoticias.com.br\/wp-content\/uploads\/2023\/03\/nova-logo-Marquetti.jpg\" alt=\"\" class=\"wp-image-40207\" width=\"286\" height=\"192\" srcset=\"https:\/\/jornalfatosenoticias.com.br\/wp-content\/uploads\/2023\/03\/nova-logo-Marquetti.jpg 643w, https:\/\/jornalfatosenoticias.com.br\/wp-content\/uploads\/2023\/03\/nova-logo-Marquetti-300x202.jpg 300w\" sizes=\"auto, (max-width: 286px) 100vw, 286px\" \/><\/figure><\/div>\n\n\n\n<p>Por mais que essas sejam dist\u00e2ncias significativas, as \u00e1reas em que os golfinhos vivem abrangem mais de 50 km em m\u00e9dia, e barragens e dragagens podem afetar grandes extens\u00f5es de <strong><a class=\"\" href=\"https:\/\/revistagalileu.globo.com\/Um-So-Planeta\/noticia\/2022\/09\/estudo-mostra-efeitos-sem-precedentes-da-atividade-humana-em-rios.html\">habitats fluviais<\/a>.<\/strong> O estudo tamb\u00e9m alerta que muitos botos da Amaz\u00f4nia vivem ainda mais perto desses locais com atividade humana do que os sete machos e\u00a0<strong><a class=\"\" href=\"https:\/\/revistagalileu.globo.com\/ciencia\/biologia\/noticia\/2023\/06\/em-caso-inedito-crocodilo-femea-virgem-bota-ovos-nao-fecundados.ghtml\">a f\u00eamea<\/a><\/strong> acompanhados pelos pesquisadores.<\/p>\n\n\n\n<div class=\"wp-block-image\"><figure class=\"aligncenter size-large\"><img loading=\"lazy\" decoding=\"async\" width=\"300\" height=\"250\" src=\"https:\/\/jornalfatosenoticias.com.br\/wp-content\/uploads\/2022\/08\/arte-Casarao.jpg\" alt=\"\" class=\"wp-image-33178\"\/><\/figure><\/div>\n\n\n\n<blockquote class=\"wp-block-quote is-layout-flow wp-block-quote-is-layout-flow\"><p><span class=\"has-inline-color has-luminous-vivid-orange-color\">Est\u00e1 claro que o boto do rio Amazonas est\u00e1 enfrentando amea\u00e7as crescentes de humanos\u201d, disse a Dra. Elizabeth Campbell, do Centro de Ecologia e Conserva\u00e7\u00e3o do Campus Penryn de Exeter <strong><a class=\"\" href=\"https:\/\/www.eurekalert.org\/news-releases\/994290\" target=\"_blank\" rel=\"noreferrer noopener\">nota<\/a>.<\/strong> \u201cA pesca pode acabar com as popula\u00e7\u00f5es de\u00a0<strong><a class=\"\" href=\"https:\/\/revistagalileu.globo.com\/ciencia\/noticia\/2023\/06\/golfinho-assassino-de-25-milhoes-de-anos-atras-e-descoberto-em-estudo.ghtml\">presas dos golfinhos<\/a>,<\/strong> e os golfinhos tamb\u00e9m correm o risco de morte intencional e captura acidental\u201d.<\/span><\/p><\/blockquote>\n\n\n\n<div class=\"wp-block-image\"><figure class=\"aligncenter size-large is-resized\"><img loading=\"lazy\" decoding=\"async\" src=\"https:\/\/jornalfatosenoticias.com.br\/wp-content\/uploads\/2023\/03\/logo-Panper_portal.jpg\" alt=\"\" class=\"wp-image-40208\" width=\"278\" height=\"193\" srcset=\"https:\/\/jornalfatosenoticias.com.br\/wp-content\/uploads\/2023\/03\/logo-Panper_portal.jpg 400w, https:\/\/jornalfatosenoticias.com.br\/wp-content\/uploads\/2023\/03\/logo-Panper_portal-300x208.jpg 300w\" sizes=\"auto, (max-width: 278px) 100vw, 278px\" \/><\/figure><\/div>\n\n\n\n<p>De acordo com Campbell, a captura acidental tem sido uma amea\u00e7a para esses mam\u00edferos nos \u00faltimos 30 anos, mas n\u00e3o h\u00e1 dados reais sobre quantos s\u00e3o capturados por ano. A constru\u00e7\u00e3o de <strong><a class=\"\" href=\"https:\/\/revistagalileu.globo.com\/ciencia\/biologia\/noticia\/2023\/07\/hidreletricas-ameacam-um-terco-da-populacao-de-cagado-rajado-no-sul.ghtml\">barragens<\/a>,<\/strong> principalmente no Brasil, \u00e9 uma amea\u00e7a \u00e0 expans\u00e3o. Atualmente, existem 175 delas em opera\u00e7\u00e3o ou em constru\u00e7\u00e3o na Bacia Amaz\u00f4nica, e mais de 428 est\u00e3o planejadas para os pr\u00f3ximos 30 anos. Al\u00e9m disso, o projeto para a\u00a0<a class=\"\" href=\"https:\/\/revistagalileu.globo.com\/sociedade\/noticia\/2023\/05\/plano-de-explorar-petroleo-na-foz-do-amazonas-preocupa-guiana-francesa.ghtml\"><strong>Hidrovia Amaz\u00f4nica<\/strong><\/a> foi aprovado.<\/p>\n\n\n\n<div class=\"wp-block-image\"><figure class=\"aligncenter size-large is-resized\"><img loading=\"lazy\" decoding=\"async\" src=\"https:\/\/jornalfatosenoticias.com.br\/wp-content\/uploads\/2020\/02\/logo-embacia.jpg\" alt=\"\" class=\"wp-image-33905\" width=\"270\" height=\"270\"\/><\/figure><\/div>\n\n\n\n<div class=\"wp-block-image\"><figure class=\"aligncenter size-large\"><img loading=\"lazy\" decoding=\"async\" width=\"912\" height=\"608\" src=\"https:\/\/jornalfatosenoticias.com.br\/wp-content\/uploads\/2023\/07\/boto-rosa_istockphoto.jpg\" alt=\"\" class=\"wp-image-43737\" srcset=\"https:\/\/jornalfatosenoticias.com.br\/wp-content\/uploads\/2023\/07\/boto-rosa_istockphoto.jpg 912w, https:\/\/jornalfatosenoticias.com.br\/wp-content\/uploads\/2023\/07\/boto-rosa_istockphoto-300x200.jpg 300w, https:\/\/jornalfatosenoticias.com.br\/wp-content\/uploads\/2023\/07\/boto-rosa_istockphoto-768x512.jpg 768w\" sizes=\"auto, (max-width: 912px) 100vw, 912px\" \/><figcaption><em><span class=\"has-inline-color has-black-color\">Pesquisadores rastreiam riscos que amea\u00e7am botos cor-de-rosa na Amaz\u00f4nia (Foto: iStock)<\/span><\/em><\/figcaption><\/figure><\/div>\n\n\n\n<p>Essas constru\u00e7\u00f5es envolvem locais de dragagem em quatro cursos de \u00e1gua importantes da <a class=\"\" href=\"https:\/\/revistagalileu.globo.com\/um-so-planeta\/noticia\/2023\/05\/incendios-na-amazonia-dobram-risco-de-morte-entre-indigenas-diz-pesquisa.ghtml\"><strong>Bacia Amaz\u00f4nica,<\/strong><\/a>\u00a0al\u00e9m da expans\u00e3o de portos para facilitar a navega\u00e7\u00e3o de navios nos rios\u00a0<strong><a class=\"\" href=\"https:\/\/revistagalileu.globo.com\/sociedade\/noticia\/2023\/05\/plano-de-explorar-petroleo-na-foz-do-amazonas-preocupa-guiana-francesa.ghtml\">Amazonas<\/a>,<\/strong> Ucayali e Mara\u00f1\u00f3n. Isso prejudica os animais aqu\u00e1ticos; mas, segundo os pesquisadores, o governo peruano ainda pode proteger a\u00a0<strong><a class=\"\" href=\"https:\/\/revistagalileu.globo.com\/ciencia\/biologia\/noticia\/2023\/07\/bercario-de-polvos-e-descoberto-no-fundo-do-mar-na-costa-rica-veja-video.ghtml\">biodiversidade<\/a>. <\/strong><\/p>\n\n\n\n<div class=\"wp-block-image\"><figure class=\"aligncenter size-large\"><img decoding=\"async\" src=\"https:\/\/jornalfatosenoticias.com.br\/wp-content\/uploads\/2020\/02\/logo_esteio.jpg\" alt=\"\" class=\"wp-image-1214\"\/><\/figure><\/div>\n\n\n\n<blockquote class=\"wp-block-quote is-layout-flow wp-block-quote-is-layout-flow\"><p><span class=\"has-inline-color has-luminous-vivid-orange-color\">O Peru tem a chance de preservar seus rios de <strong><a class=\"\" href=\"https:\/\/revistagalileu.globo.com\/ciencia\/meio-ambiente\/noticia\/2023\/06\/para-proteger-a-terra-e-preciso-ser-antirracista-e-decolonial.ghtml\">fluxo livre<\/a>,<\/strong> mantendo-os como um habitat seguro e saud\u00e1vel para\u00a0<a class=\"\" href=\"https:\/\/revistagalileu.globo.com\/Ciencia\/Biologia\/noticia\/2022\/08\/suecia-registra-primeiro-caso-de-gripe-aviaria-em-boto-entenda.html\"><strong>botos<\/strong><\/a>\u00a0e muitas outras esp\u00e9cies\u201d, disse Campbell. \u201cDado que muitas dessas barragens e projetos de dragagem ainda est\u00e3o em fase de planejamento, aconselhamos o governo a considerar os efeitos negativos que essas atividades j\u00e1 tiveram sobre as\u00a0<strong><a class=\"\" href=\"https:\/\/revistagalileu.globo.com\/ciencia\/biologia\/noticia\/2023\/07\/bercario-de-polvos-e-descoberto-no-fundo-do-mar-na-costa-rica-veja-video.ghtml\">esp\u00e9cies fluviais<\/a>\u00a0<\/strong>em outros lugares\u201d.<\/span><\/p><\/blockquote>\n\n\n\n<div class=\"wp-block-image\"><figure class=\"aligncenter size-large is-resized\"><img loading=\"lazy\" decoding=\"async\" src=\"https:\/\/jornalfatosenoticias.com.br\/wp-content\/uploads\/2023\/04\/Logo_MasterMind.jpg\" alt=\"\" class=\"wp-image-40974\" width=\"277\" height=\"202\"\/><\/figure><\/div>\n\n\n\n<p>Para a autora, programas de rastreamento de <a class=\"\" href=\"https:\/\/revistagalileu.globo.com\/ciencia\/biologia\/noticia\/2023\/07\/golfinhos-estao-se-ensinando-a-implorar-por-comida-a-humanos-na-australia.ghtml\"><strong>golfinhos fluviais<\/strong><\/a>\u00a0devem ser expandidos para abranger diferentes esta\u00e7\u00f5es do ano e checar melhor a quantidade de\u00a0<a class=\"\" href=\"https:\/\/revistagalileu.globo.com\/ciencia\/biologia\/noticia\/2023\/06\/em-caso-inedito-crocodilo-femea-virgem-bota-ovos-nao-fecundados.ghtml\"><strong>f\u00eameas<\/strong><\/a> em locais de estudo. A pesquisadora tamb\u00e9m destaca a import\u00e2ncia de aumentar o n\u00famero rastreado de botos em outras \u00e1reas a fim de aprofundar o conhecimento dos padr\u00f5es de movimento dessa esp\u00e9cie.<\/p>\n\n\n\n<div class=\"wp-block-image\"><figure class=\"aligncenter size-large is-resized\"><img loading=\"lazy\" decoding=\"async\" src=\"https:\/\/jornalfatosenoticias.com.br\/wp-content\/uploads\/2023\/07\/lacremoda.jpg\" alt=\"\" class=\"wp-image-43706\" width=\"369\" height=\"206\" srcset=\"https:\/\/jornalfatosenoticias.com.br\/wp-content\/uploads\/2023\/07\/lacremoda.jpg 1024w, https:\/\/jornalfatosenoticias.com.br\/wp-content\/uploads\/2023\/07\/lacremoda-300x168.jpg 300w, https:\/\/jornalfatosenoticias.com.br\/wp-content\/uploads\/2023\/07\/lacremoda-768x431.jpg 768w\" sizes=\"auto, (max-width: 369px) 100vw, 369px\" \/><\/figure><\/div>\n\n\n\n<p><strong><em>Fonte: <a href=\"https:\/\/umsoplaneta.globo.com\/biodiversidade\/noticia\/2023\/07\/16\/pesquisadores-rastreiam-riscos-que-ameacam-botos-cor-de-rosa-na-amazonia.ghtml\">Um S\u00f3 Planeta<\/a><\/em><\/strong><\/p>\n","protected":false},"excerpt":{"rendered":"<p>Com um sat\u00e9lite, estudo conseguiu rastrear sete machos e uma f\u00eamea da esp\u00e9cie aqu\u00e1tica em \u00e1guas fluviais Pesquisadores da Universidade de Exeter, na Inglaterra, e da organiza\u00e7\u00e3o de conserva\u00e7\u00e3o Pro Delphinus, do Peru, realizaram um estudo observacional de golfinhos da esp\u00e9cie Inia geoffrensis \u2014 mais conhecidos como botos-cor-de-rosa\u00a0\u2014 na Amaz\u00f4nia peruana. Com um\u00a0sat\u00e9lite pop-up, os [&hellip;]<\/p>\n","protected":false},"author":2,"featured_media":43738,"comment_status":"open","ping_status":"open","sticky":false,"template":"","format":"standard","meta":{"footnotes":""},"categories":[8],"tags":[20604,123,20603,20605,1380,1369,575],"class_list":["post-43736","post","type-post","status-publish","format-standard","has-post-thumbnail","hentry","category-meio-ambiente","tag-aguas-fluviais","tag-amazonia","tag-botos-cor-de-rosa","tag-especie-aquatica","tag-pesquisadores","tag-riscos","tag-satelite"],"yoast_head":"<!-- This site is optimized with the Yoast SEO plugin v26.5 - https:\/\/yoast.com\/wordpress\/plugins\/seo\/ -->\n<title>Pesquisadores rastreiam riscos que amea\u00e7am botos cor-de-rosa na Amaz\u00f4nia - Jornal Fatos e Not\u00edcias<\/title>\n<meta name=\"robots\" content=\"index, follow, max-snippet:-1, max-image-preview:large, max-video-preview:-1\" \/>\n<link rel=\"canonical\" href=\"https:\/\/jornalfatosenoticias.com.br\/index.php\/2023\/07\/27\/pesquisadores-rastreiam-riscos-que-ameacam-botos-cor-de-rosa-na-amazonia\/\" \/>\n<meta property=\"og:locale\" content=\"pt_BR\" \/>\n<meta property=\"og:type\" content=\"article\" \/>\n<meta property=\"og:title\" content=\"Pesquisadores rastreiam riscos que amea\u00e7am botos cor-de-rosa na Amaz\u00f4nia - Jornal Fatos e Not\u00edcias\" \/>\n<meta property=\"og:description\" content=\"Com um sat\u00e9lite, estudo conseguiu rastrear sete machos e uma f\u00eamea da esp\u00e9cie aqu\u00e1tica em \u00e1guas fluviais Pesquisadores da Universidade de Exeter, na Inglaterra, e da organiza\u00e7\u00e3o de conserva\u00e7\u00e3o Pro Delphinus, do Peru, realizaram um estudo observacional de golfinhos da esp\u00e9cie Inia geoffrensis \u2014 mais conhecidos como botos-cor-de-rosa\u00a0\u2014 na Amaz\u00f4nia peruana. Com um\u00a0sat\u00e9lite pop-up, os [&hellip;]\" \/>\n<meta property=\"og:url\" content=\"https:\/\/jornalfatosenoticias.com.br\/index.php\/2023\/07\/27\/pesquisadores-rastreiam-riscos-que-ameacam-botos-cor-de-rosa-na-amazonia\/\" \/>\n<meta property=\"og:site_name\" content=\"Jornal Fatos e Not\u00edcias\" \/>\n<meta property=\"article:published_time\" content=\"2023-07-27T18:04:04+00:00\" \/>\n<meta property=\"article:modified_time\" content=\"2023-07-27T18:04:05+00:00\" \/>\n<meta property=\"og:image\" content=\"https:\/\/jornalfatosenoticias.com.br\/wp-content\/uploads\/2023\/07\/boto-rosa2_istockphoto.jpg\" \/>\n\t<meta property=\"og:image:width\" content=\"912\" \/>\n\t<meta property=\"og:image:height\" content=\"605\" \/>\n\t<meta property=\"og:image:type\" content=\"image\/jpeg\" \/>\n<meta name=\"author\" content=\"Luzimara Fernandes\" \/>\n<meta name=\"twitter:card\" content=\"summary_large_image\" \/>\n<meta name=\"twitter:label1\" content=\"Escrito por\" \/>\n\t<meta name=\"twitter:data1\" content=\"Luzimara Fernandes\" \/>\n\t<meta name=\"twitter:label2\" content=\"Est. tempo de leitura\" \/>\n\t<meta name=\"twitter:data2\" content=\"3 minutos\" \/>\n<script type=\"application\/ld+json\" class=\"yoast-schema-graph\">{\"@context\":\"https:\/\/schema.org\",\"@graph\":[{\"@type\":\"Article\",\"@id\":\"https:\/\/jornalfatosenoticias.com.br\/index.php\/2023\/07\/27\/pesquisadores-rastreiam-riscos-que-ameacam-botos-cor-de-rosa-na-amazonia\/#article\",\"isPartOf\":{\"@id\":\"https:\/\/jornalfatosenoticias.com.br\/index.php\/2023\/07\/27\/pesquisadores-rastreiam-riscos-que-ameacam-botos-cor-de-rosa-na-amazonia\/\"},\"author\":{\"name\":\"Luzimara Fernandes\",\"@id\":\"https:\/\/jornalfatosenoticias.com.br\/#\/schema\/person\/d63837fa13ac8666eb9e74e0985d6f81\"},\"headline\":\"Pesquisadores rastreiam riscos que amea\u00e7am botos cor-de-rosa na Amaz\u00f4nia\",\"datePublished\":\"2023-07-27T18:04:04+00:00\",\"dateModified\":\"2023-07-27T18:04:05+00:00\",\"mainEntityOfPage\":{\"@id\":\"https:\/\/jornalfatosenoticias.com.br\/index.php\/2023\/07\/27\/pesquisadores-rastreiam-riscos-que-ameacam-botos-cor-de-rosa-na-amazonia\/\"},\"wordCount\":619,\"commentCount\":0,\"publisher\":{\"@id\":\"https:\/\/jornalfatosenoticias.com.br\/#organization\"},\"image\":{\"@id\":\"https:\/\/jornalfatosenoticias.com.br\/index.php\/2023\/07\/27\/pesquisadores-rastreiam-riscos-que-ameacam-botos-cor-de-rosa-na-amazonia\/#primaryimage\"},\"thumbnailUrl\":\"https:\/\/jornalfatosenoticias.com.br\/wp-content\/uploads\/2023\/07\/boto-rosa2_istockphoto.jpg\",\"keywords\":[\"\u00e1guas fluviais\",\"amaz\u00f4nia\",\"botos cor-de-rosa\",\"esp\u00e9cie aqu\u00e1tica\",\"pesquisadores\",\"riscos\",\"sat\u00e9lite\"],\"articleSection\":[\"Meio ambiente\"],\"inLanguage\":\"pt-BR\",\"potentialAction\":[{\"@type\":\"CommentAction\",\"name\":\"Comment\",\"target\":[\"https:\/\/jornalfatosenoticias.com.br\/index.php\/2023\/07\/27\/pesquisadores-rastreiam-riscos-que-ameacam-botos-cor-de-rosa-na-amazonia\/#respond\"]}]},{\"@type\":\"WebPage\",\"@id\":\"https:\/\/jornalfatosenoticias.com.br\/index.php\/2023\/07\/27\/pesquisadores-rastreiam-riscos-que-ameacam-botos-cor-de-rosa-na-amazonia\/\",\"url\":\"https:\/\/jornalfatosenoticias.com.br\/index.php\/2023\/07\/27\/pesquisadores-rastreiam-riscos-que-ameacam-botos-cor-de-rosa-na-amazonia\/\",\"name\":\"Pesquisadores rastreiam riscos que amea\u00e7am botos cor-de-rosa na Amaz\u00f4nia - Jornal Fatos e Not\u00edcias\",\"isPartOf\":{\"@id\":\"https:\/\/jornalfatosenoticias.com.br\/#website\"},\"primaryImageOfPage\":{\"@id\":\"https:\/\/jornalfatosenoticias.com.br\/index.php\/2023\/07\/27\/pesquisadores-rastreiam-riscos-que-ameacam-botos-cor-de-rosa-na-amazonia\/#primaryimage\"},\"image\":{\"@id\":\"https:\/\/jornalfatosenoticias.com.br\/index.php\/2023\/07\/27\/pesquisadores-rastreiam-riscos-que-ameacam-botos-cor-de-rosa-na-amazonia\/#primaryimage\"},\"thumbnailUrl\":\"https:\/\/jornalfatosenoticias.com.br\/wp-content\/uploads\/2023\/07\/boto-rosa2_istockphoto.jpg\",\"datePublished\":\"2023-07-27T18:04:04+00:00\",\"dateModified\":\"2023-07-27T18:04:05+00:00\",\"breadcrumb\":{\"@id\":\"https:\/\/jornalfatosenoticias.com.br\/index.php\/2023\/07\/27\/pesquisadores-rastreiam-riscos-que-ameacam-botos-cor-de-rosa-na-amazonia\/#breadcrumb\"},\"inLanguage\":\"pt-BR\",\"potentialAction\":[{\"@type\":\"ReadAction\",\"target\":[\"https:\/\/jornalfatosenoticias.com.br\/index.php\/2023\/07\/27\/pesquisadores-rastreiam-riscos-que-ameacam-botos-cor-de-rosa-na-amazonia\/\"]}]},{\"@type\":\"ImageObject\",\"inLanguage\":\"pt-BR\",\"@id\":\"https:\/\/jornalfatosenoticias.com.br\/index.php\/2023\/07\/27\/pesquisadores-rastreiam-riscos-que-ameacam-botos-cor-de-rosa-na-amazonia\/#primaryimage\",\"url\":\"https:\/\/jornalfatosenoticias.com.br\/wp-content\/uploads\/2023\/07\/boto-rosa2_istockphoto.jpg\",\"contentUrl\":\"https:\/\/jornalfatosenoticias.com.br\/wp-content\/uploads\/2023\/07\/boto-rosa2_istockphoto.jpg\",\"width\":912,\"height\":605,\"caption\":\"Pink boto found in the Brazilian Amazon region. City of Novo Air\u00e3o, Amazonas, Brazil\"},{\"@type\":\"BreadcrumbList\",\"@id\":\"https:\/\/jornalfatosenoticias.com.br\/index.php\/2023\/07\/27\/pesquisadores-rastreiam-riscos-que-ameacam-botos-cor-de-rosa-na-amazonia\/#breadcrumb\",\"itemListElement\":[{\"@type\":\"ListItem\",\"position\":1,\"name\":\"In\u00edcio\",\"item\":\"https:\/\/jornalfatosenoticias.com.br\/\"},{\"@type\":\"ListItem\",\"position\":2,\"name\":\"Pesquisadores rastreiam riscos que amea\u00e7am botos cor-de-rosa na Amaz\u00f4nia\"}]},{\"@type\":\"WebSite\",\"@id\":\"https:\/\/jornalfatosenoticias.com.br\/#website\",\"url\":\"https:\/\/jornalfatosenoticias.com.br\/\",\"name\":\"Jornal Fatos e Not\u00edcias\",\"description\":\"Not\u00edcias em geral\",\"publisher\":{\"@id\":\"https:\/\/jornalfatosenoticias.com.br\/#organization\"},\"potentialAction\":[{\"@type\":\"SearchAction\",\"target\":{\"@type\":\"EntryPoint\",\"urlTemplate\":\"https:\/\/jornalfatosenoticias.com.br\/?s={search_term_string}\"},\"query-input\":{\"@type\":\"PropertyValueSpecification\",\"valueRequired\":true,\"valueName\":\"search_term_string\"}}],\"inLanguage\":\"pt-BR\"},{\"@type\":\"Organization\",\"@id\":\"https:\/\/jornalfatosenoticias.com.br\/#organization\",\"name\":\"Jornal Fatos e Not\u00edcias\",\"url\":\"https:\/\/jornalfatosenoticias.com.br\/\",\"logo\":{\"@type\":\"ImageObject\",\"inLanguage\":\"pt-BR\",\"@id\":\"https:\/\/jornalfatosenoticias.com.br\/#\/schema\/logo\/image\/\",\"url\":\"https:\/\/jornalfatosenoticias.com.br\/wp-content\/uploads\/2020\/02\/logo120.png\",\"contentUrl\":\"https:\/\/jornalfatosenoticias.com.br\/wp-content\/uploads\/2020\/02\/logo120.png\",\"width\":1227,\"height\":120,\"caption\":\"Jornal Fatos e Not\u00edcias\"},\"image\":{\"@id\":\"https:\/\/jornalfatosenoticias.com.br\/#\/schema\/logo\/image\/\"}},{\"@type\":\"Person\",\"@id\":\"https:\/\/jornalfatosenoticias.com.br\/#\/schema\/person\/d63837fa13ac8666eb9e74e0985d6f81\",\"name\":\"Luzimara Fernandes\",\"image\":{\"@type\":\"ImageObject\",\"inLanguage\":\"pt-BR\",\"@id\":\"https:\/\/jornalfatosenoticias.com.br\/#\/schema\/person\/image\/\",\"url\":\"https:\/\/jornalfatosenoticias.com.br\/wp-content\/uploads\/2025\/05\/EU_portal.jpg\",\"contentUrl\":\"https:\/\/jornalfatosenoticias.com.br\/wp-content\/uploads\/2025\/05\/EU_portal.jpg\",\"caption\":\"Luzimara Fernandes\"},\"description\":\"Jornalista MTB 2358-ES\",\"sameAs\":[\"https:\/\/jornalfatosenoticias.com.br\"],\"url\":\"https:\/\/jornalfatosenoticias.com.br\/index.php\/author\/luzimara\/\"}]}<\/script>\n<!-- \/ Yoast SEO plugin. -->","yoast_head_json":{"title":"Pesquisadores rastreiam riscos que amea\u00e7am botos cor-de-rosa na Amaz\u00f4nia - Jornal Fatos e Not\u00edcias","robots":{"index":"index","follow":"follow","max-snippet":"max-snippet:-1","max-image-preview":"max-image-preview:large","max-video-preview":"max-video-preview:-1"},"canonical":"https:\/\/jornalfatosenoticias.com.br\/index.php\/2023\/07\/27\/pesquisadores-rastreiam-riscos-que-ameacam-botos-cor-de-rosa-na-amazonia\/","og_locale":"pt_BR","og_type":"article","og_title":"Pesquisadores rastreiam riscos que amea\u00e7am botos cor-de-rosa na Amaz\u00f4nia - Jornal Fatos e Not\u00edcias","og_description":"Com um sat\u00e9lite, estudo conseguiu rastrear sete machos e uma f\u00eamea da esp\u00e9cie aqu\u00e1tica em \u00e1guas fluviais Pesquisadores da Universidade de Exeter, na Inglaterra, e da organiza\u00e7\u00e3o de conserva\u00e7\u00e3o Pro Delphinus, do Peru, realizaram um estudo observacional de golfinhos da esp\u00e9cie Inia geoffrensis \u2014 mais conhecidos como botos-cor-de-rosa\u00a0\u2014 na Amaz\u00f4nia peruana. Com um\u00a0sat\u00e9lite pop-up, os [&hellip;]","og_url":"https:\/\/jornalfatosenoticias.com.br\/index.php\/2023\/07\/27\/pesquisadores-rastreiam-riscos-que-ameacam-botos-cor-de-rosa-na-amazonia\/","og_site_name":"Jornal Fatos e Not\u00edcias","article_published_time":"2023-07-27T18:04:04+00:00","article_modified_time":"2023-07-27T18:04:05+00:00","og_image":[{"width":912,"height":605,"url":"https:\/\/jornalfatosenoticias.com.br\/wp-content\/uploads\/2023\/07\/boto-rosa2_istockphoto.jpg","type":"image\/jpeg"}],"author":"Luzimara Fernandes","twitter_card":"summary_large_image","twitter_misc":{"Escrito por":"Luzimara Fernandes","Est. tempo de leitura":"3 minutos"},"schema":{"@context":"https:\/\/schema.org","@graph":[{"@type":"Article","@id":"https:\/\/jornalfatosenoticias.com.br\/index.php\/2023\/07\/27\/pesquisadores-rastreiam-riscos-que-ameacam-botos-cor-de-rosa-na-amazonia\/#article","isPartOf":{"@id":"https:\/\/jornalfatosenoticias.com.br\/index.php\/2023\/07\/27\/pesquisadores-rastreiam-riscos-que-ameacam-botos-cor-de-rosa-na-amazonia\/"},"author":{"name":"Luzimara Fernandes","@id":"https:\/\/jornalfatosenoticias.com.br\/#\/schema\/person\/d63837fa13ac8666eb9e74e0985d6f81"},"headline":"Pesquisadores rastreiam riscos que amea\u00e7am botos cor-de-rosa na Amaz\u00f4nia","datePublished":"2023-07-27T18:04:04+00:00","dateModified":"2023-07-27T18:04:05+00:00","mainEntityOfPage":{"@id":"https:\/\/jornalfatosenoticias.com.br\/index.php\/2023\/07\/27\/pesquisadores-rastreiam-riscos-que-ameacam-botos-cor-de-rosa-na-amazonia\/"},"wordCount":619,"commentCount":0,"publisher":{"@id":"https:\/\/jornalfatosenoticias.com.br\/#organization"},"image":{"@id":"https:\/\/jornalfatosenoticias.com.br\/index.php\/2023\/07\/27\/pesquisadores-rastreiam-riscos-que-ameacam-botos-cor-de-rosa-na-amazonia\/#primaryimage"},"thumbnailUrl":"https:\/\/jornalfatosenoticias.com.br\/wp-content\/uploads\/2023\/07\/boto-rosa2_istockphoto.jpg","keywords":["\u00e1guas fluviais","amaz\u00f4nia","botos cor-de-rosa","esp\u00e9cie aqu\u00e1tica","pesquisadores","riscos","sat\u00e9lite"],"articleSection":["Meio ambiente"],"inLanguage":"pt-BR","potentialAction":[{"@type":"CommentAction","name":"Comment","target":["https:\/\/jornalfatosenoticias.com.br\/index.php\/2023\/07\/27\/pesquisadores-rastreiam-riscos-que-ameacam-botos-cor-de-rosa-na-amazonia\/#respond"]}]},{"@type":"WebPage","@id":"https:\/\/jornalfatosenoticias.com.br\/index.php\/2023\/07\/27\/pesquisadores-rastreiam-riscos-que-ameacam-botos-cor-de-rosa-na-amazonia\/","url":"https:\/\/jornalfatosenoticias.com.br\/index.php\/2023\/07\/27\/pesquisadores-rastreiam-riscos-que-ameacam-botos-cor-de-rosa-na-amazonia\/","name":"Pesquisadores rastreiam riscos que amea\u00e7am botos cor-de-rosa na Amaz\u00f4nia - Jornal Fatos e Not\u00edcias","isPartOf":{"@id":"https:\/\/jornalfatosenoticias.com.br\/#website"},"primaryImageOfPage":{"@id":"https:\/\/jornalfatosenoticias.com.br\/index.php\/2023\/07\/27\/pesquisadores-rastreiam-riscos-que-ameacam-botos-cor-de-rosa-na-amazonia\/#primaryimage"},"image":{"@id":"https:\/\/jornalfatosenoticias.com.br\/index.php\/2023\/07\/27\/pesquisadores-rastreiam-riscos-que-ameacam-botos-cor-de-rosa-na-amazonia\/#primaryimage"},"thumbnailUrl":"https:\/\/jornalfatosenoticias.com.br\/wp-content\/uploads\/2023\/07\/boto-rosa2_istockphoto.jpg","datePublished":"2023-07-27T18:04:04+00:00","dateModified":"2023-07-27T18:04:05+00:00","breadcrumb":{"@id":"https:\/\/jornalfatosenoticias.com.br\/index.php\/2023\/07\/27\/pesquisadores-rastreiam-riscos-que-ameacam-botos-cor-de-rosa-na-amazonia\/#breadcrumb"},"inLanguage":"pt-BR","potentialAction":[{"@type":"ReadAction","target":["https:\/\/jornalfatosenoticias.com.br\/index.php\/2023\/07\/27\/pesquisadores-rastreiam-riscos-que-ameacam-botos-cor-de-rosa-na-amazonia\/"]}]},{"@type":"ImageObject","inLanguage":"pt-BR","@id":"https:\/\/jornalfatosenoticias.com.br\/index.php\/2023\/07\/27\/pesquisadores-rastreiam-riscos-que-ameacam-botos-cor-de-rosa-na-amazonia\/#primaryimage","url":"https:\/\/jornalfatosenoticias.com.br\/wp-content\/uploads\/2023\/07\/boto-rosa2_istockphoto.jpg","contentUrl":"https:\/\/jornalfatosenoticias.com.br\/wp-content\/uploads\/2023\/07\/boto-rosa2_istockphoto.jpg","width":912,"height":605,"caption":"Pink boto found in the Brazilian Amazon region. City of Novo Air\u00e3o, Amazonas, Brazil"},{"@type":"BreadcrumbList","@id":"https:\/\/jornalfatosenoticias.com.br\/index.php\/2023\/07\/27\/pesquisadores-rastreiam-riscos-que-ameacam-botos-cor-de-rosa-na-amazonia\/#breadcrumb","itemListElement":[{"@type":"ListItem","position":1,"name":"In\u00edcio","item":"https:\/\/jornalfatosenoticias.com.br\/"},{"@type":"ListItem","position":2,"name":"Pesquisadores rastreiam riscos que amea\u00e7am botos cor-de-rosa na Amaz\u00f4nia"}]},{"@type":"WebSite","@id":"https:\/\/jornalfatosenoticias.com.br\/#website","url":"https:\/\/jornalfatosenoticias.com.br\/","name":"Jornal Fatos e Not\u00edcias","description":"Not\u00edcias em geral","publisher":{"@id":"https:\/\/jornalfatosenoticias.com.br\/#organization"},"potentialAction":[{"@type":"SearchAction","target":{"@type":"EntryPoint","urlTemplate":"https:\/\/jornalfatosenoticias.com.br\/?s={search_term_string}"},"query-input":{"@type":"PropertyValueSpecification","valueRequired":true,"valueName":"search_term_string"}}],"inLanguage":"pt-BR"},{"@type":"Organization","@id":"https:\/\/jornalfatosenoticias.com.br\/#organization","name":"Jornal Fatos e Not\u00edcias","url":"https:\/\/jornalfatosenoticias.com.br\/","logo":{"@type":"ImageObject","inLanguage":"pt-BR","@id":"https:\/\/jornalfatosenoticias.com.br\/#\/schema\/logo\/image\/","url":"https:\/\/jornalfatosenoticias.com.br\/wp-content\/uploads\/2020\/02\/logo120.png","contentUrl":"https:\/\/jornalfatosenoticias.com.br\/wp-content\/uploads\/2020\/02\/logo120.png","width":1227,"height":120,"caption":"Jornal Fatos e Not\u00edcias"},"image":{"@id":"https:\/\/jornalfatosenoticias.com.br\/#\/schema\/logo\/image\/"}},{"@type":"Person","@id":"https:\/\/jornalfatosenoticias.com.br\/#\/schema\/person\/d63837fa13ac8666eb9e74e0985d6f81","name":"Luzimara Fernandes","image":{"@type":"ImageObject","inLanguage":"pt-BR","@id":"https:\/\/jornalfatosenoticias.com.br\/#\/schema\/person\/image\/","url":"https:\/\/jornalfatosenoticias.com.br\/wp-content\/uploads\/2025\/05\/EU_portal.jpg","contentUrl":"https:\/\/jornalfatosenoticias.com.br\/wp-content\/uploads\/2025\/05\/EU_portal.jpg","caption":"Luzimara Fernandes"},"description":"Jornalista MTB 2358-ES","sameAs":["https:\/\/jornalfatosenoticias.com.br"],"url":"https:\/\/jornalfatosenoticias.com.br\/index.php\/author\/luzimara\/"}]}},"cc_featured_image_caption":{"caption_text":"(Foto: iStock) ","source_text":"","source_url":""},"jetpack_featured_media_url":"https:\/\/jornalfatosenoticias.com.br\/wp-content\/uploads\/2023\/07\/boto-rosa2_istockphoto.jpg","_links":{"self":[{"href":"https:\/\/jornalfatosenoticias.com.br\/index.php\/wp-json\/wp\/v2\/posts\/43736","targetHints":{"allow":["GET"]}}],"collection":[{"href":"https:\/\/jornalfatosenoticias.com.br\/index.php\/wp-json\/wp\/v2\/posts"}],"about":[{"href":"https:\/\/jornalfatosenoticias.com.br\/index.php\/wp-json\/wp\/v2\/types\/post"}],"author":[{"embeddable":true,"href":"https:\/\/jornalfatosenoticias.com.br\/index.php\/wp-json\/wp\/v2\/users\/2"}],"replies":[{"embeddable":true,"href":"https:\/\/jornalfatosenoticias.com.br\/index.php\/wp-json\/wp\/v2\/comments?post=43736"}],"version-history":[{"count":0,"href":"https:\/\/jornalfatosenoticias.com.br\/index.php\/wp-json\/wp\/v2\/posts\/43736\/revisions"}],"wp:featuredmedia":[{"embeddable":true,"href":"https:\/\/jornalfatosenoticias.com.br\/index.php\/wp-json\/wp\/v2\/media\/43738"}],"wp:attachment":[{"href":"https:\/\/jornalfatosenoticias.com.br\/index.php\/wp-json\/wp\/v2\/media?parent=43736"}],"wp:term":[{"taxonomy":"category","embeddable":true,"href":"https:\/\/jornalfatosenoticias.com.br\/index.php\/wp-json\/wp\/v2\/categories?post=43736"},{"taxonomy":"post_tag","embeddable":true,"href":"https:\/\/jornalfatosenoticias.com.br\/index.php\/wp-json\/wp\/v2\/tags?post=43736"}],"curies":[{"name":"wp","href":"https:\/\/api.w.org\/{rel}","templated":true}]}}