{"id":43740,"date":"2023-07-28T09:43:49","date_gmt":"2023-07-28T12:43:49","guid":{"rendered":"https:\/\/jornalfatosenoticias.com.br\/?p=43740"},"modified":"2023-07-28T09:43:52","modified_gmt":"2023-07-28T12:43:52","slug":"maior-vulcao-do-sistema-solar-ja-foi-ilha-vulcanica-diz-estudo","status":"publish","type":"post","link":"https:\/\/jornalfatosenoticias.com.br\/index.php\/2023\/07\/28\/maior-vulcao-do-sistema-solar-ja-foi-ilha-vulcanica-diz-estudo\/","title":{"rendered":"Maior vulc\u00e3o do Sistema Solar j\u00e1 foi ilha vulc\u00e2nica, diz estudo"},"content":{"rendered":"\n<p><em><span class=\"has-inline-color has-black-color\">Por <strong><a href=\"https:\/\/gizmodo.uol.com.br\/author\/luisa-costa\/\">Lu\u00edsa Costa<\/a><\/strong><\/span><\/em><\/p>\n\n\n\n<div class=\"wp-block-image\"><figure class=\"aligncenter size-large\"><img loading=\"lazy\" decoding=\"async\" width=\"729\" height=\"90\" src=\"https:\/\/jornalfatosenoticias.com.br\/wp-content\/uploads\/2020\/02\/Logo_Mizu.png\" alt=\"\" class=\"wp-image-1441\" srcset=\"https:\/\/jornalfatosenoticias.com.br\/wp-content\/uploads\/2020\/02\/Logo_Mizu.png 729w, https:\/\/jornalfatosenoticias.com.br\/wp-content\/uploads\/2020\/02\/Logo_Mizu-300x37.png 300w\" sizes=\"auto, (max-width: 729px) 100vw, 729px\" \/><\/figure><\/div>\n\n\n\n<p>O maior vulc\u00e3o do <a href=\"https:\/\/gizmodo.uol.com.br\/tag\/sistema-solar\/\" target=\"_blank\" rel=\"noreferrer noopener\">Sistema Solar<\/a> \u00e9 o Monte Olimpo, que fica em <a href=\"https:\/\/gizmodo.uol.com.br\/tag\/marte\/\" target=\"_blank\" rel=\"noreferrer noopener\">Marte<\/a> e tem mais de 25 quil\u00f4metros de altura e 600 quil\u00f4metros de di\u00e2metro. \u00c9 uma montanha mais larga que o estado de S\u00e3o Paulo, do ponto mais setentrional ao mais meridional.<br>Agora, uma equipe de pesquisadores da Universidade Paris-Saclay, na Fran\u00e7a, est\u00e1 sugerindo que o Monte Olimpo foi uma ilha vulc\u00e2nica quando Marte tinha rios e oceanos, bilh\u00f5es de anos atr\u00e1s. Eles <a href=\"https:\/\/www.sciencedirect.com\/science\/article\/abs\/pii\/S0012821X23003151\" target=\"_blank\" rel=\"noreferrer noopener\">publicaram<\/a> o estudo com a hip\u00f3tese na \u00faltima segunda (24), na revista cient\u00edfica <em>Earth and Planetary Science Letters.<\/em><\/p>\n\n\n\n<div class=\"wp-block-image\"><figure class=\"aligncenter size-large is-resized\"><img loading=\"lazy\" decoding=\"async\" src=\"https:\/\/jornalfatosenoticias.com.br\/wp-content\/uploads\/2023\/07\/LOGO-Cromotec-1024x610.png\" alt=\"\" class=\"wp-image-43705\" width=\"298\" height=\"177\"\/><\/figure><\/div>\n\n\n\n<p>O Monte Olimpo \u00e9 um vulc\u00e3o-escudo, ou seja, um vulc\u00e3o formado por correntes de lava de baixa viscosidade, que percorrem grandes dist\u00e2ncias e formam uma montanha larga. O maior vulc\u00e3o-escudo ativo da Terra \u00e9 o <a href=\"https:\/\/www.bbc.com\/portuguese\/internacional-63791672\" target=\"_blank\" rel=\"noreferrer noopener\">Mauna Loa<\/a>, no Hava\u00ed, que alcan\u00e7a os 4.169 m acima do n\u00edvel do mar. O formato destes vulc\u00f5es lembra um escudo deitado \u2014 da\u00ed o nome. Mas a altura do Monte Olimpo n\u00e3o diminui gradualmente at\u00e9 suas bordas encontrarem a superf\u00edcie marciana. A uma altura de seis quil\u00f4metros, o vulc\u00e3o se transforma em um penhasco, e suas paredes ficam \u00edngremes.<\/p>\n\n\n\n<div class=\"wp-block-image\"><figure class=\"aligncenter size-large\"><img loading=\"lazy\" decoding=\"async\" width=\"300\" height=\"250\" src=\"https:\/\/jornalfatosenoticias.com.br\/wp-content\/uploads\/2022\/02\/FERRARI_MAQUINAS-E-FERRAMENTAS2.jpg\" alt=\"\" class=\"wp-image-27860\"\/><\/figure><\/div>\n\n\n\n<p>Os cientistas prop\u00f5em no estudo rec\u00e9m-publicado que essa borda do vulc\u00e3o, que aparece abruptamente, existe porque a lava flu\u00eda do Monte Olimpo para a \u00e1gua l\u00edquida ao redor, quando ele era uma ilha vulc\u00e2nica ativa durante o final do per\u00edodo Noachian, de 4.100 a 3.700 anos atr\u00e1s em Marte. Os pesquisadores chegaram \u00e0s conclus\u00f5es estudando a hist\u00f3ria geol\u00f3gica de Marte e tr\u00eas ilhas vulc\u00e2nicas ativas na Terra: Ilha do Pico, em Portugal, Ilha do Fogo, no Canad\u00e1, e o Hava\u00ed, nos Estados Unidos.<\/p>\n\n\n\n<div class=\"wp-block-image\"><figure class=\"aligncenter size-large is-resized\"><img loading=\"lazy\" decoding=\"async\" src=\"https:\/\/jornalfatosenoticias.com.br\/wp-content\/uploads\/2023\/07\/logo-ITH.png\" alt=\"\" class=\"wp-image-43684\" width=\"291\" height=\"157\"\/><\/figure><\/div>\n\n\n\n<p>As linhas costeiras dessas ilhas t\u00eam escarpas pontiagudas, como o Monte Olimpo. E elas s\u00e3o o resultado de contrastes na viscosidade da lava que fluiu dos vulc\u00f5es devido ao resfriamento deste material \u00e0 medida que passava do ar para a \u00e1gua. Eles tamb\u00e9m apontam que a altura da escarpa seria o n\u00edvel do antigo oceano onde estava o Monte Olimpo. E a idade dos fluxos de lava indicaria quando esse oceano estaria l\u00e1 \u2014 de 3,7 a tr\u00eas bilh\u00f5es de anos atr\u00e1s.<\/p>\n\n\n\n<div class=\"wp-block-image\"><figure class=\"aligncenter size-large is-resized\"><img loading=\"lazy\" decoding=\"async\" src=\"https:\/\/jornalfatosenoticias.com.br\/wp-content\/uploads\/2023\/07\/lacremoda.jpg\" alt=\"\" class=\"wp-image-43706\" width=\"400\" height=\"224\" srcset=\"https:\/\/jornalfatosenoticias.com.br\/wp-content\/uploads\/2023\/07\/lacremoda.jpg 1024w, https:\/\/jornalfatosenoticias.com.br\/wp-content\/uploads\/2023\/07\/lacremoda-300x168.jpg 300w, https:\/\/jornalfatosenoticias.com.br\/wp-content\/uploads\/2023\/07\/lacremoda-768x431.jpg 768w\" sizes=\"auto, (max-width: 400px) 100vw, 400px\" \/><\/figure><\/div>\n\n\n\n<p>O grupo afirma que outra montanha vulc\u00e2nica em Marte, o Monte Alba, a mais de 1.500 quil\u00f4metros do Monte Olimpo, tem caracter\u00edsticas semelhantes. Isso pode significar que o antigo oceano preencheu grandes regi\u00f5es da superf\u00edcie marciana.<\/p>\n\n\n\n<div class=\"wp-block-image\"><figure class=\"aligncenter size-large is-resized\"><img loading=\"lazy\" decoding=\"async\" src=\"https:\/\/jornalfatosenoticias.com.br\/wp-content\/uploads\/2023\/07\/torneio_volei.jpg\" alt=\"\" class=\"wp-image-43455\" width=\"405\" height=\"404\" srcset=\"https:\/\/jornalfatosenoticias.com.br\/wp-content\/uploads\/2023\/07\/torneio_volei.jpg 1000w, https:\/\/jornalfatosenoticias.com.br\/wp-content\/uploads\/2023\/07\/torneio_volei-300x300.jpg 300w, https:\/\/jornalfatosenoticias.com.br\/wp-content\/uploads\/2023\/07\/torneio_volei-150x150.jpg 150w, https:\/\/jornalfatosenoticias.com.br\/wp-content\/uploads\/2023\/07\/torneio_volei-768x767.jpg 768w\" sizes=\"auto, (max-width: 405px) 100vw, 405px\" \/><\/figure><\/div>\n\n\n\n<p><strong><em>Fonte: <a href=\"https:\/\/gizmodo.uol.com.br\/maior-vulcao-do-sistema-solar-ja-foi-ilha-vulcanica-diz-estudo\/\">GizModo<\/a><\/em><\/strong><\/p>\n","protected":false},"excerpt":{"rendered":"<p>Por Lu\u00edsa Costa O maior vulc\u00e3o do Sistema Solar \u00e9 o Monte Olimpo, que fica em Marte e tem mais de 25 quil\u00f4metros de altura e 600 quil\u00f4metros de di\u00e2metro. \u00c9 uma montanha mais larga que o estado de S\u00e3o Paulo, do ponto mais setentrional ao mais meridional.Agora, uma equipe de pesquisadores da Universidade Paris-Saclay, [&hellip;]<\/p>\n","protected":false},"author":2,"featured_media":43741,"comment_status":"open","ping_status":"open","sticky":false,"template":"","format":"standard","meta":{"footnotes":""},"categories":[2],"tags":[86,666,434,469,93],"class_list":["post-43740","post","type-post","status-publish","format-standard","has-post-thumbnail","hentry","category-ciencia","tag-espaco","tag-ilha","tag-marte","tag-sistema-solar","tag-vulcao"],"yoast_head":"<!-- This site is optimized with the Yoast SEO plugin v26.5 - https:\/\/yoast.com\/wordpress\/plugins\/seo\/ -->\n<title>Maior vulc\u00e3o do Sistema Solar j\u00e1 foi ilha vulc\u00e2nica, diz estudo - Jornal Fatos e Not\u00edcias<\/title>\n<meta name=\"robots\" content=\"index, follow, max-snippet:-1, max-image-preview:large, max-video-preview:-1\" \/>\n<link rel=\"canonical\" href=\"https:\/\/jornalfatosenoticias.com.br\/index.php\/2023\/07\/28\/maior-vulcao-do-sistema-solar-ja-foi-ilha-vulcanica-diz-estudo\/\" \/>\n<meta property=\"og:locale\" content=\"pt_BR\" \/>\n<meta property=\"og:type\" content=\"article\" \/>\n<meta property=\"og:title\" content=\"Maior vulc\u00e3o do Sistema Solar j\u00e1 foi ilha vulc\u00e2nica, diz estudo - Jornal Fatos e Not\u00edcias\" \/>\n<meta property=\"og:description\" content=\"Por Lu\u00edsa Costa O maior vulc\u00e3o do Sistema Solar \u00e9 o Monte Olimpo, que fica em Marte e tem mais de 25 quil\u00f4metros de altura e 600 quil\u00f4metros de di\u00e2metro. \u00c9 uma montanha mais larga que o estado de S\u00e3o Paulo, do ponto mais setentrional ao mais meridional.Agora, uma equipe de pesquisadores da Universidade Paris-Saclay, [&hellip;]\" \/>\n<meta property=\"og:url\" content=\"https:\/\/jornalfatosenoticias.com.br\/index.php\/2023\/07\/28\/maior-vulcao-do-sistema-solar-ja-foi-ilha-vulcanica-diz-estudo\/\" \/>\n<meta property=\"og:site_name\" content=\"Jornal Fatos e Not\u00edcias\" \/>\n<meta property=\"article:published_time\" content=\"2023-07-28T12:43:49+00:00\" \/>\n<meta property=\"article:modified_time\" content=\"2023-07-28T12:43:52+00:00\" \/>\n<meta property=\"og:image\" content=\"https:\/\/jornalfatosenoticias.com.br\/wp-content\/uploads\/2023\/07\/vulcao-do-sistema-solar.png\" \/>\n\t<meta property=\"og:image:width\" content=\"1000\" \/>\n\t<meta property=\"og:image:height\" content=\"560\" \/>\n\t<meta property=\"og:image:type\" content=\"image\/png\" \/>\n<meta name=\"author\" content=\"Luzimara Fernandes\" \/>\n<meta name=\"twitter:card\" content=\"summary_large_image\" \/>\n<meta name=\"twitter:label1\" content=\"Escrito por\" \/>\n\t<meta name=\"twitter:data1\" content=\"Luzimara Fernandes\" \/>\n\t<meta name=\"twitter:label2\" content=\"Est. tempo de leitura\" \/>\n\t<meta name=\"twitter:data2\" content=\"2 minutos\" \/>\n<script type=\"application\/ld+json\" class=\"yoast-schema-graph\">{\"@context\":\"https:\/\/schema.org\",\"@graph\":[{\"@type\":\"Article\",\"@id\":\"https:\/\/jornalfatosenoticias.com.br\/index.php\/2023\/07\/28\/maior-vulcao-do-sistema-solar-ja-foi-ilha-vulcanica-diz-estudo\/#article\",\"isPartOf\":{\"@id\":\"https:\/\/jornalfatosenoticias.com.br\/index.php\/2023\/07\/28\/maior-vulcao-do-sistema-solar-ja-foi-ilha-vulcanica-diz-estudo\/\"},\"author\":{\"name\":\"Luzimara Fernandes\",\"@id\":\"https:\/\/jornalfatosenoticias.com.br\/#\/schema\/person\/d63837fa13ac8666eb9e74e0985d6f81\"},\"headline\":\"Maior vulc\u00e3o do Sistema Solar j\u00e1 foi ilha vulc\u00e2nica, diz estudo\",\"datePublished\":\"2023-07-28T12:43:49+00:00\",\"dateModified\":\"2023-07-28T12:43:52+00:00\",\"mainEntityOfPage\":{\"@id\":\"https:\/\/jornalfatosenoticias.com.br\/index.php\/2023\/07\/28\/maior-vulcao-do-sistema-solar-ja-foi-ilha-vulcanica-diz-estudo\/\"},\"wordCount\":442,\"commentCount\":0,\"publisher\":{\"@id\":\"https:\/\/jornalfatosenoticias.com.br\/#organization\"},\"image\":{\"@id\":\"https:\/\/jornalfatosenoticias.com.br\/index.php\/2023\/07\/28\/maior-vulcao-do-sistema-solar-ja-foi-ilha-vulcanica-diz-estudo\/#primaryimage\"},\"thumbnailUrl\":\"https:\/\/jornalfatosenoticias.com.br\/wp-content\/uploads\/2023\/07\/vulcao-do-sistema-solar.png\",\"keywords\":[\"espa\u00e7o\",\"ilha\",\"Marte\",\"sistema solar\",\"vulc\u00e3o\"],\"articleSection\":[\"Ci\u00eancia\"],\"inLanguage\":\"pt-BR\",\"potentialAction\":[{\"@type\":\"CommentAction\",\"name\":\"Comment\",\"target\":[\"https:\/\/jornalfatosenoticias.com.br\/index.php\/2023\/07\/28\/maior-vulcao-do-sistema-solar-ja-foi-ilha-vulcanica-diz-estudo\/#respond\"]}]},{\"@type\":\"WebPage\",\"@id\":\"https:\/\/jornalfatosenoticias.com.br\/index.php\/2023\/07\/28\/maior-vulcao-do-sistema-solar-ja-foi-ilha-vulcanica-diz-estudo\/\",\"url\":\"https:\/\/jornalfatosenoticias.com.br\/index.php\/2023\/07\/28\/maior-vulcao-do-sistema-solar-ja-foi-ilha-vulcanica-diz-estudo\/\",\"name\":\"Maior vulc\u00e3o do Sistema Solar j\u00e1 foi ilha vulc\u00e2nica, diz estudo - Jornal Fatos e Not\u00edcias\",\"isPartOf\":{\"@id\":\"https:\/\/jornalfatosenoticias.com.br\/#website\"},\"primaryImageOfPage\":{\"@id\":\"https:\/\/jornalfatosenoticias.com.br\/index.php\/2023\/07\/28\/maior-vulcao-do-sistema-solar-ja-foi-ilha-vulcanica-diz-estudo\/#primaryimage\"},\"image\":{\"@id\":\"https:\/\/jornalfatosenoticias.com.br\/index.php\/2023\/07\/28\/maior-vulcao-do-sistema-solar-ja-foi-ilha-vulcanica-diz-estudo\/#primaryimage\"},\"thumbnailUrl\":\"https:\/\/jornalfatosenoticias.com.br\/wp-content\/uploads\/2023\/07\/vulcao-do-sistema-solar.png\",\"datePublished\":\"2023-07-28T12:43:49+00:00\",\"dateModified\":\"2023-07-28T12:43:52+00:00\",\"breadcrumb\":{\"@id\":\"https:\/\/jornalfatosenoticias.com.br\/index.php\/2023\/07\/28\/maior-vulcao-do-sistema-solar-ja-foi-ilha-vulcanica-diz-estudo\/#breadcrumb\"},\"inLanguage\":\"pt-BR\",\"potentialAction\":[{\"@type\":\"ReadAction\",\"target\":[\"https:\/\/jornalfatosenoticias.com.br\/index.php\/2023\/07\/28\/maior-vulcao-do-sistema-solar-ja-foi-ilha-vulcanica-diz-estudo\/\"]}]},{\"@type\":\"ImageObject\",\"inLanguage\":\"pt-BR\",\"@id\":\"https:\/\/jornalfatosenoticias.com.br\/index.php\/2023\/07\/28\/maior-vulcao-do-sistema-solar-ja-foi-ilha-vulcanica-diz-estudo\/#primaryimage\",\"url\":\"https:\/\/jornalfatosenoticias.com.br\/wp-content\/uploads\/2023\/07\/vulcao-do-sistema-solar.png\",\"contentUrl\":\"https:\/\/jornalfatosenoticias.com.br\/wp-content\/uploads\/2023\/07\/vulcao-do-sistema-solar.png\",\"width\":1000,\"height\":560},{\"@type\":\"BreadcrumbList\",\"@id\":\"https:\/\/jornalfatosenoticias.com.br\/index.php\/2023\/07\/28\/maior-vulcao-do-sistema-solar-ja-foi-ilha-vulcanica-diz-estudo\/#breadcrumb\",\"itemListElement\":[{\"@type\":\"ListItem\",\"position\":1,\"name\":\"In\u00edcio\",\"item\":\"https:\/\/jornalfatosenoticias.com.br\/\"},{\"@type\":\"ListItem\",\"position\":2,\"name\":\"Maior vulc\u00e3o do Sistema Solar j\u00e1 foi ilha vulc\u00e2nica, diz estudo\"}]},{\"@type\":\"WebSite\",\"@id\":\"https:\/\/jornalfatosenoticias.com.br\/#website\",\"url\":\"https:\/\/jornalfatosenoticias.com.br\/\",\"name\":\"Jornal Fatos e Not\u00edcias\",\"description\":\"Not\u00edcias em geral\",\"publisher\":{\"@id\":\"https:\/\/jornalfatosenoticias.com.br\/#organization\"},\"potentialAction\":[{\"@type\":\"SearchAction\",\"target\":{\"@type\":\"EntryPoint\",\"urlTemplate\":\"https:\/\/jornalfatosenoticias.com.br\/?s={search_term_string}\"},\"query-input\":{\"@type\":\"PropertyValueSpecification\",\"valueRequired\":true,\"valueName\":\"search_term_string\"}}],\"inLanguage\":\"pt-BR\"},{\"@type\":\"Organization\",\"@id\":\"https:\/\/jornalfatosenoticias.com.br\/#organization\",\"name\":\"Jornal Fatos e Not\u00edcias\",\"url\":\"https:\/\/jornalfatosenoticias.com.br\/\",\"logo\":{\"@type\":\"ImageObject\",\"inLanguage\":\"pt-BR\",\"@id\":\"https:\/\/jornalfatosenoticias.com.br\/#\/schema\/logo\/image\/\",\"url\":\"https:\/\/jornalfatosenoticias.com.br\/wp-content\/uploads\/2020\/02\/logo120.png\",\"contentUrl\":\"https:\/\/jornalfatosenoticias.com.br\/wp-content\/uploads\/2020\/02\/logo120.png\",\"width\":1227,\"height\":120,\"caption\":\"Jornal Fatos e Not\u00edcias\"},\"image\":{\"@id\":\"https:\/\/jornalfatosenoticias.com.br\/#\/schema\/logo\/image\/\"}},{\"@type\":\"Person\",\"@id\":\"https:\/\/jornalfatosenoticias.com.br\/#\/schema\/person\/d63837fa13ac8666eb9e74e0985d6f81\",\"name\":\"Luzimara Fernandes\",\"image\":{\"@type\":\"ImageObject\",\"inLanguage\":\"pt-BR\",\"@id\":\"https:\/\/jornalfatosenoticias.com.br\/#\/schema\/person\/image\/\",\"url\":\"https:\/\/jornalfatosenoticias.com.br\/wp-content\/uploads\/2025\/05\/EU_portal.jpg\",\"contentUrl\":\"https:\/\/jornalfatosenoticias.com.br\/wp-content\/uploads\/2025\/05\/EU_portal.jpg\",\"caption\":\"Luzimara Fernandes\"},\"description\":\"Jornalista MTB 2358-ES\",\"sameAs\":[\"https:\/\/jornalfatosenoticias.com.br\"],\"url\":\"https:\/\/jornalfatosenoticias.com.br\/index.php\/author\/luzimara\/\"}]}<\/script>\n<!-- \/ Yoast SEO plugin. -->","yoast_head_json":{"title":"Maior vulc\u00e3o do Sistema Solar j\u00e1 foi ilha vulc\u00e2nica, diz estudo - Jornal Fatos e Not\u00edcias","robots":{"index":"index","follow":"follow","max-snippet":"max-snippet:-1","max-image-preview":"max-image-preview:large","max-video-preview":"max-video-preview:-1"},"canonical":"https:\/\/jornalfatosenoticias.com.br\/index.php\/2023\/07\/28\/maior-vulcao-do-sistema-solar-ja-foi-ilha-vulcanica-diz-estudo\/","og_locale":"pt_BR","og_type":"article","og_title":"Maior vulc\u00e3o do Sistema Solar j\u00e1 foi ilha vulc\u00e2nica, diz estudo - Jornal Fatos e Not\u00edcias","og_description":"Por Lu\u00edsa Costa O maior vulc\u00e3o do Sistema Solar \u00e9 o Monte Olimpo, que fica em Marte e tem mais de 25 quil\u00f4metros de altura e 600 quil\u00f4metros de di\u00e2metro. \u00c9 uma montanha mais larga que o estado de S\u00e3o Paulo, do ponto mais setentrional ao mais meridional.Agora, uma equipe de pesquisadores da Universidade Paris-Saclay, [&hellip;]","og_url":"https:\/\/jornalfatosenoticias.com.br\/index.php\/2023\/07\/28\/maior-vulcao-do-sistema-solar-ja-foi-ilha-vulcanica-diz-estudo\/","og_site_name":"Jornal Fatos e Not\u00edcias","article_published_time":"2023-07-28T12:43:49+00:00","article_modified_time":"2023-07-28T12:43:52+00:00","og_image":[{"width":1000,"height":560,"url":"https:\/\/jornalfatosenoticias.com.br\/wp-content\/uploads\/2023\/07\/vulcao-do-sistema-solar.png","type":"image\/png"}],"author":"Luzimara Fernandes","twitter_card":"summary_large_image","twitter_misc":{"Escrito por":"Luzimara Fernandes","Est. tempo de leitura":"2 minutos"},"schema":{"@context":"https:\/\/schema.org","@graph":[{"@type":"Article","@id":"https:\/\/jornalfatosenoticias.com.br\/index.php\/2023\/07\/28\/maior-vulcao-do-sistema-solar-ja-foi-ilha-vulcanica-diz-estudo\/#article","isPartOf":{"@id":"https:\/\/jornalfatosenoticias.com.br\/index.php\/2023\/07\/28\/maior-vulcao-do-sistema-solar-ja-foi-ilha-vulcanica-diz-estudo\/"},"author":{"name":"Luzimara Fernandes","@id":"https:\/\/jornalfatosenoticias.com.br\/#\/schema\/person\/d63837fa13ac8666eb9e74e0985d6f81"},"headline":"Maior vulc\u00e3o do Sistema Solar j\u00e1 foi ilha vulc\u00e2nica, diz estudo","datePublished":"2023-07-28T12:43:49+00:00","dateModified":"2023-07-28T12:43:52+00:00","mainEntityOfPage":{"@id":"https:\/\/jornalfatosenoticias.com.br\/index.php\/2023\/07\/28\/maior-vulcao-do-sistema-solar-ja-foi-ilha-vulcanica-diz-estudo\/"},"wordCount":442,"commentCount":0,"publisher":{"@id":"https:\/\/jornalfatosenoticias.com.br\/#organization"},"image":{"@id":"https:\/\/jornalfatosenoticias.com.br\/index.php\/2023\/07\/28\/maior-vulcao-do-sistema-solar-ja-foi-ilha-vulcanica-diz-estudo\/#primaryimage"},"thumbnailUrl":"https:\/\/jornalfatosenoticias.com.br\/wp-content\/uploads\/2023\/07\/vulcao-do-sistema-solar.png","keywords":["espa\u00e7o","ilha","Marte","sistema solar","vulc\u00e3o"],"articleSection":["Ci\u00eancia"],"inLanguage":"pt-BR","potentialAction":[{"@type":"CommentAction","name":"Comment","target":["https:\/\/jornalfatosenoticias.com.br\/index.php\/2023\/07\/28\/maior-vulcao-do-sistema-solar-ja-foi-ilha-vulcanica-diz-estudo\/#respond"]}]},{"@type":"WebPage","@id":"https:\/\/jornalfatosenoticias.com.br\/index.php\/2023\/07\/28\/maior-vulcao-do-sistema-solar-ja-foi-ilha-vulcanica-diz-estudo\/","url":"https:\/\/jornalfatosenoticias.com.br\/index.php\/2023\/07\/28\/maior-vulcao-do-sistema-solar-ja-foi-ilha-vulcanica-diz-estudo\/","name":"Maior vulc\u00e3o do Sistema Solar j\u00e1 foi ilha vulc\u00e2nica, diz estudo - Jornal Fatos e Not\u00edcias","isPartOf":{"@id":"https:\/\/jornalfatosenoticias.com.br\/#website"},"primaryImageOfPage":{"@id":"https:\/\/jornalfatosenoticias.com.br\/index.php\/2023\/07\/28\/maior-vulcao-do-sistema-solar-ja-foi-ilha-vulcanica-diz-estudo\/#primaryimage"},"image":{"@id":"https:\/\/jornalfatosenoticias.com.br\/index.php\/2023\/07\/28\/maior-vulcao-do-sistema-solar-ja-foi-ilha-vulcanica-diz-estudo\/#primaryimage"},"thumbnailUrl":"https:\/\/jornalfatosenoticias.com.br\/wp-content\/uploads\/2023\/07\/vulcao-do-sistema-solar.png","datePublished":"2023-07-28T12:43:49+00:00","dateModified":"2023-07-28T12:43:52+00:00","breadcrumb":{"@id":"https:\/\/jornalfatosenoticias.com.br\/index.php\/2023\/07\/28\/maior-vulcao-do-sistema-solar-ja-foi-ilha-vulcanica-diz-estudo\/#breadcrumb"},"inLanguage":"pt-BR","potentialAction":[{"@type":"ReadAction","target":["https:\/\/jornalfatosenoticias.com.br\/index.php\/2023\/07\/28\/maior-vulcao-do-sistema-solar-ja-foi-ilha-vulcanica-diz-estudo\/"]}]},{"@type":"ImageObject","inLanguage":"pt-BR","@id":"https:\/\/jornalfatosenoticias.com.br\/index.php\/2023\/07\/28\/maior-vulcao-do-sistema-solar-ja-foi-ilha-vulcanica-diz-estudo\/#primaryimage","url":"https:\/\/jornalfatosenoticias.com.br\/wp-content\/uploads\/2023\/07\/vulcao-do-sistema-solar.png","contentUrl":"https:\/\/jornalfatosenoticias.com.br\/wp-content\/uploads\/2023\/07\/vulcao-do-sistema-solar.png","width":1000,"height":560},{"@type":"BreadcrumbList","@id":"https:\/\/jornalfatosenoticias.com.br\/index.php\/2023\/07\/28\/maior-vulcao-do-sistema-solar-ja-foi-ilha-vulcanica-diz-estudo\/#breadcrumb","itemListElement":[{"@type":"ListItem","position":1,"name":"In\u00edcio","item":"https:\/\/jornalfatosenoticias.com.br\/"},{"@type":"ListItem","position":2,"name":"Maior vulc\u00e3o do Sistema Solar j\u00e1 foi ilha vulc\u00e2nica, diz estudo"}]},{"@type":"WebSite","@id":"https:\/\/jornalfatosenoticias.com.br\/#website","url":"https:\/\/jornalfatosenoticias.com.br\/","name":"Jornal Fatos e Not\u00edcias","description":"Not\u00edcias em geral","publisher":{"@id":"https:\/\/jornalfatosenoticias.com.br\/#organization"},"potentialAction":[{"@type":"SearchAction","target":{"@type":"EntryPoint","urlTemplate":"https:\/\/jornalfatosenoticias.com.br\/?s={search_term_string}"},"query-input":{"@type":"PropertyValueSpecification","valueRequired":true,"valueName":"search_term_string"}}],"inLanguage":"pt-BR"},{"@type":"Organization","@id":"https:\/\/jornalfatosenoticias.com.br\/#organization","name":"Jornal Fatos e Not\u00edcias","url":"https:\/\/jornalfatosenoticias.com.br\/","logo":{"@type":"ImageObject","inLanguage":"pt-BR","@id":"https:\/\/jornalfatosenoticias.com.br\/#\/schema\/logo\/image\/","url":"https:\/\/jornalfatosenoticias.com.br\/wp-content\/uploads\/2020\/02\/logo120.png","contentUrl":"https:\/\/jornalfatosenoticias.com.br\/wp-content\/uploads\/2020\/02\/logo120.png","width":1227,"height":120,"caption":"Jornal Fatos e Not\u00edcias"},"image":{"@id":"https:\/\/jornalfatosenoticias.com.br\/#\/schema\/logo\/image\/"}},{"@type":"Person","@id":"https:\/\/jornalfatosenoticias.com.br\/#\/schema\/person\/d63837fa13ac8666eb9e74e0985d6f81","name":"Luzimara Fernandes","image":{"@type":"ImageObject","inLanguage":"pt-BR","@id":"https:\/\/jornalfatosenoticias.com.br\/#\/schema\/person\/image\/","url":"https:\/\/jornalfatosenoticias.com.br\/wp-content\/uploads\/2025\/05\/EU_portal.jpg","contentUrl":"https:\/\/jornalfatosenoticias.com.br\/wp-content\/uploads\/2025\/05\/EU_portal.jpg","caption":"Luzimara Fernandes"},"description":"Jornalista MTB 2358-ES","sameAs":["https:\/\/jornalfatosenoticias.com.br"],"url":"https:\/\/jornalfatosenoticias.com.br\/index.php\/author\/luzimara\/"}]}},"cc_featured_image_caption":{"caption_text":"(Foto: ESA\/Reprodu\u00e7\u00e3o)","source_text":"","source_url":""},"jetpack_featured_media_url":"https:\/\/jornalfatosenoticias.com.br\/wp-content\/uploads\/2023\/07\/vulcao-do-sistema-solar.png","_links":{"self":[{"href":"https:\/\/jornalfatosenoticias.com.br\/index.php\/wp-json\/wp\/v2\/posts\/43740","targetHints":{"allow":["GET"]}}],"collection":[{"href":"https:\/\/jornalfatosenoticias.com.br\/index.php\/wp-json\/wp\/v2\/posts"}],"about":[{"href":"https:\/\/jornalfatosenoticias.com.br\/index.php\/wp-json\/wp\/v2\/types\/post"}],"author":[{"embeddable":true,"href":"https:\/\/jornalfatosenoticias.com.br\/index.php\/wp-json\/wp\/v2\/users\/2"}],"replies":[{"embeddable":true,"href":"https:\/\/jornalfatosenoticias.com.br\/index.php\/wp-json\/wp\/v2\/comments?post=43740"}],"version-history":[{"count":0,"href":"https:\/\/jornalfatosenoticias.com.br\/index.php\/wp-json\/wp\/v2\/posts\/43740\/revisions"}],"wp:featuredmedia":[{"embeddable":true,"href":"https:\/\/jornalfatosenoticias.com.br\/index.php\/wp-json\/wp\/v2\/media\/43741"}],"wp:attachment":[{"href":"https:\/\/jornalfatosenoticias.com.br\/index.php\/wp-json\/wp\/v2\/media?parent=43740"}],"wp:term":[{"taxonomy":"category","embeddable":true,"href":"https:\/\/jornalfatosenoticias.com.br\/index.php\/wp-json\/wp\/v2\/categories?post=43740"},{"taxonomy":"post_tag","embeddable":true,"href":"https:\/\/jornalfatosenoticias.com.br\/index.php\/wp-json\/wp\/v2\/tags?post=43740"}],"curies":[{"name":"wp","href":"https:\/\/api.w.org\/{rel}","templated":true}]}}