{"id":43743,"date":"2023-07-28T09:54:27","date_gmt":"2023-07-28T12:54:27","guid":{"rendered":"https:\/\/jornalfatosenoticias.com.br\/?p=43743"},"modified":"2023-07-28T09:54:30","modified_gmt":"2023-07-28T12:54:30","slug":"esta-regiao-do-deserto-do-atacama-e-o-lugar-mais-ensolarado-da-terra","status":"publish","type":"post","link":"https:\/\/jornalfatosenoticias.com.br\/index.php\/2023\/07\/28\/esta-regiao-do-deserto-do-atacama-e-o-lugar-mais-ensolarado-da-terra\/","title":{"rendered":"Esta regi\u00e3o do deserto do Atacama \u00e9 o lugar mais ensolarado da Terra"},"content":{"rendered":"\n<p><em><span class=\"has-inline-color has-black-color\">Por <strong><a href=\"https:\/\/gizmodo.uol.com.br\/author\/luisa-costa\/\">Lu\u00edsa Costa<\/a><\/strong><\/span><\/em><\/p>\n\n\n\n<div class=\"wp-block-image\"><figure class=\"aligncenter size-large\"><img loading=\"lazy\" decoding=\"async\" width=\"1024\" height=\"110\" src=\"https:\/\/jornalfatosenoticias.com.br\/wp-content\/uploads\/2023\/03\/Crypton-1120-\u00d7-120-px-1-1024x110.png\" alt=\"\" class=\"wp-image-39211\" srcset=\"https:\/\/jornalfatosenoticias.com.br\/wp-content\/uploads\/2023\/03\/Crypton-1120-\u00d7-120-px-1-1024x110.png 1024w, https:\/\/jornalfatosenoticias.com.br\/wp-content\/uploads\/2023\/03\/Crypton-1120-\u00d7-120-px-1-300x32.png 300w, https:\/\/jornalfatosenoticias.com.br\/wp-content\/uploads\/2023\/03\/Crypton-1120-\u00d7-120-px-1-768x82.png 768w, https:\/\/jornalfatosenoticias.com.br\/wp-content\/uploads\/2023\/03\/Crypton-1120-\u00d7-120-px-1.png 1120w\" sizes=\"auto, (max-width: 1024px) 100vw, 1024px\" \/><\/figure><\/div>\n\n\n\n<p>O lugar mais ensolarado da Terra \u00e9 o Altiplano do Deserto do Atacama, um planalto pr\u00f3ximo \u00e0 Cordilheira dos Andes, no Chile. O Altiplano, a uma altitude de quatro mil metros, recebe mais luz do que lugares mais pr\u00f3ximos do Equador ou em altitudes maiores. Esta \u00e9 a conclus\u00e3o de pesquisadores da Universidade de Santiago de Chile e outras institui\u00e7\u00f5es, que <a href=\"https:\/\/journals.ametsoc.org\/view\/journals\/bams\/104\/6\/BAMS-D-22-0215.1.xml\" target=\"_blank\" rel=\"noreferrer noopener\">publicaram<\/a> um estudo este m\u00eas na revista cient\u00edfica <em>Bulletin of the American Meteorological Society.<\/em><br>Os cientistas analisaram cinco anos de medi\u00e7\u00f5es de irradia\u00e7\u00e3o solar em um observat\u00f3rio no deserto do Atacama. Eles afirmam que a irradia\u00e7\u00e3o solar m\u00e9dia no planalto \u00e9 de 308 watts por metro quadrado \u2014 e o recorde no planalto em 2.177 watts por metro quadrado. Eles apontam, para fins de compara\u00e7\u00e3o, que a radia\u00e7\u00e3o no topo da atmosfera da Terra \u00e9 de aproximadamente 1.360 watts por metro quadrado. O Altiplano seria alvo de tanta luz solar quanto V\u00eanus, o segundo planeta mais pr\u00f3ximo do <a href=\"https:\/\/gizmodo.uol.com.br\/tag\/sol\/\" target=\"_blank\" rel=\"noreferrer noopener\">Sol<\/a>, 28% mais perto do astro-rei do que a Terra.<\/p>\n\n\n\n<div class=\"wp-block-image\"><figure class=\"aligncenter size-large is-resized\"><img loading=\"lazy\" decoding=\"async\" src=\"https:\/\/jornalfatosenoticias.com.br\/wp-content\/uploads\/2020\/02\/casa-do-torresmo_portal.jpg\" alt=\"\" class=\"wp-image-34472\" width=\"260\" height=\"260\" srcset=\"https:\/\/jornalfatosenoticias.com.br\/wp-content\/uploads\/2020\/02\/casa-do-torresmo_portal.jpg 300w, https:\/\/jornalfatosenoticias.com.br\/wp-content\/uploads\/2020\/02\/casa-do-torresmo_portal-150x150.jpg 150w\" sizes=\"auto, (max-width: 260px) 100vw, 260px\" \/><\/figure><\/div>\n\n\n\n<p><strong><span class=\"has-inline-color has-black-color\">Por que o deserto do Atacama?<br><\/span><\/strong>A luz do Sol chega \u00e0 Terra e \u00e9 parcialmente absorvida pelo vapor d\u2019\u00e1gua da atmosfera, e espalhada por nuvens e aeross\u00f3is. Um lugar alto como o Altiplano, no deserto do Atacama, estaria acima dessa camada de vapor d\u2019\u00e1gua e tem menos nuvens e aeross\u00f3is. Assim, a superf\u00edcie recebe mais radia\u00e7\u00e3o solar.<\/p>\n\n\n\n<div class=\"wp-block-image\"><figure class=\"aligncenter size-large is-resized\"><img loading=\"lazy\" decoding=\"async\" src=\"https:\/\/jornalfatosenoticias.com.br\/wp-content\/uploads\/2020\/02\/logo-Rapuzel-1024x571.jpg\" alt=\"\" class=\"wp-image-42808\" width=\"372\" height=\"207\" srcset=\"https:\/\/jornalfatosenoticias.com.br\/wp-content\/uploads\/2020\/02\/logo-Rapuzel-1024x571.jpg 1024w, https:\/\/jornalfatosenoticias.com.br\/wp-content\/uploads\/2020\/02\/logo-Rapuzel-300x167.jpg 300w, https:\/\/jornalfatosenoticias.com.br\/wp-content\/uploads\/2020\/02\/logo-Rapuzel-768x428.jpg 768w, https:\/\/jornalfatosenoticias.com.br\/wp-content\/uploads\/2020\/02\/logo-Rapuzel-1536x856.jpg 1536w, https:\/\/jornalfatosenoticias.com.br\/wp-content\/uploads\/2020\/02\/logo-Rapuzel.jpg 1600w\" sizes=\"auto, (max-width: 372px) 100vw, 372px\" \/><\/figure><\/div>\n\n\n\n<p>O deserto do Atacama tamb\u00e9m est\u00e1 no Hemisf\u00e9rio Sul do planeta, o que colabora para que o lugar seja t\u00e3o ensolarado. \u00c9 que o sul global recebe mais radia\u00e7\u00e3o solar no ver\u00e3o do que o Hemisf\u00e9rio Norte no ver\u00e3o. Isso acontece porque a \u00f3rbita da Terra n\u00e3o \u00e9 um c\u00edrculo perfeito, e a Terra est\u00e1 ligeiramente mais pr\u00f3xima do Sol em janeiro.<\/p>\n\n\n\n<div class=\"wp-block-image\"><figure class=\"aligncenter size-large is-resized\"><img loading=\"lazy\" decoding=\"async\" src=\"https:\/\/jornalfatosenoticias.com.br\/wp-content\/uploads\/2023\/07\/torneio_volei.jpg\" alt=\"\" class=\"wp-image-43455\" width=\"446\" height=\"445\" srcset=\"https:\/\/jornalfatosenoticias.com.br\/wp-content\/uploads\/2023\/07\/torneio_volei.jpg 1000w, https:\/\/jornalfatosenoticias.com.br\/wp-content\/uploads\/2023\/07\/torneio_volei-300x300.jpg 300w, https:\/\/jornalfatosenoticias.com.br\/wp-content\/uploads\/2023\/07\/torneio_volei-150x150.jpg 150w, https:\/\/jornalfatosenoticias.com.br\/wp-content\/uploads\/2023\/07\/torneio_volei-768x767.jpg 768w\" sizes=\"auto, (max-width: 446px) 100vw, 446px\" \/><\/figure><\/div>\n\n\n\n<p><strong><em>Fonte: <a href=\"https:\/\/gizmodo.uol.com.br\/esta-regiao-do-deserto-do-atacama-e-o-lugar-mais-ensolarado-da-terra\/\">GizModo<\/a><\/em><\/strong><\/p>\n","protected":false},"excerpt":{"rendered":"<p>Por Lu\u00edsa Costa O lugar mais ensolarado da Terra \u00e9 o Altiplano do Deserto do Atacama, um planalto pr\u00f3ximo \u00e0 Cordilheira dos Andes, no Chile. O Altiplano, a uma altitude de quatro mil metros, recebe mais luz do que lugares mais pr\u00f3ximos do Equador ou em altitudes maiores. Esta \u00e9 a conclus\u00e3o de pesquisadores da [&hellip;]<\/p>\n","protected":false},"author":2,"featured_media":43744,"comment_status":"open","ping_status":"open","sticky":false,"template":"","format":"standard","meta":{"footnotes":""},"categories":[41],"tags":[20607,20608,1231,20606,466,94],"class_list":["post-43743","post","type-post","status-publish","format-standard","has-post-thumbnail","hentry","category-internacional","tag-altiplano-do-deserto-do-atacama","tag-altitude","tag-chile","tag-deserto-do-atacama","tag-sol","tag-terra"],"yoast_head":"<!-- This site is optimized with the Yoast SEO plugin v26.5 - https:\/\/yoast.com\/wordpress\/plugins\/seo\/ -->\n<title>Esta regi\u00e3o do deserto do Atacama \u00e9 o lugar mais ensolarado da Terra - Jornal Fatos e Not\u00edcias<\/title>\n<meta name=\"robots\" content=\"index, follow, max-snippet:-1, max-image-preview:large, max-video-preview:-1\" \/>\n<link rel=\"canonical\" href=\"https:\/\/jornalfatosenoticias.com.br\/index.php\/2023\/07\/28\/esta-regiao-do-deserto-do-atacama-e-o-lugar-mais-ensolarado-da-terra\/\" \/>\n<meta property=\"og:locale\" content=\"pt_BR\" \/>\n<meta property=\"og:type\" content=\"article\" \/>\n<meta property=\"og:title\" content=\"Esta regi\u00e3o do deserto do Atacama \u00e9 o lugar mais ensolarado da Terra - Jornal Fatos e Not\u00edcias\" \/>\n<meta property=\"og:description\" content=\"Por Lu\u00edsa Costa O lugar mais ensolarado da Terra \u00e9 o Altiplano do Deserto do Atacama, um planalto pr\u00f3ximo \u00e0 Cordilheira dos Andes, no Chile. O Altiplano, a uma altitude de quatro mil metros, recebe mais luz do que lugares mais pr\u00f3ximos do Equador ou em altitudes maiores. Esta \u00e9 a conclus\u00e3o de pesquisadores da [&hellip;]\" \/>\n<meta property=\"og:url\" content=\"https:\/\/jornalfatosenoticias.com.br\/index.php\/2023\/07\/28\/esta-regiao-do-deserto-do-atacama-e-o-lugar-mais-ensolarado-da-terra\/\" \/>\n<meta property=\"og:site_name\" content=\"Jornal Fatos e Not\u00edcias\" \/>\n<meta property=\"article:published_time\" content=\"2023-07-28T12:54:27+00:00\" \/>\n<meta property=\"article:modified_time\" content=\"2023-07-28T12:54:30+00:00\" \/>\n<meta property=\"og:image\" content=\"https:\/\/jornalfatosenoticias.com.br\/wp-content\/uploads\/2023\/07\/deserto-do-atacama-unsplash.png\" \/>\n\t<meta property=\"og:image:width\" content=\"1000\" \/>\n\t<meta property=\"og:image:height\" content=\"580\" \/>\n\t<meta property=\"og:image:type\" content=\"image\/png\" \/>\n<meta name=\"author\" content=\"Luzimara Fernandes\" \/>\n<meta name=\"twitter:card\" content=\"summary_large_image\" \/>\n<meta name=\"twitter:label1\" content=\"Escrito por\" \/>\n\t<meta name=\"twitter:data1\" content=\"Luzimara Fernandes\" \/>\n\t<meta name=\"twitter:label2\" content=\"Est. tempo de leitura\" \/>\n\t<meta name=\"twitter:data2\" content=\"2 minutos\" \/>\n<script type=\"application\/ld+json\" class=\"yoast-schema-graph\">{\"@context\":\"https:\/\/schema.org\",\"@graph\":[{\"@type\":\"Article\",\"@id\":\"https:\/\/jornalfatosenoticias.com.br\/index.php\/2023\/07\/28\/esta-regiao-do-deserto-do-atacama-e-o-lugar-mais-ensolarado-da-terra\/#article\",\"isPartOf\":{\"@id\":\"https:\/\/jornalfatosenoticias.com.br\/index.php\/2023\/07\/28\/esta-regiao-do-deserto-do-atacama-e-o-lugar-mais-ensolarado-da-terra\/\"},\"author\":{\"name\":\"Luzimara Fernandes\",\"@id\":\"https:\/\/jornalfatosenoticias.com.br\/#\/schema\/person\/d63837fa13ac8666eb9e74e0985d6f81\"},\"headline\":\"Esta regi\u00e3o do deserto do Atacama \u00e9 o lugar mais ensolarado da Terra\",\"datePublished\":\"2023-07-28T12:54:27+00:00\",\"dateModified\":\"2023-07-28T12:54:30+00:00\",\"mainEntityOfPage\":{\"@id\":\"https:\/\/jornalfatosenoticias.com.br\/index.php\/2023\/07\/28\/esta-regiao-do-deserto-do-atacama-e-o-lugar-mais-ensolarado-da-terra\/\"},\"wordCount\":325,\"commentCount\":0,\"publisher\":{\"@id\":\"https:\/\/jornalfatosenoticias.com.br\/#organization\"},\"image\":{\"@id\":\"https:\/\/jornalfatosenoticias.com.br\/index.php\/2023\/07\/28\/esta-regiao-do-deserto-do-atacama-e-o-lugar-mais-ensolarado-da-terra\/#primaryimage\"},\"thumbnailUrl\":\"https:\/\/jornalfatosenoticias.com.br\/wp-content\/uploads\/2023\/07\/deserto-do-atacama-unsplash.png\",\"keywords\":[\"Altiplano do Deserto do Atacama\",\"altitude\",\"Chile\",\"deserto do Atacama\",\"Sol\",\"Terra\"],\"articleSection\":[\"Internacional\"],\"inLanguage\":\"pt-BR\",\"potentialAction\":[{\"@type\":\"CommentAction\",\"name\":\"Comment\",\"target\":[\"https:\/\/jornalfatosenoticias.com.br\/index.php\/2023\/07\/28\/esta-regiao-do-deserto-do-atacama-e-o-lugar-mais-ensolarado-da-terra\/#respond\"]}]},{\"@type\":\"WebPage\",\"@id\":\"https:\/\/jornalfatosenoticias.com.br\/index.php\/2023\/07\/28\/esta-regiao-do-deserto-do-atacama-e-o-lugar-mais-ensolarado-da-terra\/\",\"url\":\"https:\/\/jornalfatosenoticias.com.br\/index.php\/2023\/07\/28\/esta-regiao-do-deserto-do-atacama-e-o-lugar-mais-ensolarado-da-terra\/\",\"name\":\"Esta regi\u00e3o do deserto do Atacama \u00e9 o lugar mais ensolarado da Terra - Jornal Fatos e Not\u00edcias\",\"isPartOf\":{\"@id\":\"https:\/\/jornalfatosenoticias.com.br\/#website\"},\"primaryImageOfPage\":{\"@id\":\"https:\/\/jornalfatosenoticias.com.br\/index.php\/2023\/07\/28\/esta-regiao-do-deserto-do-atacama-e-o-lugar-mais-ensolarado-da-terra\/#primaryimage\"},\"image\":{\"@id\":\"https:\/\/jornalfatosenoticias.com.br\/index.php\/2023\/07\/28\/esta-regiao-do-deserto-do-atacama-e-o-lugar-mais-ensolarado-da-terra\/#primaryimage\"},\"thumbnailUrl\":\"https:\/\/jornalfatosenoticias.com.br\/wp-content\/uploads\/2023\/07\/deserto-do-atacama-unsplash.png\",\"datePublished\":\"2023-07-28T12:54:27+00:00\",\"dateModified\":\"2023-07-28T12:54:30+00:00\",\"breadcrumb\":{\"@id\":\"https:\/\/jornalfatosenoticias.com.br\/index.php\/2023\/07\/28\/esta-regiao-do-deserto-do-atacama-e-o-lugar-mais-ensolarado-da-terra\/#breadcrumb\"},\"inLanguage\":\"pt-BR\",\"potentialAction\":[{\"@type\":\"ReadAction\",\"target\":[\"https:\/\/jornalfatosenoticias.com.br\/index.php\/2023\/07\/28\/esta-regiao-do-deserto-do-atacama-e-o-lugar-mais-ensolarado-da-terra\/\"]}]},{\"@type\":\"ImageObject\",\"inLanguage\":\"pt-BR\",\"@id\":\"https:\/\/jornalfatosenoticias.com.br\/index.php\/2023\/07\/28\/esta-regiao-do-deserto-do-atacama-e-o-lugar-mais-ensolarado-da-terra\/#primaryimage\",\"url\":\"https:\/\/jornalfatosenoticias.com.br\/wp-content\/uploads\/2023\/07\/deserto-do-atacama-unsplash.png\",\"contentUrl\":\"https:\/\/jornalfatosenoticias.com.br\/wp-content\/uploads\/2023\/07\/deserto-do-atacama-unsplash.png\",\"width\":1000,\"height\":580},{\"@type\":\"BreadcrumbList\",\"@id\":\"https:\/\/jornalfatosenoticias.com.br\/index.php\/2023\/07\/28\/esta-regiao-do-deserto-do-atacama-e-o-lugar-mais-ensolarado-da-terra\/#breadcrumb\",\"itemListElement\":[{\"@type\":\"ListItem\",\"position\":1,\"name\":\"In\u00edcio\",\"item\":\"https:\/\/jornalfatosenoticias.com.br\/\"},{\"@type\":\"ListItem\",\"position\":2,\"name\":\"Esta regi\u00e3o do deserto do Atacama \u00e9 o lugar mais ensolarado da Terra\"}]},{\"@type\":\"WebSite\",\"@id\":\"https:\/\/jornalfatosenoticias.com.br\/#website\",\"url\":\"https:\/\/jornalfatosenoticias.com.br\/\",\"name\":\"Jornal Fatos e Not\u00edcias\",\"description\":\"Not\u00edcias em geral\",\"publisher\":{\"@id\":\"https:\/\/jornalfatosenoticias.com.br\/#organization\"},\"potentialAction\":[{\"@type\":\"SearchAction\",\"target\":{\"@type\":\"EntryPoint\",\"urlTemplate\":\"https:\/\/jornalfatosenoticias.com.br\/?s={search_term_string}\"},\"query-input\":{\"@type\":\"PropertyValueSpecification\",\"valueRequired\":true,\"valueName\":\"search_term_string\"}}],\"inLanguage\":\"pt-BR\"},{\"@type\":\"Organization\",\"@id\":\"https:\/\/jornalfatosenoticias.com.br\/#organization\",\"name\":\"Jornal Fatos e Not\u00edcias\",\"url\":\"https:\/\/jornalfatosenoticias.com.br\/\",\"logo\":{\"@type\":\"ImageObject\",\"inLanguage\":\"pt-BR\",\"@id\":\"https:\/\/jornalfatosenoticias.com.br\/#\/schema\/logo\/image\/\",\"url\":\"https:\/\/jornalfatosenoticias.com.br\/wp-content\/uploads\/2020\/02\/logo120.png\",\"contentUrl\":\"https:\/\/jornalfatosenoticias.com.br\/wp-content\/uploads\/2020\/02\/logo120.png\",\"width\":1227,\"height\":120,\"caption\":\"Jornal Fatos e Not\u00edcias\"},\"image\":{\"@id\":\"https:\/\/jornalfatosenoticias.com.br\/#\/schema\/logo\/image\/\"}},{\"@type\":\"Person\",\"@id\":\"https:\/\/jornalfatosenoticias.com.br\/#\/schema\/person\/d63837fa13ac8666eb9e74e0985d6f81\",\"name\":\"Luzimara Fernandes\",\"image\":{\"@type\":\"ImageObject\",\"inLanguage\":\"pt-BR\",\"@id\":\"https:\/\/jornalfatosenoticias.com.br\/#\/schema\/person\/image\/\",\"url\":\"https:\/\/jornalfatosenoticias.com.br\/wp-content\/uploads\/2025\/05\/EU_portal.jpg\",\"contentUrl\":\"https:\/\/jornalfatosenoticias.com.br\/wp-content\/uploads\/2025\/05\/EU_portal.jpg\",\"caption\":\"Luzimara Fernandes\"},\"description\":\"Jornalista MTB 2358-ES\",\"sameAs\":[\"https:\/\/jornalfatosenoticias.com.br\"],\"url\":\"https:\/\/jornalfatosenoticias.com.br\/index.php\/author\/luzimara\/\"}]}<\/script>\n<!-- \/ Yoast SEO plugin. -->","yoast_head_json":{"title":"Esta regi\u00e3o do deserto do Atacama \u00e9 o lugar mais ensolarado da Terra - Jornal Fatos e Not\u00edcias","robots":{"index":"index","follow":"follow","max-snippet":"max-snippet:-1","max-image-preview":"max-image-preview:large","max-video-preview":"max-video-preview:-1"},"canonical":"https:\/\/jornalfatosenoticias.com.br\/index.php\/2023\/07\/28\/esta-regiao-do-deserto-do-atacama-e-o-lugar-mais-ensolarado-da-terra\/","og_locale":"pt_BR","og_type":"article","og_title":"Esta regi\u00e3o do deserto do Atacama \u00e9 o lugar mais ensolarado da Terra - Jornal Fatos e Not\u00edcias","og_description":"Por Lu\u00edsa Costa O lugar mais ensolarado da Terra \u00e9 o Altiplano do Deserto do Atacama, um planalto pr\u00f3ximo \u00e0 Cordilheira dos Andes, no Chile. O Altiplano, a uma altitude de quatro mil metros, recebe mais luz do que lugares mais pr\u00f3ximos do Equador ou em altitudes maiores. Esta \u00e9 a conclus\u00e3o de pesquisadores da [&hellip;]","og_url":"https:\/\/jornalfatosenoticias.com.br\/index.php\/2023\/07\/28\/esta-regiao-do-deserto-do-atacama-e-o-lugar-mais-ensolarado-da-terra\/","og_site_name":"Jornal Fatos e Not\u00edcias","article_published_time":"2023-07-28T12:54:27+00:00","article_modified_time":"2023-07-28T12:54:30+00:00","og_image":[{"width":1000,"height":580,"url":"https:\/\/jornalfatosenoticias.com.br\/wp-content\/uploads\/2023\/07\/deserto-do-atacama-unsplash.png","type":"image\/png"}],"author":"Luzimara Fernandes","twitter_card":"summary_large_image","twitter_misc":{"Escrito por":"Luzimara Fernandes","Est. tempo de leitura":"2 minutos"},"schema":{"@context":"https:\/\/schema.org","@graph":[{"@type":"Article","@id":"https:\/\/jornalfatosenoticias.com.br\/index.php\/2023\/07\/28\/esta-regiao-do-deserto-do-atacama-e-o-lugar-mais-ensolarado-da-terra\/#article","isPartOf":{"@id":"https:\/\/jornalfatosenoticias.com.br\/index.php\/2023\/07\/28\/esta-regiao-do-deserto-do-atacama-e-o-lugar-mais-ensolarado-da-terra\/"},"author":{"name":"Luzimara Fernandes","@id":"https:\/\/jornalfatosenoticias.com.br\/#\/schema\/person\/d63837fa13ac8666eb9e74e0985d6f81"},"headline":"Esta regi\u00e3o do deserto do Atacama \u00e9 o lugar mais ensolarado da Terra","datePublished":"2023-07-28T12:54:27+00:00","dateModified":"2023-07-28T12:54:30+00:00","mainEntityOfPage":{"@id":"https:\/\/jornalfatosenoticias.com.br\/index.php\/2023\/07\/28\/esta-regiao-do-deserto-do-atacama-e-o-lugar-mais-ensolarado-da-terra\/"},"wordCount":325,"commentCount":0,"publisher":{"@id":"https:\/\/jornalfatosenoticias.com.br\/#organization"},"image":{"@id":"https:\/\/jornalfatosenoticias.com.br\/index.php\/2023\/07\/28\/esta-regiao-do-deserto-do-atacama-e-o-lugar-mais-ensolarado-da-terra\/#primaryimage"},"thumbnailUrl":"https:\/\/jornalfatosenoticias.com.br\/wp-content\/uploads\/2023\/07\/deserto-do-atacama-unsplash.png","keywords":["Altiplano do Deserto do Atacama","altitude","Chile","deserto do Atacama","Sol","Terra"],"articleSection":["Internacional"],"inLanguage":"pt-BR","potentialAction":[{"@type":"CommentAction","name":"Comment","target":["https:\/\/jornalfatosenoticias.com.br\/index.php\/2023\/07\/28\/esta-regiao-do-deserto-do-atacama-e-o-lugar-mais-ensolarado-da-terra\/#respond"]}]},{"@type":"WebPage","@id":"https:\/\/jornalfatosenoticias.com.br\/index.php\/2023\/07\/28\/esta-regiao-do-deserto-do-atacama-e-o-lugar-mais-ensolarado-da-terra\/","url":"https:\/\/jornalfatosenoticias.com.br\/index.php\/2023\/07\/28\/esta-regiao-do-deserto-do-atacama-e-o-lugar-mais-ensolarado-da-terra\/","name":"Esta regi\u00e3o do deserto do Atacama \u00e9 o lugar mais ensolarado da Terra - Jornal Fatos e Not\u00edcias","isPartOf":{"@id":"https:\/\/jornalfatosenoticias.com.br\/#website"},"primaryImageOfPage":{"@id":"https:\/\/jornalfatosenoticias.com.br\/index.php\/2023\/07\/28\/esta-regiao-do-deserto-do-atacama-e-o-lugar-mais-ensolarado-da-terra\/#primaryimage"},"image":{"@id":"https:\/\/jornalfatosenoticias.com.br\/index.php\/2023\/07\/28\/esta-regiao-do-deserto-do-atacama-e-o-lugar-mais-ensolarado-da-terra\/#primaryimage"},"thumbnailUrl":"https:\/\/jornalfatosenoticias.com.br\/wp-content\/uploads\/2023\/07\/deserto-do-atacama-unsplash.png","datePublished":"2023-07-28T12:54:27+00:00","dateModified":"2023-07-28T12:54:30+00:00","breadcrumb":{"@id":"https:\/\/jornalfatosenoticias.com.br\/index.php\/2023\/07\/28\/esta-regiao-do-deserto-do-atacama-e-o-lugar-mais-ensolarado-da-terra\/#breadcrumb"},"inLanguage":"pt-BR","potentialAction":[{"@type":"ReadAction","target":["https:\/\/jornalfatosenoticias.com.br\/index.php\/2023\/07\/28\/esta-regiao-do-deserto-do-atacama-e-o-lugar-mais-ensolarado-da-terra\/"]}]},{"@type":"ImageObject","inLanguage":"pt-BR","@id":"https:\/\/jornalfatosenoticias.com.br\/index.php\/2023\/07\/28\/esta-regiao-do-deserto-do-atacama-e-o-lugar-mais-ensolarado-da-terra\/#primaryimage","url":"https:\/\/jornalfatosenoticias.com.br\/wp-content\/uploads\/2023\/07\/deserto-do-atacama-unsplash.png","contentUrl":"https:\/\/jornalfatosenoticias.com.br\/wp-content\/uploads\/2023\/07\/deserto-do-atacama-unsplash.png","width":1000,"height":580},{"@type":"BreadcrumbList","@id":"https:\/\/jornalfatosenoticias.com.br\/index.php\/2023\/07\/28\/esta-regiao-do-deserto-do-atacama-e-o-lugar-mais-ensolarado-da-terra\/#breadcrumb","itemListElement":[{"@type":"ListItem","position":1,"name":"In\u00edcio","item":"https:\/\/jornalfatosenoticias.com.br\/"},{"@type":"ListItem","position":2,"name":"Esta regi\u00e3o do deserto do Atacama \u00e9 o lugar mais ensolarado da Terra"}]},{"@type":"WebSite","@id":"https:\/\/jornalfatosenoticias.com.br\/#website","url":"https:\/\/jornalfatosenoticias.com.br\/","name":"Jornal Fatos e Not\u00edcias","description":"Not\u00edcias em geral","publisher":{"@id":"https:\/\/jornalfatosenoticias.com.br\/#organization"},"potentialAction":[{"@type":"SearchAction","target":{"@type":"EntryPoint","urlTemplate":"https:\/\/jornalfatosenoticias.com.br\/?s={search_term_string}"},"query-input":{"@type":"PropertyValueSpecification","valueRequired":true,"valueName":"search_term_string"}}],"inLanguage":"pt-BR"},{"@type":"Organization","@id":"https:\/\/jornalfatosenoticias.com.br\/#organization","name":"Jornal Fatos e Not\u00edcias","url":"https:\/\/jornalfatosenoticias.com.br\/","logo":{"@type":"ImageObject","inLanguage":"pt-BR","@id":"https:\/\/jornalfatosenoticias.com.br\/#\/schema\/logo\/image\/","url":"https:\/\/jornalfatosenoticias.com.br\/wp-content\/uploads\/2020\/02\/logo120.png","contentUrl":"https:\/\/jornalfatosenoticias.com.br\/wp-content\/uploads\/2020\/02\/logo120.png","width":1227,"height":120,"caption":"Jornal Fatos e Not\u00edcias"},"image":{"@id":"https:\/\/jornalfatosenoticias.com.br\/#\/schema\/logo\/image\/"}},{"@type":"Person","@id":"https:\/\/jornalfatosenoticias.com.br\/#\/schema\/person\/d63837fa13ac8666eb9e74e0985d6f81","name":"Luzimara Fernandes","image":{"@type":"ImageObject","inLanguage":"pt-BR","@id":"https:\/\/jornalfatosenoticias.com.br\/#\/schema\/person\/image\/","url":"https:\/\/jornalfatosenoticias.com.br\/wp-content\/uploads\/2025\/05\/EU_portal.jpg","contentUrl":"https:\/\/jornalfatosenoticias.com.br\/wp-content\/uploads\/2025\/05\/EU_portal.jpg","caption":"Luzimara Fernandes"},"description":"Jornalista MTB 2358-ES","sameAs":["https:\/\/jornalfatosenoticias.com.br"],"url":"https:\/\/jornalfatosenoticias.com.br\/index.php\/author\/luzimara\/"}]}},"cc_featured_image_caption":{"caption_text":"(Foto: Unsplash)","source_text":"","source_url":""},"jetpack_featured_media_url":"https:\/\/jornalfatosenoticias.com.br\/wp-content\/uploads\/2023\/07\/deserto-do-atacama-unsplash.png","_links":{"self":[{"href":"https:\/\/jornalfatosenoticias.com.br\/index.php\/wp-json\/wp\/v2\/posts\/43743","targetHints":{"allow":["GET"]}}],"collection":[{"href":"https:\/\/jornalfatosenoticias.com.br\/index.php\/wp-json\/wp\/v2\/posts"}],"about":[{"href":"https:\/\/jornalfatosenoticias.com.br\/index.php\/wp-json\/wp\/v2\/types\/post"}],"author":[{"embeddable":true,"href":"https:\/\/jornalfatosenoticias.com.br\/index.php\/wp-json\/wp\/v2\/users\/2"}],"replies":[{"embeddable":true,"href":"https:\/\/jornalfatosenoticias.com.br\/index.php\/wp-json\/wp\/v2\/comments?post=43743"}],"version-history":[{"count":0,"href":"https:\/\/jornalfatosenoticias.com.br\/index.php\/wp-json\/wp\/v2\/posts\/43743\/revisions"}],"wp:featuredmedia":[{"embeddable":true,"href":"https:\/\/jornalfatosenoticias.com.br\/index.php\/wp-json\/wp\/v2\/media\/43744"}],"wp:attachment":[{"href":"https:\/\/jornalfatosenoticias.com.br\/index.php\/wp-json\/wp\/v2\/media?parent=43743"}],"wp:term":[{"taxonomy":"category","embeddable":true,"href":"https:\/\/jornalfatosenoticias.com.br\/index.php\/wp-json\/wp\/v2\/categories?post=43743"},{"taxonomy":"post_tag","embeddable":true,"href":"https:\/\/jornalfatosenoticias.com.br\/index.php\/wp-json\/wp\/v2\/tags?post=43743"}],"curies":[{"name":"wp","href":"https:\/\/api.w.org\/{rel}","templated":true}]}}