{"id":43755,"date":"2023-07-28T10:32:11","date_gmt":"2023-07-28T13:32:11","guid":{"rendered":"https:\/\/jornalfatosenoticias.com.br\/?p=43755"},"modified":"2023-07-28T10:32:14","modified_gmt":"2023-07-28T13:32:14","slug":"gordura-no-figado-em-criancas-como-evitar","status":"publish","type":"post","link":"https:\/\/jornalfatosenoticias.com.br\/index.php\/2023\/07\/28\/gordura-no-figado-em-criancas-como-evitar\/","title":{"rendered":"Gordura no f\u00edgado em crian\u00e7as: como evitar?"},"content":{"rendered":"\n<p><em><span class=\"has-inline-color has-black-color\">Por <strong><a href=\"https:\/\/vitat.com.br\/author\/tayna\/\">Tayna Farias<\/a><\/strong><\/span><\/em><\/p>\n\n\n\n<div class=\"wp-block-image\"><figure class=\"aligncenter size-large\"><img loading=\"lazy\" decoding=\"async\" width=\"729\" height=\"90\" src=\"https:\/\/jornalfatosenoticias.com.br\/wp-content\/uploads\/2020\/02\/Logo_Mizu.png\" alt=\"\" class=\"wp-image-1441\" srcset=\"https:\/\/jornalfatosenoticias.com.br\/wp-content\/uploads\/2020\/02\/Logo_Mizu.png 729w, https:\/\/jornalfatosenoticias.com.br\/wp-content\/uploads\/2020\/02\/Logo_Mizu-300x37.png 300w\" sizes=\"auto, (max-width: 729px) 100vw, 729px\" \/><\/figure><\/div>\n\n\n\n<p>Crian\u00e7as se queixando de dor abdominal, dor de cabe\u00e7a, fraqueza e falta de apetite? O motivo pode ser gordura no f\u00edgado. Tamb\u00e9m chamada de <strong>doen\u00e7a hep\u00e1tica gordurosa n\u00e3o alco\u00f3lica<\/strong>, a condi\u00e7\u00e3o tem sido cada vez mais comuns em crian\u00e7as por conta do&nbsp;<strong>consumo exagerado de&nbsp;<a href=\"https:\/\/vitat.com.br\/carboidratos\/\">carboidratos<\/a>, alimentos muito gordurosos e&nbsp;<a href=\"https:\/\/vitat.com.br\/sedentarismo\/\">sedentarismo<\/a><\/strong>. No entanto, mudan\u00e7as no estilo de vida podem diminuir a progress\u00e3o da gordura no f\u00edgado em crian\u00e7as.<br>Tamb\u00e9m conhecida por <strong>doen\u00e7a hep\u00e1tica gordurosa, gordura no f\u00edgado ou f\u00edgado gorduroso,<\/strong> a esteatose hep\u00e1tica \u00e9 um dist\u00farbio que se caracteriza pelo ac\u00famulo de gordura no interior dos hepat\u00f3citos (c\u00e9lulas do f\u00edgado) \u2014 \u00f3rg\u00e3o situado no lado direito do abd\u00f4men por onde circula grande quantidade de sangue. De acordo com o <a href=\"https:\/\/www.gov.br\/saude\/pt-br\" target=\"_blank\" rel=\"noreferrer noopener\"><strong>Minist\u00e9rio da Sa\u00fade<\/strong><\/a>,&nbsp;<strong>a estimativa \u00e9 que 30% da popula\u00e7\u00e3o<\/strong> apresente o problema e que aproximadamente metade dos portadores possa evoluir para formas mais graves da doen\u00e7a.<\/p>\n\n\n\n<div class=\"wp-block-image\"><figure class=\"aligncenter size-large is-resized\"><img loading=\"lazy\" decoding=\"async\" src=\"https:\/\/jornalfatosenoticias.com.br\/wp-content\/uploads\/2023\/03\/logo-Panper_portal.jpg\" alt=\"\" class=\"wp-image-40208\" width=\"306\" height=\"212\" srcset=\"https:\/\/jornalfatosenoticias.com.br\/wp-content\/uploads\/2023\/03\/logo-Panper_portal.jpg 400w, https:\/\/jornalfatosenoticias.com.br\/wp-content\/uploads\/2023\/03\/logo-Panper_portal-300x208.jpg 300w\" sizes=\"auto, (max-width: 306px) 100vw, 306px\" \/><\/figure><\/div>\n\n\n\n<p>Geralmente, a gordura no f\u00edgado aparece quando o metabolismo sofre uma altera\u00e7\u00e3o como excesso de gordura, <strong>perda s\u00fabita de peso, obesidade, diabetes ou consumo excessivo de \u00e1lcool.<\/strong> Assim, a ci\u00eancia define essa condi\u00e7\u00e3o como o ac\u00famulo de \u00e1cidos graxos e triglicer\u00eddeos nas c\u00e9lulas do f\u00edgado. Al\u00e9m disso, existem outros fatores determinantes para que a condi\u00e7\u00e3o apare\u00e7a em crian\u00e7as e adolescentes, s\u00e3o eles: sedentarismo\/falta de atividade f\u00edsica; excesso de fast-food ou comidas muito gordurosas; obesidade infantil; diabetes (pr\u00e9 ou tipo 2); colesterol alto; gen\u00e9tica.<\/p>\n\n\n\n<div class=\"wp-block-image\"><figure class=\"aligncenter size-large\"><img loading=\"lazy\" decoding=\"async\" width=\"300\" height=\"137\" src=\"https:\/\/jornalfatosenoticias.com.br\/wp-content\/uploads\/2023\/06\/LOGO_JULIANA-GRACA_PORTAL.jpg\" alt=\"\" class=\"wp-image-42597\"\/><\/figure><\/div>\n\n\n\n<p>Se n\u00e3o tratada corretamente, a gordura no f\u00edgado pode provocar inflama\u00e7\u00f5es que podem ainda evoluir para casos <strong>mais graves de sa\u00fade como cirrose hep\u00e1tica e c\u00e2ncer. <\/strong>Um estudo da Universidade do Sul da Calif\u00f3rnia identificou que pessoas com obesidade ou diabetes e que consomem 20% ou mais de calorias advindas de fast-food, apresentam n\u00edveis elevados de gordura no f\u00edgado.<\/p>\n\n\n\n<div class=\"wp-block-image\"><figure class=\"aligncenter size-large is-resized\"><img loading=\"lazy\" decoding=\"async\" src=\"https:\/\/jornalfatosenoticias.com.br\/wp-content\/uploads\/2020\/02\/logo-embacia.jpg\" alt=\"\" class=\"wp-image-33905\" width=\"263\" height=\"263\"\/><\/figure><\/div>\n\n\n\n<p>Assim, a pesquisa publicada na revista cient\u00edfica <a href=\"https:\/\/www.cghjournal.org\/\"><strong>Clinical Gastroenterology and Hepatology,<\/strong><\/a> comparou esse perfil com pessoas que consomem menos ou nenhum fast-food. Portanto, a an\u00e1lise comprovou que o consumo de alimentos processados, itens que s\u00e3o maioria no fast-food, est\u00e1 ligado ao ac\u00famulo de gordura no f\u00edgado.<\/p>\n\n\n\n<div class=\"wp-block-image\"><figure class=\"aligncenter size-large is-resized\"><img loading=\"lazy\" decoding=\"async\" src=\"https:\/\/jornalfatosenoticias.com.br\/wp-content\/uploads\/2020\/02\/casa-do-torresmo_portal.jpg\" alt=\"\" class=\"wp-image-34472\" width=\"256\" height=\"256\" srcset=\"https:\/\/jornalfatosenoticias.com.br\/wp-content\/uploads\/2020\/02\/casa-do-torresmo_portal.jpg 300w, https:\/\/jornalfatosenoticias.com.br\/wp-content\/uploads\/2020\/02\/casa-do-torresmo_portal-150x150.jpg 150w\" sizes=\"auto, (max-width: 256px) 100vw, 256px\" \/><\/figure><\/div>\n\n\n\n<p>Incha\u00e7o abdominal, cansa\u00e7o excessivo e olhos amarelados s\u00e3o alguns dos sintomas que podem levantar a suspeita. Mas, a condi\u00e7\u00e3o s\u00f3 costuma ser identificada atrav\u00e9s de exames de rotina do paciente. Assim, a coleta de sangue pode apontar aumento nas enzimas e o ultrassom mostra altera\u00e7\u00e3o na imagem do f\u00edgado. Dessa maneira, os exames e\/ou a bi\u00f3psia podem indicar a gravidade da esteatose, geralmente classificada em:<\/p>\n\n\n\n<div class=\"wp-block-image\"><figure class=\"aligncenter size-large is-resized\"><img loading=\"lazy\" decoding=\"async\" src=\"https:\/\/jornalfatosenoticias.com.br\/wp-content\/uploads\/2023\/03\/nova-logo-Marquetti.jpg\" alt=\"\" class=\"wp-image-40207\" width=\"286\" height=\"192\" srcset=\"https:\/\/jornalfatosenoticias.com.br\/wp-content\/uploads\/2023\/03\/nova-logo-Marquetti.jpg 643w, https:\/\/jornalfatosenoticias.com.br\/wp-content\/uploads\/2023\/03\/nova-logo-Marquetti-300x202.jpg 300w\" sizes=\"auto, (max-width: 286px) 100vw, 286px\" \/><\/figure><\/div>\n\n\n\n<p>\u2022 <strong><span class=\"has-inline-color has-black-color\">Grau 1 ou leve:<\/span><\/strong> Quando h\u00e1 pequeno ac\u00famulo de gordura;<br>\u2022 <strong><span class=\"has-inline-color has-black-color\">Esteatose grau 2:<\/span><\/strong> Quando h\u00e1 um ac\u00famulo moderado de gordura no f\u00edgado;<br>\u2022 <strong><span class=\"has-inline-color has-black-color\">Grau 3: <\/span><\/strong>Quando ocorre grande ac\u00famulo de gordura no f\u00edgado.<\/p>\n\n\n\n<div class=\"wp-block-image\"><figure class=\"aligncenter size-large\"><img loading=\"lazy\" decoding=\"async\" width=\"300\" height=\"250\" src=\"https:\/\/jornalfatosenoticias.com.br\/wp-content\/uploads\/2022\/08\/arte-Casarao.jpg\" alt=\"\" class=\"wp-image-33178\"\/><\/figure><\/div>\n\n\n\n<p>Como a doen\u00e7a \u00e9 assintom\u00e1tica em alguns casos, \u00e9 fundamental manter o acompanhamento m\u00e9dico peri\u00f3dico endocrinologista para identificar e acompanhar a gordura no f\u00edgado. Dessa forma, um nutricionista tamb\u00e9m pode ajudar na <strong>reestrutura\u00e7\u00e3o alimentar, incluindo itens mais saud\u00e1veis, redu\u00e7\u00e3o de a\u00e7\u00facares e gorduras.<\/strong><\/p>\n\n\n\n<div class=\"wp-block-image\"><figure class=\"aligncenter size-large is-resized\"><img loading=\"lazy\" decoding=\"async\" src=\"https:\/\/jornalfatosenoticias.com.br\/wp-content\/uploads\/2023\/07\/logo-ITH.png\" alt=\"\" class=\"wp-image-43684\" width=\"315\" height=\"170\"\/><\/figure><\/div>\n\n\n\n<p>Al\u00e9m disso, \u00e9 importante fazer mudan\u00e7as consider\u00e1veis na rotina da crian\u00e7a inserindo mais movimento com a pr\u00e1tica de atividades f\u00edsicas. Assim, pode ser interessante investir em um esporte <strong>como futebol, v\u00f4lei e artes marciais como kung fu e karat\u00ea.<\/strong><\/p>\n\n\n\n<div class=\"wp-block-image\"><figure class=\"aligncenter size-large is-resized\"><img loading=\"lazy\" decoding=\"async\" src=\"https:\/\/jornalfatosenoticias.com.br\/wp-content\/uploads\/2023\/03\/Crypton-1000-\u00d7-900-px-300x270-1.png\" alt=\"\" class=\"wp-image-40206\" width=\"274\" height=\"247\"\/><\/figure><\/div>\n\n\n\n<p>Por fim, de acordo com a Sociedade Brasileira de Pediatria, seguindo o tratamento adequado, o paciente tem altas chances de regredir o quadro de gordura no f\u00edgado ou ao menos estabiliz\u00e1-lo. Mesmos os casos em que a doen\u00e7a j\u00e1 evoluiu para cirrose podem ser controlados antes que o f\u00edgado seja completamente atacado. Por isso a import\u00e2ncia do diagn\u00f3stico precoce.<\/p>\n\n\n\n<div class=\"wp-block-image\"><figure class=\"aligncenter size-large is-resized\"><img loading=\"lazy\" decoding=\"async\" src=\"https:\/\/jornalfatosenoticias.com.br\/wp-content\/uploads\/2023\/07\/lacremoda.jpg\" alt=\"\" class=\"wp-image-43706\" width=\"354\" height=\"198\" srcset=\"https:\/\/jornalfatosenoticias.com.br\/wp-content\/uploads\/2023\/07\/lacremoda.jpg 1024w, https:\/\/jornalfatosenoticias.com.br\/wp-content\/uploads\/2023\/07\/lacremoda-300x168.jpg 300w, https:\/\/jornalfatosenoticias.com.br\/wp-content\/uploads\/2023\/07\/lacremoda-768x431.jpg 768w\" sizes=\"auto, (max-width: 354px) 100vw, 354px\" \/><\/figure><\/div>\n\n\n\n<p>A preven\u00e7\u00e3o principal da esteatose hep\u00e1tica na inf\u00e2ncia consiste em evitar a obesidade. Por isso, \u00e9 importante ficar atento \u00e0s medidas da circunfer\u00eancia abdominal das crian\u00e7as. Para isso, o ideal \u00e9 ter estilos de vida saud\u00e1veis, tais como o exerc\u00edcio f\u00edsico aer\u00f3bico feito regularmente e reduzir o consumo de carboidratos de baixo <a href=\"https:\/\/vitat.com.br\/indice-glicemico-alimentos\/\">\u00edndice glic\u00eamico<\/a>, como p\u00e3es brancos, bolachas e alimentos industrializados.<\/p>\n\n\n\n<div class=\"wp-block-image\"><figure class=\"aligncenter size-large is-resized\"><img loading=\"lazy\" decoding=\"async\" src=\"https:\/\/jornalfatosenoticias.com.br\/wp-content\/uploads\/2023\/07\/torneio_volei.jpg\" alt=\"\" class=\"wp-image-43455\" width=\"364\" height=\"363\" srcset=\"https:\/\/jornalfatosenoticias.com.br\/wp-content\/uploads\/2023\/07\/torneio_volei.jpg 1000w, https:\/\/jornalfatosenoticias.com.br\/wp-content\/uploads\/2023\/07\/torneio_volei-300x300.jpg 300w, https:\/\/jornalfatosenoticias.com.br\/wp-content\/uploads\/2023\/07\/torneio_volei-150x150.jpg 150w, https:\/\/jornalfatosenoticias.com.br\/wp-content\/uploads\/2023\/07\/torneio_volei-768x767.jpg 768w\" sizes=\"auto, (max-width: 364px) 100vw, 364px\" \/><\/figure><\/div>\n\n\n\n<p><strong><em>Fonte: <a href=\"https:\/\/vitat.com.br\/gordura-no-figado-em-criancas\/\">Vitat<\/a><\/em><\/strong><\/p>\n","protected":false},"excerpt":{"rendered":"<p>Por Tayna Farias Crian\u00e7as se queixando de dor abdominal, dor de cabe\u00e7a, fraqueza e falta de apetite? O motivo pode ser gordura no f\u00edgado. Tamb\u00e9m chamada de doen\u00e7a hep\u00e1tica gordurosa n\u00e3o alco\u00f3lica, a condi\u00e7\u00e3o tem sido cada vez mais comuns em crian\u00e7as por conta do&nbsp;consumo exagerado de&nbsp;carboidratos, alimentos muito gordurosos e&nbsp;sedentarismo. No entanto, mudan\u00e7as no [&hellip;]<\/p>\n","protected":false},"author":2,"featured_media":43757,"comment_status":"open","ping_status":"open","sticky":false,"template":"","format":"standard","meta":{"footnotes":""},"categories":[11],"tags":[58,4437,20611,14959,5320,20612,634,7832],"class_list":["post-43755","post","type-post","status-publish","format-standard","has-post-thumbnail","hentry","category-saude","tag-diabetes","tag-dor-de-cabeca","tag-fast-food-2","tag-figado-gorduroso","tag-gordura-no-figado","tag-gordura-no-figado-em-criancas","tag-obesidade","tag-sedentarismo"],"yoast_head":"<!-- This site is optimized with the Yoast SEO plugin v26.5 - https:\/\/yoast.com\/wordpress\/plugins\/seo\/ -->\n<title>Gordura no f\u00edgado em crian\u00e7as: como evitar? - Jornal Fatos e Not\u00edcias<\/title>\n<meta name=\"robots\" content=\"index, follow, max-snippet:-1, max-image-preview:large, max-video-preview:-1\" \/>\n<link rel=\"canonical\" href=\"https:\/\/jornalfatosenoticias.com.br\/index.php\/2023\/07\/28\/gordura-no-figado-em-criancas-como-evitar\/\" \/>\n<meta property=\"og:locale\" content=\"pt_BR\" \/>\n<meta property=\"og:type\" content=\"article\" \/>\n<meta property=\"og:title\" content=\"Gordura no f\u00edgado em crian\u00e7as: como evitar? - Jornal Fatos e Not\u00edcias\" \/>\n<meta property=\"og:description\" content=\"Por Tayna Farias Crian\u00e7as se queixando de dor abdominal, dor de cabe\u00e7a, fraqueza e falta de apetite? O motivo pode ser gordura no f\u00edgado. Tamb\u00e9m chamada de doen\u00e7a hep\u00e1tica gordurosa n\u00e3o alco\u00f3lica, a condi\u00e7\u00e3o tem sido cada vez mais comuns em crian\u00e7as por conta do&nbsp;consumo exagerado de&nbsp;carboidratos, alimentos muito gordurosos e&nbsp;sedentarismo. No entanto, mudan\u00e7as no [&hellip;]\" \/>\n<meta property=\"og:url\" content=\"https:\/\/jornalfatosenoticias.com.br\/index.php\/2023\/07\/28\/gordura-no-figado-em-criancas-como-evitar\/\" \/>\n<meta property=\"og:site_name\" content=\"Jornal Fatos e Not\u00edcias\" \/>\n<meta property=\"article:published_time\" content=\"2023-07-28T13:32:11+00:00\" \/>\n<meta property=\"article:modified_time\" content=\"2023-07-28T13:32:14+00:00\" \/>\n<meta property=\"og:image\" content=\"https:\/\/jornalfatosenoticias.com.br\/wp-content\/uploads\/2023\/07\/gordura-no-figado-em-criancas.jpg\" \/>\n\t<meta property=\"og:image:width\" content=\"926\" \/>\n\t<meta property=\"og:image:height\" content=\"616\" \/>\n\t<meta property=\"og:image:type\" content=\"image\/jpeg\" \/>\n<meta name=\"author\" content=\"Luzimara Fernandes\" \/>\n<meta name=\"twitter:card\" content=\"summary_large_image\" \/>\n<meta name=\"twitter:label1\" content=\"Escrito por\" \/>\n\t<meta name=\"twitter:data1\" content=\"Luzimara Fernandes\" \/>\n\t<meta name=\"twitter:label2\" content=\"Est. tempo de leitura\" \/>\n\t<meta name=\"twitter:data2\" content=\"4 minutos\" \/>\n<script type=\"application\/ld+json\" class=\"yoast-schema-graph\">{\"@context\":\"https:\/\/schema.org\",\"@graph\":[{\"@type\":\"Article\",\"@id\":\"https:\/\/jornalfatosenoticias.com.br\/index.php\/2023\/07\/28\/gordura-no-figado-em-criancas-como-evitar\/#article\",\"isPartOf\":{\"@id\":\"https:\/\/jornalfatosenoticias.com.br\/index.php\/2023\/07\/28\/gordura-no-figado-em-criancas-como-evitar\/\"},\"author\":{\"name\":\"Luzimara Fernandes\",\"@id\":\"https:\/\/jornalfatosenoticias.com.br\/#\/schema\/person\/d63837fa13ac8666eb9e74e0985d6f81\"},\"headline\":\"Gordura no f\u00edgado em crian\u00e7as: como evitar?\",\"datePublished\":\"2023-07-28T13:32:11+00:00\",\"dateModified\":\"2023-07-28T13:32:14+00:00\",\"mainEntityOfPage\":{\"@id\":\"https:\/\/jornalfatosenoticias.com.br\/index.php\/2023\/07\/28\/gordura-no-figado-em-criancas-como-evitar\/\"},\"wordCount\":747,\"commentCount\":0,\"publisher\":{\"@id\":\"https:\/\/jornalfatosenoticias.com.br\/#organization\"},\"image\":{\"@id\":\"https:\/\/jornalfatosenoticias.com.br\/index.php\/2023\/07\/28\/gordura-no-figado-em-criancas-como-evitar\/#primaryimage\"},\"thumbnailUrl\":\"https:\/\/jornalfatosenoticias.com.br\/wp-content\/uploads\/2023\/07\/gordura-no-figado-em-criancas.jpg\",\"keywords\":[\"diabetes\",\"dor de cabe\u00e7a\",\"fast-food\",\"f\u00edgado gorduroso\",\"gordura no f\u00edgado\",\"gordura no f\u00edgado em crian\u00e7as\",\"obesidade\",\"sedentarismo\"],\"articleSection\":[\"Sa\u00fade\"],\"inLanguage\":\"pt-BR\",\"potentialAction\":[{\"@type\":\"CommentAction\",\"name\":\"Comment\",\"target\":[\"https:\/\/jornalfatosenoticias.com.br\/index.php\/2023\/07\/28\/gordura-no-figado-em-criancas-como-evitar\/#respond\"]}]},{\"@type\":\"WebPage\",\"@id\":\"https:\/\/jornalfatosenoticias.com.br\/index.php\/2023\/07\/28\/gordura-no-figado-em-criancas-como-evitar\/\",\"url\":\"https:\/\/jornalfatosenoticias.com.br\/index.php\/2023\/07\/28\/gordura-no-figado-em-criancas-como-evitar\/\",\"name\":\"Gordura no f\u00edgado em crian\u00e7as: como evitar? - Jornal Fatos e Not\u00edcias\",\"isPartOf\":{\"@id\":\"https:\/\/jornalfatosenoticias.com.br\/#website\"},\"primaryImageOfPage\":{\"@id\":\"https:\/\/jornalfatosenoticias.com.br\/index.php\/2023\/07\/28\/gordura-no-figado-em-criancas-como-evitar\/#primaryimage\"},\"image\":{\"@id\":\"https:\/\/jornalfatosenoticias.com.br\/index.php\/2023\/07\/28\/gordura-no-figado-em-criancas-como-evitar\/#primaryimage\"},\"thumbnailUrl\":\"https:\/\/jornalfatosenoticias.com.br\/wp-content\/uploads\/2023\/07\/gordura-no-figado-em-criancas.jpg\",\"datePublished\":\"2023-07-28T13:32:11+00:00\",\"dateModified\":\"2023-07-28T13:32:14+00:00\",\"breadcrumb\":{\"@id\":\"https:\/\/jornalfatosenoticias.com.br\/index.php\/2023\/07\/28\/gordura-no-figado-em-criancas-como-evitar\/#breadcrumb\"},\"inLanguage\":\"pt-BR\",\"potentialAction\":[{\"@type\":\"ReadAction\",\"target\":[\"https:\/\/jornalfatosenoticias.com.br\/index.php\/2023\/07\/28\/gordura-no-figado-em-criancas-como-evitar\/\"]}]},{\"@type\":\"ImageObject\",\"inLanguage\":\"pt-BR\",\"@id\":\"https:\/\/jornalfatosenoticias.com.br\/index.php\/2023\/07\/28\/gordura-no-figado-em-criancas-como-evitar\/#primaryimage\",\"url\":\"https:\/\/jornalfatosenoticias.com.br\/wp-content\/uploads\/2023\/07\/gordura-no-figado-em-criancas.jpg\",\"contentUrl\":\"https:\/\/jornalfatosenoticias.com.br\/wp-content\/uploads\/2023\/07\/gordura-no-figado-em-criancas.jpg\",\"width\":926,\"height\":616},{\"@type\":\"BreadcrumbList\",\"@id\":\"https:\/\/jornalfatosenoticias.com.br\/index.php\/2023\/07\/28\/gordura-no-figado-em-criancas-como-evitar\/#breadcrumb\",\"itemListElement\":[{\"@type\":\"ListItem\",\"position\":1,\"name\":\"In\u00edcio\",\"item\":\"https:\/\/jornalfatosenoticias.com.br\/\"},{\"@type\":\"ListItem\",\"position\":2,\"name\":\"Gordura no f\u00edgado em crian\u00e7as: como evitar?\"}]},{\"@type\":\"WebSite\",\"@id\":\"https:\/\/jornalfatosenoticias.com.br\/#website\",\"url\":\"https:\/\/jornalfatosenoticias.com.br\/\",\"name\":\"Jornal Fatos e Not\u00edcias\",\"description\":\"Not\u00edcias em geral\",\"publisher\":{\"@id\":\"https:\/\/jornalfatosenoticias.com.br\/#organization\"},\"potentialAction\":[{\"@type\":\"SearchAction\",\"target\":{\"@type\":\"EntryPoint\",\"urlTemplate\":\"https:\/\/jornalfatosenoticias.com.br\/?s={search_term_string}\"},\"query-input\":{\"@type\":\"PropertyValueSpecification\",\"valueRequired\":true,\"valueName\":\"search_term_string\"}}],\"inLanguage\":\"pt-BR\"},{\"@type\":\"Organization\",\"@id\":\"https:\/\/jornalfatosenoticias.com.br\/#organization\",\"name\":\"Jornal Fatos e Not\u00edcias\",\"url\":\"https:\/\/jornalfatosenoticias.com.br\/\",\"logo\":{\"@type\":\"ImageObject\",\"inLanguage\":\"pt-BR\",\"@id\":\"https:\/\/jornalfatosenoticias.com.br\/#\/schema\/logo\/image\/\",\"url\":\"https:\/\/jornalfatosenoticias.com.br\/wp-content\/uploads\/2020\/02\/logo120.png\",\"contentUrl\":\"https:\/\/jornalfatosenoticias.com.br\/wp-content\/uploads\/2020\/02\/logo120.png\",\"width\":1227,\"height\":120,\"caption\":\"Jornal Fatos e Not\u00edcias\"},\"image\":{\"@id\":\"https:\/\/jornalfatosenoticias.com.br\/#\/schema\/logo\/image\/\"}},{\"@type\":\"Person\",\"@id\":\"https:\/\/jornalfatosenoticias.com.br\/#\/schema\/person\/d63837fa13ac8666eb9e74e0985d6f81\",\"name\":\"Luzimara Fernandes\",\"image\":{\"@type\":\"ImageObject\",\"inLanguage\":\"pt-BR\",\"@id\":\"https:\/\/jornalfatosenoticias.com.br\/#\/schema\/person\/image\/\",\"url\":\"https:\/\/jornalfatosenoticias.com.br\/wp-content\/uploads\/2025\/05\/EU_portal.jpg\",\"contentUrl\":\"https:\/\/jornalfatosenoticias.com.br\/wp-content\/uploads\/2025\/05\/EU_portal.jpg\",\"caption\":\"Luzimara Fernandes\"},\"description\":\"Jornalista MTB 2358-ES\",\"sameAs\":[\"https:\/\/jornalfatosenoticias.com.br\"],\"url\":\"https:\/\/jornalfatosenoticias.com.br\/index.php\/author\/luzimara\/\"}]}<\/script>\n<!-- \/ Yoast SEO plugin. -->","yoast_head_json":{"title":"Gordura no f\u00edgado em crian\u00e7as: como evitar? - Jornal Fatos e Not\u00edcias","robots":{"index":"index","follow":"follow","max-snippet":"max-snippet:-1","max-image-preview":"max-image-preview:large","max-video-preview":"max-video-preview:-1"},"canonical":"https:\/\/jornalfatosenoticias.com.br\/index.php\/2023\/07\/28\/gordura-no-figado-em-criancas-como-evitar\/","og_locale":"pt_BR","og_type":"article","og_title":"Gordura no f\u00edgado em crian\u00e7as: como evitar? - Jornal Fatos e Not\u00edcias","og_description":"Por Tayna Farias Crian\u00e7as se queixando de dor abdominal, dor de cabe\u00e7a, fraqueza e falta de apetite? O motivo pode ser gordura no f\u00edgado. Tamb\u00e9m chamada de doen\u00e7a hep\u00e1tica gordurosa n\u00e3o alco\u00f3lica, a condi\u00e7\u00e3o tem sido cada vez mais comuns em crian\u00e7as por conta do&nbsp;consumo exagerado de&nbsp;carboidratos, alimentos muito gordurosos e&nbsp;sedentarismo. No entanto, mudan\u00e7as no [&hellip;]","og_url":"https:\/\/jornalfatosenoticias.com.br\/index.php\/2023\/07\/28\/gordura-no-figado-em-criancas-como-evitar\/","og_site_name":"Jornal Fatos e Not\u00edcias","article_published_time":"2023-07-28T13:32:11+00:00","article_modified_time":"2023-07-28T13:32:14+00:00","og_image":[{"width":926,"height":616,"url":"https:\/\/jornalfatosenoticias.com.br\/wp-content\/uploads\/2023\/07\/gordura-no-figado-em-criancas.jpg","type":"image\/jpeg"}],"author":"Luzimara Fernandes","twitter_card":"summary_large_image","twitter_misc":{"Escrito por":"Luzimara Fernandes","Est. tempo de leitura":"4 minutos"},"schema":{"@context":"https:\/\/schema.org","@graph":[{"@type":"Article","@id":"https:\/\/jornalfatosenoticias.com.br\/index.php\/2023\/07\/28\/gordura-no-figado-em-criancas-como-evitar\/#article","isPartOf":{"@id":"https:\/\/jornalfatosenoticias.com.br\/index.php\/2023\/07\/28\/gordura-no-figado-em-criancas-como-evitar\/"},"author":{"name":"Luzimara Fernandes","@id":"https:\/\/jornalfatosenoticias.com.br\/#\/schema\/person\/d63837fa13ac8666eb9e74e0985d6f81"},"headline":"Gordura no f\u00edgado em crian\u00e7as: como evitar?","datePublished":"2023-07-28T13:32:11+00:00","dateModified":"2023-07-28T13:32:14+00:00","mainEntityOfPage":{"@id":"https:\/\/jornalfatosenoticias.com.br\/index.php\/2023\/07\/28\/gordura-no-figado-em-criancas-como-evitar\/"},"wordCount":747,"commentCount":0,"publisher":{"@id":"https:\/\/jornalfatosenoticias.com.br\/#organization"},"image":{"@id":"https:\/\/jornalfatosenoticias.com.br\/index.php\/2023\/07\/28\/gordura-no-figado-em-criancas-como-evitar\/#primaryimage"},"thumbnailUrl":"https:\/\/jornalfatosenoticias.com.br\/wp-content\/uploads\/2023\/07\/gordura-no-figado-em-criancas.jpg","keywords":["diabetes","dor de cabe\u00e7a","fast-food","f\u00edgado gorduroso","gordura no f\u00edgado","gordura no f\u00edgado em crian\u00e7as","obesidade","sedentarismo"],"articleSection":["Sa\u00fade"],"inLanguage":"pt-BR","potentialAction":[{"@type":"CommentAction","name":"Comment","target":["https:\/\/jornalfatosenoticias.com.br\/index.php\/2023\/07\/28\/gordura-no-figado-em-criancas-como-evitar\/#respond"]}]},{"@type":"WebPage","@id":"https:\/\/jornalfatosenoticias.com.br\/index.php\/2023\/07\/28\/gordura-no-figado-em-criancas-como-evitar\/","url":"https:\/\/jornalfatosenoticias.com.br\/index.php\/2023\/07\/28\/gordura-no-figado-em-criancas-como-evitar\/","name":"Gordura no f\u00edgado em crian\u00e7as: como evitar? - Jornal Fatos e Not\u00edcias","isPartOf":{"@id":"https:\/\/jornalfatosenoticias.com.br\/#website"},"primaryImageOfPage":{"@id":"https:\/\/jornalfatosenoticias.com.br\/index.php\/2023\/07\/28\/gordura-no-figado-em-criancas-como-evitar\/#primaryimage"},"image":{"@id":"https:\/\/jornalfatosenoticias.com.br\/index.php\/2023\/07\/28\/gordura-no-figado-em-criancas-como-evitar\/#primaryimage"},"thumbnailUrl":"https:\/\/jornalfatosenoticias.com.br\/wp-content\/uploads\/2023\/07\/gordura-no-figado-em-criancas.jpg","datePublished":"2023-07-28T13:32:11+00:00","dateModified":"2023-07-28T13:32:14+00:00","breadcrumb":{"@id":"https:\/\/jornalfatosenoticias.com.br\/index.php\/2023\/07\/28\/gordura-no-figado-em-criancas-como-evitar\/#breadcrumb"},"inLanguage":"pt-BR","potentialAction":[{"@type":"ReadAction","target":["https:\/\/jornalfatosenoticias.com.br\/index.php\/2023\/07\/28\/gordura-no-figado-em-criancas-como-evitar\/"]}]},{"@type":"ImageObject","inLanguage":"pt-BR","@id":"https:\/\/jornalfatosenoticias.com.br\/index.php\/2023\/07\/28\/gordura-no-figado-em-criancas-como-evitar\/#primaryimage","url":"https:\/\/jornalfatosenoticias.com.br\/wp-content\/uploads\/2023\/07\/gordura-no-figado-em-criancas.jpg","contentUrl":"https:\/\/jornalfatosenoticias.com.br\/wp-content\/uploads\/2023\/07\/gordura-no-figado-em-criancas.jpg","width":926,"height":616},{"@type":"BreadcrumbList","@id":"https:\/\/jornalfatosenoticias.com.br\/index.php\/2023\/07\/28\/gordura-no-figado-em-criancas-como-evitar\/#breadcrumb","itemListElement":[{"@type":"ListItem","position":1,"name":"In\u00edcio","item":"https:\/\/jornalfatosenoticias.com.br\/"},{"@type":"ListItem","position":2,"name":"Gordura no f\u00edgado em crian\u00e7as: como evitar?"}]},{"@type":"WebSite","@id":"https:\/\/jornalfatosenoticias.com.br\/#website","url":"https:\/\/jornalfatosenoticias.com.br\/","name":"Jornal Fatos e Not\u00edcias","description":"Not\u00edcias em geral","publisher":{"@id":"https:\/\/jornalfatosenoticias.com.br\/#organization"},"potentialAction":[{"@type":"SearchAction","target":{"@type":"EntryPoint","urlTemplate":"https:\/\/jornalfatosenoticias.com.br\/?s={search_term_string}"},"query-input":{"@type":"PropertyValueSpecification","valueRequired":true,"valueName":"search_term_string"}}],"inLanguage":"pt-BR"},{"@type":"Organization","@id":"https:\/\/jornalfatosenoticias.com.br\/#organization","name":"Jornal Fatos e Not\u00edcias","url":"https:\/\/jornalfatosenoticias.com.br\/","logo":{"@type":"ImageObject","inLanguage":"pt-BR","@id":"https:\/\/jornalfatosenoticias.com.br\/#\/schema\/logo\/image\/","url":"https:\/\/jornalfatosenoticias.com.br\/wp-content\/uploads\/2020\/02\/logo120.png","contentUrl":"https:\/\/jornalfatosenoticias.com.br\/wp-content\/uploads\/2020\/02\/logo120.png","width":1227,"height":120,"caption":"Jornal Fatos e Not\u00edcias"},"image":{"@id":"https:\/\/jornalfatosenoticias.com.br\/#\/schema\/logo\/image\/"}},{"@type":"Person","@id":"https:\/\/jornalfatosenoticias.com.br\/#\/schema\/person\/d63837fa13ac8666eb9e74e0985d6f81","name":"Luzimara Fernandes","image":{"@type":"ImageObject","inLanguage":"pt-BR","@id":"https:\/\/jornalfatosenoticias.com.br\/#\/schema\/person\/image\/","url":"https:\/\/jornalfatosenoticias.com.br\/wp-content\/uploads\/2025\/05\/EU_portal.jpg","contentUrl":"https:\/\/jornalfatosenoticias.com.br\/wp-content\/uploads\/2025\/05\/EU_portal.jpg","caption":"Luzimara Fernandes"},"description":"Jornalista MTB 2358-ES","sameAs":["https:\/\/jornalfatosenoticias.com.br"],"url":"https:\/\/jornalfatosenoticias.com.br\/index.php\/author\/luzimara\/"}]}},"cc_featured_image_caption":{"caption_text":"(Foto: Freepik) ","source_text":"","source_url":""},"jetpack_featured_media_url":"https:\/\/jornalfatosenoticias.com.br\/wp-content\/uploads\/2023\/07\/gordura-no-figado-em-criancas.jpg","_links":{"self":[{"href":"https:\/\/jornalfatosenoticias.com.br\/index.php\/wp-json\/wp\/v2\/posts\/43755","targetHints":{"allow":["GET"]}}],"collection":[{"href":"https:\/\/jornalfatosenoticias.com.br\/index.php\/wp-json\/wp\/v2\/posts"}],"about":[{"href":"https:\/\/jornalfatosenoticias.com.br\/index.php\/wp-json\/wp\/v2\/types\/post"}],"author":[{"embeddable":true,"href":"https:\/\/jornalfatosenoticias.com.br\/index.php\/wp-json\/wp\/v2\/users\/2"}],"replies":[{"embeddable":true,"href":"https:\/\/jornalfatosenoticias.com.br\/index.php\/wp-json\/wp\/v2\/comments?post=43755"}],"version-history":[{"count":0,"href":"https:\/\/jornalfatosenoticias.com.br\/index.php\/wp-json\/wp\/v2\/posts\/43755\/revisions"}],"wp:featuredmedia":[{"embeddable":true,"href":"https:\/\/jornalfatosenoticias.com.br\/index.php\/wp-json\/wp\/v2\/media\/43757"}],"wp:attachment":[{"href":"https:\/\/jornalfatosenoticias.com.br\/index.php\/wp-json\/wp\/v2\/media?parent=43755"}],"wp:term":[{"taxonomy":"category","embeddable":true,"href":"https:\/\/jornalfatosenoticias.com.br\/index.php\/wp-json\/wp\/v2\/categories?post=43755"},{"taxonomy":"post_tag","embeddable":true,"href":"https:\/\/jornalfatosenoticias.com.br\/index.php\/wp-json\/wp\/v2\/tags?post=43755"}],"curies":[{"name":"wp","href":"https:\/\/api.w.org\/{rel}","templated":true}]}}