{"id":43818,"date":"2023-07-31T14:49:13","date_gmt":"2023-07-31T17:49:13","guid":{"rendered":"https:\/\/jornalfatosenoticias.com.br\/?p=43818"},"modified":"2023-07-31T14:49:14","modified_gmt":"2023-07-31T17:49:14","slug":"azeite-de-oliva-pode-reduzir-risco-de-morte-por-demencia-diz-estudo","status":"publish","type":"post","link":"https:\/\/jornalfatosenoticias.com.br\/index.php\/2023\/07\/31\/azeite-de-oliva-pode-reduzir-risco-de-morte-por-demencia-diz-estudo\/","title":{"rendered":"Azeite de oliva pode reduzir risco de morte por dem\u00eancia, diz estudo"},"content":{"rendered":"\n<p><em><span class=\"has-inline-color has-black-color\">Cientistas descobriram que consumir mais de meia colher de sopa de azeite por dia diminui em 28% o risco de morte por dem\u00eancia<\/span><\/em><\/p>\n\n\n\n<p><span class=\"has-inline-color has-black-color\"><em>Por <strong><a href=\"https:\/\/olhardigital.com.br\/author\/alessandro-lorenzo\/amp\/\">Alessandro Di Lorenzo<\/a><\/strong><\/em><\/span><\/p>\n\n\n\n<div class=\"wp-block-image\"><figure class=\"aligncenter size-large is-resized\"><img loading=\"lazy\" decoding=\"async\" src=\"https:\/\/jornalfatosenoticias.com.br\/wp-content\/uploads\/2020\/02\/logo-Rapuzel-1024x571.jpg\" alt=\"\" class=\"wp-image-42808\" width=\"357\" height=\"199\" srcset=\"https:\/\/jornalfatosenoticias.com.br\/wp-content\/uploads\/2020\/02\/logo-Rapuzel-1024x571.jpg 1024w, https:\/\/jornalfatosenoticias.com.br\/wp-content\/uploads\/2020\/02\/logo-Rapuzel-300x167.jpg 300w, https:\/\/jornalfatosenoticias.com.br\/wp-content\/uploads\/2020\/02\/logo-Rapuzel-768x428.jpg 768w, https:\/\/jornalfatosenoticias.com.br\/wp-content\/uploads\/2020\/02\/logo-Rapuzel-1536x856.jpg 1536w, https:\/\/jornalfatosenoticias.com.br\/wp-content\/uploads\/2020\/02\/logo-Rapuzel.jpg 1600w\" sizes=\"auto, (max-width: 357px) 100vw, 357px\" \/><\/figure><\/div>\n\n\n\n<p>O azeite de oliva \u00e9 apontado como um exemplo de um \u201csuperalimento\u201d que pode ajudar a viver mais quando consumido como parte de uma <a href=\"https:\/\/olhardigital.com.br\/tag\/dieta-saudavel\/\" target=\"_blank\" rel=\"noreferrer noopener\">dieta saud\u00e1vel<\/a>. Agora, um novo estudo sugere que o produto reduz o risco de morte por\u00a0<a href=\"https:\/\/olhardigital.com.br\/tag\/demencia\/\" target=\"_blank\" rel=\"noreferrer noopener\">dem\u00eancia<\/a>. A pesquisa foi conduzida por pesquisadores de Harvard, nos <a href=\"https:\/\/olhardigital.com.br\/tag\/estados-unidos\/\" target=\"_blank\" rel=\"noreferrer noopener\">Estados Unidos<\/a>, e apontou que o consumo do azeite no lugar de margarina e maionese, por exemplo, pode diminuir os riscos de \u00f3bito por dem\u00eancia.<br>Foram levados em conta registros de mortes de mais de 90 mil pessoas nos EUA ao longo de tr\u00eas d\u00e9cadas. Deste total, 4.789 foram \u00f3bitos causados pela dem\u00eancia. A doen\u00e7a inclui uma s\u00e9rie de condi\u00e7\u00f5es que afetam a mem\u00f3ria e outras habilidades mentais o suficiente para interferir na vida di\u00e1ria. As condi\u00e7\u00f5es s\u00e3o causadas por altera\u00e7\u00f5es f\u00edsicas no c\u00e9rebro, sendo a doen\u00e7a de <a href=\"https:\/\/olhardigital.com.br\/tag\/alzheimer\/\" target=\"_blank\" rel=\"noreferrer noopener\">Alzheimer<\/a> o tipo mais comum.<\/p>\n\n\n\n<div class=\"wp-block-image\"><figure class=\"aligncenter size-large is-resized\"><img loading=\"lazy\" decoding=\"async\" src=\"https:\/\/jornalfatosenoticias.com.br\/wp-content\/uploads\/2023\/03\/logo-Panper_portal.jpg\" alt=\"\" class=\"wp-image-40208\" width=\"274\" height=\"190\" srcset=\"https:\/\/jornalfatosenoticias.com.br\/wp-content\/uploads\/2023\/03\/logo-Panper_portal.jpg 400w, https:\/\/jornalfatosenoticias.com.br\/wp-content\/uploads\/2023\/03\/logo-Panper_portal-300x208.jpg 300w\" sizes=\"auto, (max-width: 274px) 100vw, 274px\" \/><\/figure><\/div>\n\n\n\n<p>Os cientistas descobriram que aqueles que consumiram mais de meia colher de sopa de azeite por dia tiveram um risco 28% menor de morrer de dem\u00eancia em compara\u00e7\u00e3o com aqueles que nunca ou raramente comeram azeite. O estudo tamb\u00e9m mostrou como a substitui\u00e7\u00e3o de uma \u00fanica colher de ch\u00e1 de margarina ou maionese por azeite de oliva diariamente tamb\u00e9m foi associada a um menor risco de morrer de dem\u00eancia entre 8% e 14%.<\/p>\n\n\n\n<div class=\"wp-block-image\"><figure class=\"aligncenter size-large\"><img loading=\"lazy\" decoding=\"async\" width=\"300\" height=\"300\" src=\"https:\/\/jornalfatosenoticias.com.br\/wp-content\/uploads\/2020\/02\/casa-do-torresmo_portal.jpg\" alt=\"\" class=\"wp-image-34472\" srcset=\"https:\/\/jornalfatosenoticias.com.br\/wp-content\/uploads\/2020\/02\/casa-do-torresmo_portal.jpg 300w, https:\/\/jornalfatosenoticias.com.br\/wp-content\/uploads\/2020\/02\/casa-do-torresmo_portal-150x150.jpg 150w\" sizes=\"auto, (max-width: 300px) 100vw, 300px\" \/><\/figure><\/div>\n\n\n\n<blockquote class=\"wp-block-quote is-layout-flow wp-block-quote-is-layout-flow\"><p><span class=\"has-inline-color has-luminous-vivid-orange-color\">Nosso estudo refor\u00e7a as diretrizes diet\u00e9ticas que recomendam \u00f3leos vegetais, como o azeite de oliva, e sugere que essas recomenda\u00e7\u00f5es n\u00e3o apenas apoiam a sa\u00fade do cora\u00e7\u00e3o, mas potencialmente a sa\u00fade do c\u00e9rebro tamb\u00e9m\u201d, disse Anne-Julie Tessier, p\u00f3s-doutoranda da Harvard TH Chan School of Public Health.<\/span><\/p><\/blockquote>\n\n\n\n<div class=\"wp-block-image\"><figure class=\"aligncenter size-large\"><img loading=\"lazy\" decoding=\"async\" width=\"300\" height=\"137\" src=\"https:\/\/jornalfatosenoticias.com.br\/wp-content\/uploads\/2023\/06\/LOGO_JULIANA-GRACA_PORTAL.jpg\" alt=\"\" class=\"wp-image-42597\"\/><\/figure><\/div>\n\n\n\n<p>Pesquisas anteriores sugeriram que as pessoas que usam azeite de oliva em vez de gorduras processadas ou animais tendem a ter dietas mais saud\u00e1veis e resultados de sa\u00fade potencialmente melhores. Alguns estudos ainda ligaram a maior ingest\u00e3o de azeite com um menor risco de doen\u00e7as card\u00edacas. Agora, esse novo trabalho dos pesquisadores indica que o azeite de oliva tem propriedades que s\u00e3o exclusivamente ben\u00e9ficas para a sa\u00fade do c\u00e9rebro.<\/p>\n\n\n\n<div class=\"wp-block-image\"><figure class=\"aligncenter size-large is-resized\"><img loading=\"lazy\" decoding=\"async\" src=\"https:\/\/jornalfatosenoticias.com.br\/wp-content\/uploads\/2022\/10\/RC_800x750_page-0001.jpg\" alt=\"\" class=\"wp-image-35338\" width=\"244\" height=\"229\" srcset=\"https:\/\/jornalfatosenoticias.com.br\/wp-content\/uploads\/2022\/10\/RC_800x750_page-0001.jpg 400w, https:\/\/jornalfatosenoticias.com.br\/wp-content\/uploads\/2022\/10\/RC_800x750_page-0001-300x281.jpg 300w\" sizes=\"auto, (max-width: 244px) 100vw, 244px\" \/><\/figure><\/div>\n\n\n\n<blockquote class=\"wp-block-quote is-layout-flow wp-block-quote-is-layout-flow\"><p><span class=\"has-inline-color has-luminous-vivid-orange-color\">Alguns compostos antioxidantes no azeite de oliva podem atravessar a barreira hematoencef\u00e1lica, potencialmente tendo um efeito direto no c\u00e9rebro. Tamb\u00e9m \u00e9 poss\u00edvel que o azeite de oliva tenha um efeito indireto na sa\u00fade do c\u00e9rebro, beneficiando a sa\u00fade cardiovascular\u201d, destacou Tessier.<\/span><\/p><\/blockquote>\n\n\n\n<div class=\"wp-block-image\"><figure class=\"aligncenter size-large is-resized\"><img loading=\"lazy\" decoding=\"async\" src=\"https:\/\/jornalfatosenoticias.com.br\/wp-content\/uploads\/2022\/10\/Arte-jornal-Zucchi-600x600_Prancheta-1-1024x1024.jpg\" alt=\"\" class=\"wp-image-34782\" width=\"278\" height=\"278\" srcset=\"https:\/\/jornalfatosenoticias.com.br\/wp-content\/uploads\/2022\/10\/Arte-jornal-Zucchi-600x600_Prancheta-1-1024x1024.jpg 1024w, https:\/\/jornalfatosenoticias.com.br\/wp-content\/uploads\/2022\/10\/Arte-jornal-Zucchi-600x600_Prancheta-1-300x300.jpg 300w, https:\/\/jornalfatosenoticias.com.br\/wp-content\/uploads\/2022\/10\/Arte-jornal-Zucchi-600x600_Prancheta-1-150x150.jpg 150w, https:\/\/jornalfatosenoticias.com.br\/wp-content\/uploads\/2022\/10\/Arte-jornal-Zucchi-600x600_Prancheta-1-768x768.jpg 768w, https:\/\/jornalfatosenoticias.com.br\/wp-content\/uploads\/2022\/10\/Arte-jornal-Zucchi-600x600_Prancheta-1.jpg 1250w\" sizes=\"auto, (max-width: 278px) 100vw, 278px\" \/><\/figure><\/div>\n\n\n\n<p>A pesquisa ainda est\u00e1 na fase observacional, ou seja, n\u00e3o h\u00e1 comprova\u00e7\u00e3o de que a ingest\u00e3o do produto de fato reduza o risco por dem\u00eancia. Mais estudos ser\u00e3o necess\u00e1rios para confirmar ou n\u00e3o o efeito, mas tudo indica que o consumo do azeite de oliva \u00e9, no m\u00ednimo, ben\u00e9fico \u00e0 sa\u00fade.<\/p>\n\n\n\n<p><strong><em>Fonte: <a href=\"https:\/\/olhardigital.com.br\/2023\/07\/24\/medicina-e-saude\/azeite-de-oliva-pode-reduzir-risco-de-morte-por-demencia-diz-estudo\/amp\/\">Olhar Digital<\/a><\/em><\/strong><\/p>\n","protected":false},"excerpt":{"rendered":"<p>Cientistas descobriram que consumir mais de meia colher de sopa de azeite por dia diminui em 28% o risco de morte por dem\u00eancia Por Alessandro Di Lorenzo O azeite de oliva \u00e9 apontado como um exemplo de um \u201csuperalimento\u201d que pode ajudar a viver mais quando consumido como parte de uma dieta saud\u00e1vel. Agora, um [&hellip;]<\/p>\n","protected":false},"author":2,"featured_media":43819,"comment_status":"open","ping_status":"open","sticky":false,"template":"","format":"standard","meta":{"footnotes":""},"categories":[11],"tags":[20632,3402,714,75],"class_list":["post-43818","post","type-post","status-publish","format-standard","has-post-thumbnail","hentry","category-saude","tag-azeite-de-oliva","tag-demencia","tag-estudo","tag-mortes"],"yoast_head":"<!-- This site is optimized with the Yoast SEO plugin v26.5 - https:\/\/yoast.com\/wordpress\/plugins\/seo\/ -->\n<title>Azeite de oliva pode reduzir risco de morte por dem\u00eancia, diz estudo - Jornal Fatos e Not\u00edcias<\/title>\n<meta name=\"robots\" content=\"index, follow, max-snippet:-1, max-image-preview:large, max-video-preview:-1\" \/>\n<link rel=\"canonical\" href=\"https:\/\/jornalfatosenoticias.com.br\/index.php\/2023\/07\/31\/azeite-de-oliva-pode-reduzir-risco-de-morte-por-demencia-diz-estudo\/\" \/>\n<meta property=\"og:locale\" content=\"pt_BR\" \/>\n<meta property=\"og:type\" content=\"article\" \/>\n<meta property=\"og:title\" content=\"Azeite de oliva pode reduzir risco de morte por dem\u00eancia, diz estudo - Jornal Fatos e Not\u00edcias\" \/>\n<meta property=\"og:description\" content=\"Cientistas descobriram que consumir mais de meia colher de sopa de azeite por dia diminui em 28% o risco de morte por dem\u00eancia Por Alessandro Di Lorenzo O azeite de oliva \u00e9 apontado como um exemplo de um \u201csuperalimento\u201d que pode ajudar a viver mais quando consumido como parte de uma dieta saud\u00e1vel. Agora, um [&hellip;]\" \/>\n<meta property=\"og:url\" content=\"https:\/\/jornalfatosenoticias.com.br\/index.php\/2023\/07\/31\/azeite-de-oliva-pode-reduzir-risco-de-morte-por-demencia-diz-estudo\/\" \/>\n<meta property=\"og:site_name\" content=\"Jornal Fatos e Not\u00edcias\" \/>\n<meta property=\"article:published_time\" content=\"2023-07-31T17:49:13+00:00\" \/>\n<meta property=\"article:modified_time\" content=\"2023-07-31T17:49:14+00:00\" \/>\n<meta property=\"og:image\" content=\"https:\/\/jornalfatosenoticias.com.br\/wp-content\/uploads\/2023\/07\/azeite-de-oliva_iStockphoto.jpg\" \/>\n\t<meta property=\"og:image:width\" content=\"912\" \/>\n\t<meta property=\"og:image:height\" content=\"608\" \/>\n\t<meta property=\"og:image:type\" content=\"image\/jpeg\" \/>\n<meta name=\"author\" content=\"Luzimara Fernandes\" \/>\n<meta name=\"twitter:card\" content=\"summary_large_image\" \/>\n<meta name=\"twitter:label1\" content=\"Escrito por\" \/>\n\t<meta name=\"twitter:data1\" content=\"Luzimara Fernandes\" \/>\n\t<meta name=\"twitter:label2\" content=\"Est. tempo de leitura\" \/>\n\t<meta name=\"twitter:data2\" content=\"3 minutos\" \/>\n<script type=\"application\/ld+json\" class=\"yoast-schema-graph\">{\"@context\":\"https:\/\/schema.org\",\"@graph\":[{\"@type\":\"Article\",\"@id\":\"https:\/\/jornalfatosenoticias.com.br\/index.php\/2023\/07\/31\/azeite-de-oliva-pode-reduzir-risco-de-morte-por-demencia-diz-estudo\/#article\",\"isPartOf\":{\"@id\":\"https:\/\/jornalfatosenoticias.com.br\/index.php\/2023\/07\/31\/azeite-de-oliva-pode-reduzir-risco-de-morte-por-demencia-diz-estudo\/\"},\"author\":{\"name\":\"Luzimara Fernandes\",\"@id\":\"https:\/\/jornalfatosenoticias.com.br\/#\/schema\/person\/d63837fa13ac8666eb9e74e0985d6f81\"},\"headline\":\"Azeite de oliva pode reduzir risco de morte por dem\u00eancia, diz estudo\",\"datePublished\":\"2023-07-31T17:49:13+00:00\",\"dateModified\":\"2023-07-31T17:49:14+00:00\",\"mainEntityOfPage\":{\"@id\":\"https:\/\/jornalfatosenoticias.com.br\/index.php\/2023\/07\/31\/azeite-de-oliva-pode-reduzir-risco-de-morte-por-demencia-diz-estudo\/\"},\"wordCount\":516,\"commentCount\":0,\"publisher\":{\"@id\":\"https:\/\/jornalfatosenoticias.com.br\/#organization\"},\"image\":{\"@id\":\"https:\/\/jornalfatosenoticias.com.br\/index.php\/2023\/07\/31\/azeite-de-oliva-pode-reduzir-risco-de-morte-por-demencia-diz-estudo\/#primaryimage\"},\"thumbnailUrl\":\"https:\/\/jornalfatosenoticias.com.br\/wp-content\/uploads\/2023\/07\/azeite-de-oliva_iStockphoto.jpg\",\"keywords\":[\"azeite de oliva\",\"dem\u00eancia\",\"Estudo\",\"mortes\"],\"articleSection\":[\"Sa\u00fade\"],\"inLanguage\":\"pt-BR\",\"potentialAction\":[{\"@type\":\"CommentAction\",\"name\":\"Comment\",\"target\":[\"https:\/\/jornalfatosenoticias.com.br\/index.php\/2023\/07\/31\/azeite-de-oliva-pode-reduzir-risco-de-morte-por-demencia-diz-estudo\/#respond\"]}]},{\"@type\":\"WebPage\",\"@id\":\"https:\/\/jornalfatosenoticias.com.br\/index.php\/2023\/07\/31\/azeite-de-oliva-pode-reduzir-risco-de-morte-por-demencia-diz-estudo\/\",\"url\":\"https:\/\/jornalfatosenoticias.com.br\/index.php\/2023\/07\/31\/azeite-de-oliva-pode-reduzir-risco-de-morte-por-demencia-diz-estudo\/\",\"name\":\"Azeite de oliva pode reduzir risco de morte por dem\u00eancia, diz estudo - Jornal Fatos e Not\u00edcias\",\"isPartOf\":{\"@id\":\"https:\/\/jornalfatosenoticias.com.br\/#website\"},\"primaryImageOfPage\":{\"@id\":\"https:\/\/jornalfatosenoticias.com.br\/index.php\/2023\/07\/31\/azeite-de-oliva-pode-reduzir-risco-de-morte-por-demencia-diz-estudo\/#primaryimage\"},\"image\":{\"@id\":\"https:\/\/jornalfatosenoticias.com.br\/index.php\/2023\/07\/31\/azeite-de-oliva-pode-reduzir-risco-de-morte-por-demencia-diz-estudo\/#primaryimage\"},\"thumbnailUrl\":\"https:\/\/jornalfatosenoticias.com.br\/wp-content\/uploads\/2023\/07\/azeite-de-oliva_iStockphoto.jpg\",\"datePublished\":\"2023-07-31T17:49:13+00:00\",\"dateModified\":\"2023-07-31T17:49:14+00:00\",\"breadcrumb\":{\"@id\":\"https:\/\/jornalfatosenoticias.com.br\/index.php\/2023\/07\/31\/azeite-de-oliva-pode-reduzir-risco-de-morte-por-demencia-diz-estudo\/#breadcrumb\"},\"inLanguage\":\"pt-BR\",\"potentialAction\":[{\"@type\":\"ReadAction\",\"target\":[\"https:\/\/jornalfatosenoticias.com.br\/index.php\/2023\/07\/31\/azeite-de-oliva-pode-reduzir-risco-de-morte-por-demencia-diz-estudo\/\"]}]},{\"@type\":\"ImageObject\",\"inLanguage\":\"pt-BR\",\"@id\":\"https:\/\/jornalfatosenoticias.com.br\/index.php\/2023\/07\/31\/azeite-de-oliva-pode-reduzir-risco-de-morte-por-demencia-diz-estudo\/#primaryimage\",\"url\":\"https:\/\/jornalfatosenoticias.com.br\/wp-content\/uploads\/2023\/07\/azeite-de-oliva_iStockphoto.jpg\",\"contentUrl\":\"https:\/\/jornalfatosenoticias.com.br\/wp-content\/uploads\/2023\/07\/azeite-de-oliva_iStockphoto.jpg\",\"width\":912,\"height\":608,\"caption\":\"Pouring extra virgin olive oil from a spoon to a glass container. Olive branches comes from the left and right. Some olive oil bottles are out of focus at background. Black olives are on the table and complete the composition. The composition is on a rustic wooden kitchen table. Predominant colors are gold, green and brown. High resolution 42Mp studio digital capture taken with Sony A7rII and Sony FE 90mm f2.8 macro G OSS lens\"},{\"@type\":\"BreadcrumbList\",\"@id\":\"https:\/\/jornalfatosenoticias.com.br\/index.php\/2023\/07\/31\/azeite-de-oliva-pode-reduzir-risco-de-morte-por-demencia-diz-estudo\/#breadcrumb\",\"itemListElement\":[{\"@type\":\"ListItem\",\"position\":1,\"name\":\"In\u00edcio\",\"item\":\"https:\/\/jornalfatosenoticias.com.br\/\"},{\"@type\":\"ListItem\",\"position\":2,\"name\":\"Azeite de oliva pode reduzir risco de morte por dem\u00eancia, diz estudo\"}]},{\"@type\":\"WebSite\",\"@id\":\"https:\/\/jornalfatosenoticias.com.br\/#website\",\"url\":\"https:\/\/jornalfatosenoticias.com.br\/\",\"name\":\"Jornal Fatos e Not\u00edcias\",\"description\":\"Not\u00edcias em geral\",\"publisher\":{\"@id\":\"https:\/\/jornalfatosenoticias.com.br\/#organization\"},\"potentialAction\":[{\"@type\":\"SearchAction\",\"target\":{\"@type\":\"EntryPoint\",\"urlTemplate\":\"https:\/\/jornalfatosenoticias.com.br\/?s={search_term_string}\"},\"query-input\":{\"@type\":\"PropertyValueSpecification\",\"valueRequired\":true,\"valueName\":\"search_term_string\"}}],\"inLanguage\":\"pt-BR\"},{\"@type\":\"Organization\",\"@id\":\"https:\/\/jornalfatosenoticias.com.br\/#organization\",\"name\":\"Jornal Fatos e Not\u00edcias\",\"url\":\"https:\/\/jornalfatosenoticias.com.br\/\",\"logo\":{\"@type\":\"ImageObject\",\"inLanguage\":\"pt-BR\",\"@id\":\"https:\/\/jornalfatosenoticias.com.br\/#\/schema\/logo\/image\/\",\"url\":\"https:\/\/jornalfatosenoticias.com.br\/wp-content\/uploads\/2020\/02\/logo120.png\",\"contentUrl\":\"https:\/\/jornalfatosenoticias.com.br\/wp-content\/uploads\/2020\/02\/logo120.png\",\"width\":1227,\"height\":120,\"caption\":\"Jornal Fatos e Not\u00edcias\"},\"image\":{\"@id\":\"https:\/\/jornalfatosenoticias.com.br\/#\/schema\/logo\/image\/\"}},{\"@type\":\"Person\",\"@id\":\"https:\/\/jornalfatosenoticias.com.br\/#\/schema\/person\/d63837fa13ac8666eb9e74e0985d6f81\",\"name\":\"Luzimara Fernandes\",\"image\":{\"@type\":\"ImageObject\",\"inLanguage\":\"pt-BR\",\"@id\":\"https:\/\/jornalfatosenoticias.com.br\/#\/schema\/person\/image\/\",\"url\":\"https:\/\/jornalfatosenoticias.com.br\/wp-content\/uploads\/2025\/05\/EU_portal.jpg\",\"contentUrl\":\"https:\/\/jornalfatosenoticias.com.br\/wp-content\/uploads\/2025\/05\/EU_portal.jpg\",\"caption\":\"Luzimara Fernandes\"},\"description\":\"Jornalista MTB 2358-ES\",\"sameAs\":[\"https:\/\/jornalfatosenoticias.com.br\"],\"url\":\"https:\/\/jornalfatosenoticias.com.br\/index.php\/author\/luzimara\/\"}]}<\/script>\n<!-- \/ Yoast SEO plugin. -->","yoast_head_json":{"title":"Azeite de oliva pode reduzir risco de morte por dem\u00eancia, diz estudo - Jornal Fatos e Not\u00edcias","robots":{"index":"index","follow":"follow","max-snippet":"max-snippet:-1","max-image-preview":"max-image-preview:large","max-video-preview":"max-video-preview:-1"},"canonical":"https:\/\/jornalfatosenoticias.com.br\/index.php\/2023\/07\/31\/azeite-de-oliva-pode-reduzir-risco-de-morte-por-demencia-diz-estudo\/","og_locale":"pt_BR","og_type":"article","og_title":"Azeite de oliva pode reduzir risco de morte por dem\u00eancia, diz estudo - Jornal Fatos e Not\u00edcias","og_description":"Cientistas descobriram que consumir mais de meia colher de sopa de azeite por dia diminui em 28% o risco de morte por dem\u00eancia Por Alessandro Di Lorenzo O azeite de oliva \u00e9 apontado como um exemplo de um \u201csuperalimento\u201d que pode ajudar a viver mais quando consumido como parte de uma dieta saud\u00e1vel. Agora, um [&hellip;]","og_url":"https:\/\/jornalfatosenoticias.com.br\/index.php\/2023\/07\/31\/azeite-de-oliva-pode-reduzir-risco-de-morte-por-demencia-diz-estudo\/","og_site_name":"Jornal Fatos e Not\u00edcias","article_published_time":"2023-07-31T17:49:13+00:00","article_modified_time":"2023-07-31T17:49:14+00:00","og_image":[{"width":912,"height":608,"url":"https:\/\/jornalfatosenoticias.com.br\/wp-content\/uploads\/2023\/07\/azeite-de-oliva_iStockphoto.jpg","type":"image\/jpeg"}],"author":"Luzimara Fernandes","twitter_card":"summary_large_image","twitter_misc":{"Escrito por":"Luzimara Fernandes","Est. tempo de leitura":"3 minutos"},"schema":{"@context":"https:\/\/schema.org","@graph":[{"@type":"Article","@id":"https:\/\/jornalfatosenoticias.com.br\/index.php\/2023\/07\/31\/azeite-de-oliva-pode-reduzir-risco-de-morte-por-demencia-diz-estudo\/#article","isPartOf":{"@id":"https:\/\/jornalfatosenoticias.com.br\/index.php\/2023\/07\/31\/azeite-de-oliva-pode-reduzir-risco-de-morte-por-demencia-diz-estudo\/"},"author":{"name":"Luzimara Fernandes","@id":"https:\/\/jornalfatosenoticias.com.br\/#\/schema\/person\/d63837fa13ac8666eb9e74e0985d6f81"},"headline":"Azeite de oliva pode reduzir risco de morte por dem\u00eancia, diz estudo","datePublished":"2023-07-31T17:49:13+00:00","dateModified":"2023-07-31T17:49:14+00:00","mainEntityOfPage":{"@id":"https:\/\/jornalfatosenoticias.com.br\/index.php\/2023\/07\/31\/azeite-de-oliva-pode-reduzir-risco-de-morte-por-demencia-diz-estudo\/"},"wordCount":516,"commentCount":0,"publisher":{"@id":"https:\/\/jornalfatosenoticias.com.br\/#organization"},"image":{"@id":"https:\/\/jornalfatosenoticias.com.br\/index.php\/2023\/07\/31\/azeite-de-oliva-pode-reduzir-risco-de-morte-por-demencia-diz-estudo\/#primaryimage"},"thumbnailUrl":"https:\/\/jornalfatosenoticias.com.br\/wp-content\/uploads\/2023\/07\/azeite-de-oliva_iStockphoto.jpg","keywords":["azeite de oliva","dem\u00eancia","Estudo","mortes"],"articleSection":["Sa\u00fade"],"inLanguage":"pt-BR","potentialAction":[{"@type":"CommentAction","name":"Comment","target":["https:\/\/jornalfatosenoticias.com.br\/index.php\/2023\/07\/31\/azeite-de-oliva-pode-reduzir-risco-de-morte-por-demencia-diz-estudo\/#respond"]}]},{"@type":"WebPage","@id":"https:\/\/jornalfatosenoticias.com.br\/index.php\/2023\/07\/31\/azeite-de-oliva-pode-reduzir-risco-de-morte-por-demencia-diz-estudo\/","url":"https:\/\/jornalfatosenoticias.com.br\/index.php\/2023\/07\/31\/azeite-de-oliva-pode-reduzir-risco-de-morte-por-demencia-diz-estudo\/","name":"Azeite de oliva pode reduzir risco de morte por dem\u00eancia, diz estudo - Jornal Fatos e Not\u00edcias","isPartOf":{"@id":"https:\/\/jornalfatosenoticias.com.br\/#website"},"primaryImageOfPage":{"@id":"https:\/\/jornalfatosenoticias.com.br\/index.php\/2023\/07\/31\/azeite-de-oliva-pode-reduzir-risco-de-morte-por-demencia-diz-estudo\/#primaryimage"},"image":{"@id":"https:\/\/jornalfatosenoticias.com.br\/index.php\/2023\/07\/31\/azeite-de-oliva-pode-reduzir-risco-de-morte-por-demencia-diz-estudo\/#primaryimage"},"thumbnailUrl":"https:\/\/jornalfatosenoticias.com.br\/wp-content\/uploads\/2023\/07\/azeite-de-oliva_iStockphoto.jpg","datePublished":"2023-07-31T17:49:13+00:00","dateModified":"2023-07-31T17:49:14+00:00","breadcrumb":{"@id":"https:\/\/jornalfatosenoticias.com.br\/index.php\/2023\/07\/31\/azeite-de-oliva-pode-reduzir-risco-de-morte-por-demencia-diz-estudo\/#breadcrumb"},"inLanguage":"pt-BR","potentialAction":[{"@type":"ReadAction","target":["https:\/\/jornalfatosenoticias.com.br\/index.php\/2023\/07\/31\/azeite-de-oliva-pode-reduzir-risco-de-morte-por-demencia-diz-estudo\/"]}]},{"@type":"ImageObject","inLanguage":"pt-BR","@id":"https:\/\/jornalfatosenoticias.com.br\/index.php\/2023\/07\/31\/azeite-de-oliva-pode-reduzir-risco-de-morte-por-demencia-diz-estudo\/#primaryimage","url":"https:\/\/jornalfatosenoticias.com.br\/wp-content\/uploads\/2023\/07\/azeite-de-oliva_iStockphoto.jpg","contentUrl":"https:\/\/jornalfatosenoticias.com.br\/wp-content\/uploads\/2023\/07\/azeite-de-oliva_iStockphoto.jpg","width":912,"height":608,"caption":"Pouring extra virgin olive oil from a spoon to a glass container. Olive branches comes from the left and right. Some olive oil bottles are out of focus at background. Black olives are on the table and complete the composition. The composition is on a rustic wooden kitchen table. Predominant colors are gold, green and brown. High resolution 42Mp studio digital capture taken with Sony A7rII and Sony FE 90mm f2.8 macro G OSS lens"},{"@type":"BreadcrumbList","@id":"https:\/\/jornalfatosenoticias.com.br\/index.php\/2023\/07\/31\/azeite-de-oliva-pode-reduzir-risco-de-morte-por-demencia-diz-estudo\/#breadcrumb","itemListElement":[{"@type":"ListItem","position":1,"name":"In\u00edcio","item":"https:\/\/jornalfatosenoticias.com.br\/"},{"@type":"ListItem","position":2,"name":"Azeite de oliva pode reduzir risco de morte por dem\u00eancia, diz estudo"}]},{"@type":"WebSite","@id":"https:\/\/jornalfatosenoticias.com.br\/#website","url":"https:\/\/jornalfatosenoticias.com.br\/","name":"Jornal Fatos e Not\u00edcias","description":"Not\u00edcias em geral","publisher":{"@id":"https:\/\/jornalfatosenoticias.com.br\/#organization"},"potentialAction":[{"@type":"SearchAction","target":{"@type":"EntryPoint","urlTemplate":"https:\/\/jornalfatosenoticias.com.br\/?s={search_term_string}"},"query-input":{"@type":"PropertyValueSpecification","valueRequired":true,"valueName":"search_term_string"}}],"inLanguage":"pt-BR"},{"@type":"Organization","@id":"https:\/\/jornalfatosenoticias.com.br\/#organization","name":"Jornal Fatos e Not\u00edcias","url":"https:\/\/jornalfatosenoticias.com.br\/","logo":{"@type":"ImageObject","inLanguage":"pt-BR","@id":"https:\/\/jornalfatosenoticias.com.br\/#\/schema\/logo\/image\/","url":"https:\/\/jornalfatosenoticias.com.br\/wp-content\/uploads\/2020\/02\/logo120.png","contentUrl":"https:\/\/jornalfatosenoticias.com.br\/wp-content\/uploads\/2020\/02\/logo120.png","width":1227,"height":120,"caption":"Jornal Fatos e Not\u00edcias"},"image":{"@id":"https:\/\/jornalfatosenoticias.com.br\/#\/schema\/logo\/image\/"}},{"@type":"Person","@id":"https:\/\/jornalfatosenoticias.com.br\/#\/schema\/person\/d63837fa13ac8666eb9e74e0985d6f81","name":"Luzimara Fernandes","image":{"@type":"ImageObject","inLanguage":"pt-BR","@id":"https:\/\/jornalfatosenoticias.com.br\/#\/schema\/person\/image\/","url":"https:\/\/jornalfatosenoticias.com.br\/wp-content\/uploads\/2025\/05\/EU_portal.jpg","contentUrl":"https:\/\/jornalfatosenoticias.com.br\/wp-content\/uploads\/2025\/05\/EU_portal.jpg","caption":"Luzimara Fernandes"},"description":"Jornalista MTB 2358-ES","sameAs":["https:\/\/jornalfatosenoticias.com.br"],"url":"https:\/\/jornalfatosenoticias.com.br\/index.php\/author\/luzimara\/"}]}},"cc_featured_image_caption":{"caption_text":"(Foto: iStock) ","source_text":"","source_url":""},"jetpack_featured_media_url":"https:\/\/jornalfatosenoticias.com.br\/wp-content\/uploads\/2023\/07\/azeite-de-oliva_iStockphoto.jpg","_links":{"self":[{"href":"https:\/\/jornalfatosenoticias.com.br\/index.php\/wp-json\/wp\/v2\/posts\/43818","targetHints":{"allow":["GET"]}}],"collection":[{"href":"https:\/\/jornalfatosenoticias.com.br\/index.php\/wp-json\/wp\/v2\/posts"}],"about":[{"href":"https:\/\/jornalfatosenoticias.com.br\/index.php\/wp-json\/wp\/v2\/types\/post"}],"author":[{"embeddable":true,"href":"https:\/\/jornalfatosenoticias.com.br\/index.php\/wp-json\/wp\/v2\/users\/2"}],"replies":[{"embeddable":true,"href":"https:\/\/jornalfatosenoticias.com.br\/index.php\/wp-json\/wp\/v2\/comments?post=43818"}],"version-history":[{"count":0,"href":"https:\/\/jornalfatosenoticias.com.br\/index.php\/wp-json\/wp\/v2\/posts\/43818\/revisions"}],"wp:featuredmedia":[{"embeddable":true,"href":"https:\/\/jornalfatosenoticias.com.br\/index.php\/wp-json\/wp\/v2\/media\/43819"}],"wp:attachment":[{"href":"https:\/\/jornalfatosenoticias.com.br\/index.php\/wp-json\/wp\/v2\/media?parent=43818"}],"wp:term":[{"taxonomy":"category","embeddable":true,"href":"https:\/\/jornalfatosenoticias.com.br\/index.php\/wp-json\/wp\/v2\/categories?post=43818"},{"taxonomy":"post_tag","embeddable":true,"href":"https:\/\/jornalfatosenoticias.com.br\/index.php\/wp-json\/wp\/v2\/tags?post=43818"}],"curies":[{"name":"wp","href":"https:\/\/api.w.org\/{rel}","templated":true}]}}