{"id":43901,"date":"2023-08-02T11:10:23","date_gmt":"2023-08-02T14:10:23","guid":{"rendered":"https:\/\/jornalfatosenoticias.com.br\/?p=43901"},"modified":"2023-08-02T11:10:26","modified_gmt":"2023-08-02T14:10:26","slug":"1o-fli-sampa-reune-escritores-e-estudantes-de-escolas-publicas","status":"publish","type":"post","link":"https:\/\/jornalfatosenoticias.com.br\/index.php\/2023\/08\/02\/1o-fli-sampa-reune-escritores-e-estudantes-de-escolas-publicas\/","title":{"rendered":"1\u00ba Fli Sampa re\u00fane escritores e estudantes de escolas p\u00fablicas"},"content":{"rendered":"\n<p><em><span class=\"has-inline-color has-black-color\">Evento gratuito come\u00e7ou nesta ter\u00e7a-feira no Centro Cultural S\u00e3o Paulo<\/span><\/em><\/p>\n\n\n\n<div class=\"wp-block-image\"><figure class=\"aligncenter size-large is-resized\"><img loading=\"lazy\" decoding=\"async\" src=\"https:\/\/jornalfatosenoticias.com.br\/wp-content\/uploads\/2023\/07\/lacremoda.jpg\" alt=\"\" class=\"wp-image-43706\" width=\"331\" height=\"185\" srcset=\"https:\/\/jornalfatosenoticias.com.br\/wp-content\/uploads\/2023\/07\/lacremoda.jpg 1024w, https:\/\/jornalfatosenoticias.com.br\/wp-content\/uploads\/2023\/07\/lacremoda-300x168.jpg 300w, https:\/\/jornalfatosenoticias.com.br\/wp-content\/uploads\/2023\/07\/lacremoda-768x431.jpg 768w\" sizes=\"auto, (max-width: 331px) 100vw, 331px\" \/><\/figure><\/div>\n\n\n\n<p>O 1\u00ba Festival Liter\u00e1rio da Secretaria Municipal de Educa\u00e7\u00e3o (Fli Sampa) vai contar com presen\u00e7a de escritores e artistas, al\u00e9m da participa\u00e7\u00e3o de estudantes e professores com projetos liter\u00e1rios. Para ampliar a participa\u00e7\u00e3o da comunidade, o Fli Sampa vai ser realizado no Centro Cultural S\u00e3o Paulo (CCSP), com entrada gratuita, de ter\u00e7a-feira (1\u00ba) a s\u00e1bado (5).<br>O evento, que come\u00e7a \u00e0s 15h, re\u00fane estudantes, educadores, escritores, artistas, ilustradores e a comunidade interessada em a\u00e7\u00f5es de incentivo \u00e0 literatura e forma\u00e7\u00e3o de novos leitores. No decorrer do m\u00eas outras a\u00e7\u00f5es ocorrer\u00e3o em 13 Centros Educacionais Unificados (CEUs).<\/p>\n\n\n\n<div class=\"wp-block-image\"><figure class=\"aligncenter size-large\"><img loading=\"lazy\" decoding=\"async\" width=\"300\" height=\"250\" src=\"https:\/\/jornalfatosenoticias.com.br\/wp-content\/uploads\/2022\/02\/Banner-2.png\" alt=\"\" class=\"wp-image-27877\"\/><\/figure><\/div>\n\n\n\n<p>Os alunos que j\u00e1 participam de projetos liter\u00e1rios tamb\u00e9m ser\u00e3o protagonistas no festival &#8211; v\u00e3o apresentar pe\u00e7as teatrais, slams, saraus e far\u00e3o a\u00e7\u00f5es de acolhimento po\u00e9tico com o p\u00fablico presente. Outra contribui\u00e7\u00e3o \u00e9 que os jovens jornalistas da Imprensa Jovem (Educon) ocupar\u00e3o o espa\u00e7o da R\u00e1dio do CCSP e far\u00e3o entrevistas com os convidados e participantes do evento.<\/p>\n\n\n\n<div class=\"wp-block-image\"><figure class=\"aligncenter size-large is-resized\"><img loading=\"lazy\" decoding=\"async\" src=\"https:\/\/jornalfatosenoticias.com.br\/wp-content\/uploads\/2022\/02\/Precisao-Contabilidade-1024x724.jpg\" alt=\"\" class=\"wp-image-28088\" width=\"306\" height=\"216\"\/><\/figure><\/div>\n\n\n\n<p>O festival traz o tema Educa\u00e7\u00e3o e Cultura e est\u00e1 dividido em v\u00e1rios espa\u00e7os do centro cultural, com atividades pensadas para p\u00fablicos de diferentes idades. Entre eles, \u00e1rea para conta\u00e7\u00e3o de hist\u00f3ria, espa\u00e7os de gibiteca, de leitura, de ilustra\u00e7\u00f5es com a presen\u00e7a de roteirista da equipe da Turma da M\u00f4nica, e o espa\u00e7o peri\u00f3dico, onde haver\u00e1 apresenta\u00e7\u00f5es de teatro do grupo da Revista Ci\u00eancias Hoje, al\u00e9m da distribui\u00e7\u00e3o dos jornais Joca e Qual\u00e9, destinados \u00e0s crian\u00e7as.<\/p>\n\n\n\n<div class=\"wp-block-image\"><figure class=\"aligncenter size-large is-resized\"><img loading=\"lazy\" decoding=\"async\" src=\"https:\/\/jornalfatosenoticias.com.br\/wp-content\/uploads\/2020\/02\/logo-Rapuzel-1024x571.jpg\" alt=\"\" class=\"wp-image-42808\" width=\"341\" height=\"190\" srcset=\"https:\/\/jornalfatosenoticias.com.br\/wp-content\/uploads\/2020\/02\/logo-Rapuzel-1024x571.jpg 1024w, https:\/\/jornalfatosenoticias.com.br\/wp-content\/uploads\/2020\/02\/logo-Rapuzel-300x167.jpg 300w, https:\/\/jornalfatosenoticias.com.br\/wp-content\/uploads\/2020\/02\/logo-Rapuzel-768x428.jpg 768w, https:\/\/jornalfatosenoticias.com.br\/wp-content\/uploads\/2020\/02\/logo-Rapuzel-1536x856.jpg 1536w, https:\/\/jornalfatosenoticias.com.br\/wp-content\/uploads\/2020\/02\/logo-Rapuzel.jpg 1600w\" sizes=\"auto, (max-width: 341px) 100vw, 341px\" \/><\/figure><\/div>\n\n\n\n<p>Outro destaque do 1\u00ba Fli Sampa \u00e9 a mesa de aut\u00f3grafos, que vai contar com escritores renomados como Renato Moriconi e Tino Freitas, al\u00e9m de educadores da rede municipal, que tamb\u00e9m s\u00e3o autores. Haver\u00e1 ainda uma a\u00e7\u00e3o formativa voltada a 850 professores que atuam nas salas de leitura das unidades educacionais.<\/p>\n\n\n\n<div class=\"wp-block-image\"><figure class=\"aligncenter size-large is-resized\"><img loading=\"lazy\" decoding=\"async\" src=\"https:\/\/jornalfatosenoticias.com.br\/wp-content\/uploads\/2022\/10\/RC_800x750_page-0001.jpg\" alt=\"\" class=\"wp-image-35338\" width=\"289\" height=\"271\" srcset=\"https:\/\/jornalfatosenoticias.com.br\/wp-content\/uploads\/2022\/10\/RC_800x750_page-0001.jpg 400w, https:\/\/jornalfatosenoticias.com.br\/wp-content\/uploads\/2022\/10\/RC_800x750_page-0001-300x281.jpg 300w\" sizes=\"auto, (max-width: 289px) 100vw, 289px\" \/><\/figure><\/div>\n\n\n\n<p>Como parte das a\u00e7\u00f5es do Agosto Ind\u00edgena, no dia 4 de agosto, a programa\u00e7\u00e3o vai destacar a tem\u00e1tica dos povos origin\u00e1rios, com o escritor ind\u00edgena Cristino Wapichana. No dia 5, a cultura afro-brasileira e perif\u00e9rica ser\u00e1 destaque com atra\u00e7\u00f5es musicais, como Fanta Konat\u00ea, e liter\u00e1rias, como S\u00e9rgio Vaz e Ondjaki.<br>O p\u00fablico conta com uma feira de livros formada por at\u00e9 30 editoras, selecionadas a partir do chamamento p\u00fablico, que v\u00e3o comercializar t\u00edtulos com desconto para os profissionais que integram a Rede Municipal de Ensino (RME).<\/p>\n\n\n\n<div class=\"wp-block-image\"><figure class=\"aligncenter size-large is-resized\"><img loading=\"lazy\" decoding=\"async\" src=\"https:\/\/jornalfatosenoticias.com.br\/wp-content\/uploads\/2020\/02\/Logo-Steel-Controls-1024x340.jpg\" alt=\"\" class=\"wp-image-43791\" width=\"409\" height=\"135\"\/><\/figure><\/div>\n\n\n\n<p><strong><span class=\"has-inline-color has-black-color\">Fli Sampa<br><\/span><\/strong>O evento se estende ao longo do m\u00eas em 13 Centros Educacionais Unificados. O objetivo \u00e9 continuar as a\u00e7\u00f5es de incentivo e aprecia\u00e7\u00e3o liter\u00e1ria nos diversos territ\u00f3rios da cidade. Encontros com autores, conta\u00e7\u00f5es de hist\u00f3rias infantis, saraus, batalhas de poesia, apresenta\u00e7\u00f5es de estudantes e atra\u00e7\u00f5es musicais est\u00e3o entre as atividades que ocorrer\u00e3o nos CEUs.<\/p>\n\n\n\n<div class=\"wp-block-image\"><figure class=\"aligncenter size-large\"><img loading=\"lazy\" decoding=\"async\" width=\"300\" height=\"300\" src=\"https:\/\/jornalfatosenoticias.com.br\/wp-content\/uploads\/2020\/02\/casa-do-torresmo_portal.jpg\" alt=\"\" class=\"wp-image-34472\" srcset=\"https:\/\/jornalfatosenoticias.com.br\/wp-content\/uploads\/2020\/02\/casa-do-torresmo_portal.jpg 300w, https:\/\/jornalfatosenoticias.com.br\/wp-content\/uploads\/2020\/02\/casa-do-torresmo_portal-150x150.jpg 150w\" sizes=\"auto, (max-width: 300px) 100vw, 300px\" \/><\/figure><\/div>\n\n\n\n<p><strong><span class=\"has-inline-color has-black-color\"><span style=\"text-decoration: underline;\">Servi\u00e7o<br><\/span><\/span><\/strong>1\u00aa Fli Sampa \u2014 Festival Liter\u00e1rio<br>1 de agosto \u2014 abertura \u2014 15h<br>2 a 5 de agosto<br>Hor\u00e1rio: 10h \u00e0s 20h, exceto no dia 5 (s\u00e1bado), que funciona das 14h \u00e0s 19h.<br>Local: Centro Cultural S\u00e3o Paulo, na Rua Vergueiro, 1000, Para\u00edso \u2014 SP Entrada gratuita<\/p>\n\n\n\n<div class=\"wp-block-image\"><figure class=\"aligncenter size-large is-resized\"><img loading=\"lazy\" decoding=\"async\" src=\"https:\/\/jornalfatosenoticias.com.br\/wp-content\/uploads\/2020\/02\/logo-embacia.jpg\" alt=\"\" class=\"wp-image-33905\" width=\"283\" height=\"283\"\/><\/figure><\/div>\n\n\n\n<p><strong><em>Fonte: <a href=\"https:\/\/agenciabrasil.ebc.com.br\/educacao\/noticia\/2023-08\/1o-fli-sampa-reune-escritores-e-estudantes-de-escolas-publicas\">Ag\u00eancia Brasil<\/a><\/em><\/strong><\/p>\n","protected":false},"excerpt":{"rendered":"<p>Evento gratuito come\u00e7ou nesta ter\u00e7a-feira no Centro Cultural S\u00e3o Paulo O 1\u00ba Festival Liter\u00e1rio da Secretaria Municipal de Educa\u00e7\u00e3o (Fli Sampa) vai contar com presen\u00e7a de escritores e artistas, al\u00e9m da participa\u00e7\u00e3o de estudantes e professores com projetos liter\u00e1rios. Para ampliar a participa\u00e7\u00e3o da comunidade, o Fli Sampa vai ser realizado no Centro Cultural S\u00e3o [&hellip;]<\/p>\n","protected":false},"author":2,"featured_media":43902,"comment_status":"open","ping_status":"open","sticky":false,"template":"","format":"standard","meta":{"footnotes":""},"categories":[4,7],"tags":[20689,20690,20692,11559,20691],"class_list":["post-43901","post","type-post","status-publish","format-standard","has-post-thumbnail","hentry","category-cultura","category-educacao","tag-1o-festival-literario","tag-1o-fli-sampa","tag-centro-cultural-sao-paulo","tag-escritores","tag-estudantes-de-escolas-publicas"],"yoast_head":"<!-- This site is optimized with the Yoast SEO plugin v26.5 - https:\/\/yoast.com\/wordpress\/plugins\/seo\/ -->\n<title>1\u00ba Fli Sampa re\u00fane escritores e estudantes de escolas p\u00fablicas - Jornal Fatos e Not\u00edcias<\/title>\n<meta name=\"robots\" content=\"index, follow, max-snippet:-1, max-image-preview:large, max-video-preview:-1\" \/>\n<link rel=\"canonical\" href=\"https:\/\/jornalfatosenoticias.com.br\/index.php\/2023\/08\/02\/1o-fli-sampa-reune-escritores-e-estudantes-de-escolas-publicas\/\" \/>\n<meta property=\"og:locale\" content=\"pt_BR\" \/>\n<meta property=\"og:type\" content=\"article\" \/>\n<meta property=\"og:title\" content=\"1\u00ba Fli Sampa re\u00fane escritores e estudantes de escolas p\u00fablicas - Jornal Fatos e Not\u00edcias\" \/>\n<meta property=\"og:description\" content=\"Evento gratuito come\u00e7ou nesta ter\u00e7a-feira no Centro Cultural S\u00e3o Paulo O 1\u00ba Festival Liter\u00e1rio da Secretaria Municipal de Educa\u00e7\u00e3o (Fli Sampa) vai contar com presen\u00e7a de escritores e artistas, al\u00e9m da participa\u00e7\u00e3o de estudantes e professores com projetos liter\u00e1rios. Para ampliar a participa\u00e7\u00e3o da comunidade, o Fli Sampa vai ser realizado no Centro Cultural S\u00e3o [&hellip;]\" \/>\n<meta property=\"og:url\" content=\"https:\/\/jornalfatosenoticias.com.br\/index.php\/2023\/08\/02\/1o-fli-sampa-reune-escritores-e-estudantes-de-escolas-publicas\/\" \/>\n<meta property=\"og:site_name\" content=\"Jornal Fatos e Not\u00edcias\" \/>\n<meta property=\"article:published_time\" content=\"2023-08-02T14:10:23+00:00\" \/>\n<meta property=\"article:modified_time\" content=\"2023-08-02T14:10:26+00:00\" \/>\n<meta property=\"og:image\" content=\"https:\/\/jornalfatosenoticias.com.br\/wp-content\/uploads\/2023\/08\/Fli-Sampa.jpg\" \/>\n\t<meta property=\"og:image:width\" content=\"825\" \/>\n\t<meta property=\"og:image:height\" content=\"470\" \/>\n\t<meta property=\"og:image:type\" content=\"image\/jpeg\" \/>\n<meta name=\"author\" content=\"Luzimara Fernandes\" \/>\n<meta name=\"twitter:card\" content=\"summary_large_image\" \/>\n<meta name=\"twitter:label1\" content=\"Escrito por\" \/>\n\t<meta name=\"twitter:data1\" content=\"Luzimara Fernandes\" \/>\n\t<meta name=\"twitter:label2\" content=\"Est. tempo de leitura\" \/>\n\t<meta name=\"twitter:data2\" content=\"3 minutos\" \/>\n<script type=\"application\/ld+json\" class=\"yoast-schema-graph\">{\"@context\":\"https:\/\/schema.org\",\"@graph\":[{\"@type\":\"Article\",\"@id\":\"https:\/\/jornalfatosenoticias.com.br\/index.php\/2023\/08\/02\/1o-fli-sampa-reune-escritores-e-estudantes-de-escolas-publicas\/#article\",\"isPartOf\":{\"@id\":\"https:\/\/jornalfatosenoticias.com.br\/index.php\/2023\/08\/02\/1o-fli-sampa-reune-escritores-e-estudantes-de-escolas-publicas\/\"},\"author\":{\"name\":\"Luzimara Fernandes\",\"@id\":\"https:\/\/jornalfatosenoticias.com.br\/#\/schema\/person\/d63837fa13ac8666eb9e74e0985d6f81\"},\"headline\":\"1\u00ba Fli Sampa re\u00fane escritores e estudantes de escolas p\u00fablicas\",\"datePublished\":\"2023-08-02T14:10:23+00:00\",\"dateModified\":\"2023-08-02T14:10:26+00:00\",\"mainEntityOfPage\":{\"@id\":\"https:\/\/jornalfatosenoticias.com.br\/index.php\/2023\/08\/02\/1o-fli-sampa-reune-escritores-e-estudantes-de-escolas-publicas\/\"},\"wordCount\":558,\"commentCount\":0,\"publisher\":{\"@id\":\"https:\/\/jornalfatosenoticias.com.br\/#organization\"},\"image\":{\"@id\":\"https:\/\/jornalfatosenoticias.com.br\/index.php\/2023\/08\/02\/1o-fli-sampa-reune-escritores-e-estudantes-de-escolas-publicas\/#primaryimage\"},\"thumbnailUrl\":\"https:\/\/jornalfatosenoticias.com.br\/wp-content\/uploads\/2023\/08\/Fli-Sampa.jpg\",\"keywords\":[\"1\u00ba Festival Liter\u00e1rio\",\"1\u00ba Fli Sampa\",\"Centro Cultural S\u00e3o Paulo\",\"escritores\",\"estudantes de escolas p\u00fablicas\"],\"articleSection\":[\"Cultura\",\"Educa\u00e7\u00e3o\"],\"inLanguage\":\"pt-BR\",\"potentialAction\":[{\"@type\":\"CommentAction\",\"name\":\"Comment\",\"target\":[\"https:\/\/jornalfatosenoticias.com.br\/index.php\/2023\/08\/02\/1o-fli-sampa-reune-escritores-e-estudantes-de-escolas-publicas\/#respond\"]}]},{\"@type\":\"WebPage\",\"@id\":\"https:\/\/jornalfatosenoticias.com.br\/index.php\/2023\/08\/02\/1o-fli-sampa-reune-escritores-e-estudantes-de-escolas-publicas\/\",\"url\":\"https:\/\/jornalfatosenoticias.com.br\/index.php\/2023\/08\/02\/1o-fli-sampa-reune-escritores-e-estudantes-de-escolas-publicas\/\",\"name\":\"1\u00ba Fli Sampa re\u00fane escritores e estudantes de escolas p\u00fablicas - Jornal Fatos e Not\u00edcias\",\"isPartOf\":{\"@id\":\"https:\/\/jornalfatosenoticias.com.br\/#website\"},\"primaryImageOfPage\":{\"@id\":\"https:\/\/jornalfatosenoticias.com.br\/index.php\/2023\/08\/02\/1o-fli-sampa-reune-escritores-e-estudantes-de-escolas-publicas\/#primaryimage\"},\"image\":{\"@id\":\"https:\/\/jornalfatosenoticias.com.br\/index.php\/2023\/08\/02\/1o-fli-sampa-reune-escritores-e-estudantes-de-escolas-publicas\/#primaryimage\"},\"thumbnailUrl\":\"https:\/\/jornalfatosenoticias.com.br\/wp-content\/uploads\/2023\/08\/Fli-Sampa.jpg\",\"datePublished\":\"2023-08-02T14:10:23+00:00\",\"dateModified\":\"2023-08-02T14:10:26+00:00\",\"breadcrumb\":{\"@id\":\"https:\/\/jornalfatosenoticias.com.br\/index.php\/2023\/08\/02\/1o-fli-sampa-reune-escritores-e-estudantes-de-escolas-publicas\/#breadcrumb\"},\"inLanguage\":\"pt-BR\",\"potentialAction\":[{\"@type\":\"ReadAction\",\"target\":[\"https:\/\/jornalfatosenoticias.com.br\/index.php\/2023\/08\/02\/1o-fli-sampa-reune-escritores-e-estudantes-de-escolas-publicas\/\"]}]},{\"@type\":\"ImageObject\",\"inLanguage\":\"pt-BR\",\"@id\":\"https:\/\/jornalfatosenoticias.com.br\/index.php\/2023\/08\/02\/1o-fli-sampa-reune-escritores-e-estudantes-de-escolas-publicas\/#primaryimage\",\"url\":\"https:\/\/jornalfatosenoticias.com.br\/wp-content\/uploads\/2023\/08\/Fli-Sampa.jpg\",\"contentUrl\":\"https:\/\/jornalfatosenoticias.com.br\/wp-content\/uploads\/2023\/08\/Fli-Sampa.jpg\",\"width\":825,\"height\":470},{\"@type\":\"BreadcrumbList\",\"@id\":\"https:\/\/jornalfatosenoticias.com.br\/index.php\/2023\/08\/02\/1o-fli-sampa-reune-escritores-e-estudantes-de-escolas-publicas\/#breadcrumb\",\"itemListElement\":[{\"@type\":\"ListItem\",\"position\":1,\"name\":\"In\u00edcio\",\"item\":\"https:\/\/jornalfatosenoticias.com.br\/\"},{\"@type\":\"ListItem\",\"position\":2,\"name\":\"1\u00ba Fli Sampa re\u00fane escritores e estudantes de escolas p\u00fablicas\"}]},{\"@type\":\"WebSite\",\"@id\":\"https:\/\/jornalfatosenoticias.com.br\/#website\",\"url\":\"https:\/\/jornalfatosenoticias.com.br\/\",\"name\":\"Jornal Fatos e Not\u00edcias\",\"description\":\"Not\u00edcias em geral\",\"publisher\":{\"@id\":\"https:\/\/jornalfatosenoticias.com.br\/#organization\"},\"potentialAction\":[{\"@type\":\"SearchAction\",\"target\":{\"@type\":\"EntryPoint\",\"urlTemplate\":\"https:\/\/jornalfatosenoticias.com.br\/?s={search_term_string}\"},\"query-input\":{\"@type\":\"PropertyValueSpecification\",\"valueRequired\":true,\"valueName\":\"search_term_string\"}}],\"inLanguage\":\"pt-BR\"},{\"@type\":\"Organization\",\"@id\":\"https:\/\/jornalfatosenoticias.com.br\/#organization\",\"name\":\"Jornal Fatos e Not\u00edcias\",\"url\":\"https:\/\/jornalfatosenoticias.com.br\/\",\"logo\":{\"@type\":\"ImageObject\",\"inLanguage\":\"pt-BR\",\"@id\":\"https:\/\/jornalfatosenoticias.com.br\/#\/schema\/logo\/image\/\",\"url\":\"https:\/\/jornalfatosenoticias.com.br\/wp-content\/uploads\/2020\/02\/logo120.png\",\"contentUrl\":\"https:\/\/jornalfatosenoticias.com.br\/wp-content\/uploads\/2020\/02\/logo120.png\",\"width\":1227,\"height\":120,\"caption\":\"Jornal Fatos e Not\u00edcias\"},\"image\":{\"@id\":\"https:\/\/jornalfatosenoticias.com.br\/#\/schema\/logo\/image\/\"}},{\"@type\":\"Person\",\"@id\":\"https:\/\/jornalfatosenoticias.com.br\/#\/schema\/person\/d63837fa13ac8666eb9e74e0985d6f81\",\"name\":\"Luzimara Fernandes\",\"image\":{\"@type\":\"ImageObject\",\"inLanguage\":\"pt-BR\",\"@id\":\"https:\/\/jornalfatosenoticias.com.br\/#\/schema\/person\/image\/\",\"url\":\"https:\/\/jornalfatosenoticias.com.br\/wp-content\/uploads\/2025\/05\/EU_portal.jpg\",\"contentUrl\":\"https:\/\/jornalfatosenoticias.com.br\/wp-content\/uploads\/2025\/05\/EU_portal.jpg\",\"caption\":\"Luzimara Fernandes\"},\"description\":\"Jornalista MTB 2358-ES\",\"sameAs\":[\"https:\/\/jornalfatosenoticias.com.br\"],\"url\":\"https:\/\/jornalfatosenoticias.com.br\/index.php\/author\/luzimara\/\"}]}<\/script>\n<!-- \/ Yoast SEO plugin. -->","yoast_head_json":{"title":"1\u00ba Fli Sampa re\u00fane escritores e estudantes de escolas p\u00fablicas - Jornal Fatos e Not\u00edcias","robots":{"index":"index","follow":"follow","max-snippet":"max-snippet:-1","max-image-preview":"max-image-preview:large","max-video-preview":"max-video-preview:-1"},"canonical":"https:\/\/jornalfatosenoticias.com.br\/index.php\/2023\/08\/02\/1o-fli-sampa-reune-escritores-e-estudantes-de-escolas-publicas\/","og_locale":"pt_BR","og_type":"article","og_title":"1\u00ba Fli Sampa re\u00fane escritores e estudantes de escolas p\u00fablicas - Jornal Fatos e Not\u00edcias","og_description":"Evento gratuito come\u00e7ou nesta ter\u00e7a-feira no Centro Cultural S\u00e3o Paulo O 1\u00ba Festival Liter\u00e1rio da Secretaria Municipal de Educa\u00e7\u00e3o (Fli Sampa) vai contar com presen\u00e7a de escritores e artistas, al\u00e9m da participa\u00e7\u00e3o de estudantes e professores com projetos liter\u00e1rios. Para ampliar a participa\u00e7\u00e3o da comunidade, o Fli Sampa vai ser realizado no Centro Cultural S\u00e3o [&hellip;]","og_url":"https:\/\/jornalfatosenoticias.com.br\/index.php\/2023\/08\/02\/1o-fli-sampa-reune-escritores-e-estudantes-de-escolas-publicas\/","og_site_name":"Jornal Fatos e Not\u00edcias","article_published_time":"2023-08-02T14:10:23+00:00","article_modified_time":"2023-08-02T14:10:26+00:00","og_image":[{"width":825,"height":470,"url":"https:\/\/jornalfatosenoticias.com.br\/wp-content\/uploads\/2023\/08\/Fli-Sampa.jpg","type":"image\/jpeg"}],"author":"Luzimara Fernandes","twitter_card":"summary_large_image","twitter_misc":{"Escrito por":"Luzimara Fernandes","Est. tempo de leitura":"3 minutos"},"schema":{"@context":"https:\/\/schema.org","@graph":[{"@type":"Article","@id":"https:\/\/jornalfatosenoticias.com.br\/index.php\/2023\/08\/02\/1o-fli-sampa-reune-escritores-e-estudantes-de-escolas-publicas\/#article","isPartOf":{"@id":"https:\/\/jornalfatosenoticias.com.br\/index.php\/2023\/08\/02\/1o-fli-sampa-reune-escritores-e-estudantes-de-escolas-publicas\/"},"author":{"name":"Luzimara Fernandes","@id":"https:\/\/jornalfatosenoticias.com.br\/#\/schema\/person\/d63837fa13ac8666eb9e74e0985d6f81"},"headline":"1\u00ba Fli Sampa re\u00fane escritores e estudantes de escolas p\u00fablicas","datePublished":"2023-08-02T14:10:23+00:00","dateModified":"2023-08-02T14:10:26+00:00","mainEntityOfPage":{"@id":"https:\/\/jornalfatosenoticias.com.br\/index.php\/2023\/08\/02\/1o-fli-sampa-reune-escritores-e-estudantes-de-escolas-publicas\/"},"wordCount":558,"commentCount":0,"publisher":{"@id":"https:\/\/jornalfatosenoticias.com.br\/#organization"},"image":{"@id":"https:\/\/jornalfatosenoticias.com.br\/index.php\/2023\/08\/02\/1o-fli-sampa-reune-escritores-e-estudantes-de-escolas-publicas\/#primaryimage"},"thumbnailUrl":"https:\/\/jornalfatosenoticias.com.br\/wp-content\/uploads\/2023\/08\/Fli-Sampa.jpg","keywords":["1\u00ba Festival Liter\u00e1rio","1\u00ba Fli Sampa","Centro Cultural S\u00e3o Paulo","escritores","estudantes de escolas p\u00fablicas"],"articleSection":["Cultura","Educa\u00e7\u00e3o"],"inLanguage":"pt-BR","potentialAction":[{"@type":"CommentAction","name":"Comment","target":["https:\/\/jornalfatosenoticias.com.br\/index.php\/2023\/08\/02\/1o-fli-sampa-reune-escritores-e-estudantes-de-escolas-publicas\/#respond"]}]},{"@type":"WebPage","@id":"https:\/\/jornalfatosenoticias.com.br\/index.php\/2023\/08\/02\/1o-fli-sampa-reune-escritores-e-estudantes-de-escolas-publicas\/","url":"https:\/\/jornalfatosenoticias.com.br\/index.php\/2023\/08\/02\/1o-fli-sampa-reune-escritores-e-estudantes-de-escolas-publicas\/","name":"1\u00ba Fli Sampa re\u00fane escritores e estudantes de escolas p\u00fablicas - Jornal Fatos e Not\u00edcias","isPartOf":{"@id":"https:\/\/jornalfatosenoticias.com.br\/#website"},"primaryImageOfPage":{"@id":"https:\/\/jornalfatosenoticias.com.br\/index.php\/2023\/08\/02\/1o-fli-sampa-reune-escritores-e-estudantes-de-escolas-publicas\/#primaryimage"},"image":{"@id":"https:\/\/jornalfatosenoticias.com.br\/index.php\/2023\/08\/02\/1o-fli-sampa-reune-escritores-e-estudantes-de-escolas-publicas\/#primaryimage"},"thumbnailUrl":"https:\/\/jornalfatosenoticias.com.br\/wp-content\/uploads\/2023\/08\/Fli-Sampa.jpg","datePublished":"2023-08-02T14:10:23+00:00","dateModified":"2023-08-02T14:10:26+00:00","breadcrumb":{"@id":"https:\/\/jornalfatosenoticias.com.br\/index.php\/2023\/08\/02\/1o-fli-sampa-reune-escritores-e-estudantes-de-escolas-publicas\/#breadcrumb"},"inLanguage":"pt-BR","potentialAction":[{"@type":"ReadAction","target":["https:\/\/jornalfatosenoticias.com.br\/index.php\/2023\/08\/02\/1o-fli-sampa-reune-escritores-e-estudantes-de-escolas-publicas\/"]}]},{"@type":"ImageObject","inLanguage":"pt-BR","@id":"https:\/\/jornalfatosenoticias.com.br\/index.php\/2023\/08\/02\/1o-fli-sampa-reune-escritores-e-estudantes-de-escolas-publicas\/#primaryimage","url":"https:\/\/jornalfatosenoticias.com.br\/wp-content\/uploads\/2023\/08\/Fli-Sampa.jpg","contentUrl":"https:\/\/jornalfatosenoticias.com.br\/wp-content\/uploads\/2023\/08\/Fli-Sampa.jpg","width":825,"height":470},{"@type":"BreadcrumbList","@id":"https:\/\/jornalfatosenoticias.com.br\/index.php\/2023\/08\/02\/1o-fli-sampa-reune-escritores-e-estudantes-de-escolas-publicas\/#breadcrumb","itemListElement":[{"@type":"ListItem","position":1,"name":"In\u00edcio","item":"https:\/\/jornalfatosenoticias.com.br\/"},{"@type":"ListItem","position":2,"name":"1\u00ba Fli Sampa re\u00fane escritores e estudantes de escolas p\u00fablicas"}]},{"@type":"WebSite","@id":"https:\/\/jornalfatosenoticias.com.br\/#website","url":"https:\/\/jornalfatosenoticias.com.br\/","name":"Jornal Fatos e Not\u00edcias","description":"Not\u00edcias em geral","publisher":{"@id":"https:\/\/jornalfatosenoticias.com.br\/#organization"},"potentialAction":[{"@type":"SearchAction","target":{"@type":"EntryPoint","urlTemplate":"https:\/\/jornalfatosenoticias.com.br\/?s={search_term_string}"},"query-input":{"@type":"PropertyValueSpecification","valueRequired":true,"valueName":"search_term_string"}}],"inLanguage":"pt-BR"},{"@type":"Organization","@id":"https:\/\/jornalfatosenoticias.com.br\/#organization","name":"Jornal Fatos e Not\u00edcias","url":"https:\/\/jornalfatosenoticias.com.br\/","logo":{"@type":"ImageObject","inLanguage":"pt-BR","@id":"https:\/\/jornalfatosenoticias.com.br\/#\/schema\/logo\/image\/","url":"https:\/\/jornalfatosenoticias.com.br\/wp-content\/uploads\/2020\/02\/logo120.png","contentUrl":"https:\/\/jornalfatosenoticias.com.br\/wp-content\/uploads\/2020\/02\/logo120.png","width":1227,"height":120,"caption":"Jornal Fatos e Not\u00edcias"},"image":{"@id":"https:\/\/jornalfatosenoticias.com.br\/#\/schema\/logo\/image\/"}},{"@type":"Person","@id":"https:\/\/jornalfatosenoticias.com.br\/#\/schema\/person\/d63837fa13ac8666eb9e74e0985d6f81","name":"Luzimara Fernandes","image":{"@type":"ImageObject","inLanguage":"pt-BR","@id":"https:\/\/jornalfatosenoticias.com.br\/#\/schema\/person\/image\/","url":"https:\/\/jornalfatosenoticias.com.br\/wp-content\/uploads\/2025\/05\/EU_portal.jpg","contentUrl":"https:\/\/jornalfatosenoticias.com.br\/wp-content\/uploads\/2025\/05\/EU_portal.jpg","caption":"Luzimara Fernandes"},"description":"Jornalista MTB 2358-ES","sameAs":["https:\/\/jornalfatosenoticias.com.br"],"url":"https:\/\/jornalfatosenoticias.com.br\/index.php\/author\/luzimara\/"}]}},"cc_featured_image_caption":{"caption_text":"(Foto: Divulga\u00e7\u00e3o)","source_text":"","source_url":""},"jetpack_featured_media_url":"https:\/\/jornalfatosenoticias.com.br\/wp-content\/uploads\/2023\/08\/Fli-Sampa.jpg","_links":{"self":[{"href":"https:\/\/jornalfatosenoticias.com.br\/index.php\/wp-json\/wp\/v2\/posts\/43901","targetHints":{"allow":["GET"]}}],"collection":[{"href":"https:\/\/jornalfatosenoticias.com.br\/index.php\/wp-json\/wp\/v2\/posts"}],"about":[{"href":"https:\/\/jornalfatosenoticias.com.br\/index.php\/wp-json\/wp\/v2\/types\/post"}],"author":[{"embeddable":true,"href":"https:\/\/jornalfatosenoticias.com.br\/index.php\/wp-json\/wp\/v2\/users\/2"}],"replies":[{"embeddable":true,"href":"https:\/\/jornalfatosenoticias.com.br\/index.php\/wp-json\/wp\/v2\/comments?post=43901"}],"version-history":[{"count":0,"href":"https:\/\/jornalfatosenoticias.com.br\/index.php\/wp-json\/wp\/v2\/posts\/43901\/revisions"}],"wp:featuredmedia":[{"embeddable":true,"href":"https:\/\/jornalfatosenoticias.com.br\/index.php\/wp-json\/wp\/v2\/media\/43902"}],"wp:attachment":[{"href":"https:\/\/jornalfatosenoticias.com.br\/index.php\/wp-json\/wp\/v2\/media?parent=43901"}],"wp:term":[{"taxonomy":"category","embeddable":true,"href":"https:\/\/jornalfatosenoticias.com.br\/index.php\/wp-json\/wp\/v2\/categories?post=43901"},{"taxonomy":"post_tag","embeddable":true,"href":"https:\/\/jornalfatosenoticias.com.br\/index.php\/wp-json\/wp\/v2\/tags?post=43901"}],"curies":[{"name":"wp","href":"https:\/\/api.w.org\/{rel}","templated":true}]}}