{"id":43925,"date":"2023-08-03T15:17:54","date_gmt":"2023-08-03T18:17:54","guid":{"rendered":"https:\/\/jornalfatosenoticias.com.br\/?p=43925"},"modified":"2023-08-03T15:17:57","modified_gmt":"2023-08-03T18:17:57","slug":"ideias-de-pseudociencia-por-que-e-tao-facil-vende-las-em-nosso-pais-parte-vi","status":"publish","type":"post","link":"https:\/\/jornalfatosenoticias.com.br\/index.php\/2023\/08\/03\/ideias-de-pseudociencia-por-que-e-tao-facil-vende-las-em-nosso-pais-parte-vi\/","title":{"rendered":"Ideias de pseudoci\u00eancia, por que \u00e9 t\u00e3o f\u00e1cil vend\u00ea-las em nosso Pa\u00eds? \u2014 Parte VI"},"content":{"rendered":"\n<p><em><span class=\"has-inline-color has-black-color\">N\u00e3o h\u00e1 vest\u00edgio de escr\u00fapulo ao se vender uma ideia de pseudoci\u00eancia que trata o v\u00ednculo afetivo como um condicionamento cl\u00e1ssico<\/span><\/em><\/p>\n\n\n\n<div class=\"wp-block-image\"><figure class=\"aligncenter size-large is-resized\"><img loading=\"lazy\" decoding=\"async\" src=\"https:\/\/jornalfatosenoticias.com.br\/wp-content\/uploads\/2020\/02\/Banner-2.png\" alt=\"\" class=\"wp-image-43787\" width=\"283\" height=\"236\"\/><\/figure><\/div>\n\n\n\n<p>Faz-se necess\u00e1rio sublinhar mais essa ideia pseudocient\u00edfica que tem torturado tantas Crian\u00e7as. Para garantir a cobertura \u201clegalizada\u201d de crimes de viola\u00e7\u00e3o do corpo da Crian\u00e7a, algu\u00e9m teve a ideia de detonar a voz sofrida e j\u00e1 traumatizada que descreve essas viola\u00e7\u00f5es. Criou-se uma nova figura, com ares de \u201cespecialista\u201d, chamada de Reprogramadora. Como se rob\u00f4 fosse, a Crian\u00e7a \u00e9 desacreditada ativamente por essa figura, que manipula a descri\u00e7\u00e3o feita pela pequena v\u00edtima, e tenta mudar a realidade descrita da viol\u00eancia sexual ou da viol\u00eancia f\u00edsica, sofridas. Como no campo da tecnologia, como se fosse poss\u00edvel contar em algoritmos, a Crian\u00e7a sofre um forte desmentido, conceito importante de Ferenczi.<\/p>\n\n\n\n<div class=\"wp-block-image\"><figure class=\"aligncenter size-large\"><img loading=\"lazy\" decoding=\"async\" width=\"812\" height=\"648\" src=\"https:\/\/jornalfatosenoticias.com.br\/wp-content\/uploads\/2023\/08\/iencarelli1_istockphoto.jpg\" alt=\"\" class=\"wp-image-43926\" srcset=\"https:\/\/jornalfatosenoticias.com.br\/wp-content\/uploads\/2023\/08\/iencarelli1_istockphoto.jpg 812w, https:\/\/jornalfatosenoticias.com.br\/wp-content\/uploads\/2023\/08\/iencarelli1_istockphoto-300x239.jpg 300w, https:\/\/jornalfatosenoticias.com.br\/wp-content\/uploads\/2023\/08\/iencarelli1_istockphoto-768x613.jpg 768w\" sizes=\"auto, (max-width: 812px) 100vw, 812px\" \/><figcaption><em><span class=\"has-inline-color has-black-color\">Como explicar o aumento do Feminic\u00eddio, o aumento da viol\u00eancia f\u00edsica contra a Mulher e a Crian\u00e7a, como explicar os estupros, que, mesmo subnotificados, t\u00eam n\u00fameros alarmantes? (Foto: iStock)<\/span><\/em><\/figcaption><\/figure><\/div>\n\n\n\n<p>Parece que, para essas pessoas, a crian\u00e7a \u00e9 s\u00f3 uma \u201cevolu\u00e7\u00e3o\u201d (ser\u00e1 que podemos considerar como evolu\u00e7\u00e3o?) dos cachorrinhos do Pavlov. Esse fisiologista russo, nascido em 1849, fez experimentos com cachorros para demonstrar o condicionamento cl\u00e1ssico. Para tanto ele associou o som de uma sineta \u00e0 oferta de carne para os cachorros que estavam com fome por algumas horas. Assim, ao repetir muitas vezes essa experi\u00eancia, observou que os cachorros aprendiam que, ao som da sineta, a carne apareceria, o que estimulava a saliva\u00e7\u00e3o nessa espera. Ele, ent\u00e3o, decidiu medir o poder da associa\u00e7\u00e3o do est\u00edmulo da sineta na saliva\u00e7\u00e3o antecedendo a oferta de carne. Afirmou a premissa de que se pode substituir um est\u00edmulo fisiol\u00f3gico por outro obtendo-se a mesma resposta, a saliva\u00e7\u00e3o. Essa descoberta de Ivan Pavlov transitou pela Psicologia que dava seus primeiros passos, e suscitou um Estudo de outro fisiologista empolgado com esse resultado, Skinner, que construiu uma tese sobre o Condicionamento Operante, demonstrada atrav\u00e9s do que montou como ambi\u00eancia dessa operacionalidade. A Gaiola de Skinner passou a ser estudada em laborat\u00f3rios de Psicologia, com a utiliza\u00e7\u00e3o de ratinhos de laborat\u00f3rio. Os ratinhos aprendiam a beber \u00e1gua abaixando uma chavezinha para que fosse liberada uma gotinha de \u00e1gua. O experimento consistia em fazer com que ele aprendesse que se no in\u00edcio a gotinha aparecia com uma vez que pressionava o bebedouro, ele era condicionado a seguir uma opera\u00e7\u00e3o em que passava a ter que apertar duas vezes, depois tr\u00eas vezes, e assim sucessivamente. Tamb\u00e9m podia ser mais complexo e para que a \u00e1gua aparecesse, poderia ser exigido dele que passasse por um t\u00fanel e fizesse um percurso determinado pelo seu operador.<\/p>\n\n\n\n<div class=\"wp-block-image\"><figure class=\"aligncenter size-large is-resized\"><img loading=\"lazy\" decoding=\"async\" src=\"https:\/\/jornalfatosenoticias.com.br\/wp-content\/uploads\/2022\/02\/FERRARI_MAQUINAS-E-FERRAMENTAS2.jpg\" alt=\"\" class=\"wp-image-27860\" width=\"284\" height=\"237\"\/><\/figure><\/div>\n\n\n\n<p>Hoje, vemos renascer a cren\u00e7a que Crian\u00e7as, cachorros e ratinhos s\u00e3o parecidos. A \u201crecompensa\u201d, a carne, a gotinha de \u00e1gua, ou de aceita\u00e7\u00e3o, s\u00f3 acontece se cumprir e incorporar aquela \u201cnova verdade\u201d que lhe est\u00e1 sendo imposta por um adulto cheio de autoridade.<\/p>\n\n\n\n<div class=\"wp-block-image\"><figure class=\"aligncenter size-large\"><img loading=\"lazy\" decoding=\"async\" width=\"912\" height=\"608\" src=\"https:\/\/jornalfatosenoticias.com.br\/wp-content\/uploads\/2023\/08\/MAE-E-FILHO-TRISTES_istockphoto.jpg\" alt=\"\" class=\"wp-image-43927\" srcset=\"https:\/\/jornalfatosenoticias.com.br\/wp-content\/uploads\/2023\/08\/MAE-E-FILHO-TRISTES_istockphoto.jpg 912w, https:\/\/jornalfatosenoticias.com.br\/wp-content\/uploads\/2023\/08\/MAE-E-FILHO-TRISTES_istockphoto-300x200.jpg 300w, https:\/\/jornalfatosenoticias.com.br\/wp-content\/uploads\/2023\/08\/MAE-E-FILHO-TRISTES_istockphoto-768x512.jpg 768w\" sizes=\"auto, (max-width: 912px) 100vw, 912px\" \/><figcaption><em><span class=\"has-inline-color has-black-color\">Amea\u00e7ar a m\u00e3e com a Perda da Guarda de seu filho ou filha, tem sido um recurso amplamente utilizado (Foto: iStock)<\/span><\/em><\/figcaption><\/figure><\/div>\n\n\n\n<p>Gardner, aquele m\u00e9dico ped\u00f3filo que inventou o termo aliena\u00e7\u00e3o parental, sem nenhuma comprova\u00e7\u00e3o cient\u00edfica, prop\u00f4s que, para calar as m\u00e3es que insistem em denunciar abusos, deve-se usar a terapia da amea\u00e7a. Escreveu, est\u00e1 em seus livros autopublicados. Amea\u00e7ar a m\u00e3e com a Perda da Guarda de seu filho ou filha, tem sido amplamente utilizado. Mas, assim como a tese da saliva\u00e7\u00e3o ao som da sineta, evoluiu para a Gaiola de Skinner, com in\u00fameras outras possibilidades, a terapia da amea\u00e7a se desdobrou em \u201cReprograma\u00e7\u00e3o\u201d para efetuar o que foi chamado de \u201cRevincula\u00e7\u00e3o\u201d. N\u00e3o h\u00e1 vest\u00edgio de escr\u00fapulo ao se vender uma ideia de pseudoci\u00eancia que trata o v\u00ednculo afetivo como um condicionamento cl\u00e1ssico. \u00c9 preciso estudar. V\u00ednculo \u00e9 afeto e afeto n\u00e3o \u00e9 pass\u00edvel de sinetas ou bebedouros. N\u00e3o se atinge o afeto por afirma\u00e7\u00e3o repetida de palavras. Ser\u00e1 que d\u00e1 para entender? Quem espalhou essas ideias de pseudoci\u00eancia e se alojou explorando psicologicamente Crian\u00e7as v\u00edtimas, e explorando financeiramente suas m\u00e3es, at\u00e9 aniquil\u00e1-las?<\/p>\n\n\n\n<div class=\"wp-block-image\"><figure class=\"aligncenter size-large is-resized\"><img loading=\"lazy\" decoding=\"async\" src=\"https:\/\/jornalfatosenoticias.com.br\/wp-content\/uploads\/2023\/08\/WhatsApp-Image-2023-08-02-at-10.51.03.jpeg\" alt=\"\" class=\"wp-image-43905\" width=\"351\" height=\"192\" srcset=\"https:\/\/jornalfatosenoticias.com.br\/wp-content\/uploads\/2023\/08\/WhatsApp-Image-2023-08-02-at-10.51.03.jpeg 948w, https:\/\/jornalfatosenoticias.com.br\/wp-content\/uploads\/2023\/08\/WhatsApp-Image-2023-08-02-at-10.51.03-300x165.jpeg 300w, https:\/\/jornalfatosenoticias.com.br\/wp-content\/uploads\/2023\/08\/WhatsApp-Image-2023-08-02-at-10.51.03-768x422.jpeg 768w\" sizes=\"auto, (max-width: 351px) 100vw, 351px\" \/><\/figure><\/div>\n\n\n\n<p>E por que ent\u00e3o tanto afinco em torturar uma Crian\u00e7a tentando mudar as imagens mn\u00eamicas sensoriais que ela guarda? Essa pr\u00e1tica n\u00e3o passa de um m\u00e9todo enlouquecedor de Crian\u00e7as que ousaram denunciar o \u201cpapai\u201d. Parece que continuamos na idade da pedra lascada. Crian\u00e7as n\u00e3o t\u00eam valor.<br>Gostaria de deixar uma pergunta: como explicar o aumento do Feminic\u00eddio, o aumento da viol\u00eancia f\u00edsica contra a Mulher e a Crian\u00e7a, como explicar os estupros, que, mesmo subnotificados, t\u00eam n\u00fameros alarmantes?<br>Talvez, quem sabe, \u201cReprogramar\u201d toda a sociedade brasileira convencendo-a de que Feminic\u00eddio, Espancamento de Mulher e Crian\u00e7a, Estupro de Vulner\u00e1vel, \u00e9 tudo fruto da imagina\u00e7\u00e3o, como insistem em fazer com a Crian\u00e7a que denuncia o \u201cpapai bonzinho\u201d.<\/p>\n\n\n\n<div class=\"wp-block-image\"><figure class=\"aligncenter size-large is-resized\"><img loading=\"lazy\" decoding=\"async\" src=\"https:\/\/jornalfatosenoticias.com.br\/wp-content\/uploads\/2023\/07\/lacremoda.jpg\" alt=\"\" class=\"wp-image-43706\" width=\"337\" height=\"188\" srcset=\"https:\/\/jornalfatosenoticias.com.br\/wp-content\/uploads\/2023\/07\/lacremoda.jpg 1024w, https:\/\/jornalfatosenoticias.com.br\/wp-content\/uploads\/2023\/07\/lacremoda-300x168.jpg 300w, https:\/\/jornalfatosenoticias.com.br\/wp-content\/uploads\/2023\/07\/lacremoda-768x431.jpg 768w\" sizes=\"auto, (max-width: 337px) 100vw, 337px\" \/><\/figure><\/div>\n\n\n\n<p><em><span class=\"has-inline-color has-black-color\"><strong>P.S. <\/strong>N\u00e3o estamos falando dos homens, estamos nos referindo aos predadores dom\u00e9sticos, \u00e0s vezes mulheres tamb\u00e9m, de quem somos c\u00famplices na omiss\u00e3o.<\/span><\/em><\/p>\n","protected":false},"excerpt":{"rendered":"<p>N\u00e3o h\u00e1 vest\u00edgio de escr\u00fapulo ao se vender uma ideia de pseudoci\u00eancia que trata o v\u00ednculo afetivo como um condicionamento cl\u00e1ssico Faz-se necess\u00e1rio sublinhar mais essa ideia pseudocient\u00edfica que tem torturado tantas Crian\u00e7as. Para garantir a cobertura \u201clegalizada\u201d de crimes de viola\u00e7\u00e3o do corpo da Crian\u00e7a, algu\u00e9m teve a ideia de detonar a voz sofrida [&hellip;]<\/p>\n","protected":false},"author":8,"featured_media":43928,"comment_status":"open","ping_status":"open","sticky":false,"template":"","format":"standard","meta":{"footnotes":""},"categories":[2522],"tags":[4401,20708,328,20705,20707,20706],"class_list":["post-43925","post","type-post","status-publish","format-standard","has-post-thumbnail","hentry","category-comportamento","tag-estupro-de-vulneravel","tag-experimentos","tag-feminicidio","tag-ferenczi","tag-ivan-pavlov","tag-skinner"],"yoast_head":"<!-- This site is optimized with the Yoast SEO plugin v26.5 - https:\/\/yoast.com\/wordpress\/plugins\/seo\/ -->\n<title>Ideias de pseudoci\u00eancia, por que \u00e9 t\u00e3o f\u00e1cil vend\u00ea-las em nosso Pa\u00eds? \u2014 Parte VI - Jornal Fatos e Not\u00edcias<\/title>\n<meta name=\"robots\" content=\"index, follow, max-snippet:-1, max-image-preview:large, max-video-preview:-1\" \/>\n<link rel=\"canonical\" href=\"https:\/\/jornalfatosenoticias.com.br\/index.php\/2023\/08\/03\/ideias-de-pseudociencia-por-que-e-tao-facil-vende-las-em-nosso-pais-parte-vi\/\" \/>\n<meta property=\"og:locale\" content=\"pt_BR\" \/>\n<meta property=\"og:type\" content=\"article\" \/>\n<meta property=\"og:title\" content=\"Ideias de pseudoci\u00eancia, por que \u00e9 t\u00e3o f\u00e1cil vend\u00ea-las em nosso Pa\u00eds? \u2014 Parte VI - Jornal Fatos e Not\u00edcias\" \/>\n<meta property=\"og:description\" content=\"N\u00e3o h\u00e1 vest\u00edgio de escr\u00fapulo ao se vender uma ideia de pseudoci\u00eancia que trata o v\u00ednculo afetivo como um condicionamento cl\u00e1ssico Faz-se necess\u00e1rio sublinhar mais essa ideia pseudocient\u00edfica que tem torturado tantas Crian\u00e7as. Para garantir a cobertura \u201clegalizada\u201d de crimes de viola\u00e7\u00e3o do corpo da Crian\u00e7a, algu\u00e9m teve a ideia de detonar a voz sofrida [&hellip;]\" \/>\n<meta property=\"og:url\" content=\"https:\/\/jornalfatosenoticias.com.br\/index.php\/2023\/08\/03\/ideias-de-pseudociencia-por-que-e-tao-facil-vende-las-em-nosso-pais-parte-vi\/\" \/>\n<meta property=\"og:site_name\" content=\"Jornal Fatos e Not\u00edcias\" \/>\n<meta property=\"article:published_time\" content=\"2023-08-03T18:17:54+00:00\" \/>\n<meta property=\"article:modified_time\" content=\"2023-08-03T18:17:57+00:00\" \/>\n<meta property=\"og:image\" content=\"https:\/\/jornalfatosenoticias.com.br\/wp-content\/uploads\/2023\/08\/MAE-E-BEBE_istockphoto.jpg\" \/>\n\t<meta property=\"og:image:width\" content=\"911\" \/>\n\t<meta property=\"og:image:height\" content=\"493\" \/>\n\t<meta property=\"og:image:type\" content=\"image\/jpeg\" \/>\n<meta name=\"author\" content=\"Ana Maria Iencarelli\" \/>\n<meta name=\"twitter:card\" content=\"summary_large_image\" \/>\n<meta name=\"twitter:label1\" content=\"Escrito por\" \/>\n\t<meta name=\"twitter:data1\" content=\"Ana Maria Iencarelli\" \/>\n\t<meta name=\"twitter:label2\" content=\"Est. tempo de leitura\" \/>\n\t<meta name=\"twitter:data2\" content=\"5 minutos\" \/>\n<script type=\"application\/ld+json\" class=\"yoast-schema-graph\">{\"@context\":\"https:\/\/schema.org\",\"@graph\":[{\"@type\":\"Article\",\"@id\":\"https:\/\/jornalfatosenoticias.com.br\/index.php\/2023\/08\/03\/ideias-de-pseudociencia-por-que-e-tao-facil-vende-las-em-nosso-pais-parte-vi\/#article\",\"isPartOf\":{\"@id\":\"https:\/\/jornalfatosenoticias.com.br\/index.php\/2023\/08\/03\/ideias-de-pseudociencia-por-que-e-tao-facil-vende-las-em-nosso-pais-parte-vi\/\"},\"author\":{\"name\":\"Ana Maria Iencarelli\",\"@id\":\"https:\/\/jornalfatosenoticias.com.br\/#\/schema\/person\/c33fcf5fb02d729d3fec92c6737a22d1\"},\"headline\":\"Ideias de pseudoci\u00eancia, por que \u00e9 t\u00e3o f\u00e1cil vend\u00ea-las em nosso Pa\u00eds? \u2014 Parte VI\",\"datePublished\":\"2023-08-03T18:17:54+00:00\",\"dateModified\":\"2023-08-03T18:17:57+00:00\",\"mainEntityOfPage\":{\"@id\":\"https:\/\/jornalfatosenoticias.com.br\/index.php\/2023\/08\/03\/ideias-de-pseudociencia-por-que-e-tao-facil-vende-las-em-nosso-pais-parte-vi\/\"},\"wordCount\":920,\"commentCount\":0,\"publisher\":{\"@id\":\"https:\/\/jornalfatosenoticias.com.br\/#organization\"},\"image\":{\"@id\":\"https:\/\/jornalfatosenoticias.com.br\/index.php\/2023\/08\/03\/ideias-de-pseudociencia-por-que-e-tao-facil-vende-las-em-nosso-pais-parte-vi\/#primaryimage\"},\"thumbnailUrl\":\"https:\/\/jornalfatosenoticias.com.br\/wp-content\/uploads\/2023\/08\/MAE-E-BEBE_istockphoto.jpg\",\"keywords\":[\"estupro de vulner\u00e1vel\",\"experimentos\",\"feminic\u00eddio\",\"Ferenczi\",\"Ivan Pavlov\",\"Skinner\"],\"articleSection\":[\"Comportamento &amp; Equil\u00edbrio\"],\"inLanguage\":\"pt-BR\",\"potentialAction\":[{\"@type\":\"CommentAction\",\"name\":\"Comment\",\"target\":[\"https:\/\/jornalfatosenoticias.com.br\/index.php\/2023\/08\/03\/ideias-de-pseudociencia-por-que-e-tao-facil-vende-las-em-nosso-pais-parte-vi\/#respond\"]}]},{\"@type\":\"WebPage\",\"@id\":\"https:\/\/jornalfatosenoticias.com.br\/index.php\/2023\/08\/03\/ideias-de-pseudociencia-por-que-e-tao-facil-vende-las-em-nosso-pais-parte-vi\/\",\"url\":\"https:\/\/jornalfatosenoticias.com.br\/index.php\/2023\/08\/03\/ideias-de-pseudociencia-por-que-e-tao-facil-vende-las-em-nosso-pais-parte-vi\/\",\"name\":\"Ideias de pseudoci\u00eancia, por que \u00e9 t\u00e3o f\u00e1cil vend\u00ea-las em nosso Pa\u00eds? \u2014 Parte VI - Jornal Fatos e Not\u00edcias\",\"isPartOf\":{\"@id\":\"https:\/\/jornalfatosenoticias.com.br\/#website\"},\"primaryImageOfPage\":{\"@id\":\"https:\/\/jornalfatosenoticias.com.br\/index.php\/2023\/08\/03\/ideias-de-pseudociencia-por-que-e-tao-facil-vende-las-em-nosso-pais-parte-vi\/#primaryimage\"},\"image\":{\"@id\":\"https:\/\/jornalfatosenoticias.com.br\/index.php\/2023\/08\/03\/ideias-de-pseudociencia-por-que-e-tao-facil-vende-las-em-nosso-pais-parte-vi\/#primaryimage\"},\"thumbnailUrl\":\"https:\/\/jornalfatosenoticias.com.br\/wp-content\/uploads\/2023\/08\/MAE-E-BEBE_istockphoto.jpg\",\"datePublished\":\"2023-08-03T18:17:54+00:00\",\"dateModified\":\"2023-08-03T18:17:57+00:00\",\"breadcrumb\":{\"@id\":\"https:\/\/jornalfatosenoticias.com.br\/index.php\/2023\/08\/03\/ideias-de-pseudociencia-por-que-e-tao-facil-vende-las-em-nosso-pais-parte-vi\/#breadcrumb\"},\"inLanguage\":\"pt-BR\",\"potentialAction\":[{\"@type\":\"ReadAction\",\"target\":[\"https:\/\/jornalfatosenoticias.com.br\/index.php\/2023\/08\/03\/ideias-de-pseudociencia-por-que-e-tao-facil-vende-las-em-nosso-pais-parte-vi\/\"]}]},{\"@type\":\"ImageObject\",\"inLanguage\":\"pt-BR\",\"@id\":\"https:\/\/jornalfatosenoticias.com.br\/index.php\/2023\/08\/03\/ideias-de-pseudociencia-por-que-e-tao-facil-vende-las-em-nosso-pais-parte-vi\/#primaryimage\",\"url\":\"https:\/\/jornalfatosenoticias.com.br\/wp-content\/uploads\/2023\/08\/MAE-E-BEBE_istockphoto.jpg\",\"contentUrl\":\"https:\/\/jornalfatosenoticias.com.br\/wp-content\/uploads\/2023\/08\/MAE-E-BEBE_istockphoto.jpg\",\"width\":911,\"height\":493},{\"@type\":\"BreadcrumbList\",\"@id\":\"https:\/\/jornalfatosenoticias.com.br\/index.php\/2023\/08\/03\/ideias-de-pseudociencia-por-que-e-tao-facil-vende-las-em-nosso-pais-parte-vi\/#breadcrumb\",\"itemListElement\":[{\"@type\":\"ListItem\",\"position\":1,\"name\":\"In\u00edcio\",\"item\":\"https:\/\/jornalfatosenoticias.com.br\/\"},{\"@type\":\"ListItem\",\"position\":2,\"name\":\"Ideias de pseudoci\u00eancia, por que \u00e9 t\u00e3o f\u00e1cil vend\u00ea-las em nosso Pa\u00eds? \u2014 Parte VI\"}]},{\"@type\":\"WebSite\",\"@id\":\"https:\/\/jornalfatosenoticias.com.br\/#website\",\"url\":\"https:\/\/jornalfatosenoticias.com.br\/\",\"name\":\"Jornal Fatos e Not\u00edcias\",\"description\":\"Not\u00edcias em geral\",\"publisher\":{\"@id\":\"https:\/\/jornalfatosenoticias.com.br\/#organization\"},\"potentialAction\":[{\"@type\":\"SearchAction\",\"target\":{\"@type\":\"EntryPoint\",\"urlTemplate\":\"https:\/\/jornalfatosenoticias.com.br\/?s={search_term_string}\"},\"query-input\":{\"@type\":\"PropertyValueSpecification\",\"valueRequired\":true,\"valueName\":\"search_term_string\"}}],\"inLanguage\":\"pt-BR\"},{\"@type\":\"Organization\",\"@id\":\"https:\/\/jornalfatosenoticias.com.br\/#organization\",\"name\":\"Jornal Fatos e Not\u00edcias\",\"url\":\"https:\/\/jornalfatosenoticias.com.br\/\",\"logo\":{\"@type\":\"ImageObject\",\"inLanguage\":\"pt-BR\",\"@id\":\"https:\/\/jornalfatosenoticias.com.br\/#\/schema\/logo\/image\/\",\"url\":\"https:\/\/jornalfatosenoticias.com.br\/wp-content\/uploads\/2020\/02\/logo120.png\",\"contentUrl\":\"https:\/\/jornalfatosenoticias.com.br\/wp-content\/uploads\/2020\/02\/logo120.png\",\"width\":1227,\"height\":120,\"caption\":\"Jornal Fatos e Not\u00edcias\"},\"image\":{\"@id\":\"https:\/\/jornalfatosenoticias.com.br\/#\/schema\/logo\/image\/\"}},{\"@type\":\"Person\",\"@id\":\"https:\/\/jornalfatosenoticias.com.br\/#\/schema\/person\/c33fcf5fb02d729d3fec92c6737a22d1\",\"name\":\"Ana Maria Iencarelli\",\"image\":{\"@type\":\"ImageObject\",\"inLanguage\":\"pt-BR\",\"@id\":\"https:\/\/jornalfatosenoticias.com.br\/#\/schema\/person\/image\/\",\"url\":\"https:\/\/jornalfatosenoticias.com.br\/wp-content\/uploads\/2020\/02\/Ana-Maria-Iencarelli-1-150x150.jpg\",\"contentUrl\":\"https:\/\/jornalfatosenoticias.com.br\/wp-content\/uploads\/2020\/02\/Ana-Maria-Iencarelli-1-150x150.jpg\",\"caption\":\"Ana Maria Iencarelli\"},\"description\":\"Psicanalista Cl\u00ednica, especializada no atendimento a Crian\u00e7as e Adolescentes. Presidente da ONG Vozes de Anjos.\",\"url\":\"https:\/\/jornalfatosenoticias.com.br\/index.php\/author\/anamaria\/\"}]}<\/script>\n<!-- \/ Yoast SEO plugin. -->","yoast_head_json":{"title":"Ideias de pseudoci\u00eancia, por que \u00e9 t\u00e3o f\u00e1cil vend\u00ea-las em nosso Pa\u00eds? \u2014 Parte VI - Jornal Fatos e Not\u00edcias","robots":{"index":"index","follow":"follow","max-snippet":"max-snippet:-1","max-image-preview":"max-image-preview:large","max-video-preview":"max-video-preview:-1"},"canonical":"https:\/\/jornalfatosenoticias.com.br\/index.php\/2023\/08\/03\/ideias-de-pseudociencia-por-que-e-tao-facil-vende-las-em-nosso-pais-parte-vi\/","og_locale":"pt_BR","og_type":"article","og_title":"Ideias de pseudoci\u00eancia, por que \u00e9 t\u00e3o f\u00e1cil vend\u00ea-las em nosso Pa\u00eds? \u2014 Parte VI - Jornal Fatos e Not\u00edcias","og_description":"N\u00e3o h\u00e1 vest\u00edgio de escr\u00fapulo ao se vender uma ideia de pseudoci\u00eancia que trata o v\u00ednculo afetivo como um condicionamento cl\u00e1ssico Faz-se necess\u00e1rio sublinhar mais essa ideia pseudocient\u00edfica que tem torturado tantas Crian\u00e7as. Para garantir a cobertura \u201clegalizada\u201d de crimes de viola\u00e7\u00e3o do corpo da Crian\u00e7a, algu\u00e9m teve a ideia de detonar a voz sofrida [&hellip;]","og_url":"https:\/\/jornalfatosenoticias.com.br\/index.php\/2023\/08\/03\/ideias-de-pseudociencia-por-que-e-tao-facil-vende-las-em-nosso-pais-parte-vi\/","og_site_name":"Jornal Fatos e Not\u00edcias","article_published_time":"2023-08-03T18:17:54+00:00","article_modified_time":"2023-08-03T18:17:57+00:00","og_image":[{"width":911,"height":493,"url":"https:\/\/jornalfatosenoticias.com.br\/wp-content\/uploads\/2023\/08\/MAE-E-BEBE_istockphoto.jpg","type":"image\/jpeg"}],"author":"Ana Maria Iencarelli","twitter_card":"summary_large_image","twitter_misc":{"Escrito por":"Ana Maria Iencarelli","Est. tempo de leitura":"5 minutos"},"schema":{"@context":"https:\/\/schema.org","@graph":[{"@type":"Article","@id":"https:\/\/jornalfatosenoticias.com.br\/index.php\/2023\/08\/03\/ideias-de-pseudociencia-por-que-e-tao-facil-vende-las-em-nosso-pais-parte-vi\/#article","isPartOf":{"@id":"https:\/\/jornalfatosenoticias.com.br\/index.php\/2023\/08\/03\/ideias-de-pseudociencia-por-que-e-tao-facil-vende-las-em-nosso-pais-parte-vi\/"},"author":{"name":"Ana Maria Iencarelli","@id":"https:\/\/jornalfatosenoticias.com.br\/#\/schema\/person\/c33fcf5fb02d729d3fec92c6737a22d1"},"headline":"Ideias de pseudoci\u00eancia, por que \u00e9 t\u00e3o f\u00e1cil vend\u00ea-las em nosso Pa\u00eds? \u2014 Parte VI","datePublished":"2023-08-03T18:17:54+00:00","dateModified":"2023-08-03T18:17:57+00:00","mainEntityOfPage":{"@id":"https:\/\/jornalfatosenoticias.com.br\/index.php\/2023\/08\/03\/ideias-de-pseudociencia-por-que-e-tao-facil-vende-las-em-nosso-pais-parte-vi\/"},"wordCount":920,"commentCount":0,"publisher":{"@id":"https:\/\/jornalfatosenoticias.com.br\/#organization"},"image":{"@id":"https:\/\/jornalfatosenoticias.com.br\/index.php\/2023\/08\/03\/ideias-de-pseudociencia-por-que-e-tao-facil-vende-las-em-nosso-pais-parte-vi\/#primaryimage"},"thumbnailUrl":"https:\/\/jornalfatosenoticias.com.br\/wp-content\/uploads\/2023\/08\/MAE-E-BEBE_istockphoto.jpg","keywords":["estupro de vulner\u00e1vel","experimentos","feminic\u00eddio","Ferenczi","Ivan Pavlov","Skinner"],"articleSection":["Comportamento &amp; Equil\u00edbrio"],"inLanguage":"pt-BR","potentialAction":[{"@type":"CommentAction","name":"Comment","target":["https:\/\/jornalfatosenoticias.com.br\/index.php\/2023\/08\/03\/ideias-de-pseudociencia-por-que-e-tao-facil-vende-las-em-nosso-pais-parte-vi\/#respond"]}]},{"@type":"WebPage","@id":"https:\/\/jornalfatosenoticias.com.br\/index.php\/2023\/08\/03\/ideias-de-pseudociencia-por-que-e-tao-facil-vende-las-em-nosso-pais-parte-vi\/","url":"https:\/\/jornalfatosenoticias.com.br\/index.php\/2023\/08\/03\/ideias-de-pseudociencia-por-que-e-tao-facil-vende-las-em-nosso-pais-parte-vi\/","name":"Ideias de pseudoci\u00eancia, por que \u00e9 t\u00e3o f\u00e1cil vend\u00ea-las em nosso Pa\u00eds? \u2014 Parte VI - Jornal Fatos e Not\u00edcias","isPartOf":{"@id":"https:\/\/jornalfatosenoticias.com.br\/#website"},"primaryImageOfPage":{"@id":"https:\/\/jornalfatosenoticias.com.br\/index.php\/2023\/08\/03\/ideias-de-pseudociencia-por-que-e-tao-facil-vende-las-em-nosso-pais-parte-vi\/#primaryimage"},"image":{"@id":"https:\/\/jornalfatosenoticias.com.br\/index.php\/2023\/08\/03\/ideias-de-pseudociencia-por-que-e-tao-facil-vende-las-em-nosso-pais-parte-vi\/#primaryimage"},"thumbnailUrl":"https:\/\/jornalfatosenoticias.com.br\/wp-content\/uploads\/2023\/08\/MAE-E-BEBE_istockphoto.jpg","datePublished":"2023-08-03T18:17:54+00:00","dateModified":"2023-08-03T18:17:57+00:00","breadcrumb":{"@id":"https:\/\/jornalfatosenoticias.com.br\/index.php\/2023\/08\/03\/ideias-de-pseudociencia-por-que-e-tao-facil-vende-las-em-nosso-pais-parte-vi\/#breadcrumb"},"inLanguage":"pt-BR","potentialAction":[{"@type":"ReadAction","target":["https:\/\/jornalfatosenoticias.com.br\/index.php\/2023\/08\/03\/ideias-de-pseudociencia-por-que-e-tao-facil-vende-las-em-nosso-pais-parte-vi\/"]}]},{"@type":"ImageObject","inLanguage":"pt-BR","@id":"https:\/\/jornalfatosenoticias.com.br\/index.php\/2023\/08\/03\/ideias-de-pseudociencia-por-que-e-tao-facil-vende-las-em-nosso-pais-parte-vi\/#primaryimage","url":"https:\/\/jornalfatosenoticias.com.br\/wp-content\/uploads\/2023\/08\/MAE-E-BEBE_istockphoto.jpg","contentUrl":"https:\/\/jornalfatosenoticias.com.br\/wp-content\/uploads\/2023\/08\/MAE-E-BEBE_istockphoto.jpg","width":911,"height":493},{"@type":"BreadcrumbList","@id":"https:\/\/jornalfatosenoticias.com.br\/index.php\/2023\/08\/03\/ideias-de-pseudociencia-por-que-e-tao-facil-vende-las-em-nosso-pais-parte-vi\/#breadcrumb","itemListElement":[{"@type":"ListItem","position":1,"name":"In\u00edcio","item":"https:\/\/jornalfatosenoticias.com.br\/"},{"@type":"ListItem","position":2,"name":"Ideias de pseudoci\u00eancia, por que \u00e9 t\u00e3o f\u00e1cil vend\u00ea-las em nosso Pa\u00eds? \u2014 Parte VI"}]},{"@type":"WebSite","@id":"https:\/\/jornalfatosenoticias.com.br\/#website","url":"https:\/\/jornalfatosenoticias.com.br\/","name":"Jornal Fatos e Not\u00edcias","description":"Not\u00edcias em geral","publisher":{"@id":"https:\/\/jornalfatosenoticias.com.br\/#organization"},"potentialAction":[{"@type":"SearchAction","target":{"@type":"EntryPoint","urlTemplate":"https:\/\/jornalfatosenoticias.com.br\/?s={search_term_string}"},"query-input":{"@type":"PropertyValueSpecification","valueRequired":true,"valueName":"search_term_string"}}],"inLanguage":"pt-BR"},{"@type":"Organization","@id":"https:\/\/jornalfatosenoticias.com.br\/#organization","name":"Jornal Fatos e Not\u00edcias","url":"https:\/\/jornalfatosenoticias.com.br\/","logo":{"@type":"ImageObject","inLanguage":"pt-BR","@id":"https:\/\/jornalfatosenoticias.com.br\/#\/schema\/logo\/image\/","url":"https:\/\/jornalfatosenoticias.com.br\/wp-content\/uploads\/2020\/02\/logo120.png","contentUrl":"https:\/\/jornalfatosenoticias.com.br\/wp-content\/uploads\/2020\/02\/logo120.png","width":1227,"height":120,"caption":"Jornal Fatos e Not\u00edcias"},"image":{"@id":"https:\/\/jornalfatosenoticias.com.br\/#\/schema\/logo\/image\/"}},{"@type":"Person","@id":"https:\/\/jornalfatosenoticias.com.br\/#\/schema\/person\/c33fcf5fb02d729d3fec92c6737a22d1","name":"Ana Maria Iencarelli","image":{"@type":"ImageObject","inLanguage":"pt-BR","@id":"https:\/\/jornalfatosenoticias.com.br\/#\/schema\/person\/image\/","url":"https:\/\/jornalfatosenoticias.com.br\/wp-content\/uploads\/2020\/02\/Ana-Maria-Iencarelli-1-150x150.jpg","contentUrl":"https:\/\/jornalfatosenoticias.com.br\/wp-content\/uploads\/2020\/02\/Ana-Maria-Iencarelli-1-150x150.jpg","caption":"Ana Maria Iencarelli"},"description":"Psicanalista Cl\u00ednica, especializada no atendimento a Crian\u00e7as e Adolescentes. Presidente da ONG Vozes de Anjos.","url":"https:\/\/jornalfatosenoticias.com.br\/index.php\/author\/anamaria\/"}]}},"cc_featured_image_caption":{"caption_text":"(Foto: iStock)\r\n","source_text":"","source_url":""},"jetpack_featured_media_url":"https:\/\/jornalfatosenoticias.com.br\/wp-content\/uploads\/2023\/08\/MAE-E-BEBE_istockphoto.jpg","_links":{"self":[{"href":"https:\/\/jornalfatosenoticias.com.br\/index.php\/wp-json\/wp\/v2\/posts\/43925","targetHints":{"allow":["GET"]}}],"collection":[{"href":"https:\/\/jornalfatosenoticias.com.br\/index.php\/wp-json\/wp\/v2\/posts"}],"about":[{"href":"https:\/\/jornalfatosenoticias.com.br\/index.php\/wp-json\/wp\/v2\/types\/post"}],"author":[{"embeddable":true,"href":"https:\/\/jornalfatosenoticias.com.br\/index.php\/wp-json\/wp\/v2\/users\/8"}],"replies":[{"embeddable":true,"href":"https:\/\/jornalfatosenoticias.com.br\/index.php\/wp-json\/wp\/v2\/comments?post=43925"}],"version-history":[{"count":0,"href":"https:\/\/jornalfatosenoticias.com.br\/index.php\/wp-json\/wp\/v2\/posts\/43925\/revisions"}],"wp:featuredmedia":[{"embeddable":true,"href":"https:\/\/jornalfatosenoticias.com.br\/index.php\/wp-json\/wp\/v2\/media\/43928"}],"wp:attachment":[{"href":"https:\/\/jornalfatosenoticias.com.br\/index.php\/wp-json\/wp\/v2\/media?parent=43925"}],"wp:term":[{"taxonomy":"category","embeddable":true,"href":"https:\/\/jornalfatosenoticias.com.br\/index.php\/wp-json\/wp\/v2\/categories?post=43925"},{"taxonomy":"post_tag","embeddable":true,"href":"https:\/\/jornalfatosenoticias.com.br\/index.php\/wp-json\/wp\/v2\/tags?post=43925"}],"curies":[{"name":"wp","href":"https:\/\/api.w.org\/{rel}","templated":true}]}}