{"id":43959,"date":"2023-08-04T10:24:24","date_gmt":"2023-08-04T13:24:24","guid":{"rendered":"https:\/\/jornalfatosenoticias.com.br\/?p=43959"},"modified":"2023-08-04T10:25:16","modified_gmt":"2023-08-04T13:25:16","slug":"dia-da-cerveja-sete-coisas-que-voce-provavelmente-nao-sabia-sobre-a-bebida","status":"publish","type":"post","link":"https:\/\/jornalfatosenoticias.com.br\/index.php\/2023\/08\/04\/dia-da-cerveja-sete-coisas-que-voce-provavelmente-nao-sabia-sobre-a-bebida\/","title":{"rendered":"Dia da Cerveja \u2014 Sete coisas que voc\u00ea provavelmente n\u00e3o sabe sobre a bebida"},"content":{"rendered":"\n<p><em><span class=\"has-inline-color has-black-color\">Por <strong><a href=\"https:\/\/gizmodo.uol.com.br\/author\/gabriel-andrade\/\">Gabriel Andrade<\/a><\/strong><\/span><\/em><\/p>\n\n\n\n<div class=\"wp-block-image\"><figure class=\"aligncenter size-large\"><img loading=\"lazy\" decoding=\"async\" width=\"300\" height=\"137\" src=\"https:\/\/jornalfatosenoticias.com.br\/wp-content\/uploads\/2023\/06\/LOGO_JULIANA-GRACA_PORTAL.jpg\" alt=\"\" class=\"wp-image-42597\"\/><\/figure><\/div>\n\n\n\n<p>A primeira sexta-feira de agosto \u00e9, tradicionalmente, um dia especial para os amantes de cerveja. Nesta sexta-feira (4), comemora-se o Dia da Cerveja. A data foi criada nos Estados Unidos em 2007, em Santa Cruz, na Calif\u00f3rnia, por quatro amigos amantes da bebida alco\u00f3lica. Para comemorar essa data, o <strong>Giz Brasil <\/strong>separou sete curiosidades sobre essa bebida \u00e9 a <a href=\"https:\/\/gizmodo.uol.com.br\/alcool-acompanha-a-humanidade-desde-o-surgimento-de-cidades-e-agricultura\/\">paix\u00e3o de milh\u00f5es de brasileiros<\/a>.<\/p>\n\n\n\n<p><strong><span class=\"has-inline-color has-black-color\">1. L\u00edder no consumo<br><\/span><\/strong>Situada na Europa Central, a Rep\u00fablica Tcheca \u00e9 o pa\u00eds que mais bebe cerveja em m\u00e9dia por pessoa. Agora, se estamos falando do maior consumo geral, a China passa para o primeiro lugar. Isso pode ser uma surpresa para alguns, considerando que muitos associam o consumo de cerveja \u00e0 Alemanha e \u00e0 Irlanda.<\/p>\n\n\n\n<div class=\"wp-block-image\"><figure class=\"aligncenter size-large is-resized\"><img loading=\"lazy\" decoding=\"async\" src=\"https:\/\/jornalfatosenoticias.com.br\/wp-content\/uploads\/2022\/02\/Precisao-Contabilidade-1024x724.jpg\" alt=\"\" class=\"wp-image-28088\" width=\"356\" height=\"252\"\/><\/figure><\/div>\n\n\n\n<p><strong><span class=\"has-inline-color has-black-color\">2. Holandeses trouxeram na mala<br><\/span><\/strong>Se voc\u00ea \u00e9 brasileiro e gosta de cerveja, precisa agradecer aos holandeses. Isso \u00e9 porque as primeiras cervejas chegaram ao Brasil com os holandeses no s\u00e9culo 17, \u00e9poca do Brasil colonial.<br>Elas vieram para Recife (PE) com Maur\u00edcio de Nassau durante uma expedi\u00e7\u00e3o para a Companhia das \u00cdndias Ocidentais. Na comitiva, vieram v\u00e1rios artistas, cientistas e profissionais, entre os quais o cervejeiro Dirck Dicx. Foi ele quem trouxe a cerveja para o Brasil e construiu a primeira f\u00e1brica do Brasil e das Am\u00e9ricas.<\/p>\n\n\n\n<div class=\"wp-block-image\"><figure class=\"aligncenter size-large is-resized\"><img loading=\"lazy\" decoding=\"async\" src=\"https:\/\/jornalfatosenoticias.com.br\/wp-content\/uploads\/2020\/02\/Logo-Steel-Controls-1024x340.jpg\" alt=\"\" class=\"wp-image-43791\" width=\"310\" height=\"102\"\/><\/figure><\/div>\n\n\n\n<div class=\"wp-block-image\"><figure class=\"aligncenter size-large\"><img loading=\"lazy\" decoding=\"async\" width=\"615\" height=\"1000\" src=\"https:\/\/jornalfatosenoticias.com.br\/wp-content\/uploads\/2023\/08\/primeira_cerveja_brasil.jpg\" alt=\"\" class=\"wp-image-43960\" srcset=\"https:\/\/jornalfatosenoticias.com.br\/wp-content\/uploads\/2023\/08\/primeira_cerveja_brasil.jpg 615w, https:\/\/jornalfatosenoticias.com.br\/wp-content\/uploads\/2023\/08\/primeira_cerveja_brasil-185x300.jpg 185w\" sizes=\"auto, (max-width: 615px) 100vw, 615px\" \/><figcaption><em><span class=\"has-inline-color has-black-color\">Panfleto anuncia uma das primeiras cervejarias no Brasil Imperial (Imagem: Arquivo Nacional\/Reprodu\u00e7\u00e3o)<\/span><\/em><\/figcaption><\/figure><\/div>\n\n\n\n<p><strong><span class=\"has-inline-color has-black-color\">3. Brasil cada vez mais cervejeiro<br><\/span><\/strong>O \u00faltimo \u201cAnu\u00e1rio da Cerveja\u201d mostrou que o Brasil possui 1.549 cervejarias, um aumento de 12% em rela\u00e7\u00e3o ao anu\u00e1rio do ano passado. O levantamento \u00e9 uma iniciativa do Minist\u00e9rio da Agricultura, Pecu\u00e1ria e Abastecimento (Mapa) e do Sindicato Nacional da Ind\u00fastria da Cerveja (Sindicerv).<br>O estado de S\u00e3o Paulo tem o maior n\u00famero de cervejarias registradas (387), seguido pelo Rio Grande do Sul (310) e Minas Gerais (222).<\/p>\n\n\n\n<div class=\"wp-block-image\"><figure class=\"aligncenter size-large\"><img decoding=\"async\" src=\"https:\/\/jornalfatosenoticias.com.br\/wp-content\/uploads\/2020\/02\/logo_esteio.jpg\" alt=\"\" class=\"wp-image-1214\"\/><\/figure><\/div>\n\n\n\n<p><strong><span class=\"has-inline-color has-black-color\">4. A mais antiga do mundo<br><\/span><\/strong>Acredita-se que seja a cervejaria de Weihenstephan em Freising, na Alemanha. Os cervejeiros da marca t\u00eam produzido a bebida continuamente desde 1040.<\/p>\n\n\n\n<p><strong><span class=\"has-inline-color has-black-color\">5. Maior fabricante do mundo \u00e9 brasileir\u00edssima<\/span><\/strong><\/p>\n\n\n\n<div class=\"wp-block-image\"><figure class=\"aligncenter size-large\"><img loading=\"lazy\" decoding=\"async\" width=\"925\" height=\"614\" src=\"https:\/\/jornalfatosenoticias.com.br\/wp-content\/uploads\/2023\/08\/ambev-cerveja.jpg\" alt=\"\" class=\"wp-image-43961\" srcset=\"https:\/\/jornalfatosenoticias.com.br\/wp-content\/uploads\/2023\/08\/ambev-cerveja.jpg 925w, https:\/\/jornalfatosenoticias.com.br\/wp-content\/uploads\/2023\/08\/ambev-cerveja-300x199.jpg 300w, https:\/\/jornalfatosenoticias.com.br\/wp-content\/uploads\/2023\/08\/ambev-cerveja-768x510.jpg 768w\" sizes=\"auto, (max-width: 925px) 100vw, 925px\" \/><figcaption><em><span class=\"has-inline-color has-black-color\">Empresa \u00e9 l\u00edder mundial e vale cerca de R$ 231 bilh\u00f5es (Foto: Ambev\/Divulga\u00e7\u00e3o)<\/span><\/em><\/figcaption><\/figure><\/div>\n\n\n\n<p>A <a href=\"https:\/\/www.ambev.com.br\/marcas\/cervejas\">Ambev<\/a> \u00e9 a maior fabricante de cervejas do mundo, controla cerca de 69% do mercado brasileiro e a 14.\u00aa maior empresa do Pa\u00eds em receita l\u00edquida. A empresa \u00e9 oriunda da fus\u00e3o entre as ent\u00e3o concorrentes Companhia Antarctica Paulista e a Companhia Cervejaria Brahma, do Rio de Janeiro em 1999.<br>A Ambev atualmente possui mais de 30 cervejarias, maltarias, f\u00e1bricas de refrigerante, r\u00f3tulos, rolha e vidro, al\u00e9m de seis centros de excel\u00eancia espalhados pelo Brasil.<\/p>\n\n\n\n<div class=\"wp-block-image\"><figure class=\"aligncenter size-large is-resized\"><img loading=\"lazy\" decoding=\"async\" src=\"https:\/\/jornalfatosenoticias.com.br\/wp-content\/uploads\/2023\/07\/logo-ITH.png\" alt=\"\" class=\"wp-image-43684\" width=\"335\" height=\"181\"\/><\/figure><\/div>\n\n\n\n<p><strong><span class=\"has-inline-color has-black-color\">6. O Brasil no 3\u00ba lugar do ranking mundial<br><\/span><\/strong>Segundo a Associa\u00e7\u00e3o Brasileira da Ind\u00fastria de Cerveja (CervBrasil), o Brasil \u00e9 o terceiro maior produtor no ranking mundial.<br>Ele perde apenas para a China e Estados Unidos. A produ\u00e7\u00e3o nacional da bebida chega a 14 bilh\u00f5es de litros anualmente com faturamento de R$ 100 bilh\u00f5es por ano.<\/p>\n\n\n\n<div class=\"wp-block-image\"><figure class=\"aligncenter size-large\"><img loading=\"lazy\" decoding=\"async\" width=\"620\" height=\"830\" src=\"https:\/\/jornalfatosenoticias.com.br\/wp-content\/uploads\/2023\/08\/cerveja_mais_forte.jpg\" alt=\"\" class=\"wp-image-43962\" srcset=\"https:\/\/jornalfatosenoticias.com.br\/wp-content\/uploads\/2023\/08\/cerveja_mais_forte.jpg 620w, https:\/\/jornalfatosenoticias.com.br\/wp-content\/uploads\/2023\/08\/cerveja_mais_forte-224x300.jpg 224w\" sizes=\"auto, (max-width: 620px) 100vw, 620px\" \/><figcaption><em><span class=\"has-inline-color has-black-color\">A bebida \u00e9 t\u00e3o forte que tem um aviso na etiqueta: \u201cN\u00e3o exceda 35ml por dose\u201d (Foto: Reprodu\u00e7\u00e3o\/Brewmeister)<\/span><\/em><\/figcaption><\/figure><\/div>\n\n\n\n<p><strong><span class=\"has-inline-color has-black-color\">7. S\u00f3 para os fortes<br><\/span><\/strong>A cerveja mais forte do mundo tem um teor alco\u00f3lico de 67,5%. Foi criada em 2017 pela empresa escocesa Brewmeister. A bebida chama-se Snake Venom \u2014 ou veneno de cobra, em bom portugu\u00eas.<\/p>\n\n\n\n<div class=\"wp-block-image\"><figure class=\"aligncenter size-large is-resized\"><img loading=\"lazy\" decoding=\"async\" src=\"https:\/\/jornalfatosenoticias.com.br\/wp-content\/uploads\/2020\/02\/logo-embacia.jpg\" alt=\"\" class=\"wp-image-33905\" width=\"248\" height=\"248\"\/><\/figure><\/div>\n\n\n\n<p><strong><em>Fonte: <a href=\"https:\/\/gizmodo.uol.com.br\/7-coisas-que-voce-provavelmente-nao-sabia-sobre-cerveja\/\">GizModo<\/a><\/em><\/strong><\/p>\n","protected":false},"excerpt":{"rendered":"<p>Por Gabriel Andrade A primeira sexta-feira de agosto \u00e9, tradicionalmente, um dia especial para os amantes de cerveja. Nesta sexta-feira (4), comemora-se o Dia da Cerveja. A data foi criada nos Estados Unidos em 2007, em Santa Cruz, na Calif\u00f3rnia, por quatro amigos amantes da bebida alco\u00f3lica. Para comemorar essa data, o Giz Brasil separou [&hellip;]<\/p>\n","protected":false},"author":2,"featured_media":43963,"comment_status":"open","ping_status":"open","sticky":false,"template":"","format":"standard","meta":{"footnotes":""},"categories":[5],"tags":[111,597,141,20720,249],"class_list":["post-43959","post","type-post","status-publish","format-standard","has-post-thumbnail","hentry","category-geral","tag-bebida","tag-brasil","tag-cerveja","tag-dia-da-cerveja","tag-historia"],"yoast_head":"<!-- This site is optimized with the Yoast SEO plugin v26.5 - https:\/\/yoast.com\/wordpress\/plugins\/seo\/ -->\n<title>Dia da Cerveja \u2014 Sete coisas que voc\u00ea provavelmente n\u00e3o sabe sobre a bebida - Jornal Fatos e Not\u00edcias<\/title>\n<meta name=\"robots\" content=\"index, follow, max-snippet:-1, max-image-preview:large, max-video-preview:-1\" \/>\n<link rel=\"canonical\" href=\"https:\/\/jornalfatosenoticias.com.br\/index.php\/2023\/08\/04\/dia-da-cerveja-sete-coisas-que-voce-provavelmente-nao-sabia-sobre-a-bebida\/\" \/>\n<meta property=\"og:locale\" content=\"pt_BR\" \/>\n<meta property=\"og:type\" content=\"article\" \/>\n<meta property=\"og:title\" content=\"Dia da Cerveja \u2014 Sete coisas que voc\u00ea provavelmente n\u00e3o sabe sobre a bebida - Jornal Fatos e Not\u00edcias\" \/>\n<meta property=\"og:description\" content=\"Por Gabriel Andrade A primeira sexta-feira de agosto \u00e9, tradicionalmente, um dia especial para os amantes de cerveja. Nesta sexta-feira (4), comemora-se o Dia da Cerveja. A data foi criada nos Estados Unidos em 2007, em Santa Cruz, na Calif\u00f3rnia, por quatro amigos amantes da bebida alco\u00f3lica. Para comemorar essa data, o Giz Brasil separou [&hellip;]\" \/>\n<meta property=\"og:url\" content=\"https:\/\/jornalfatosenoticias.com.br\/index.php\/2023\/08\/04\/dia-da-cerveja-sete-coisas-que-voce-provavelmente-nao-sabia-sobre-a-bebida\/\" \/>\n<meta property=\"og:site_name\" content=\"Jornal Fatos e Not\u00edcias\" \/>\n<meta property=\"article:published_time\" content=\"2023-08-04T13:24:24+00:00\" \/>\n<meta property=\"article:modified_time\" content=\"2023-08-04T13:25:16+00:00\" \/>\n<meta property=\"og:image\" content=\"https:\/\/jornalfatosenoticias.com.br\/wp-content\/uploads\/2023\/08\/CERVEJA-unsplash.jpg\" \/>\n\t<meta property=\"og:image:width\" content=\"1000\" \/>\n\t<meta property=\"og:image:height\" content=\"666\" \/>\n\t<meta property=\"og:image:type\" content=\"image\/jpeg\" \/>\n<meta name=\"author\" content=\"Luzimara Fernandes\" \/>\n<meta name=\"twitter:card\" content=\"summary_large_image\" \/>\n<meta name=\"twitter:label1\" content=\"Escrito por\" \/>\n\t<meta name=\"twitter:data1\" content=\"Luzimara Fernandes\" \/>\n\t<meta name=\"twitter:label2\" content=\"Est. tempo de leitura\" \/>\n\t<meta name=\"twitter:data2\" content=\"3 minutos\" \/>\n<script type=\"application\/ld+json\" class=\"yoast-schema-graph\">{\"@context\":\"https:\/\/schema.org\",\"@graph\":[{\"@type\":\"Article\",\"@id\":\"https:\/\/jornalfatosenoticias.com.br\/index.php\/2023\/08\/04\/dia-da-cerveja-sete-coisas-que-voce-provavelmente-nao-sabia-sobre-a-bebida\/#article\",\"isPartOf\":{\"@id\":\"https:\/\/jornalfatosenoticias.com.br\/index.php\/2023\/08\/04\/dia-da-cerveja-sete-coisas-que-voce-provavelmente-nao-sabia-sobre-a-bebida\/\"},\"author\":{\"name\":\"Luzimara Fernandes\",\"@id\":\"https:\/\/jornalfatosenoticias.com.br\/#\/schema\/person\/d63837fa13ac8666eb9e74e0985d6f81\"},\"headline\":\"Dia da Cerveja \u2014 Sete coisas que voc\u00ea provavelmente n\u00e3o sabe sobre a bebida\",\"datePublished\":\"2023-08-04T13:24:24+00:00\",\"dateModified\":\"2023-08-04T13:25:16+00:00\",\"mainEntityOfPage\":{\"@id\":\"https:\/\/jornalfatosenoticias.com.br\/index.php\/2023\/08\/04\/dia-da-cerveja-sete-coisas-que-voce-provavelmente-nao-sabia-sobre-a-bebida\/\"},\"wordCount\":560,\"commentCount\":0,\"publisher\":{\"@id\":\"https:\/\/jornalfatosenoticias.com.br\/#organization\"},\"image\":{\"@id\":\"https:\/\/jornalfatosenoticias.com.br\/index.php\/2023\/08\/04\/dia-da-cerveja-sete-coisas-que-voce-provavelmente-nao-sabia-sobre-a-bebida\/#primaryimage\"},\"thumbnailUrl\":\"https:\/\/jornalfatosenoticias.com.br\/wp-content\/uploads\/2023\/08\/CERVEJA-unsplash.jpg\",\"keywords\":[\"bebida\",\"Brasil\",\"cerveja\",\"Dia da Cerveja\",\"hist\u00f3ria\"],\"articleSection\":[\"Geral\"],\"inLanguage\":\"pt-BR\",\"potentialAction\":[{\"@type\":\"CommentAction\",\"name\":\"Comment\",\"target\":[\"https:\/\/jornalfatosenoticias.com.br\/index.php\/2023\/08\/04\/dia-da-cerveja-sete-coisas-que-voce-provavelmente-nao-sabia-sobre-a-bebida\/#respond\"]}]},{\"@type\":\"WebPage\",\"@id\":\"https:\/\/jornalfatosenoticias.com.br\/index.php\/2023\/08\/04\/dia-da-cerveja-sete-coisas-que-voce-provavelmente-nao-sabia-sobre-a-bebida\/\",\"url\":\"https:\/\/jornalfatosenoticias.com.br\/index.php\/2023\/08\/04\/dia-da-cerveja-sete-coisas-que-voce-provavelmente-nao-sabia-sobre-a-bebida\/\",\"name\":\"Dia da Cerveja \u2014 Sete coisas que voc\u00ea provavelmente n\u00e3o sabe sobre a bebida - Jornal Fatos e Not\u00edcias\",\"isPartOf\":{\"@id\":\"https:\/\/jornalfatosenoticias.com.br\/#website\"},\"primaryImageOfPage\":{\"@id\":\"https:\/\/jornalfatosenoticias.com.br\/index.php\/2023\/08\/04\/dia-da-cerveja-sete-coisas-que-voce-provavelmente-nao-sabia-sobre-a-bebida\/#primaryimage\"},\"image\":{\"@id\":\"https:\/\/jornalfatosenoticias.com.br\/index.php\/2023\/08\/04\/dia-da-cerveja-sete-coisas-que-voce-provavelmente-nao-sabia-sobre-a-bebida\/#primaryimage\"},\"thumbnailUrl\":\"https:\/\/jornalfatosenoticias.com.br\/wp-content\/uploads\/2023\/08\/CERVEJA-unsplash.jpg\",\"datePublished\":\"2023-08-04T13:24:24+00:00\",\"dateModified\":\"2023-08-04T13:25:16+00:00\",\"breadcrumb\":{\"@id\":\"https:\/\/jornalfatosenoticias.com.br\/index.php\/2023\/08\/04\/dia-da-cerveja-sete-coisas-que-voce-provavelmente-nao-sabia-sobre-a-bebida\/#breadcrumb\"},\"inLanguage\":\"pt-BR\",\"potentialAction\":[{\"@type\":\"ReadAction\",\"target\":[\"https:\/\/jornalfatosenoticias.com.br\/index.php\/2023\/08\/04\/dia-da-cerveja-sete-coisas-que-voce-provavelmente-nao-sabia-sobre-a-bebida\/\"]}]},{\"@type\":\"ImageObject\",\"inLanguage\":\"pt-BR\",\"@id\":\"https:\/\/jornalfatosenoticias.com.br\/index.php\/2023\/08\/04\/dia-da-cerveja-sete-coisas-que-voce-provavelmente-nao-sabia-sobre-a-bebida\/#primaryimage\",\"url\":\"https:\/\/jornalfatosenoticias.com.br\/wp-content\/uploads\/2023\/08\/CERVEJA-unsplash.jpg\",\"contentUrl\":\"https:\/\/jornalfatosenoticias.com.br\/wp-content\/uploads\/2023\/08\/CERVEJA-unsplash.jpg\",\"width\":1000,\"height\":666},{\"@type\":\"BreadcrumbList\",\"@id\":\"https:\/\/jornalfatosenoticias.com.br\/index.php\/2023\/08\/04\/dia-da-cerveja-sete-coisas-que-voce-provavelmente-nao-sabia-sobre-a-bebida\/#breadcrumb\",\"itemListElement\":[{\"@type\":\"ListItem\",\"position\":1,\"name\":\"In\u00edcio\",\"item\":\"https:\/\/jornalfatosenoticias.com.br\/\"},{\"@type\":\"ListItem\",\"position\":2,\"name\":\"Dia da Cerveja \u2014 Sete coisas que voc\u00ea provavelmente n\u00e3o sabe sobre a bebida\"}]},{\"@type\":\"WebSite\",\"@id\":\"https:\/\/jornalfatosenoticias.com.br\/#website\",\"url\":\"https:\/\/jornalfatosenoticias.com.br\/\",\"name\":\"Jornal Fatos e Not\u00edcias\",\"description\":\"Not\u00edcias em geral\",\"publisher\":{\"@id\":\"https:\/\/jornalfatosenoticias.com.br\/#organization\"},\"potentialAction\":[{\"@type\":\"SearchAction\",\"target\":{\"@type\":\"EntryPoint\",\"urlTemplate\":\"https:\/\/jornalfatosenoticias.com.br\/?s={search_term_string}\"},\"query-input\":{\"@type\":\"PropertyValueSpecification\",\"valueRequired\":true,\"valueName\":\"search_term_string\"}}],\"inLanguage\":\"pt-BR\"},{\"@type\":\"Organization\",\"@id\":\"https:\/\/jornalfatosenoticias.com.br\/#organization\",\"name\":\"Jornal Fatos e Not\u00edcias\",\"url\":\"https:\/\/jornalfatosenoticias.com.br\/\",\"logo\":{\"@type\":\"ImageObject\",\"inLanguage\":\"pt-BR\",\"@id\":\"https:\/\/jornalfatosenoticias.com.br\/#\/schema\/logo\/image\/\",\"url\":\"https:\/\/jornalfatosenoticias.com.br\/wp-content\/uploads\/2020\/02\/logo120.png\",\"contentUrl\":\"https:\/\/jornalfatosenoticias.com.br\/wp-content\/uploads\/2020\/02\/logo120.png\",\"width\":1227,\"height\":120,\"caption\":\"Jornal Fatos e Not\u00edcias\"},\"image\":{\"@id\":\"https:\/\/jornalfatosenoticias.com.br\/#\/schema\/logo\/image\/\"}},{\"@type\":\"Person\",\"@id\":\"https:\/\/jornalfatosenoticias.com.br\/#\/schema\/person\/d63837fa13ac8666eb9e74e0985d6f81\",\"name\":\"Luzimara Fernandes\",\"image\":{\"@type\":\"ImageObject\",\"inLanguage\":\"pt-BR\",\"@id\":\"https:\/\/jornalfatosenoticias.com.br\/#\/schema\/person\/image\/\",\"url\":\"https:\/\/jornalfatosenoticias.com.br\/wp-content\/uploads\/2025\/05\/EU_portal.jpg\",\"contentUrl\":\"https:\/\/jornalfatosenoticias.com.br\/wp-content\/uploads\/2025\/05\/EU_portal.jpg\",\"caption\":\"Luzimara Fernandes\"},\"description\":\"Jornalista MTB 2358-ES\",\"sameAs\":[\"https:\/\/jornalfatosenoticias.com.br\"],\"url\":\"https:\/\/jornalfatosenoticias.com.br\/index.php\/author\/luzimara\/\"}]}<\/script>\n<!-- \/ Yoast SEO plugin. -->","yoast_head_json":{"title":"Dia da Cerveja \u2014 Sete coisas que voc\u00ea provavelmente n\u00e3o sabe sobre a bebida - Jornal Fatos e Not\u00edcias","robots":{"index":"index","follow":"follow","max-snippet":"max-snippet:-1","max-image-preview":"max-image-preview:large","max-video-preview":"max-video-preview:-1"},"canonical":"https:\/\/jornalfatosenoticias.com.br\/index.php\/2023\/08\/04\/dia-da-cerveja-sete-coisas-que-voce-provavelmente-nao-sabia-sobre-a-bebida\/","og_locale":"pt_BR","og_type":"article","og_title":"Dia da Cerveja \u2014 Sete coisas que voc\u00ea provavelmente n\u00e3o sabe sobre a bebida - Jornal Fatos e Not\u00edcias","og_description":"Por Gabriel Andrade A primeira sexta-feira de agosto \u00e9, tradicionalmente, um dia especial para os amantes de cerveja. Nesta sexta-feira (4), comemora-se o Dia da Cerveja. A data foi criada nos Estados Unidos em 2007, em Santa Cruz, na Calif\u00f3rnia, por quatro amigos amantes da bebida alco\u00f3lica. Para comemorar essa data, o Giz Brasil separou [&hellip;]","og_url":"https:\/\/jornalfatosenoticias.com.br\/index.php\/2023\/08\/04\/dia-da-cerveja-sete-coisas-que-voce-provavelmente-nao-sabia-sobre-a-bebida\/","og_site_name":"Jornal Fatos e Not\u00edcias","article_published_time":"2023-08-04T13:24:24+00:00","article_modified_time":"2023-08-04T13:25:16+00:00","og_image":[{"width":1000,"height":666,"url":"https:\/\/jornalfatosenoticias.com.br\/wp-content\/uploads\/2023\/08\/CERVEJA-unsplash.jpg","type":"image\/jpeg"}],"author":"Luzimara Fernandes","twitter_card":"summary_large_image","twitter_misc":{"Escrito por":"Luzimara Fernandes","Est. tempo de leitura":"3 minutos"},"schema":{"@context":"https:\/\/schema.org","@graph":[{"@type":"Article","@id":"https:\/\/jornalfatosenoticias.com.br\/index.php\/2023\/08\/04\/dia-da-cerveja-sete-coisas-que-voce-provavelmente-nao-sabia-sobre-a-bebida\/#article","isPartOf":{"@id":"https:\/\/jornalfatosenoticias.com.br\/index.php\/2023\/08\/04\/dia-da-cerveja-sete-coisas-que-voce-provavelmente-nao-sabia-sobre-a-bebida\/"},"author":{"name":"Luzimara Fernandes","@id":"https:\/\/jornalfatosenoticias.com.br\/#\/schema\/person\/d63837fa13ac8666eb9e74e0985d6f81"},"headline":"Dia da Cerveja \u2014 Sete coisas que voc\u00ea provavelmente n\u00e3o sabe sobre a bebida","datePublished":"2023-08-04T13:24:24+00:00","dateModified":"2023-08-04T13:25:16+00:00","mainEntityOfPage":{"@id":"https:\/\/jornalfatosenoticias.com.br\/index.php\/2023\/08\/04\/dia-da-cerveja-sete-coisas-que-voce-provavelmente-nao-sabia-sobre-a-bebida\/"},"wordCount":560,"commentCount":0,"publisher":{"@id":"https:\/\/jornalfatosenoticias.com.br\/#organization"},"image":{"@id":"https:\/\/jornalfatosenoticias.com.br\/index.php\/2023\/08\/04\/dia-da-cerveja-sete-coisas-que-voce-provavelmente-nao-sabia-sobre-a-bebida\/#primaryimage"},"thumbnailUrl":"https:\/\/jornalfatosenoticias.com.br\/wp-content\/uploads\/2023\/08\/CERVEJA-unsplash.jpg","keywords":["bebida","Brasil","cerveja","Dia da Cerveja","hist\u00f3ria"],"articleSection":["Geral"],"inLanguage":"pt-BR","potentialAction":[{"@type":"CommentAction","name":"Comment","target":["https:\/\/jornalfatosenoticias.com.br\/index.php\/2023\/08\/04\/dia-da-cerveja-sete-coisas-que-voce-provavelmente-nao-sabia-sobre-a-bebida\/#respond"]}]},{"@type":"WebPage","@id":"https:\/\/jornalfatosenoticias.com.br\/index.php\/2023\/08\/04\/dia-da-cerveja-sete-coisas-que-voce-provavelmente-nao-sabia-sobre-a-bebida\/","url":"https:\/\/jornalfatosenoticias.com.br\/index.php\/2023\/08\/04\/dia-da-cerveja-sete-coisas-que-voce-provavelmente-nao-sabia-sobre-a-bebida\/","name":"Dia da Cerveja \u2014 Sete coisas que voc\u00ea provavelmente n\u00e3o sabe sobre a bebida - Jornal Fatos e Not\u00edcias","isPartOf":{"@id":"https:\/\/jornalfatosenoticias.com.br\/#website"},"primaryImageOfPage":{"@id":"https:\/\/jornalfatosenoticias.com.br\/index.php\/2023\/08\/04\/dia-da-cerveja-sete-coisas-que-voce-provavelmente-nao-sabia-sobre-a-bebida\/#primaryimage"},"image":{"@id":"https:\/\/jornalfatosenoticias.com.br\/index.php\/2023\/08\/04\/dia-da-cerveja-sete-coisas-que-voce-provavelmente-nao-sabia-sobre-a-bebida\/#primaryimage"},"thumbnailUrl":"https:\/\/jornalfatosenoticias.com.br\/wp-content\/uploads\/2023\/08\/CERVEJA-unsplash.jpg","datePublished":"2023-08-04T13:24:24+00:00","dateModified":"2023-08-04T13:25:16+00:00","breadcrumb":{"@id":"https:\/\/jornalfatosenoticias.com.br\/index.php\/2023\/08\/04\/dia-da-cerveja-sete-coisas-que-voce-provavelmente-nao-sabia-sobre-a-bebida\/#breadcrumb"},"inLanguage":"pt-BR","potentialAction":[{"@type":"ReadAction","target":["https:\/\/jornalfatosenoticias.com.br\/index.php\/2023\/08\/04\/dia-da-cerveja-sete-coisas-que-voce-provavelmente-nao-sabia-sobre-a-bebida\/"]}]},{"@type":"ImageObject","inLanguage":"pt-BR","@id":"https:\/\/jornalfatosenoticias.com.br\/index.php\/2023\/08\/04\/dia-da-cerveja-sete-coisas-que-voce-provavelmente-nao-sabia-sobre-a-bebida\/#primaryimage","url":"https:\/\/jornalfatosenoticias.com.br\/wp-content\/uploads\/2023\/08\/CERVEJA-unsplash.jpg","contentUrl":"https:\/\/jornalfatosenoticias.com.br\/wp-content\/uploads\/2023\/08\/CERVEJA-unsplash.jpg","width":1000,"height":666},{"@type":"BreadcrumbList","@id":"https:\/\/jornalfatosenoticias.com.br\/index.php\/2023\/08\/04\/dia-da-cerveja-sete-coisas-que-voce-provavelmente-nao-sabia-sobre-a-bebida\/#breadcrumb","itemListElement":[{"@type":"ListItem","position":1,"name":"In\u00edcio","item":"https:\/\/jornalfatosenoticias.com.br\/"},{"@type":"ListItem","position":2,"name":"Dia da Cerveja \u2014 Sete coisas que voc\u00ea provavelmente n\u00e3o sabe sobre a bebida"}]},{"@type":"WebSite","@id":"https:\/\/jornalfatosenoticias.com.br\/#website","url":"https:\/\/jornalfatosenoticias.com.br\/","name":"Jornal Fatos e Not\u00edcias","description":"Not\u00edcias em geral","publisher":{"@id":"https:\/\/jornalfatosenoticias.com.br\/#organization"},"potentialAction":[{"@type":"SearchAction","target":{"@type":"EntryPoint","urlTemplate":"https:\/\/jornalfatosenoticias.com.br\/?s={search_term_string}"},"query-input":{"@type":"PropertyValueSpecification","valueRequired":true,"valueName":"search_term_string"}}],"inLanguage":"pt-BR"},{"@type":"Organization","@id":"https:\/\/jornalfatosenoticias.com.br\/#organization","name":"Jornal Fatos e Not\u00edcias","url":"https:\/\/jornalfatosenoticias.com.br\/","logo":{"@type":"ImageObject","inLanguage":"pt-BR","@id":"https:\/\/jornalfatosenoticias.com.br\/#\/schema\/logo\/image\/","url":"https:\/\/jornalfatosenoticias.com.br\/wp-content\/uploads\/2020\/02\/logo120.png","contentUrl":"https:\/\/jornalfatosenoticias.com.br\/wp-content\/uploads\/2020\/02\/logo120.png","width":1227,"height":120,"caption":"Jornal Fatos e Not\u00edcias"},"image":{"@id":"https:\/\/jornalfatosenoticias.com.br\/#\/schema\/logo\/image\/"}},{"@type":"Person","@id":"https:\/\/jornalfatosenoticias.com.br\/#\/schema\/person\/d63837fa13ac8666eb9e74e0985d6f81","name":"Luzimara Fernandes","image":{"@type":"ImageObject","inLanguage":"pt-BR","@id":"https:\/\/jornalfatosenoticias.com.br\/#\/schema\/person\/image\/","url":"https:\/\/jornalfatosenoticias.com.br\/wp-content\/uploads\/2025\/05\/EU_portal.jpg","contentUrl":"https:\/\/jornalfatosenoticias.com.br\/wp-content\/uploads\/2025\/05\/EU_portal.jpg","caption":"Luzimara Fernandes"},"description":"Jornalista MTB 2358-ES","sameAs":["https:\/\/jornalfatosenoticias.com.br"],"url":"https:\/\/jornalfatosenoticias.com.br\/index.php\/author\/luzimara\/"}]}},"cc_featured_image_caption":{"caption_text":"(Foto: Unsplash) ","source_text":"","source_url":""},"jetpack_featured_media_url":"https:\/\/jornalfatosenoticias.com.br\/wp-content\/uploads\/2023\/08\/CERVEJA-unsplash.jpg","_links":{"self":[{"href":"https:\/\/jornalfatosenoticias.com.br\/index.php\/wp-json\/wp\/v2\/posts\/43959","targetHints":{"allow":["GET"]}}],"collection":[{"href":"https:\/\/jornalfatosenoticias.com.br\/index.php\/wp-json\/wp\/v2\/posts"}],"about":[{"href":"https:\/\/jornalfatosenoticias.com.br\/index.php\/wp-json\/wp\/v2\/types\/post"}],"author":[{"embeddable":true,"href":"https:\/\/jornalfatosenoticias.com.br\/index.php\/wp-json\/wp\/v2\/users\/2"}],"replies":[{"embeddable":true,"href":"https:\/\/jornalfatosenoticias.com.br\/index.php\/wp-json\/wp\/v2\/comments?post=43959"}],"version-history":[{"count":0,"href":"https:\/\/jornalfatosenoticias.com.br\/index.php\/wp-json\/wp\/v2\/posts\/43959\/revisions"}],"wp:featuredmedia":[{"embeddable":true,"href":"https:\/\/jornalfatosenoticias.com.br\/index.php\/wp-json\/wp\/v2\/media\/43963"}],"wp:attachment":[{"href":"https:\/\/jornalfatosenoticias.com.br\/index.php\/wp-json\/wp\/v2\/media?parent=43959"}],"wp:term":[{"taxonomy":"category","embeddable":true,"href":"https:\/\/jornalfatosenoticias.com.br\/index.php\/wp-json\/wp\/v2\/categories?post=43959"},{"taxonomy":"post_tag","embeddable":true,"href":"https:\/\/jornalfatosenoticias.com.br\/index.php\/wp-json\/wp\/v2\/tags?post=43959"}],"curies":[{"name":"wp","href":"https:\/\/api.w.org\/{rel}","templated":true}]}}