{"id":44021,"date":"2023-08-07T10:26:10","date_gmt":"2023-08-07T13:26:10","guid":{"rendered":"https:\/\/jornalfatosenoticias.com.br\/?p=44021"},"modified":"2023-08-07T10:26:11","modified_gmt":"2023-08-07T13:26:11","slug":"pica-pau-amarelo-e-ararinha-azul-brasil-lista-suas-especies-ameacadas","status":"publish","type":"post","link":"https:\/\/jornalfatosenoticias.com.br\/index.php\/2023\/08\/07\/pica-pau-amarelo-e-ararinha-azul-brasil-lista-suas-especies-ameacadas\/","title":{"rendered":"Pica-pau-amarelo e ararinha-azul: Brasil lista suas esp\u00e9cies amea\u00e7adas"},"content":{"rendered":"\n<p><em><span class=\"has-inline-color has-black-color\">Por <strong><a href=\"https:\/\/gizmodo.uol.com.br\/author\/isabela-oliveira\/\">Isabela Oliveira<\/a><\/strong><\/span><\/em><\/p>\n\n\n\n<div class=\"wp-block-image\"><figure class=\"aligncenter size-large\"><img loading=\"lazy\" decoding=\"async\" width=\"729\" height=\"90\" src=\"https:\/\/jornalfatosenoticias.com.br\/wp-content\/uploads\/2020\/02\/Logo_Mizu.png\" alt=\"\" class=\"wp-image-1441\" srcset=\"https:\/\/jornalfatosenoticias.com.br\/wp-content\/uploads\/2020\/02\/Logo_Mizu.png 729w, https:\/\/jornalfatosenoticias.com.br\/wp-content\/uploads\/2020\/02\/Logo_Mizu-300x37.png 300w\" sizes=\"auto, (max-width: 729px) 100vw, 729px\" \/><\/figure><\/div>\n\n\n\n<p>O Brasil tem 1.253 esp\u00e9cies amea\u00e7adas \u2014 com risco de extin\u00e7\u00e3o \u2014 segundo o Sistema de Avalia\u00e7\u00e3o do Risco de Extin\u00e7\u00e3o da Biodiversidade (Salve). Esp\u00e9cies como os famosos pica-pau-amarelo e ararinha-azul (<a href=\"https:\/\/gizmodo.uol.com.br\/biologos-salvam-ovo-trincado-e-arara-azul-em-extincao-nasce-no-zoo-de-sp\/\">diferente da arara-azul, tamb\u00e9m amea\u00e7ada<\/a>) integram a lista, entre as 364 esp\u00e9cies \u201cCriticamente em Perigo\u201d.<br>O desenvolvimento do Salve come\u00e7ou em 2016, liderado pelo Instituto Chico Mendes de Conserva\u00e7\u00e3o da Biodiversidade (ICMBio). O objetivo \u00e9 facilitar a avalia\u00e7\u00e3o do risco de extin\u00e7\u00e3o de cada esp\u00e9cie e, assim, tornar essas informa\u00e7\u00f5es mais acess\u00edveis, contribuindo para a implementa\u00e7\u00e3o de pol\u00edticas p\u00fablicas de conserva\u00e7\u00e3o da biodiversidade.<\/p>\n\n\n\n<div class=\"wp-block-image\"><figure class=\"aligncenter size-large\"><img loading=\"lazy\" decoding=\"async\" width=\"300\" height=\"250\" src=\"https:\/\/jornalfatosenoticias.com.br\/wp-content\/uploads\/2022\/02\/FERRARI_MAQUINAS-E-FERRAMENTAS2.jpg\" alt=\"\" class=\"wp-image-27860\"\/><\/figure><\/div>\n\n\n\n<p>Das 14.785 esp\u00e9cies avaliadas, 5.513 possuem ficha publicada at\u00e9 o momento. O instituto avaliou todas as mais de nove mil esp\u00e9cies conhecidas de animais vertebrados. Ao todo, incluindo os invertebrados, s\u00e3o mais de 100 mil esp\u00e9cies de animais na fauna brasileira \u2014 uma das mais ricas do mundo.<\/p>\n\n\n\n<div class=\"wp-block-image\"><figure class=\"aligncenter size-large\"><img loading=\"lazy\" decoding=\"async\" width=\"768\" height=\"429\" src=\"https:\/\/jornalfatosenoticias.com.br\/wp-content\/uploads\/2023\/08\/salve.png\" alt=\"\" class=\"wp-image-44022\" srcset=\"https:\/\/jornalfatosenoticias.com.br\/wp-content\/uploads\/2023\/08\/salve.png 768w, https:\/\/jornalfatosenoticias.com.br\/wp-content\/uploads\/2023\/08\/salve-300x168.png 300w\" sizes=\"auto, (max-width: 768px) 100vw, 768px\" \/><figcaption><em><span class=\"has-inline-color has-black-color\">Imagem: Salve\/Divulga\u00e7\u00e3o<\/span><\/em><\/figcaption><\/figure><\/div>\n\n\n\n<blockquote class=\"wp-block-quote is-layout-flow wp-block-quote-is-layout-flow\"><p><span class=\"has-inline-color has-luminous-vivid-orange-color\">O Brasil \u00e9 reconhecido mundialmente por abrigar a maior biodiversidade do planeta, e a partir da atualiza\u00e7\u00e3o e disponibiliza\u00e7\u00e3o desses dados ser\u00e1 poss\u00edvel refor\u00e7ar a implementa\u00e7\u00e3o de a\u00e7\u00f5es que promovam a conserva\u00e7\u00e3o da nossa fauna\u201d, disse Rodrigo Jorge, analista ambiental do ICMBio.<\/span><\/p><\/blockquote>\n\n\n\n<div class=\"wp-block-image\"><figure class=\"aligncenter size-large is-resized\"><img loading=\"lazy\" decoding=\"async\" src=\"https:\/\/jornalfatosenoticias.com.br\/wp-content\/uploads\/2023\/08\/WhatsApp-Image-2023-08-02-at-10.51.03.jpeg\" alt=\"\" class=\"wp-image-43905\" width=\"358\" height=\"196\" srcset=\"https:\/\/jornalfatosenoticias.com.br\/wp-content\/uploads\/2023\/08\/WhatsApp-Image-2023-08-02-at-10.51.03.jpeg 948w, https:\/\/jornalfatosenoticias.com.br\/wp-content\/uploads\/2023\/08\/WhatsApp-Image-2023-08-02-at-10.51.03-300x165.jpeg 300w, https:\/\/jornalfatosenoticias.com.br\/wp-content\/uploads\/2023\/08\/WhatsApp-Image-2023-08-02-at-10.51.03-768x422.jpeg 768w\" sizes=\"auto, (max-width: 358px) 100vw, 358px\" \/><\/figure><\/div>\n\n\n\n<p>O ICMBio lan\u00e7ou a nova ferramenta de conserva\u00e7\u00e3o na \u00faltima quarta-feira (2). Voc\u00ea pode acessar atrav\u00e9s <a href=\"https:\/\/salve.icmbio.gov.br\/#\/\" target=\"_blank\" rel=\"noreferrer noopener\">deste link<\/a>.<br>Para encontrar uma esp\u00e9cie na lista, basta inserir seu nome comum ou cient\u00edfico. O resultado traz, por exemplo, dados como grupo, categoria, \u00faltima atualiza\u00e7\u00e3o, estados, bioma, classifica\u00e7\u00e3o taxon\u00f4mica, distribui\u00e7\u00e3o, hist\u00f3ria natural, popula\u00e7\u00e3o e mais.<br>De acordo com Jorge, \u00e9 preciso uma mudan\u00e7a no comportamento de toda a sociedade. <\/p>\n\n\n\n<div class=\"wp-block-image\"><figure class=\"aligncenter size-large\"><img loading=\"lazy\" decoding=\"async\" width=\"300\" height=\"300\" src=\"https:\/\/jornalfatosenoticias.com.br\/wp-content\/uploads\/2020\/02\/casa-do-torresmo_portal.jpg\" alt=\"\" class=\"wp-image-34472\" srcset=\"https:\/\/jornalfatosenoticias.com.br\/wp-content\/uploads\/2020\/02\/casa-do-torresmo_portal.jpg 300w, https:\/\/jornalfatosenoticias.com.br\/wp-content\/uploads\/2020\/02\/casa-do-torresmo_portal-150x150.jpg 150w\" sizes=\"auto, (max-width: 300px) 100vw, 300px\" \/><\/figure><\/div>\n\n\n\n<blockquote class=\"wp-block-quote is-layout-flow wp-block-quote-is-layout-flow\"><p><span class=\"has-inline-color has-luminous-vivid-orange-color\">As pessoas t\u00eam ajustado seus padr\u00f5es de consumo e essa consci\u00eancia causa um efeito direto nas empresas, por exemplo, que precisam estar mais atentas aos impactos que suas atividades possam causar ao meio ambiente e realizar esfor\u00e7os para reduzir, reverter e compensar atividades que causem impacto \u00e0 nossa biodiversidade\u201d, conclui.<\/span><\/p><\/blockquote>\n\n\n\n<div class=\"wp-block-image\"><figure class=\"aligncenter size-large is-resized\"><img loading=\"lazy\" decoding=\"async\" src=\"https:\/\/jornalfatosenoticias.com.br\/wp-content\/uploads\/2023\/07\/lacremoda.jpg\" alt=\"\" class=\"wp-image-43706\" width=\"345\" height=\"193\" srcset=\"https:\/\/jornalfatosenoticias.com.br\/wp-content\/uploads\/2023\/07\/lacremoda.jpg 1024w, https:\/\/jornalfatosenoticias.com.br\/wp-content\/uploads\/2023\/07\/lacremoda-300x168.jpg 300w, https:\/\/jornalfatosenoticias.com.br\/wp-content\/uploads\/2023\/07\/lacremoda-768x431.jpg 768w\" sizes=\"auto, (max-width: 345px) 100vw, 345px\" \/><\/figure><\/div>\n\n\n\n<p><strong><em>Fonte: <a href=\"https:\/\/gizmodo.uol.com.br\/picapau-amarelo-e-ararinha-azul-brasil-lista-suas-especies-ameacadas\/\">GizModo<\/a><\/em><\/strong><\/p>\n","protected":false},"excerpt":{"rendered":"<p>Por Isabela Oliveira O Brasil tem 1.253 esp\u00e9cies amea\u00e7adas \u2014 com risco de extin\u00e7\u00e3o \u2014 segundo o Sistema de Avalia\u00e7\u00e3o do Risco de Extin\u00e7\u00e3o da Biodiversidade (Salve). Esp\u00e9cies como os famosos pica-pau-amarelo e ararinha-azul (diferente da arara-azul, tamb\u00e9m amea\u00e7ada) integram a lista, entre as 364 esp\u00e9cies \u201cCriticamente em Perigo\u201d.O desenvolvimento do Salve come\u00e7ou em 2016, [&hellip;]<\/p>\n","protected":false},"author":2,"featured_media":44023,"comment_status":"open","ping_status":"open","sticky":false,"template":"","format":"standard","meta":{"footnotes":""},"categories":[8],"tags":[314,334,597,3512,20755],"class_list":["post-44021","post","type-post","status-publish","format-standard","has-post-thumbnail","hentry","category-meio-ambiente","tag-ararinha-azul","tag-biodiversidade","tag-brasil","tag-especies-ameacadas","tag-pica-pau-amarelo"],"yoast_head":"<!-- This site is optimized with the Yoast SEO plugin v26.5 - https:\/\/yoast.com\/wordpress\/plugins\/seo\/ -->\n<title>Pica-pau-amarelo e ararinha-azul: Brasil lista suas esp\u00e9cies amea\u00e7adas - Jornal Fatos e Not\u00edcias<\/title>\n<meta name=\"robots\" content=\"index, follow, max-snippet:-1, max-image-preview:large, max-video-preview:-1\" \/>\n<link rel=\"canonical\" href=\"https:\/\/jornalfatosenoticias.com.br\/index.php\/2023\/08\/07\/pica-pau-amarelo-e-ararinha-azul-brasil-lista-suas-especies-ameacadas\/\" \/>\n<meta property=\"og:locale\" content=\"pt_BR\" \/>\n<meta property=\"og:type\" content=\"article\" \/>\n<meta property=\"og:title\" content=\"Pica-pau-amarelo e ararinha-azul: Brasil lista suas esp\u00e9cies amea\u00e7adas - Jornal Fatos e Not\u00edcias\" \/>\n<meta property=\"og:description\" content=\"Por Isabela Oliveira O Brasil tem 1.253 esp\u00e9cies amea\u00e7adas \u2014 com risco de extin\u00e7\u00e3o \u2014 segundo o Sistema de Avalia\u00e7\u00e3o do Risco de Extin\u00e7\u00e3o da Biodiversidade (Salve). Esp\u00e9cies como os famosos pica-pau-amarelo e ararinha-azul (diferente da arara-azul, tamb\u00e9m amea\u00e7ada) integram a lista, entre as 364 esp\u00e9cies \u201cCriticamente em Perigo\u201d.O desenvolvimento do Salve come\u00e7ou em 2016, [&hellip;]\" \/>\n<meta property=\"og:url\" content=\"https:\/\/jornalfatosenoticias.com.br\/index.php\/2023\/08\/07\/pica-pau-amarelo-e-ararinha-azul-brasil-lista-suas-especies-ameacadas\/\" \/>\n<meta property=\"og:site_name\" content=\"Jornal Fatos e Not\u00edcias\" \/>\n<meta property=\"article:published_time\" content=\"2023-08-07T13:26:10+00:00\" \/>\n<meta property=\"article:modified_time\" content=\"2023-08-07T13:26:11+00:00\" \/>\n<meta property=\"og:image\" content=\"https:\/\/jornalfatosenoticias.com.br\/wp-content\/uploads\/2023\/08\/picapau-amarelo.jpg\" \/>\n\t<meta property=\"og:image:width\" content=\"800\" \/>\n\t<meta property=\"og:image:height\" content=\"467\" \/>\n\t<meta property=\"og:image:type\" content=\"image\/jpeg\" \/>\n<meta name=\"author\" content=\"Luzimara Fernandes\" \/>\n<meta name=\"twitter:card\" content=\"summary_large_image\" \/>\n<meta name=\"twitter:label1\" content=\"Escrito por\" \/>\n\t<meta name=\"twitter:data1\" content=\"Luzimara Fernandes\" \/>\n\t<meta name=\"twitter:label2\" content=\"Est. tempo de leitura\" \/>\n\t<meta name=\"twitter:data2\" content=\"2 minutos\" \/>\n<script type=\"application\/ld+json\" class=\"yoast-schema-graph\">{\"@context\":\"https:\/\/schema.org\",\"@graph\":[{\"@type\":\"Article\",\"@id\":\"https:\/\/jornalfatosenoticias.com.br\/index.php\/2023\/08\/07\/pica-pau-amarelo-e-ararinha-azul-brasil-lista-suas-especies-ameacadas\/#article\",\"isPartOf\":{\"@id\":\"https:\/\/jornalfatosenoticias.com.br\/index.php\/2023\/08\/07\/pica-pau-amarelo-e-ararinha-azul-brasil-lista-suas-especies-ameacadas\/\"},\"author\":{\"name\":\"Luzimara Fernandes\",\"@id\":\"https:\/\/jornalfatosenoticias.com.br\/#\/schema\/person\/d63837fa13ac8666eb9e74e0985d6f81\"},\"headline\":\"Pica-pau-amarelo e ararinha-azul: Brasil lista suas esp\u00e9cies amea\u00e7adas\",\"datePublished\":\"2023-08-07T13:26:10+00:00\",\"dateModified\":\"2023-08-07T13:26:11+00:00\",\"mainEntityOfPage\":{\"@id\":\"https:\/\/jornalfatosenoticias.com.br\/index.php\/2023\/08\/07\/pica-pau-amarelo-e-ararinha-azul-brasil-lista-suas-especies-ameacadas\/\"},\"wordCount\":352,\"commentCount\":0,\"publisher\":{\"@id\":\"https:\/\/jornalfatosenoticias.com.br\/#organization\"},\"image\":{\"@id\":\"https:\/\/jornalfatosenoticias.com.br\/index.php\/2023\/08\/07\/pica-pau-amarelo-e-ararinha-azul-brasil-lista-suas-especies-ameacadas\/#primaryimage\"},\"thumbnailUrl\":\"https:\/\/jornalfatosenoticias.com.br\/wp-content\/uploads\/2023\/08\/picapau-amarelo.jpg\",\"keywords\":[\"ararinha-azul\",\"biodiversidade\",\"Brasil\",\"esp\u00e9cies amea\u00e7adas\",\"pica-pau-amarelo\"],\"articleSection\":[\"Meio ambiente\"],\"inLanguage\":\"pt-BR\",\"potentialAction\":[{\"@type\":\"CommentAction\",\"name\":\"Comment\",\"target\":[\"https:\/\/jornalfatosenoticias.com.br\/index.php\/2023\/08\/07\/pica-pau-amarelo-e-ararinha-azul-brasil-lista-suas-especies-ameacadas\/#respond\"]}]},{\"@type\":\"WebPage\",\"@id\":\"https:\/\/jornalfatosenoticias.com.br\/index.php\/2023\/08\/07\/pica-pau-amarelo-e-ararinha-azul-brasil-lista-suas-especies-ameacadas\/\",\"url\":\"https:\/\/jornalfatosenoticias.com.br\/index.php\/2023\/08\/07\/pica-pau-amarelo-e-ararinha-azul-brasil-lista-suas-especies-ameacadas\/\",\"name\":\"Pica-pau-amarelo e ararinha-azul: Brasil lista suas esp\u00e9cies amea\u00e7adas - Jornal Fatos e Not\u00edcias\",\"isPartOf\":{\"@id\":\"https:\/\/jornalfatosenoticias.com.br\/#website\"},\"primaryImageOfPage\":{\"@id\":\"https:\/\/jornalfatosenoticias.com.br\/index.php\/2023\/08\/07\/pica-pau-amarelo-e-ararinha-azul-brasil-lista-suas-especies-ameacadas\/#primaryimage\"},\"image\":{\"@id\":\"https:\/\/jornalfatosenoticias.com.br\/index.php\/2023\/08\/07\/pica-pau-amarelo-e-ararinha-azul-brasil-lista-suas-especies-ameacadas\/#primaryimage\"},\"thumbnailUrl\":\"https:\/\/jornalfatosenoticias.com.br\/wp-content\/uploads\/2023\/08\/picapau-amarelo.jpg\",\"datePublished\":\"2023-08-07T13:26:10+00:00\",\"dateModified\":\"2023-08-07T13:26:11+00:00\",\"breadcrumb\":{\"@id\":\"https:\/\/jornalfatosenoticias.com.br\/index.php\/2023\/08\/07\/pica-pau-amarelo-e-ararinha-azul-brasil-lista-suas-especies-ameacadas\/#breadcrumb\"},\"inLanguage\":\"pt-BR\",\"potentialAction\":[{\"@type\":\"ReadAction\",\"target\":[\"https:\/\/jornalfatosenoticias.com.br\/index.php\/2023\/08\/07\/pica-pau-amarelo-e-ararinha-azul-brasil-lista-suas-especies-ameacadas\/\"]}]},{\"@type\":\"ImageObject\",\"inLanguage\":\"pt-BR\",\"@id\":\"https:\/\/jornalfatosenoticias.com.br\/index.php\/2023\/08\/07\/pica-pau-amarelo-e-ararinha-azul-brasil-lista-suas-especies-ameacadas\/#primaryimage\",\"url\":\"https:\/\/jornalfatosenoticias.com.br\/wp-content\/uploads\/2023\/08\/picapau-amarelo.jpg\",\"contentUrl\":\"https:\/\/jornalfatosenoticias.com.br\/wp-content\/uploads\/2023\/08\/picapau-amarelo.jpg\",\"width\":800,\"height\":467},{\"@type\":\"BreadcrumbList\",\"@id\":\"https:\/\/jornalfatosenoticias.com.br\/index.php\/2023\/08\/07\/pica-pau-amarelo-e-ararinha-azul-brasil-lista-suas-especies-ameacadas\/#breadcrumb\",\"itemListElement\":[{\"@type\":\"ListItem\",\"position\":1,\"name\":\"In\u00edcio\",\"item\":\"https:\/\/jornalfatosenoticias.com.br\/\"},{\"@type\":\"ListItem\",\"position\":2,\"name\":\"Pica-pau-amarelo e ararinha-azul: Brasil lista suas esp\u00e9cies amea\u00e7adas\"}]},{\"@type\":\"WebSite\",\"@id\":\"https:\/\/jornalfatosenoticias.com.br\/#website\",\"url\":\"https:\/\/jornalfatosenoticias.com.br\/\",\"name\":\"Jornal Fatos e Not\u00edcias\",\"description\":\"Not\u00edcias em geral\",\"publisher\":{\"@id\":\"https:\/\/jornalfatosenoticias.com.br\/#organization\"},\"potentialAction\":[{\"@type\":\"SearchAction\",\"target\":{\"@type\":\"EntryPoint\",\"urlTemplate\":\"https:\/\/jornalfatosenoticias.com.br\/?s={search_term_string}\"},\"query-input\":{\"@type\":\"PropertyValueSpecification\",\"valueRequired\":true,\"valueName\":\"search_term_string\"}}],\"inLanguage\":\"pt-BR\"},{\"@type\":\"Organization\",\"@id\":\"https:\/\/jornalfatosenoticias.com.br\/#organization\",\"name\":\"Jornal Fatos e Not\u00edcias\",\"url\":\"https:\/\/jornalfatosenoticias.com.br\/\",\"logo\":{\"@type\":\"ImageObject\",\"inLanguage\":\"pt-BR\",\"@id\":\"https:\/\/jornalfatosenoticias.com.br\/#\/schema\/logo\/image\/\",\"url\":\"https:\/\/jornalfatosenoticias.com.br\/wp-content\/uploads\/2020\/02\/logo120.png\",\"contentUrl\":\"https:\/\/jornalfatosenoticias.com.br\/wp-content\/uploads\/2020\/02\/logo120.png\",\"width\":1227,\"height\":120,\"caption\":\"Jornal Fatos e Not\u00edcias\"},\"image\":{\"@id\":\"https:\/\/jornalfatosenoticias.com.br\/#\/schema\/logo\/image\/\"}},{\"@type\":\"Person\",\"@id\":\"https:\/\/jornalfatosenoticias.com.br\/#\/schema\/person\/d63837fa13ac8666eb9e74e0985d6f81\",\"name\":\"Luzimara Fernandes\",\"image\":{\"@type\":\"ImageObject\",\"inLanguage\":\"pt-BR\",\"@id\":\"https:\/\/jornalfatosenoticias.com.br\/#\/schema\/person\/image\/\",\"url\":\"https:\/\/jornalfatosenoticias.com.br\/wp-content\/uploads\/2025\/05\/EU_portal.jpg\",\"contentUrl\":\"https:\/\/jornalfatosenoticias.com.br\/wp-content\/uploads\/2025\/05\/EU_portal.jpg\",\"caption\":\"Luzimara Fernandes\"},\"description\":\"Jornalista MTB 2358-ES\",\"sameAs\":[\"https:\/\/jornalfatosenoticias.com.br\"],\"url\":\"https:\/\/jornalfatosenoticias.com.br\/index.php\/author\/luzimara\/\"}]}<\/script>\n<!-- \/ Yoast SEO plugin. -->","yoast_head_json":{"title":"Pica-pau-amarelo e ararinha-azul: Brasil lista suas esp\u00e9cies amea\u00e7adas - Jornal Fatos e Not\u00edcias","robots":{"index":"index","follow":"follow","max-snippet":"max-snippet:-1","max-image-preview":"max-image-preview:large","max-video-preview":"max-video-preview:-1"},"canonical":"https:\/\/jornalfatosenoticias.com.br\/index.php\/2023\/08\/07\/pica-pau-amarelo-e-ararinha-azul-brasil-lista-suas-especies-ameacadas\/","og_locale":"pt_BR","og_type":"article","og_title":"Pica-pau-amarelo e ararinha-azul: Brasil lista suas esp\u00e9cies amea\u00e7adas - Jornal Fatos e Not\u00edcias","og_description":"Por Isabela Oliveira O Brasil tem 1.253 esp\u00e9cies amea\u00e7adas \u2014 com risco de extin\u00e7\u00e3o \u2014 segundo o Sistema de Avalia\u00e7\u00e3o do Risco de Extin\u00e7\u00e3o da Biodiversidade (Salve). Esp\u00e9cies como os famosos pica-pau-amarelo e ararinha-azul (diferente da arara-azul, tamb\u00e9m amea\u00e7ada) integram a lista, entre as 364 esp\u00e9cies \u201cCriticamente em Perigo\u201d.O desenvolvimento do Salve come\u00e7ou em 2016, [&hellip;]","og_url":"https:\/\/jornalfatosenoticias.com.br\/index.php\/2023\/08\/07\/pica-pau-amarelo-e-ararinha-azul-brasil-lista-suas-especies-ameacadas\/","og_site_name":"Jornal Fatos e Not\u00edcias","article_published_time":"2023-08-07T13:26:10+00:00","article_modified_time":"2023-08-07T13:26:11+00:00","og_image":[{"width":800,"height":467,"url":"https:\/\/jornalfatosenoticias.com.br\/wp-content\/uploads\/2023\/08\/picapau-amarelo.jpg","type":"image\/jpeg"}],"author":"Luzimara Fernandes","twitter_card":"summary_large_image","twitter_misc":{"Escrito por":"Luzimara Fernandes","Est. tempo de leitura":"2 minutos"},"schema":{"@context":"https:\/\/schema.org","@graph":[{"@type":"Article","@id":"https:\/\/jornalfatosenoticias.com.br\/index.php\/2023\/08\/07\/pica-pau-amarelo-e-ararinha-azul-brasil-lista-suas-especies-ameacadas\/#article","isPartOf":{"@id":"https:\/\/jornalfatosenoticias.com.br\/index.php\/2023\/08\/07\/pica-pau-amarelo-e-ararinha-azul-brasil-lista-suas-especies-ameacadas\/"},"author":{"name":"Luzimara Fernandes","@id":"https:\/\/jornalfatosenoticias.com.br\/#\/schema\/person\/d63837fa13ac8666eb9e74e0985d6f81"},"headline":"Pica-pau-amarelo e ararinha-azul: Brasil lista suas esp\u00e9cies amea\u00e7adas","datePublished":"2023-08-07T13:26:10+00:00","dateModified":"2023-08-07T13:26:11+00:00","mainEntityOfPage":{"@id":"https:\/\/jornalfatosenoticias.com.br\/index.php\/2023\/08\/07\/pica-pau-amarelo-e-ararinha-azul-brasil-lista-suas-especies-ameacadas\/"},"wordCount":352,"commentCount":0,"publisher":{"@id":"https:\/\/jornalfatosenoticias.com.br\/#organization"},"image":{"@id":"https:\/\/jornalfatosenoticias.com.br\/index.php\/2023\/08\/07\/pica-pau-amarelo-e-ararinha-azul-brasil-lista-suas-especies-ameacadas\/#primaryimage"},"thumbnailUrl":"https:\/\/jornalfatosenoticias.com.br\/wp-content\/uploads\/2023\/08\/picapau-amarelo.jpg","keywords":["ararinha-azul","biodiversidade","Brasil","esp\u00e9cies amea\u00e7adas","pica-pau-amarelo"],"articleSection":["Meio ambiente"],"inLanguage":"pt-BR","potentialAction":[{"@type":"CommentAction","name":"Comment","target":["https:\/\/jornalfatosenoticias.com.br\/index.php\/2023\/08\/07\/pica-pau-amarelo-e-ararinha-azul-brasil-lista-suas-especies-ameacadas\/#respond"]}]},{"@type":"WebPage","@id":"https:\/\/jornalfatosenoticias.com.br\/index.php\/2023\/08\/07\/pica-pau-amarelo-e-ararinha-azul-brasil-lista-suas-especies-ameacadas\/","url":"https:\/\/jornalfatosenoticias.com.br\/index.php\/2023\/08\/07\/pica-pau-amarelo-e-ararinha-azul-brasil-lista-suas-especies-ameacadas\/","name":"Pica-pau-amarelo e ararinha-azul: Brasil lista suas esp\u00e9cies amea\u00e7adas - Jornal Fatos e Not\u00edcias","isPartOf":{"@id":"https:\/\/jornalfatosenoticias.com.br\/#website"},"primaryImageOfPage":{"@id":"https:\/\/jornalfatosenoticias.com.br\/index.php\/2023\/08\/07\/pica-pau-amarelo-e-ararinha-azul-brasil-lista-suas-especies-ameacadas\/#primaryimage"},"image":{"@id":"https:\/\/jornalfatosenoticias.com.br\/index.php\/2023\/08\/07\/pica-pau-amarelo-e-ararinha-azul-brasil-lista-suas-especies-ameacadas\/#primaryimage"},"thumbnailUrl":"https:\/\/jornalfatosenoticias.com.br\/wp-content\/uploads\/2023\/08\/picapau-amarelo.jpg","datePublished":"2023-08-07T13:26:10+00:00","dateModified":"2023-08-07T13:26:11+00:00","breadcrumb":{"@id":"https:\/\/jornalfatosenoticias.com.br\/index.php\/2023\/08\/07\/pica-pau-amarelo-e-ararinha-azul-brasil-lista-suas-especies-ameacadas\/#breadcrumb"},"inLanguage":"pt-BR","potentialAction":[{"@type":"ReadAction","target":["https:\/\/jornalfatosenoticias.com.br\/index.php\/2023\/08\/07\/pica-pau-amarelo-e-ararinha-azul-brasil-lista-suas-especies-ameacadas\/"]}]},{"@type":"ImageObject","inLanguage":"pt-BR","@id":"https:\/\/jornalfatosenoticias.com.br\/index.php\/2023\/08\/07\/pica-pau-amarelo-e-ararinha-azul-brasil-lista-suas-especies-ameacadas\/#primaryimage","url":"https:\/\/jornalfatosenoticias.com.br\/wp-content\/uploads\/2023\/08\/picapau-amarelo.jpg","contentUrl":"https:\/\/jornalfatosenoticias.com.br\/wp-content\/uploads\/2023\/08\/picapau-amarelo.jpg","width":800,"height":467},{"@type":"BreadcrumbList","@id":"https:\/\/jornalfatosenoticias.com.br\/index.php\/2023\/08\/07\/pica-pau-amarelo-e-ararinha-azul-brasil-lista-suas-especies-ameacadas\/#breadcrumb","itemListElement":[{"@type":"ListItem","position":1,"name":"In\u00edcio","item":"https:\/\/jornalfatosenoticias.com.br\/"},{"@type":"ListItem","position":2,"name":"Pica-pau-amarelo e ararinha-azul: Brasil lista suas esp\u00e9cies amea\u00e7adas"}]},{"@type":"WebSite","@id":"https:\/\/jornalfatosenoticias.com.br\/#website","url":"https:\/\/jornalfatosenoticias.com.br\/","name":"Jornal Fatos e Not\u00edcias","description":"Not\u00edcias em geral","publisher":{"@id":"https:\/\/jornalfatosenoticias.com.br\/#organization"},"potentialAction":[{"@type":"SearchAction","target":{"@type":"EntryPoint","urlTemplate":"https:\/\/jornalfatosenoticias.com.br\/?s={search_term_string}"},"query-input":{"@type":"PropertyValueSpecification","valueRequired":true,"valueName":"search_term_string"}}],"inLanguage":"pt-BR"},{"@type":"Organization","@id":"https:\/\/jornalfatosenoticias.com.br\/#organization","name":"Jornal Fatos e Not\u00edcias","url":"https:\/\/jornalfatosenoticias.com.br\/","logo":{"@type":"ImageObject","inLanguage":"pt-BR","@id":"https:\/\/jornalfatosenoticias.com.br\/#\/schema\/logo\/image\/","url":"https:\/\/jornalfatosenoticias.com.br\/wp-content\/uploads\/2020\/02\/logo120.png","contentUrl":"https:\/\/jornalfatosenoticias.com.br\/wp-content\/uploads\/2020\/02\/logo120.png","width":1227,"height":120,"caption":"Jornal Fatos e Not\u00edcias"},"image":{"@id":"https:\/\/jornalfatosenoticias.com.br\/#\/schema\/logo\/image\/"}},{"@type":"Person","@id":"https:\/\/jornalfatosenoticias.com.br\/#\/schema\/person\/d63837fa13ac8666eb9e74e0985d6f81","name":"Luzimara Fernandes","image":{"@type":"ImageObject","inLanguage":"pt-BR","@id":"https:\/\/jornalfatosenoticias.com.br\/#\/schema\/person\/image\/","url":"https:\/\/jornalfatosenoticias.com.br\/wp-content\/uploads\/2025\/05\/EU_portal.jpg","contentUrl":"https:\/\/jornalfatosenoticias.com.br\/wp-content\/uploads\/2025\/05\/EU_portal.jpg","caption":"Luzimara Fernandes"},"description":"Jornalista MTB 2358-ES","sameAs":["https:\/\/jornalfatosenoticias.com.br"],"url":"https:\/\/jornalfatosenoticias.com.br\/index.php\/author\/luzimara\/"}]}},"cc_featured_image_caption":{"caption_text":"(Foto: Reprodu\u00e7\u00e3o\/Wikimedia Commons) ","source_text":"","source_url":""},"jetpack_featured_media_url":"https:\/\/jornalfatosenoticias.com.br\/wp-content\/uploads\/2023\/08\/picapau-amarelo.jpg","_links":{"self":[{"href":"https:\/\/jornalfatosenoticias.com.br\/index.php\/wp-json\/wp\/v2\/posts\/44021","targetHints":{"allow":["GET"]}}],"collection":[{"href":"https:\/\/jornalfatosenoticias.com.br\/index.php\/wp-json\/wp\/v2\/posts"}],"about":[{"href":"https:\/\/jornalfatosenoticias.com.br\/index.php\/wp-json\/wp\/v2\/types\/post"}],"author":[{"embeddable":true,"href":"https:\/\/jornalfatosenoticias.com.br\/index.php\/wp-json\/wp\/v2\/users\/2"}],"replies":[{"embeddable":true,"href":"https:\/\/jornalfatosenoticias.com.br\/index.php\/wp-json\/wp\/v2\/comments?post=44021"}],"version-history":[{"count":0,"href":"https:\/\/jornalfatosenoticias.com.br\/index.php\/wp-json\/wp\/v2\/posts\/44021\/revisions"}],"wp:featuredmedia":[{"embeddable":true,"href":"https:\/\/jornalfatosenoticias.com.br\/index.php\/wp-json\/wp\/v2\/media\/44023"}],"wp:attachment":[{"href":"https:\/\/jornalfatosenoticias.com.br\/index.php\/wp-json\/wp\/v2\/media?parent=44021"}],"wp:term":[{"taxonomy":"category","embeddable":true,"href":"https:\/\/jornalfatosenoticias.com.br\/index.php\/wp-json\/wp\/v2\/categories?post=44021"},{"taxonomy":"post_tag","embeddable":true,"href":"https:\/\/jornalfatosenoticias.com.br\/index.php\/wp-json\/wp\/v2\/tags?post=44021"}],"curies":[{"name":"wp","href":"https:\/\/api.w.org\/{rel}","templated":true}]}}