{"id":44033,"date":"2023-08-07T12:15:57","date_gmt":"2023-08-07T15:15:57","guid":{"rendered":"https:\/\/jornalfatosenoticias.com.br\/?p=44033"},"modified":"2023-08-07T12:15:58","modified_gmt":"2023-08-07T15:15:58","slug":"tensao-na-fronteira-entre-a-polonia-e-belarus","status":"publish","type":"post","link":"https:\/\/jornalfatosenoticias.com.br\/index.php\/2023\/08\/07\/tensao-na-fronteira-entre-a-polonia-e-belarus\/","title":{"rendered":"Tens\u00e3o na fronteira entre a Pol\u00f4nia e Belarus"},"content":{"rendered":"\n<p><em><span class=\"has-inline-color has-black-color\">Governo polon\u00eas adverte R\u00fassia e Belarus contra \u201cprovoca\u00e7\u00f5es\u201d na fronteira. Primeiro-ministro, Mateusz Morawiecki, afirmou que mais de 100 mercen\u00e1rios do Grupo Wagner estavam se preparando para um \u201cataque h\u00edbrido\u201d ao seu pa\u00eds<\/span><\/em><\/p>\n\n\n\n<p><em><span class=\"has-inline-color has-black-color\">Por <strong><strong><a href=\"https:\/\/www.cnnbrasil.com.br\/autor\/radina-gigova\/\">Radina Gigova<\/a><a href=\"https:\/\/www.cnnbrasil.com.br\/autor\/antonia-mortensen\/\">, Antonia Mortensen<\/a><a href=\"https:\/\/www.cnnbrasil.com.br\/autor\/jessie-gretener\/\"> e Jessie Gretener<\/a><\/strong><\/strong><\/span><\/em><\/p>\n\n\n\n<div class=\"wp-block-image\"><figure class=\"aligncenter size-large\"><img loading=\"lazy\" decoding=\"async\" width=\"729\" height=\"90\" src=\"https:\/\/jornalfatosenoticias.com.br\/wp-content\/uploads\/2020\/02\/Logo_Mizu.png\" alt=\"\" class=\"wp-image-1441\" srcset=\"https:\/\/jornalfatosenoticias.com.br\/wp-content\/uploads\/2020\/02\/Logo_Mizu.png 729w, https:\/\/jornalfatosenoticias.com.br\/wp-content\/uploads\/2020\/02\/Logo_Mizu-300x37.png 300w\" sizes=\"auto, (max-width: 729px) 100vw, 729px\" \/><\/figure><\/div>\n\n\n\n<p>O primeiro-ministro polon\u00eas, Mateusz Morawiecki, alertou, na \u00faltima quinta-feira (03), sobre \u201cmais provoca\u00e7\u00f5es e intrigas\u201d que podem surgir do outro lado da fronteira oriental de seu pa\u00eds com <a href=\"https:\/\/www.cnnbrasil.com.br\/tudo-sobre\/belarus\/\"><strong>Belarus<\/strong><\/a>\u00a0e a R\u00fassia, em meio \u00e0s crescentes tens\u00f5es entre Vars\u00f3via e Minsk.<\/p>\n\n\n\n<blockquote class=\"wp-block-quote is-layout-flow wp-block-quote-is-layout-flow\"><p><span class=\"has-inline-color has-luminous-vivid-orange-color\">Avisamos contra provoca\u00e7\u00f5es da <strong><a href=\"https:\/\/www.cnnbrasil.com.br\/tudo-sobre\/russia\/\">R\u00fassia<\/a><\/strong> e de Belarus. O grupo Wagner pode realizar a\u00e7\u00f5es de sabotagem, e todos aqueles que subestimam essa amea\u00e7a podem ser respons\u00e1veis por mais provoca\u00e7\u00f5es e intrigas desse lado\u201d, disse Morawiecki em postagem na rede social X, anteriormente conhecida como Twitter.<\/span><\/p><\/blockquote>\n\n\n\n<div class=\"wp-block-image\"><figure class=\"aligncenter size-large\"><img loading=\"lazy\" decoding=\"async\" width=\"976\" height=\"539\" src=\"https:\/\/jornalfatosenoticias.com.br\/wp-content\/uploads\/2023\/08\/primeiro-ministro-polones.jpg\" alt=\"\" class=\"wp-image-44035\" srcset=\"https:\/\/jornalfatosenoticias.com.br\/wp-content\/uploads\/2023\/08\/primeiro-ministro-polones.jpg 976w, https:\/\/jornalfatosenoticias.com.br\/wp-content\/uploads\/2023\/08\/primeiro-ministro-polones-300x166.jpg 300w, https:\/\/jornalfatosenoticias.com.br\/wp-content\/uploads\/2023\/08\/primeiro-ministro-polones-768x424.jpg 768w\" sizes=\"auto, (max-width: 976px) 100vw, 976px\" \/><figcaption><em><span class=\"has-inline-color has-black-color\">Primeiro-ministro da Pol\u00f4nia, Mateusz Morawiecki, denunciou suposta a\u00e7\u00e3o do Grupo Wagner (Foto: Reuters)<\/span><\/em><\/figcaption><\/figure><\/div>\n\n\n\n<div class=\"wp-block-image\"><figure class=\"aligncenter size-large is-resized\"><img loading=\"lazy\" decoding=\"async\" src=\"https:\/\/jornalfatosenoticias.com.br\/wp-content\/uploads\/2020\/02\/Logo-Steel-Controls-1024x340.jpg\" alt=\"\" class=\"wp-image-43791\" width=\"370\" height=\"122\"\/><\/figure><\/div>\n\n\n\n<p>Em 29 de julho, Morawiecki disse que mais de 100 <a href=\"https:\/\/www.cnnbrasil.com.br\/tudo-sobre\/grupo-wagner\/\"><strong>mercen\u00e1rios Wagner<\/strong><\/a>\u00a0se moveram em dire\u00e7\u00e3o a uma estreita faixa de terra entre a\u00a0<a href=\"https:\/\/www.cnnbrasil.com.br\/tudo-sobre\/polonia\/\"><strong>Pol\u00f4nia<\/strong><\/a> e a Litu\u00e2nia, conhecida como lacuna ou corredor de Suwalki, e que isso era \u201cum passo em dire\u00e7\u00e3o a um novo ataque h\u00edbrido ao territ\u00f3rio polon\u00eas\u201d. Morawiecki tamb\u00e9m disse que os mercen\u00e1rios de Wagner podem tentar se passar por migrantes para cruzar a fronteira de Belarus para a Pol\u00f4nia.<\/p>\n\n\n\n<h3 class=\"wp-block-heading\"><span class=\"has-inline-color has-vivid-red-color\">Ucr\u00e2nia: mais de 10 mil civis morreram desde o in\u00edcio da invas\u00e3o russa<\/span><\/h3>\n\n\n\n<figure class=\"wp-block-embed-youtube wp-block-embed is-type-video is-provider-youtube wp-embed-aspect-16-9 wp-has-aspect-ratio\"><div class=\"wp-block-embed__wrapper\">\n<iframe loading=\"lazy\" title=\"Ucr\u00e2nia: Mais de 10 mil civis morreram nos confrontos com russos | LIVE CNN\" width=\"660\" height=\"371\" src=\"https:\/\/www.youtube.com\/embed\/RjILB_IIYgo?feature=oembed\" frameborder=\"0\" allow=\"accelerometer; autoplay; clipboard-write; encrypted-media; gyroscope; picture-in-picture; web-share\" referrerpolicy=\"strict-origin-when-cross-origin\" allowfullscreen><\/iframe>\n<\/div><\/figure>\n\n\n\n<p>Na quinta-feira (03), o presidente bielorrusso <strong><a href=\"https:\/\/www.cnnbrasil.com.br\/tudo-sobre\/aleksandr-lukashenko\/\">Alexander Lukashenko<\/a><\/strong> negou as alega\u00e7\u00f5es de que cerca de 100 dos combatentes se aproximaram da fronteira polonesa e disse que a Pol\u00f4nia deveria \u201cagradec\u00ea-lo\u201d por \u201cconvidar esses combatentes para nossa casa\u201d, porque \u201ccaso contr\u00e1rio, sem n\u00f3s, eles se infiltraram l\u00e1\u201d.<\/p>\n\n\n\n<div class=\"wp-block-image\"><figure class=\"aligncenter size-large\"><img loading=\"lazy\" decoding=\"async\" width=\"300\" height=\"250\" src=\"https:\/\/jornalfatosenoticias.com.br\/wp-content\/uploads\/2020\/02\/Banner-2.png\" alt=\"\" class=\"wp-image-43787\"\/><\/figure><\/div>\n\n\n\n<p>Belarus e Pol\u00f4nia convocaram seus respectivos embaixadores na ter\u00e7a-feira, depois que a Pol\u00f4nia alegou que dois helic\u00f3pteros bielorrussos violaram seu espa\u00e7o a\u00e9reo. A Pol\u00f4nia anunciou que aumentar\u00e1 o n\u00famero de soldados ao longo de sua fronteira por causa da suposta viola\u00e7\u00e3o.<br>O ministro da Defesa polon\u00eas, Mariusz Blasczak, tamb\u00e9m alertou sobre novas provoca\u00e7\u00f5es de Belarus e disse que os recentes \u201cataques h\u00edbridos\u201d s\u00e3o \u201ccoordenados no Kremlin\u201d. Ele afirmou que o objetivo desses ataques \u00e9 desestabilizar a Pol\u00f4nia, e o pa\u00eds est\u00e1 aumentando suas for\u00e7as na fronteira com a Bielo-R\u00fassia para evitar essa desestabiliza\u00e7\u00e3o.<\/p>\n\n\n\n<div class=\"wp-block-image\"><figure class=\"aligncenter size-large is-resized\"><img loading=\"lazy\" decoding=\"async\" src=\"https:\/\/jornalfatosenoticias.com.br\/wp-content\/uploads\/2023\/03\/logo-Panper_portal.jpg\" alt=\"\" class=\"wp-image-40208\" width=\"264\" height=\"183\" srcset=\"https:\/\/jornalfatosenoticias.com.br\/wp-content\/uploads\/2023\/03\/logo-Panper_portal.jpg 400w, https:\/\/jornalfatosenoticias.com.br\/wp-content\/uploads\/2023\/03\/logo-Panper_portal-300x208.jpg 300w\" sizes=\"auto, (max-width: 264px) 100vw, 264px\" \/><\/figure><\/div>\n\n\n\n<p><strong><em>Fonte: <a href=\"https:\/\/www.cnnbrasil.com.br\/internacional\/governo-polones-adverte-russia-e-belarus-contra-provocacoes-na-fronteira\/\">CNN Brasil<\/a><\/em><\/strong><\/p>\n","protected":false},"excerpt":{"rendered":"<p>Governo polon\u00eas adverte R\u00fassia e Belarus contra \u201cprovoca\u00e7\u00f5es\u201d na fronteira. Primeiro-ministro, Mateusz Morawiecki, afirmou que mais de 100 mercen\u00e1rios do Grupo Wagner estavam se preparando para um \u201cataque h\u00edbrido\u201d ao seu pa\u00eds Por Radina Gigova, Antonia Mortensen e Jessie Gretener O primeiro-ministro polon\u00eas, Mateusz Morawiecki, alertou, na \u00faltima quinta-feira (03), sobre \u201cmais provoca\u00e7\u00f5es e intrigas\u201d [&hellip;]<\/p>\n","protected":false},"author":2,"featured_media":44036,"comment_status":"open","ping_status":"open","sticky":false,"template":"","format":"standard","meta":{"footnotes":""},"categories":[41],"tags":[20765,20766,2478,14895,20767,13462,415,991,8190,10577],"class_list":["post-44033","post","type-post","status-publish","format-standard","has-post-thumbnail","hentry","category-internacional","tag-belarus","tag-bielorrusssia","tag-conflito","tag-guerra-da-ucrania","tag-invasao-a-ucrania","tag-otan","tag-polonia","tag-russia","tag-tensao","tag-ucrania"],"yoast_head":"<!-- This site is optimized with the Yoast SEO plugin v26.5 - https:\/\/yoast.com\/wordpress\/plugins\/seo\/ -->\n<title>Tens\u00e3o na fronteira entre a Pol\u00f4nia e Belarus - Jornal Fatos e Not\u00edcias<\/title>\n<meta name=\"robots\" content=\"index, follow, max-snippet:-1, max-image-preview:large, max-video-preview:-1\" \/>\n<link rel=\"canonical\" href=\"https:\/\/jornalfatosenoticias.com.br\/index.php\/2023\/08\/07\/tensao-na-fronteira-entre-a-polonia-e-belarus\/\" \/>\n<meta property=\"og:locale\" content=\"pt_BR\" \/>\n<meta property=\"og:type\" content=\"article\" \/>\n<meta property=\"og:title\" content=\"Tens\u00e3o na fronteira entre a Pol\u00f4nia e Belarus - Jornal Fatos e Not\u00edcias\" \/>\n<meta property=\"og:description\" content=\"Governo polon\u00eas adverte R\u00fassia e Belarus contra \u201cprovoca\u00e7\u00f5es\u201d na fronteira. Primeiro-ministro, Mateusz Morawiecki, afirmou que mais de 100 mercen\u00e1rios do Grupo Wagner estavam se preparando para um \u201cataque h\u00edbrido\u201d ao seu pa\u00eds Por Radina Gigova, Antonia Mortensen e Jessie Gretener O primeiro-ministro polon\u00eas, Mateusz Morawiecki, alertou, na \u00faltima quinta-feira (03), sobre \u201cmais provoca\u00e7\u00f5es e intrigas\u201d [&hellip;]\" \/>\n<meta property=\"og:url\" content=\"https:\/\/jornalfatosenoticias.com.br\/index.php\/2023\/08\/07\/tensao-na-fronteira-entre-a-polonia-e-belarus\/\" \/>\n<meta property=\"og:site_name\" content=\"Jornal Fatos e Not\u00edcias\" \/>\n<meta property=\"article:published_time\" content=\"2023-08-07T15:15:57+00:00\" \/>\n<meta property=\"article:modified_time\" content=\"2023-08-07T15:15:58+00:00\" \/>\n<meta property=\"og:image\" content=\"https:\/\/jornalfatosenoticias.com.br\/wp-content\/uploads\/2023\/08\/Helicopteros-Polonia.jpg\" \/>\n\t<meta property=\"og:image:width\" content=\"929\" \/>\n\t<meta property=\"og:image:height\" content=\"523\" \/>\n\t<meta property=\"og:image:type\" content=\"image\/jpeg\" \/>\n<meta name=\"author\" content=\"Luzimara Fernandes\" \/>\n<meta name=\"twitter:card\" content=\"summary_large_image\" \/>\n<meta name=\"twitter:label1\" content=\"Escrito por\" \/>\n\t<meta name=\"twitter:data1\" content=\"Luzimara Fernandes\" \/>\n\t<meta name=\"twitter:label2\" content=\"Est. tempo de leitura\" \/>\n\t<meta name=\"twitter:data2\" content=\"2 minutos\" \/>\n<script type=\"application\/ld+json\" class=\"yoast-schema-graph\">{\"@context\":\"https:\/\/schema.org\",\"@graph\":[{\"@type\":\"Article\",\"@id\":\"https:\/\/jornalfatosenoticias.com.br\/index.php\/2023\/08\/07\/tensao-na-fronteira-entre-a-polonia-e-belarus\/#article\",\"isPartOf\":{\"@id\":\"https:\/\/jornalfatosenoticias.com.br\/index.php\/2023\/08\/07\/tensao-na-fronteira-entre-a-polonia-e-belarus\/\"},\"author\":{\"name\":\"Luzimara Fernandes\",\"@id\":\"https:\/\/jornalfatosenoticias.com.br\/#\/schema\/person\/d63837fa13ac8666eb9e74e0985d6f81\"},\"headline\":\"Tens\u00e3o na fronteira entre a Pol\u00f4nia e Belarus\",\"datePublished\":\"2023-08-07T15:15:57+00:00\",\"dateModified\":\"2023-08-07T15:15:58+00:00\",\"mainEntityOfPage\":{\"@id\":\"https:\/\/jornalfatosenoticias.com.br\/index.php\/2023\/08\/07\/tensao-na-fronteira-entre-a-polonia-e-belarus\/\"},\"wordCount\":469,\"commentCount\":0,\"publisher\":{\"@id\":\"https:\/\/jornalfatosenoticias.com.br\/#organization\"},\"image\":{\"@id\":\"https:\/\/jornalfatosenoticias.com.br\/index.php\/2023\/08\/07\/tensao-na-fronteira-entre-a-polonia-e-belarus\/#primaryimage\"},\"thumbnailUrl\":\"https:\/\/jornalfatosenoticias.com.br\/wp-content\/uploads\/2023\/08\/Helicopteros-Polonia.jpg\",\"keywords\":[\"Belarus\",\"Bielorr\u00fasssia\",\"conflito\",\"Guerra da Ucr\u00e2nia\",\"invas\u00e3o \u00e0 Ucr\u00e2nia\",\"Otan\",\"Pol\u00f4nia\",\"R\u00fassia\",\"tens\u00e3o\",\"Ucr\u00e2nia\"],\"articleSection\":[\"Internacional\"],\"inLanguage\":\"pt-BR\",\"potentialAction\":[{\"@type\":\"CommentAction\",\"name\":\"Comment\",\"target\":[\"https:\/\/jornalfatosenoticias.com.br\/index.php\/2023\/08\/07\/tensao-na-fronteira-entre-a-polonia-e-belarus\/#respond\"]}]},{\"@type\":\"WebPage\",\"@id\":\"https:\/\/jornalfatosenoticias.com.br\/index.php\/2023\/08\/07\/tensao-na-fronteira-entre-a-polonia-e-belarus\/\",\"url\":\"https:\/\/jornalfatosenoticias.com.br\/index.php\/2023\/08\/07\/tensao-na-fronteira-entre-a-polonia-e-belarus\/\",\"name\":\"Tens\u00e3o na fronteira entre a Pol\u00f4nia e Belarus - Jornal Fatos e Not\u00edcias\",\"isPartOf\":{\"@id\":\"https:\/\/jornalfatosenoticias.com.br\/#website\"},\"primaryImageOfPage\":{\"@id\":\"https:\/\/jornalfatosenoticias.com.br\/index.php\/2023\/08\/07\/tensao-na-fronteira-entre-a-polonia-e-belarus\/#primaryimage\"},\"image\":{\"@id\":\"https:\/\/jornalfatosenoticias.com.br\/index.php\/2023\/08\/07\/tensao-na-fronteira-entre-a-polonia-e-belarus\/#primaryimage\"},\"thumbnailUrl\":\"https:\/\/jornalfatosenoticias.com.br\/wp-content\/uploads\/2023\/08\/Helicopteros-Polonia.jpg\",\"datePublished\":\"2023-08-07T15:15:57+00:00\",\"dateModified\":\"2023-08-07T15:15:58+00:00\",\"breadcrumb\":{\"@id\":\"https:\/\/jornalfatosenoticias.com.br\/index.php\/2023\/08\/07\/tensao-na-fronteira-entre-a-polonia-e-belarus\/#breadcrumb\"},\"inLanguage\":\"pt-BR\",\"potentialAction\":[{\"@type\":\"ReadAction\",\"target\":[\"https:\/\/jornalfatosenoticias.com.br\/index.php\/2023\/08\/07\/tensao-na-fronteira-entre-a-polonia-e-belarus\/\"]}]},{\"@type\":\"ImageObject\",\"inLanguage\":\"pt-BR\",\"@id\":\"https:\/\/jornalfatosenoticias.com.br\/index.php\/2023\/08\/07\/tensao-na-fronteira-entre-a-polonia-e-belarus\/#primaryimage\",\"url\":\"https:\/\/jornalfatosenoticias.com.br\/wp-content\/uploads\/2023\/08\/Helicopteros-Polonia.jpg\",\"contentUrl\":\"https:\/\/jornalfatosenoticias.com.br\/wp-content\/uploads\/2023\/08\/Helicopteros-Polonia.jpg\",\"width\":929,\"height\":523},{\"@type\":\"BreadcrumbList\",\"@id\":\"https:\/\/jornalfatosenoticias.com.br\/index.php\/2023\/08\/07\/tensao-na-fronteira-entre-a-polonia-e-belarus\/#breadcrumb\",\"itemListElement\":[{\"@type\":\"ListItem\",\"position\":1,\"name\":\"In\u00edcio\",\"item\":\"https:\/\/jornalfatosenoticias.com.br\/\"},{\"@type\":\"ListItem\",\"position\":2,\"name\":\"Tens\u00e3o na fronteira entre a Pol\u00f4nia e Belarus\"}]},{\"@type\":\"WebSite\",\"@id\":\"https:\/\/jornalfatosenoticias.com.br\/#website\",\"url\":\"https:\/\/jornalfatosenoticias.com.br\/\",\"name\":\"Jornal Fatos e Not\u00edcias\",\"description\":\"Not\u00edcias em geral\",\"publisher\":{\"@id\":\"https:\/\/jornalfatosenoticias.com.br\/#organization\"},\"potentialAction\":[{\"@type\":\"SearchAction\",\"target\":{\"@type\":\"EntryPoint\",\"urlTemplate\":\"https:\/\/jornalfatosenoticias.com.br\/?s={search_term_string}\"},\"query-input\":{\"@type\":\"PropertyValueSpecification\",\"valueRequired\":true,\"valueName\":\"search_term_string\"}}],\"inLanguage\":\"pt-BR\"},{\"@type\":\"Organization\",\"@id\":\"https:\/\/jornalfatosenoticias.com.br\/#organization\",\"name\":\"Jornal Fatos e Not\u00edcias\",\"url\":\"https:\/\/jornalfatosenoticias.com.br\/\",\"logo\":{\"@type\":\"ImageObject\",\"inLanguage\":\"pt-BR\",\"@id\":\"https:\/\/jornalfatosenoticias.com.br\/#\/schema\/logo\/image\/\",\"url\":\"https:\/\/jornalfatosenoticias.com.br\/wp-content\/uploads\/2020\/02\/logo120.png\",\"contentUrl\":\"https:\/\/jornalfatosenoticias.com.br\/wp-content\/uploads\/2020\/02\/logo120.png\",\"width\":1227,\"height\":120,\"caption\":\"Jornal Fatos e Not\u00edcias\"},\"image\":{\"@id\":\"https:\/\/jornalfatosenoticias.com.br\/#\/schema\/logo\/image\/\"}},{\"@type\":\"Person\",\"@id\":\"https:\/\/jornalfatosenoticias.com.br\/#\/schema\/person\/d63837fa13ac8666eb9e74e0985d6f81\",\"name\":\"Luzimara Fernandes\",\"image\":{\"@type\":\"ImageObject\",\"inLanguage\":\"pt-BR\",\"@id\":\"https:\/\/jornalfatosenoticias.com.br\/#\/schema\/person\/image\/\",\"url\":\"https:\/\/jornalfatosenoticias.com.br\/wp-content\/uploads\/2025\/05\/EU_portal.jpg\",\"contentUrl\":\"https:\/\/jornalfatosenoticias.com.br\/wp-content\/uploads\/2025\/05\/EU_portal.jpg\",\"caption\":\"Luzimara Fernandes\"},\"description\":\"Jornalista MTB 2358-ES\",\"sameAs\":[\"https:\/\/jornalfatosenoticias.com.br\"],\"url\":\"https:\/\/jornalfatosenoticias.com.br\/index.php\/author\/luzimara\/\"}]}<\/script>\n<!-- \/ Yoast SEO plugin. -->","yoast_head_json":{"title":"Tens\u00e3o na fronteira entre a Pol\u00f4nia e Belarus - Jornal Fatos e Not\u00edcias","robots":{"index":"index","follow":"follow","max-snippet":"max-snippet:-1","max-image-preview":"max-image-preview:large","max-video-preview":"max-video-preview:-1"},"canonical":"https:\/\/jornalfatosenoticias.com.br\/index.php\/2023\/08\/07\/tensao-na-fronteira-entre-a-polonia-e-belarus\/","og_locale":"pt_BR","og_type":"article","og_title":"Tens\u00e3o na fronteira entre a Pol\u00f4nia e Belarus - Jornal Fatos e Not\u00edcias","og_description":"Governo polon\u00eas adverte R\u00fassia e Belarus contra \u201cprovoca\u00e7\u00f5es\u201d na fronteira. Primeiro-ministro, Mateusz Morawiecki, afirmou que mais de 100 mercen\u00e1rios do Grupo Wagner estavam se preparando para um \u201cataque h\u00edbrido\u201d ao seu pa\u00eds Por Radina Gigova, Antonia Mortensen e Jessie Gretener O primeiro-ministro polon\u00eas, Mateusz Morawiecki, alertou, na \u00faltima quinta-feira (03), sobre \u201cmais provoca\u00e7\u00f5es e intrigas\u201d [&hellip;]","og_url":"https:\/\/jornalfatosenoticias.com.br\/index.php\/2023\/08\/07\/tensao-na-fronteira-entre-a-polonia-e-belarus\/","og_site_name":"Jornal Fatos e Not\u00edcias","article_published_time":"2023-08-07T15:15:57+00:00","article_modified_time":"2023-08-07T15:15:58+00:00","og_image":[{"width":929,"height":523,"url":"https:\/\/jornalfatosenoticias.com.br\/wp-content\/uploads\/2023\/08\/Helicopteros-Polonia.jpg","type":"image\/jpeg"}],"author":"Luzimara Fernandes","twitter_card":"summary_large_image","twitter_misc":{"Escrito por":"Luzimara Fernandes","Est. tempo de leitura":"2 minutos"},"schema":{"@context":"https:\/\/schema.org","@graph":[{"@type":"Article","@id":"https:\/\/jornalfatosenoticias.com.br\/index.php\/2023\/08\/07\/tensao-na-fronteira-entre-a-polonia-e-belarus\/#article","isPartOf":{"@id":"https:\/\/jornalfatosenoticias.com.br\/index.php\/2023\/08\/07\/tensao-na-fronteira-entre-a-polonia-e-belarus\/"},"author":{"name":"Luzimara Fernandes","@id":"https:\/\/jornalfatosenoticias.com.br\/#\/schema\/person\/d63837fa13ac8666eb9e74e0985d6f81"},"headline":"Tens\u00e3o na fronteira entre a Pol\u00f4nia e Belarus","datePublished":"2023-08-07T15:15:57+00:00","dateModified":"2023-08-07T15:15:58+00:00","mainEntityOfPage":{"@id":"https:\/\/jornalfatosenoticias.com.br\/index.php\/2023\/08\/07\/tensao-na-fronteira-entre-a-polonia-e-belarus\/"},"wordCount":469,"commentCount":0,"publisher":{"@id":"https:\/\/jornalfatosenoticias.com.br\/#organization"},"image":{"@id":"https:\/\/jornalfatosenoticias.com.br\/index.php\/2023\/08\/07\/tensao-na-fronteira-entre-a-polonia-e-belarus\/#primaryimage"},"thumbnailUrl":"https:\/\/jornalfatosenoticias.com.br\/wp-content\/uploads\/2023\/08\/Helicopteros-Polonia.jpg","keywords":["Belarus","Bielorr\u00fasssia","conflito","Guerra da Ucr\u00e2nia","invas\u00e3o \u00e0 Ucr\u00e2nia","Otan","Pol\u00f4nia","R\u00fassia","tens\u00e3o","Ucr\u00e2nia"],"articleSection":["Internacional"],"inLanguage":"pt-BR","potentialAction":[{"@type":"CommentAction","name":"Comment","target":["https:\/\/jornalfatosenoticias.com.br\/index.php\/2023\/08\/07\/tensao-na-fronteira-entre-a-polonia-e-belarus\/#respond"]}]},{"@type":"WebPage","@id":"https:\/\/jornalfatosenoticias.com.br\/index.php\/2023\/08\/07\/tensao-na-fronteira-entre-a-polonia-e-belarus\/","url":"https:\/\/jornalfatosenoticias.com.br\/index.php\/2023\/08\/07\/tensao-na-fronteira-entre-a-polonia-e-belarus\/","name":"Tens\u00e3o na fronteira entre a Pol\u00f4nia e Belarus - Jornal Fatos e Not\u00edcias","isPartOf":{"@id":"https:\/\/jornalfatosenoticias.com.br\/#website"},"primaryImageOfPage":{"@id":"https:\/\/jornalfatosenoticias.com.br\/index.php\/2023\/08\/07\/tensao-na-fronteira-entre-a-polonia-e-belarus\/#primaryimage"},"image":{"@id":"https:\/\/jornalfatosenoticias.com.br\/index.php\/2023\/08\/07\/tensao-na-fronteira-entre-a-polonia-e-belarus\/#primaryimage"},"thumbnailUrl":"https:\/\/jornalfatosenoticias.com.br\/wp-content\/uploads\/2023\/08\/Helicopteros-Polonia.jpg","datePublished":"2023-08-07T15:15:57+00:00","dateModified":"2023-08-07T15:15:58+00:00","breadcrumb":{"@id":"https:\/\/jornalfatosenoticias.com.br\/index.php\/2023\/08\/07\/tensao-na-fronteira-entre-a-polonia-e-belarus\/#breadcrumb"},"inLanguage":"pt-BR","potentialAction":[{"@type":"ReadAction","target":["https:\/\/jornalfatosenoticias.com.br\/index.php\/2023\/08\/07\/tensao-na-fronteira-entre-a-polonia-e-belarus\/"]}]},{"@type":"ImageObject","inLanguage":"pt-BR","@id":"https:\/\/jornalfatosenoticias.com.br\/index.php\/2023\/08\/07\/tensao-na-fronteira-entre-a-polonia-e-belarus\/#primaryimage","url":"https:\/\/jornalfatosenoticias.com.br\/wp-content\/uploads\/2023\/08\/Helicopteros-Polonia.jpg","contentUrl":"https:\/\/jornalfatosenoticias.com.br\/wp-content\/uploads\/2023\/08\/Helicopteros-Polonia.jpg","width":929,"height":523},{"@type":"BreadcrumbList","@id":"https:\/\/jornalfatosenoticias.com.br\/index.php\/2023\/08\/07\/tensao-na-fronteira-entre-a-polonia-e-belarus\/#breadcrumb","itemListElement":[{"@type":"ListItem","position":1,"name":"In\u00edcio","item":"https:\/\/jornalfatosenoticias.com.br\/"},{"@type":"ListItem","position":2,"name":"Tens\u00e3o na fronteira entre a Pol\u00f4nia e Belarus"}]},{"@type":"WebSite","@id":"https:\/\/jornalfatosenoticias.com.br\/#website","url":"https:\/\/jornalfatosenoticias.com.br\/","name":"Jornal Fatos e Not\u00edcias","description":"Not\u00edcias em geral","publisher":{"@id":"https:\/\/jornalfatosenoticias.com.br\/#organization"},"potentialAction":[{"@type":"SearchAction","target":{"@type":"EntryPoint","urlTemplate":"https:\/\/jornalfatosenoticias.com.br\/?s={search_term_string}"},"query-input":{"@type":"PropertyValueSpecification","valueRequired":true,"valueName":"search_term_string"}}],"inLanguage":"pt-BR"},{"@type":"Organization","@id":"https:\/\/jornalfatosenoticias.com.br\/#organization","name":"Jornal Fatos e Not\u00edcias","url":"https:\/\/jornalfatosenoticias.com.br\/","logo":{"@type":"ImageObject","inLanguage":"pt-BR","@id":"https:\/\/jornalfatosenoticias.com.br\/#\/schema\/logo\/image\/","url":"https:\/\/jornalfatosenoticias.com.br\/wp-content\/uploads\/2020\/02\/logo120.png","contentUrl":"https:\/\/jornalfatosenoticias.com.br\/wp-content\/uploads\/2020\/02\/logo120.png","width":1227,"height":120,"caption":"Jornal Fatos e Not\u00edcias"},"image":{"@id":"https:\/\/jornalfatosenoticias.com.br\/#\/schema\/logo\/image\/"}},{"@type":"Person","@id":"https:\/\/jornalfatosenoticias.com.br\/#\/schema\/person\/d63837fa13ac8666eb9e74e0985d6f81","name":"Luzimara Fernandes","image":{"@type":"ImageObject","inLanguage":"pt-BR","@id":"https:\/\/jornalfatosenoticias.com.br\/#\/schema\/person\/image\/","url":"https:\/\/jornalfatosenoticias.com.br\/wp-content\/uploads\/2025\/05\/EU_portal.jpg","contentUrl":"https:\/\/jornalfatosenoticias.com.br\/wp-content\/uploads\/2025\/05\/EU_portal.jpg","caption":"Luzimara Fernandes"},"description":"Jornalista MTB 2358-ES","sameAs":["https:\/\/jornalfatosenoticias.com.br"],"url":"https:\/\/jornalfatosenoticias.com.br\/index.php\/author\/luzimara\/"}]}},"cc_featured_image_caption":{"caption_text":"(Foto: Reprodu\u00e7\u00e3o) ","source_text":"","source_url":""},"jetpack_featured_media_url":"https:\/\/jornalfatosenoticias.com.br\/wp-content\/uploads\/2023\/08\/Helicopteros-Polonia.jpg","_links":{"self":[{"href":"https:\/\/jornalfatosenoticias.com.br\/index.php\/wp-json\/wp\/v2\/posts\/44033","targetHints":{"allow":["GET"]}}],"collection":[{"href":"https:\/\/jornalfatosenoticias.com.br\/index.php\/wp-json\/wp\/v2\/posts"}],"about":[{"href":"https:\/\/jornalfatosenoticias.com.br\/index.php\/wp-json\/wp\/v2\/types\/post"}],"author":[{"embeddable":true,"href":"https:\/\/jornalfatosenoticias.com.br\/index.php\/wp-json\/wp\/v2\/users\/2"}],"replies":[{"embeddable":true,"href":"https:\/\/jornalfatosenoticias.com.br\/index.php\/wp-json\/wp\/v2\/comments?post=44033"}],"version-history":[{"count":0,"href":"https:\/\/jornalfatosenoticias.com.br\/index.php\/wp-json\/wp\/v2\/posts\/44033\/revisions"}],"wp:featuredmedia":[{"embeddable":true,"href":"https:\/\/jornalfatosenoticias.com.br\/index.php\/wp-json\/wp\/v2\/media\/44036"}],"wp:attachment":[{"href":"https:\/\/jornalfatosenoticias.com.br\/index.php\/wp-json\/wp\/v2\/media?parent=44033"}],"wp:term":[{"taxonomy":"category","embeddable":true,"href":"https:\/\/jornalfatosenoticias.com.br\/index.php\/wp-json\/wp\/v2\/categories?post=44033"},{"taxonomy":"post_tag","embeddable":true,"href":"https:\/\/jornalfatosenoticias.com.br\/index.php\/wp-json\/wp\/v2\/tags?post=44033"}],"curies":[{"name":"wp","href":"https:\/\/api.w.org\/{rel}","templated":true}]}}