{"id":44235,"date":"2023-08-17T18:16:48","date_gmt":"2023-08-17T21:16:48","guid":{"rendered":"https:\/\/jornalfatosenoticias.com.br\/?p=44235"},"modified":"2023-08-17T18:35:24","modified_gmt":"2023-08-17T21:35:24","slug":"como-e-por-que-matamos-nossas-criancas-e-adolescentes-parte-i","status":"publish","type":"post","link":"https:\/\/jornalfatosenoticias.com.br\/index.php\/2023\/08\/17\/como-e-por-que-matamos-nossas-criancas-e-adolescentes-parte-i\/","title":{"rendered":"Como e por que matamos nossas Crian\u00e7as e Adolescentes? \u2014 Parte I"},"content":{"rendered":"\n<p><em><span class=\"has-inline-color has-black-color\">Crian\u00e7as \u201cPPPs\u201d morrem facilmente de tiro de fuzil. Mas n\u00e3o sofrem pela pr\u00e1tica de aliena\u00e7\u00e3o de suas m\u00e3es. Crian\u00e7as que n\u00e3o vivem em comunidades, morrem pela indignidade de viola\u00e7\u00f5es de seus corpos, enquanto o sil\u00eancio e o dogma acoberta o predador<\/span><\/em><\/p>\n\n\n\n<div class=\"wp-block-image\"><figure class=\"aligncenter size-large\"><img loading=\"lazy\" decoding=\"async\" width=\"300\" height=\"137\" src=\"https:\/\/jornalfatosenoticias.com.br\/wp-content\/uploads\/2023\/06\/LOGO_JULIANA-GRACA_PORTAL.jpg\" alt=\"\" class=\"wp-image-42597\"\/><\/figure><\/div>\n\n\n\n<p>Onde escondemos nossa cara para n\u00e3o ver o que estamos fazendo com nossas Crian\u00e7as e Adolescentes? No Rio de Janeiro foram assassinadas \u00e0 bala 11, em sete meses e 10 dias. Foram tr\u00eas nos \u00faltimos seis dias. Elo\u00e1h, cinco anos, estava em seu quarto, acordando. Thiago, 13 anos estava passando na garupa de uma moto. Quais os crimes que eles cometeram? Temos pena de morte? A \u00fanica constata\u00e7\u00e3o \u00e9 que s\u00e3o pessoas \u201cPPPs\u201d, pretas, pobres e perif\u00e9ricas. Para adultos, j\u00e1 est\u00e1vamos desconfiados, mas para Crian\u00e7a, que n\u00e3o entra em \u201cconfronto\u201d, a desculpa de praxe para as mortes desses adultos, na maioria das vezes, identificados como bandidos. Julgamento sum\u00e1rio, reatividade em velocidade m\u00e1xima, nunca registrado pelas c\u00e2meras corporais. Tamb\u00e9m nesse lastro de viol\u00eancia letal, agentes do Estado s\u00e3o igualmente \u201celiminados\u201d.<\/p>\n\n\n\n<div class=\"wp-block-image\"><figure class=\"aligncenter size-large\"><img loading=\"lazy\" decoding=\"async\" width=\"300\" height=\"250\" src=\"https:\/\/jornalfatosenoticias.com.br\/wp-content\/uploads\/2020\/02\/Banner-2.png\" alt=\"\" class=\"wp-image-43787\"\/><\/figure><\/div>\n\n\n\n<p>A celebra\u00e7\u00e3o da viol\u00eancia mais primitiva se faz presente na vida cotidiana, como quem pede uma licen\u00e7a para uma naturaliza\u00e7\u00e3o. Todos os dias vemos nos jornais essas not\u00edcias e, por vezes, ficamos confusos achando que essa foi a not\u00edcia de ontem ou de anteontem. Temos a mesma sensa\u00e7\u00e3o de repeti\u00e7\u00e3o, de \u201cd\u00e9j\u00e0 vu\u201d, quando estamos recebendo mais um caso da inven\u00e7\u00e3o de \u201caliena\u00e7\u00e3o parental\u201d. S\u00e3o muito iguais.<\/p>\n\n\n\n<div class=\"wp-block-image\"><figure class=\"aligncenter size-large\"><img loading=\"lazy\" decoding=\"async\" width=\"988\" height=\"556\" src=\"https:\/\/jornalfatosenoticias.com.br\/wp-content\/uploads\/2023\/08\/thiago.jpg\" alt=\"\" class=\"wp-image-44237\" srcset=\"https:\/\/jornalfatosenoticias.com.br\/wp-content\/uploads\/2023\/08\/thiago.jpg 988w, https:\/\/jornalfatosenoticias.com.br\/wp-content\/uploads\/2023\/08\/thiago-300x169.jpg 300w, https:\/\/jornalfatosenoticias.com.br\/wp-content\/uploads\/2023\/08\/thiago-768x432.jpg 768w\" sizes=\"auto, (max-width: 988px) 100vw, 988px\" \/><figcaption><em><span class=\"has-inline-color has-black-color\">Moradores da Cidade de Deus realizam ato em mem\u00f3ria do adolescente Thiago Menezes (Foto: Reprodu\u00e7\u00e3o)<\/span><\/em><\/figcaption><\/figure><\/div>\n\n\n\n<p>No entanto, a evid\u00eancia de Cidade Partida, de Sociedade Partida, se imp\u00f5e. Longe do territ\u00f3rio onde vivem as Crian\u00e7as \u201cPPPs\u201d, a aliena\u00e7\u00e3o parental tamb\u00e9m mata. Joanna Marcenal foi a primeira v\u00edtima dessa perversidade. Crian\u00e7as s\u00e3o assassinadas por espancamentos repetidos, ou por incestos praticados em abusos sexuais. Se n\u00e3o morrerem, biologicamente, morrem psiquicamente, moralmente, em opress\u00e3o continuada, pelo estupro de sua dignidade.<\/p>\n\n\n\n<div class=\"wp-block-image\"><figure class=\"aligncenter size-large is-resized\"><img loading=\"lazy\" decoding=\"async\" src=\"https:\/\/jornalfatosenoticias.com.br\/wp-content\/uploads\/2020\/02\/logo-Rapuzel-1024x571.jpg\" alt=\"\" class=\"wp-image-42808\" width=\"370\" height=\"206\" srcset=\"https:\/\/jornalfatosenoticias.com.br\/wp-content\/uploads\/2020\/02\/logo-Rapuzel-1024x571.jpg 1024w, https:\/\/jornalfatosenoticias.com.br\/wp-content\/uploads\/2020\/02\/logo-Rapuzel-300x167.jpg 300w, https:\/\/jornalfatosenoticias.com.br\/wp-content\/uploads\/2020\/02\/logo-Rapuzel-768x428.jpg 768w, https:\/\/jornalfatosenoticias.com.br\/wp-content\/uploads\/2020\/02\/logo-Rapuzel-1536x856.jpg 1536w, https:\/\/jornalfatosenoticias.com.br\/wp-content\/uploads\/2020\/02\/logo-Rapuzel.jpg 1600w\" sizes=\"auto, (max-width: 370px) 100vw, 370px\" \/><\/figure><\/div>\n\n\n\n<p>A ind\u00fastria da aliena\u00e7\u00e3o parental precisa de Crian\u00e7as do grupo dos abastados. N\u00e3o temos lit\u00edgio iniciado por den\u00fancia de maus tratos, viol\u00eancia f\u00edsica ou sexual quando a justi\u00e7a n\u00e3o faz parte da ala privada. Por que n\u00e3o existe entre as Crian\u00e7as \u201cPPPs\u201d? N\u00e3o se fala nisso, mas a lei de aliena\u00e7\u00e3o parental, al\u00e9m de mis\u00f3gina, sexista, \u00e9 elitista. Ela requer muito dinheiro para levar advogados e psic\u00f3logos ao fornecimento de peti\u00e7\u00f5es e laudos, regiamente pagos, sempre, esses \u00faltimos que nem precisam da presen\u00e7a da alcunhada \u201calienadora\u201d.<br>N\u00e3o h\u00e1 nenhum interesse em se averiguar a etiologia do termo. Sem cientificidade, mas gozando de uma aceita\u00e7\u00e3o dogm\u00e1tica na justi\u00e7a privada. <\/p>\n\n\n\n<div class=\"wp-block-image\"><figure class=\"aligncenter size-large is-resized\"><img loading=\"lazy\" decoding=\"async\" src=\"https:\/\/jornalfatosenoticias.com.br\/wp-content\/uploads\/2022\/10\/RC_800x750_page-0001.jpg\" alt=\"\" class=\"wp-image-35338\" width=\"286\" height=\"268\" srcset=\"https:\/\/jornalfatosenoticias.com.br\/wp-content\/uploads\/2022\/10\/RC_800x750_page-0001.jpg 400w, https:\/\/jornalfatosenoticias.com.br\/wp-content\/uploads\/2022\/10\/RC_800x750_page-0001-300x281.jpg 300w\" sizes=\"auto, (max-width: 286px) 100vw, 286px\" \/><\/figure><\/div>\n\n\n\n<p>Aliena\u00e7\u00e3o parental \u00e9 dogma na justi\u00e7a de fam\u00edlia. Sua simples amea\u00e7a j\u00e1 imobiliza o protetor ou protetora da Crian\u00e7a, como instruiu seu inventor Gardner. Ele chamou essa estrat\u00e9gia de \u201cterapia da amea\u00e7a\u201d. Funciona como tal. Todos os que buscam a Prote\u00e7\u00e3o Integral da Crian\u00e7a, sabem que uma alega\u00e7\u00e3o de aliena\u00e7\u00e3o parental tem um caminho muito curto e sem volta em dire\u00e7\u00e3o \u00e0 perda da guarda e entrega de sua Crian\u00e7a, como brinde, ao seu agressor.<\/p>\n\n\n\n<div class=\"wp-block-image\"><figure class=\"aligncenter size-large is-resized\"><img loading=\"lazy\" decoding=\"async\" src=\"https:\/\/jornalfatosenoticias.com.br\/wp-content\/uploads\/2023\/07\/logo-ITH.png\" alt=\"\" class=\"wp-image-43684\" width=\"361\" height=\"195\"\/><\/figure><\/div>\n\n\n\n<p>Crian\u00e7as \u201cPPPs\u201d morrem facilmente de tiro de fuzil. Mas n\u00e3o sofrem pela pr\u00e1tica de aliena\u00e7\u00e3o de suas m\u00e3es. Crian\u00e7as que n\u00e3o vivem em comunidades, morrem pela indignidade de viola\u00e7\u00f5es de seus corpos, enquanto o sil\u00eancio e o dogma acoberta o predador. Umas e outras na nossa sociedade partida, sucumbem \u00e0 viol\u00eancia de todos n\u00f3s, os proativos executores e os omissos da barb\u00e1rie que se escondem negando a responsabilidade que t\u00eam.<\/p>\n\n\n\n<div class=\"wp-block-image\"><figure class=\"aligncenter size-large\"><img loading=\"lazy\" decoding=\"async\" width=\"800\" height=\"533\" src=\"https:\/\/jornalfatosenoticias.com.br\/wp-content\/uploads\/2023\/08\/mortes-de-jovens.jpg\" alt=\"\" class=\"wp-image-44244\" srcset=\"https:\/\/jornalfatosenoticias.com.br\/wp-content\/uploads\/2023\/08\/mortes-de-jovens.jpg 800w, https:\/\/jornalfatosenoticias.com.br\/wp-content\/uploads\/2023\/08\/mortes-de-jovens-300x200.jpg 300w, https:\/\/jornalfatosenoticias.com.br\/wp-content\/uploads\/2023\/08\/mortes-de-jovens-768x512.jpg 768w\" sizes=\"auto, (max-width: 800px) 100vw, 800px\" \/><figcaption><em><span class=\"has-inline-color has-black-color\">O Brasil escreve sua hist\u00f3ria com sangue de crian\u00e7as (Foto: Favela em Foco\/Facebook\/Reprodu\u00e7\u00e3o)<\/span><\/em><\/figcaption><\/figure><\/div>\n\n\n\n<p>Se h\u00e1 aus\u00eancia de rastro das pr\u00e1ticas libidinosas, meticulosa e propositalmente ocultas, desqualificamos o Relato da Crian\u00e7a que descreve com coer\u00eancia e detalhes imagens que n\u00e3o podem constar de seu acervo mn\u00eamico, porquanto seu desenvolvimento cognitivo n\u00e3o permite. Apreendendo o mundo pela experi\u00eancia, ou seja por racioc\u00ednio concreto, a Crian\u00e7a refere a sexualidade masculina com a exatid\u00e3o da experi\u00eancia de ter vivido. Mas \u00e9 desacreditada por completo. Afinal tem o termo de plant\u00e3o, \u201cm\u00e3e alienadora\u201d, que varre o crime para baixo do tapete, reduzindo tudo a \u201cconflito\u201d. \u00c9 a lei da morda\u00e7a.<\/p>\n\n\n\n<div class=\"wp-block-image\"><figure class=\"aligncenter size-large is-resized\"><img loading=\"lazy\" decoding=\"async\" src=\"https:\/\/jornalfatosenoticias.com.br\/wp-content\/uploads\/2022\/02\/FERRARI_MAQUINAS-E-FERRAMENTAS2.jpg\" alt=\"\" class=\"wp-image-27860\" width=\"282\" height=\"235\"\/><\/figure><\/div>\n\n\n\n<p>Henry foi morto por viol\u00eancia f\u00edsica de um adulto da \u201cfam\u00edlia\u201d, com o conhecimento e o consentimento de outros familiares, que deveriam ser pr\u00f3ximos, e das pessoas que faziam o papel de cuidadoras. Ningu\u00e9m viu as marcas que ele exibia em seu corpinho ainda pequeno?<br>Estamos eliminando nossas Crian\u00e7as. Estamos mutilando as que escapam da morte f\u00edsica, aprisionando-as no ciclo da opress\u00e3o. Uma Crian\u00e7a que v\u00ea a morte de outra de seu tamanho, ou que \u00e9 testemunha de viol\u00eancia sexual do seu lado, tem um dano permanente em sua mente. Por que estamos desprezando esse sofrimento? Por que ca\u00edmos na esparrela de achar que ela vai esquecer? Que elas v\u00e3o esquecer?<\/p>\n\n\n\n<div class=\"wp-block-image\"><figure class=\"aligncenter size-large is-resized\"><img loading=\"lazy\" decoding=\"async\" src=\"https:\/\/jornalfatosenoticias.com.br\/wp-content\/uploads\/2023\/07\/lacremoda.jpg\" alt=\"\" class=\"wp-image-43706\" width=\"331\" height=\"185\" srcset=\"https:\/\/jornalfatosenoticias.com.br\/wp-content\/uploads\/2023\/07\/lacremoda.jpg 1024w, https:\/\/jornalfatosenoticias.com.br\/wp-content\/uploads\/2023\/07\/lacremoda-300x168.jpg 300w, https:\/\/jornalfatosenoticias.com.br\/wp-content\/uploads\/2023\/07\/lacremoda-768x431.jpg 768w\" sizes=\"auto, (max-width: 331px) 100vw, 331px\" \/><\/figure><\/div>\n\n\n\n<p><em><span class=\"has-inline-color has-black-color\">Onde se esconde o conhecimento t\u00e9cnico e te\u00f3rico dos profissionais que deveriam garantir os Direitos Fundamentais?<\/span><\/em><\/p>\n","protected":false},"excerpt":{"rendered":"<p>Crian\u00e7as \u201cPPPs\u201d morrem facilmente de tiro de fuzil. Mas n\u00e3o sofrem pela pr\u00e1tica de aliena\u00e7\u00e3o de suas m\u00e3es. Crian\u00e7as que n\u00e3o vivem em comunidades, morrem pela indignidade de viola\u00e7\u00f5es de seus corpos, enquanto o sil\u00eancio e o dogma acoberta o predador Onde escondemos nossa cara para n\u00e3o ver o que estamos fazendo com nossas Crian\u00e7as [&hellip;]<\/p>\n","protected":false},"author":8,"featured_media":44242,"comment_status":"open","ping_status":"open","sticky":false,"template":"","format":"standard","meta":{"footnotes":""},"categories":[2522],"tags":[19276,18221,20857,2479],"class_list":["post-44235","post","type-post","status-publish","format-standard","has-post-thumbnail","hentry","category-comportamento","tag-balas-perdidas","tag-exterminio-infantil","tag-mortes-de-criancas-e-adolescentes","tag-violencia"],"yoast_head":"<!-- This site is optimized with the Yoast SEO plugin v26.5 - https:\/\/yoast.com\/wordpress\/plugins\/seo\/ -->\n<title>Como e por que matamos nossas Crian\u00e7as e Adolescentes? \u2014 Parte I - Jornal Fatos e Not\u00edcias<\/title>\n<meta name=\"robots\" content=\"index, follow, max-snippet:-1, max-image-preview:large, max-video-preview:-1\" \/>\n<link rel=\"canonical\" href=\"https:\/\/jornalfatosenoticias.com.br\/index.php\/2023\/08\/17\/como-e-por-que-matamos-nossas-criancas-e-adolescentes-parte-i\/\" \/>\n<meta property=\"og:locale\" content=\"pt_BR\" \/>\n<meta property=\"og:type\" content=\"article\" \/>\n<meta property=\"og:title\" content=\"Como e por que matamos nossas Crian\u00e7as e Adolescentes? \u2014 Parte I - Jornal Fatos e Not\u00edcias\" \/>\n<meta property=\"og:description\" content=\"Crian\u00e7as \u201cPPPs\u201d morrem facilmente de tiro de fuzil. Mas n\u00e3o sofrem pela pr\u00e1tica de aliena\u00e7\u00e3o de suas m\u00e3es. Crian\u00e7as que n\u00e3o vivem em comunidades, morrem pela indignidade de viola\u00e7\u00f5es de seus corpos, enquanto o sil\u00eancio e o dogma acoberta o predador Onde escondemos nossa cara para n\u00e3o ver o que estamos fazendo com nossas Crian\u00e7as [&hellip;]\" \/>\n<meta property=\"og:url\" content=\"https:\/\/jornalfatosenoticias.com.br\/index.php\/2023\/08\/17\/como-e-por-que-matamos-nossas-criancas-e-adolescentes-parte-i\/\" \/>\n<meta property=\"og:site_name\" content=\"Jornal Fatos e Not\u00edcias\" \/>\n<meta property=\"article:published_time\" content=\"2023-08-17T21:16:48+00:00\" \/>\n<meta property=\"article:modified_time\" content=\"2023-08-17T21:35:24+00:00\" \/>\n<meta property=\"og:image\" content=\"https:\/\/jornalfatosenoticias.com.br\/wp-content\/uploads\/2023\/08\/assassinatos-de-criancas-e-jovens.jpg\" \/>\n\t<meta property=\"og:image:width\" content=\"1000\" \/>\n\t<meta property=\"og:image:height\" content=\"643\" \/>\n\t<meta property=\"og:image:type\" content=\"image\/jpeg\" \/>\n<meta name=\"author\" content=\"Ana Maria Iencarelli\" \/>\n<meta name=\"twitter:card\" content=\"summary_large_image\" \/>\n<meta name=\"twitter:label1\" content=\"Escrito por\" \/>\n\t<meta name=\"twitter:data1\" content=\"Ana Maria Iencarelli\" \/>\n\t<meta name=\"twitter:label2\" content=\"Est. tempo de leitura\" \/>\n\t<meta name=\"twitter:data2\" content=\"5 minutos\" \/>\n<script type=\"application\/ld+json\" class=\"yoast-schema-graph\">{\"@context\":\"https:\/\/schema.org\",\"@graph\":[{\"@type\":\"Article\",\"@id\":\"https:\/\/jornalfatosenoticias.com.br\/index.php\/2023\/08\/17\/como-e-por-que-matamos-nossas-criancas-e-adolescentes-parte-i\/#article\",\"isPartOf\":{\"@id\":\"https:\/\/jornalfatosenoticias.com.br\/index.php\/2023\/08\/17\/como-e-por-que-matamos-nossas-criancas-e-adolescentes-parte-i\/\"},\"author\":{\"name\":\"Ana Maria Iencarelli\",\"@id\":\"https:\/\/jornalfatosenoticias.com.br\/#\/schema\/person\/c33fcf5fb02d729d3fec92c6737a22d1\"},\"headline\":\"Como e por que matamos nossas Crian\u00e7as e Adolescentes? \u2014 Parte I\",\"datePublished\":\"2023-08-17T21:16:48+00:00\",\"dateModified\":\"2023-08-17T21:35:24+00:00\",\"mainEntityOfPage\":{\"@id\":\"https:\/\/jornalfatosenoticias.com.br\/index.php\/2023\/08\/17\/como-e-por-que-matamos-nossas-criancas-e-adolescentes-parte-i\/\"},\"wordCount\":931,\"commentCount\":0,\"publisher\":{\"@id\":\"https:\/\/jornalfatosenoticias.com.br\/#organization\"},\"image\":{\"@id\":\"https:\/\/jornalfatosenoticias.com.br\/index.php\/2023\/08\/17\/como-e-por-que-matamos-nossas-criancas-e-adolescentes-parte-i\/#primaryimage\"},\"thumbnailUrl\":\"https:\/\/jornalfatosenoticias.com.br\/wp-content\/uploads\/2023\/08\/assassinatos-de-criancas-e-jovens.jpg\",\"keywords\":[\"balas perdidas\",\"exterm\u00ednio infantil\",\"mortes de crian\u00e7as e adolescentes\",\"viol\u00eancia\"],\"articleSection\":[\"Comportamento &amp; Equil\u00edbrio\"],\"inLanguage\":\"pt-BR\",\"potentialAction\":[{\"@type\":\"CommentAction\",\"name\":\"Comment\",\"target\":[\"https:\/\/jornalfatosenoticias.com.br\/index.php\/2023\/08\/17\/como-e-por-que-matamos-nossas-criancas-e-adolescentes-parte-i\/#respond\"]}]},{\"@type\":\"WebPage\",\"@id\":\"https:\/\/jornalfatosenoticias.com.br\/index.php\/2023\/08\/17\/como-e-por-que-matamos-nossas-criancas-e-adolescentes-parte-i\/\",\"url\":\"https:\/\/jornalfatosenoticias.com.br\/index.php\/2023\/08\/17\/como-e-por-que-matamos-nossas-criancas-e-adolescentes-parte-i\/\",\"name\":\"Como e por que matamos nossas Crian\u00e7as e Adolescentes? \u2014 Parte I - Jornal Fatos e Not\u00edcias\",\"isPartOf\":{\"@id\":\"https:\/\/jornalfatosenoticias.com.br\/#website\"},\"primaryImageOfPage\":{\"@id\":\"https:\/\/jornalfatosenoticias.com.br\/index.php\/2023\/08\/17\/como-e-por-que-matamos-nossas-criancas-e-adolescentes-parte-i\/#primaryimage\"},\"image\":{\"@id\":\"https:\/\/jornalfatosenoticias.com.br\/index.php\/2023\/08\/17\/como-e-por-que-matamos-nossas-criancas-e-adolescentes-parte-i\/#primaryimage\"},\"thumbnailUrl\":\"https:\/\/jornalfatosenoticias.com.br\/wp-content\/uploads\/2023\/08\/assassinatos-de-criancas-e-jovens.jpg\",\"datePublished\":\"2023-08-17T21:16:48+00:00\",\"dateModified\":\"2023-08-17T21:35:24+00:00\",\"breadcrumb\":{\"@id\":\"https:\/\/jornalfatosenoticias.com.br\/index.php\/2023\/08\/17\/como-e-por-que-matamos-nossas-criancas-e-adolescentes-parte-i\/#breadcrumb\"},\"inLanguage\":\"pt-BR\",\"potentialAction\":[{\"@type\":\"ReadAction\",\"target\":[\"https:\/\/jornalfatosenoticias.com.br\/index.php\/2023\/08\/17\/como-e-por-que-matamos-nossas-criancas-e-adolescentes-parte-i\/\"]}]},{\"@type\":\"ImageObject\",\"inLanguage\":\"pt-BR\",\"@id\":\"https:\/\/jornalfatosenoticias.com.br\/index.php\/2023\/08\/17\/como-e-por-que-matamos-nossas-criancas-e-adolescentes-parte-i\/#primaryimage\",\"url\":\"https:\/\/jornalfatosenoticias.com.br\/wp-content\/uploads\/2023\/08\/assassinatos-de-criancas-e-jovens.jpg\",\"contentUrl\":\"https:\/\/jornalfatosenoticias.com.br\/wp-content\/uploads\/2023\/08\/assassinatos-de-criancas-e-jovens.jpg\",\"width\":1000,\"height\":643},{\"@type\":\"BreadcrumbList\",\"@id\":\"https:\/\/jornalfatosenoticias.com.br\/index.php\/2023\/08\/17\/como-e-por-que-matamos-nossas-criancas-e-adolescentes-parte-i\/#breadcrumb\",\"itemListElement\":[{\"@type\":\"ListItem\",\"position\":1,\"name\":\"In\u00edcio\",\"item\":\"https:\/\/jornalfatosenoticias.com.br\/\"},{\"@type\":\"ListItem\",\"position\":2,\"name\":\"Como e por que matamos nossas Crian\u00e7as e Adolescentes? \u2014 Parte I\"}]},{\"@type\":\"WebSite\",\"@id\":\"https:\/\/jornalfatosenoticias.com.br\/#website\",\"url\":\"https:\/\/jornalfatosenoticias.com.br\/\",\"name\":\"Jornal Fatos e Not\u00edcias\",\"description\":\"Not\u00edcias em geral\",\"publisher\":{\"@id\":\"https:\/\/jornalfatosenoticias.com.br\/#organization\"},\"potentialAction\":[{\"@type\":\"SearchAction\",\"target\":{\"@type\":\"EntryPoint\",\"urlTemplate\":\"https:\/\/jornalfatosenoticias.com.br\/?s={search_term_string}\"},\"query-input\":{\"@type\":\"PropertyValueSpecification\",\"valueRequired\":true,\"valueName\":\"search_term_string\"}}],\"inLanguage\":\"pt-BR\"},{\"@type\":\"Organization\",\"@id\":\"https:\/\/jornalfatosenoticias.com.br\/#organization\",\"name\":\"Jornal Fatos e Not\u00edcias\",\"url\":\"https:\/\/jornalfatosenoticias.com.br\/\",\"logo\":{\"@type\":\"ImageObject\",\"inLanguage\":\"pt-BR\",\"@id\":\"https:\/\/jornalfatosenoticias.com.br\/#\/schema\/logo\/image\/\",\"url\":\"https:\/\/jornalfatosenoticias.com.br\/wp-content\/uploads\/2020\/02\/logo120.png\",\"contentUrl\":\"https:\/\/jornalfatosenoticias.com.br\/wp-content\/uploads\/2020\/02\/logo120.png\",\"width\":1227,\"height\":120,\"caption\":\"Jornal Fatos e Not\u00edcias\"},\"image\":{\"@id\":\"https:\/\/jornalfatosenoticias.com.br\/#\/schema\/logo\/image\/\"}},{\"@type\":\"Person\",\"@id\":\"https:\/\/jornalfatosenoticias.com.br\/#\/schema\/person\/c33fcf5fb02d729d3fec92c6737a22d1\",\"name\":\"Ana Maria Iencarelli\",\"image\":{\"@type\":\"ImageObject\",\"inLanguage\":\"pt-BR\",\"@id\":\"https:\/\/jornalfatosenoticias.com.br\/#\/schema\/person\/image\/\",\"url\":\"https:\/\/jornalfatosenoticias.com.br\/wp-content\/uploads\/2020\/02\/Ana-Maria-Iencarelli-1-150x150.jpg\",\"contentUrl\":\"https:\/\/jornalfatosenoticias.com.br\/wp-content\/uploads\/2020\/02\/Ana-Maria-Iencarelli-1-150x150.jpg\",\"caption\":\"Ana Maria Iencarelli\"},\"description\":\"Psicanalista Cl\u00ednica, especializada no atendimento a Crian\u00e7as e Adolescentes. Presidente da ONG Vozes de Anjos.\",\"url\":\"https:\/\/jornalfatosenoticias.com.br\/index.php\/author\/anamaria\/\"}]}<\/script>\n<!-- \/ Yoast SEO plugin. -->","yoast_head_json":{"title":"Como e por que matamos nossas Crian\u00e7as e Adolescentes? \u2014 Parte I - Jornal Fatos e Not\u00edcias","robots":{"index":"index","follow":"follow","max-snippet":"max-snippet:-1","max-image-preview":"max-image-preview:large","max-video-preview":"max-video-preview:-1"},"canonical":"https:\/\/jornalfatosenoticias.com.br\/index.php\/2023\/08\/17\/como-e-por-que-matamos-nossas-criancas-e-adolescentes-parte-i\/","og_locale":"pt_BR","og_type":"article","og_title":"Como e por que matamos nossas Crian\u00e7as e Adolescentes? \u2014 Parte I - Jornal Fatos e Not\u00edcias","og_description":"Crian\u00e7as \u201cPPPs\u201d morrem facilmente de tiro de fuzil. Mas n\u00e3o sofrem pela pr\u00e1tica de aliena\u00e7\u00e3o de suas m\u00e3es. Crian\u00e7as que n\u00e3o vivem em comunidades, morrem pela indignidade de viola\u00e7\u00f5es de seus corpos, enquanto o sil\u00eancio e o dogma acoberta o predador Onde escondemos nossa cara para n\u00e3o ver o que estamos fazendo com nossas Crian\u00e7as [&hellip;]","og_url":"https:\/\/jornalfatosenoticias.com.br\/index.php\/2023\/08\/17\/como-e-por-que-matamos-nossas-criancas-e-adolescentes-parte-i\/","og_site_name":"Jornal Fatos e Not\u00edcias","article_published_time":"2023-08-17T21:16:48+00:00","article_modified_time":"2023-08-17T21:35:24+00:00","og_image":[{"width":1000,"height":643,"url":"https:\/\/jornalfatosenoticias.com.br\/wp-content\/uploads\/2023\/08\/assassinatos-de-criancas-e-jovens.jpg","type":"image\/jpeg"}],"author":"Ana Maria Iencarelli","twitter_card":"summary_large_image","twitter_misc":{"Escrito por":"Ana Maria Iencarelli","Est. tempo de leitura":"5 minutos"},"schema":{"@context":"https:\/\/schema.org","@graph":[{"@type":"Article","@id":"https:\/\/jornalfatosenoticias.com.br\/index.php\/2023\/08\/17\/como-e-por-que-matamos-nossas-criancas-e-adolescentes-parte-i\/#article","isPartOf":{"@id":"https:\/\/jornalfatosenoticias.com.br\/index.php\/2023\/08\/17\/como-e-por-que-matamos-nossas-criancas-e-adolescentes-parte-i\/"},"author":{"name":"Ana Maria Iencarelli","@id":"https:\/\/jornalfatosenoticias.com.br\/#\/schema\/person\/c33fcf5fb02d729d3fec92c6737a22d1"},"headline":"Como e por que matamos nossas Crian\u00e7as e Adolescentes? \u2014 Parte I","datePublished":"2023-08-17T21:16:48+00:00","dateModified":"2023-08-17T21:35:24+00:00","mainEntityOfPage":{"@id":"https:\/\/jornalfatosenoticias.com.br\/index.php\/2023\/08\/17\/como-e-por-que-matamos-nossas-criancas-e-adolescentes-parte-i\/"},"wordCount":931,"commentCount":0,"publisher":{"@id":"https:\/\/jornalfatosenoticias.com.br\/#organization"},"image":{"@id":"https:\/\/jornalfatosenoticias.com.br\/index.php\/2023\/08\/17\/como-e-por-que-matamos-nossas-criancas-e-adolescentes-parte-i\/#primaryimage"},"thumbnailUrl":"https:\/\/jornalfatosenoticias.com.br\/wp-content\/uploads\/2023\/08\/assassinatos-de-criancas-e-jovens.jpg","keywords":["balas perdidas","exterm\u00ednio infantil","mortes de crian\u00e7as e adolescentes","viol\u00eancia"],"articleSection":["Comportamento &amp; Equil\u00edbrio"],"inLanguage":"pt-BR","potentialAction":[{"@type":"CommentAction","name":"Comment","target":["https:\/\/jornalfatosenoticias.com.br\/index.php\/2023\/08\/17\/como-e-por-que-matamos-nossas-criancas-e-adolescentes-parte-i\/#respond"]}]},{"@type":"WebPage","@id":"https:\/\/jornalfatosenoticias.com.br\/index.php\/2023\/08\/17\/como-e-por-que-matamos-nossas-criancas-e-adolescentes-parte-i\/","url":"https:\/\/jornalfatosenoticias.com.br\/index.php\/2023\/08\/17\/como-e-por-que-matamos-nossas-criancas-e-adolescentes-parte-i\/","name":"Como e por que matamos nossas Crian\u00e7as e Adolescentes? \u2014 Parte I - Jornal Fatos e Not\u00edcias","isPartOf":{"@id":"https:\/\/jornalfatosenoticias.com.br\/#website"},"primaryImageOfPage":{"@id":"https:\/\/jornalfatosenoticias.com.br\/index.php\/2023\/08\/17\/como-e-por-que-matamos-nossas-criancas-e-adolescentes-parte-i\/#primaryimage"},"image":{"@id":"https:\/\/jornalfatosenoticias.com.br\/index.php\/2023\/08\/17\/como-e-por-que-matamos-nossas-criancas-e-adolescentes-parte-i\/#primaryimage"},"thumbnailUrl":"https:\/\/jornalfatosenoticias.com.br\/wp-content\/uploads\/2023\/08\/assassinatos-de-criancas-e-jovens.jpg","datePublished":"2023-08-17T21:16:48+00:00","dateModified":"2023-08-17T21:35:24+00:00","breadcrumb":{"@id":"https:\/\/jornalfatosenoticias.com.br\/index.php\/2023\/08\/17\/como-e-por-que-matamos-nossas-criancas-e-adolescentes-parte-i\/#breadcrumb"},"inLanguage":"pt-BR","potentialAction":[{"@type":"ReadAction","target":["https:\/\/jornalfatosenoticias.com.br\/index.php\/2023\/08\/17\/como-e-por-que-matamos-nossas-criancas-e-adolescentes-parte-i\/"]}]},{"@type":"ImageObject","inLanguage":"pt-BR","@id":"https:\/\/jornalfatosenoticias.com.br\/index.php\/2023\/08\/17\/como-e-por-que-matamos-nossas-criancas-e-adolescentes-parte-i\/#primaryimage","url":"https:\/\/jornalfatosenoticias.com.br\/wp-content\/uploads\/2023\/08\/assassinatos-de-criancas-e-jovens.jpg","contentUrl":"https:\/\/jornalfatosenoticias.com.br\/wp-content\/uploads\/2023\/08\/assassinatos-de-criancas-e-jovens.jpg","width":1000,"height":643},{"@type":"BreadcrumbList","@id":"https:\/\/jornalfatosenoticias.com.br\/index.php\/2023\/08\/17\/como-e-por-que-matamos-nossas-criancas-e-adolescentes-parte-i\/#breadcrumb","itemListElement":[{"@type":"ListItem","position":1,"name":"In\u00edcio","item":"https:\/\/jornalfatosenoticias.com.br\/"},{"@type":"ListItem","position":2,"name":"Como e por que matamos nossas Crian\u00e7as e Adolescentes? \u2014 Parte I"}]},{"@type":"WebSite","@id":"https:\/\/jornalfatosenoticias.com.br\/#website","url":"https:\/\/jornalfatosenoticias.com.br\/","name":"Jornal Fatos e Not\u00edcias","description":"Not\u00edcias em geral","publisher":{"@id":"https:\/\/jornalfatosenoticias.com.br\/#organization"},"potentialAction":[{"@type":"SearchAction","target":{"@type":"EntryPoint","urlTemplate":"https:\/\/jornalfatosenoticias.com.br\/?s={search_term_string}"},"query-input":{"@type":"PropertyValueSpecification","valueRequired":true,"valueName":"search_term_string"}}],"inLanguage":"pt-BR"},{"@type":"Organization","@id":"https:\/\/jornalfatosenoticias.com.br\/#organization","name":"Jornal Fatos e Not\u00edcias","url":"https:\/\/jornalfatosenoticias.com.br\/","logo":{"@type":"ImageObject","inLanguage":"pt-BR","@id":"https:\/\/jornalfatosenoticias.com.br\/#\/schema\/logo\/image\/","url":"https:\/\/jornalfatosenoticias.com.br\/wp-content\/uploads\/2020\/02\/logo120.png","contentUrl":"https:\/\/jornalfatosenoticias.com.br\/wp-content\/uploads\/2020\/02\/logo120.png","width":1227,"height":120,"caption":"Jornal Fatos e Not\u00edcias"},"image":{"@id":"https:\/\/jornalfatosenoticias.com.br\/#\/schema\/logo\/image\/"}},{"@type":"Person","@id":"https:\/\/jornalfatosenoticias.com.br\/#\/schema\/person\/c33fcf5fb02d729d3fec92c6737a22d1","name":"Ana Maria Iencarelli","image":{"@type":"ImageObject","inLanguage":"pt-BR","@id":"https:\/\/jornalfatosenoticias.com.br\/#\/schema\/person\/image\/","url":"https:\/\/jornalfatosenoticias.com.br\/wp-content\/uploads\/2020\/02\/Ana-Maria-Iencarelli-1-150x150.jpg","contentUrl":"https:\/\/jornalfatosenoticias.com.br\/wp-content\/uploads\/2020\/02\/Ana-Maria-Iencarelli-1-150x150.jpg","caption":"Ana Maria Iencarelli"},"description":"Psicanalista Cl\u00ednica, especializada no atendimento a Crian\u00e7as e Adolescentes. Presidente da ONG Vozes de Anjos.","url":"https:\/\/jornalfatosenoticias.com.br\/index.php\/author\/anamaria\/"}]}},"cc_featured_image_caption":{"caption_text":" (Foto: Tomaz Silva\/Ag\u00eancia Brasil)","source_text":"","source_url":""},"jetpack_featured_media_url":"https:\/\/jornalfatosenoticias.com.br\/wp-content\/uploads\/2023\/08\/assassinatos-de-criancas-e-jovens.jpg","_links":{"self":[{"href":"https:\/\/jornalfatosenoticias.com.br\/index.php\/wp-json\/wp\/v2\/posts\/44235","targetHints":{"allow":["GET"]}}],"collection":[{"href":"https:\/\/jornalfatosenoticias.com.br\/index.php\/wp-json\/wp\/v2\/posts"}],"about":[{"href":"https:\/\/jornalfatosenoticias.com.br\/index.php\/wp-json\/wp\/v2\/types\/post"}],"author":[{"embeddable":true,"href":"https:\/\/jornalfatosenoticias.com.br\/index.php\/wp-json\/wp\/v2\/users\/8"}],"replies":[{"embeddable":true,"href":"https:\/\/jornalfatosenoticias.com.br\/index.php\/wp-json\/wp\/v2\/comments?post=44235"}],"version-history":[{"count":0,"href":"https:\/\/jornalfatosenoticias.com.br\/index.php\/wp-json\/wp\/v2\/posts\/44235\/revisions"}],"wp:featuredmedia":[{"embeddable":true,"href":"https:\/\/jornalfatosenoticias.com.br\/index.php\/wp-json\/wp\/v2\/media\/44242"}],"wp:attachment":[{"href":"https:\/\/jornalfatosenoticias.com.br\/index.php\/wp-json\/wp\/v2\/media?parent=44235"}],"wp:term":[{"taxonomy":"category","embeddable":true,"href":"https:\/\/jornalfatosenoticias.com.br\/index.php\/wp-json\/wp\/v2\/categories?post=44235"},{"taxonomy":"post_tag","embeddable":true,"href":"https:\/\/jornalfatosenoticias.com.br\/index.php\/wp-json\/wp\/v2\/tags?post=44235"}],"curies":[{"name":"wp","href":"https:\/\/api.w.org\/{rel}","templated":true}]}}