{"id":44338,"date":"2023-08-18T12:28:52","date_gmt":"2023-08-18T15:28:52","guid":{"rendered":"https:\/\/jornalfatosenoticias.com.br\/?p=44338"},"modified":"2023-08-18T12:34:06","modified_gmt":"2023-08-18T15:34:06","slug":"a-semana-em-brasilia-e-no-es-prefeitura-de-ibitirama","status":"publish","type":"post","link":"https:\/\/jornalfatosenoticias.com.br\/index.php\/2023\/08\/18\/a-semana-em-brasilia-e-no-es-prefeitura-de-ibitirama\/","title":{"rendered":"A Semana em Bras\u00edlia e no ES \u2014 Prefeitura de Ibitirama"},"content":{"rendered":"\n<p>Lan\u00e7ado em uma fogueira, uma vez que o Colegiado do Tribunal Superior Eleitoral (TSE) decidiu, por unanimidade, manter o indeferimento do registro de candidatura do prefeito do munic\u00edpio, Paulo Lemos Barbosa (PSD), eleito em 2020, Ailton da Costa Silva (PSDB) est\u00e1 tendo que trocar os pneus com o carro andando, conforme o ditado popular.<br>Com a decis\u00e3o do STF, o pleito foi anulado e foram realizadas novas elei\u00e7\u00f5es. O julgamento corroborou decis\u00e3o do Tribunal Regional Eleitoral do Esp\u00edrito Santo (TRE-ES), que negou o registro em raz\u00e3o de inelegibilidade prevista no artigo 1\u00ba, inciso I, al\u00ednea \u201cg\u201d da Lei da Ficha Limpa.<br>Como assumiu no final do ano passado, Ailton ainda est\u00e1 colocando a casa em ordem. <\/p>\n\n\n\n<div class=\"wp-block-image\"><figure class=\"aligncenter size-large is-resized\"><img loading=\"lazy\" decoding=\"async\" src=\"https:\/\/jornalfatosenoticias.com.br\/wp-content\/uploads\/2022\/10\/RC_800x750_page-0001.jpg\" alt=\"\" class=\"wp-image-35338\" width=\"290\" height=\"272\" srcset=\"https:\/\/jornalfatosenoticias.com.br\/wp-content\/uploads\/2022\/10\/RC_800x750_page-0001.jpg 400w, https:\/\/jornalfatosenoticias.com.br\/wp-content\/uploads\/2022\/10\/RC_800x750_page-0001-300x281.jpg 300w\" sizes=\"auto, (max-width: 290px) 100vw, 290px\" \/><\/figure><\/div>\n\n\n\n<blockquote class=\"wp-block-quote is-layout-flow wp-block-quote-is-layout-flow\"><p><span class=\"has-inline-color has-luminous-vivid-orange-color\">Estamos priorizando sanar as contas p\u00fablicas, pois para haver investimentos, o munic\u00edpio precisa estar com as contas em dia. S\u00f3 que sabemos, tamb\u00e9m, que as necessidades n\u00e3o esperam e, no momento, temos buscado oferecer o melhor na educa\u00e7\u00e3o e na sa\u00fade&#8221;, frisa o prefeito.<\/span><\/p><\/blockquote>\n\n\n\n<hr class=\"wp-block-separator\"\/>\n\n\n\n<p><strong><span class=\"has-inline-color has-black-color\">Apag\u00e3o de Tudo: Brasil vive cap\u00edtulo \u201capocal\u00edptico\u201d do desgoverno Lula<br><\/span><\/strong><em><span class=\"has-inline-color has-black-color\">De Arthur Virg\u00edlio Neto<br><\/span><\/em><\/p>\n\n\n\n<div class=\"wp-block-image\"><figure class=\"aligncenter size-large\"><img loading=\"lazy\" decoding=\"async\" width=\"1000\" height=\"666\" src=\"https:\/\/jornalfatosenoticias.com.br\/wp-content\/uploads\/2023\/08\/arthur-virgilio.jpg\" alt=\"\" class=\"wp-image-44340\" srcset=\"https:\/\/jornalfatosenoticias.com.br\/wp-content\/uploads\/2023\/08\/arthur-virgilio.jpg 1000w, https:\/\/jornalfatosenoticias.com.br\/wp-content\/uploads\/2023\/08\/arthur-virgilio-300x200.jpg 300w, https:\/\/jornalfatosenoticias.com.br\/wp-content\/uploads\/2023\/08\/arthur-virgilio-768x511.jpg 768w\" sizes=\"auto, (max-width: 1000px) 100vw, 1000px\" \/><figcaption><em><span class=\"has-inline-color has-black-color\">(Foto: Folhapress)<\/span><\/em><\/figcaption><\/figure><\/div>\n\n\n\n<p>Em editorial na <strong>Gazeta Brasil<\/strong>, o ex-prefeito de Manaus (2013\u20132020) e ex-senador da Rep\u00fablica Federativa do Brasil (2003\u20132011), Arthur Virg\u00edlio, manda que Lula &#8220;aproveite e troque o ingl\u00eas pelo russo, de Putin ou a l\u00edngua do \u201cp\u201d, do analfabeto Nicol\u00e1s Maduro. Fa\u00e7a isso!&#8221;.<br>Todos sabemos que o desgoverno Lula n\u00e3o trouxe nada al\u00e9m de atraso para o Brasil, mas vivemos ontem um cap\u00edtulo \u201capocal\u00edptico\u201d dessa chamada \u201cgest\u00e3o\u201d. O pre\u00e7o dos combust\u00edveis foi irracionalmente represado, prejudicando o conceito da Petrobras, importadores desses insumos t\u00e3o essenciais e, claro, o povo brasileiro, que recebe uma lapada forte e ainda ter\u00e1 crescimento da infla\u00e7\u00e3o pela frente.<br>A \u201crealidade\u201d \u00e9 que come\u00e7ava o desabastecimento de diversos pontos do pa\u00eds, como se estiv\u00e9ssemos come\u00e7ando guerra contra outra na\u00e7\u00e3o\u2026 e na verdade, \u00e9ramos \u201capenas\u201d v\u00edtimas de um governo intelectualmente desonesto. At\u00e9 prim\u00e1rio: enganar o povo por alguns meses, para depois virem a desmoraliza\u00e7\u00e3o t\u00e9cnica e a decep\u00e7\u00e3o popular.<\/p>\n\n\n\n<div class=\"wp-block-image\"><figure class=\"aligncenter size-large is-resized\"><img loading=\"lazy\" decoding=\"async\" src=\"https:\/\/jornalfatosenoticias.com.br\/wp-content\/uploads\/2023\/03\/nova-logo-Marquetti.jpg\" alt=\"\" class=\"wp-image-40207\" width=\"292\" height=\"196\" srcset=\"https:\/\/jornalfatosenoticias.com.br\/wp-content\/uploads\/2023\/03\/nova-logo-Marquetti.jpg 643w, https:\/\/jornalfatosenoticias.com.br\/wp-content\/uploads\/2023\/03\/nova-logo-Marquetti-300x202.jpg 300w\" sizes=\"auto, (max-width: 292px) 100vw, 292px\" \/><\/figure><\/div>\n\n\n\n<p>Sem qualquer aviso, o CEO da Eletrobras renunciou ao seu cargo, diga-se de passagem, muito bem pago para o defeituoso trabalho que realizava. O governo Bolsonaro agiu corretamente, privatizando a Eletrobras. Lula, sempre atrasado, chegou ao c\u00famulo de se dizer disposto a reestatizar a empresa: traria de volta para a Uni\u00e3o gastos com pessoal e urg\u00eancia em cobrir rombos. Parece que desistiu d\u00e1 estultice!<br>Pergunto: onde se esconde a Ag\u00eancia Reguladora do setor de energia, que n\u00e3o obriga os que compraram a Eletrobras a cumprir o contrato, que os obriga a fazer os investimentos, a melhoria da gest\u00e3o e a moderniza\u00e7\u00e3o da maquinaria, certamente acordados contratualmente!<\/p>\n\n\n\n<div class=\"wp-block-image\"><figure class=\"aligncenter size-large is-resized\"><img loading=\"lazy\" decoding=\"async\" src=\"https:\/\/jornalfatosenoticias.com.br\/wp-content\/uploads\/2023\/07\/logo-ITH.png\" alt=\"\" class=\"wp-image-43684\" width=\"302\" height=\"163\"\/><\/figure><\/div>\n\n\n\n<p>Quando FHC criou as Ag\u00eancias Reguladoras (o PT votou contra), foi para que elas fossem independentes e acompanhassem atentamente os trabalhos e os erros das empresas desestatizadas. Perdoe-me, Lula, por desagrada-lo escrevendo a palavra \u201cindependente\u201d. Sei de sua ojeriza por ela!<br>O apag\u00e3o foi um tsunami, que fez mal ao povo. Junta-se ao apag\u00e3o das \u201cboas ideias\u201d do governo atual, que anuncia o corte do idioma ingl\u00eas no ensino m\u00e9dio. Lula, aproveite e troque o ingl\u00eas pelo russo, de Putin ou a l\u00edngua do \u201cp\u201d, do analfabeto Nicol\u00e1s Maduro. Fa\u00e7a isso! <strong>(Fonte: Gazeta Brasil)<\/strong><\/p>\n\n\n\n<hr class=\"wp-block-separator\"\/>\n\n\n\n<p><strong><span class=\"has-inline-color has-black-color\">Estad\u00e3o chama Dino de animador de audit\u00f3rio<br><\/span><\/strong><\/p>\n\n\n\n<div class=\"wp-block-image\"><figure class=\"aligncenter size-large\"><img loading=\"lazy\" decoding=\"async\" width=\"900\" height=\"520\" src=\"https:\/\/jornalfatosenoticias.com.br\/wp-content\/uploads\/2023\/08\/dinosapo.png\" alt=\"\" class=\"wp-image-44341\" srcset=\"https:\/\/jornalfatosenoticias.com.br\/wp-content\/uploads\/2023\/08\/dinosapo.png 900w, https:\/\/jornalfatosenoticias.com.br\/wp-content\/uploads\/2023\/08\/dinosapo-300x173.png 300w, https:\/\/jornalfatosenoticias.com.br\/wp-content\/uploads\/2023\/08\/dinosapo-768x444.png 768w\" sizes=\"auto, (max-width: 900px) 100vw, 900px\" \/><figcaption><em><span class=\"has-inline-color has-black-color\">(Foto: Bruno Spada\/C\u00e2mara dos Deputado)<\/span><\/em><\/figcaption><\/figure><\/div>\n\n\n\n<p>O ministro da Justi\u00e7a e Seguran\u00e7a P\u00fablica, Fl\u00e1vio Dino, cujo cargo exige equil\u00edbrio e conten\u00e7\u00e3o, age exatamente da forma contr\u00e1ria, como um animador de audit\u00f3rio. Essa \u00e9 a opini\u00e3o do jornal O Estado de S. Paulo, manifestada em editorial \u2014 texto que representa a opini\u00e3o de um ve\u00edculo de comunica\u00e7\u00e3o \u2014 publicado na edi\u00e7\u00e3o desta quinta-feira (17).<br>No texto, o Estad\u00e3o compara a conduta exibicionista de Dino \u00e0 de outro ministro da Justi\u00e7a, Alexandre de Moraes. Antes de chegar ao Supremo Tribunal Federal (STF), Moraes comandou o Minist\u00e9rio da Justi\u00e7a no governo de Michel Temer.<br>O Estad\u00e3o criticou o ministro de Lula por suas efusivas e incontidas opini\u00f5es, que transformam a Justi\u00e7a numa arena pol\u00edtica. <\/p>\n\n\n\n<div class=\"wp-block-image\"><figure class=\"aligncenter size-large is-resized\"><img loading=\"lazy\" decoding=\"async\" src=\"https:\/\/jornalfatosenoticias.com.br\/wp-content\/uploads\/2022\/10\/Arte-jornal-Zucchi-600x600_Prancheta-1-1024x1024.jpg\" alt=\"\" class=\"wp-image-34782\" width=\"285\" height=\"285\" srcset=\"https:\/\/jornalfatosenoticias.com.br\/wp-content\/uploads\/2022\/10\/Arte-jornal-Zucchi-600x600_Prancheta-1-1024x1024.jpg 1024w, https:\/\/jornalfatosenoticias.com.br\/wp-content\/uploads\/2022\/10\/Arte-jornal-Zucchi-600x600_Prancheta-1-300x300.jpg 300w, https:\/\/jornalfatosenoticias.com.br\/wp-content\/uploads\/2022\/10\/Arte-jornal-Zucchi-600x600_Prancheta-1-150x150.jpg 150w, https:\/\/jornalfatosenoticias.com.br\/wp-content\/uploads\/2022\/10\/Arte-jornal-Zucchi-600x600_Prancheta-1-768x768.jpg 768w, https:\/\/jornalfatosenoticias.com.br\/wp-content\/uploads\/2022\/10\/Arte-jornal-Zucchi-600x600_Prancheta-1.jpg 1250w\" sizes=\"auto, (max-width: 285px) 100vw, 285px\" \/><\/figure><\/div>\n\n\n\n<blockquote class=\"wp-block-quote is-layout-flow wp-block-quote-is-layout-flow\"><p><span class=\"has-inline-color has-luminous-vivid-orange-color\">Pelo teor de suas manifesta\u00e7\u00f5es, Fl\u00e1vio Dino n\u00e3o entendeu o que significa ser ministro da Justi\u00e7a, tampouco as responsabilidades e os limites que o cargo imp\u00f5e\u201d, afirmou o jornal. \u201cNo entanto, Fl\u00e1vio Dino age como se fosse um animador de audit\u00f3rio. Opina sobre tudo\u201d.<\/span><\/p><\/blockquote>\n\n\n\n<p>O editorial cita as recentes manifesta\u00e7\u00f5es desastradas de Dino sobre as elei\u00e7\u00f5es prim\u00e1rias na Argentina e sobre as investiga\u00e7\u00f5es de um suposto elo entre os atos de 8 de janeiro e o caso das joias doadas ao ex-presidente Jair Bolsonaro.<br>No primeiro caso, Fl\u00e1vio Dino disse que \u201cem elei\u00e7\u00f5es, os monstros de extrema direita s\u00f3 chegam ao poder quando o centro e os liberais caminham com as aberra\u00e7\u00f5es\u201d. E, no segundo, o ministro antecipou um ju\u00edzo de valor, atribuindo culpa a Bolsonaro, \u201csem esperar o resultado da investiga\u00e7\u00e3o \u2014 dando a entender que elas s\u00e3o desnecess\u00e1rias para a forma\u00e7\u00e3o das convic\u00e7\u00f5es do ministro da Justi\u00e7a\u201d, afirma o Estad\u00e3o. \u201cO coment\u00e1rio de Fl\u00e1vio Dino n\u00e3o condiz com o papel de ministro da Justi\u00e7a no Estado Democr\u00e1tico de Direito\u201d.<br>Essa conduta do aliado de Dino, \u201coposta \u00e0 que o seu cargo exige\u201d, n\u00e3o contribui para serenar os \u00e2nimos. \u201cFl\u00e1vio Dino parece obstinado em alimentar a equivocada impress\u00e3o de que o Judici\u00e1rio \u00e9 uma grande arena pol\u00edtica\u201d, avalia o jornal.<\/p>\n\n\n\n<div class=\"wp-block-image\"><figure class=\"aligncenter size-large is-resized\"><img loading=\"lazy\" decoding=\"async\" src=\"https:\/\/jornalfatosenoticias.com.br\/wp-content\/uploads\/2020\/02\/Logo-Steel-Controls-1024x340.jpg\" alt=\"\" class=\"wp-image-43791\" width=\"376\" height=\"124\"\/><\/figure><\/div>\n\n\n\n<p><strong><span class=\"has-inline-color has-black-color\">Dino, Estad\u00e3o e Alexandre de Moraes<br><\/span><\/strong>O Estad\u00e3o lembra que j\u00e1 cobrou de Alexandre de Moraes, ministro da Justi\u00e7a entre 2016 e 2017, uma postura mais contida. Na ocasi\u00e3o, o agora ministro do STF antecipou a realiza\u00e7\u00e3o de opera\u00e7\u00f5es da Pol\u00edcia Federal no \u00e2mbito da Lava Jato, justamente na v\u00e9spera da pris\u00e3o do ex-ministro petista Ant\u00f4nio Palocci.<br>O jornal chegou a pedir a demiss\u00e3o de Moraes, afirmando que \u201cvoca\u00e7\u00e3o para o exibicionismo n\u00e3o combina com a discri\u00e7\u00e3o que o cargo de ministro da Justi\u00e7a exige\u201d. \u201cRigorosamente o mesmo se pode e se deve dizer agora sobre o atual ministro da Justi\u00e7a\u201d, afirma o editorial.<br>Por fim, o texto cobra uma postura mais jur\u00eddica e menos pol\u00edtica de Fl\u00e1vio Dino: \u201cEm vez de fazer do Minist\u00e9rio da Justi\u00e7a um grande espet\u00e1culo que converte tudo aquilo em que toca em pol\u00edtica eleitoral, que tal trabalhar para que a Constitui\u00e7\u00e3o seja mais conhecida e respeitada por todos?\u201d, conclui o Estad\u00e3o. <strong>(Fonte: Terra Brasil Not\u00edcias)<\/strong><\/p>\n\n\n\n<div class=\"wp-block-image\"><figure class=\"aligncenter size-large\"><img loading=\"lazy\" decoding=\"async\" width=\"729\" height=\"90\" src=\"https:\/\/jornalfatosenoticias.com.br\/wp-content\/uploads\/2020\/02\/Logo_Mizu.png\" alt=\"\" class=\"wp-image-1441\" srcset=\"https:\/\/jornalfatosenoticias.com.br\/wp-content\/uploads\/2020\/02\/Logo_Mizu.png 729w, https:\/\/jornalfatosenoticias.com.br\/wp-content\/uploads\/2020\/02\/Logo_Mizu-300x37.png 300w\" sizes=\"auto, (max-width: 729px) 100vw, 729px\" \/><\/figure><\/div>\n\n\n\n<hr class=\"wp-block-separator\"\/>\n\n\n\n<p><span class=\"has-inline-color has-black-color\"><strong>Javier Milei promete retirar Argentina do Mercosul e cortar rela\u00e7\u00f5es com a China<\/strong><\/span><\/p>\n\n\n\n<div class=\"wp-block-image\"><figure class=\"aligncenter size-large\"><img loading=\"lazy\" decoding=\"async\" width=\"887\" height=\"549\" src=\"https:\/\/jornalfatosenoticias.com.br\/wp-content\/uploads\/2023\/08\/javier-milei.jpg\" alt=\"\" class=\"wp-image-44342\" srcset=\"https:\/\/jornalfatosenoticias.com.br\/wp-content\/uploads\/2023\/08\/javier-milei.jpg 887w, https:\/\/jornalfatosenoticias.com.br\/wp-content\/uploads\/2023\/08\/javier-milei-300x186.jpg 300w, https:\/\/jornalfatosenoticias.com.br\/wp-content\/uploads\/2023\/08\/javier-milei-768x475.jpg 768w\" sizes=\"auto, (max-width: 887px) 100vw, 887px\" \/><figcaption><em><span class=\"has-inline-color has-black-color\">(Foto: Reprodu\u00e7\u00e3o\/Bloomberg)<\/span><\/em><\/figcaption><\/figure><\/div>\n\n\n\n<p>O presidenci\u00e1vel argentino ultraliberal Javier Milei declarou que pretende retirar o pa\u00eds do Mercosul caso ven\u00e7a as elei\u00e7\u00f5es. Para o grande vencedor das prim\u00e1rias, uma das primeiras medidas do governo seria deixar o bloco com Brasil, Paraguai e Uruguai.<\/p>\n\n\n\n<blockquote class=\"wp-block-quote is-layout-flow wp-block-quote-is-layout-flow\"><p><span class=\"has-inline-color has-luminous-vivid-orange-color\">\u00c9 uma uni\u00e3o aduaneira que favorece os empres\u00e1rios que n\u00e3o querem competir&#8221;, disse, citando tamb\u00e9m a negocia\u00e7\u00e3o em andamento para o tratado de livre com\u00e9rcio entre o Mercosul e a Uni\u00e3o Europeia.<\/span><\/p><\/blockquote>\n\n\n\n<div class=\"wp-block-image\"><figure class=\"aligncenter size-large is-resized\"><img loading=\"lazy\" decoding=\"async\" src=\"https:\/\/jornalfatosenoticias.com.br\/wp-content\/uploads\/2020\/02\/casa-do-torresmo_portal.jpg\" alt=\"\" class=\"wp-image-34472\" width=\"281\" height=\"281\" srcset=\"https:\/\/jornalfatosenoticias.com.br\/wp-content\/uploads\/2020\/02\/casa-do-torresmo_portal.jpg 300w, https:\/\/jornalfatosenoticias.com.br\/wp-content\/uploads\/2020\/02\/casa-do-torresmo_portal-150x150.jpg 150w\" sizes=\"auto, (max-width: 281px) 100vw, 281px\" \/><\/figure><\/div>\n\n\n\n<p>Ap\u00f3s a vit\u00f3ria nas pr\u00e9vias do \u00faltimo domingo (13), Javier Milei disse que sua posi\u00e7\u00e3o no campo das Rela\u00e7\u00f5es Exteriores tamb\u00e9m prev\u00ea o fim da colabora\u00e7\u00e3o com a China, que \u00e9 atualmente o principal parceiro comercial da Argentina.<br>&#8220;Quero estar alinhado com o Ocidente, meus s\u00f3cios ser\u00e3o os Estados Unidos e Israel. A posi\u00e7\u00e3o ser\u00e1 de luta contra o socialismo. Todos os dispostos a lutar contra a esquerda estar\u00e3o ao meu lado. N\u00e3o fa\u00e7o neg\u00f3cios com comunistas&#8221;, declarou Milei, favorito nas elei\u00e7\u00f5es presidenciais, com o primeiro turno marcado para 22 de outubro. <strong>(Fonte: Terra Brasil Not\u00edcias)<\/strong><\/p>\n\n\n\n<hr class=\"wp-block-separator\"\/>\n\n\n\n<p><strong><span class=\"has-inline-color has-black-color\">Troca de mensagens confirma que G. Dias pediu fraude em relat\u00f3rio da Abin<br><\/span><\/strong><\/p>\n\n\n\n<div class=\"wp-block-image\"><figure class=\"aligncenter size-large\"><img loading=\"lazy\" decoding=\"async\" width=\"1000\" height=\"616\" src=\"https:\/\/jornalfatosenoticias.com.br\/wp-content\/uploads\/2023\/08\/general-G.-Dias.jpg\" alt=\"\" class=\"wp-image-44343\" srcset=\"https:\/\/jornalfatosenoticias.com.br\/wp-content\/uploads\/2023\/08\/general-G.-Dias.jpg 1000w, https:\/\/jornalfatosenoticias.com.br\/wp-content\/uploads\/2023\/08\/general-G.-Dias-300x185.jpg 300w, https:\/\/jornalfatosenoticias.com.br\/wp-content\/uploads\/2023\/08\/general-G.-Dias-768x473.jpg 768w\" sizes=\"auto, (max-width: 1000px) 100vw, 1000px\" \/><figcaption><em><span class=\"has-inline-color has-black-color\">(Foto: Zeca Ribeiro\/C\u00e2mara dos Deputados)<\/span><\/em><\/figcaption><\/figure><\/div>\n\n\n\n<p>Uma troca de mensagens entre o general Gon\u00e7alves Dias, ex-ministro do Gabinete de Seguran\u00e7a Institucional (GSI), e Saulo de Moura Cunha, ex-diretor da Ag\u00eancia Brasileira de Intelig\u00eancia (Abin), comprova que G. Dias \u2014 como \u00e9 conhecido \u2014 foi o mentor por tr\u00e1s da fraude no relat\u00f3rio de Intelig\u00eancia enviado a uma comiss\u00e3o do Senado. A conversa, que aconteceu em no per\u00edodo em que ambos eram titulares das respectivas cadeiras, foi obtida com exclusividade por Oeste. Na \u00e9poca, a Abin respondia diretamente ao GSI.<br>A compara\u00e7\u00e3o entre dois relat\u00f3rios da Abin mostrou que o GSI adulterou o primeiro relat\u00f3rio de Intelig\u00eancia enviado \u00e0 Comiss\u00e3o Mista de Controle das Atividades de Intelig\u00eancia (CCAI). A fraude seria para retirar dos documentos os registros de que o general Gon\u00e7alves Dias foi alertado por mensagens enviadas ao seu celular sobre os crescentes riscos de tumulto e de invas\u00f5es \u00e0 Pra\u00e7a dos Tr\u00eas Poderes.<\/p>\n\n\n\n<div class=\"wp-block-image\"><figure class=\"aligncenter size-large is-resized\"><img loading=\"lazy\" decoding=\"async\" src=\"https:\/\/jornalfatosenoticias.com.br\/wp-content\/uploads\/2020\/02\/logo-Rapuzel-1024x571.jpg\" alt=\"\" class=\"wp-image-42808\" width=\"354\" height=\"197\" srcset=\"https:\/\/jornalfatosenoticias.com.br\/wp-content\/uploads\/2020\/02\/logo-Rapuzel-1024x571.jpg 1024w, https:\/\/jornalfatosenoticias.com.br\/wp-content\/uploads\/2020\/02\/logo-Rapuzel-300x167.jpg 300w, https:\/\/jornalfatosenoticias.com.br\/wp-content\/uploads\/2020\/02\/logo-Rapuzel-768x428.jpg 768w, https:\/\/jornalfatosenoticias.com.br\/wp-content\/uploads\/2020\/02\/logo-Rapuzel-1536x856.jpg 1536w, https:\/\/jornalfatosenoticias.com.br\/wp-content\/uploads\/2020\/02\/logo-Rapuzel.jpg 1600w\" sizes=\"auto, (max-width: 354px) 100vw, 354px\" \/><\/figure><\/div>\n\n\n\n<p>Em 17 de janeiro, \u00e0s 16h30, G. Dias enviou a seguinte mensagem a Saulo: \u201cSer\u00e1 que meu nome pode ser retirado daquela rela\u00e7\u00e3o?\u201d. O ent\u00e3o-diretor da Abin responde: \u201cAquela rela\u00e7\u00e3o \u00e9 s\u00f3 para seu conhecimento\u201d.<br>O general retorna ao seu subordinado mencionando que, diferentemente do que Saulo disse, o documento com o seu nome seria entregue ao senador Esperidi\u00e3o Amin (PP-SC). Amin faz parte da CCAI. Na \u00e9poca, ele havia solicitado por interm\u00e9dio do colegiado o relat\u00f3rio de todos os alertas sobre o 8 de janeiro.<br>Saulo negou a possibilidade de o senador ter conhecimento do relat\u00f3rio verdadeiro. \u201cPedi que levasse ao senhor primeiro para avaliarmos\u201d, explicou a G. Dias. Em seguida, o ministro perguntou ao ent\u00e3o diretor da Abin se mais algu\u00e9m sabia da exist\u00eancia do primeiro documento. Saulo negou. \u201cPode tirar meu nome?\u201d, insistiu G. Dias.<\/p>\n\n\n\n<div class=\"wp-block-image\"><figure class=\"aligncenter size-large is-resized\"><img loading=\"lazy\" decoding=\"async\" src=\"https:\/\/jornalfatosenoticias.com.br\/wp-content\/uploads\/2023\/03\/logo-Panper_portal.jpg\" alt=\"\" class=\"wp-image-40208\" width=\"326\" height=\"226\" srcset=\"https:\/\/jornalfatosenoticias.com.br\/wp-content\/uploads\/2023\/03\/logo-Panper_portal.jpg 400w, https:\/\/jornalfatosenoticias.com.br\/wp-content\/uploads\/2023\/03\/logo-Panper_portal-300x208.jpg 300w\" sizes=\"auto, (max-width: 326px) 100vw, 326px\" \/><\/figure><\/div>\n\n\n\n<blockquote class=\"wp-block-quote is-layout-flow wp-block-quote-is-layout-flow\"><p><span class=\"has-inline-color has-luminous-vivid-orange-color\">\u201cClaro. O senhor n\u00e3o era parte da opera\u00e7\u00e3o\u201d, garantiu Saulo. Por fim, o ent\u00e3o ministro pede o envio do relat\u00f3rio fraudado: \u201cMe mande outra[vers\u00e3o]\u2026lacrada\u2026\u201d.<\/span><\/p><\/blockquote>\n\n\n\n<div class=\"wp-block-image\"><figure class=\"aligncenter size-large is-resized\"><img loading=\"lazy\" decoding=\"async\" src=\"https:\/\/jornalfatosenoticias.com.br\/wp-content\/uploads\/2022\/02\/Precisao-Contabilidade-1024x724.jpg\" alt=\"\" class=\"wp-image-28088\" width=\"309\" height=\"219\"\/><\/figure><\/div>\n\n\n\n<p>Em depoimento \u00e0 CPI do 8 de Janeiro do Distrito Federal, contudo, o general negou a autoria da fraude e jogou a responsabilidade para o ent\u00e3o respons\u00e1vel da Abin. \u201cN\u00e3o fraudei nenhum documento\u201d, disse o general Dias, em 22 de junho deste ano. \u201cA Abin respondeu \u00e0 solicita\u00e7\u00e3o do Congresso com um compilado de mensagens de aplicativo. Esse documento tinha l\u00e1 \u2018ministro do GSI\u2019. N\u00e3o participei de nenhum grupo de WhatsApp, n\u00e3o sou o difusor daquele compilado de mensagens. Ent\u00e3o, aquele documento n\u00e3o condizia com a realidade. Esse era um documento. Ele foi acertado e enviado\u201d.<\/p>\n\n\n\n<div class=\"wp-block-image\"><figure class=\"aligncenter size-large is-resized\"><img loading=\"lazy\" decoding=\"async\" src=\"https:\/\/jornalfatosenoticias.com.br\/wp-content\/uploads\/2023\/08\/LOGO-BLU-COMERCIAL-PRETO-1024x600.jpg\" alt=\"\" class=\"wp-image-44053\" width=\"309\" height=\"180\"\/><\/figure><\/div>\n\n\n\n<p>O ex-ministro diz que n\u00e3o estava em um grupo de avisos da Abin \u2014 em que foram enviados diversos informes comunicando previamente sobre o risco de invas\u00f5es \u00e0 Pra\u00e7a dos Tr\u00eas Poderes. No entanto, Saulo garante que enviou todos os avisos para o celular pessoal de General Dias. O ministro tentava esconder essa informa\u00e7\u00e3o.<br>Quando prestou depoimento \u00e0 CPMI do 8 de Janeiro, Saulo admitiu que adulterou o relat\u00f3rio a mando do general. \u201cObedeci \u00e0 ordem dele\u201d, disse. \u201cTemos o artigo 9\u00b0 A da Abin, que prev\u00ea que o ministro \u00e9 quem decide quais informa\u00e7\u00f5es ser\u00e3o enviadas\u201d. <strong>(Fonte: Terra Brasil Not\u00edcias)<\/strong><\/p>\n\n\n\n<div class=\"wp-block-image\"><figure class=\"aligncenter size-large\"><img loading=\"lazy\" decoding=\"async\" width=\"300\" height=\"250\" src=\"https:\/\/jornalfatosenoticias.com.br\/wp-content\/uploads\/2022\/02\/FERRARI_MAQUINAS-E-FERRAMENTAS2.jpg\" alt=\"\" class=\"wp-image-27860\"\/><\/figure><\/div>\n\n\n\n<hr class=\"wp-block-separator\"\/>\n\n\n\n<p><span class=\"has-inline-color has-black-color\"><strong>Justi\u00e7a obriga governo Tarc\u00edsio a voltar a receber livros did\u00e1ticos do MEC<br><\/strong><\/span><em><span class=\"has-inline-color has-black-color\">Por Raul Holderf Nascimento<\/span><\/em><\/p>\n\n\n\n<div class=\"wp-block-image\"><figure class=\"aligncenter size-large\"><img loading=\"lazy\" decoding=\"async\" width=\"900\" height=\"567\" src=\"https:\/\/jornalfatosenoticias.com.br\/wp-content\/uploads\/2023\/08\/Justica-obriga-governo-Tarcisio-a-voltar-a-receber-livros-didaticos-do-MEC.jpg\" alt=\"\" class=\"wp-image-44344\" srcset=\"https:\/\/jornalfatosenoticias.com.br\/wp-content\/uploads\/2023\/08\/Justica-obriga-governo-Tarcisio-a-voltar-a-receber-livros-didaticos-do-MEC.jpg 900w, https:\/\/jornalfatosenoticias.com.br\/wp-content\/uploads\/2023\/08\/Justica-obriga-governo-Tarcisio-a-voltar-a-receber-livros-didaticos-do-MEC-300x189.jpg 300w, https:\/\/jornalfatosenoticias.com.br\/wp-content\/uploads\/2023\/08\/Justica-obriga-governo-Tarcisio-a-voltar-a-receber-livros-didaticos-do-MEC-768x484.jpg 768w, https:\/\/jornalfatosenoticias.com.br\/wp-content\/uploads\/2023\/08\/Justica-obriga-governo-Tarcisio-a-voltar-a-receber-livros-didaticos-do-MEC-350x220.jpg 350w\" sizes=\"auto, (max-width: 900px) 100vw, 900px\" \/><figcaption><em><span class=\"has-inline-color has-black-color\">(Foto: Reprodu\u00e7\u00e3o)<\/span><\/em><\/figcaption><\/figure><\/div>\n\n\n\n<p>A Justi\u00e7a de S\u00e3o Paulo concedeu uma liminar que obriga o governo Tarc\u00edsio de Freitas (Republicanos) a voltar a fazer parte do Programa Nacional do Livro Did\u00e1tico (PNLD), do MEC.<br>Com o aval, o governado ter\u00e1 que retomar aquisi\u00e7\u00f5es dos livros did\u00e1ticos \u2018de praxe\u2019 para as escolas.<br>A liminar foi concedida pelo juiz Ant\u00f4nio Augusto Galv\u00e3o de Fran\u00e7a, na quarta-feira (16), em resposta a uma a\u00e7\u00e3o popular movida por deputados federais do Psol. Em decis\u00e3o, o magistrado diz que, em tese, a medida do governo paulista pode \u201cgerar s\u00e9rios preju\u00edzos \u00e0 forma\u00e7\u00e3o escolar dos estudantes e tamb\u00e9m ao er\u00e1rio estadual\u201d.<br>Os parlamentares de esquerda pediram urg\u00eancia na an\u00e1lise do pedido da liminar, uma vez que alegaram que o prazo para a escolha dos livros did\u00e1ticos do PNLD pelas escolas tem validade no dia 23 deste m\u00eas. <strong>(Fonte: Conex\u00e3o Pol\u00edtica)<\/strong><\/p>\n\n\n\n<div class=\"wp-block-image\"><figure class=\"aligncenter size-large\"><img loading=\"lazy\" decoding=\"async\" width=\"300\" height=\"137\" src=\"https:\/\/jornalfatosenoticias.com.br\/wp-content\/uploads\/2023\/06\/LOGO_JULIANA-GRACA_PORTAL.jpg\" alt=\"\" class=\"wp-image-42597\"\/><\/figure><\/div>\n\n\n\n<hr class=\"wp-block-separator\"\/>\n\n\n\n<p><span class=\"has-inline-color has-black-color\"><strong>Enquanto gasolina fica mais cara e Bolsa tem quedas consecutivas, Lula n\u00e3o tira Bolsonaro da boca<br><\/strong><\/span><em><span class=\"has-inline-color has-black-color\">Por Raul Holderf Nascimento<\/span><\/em><\/p>\n\n\n\n<div class=\"wp-block-image\"><figure class=\"aligncenter size-large\"><img loading=\"lazy\" decoding=\"async\" width=\"924\" height=\"616\" src=\"https:\/\/jornalfatosenoticias.com.br\/wp-content\/uploads\/2023\/08\/quedas-da-bolsa.jpg\" alt=\"\" class=\"wp-image-44345\" srcset=\"https:\/\/jornalfatosenoticias.com.br\/wp-content\/uploads\/2023\/08\/quedas-da-bolsa.jpg 924w, https:\/\/jornalfatosenoticias.com.br\/wp-content\/uploads\/2023\/08\/quedas-da-bolsa-300x200.jpg 300w, https:\/\/jornalfatosenoticias.com.br\/wp-content\/uploads\/2023\/08\/quedas-da-bolsa-768x512.jpg 768w\" sizes=\"auto, (max-width: 924px) 100vw, 924px\" \/><figcaption><em><span class=\"has-inline-color has-black-color\">(Foto: Reprodu\u00e7\u00e3o)<\/span><\/em><\/figcaption><\/figure><\/div>\n\n\n\n<p>Enquanto o pre\u00e7o da gasolina sobe e a Bolsa de Valores despenca pela 11\u00aa vez consecutiva, Luiz In\u00e1cio Lula da Silva (PT) insiste em inflamar seus discursos e mirar ataques pessoais contra Jair Bolsonaro (PL), seu principal advers\u00e1rio.<br>Mesmo ap\u00f3s o per\u00edodo das elei\u00e7\u00f5es, a figura do agora presidente da Rep\u00fablica, em contraponto ao seu papel anterior de candidato, permanece em clima de guerra incessante, alimentando discursos encharcados de \u00f3dio, polariza\u00e7\u00e3o e avers\u00e3o.<br>Ao mesmo tempo, o panorama econ\u00f4mico traz sinais alarmantes: empresas de diversos setores t\u00eam optado pelo fechamento de lojas, enquanto demiss\u00f5es em s\u00e9rie disparam pela for\u00e7a de trabalho. A confian\u00e7a nos pr\u00f3ximos anos se abala perante a conjuntura pol\u00edtica.<\/p>\n\n\n\n<div class=\"wp-block-image\"><figure class=\"aligncenter size-large is-resized\"><img loading=\"lazy\" decoding=\"async\" src=\"https:\/\/jornalfatosenoticias.com.br\/wp-content\/uploads\/2023\/08\/Control-Systems.jpg\" alt=\"\" class=\"wp-image-44092\" width=\"303\" height=\"363\"\/><\/figure><\/div>\n\n\n\n<p>Apesar de oito meses j\u00e1 terem se passado desde a posse do novo governo, o Brasil experimenta uma sensa\u00e7\u00e3o de in\u00e9rcia. As a\u00e7\u00f5es executadas at\u00e9 o momento deixam a desejar em termos de resultados palp\u00e1veis, o que alimenta s\u00e9rios questionamentos sobre o direcionamento e a efic\u00e1cia das iniciativas do lulopetismo \u00e0 frente do Pal\u00e1cio do Planalto.<br>Os dias n\u00e3o t\u00eam sido nada bons. Enquanto os cidad\u00e3os sentem no bolso o impacto do aumento da gasolina e o mercado financeiro tateia em busca de estabilidade, a persistente polariza\u00e7\u00e3o pol\u00edtica somada \u00e0 falta de medidas t\u00e9cnicas para impulsionar a economia fomentam um clima de desespero social.<br>Mesmo diante do caos que predomina o ano de 2023, Lula segue sem tirar o Bolsonaro da boca. Assim como um escudo \u00e9 usado para blindar a vulnerabilidade, <em><span class=\"has-inline-color has-black-color\">Lula utiliza Bolsonaro como cortina de fuma\u00e7a para encobrir os desafios que ele mesmo n\u00e3o consegue enfrentar em sua administra\u00e7\u00e3o.<\/span><\/em> <strong>(Fonte: Conex\u00e3o Pol\u00edtica)<\/strong><\/p>\n\n\n\n<div class=\"wp-block-image\"><figure class=\"aligncenter size-large is-resized\"><img loading=\"lazy\" decoding=\"async\" src=\"https:\/\/jornalfatosenoticias.com.br\/wp-content\/uploads\/2023\/07\/lacremoda.jpg\" alt=\"\" class=\"wp-image-43706\" width=\"332\" height=\"186\" srcset=\"https:\/\/jornalfatosenoticias.com.br\/wp-content\/uploads\/2023\/07\/lacremoda.jpg 1024w, https:\/\/jornalfatosenoticias.com.br\/wp-content\/uploads\/2023\/07\/lacremoda-300x168.jpg 300w, https:\/\/jornalfatosenoticias.com.br\/wp-content\/uploads\/2023\/07\/lacremoda-768x431.jpg 768w\" sizes=\"auto, (max-width: 332px) 100vw, 332px\" \/><\/figure><\/div>\n\n\n\n<hr class=\"wp-block-separator\"\/>\n\n\n\n<p><span class=\"has-inline-color has-black-color\"><strong>PAC novo, promessa antiga: pacote de Lula tem \u2018relan\u00e7amento\u2019 de obras inacabadas<br><\/strong><\/span><em><span class=\"has-inline-color has-black-color\">Por Marcos Rocha<\/span><\/em><\/p>\n\n\n\n<div class=\"wp-block-image\"><figure class=\"aligncenter size-large\"><img loading=\"lazy\" decoding=\"async\" width=\"900\" height=\"506\" src=\"https:\/\/jornalfatosenoticias.com.br\/wp-content\/uploads\/2023\/08\/novo-PAC.jpg\" alt=\"\" class=\"wp-image-44347\" srcset=\"https:\/\/jornalfatosenoticias.com.br\/wp-content\/uploads\/2023\/08\/novo-PAC.jpg 900w, https:\/\/jornalfatosenoticias.com.br\/wp-content\/uploads\/2023\/08\/novo-PAC-300x169.jpg 300w, https:\/\/jornalfatosenoticias.com.br\/wp-content\/uploads\/2023\/08\/novo-PAC-768x432.jpg 768w\" sizes=\"auto, (max-width: 900px) 100vw, 900px\" \/><figcaption><em><span class=\"has-inline-color has-black-color\">(Foto: Ricardo Stuckert)<\/span><\/em><\/figcaption><\/figure><\/div>\n\n\n\n<p>Luiz In\u00e1cio Lula da Silva (PT) apresentou na \u00faltima sexta-feira (11) a terceira edi\u00e7\u00e3o do Programa de Acelera\u00e7\u00e3o de Crescimento (PAC), intitulado como Novo PAC. Esse programa teve um papel marcante durante seu segundo mandato e a gest\u00e3o subsequente de Dilma Rousseff, gerando debates acerca de suas contribui\u00e7\u00f5es para o avan\u00e7o da infraestrutura e emprego no pa\u00eds, bem como suas den\u00fancias ligadas a acusa\u00e7\u00f5es de corrup\u00e7\u00e3o e atrasos nas entregas de projetos.<\/p>\n\n\n\n<div class=\"wp-block-image\"><figure class=\"aligncenter size-large\"><img decoding=\"async\" src=\"https:\/\/jornalfatosenoticias.com.br\/wp-content\/uploads\/2020\/02\/logo_esteio.jpg\" alt=\"\" class=\"wp-image-1214\"\/><\/figure><\/div>\n\n\n\n<p>O governo Lula divulgou sua inten\u00e7\u00e3o de alocar R$ 371 bilh\u00f5es do Or\u00e7amento da Uni\u00e3o ao longo de quatro anos para o Novo PAC. Al\u00e9m disso, o programa contar\u00e1 com financiamento adicional de R$ 362 bilh\u00f5es provenientes de empr\u00e9stimos de bancos e fundos p\u00fablicos. O valor total ser\u00e1 aumentado pela inclus\u00e3o de investimentos planejados por estatais como a Petrobras, somando mais R$ 343 bilh\u00f5es. Tamb\u00e9m \u00e9 almejado atrair R$ 612 bilh\u00f5es do setor privado por meio de concess\u00f5es e parcerias p\u00fablico-privadas (PPPs), visando alcan\u00e7ar um montante total de investimentos de R$ 1,7 trilh\u00e3o.<\/p>\n\n\n\n<div class=\"wp-block-image\"><figure class=\"aligncenter size-large\"><img decoding=\"async\" src=\"https:\/\/jornalfatosenoticias.com.br\/wp-content\/uploads\/2020\/02\/barao-das-carnes-300x164-1.jpg\" alt=\"\" class=\"wp-image-34339\"\/><\/figure><\/div>\n\n\n\n<p>Entretanto, de acordo com informa\u00e7\u00f5es divulgadas pelo pr\u00f3prio governo, o Novo PAC retomar\u00e1 projetos anteriormente prometidos nas edi\u00e7\u00f5es 1 e 2 do PAC que n\u00e3o foram executados ou ficaram incompletos. Isso inclui empreendimentos como as ferrovias Transnordestina e Oeste-Leste, bem como a pavimenta\u00e7\u00e3o de estradas em Minas Gerais e Paran\u00e1. Estes s\u00e3o projetos que foram anunciados sob a administra\u00e7\u00e3o petista, mas que permaneceram apenas como promessas, apesar de terem sido reiterados por outras gest\u00f5es.<\/p>\n\n\n\n<div class=\"wp-block-image\"><figure class=\"aligncenter size-large\"><img loading=\"lazy\" decoding=\"async\" width=\"300\" height=\"250\" src=\"https:\/\/jornalfatosenoticias.com.br\/wp-content\/uploads\/2022\/08\/arte-Casarao.jpg\" alt=\"\" class=\"wp-image-33178\"\/><\/figure><\/div>\n\n\n\n<p>De acordo com especialistas em infraestrutura consultados pelo Conex\u00e3o Pol\u00edtica, a constante realidade de projetos com prazos e custos extrapolados no Brasil \u00e9 primariamente resultado de uma deficiente fase de planejamento e an\u00e1lise de execu\u00e7\u00e3o desses empreendimentos. Isso frequentemente leva a interrup\u00e7\u00f5es, seja pela exaust\u00e3o de recursos financeiros durante o processo, ou devido \u00e0 atua\u00e7\u00e3o de entidades de controle, como tribunais de contas e \u00f3rg\u00e3os de fiscaliza\u00e7\u00e3o ambiental, que reagem \u00e0s falhas nos projetos.<\/p>\n\n\n\n<div class=\"wp-block-image\"><figure class=\"aligncenter size-large\"><img loading=\"lazy\" decoding=\"async\" width=\"300\" height=\"250\" src=\"https:\/\/jornalfatosenoticias.com.br\/wp-content\/uploads\/2020\/02\/Banner-2.png\" alt=\"\" class=\"wp-image-43787\"\/><\/figure><\/div>\n\n\n\n<p>Segundo um levantamento do Tribunal de Contas da Uni\u00e3o (TCU), de um total de 21 mil obras financiadas com recursos federais no Pa\u00eds, mais de oito mil est\u00e3o paralisadas, representando cerca de 40% do total. A previs\u00e3o de investimento total nessas obras paralisadas chega a R$ 32,2 bilh\u00f5es, dos quais R$ 8,2 bilh\u00f5es j\u00e1 foram torrados. Durante o lan\u00e7amento do programa, o ministro da Fazenda, Fernando Haddad, comprometeu-se com aprimoramentos na gest\u00e3o dos empreendimentos, embora n\u00e3o tenha detalhado medidas espec\u00edficas para resolver esse problema. <strong>(Fonte: Conex\u00e3o Pol\u00edtica)<\/strong><\/p>\n\n\n\n<hr class=\"wp-block-separator\"\/>\n","protected":false},"excerpt":{"rendered":"<p>Lan\u00e7ado em uma fogueira, uma vez que o Colegiado do Tribunal Superior Eleitoral (TSE) decidiu, por unanimidade, manter o indeferimento do registro de candidatura do prefeito do munic\u00edpio, Paulo Lemos Barbosa (PSD), eleito em 2020, Ailton da Costa Silva (PSDB) est\u00e1 tendo que trocar os pneus com o carro andando, conforme o ditado popular.Com a [&hellip;]<\/p>\n","protected":false},"author":3,"featured_media":44349,"comment_status":"open","ping_status":"open","sticky":false,"template":"","format":"standard","meta":{"footnotes":""},"categories":[10],"tags":[17634,239,11809,2129,18157,240,3898,6682,20698,20881,3506,1345,5390,7580,283,20882,1310,20883,932,1315],"class_list":["post-44338","post","type-post","status-publish","format-standard","has-post-thumbnail","hentry","category-politica","tag-bolsa-de-valores","tag-bolsonaro","tag-cassacao","tag-corrupcao","tag-desgoverno-lula","tag-economia","tag-eletrobras","tag-gasolina","tag-governo-de-sp","tag-ibitirama","tag-infraestrutura","tag-justica","tag-livros","tag-lula","tag-mec","tag-novo-pac","tag-obras","tag-represamento-de-precos","tag-tarcisio-gomes-de-freitas","tag-transparencia"],"yoast_head":"<!-- This site is optimized with the Yoast SEO plugin v26.5 - https:\/\/yoast.com\/wordpress\/plugins\/seo\/ -->\n<title>A Semana em Bras\u00edlia e no ES \u2014 Prefeitura de Ibitirama - Jornal Fatos e Not\u00edcias<\/title>\n<meta name=\"robots\" content=\"index, follow, max-snippet:-1, max-image-preview:large, max-video-preview:-1\" \/>\n<link rel=\"canonical\" href=\"https:\/\/jornalfatosenoticias.com.br\/index.php\/2023\/08\/18\/a-semana-em-brasilia-e-no-es-prefeitura-de-ibitirama\/\" \/>\n<meta property=\"og:locale\" content=\"pt_BR\" \/>\n<meta property=\"og:type\" content=\"article\" \/>\n<meta property=\"og:title\" content=\"A Semana em Bras\u00edlia e no ES \u2014 Prefeitura de Ibitirama - Jornal Fatos e Not\u00edcias\" \/>\n<meta property=\"og:description\" content=\"Lan\u00e7ado em uma fogueira, uma vez que o Colegiado do Tribunal Superior Eleitoral (TSE) decidiu, por unanimidade, manter o indeferimento do registro de candidatura do prefeito do munic\u00edpio, Paulo Lemos Barbosa (PSD), eleito em 2020, Ailton da Costa Silva (PSDB) est\u00e1 tendo que trocar os pneus com o carro andando, conforme o ditado popular.Com a [&hellip;]\" \/>\n<meta property=\"og:url\" content=\"https:\/\/jornalfatosenoticias.com.br\/index.php\/2023\/08\/18\/a-semana-em-brasilia-e-no-es-prefeitura-de-ibitirama\/\" \/>\n<meta property=\"og:site_name\" content=\"Jornal Fatos e Not\u00edcias\" \/>\n<meta property=\"article:published_time\" content=\"2023-08-18T15:28:52+00:00\" \/>\n<meta property=\"article:modified_time\" content=\"2023-08-18T15:34:06+00:00\" \/>\n<meta property=\"og:image\" content=\"https:\/\/jornalfatosenoticias.com.br\/wp-content\/uploads\/2023\/08\/Ailton_Ibitirama.jpg\" \/>\n\t<meta property=\"og:image:width\" content=\"1000\" \/>\n\t<meta property=\"og:image:height\" content=\"609\" \/>\n\t<meta property=\"og:image:type\" content=\"image\/jpeg\" \/>\n<meta name=\"author\" content=\"Haroldo Filho\" \/>\n<meta name=\"twitter:card\" content=\"summary_large_image\" \/>\n<meta name=\"twitter:label1\" content=\"Escrito por\" \/>\n\t<meta name=\"twitter:data1\" content=\"Haroldo Filho\" \/>\n\t<meta name=\"twitter:label2\" content=\"Est. tempo de leitura\" \/>\n\t<meta name=\"twitter:data2\" content=\"14 minutos\" \/>\n<script type=\"application\/ld+json\" class=\"yoast-schema-graph\">{\"@context\":\"https:\/\/schema.org\",\"@graph\":[{\"@type\":\"Article\",\"@id\":\"https:\/\/jornalfatosenoticias.com.br\/index.php\/2023\/08\/18\/a-semana-em-brasilia-e-no-es-prefeitura-de-ibitirama\/#article\",\"isPartOf\":{\"@id\":\"https:\/\/jornalfatosenoticias.com.br\/index.php\/2023\/08\/18\/a-semana-em-brasilia-e-no-es-prefeitura-de-ibitirama\/\"},\"author\":{\"name\":\"Haroldo Filho\",\"@id\":\"https:\/\/jornalfatosenoticias.com.br\/#\/schema\/person\/05c46cc25b42a5c27e004fb0fa6b4965\"},\"headline\":\"A Semana em Bras\u00edlia e no ES \u2014 Prefeitura de Ibitirama\",\"datePublished\":\"2023-08-18T15:28:52+00:00\",\"dateModified\":\"2023-08-18T15:34:06+00:00\",\"mainEntityOfPage\":{\"@id\":\"https:\/\/jornalfatosenoticias.com.br\/index.php\/2023\/08\/18\/a-semana-em-brasilia-e-no-es-prefeitura-de-ibitirama\/\"},\"wordCount\":2894,\"commentCount\":0,\"publisher\":{\"@id\":\"https:\/\/jornalfatosenoticias.com.br\/#organization\"},\"image\":{\"@id\":\"https:\/\/jornalfatosenoticias.com.br\/index.php\/2023\/08\/18\/a-semana-em-brasilia-e-no-es-prefeitura-de-ibitirama\/#primaryimage\"},\"thumbnailUrl\":\"https:\/\/jornalfatosenoticias.com.br\/wp-content\/uploads\/2023\/08\/Ailton_Ibitirama.jpg\",\"keywords\":[\"Bolsa de Valores\",\"Bolsonaro\",\"cassa\u00e7\u00e3o\",\"corrup\u00e7\u00e3o\",\"desgoverno Lula\",\"economia\",\"Eletrobras\",\"gasolina\",\"Governo de SP\",\"Ibitirama\",\"Infraestrutura\",\"justi\u00e7a\",\"livros\",\"Lula\",\"MEC\",\"Novo PAC\",\"obras\",\"Represamento de Pre\u00e7os\",\"Tarc\u00edsio Gomes de Freitas\",\"transpar\u00eancia\"],\"articleSection\":[\"Pol\u00edtica\"],\"inLanguage\":\"pt-BR\",\"potentialAction\":[{\"@type\":\"CommentAction\",\"name\":\"Comment\",\"target\":[\"https:\/\/jornalfatosenoticias.com.br\/index.php\/2023\/08\/18\/a-semana-em-brasilia-e-no-es-prefeitura-de-ibitirama\/#respond\"]}]},{\"@type\":\"WebPage\",\"@id\":\"https:\/\/jornalfatosenoticias.com.br\/index.php\/2023\/08\/18\/a-semana-em-brasilia-e-no-es-prefeitura-de-ibitirama\/\",\"url\":\"https:\/\/jornalfatosenoticias.com.br\/index.php\/2023\/08\/18\/a-semana-em-brasilia-e-no-es-prefeitura-de-ibitirama\/\",\"name\":\"A Semana em Bras\u00edlia e no ES \u2014 Prefeitura de Ibitirama - Jornal Fatos e Not\u00edcias\",\"isPartOf\":{\"@id\":\"https:\/\/jornalfatosenoticias.com.br\/#website\"},\"primaryImageOfPage\":{\"@id\":\"https:\/\/jornalfatosenoticias.com.br\/index.php\/2023\/08\/18\/a-semana-em-brasilia-e-no-es-prefeitura-de-ibitirama\/#primaryimage\"},\"image\":{\"@id\":\"https:\/\/jornalfatosenoticias.com.br\/index.php\/2023\/08\/18\/a-semana-em-brasilia-e-no-es-prefeitura-de-ibitirama\/#primaryimage\"},\"thumbnailUrl\":\"https:\/\/jornalfatosenoticias.com.br\/wp-content\/uploads\/2023\/08\/Ailton_Ibitirama.jpg\",\"datePublished\":\"2023-08-18T15:28:52+00:00\",\"dateModified\":\"2023-08-18T15:34:06+00:00\",\"breadcrumb\":{\"@id\":\"https:\/\/jornalfatosenoticias.com.br\/index.php\/2023\/08\/18\/a-semana-em-brasilia-e-no-es-prefeitura-de-ibitirama\/#breadcrumb\"},\"inLanguage\":\"pt-BR\",\"potentialAction\":[{\"@type\":\"ReadAction\",\"target\":[\"https:\/\/jornalfatosenoticias.com.br\/index.php\/2023\/08\/18\/a-semana-em-brasilia-e-no-es-prefeitura-de-ibitirama\/\"]}]},{\"@type\":\"ImageObject\",\"inLanguage\":\"pt-BR\",\"@id\":\"https:\/\/jornalfatosenoticias.com.br\/index.php\/2023\/08\/18\/a-semana-em-brasilia-e-no-es-prefeitura-de-ibitirama\/#primaryimage\",\"url\":\"https:\/\/jornalfatosenoticias.com.br\/wp-content\/uploads\/2023\/08\/Ailton_Ibitirama.jpg\",\"contentUrl\":\"https:\/\/jornalfatosenoticias.com.br\/wp-content\/uploads\/2023\/08\/Ailton_Ibitirama.jpg\",\"width\":1000,\"height\":609},{\"@type\":\"BreadcrumbList\",\"@id\":\"https:\/\/jornalfatosenoticias.com.br\/index.php\/2023\/08\/18\/a-semana-em-brasilia-e-no-es-prefeitura-de-ibitirama\/#breadcrumb\",\"itemListElement\":[{\"@type\":\"ListItem\",\"position\":1,\"name\":\"In\u00edcio\",\"item\":\"https:\/\/jornalfatosenoticias.com.br\/\"},{\"@type\":\"ListItem\",\"position\":2,\"name\":\"A Semana em Bras\u00edlia e no ES \u2014 Prefeitura de Ibitirama\"}]},{\"@type\":\"WebSite\",\"@id\":\"https:\/\/jornalfatosenoticias.com.br\/#website\",\"url\":\"https:\/\/jornalfatosenoticias.com.br\/\",\"name\":\"Jornal Fatos e Not\u00edcias\",\"description\":\"Not\u00edcias em geral\",\"publisher\":{\"@id\":\"https:\/\/jornalfatosenoticias.com.br\/#organization\"},\"potentialAction\":[{\"@type\":\"SearchAction\",\"target\":{\"@type\":\"EntryPoint\",\"urlTemplate\":\"https:\/\/jornalfatosenoticias.com.br\/?s={search_term_string}\"},\"query-input\":{\"@type\":\"PropertyValueSpecification\",\"valueRequired\":true,\"valueName\":\"search_term_string\"}}],\"inLanguage\":\"pt-BR\"},{\"@type\":\"Organization\",\"@id\":\"https:\/\/jornalfatosenoticias.com.br\/#organization\",\"name\":\"Jornal Fatos e Not\u00edcias\",\"url\":\"https:\/\/jornalfatosenoticias.com.br\/\",\"logo\":{\"@type\":\"ImageObject\",\"inLanguage\":\"pt-BR\",\"@id\":\"https:\/\/jornalfatosenoticias.com.br\/#\/schema\/logo\/image\/\",\"url\":\"https:\/\/jornalfatosenoticias.com.br\/wp-content\/uploads\/2020\/02\/logo120.png\",\"contentUrl\":\"https:\/\/jornalfatosenoticias.com.br\/wp-content\/uploads\/2020\/02\/logo120.png\",\"width\":1227,\"height\":120,\"caption\":\"Jornal Fatos e Not\u00edcias\"},\"image\":{\"@id\":\"https:\/\/jornalfatosenoticias.com.br\/#\/schema\/logo\/image\/\"}},{\"@type\":\"Person\",\"@id\":\"https:\/\/jornalfatosenoticias.com.br\/#\/schema\/person\/05c46cc25b42a5c27e004fb0fa6b4965\",\"name\":\"Haroldo Filho\",\"image\":{\"@type\":\"ImageObject\",\"inLanguage\":\"pt-BR\",\"@id\":\"https:\/\/jornalfatosenoticias.com.br\/#\/schema\/person\/image\/\",\"url\":\"https:\/\/jornalfatosenoticias.com.br\/wp-content\/uploads\/2025\/08\/WhatsApp-Image-2025-08-18-at-15.30.28-150x150.jpeg\",\"contentUrl\":\"https:\/\/jornalfatosenoticias.com.br\/wp-content\/uploads\/2025\/08\/WhatsApp-Image-2025-08-18-at-15.30.28-150x150.jpeg\",\"caption\":\"Haroldo Filho\"},\"description\":\"Jornalista \u2013 DRT: 0003818\/ES Coordenador-geral da ONG Educar para Crescer\",\"url\":\"https:\/\/jornalfatosenoticias.com.br\/index.php\/author\/haroldo\/\"}]}<\/script>\n<!-- \/ Yoast SEO plugin. -->","yoast_head_json":{"title":"A Semana em Bras\u00edlia e no ES \u2014 Prefeitura de Ibitirama - Jornal Fatos e Not\u00edcias","robots":{"index":"index","follow":"follow","max-snippet":"max-snippet:-1","max-image-preview":"max-image-preview:large","max-video-preview":"max-video-preview:-1"},"canonical":"https:\/\/jornalfatosenoticias.com.br\/index.php\/2023\/08\/18\/a-semana-em-brasilia-e-no-es-prefeitura-de-ibitirama\/","og_locale":"pt_BR","og_type":"article","og_title":"A Semana em Bras\u00edlia e no ES \u2014 Prefeitura de Ibitirama - Jornal Fatos e Not\u00edcias","og_description":"Lan\u00e7ado em uma fogueira, uma vez que o Colegiado do Tribunal Superior Eleitoral (TSE) decidiu, por unanimidade, manter o indeferimento do registro de candidatura do prefeito do munic\u00edpio, Paulo Lemos Barbosa (PSD), eleito em 2020, Ailton da Costa Silva (PSDB) est\u00e1 tendo que trocar os pneus com o carro andando, conforme o ditado popular.Com a [&hellip;]","og_url":"https:\/\/jornalfatosenoticias.com.br\/index.php\/2023\/08\/18\/a-semana-em-brasilia-e-no-es-prefeitura-de-ibitirama\/","og_site_name":"Jornal Fatos e Not\u00edcias","article_published_time":"2023-08-18T15:28:52+00:00","article_modified_time":"2023-08-18T15:34:06+00:00","og_image":[{"width":1000,"height":609,"url":"https:\/\/jornalfatosenoticias.com.br\/wp-content\/uploads\/2023\/08\/Ailton_Ibitirama.jpg","type":"image\/jpeg"}],"author":"Haroldo Filho","twitter_card":"summary_large_image","twitter_misc":{"Escrito por":"Haroldo Filho","Est. tempo de leitura":"14 minutos"},"schema":{"@context":"https:\/\/schema.org","@graph":[{"@type":"Article","@id":"https:\/\/jornalfatosenoticias.com.br\/index.php\/2023\/08\/18\/a-semana-em-brasilia-e-no-es-prefeitura-de-ibitirama\/#article","isPartOf":{"@id":"https:\/\/jornalfatosenoticias.com.br\/index.php\/2023\/08\/18\/a-semana-em-brasilia-e-no-es-prefeitura-de-ibitirama\/"},"author":{"name":"Haroldo Filho","@id":"https:\/\/jornalfatosenoticias.com.br\/#\/schema\/person\/05c46cc25b42a5c27e004fb0fa6b4965"},"headline":"A Semana em Bras\u00edlia e no ES \u2014 Prefeitura de Ibitirama","datePublished":"2023-08-18T15:28:52+00:00","dateModified":"2023-08-18T15:34:06+00:00","mainEntityOfPage":{"@id":"https:\/\/jornalfatosenoticias.com.br\/index.php\/2023\/08\/18\/a-semana-em-brasilia-e-no-es-prefeitura-de-ibitirama\/"},"wordCount":2894,"commentCount":0,"publisher":{"@id":"https:\/\/jornalfatosenoticias.com.br\/#organization"},"image":{"@id":"https:\/\/jornalfatosenoticias.com.br\/index.php\/2023\/08\/18\/a-semana-em-brasilia-e-no-es-prefeitura-de-ibitirama\/#primaryimage"},"thumbnailUrl":"https:\/\/jornalfatosenoticias.com.br\/wp-content\/uploads\/2023\/08\/Ailton_Ibitirama.jpg","keywords":["Bolsa de Valores","Bolsonaro","cassa\u00e7\u00e3o","corrup\u00e7\u00e3o","desgoverno Lula","economia","Eletrobras","gasolina","Governo de SP","Ibitirama","Infraestrutura","justi\u00e7a","livros","Lula","MEC","Novo PAC","obras","Represamento de Pre\u00e7os","Tarc\u00edsio Gomes de Freitas","transpar\u00eancia"],"articleSection":["Pol\u00edtica"],"inLanguage":"pt-BR","potentialAction":[{"@type":"CommentAction","name":"Comment","target":["https:\/\/jornalfatosenoticias.com.br\/index.php\/2023\/08\/18\/a-semana-em-brasilia-e-no-es-prefeitura-de-ibitirama\/#respond"]}]},{"@type":"WebPage","@id":"https:\/\/jornalfatosenoticias.com.br\/index.php\/2023\/08\/18\/a-semana-em-brasilia-e-no-es-prefeitura-de-ibitirama\/","url":"https:\/\/jornalfatosenoticias.com.br\/index.php\/2023\/08\/18\/a-semana-em-brasilia-e-no-es-prefeitura-de-ibitirama\/","name":"A Semana em Bras\u00edlia e no ES \u2014 Prefeitura de Ibitirama - Jornal Fatos e Not\u00edcias","isPartOf":{"@id":"https:\/\/jornalfatosenoticias.com.br\/#website"},"primaryImageOfPage":{"@id":"https:\/\/jornalfatosenoticias.com.br\/index.php\/2023\/08\/18\/a-semana-em-brasilia-e-no-es-prefeitura-de-ibitirama\/#primaryimage"},"image":{"@id":"https:\/\/jornalfatosenoticias.com.br\/index.php\/2023\/08\/18\/a-semana-em-brasilia-e-no-es-prefeitura-de-ibitirama\/#primaryimage"},"thumbnailUrl":"https:\/\/jornalfatosenoticias.com.br\/wp-content\/uploads\/2023\/08\/Ailton_Ibitirama.jpg","datePublished":"2023-08-18T15:28:52+00:00","dateModified":"2023-08-18T15:34:06+00:00","breadcrumb":{"@id":"https:\/\/jornalfatosenoticias.com.br\/index.php\/2023\/08\/18\/a-semana-em-brasilia-e-no-es-prefeitura-de-ibitirama\/#breadcrumb"},"inLanguage":"pt-BR","potentialAction":[{"@type":"ReadAction","target":["https:\/\/jornalfatosenoticias.com.br\/index.php\/2023\/08\/18\/a-semana-em-brasilia-e-no-es-prefeitura-de-ibitirama\/"]}]},{"@type":"ImageObject","inLanguage":"pt-BR","@id":"https:\/\/jornalfatosenoticias.com.br\/index.php\/2023\/08\/18\/a-semana-em-brasilia-e-no-es-prefeitura-de-ibitirama\/#primaryimage","url":"https:\/\/jornalfatosenoticias.com.br\/wp-content\/uploads\/2023\/08\/Ailton_Ibitirama.jpg","contentUrl":"https:\/\/jornalfatosenoticias.com.br\/wp-content\/uploads\/2023\/08\/Ailton_Ibitirama.jpg","width":1000,"height":609},{"@type":"BreadcrumbList","@id":"https:\/\/jornalfatosenoticias.com.br\/index.php\/2023\/08\/18\/a-semana-em-brasilia-e-no-es-prefeitura-de-ibitirama\/#breadcrumb","itemListElement":[{"@type":"ListItem","position":1,"name":"In\u00edcio","item":"https:\/\/jornalfatosenoticias.com.br\/"},{"@type":"ListItem","position":2,"name":"A Semana em Bras\u00edlia e no ES \u2014 Prefeitura de Ibitirama"}]},{"@type":"WebSite","@id":"https:\/\/jornalfatosenoticias.com.br\/#website","url":"https:\/\/jornalfatosenoticias.com.br\/","name":"Jornal Fatos e Not\u00edcias","description":"Not\u00edcias em geral","publisher":{"@id":"https:\/\/jornalfatosenoticias.com.br\/#organization"},"potentialAction":[{"@type":"SearchAction","target":{"@type":"EntryPoint","urlTemplate":"https:\/\/jornalfatosenoticias.com.br\/?s={search_term_string}"},"query-input":{"@type":"PropertyValueSpecification","valueRequired":true,"valueName":"search_term_string"}}],"inLanguage":"pt-BR"},{"@type":"Organization","@id":"https:\/\/jornalfatosenoticias.com.br\/#organization","name":"Jornal Fatos e Not\u00edcias","url":"https:\/\/jornalfatosenoticias.com.br\/","logo":{"@type":"ImageObject","inLanguage":"pt-BR","@id":"https:\/\/jornalfatosenoticias.com.br\/#\/schema\/logo\/image\/","url":"https:\/\/jornalfatosenoticias.com.br\/wp-content\/uploads\/2020\/02\/logo120.png","contentUrl":"https:\/\/jornalfatosenoticias.com.br\/wp-content\/uploads\/2020\/02\/logo120.png","width":1227,"height":120,"caption":"Jornal Fatos e Not\u00edcias"},"image":{"@id":"https:\/\/jornalfatosenoticias.com.br\/#\/schema\/logo\/image\/"}},{"@type":"Person","@id":"https:\/\/jornalfatosenoticias.com.br\/#\/schema\/person\/05c46cc25b42a5c27e004fb0fa6b4965","name":"Haroldo Filho","image":{"@type":"ImageObject","inLanguage":"pt-BR","@id":"https:\/\/jornalfatosenoticias.com.br\/#\/schema\/person\/image\/","url":"https:\/\/jornalfatosenoticias.com.br\/wp-content\/uploads\/2025\/08\/WhatsApp-Image-2025-08-18-at-15.30.28-150x150.jpeg","contentUrl":"https:\/\/jornalfatosenoticias.com.br\/wp-content\/uploads\/2025\/08\/WhatsApp-Image-2025-08-18-at-15.30.28-150x150.jpeg","caption":"Haroldo Filho"},"description":"Jornalista \u2013 DRT: 0003818\/ES Coordenador-geral da ONG Educar para Crescer","url":"https:\/\/jornalfatosenoticias.com.br\/index.php\/author\/haroldo\/"}]}},"cc_featured_image_caption":{"caption_text":"","source_text":"","source_url":""},"jetpack_featured_media_url":"https:\/\/jornalfatosenoticias.com.br\/wp-content\/uploads\/2023\/08\/Ailton_Ibitirama.jpg","_links":{"self":[{"href":"https:\/\/jornalfatosenoticias.com.br\/index.php\/wp-json\/wp\/v2\/posts\/44338","targetHints":{"allow":["GET"]}}],"collection":[{"href":"https:\/\/jornalfatosenoticias.com.br\/index.php\/wp-json\/wp\/v2\/posts"}],"about":[{"href":"https:\/\/jornalfatosenoticias.com.br\/index.php\/wp-json\/wp\/v2\/types\/post"}],"author":[{"embeddable":true,"href":"https:\/\/jornalfatosenoticias.com.br\/index.php\/wp-json\/wp\/v2\/users\/3"}],"replies":[{"embeddable":true,"href":"https:\/\/jornalfatosenoticias.com.br\/index.php\/wp-json\/wp\/v2\/comments?post=44338"}],"version-history":[{"count":0,"href":"https:\/\/jornalfatosenoticias.com.br\/index.php\/wp-json\/wp\/v2\/posts\/44338\/revisions"}],"wp:featuredmedia":[{"embeddable":true,"href":"https:\/\/jornalfatosenoticias.com.br\/index.php\/wp-json\/wp\/v2\/media\/44349"}],"wp:attachment":[{"href":"https:\/\/jornalfatosenoticias.com.br\/index.php\/wp-json\/wp\/v2\/media?parent=44338"}],"wp:term":[{"taxonomy":"category","embeddable":true,"href":"https:\/\/jornalfatosenoticias.com.br\/index.php\/wp-json\/wp\/v2\/categories?post=44338"},{"taxonomy":"post_tag","embeddable":true,"href":"https:\/\/jornalfatosenoticias.com.br\/index.php\/wp-json\/wp\/v2\/tags?post=44338"}],"curies":[{"name":"wp","href":"https:\/\/api.w.org\/{rel}","templated":true}]}}