{"id":44384,"date":"2023-08-21T10:46:54","date_gmt":"2023-08-21T13:46:54","guid":{"rendered":"https:\/\/jornalfatosenoticias.com.br\/?p=44384"},"modified":"2023-08-21T10:46:54","modified_gmt":"2023-08-21T13:46:54","slug":"no-paraguai-santiago-pena-inicia-mandato-coordenando-combate-a-corrupcao-nos-tres-poderes","status":"publish","type":"post","link":"https:\/\/jornalfatosenoticias.com.br\/index.php\/2023\/08\/21\/no-paraguai-santiago-pena-inicia-mandato-coordenando-combate-a-corrupcao-nos-tres-poderes\/","title":{"rendered":"No Paraguai, Santiago Pe\u00f1a inicia mandato coordenando combate \u00e0 corrup\u00e7\u00e3o nos Tr\u00eas Poderes"},"content":{"rendered":"\n<p><em><span class=\"has-inline-color has-black-color\">Novo presidente do pa\u00eds diz que for\u00e7a-tarefa alcan\u00e7ar\u00e1 todo o territ\u00f3rio nacional<\/span><\/em><\/p>\n\n\n\n<p><em><span class=\"has-inline-color has-black-color\">Por <strong><a href=\"https:\/\/www.conexaopolitica.com.br\/author\/raul\/\">Raul Holderf Nascimento<\/a><\/strong><\/span><\/em><\/p>\n\n\n\n<div class=\"wp-block-image\"><figure class=\"aligncenter size-large\"><img loading=\"lazy\" decoding=\"async\" width=\"300\" height=\"137\" src=\"https:\/\/jornalfatosenoticias.com.br\/wp-content\/uploads\/2023\/06\/LOGO_JULIANA-GRACA_PORTAL.jpg\" alt=\"\" class=\"wp-image-42597\"\/><\/figure><\/div>\n\n\n\n<p>H\u00e1 menos de uma semana no poder, o conservador <a href=\"https:\/\/www.conexaopolitica.com.br\/tag\/santiago-pena\/\">Santiago Pe\u00f1a<\/a>, de 44 anos, iniciou seu mandato coordenando uma ampla atua\u00e7\u00e3o de combate \u00e0 corrup\u00e7\u00e3o no <a href=\"https:\/\/www.conexaopolitica.com.br\/tag\/paraguai\/\">Paraguai<\/a>. Neste domingo (20), o direitista realizou uma comitiva para anunciar uma for\u00e7a-tarefa que se entender\u00e1 por todo o pa\u00eds, em uma a\u00e7\u00e3o frontal que envolver\u00e1 os Tr\u00eas Poderes da Rep\u00fablica.<\/p>\n\n\n\n<blockquote class=\"wp-block-quote is-layout-flow wp-block-quote-is-layout-flow\"><p><span class=\"has-inline-color has-luminous-vivid-orange-color\">Tenho a convic\u00e7\u00e3o de que os problemas de corrup\u00e7\u00e3o ser\u00e3o resolvidos com uma justi\u00e7a independente, imparcial e r\u00e1pida, com recursos suficientes para garantir uma administra\u00e7\u00e3o adequada e homog\u00eanea em todo o territ\u00f3rio nacional\u201d, externou o mandat\u00e1rio.<\/span><\/p><\/blockquote>\n\n\n\n<div class=\"wp-block-image\"><figure class=\"aligncenter size-large is-resized\"><img loading=\"lazy\" decoding=\"async\" src=\"https:\/\/jornalfatosenoticias.com.br\/wp-content\/uploads\/2020\/02\/casa-do-torresmo_portal.jpg\" alt=\"\" class=\"wp-image-34472\" width=\"275\" height=\"275\" srcset=\"https:\/\/jornalfatosenoticias.com.br\/wp-content\/uploads\/2020\/02\/casa-do-torresmo_portal.jpg 300w, https:\/\/jornalfatosenoticias.com.br\/wp-content\/uploads\/2020\/02\/casa-do-torresmo_portal-150x150.jpg 150w\" sizes=\"auto, (max-width: 275px) 100vw, 275px\" \/><\/figure><\/div>\n\n\n\n<p>Pe\u00f1a, que \u00e9 <a href=\"https:\/\/www.conexaopolitica.com.br\/internacional\/prestes-a-deixar-a-presidencia-do-paraguai-mario-abdo-benitez-posta-video-ao-lado-de-bolsonaro\/\">um dos principais nomes do Partido Colorado<\/a>, disse que seu compromisso \u00e9 com a transpar\u00eancia. Trata-se, segundo ele, de medidas efetivas que ir\u00e3o dissipar a imagem negativa e distorcida que o pa\u00eds tem diante do mundo.<\/p>\n\n\n\n<blockquote class=\"wp-block-quote is-layout-flow wp-block-quote-is-layout-flow\"><p><span class=\"has-inline-color has-luminous-vivid-orange-color\">Trata-se de uma decis\u00e3o pol\u00edtica clara, contundente e inabal\u00e1vel. S\u00e3o pol\u00edticas pr\u00f3-transpar\u00eancia que foram bem-sucedidas em outros pa\u00edses e que nos permitir\u00e3o mostrar ao mundo e a n\u00f3s mesmos que o Paraguai est\u00e1 muito melhor do que infelizmente alguns relatos transmitem\u201d, prosseguiu Pe\u00f1a.<\/span><\/p><\/blockquote>\n\n\n\n<div class=\"wp-block-image\"><figure class=\"aligncenter size-large is-resized\"><img loading=\"lazy\" decoding=\"async\" src=\"https:\/\/jornalfatosenoticias.com.br\/wp-content\/uploads\/2023\/08\/VSM-Group.jpeg\" alt=\"\" class=\"wp-image-44364\" width=\"290\" height=\"290\"\/><\/figure><\/div>\n\n\n\n<p>Durante a coletiva, o direitista afirmou ainda que a corrup\u00e7\u00e3o \u00e9 um agente destruidor das institui\u00e7\u00f5es democr\u00e1ticas e, consequentemente, deve ser combatida de todas as formas, sem nenhum tipo de toler\u00e2ncia.<\/p>\n\n\n\n<blockquote class=\"wp-block-quote is-layout-flow wp-block-quote-is-layout-flow\"><p><span class=\"has-inline-color has-luminous-vivid-orange-color\">A corrup\u00e7\u00e3o \u00e9 um flagelo que corr\u00f3i a for\u00e7a das institui\u00e7\u00f5es e que impede o desenvolvimento. Temos a possibilidade e a oportunidade de trabalhar unidos, da mesma forma como n\u00f3s paraguaios j\u00e1 fizemos em outros momentos da nossa hist\u00f3ria \u2014 juntos \u2014 para enfrentar os grandes desafios\u201d, emendou.<\/span><\/p><\/blockquote>\n\n\n\n<div class=\"wp-block-image\"><figure class=\"aligncenter size-large is-resized\"><img loading=\"lazy\" decoding=\"async\" src=\"https:\/\/jornalfatosenoticias.com.br\/wp-content\/uploads\/2023\/03\/nova-logo-Marquetti.jpg\" alt=\"\" class=\"wp-image-40207\" width=\"303\" height=\"203\" srcset=\"https:\/\/jornalfatosenoticias.com.br\/wp-content\/uploads\/2023\/03\/nova-logo-Marquetti.jpg 643w, https:\/\/jornalfatosenoticias.com.br\/wp-content\/uploads\/2023\/03\/nova-logo-Marquetti-300x202.jpg 300w\" sizes=\"auto, (max-width: 303px) 100vw, 303px\" \/><\/figure><\/div>\n\n\n\n<p><strong><span class=\"has-inline-color has-black-color\">At\u00e9 2028<br><\/span><\/strong>A ascens\u00e3o de Santiago Pe\u00f1a consolida a <a href=\"https:\/\/www.conexaopolitica.com.br\/internacional\/quem-e-santiago-pena-novo-presidente-do-paraguai-ate-2028\/\">hegemonia da direita no governo, marcando um legado de mais de sete d\u00e9cadas<\/a>. Diferentemente de alguns sistemas eleitorais, o Paraguai n\u00e3o permite reelei\u00e7\u00e3o nem segundo turno presidencial, tendo cada presidente um \u00fanico mandato de cinco anos.<br>Nas elei\u00e7\u00f5es deste ano, <a href=\"https:\/\/www.conexaopolitica.com.br\/internacional\/conservador-santiago-pena-do-colorado-vence-eleicao-presidencial-no-paraguai\/\">Pe\u00f1a conquistou cerca de 42,74% dos votos<\/a>, enquanto o<a href=\"https:\/\/www.conexaopolitica.com.br\/internacional\/quem-e-efraim-alegre-conheca-o-candidato-a-presidencia-do-paraguai\/\">\u00a0segundo colocado, apoiado por l\u00edderes de esquerda como Jos\u00e9 Mujica, ex-presidente do Uruguai, obteve 27,48%<\/a>.<\/p>\n\n\n\n<div class=\"wp-block-image\"><figure class=\"aligncenter size-large is-resized\"><img loading=\"lazy\" decoding=\"async\" src=\"https:\/\/jornalfatosenoticias.com.br\/wp-content\/uploads\/2020\/02\/LOGO-BLU-COMERCIAL-PRETO-1024x600.jpg\" alt=\"\" class=\"wp-image-44089\" width=\"355\" height=\"207\"\/><\/figure><\/div>\n\n\n\n<p><strong><em>Fonte: <a href=\"https:\/\/www.conexaopolitica.com.br\/internacional\/no-paraguai-santiago-pena-inicia-mandato-coordenando-combate-a-corrupcao-nos-tres-poderes\/\">Conex\u00e3o Pol\u00edtica<\/a><\/em><\/strong><\/p>\n","protected":false},"excerpt":{"rendered":"<p>Novo presidente do pa\u00eds diz que for\u00e7a-tarefa alcan\u00e7ar\u00e1 todo o territ\u00f3rio nacional Por Raul Holderf Nascimento H\u00e1 menos de uma semana no poder, o conservador Santiago Pe\u00f1a, de 44 anos, iniciou seu mandato coordenando uma ampla atua\u00e7\u00e3o de combate \u00e0 corrup\u00e7\u00e3o no Paraguai. Neste domingo (20), o direitista realizou uma comitiva para anunciar uma for\u00e7a-tarefa [&hellip;]<\/p>\n","protected":false},"author":2,"featured_media":44385,"comment_status":"open","ping_status":"open","sticky":false,"template":"","format":"standard","meta":{"footnotes":""},"categories":[41],"tags":[20900,20901,1521,20902,20903],"class_list":["post-44384","post","type-post","status-publish","format-standard","has-post-thumbnail","hentry","category-internacional","tag-combate-a-corrupcao","tag-novo-presidente","tag-paraguai","tag-santiago-pena","tag-tres-poderes"],"yoast_head":"<!-- This site is optimized with the Yoast SEO plugin v26.5 - https:\/\/yoast.com\/wordpress\/plugins\/seo\/ -->\n<title>No Paraguai, Santiago Pe\u00f1a inicia mandato coordenando combate \u00e0 corrup\u00e7\u00e3o nos Tr\u00eas Poderes - Jornal Fatos e Not\u00edcias<\/title>\n<meta name=\"robots\" content=\"index, follow, max-snippet:-1, max-image-preview:large, max-video-preview:-1\" \/>\n<link rel=\"canonical\" href=\"https:\/\/jornalfatosenoticias.com.br\/index.php\/2023\/08\/21\/no-paraguai-santiago-pena-inicia-mandato-coordenando-combate-a-corrupcao-nos-tres-poderes\/\" \/>\n<meta property=\"og:locale\" content=\"pt_BR\" \/>\n<meta property=\"og:type\" content=\"article\" \/>\n<meta property=\"og:title\" content=\"No Paraguai, Santiago Pe\u00f1a inicia mandato coordenando combate \u00e0 corrup\u00e7\u00e3o nos Tr\u00eas Poderes - Jornal Fatos e Not\u00edcias\" \/>\n<meta property=\"og:description\" content=\"Novo presidente do pa\u00eds diz que for\u00e7a-tarefa alcan\u00e7ar\u00e1 todo o territ\u00f3rio nacional Por Raul Holderf Nascimento H\u00e1 menos de uma semana no poder, o conservador Santiago Pe\u00f1a, de 44 anos, iniciou seu mandato coordenando uma ampla atua\u00e7\u00e3o de combate \u00e0 corrup\u00e7\u00e3o no Paraguai. Neste domingo (20), o direitista realizou uma comitiva para anunciar uma for\u00e7a-tarefa [&hellip;]\" \/>\n<meta property=\"og:url\" content=\"https:\/\/jornalfatosenoticias.com.br\/index.php\/2023\/08\/21\/no-paraguai-santiago-pena-inicia-mandato-coordenando-combate-a-corrupcao-nos-tres-poderes\/\" \/>\n<meta property=\"og:site_name\" content=\"Jornal Fatos e Not\u00edcias\" \/>\n<meta property=\"article:published_time\" content=\"2023-08-21T13:46:54+00:00\" \/>\n<meta property=\"og:image\" content=\"https:\/\/jornalfatosenoticias.com.br\/wp-content\/uploads\/2023\/08\/Santiago-Pena.jpg\" \/>\n\t<meta property=\"og:image:width\" content=\"828\" \/>\n\t<meta property=\"og:image:height\" content=\"466\" \/>\n\t<meta property=\"og:image:type\" content=\"image\/jpeg\" \/>\n<meta name=\"author\" content=\"Luzimara Fernandes\" \/>\n<meta name=\"twitter:card\" content=\"summary_large_image\" \/>\n<meta name=\"twitter:label1\" content=\"Escrito por\" \/>\n\t<meta name=\"twitter:data1\" content=\"Luzimara Fernandes\" \/>\n\t<meta name=\"twitter:label2\" content=\"Est. tempo de leitura\" \/>\n\t<meta name=\"twitter:data2\" content=\"2 minutos\" \/>\n<script type=\"application\/ld+json\" class=\"yoast-schema-graph\">{\"@context\":\"https:\/\/schema.org\",\"@graph\":[{\"@type\":\"Article\",\"@id\":\"https:\/\/jornalfatosenoticias.com.br\/index.php\/2023\/08\/21\/no-paraguai-santiago-pena-inicia-mandato-coordenando-combate-a-corrupcao-nos-tres-poderes\/#article\",\"isPartOf\":{\"@id\":\"https:\/\/jornalfatosenoticias.com.br\/index.php\/2023\/08\/21\/no-paraguai-santiago-pena-inicia-mandato-coordenando-combate-a-corrupcao-nos-tres-poderes\/\"},\"author\":{\"name\":\"Luzimara Fernandes\",\"@id\":\"https:\/\/jornalfatosenoticias.com.br\/#\/schema\/person\/d63837fa13ac8666eb9e74e0985d6f81\"},\"headline\":\"No Paraguai, Santiago Pe\u00f1a inicia mandato coordenando combate \u00e0 corrup\u00e7\u00e3o nos Tr\u00eas Poderes\",\"datePublished\":\"2023-08-21T13:46:54+00:00\",\"mainEntityOfPage\":{\"@id\":\"https:\/\/jornalfatosenoticias.com.br\/index.php\/2023\/08\/21\/no-paraguai-santiago-pena-inicia-mandato-coordenando-combate-a-corrupcao-nos-tres-poderes\/\"},\"wordCount\":405,\"commentCount\":0,\"publisher\":{\"@id\":\"https:\/\/jornalfatosenoticias.com.br\/#organization\"},\"image\":{\"@id\":\"https:\/\/jornalfatosenoticias.com.br\/index.php\/2023\/08\/21\/no-paraguai-santiago-pena-inicia-mandato-coordenando-combate-a-corrupcao-nos-tres-poderes\/#primaryimage\"},\"thumbnailUrl\":\"https:\/\/jornalfatosenoticias.com.br\/wp-content\/uploads\/2023\/08\/Santiago-Pena.jpg\",\"keywords\":[\"combate \u00e0 corrup\u00e7\u00e3o\",\"novo presidente\",\"Paraguai\",\"Santiago Pe\u00f1a\",\"Tr\u00eas Poderes\"],\"articleSection\":[\"Internacional\"],\"inLanguage\":\"pt-BR\",\"potentialAction\":[{\"@type\":\"CommentAction\",\"name\":\"Comment\",\"target\":[\"https:\/\/jornalfatosenoticias.com.br\/index.php\/2023\/08\/21\/no-paraguai-santiago-pena-inicia-mandato-coordenando-combate-a-corrupcao-nos-tres-poderes\/#respond\"]}]},{\"@type\":\"WebPage\",\"@id\":\"https:\/\/jornalfatosenoticias.com.br\/index.php\/2023\/08\/21\/no-paraguai-santiago-pena-inicia-mandato-coordenando-combate-a-corrupcao-nos-tres-poderes\/\",\"url\":\"https:\/\/jornalfatosenoticias.com.br\/index.php\/2023\/08\/21\/no-paraguai-santiago-pena-inicia-mandato-coordenando-combate-a-corrupcao-nos-tres-poderes\/\",\"name\":\"No Paraguai, Santiago Pe\u00f1a inicia mandato coordenando combate \u00e0 corrup\u00e7\u00e3o nos Tr\u00eas Poderes - Jornal Fatos e Not\u00edcias\",\"isPartOf\":{\"@id\":\"https:\/\/jornalfatosenoticias.com.br\/#website\"},\"primaryImageOfPage\":{\"@id\":\"https:\/\/jornalfatosenoticias.com.br\/index.php\/2023\/08\/21\/no-paraguai-santiago-pena-inicia-mandato-coordenando-combate-a-corrupcao-nos-tres-poderes\/#primaryimage\"},\"image\":{\"@id\":\"https:\/\/jornalfatosenoticias.com.br\/index.php\/2023\/08\/21\/no-paraguai-santiago-pena-inicia-mandato-coordenando-combate-a-corrupcao-nos-tres-poderes\/#primaryimage\"},\"thumbnailUrl\":\"https:\/\/jornalfatosenoticias.com.br\/wp-content\/uploads\/2023\/08\/Santiago-Pena.jpg\",\"datePublished\":\"2023-08-21T13:46:54+00:00\",\"breadcrumb\":{\"@id\":\"https:\/\/jornalfatosenoticias.com.br\/index.php\/2023\/08\/21\/no-paraguai-santiago-pena-inicia-mandato-coordenando-combate-a-corrupcao-nos-tres-poderes\/#breadcrumb\"},\"inLanguage\":\"pt-BR\",\"potentialAction\":[{\"@type\":\"ReadAction\",\"target\":[\"https:\/\/jornalfatosenoticias.com.br\/index.php\/2023\/08\/21\/no-paraguai-santiago-pena-inicia-mandato-coordenando-combate-a-corrupcao-nos-tres-poderes\/\"]}]},{\"@type\":\"ImageObject\",\"inLanguage\":\"pt-BR\",\"@id\":\"https:\/\/jornalfatosenoticias.com.br\/index.php\/2023\/08\/21\/no-paraguai-santiago-pena-inicia-mandato-coordenando-combate-a-corrupcao-nos-tres-poderes\/#primaryimage\",\"url\":\"https:\/\/jornalfatosenoticias.com.br\/wp-content\/uploads\/2023\/08\/Santiago-Pena.jpg\",\"contentUrl\":\"https:\/\/jornalfatosenoticias.com.br\/wp-content\/uploads\/2023\/08\/Santiago-Pena.jpg\",\"width\":828,\"height\":466},{\"@type\":\"BreadcrumbList\",\"@id\":\"https:\/\/jornalfatosenoticias.com.br\/index.php\/2023\/08\/21\/no-paraguai-santiago-pena-inicia-mandato-coordenando-combate-a-corrupcao-nos-tres-poderes\/#breadcrumb\",\"itemListElement\":[{\"@type\":\"ListItem\",\"position\":1,\"name\":\"In\u00edcio\",\"item\":\"https:\/\/jornalfatosenoticias.com.br\/\"},{\"@type\":\"ListItem\",\"position\":2,\"name\":\"No Paraguai, Santiago Pe\u00f1a inicia mandato coordenando combate \u00e0 corrup\u00e7\u00e3o nos Tr\u00eas Poderes\"}]},{\"@type\":\"WebSite\",\"@id\":\"https:\/\/jornalfatosenoticias.com.br\/#website\",\"url\":\"https:\/\/jornalfatosenoticias.com.br\/\",\"name\":\"Jornal Fatos e Not\u00edcias\",\"description\":\"Not\u00edcias em geral\",\"publisher\":{\"@id\":\"https:\/\/jornalfatosenoticias.com.br\/#organization\"},\"potentialAction\":[{\"@type\":\"SearchAction\",\"target\":{\"@type\":\"EntryPoint\",\"urlTemplate\":\"https:\/\/jornalfatosenoticias.com.br\/?s={search_term_string}\"},\"query-input\":{\"@type\":\"PropertyValueSpecification\",\"valueRequired\":true,\"valueName\":\"search_term_string\"}}],\"inLanguage\":\"pt-BR\"},{\"@type\":\"Organization\",\"@id\":\"https:\/\/jornalfatosenoticias.com.br\/#organization\",\"name\":\"Jornal Fatos e Not\u00edcias\",\"url\":\"https:\/\/jornalfatosenoticias.com.br\/\",\"logo\":{\"@type\":\"ImageObject\",\"inLanguage\":\"pt-BR\",\"@id\":\"https:\/\/jornalfatosenoticias.com.br\/#\/schema\/logo\/image\/\",\"url\":\"https:\/\/jornalfatosenoticias.com.br\/wp-content\/uploads\/2020\/02\/logo120.png\",\"contentUrl\":\"https:\/\/jornalfatosenoticias.com.br\/wp-content\/uploads\/2020\/02\/logo120.png\",\"width\":1227,\"height\":120,\"caption\":\"Jornal Fatos e Not\u00edcias\"},\"image\":{\"@id\":\"https:\/\/jornalfatosenoticias.com.br\/#\/schema\/logo\/image\/\"}},{\"@type\":\"Person\",\"@id\":\"https:\/\/jornalfatosenoticias.com.br\/#\/schema\/person\/d63837fa13ac8666eb9e74e0985d6f81\",\"name\":\"Luzimara Fernandes\",\"image\":{\"@type\":\"ImageObject\",\"inLanguage\":\"pt-BR\",\"@id\":\"https:\/\/jornalfatosenoticias.com.br\/#\/schema\/person\/image\/\",\"url\":\"https:\/\/jornalfatosenoticias.com.br\/wp-content\/uploads\/2025\/05\/EU_portal.jpg\",\"contentUrl\":\"https:\/\/jornalfatosenoticias.com.br\/wp-content\/uploads\/2025\/05\/EU_portal.jpg\",\"caption\":\"Luzimara Fernandes\"},\"description\":\"Jornalista MTB 2358-ES\",\"sameAs\":[\"https:\/\/jornalfatosenoticias.com.br\"],\"url\":\"https:\/\/jornalfatosenoticias.com.br\/index.php\/author\/luzimara\/\"}]}<\/script>\n<!-- \/ Yoast SEO plugin. -->","yoast_head_json":{"title":"No Paraguai, Santiago Pe\u00f1a inicia mandato coordenando combate \u00e0 corrup\u00e7\u00e3o nos Tr\u00eas Poderes - Jornal Fatos e Not\u00edcias","robots":{"index":"index","follow":"follow","max-snippet":"max-snippet:-1","max-image-preview":"max-image-preview:large","max-video-preview":"max-video-preview:-1"},"canonical":"https:\/\/jornalfatosenoticias.com.br\/index.php\/2023\/08\/21\/no-paraguai-santiago-pena-inicia-mandato-coordenando-combate-a-corrupcao-nos-tres-poderes\/","og_locale":"pt_BR","og_type":"article","og_title":"No Paraguai, Santiago Pe\u00f1a inicia mandato coordenando combate \u00e0 corrup\u00e7\u00e3o nos Tr\u00eas Poderes - Jornal Fatos e Not\u00edcias","og_description":"Novo presidente do pa\u00eds diz que for\u00e7a-tarefa alcan\u00e7ar\u00e1 todo o territ\u00f3rio nacional Por Raul Holderf Nascimento H\u00e1 menos de uma semana no poder, o conservador Santiago Pe\u00f1a, de 44 anos, iniciou seu mandato coordenando uma ampla atua\u00e7\u00e3o de combate \u00e0 corrup\u00e7\u00e3o no Paraguai. Neste domingo (20), o direitista realizou uma comitiva para anunciar uma for\u00e7a-tarefa [&hellip;]","og_url":"https:\/\/jornalfatosenoticias.com.br\/index.php\/2023\/08\/21\/no-paraguai-santiago-pena-inicia-mandato-coordenando-combate-a-corrupcao-nos-tres-poderes\/","og_site_name":"Jornal Fatos e Not\u00edcias","article_published_time":"2023-08-21T13:46:54+00:00","og_image":[{"width":828,"height":466,"url":"https:\/\/jornalfatosenoticias.com.br\/wp-content\/uploads\/2023\/08\/Santiago-Pena.jpg","type":"image\/jpeg"}],"author":"Luzimara Fernandes","twitter_card":"summary_large_image","twitter_misc":{"Escrito por":"Luzimara Fernandes","Est. tempo de leitura":"2 minutos"},"schema":{"@context":"https:\/\/schema.org","@graph":[{"@type":"Article","@id":"https:\/\/jornalfatosenoticias.com.br\/index.php\/2023\/08\/21\/no-paraguai-santiago-pena-inicia-mandato-coordenando-combate-a-corrupcao-nos-tres-poderes\/#article","isPartOf":{"@id":"https:\/\/jornalfatosenoticias.com.br\/index.php\/2023\/08\/21\/no-paraguai-santiago-pena-inicia-mandato-coordenando-combate-a-corrupcao-nos-tres-poderes\/"},"author":{"name":"Luzimara Fernandes","@id":"https:\/\/jornalfatosenoticias.com.br\/#\/schema\/person\/d63837fa13ac8666eb9e74e0985d6f81"},"headline":"No Paraguai, Santiago Pe\u00f1a inicia mandato coordenando combate \u00e0 corrup\u00e7\u00e3o nos Tr\u00eas Poderes","datePublished":"2023-08-21T13:46:54+00:00","mainEntityOfPage":{"@id":"https:\/\/jornalfatosenoticias.com.br\/index.php\/2023\/08\/21\/no-paraguai-santiago-pena-inicia-mandato-coordenando-combate-a-corrupcao-nos-tres-poderes\/"},"wordCount":405,"commentCount":0,"publisher":{"@id":"https:\/\/jornalfatosenoticias.com.br\/#organization"},"image":{"@id":"https:\/\/jornalfatosenoticias.com.br\/index.php\/2023\/08\/21\/no-paraguai-santiago-pena-inicia-mandato-coordenando-combate-a-corrupcao-nos-tres-poderes\/#primaryimage"},"thumbnailUrl":"https:\/\/jornalfatosenoticias.com.br\/wp-content\/uploads\/2023\/08\/Santiago-Pena.jpg","keywords":["combate \u00e0 corrup\u00e7\u00e3o","novo presidente","Paraguai","Santiago Pe\u00f1a","Tr\u00eas Poderes"],"articleSection":["Internacional"],"inLanguage":"pt-BR","potentialAction":[{"@type":"CommentAction","name":"Comment","target":["https:\/\/jornalfatosenoticias.com.br\/index.php\/2023\/08\/21\/no-paraguai-santiago-pena-inicia-mandato-coordenando-combate-a-corrupcao-nos-tres-poderes\/#respond"]}]},{"@type":"WebPage","@id":"https:\/\/jornalfatosenoticias.com.br\/index.php\/2023\/08\/21\/no-paraguai-santiago-pena-inicia-mandato-coordenando-combate-a-corrupcao-nos-tres-poderes\/","url":"https:\/\/jornalfatosenoticias.com.br\/index.php\/2023\/08\/21\/no-paraguai-santiago-pena-inicia-mandato-coordenando-combate-a-corrupcao-nos-tres-poderes\/","name":"No Paraguai, Santiago Pe\u00f1a inicia mandato coordenando combate \u00e0 corrup\u00e7\u00e3o nos Tr\u00eas Poderes - Jornal Fatos e Not\u00edcias","isPartOf":{"@id":"https:\/\/jornalfatosenoticias.com.br\/#website"},"primaryImageOfPage":{"@id":"https:\/\/jornalfatosenoticias.com.br\/index.php\/2023\/08\/21\/no-paraguai-santiago-pena-inicia-mandato-coordenando-combate-a-corrupcao-nos-tres-poderes\/#primaryimage"},"image":{"@id":"https:\/\/jornalfatosenoticias.com.br\/index.php\/2023\/08\/21\/no-paraguai-santiago-pena-inicia-mandato-coordenando-combate-a-corrupcao-nos-tres-poderes\/#primaryimage"},"thumbnailUrl":"https:\/\/jornalfatosenoticias.com.br\/wp-content\/uploads\/2023\/08\/Santiago-Pena.jpg","datePublished":"2023-08-21T13:46:54+00:00","breadcrumb":{"@id":"https:\/\/jornalfatosenoticias.com.br\/index.php\/2023\/08\/21\/no-paraguai-santiago-pena-inicia-mandato-coordenando-combate-a-corrupcao-nos-tres-poderes\/#breadcrumb"},"inLanguage":"pt-BR","potentialAction":[{"@type":"ReadAction","target":["https:\/\/jornalfatosenoticias.com.br\/index.php\/2023\/08\/21\/no-paraguai-santiago-pena-inicia-mandato-coordenando-combate-a-corrupcao-nos-tres-poderes\/"]}]},{"@type":"ImageObject","inLanguage":"pt-BR","@id":"https:\/\/jornalfatosenoticias.com.br\/index.php\/2023\/08\/21\/no-paraguai-santiago-pena-inicia-mandato-coordenando-combate-a-corrupcao-nos-tres-poderes\/#primaryimage","url":"https:\/\/jornalfatosenoticias.com.br\/wp-content\/uploads\/2023\/08\/Santiago-Pena.jpg","contentUrl":"https:\/\/jornalfatosenoticias.com.br\/wp-content\/uploads\/2023\/08\/Santiago-Pena.jpg","width":828,"height":466},{"@type":"BreadcrumbList","@id":"https:\/\/jornalfatosenoticias.com.br\/index.php\/2023\/08\/21\/no-paraguai-santiago-pena-inicia-mandato-coordenando-combate-a-corrupcao-nos-tres-poderes\/#breadcrumb","itemListElement":[{"@type":"ListItem","position":1,"name":"In\u00edcio","item":"https:\/\/jornalfatosenoticias.com.br\/"},{"@type":"ListItem","position":2,"name":"No Paraguai, Santiago Pe\u00f1a inicia mandato coordenando combate \u00e0 corrup\u00e7\u00e3o nos Tr\u00eas Poderes"}]},{"@type":"WebSite","@id":"https:\/\/jornalfatosenoticias.com.br\/#website","url":"https:\/\/jornalfatosenoticias.com.br\/","name":"Jornal Fatos e Not\u00edcias","description":"Not\u00edcias em geral","publisher":{"@id":"https:\/\/jornalfatosenoticias.com.br\/#organization"},"potentialAction":[{"@type":"SearchAction","target":{"@type":"EntryPoint","urlTemplate":"https:\/\/jornalfatosenoticias.com.br\/?s={search_term_string}"},"query-input":{"@type":"PropertyValueSpecification","valueRequired":true,"valueName":"search_term_string"}}],"inLanguage":"pt-BR"},{"@type":"Organization","@id":"https:\/\/jornalfatosenoticias.com.br\/#organization","name":"Jornal Fatos e Not\u00edcias","url":"https:\/\/jornalfatosenoticias.com.br\/","logo":{"@type":"ImageObject","inLanguage":"pt-BR","@id":"https:\/\/jornalfatosenoticias.com.br\/#\/schema\/logo\/image\/","url":"https:\/\/jornalfatosenoticias.com.br\/wp-content\/uploads\/2020\/02\/logo120.png","contentUrl":"https:\/\/jornalfatosenoticias.com.br\/wp-content\/uploads\/2020\/02\/logo120.png","width":1227,"height":120,"caption":"Jornal Fatos e Not\u00edcias"},"image":{"@id":"https:\/\/jornalfatosenoticias.com.br\/#\/schema\/logo\/image\/"}},{"@type":"Person","@id":"https:\/\/jornalfatosenoticias.com.br\/#\/schema\/person\/d63837fa13ac8666eb9e74e0985d6f81","name":"Luzimara Fernandes","image":{"@type":"ImageObject","inLanguage":"pt-BR","@id":"https:\/\/jornalfatosenoticias.com.br\/#\/schema\/person\/image\/","url":"https:\/\/jornalfatosenoticias.com.br\/wp-content\/uploads\/2025\/05\/EU_portal.jpg","contentUrl":"https:\/\/jornalfatosenoticias.com.br\/wp-content\/uploads\/2025\/05\/EU_portal.jpg","caption":"Luzimara Fernandes"},"description":"Jornalista MTB 2358-ES","sameAs":["https:\/\/jornalfatosenoticias.com.br"],"url":"https:\/\/jornalfatosenoticias.com.br\/index.php\/author\/luzimara\/"}]}},"cc_featured_image_caption":{"caption_text":"(Foto: RCP) ","source_text":"","source_url":""},"jetpack_featured_media_url":"https:\/\/jornalfatosenoticias.com.br\/wp-content\/uploads\/2023\/08\/Santiago-Pena.jpg","_links":{"self":[{"href":"https:\/\/jornalfatosenoticias.com.br\/index.php\/wp-json\/wp\/v2\/posts\/44384","targetHints":{"allow":["GET"]}}],"collection":[{"href":"https:\/\/jornalfatosenoticias.com.br\/index.php\/wp-json\/wp\/v2\/posts"}],"about":[{"href":"https:\/\/jornalfatosenoticias.com.br\/index.php\/wp-json\/wp\/v2\/types\/post"}],"author":[{"embeddable":true,"href":"https:\/\/jornalfatosenoticias.com.br\/index.php\/wp-json\/wp\/v2\/users\/2"}],"replies":[{"embeddable":true,"href":"https:\/\/jornalfatosenoticias.com.br\/index.php\/wp-json\/wp\/v2\/comments?post=44384"}],"version-history":[{"count":0,"href":"https:\/\/jornalfatosenoticias.com.br\/index.php\/wp-json\/wp\/v2\/posts\/44384\/revisions"}],"wp:featuredmedia":[{"embeddable":true,"href":"https:\/\/jornalfatosenoticias.com.br\/index.php\/wp-json\/wp\/v2\/media\/44385"}],"wp:attachment":[{"href":"https:\/\/jornalfatosenoticias.com.br\/index.php\/wp-json\/wp\/v2\/media?parent=44384"}],"wp:term":[{"taxonomy":"category","embeddable":true,"href":"https:\/\/jornalfatosenoticias.com.br\/index.php\/wp-json\/wp\/v2\/categories?post=44384"},{"taxonomy":"post_tag","embeddable":true,"href":"https:\/\/jornalfatosenoticias.com.br\/index.php\/wp-json\/wp\/v2\/tags?post=44384"}],"curies":[{"name":"wp","href":"https:\/\/api.w.org\/{rel}","templated":true}]}}