{"id":44404,"date":"2023-08-22T12:06:45","date_gmt":"2023-08-22T15:06:45","guid":{"rendered":"https:\/\/jornalfatosenoticias.com.br\/?p=44404"},"modified":"2023-08-22T12:06:47","modified_gmt":"2023-08-22T15:06:47","slug":"onibus-movido-100-a-biometano-e-testado-em-londrina","status":"publish","type":"post","link":"https:\/\/jornalfatosenoticias.com.br\/index.php\/2023\/08\/22\/onibus-movido-100-a-biometano-e-testado-em-londrina\/","title":{"rendered":"\u00d4nibus movido 100% a biometano \u00e9 testado em Londrina"},"content":{"rendered":"\n<p><em><span class=\"has-inline-color has-black-color\">Rejeitos org\u00e2nicos vegetais, animais ou urbanos podem abastecer transporte p\u00fablico no Paran\u00e1<\/span><\/em><\/p>\n\n\n\n<p><em><span class=\"has-inline-color has-black-color\">Por <strong><a href=\"https:\/\/ciclovivo.com.br\/author\/marcia-sousa\/\">Marcia Sousa<\/a><\/strong><\/span><\/em><\/p>\n\n\n\n<div class=\"wp-block-image\"><figure class=\"aligncenter size-large is-resized\"><img loading=\"lazy\" decoding=\"async\" src=\"https:\/\/jornalfatosenoticias.com.br\/wp-content\/uploads\/2020\/02\/Logo-Steel-Controls-1024x340.jpg\" alt=\"\" class=\"wp-image-43791\" width=\"391\" height=\"129\"\/><\/figure><\/div>\n\n\n\n<p>Embarcar em um transporte p\u00fablico movido a g\u00e1s proveniente de res\u00edduos j\u00e1 \u00e9 poss\u00edvel em Londrina, munic\u00edpio localizado no norte do Paran\u00e1. A cidade \u00e9 a primeira do Brasil a testar, numa opera\u00e7\u00e3o real, um \u00f4nibus abastecido totalmente com biometano. A a\u00e7\u00e3o in\u00e9dita \u00e9 fruto da parceria entre a Companhia Paranaense de G\u00e1s (Compagas), que conduz o projeto, a fabricante Scania e a Prefeitura Municipal de Londrina.<br>Reduzir as emiss\u00f5es de carbono do setor de <a href=\"https:\/\/ciclovivo.com.br\/arq-urb\/mobilidade\/sao-paulo-lanca-aplicativo-publico-para-transporte-individual\/\" target=\"_blank\" rel=\"noreferrer noopener\">transporte<\/a>\u00a0\u00e9 um dos pontos-chave para cumprir as metas clim\u00e1ticas globais. Al\u00e9m disso, a transi\u00e7\u00e3o para a\u00a0<a href=\"https:\/\/ciclovivo.com.br\/canal\/arq-urb\/mobilidade\/\" target=\"_blank\" rel=\"noreferrer noopener\">mobilidade<\/a> menos poluente \u00e9 crucial para melhorar a qualidade do ar nas cidades. Isso porque o cheiro da fuma\u00e7a que vem dos escapamentos de ve\u00edculos n\u00e3o \u00e9 apenas desagrad\u00e1vel, mas tamb\u00e9m prejudicial \u00e0 sa\u00fade, como aponta a ONU.<\/p>\n\n\n\n<div class=\"wp-block-image\"><figure class=\"aligncenter size-large\"><img loading=\"lazy\" decoding=\"async\" width=\"300\" height=\"250\" src=\"https:\/\/jornalfatosenoticias.com.br\/wp-content\/uploads\/2022\/02\/FERRARI_MAQUINAS-E-FERRAMENTAS2.jpg\" alt=\"\" class=\"wp-image-27860\"\/><\/figure><\/div>\n\n\n\n<p>\u00c9 neste sentido que o novo ve\u00edculo de biometano \u00e9 recebido com entusiasmo. No caso de Londrina, o combust\u00edvel \u00e9 produzido a partir de subprodutos do setor sucroenerg\u00e9tico e revendido pela Gastech. De acordo com o prefeito de Londrina, Marcelo Belinati, a ideia \u00e9 aproveitar o potencial das ind\u00fastrias da cidade para produzir o biometano localmente \u201cvisando transformar o munic\u00edpio na primeira cidade industrial sustent\u00e1vel do Brasil\u201d.<\/p>\n\n\n\n<div class=\"wp-block-image\"><figure class=\"aligncenter size-large is-resized\"><img loading=\"lazy\" decoding=\"async\" src=\"https:\/\/jornalfatosenoticias.com.br\/wp-content\/uploads\/2023\/07\/logo-ITH.png\" alt=\"\" class=\"wp-image-43684\" width=\"300\" height=\"162\"\/><\/figure><\/div>\n\n\n\n<p>Atualmente, o Paran\u00e1 tem potencial de gerar cerca de dois milh\u00f5es de metros c\u00fabicos por dia de biometano. Ampliando esses dados para o Brasil, a Associa\u00e7\u00e3o Brasileira do Biog\u00e1s (Abiogas) projeta que o Brasil pode chegar a produzir 30 milh\u00f5es de metros c\u00fabicos de biometano at\u00e9 2030.<\/p>\n\n\n\n<div class=\"wp-block-image\"><figure class=\"aligncenter size-large\"><img loading=\"lazy\" decoding=\"async\" width=\"1000\" height=\"671\" src=\"https:\/\/jornalfatosenoticias.com.br\/wp-content\/uploads\/2023\/08\/bus-biometano-londrina-2.jpg\" alt=\"\" class=\"wp-image-44405\" srcset=\"https:\/\/jornalfatosenoticias.com.br\/wp-content\/uploads\/2023\/08\/bus-biometano-londrina-2.jpg 1000w, https:\/\/jornalfatosenoticias.com.br\/wp-content\/uploads\/2023\/08\/bus-biometano-londrina-2-300x201.jpg 300w, https:\/\/jornalfatosenoticias.com.br\/wp-content\/uploads\/2023\/08\/bus-biometano-londrina-2-768x515.jpg 768w\" sizes=\"auto, (max-width: 1000px) 100vw, 1000px\" \/><figcaption><em><span class=\"has-inline-color has-black-color\">Modelo come\u00e7ou a circular pelas ruas de Londrina (Foto: Compagas)<\/span><\/em><\/figcaption><\/figure><\/div>\n\n\n\n<blockquote class=\"wp-block-quote is-layout-flow wp-block-quote-is-layout-flow\"><p><span class=\"has-inline-color has-luminous-vivid-orange-color\">Com esse teste mostramos, na pr\u00e1tica, que \u00e9 poss\u00edvel viabilizar a utiliza\u00e7\u00e3o local da energia gerada pela agroind\u00fastria, aterros sanit\u00e1rios e esta\u00e7\u00f5es de tratamento de esgoto, nas frotas do transporte coletivo das cidades, gerando economia circular, emprego e renda aos nossos munic\u00edpios\u201d, afirma Rafael Lamastra Jr., CEO da Compagas.<\/span><\/p><\/blockquote>\n\n\n\n<div class=\"wp-block-image\"><figure class=\"aligncenter size-large is-resized\"><img loading=\"lazy\" decoding=\"async\" src=\"https:\/\/jornalfatosenoticias.com.br\/wp-content\/uploads\/2022\/10\/RC_800x750_page-0001.jpg\" alt=\"\" class=\"wp-image-35338\" width=\"290\" height=\"272\" srcset=\"https:\/\/jornalfatosenoticias.com.br\/wp-content\/uploads\/2022\/10\/RC_800x750_page-0001.jpg 400w, https:\/\/jornalfatosenoticias.com.br\/wp-content\/uploads\/2022\/10\/RC_800x750_page-0001-300x281.jpg 300w\" sizes=\"auto, (max-width: 290px) 100vw, 290px\" \/><\/figure><\/div>\n\n\n\n<p><strong><span class=\"has-inline-color has-vivid-green-cyan-color\">O que \u00e9 biometano<br><\/span><\/strong>Biometano \u00e9 um <a href=\"https:\/\/ciclovivo.com.br\/planeta\/energia\/transicao-de-carvao-para-renovavel-custa-menos-do-que-para-gas\/\" target=\"_blank\" rel=\"noreferrer noopener\">g\u00e1s renov\u00e1vel<\/a> obtido a partir da produ\u00e7\u00e3o do biog\u00e1s, que por sua vez \u00e9 gerado da decomposi\u00e7\u00e3o de mat\u00e9ria org\u00e2nica de origem vegetal ou animal. Quando submetido a um processo de purifica\u00e7\u00e3o, o biog\u00e1s d\u00e1 origem ao biometano e este \u00e9 compar\u00e1vel em condi\u00e7\u00f5es t\u00e9cnicas ao g\u00e1s natural, j\u00e1 que ap\u00f3s o refino, atinge alta concentra\u00e7\u00e3o de metano em sua composi\u00e7\u00e3o.<br>Entre as vantagens da aplica\u00e7\u00e3o deste combust\u00edvel est\u00e1 o desenvolvimento de um sistema de <a href=\"https:\/\/ciclovivo.com.br\/arq-urb\/mobilidade\/macae-aprova-transporte-gratuito-para-pessoas-em-situacao-de-rua\/\" target=\"_blank\" rel=\"noreferrer noopener\">transporte<\/a> mais sustent\u00e1vel, menos poluente e menos dependente do diesel. O biometano tem potencial de reduzir as emiss\u00f5es de CO\u2082 em at\u00e9 90% em compara\u00e7\u00e3o ao diesel.<\/p>\n\n\n\n<div class=\"wp-block-image\"><figure class=\"aligncenter size-large is-resized\"><img loading=\"lazy\" decoding=\"async\" src=\"https:\/\/jornalfatosenoticias.com.br\/wp-content\/uploads\/2023\/08\/Control-Systems.jpg\" alt=\"\" class=\"wp-image-44092\" width=\"303\" height=\"363\"\/><\/figure><\/div>\n\n\n\n<blockquote class=\"wp-block-quote is-layout-flow wp-block-quote-is-layout-flow\"><p><span class=\"has-inline-color has-luminous-vivid-orange-color\">Os benef\u00edcios do uso do g\u00e1s no \u00a0<a href=\"https:\/\/ciclovivo.com.br\/arq-urb\/mobilidade\/bh-aprova-projetos-que-zera-tarifa-de-transporte-publico\/\" target=\"_blank\" rel=\"noreferrer noopener\">transporte p\u00fablico<\/a> tamb\u00e9m est\u00e3o ligados diretamente \u00e0 sa\u00fade da popula\u00e7\u00e3o. A redu\u00e7\u00e3o de \u00f3xidos de nitrog\u00eanio (NOx) \u00e9 de quase 90% e de material particulados chega a 85%\u201d, salienta a Compagas em nota \u00e0 imprensa.<\/span><\/p><\/blockquote>\n\n\n\n<div class=\"wp-block-image\"><figure class=\"aligncenter size-large is-resized\"><img loading=\"lazy\" decoding=\"async\" src=\"https:\/\/jornalfatosenoticias.com.br\/wp-content\/uploads\/2023\/08\/LOGO-BLU-COMERCIAL-PRETO-1024x600.jpg\" alt=\"\" class=\"wp-image-44053\" width=\"372\" height=\"217\"\/><\/figure><\/div>\n\n\n\n<p><strong><span class=\"has-inline-color has-vivid-green-cyan-color\">Testes no Paran\u00e1<br><\/span><\/strong>A a\u00e7\u00e3o em Londrina \u00e9 a terceira realizada pelo projeto. As primeiras demonstra\u00e7\u00f5es foram feitas pelas ruas de Curitiba e regi\u00e3o metropolitana, apontando a viabilidade da utiliza\u00e7\u00e3o do ve\u00edculo em linhas complexas e extensas. Esta, no entanto, foi a primeira demonstra\u00e7\u00e3o completa numa opera\u00e7\u00e3o real no transporte de passageiros. O \u00f4nibus foi testado em diversas linhas operadas pela Transportes Coletivos Grande Londrina, com o acompanhamento da Companhia Municipal do Tr\u00e2nsito e Urbaniza\u00e7\u00e3o (CMTU).<\/p>\n\n\n\n<div class=\"wp-block-image\"><figure class=\"aligncenter size-large\"><img loading=\"lazy\" decoding=\"async\" width=\"300\" height=\"250\" src=\"https:\/\/jornalfatosenoticias.com.br\/wp-content\/uploads\/2020\/02\/Banner-2.png\" alt=\"\" class=\"wp-image-43787\"\/><\/figure><\/div>\n\n\n\n<blockquote class=\"wp-block-quote is-layout-flow wp-block-quote-is-layout-flow\"><p><span class=\"has-inline-color has-luminous-vivid-orange-color\">Temos certeza que esta a\u00e7\u00e3o in\u00e9dita com o biometano numa opera\u00e7\u00e3o regular urbana ser\u00e1 um divisor de \u00e1guas para que mais cidades preocupadas com a redu\u00e7\u00e3o da emiss\u00e3o de poluentes coloquem em pr\u00e1tica frotas mais eficientes\u201d, diz Paulo Genezini, gerente de Sustentabilidade da Scania Opera\u00e7\u00f5es Comerciais Brasil.<\/span><\/p><\/blockquote>\n\n\n\n<div class=\"wp-block-image\"><figure class=\"aligncenter size-large is-resized\"><img loading=\"lazy\" decoding=\"async\" src=\"https:\/\/jornalfatosenoticias.com.br\/wp-content\/uploads\/2023\/03\/logo-Panper_portal.jpg\" alt=\"\" class=\"wp-image-40208\" width=\"289\" height=\"200\" srcset=\"https:\/\/jornalfatosenoticias.com.br\/wp-content\/uploads\/2023\/03\/logo-Panper_portal.jpg 400w, https:\/\/jornalfatosenoticias.com.br\/wp-content\/uploads\/2023\/03\/logo-Panper_portal-300x208.jpg 300w\" sizes=\"auto, (max-width: 289px) 100vw, 289px\" \/><\/figure><\/div>\n\n\n\n<p><strong><em>Fonte: <a href=\"https:\/\/ciclovivo.com.br\/arq-urb\/mobilidade\/onibus-movido-100-a-biometano-e-testado-em-londrina\/\">CicloVivo<\/a><\/em><\/strong><\/p>\n","protected":false},"excerpt":{"rendered":"<p>Rejeitos org\u00e2nicos vegetais, animais ou urbanos podem abastecer transporte p\u00fablico no Paran\u00e1 Por Marcia Sousa Embarcar em um transporte p\u00fablico movido a g\u00e1s proveniente de res\u00edduos j\u00e1 \u00e9 poss\u00edvel em Londrina, munic\u00edpio localizado no norte do Paran\u00e1. A cidade \u00e9 a primeira do Brasil a testar, numa opera\u00e7\u00e3o real, um \u00f4nibus abastecido totalmente com biometano. [&hellip;]<\/p>\n","protected":false},"author":2,"featured_media":44406,"comment_status":"open","ping_status":"open","sticky":false,"template":"","format":"standard","meta":{"footnotes":""},"categories":[9923],"tags":[13800,20913,12307,20912,1460,6833,5020],"class_list":["post-44404","post","type-post","status-publish","format-standard","has-post-thumbnail","hentry","category-mobilidade","tag-biometano","tag-londrina","tag-onibus","tag-onibus-movido-a-biometano","tag-parana","tag-transporte-publico","tag-transporte-sustentavel"],"yoast_head":"<!-- This site is optimized with the Yoast SEO plugin v26.5 - https:\/\/yoast.com\/wordpress\/plugins\/seo\/ -->\n<title>\u00d4nibus movido 100% a biometano \u00e9 testado em Londrina - Jornal Fatos e Not\u00edcias<\/title>\n<meta name=\"robots\" content=\"index, follow, max-snippet:-1, max-image-preview:large, max-video-preview:-1\" \/>\n<link rel=\"canonical\" href=\"https:\/\/jornalfatosenoticias.com.br\/index.php\/2023\/08\/22\/onibus-movido-100-a-biometano-e-testado-em-londrina\/\" \/>\n<meta property=\"og:locale\" content=\"pt_BR\" \/>\n<meta property=\"og:type\" content=\"article\" \/>\n<meta property=\"og:title\" content=\"\u00d4nibus movido 100% a biometano \u00e9 testado em Londrina - Jornal Fatos e Not\u00edcias\" \/>\n<meta property=\"og:description\" content=\"Rejeitos org\u00e2nicos vegetais, animais ou urbanos podem abastecer transporte p\u00fablico no Paran\u00e1 Por Marcia Sousa Embarcar em um transporte p\u00fablico movido a g\u00e1s proveniente de res\u00edduos j\u00e1 \u00e9 poss\u00edvel em Londrina, munic\u00edpio localizado no norte do Paran\u00e1. A cidade \u00e9 a primeira do Brasil a testar, numa opera\u00e7\u00e3o real, um \u00f4nibus abastecido totalmente com biometano. [&hellip;]\" \/>\n<meta property=\"og:url\" content=\"https:\/\/jornalfatosenoticias.com.br\/index.php\/2023\/08\/22\/onibus-movido-100-a-biometano-e-testado-em-londrina\/\" \/>\n<meta property=\"og:site_name\" content=\"Jornal Fatos e Not\u00edcias\" \/>\n<meta property=\"article:published_time\" content=\"2023-08-22T15:06:45+00:00\" \/>\n<meta property=\"article:modified_time\" content=\"2023-08-22T15:06:47+00:00\" \/>\n<meta property=\"og:image\" content=\"https:\/\/jornalfatosenoticias.com.br\/wp-content\/uploads\/2023\/08\/onibus-biometano-pr.jpg\" \/>\n\t<meta property=\"og:image:width\" content=\"1000\" \/>\n\t<meta property=\"og:image:height\" content=\"656\" \/>\n\t<meta property=\"og:image:type\" content=\"image\/jpeg\" \/>\n<meta name=\"author\" content=\"Luzimara Fernandes\" \/>\n<meta name=\"twitter:card\" content=\"summary_large_image\" \/>\n<meta name=\"twitter:label1\" content=\"Escrito por\" \/>\n\t<meta name=\"twitter:data1\" content=\"Luzimara Fernandes\" \/>\n\t<meta name=\"twitter:label2\" content=\"Est. tempo de leitura\" \/>\n\t<meta name=\"twitter:data2\" content=\"3 minutos\" \/>\n<script type=\"application\/ld+json\" class=\"yoast-schema-graph\">{\"@context\":\"https:\/\/schema.org\",\"@graph\":[{\"@type\":\"Article\",\"@id\":\"https:\/\/jornalfatosenoticias.com.br\/index.php\/2023\/08\/22\/onibus-movido-100-a-biometano-e-testado-em-londrina\/#article\",\"isPartOf\":{\"@id\":\"https:\/\/jornalfatosenoticias.com.br\/index.php\/2023\/08\/22\/onibus-movido-100-a-biometano-e-testado-em-londrina\/\"},\"author\":{\"name\":\"Luzimara Fernandes\",\"@id\":\"https:\/\/jornalfatosenoticias.com.br\/#\/schema\/person\/d63837fa13ac8666eb9e74e0985d6f81\"},\"headline\":\"\u00d4nibus movido 100% a biometano \u00e9 testado em Londrina\",\"datePublished\":\"2023-08-22T15:06:45+00:00\",\"dateModified\":\"2023-08-22T15:06:47+00:00\",\"mainEntityOfPage\":{\"@id\":\"https:\/\/jornalfatosenoticias.com.br\/index.php\/2023\/08\/22\/onibus-movido-100-a-biometano-e-testado-em-londrina\/\"},\"wordCount\":663,\"commentCount\":0,\"publisher\":{\"@id\":\"https:\/\/jornalfatosenoticias.com.br\/#organization\"},\"image\":{\"@id\":\"https:\/\/jornalfatosenoticias.com.br\/index.php\/2023\/08\/22\/onibus-movido-100-a-biometano-e-testado-em-londrina\/#primaryimage\"},\"thumbnailUrl\":\"https:\/\/jornalfatosenoticias.com.br\/wp-content\/uploads\/2023\/08\/onibus-biometano-pr.jpg\",\"keywords\":[\"biometano\",\"Londrina\",\"\u00f4nibus\",\"\u00f4nibus movido a biometano\",\"Paran\u00e1\",\"transporte p\u00fablico\",\"transporte sustent\u00e1vel\"],\"articleSection\":[\"Mobilidade\"],\"inLanguage\":\"pt-BR\",\"potentialAction\":[{\"@type\":\"CommentAction\",\"name\":\"Comment\",\"target\":[\"https:\/\/jornalfatosenoticias.com.br\/index.php\/2023\/08\/22\/onibus-movido-100-a-biometano-e-testado-em-londrina\/#respond\"]}]},{\"@type\":\"WebPage\",\"@id\":\"https:\/\/jornalfatosenoticias.com.br\/index.php\/2023\/08\/22\/onibus-movido-100-a-biometano-e-testado-em-londrina\/\",\"url\":\"https:\/\/jornalfatosenoticias.com.br\/index.php\/2023\/08\/22\/onibus-movido-100-a-biometano-e-testado-em-londrina\/\",\"name\":\"\u00d4nibus movido 100% a biometano \u00e9 testado em Londrina - Jornal Fatos e Not\u00edcias\",\"isPartOf\":{\"@id\":\"https:\/\/jornalfatosenoticias.com.br\/#website\"},\"primaryImageOfPage\":{\"@id\":\"https:\/\/jornalfatosenoticias.com.br\/index.php\/2023\/08\/22\/onibus-movido-100-a-biometano-e-testado-em-londrina\/#primaryimage\"},\"image\":{\"@id\":\"https:\/\/jornalfatosenoticias.com.br\/index.php\/2023\/08\/22\/onibus-movido-100-a-biometano-e-testado-em-londrina\/#primaryimage\"},\"thumbnailUrl\":\"https:\/\/jornalfatosenoticias.com.br\/wp-content\/uploads\/2023\/08\/onibus-biometano-pr.jpg\",\"datePublished\":\"2023-08-22T15:06:45+00:00\",\"dateModified\":\"2023-08-22T15:06:47+00:00\",\"breadcrumb\":{\"@id\":\"https:\/\/jornalfatosenoticias.com.br\/index.php\/2023\/08\/22\/onibus-movido-100-a-biometano-e-testado-em-londrina\/#breadcrumb\"},\"inLanguage\":\"pt-BR\",\"potentialAction\":[{\"@type\":\"ReadAction\",\"target\":[\"https:\/\/jornalfatosenoticias.com.br\/index.php\/2023\/08\/22\/onibus-movido-100-a-biometano-e-testado-em-londrina\/\"]}]},{\"@type\":\"ImageObject\",\"inLanguage\":\"pt-BR\",\"@id\":\"https:\/\/jornalfatosenoticias.com.br\/index.php\/2023\/08\/22\/onibus-movido-100-a-biometano-e-testado-em-londrina\/#primaryimage\",\"url\":\"https:\/\/jornalfatosenoticias.com.br\/wp-content\/uploads\/2023\/08\/onibus-biometano-pr.jpg\",\"contentUrl\":\"https:\/\/jornalfatosenoticias.com.br\/wp-content\/uploads\/2023\/08\/onibus-biometano-pr.jpg\",\"width\":1000,\"height\":656},{\"@type\":\"BreadcrumbList\",\"@id\":\"https:\/\/jornalfatosenoticias.com.br\/index.php\/2023\/08\/22\/onibus-movido-100-a-biometano-e-testado-em-londrina\/#breadcrumb\",\"itemListElement\":[{\"@type\":\"ListItem\",\"position\":1,\"name\":\"In\u00edcio\",\"item\":\"https:\/\/jornalfatosenoticias.com.br\/\"},{\"@type\":\"ListItem\",\"position\":2,\"name\":\"\u00d4nibus movido 100% a biometano \u00e9 testado em Londrina\"}]},{\"@type\":\"WebSite\",\"@id\":\"https:\/\/jornalfatosenoticias.com.br\/#website\",\"url\":\"https:\/\/jornalfatosenoticias.com.br\/\",\"name\":\"Jornal Fatos e Not\u00edcias\",\"description\":\"Not\u00edcias em geral\",\"publisher\":{\"@id\":\"https:\/\/jornalfatosenoticias.com.br\/#organization\"},\"potentialAction\":[{\"@type\":\"SearchAction\",\"target\":{\"@type\":\"EntryPoint\",\"urlTemplate\":\"https:\/\/jornalfatosenoticias.com.br\/?s={search_term_string}\"},\"query-input\":{\"@type\":\"PropertyValueSpecification\",\"valueRequired\":true,\"valueName\":\"search_term_string\"}}],\"inLanguage\":\"pt-BR\"},{\"@type\":\"Organization\",\"@id\":\"https:\/\/jornalfatosenoticias.com.br\/#organization\",\"name\":\"Jornal Fatos e Not\u00edcias\",\"url\":\"https:\/\/jornalfatosenoticias.com.br\/\",\"logo\":{\"@type\":\"ImageObject\",\"inLanguage\":\"pt-BR\",\"@id\":\"https:\/\/jornalfatosenoticias.com.br\/#\/schema\/logo\/image\/\",\"url\":\"https:\/\/jornalfatosenoticias.com.br\/wp-content\/uploads\/2020\/02\/logo120.png\",\"contentUrl\":\"https:\/\/jornalfatosenoticias.com.br\/wp-content\/uploads\/2020\/02\/logo120.png\",\"width\":1227,\"height\":120,\"caption\":\"Jornal Fatos e Not\u00edcias\"},\"image\":{\"@id\":\"https:\/\/jornalfatosenoticias.com.br\/#\/schema\/logo\/image\/\"}},{\"@type\":\"Person\",\"@id\":\"https:\/\/jornalfatosenoticias.com.br\/#\/schema\/person\/d63837fa13ac8666eb9e74e0985d6f81\",\"name\":\"Luzimara Fernandes\",\"image\":{\"@type\":\"ImageObject\",\"inLanguage\":\"pt-BR\",\"@id\":\"https:\/\/jornalfatosenoticias.com.br\/#\/schema\/person\/image\/\",\"url\":\"https:\/\/jornalfatosenoticias.com.br\/wp-content\/uploads\/2025\/05\/EU_portal.jpg\",\"contentUrl\":\"https:\/\/jornalfatosenoticias.com.br\/wp-content\/uploads\/2025\/05\/EU_portal.jpg\",\"caption\":\"Luzimara Fernandes\"},\"description\":\"Jornalista MTB 2358-ES\",\"sameAs\":[\"https:\/\/jornalfatosenoticias.com.br\"],\"url\":\"https:\/\/jornalfatosenoticias.com.br\/index.php\/author\/luzimara\/\"}]}<\/script>\n<!-- \/ Yoast SEO plugin. -->","yoast_head_json":{"title":"\u00d4nibus movido 100% a biometano \u00e9 testado em Londrina - Jornal Fatos e Not\u00edcias","robots":{"index":"index","follow":"follow","max-snippet":"max-snippet:-1","max-image-preview":"max-image-preview:large","max-video-preview":"max-video-preview:-1"},"canonical":"https:\/\/jornalfatosenoticias.com.br\/index.php\/2023\/08\/22\/onibus-movido-100-a-biometano-e-testado-em-londrina\/","og_locale":"pt_BR","og_type":"article","og_title":"\u00d4nibus movido 100% a biometano \u00e9 testado em Londrina - Jornal Fatos e Not\u00edcias","og_description":"Rejeitos org\u00e2nicos vegetais, animais ou urbanos podem abastecer transporte p\u00fablico no Paran\u00e1 Por Marcia Sousa Embarcar em um transporte p\u00fablico movido a g\u00e1s proveniente de res\u00edduos j\u00e1 \u00e9 poss\u00edvel em Londrina, munic\u00edpio localizado no norte do Paran\u00e1. A cidade \u00e9 a primeira do Brasil a testar, numa opera\u00e7\u00e3o real, um \u00f4nibus abastecido totalmente com biometano. [&hellip;]","og_url":"https:\/\/jornalfatosenoticias.com.br\/index.php\/2023\/08\/22\/onibus-movido-100-a-biometano-e-testado-em-londrina\/","og_site_name":"Jornal Fatos e Not\u00edcias","article_published_time":"2023-08-22T15:06:45+00:00","article_modified_time":"2023-08-22T15:06:47+00:00","og_image":[{"width":1000,"height":656,"url":"https:\/\/jornalfatosenoticias.com.br\/wp-content\/uploads\/2023\/08\/onibus-biometano-pr.jpg","type":"image\/jpeg"}],"author":"Luzimara Fernandes","twitter_card":"summary_large_image","twitter_misc":{"Escrito por":"Luzimara Fernandes","Est. tempo de leitura":"3 minutos"},"schema":{"@context":"https:\/\/schema.org","@graph":[{"@type":"Article","@id":"https:\/\/jornalfatosenoticias.com.br\/index.php\/2023\/08\/22\/onibus-movido-100-a-biometano-e-testado-em-londrina\/#article","isPartOf":{"@id":"https:\/\/jornalfatosenoticias.com.br\/index.php\/2023\/08\/22\/onibus-movido-100-a-biometano-e-testado-em-londrina\/"},"author":{"name":"Luzimara Fernandes","@id":"https:\/\/jornalfatosenoticias.com.br\/#\/schema\/person\/d63837fa13ac8666eb9e74e0985d6f81"},"headline":"\u00d4nibus movido 100% a biometano \u00e9 testado em Londrina","datePublished":"2023-08-22T15:06:45+00:00","dateModified":"2023-08-22T15:06:47+00:00","mainEntityOfPage":{"@id":"https:\/\/jornalfatosenoticias.com.br\/index.php\/2023\/08\/22\/onibus-movido-100-a-biometano-e-testado-em-londrina\/"},"wordCount":663,"commentCount":0,"publisher":{"@id":"https:\/\/jornalfatosenoticias.com.br\/#organization"},"image":{"@id":"https:\/\/jornalfatosenoticias.com.br\/index.php\/2023\/08\/22\/onibus-movido-100-a-biometano-e-testado-em-londrina\/#primaryimage"},"thumbnailUrl":"https:\/\/jornalfatosenoticias.com.br\/wp-content\/uploads\/2023\/08\/onibus-biometano-pr.jpg","keywords":["biometano","Londrina","\u00f4nibus","\u00f4nibus movido a biometano","Paran\u00e1","transporte p\u00fablico","transporte sustent\u00e1vel"],"articleSection":["Mobilidade"],"inLanguage":"pt-BR","potentialAction":[{"@type":"CommentAction","name":"Comment","target":["https:\/\/jornalfatosenoticias.com.br\/index.php\/2023\/08\/22\/onibus-movido-100-a-biometano-e-testado-em-londrina\/#respond"]}]},{"@type":"WebPage","@id":"https:\/\/jornalfatosenoticias.com.br\/index.php\/2023\/08\/22\/onibus-movido-100-a-biometano-e-testado-em-londrina\/","url":"https:\/\/jornalfatosenoticias.com.br\/index.php\/2023\/08\/22\/onibus-movido-100-a-biometano-e-testado-em-londrina\/","name":"\u00d4nibus movido 100% a biometano \u00e9 testado em Londrina - Jornal Fatos e Not\u00edcias","isPartOf":{"@id":"https:\/\/jornalfatosenoticias.com.br\/#website"},"primaryImageOfPage":{"@id":"https:\/\/jornalfatosenoticias.com.br\/index.php\/2023\/08\/22\/onibus-movido-100-a-biometano-e-testado-em-londrina\/#primaryimage"},"image":{"@id":"https:\/\/jornalfatosenoticias.com.br\/index.php\/2023\/08\/22\/onibus-movido-100-a-biometano-e-testado-em-londrina\/#primaryimage"},"thumbnailUrl":"https:\/\/jornalfatosenoticias.com.br\/wp-content\/uploads\/2023\/08\/onibus-biometano-pr.jpg","datePublished":"2023-08-22T15:06:45+00:00","dateModified":"2023-08-22T15:06:47+00:00","breadcrumb":{"@id":"https:\/\/jornalfatosenoticias.com.br\/index.php\/2023\/08\/22\/onibus-movido-100-a-biometano-e-testado-em-londrina\/#breadcrumb"},"inLanguage":"pt-BR","potentialAction":[{"@type":"ReadAction","target":["https:\/\/jornalfatosenoticias.com.br\/index.php\/2023\/08\/22\/onibus-movido-100-a-biometano-e-testado-em-londrina\/"]}]},{"@type":"ImageObject","inLanguage":"pt-BR","@id":"https:\/\/jornalfatosenoticias.com.br\/index.php\/2023\/08\/22\/onibus-movido-100-a-biometano-e-testado-em-londrina\/#primaryimage","url":"https:\/\/jornalfatosenoticias.com.br\/wp-content\/uploads\/2023\/08\/onibus-biometano-pr.jpg","contentUrl":"https:\/\/jornalfatosenoticias.com.br\/wp-content\/uploads\/2023\/08\/onibus-biometano-pr.jpg","width":1000,"height":656},{"@type":"BreadcrumbList","@id":"https:\/\/jornalfatosenoticias.com.br\/index.php\/2023\/08\/22\/onibus-movido-100-a-biometano-e-testado-em-londrina\/#breadcrumb","itemListElement":[{"@type":"ListItem","position":1,"name":"In\u00edcio","item":"https:\/\/jornalfatosenoticias.com.br\/"},{"@type":"ListItem","position":2,"name":"\u00d4nibus movido 100% a biometano \u00e9 testado em Londrina"}]},{"@type":"WebSite","@id":"https:\/\/jornalfatosenoticias.com.br\/#website","url":"https:\/\/jornalfatosenoticias.com.br\/","name":"Jornal Fatos e Not\u00edcias","description":"Not\u00edcias em geral","publisher":{"@id":"https:\/\/jornalfatosenoticias.com.br\/#organization"},"potentialAction":[{"@type":"SearchAction","target":{"@type":"EntryPoint","urlTemplate":"https:\/\/jornalfatosenoticias.com.br\/?s={search_term_string}"},"query-input":{"@type":"PropertyValueSpecification","valueRequired":true,"valueName":"search_term_string"}}],"inLanguage":"pt-BR"},{"@type":"Organization","@id":"https:\/\/jornalfatosenoticias.com.br\/#organization","name":"Jornal Fatos e Not\u00edcias","url":"https:\/\/jornalfatosenoticias.com.br\/","logo":{"@type":"ImageObject","inLanguage":"pt-BR","@id":"https:\/\/jornalfatosenoticias.com.br\/#\/schema\/logo\/image\/","url":"https:\/\/jornalfatosenoticias.com.br\/wp-content\/uploads\/2020\/02\/logo120.png","contentUrl":"https:\/\/jornalfatosenoticias.com.br\/wp-content\/uploads\/2020\/02\/logo120.png","width":1227,"height":120,"caption":"Jornal Fatos e Not\u00edcias"},"image":{"@id":"https:\/\/jornalfatosenoticias.com.br\/#\/schema\/logo\/image\/"}},{"@type":"Person","@id":"https:\/\/jornalfatosenoticias.com.br\/#\/schema\/person\/d63837fa13ac8666eb9e74e0985d6f81","name":"Luzimara Fernandes","image":{"@type":"ImageObject","inLanguage":"pt-BR","@id":"https:\/\/jornalfatosenoticias.com.br\/#\/schema\/person\/image\/","url":"https:\/\/jornalfatosenoticias.com.br\/wp-content\/uploads\/2025\/05\/EU_portal.jpg","contentUrl":"https:\/\/jornalfatosenoticias.com.br\/wp-content\/uploads\/2025\/05\/EU_portal.jpg","caption":"Luzimara Fernandes"},"description":"Jornalista MTB 2358-ES","sameAs":["https:\/\/jornalfatosenoticias.com.br"],"url":"https:\/\/jornalfatosenoticias.com.br\/index.php\/author\/luzimara\/"}]}},"cc_featured_image_caption":{"caption_text":"(Foto: Compagas)","source_text":"","source_url":""},"jetpack_featured_media_url":"https:\/\/jornalfatosenoticias.com.br\/wp-content\/uploads\/2023\/08\/onibus-biometano-pr.jpg","_links":{"self":[{"href":"https:\/\/jornalfatosenoticias.com.br\/index.php\/wp-json\/wp\/v2\/posts\/44404","targetHints":{"allow":["GET"]}}],"collection":[{"href":"https:\/\/jornalfatosenoticias.com.br\/index.php\/wp-json\/wp\/v2\/posts"}],"about":[{"href":"https:\/\/jornalfatosenoticias.com.br\/index.php\/wp-json\/wp\/v2\/types\/post"}],"author":[{"embeddable":true,"href":"https:\/\/jornalfatosenoticias.com.br\/index.php\/wp-json\/wp\/v2\/users\/2"}],"replies":[{"embeddable":true,"href":"https:\/\/jornalfatosenoticias.com.br\/index.php\/wp-json\/wp\/v2\/comments?post=44404"}],"version-history":[{"count":0,"href":"https:\/\/jornalfatosenoticias.com.br\/index.php\/wp-json\/wp\/v2\/posts\/44404\/revisions"}],"wp:featuredmedia":[{"embeddable":true,"href":"https:\/\/jornalfatosenoticias.com.br\/index.php\/wp-json\/wp\/v2\/media\/44406"}],"wp:attachment":[{"href":"https:\/\/jornalfatosenoticias.com.br\/index.php\/wp-json\/wp\/v2\/media?parent=44404"}],"wp:term":[{"taxonomy":"category","embeddable":true,"href":"https:\/\/jornalfatosenoticias.com.br\/index.php\/wp-json\/wp\/v2\/categories?post=44404"},{"taxonomy":"post_tag","embeddable":true,"href":"https:\/\/jornalfatosenoticias.com.br\/index.php\/wp-json\/wp\/v2\/tags?post=44404"}],"curies":[{"name":"wp","href":"https:\/\/api.w.org\/{rel}","templated":true}]}}