{"id":44427,"date":"2023-08-22T15:24:34","date_gmt":"2023-08-22T18:24:34","guid":{"rendered":"https:\/\/jornalfatosenoticias.com.br\/?p=44427"},"modified":"2023-08-22T15:24:38","modified_gmt":"2023-08-22T18:24:38","slug":"professores-indigenas-ensinam-sua-cultura-para-capacitar-outros-docentes-no-para","status":"publish","type":"post","link":"https:\/\/jornalfatosenoticias.com.br\/index.php\/2023\/08\/22\/professores-indigenas-ensinam-sua-cultura-para-capacitar-outros-docentes-no-para\/","title":{"rendered":"Professores ind\u00edgenas ensinam sua cultura para capacitar outros docentes no Par\u00e1"},"content":{"rendered":"\n<p><em><span class=\"has-inline-color has-black-color\">Projeto busca replicar a cultura ind\u00edgena, combater a discrimina\u00e7\u00e3o e atender a Lei Federal 11.645\/2008, que determina as escolas a inclu\u00edrem no curr\u00edculo a obrigatoriedade da Cultura Afro-Brasileira e Ind\u00edgena<\/span><\/em><\/p>\n\n\n\n<div class=\"wp-block-image\"><figure class=\"aligncenter size-large is-resized\"><img loading=\"lazy\" decoding=\"async\" src=\"https:\/\/jornalfatosenoticias.com.br\/wp-content\/uploads\/2020\/02\/Logo-Steel-Controls-1024x340.jpg\" alt=\"\" class=\"wp-image-43791\" width=\"361\" height=\"119\"\/><\/figure><\/div>\n\n\n\n<p>Um grupo de nove <strong>professores ind\u00edgenas<\/strong> vinculados \u00e0 rede municipal de ensino de <strong>Altamira,<\/strong> regi\u00e3o do M\u00e9dio Xingu, capacitar\u00e1 48 professores n\u00e3o ind\u00edgenas da rede p\u00fablica do munic\u00edpio, no Sudoeste do <strong>Par\u00e1.<\/strong> Em sala de aula, os docentes receber\u00e3o conhecimentos sobre quem s\u00e3o os povos ind\u00edgenas, onde e como vivem, suas hist\u00f3rias e seus projetos de futuro. Informa\u00e7\u00f5es e conhecimentos que n\u00e3o est\u00e3o nos livros did\u00e1ticos. O projeto tem como premissa o protagonismo ind\u00edgena no processo de forma\u00e7\u00e3o de n\u00e3o ind\u00edgenas.<br>Al\u00e9m de ajudar a combater a discrimina\u00e7\u00e3o e o preconceito, o projeto tem como objetivo atender \u00e0 <strong><a href=\"https:\/\/www12.senado.leg.br\/ecidadania\/visualizacaoideia?id=51182#:~:text=A%20Lei%20n%C2%BA%2011.645%2C%20de,forma%C3%A7%C3%A3o%20de%20professores%20(licenciaturas).\">Lei Federal 11.645\/2008,<\/a><\/strong> que determina as escolas a inclu\u00edrem &#8220;no curr\u00edculo oficial da rede de ensino a obrigatoriedade da tem\u00e1tica Hist\u00f3ria e Cultura Afro-Brasileira e Ind\u00edgena&#8221;. No entanto, a maior parte dos munic\u00edpios do Pa\u00eds t\u00eam dificuldades de executar o que manda a lei, sendo um dos gargalos o fato de os professores n\u00e3o terem a forma\u00e7\u00e3o sobre a cultura ind\u00edgena.<\/p>\n\n\n\n<div class=\"wp-block-image\"><figure class=\"aligncenter size-large\"><img loading=\"lazy\" decoding=\"async\" width=\"300\" height=\"250\" src=\"https:\/\/jornalfatosenoticias.com.br\/wp-content\/uploads\/2020\/02\/Banner-2.png\" alt=\"\" class=\"wp-image-43787\"\/><\/figure><\/div>\n\n\n\n<p>Ao final da forma\u00e7\u00e3o da primeira turma de professores, prevista para dezembro, o projeto ter\u00e1 o potencial de multiplicar o conhecimento sobre os povos origin\u00e1rios para 5.400 alunos da rede de ensino do Fundamental Maior (6\u00ba a 9\u00ba ano). O programa prev\u00ea ainda a elabora\u00e7\u00e3o de um livro direcionado aos professores e a cria\u00e7\u00e3o de material did\u00e1tico para ser usado pelos alunos.<\/p>\n\n\n\n<div class=\"wp-block-image\"><figure class=\"aligncenter size-large is-resized\"><img loading=\"lazy\" decoding=\"async\" src=\"https:\/\/jornalfatosenoticias.com.br\/wp-content\/uploads\/2020\/02\/logo-Rapuzel-1024x571.jpg\" alt=\"\" class=\"wp-image-42808\" width=\"357\" height=\"199\" srcset=\"https:\/\/jornalfatosenoticias.com.br\/wp-content\/uploads\/2020\/02\/logo-Rapuzel-1024x571.jpg 1024w, https:\/\/jornalfatosenoticias.com.br\/wp-content\/uploads\/2020\/02\/logo-Rapuzel-300x167.jpg 300w, https:\/\/jornalfatosenoticias.com.br\/wp-content\/uploads\/2020\/02\/logo-Rapuzel-768x428.jpg 768w, https:\/\/jornalfatosenoticias.com.br\/wp-content\/uploads\/2020\/02\/logo-Rapuzel-1536x856.jpg 1536w, https:\/\/jornalfatosenoticias.com.br\/wp-content\/uploads\/2020\/02\/logo-Rapuzel.jpg 1600w\" sizes=\"auto, (max-width: 357px) 100vw, 357px\" \/><\/figure><\/div>\n\n\n\n<p>O Permear \u00e9 um projeto-piloto da Norte Energia, concession\u00e1ria da Usina Hidrel\u00e9trica Belo Monte, com a Prefeitura de Altamira. O objetivo \u00e9 que o Permear seja desenvolvido em outros munic\u00edpios. Somente na regi\u00e3o do M\u00e9dio Xingu, onde est\u00e3o Altamira e nove munic\u00edpios, de acordo com o Censo do Distrito Sanit\u00e1rio Especial Ind\u00edgena (DSEI), de maio de 2023, est\u00e3o 8.584 ind\u00edgenas de nove etnias diferentes, sendo 5.112 vivendo em terras ind\u00edgenas e 3.472 em contexto urbano e \u00e1reas ribeirinhas.<\/p>\n\n\n\n<div class=\"wp-block-image\"><figure class=\"aligncenter size-large\"><img loading=\"lazy\" decoding=\"async\" width=\"300\" height=\"250\" src=\"https:\/\/jornalfatosenoticias.com.br\/wp-content\/uploads\/2022\/02\/FERRARI_MAQUINAS-E-FERRAMENTAS2.jpg\" alt=\"\" class=\"wp-image-27860\"\/><\/figure><\/div>\n\n\n\n<p>O projeto foi idealizado pela antrop\u00f3loga da Norte Energia, Vanessa Caldeira, e contou com apoio do consultor linguista Nelivaldo Santana, professor da Universidade Federal do Par\u00e1 (UFPA) e doutorando da Universidade Estadual de Campinas (Unicamp). Ambos atuar\u00e3o tamb\u00e9m em sala de aula na capacita\u00e7\u00e3o dos professores. O Permear envolve quatro m\u00f3dulos e carga hor\u00e1ria total de 112 horas.<\/p>\n\n\n\n<div class=\"wp-block-image\"><figure class=\"aligncenter size-large is-resized\"><img loading=\"lazy\" decoding=\"async\" src=\"https:\/\/jornalfatosenoticias.com.br\/wp-content\/uploads\/2023\/07\/logo-ITH.png\" alt=\"\" class=\"wp-image-43684\" width=\"352\" height=\"190\"\/><\/figure><\/div>\n\n\n\n<p>O professor ind\u00edgena Kwazady Xipaya Mendes, um dos ministrantes da forma\u00e7\u00e3o, defende a rela\u00e7\u00e3o de pertencimento dos ind\u00edgenas e n\u00e3o ind\u00edgenas com o seu territ\u00f3rio. <\/p>\n\n\n\n<div class=\"wp-block-image\"><figure class=\"aligncenter size-large\"><img loading=\"lazy\" decoding=\"async\" width=\"894\" height=\"619\" src=\"https:\/\/jornalfatosenoticias.com.br\/wp-content\/uploads\/2023\/08\/projeto-Permear2.jpeg\" alt=\"\" class=\"wp-image-44428\" srcset=\"https:\/\/jornalfatosenoticias.com.br\/wp-content\/uploads\/2023\/08\/projeto-Permear2.jpeg 894w, https:\/\/jornalfatosenoticias.com.br\/wp-content\/uploads\/2023\/08\/projeto-Permear2-300x208.jpeg 300w, https:\/\/jornalfatosenoticias.com.br\/wp-content\/uploads\/2023\/08\/projeto-Permear2-768x532.jpeg 768w\" sizes=\"auto, (max-width: 894px) 100vw, 894px\" \/><figcaption><em><span class=\"has-inline-color has-black-color\">Para o professor ind\u00edgena Kwazady Xipaya Mendes, um dos ministrantes da forma\u00e7\u00e3o, a nova forma de ensinar veio para quebrar preconceito (Foto: Divulga\u00e7\u00e3o)<\/span><\/em><\/figcaption><\/figure><\/div>\n\n\n\n<blockquote class=\"wp-block-quote is-layout-flow wp-block-quote-is-layout-flow\"><p><span class=\"has-inline-color has-luminous-vivid-orange-color\">Agora a gente quer fazer o inverso. H\u00e1 a necessidade de formar a sociedade n\u00e3o ind\u00edgena, para que ela entenda o nosso mundo tamb\u00e9m. A forma de educa\u00e7\u00e3o que a gente est\u00e1 propondo \u00e9 para quebrar um preconceito que existe da sociedade n\u00e3o ind\u00edgena, a partir do respeito e de um olhar sem discrimina\u00e7\u00e3o&#8221;, explicou.<\/span><\/p><\/blockquote>\n\n\n\n<div class=\"wp-block-image\"><figure class=\"aligncenter size-large is-resized\"><img loading=\"lazy\" decoding=\"async\" src=\"https:\/\/jornalfatosenoticias.com.br\/wp-content\/uploads\/2023\/08\/LOGO-BLU-COMERCIAL-PRETO-1024x600.jpg\" alt=\"\" class=\"wp-image-44053\" width=\"336\" height=\"196\"\/><\/figure><\/div>\n\n\n\n<p>Para a superintendente de Sustentabilidade da Norte Energia, S\u00edlvia Cabral, a a\u00e7\u00e3o ajudar\u00e1 a combater o racismo e a promover a inclus\u00e3o \u00e9tnico-racial. <\/p>\n\n\n\n<blockquote class=\"wp-block-quote is-layout-flow wp-block-quote-is-layout-flow\"><p><span class=\"has-inline-color has-luminous-vivid-orange-color\">Esse \u00e9 um projeto da agenda de sustentabilidade da Companhia para trazer mais informa\u00e7\u00e3o sobre os povos ind\u00edgenas. A ideia dessa parceria com a Secretaria Municipal de Educa\u00e7\u00e3o de Altamira \u00e9 que seja um projeto-piloto que possa ser replicado para outros munic\u00edpios, para o Estado do Par\u00e1 e para todas as esferas de governo que tiverem interesse no programa&#8221;, afirmou.<\/span><\/p><\/blockquote>\n\n\n\n<div class=\"wp-block-image\"><figure class=\"aligncenter size-large is-resized\"><img loading=\"lazy\" decoding=\"async\" src=\"https:\/\/jornalfatosenoticias.com.br\/wp-content\/uploads\/2023\/03\/nova-logo-Marquetti.jpg\" alt=\"\" class=\"wp-image-40207\" width=\"303\" height=\"203\" srcset=\"https:\/\/jornalfatosenoticias.com.br\/wp-content\/uploads\/2023\/03\/nova-logo-Marquetti.jpg 643w, https:\/\/jornalfatosenoticias.com.br\/wp-content\/uploads\/2023\/03\/nova-logo-Marquetti-300x202.jpg 300w\" sizes=\"auto, (max-width: 303px) 100vw, 303px\" \/><\/figure><\/div>\n\n\n\n<p><strong><span class=\"has-inline-color has-vivid-purple-color\">Desenvolvimento Sustent\u00e1vel da ONU<br><\/span><\/strong>O projeto est\u00e1 alinhado aos Objetivos de Desenvolvimento Sustent\u00e1vel (ODS), estabelecidos pela Organiza\u00e7\u00e3o das Na\u00e7\u00f5es Unidas (ONU), um apelo global ao enfrentamento da pobreza, prote\u00e7\u00e3o do meio ambiente e do clima, garantia de paz e de prosperidade a todas as pessoas, em todos os lugares, como parte da Agenda 2030. A iniciativa segue as diretrizes, principalmente, dos ODS 4 e 17, que estabelecem, respectivamente, a\u00e7\u00f5es que assegurem educa\u00e7\u00e3o de qualidade e a busca de parcerias e meios de implementa\u00e7\u00e3o de a\u00e7\u00f5es que contribuam com o desenvolvimento socioecon\u00f4mico sustent\u00e1vel.<\/p>\n\n\n\n<div class=\"wp-block-image\"><figure class=\"aligncenter size-large is-resized\"><img loading=\"lazy\" decoding=\"async\" src=\"https:\/\/jornalfatosenoticias.com.br\/wp-content\/uploads\/2020\/02\/casa-do-torresmo_portal.jpg\" alt=\"\" class=\"wp-image-34472\" width=\"285\" height=\"285\" srcset=\"https:\/\/jornalfatosenoticias.com.br\/wp-content\/uploads\/2020\/02\/casa-do-torresmo_portal.jpg 300w, https:\/\/jornalfatosenoticias.com.br\/wp-content\/uploads\/2020\/02\/casa-do-torresmo_portal-150x150.jpg 150w\" sizes=\"auto, (max-width: 285px) 100vw, 285px\" \/><\/figure><\/div>\n\n\n\n<p>Al\u00e9m disso, o Permear pretende contribuir com a D\u00e9cada Internacional das L\u00ednguas Ind\u00edgenas 2022-2032 (DILI), institu\u00edda pela Assembleia Geral das Na\u00e7\u00f5es Unidas, como resultado do Ano Internacional das L\u00ednguas Ind\u00edgenas, proclamado pela Unesco em 2019. Ele segue a linha do Plano de A\u00e7\u00e3o Global para a DILI, tendo como princ\u00edpio norteador a participa\u00e7\u00e3o efetiva dos povos ind\u00edgenas na tomada de decis\u00e3o, consulta, planejamento e implementa\u00e7\u00e3o, com o lema &#8220;Nada para n\u00f3s sem n\u00f3s&#8221;.<\/p>\n\n\n\n<div class=\"wp-block-image\"><figure class=\"aligncenter size-large is-resized\"><img loading=\"lazy\" decoding=\"async\" src=\"https:\/\/jornalfatosenoticias.com.br\/wp-content\/uploads\/2023\/07\/lacremoda.jpg\" alt=\"\" class=\"wp-image-43706\" width=\"311\" height=\"174\" srcset=\"https:\/\/jornalfatosenoticias.com.br\/wp-content\/uploads\/2023\/07\/lacremoda.jpg 1024w, https:\/\/jornalfatosenoticias.com.br\/wp-content\/uploads\/2023\/07\/lacremoda-300x168.jpg 300w, https:\/\/jornalfatosenoticias.com.br\/wp-content\/uploads\/2023\/07\/lacremoda-768x431.jpg 768w\" sizes=\"auto, (max-width: 311px) 100vw, 311px\" \/><\/figure><\/div>\n\n\n\n<p><strong><em>Fonte: <a href=\"https:\/\/portalamazonia.com\/colunistas\/educacao\/professores-indigenas-ensinam-sua-cultura-para-capacitar-outros-docentes-no-para\">Portal Amaz\u00f4nia<\/a><\/em><\/strong><\/p>\n","protected":false},"excerpt":{"rendered":"<p>Projeto busca replicar a cultura ind\u00edgena, combater a discrimina\u00e7\u00e3o e atender a Lei Federal 11.645\/2008, que determina as escolas a inclu\u00edrem no curr\u00edculo a obrigatoriedade da Cultura Afro-Brasileira e Ind\u00edgena Um grupo de nove professores ind\u00edgenas vinculados \u00e0 rede municipal de ensino de Altamira, regi\u00e3o do M\u00e9dio Xingu, capacitar\u00e1 48 professores n\u00e3o ind\u00edgenas da rede [&hellip;]<\/p>\n","protected":false},"author":2,"featured_media":44429,"comment_status":"open","ping_status":"open","sticky":false,"template":"","format":"standard","meta":{"footnotes":""},"categories":[7],"tags":[345,13230,10503,20923,940,7326],"class_list":["post-44427","post","type-post","status-publish","format-standard","has-post-thumbnail","hentry","category-educacao","tag-educacao","tag-educacao-indigena","tag-livros-didaticos","tag-material-didatico","tag-para","tag-sala-de-aula"],"yoast_head":"<!-- This site is optimized with the Yoast SEO plugin v26.5 - https:\/\/yoast.com\/wordpress\/plugins\/seo\/ -->\n<title>Professores ind\u00edgenas ensinam sua cultura para capacitar outros docentes no Par\u00e1 - Jornal Fatos e Not\u00edcias<\/title>\n<meta name=\"robots\" content=\"index, follow, max-snippet:-1, max-image-preview:large, max-video-preview:-1\" \/>\n<link rel=\"canonical\" href=\"https:\/\/jornalfatosenoticias.com.br\/index.php\/2023\/08\/22\/professores-indigenas-ensinam-sua-cultura-para-capacitar-outros-docentes-no-para\/\" \/>\n<meta property=\"og:locale\" content=\"pt_BR\" \/>\n<meta property=\"og:type\" content=\"article\" \/>\n<meta property=\"og:title\" content=\"Professores ind\u00edgenas ensinam sua cultura para capacitar outros docentes no Par\u00e1 - Jornal Fatos e Not\u00edcias\" \/>\n<meta property=\"og:description\" content=\"Projeto busca replicar a cultura ind\u00edgena, combater a discrimina\u00e7\u00e3o e atender a Lei Federal 11.645\/2008, que determina as escolas a inclu\u00edrem no curr\u00edculo a obrigatoriedade da Cultura Afro-Brasileira e Ind\u00edgena Um grupo de nove professores ind\u00edgenas vinculados \u00e0 rede municipal de ensino de Altamira, regi\u00e3o do M\u00e9dio Xingu, capacitar\u00e1 48 professores n\u00e3o ind\u00edgenas da rede [&hellip;]\" \/>\n<meta property=\"og:url\" content=\"https:\/\/jornalfatosenoticias.com.br\/index.php\/2023\/08\/22\/professores-indigenas-ensinam-sua-cultura-para-capacitar-outros-docentes-no-para\/\" \/>\n<meta property=\"og:site_name\" content=\"Jornal Fatos e Not\u00edcias\" \/>\n<meta property=\"article:published_time\" content=\"2023-08-22T18:24:34+00:00\" \/>\n<meta property=\"article:modified_time\" content=\"2023-08-22T18:24:38+00:00\" \/>\n<meta property=\"og:image\" content=\"https:\/\/jornalfatosenoticias.com.br\/wp-content\/uploads\/2023\/08\/projeto-Permear.jpeg\" \/>\n\t<meta property=\"og:image:width\" content=\"1000\" \/>\n\t<meta property=\"og:image:height\" content=\"624\" \/>\n\t<meta property=\"og:image:type\" content=\"image\/jpeg\" \/>\n<meta name=\"author\" content=\"Luzimara Fernandes\" \/>\n<meta name=\"twitter:card\" content=\"summary_large_image\" \/>\n<meta name=\"twitter:label1\" content=\"Escrito por\" \/>\n\t<meta name=\"twitter:data1\" content=\"Luzimara Fernandes\" \/>\n\t<meta name=\"twitter:label2\" content=\"Est. tempo de leitura\" \/>\n\t<meta name=\"twitter:data2\" content=\"4 minutos\" \/>\n<script type=\"application\/ld+json\" class=\"yoast-schema-graph\">{\"@context\":\"https:\/\/schema.org\",\"@graph\":[{\"@type\":\"Article\",\"@id\":\"https:\/\/jornalfatosenoticias.com.br\/index.php\/2023\/08\/22\/professores-indigenas-ensinam-sua-cultura-para-capacitar-outros-docentes-no-para\/#article\",\"isPartOf\":{\"@id\":\"https:\/\/jornalfatosenoticias.com.br\/index.php\/2023\/08\/22\/professores-indigenas-ensinam-sua-cultura-para-capacitar-outros-docentes-no-para\/\"},\"author\":{\"name\":\"Luzimara Fernandes\",\"@id\":\"https:\/\/jornalfatosenoticias.com.br\/#\/schema\/person\/d63837fa13ac8666eb9e74e0985d6f81\"},\"headline\":\"Professores ind\u00edgenas ensinam sua cultura para capacitar outros docentes no Par\u00e1\",\"datePublished\":\"2023-08-22T18:24:34+00:00\",\"dateModified\":\"2023-08-22T18:24:38+00:00\",\"mainEntityOfPage\":{\"@id\":\"https:\/\/jornalfatosenoticias.com.br\/index.php\/2023\/08\/22\/professores-indigenas-ensinam-sua-cultura-para-capacitar-outros-docentes-no-para\/\"},\"wordCount\":843,\"commentCount\":0,\"publisher\":{\"@id\":\"https:\/\/jornalfatosenoticias.com.br\/#organization\"},\"image\":{\"@id\":\"https:\/\/jornalfatosenoticias.com.br\/index.php\/2023\/08\/22\/professores-indigenas-ensinam-sua-cultura-para-capacitar-outros-docentes-no-para\/#primaryimage\"},\"thumbnailUrl\":\"https:\/\/jornalfatosenoticias.com.br\/wp-content\/uploads\/2023\/08\/projeto-Permear.jpeg\",\"keywords\":[\"educa\u00e7\u00e3o\",\"educa\u00e7\u00e3o ind\u00edgena\",\"livros did\u00e1ticos\",\"material did\u00e1tico\",\"Par\u00e1\",\"sala de aula\"],\"articleSection\":[\"Educa\u00e7\u00e3o\"],\"inLanguage\":\"pt-BR\",\"potentialAction\":[{\"@type\":\"CommentAction\",\"name\":\"Comment\",\"target\":[\"https:\/\/jornalfatosenoticias.com.br\/index.php\/2023\/08\/22\/professores-indigenas-ensinam-sua-cultura-para-capacitar-outros-docentes-no-para\/#respond\"]}]},{\"@type\":\"WebPage\",\"@id\":\"https:\/\/jornalfatosenoticias.com.br\/index.php\/2023\/08\/22\/professores-indigenas-ensinam-sua-cultura-para-capacitar-outros-docentes-no-para\/\",\"url\":\"https:\/\/jornalfatosenoticias.com.br\/index.php\/2023\/08\/22\/professores-indigenas-ensinam-sua-cultura-para-capacitar-outros-docentes-no-para\/\",\"name\":\"Professores ind\u00edgenas ensinam sua cultura para capacitar outros docentes no Par\u00e1 - Jornal Fatos e Not\u00edcias\",\"isPartOf\":{\"@id\":\"https:\/\/jornalfatosenoticias.com.br\/#website\"},\"primaryImageOfPage\":{\"@id\":\"https:\/\/jornalfatosenoticias.com.br\/index.php\/2023\/08\/22\/professores-indigenas-ensinam-sua-cultura-para-capacitar-outros-docentes-no-para\/#primaryimage\"},\"image\":{\"@id\":\"https:\/\/jornalfatosenoticias.com.br\/index.php\/2023\/08\/22\/professores-indigenas-ensinam-sua-cultura-para-capacitar-outros-docentes-no-para\/#primaryimage\"},\"thumbnailUrl\":\"https:\/\/jornalfatosenoticias.com.br\/wp-content\/uploads\/2023\/08\/projeto-Permear.jpeg\",\"datePublished\":\"2023-08-22T18:24:34+00:00\",\"dateModified\":\"2023-08-22T18:24:38+00:00\",\"breadcrumb\":{\"@id\":\"https:\/\/jornalfatosenoticias.com.br\/index.php\/2023\/08\/22\/professores-indigenas-ensinam-sua-cultura-para-capacitar-outros-docentes-no-para\/#breadcrumb\"},\"inLanguage\":\"pt-BR\",\"potentialAction\":[{\"@type\":\"ReadAction\",\"target\":[\"https:\/\/jornalfatosenoticias.com.br\/index.php\/2023\/08\/22\/professores-indigenas-ensinam-sua-cultura-para-capacitar-outros-docentes-no-para\/\"]}]},{\"@type\":\"ImageObject\",\"inLanguage\":\"pt-BR\",\"@id\":\"https:\/\/jornalfatosenoticias.com.br\/index.php\/2023\/08\/22\/professores-indigenas-ensinam-sua-cultura-para-capacitar-outros-docentes-no-para\/#primaryimage\",\"url\":\"https:\/\/jornalfatosenoticias.com.br\/wp-content\/uploads\/2023\/08\/projeto-Permear.jpeg\",\"contentUrl\":\"https:\/\/jornalfatosenoticias.com.br\/wp-content\/uploads\/2023\/08\/projeto-Permear.jpeg\",\"width\":1000,\"height\":624},{\"@type\":\"BreadcrumbList\",\"@id\":\"https:\/\/jornalfatosenoticias.com.br\/index.php\/2023\/08\/22\/professores-indigenas-ensinam-sua-cultura-para-capacitar-outros-docentes-no-para\/#breadcrumb\",\"itemListElement\":[{\"@type\":\"ListItem\",\"position\":1,\"name\":\"In\u00edcio\",\"item\":\"https:\/\/jornalfatosenoticias.com.br\/\"},{\"@type\":\"ListItem\",\"position\":2,\"name\":\"Professores ind\u00edgenas ensinam sua cultura para capacitar outros docentes no Par\u00e1\"}]},{\"@type\":\"WebSite\",\"@id\":\"https:\/\/jornalfatosenoticias.com.br\/#website\",\"url\":\"https:\/\/jornalfatosenoticias.com.br\/\",\"name\":\"Jornal Fatos e Not\u00edcias\",\"description\":\"Not\u00edcias em geral\",\"publisher\":{\"@id\":\"https:\/\/jornalfatosenoticias.com.br\/#organization\"},\"potentialAction\":[{\"@type\":\"SearchAction\",\"target\":{\"@type\":\"EntryPoint\",\"urlTemplate\":\"https:\/\/jornalfatosenoticias.com.br\/?s={search_term_string}\"},\"query-input\":{\"@type\":\"PropertyValueSpecification\",\"valueRequired\":true,\"valueName\":\"search_term_string\"}}],\"inLanguage\":\"pt-BR\"},{\"@type\":\"Organization\",\"@id\":\"https:\/\/jornalfatosenoticias.com.br\/#organization\",\"name\":\"Jornal Fatos e Not\u00edcias\",\"url\":\"https:\/\/jornalfatosenoticias.com.br\/\",\"logo\":{\"@type\":\"ImageObject\",\"inLanguage\":\"pt-BR\",\"@id\":\"https:\/\/jornalfatosenoticias.com.br\/#\/schema\/logo\/image\/\",\"url\":\"https:\/\/jornalfatosenoticias.com.br\/wp-content\/uploads\/2020\/02\/logo120.png\",\"contentUrl\":\"https:\/\/jornalfatosenoticias.com.br\/wp-content\/uploads\/2020\/02\/logo120.png\",\"width\":1227,\"height\":120,\"caption\":\"Jornal Fatos e Not\u00edcias\"},\"image\":{\"@id\":\"https:\/\/jornalfatosenoticias.com.br\/#\/schema\/logo\/image\/\"}},{\"@type\":\"Person\",\"@id\":\"https:\/\/jornalfatosenoticias.com.br\/#\/schema\/person\/d63837fa13ac8666eb9e74e0985d6f81\",\"name\":\"Luzimara Fernandes\",\"image\":{\"@type\":\"ImageObject\",\"inLanguage\":\"pt-BR\",\"@id\":\"https:\/\/jornalfatosenoticias.com.br\/#\/schema\/person\/image\/\",\"url\":\"https:\/\/jornalfatosenoticias.com.br\/wp-content\/uploads\/2025\/05\/EU_portal.jpg\",\"contentUrl\":\"https:\/\/jornalfatosenoticias.com.br\/wp-content\/uploads\/2025\/05\/EU_portal.jpg\",\"caption\":\"Luzimara Fernandes\"},\"description\":\"Jornalista MTB 2358-ES\",\"sameAs\":[\"https:\/\/jornalfatosenoticias.com.br\"],\"url\":\"https:\/\/jornalfatosenoticias.com.br\/index.php\/author\/luzimara\/\"}]}<\/script>\n<!-- \/ Yoast SEO plugin. -->","yoast_head_json":{"title":"Professores ind\u00edgenas ensinam sua cultura para capacitar outros docentes no Par\u00e1 - Jornal Fatos e Not\u00edcias","robots":{"index":"index","follow":"follow","max-snippet":"max-snippet:-1","max-image-preview":"max-image-preview:large","max-video-preview":"max-video-preview:-1"},"canonical":"https:\/\/jornalfatosenoticias.com.br\/index.php\/2023\/08\/22\/professores-indigenas-ensinam-sua-cultura-para-capacitar-outros-docentes-no-para\/","og_locale":"pt_BR","og_type":"article","og_title":"Professores ind\u00edgenas ensinam sua cultura para capacitar outros docentes no Par\u00e1 - Jornal Fatos e Not\u00edcias","og_description":"Projeto busca replicar a cultura ind\u00edgena, combater a discrimina\u00e7\u00e3o e atender a Lei Federal 11.645\/2008, que determina as escolas a inclu\u00edrem no curr\u00edculo a obrigatoriedade da Cultura Afro-Brasileira e Ind\u00edgena Um grupo de nove professores ind\u00edgenas vinculados \u00e0 rede municipal de ensino de Altamira, regi\u00e3o do M\u00e9dio Xingu, capacitar\u00e1 48 professores n\u00e3o ind\u00edgenas da rede [&hellip;]","og_url":"https:\/\/jornalfatosenoticias.com.br\/index.php\/2023\/08\/22\/professores-indigenas-ensinam-sua-cultura-para-capacitar-outros-docentes-no-para\/","og_site_name":"Jornal Fatos e Not\u00edcias","article_published_time":"2023-08-22T18:24:34+00:00","article_modified_time":"2023-08-22T18:24:38+00:00","og_image":[{"width":1000,"height":624,"url":"https:\/\/jornalfatosenoticias.com.br\/wp-content\/uploads\/2023\/08\/projeto-Permear.jpeg","type":"image\/jpeg"}],"author":"Luzimara Fernandes","twitter_card":"summary_large_image","twitter_misc":{"Escrito por":"Luzimara Fernandes","Est. tempo de leitura":"4 minutos"},"schema":{"@context":"https:\/\/schema.org","@graph":[{"@type":"Article","@id":"https:\/\/jornalfatosenoticias.com.br\/index.php\/2023\/08\/22\/professores-indigenas-ensinam-sua-cultura-para-capacitar-outros-docentes-no-para\/#article","isPartOf":{"@id":"https:\/\/jornalfatosenoticias.com.br\/index.php\/2023\/08\/22\/professores-indigenas-ensinam-sua-cultura-para-capacitar-outros-docentes-no-para\/"},"author":{"name":"Luzimara Fernandes","@id":"https:\/\/jornalfatosenoticias.com.br\/#\/schema\/person\/d63837fa13ac8666eb9e74e0985d6f81"},"headline":"Professores ind\u00edgenas ensinam sua cultura para capacitar outros docentes no Par\u00e1","datePublished":"2023-08-22T18:24:34+00:00","dateModified":"2023-08-22T18:24:38+00:00","mainEntityOfPage":{"@id":"https:\/\/jornalfatosenoticias.com.br\/index.php\/2023\/08\/22\/professores-indigenas-ensinam-sua-cultura-para-capacitar-outros-docentes-no-para\/"},"wordCount":843,"commentCount":0,"publisher":{"@id":"https:\/\/jornalfatosenoticias.com.br\/#organization"},"image":{"@id":"https:\/\/jornalfatosenoticias.com.br\/index.php\/2023\/08\/22\/professores-indigenas-ensinam-sua-cultura-para-capacitar-outros-docentes-no-para\/#primaryimage"},"thumbnailUrl":"https:\/\/jornalfatosenoticias.com.br\/wp-content\/uploads\/2023\/08\/projeto-Permear.jpeg","keywords":["educa\u00e7\u00e3o","educa\u00e7\u00e3o ind\u00edgena","livros did\u00e1ticos","material did\u00e1tico","Par\u00e1","sala de aula"],"articleSection":["Educa\u00e7\u00e3o"],"inLanguage":"pt-BR","potentialAction":[{"@type":"CommentAction","name":"Comment","target":["https:\/\/jornalfatosenoticias.com.br\/index.php\/2023\/08\/22\/professores-indigenas-ensinam-sua-cultura-para-capacitar-outros-docentes-no-para\/#respond"]}]},{"@type":"WebPage","@id":"https:\/\/jornalfatosenoticias.com.br\/index.php\/2023\/08\/22\/professores-indigenas-ensinam-sua-cultura-para-capacitar-outros-docentes-no-para\/","url":"https:\/\/jornalfatosenoticias.com.br\/index.php\/2023\/08\/22\/professores-indigenas-ensinam-sua-cultura-para-capacitar-outros-docentes-no-para\/","name":"Professores ind\u00edgenas ensinam sua cultura para capacitar outros docentes no Par\u00e1 - Jornal Fatos e Not\u00edcias","isPartOf":{"@id":"https:\/\/jornalfatosenoticias.com.br\/#website"},"primaryImageOfPage":{"@id":"https:\/\/jornalfatosenoticias.com.br\/index.php\/2023\/08\/22\/professores-indigenas-ensinam-sua-cultura-para-capacitar-outros-docentes-no-para\/#primaryimage"},"image":{"@id":"https:\/\/jornalfatosenoticias.com.br\/index.php\/2023\/08\/22\/professores-indigenas-ensinam-sua-cultura-para-capacitar-outros-docentes-no-para\/#primaryimage"},"thumbnailUrl":"https:\/\/jornalfatosenoticias.com.br\/wp-content\/uploads\/2023\/08\/projeto-Permear.jpeg","datePublished":"2023-08-22T18:24:34+00:00","dateModified":"2023-08-22T18:24:38+00:00","breadcrumb":{"@id":"https:\/\/jornalfatosenoticias.com.br\/index.php\/2023\/08\/22\/professores-indigenas-ensinam-sua-cultura-para-capacitar-outros-docentes-no-para\/#breadcrumb"},"inLanguage":"pt-BR","potentialAction":[{"@type":"ReadAction","target":["https:\/\/jornalfatosenoticias.com.br\/index.php\/2023\/08\/22\/professores-indigenas-ensinam-sua-cultura-para-capacitar-outros-docentes-no-para\/"]}]},{"@type":"ImageObject","inLanguage":"pt-BR","@id":"https:\/\/jornalfatosenoticias.com.br\/index.php\/2023\/08\/22\/professores-indigenas-ensinam-sua-cultura-para-capacitar-outros-docentes-no-para\/#primaryimage","url":"https:\/\/jornalfatosenoticias.com.br\/wp-content\/uploads\/2023\/08\/projeto-Permear.jpeg","contentUrl":"https:\/\/jornalfatosenoticias.com.br\/wp-content\/uploads\/2023\/08\/projeto-Permear.jpeg","width":1000,"height":624},{"@type":"BreadcrumbList","@id":"https:\/\/jornalfatosenoticias.com.br\/index.php\/2023\/08\/22\/professores-indigenas-ensinam-sua-cultura-para-capacitar-outros-docentes-no-para\/#breadcrumb","itemListElement":[{"@type":"ListItem","position":1,"name":"In\u00edcio","item":"https:\/\/jornalfatosenoticias.com.br\/"},{"@type":"ListItem","position":2,"name":"Professores ind\u00edgenas ensinam sua cultura para capacitar outros docentes no Par\u00e1"}]},{"@type":"WebSite","@id":"https:\/\/jornalfatosenoticias.com.br\/#website","url":"https:\/\/jornalfatosenoticias.com.br\/","name":"Jornal Fatos e Not\u00edcias","description":"Not\u00edcias em geral","publisher":{"@id":"https:\/\/jornalfatosenoticias.com.br\/#organization"},"potentialAction":[{"@type":"SearchAction","target":{"@type":"EntryPoint","urlTemplate":"https:\/\/jornalfatosenoticias.com.br\/?s={search_term_string}"},"query-input":{"@type":"PropertyValueSpecification","valueRequired":true,"valueName":"search_term_string"}}],"inLanguage":"pt-BR"},{"@type":"Organization","@id":"https:\/\/jornalfatosenoticias.com.br\/#organization","name":"Jornal Fatos e Not\u00edcias","url":"https:\/\/jornalfatosenoticias.com.br\/","logo":{"@type":"ImageObject","inLanguage":"pt-BR","@id":"https:\/\/jornalfatosenoticias.com.br\/#\/schema\/logo\/image\/","url":"https:\/\/jornalfatosenoticias.com.br\/wp-content\/uploads\/2020\/02\/logo120.png","contentUrl":"https:\/\/jornalfatosenoticias.com.br\/wp-content\/uploads\/2020\/02\/logo120.png","width":1227,"height":120,"caption":"Jornal Fatos e Not\u00edcias"},"image":{"@id":"https:\/\/jornalfatosenoticias.com.br\/#\/schema\/logo\/image\/"}},{"@type":"Person","@id":"https:\/\/jornalfatosenoticias.com.br\/#\/schema\/person\/d63837fa13ac8666eb9e74e0985d6f81","name":"Luzimara Fernandes","image":{"@type":"ImageObject","inLanguage":"pt-BR","@id":"https:\/\/jornalfatosenoticias.com.br\/#\/schema\/person\/image\/","url":"https:\/\/jornalfatosenoticias.com.br\/wp-content\/uploads\/2025\/05\/EU_portal.jpg","contentUrl":"https:\/\/jornalfatosenoticias.com.br\/wp-content\/uploads\/2025\/05\/EU_portal.jpg","caption":"Luzimara Fernandes"},"description":"Jornalista MTB 2358-ES","sameAs":["https:\/\/jornalfatosenoticias.com.br"],"url":"https:\/\/jornalfatosenoticias.com.br\/index.php\/author\/luzimara\/"}]}},"cc_featured_image_caption":{"caption_text":"(Foto: Divulga\u00e7\u00e3o) ","source_text":"","source_url":""},"jetpack_featured_media_url":"https:\/\/jornalfatosenoticias.com.br\/wp-content\/uploads\/2023\/08\/projeto-Permear.jpeg","_links":{"self":[{"href":"https:\/\/jornalfatosenoticias.com.br\/index.php\/wp-json\/wp\/v2\/posts\/44427","targetHints":{"allow":["GET"]}}],"collection":[{"href":"https:\/\/jornalfatosenoticias.com.br\/index.php\/wp-json\/wp\/v2\/posts"}],"about":[{"href":"https:\/\/jornalfatosenoticias.com.br\/index.php\/wp-json\/wp\/v2\/types\/post"}],"author":[{"embeddable":true,"href":"https:\/\/jornalfatosenoticias.com.br\/index.php\/wp-json\/wp\/v2\/users\/2"}],"replies":[{"embeddable":true,"href":"https:\/\/jornalfatosenoticias.com.br\/index.php\/wp-json\/wp\/v2\/comments?post=44427"}],"version-history":[{"count":0,"href":"https:\/\/jornalfatosenoticias.com.br\/index.php\/wp-json\/wp\/v2\/posts\/44427\/revisions"}],"wp:featuredmedia":[{"embeddable":true,"href":"https:\/\/jornalfatosenoticias.com.br\/index.php\/wp-json\/wp\/v2\/media\/44429"}],"wp:attachment":[{"href":"https:\/\/jornalfatosenoticias.com.br\/index.php\/wp-json\/wp\/v2\/media?parent=44427"}],"wp:term":[{"taxonomy":"category","embeddable":true,"href":"https:\/\/jornalfatosenoticias.com.br\/index.php\/wp-json\/wp\/v2\/categories?post=44427"},{"taxonomy":"post_tag","embeddable":true,"href":"https:\/\/jornalfatosenoticias.com.br\/index.php\/wp-json\/wp\/v2\/tags?post=44427"}],"curies":[{"name":"wp","href":"https:\/\/api.w.org\/{rel}","templated":true}]}}