{"id":44448,"date":"2023-08-23T09:35:14","date_gmt":"2023-08-23T12:35:14","guid":{"rendered":"https:\/\/jornalfatosenoticias.com.br\/?p=44448"},"modified":"2023-08-23T09:35:15","modified_gmt":"2023-08-23T12:35:15","slug":"restos-mortais-de-criatura-de-230-milhoes-de-anos-sao-descobertos-no-brasil","status":"publish","type":"post","link":"https:\/\/jornalfatosenoticias.com.br\/index.php\/2023\/08\/23\/restos-mortais-de-criatura-de-230-milhoes-de-anos-sao-descobertos-no-brasil\/","title":{"rendered":"Restos mortais de criatura de 230 milh\u00f5es de anos s\u00e3o descobertos no Brasil"},"content":{"rendered":"\n<p><em><span class=\"has-inline-color has-black-color\">Cerca de 50 fragmentos de ossos encontrados no sul do Brasil revelam uma esp\u00e9cie at\u00e9 ent\u00e3o desconhecida de r\u00e9ptil pr\u00e9-hist\u00f3rico<\/span><\/em><\/p>\n\n\n\n<p><em><span class=\"has-inline-color has-black-color\">Por <strong><a href=\"https:\/\/olhardigital.com.br\/author\/flavia-correia\/\">Flavia Correia<\/a><\/strong><\/span><\/em><\/p>\n\n\n\n<div class=\"wp-block-image\"><figure class=\"aligncenter size-large\"><img decoding=\"async\" src=\"https:\/\/jornalfatosenoticias.com.br\/wp-content\/uploads\/2020\/02\/WhatsApp-Image-2023-08-22-at-16.18.42-1024x110.jpeg\" alt=\"\" class=\"wp-image-44436\"\/><\/figure><\/div>\n\n\n\n<p>\u201cEdward, m\u00e3os de tesoura\u201d. Esta \u00e9 a refer\u00eancia usada pelo pesquisador Rodrigo Temp M\u00fcller, paleont\u00f3logo da Universidade Federal de Santa Maria (UFSM), no <a href=\"https:\/\/olhardigital.com.br\/2022\/12\/13\/ciencia-e-espaco\/chuva-de-meteoros-rende-imagens-incriveis-no-rio-grande-do-sul\/\" target=\"_blank\" rel=\"noreferrer noopener\">Rio Grande do Sul<\/a>, para falar de um r\u00e9ptil de garras imensas cujos\u00a0<a href=\"https:\/\/olhardigital.com.br\/2023\/06\/28\/carros-e-tecnologia\/restos-mortais-podem-ter-sido-encontrados-nos-destrocos-do-titan\/\" target=\"_blank\" rel=\"noreferrer noopener\">restos mortais<\/a> foram descobertos no ano passado em uma fazenda de arroz a 266 km de Porto Alegre.<br>Al\u00e9m das m\u00e3os enormes com unhas compridas semelhantes a espadas, que provavelmente eram usadas para ca\u00e7ar presas e subir em \u00e1rvores, a criatura tinha um bico grande e afiado por meio do qual se alimentava de frutas, <a href=\"https:\/\/olhardigital.com.br\/2022\/07\/25\/ciencia-e-espaco\/os-5-insetos-mais-venenosos-do-mundo\/\" target=\"_blank\" rel=\"noreferrer noopener\">insetos<\/a> e animais menores, como lagartos. Era coberto de pelos e tinha uma longa cauda.<br>Segundo o estudo, liderado por M\u00fcller, relatado em um artigo publicado na revista <a href=\"https:\/\/www.nature.com\/articles\/s41586-023-06359-z\" target=\"_blank\" rel=\"noreferrer noopener\"><em>Nature<\/em><\/a>, este ser pr\u00e9-hist\u00f3rico viveu h\u00e1 230 milh\u00f5es de anos, no per\u00edodo Tri\u00e1ssico, ao lado de dinossauros e\u00a0<a href=\"https:\/\/olhardigital.com.br\/2022\/04\/20\/ciencia-e-espaco\/alguns-pterossauros-nao-apenas-voavam-como-tinham-penas-de-coloracao-variada\/\" target=\"_blank\" rel=\"noreferrer noopener\">pterossauros<\/a> (r\u00e9pteis voadores com os quais tem certo parentesco). <\/p>\n\n\n\n<div class=\"wp-block-image\"><figure class=\"aligncenter size-large\"><img loading=\"lazy\" decoding=\"async\" width=\"300\" height=\"250\" src=\"https:\/\/jornalfatosenoticias.com.br\/wp-content\/uploads\/2022\/08\/arte-Casarao.jpg\" alt=\"\" class=\"wp-image-33178\"\/><\/figure><\/div>\n\n\n\n<figure class=\"wp-block-embed-twitter wp-block-embed is-type-rich is-provider-twitter\"><div class=\"wp-block-embed__wrapper\">\n<blockquote class=\"twitter-tweet\" data-width=\"550\" data-dnt=\"true\"><p lang=\"pt\" dir=\"ltr\">Venetoraptor gassenae, a new Lagerpetidae from brazil!<br>.<br>Aqui os concepts que fiz a convite do <a href=\"https:\/\/twitter.com\/Maurissauro?ref_src=twsrc%5Etfw\">@Maurissauro<\/a>  e <a href=\"https:\/\/twitter.com\/paleo_caio?ref_src=twsrc%5Etfw\">@paleo_caio<\/a> desse animal fascinante, que nos ajuda a compreender um pouco mais sobre a base evolutiva dos Pterossauros.<br>.<a href=\"https:\/\/t.co\/oS2dicUFFT\">https:\/\/t.co\/oS2dicUFFT<\/a> <a href=\"https:\/\/t.co\/VCBE9nIB20\">pic.twitter.com\/VCBE9nIB20<\/a><\/p>&mdash; Paleolee (@MF_gadelha) <a href=\"https:\/\/twitter.com\/MF_gadelha\/status\/1691882134737125723?ref_src=twsrc%5Etfw\">August 16, 2023<\/a><\/blockquote><script async src=\"https:\/\/platform.twitter.com\/widgets.js\" charset=\"utf-8\"><\/script>\n<\/div><\/figure>\n\n\n\n<div class=\"wp-block-image\"><figure class=\"aligncenter size-large\"><img decoding=\"async\" src=\"https:\/\/jornalfatosenoticias.com.br\/wp-content\/uploads\/2020\/02\/WhatsApp-Image-2023-08-22-at-16.18.41-1024x110.jpeg\" alt=\"\" class=\"wp-image-44437\"\/><\/figure><\/div>\n\n\n\n<p>Batizado de <em>Venetoraptor gassenae,<\/em> o animal tinha cerca de 70cm de altura e mais ou menos um metro de comprimento, de acordo com as an\u00e1lises dos cerca de 50 fragmentos de ossos, que sugerem ser de um indiv\u00edduo adulto.<\/p>\n\n\n\n<figure class=\"wp-block-embed-twitter wp-block-embed is-type-rich is-provider-twitter\"><div class=\"wp-block-embed__wrapper\">\n<blockquote class=\"twitter-tweet\" data-width=\"550\" data-dnt=\"true\"><p lang=\"en\" dir=\"ltr\">IS FINALLY HERE<br><br>New reptile shows dinosaurs and pterosaurs evolved among diverse precursors<br><br>Venetoraptor gassenae gen. et sp. nov.<a href=\"https:\/\/t.co\/ONsApMLeS7\">https:\/\/t.co\/ONsApMLeS7<\/a> <a href=\"https:\/\/t.co\/wEeRshSDzv\">pic.twitter.com\/wEeRshSDzv<\/a><\/p>&mdash; Dactylioceras\ud83c\uddf5\ud83c\uddf8 (@Dinoh555) <a href=\"https:\/\/twitter.com\/Dinoh555\/status\/1691830312391606489?ref_src=twsrc%5Etfw\">August 16, 2023<\/a><\/blockquote><script async src=\"https:\/\/platform.twitter.com\/widgets.js\" charset=\"utf-8\"><\/script>\n<\/div><\/figure>\n\n\n\n<blockquote class=\"wp-block-quote is-layout-flow wp-block-quote-is-layout-flow\"><p><span class=\"has-inline-color has-luminous-vivid-orange-color\">Esse f\u00f3ssil foi descoberto em 2022. A\u00ed, ele passou por um processo de prepara\u00e7\u00e3o, depois a gente analisa ele, junta dados para poder fazer a publica\u00e7\u00e3o, ent\u00e3o \u00e9 um estudo bem minucioso demora bastante\u201d, explicou M\u00fcller ao G1. \u201cAl\u00e9m disso, ele passa por revis\u00e3o de outros pesquisadores\u201d.<\/span><\/p><\/blockquote>\n\n\n\n<div class=\"wp-block-image\"><figure class=\"aligncenter size-large is-resized\"><img loading=\"lazy\" decoding=\"async\" src=\"https:\/\/jornalfatosenoticias.com.br\/wp-content\/uploads\/2023\/08\/Control-Systems.jpg\" alt=\"\" class=\"wp-image-44092\" width=\"261\" height=\"314\"\/><\/figure><\/div>\n\n\n\n<p>O pesquisador diz que descobertas como essa ajudam a entender como era o ecossistema na regi\u00e3o e podem desvendar segredos ainda desconhecidos daquela \u00e9poca.<\/p>\n\n\n\n<p><strong><em><span class=\"has-inline-color has-black-color\">CAPA:<\/span><\/em><\/strong> <em><span class=\"has-inline-color has-black-color\">Imagem conceitual do Venetoraptor gassenae, descoberto no sul do Brasil, feita pelo paleoartista <strong>Matheus Fernandes Gadelha<\/strong> (Foto: Reprodu\u00e7\u00e3o Twitter)<\/span><\/em><\/p>\n\n\n\n<p><strong><em>Fonte: <a href=\"https:\/\/olhardigital.com.br\/2023\/08\/16\/ciencia-e-espaco\/descobertos-no-brasil-fosseis-de-criatura-de-230-milhoes-de-anos\/\">Olhar Digital<\/a><\/em><\/strong><\/p>\n","protected":false},"excerpt":{"rendered":"<p>Cerca de 50 fragmentos de ossos encontrados no sul do Brasil revelam uma esp\u00e9cie at\u00e9 ent\u00e3o desconhecida de r\u00e9ptil pr\u00e9-hist\u00f3rico Por Flavia Correia \u201cEdward, m\u00e3os de tesoura\u201d. Esta \u00e9 a refer\u00eancia usada pelo pesquisador Rodrigo Temp M\u00fcller, paleont\u00f3logo da Universidade Federal de Santa Maria (UFSM), no Rio Grande do Sul, para falar de um r\u00e9ptil [&hellip;]<\/p>\n","protected":false},"author":2,"featured_media":44449,"comment_status":"open","ping_status":"open","sticky":false,"template":"","format":"standard","meta":{"footnotes":""},"categories":[9808],"tags":[597,8517,1614,6362,2102,20930,20931],"class_list":["post-44448","post","type-post","status-publish","format-standard","has-post-thumbnail","hentry","category-paleo-arqueologia","tag-brasil","tag-criaturas","tag-fosseis","tag-pesquisadores-brasileiros","tag-repteis","tag-reptil-pre-historico","tag-venetoraptor-gassenae"],"yoast_head":"<!-- This site is optimized with the Yoast SEO plugin v26.5 - https:\/\/yoast.com\/wordpress\/plugins\/seo\/ -->\n<title>Restos mortais de criatura de 230 milh\u00f5es de anos s\u00e3o descobertos no Brasil - Jornal Fatos e Not\u00edcias<\/title>\n<meta name=\"robots\" content=\"index, follow, max-snippet:-1, max-image-preview:large, max-video-preview:-1\" \/>\n<link rel=\"canonical\" href=\"https:\/\/jornalfatosenoticias.com.br\/index.php\/2023\/08\/23\/restos-mortais-de-criatura-de-230-milhoes-de-anos-sao-descobertos-no-brasil\/\" \/>\n<meta property=\"og:locale\" content=\"pt_BR\" \/>\n<meta property=\"og:type\" content=\"article\" \/>\n<meta property=\"og:title\" content=\"Restos mortais de criatura de 230 milh\u00f5es de anos s\u00e3o descobertos no Brasil - Jornal Fatos e Not\u00edcias\" \/>\n<meta property=\"og:description\" content=\"Cerca de 50 fragmentos de ossos encontrados no sul do Brasil revelam uma esp\u00e9cie at\u00e9 ent\u00e3o desconhecida de r\u00e9ptil pr\u00e9-hist\u00f3rico Por Flavia Correia \u201cEdward, m\u00e3os de tesoura\u201d. Esta \u00e9 a refer\u00eancia usada pelo pesquisador Rodrigo Temp M\u00fcller, paleont\u00f3logo da Universidade Federal de Santa Maria (UFSM), no Rio Grande do Sul, para falar de um r\u00e9ptil [&hellip;]\" \/>\n<meta property=\"og:url\" content=\"https:\/\/jornalfatosenoticias.com.br\/index.php\/2023\/08\/23\/restos-mortais-de-criatura-de-230-milhoes-de-anos-sao-descobertos-no-brasil\/\" \/>\n<meta property=\"og:site_name\" content=\"Jornal Fatos e Not\u00edcias\" \/>\n<meta property=\"article:published_time\" content=\"2023-08-23T12:35:14+00:00\" \/>\n<meta property=\"article:modified_time\" content=\"2023-08-23T12:35:15+00:00\" \/>\n<meta property=\"og:image\" content=\"https:\/\/jornalfatosenoticias.com.br\/wp-content\/uploads\/2023\/08\/Restos-mortais-de-criatura-de-230-milhoes-de-anos-sso-descobertos-no-Brasil.jpg\" \/>\n\t<meta property=\"og:image:width\" content=\"1000\" \/>\n\t<meta property=\"og:image:height\" content=\"707\" \/>\n\t<meta property=\"og:image:type\" content=\"image\/jpeg\" \/>\n<meta name=\"author\" content=\"Luzimara Fernandes\" \/>\n<meta name=\"twitter:card\" content=\"summary_large_image\" \/>\n<meta name=\"twitter:label1\" content=\"Escrito por\" \/>\n\t<meta name=\"twitter:data1\" content=\"Luzimara Fernandes\" \/>\n\t<meta name=\"twitter:label2\" content=\"Est. tempo de leitura\" \/>\n\t<meta name=\"twitter:data2\" content=\"2 minutos\" \/>\n<script type=\"application\/ld+json\" class=\"yoast-schema-graph\">{\"@context\":\"https:\/\/schema.org\",\"@graph\":[{\"@type\":\"Article\",\"@id\":\"https:\/\/jornalfatosenoticias.com.br\/index.php\/2023\/08\/23\/restos-mortais-de-criatura-de-230-milhoes-de-anos-sao-descobertos-no-brasil\/#article\",\"isPartOf\":{\"@id\":\"https:\/\/jornalfatosenoticias.com.br\/index.php\/2023\/08\/23\/restos-mortais-de-criatura-de-230-milhoes-de-anos-sao-descobertos-no-brasil\/\"},\"author\":{\"name\":\"Luzimara Fernandes\",\"@id\":\"https:\/\/jornalfatosenoticias.com.br\/#\/schema\/person\/d63837fa13ac8666eb9e74e0985d6f81\"},\"headline\":\"Restos mortais de criatura de 230 milh\u00f5es de anos s\u00e3o descobertos no Brasil\",\"datePublished\":\"2023-08-23T12:35:14+00:00\",\"dateModified\":\"2023-08-23T12:35:15+00:00\",\"mainEntityOfPage\":{\"@id\":\"https:\/\/jornalfatosenoticias.com.br\/index.php\/2023\/08\/23\/restos-mortais-de-criatura-de-230-milhoes-de-anos-sao-descobertos-no-brasil\/\"},\"wordCount\":425,\"commentCount\":0,\"publisher\":{\"@id\":\"https:\/\/jornalfatosenoticias.com.br\/#organization\"},\"image\":{\"@id\":\"https:\/\/jornalfatosenoticias.com.br\/index.php\/2023\/08\/23\/restos-mortais-de-criatura-de-230-milhoes-de-anos-sao-descobertos-no-brasil\/#primaryimage\"},\"thumbnailUrl\":\"https:\/\/jornalfatosenoticias.com.br\/wp-content\/uploads\/2023\/08\/Restos-mortais-de-criatura-de-230-milhoes-de-anos-sso-descobertos-no-Brasil.jpg\",\"keywords\":[\"Brasil\",\"criaturas\",\"f\u00f3sseis\",\"pesquisadores brasileiros\",\"r\u00e9pteis\",\"r\u00e9ptil pr\u00e9-hist\u00f3rico\",\"Venetoraptor gassenae\"],\"articleSection\":[\"Paleo &amp; Arqueologia\"],\"inLanguage\":\"pt-BR\",\"potentialAction\":[{\"@type\":\"CommentAction\",\"name\":\"Comment\",\"target\":[\"https:\/\/jornalfatosenoticias.com.br\/index.php\/2023\/08\/23\/restos-mortais-de-criatura-de-230-milhoes-de-anos-sao-descobertos-no-brasil\/#respond\"]}]},{\"@type\":\"WebPage\",\"@id\":\"https:\/\/jornalfatosenoticias.com.br\/index.php\/2023\/08\/23\/restos-mortais-de-criatura-de-230-milhoes-de-anos-sao-descobertos-no-brasil\/\",\"url\":\"https:\/\/jornalfatosenoticias.com.br\/index.php\/2023\/08\/23\/restos-mortais-de-criatura-de-230-milhoes-de-anos-sao-descobertos-no-brasil\/\",\"name\":\"Restos mortais de criatura de 230 milh\u00f5es de anos s\u00e3o descobertos no Brasil - Jornal Fatos e Not\u00edcias\",\"isPartOf\":{\"@id\":\"https:\/\/jornalfatosenoticias.com.br\/#website\"},\"primaryImageOfPage\":{\"@id\":\"https:\/\/jornalfatosenoticias.com.br\/index.php\/2023\/08\/23\/restos-mortais-de-criatura-de-230-milhoes-de-anos-sao-descobertos-no-brasil\/#primaryimage\"},\"image\":{\"@id\":\"https:\/\/jornalfatosenoticias.com.br\/index.php\/2023\/08\/23\/restos-mortais-de-criatura-de-230-milhoes-de-anos-sao-descobertos-no-brasil\/#primaryimage\"},\"thumbnailUrl\":\"https:\/\/jornalfatosenoticias.com.br\/wp-content\/uploads\/2023\/08\/Restos-mortais-de-criatura-de-230-milhoes-de-anos-sso-descobertos-no-Brasil.jpg\",\"datePublished\":\"2023-08-23T12:35:14+00:00\",\"dateModified\":\"2023-08-23T12:35:15+00:00\",\"breadcrumb\":{\"@id\":\"https:\/\/jornalfatosenoticias.com.br\/index.php\/2023\/08\/23\/restos-mortais-de-criatura-de-230-milhoes-de-anos-sao-descobertos-no-brasil\/#breadcrumb\"},\"inLanguage\":\"pt-BR\",\"potentialAction\":[{\"@type\":\"ReadAction\",\"target\":[\"https:\/\/jornalfatosenoticias.com.br\/index.php\/2023\/08\/23\/restos-mortais-de-criatura-de-230-milhoes-de-anos-sao-descobertos-no-brasil\/\"]}]},{\"@type\":\"ImageObject\",\"inLanguage\":\"pt-BR\",\"@id\":\"https:\/\/jornalfatosenoticias.com.br\/index.php\/2023\/08\/23\/restos-mortais-de-criatura-de-230-milhoes-de-anos-sao-descobertos-no-brasil\/#primaryimage\",\"url\":\"https:\/\/jornalfatosenoticias.com.br\/wp-content\/uploads\/2023\/08\/Restos-mortais-de-criatura-de-230-milhoes-de-anos-sso-descobertos-no-Brasil.jpg\",\"contentUrl\":\"https:\/\/jornalfatosenoticias.com.br\/wp-content\/uploads\/2023\/08\/Restos-mortais-de-criatura-de-230-milhoes-de-anos-sso-descobertos-no-Brasil.jpg\",\"width\":1000,\"height\":707},{\"@type\":\"BreadcrumbList\",\"@id\":\"https:\/\/jornalfatosenoticias.com.br\/index.php\/2023\/08\/23\/restos-mortais-de-criatura-de-230-milhoes-de-anos-sao-descobertos-no-brasil\/#breadcrumb\",\"itemListElement\":[{\"@type\":\"ListItem\",\"position\":1,\"name\":\"In\u00edcio\",\"item\":\"https:\/\/jornalfatosenoticias.com.br\/\"},{\"@type\":\"ListItem\",\"position\":2,\"name\":\"Restos mortais de criatura de 230 milh\u00f5es de anos s\u00e3o descobertos no Brasil\"}]},{\"@type\":\"WebSite\",\"@id\":\"https:\/\/jornalfatosenoticias.com.br\/#website\",\"url\":\"https:\/\/jornalfatosenoticias.com.br\/\",\"name\":\"Jornal Fatos e Not\u00edcias\",\"description\":\"Not\u00edcias em geral\",\"publisher\":{\"@id\":\"https:\/\/jornalfatosenoticias.com.br\/#organization\"},\"potentialAction\":[{\"@type\":\"SearchAction\",\"target\":{\"@type\":\"EntryPoint\",\"urlTemplate\":\"https:\/\/jornalfatosenoticias.com.br\/?s={search_term_string}\"},\"query-input\":{\"@type\":\"PropertyValueSpecification\",\"valueRequired\":true,\"valueName\":\"search_term_string\"}}],\"inLanguage\":\"pt-BR\"},{\"@type\":\"Organization\",\"@id\":\"https:\/\/jornalfatosenoticias.com.br\/#organization\",\"name\":\"Jornal Fatos e Not\u00edcias\",\"url\":\"https:\/\/jornalfatosenoticias.com.br\/\",\"logo\":{\"@type\":\"ImageObject\",\"inLanguage\":\"pt-BR\",\"@id\":\"https:\/\/jornalfatosenoticias.com.br\/#\/schema\/logo\/image\/\",\"url\":\"https:\/\/jornalfatosenoticias.com.br\/wp-content\/uploads\/2020\/02\/logo120.png\",\"contentUrl\":\"https:\/\/jornalfatosenoticias.com.br\/wp-content\/uploads\/2020\/02\/logo120.png\",\"width\":1227,\"height\":120,\"caption\":\"Jornal Fatos e Not\u00edcias\"},\"image\":{\"@id\":\"https:\/\/jornalfatosenoticias.com.br\/#\/schema\/logo\/image\/\"}},{\"@type\":\"Person\",\"@id\":\"https:\/\/jornalfatosenoticias.com.br\/#\/schema\/person\/d63837fa13ac8666eb9e74e0985d6f81\",\"name\":\"Luzimara Fernandes\",\"image\":{\"@type\":\"ImageObject\",\"inLanguage\":\"pt-BR\",\"@id\":\"https:\/\/jornalfatosenoticias.com.br\/#\/schema\/person\/image\/\",\"url\":\"https:\/\/jornalfatosenoticias.com.br\/wp-content\/uploads\/2025\/05\/EU_portal.jpg\",\"contentUrl\":\"https:\/\/jornalfatosenoticias.com.br\/wp-content\/uploads\/2025\/05\/EU_portal.jpg\",\"caption\":\"Luzimara Fernandes\"},\"description\":\"Jornalista MTB 2358-ES\",\"sameAs\":[\"https:\/\/jornalfatosenoticias.com.br\"],\"url\":\"https:\/\/jornalfatosenoticias.com.br\/index.php\/author\/luzimara\/\"}]}<\/script>\n<!-- \/ Yoast SEO plugin. -->","yoast_head_json":{"title":"Restos mortais de criatura de 230 milh\u00f5es de anos s\u00e3o descobertos no Brasil - Jornal Fatos e Not\u00edcias","robots":{"index":"index","follow":"follow","max-snippet":"max-snippet:-1","max-image-preview":"max-image-preview:large","max-video-preview":"max-video-preview:-1"},"canonical":"https:\/\/jornalfatosenoticias.com.br\/index.php\/2023\/08\/23\/restos-mortais-de-criatura-de-230-milhoes-de-anos-sao-descobertos-no-brasil\/","og_locale":"pt_BR","og_type":"article","og_title":"Restos mortais de criatura de 230 milh\u00f5es de anos s\u00e3o descobertos no Brasil - Jornal Fatos e Not\u00edcias","og_description":"Cerca de 50 fragmentos de ossos encontrados no sul do Brasil revelam uma esp\u00e9cie at\u00e9 ent\u00e3o desconhecida de r\u00e9ptil pr\u00e9-hist\u00f3rico Por Flavia Correia \u201cEdward, m\u00e3os de tesoura\u201d. Esta \u00e9 a refer\u00eancia usada pelo pesquisador Rodrigo Temp M\u00fcller, paleont\u00f3logo da Universidade Federal de Santa Maria (UFSM), no Rio Grande do Sul, para falar de um r\u00e9ptil [&hellip;]","og_url":"https:\/\/jornalfatosenoticias.com.br\/index.php\/2023\/08\/23\/restos-mortais-de-criatura-de-230-milhoes-de-anos-sao-descobertos-no-brasil\/","og_site_name":"Jornal Fatos e Not\u00edcias","article_published_time":"2023-08-23T12:35:14+00:00","article_modified_time":"2023-08-23T12:35:15+00:00","og_image":[{"width":1000,"height":707,"url":"https:\/\/jornalfatosenoticias.com.br\/wp-content\/uploads\/2023\/08\/Restos-mortais-de-criatura-de-230-milhoes-de-anos-sso-descobertos-no-Brasil.jpg","type":"image\/jpeg"}],"author":"Luzimara Fernandes","twitter_card":"summary_large_image","twitter_misc":{"Escrito por":"Luzimara Fernandes","Est. tempo de leitura":"2 minutos"},"schema":{"@context":"https:\/\/schema.org","@graph":[{"@type":"Article","@id":"https:\/\/jornalfatosenoticias.com.br\/index.php\/2023\/08\/23\/restos-mortais-de-criatura-de-230-milhoes-de-anos-sao-descobertos-no-brasil\/#article","isPartOf":{"@id":"https:\/\/jornalfatosenoticias.com.br\/index.php\/2023\/08\/23\/restos-mortais-de-criatura-de-230-milhoes-de-anos-sao-descobertos-no-brasil\/"},"author":{"name":"Luzimara Fernandes","@id":"https:\/\/jornalfatosenoticias.com.br\/#\/schema\/person\/d63837fa13ac8666eb9e74e0985d6f81"},"headline":"Restos mortais de criatura de 230 milh\u00f5es de anos s\u00e3o descobertos no Brasil","datePublished":"2023-08-23T12:35:14+00:00","dateModified":"2023-08-23T12:35:15+00:00","mainEntityOfPage":{"@id":"https:\/\/jornalfatosenoticias.com.br\/index.php\/2023\/08\/23\/restos-mortais-de-criatura-de-230-milhoes-de-anos-sao-descobertos-no-brasil\/"},"wordCount":425,"commentCount":0,"publisher":{"@id":"https:\/\/jornalfatosenoticias.com.br\/#organization"},"image":{"@id":"https:\/\/jornalfatosenoticias.com.br\/index.php\/2023\/08\/23\/restos-mortais-de-criatura-de-230-milhoes-de-anos-sao-descobertos-no-brasil\/#primaryimage"},"thumbnailUrl":"https:\/\/jornalfatosenoticias.com.br\/wp-content\/uploads\/2023\/08\/Restos-mortais-de-criatura-de-230-milhoes-de-anos-sso-descobertos-no-Brasil.jpg","keywords":["Brasil","criaturas","f\u00f3sseis","pesquisadores brasileiros","r\u00e9pteis","r\u00e9ptil pr\u00e9-hist\u00f3rico","Venetoraptor gassenae"],"articleSection":["Paleo &amp; Arqueologia"],"inLanguage":"pt-BR","potentialAction":[{"@type":"CommentAction","name":"Comment","target":["https:\/\/jornalfatosenoticias.com.br\/index.php\/2023\/08\/23\/restos-mortais-de-criatura-de-230-milhoes-de-anos-sao-descobertos-no-brasil\/#respond"]}]},{"@type":"WebPage","@id":"https:\/\/jornalfatosenoticias.com.br\/index.php\/2023\/08\/23\/restos-mortais-de-criatura-de-230-milhoes-de-anos-sao-descobertos-no-brasil\/","url":"https:\/\/jornalfatosenoticias.com.br\/index.php\/2023\/08\/23\/restos-mortais-de-criatura-de-230-milhoes-de-anos-sao-descobertos-no-brasil\/","name":"Restos mortais de criatura de 230 milh\u00f5es de anos s\u00e3o descobertos no Brasil - Jornal Fatos e Not\u00edcias","isPartOf":{"@id":"https:\/\/jornalfatosenoticias.com.br\/#website"},"primaryImageOfPage":{"@id":"https:\/\/jornalfatosenoticias.com.br\/index.php\/2023\/08\/23\/restos-mortais-de-criatura-de-230-milhoes-de-anos-sao-descobertos-no-brasil\/#primaryimage"},"image":{"@id":"https:\/\/jornalfatosenoticias.com.br\/index.php\/2023\/08\/23\/restos-mortais-de-criatura-de-230-milhoes-de-anos-sao-descobertos-no-brasil\/#primaryimage"},"thumbnailUrl":"https:\/\/jornalfatosenoticias.com.br\/wp-content\/uploads\/2023\/08\/Restos-mortais-de-criatura-de-230-milhoes-de-anos-sso-descobertos-no-Brasil.jpg","datePublished":"2023-08-23T12:35:14+00:00","dateModified":"2023-08-23T12:35:15+00:00","breadcrumb":{"@id":"https:\/\/jornalfatosenoticias.com.br\/index.php\/2023\/08\/23\/restos-mortais-de-criatura-de-230-milhoes-de-anos-sao-descobertos-no-brasil\/#breadcrumb"},"inLanguage":"pt-BR","potentialAction":[{"@type":"ReadAction","target":["https:\/\/jornalfatosenoticias.com.br\/index.php\/2023\/08\/23\/restos-mortais-de-criatura-de-230-milhoes-de-anos-sao-descobertos-no-brasil\/"]}]},{"@type":"ImageObject","inLanguage":"pt-BR","@id":"https:\/\/jornalfatosenoticias.com.br\/index.php\/2023\/08\/23\/restos-mortais-de-criatura-de-230-milhoes-de-anos-sao-descobertos-no-brasil\/#primaryimage","url":"https:\/\/jornalfatosenoticias.com.br\/wp-content\/uploads\/2023\/08\/Restos-mortais-de-criatura-de-230-milhoes-de-anos-sso-descobertos-no-Brasil.jpg","contentUrl":"https:\/\/jornalfatosenoticias.com.br\/wp-content\/uploads\/2023\/08\/Restos-mortais-de-criatura-de-230-milhoes-de-anos-sso-descobertos-no-Brasil.jpg","width":1000,"height":707},{"@type":"BreadcrumbList","@id":"https:\/\/jornalfatosenoticias.com.br\/index.php\/2023\/08\/23\/restos-mortais-de-criatura-de-230-milhoes-de-anos-sao-descobertos-no-brasil\/#breadcrumb","itemListElement":[{"@type":"ListItem","position":1,"name":"In\u00edcio","item":"https:\/\/jornalfatosenoticias.com.br\/"},{"@type":"ListItem","position":2,"name":"Restos mortais de criatura de 230 milh\u00f5es de anos s\u00e3o descobertos no Brasil"}]},{"@type":"WebSite","@id":"https:\/\/jornalfatosenoticias.com.br\/#website","url":"https:\/\/jornalfatosenoticias.com.br\/","name":"Jornal Fatos e Not\u00edcias","description":"Not\u00edcias em geral","publisher":{"@id":"https:\/\/jornalfatosenoticias.com.br\/#organization"},"potentialAction":[{"@type":"SearchAction","target":{"@type":"EntryPoint","urlTemplate":"https:\/\/jornalfatosenoticias.com.br\/?s={search_term_string}"},"query-input":{"@type":"PropertyValueSpecification","valueRequired":true,"valueName":"search_term_string"}}],"inLanguage":"pt-BR"},{"@type":"Organization","@id":"https:\/\/jornalfatosenoticias.com.br\/#organization","name":"Jornal Fatos e Not\u00edcias","url":"https:\/\/jornalfatosenoticias.com.br\/","logo":{"@type":"ImageObject","inLanguage":"pt-BR","@id":"https:\/\/jornalfatosenoticias.com.br\/#\/schema\/logo\/image\/","url":"https:\/\/jornalfatosenoticias.com.br\/wp-content\/uploads\/2020\/02\/logo120.png","contentUrl":"https:\/\/jornalfatosenoticias.com.br\/wp-content\/uploads\/2020\/02\/logo120.png","width":1227,"height":120,"caption":"Jornal Fatos e Not\u00edcias"},"image":{"@id":"https:\/\/jornalfatosenoticias.com.br\/#\/schema\/logo\/image\/"}},{"@type":"Person","@id":"https:\/\/jornalfatosenoticias.com.br\/#\/schema\/person\/d63837fa13ac8666eb9e74e0985d6f81","name":"Luzimara Fernandes","image":{"@type":"ImageObject","inLanguage":"pt-BR","@id":"https:\/\/jornalfatosenoticias.com.br\/#\/schema\/person\/image\/","url":"https:\/\/jornalfatosenoticias.com.br\/wp-content\/uploads\/2025\/05\/EU_portal.jpg","contentUrl":"https:\/\/jornalfatosenoticias.com.br\/wp-content\/uploads\/2025\/05\/EU_portal.jpg","caption":"Luzimara Fernandes"},"description":"Jornalista MTB 2358-ES","sameAs":["https:\/\/jornalfatosenoticias.com.br"],"url":"https:\/\/jornalfatosenoticias.com.br\/index.php\/author\/luzimara\/"}]}},"cc_featured_image_caption":{"caption_text":"(Foto: Reprodu\u00e7\u00e3o Twitter)","source_text":"","source_url":""},"jetpack_featured_media_url":"https:\/\/jornalfatosenoticias.com.br\/wp-content\/uploads\/2023\/08\/Restos-mortais-de-criatura-de-230-milhoes-de-anos-sso-descobertos-no-Brasil.jpg","_links":{"self":[{"href":"https:\/\/jornalfatosenoticias.com.br\/index.php\/wp-json\/wp\/v2\/posts\/44448","targetHints":{"allow":["GET"]}}],"collection":[{"href":"https:\/\/jornalfatosenoticias.com.br\/index.php\/wp-json\/wp\/v2\/posts"}],"about":[{"href":"https:\/\/jornalfatosenoticias.com.br\/index.php\/wp-json\/wp\/v2\/types\/post"}],"author":[{"embeddable":true,"href":"https:\/\/jornalfatosenoticias.com.br\/index.php\/wp-json\/wp\/v2\/users\/2"}],"replies":[{"embeddable":true,"href":"https:\/\/jornalfatosenoticias.com.br\/index.php\/wp-json\/wp\/v2\/comments?post=44448"}],"version-history":[{"count":0,"href":"https:\/\/jornalfatosenoticias.com.br\/index.php\/wp-json\/wp\/v2\/posts\/44448\/revisions"}],"wp:featuredmedia":[{"embeddable":true,"href":"https:\/\/jornalfatosenoticias.com.br\/index.php\/wp-json\/wp\/v2\/media\/44449"}],"wp:attachment":[{"href":"https:\/\/jornalfatosenoticias.com.br\/index.php\/wp-json\/wp\/v2\/media?parent=44448"}],"wp:term":[{"taxonomy":"category","embeddable":true,"href":"https:\/\/jornalfatosenoticias.com.br\/index.php\/wp-json\/wp\/v2\/categories?post=44448"},{"taxonomy":"post_tag","embeddable":true,"href":"https:\/\/jornalfatosenoticias.com.br\/index.php\/wp-json\/wp\/v2\/tags?post=44448"}],"curies":[{"name":"wp","href":"https:\/\/api.w.org\/{rel}","templated":true}]}}