{"id":44475,"date":"2023-08-23T11:07:41","date_gmt":"2023-08-23T14:07:41","guid":{"rendered":"https:\/\/jornalfatosenoticias.com.br\/?p=44475"},"modified":"2023-08-23T11:07:45","modified_gmt":"2023-08-23T14:07:45","slug":"camara-barra-gasto-extra-de-ate-r-40-bi-para-o-governo-veja-como-votaram-os-deputados","status":"publish","type":"post","link":"https:\/\/jornalfatosenoticias.com.br\/index.php\/2023\/08\/23\/camara-barra-gasto-extra-de-ate-r-40-bi-para-o-governo-veja-como-votaram-os-deputados\/","title":{"rendered":"C\u00e2mara barra gasto extra de at\u00e9 R$ 40 bi para o governo; veja como votaram os deputados"},"content":{"rendered":"\n<p><em><span class=\"has-inline-color has-black-color\">Presidente da C\u00e2mara dos Deputados, Arthur Lira (PP-AL), durante vota\u00e7\u00e3o final do novo arcabou\u00e7o fiscal. Aprovado, texto vai \u00e0 san\u00e7\u00e3o presidencial<\/span><\/em><\/p>\n\n\n\n<p><em><span class=\"has-inline-color has-black-color\">Por <strong><a href=\"https:\/\/www.gazetadopovo.com.br\/autor\/celio-yano\/\">C\u00e9lio Yano<\/a><\/strong><\/span><\/em><\/p>\n\n\n\n<div class=\"wp-block-image\"><figure class=\"aligncenter size-large\"><img loading=\"lazy\" decoding=\"async\" width=\"1024\" height=\"100\" src=\"https:\/\/jornalfatosenoticias.com.br\/wp-content\/uploads\/2020\/02\/banner_ferramentas-1024x100.jpg\" alt=\"\" class=\"wp-image-1258\" srcset=\"https:\/\/jornalfatosenoticias.com.br\/wp-content\/uploads\/2020\/02\/banner_ferramentas-1024x100.jpg 1024w, https:\/\/jornalfatosenoticias.com.br\/wp-content\/uploads\/2020\/02\/banner_ferramentas-300x29.jpg 300w, https:\/\/jornalfatosenoticias.com.br\/wp-content\/uploads\/2020\/02\/banner_ferramentas-768x75.jpg 768w, https:\/\/jornalfatosenoticias.com.br\/wp-content\/uploads\/2020\/02\/banner_ferramentas.jpg 1227w\" sizes=\"auto, (max-width: 1024px) 100vw, 1024px\" \/><\/figure><\/div>\n\n\n\n<p>Com acordo entre l\u00edderes partid\u00e1rios, a C\u00e2mara derrubou uma emenda acrescida pelo Senado ao projeto do novo arcabou\u00e7o fiscal, aprovado em vota\u00e7\u00e3o final pelos deputados na noite de ter\u00e7a-feira (22). O trecho em quest\u00e3o poderia abrir espa\u00e7o adicional de at\u00e9 R$ 40 bilh\u00f5es para despesas no Or\u00e7amento de 2024.<br>Apelidada de \u201cemenda Randolfe\u201d por ter sido proposta pelo senador Randolfe Rodrigues (sem partido-AP), l\u00edder do governo no Senado, o dispositivo permitia que o Executivo inclu\u00edsse no Or\u00e7amento despesas condicionadas em valor equivalente \u00e0 diferen\u00e7a entre o IPCA de 12 meses acumulado at\u00e9 junho e o que viesse a ser verificado at\u00e9 dezembro.<\/p>\n\n\n\n<div class=\"wp-block-image\"><figure class=\"aligncenter size-large\"><img loading=\"lazy\" decoding=\"async\" width=\"300\" height=\"250\" src=\"https:\/\/jornalfatosenoticias.com.br\/wp-content\/uploads\/2022\/08\/arte-Casarao.jpg\" alt=\"\" class=\"wp-image-33178\"\/><\/figure><\/div>\n\n\n\n<p>Como as proje\u00e7\u00f5es para o IPCA de 2023 est\u00e3o em patamares superiores ao acumulado em 12 meses at\u00e9 o primeiro semestre, a expectativa do governo era de que o artif\u00edcio pudesse abrir no ano que vem um espa\u00e7o adicional entre R$ 32 bilh\u00f5es e R$ 40 bilh\u00f5es para novas despesas, que ainda ficariam sujeitas \u00e0 aprova\u00e7\u00e3o do Congresso.<\/p>\n\n\n\n<div class=\"wp-block-image\"><figure class=\"aligncenter size-large\"><img decoding=\"async\" src=\"https:\/\/jornalfatosenoticias.com.br\/wp-content\/uploads\/2020\/02\/barao-das-carnes-300x164-1.jpg\" alt=\"\" class=\"wp-image-34339\"\/><\/figure><\/div>\n\n\n\n<p>No acordo entre as lideran\u00e7as, at\u00e9 mesmo a bancada da federa\u00e7\u00e3o formada por PT, PCdoB e PV orientou pela rejei\u00e7\u00e3o da emenda. Apenas a federa\u00e7\u00e3o PSOL\/Rede defendeu a manuten\u00e7\u00e3o do trecho. Com qu\u00f3rum de 445 deputados (68 aus\u00eancias), o placar final foi de 423 votos pela retirada do dispositivo e 19 a favor. Fernando Rodolfo (PL-PE) e Paulo Freire Costa (PL-SP) se abstiveram. Arthur Lira (PP-AL) n\u00e3o votou por presidir a sess\u00e3o.<\/p>\n\n\n\n<div class=\"wp-block-image\"><figure class=\"aligncenter size-large\"><img loading=\"lazy\" decoding=\"async\" width=\"300\" height=\"137\" src=\"https:\/\/jornalfatosenoticias.com.br\/wp-content\/uploads\/2023\/06\/LOGO_JULIANA-GRACA_PORTAL.jpg\" alt=\"\" class=\"wp-image-42597\"\/><\/figure><\/div>\n\n\n\n<p>Apesar disso, o Executivo ainda pretende contar com o recurso adicional. Como \u201cplano B\u201d \u00e0 emenda, o governo j\u00e1 havia enviado ao Congresso uma mensagem modificativa ao Projeto de Lei de Diretrizes Or\u00e7ament\u00e1rias (PLDO) de 2024 para prever as despesas condicionadas para o Or\u00e7amento do ano que vem. Caso queira lan\u00e7ar m\u00e3o do expediente nos pr\u00f3ximos anos, ser\u00e1 preciso propor a medida a cada ano.<\/p>\n\n\n\n<div class=\"wp-block-image\"><figure class=\"aligncenter size-large is-resized\"><img loading=\"lazy\" decoding=\"async\" src=\"https:\/\/jornalfatosenoticias.com.br\/wp-content\/uploads\/2022\/02\/Precisao-Contabilidade-1024x724.jpg\" alt=\"\" class=\"wp-image-28088\" width=\"336\" height=\"237\"\/><\/figure><\/div>\n\n\n\n<blockquote class=\"wp-block-quote is-layout-flow wp-block-quote-is-layout-flow\"><p><span class=\"has-inline-color has-luminous-vivid-orange-color\">Ficou consensualizado entre os l\u00edderes que, pelo fato de estar na LDO, j\u00e1 estar\u00e1 assegurado. O governo poder\u00e1 enviar sua proposta or\u00e7ament\u00e1ria com essa previs\u00e3o de despesa condicionada, que n\u00f3s n\u00e3o quer\u00edamos, mas aceitamos pela LDO. Isso resolve pelo lado do governo a preocupa\u00e7\u00e3o que tinham de enviar o Or\u00e7amento com cortes\u201d, disse o deputado Claudio Cajado (PP-BA), relator da proposta da nova regra fiscal.<\/span><\/p><\/blockquote>\n\n\n\n<div class=\"wp-block-image\"><figure class=\"aligncenter size-large\"><img decoding=\"async\" src=\"https:\/\/jornalfatosenoticias.com.br\/wp-content\/uploads\/2020\/02\/WhatsApp-Image-2023-08-22-at-16.18.42-1024x110.jpeg\" alt=\"\" class=\"wp-image-44436\"\/><\/figure><\/div>\n\n\n\n<h3 class=\"wp-block-heading\"><span class=\"has-inline-color has-black-color\">Confira a seguir como votaram os deputados na discuss\u00e3o da chamada \u201cemenda Randolfe\u201d.<\/span><\/h3>\n\n\n\n<h4 class=\"wp-block-heading\"><span class=\"has-inline-color has-black-color\">Votaram a favor da emenda<\/span><\/h4>\n\n\n\n<p>Parlamentar UF Voto Partido<br>Newton Cardoso Jr MG Sim MDB<br>Fl\u00e1via Morais GO Sim PDT<br>\u00c1tila Lins AM Sim PSD<br>C\u00e9lia Xakriab\u00e1 MG Sim PSOL<br>Chico Alencar RJ Sim PSOL<br>Erika Hilton SP Sim PSOL<br>Glauber Braga RJ Sim PSOL<br>Guilherme Boulos SP Sim PSOL<br>Luiza Erundina SP Sim PSOL<br>Pastor Henrique Vieira RJ Sim PSOL<br>Professora Luciene Cavalcante SP Sim PSOL<br>S\u00e2mia Bomfim SP Sim PSOL<br>Tal\u00edria Petrone RJ Sim PSOL<br>Tarc\u00edsio Motta RJ Sim PSOL<br>Lindbergh Farias RJ Sim PT<br>Maria do Ros\u00e1rio RS Sim PT<br>Pedro Uczai SC Sim PT<br>T\u00falio Gad\u00ealha PE Sim Rede<br>Roberto Duarte AC Sim Republicanos<\/p>\n\n\n\n<div class=\"wp-block-image\"><figure class=\"aligncenter size-large\"><img decoding=\"async\" src=\"https:\/\/jornalfatosenoticias.com.br\/wp-content\/uploads\/2020\/02\/logo_esteio.jpg\" alt=\"\" class=\"wp-image-1214\"\/><\/figure><\/div>\n\n\n\n<h4 class=\"wp-block-heading\"><strong><span class=\"has-inline-color has-black-color\">Votaram contra a emenda<\/span><\/strong><\/h4>\n\n\n\n<p>Parlamentar UF Voto Partido<br>Andr\u00e9 Janones MG N\u00e3o Avante<br>Bruno Farias MG N\u00e3o Avante<br>Delegada Ione MG N\u00e3o Avante<br>Lu\u00eds Tib\u00e9 MG N\u00e3o Avante<br>Pastor Sargento Isid\u00f3rio BA N\u00e3o Avante<br>Waldemar Oliveira PE N\u00e3o Avante<br>Alex Manente SP N\u00e3o Cidadania<br>Arnaldo Jardim SP N\u00e3o Cidadania<br>Ac\u00e1cio Favacho AP N\u00e3o MDB<br>Alberto Mour\u00e3o SP N\u00e3o MDB<br>Alceu Moreira RS N\u00e3o MDB<br>Andreia Siqueira PA N\u00e3o MDB<br>Ant\u00f4nio Doido PA N\u00e3o MDB<br>Augusto Puppio AP N\u00e3o MDB<br>Baleia Rossi SP N\u00e3o MDB<br>Carlos Chiodini SC N\u00e3o MDB<br>Cleber Verde MA N\u00e3o MDB<br>Cobalchini SC N\u00e3o MDB<br>Delegado Palumbo SP N\u00e3o MDB<br>Dra. Alessandra Haber PA N\u00e3o MDB<br>Duda Ramos RR N\u00e3o MDB<br>Emanuel Pinheiro Neto MT N\u00e3o MDB<br>Eun\u00edcio Oliveira CE N\u00e3o MDB<br>F\u00e1bio Teruel SP N\u00e3o MDB<br>Flavinha MT N\u00e3o MDB<br>Gutemberg Reis RJ N\u00e3o MDB<br>Henderson Pinto PA N\u00e3o MDB<br>Isnaldo Bulh\u00f5es Jr. AL N\u00e3o MDB<br>Iza Arruda PE N\u00e3o MDB<br>Jos\u00e9 Priante PA N\u00e3o MDB<br>Keniston Braga PA N\u00e3o MDB<br>Lucio Mosquini RO N\u00e3o MDB<br>M\u00e1rcio Biolchi RS N\u00e3o MDB<br>M\u00e1rcio Correa GO N\u00e3o MDB<br>Marussa Boldrin GO N\u00e3o MDB<br>Olival Marques PA N\u00e3o MDB<br>Pezenti SC N\u00e3o MDB<br>Rafael Brito AL N\u00e3o MDB<br>Renilce Nicodemos PA N\u00e3o MDB<br>Ricardo Maia BA N\u00e3o MDB<br>Roseana Sarney MA N\u00e3o MDB<br>Sergio Souza PR N\u00e3o MDB<br>Simone Marquetto SP N\u00e3o MDB<br>Adriana Ventura SP N\u00e3o Novo<br>Gilson Marques SC N\u00e3o Novo<br>Marcel van Hattem RS N\u00e3o Novo<br>Dr. Frederico MG N\u00e3o Patriota<br>Marreca Filho MA N\u00e3o Patriota<br>Pedro Aihara MG N\u00e3o Patriota<br>Alice Portugal BA N\u00e3o PCdoB<br>Daiana Santos RS N\u00e3o PCdoB<br>Daniel Almeida BA N\u00e3o PCdoB<br>Jandira Feghali RJ N\u00e3o PCdoB<br>M\u00e1rcio Jerry MA N\u00e3o PCdoB<br>Orlando Silva SP N\u00e3o PCdoB<br>Renildo Calheiros PE N\u00e3o PCdoB<br>Afonso Motta RS N\u00e3o PDT<br>Andr\u00e9 Figueiredo CE N\u00e3o PDT<br>Dorinaldo Malafaia AP N\u00e3o PDT<br>Duda Salabert MG N\u00e3o PDT<br>Enfermeira Ana Paula CE N\u00e3o PDT<br>F\u00e9lix Mendon\u00e7a J\u00fanior BA N\u00e3o PDT<br>Idilvan Alencar CE N\u00e3o PDT<br>Josenildo AP N\u00e3o PDT<br>Leo Prates BA N\u00e3o PDT<br>Le\u00f4nidas Cristino CE N\u00e3o PDT<br>M\u00e1rcio Honaiser MA N\u00e3o PDT<br>M\u00e1rio Heringer MG N\u00e3o PDT<br>Mauro Benevides Filho CE N\u00e3o PDT<br>Max Lemos RJ N\u00e3o PDT<br>Pompeo de Mattos RS N\u00e3o PDT<br>Abilio Brunini MT N\u00e3o PL<br>Adilson Barroso SP N\u00e3o PL<br>Alberto Fraga DF N\u00e3o PL<br>Am\u00e1lia Barros MT N\u00e3o PL<br>Andr\u00e9 Fernandes CE N\u00e3o PL<br>Andr\u00e9 Ferreira PE N\u00e3o PL<br>Antonio Carlos Rodrigues SP N\u00e3o PL<br>Bia Kicis DF N\u00e3o PL<br>Bibo Nunes RS N\u00e3o PL<br>Cabo Gilberto Silva PB N\u00e3o PL<br>Capit\u00e3o Alberto Neto AM N\u00e3o PL<br>Capit\u00e3o Alden BA N\u00e3o PL<br>Capit\u00e3o Augusto SP N\u00e3o PL<br>Carla Zambelli SP N\u00e3o PL<br>Carlos Jordy RJ N\u00e3o PL<br>Caroline de Toni SC N\u00e3o PL<br>Coronel Fernanda MT N\u00e3o PL<br>Coronel Meira PE N\u00e3o PL<br>Daniel Agrobom GO N\u00e3o PL<br>Daniel Freitas SC N\u00e3o PL<br>Daniela Reinehr SC N\u00e3o PL<br>Delegado Caveira PA N\u00e3o PL<br>Delegado \u00c9der Mauro PA N\u00e3o PL<br>Delegado Paulo Bilynskyj SP N\u00e3o PL<br>Delegado Ramagem RJ N\u00e3o PL<br>Detinha MA N\u00e3o PL<br>Domingos S\u00e1vio MG N\u00e3o PL<br>Dr. Jaziel CE N\u00e3o PL<br>Eduardo Bolsonaro SP N\u00e3o PL<br>Eli Borges TO N\u00e3o PL<br>Eros Biondini MG N\u00e3o PL<br>Filipe Barros PR N\u00e3o PL<br>General Gir\u00e3o RN N\u00e3o PL<br>General Pazuello RJ N\u00e3o PL<br>Gilvan da Federal ES N\u00e3o PL<br>Giovani Cherini RS N\u00e3o PL<br>Gustavo Gayer GO N\u00e3o PL<br>Helio Lopes RJ N\u00e3o PL<br>Jefferson Campos SP N\u00e3o PL<br>Jo\u00e3o Carlos Bacelar BA N\u00e3o PL<br>Jo\u00e3o Maia RN N\u00e3o PL<br>Joaquim Passarinho PA N\u00e3o PL<br>Jorge Goetten SC N\u00e3o PL<br>Jos\u00e9 Medeiros MT N\u00e3o PL<br>Josimar Maranh\u00e3ozinho MA N\u00e3o PL<br>Julia Zanatta SC N\u00e3o PL<br>Junior Louren\u00e7o MA N\u00e3o PL<br>J\u00fanior Mano CE N\u00e3o PL<br>Lincoln Portela MG N\u00e3o PL<br>Luciano Vieira RJ N\u00e3o PL<br>Luiz Carlos Motta SP N\u00e3o PL<br>Luiz Lima RJ N\u00e3o PL<br>Luiz Philippe de Orleans e Bragan\u00e7a SP N\u00e3o PL<br>Magda Mofatto GO N\u00e3o PL<br>Marcelo \u00c1lvaro Ant\u00f4nio MG N\u00e3o PL<br>Marcelo Moraes RS N\u00e3o PL<br>Marcio Alvino SP N\u00e3o PL<br>Mario Frias SP N\u00e3o PL<br>Matheus Noronha CE N\u00e3o PL<br>Mauricio do V\u00f4lei MG N\u00e3o PL<br>Miguel Lombardi SP N\u00e3o PL<br>Pastor Eurico PE N\u00e3o PL<br>Pastor Gil MA N\u00e3o PL<br>Pr. Marco Feliciano SP N\u00e3o PL<br>Priscila Costa CE N\u00e3o PL<br>Roberta Roma BA N\u00e3o PL<br>Roberto Monteiro Pai RJ N\u00e3o PL<br>Robinson Faria RN N\u00e3o PL<br>Rodolfo Nogueira MS N\u00e3o PL<br>Rosana Valle SP N\u00e3o PL<br>Ros\u00e2ngela Reis MG N\u00e3o PL<br>Samuel Viana MG N\u00e3o PL<br>Sanderson RS N\u00e3o PL<br>Sargento Gon\u00e7alves RN N\u00e3o PL<br>Silvia Cristina RO N\u00e3o PL<br>Silvia Wai\u00e3pi AP N\u00e3o PL<br>Soraya Santos RJ N\u00e3o PL<br>Tiririca SP N\u00e3o PL<br>Vermelho PR N\u00e3o PL<br>Wellington Roberto PB N\u00e3o PL<br>Z\u00e9 Trov\u00e3o SC N\u00e3o PL<br>Bruno Ganem SP N\u00e3o Podemos<br>Dr. Victor Linhalis ES N\u00e3o Podemos<br>F\u00e1bio Macedo MA N\u00e3o Podemos<br>Gilson Daniel ES N\u00e3o Podemos<br>Glaustin da Fokus GO N\u00e3o Podemos<br>Igor Timo MG N\u00e3o Podemos<br>Luiz Carlos Hauly PR N\u00e3o Podemos<br>Mauricio Marcon RS N\u00e3o Podemos<br>Nely Aquino MG N\u00e3o Podemos<br>Raimundo Costa BA N\u00e3o Podemos<br>Renata Abreu SP N\u00e3o Podemos<br>Rodrigo Gambale SP N\u00e3o Podemos<br>Romero Rodrigues PB N\u00e3o Podemos<br>Ruy Carneiro PB N\u00e3o Podemos<br>Sargento Portugal RJ N\u00e3o Podemos<br>Afonso Hamm RS N\u00e3o PP<br>Aguinaldo Ribeiro PB N\u00e3o PP<br>AJ Albuquerque CE N\u00e3o PP<br>Amanda Gentil MA N\u00e3o PP<br>Ana Paula Le\u00e3o MG N\u00e3o PP<br>Andr\u00e9 Fufuca MA N\u00e3o PP<br>\u00c1tila Lira PI N\u00e3o PP<br>Bebeto RJ N\u00e3o PP<br>Clarissa T\u00e9rcio PE N\u00e3o PP<br>Claudio Cajado BA N\u00e3o PP<br>Coronel Telhada SP N\u00e3o PP<br>Covatti Filho RS N\u00e3o PP<br>Da Vitoria ES N\u00e3o PP<br>Daniel Barbosa AL N\u00e3o PP<br>Delegado da Cunha SP N\u00e3o PP<br>Delegado Fabio Costa AL N\u00e3o PP<br>Dilceu Sperafico PR N\u00e3o PP<br>Dimas Fabiano MG N\u00e3o PP<br>Dr. Luiz Ovando MS N\u00e3o PP<br>Eduardo da Fonte PE N\u00e3o PP<br>Evair Vieira de Melo ES N\u00e3o PP<br>Fausto Pinato SP N\u00e3o PP<br>Fernando Monteiro PE N\u00e3o PP<br>Gerlen Diniz AC N\u00e3o PP<br>Jo\u00e3o Le\u00e3o BA N\u00e3o PP<br>Jos\u00e9 Nelto GO N\u00e3o PP<br>Julio Arcoverde PI N\u00e3o PP<br>Julio Lopes RJ N\u00e3o PP<br>L\u00e1zaro Botelho TO N\u00e3o PP<br>Luiz Ant\u00f4nio Corr\u00eaa RJ N\u00e3o PP<br>Lula da Fonte PE N\u00e3o PP<br>Marcelo Queiroz RJ N\u00e3o PP<br>Marco Brasil PR N\u00e3o PP<br>M\u00e1rio Negromonte Jr. BA N\u00e3o PP<br>Marx Beltr\u00e3o AL N\u00e3o PP<br>Mersinho Lucena PB N\u00e3o PP<br>Neto Carletto BA N\u00e3o PP<br>Pedro Lupion PR N\u00e3o PP<br>Pedro Westphalen RS N\u00e3o PP<br>Socorro Neri AC N\u00e3o PP<br>Ti\u00e3o Medeiros PR N\u00e3o PP<br>Toninho Wandscheer PR N\u00e3o PP<br>Vicentinho J\u00fanior TO N\u00e3o PP<br>Zezinho Barbary AC N\u00e3o PP<br>Bandeira de Mello RJ N\u00e3o PSB<br>Duarte Jr. MA N\u00e3o PSB<br>Eriberto Medeiros PE N\u00e3o PSB<br>Felipe Carreras PE N\u00e3o PSB<br>Gerv\u00e1sio Maia PB N\u00e3o PSB<br>Guilherme Uchoa PE N\u00e3o PSB<br>Heitor Schuch RS N\u00e3o PSB<br>Jonas Donizette SP N\u00e3o PSB<br>L\u00eddice da Mata BA N\u00e3o PSB<br>Lucas Ramos PE N\u00e3o PSB<br>Luciano Ducci PR N\u00e3o PSB<br>Marcelo Lima SP N\u00e3o PSB<br>Pedro Campos PE N\u00e3o PSB<br>Tabata Amaral SP N\u00e3o PSB<br>Antonio Brito BA N\u00e3o PSD<br>Caio Vianna RJ N\u00e3o PSD<br>Castro Neto PI N\u00e3o PSD<br>Cezinha de Madureira SP N\u00e3o PSD<br>Charles Fernandes BA N\u00e3o PSD<br>Darci de Matos SC N\u00e3o PSD<br>Delegada Katarina SE N\u00e3o PSD<br>Diego Andrade MG N\u00e3o PSD<br>Diego Coronel BA N\u00e3o PSD<br>Fabio Reis SE N\u00e3o PSD<br>Gabriel Nunes BA N\u00e3o PSD<br>Ismael SC N\u00e3o PSD<br>Ismael Alexandrino GO N\u00e3o PSD<br>Jones Moura RJ N\u00e3o PSD<br>Josivaldo JP MA N\u00e3o PSD<br>J\u00falio Cesar PI N\u00e3o PSD<br>J\u00fanior Ferrari PA N\u00e3o PSD<br>Laura Carneiro RJ N\u00e3o PSD<br>Luciano Alves PR N\u00e3o PSD<br>Luciano Azevedo RS N\u00e3o PSD<br>Luisa Canziani PR N\u00e3o PSD<br>Marcos Aur\u00e9lio Sampaio PI N\u00e3o PSD<br>Misael Varella MG N\u00e3o PSD<br>Otto Alencar Filho BA N\u00e3o PSD<br>Paulo Litro PR N\u00e3o PSD<br>Paulo Magalh\u00e3es BA N\u00e3o PSD<br>Pedro Paulo RJ N\u00e3o PSD<br>Raimundo Santos PA N\u00e3o PSD<br>Reinhold Stephanes PR N\u00e3o PSD<br>Ricardo Silva SP N\u00e3o PSD<br>Rodrigo Estacho PR N\u00e3o PSD<br>Sargento Fahur PR N\u00e3o PSD<br>Sidney Leite AM N\u00e3o PSD<br>Stefano Aguiar MG N\u00e3o PSD<br>Z\u00e9 Haroldo Cathedral RR N\u00e3o PSD<br>Beto Richa PR N\u00e3o PSDB<br>Carlos Sampaio SP N\u00e3o PSDB<br>Dagoberto Nogueira MS N\u00e3o PSDB<br>Daniel Trzeciak RS N\u00e3o PSDB<br>Geovania de S\u00e1 SC N\u00e3o PSDB<br>Geraldo Resende MS N\u00e3o PSDB<br>L\u00eada Borges GO N\u00e3o PSDB<br>Lucas Redecker RS N\u00e3o PSDB<br>Paulo Alexandre Barbosa SP N\u00e3o PSDB<br>Vitor Lippi SP N\u00e3o PSDB<br>Airton Faleiro PA N\u00e3o PT<br>Alencar Santana SP N\u00e3o PT<br>Alexandre Lindenmeyer RS N\u00e3o PT<br>Alfredinho SP N\u00e3o PT<br>Ana Paula Lima SC N\u00e3o PT<br>Ana Pimentel MG N\u00e3o PT<br>Arlindo Chinaglia SP N\u00e3o PT<br>Benedita da Silva RJ N\u00e3o PT<br>Bohn Gass RS N\u00e3o PT<br>Carlos Veras PE N\u00e3o PT<br>Carlos Zarattini SP N\u00e3o PT<br>Carol Dartora PR N\u00e3o PT<br>Dandara MG N\u00e3o PT<br>Delegada Adriana Accorsi GO N\u00e3o PT<br>Denise Pess\u00f4a RS N\u00e3o PT<br>Dilvanda Faro PA N\u00e3o PT<br>Dimas Gadelha RJ N\u00e3o PT<br>Dr. Francisco PI N\u00e3o PT<br>Erika Kokay DF N\u00e3o PT<br>Fernando Mineiro RN N\u00e3o PT<br>Fl\u00e1vio Nogueira PI N\u00e3o PT<br>Florentino Neto PI N\u00e3o PT<br>Gleisi Hoffmann PR N\u00e3o PT<br>Helder Salom\u00e3o ES N\u00e3o PT<br>Ivoneide Caetano BA N\u00e3o PT<br>Jack Rocha ES N\u00e3o PT<br>Jilmar Tatto SP N\u00e3o PT<br>Jo\u00e3o Daniel SE N\u00e3o PT<br>Jorge Solla BA N\u00e3o PT<br>Jos\u00e9 Airton F\u00e9lix Cirilo CE N\u00e3o PT<br>Jos\u00e9 Guimar\u00e3es CE N\u00e3o PT<br>Joseildo Ramos BA N\u00e3o PT<br>Josias Gomes BA N\u00e3o PT<br>Juliana Cardoso SP N\u00e3o PT<br>Kiko Celeguim SP N\u00e3o PT<br>Leonardo Monteiro MG N\u00e3o PT<br>Luiz Couto PB N\u00e3o PT<br>Luizianne Lins CE N\u00e3o PT<br>Merlong Solano PI N\u00e3o PT<br>Miguel \u00c2ngelo MG N\u00e3o PT<br>Nat\u00e1lia Bonavides RN N\u00e3o PT<br>Nilto Tatto SP N\u00e3o PT<br>Odair Cunha MG N\u00e3o PT<br>Padre Jo\u00e3o MG N\u00e3o PT<br>Patrus Ananias MG N\u00e3o PT<br>Paul\u00e3o AL N\u00e3o PT<br>Paulo Guedes MG N\u00e3o PT<br>Reginete Bispo RS N\u00e3o PT<br>Reimont RJ N\u00e3o PT<br>Rog\u00e9rio Correia MG N\u00e3o PT<br>Rubens Otoni GO N\u00e3o PT<br>Rubens Pereira J\u00fanior MA N\u00e3o PT<br>Rui Falc\u00e3o SP N\u00e3o PT<br>Tadeu Veneri PR N\u00e3o PT<br>Valmir Assun\u00e7\u00e3o BA N\u00e3o PT<br>Vander Loubet MS N\u00e3o PT<br>Vicentinho SP N\u00e3o PT<br>Waldenor Pereira BA N\u00e3o PT<br>Welter PR N\u00e3o PT<br>Z\u00e9 Neto BA N\u00e3o PT<br>Zeca Dirceu PR N\u00e3o PT<br>Bacelar BA N\u00e3o PV<br>Clodoaldo Magalh\u00e3es PE N\u00e3o PV<br>Jadyel Alencar PI N\u00e3o PV<br>Luciano Amaral AL N\u00e3o PV<br>Prof. Reginaldo Veras DF N\u00e3o PV<br>Adail Filho AM N\u00e3o Republicanos<br>Albuquerque RR N\u00e3o Republicanos<br>Alex Santana BA N\u00e3o Republicanos<br>Alexandre Guimar\u00e3es TO N\u00e3o Republicanos<br>Aluisio Mendes MA N\u00e3o Republicanos<br>Ant\u00f4nia L\u00facia AC N\u00e3o Republicanos<br>Antonio Andrade TO N\u00e3o Republicanos<br>Augusto Coutinho PE N\u00e3o Republicanos<br>Carlos Gomes RS N\u00e3o Republicanos<br>Celso Russomanno SP N\u00e3o Republicanos<br>Defensor St\u00e9lio Dener RR N\u00e3o Republicanos<br>Ely Santos SP N\u00e3o Republicanos<br>Franciane Bayer RS N\u00e3o Republicanos<br>Fred Linhares DF N\u00e3o Republicanos<br>Gabriel Mota RR N\u00e3o Republicanos<br>Gilvan Maximo DF N\u00e3o Republicanos<br>Gustinho Ribeiro SE N\u00e3o Republicanos<br>Hugo Motta PB N\u00e3o Republicanos<br>Jeferson Rodrigues GO N\u00e3o Republicanos<br>Jorge Braz RJ N\u00e3o Republicanos<br>Marcelo Crivella RJ N\u00e3o Republicanos<br>M\u00e1rcio Marinho BA N\u00e3o Republicanos<br>Maria Rosas SP N\u00e3o Republicanos<br>Murilo Galdino PB N\u00e3o Republicanos<br>Prof. Paulo Fernando DF N\u00e3o Republicanos<br>Ricardo Ayres TO N\u00e3o Republicanos<br>Silas C\u00e2mara AM N\u00e3o Republicanos<br>Silvio Costa Filho PE N\u00e3o Republicanos<br>Vinicius Carvalho SP N\u00e3o Republicanos<br>Zucco RS N\u00e3o Republicanos<br>Aureo Ribeiro RJ N\u00e3o Solidariedade<br>Maria Arraes PE N\u00e3o Solidariedade<br>Weliton Prado MG N\u00e3o Solidariedade<br>Z\u00e9 Silva MG N\u00e3o Solidariedade<br>Alexandre Leite SP N\u00e3o Uni\u00e3o<br>Alfredo Gaspar AL N\u00e3o Uni\u00e3o<br>Arthur Oliveira Maia BA N\u00e3o Uni\u00e3o<br>Carlos Henrique Gaguim TO N\u00e3o Uni\u00e3o<br>Chiquinho Braz\u00e3o RJ N\u00e3o Uni\u00e3o<br>Coronel Assis MT N\u00e3o Uni\u00e3o<br>Coronel Ulysses AC N\u00e3o Uni\u00e3o<br>Cristiane Lopes RO N\u00e3o Uni\u00e3o<br>Dal Barreto BA N\u00e3o Uni\u00e3o<br>Dami\u00e3o Feliciano PB N\u00e3o Uni\u00e3o<br>Dani Cunha RJ N\u00e3o Uni\u00e3o<br>Danilo Forte CE N\u00e3o Uni\u00e3o<br>David Soares SP N\u00e3o Uni\u00e3o<br>Delegado Marcelo Freitas MG N\u00e3o Uni\u00e3o<br>Dr Benjamim MA N\u00e3o Uni\u00e3o<br>Dr. Fernando M\u00e1ximo RO N\u00e3o Uni\u00e3o<br>Dr. Zacharias Calil GO N\u00e3o Uni\u00e3o<br>Elmar Nascimento BA N\u00e3o Uni\u00e3o<br>Fabio Schiochet SC N\u00e3o Uni\u00e3o<br>Fausto Santos Jr. AM N\u00e3o Uni\u00e3o<br>Felipe Becari SP N\u00e3o Uni\u00e3o<br>Felipe Francischini PR N\u00e3o Uni\u00e3o<br>Fernanda Pessoa CE N\u00e3o Uni\u00e3o<br>Fernando Coelho Filho PE N\u00e3o Uni\u00e3o<br>Geraldo Mendes PR N\u00e3o Uni\u00e3o<br>Gisela Simona MT N\u00e3o Uni\u00e3o<br>H\u00e9lio Leite PA N\u00e3o Uni\u00e3o<br>Jos\u00e9 Rocha BA N\u00e3o Uni\u00e3o<br>Juninho do Pneu RJ N\u00e3o Uni\u00e3o<br>Kim Kataguiri SP N\u00e3o Uni\u00e3o<br>Lebr\u00e3o RO N\u00e3o Uni\u00e3o<br>Leur Lomanto J\u00fanior BA N\u00e3o Uni\u00e3o<br>Luiz Carlos Busato RS N\u00e3o Uni\u00e3o<br>Marangoni SP N\u00e3o Uni\u00e3o<br>Marcos Soares RJ N\u00e3o Uni\u00e3o<br>Maur\u00edcio Carvalho RO N\u00e3o Uni\u00e3o<br>Meire Serafim AC N\u00e3o Uni\u00e3o<br>Mendon\u00e7a Filho PE N\u00e3o Uni\u00e3o<br>Moses Rodrigues CE N\u00e3o Uni\u00e3o<br>Murillo Gouvea RJ N\u00e3o Uni\u00e3o<br>Nicoletti RR N\u00e3o Uni\u00e3o<br>Padovani PR N\u00e3o Uni\u00e3o<br>Pastor Diniz RR N\u00e3o Uni\u00e3o<br>Paulinho Freire RN N\u00e3o Uni\u00e3o<br>Paulo Azi BA N\u00e3o Uni\u00e3o<br>Pedro Lucas Fernandes MA N\u00e3o Uni\u00e3o<br>Rafael Simoes MG N\u00e3o Uni\u00e3o<br>Rodrigo de Castro MG N\u00e3o Uni\u00e3o<br>Rodrigo Valadares SE N\u00e3o Uni\u00e3o<br>Ros\u00e2ngela Moro SP N\u00e3o Uni\u00e3o<br>Saullo Vianna AM N\u00e3o Uni\u00e3o<br>Silvye Alves GO N\u00e3o Uni\u00e3o<br>Yandra Moura SE N\u00e3o Uni\u00e3o<\/p>\n\n\n\n<p><strong><em>Fonte: <a href=\"https:\/\/www.gazetadopovo.com.br\/economia\/arcabouco-fiscal-camara-barra-gasto-extra-como-votaram-os-deputados\/\">Gazeta do Povo<\/a><\/em><\/strong><\/p>\n","protected":false},"excerpt":{"rendered":"<p>Presidente da C\u00e2mara dos Deputados, Arthur Lira (PP-AL), durante vota\u00e7\u00e3o final do novo arcabou\u00e7o fiscal. Aprovado, texto vai \u00e0 san\u00e7\u00e3o presidencial Por C\u00e9lio Yano Com acordo entre l\u00edderes partid\u00e1rios, a C\u00e2mara derrubou uma emenda acrescida pelo Senado ao projeto do novo arcabou\u00e7o fiscal, aprovado em vota\u00e7\u00e3o final pelos deputados na noite de ter\u00e7a-feira (22). O [&hellip;]<\/p>\n","protected":false},"author":2,"featured_media":44476,"comment_status":"open","ping_status":"open","sticky":false,"template":"","format":"standard","meta":{"footnotes":""},"categories":[10],"tags":[19531,982,18157,20947,1309,20946,3429],"class_list":["post-44475","post","type-post","status-publish","format-standard","has-post-thumbnail","hentry","category-politica","tag-arcabouco-fiscal","tag-camara-dos-deputados","tag-desgoverno-lula","tag-desgoverno-pt","tag-dinheiro-publico","tag-gasto-extra","tag-votacao"],"yoast_head":"<!-- This site is optimized with the Yoast SEO plugin v26.5 - https:\/\/yoast.com\/wordpress\/plugins\/seo\/ -->\n<title>C\u00e2mara barra gasto extra de at\u00e9 R$ 40 bi para o governo; veja como votaram os deputados - Jornal Fatos e Not\u00edcias<\/title>\n<meta name=\"robots\" content=\"index, follow, max-snippet:-1, max-image-preview:large, max-video-preview:-1\" \/>\n<link rel=\"canonical\" href=\"https:\/\/jornalfatosenoticias.com.br\/index.php\/2023\/08\/23\/camara-barra-gasto-extra-de-ate-r-40-bi-para-o-governo-veja-como-votaram-os-deputados\/\" \/>\n<meta property=\"og:locale\" content=\"pt_BR\" \/>\n<meta property=\"og:type\" content=\"article\" \/>\n<meta property=\"og:title\" content=\"C\u00e2mara barra gasto extra de at\u00e9 R$ 40 bi para o governo; veja como votaram os deputados - Jornal Fatos e Not\u00edcias\" \/>\n<meta property=\"og:description\" content=\"Presidente da C\u00e2mara dos Deputados, Arthur Lira (PP-AL), durante vota\u00e7\u00e3o final do novo arcabou\u00e7o fiscal. Aprovado, texto vai \u00e0 san\u00e7\u00e3o presidencial Por C\u00e9lio Yano Com acordo entre l\u00edderes partid\u00e1rios, a C\u00e2mara derrubou uma emenda acrescida pelo Senado ao projeto do novo arcabou\u00e7o fiscal, aprovado em vota\u00e7\u00e3o final pelos deputados na noite de ter\u00e7a-feira (22). O [&hellip;]\" \/>\n<meta property=\"og:url\" content=\"https:\/\/jornalfatosenoticias.com.br\/index.php\/2023\/08\/23\/camara-barra-gasto-extra-de-ate-r-40-bi-para-o-governo-veja-como-votaram-os-deputados\/\" \/>\n<meta property=\"og:site_name\" content=\"Jornal Fatos e Not\u00edcias\" \/>\n<meta property=\"article:published_time\" content=\"2023-08-23T14:07:41+00:00\" \/>\n<meta property=\"article:modified_time\" content=\"2023-08-23T14:07:45+00:00\" \/>\n<meta property=\"og:image\" content=\"https:\/\/jornalfatosenoticias.com.br\/wp-content\/uploads\/2023\/08\/arcabouco-fiscal.jpg\" \/>\n\t<meta property=\"og:image:width\" content=\"960\" \/>\n\t<meta property=\"og:image:height\" content=\"540\" \/>\n\t<meta property=\"og:image:type\" content=\"image\/jpeg\" \/>\n<meta name=\"author\" content=\"Luzimara Fernandes\" \/>\n<meta name=\"twitter:card\" content=\"summary_large_image\" \/>\n<meta name=\"twitter:label1\" content=\"Escrito por\" \/>\n\t<meta name=\"twitter:data1\" content=\"Luzimara Fernandes\" \/>\n\t<meta name=\"twitter:label2\" content=\"Est. tempo de leitura\" \/>\n\t<meta name=\"twitter:data2\" content=\"14 minutos\" \/>\n<script type=\"application\/ld+json\" class=\"yoast-schema-graph\">{\"@context\":\"https:\/\/schema.org\",\"@graph\":[{\"@type\":\"Article\",\"@id\":\"https:\/\/jornalfatosenoticias.com.br\/index.php\/2023\/08\/23\/camara-barra-gasto-extra-de-ate-r-40-bi-para-o-governo-veja-como-votaram-os-deputados\/#article\",\"isPartOf\":{\"@id\":\"https:\/\/jornalfatosenoticias.com.br\/index.php\/2023\/08\/23\/camara-barra-gasto-extra-de-ate-r-40-bi-para-o-governo-veja-como-votaram-os-deputados\/\"},\"author\":{\"name\":\"Luzimara Fernandes\",\"@id\":\"https:\/\/jornalfatosenoticias.com.br\/#\/schema\/person\/d63837fa13ac8666eb9e74e0985d6f81\"},\"headline\":\"C\u00e2mara barra gasto extra de at\u00e9 R$ 40 bi para o governo; veja como votaram os deputados\",\"datePublished\":\"2023-08-23T14:07:41+00:00\",\"dateModified\":\"2023-08-23T14:07:45+00:00\",\"mainEntityOfPage\":{\"@id\":\"https:\/\/jornalfatosenoticias.com.br\/index.php\/2023\/08\/23\/camara-barra-gasto-extra-de-ate-r-40-bi-para-o-governo-veja-como-votaram-os-deputados\/\"},\"wordCount\":2860,\"commentCount\":0,\"publisher\":{\"@id\":\"https:\/\/jornalfatosenoticias.com.br\/#organization\"},\"image\":{\"@id\":\"https:\/\/jornalfatosenoticias.com.br\/index.php\/2023\/08\/23\/camara-barra-gasto-extra-de-ate-r-40-bi-para-o-governo-veja-como-votaram-os-deputados\/#primaryimage\"},\"thumbnailUrl\":\"https:\/\/jornalfatosenoticias.com.br\/wp-content\/uploads\/2023\/08\/arcabouco-fiscal.jpg\",\"keywords\":[\"arcabou\u00e7o fiscal\",\"C\u00e2mara dos Deputados\",\"desgoverno Lula\",\"desgoverno PT\",\"dinheiro p\u00fablico\",\"gasto extra\",\"vota\u00e7\u00e3o\"],\"articleSection\":[\"Pol\u00edtica\"],\"inLanguage\":\"pt-BR\",\"potentialAction\":[{\"@type\":\"CommentAction\",\"name\":\"Comment\",\"target\":[\"https:\/\/jornalfatosenoticias.com.br\/index.php\/2023\/08\/23\/camara-barra-gasto-extra-de-ate-r-40-bi-para-o-governo-veja-como-votaram-os-deputados\/#respond\"]}]},{\"@type\":\"WebPage\",\"@id\":\"https:\/\/jornalfatosenoticias.com.br\/index.php\/2023\/08\/23\/camara-barra-gasto-extra-de-ate-r-40-bi-para-o-governo-veja-como-votaram-os-deputados\/\",\"url\":\"https:\/\/jornalfatosenoticias.com.br\/index.php\/2023\/08\/23\/camara-barra-gasto-extra-de-ate-r-40-bi-para-o-governo-veja-como-votaram-os-deputados\/\",\"name\":\"C\u00e2mara barra gasto extra de at\u00e9 R$ 40 bi para o governo; veja como votaram os deputados - Jornal Fatos e Not\u00edcias\",\"isPartOf\":{\"@id\":\"https:\/\/jornalfatosenoticias.com.br\/#website\"},\"primaryImageOfPage\":{\"@id\":\"https:\/\/jornalfatosenoticias.com.br\/index.php\/2023\/08\/23\/camara-barra-gasto-extra-de-ate-r-40-bi-para-o-governo-veja-como-votaram-os-deputados\/#primaryimage\"},\"image\":{\"@id\":\"https:\/\/jornalfatosenoticias.com.br\/index.php\/2023\/08\/23\/camara-barra-gasto-extra-de-ate-r-40-bi-para-o-governo-veja-como-votaram-os-deputados\/#primaryimage\"},\"thumbnailUrl\":\"https:\/\/jornalfatosenoticias.com.br\/wp-content\/uploads\/2023\/08\/arcabouco-fiscal.jpg\",\"datePublished\":\"2023-08-23T14:07:41+00:00\",\"dateModified\":\"2023-08-23T14:07:45+00:00\",\"breadcrumb\":{\"@id\":\"https:\/\/jornalfatosenoticias.com.br\/index.php\/2023\/08\/23\/camara-barra-gasto-extra-de-ate-r-40-bi-para-o-governo-veja-como-votaram-os-deputados\/#breadcrumb\"},\"inLanguage\":\"pt-BR\",\"potentialAction\":[{\"@type\":\"ReadAction\",\"target\":[\"https:\/\/jornalfatosenoticias.com.br\/index.php\/2023\/08\/23\/camara-barra-gasto-extra-de-ate-r-40-bi-para-o-governo-veja-como-votaram-os-deputados\/\"]}]},{\"@type\":\"ImageObject\",\"inLanguage\":\"pt-BR\",\"@id\":\"https:\/\/jornalfatosenoticias.com.br\/index.php\/2023\/08\/23\/camara-barra-gasto-extra-de-ate-r-40-bi-para-o-governo-veja-como-votaram-os-deputados\/#primaryimage\",\"url\":\"https:\/\/jornalfatosenoticias.com.br\/wp-content\/uploads\/2023\/08\/arcabouco-fiscal.jpg\",\"contentUrl\":\"https:\/\/jornalfatosenoticias.com.br\/wp-content\/uploads\/2023\/08\/arcabouco-fiscal.jpg\",\"width\":960,\"height\":540},{\"@type\":\"BreadcrumbList\",\"@id\":\"https:\/\/jornalfatosenoticias.com.br\/index.php\/2023\/08\/23\/camara-barra-gasto-extra-de-ate-r-40-bi-para-o-governo-veja-como-votaram-os-deputados\/#breadcrumb\",\"itemListElement\":[{\"@type\":\"ListItem\",\"position\":1,\"name\":\"In\u00edcio\",\"item\":\"https:\/\/jornalfatosenoticias.com.br\/\"},{\"@type\":\"ListItem\",\"position\":2,\"name\":\"C\u00e2mara barra gasto extra de at\u00e9 R$ 40 bi para o governo; veja como votaram os deputados\"}]},{\"@type\":\"WebSite\",\"@id\":\"https:\/\/jornalfatosenoticias.com.br\/#website\",\"url\":\"https:\/\/jornalfatosenoticias.com.br\/\",\"name\":\"Jornal Fatos e Not\u00edcias\",\"description\":\"Not\u00edcias em geral\",\"publisher\":{\"@id\":\"https:\/\/jornalfatosenoticias.com.br\/#organization\"},\"potentialAction\":[{\"@type\":\"SearchAction\",\"target\":{\"@type\":\"EntryPoint\",\"urlTemplate\":\"https:\/\/jornalfatosenoticias.com.br\/?s={search_term_string}\"},\"query-input\":{\"@type\":\"PropertyValueSpecification\",\"valueRequired\":true,\"valueName\":\"search_term_string\"}}],\"inLanguage\":\"pt-BR\"},{\"@type\":\"Organization\",\"@id\":\"https:\/\/jornalfatosenoticias.com.br\/#organization\",\"name\":\"Jornal Fatos e Not\u00edcias\",\"url\":\"https:\/\/jornalfatosenoticias.com.br\/\",\"logo\":{\"@type\":\"ImageObject\",\"inLanguage\":\"pt-BR\",\"@id\":\"https:\/\/jornalfatosenoticias.com.br\/#\/schema\/logo\/image\/\",\"url\":\"https:\/\/jornalfatosenoticias.com.br\/wp-content\/uploads\/2020\/02\/logo120.png\",\"contentUrl\":\"https:\/\/jornalfatosenoticias.com.br\/wp-content\/uploads\/2020\/02\/logo120.png\",\"width\":1227,\"height\":120,\"caption\":\"Jornal Fatos e Not\u00edcias\"},\"image\":{\"@id\":\"https:\/\/jornalfatosenoticias.com.br\/#\/schema\/logo\/image\/\"}},{\"@type\":\"Person\",\"@id\":\"https:\/\/jornalfatosenoticias.com.br\/#\/schema\/person\/d63837fa13ac8666eb9e74e0985d6f81\",\"name\":\"Luzimara Fernandes\",\"image\":{\"@type\":\"ImageObject\",\"inLanguage\":\"pt-BR\",\"@id\":\"https:\/\/jornalfatosenoticias.com.br\/#\/schema\/person\/image\/\",\"url\":\"https:\/\/jornalfatosenoticias.com.br\/wp-content\/uploads\/2025\/05\/EU_portal.jpg\",\"contentUrl\":\"https:\/\/jornalfatosenoticias.com.br\/wp-content\/uploads\/2025\/05\/EU_portal.jpg\",\"caption\":\"Luzimara Fernandes\"},\"description\":\"Jornalista MTB 2358-ES\",\"sameAs\":[\"https:\/\/jornalfatosenoticias.com.br\"],\"url\":\"https:\/\/jornalfatosenoticias.com.br\/index.php\/author\/luzimara\/\"}]}<\/script>\n<!-- \/ Yoast SEO plugin. -->","yoast_head_json":{"title":"C\u00e2mara barra gasto extra de at\u00e9 R$ 40 bi para o governo; veja como votaram os deputados - Jornal Fatos e Not\u00edcias","robots":{"index":"index","follow":"follow","max-snippet":"max-snippet:-1","max-image-preview":"max-image-preview:large","max-video-preview":"max-video-preview:-1"},"canonical":"https:\/\/jornalfatosenoticias.com.br\/index.php\/2023\/08\/23\/camara-barra-gasto-extra-de-ate-r-40-bi-para-o-governo-veja-como-votaram-os-deputados\/","og_locale":"pt_BR","og_type":"article","og_title":"C\u00e2mara barra gasto extra de at\u00e9 R$ 40 bi para o governo; veja como votaram os deputados - Jornal Fatos e Not\u00edcias","og_description":"Presidente da C\u00e2mara dos Deputados, Arthur Lira (PP-AL), durante vota\u00e7\u00e3o final do novo arcabou\u00e7o fiscal. Aprovado, texto vai \u00e0 san\u00e7\u00e3o presidencial Por C\u00e9lio Yano Com acordo entre l\u00edderes partid\u00e1rios, a C\u00e2mara derrubou uma emenda acrescida pelo Senado ao projeto do novo arcabou\u00e7o fiscal, aprovado em vota\u00e7\u00e3o final pelos deputados na noite de ter\u00e7a-feira (22). O [&hellip;]","og_url":"https:\/\/jornalfatosenoticias.com.br\/index.php\/2023\/08\/23\/camara-barra-gasto-extra-de-ate-r-40-bi-para-o-governo-veja-como-votaram-os-deputados\/","og_site_name":"Jornal Fatos e Not\u00edcias","article_published_time":"2023-08-23T14:07:41+00:00","article_modified_time":"2023-08-23T14:07:45+00:00","og_image":[{"width":960,"height":540,"url":"https:\/\/jornalfatosenoticias.com.br\/wp-content\/uploads\/2023\/08\/arcabouco-fiscal.jpg","type":"image\/jpeg"}],"author":"Luzimara Fernandes","twitter_card":"summary_large_image","twitter_misc":{"Escrito por":"Luzimara Fernandes","Est. tempo de leitura":"14 minutos"},"schema":{"@context":"https:\/\/schema.org","@graph":[{"@type":"Article","@id":"https:\/\/jornalfatosenoticias.com.br\/index.php\/2023\/08\/23\/camara-barra-gasto-extra-de-ate-r-40-bi-para-o-governo-veja-como-votaram-os-deputados\/#article","isPartOf":{"@id":"https:\/\/jornalfatosenoticias.com.br\/index.php\/2023\/08\/23\/camara-barra-gasto-extra-de-ate-r-40-bi-para-o-governo-veja-como-votaram-os-deputados\/"},"author":{"name":"Luzimara Fernandes","@id":"https:\/\/jornalfatosenoticias.com.br\/#\/schema\/person\/d63837fa13ac8666eb9e74e0985d6f81"},"headline":"C\u00e2mara barra gasto extra de at\u00e9 R$ 40 bi para o governo; veja como votaram os deputados","datePublished":"2023-08-23T14:07:41+00:00","dateModified":"2023-08-23T14:07:45+00:00","mainEntityOfPage":{"@id":"https:\/\/jornalfatosenoticias.com.br\/index.php\/2023\/08\/23\/camara-barra-gasto-extra-de-ate-r-40-bi-para-o-governo-veja-como-votaram-os-deputados\/"},"wordCount":2860,"commentCount":0,"publisher":{"@id":"https:\/\/jornalfatosenoticias.com.br\/#organization"},"image":{"@id":"https:\/\/jornalfatosenoticias.com.br\/index.php\/2023\/08\/23\/camara-barra-gasto-extra-de-ate-r-40-bi-para-o-governo-veja-como-votaram-os-deputados\/#primaryimage"},"thumbnailUrl":"https:\/\/jornalfatosenoticias.com.br\/wp-content\/uploads\/2023\/08\/arcabouco-fiscal.jpg","keywords":["arcabou\u00e7o fiscal","C\u00e2mara dos Deputados","desgoverno Lula","desgoverno PT","dinheiro p\u00fablico","gasto extra","vota\u00e7\u00e3o"],"articleSection":["Pol\u00edtica"],"inLanguage":"pt-BR","potentialAction":[{"@type":"CommentAction","name":"Comment","target":["https:\/\/jornalfatosenoticias.com.br\/index.php\/2023\/08\/23\/camara-barra-gasto-extra-de-ate-r-40-bi-para-o-governo-veja-como-votaram-os-deputados\/#respond"]}]},{"@type":"WebPage","@id":"https:\/\/jornalfatosenoticias.com.br\/index.php\/2023\/08\/23\/camara-barra-gasto-extra-de-ate-r-40-bi-para-o-governo-veja-como-votaram-os-deputados\/","url":"https:\/\/jornalfatosenoticias.com.br\/index.php\/2023\/08\/23\/camara-barra-gasto-extra-de-ate-r-40-bi-para-o-governo-veja-como-votaram-os-deputados\/","name":"C\u00e2mara barra gasto extra de at\u00e9 R$ 40 bi para o governo; veja como votaram os deputados - Jornal Fatos e Not\u00edcias","isPartOf":{"@id":"https:\/\/jornalfatosenoticias.com.br\/#website"},"primaryImageOfPage":{"@id":"https:\/\/jornalfatosenoticias.com.br\/index.php\/2023\/08\/23\/camara-barra-gasto-extra-de-ate-r-40-bi-para-o-governo-veja-como-votaram-os-deputados\/#primaryimage"},"image":{"@id":"https:\/\/jornalfatosenoticias.com.br\/index.php\/2023\/08\/23\/camara-barra-gasto-extra-de-ate-r-40-bi-para-o-governo-veja-como-votaram-os-deputados\/#primaryimage"},"thumbnailUrl":"https:\/\/jornalfatosenoticias.com.br\/wp-content\/uploads\/2023\/08\/arcabouco-fiscal.jpg","datePublished":"2023-08-23T14:07:41+00:00","dateModified":"2023-08-23T14:07:45+00:00","breadcrumb":{"@id":"https:\/\/jornalfatosenoticias.com.br\/index.php\/2023\/08\/23\/camara-barra-gasto-extra-de-ate-r-40-bi-para-o-governo-veja-como-votaram-os-deputados\/#breadcrumb"},"inLanguage":"pt-BR","potentialAction":[{"@type":"ReadAction","target":["https:\/\/jornalfatosenoticias.com.br\/index.php\/2023\/08\/23\/camara-barra-gasto-extra-de-ate-r-40-bi-para-o-governo-veja-como-votaram-os-deputados\/"]}]},{"@type":"ImageObject","inLanguage":"pt-BR","@id":"https:\/\/jornalfatosenoticias.com.br\/index.php\/2023\/08\/23\/camara-barra-gasto-extra-de-ate-r-40-bi-para-o-governo-veja-como-votaram-os-deputados\/#primaryimage","url":"https:\/\/jornalfatosenoticias.com.br\/wp-content\/uploads\/2023\/08\/arcabouco-fiscal.jpg","contentUrl":"https:\/\/jornalfatosenoticias.com.br\/wp-content\/uploads\/2023\/08\/arcabouco-fiscal.jpg","width":960,"height":540},{"@type":"BreadcrumbList","@id":"https:\/\/jornalfatosenoticias.com.br\/index.php\/2023\/08\/23\/camara-barra-gasto-extra-de-ate-r-40-bi-para-o-governo-veja-como-votaram-os-deputados\/#breadcrumb","itemListElement":[{"@type":"ListItem","position":1,"name":"In\u00edcio","item":"https:\/\/jornalfatosenoticias.com.br\/"},{"@type":"ListItem","position":2,"name":"C\u00e2mara barra gasto extra de at\u00e9 R$ 40 bi para o governo; veja como votaram os deputados"}]},{"@type":"WebSite","@id":"https:\/\/jornalfatosenoticias.com.br\/#website","url":"https:\/\/jornalfatosenoticias.com.br\/","name":"Jornal Fatos e Not\u00edcias","description":"Not\u00edcias em geral","publisher":{"@id":"https:\/\/jornalfatosenoticias.com.br\/#organization"},"potentialAction":[{"@type":"SearchAction","target":{"@type":"EntryPoint","urlTemplate":"https:\/\/jornalfatosenoticias.com.br\/?s={search_term_string}"},"query-input":{"@type":"PropertyValueSpecification","valueRequired":true,"valueName":"search_term_string"}}],"inLanguage":"pt-BR"},{"@type":"Organization","@id":"https:\/\/jornalfatosenoticias.com.br\/#organization","name":"Jornal Fatos e Not\u00edcias","url":"https:\/\/jornalfatosenoticias.com.br\/","logo":{"@type":"ImageObject","inLanguage":"pt-BR","@id":"https:\/\/jornalfatosenoticias.com.br\/#\/schema\/logo\/image\/","url":"https:\/\/jornalfatosenoticias.com.br\/wp-content\/uploads\/2020\/02\/logo120.png","contentUrl":"https:\/\/jornalfatosenoticias.com.br\/wp-content\/uploads\/2020\/02\/logo120.png","width":1227,"height":120,"caption":"Jornal Fatos e Not\u00edcias"},"image":{"@id":"https:\/\/jornalfatosenoticias.com.br\/#\/schema\/logo\/image\/"}},{"@type":"Person","@id":"https:\/\/jornalfatosenoticias.com.br\/#\/schema\/person\/d63837fa13ac8666eb9e74e0985d6f81","name":"Luzimara Fernandes","image":{"@type":"ImageObject","inLanguage":"pt-BR","@id":"https:\/\/jornalfatosenoticias.com.br\/#\/schema\/person\/image\/","url":"https:\/\/jornalfatosenoticias.com.br\/wp-content\/uploads\/2025\/05\/EU_portal.jpg","contentUrl":"https:\/\/jornalfatosenoticias.com.br\/wp-content\/uploads\/2025\/05\/EU_portal.jpg","caption":"Luzimara Fernandes"},"description":"Jornalista MTB 2358-ES","sameAs":["https:\/\/jornalfatosenoticias.com.br"],"url":"https:\/\/jornalfatosenoticias.com.br\/index.php\/author\/luzimara\/"}]}},"cc_featured_image_caption":{"caption_text":"(Foto: Zeca Ribeiro\/C\u00e2mara dos Deputados) ","source_text":"","source_url":""},"jetpack_featured_media_url":"https:\/\/jornalfatosenoticias.com.br\/wp-content\/uploads\/2023\/08\/arcabouco-fiscal.jpg","_links":{"self":[{"href":"https:\/\/jornalfatosenoticias.com.br\/index.php\/wp-json\/wp\/v2\/posts\/44475","targetHints":{"allow":["GET"]}}],"collection":[{"href":"https:\/\/jornalfatosenoticias.com.br\/index.php\/wp-json\/wp\/v2\/posts"}],"about":[{"href":"https:\/\/jornalfatosenoticias.com.br\/index.php\/wp-json\/wp\/v2\/types\/post"}],"author":[{"embeddable":true,"href":"https:\/\/jornalfatosenoticias.com.br\/index.php\/wp-json\/wp\/v2\/users\/2"}],"replies":[{"embeddable":true,"href":"https:\/\/jornalfatosenoticias.com.br\/index.php\/wp-json\/wp\/v2\/comments?post=44475"}],"version-history":[{"count":0,"href":"https:\/\/jornalfatosenoticias.com.br\/index.php\/wp-json\/wp\/v2\/posts\/44475\/revisions"}],"wp:featuredmedia":[{"embeddable":true,"href":"https:\/\/jornalfatosenoticias.com.br\/index.php\/wp-json\/wp\/v2\/media\/44476"}],"wp:attachment":[{"href":"https:\/\/jornalfatosenoticias.com.br\/index.php\/wp-json\/wp\/v2\/media?parent=44475"}],"wp:term":[{"taxonomy":"category","embeddable":true,"href":"https:\/\/jornalfatosenoticias.com.br\/index.php\/wp-json\/wp\/v2\/categories?post=44475"},{"taxonomy":"post_tag","embeddable":true,"href":"https:\/\/jornalfatosenoticias.com.br\/index.php\/wp-json\/wp\/v2\/tags?post=44475"}],"curies":[{"name":"wp","href":"https:\/\/api.w.org\/{rel}","templated":true}]}}