{"id":44506,"date":"2023-08-24T13:28:40","date_gmt":"2023-08-24T16:28:40","guid":{"rendered":"https:\/\/jornalfatosenoticias.com.br\/?p=44506"},"modified":"2023-08-24T13:28:40","modified_gmt":"2023-08-24T16:28:40","slug":"aconteceu-na-granja","status":"publish","type":"post","link":"https:\/\/jornalfatosenoticias.com.br\/index.php\/2023\/08\/24\/aconteceu-na-granja\/","title":{"rendered":"Aconteceu na granja"},"content":{"rendered":"\n<div class=\"wp-block-image\"><figure class=\"aligncenter size-large\"><img loading=\"lazy\" decoding=\"async\" width=\"729\" height=\"90\" src=\"https:\/\/jornalfatosenoticias.com.br\/wp-content\/uploads\/2020\/02\/Logo_Mizu.png\" alt=\"\" class=\"wp-image-1441\" srcset=\"https:\/\/jornalfatosenoticias.com.br\/wp-content\/uploads\/2020\/02\/Logo_Mizu.png 729w, https:\/\/jornalfatosenoticias.com.br\/wp-content\/uploads\/2020\/02\/Logo_Mizu-300x37.png 300w\" sizes=\"auto, (max-width: 729px) 100vw, 729px\" \/><\/figure><\/div>\n\n\n\n<p>Contava, meu saudoso pai, que nos idos dos anos 70, quando o mesmo j\u00e1 estava na reserva da pol\u00edcia e trabalhava como inspetor de seguran\u00e7a em uma grande empresa mineira de vigil\u00e2ncia que operava na capital, ocorrera um fato sen\u00e3o engra\u00e7ado, um tanto quanto pitoresco. Acontece que a mencionada empresa mantinha um posto de vigil\u00e2ncia numa grande granja de porcos que ficava l\u00e1 para as bandas de Cariacica. No local havia mais de cem porcos de todas as cores, tamanhos, pesos e qualidades. Por isto, o esquema de seguran\u00e7a era refor\u00e7ado para se evitar o furto dos cobi\u00e7ados su\u00ednos e a equipe era formada por seis funcion\u00e1rios, sendo tr\u00eas espalhados pelas baias, dois na guarita e um fiscal na cancela, tudo para vigiar aquela imensa porcaria.<\/p>\n\n\n\n<div class=\"wp-block-image\"><figure class=\"aligncenter size-large\"><img loading=\"lazy\" decoding=\"async\" width=\"300\" height=\"250\" src=\"https:\/\/jornalfatosenoticias.com.br\/wp-content\/uploads\/2022\/08\/arte-Casarao.jpg\" alt=\"\" class=\"wp-image-33178\"\/><\/figure><\/div>\n\n\n\n<p>Contudo, os tempos eram de crise e j\u00e1 se passavam mais de seis meses sem que aqueles incautos vigilantes vissem um peda\u00e7o de bife pela frente. Para agravar a situa\u00e7\u00e3o dos matutos, a empresa atrasava sal\u00e1rios, j\u00e1 se aproximavam do fim de ano e n\u00e3o havia nem cheiro de d\u00e9cimo-terceiro sal\u00e1rio.<br>Foi a\u00ed que Justino, o mais antigo do trio que ficava nas baias, teve a ideia de bolar um plano fabuloso afim de surrupiar um porco bem gordo para incrementar os festejos natalinos de sua comunidade, sem levantar qualquer suspeita ou colocar em risco os seus empregos.<\/p>\n\n\n\n<div class=\"wp-block-image\"><figure class=\"aligncenter size-large\"><img loading=\"lazy\" decoding=\"async\" width=\"300\" height=\"137\" src=\"https:\/\/jornalfatosenoticias.com.br\/wp-content\/uploads\/2023\/06\/LOGO_JULIANA-GRACA_PORTAL.jpg\" alt=\"\" class=\"wp-image-42597\"\/><\/figure><\/div>\n\n\n\n<p>Tomada a decis\u00e3o, e ap\u00f3s pedir perd\u00e3o a Deus, ele passou a explicar a ardilosa manobra para os outros dois colegas de equipe, Sebasti\u00e3o e Roquinho, que, atentos, ouviam os detalhes da arriscada opera\u00e7\u00e3o de descaminho. Justino disse que traria para o local um uniforme reserva e que, juntos, capturariam um \u201cronca e fu\u00e7a\u201d dos grandes, colocariam nele a farda, um bon\u00e9 da empresa, um par de \u00f3culos e o &#8220;capado&#8221; seria transportado na frente da camionete da fiscaliza\u00e7\u00e3o, espremido pelos dois comparsas. Tudo isto combinado com um \u201coutro\u201d inspetor, que ganharia um generoso pernil, por sua leni\u00eancia, al\u00e9m da garantia de que seu nome jamais seria revelado.<\/p>\n\n\n\n<div class=\"wp-block-image\"><figure class=\"aligncenter size-large is-resized\"><img loading=\"lazy\" decoding=\"async\" src=\"https:\/\/jornalfatosenoticias.com.br\/wp-content\/uploads\/2023\/08\/VSM-Group.jpeg\" alt=\"\" class=\"wp-image-44364\" width=\"252\" height=\"252\"\/><\/figure><\/div>\n\n\n\n<p>Mas havia um grande problema que era passar pela fiscaliza\u00e7\u00e3o da guarita, eis que no dia premeditado, quem estava de servi\u00e7o era o Fiscal Marcos Hengel, o Marc\u00e3o. Marc\u00e3o era um italiano alto e forte, de olhos azuis e que era famoso por ser rigoroso em seu servi\u00e7o, uma mistura de \u201cHitler com Stalin\u201d que se gabava em contar quantos vigilantes j\u00e1 mandara embora, sem direito a nada.<\/p>\n\n\n\n<div class=\"wp-block-image\"><figure class=\"aligncenter size-large is-resized\"><img loading=\"lazy\" decoding=\"async\" src=\"https:\/\/jornalfatosenoticias.com.br\/wp-content\/uploads\/2023\/08\/LOGO-BLU-COMERCIAL-PRETO-1024x600.jpg\" alt=\"\" class=\"wp-image-44053\" width=\"305\" height=\"178\"\/><\/figure><\/div>\n\n\n\n<p>O medo era grande, mas a fome era maior. Aceita a miss\u00e3o, a ingl\u00f3ria \u201ctrupe\u201d colocou em pr\u00e1tica o seu ousado plano, sequestraram um \u201cbaita ba\u00e9\u201d, enfiaram-lhe uma farda, com bon\u00e9, \u00f3culos e tudo e o espremeram no carro, entre o Sebasti\u00e3o e o Roquinho, conforme o combinado e seguiram para a cancela, sobre o pretexto que iriam jantar e aproveitariam para buscar lavagem para os porcos. J\u00e1 escurecera e tudo estava indo muito bem, sendo que at\u00e9 o &#8220;cevado&#8221; ref\u00e9m, sem entender direito o que acontecia, se comportava dentro do poss\u00edvel, apesar dos arrotos e grunhidos que vez em quando deixava escapar. Chegando \u00e0 guarita, a guarni\u00e7\u00e3o foi parada na cancela por Marc\u00e3o e sua equipe. <\/p>\n\n\n\n<div class=\"wp-block-image\"><figure class=\"aligncenter size-large is-resized\"><img loading=\"lazy\" decoding=\"async\" src=\"https:\/\/jornalfatosenoticias.com.br\/wp-content\/uploads\/2023\/08\/BKR-1024x1021.jpg\" alt=\"\" class=\"wp-image-44494\" width=\"280\" height=\"279\" srcset=\"https:\/\/jornalfatosenoticias.com.br\/wp-content\/uploads\/2023\/08\/BKR-1024x1021.jpg 1024w, https:\/\/jornalfatosenoticias.com.br\/wp-content\/uploads\/2023\/08\/BKR-300x300.jpg 300w, https:\/\/jornalfatosenoticias.com.br\/wp-content\/uploads\/2023\/08\/BKR-150x150.jpg 150w, https:\/\/jornalfatosenoticias.com.br\/wp-content\/uploads\/2023\/08\/BKR-768x766.jpg 768w, https:\/\/jornalfatosenoticias.com.br\/wp-content\/uploads\/2023\/08\/BKR.jpg 1080w\" sizes=\"auto, (max-width: 280px) 100vw, 280px\" \/><\/figure><\/div>\n\n\n\n<p>De lanterna na m\u00e3o, o fiscal que mais parecia um agente de \u201cGestapo\u201d, cravou-os de perguntas, mandou abrir o porta-malas do carro e iluminou a boleia, por in\u00fameras vezes, \u00e0 procura de algo suspeito. Nesse passo, os ocupantes da viatura tremiam e rezavam, acreditando que seu plano seria descoberto, que eles seriam presos e demitidos por justa causa, que perderiam o apetitoso ref\u00e9m e seriam expostos \u00e0 ru\u00edna e \u00e0 desgra\u00e7a de uma vergonha sem limites, com direito a manchete no jornal. Depois de muita suga e sofrimento, veio a t\u00e3o esperada ordem de libera\u00e7\u00e3o, e o motorista da VTR foi saindo bem devagarinho e passando pela cancela, quando ouviram de longe o murm\u00fario do diligente e carrasco Marc\u00e3o, que balbuciou: \u201cRapaz, em vinte e cinco anos de trabalho neste posto, eu nunca tinha visto um vigilante t\u00e3o esquisito e t\u00e3o feio, baixinho, troncudo e mal-humorado. Valha-me, Deus!\u201d.<\/p>\n\n\n\n<div class=\"wp-block-image\"><figure class=\"aligncenter size-large is-resized\"><img loading=\"lazy\" decoding=\"async\" src=\"https:\/\/jornalfatosenoticias.com.br\/wp-content\/uploads\/2022\/10\/Arte-jornal-Zucchi-600x600_Prancheta-1-1024x1024.jpg\" alt=\"\" class=\"wp-image-34782\" width=\"267\" height=\"267\" srcset=\"https:\/\/jornalfatosenoticias.com.br\/wp-content\/uploads\/2022\/10\/Arte-jornal-Zucchi-600x600_Prancheta-1-1024x1024.jpg 1024w, https:\/\/jornalfatosenoticias.com.br\/wp-content\/uploads\/2022\/10\/Arte-jornal-Zucchi-600x600_Prancheta-1-300x300.jpg 300w, https:\/\/jornalfatosenoticias.com.br\/wp-content\/uploads\/2022\/10\/Arte-jornal-Zucchi-600x600_Prancheta-1-150x150.jpg 150w, https:\/\/jornalfatosenoticias.com.br\/wp-content\/uploads\/2022\/10\/Arte-jornal-Zucchi-600x600_Prancheta-1-768x768.jpg 768w, https:\/\/jornalfatosenoticias.com.br\/wp-content\/uploads\/2022\/10\/Arte-jornal-Zucchi-600x600_Prancheta-1.jpg 1250w\" sizes=\"auto, (max-width: 267px) 100vw, 267px\" \/><\/figure><\/div>\n\n\n\n<p>Nem precisa dizer que foi um sufoco danado, seguido de um al\u00edvio profundo, mas toda vez que a turma se reunia, meu pai sempre contava o causo e lembrava da festa de fim de ano regada a batucada, cacha\u00e7a, cerveja, torresmo, lingui\u00e7a e a boa e velha feijoada. Est\u00f3rias do meu velho Pai que eu n\u00e3o esque\u00e7o. De certo, neste momento, ele deve estar rodeado de amigos no c\u00e9u, contando, causos, est\u00f3rias e algumas &#8220;mentirinhas&#8221;, como ele gostava. Sua ben\u00e7\u00e3o, Sargento, descanse em paz.<\/p>\n\n\n\n<div class=\"wp-block-image\"><figure class=\"aligncenter size-large is-resized\"><img loading=\"lazy\" decoding=\"async\" src=\"https:\/\/jornalfatosenoticias.com.br\/wp-content\/uploads\/2023\/07\/lacremoda.jpg\" alt=\"\" class=\"wp-image-43706\" width=\"331\" height=\"185\" srcset=\"https:\/\/jornalfatosenoticias.com.br\/wp-content\/uploads\/2023\/07\/lacremoda.jpg 1024w, https:\/\/jornalfatosenoticias.com.br\/wp-content\/uploads\/2023\/07\/lacremoda-300x168.jpg 300w, https:\/\/jornalfatosenoticias.com.br\/wp-content\/uploads\/2023\/07\/lacremoda-768x431.jpg 768w\" sizes=\"auto, (max-width: 331px) 100vw, 331px\" \/><\/figure><\/div>\n","protected":false},"excerpt":{"rendered":"<p>Contava, meu saudoso pai, que nos idos dos anos 70, quando o mesmo j\u00e1 estava na reserva da pol\u00edcia e trabalhava como inspetor de seguran\u00e7a em uma grande empresa mineira de vigil\u00e2ncia que operava na capital, ocorrera um fato sen\u00e3o engra\u00e7ado, um tanto quanto pitoresco. Acontece que a mencionada empresa mantinha um posto de vigil\u00e2ncia [&hellip;]<\/p>\n","protected":false},"author":20,"featured_media":44507,"comment_status":"open","ping_status":"open","sticky":false,"template":"","format":"standard","meta":{"footnotes":""},"categories":[4],"tags":[18125,20966,3589,20967],"class_list":["post-44506","post","type-post","status-publish","format-standard","has-post-thumbnail","hentry","category-cultura","tag-conto","tag-granja","tag-porco","tag-vigilantes"],"yoast_head":"<!-- This site is optimized with the Yoast SEO plugin v26.5 - https:\/\/yoast.com\/wordpress\/plugins\/seo\/ -->\n<title>Aconteceu na granja - Jornal Fatos e Not\u00edcias<\/title>\n<meta name=\"robots\" content=\"index, follow, max-snippet:-1, max-image-preview:large, max-video-preview:-1\" \/>\n<link rel=\"canonical\" href=\"https:\/\/jornalfatosenoticias.com.br\/index.php\/2023\/08\/24\/aconteceu-na-granja\/\" \/>\n<meta property=\"og:locale\" content=\"pt_BR\" \/>\n<meta property=\"og:type\" content=\"article\" \/>\n<meta property=\"og:title\" content=\"Aconteceu na granja - Jornal Fatos e Not\u00edcias\" \/>\n<meta property=\"og:description\" content=\"Contava, meu saudoso pai, que nos idos dos anos 70, quando o mesmo j\u00e1 estava na reserva da pol\u00edcia e trabalhava como inspetor de seguran\u00e7a em uma grande empresa mineira de vigil\u00e2ncia que operava na capital, ocorrera um fato sen\u00e3o engra\u00e7ado, um tanto quanto pitoresco. Acontece que a mencionada empresa mantinha um posto de vigil\u00e2ncia [&hellip;]\" \/>\n<meta property=\"og:url\" content=\"https:\/\/jornalfatosenoticias.com.br\/index.php\/2023\/08\/24\/aconteceu-na-granja\/\" \/>\n<meta property=\"og:site_name\" content=\"Jornal Fatos e Not\u00edcias\" \/>\n<meta property=\"article:published_time\" content=\"2023-08-24T16:28:40+00:00\" \/>\n<meta property=\"og:image\" content=\"https:\/\/jornalfatosenoticias.com.br\/wp-content\/uploads\/2023\/08\/aconteceu-na-granja.jpg\" \/>\n\t<meta property=\"og:image:width\" content=\"1000\" \/>\n\t<meta property=\"og:image:height\" content=\"672\" \/>\n\t<meta property=\"og:image:type\" content=\"image\/jpeg\" \/>\n<meta name=\"author\" content=\"M\u00e1rio Vieira\" \/>\n<meta name=\"twitter:card\" content=\"summary_large_image\" \/>\n<meta name=\"twitter:label1\" content=\"Escrito por\" \/>\n\t<meta name=\"twitter:data1\" content=\"M\u00e1rio Vieira\" \/>\n\t<meta name=\"twitter:label2\" content=\"Est. tempo de leitura\" \/>\n\t<meta name=\"twitter:data2\" content=\"4 minutos\" \/>\n<script type=\"application\/ld+json\" class=\"yoast-schema-graph\">{\"@context\":\"https:\/\/schema.org\",\"@graph\":[{\"@type\":\"Article\",\"@id\":\"https:\/\/jornalfatosenoticias.com.br\/index.php\/2023\/08\/24\/aconteceu-na-granja\/#article\",\"isPartOf\":{\"@id\":\"https:\/\/jornalfatosenoticias.com.br\/index.php\/2023\/08\/24\/aconteceu-na-granja\/\"},\"author\":{\"name\":\"M\u00e1rio Vieira\",\"@id\":\"https:\/\/jornalfatosenoticias.com.br\/#\/schema\/person\/30ad7100d3327eb592fff379e3c2a827\"},\"headline\":\"Aconteceu na granja\",\"datePublished\":\"2023-08-24T16:28:40+00:00\",\"mainEntityOfPage\":{\"@id\":\"https:\/\/jornalfatosenoticias.com.br\/index.php\/2023\/08\/24\/aconteceu-na-granja\/\"},\"wordCount\":807,\"commentCount\":0,\"publisher\":{\"@id\":\"https:\/\/jornalfatosenoticias.com.br\/#organization\"},\"image\":{\"@id\":\"https:\/\/jornalfatosenoticias.com.br\/index.php\/2023\/08\/24\/aconteceu-na-granja\/#primaryimage\"},\"thumbnailUrl\":\"https:\/\/jornalfatosenoticias.com.br\/wp-content\/uploads\/2023\/08\/aconteceu-na-granja.jpg\",\"keywords\":[\"conto\",\"granja\",\"porco\",\"vigilantes\"],\"articleSection\":[\"Cultura\"],\"inLanguage\":\"pt-BR\",\"potentialAction\":[{\"@type\":\"CommentAction\",\"name\":\"Comment\",\"target\":[\"https:\/\/jornalfatosenoticias.com.br\/index.php\/2023\/08\/24\/aconteceu-na-granja\/#respond\"]}]},{\"@type\":\"WebPage\",\"@id\":\"https:\/\/jornalfatosenoticias.com.br\/index.php\/2023\/08\/24\/aconteceu-na-granja\/\",\"url\":\"https:\/\/jornalfatosenoticias.com.br\/index.php\/2023\/08\/24\/aconteceu-na-granja\/\",\"name\":\"Aconteceu na granja - Jornal Fatos e Not\u00edcias\",\"isPartOf\":{\"@id\":\"https:\/\/jornalfatosenoticias.com.br\/#website\"},\"primaryImageOfPage\":{\"@id\":\"https:\/\/jornalfatosenoticias.com.br\/index.php\/2023\/08\/24\/aconteceu-na-granja\/#primaryimage\"},\"image\":{\"@id\":\"https:\/\/jornalfatosenoticias.com.br\/index.php\/2023\/08\/24\/aconteceu-na-granja\/#primaryimage\"},\"thumbnailUrl\":\"https:\/\/jornalfatosenoticias.com.br\/wp-content\/uploads\/2023\/08\/aconteceu-na-granja.jpg\",\"datePublished\":\"2023-08-24T16:28:40+00:00\",\"breadcrumb\":{\"@id\":\"https:\/\/jornalfatosenoticias.com.br\/index.php\/2023\/08\/24\/aconteceu-na-granja\/#breadcrumb\"},\"inLanguage\":\"pt-BR\",\"potentialAction\":[{\"@type\":\"ReadAction\",\"target\":[\"https:\/\/jornalfatosenoticias.com.br\/index.php\/2023\/08\/24\/aconteceu-na-granja\/\"]}]},{\"@type\":\"ImageObject\",\"inLanguage\":\"pt-BR\",\"@id\":\"https:\/\/jornalfatosenoticias.com.br\/index.php\/2023\/08\/24\/aconteceu-na-granja\/#primaryimage\",\"url\":\"https:\/\/jornalfatosenoticias.com.br\/wp-content\/uploads\/2023\/08\/aconteceu-na-granja.jpg\",\"contentUrl\":\"https:\/\/jornalfatosenoticias.com.br\/wp-content\/uploads\/2023\/08\/aconteceu-na-granja.jpg\",\"width\":1000,\"height\":672},{\"@type\":\"BreadcrumbList\",\"@id\":\"https:\/\/jornalfatosenoticias.com.br\/index.php\/2023\/08\/24\/aconteceu-na-granja\/#breadcrumb\",\"itemListElement\":[{\"@type\":\"ListItem\",\"position\":1,\"name\":\"In\u00edcio\",\"item\":\"https:\/\/jornalfatosenoticias.com.br\/\"},{\"@type\":\"ListItem\",\"position\":2,\"name\":\"Aconteceu na granja\"}]},{\"@type\":\"WebSite\",\"@id\":\"https:\/\/jornalfatosenoticias.com.br\/#website\",\"url\":\"https:\/\/jornalfatosenoticias.com.br\/\",\"name\":\"Jornal Fatos e Not\u00edcias\",\"description\":\"Not\u00edcias em geral\",\"publisher\":{\"@id\":\"https:\/\/jornalfatosenoticias.com.br\/#organization\"},\"potentialAction\":[{\"@type\":\"SearchAction\",\"target\":{\"@type\":\"EntryPoint\",\"urlTemplate\":\"https:\/\/jornalfatosenoticias.com.br\/?s={search_term_string}\"},\"query-input\":{\"@type\":\"PropertyValueSpecification\",\"valueRequired\":true,\"valueName\":\"search_term_string\"}}],\"inLanguage\":\"pt-BR\"},{\"@type\":\"Organization\",\"@id\":\"https:\/\/jornalfatosenoticias.com.br\/#organization\",\"name\":\"Jornal Fatos e Not\u00edcias\",\"url\":\"https:\/\/jornalfatosenoticias.com.br\/\",\"logo\":{\"@type\":\"ImageObject\",\"inLanguage\":\"pt-BR\",\"@id\":\"https:\/\/jornalfatosenoticias.com.br\/#\/schema\/logo\/image\/\",\"url\":\"https:\/\/jornalfatosenoticias.com.br\/wp-content\/uploads\/2020\/02\/logo120.png\",\"contentUrl\":\"https:\/\/jornalfatosenoticias.com.br\/wp-content\/uploads\/2020\/02\/logo120.png\",\"width\":1227,\"height\":120,\"caption\":\"Jornal Fatos e Not\u00edcias\"},\"image\":{\"@id\":\"https:\/\/jornalfatosenoticias.com.br\/#\/schema\/logo\/image\/\"}},{\"@type\":\"Person\",\"@id\":\"https:\/\/jornalfatosenoticias.com.br\/#\/schema\/person\/30ad7100d3327eb592fff379e3c2a827\",\"name\":\"M\u00e1rio Vieira\",\"image\":{\"@type\":\"ImageObject\",\"inLanguage\":\"pt-BR\",\"@id\":\"https:\/\/jornalfatosenoticias.com.br\/#\/schema\/person\/image\/\",\"url\":\"https:\/\/jornalfatosenoticias.com.br\/wp-content\/uploads\/2023\/06\/MARIO-removebg-preview-150x150.png\",\"contentUrl\":\"https:\/\/jornalfatosenoticias.com.br\/wp-content\/uploads\/2023\/06\/MARIO-removebg-preview-150x150.png\",\"caption\":\"M\u00e1rio Vieira\"},\"description\":\"Capixaba, casado, autor e advogado\",\"url\":\"https:\/\/jornalfatosenoticias.com.br\/index.php\/author\/mario\/\"}]}<\/script>\n<!-- \/ Yoast SEO plugin. -->","yoast_head_json":{"title":"Aconteceu na granja - Jornal Fatos e Not\u00edcias","robots":{"index":"index","follow":"follow","max-snippet":"max-snippet:-1","max-image-preview":"max-image-preview:large","max-video-preview":"max-video-preview:-1"},"canonical":"https:\/\/jornalfatosenoticias.com.br\/index.php\/2023\/08\/24\/aconteceu-na-granja\/","og_locale":"pt_BR","og_type":"article","og_title":"Aconteceu na granja - Jornal Fatos e Not\u00edcias","og_description":"Contava, meu saudoso pai, que nos idos dos anos 70, quando o mesmo j\u00e1 estava na reserva da pol\u00edcia e trabalhava como inspetor de seguran\u00e7a em uma grande empresa mineira de vigil\u00e2ncia que operava na capital, ocorrera um fato sen\u00e3o engra\u00e7ado, um tanto quanto pitoresco. Acontece que a mencionada empresa mantinha um posto de vigil\u00e2ncia [&hellip;]","og_url":"https:\/\/jornalfatosenoticias.com.br\/index.php\/2023\/08\/24\/aconteceu-na-granja\/","og_site_name":"Jornal Fatos e Not\u00edcias","article_published_time":"2023-08-24T16:28:40+00:00","og_image":[{"width":1000,"height":672,"url":"https:\/\/jornalfatosenoticias.com.br\/wp-content\/uploads\/2023\/08\/aconteceu-na-granja.jpg","type":"image\/jpeg"}],"author":"M\u00e1rio Vieira","twitter_card":"summary_large_image","twitter_misc":{"Escrito por":"M\u00e1rio Vieira","Est. tempo de leitura":"4 minutos"},"schema":{"@context":"https:\/\/schema.org","@graph":[{"@type":"Article","@id":"https:\/\/jornalfatosenoticias.com.br\/index.php\/2023\/08\/24\/aconteceu-na-granja\/#article","isPartOf":{"@id":"https:\/\/jornalfatosenoticias.com.br\/index.php\/2023\/08\/24\/aconteceu-na-granja\/"},"author":{"name":"M\u00e1rio Vieira","@id":"https:\/\/jornalfatosenoticias.com.br\/#\/schema\/person\/30ad7100d3327eb592fff379e3c2a827"},"headline":"Aconteceu na granja","datePublished":"2023-08-24T16:28:40+00:00","mainEntityOfPage":{"@id":"https:\/\/jornalfatosenoticias.com.br\/index.php\/2023\/08\/24\/aconteceu-na-granja\/"},"wordCount":807,"commentCount":0,"publisher":{"@id":"https:\/\/jornalfatosenoticias.com.br\/#organization"},"image":{"@id":"https:\/\/jornalfatosenoticias.com.br\/index.php\/2023\/08\/24\/aconteceu-na-granja\/#primaryimage"},"thumbnailUrl":"https:\/\/jornalfatosenoticias.com.br\/wp-content\/uploads\/2023\/08\/aconteceu-na-granja.jpg","keywords":["conto","granja","porco","vigilantes"],"articleSection":["Cultura"],"inLanguage":"pt-BR","potentialAction":[{"@type":"CommentAction","name":"Comment","target":["https:\/\/jornalfatosenoticias.com.br\/index.php\/2023\/08\/24\/aconteceu-na-granja\/#respond"]}]},{"@type":"WebPage","@id":"https:\/\/jornalfatosenoticias.com.br\/index.php\/2023\/08\/24\/aconteceu-na-granja\/","url":"https:\/\/jornalfatosenoticias.com.br\/index.php\/2023\/08\/24\/aconteceu-na-granja\/","name":"Aconteceu na granja - Jornal Fatos e Not\u00edcias","isPartOf":{"@id":"https:\/\/jornalfatosenoticias.com.br\/#website"},"primaryImageOfPage":{"@id":"https:\/\/jornalfatosenoticias.com.br\/index.php\/2023\/08\/24\/aconteceu-na-granja\/#primaryimage"},"image":{"@id":"https:\/\/jornalfatosenoticias.com.br\/index.php\/2023\/08\/24\/aconteceu-na-granja\/#primaryimage"},"thumbnailUrl":"https:\/\/jornalfatosenoticias.com.br\/wp-content\/uploads\/2023\/08\/aconteceu-na-granja.jpg","datePublished":"2023-08-24T16:28:40+00:00","breadcrumb":{"@id":"https:\/\/jornalfatosenoticias.com.br\/index.php\/2023\/08\/24\/aconteceu-na-granja\/#breadcrumb"},"inLanguage":"pt-BR","potentialAction":[{"@type":"ReadAction","target":["https:\/\/jornalfatosenoticias.com.br\/index.php\/2023\/08\/24\/aconteceu-na-granja\/"]}]},{"@type":"ImageObject","inLanguage":"pt-BR","@id":"https:\/\/jornalfatosenoticias.com.br\/index.php\/2023\/08\/24\/aconteceu-na-granja\/#primaryimage","url":"https:\/\/jornalfatosenoticias.com.br\/wp-content\/uploads\/2023\/08\/aconteceu-na-granja.jpg","contentUrl":"https:\/\/jornalfatosenoticias.com.br\/wp-content\/uploads\/2023\/08\/aconteceu-na-granja.jpg","width":1000,"height":672},{"@type":"BreadcrumbList","@id":"https:\/\/jornalfatosenoticias.com.br\/index.php\/2023\/08\/24\/aconteceu-na-granja\/#breadcrumb","itemListElement":[{"@type":"ListItem","position":1,"name":"In\u00edcio","item":"https:\/\/jornalfatosenoticias.com.br\/"},{"@type":"ListItem","position":2,"name":"Aconteceu na granja"}]},{"@type":"WebSite","@id":"https:\/\/jornalfatosenoticias.com.br\/#website","url":"https:\/\/jornalfatosenoticias.com.br\/","name":"Jornal Fatos e Not\u00edcias","description":"Not\u00edcias em geral","publisher":{"@id":"https:\/\/jornalfatosenoticias.com.br\/#organization"},"potentialAction":[{"@type":"SearchAction","target":{"@type":"EntryPoint","urlTemplate":"https:\/\/jornalfatosenoticias.com.br\/?s={search_term_string}"},"query-input":{"@type":"PropertyValueSpecification","valueRequired":true,"valueName":"search_term_string"}}],"inLanguage":"pt-BR"},{"@type":"Organization","@id":"https:\/\/jornalfatosenoticias.com.br\/#organization","name":"Jornal Fatos e Not\u00edcias","url":"https:\/\/jornalfatosenoticias.com.br\/","logo":{"@type":"ImageObject","inLanguage":"pt-BR","@id":"https:\/\/jornalfatosenoticias.com.br\/#\/schema\/logo\/image\/","url":"https:\/\/jornalfatosenoticias.com.br\/wp-content\/uploads\/2020\/02\/logo120.png","contentUrl":"https:\/\/jornalfatosenoticias.com.br\/wp-content\/uploads\/2020\/02\/logo120.png","width":1227,"height":120,"caption":"Jornal Fatos e Not\u00edcias"},"image":{"@id":"https:\/\/jornalfatosenoticias.com.br\/#\/schema\/logo\/image\/"}},{"@type":"Person","@id":"https:\/\/jornalfatosenoticias.com.br\/#\/schema\/person\/30ad7100d3327eb592fff379e3c2a827","name":"M\u00e1rio Vieira","image":{"@type":"ImageObject","inLanguage":"pt-BR","@id":"https:\/\/jornalfatosenoticias.com.br\/#\/schema\/person\/image\/","url":"https:\/\/jornalfatosenoticias.com.br\/wp-content\/uploads\/2023\/06\/MARIO-removebg-preview-150x150.png","contentUrl":"https:\/\/jornalfatosenoticias.com.br\/wp-content\/uploads\/2023\/06\/MARIO-removebg-preview-150x150.png","caption":"M\u00e1rio Vieira"},"description":"Capixaba, casado, autor e advogado","url":"https:\/\/jornalfatosenoticias.com.br\/index.php\/author\/mario\/"}]}},"cc_featured_image_caption":{"caption_text":"(Foto: Adobe Stock) ","source_text":"","source_url":""},"jetpack_featured_media_url":"https:\/\/jornalfatosenoticias.com.br\/wp-content\/uploads\/2023\/08\/aconteceu-na-granja.jpg","_links":{"self":[{"href":"https:\/\/jornalfatosenoticias.com.br\/index.php\/wp-json\/wp\/v2\/posts\/44506","targetHints":{"allow":["GET"]}}],"collection":[{"href":"https:\/\/jornalfatosenoticias.com.br\/index.php\/wp-json\/wp\/v2\/posts"}],"about":[{"href":"https:\/\/jornalfatosenoticias.com.br\/index.php\/wp-json\/wp\/v2\/types\/post"}],"author":[{"embeddable":true,"href":"https:\/\/jornalfatosenoticias.com.br\/index.php\/wp-json\/wp\/v2\/users\/20"}],"replies":[{"embeddable":true,"href":"https:\/\/jornalfatosenoticias.com.br\/index.php\/wp-json\/wp\/v2\/comments?post=44506"}],"version-history":[{"count":0,"href":"https:\/\/jornalfatosenoticias.com.br\/index.php\/wp-json\/wp\/v2\/posts\/44506\/revisions"}],"wp:featuredmedia":[{"embeddable":true,"href":"https:\/\/jornalfatosenoticias.com.br\/index.php\/wp-json\/wp\/v2\/media\/44507"}],"wp:attachment":[{"href":"https:\/\/jornalfatosenoticias.com.br\/index.php\/wp-json\/wp\/v2\/media?parent=44506"}],"wp:term":[{"taxonomy":"category","embeddable":true,"href":"https:\/\/jornalfatosenoticias.com.br\/index.php\/wp-json\/wp\/v2\/categories?post=44506"},{"taxonomy":"post_tag","embeddable":true,"href":"https:\/\/jornalfatosenoticias.com.br\/index.php\/wp-json\/wp\/v2\/tags?post=44506"}],"curies":[{"name":"wp","href":"https:\/\/api.w.org\/{rel}","templated":true}]}}