{"id":44516,"date":"2023-08-24T14:02:17","date_gmt":"2023-08-24T17:02:17","guid":{"rendered":"https:\/\/jornalfatosenoticias.com.br\/?p=44516"},"modified":"2023-08-24T14:02:17","modified_gmt":"2023-08-24T17:02:17","slug":"a-semana-em-brasilia-e-no-es-outro-general-podera-ser-desmoralizado-em-praca-publica","status":"publish","type":"post","link":"https:\/\/jornalfatosenoticias.com.br\/index.php\/2023\/08\/24\/a-semana-em-brasilia-e-no-es-outro-general-podera-ser-desmoralizado-em-praca-publica\/","title":{"rendered":"A Semana em Bras\u00edlia e no ES \u2014 Outro general poder\u00e1 ser desmoralizado em pra\u00e7a p\u00fablica"},"content":{"rendered":"\n<p>O foco \u00e9 que Paulo S\u00e9rgio Nogueira fale sobre as cinco visitas que o hacker afirma ter feito ao Minist\u00e9rio da Defesa para tratar das urnas eletr\u00f4nicas. A pasta afirma n\u00e3o ter registros da entrada e o advogado informou que seu cliente entrou no pr\u00e9dio pelos fundos.<br>Delgatti diz ainda que um dos encontros teria sido com o pr\u00f3prio Nogueira, que \u00e0 \u00e9poca estava \u00e0 frente da pasta. O general nega a agenda para integrantes do Ex\u00e9rcito, mas admitiu ter conhecimento de um encontro de Delgatti com a \u00e1rea t\u00e9cnica da pasta.<\/p>\n\n\n\n<div class=\"wp-block-image\"><figure class=\"aligncenter size-large is-resized\"><img loading=\"lazy\" decoding=\"async\" src=\"https:\/\/jornalfatosenoticias.com.br\/wp-content\/uploads\/2022\/02\/Precisao-Contabilidade-1024x724.jpg\" alt=\"\" class=\"wp-image-28088\" width=\"338\" height=\"239\"\/><\/figure><\/div>\n\n\n\n<p>Ap\u00f3s o depoimento do hacker na CPI do 8 de janeiro, Jair Bolsonaro admitiu que se reuniu com Delgatti para falar de urnas e que o encaminhou para uma conversa no Minist\u00e9rio da Defesa. A agenda com o ex-presidente foi intermediada pela deputada federal Carla Zambelli (PL-SP).<br>Outro foco de apura\u00e7\u00e3o ser\u00e1 o relat\u00f3rio final sobre as urnas feito pelas For\u00e7as Armadas, no qual os militares apontam n\u00e3o terem encontrado irregularidades. Delgatti diz que ele pr\u00f3prio orientou o documento.<\/p>\n\n\n\n<div class=\"wp-block-image\"><figure class=\"aligncenter size-large\"><img loading=\"lazy\" decoding=\"async\" width=\"300\" height=\"250\" src=\"https:\/\/jornalfatosenoticias.com.br\/wp-content\/uploads\/2022\/08\/arte-Casarao.jpg\" alt=\"\" class=\"wp-image-33178\"\/><\/figure><\/div>\n\n\n\n<p>A gest\u00e3o de Paulo S\u00e9rgio Nogueira como ministro da Defesa foi marcada por press\u00f5es e embates com o Tribunal Superior Eleitoral (TSE) sobre as urnas, com envio constante de of\u00edcios e cobran\u00e7as por parte do general. Na ocasi\u00e3o, at\u00e9 integrantes das For\u00e7as Armadas consideraram que Nogueira estava \u201cexagerando\u201d e que adotou uma postura muito subserviente a Bolsonaro. Na semana passada o ministro da Defesa, Jos\u00e9 M\u00facio, pediu \u00e0 PF que compartilhe o nome de militares que teriam se reunido com o hacker. <strong>(Fonte: Terra Brasil Not\u00edcias)<\/strong><\/p>\n\n\n\n<div class=\"wp-block-image\"><figure class=\"aligncenter size-large\"><img decoding=\"async\" src=\"https:\/\/jornalfatosenoticias.com.br\/wp-content\/uploads\/2020\/02\/logo_esteio.jpg\" alt=\"\" class=\"wp-image-1214\"\/><\/figure><\/div>\n\n\n\n<hr class=\"wp-block-separator\"\/>\n\n\n\n<p><strong><span class=\"has-inline-color has-black-color\">Estranho: tropas estrat\u00e9gicas do ex\u00e9rcito v\u00e3o ficar na m\u00e3o de um \u00fanico general<\/span><\/strong><\/p>\n\n\n\n<div class=\"wp-block-image\"><figure class=\"aligncenter size-large\"><img loading=\"lazy\" decoding=\"async\" width=\"800\" height=\"478\" src=\"https:\/\/jornalfatosenoticias.com.br\/wp-content\/uploads\/2023\/08\/TROPA_EXERCITO.jpg\" alt=\"\" class=\"wp-image-44517\" srcset=\"https:\/\/jornalfatosenoticias.com.br\/wp-content\/uploads\/2023\/08\/TROPA_EXERCITO.jpg 800w, https:\/\/jornalfatosenoticias.com.br\/wp-content\/uploads\/2023\/08\/TROPA_EXERCITO-300x179.jpg 300w, https:\/\/jornalfatosenoticias.com.br\/wp-content\/uploads\/2023\/08\/TROPA_EXERCITO-768x459.jpg 768w\" sizes=\"auto, (max-width: 800px) 100vw, 800px\" \/><figcaption><em><span class=\"has-inline-color has-black-color\">(Foto: Reprodu\u00e7\u00e3o\/EB)<\/span><\/em><\/figcaption><\/figure><\/div>\n\n\n\n<p>O comandante de Opera\u00e7\u00f5es Terrestres (Coter), general Estevam Cals Theophilo Gaspar de Oliveira, prop\u00f4s ao Alto Comando do Ex\u00e9rcito a centraliza\u00e7\u00e3o das organiza\u00e7\u00f5es militares de elite sob um \u00fanico comando, o seu pr\u00f3prio, diz Jovem Pan. A sugest\u00e3o visa subordinar diversas tropas especializadas, como opera\u00e7\u00f5es especiais, artilharia, defesa cibern\u00e9tica e comunica\u00e7\u00e3o, ao Coter. A proposta, embora apoiada pelo comandante do Ex\u00e9rcito, general Tom\u00e1s Ribeiro Paiva, gerou controv\u00e9rsias, pois centraliza significativo poder nas m\u00e3os de um \u00fanico general 4 estrelas.<\/p>\n\n\n\n<div class=\"wp-block-image\"><figure class=\"aligncenter size-large\"><img loading=\"lazy\" decoding=\"async\" width=\"300\" height=\"250\" src=\"https:\/\/jornalfatosenoticias.com.br\/wp-content\/uploads\/2022\/02\/FERRARI_MAQUINAS-E-FERRAMENTAS2.jpg\" alt=\"\" class=\"wp-image-27860\"\/><\/figure><\/div>\n\n\n\n<p>O General Estevam Theophilo meses atr\u00e1s estava no meio de outra pol\u00eamica envolvendo o Ex\u00e9rcito. O General foi instru\u00eddo a convidar representantes chineses para o 1\u00ba Semin\u00e1rio Internacional de Doutrina Militar Terrestre, conforme relatado pelo jornal Folha de S\u00e3o Paulo.<br>A decis\u00e3o veio ap\u00f3s a China inicialmente ser exclu\u00edda da lista de convidados do semin\u00e1rio, que contaria com militares de 34 pa\u00edses, incluindo os EUA. A situa\u00e7\u00e3o causou tens\u00f5es em Bras\u00edlia, com cr\u00edticas ao modo como os militares estavam conduzindo a diplomacia, desviando-se das diretrizes de pol\u00edtica externa do governo.<\/p>\n\n\n\n<div class=\"wp-block-image\"><figure class=\"aligncenter size-large is-resized\"><img loading=\"lazy\" decoding=\"async\" src=\"https:\/\/jornalfatosenoticias.com.br\/wp-content\/uploads\/2020\/02\/logo-Rapuzel-1024x571.jpg\" alt=\"\" class=\"wp-image-42808\" width=\"329\" height=\"183\" srcset=\"https:\/\/jornalfatosenoticias.com.br\/wp-content\/uploads\/2020\/02\/logo-Rapuzel-1024x571.jpg 1024w, https:\/\/jornalfatosenoticias.com.br\/wp-content\/uploads\/2020\/02\/logo-Rapuzel-300x167.jpg 300w, https:\/\/jornalfatosenoticias.com.br\/wp-content\/uploads\/2020\/02\/logo-Rapuzel-768x428.jpg 768w, https:\/\/jornalfatosenoticias.com.br\/wp-content\/uploads\/2020\/02\/logo-Rapuzel-1536x856.jpg 1536w, https:\/\/jornalfatosenoticias.com.br\/wp-content\/uploads\/2020\/02\/logo-Rapuzel.jpg 1600w\" sizes=\"auto, (max-width: 329px) 100vw, 329px\" \/><\/figure><\/div>\n\n\n\n<p>O comandante de Opera\u00e7\u00f5es Terrestres (Coter), general Estevam Cals Theophilo Gaspar de Oliveira, sugeriu ao Alto Comando do Ex\u00e9rcito a cria\u00e7\u00e3o de um comando multidom\u00ednio subordinando as organiza\u00e7\u00f5es militares de elite da for\u00e7a a um \u00fanico general \u2014 o pr\u00f3prio Estevam Theophilo.<br>Ficariam sob o guarda-chuva do Coter, por exemplo, integrantes dos comandos de opera\u00e7\u00f5es especiais, artilharia, defesa cibern\u00e9tica, comunica\u00e7\u00e3o e guerra eletr\u00f4nica, entre outras tropas especializadas. <\/p>\n\n\n\n<div class=\"wp-block-image\"><figure class=\"aligncenter size-large is-resized\"><img loading=\"lazy\" decoding=\"async\" src=\"https:\/\/jornalfatosenoticias.com.br\/wp-content\/uploads\/2023\/08\/VSM-Group.jpeg\" alt=\"\" class=\"wp-image-44364\" width=\"280\" height=\"280\"\/><\/figure><\/div>\n\n\n\n<p>A ideia aparentemente conta com o apoio do comandante do Ex\u00e9rcito, general Tom\u00e1s Ribeiro Paiva, mas \u00e9 vista com desconfian\u00e7a por outros integrantes do Alto Comando, pois concentra muito poder nas m\u00e3os de um \u00fanico general 4 estrelas. Estevam \u00e9 irm\u00e3o de outro general, Guilherme Theophilo, ex-secret\u00e1rio de Seguran\u00e7a P\u00fablica do governo de Jair Bolsonaro e candidato derrotado ao governo do Cear\u00e1 em 2022 pelo PSDB. <strong>(Fonte: Terra Brasil Not\u00edcias)<\/strong><\/p>\n\n\n\n<div class=\"wp-block-image\"><figure class=\"aligncenter size-large is-resized\"><img loading=\"lazy\" decoding=\"async\" src=\"https:\/\/jornalfatosenoticias.com.br\/wp-content\/uploads\/2022\/10\/RC_800x750_page-0001.jpg\" alt=\"\" class=\"wp-image-35338\" width=\"281\" height=\"263\" srcset=\"https:\/\/jornalfatosenoticias.com.br\/wp-content\/uploads\/2022\/10\/RC_800x750_page-0001.jpg 400w, https:\/\/jornalfatosenoticias.com.br\/wp-content\/uploads\/2022\/10\/RC_800x750_page-0001-300x281.jpg 300w\" sizes=\"auto, (max-width: 281px) 100vw, 281px\" \/><\/figure><\/div>\n\n\n\n<hr class=\"wp-block-separator\"\/>\n\n\n\n<p><strong><span class=\"has-inline-color has-black-color\">Enlouqueceu: Lula defende fim do d\u00f3lar em transa\u00e7\u00f5es comerciais<br><\/span><\/strong><\/p>\n\n\n\n<div class=\"wp-block-image\"><figure class=\"aligncenter size-large\"><img loading=\"lazy\" decoding=\"async\" width=\"948\" height=\"533\" src=\"https:\/\/jornalfatosenoticias.com.br\/wp-content\/uploads\/2023\/08\/loola-defende-fim-do-dolar.jpg\" alt=\"\" class=\"wp-image-44518\" srcset=\"https:\/\/jornalfatosenoticias.com.br\/wp-content\/uploads\/2023\/08\/loola-defende-fim-do-dolar.jpg 948w, https:\/\/jornalfatosenoticias.com.br\/wp-content\/uploads\/2023\/08\/loola-defende-fim-do-dolar-300x169.jpg 300w, https:\/\/jornalfatosenoticias.com.br\/wp-content\/uploads\/2023\/08\/loola-defende-fim-do-dolar-768x432.jpg 768w\" sizes=\"auto, (max-width: 948px) 100vw, 948px\" \/><figcaption><em><span class=\"has-inline-color has-black-color\">(Foto: Ricardo Stuckert\/Reprodu\u00e7\u00e3o)<\/span><\/em><\/figcaption><\/figure><\/div>\n\n\n\n<p>Lula (PT) voltou a defender a entrada da Argentina no bloco econ\u00f4mico dos Brics, formado por pa\u00edses em desenvolvimento, e o uso de uma moeda alternativa ao d\u00f3lar para o com\u00e9rcio exterior entre pa\u00edses. A entrada de novos membros \u00e9 um dos principais assuntos do 15\u00ba encontro do bloco, realizado neste ano em Johanesburgo, na \u00c1frica do Sul. Hoje, o Brics \u00e9 formado por Brasil, R\u00fassia, \u00cdndia, China e \u00c1frica do Sul. Outros cotados s\u00e3o Ar\u00e1bia Saudita, Emirados \u00c1rabes e Egito.<\/p>\n\n\n\n<div class=\"wp-block-image\"><figure class=\"aligncenter size-large is-resized\"><img loading=\"lazy\" decoding=\"async\" src=\"https:\/\/jornalfatosenoticias.com.br\/wp-content\/uploads\/2023\/08\/LOGO-BLU-COMERCIAL-PRETO-1024x600.jpg\" alt=\"\" class=\"wp-image-44053\" width=\"370\" height=\"216\"\/><\/figure><\/div>\n\n\n\n<p>&#8220;Vamos ver na reuni\u00e3o como fica, se vai ser agora ou daqui a um m\u00eas, dois meses\u2026 mas defendo porque \u00e9 importante a Argentina estar no Brics&#8221;, disse Lula, durante o &#8220;Conversa com o Presidente&#8221;, na \u00c1frica do Sul.<br>O petista atribuiu a crise argentina aos pagamentos ao Fundo Monet\u00e1rio Internacional (FMI), e acusou banco de ter feito o empr\u00e9stimo por interesse pol\u00edtico. <\/p>\n\n\n\n<blockquote class=\"wp-block-quote is-layout-flow wp-block-quote-is-layout-flow\"><p><span class=\"has-inline-color has-luminous-vivid-orange-color\">Na Argentina, est\u00e1 dif\u00edcil por causa do empr\u00e9stimo feito por interesse pol\u00edtico do FMI, R$ 44 bilh\u00f5es emprestados ao [ex-presidente Maur\u00edcio] Macri durante as elei\u00e7\u00f5es&#8221;, disse. &#8220;H\u00e1 quem diga na Argentina que esse dinheiro foi emprestado por conta das elei\u00e7\u00f5es para que o Macri pudesse ganhar. Ele n\u00e3o ganhou, o Alberto [Fern\u00e1ndez] ficou com a d\u00edvida e agora tem que pagar&#8221;.<\/span><\/p><\/blockquote>\n\n\n\n<div class=\"wp-block-image\"><figure class=\"aligncenter size-large is-resized\"><img loading=\"lazy\" decoding=\"async\" src=\"https:\/\/jornalfatosenoticias.com.br\/wp-content\/uploads\/2023\/08\/Control-Systems.jpg\" alt=\"\" class=\"wp-image-44092\" width=\"301\" height=\"361\"\/><\/figure><\/div>\n\n\n\n<p>Lula disse que o ministro da Fazenda, Fernando Haddad, est\u00e1 discutindo uma poss\u00edvel ajuda ao pa\u00eds vizinho usando o yuan chin\u00eas. &#8220;Vamos fazer uma coisa diferente, mais serena, mais madura, menos pragm\u00e1tica como \u00e9 a regra hoje, que s\u00f3 favorece o sistema financeiro&#8221;, declarou.<br>Ele voltou a defender uma moeda alternativa ao d\u00f3lar para o com\u00e9rcio com outros pa\u00edses. <\/p>\n\n\n\n<blockquote class=\"wp-block-quote is-layout-flow wp-block-quote-is-layout-flow\"><p><span class=\"has-inline-color has-luminous-vivid-orange-color\">Por que, se eu fa\u00e7o neg\u00f3cio com a China, preciso ter d\u00f3lar? O Brasil e a China t\u00eam tamanho suficiente para fazer neg\u00f3cio em suas moedas, sem desvalorizar a moeda da gente, mas cria uma moeda de com\u00e9rcio exterior e depois os bancos centrais fariam os ajustes&#8221;, disse.<\/span><\/p><\/blockquote>\n\n\n\n<div class=\"wp-block-image\"><figure class=\"aligncenter size-large is-resized\"><img loading=\"lazy\" decoding=\"async\" src=\"https:\/\/jornalfatosenoticias.com.br\/wp-content\/uploads\/2023\/08\/steel.jpg\" alt=\"\" class=\"wp-image-44523\" width=\"324\" height=\"263\"\/><\/figure><\/div>\n\n\n\n<p>A gente n\u00e3o pode depender de um \u00fanico pa\u00eds que tem o d\u00f3lar, que bota a maquininha para rodar o d\u00f3lar e a gente \u00e9 obrigado a ficar vivendo da situa\u00e7\u00e3o dessa moeda. (Lula, durante transmiss\u00e3o ao vivo nas redes sociais).<strong> (Fonte: Terra Brasil Not\u00edcias)<\/strong><\/p>\n\n\n\n<hr class=\"wp-block-separator\"\/>\n\n\n\n<p><span class=\"has-inline-color has-black-color\"><strong>Deputado prop\u00f5e tirar armas de seguran\u00e7as de Lula e ministros<br><\/strong><\/span><em><span class=\"has-inline-color has-black-color\">O projeto de lei cita a fala do presidente de quem anda armado \u00e9 &#8220;covarde&#8221;<\/span><br><\/em><\/p>\n\n\n\n<div class=\"wp-block-image\"><figure class=\"aligncenter size-large\"><img loading=\"lazy\" decoding=\"async\" width=\"481\" height=\"577\" src=\"https:\/\/jornalfatosenoticias.com.br\/wp-content\/uploads\/2023\/08\/Deputado-propoe-tirar-armas-de-seguransas-de-Lula-e-ministros.jpg\" alt=\"\" class=\"wp-image-44519\" srcset=\"https:\/\/jornalfatosenoticias.com.br\/wp-content\/uploads\/2023\/08\/Deputado-propoe-tirar-armas-de-seguransas-de-Lula-e-ministros.jpg 481w, https:\/\/jornalfatosenoticias.com.br\/wp-content\/uploads\/2023\/08\/Deputado-propoe-tirar-armas-de-seguransas-de-Lula-e-ministros-250x300.jpg 250w\" sizes=\"auto, (max-width: 481px) 100vw, 481px\" \/><figcaption><em><span class=\"has-inline-color has-black-color\">(Foto: Reprodu\u00e7\u00e3o\/Rede Social) <\/span><\/em><\/figcaption><\/figure><\/div>\n\n\n\n<p>O deputado federal Delegado Paulo Bilynskyj (PL-SP) apresentou um projeto de lei propondo retirar as armas de fogo das equipes de seguran\u00e7a de Luiz In\u00e1cio Lula da Silva (PT). Protocolada na segunda-feira (21), a proposta 4012\/2023 \u00e9 uma resposta aos ataques feitos por Lula contra pessoas que compram armas para autodefesa.<\/p>\n\n\n\n<div class=\"wp-block-image\"><figure class=\"aligncenter size-large is-resized\"><img loading=\"lazy\" decoding=\"async\" src=\"https:\/\/jornalfatosenoticias.com.br\/wp-content\/uploads\/2020\/02\/casa-do-torresmo_portal.jpg\" alt=\"\" class=\"wp-image-34472\" width=\"283\" height=\"283\" srcset=\"https:\/\/jornalfatosenoticias.com.br\/wp-content\/uploads\/2020\/02\/casa-do-torresmo_portal.jpg 300w, https:\/\/jornalfatosenoticias.com.br\/wp-content\/uploads\/2020\/02\/casa-do-torresmo_portal-150x150.jpg 150w\" sizes=\"auto, (max-width: 283px) 100vw, 283px\" \/><\/figure><\/div>\n\n\n\n<blockquote class=\"wp-block-quote is-layout-flow wp-block-quote-is-layout-flow\"><p><span class=\"has-inline-color has-luminous-vivid-orange-color\">A proibi\u00e7\u00e3o do uso de armas de fogo pelos agentes da seguran\u00e7a pessoal do presidente da Rep\u00fablica e de seus ministros de Estado \u00e9 uma medida coerente com a vis\u00e3o do atual governo de promover uma cultura de paz, reduzir a viol\u00eancia e buscar solu\u00e7\u00f5es n\u00e3o violentas para os desafios de seguran\u00e7a\u201d, justifica Bilynskyj.<\/span><\/p><\/blockquote>\n\n\n\n<div class=\"wp-block-image\"><figure class=\"aligncenter size-large is-resized\"><img loading=\"lazy\" decoding=\"async\" src=\"https:\/\/jornalfatosenoticias.com.br\/wp-content\/uploads\/2023\/07\/lacremoda.jpg\" alt=\"\" class=\"wp-image-43706\" width=\"384\" height=\"215\" srcset=\"https:\/\/jornalfatosenoticias.com.br\/wp-content\/uploads\/2023\/07\/lacremoda.jpg 1024w, https:\/\/jornalfatosenoticias.com.br\/wp-content\/uploads\/2023\/07\/lacremoda-300x168.jpg 300w, https:\/\/jornalfatosenoticias.com.br\/wp-content\/uploads\/2023\/07\/lacremoda-768x431.jpg 768w\" sizes=\"auto, (max-width: 384px) 100vw, 384px\" \/><\/figure><\/div>\n\n\n\n<p>O parlamentar coloca na justificativa a declara\u00e7\u00e3o de Lula feita durante uma transmiss\u00e3o online na qual ele diz que quem tem arma \u00e9 um covarde. \u201cEu n\u00e3o quero ter arma dentro de casa para fazer bem, se eu tiver arma em casa \u00e9 para me livrar de algu\u00e9m. E tem gente que gosta, que sai armado mostrando que \u00e9 poderoso. \u00c9 um covarde. Quem anda armado \u00e9 um covarde, tem medo\u201d, declarou Lula. <strong>(Fonte: @plenonews)<\/strong><\/p>\n\n\n\n<div class=\"wp-block-image\"><figure class=\"aligncenter size-large\"><img loading=\"lazy\" decoding=\"async\" width=\"372\" height=\"462\" src=\"https:\/\/jornalfatosenoticias.com.br\/wp-content\/uploads\/2023\/08\/Seca-NE.jpg\" alt=\"\" class=\"wp-image-44520\" srcset=\"https:\/\/jornalfatosenoticias.com.br\/wp-content\/uploads\/2023\/08\/Seca-NE.jpg 372w, https:\/\/jornalfatosenoticias.com.br\/wp-content\/uploads\/2023\/08\/Seca-NE-242x300.jpg 242w\" sizes=\"auto, (max-width: 372px) 100vw, 372px\" \/><figcaption><em><span class=\"has-inline-color has-black-color\">(Foto: Reprodu\u00e7\u00e3o\/Rede Social) <\/span><\/em><\/figcaption><\/figure><\/div>\n\n\n\n<hr class=\"wp-block-separator\"\/>\n\n\n\n<p><strong><span class=\"has-inline-color has-black-color\">Os caciques do PT est\u00e3o em festa<br><\/span><\/strong><em><span class=\"has-inline-color has-black-color\">Por Raul Holderf Nascimento<\/span><\/em><\/p>\n\n\n\n<div class=\"wp-block-image\"><figure class=\"aligncenter size-large\"><img loading=\"lazy\" decoding=\"async\" width=\"848\" height=\"477\" src=\"https:\/\/jornalfatosenoticias.com.br\/wp-content\/uploads\/2023\/08\/caciques-petistas.jpg\" alt=\"\" class=\"wp-image-44521\" srcset=\"https:\/\/jornalfatosenoticias.com.br\/wp-content\/uploads\/2023\/08\/caciques-petistas.jpg 848w, https:\/\/jornalfatosenoticias.com.br\/wp-content\/uploads\/2023\/08\/caciques-petistas-300x169.jpg 300w, https:\/\/jornalfatosenoticias.com.br\/wp-content\/uploads\/2023\/08\/caciques-petistas-768x432.jpg 768w\" sizes=\"auto, (max-width: 848px) 100vw, 848px\" \/><figcaption><em><span class=\"has-inline-color has-black-color\">(Foto: Ricardo Stuckert) <\/span><\/em><\/figcaption><\/figure><\/div>\n\n\n\n<div class=\"wp-block-image\"><figure class=\"aligncenter size-large\"><img loading=\"lazy\" decoding=\"async\" width=\"300\" height=\"137\" src=\"https:\/\/jornalfatosenoticias.com.br\/wp-content\/uploads\/2023\/06\/LOGO_JULIANA-GRACA_PORTAL.jpg\" alt=\"\" class=\"wp-image-42597\"\/><\/figure><\/div>\n\n\n\n<p>No mundo do lulopetismo, o principal assunto na manh\u00e3 de ter\u00e7a-feira (22) foi um s\u00f3. A narrativa da semana gira em torno de Dilma Rousseff. A euforia nem \u00e9 a visita do presidente Lula \u00e0 \u00c1frica do Sul nem qualquer rev\u00e9s contra o ex-presidente Jair Bolsonaro e seus aliados est\u00e3o ecoando nas redes sociais.<br>Os principais l\u00edderes do partido est\u00e3o em festa ap\u00f3s o arquivamento da a\u00e7\u00e3o de improbidade administrativa relativa \u00e0s pedaladas fiscais que mirou a ex-presidente do Brasil, cuja acusa\u00e7\u00e3o custou a perda de mandato em 2016. Como mostrou o Conex\u00e3o Pol\u00edtica, o Tribunal Regional Federal da 1\u00aa Regi\u00e3o (TRF1), em Bras\u00edlia, arquivou a a\u00e7\u00e3o por unanimidade (3 votos a 0).<\/p>\n\n\n\n<div class=\"wp-block-image\"><figure class=\"aligncenter size-large\"><img loading=\"lazy\" decoding=\"async\" width=\"300\" height=\"250\" src=\"https:\/\/jornalfatosenoticias.com.br\/wp-content\/uploads\/2020\/02\/Banner-2.png\" alt=\"\" class=\"wp-image-43787\"\/><\/figure><\/div>\n\n\n\n<p>A decis\u00e3o tamb\u00e9m beneficia aliados do PT, como o ex-ministro da Fazenda Guido Mantega, o ex-presidente do Banco do Brasil Aldemir Bendine, o ex-secret\u00e1rio do Tesouro Arno Augustin e o ex-presidente do BNDES Luciano Coutinho. Inicialmente, Dilma e seus auxiliares foram acusados pelo Minist\u00e9rio P\u00fablico Federal por uso de bancos p\u00fablicos para \u201cmaquiar o resultado fiscal\u201d, atrasando o repasse de valores \u00e0s institui\u00e7\u00f5es por parte da Uni\u00e3o. Agora, com o arquivamento, o clima \u00e9 de comemora\u00e7\u00e3o.<\/p>\n\n\n\n<div class=\"wp-block-image\"><figure class=\"aligncenter size-large is-resized\"><img loading=\"lazy\" decoding=\"async\" src=\"https:\/\/jornalfatosenoticias.com.br\/wp-content\/uploads\/2023\/03\/nova-logo-Marquetti.jpg\" alt=\"\" class=\"wp-image-40207\" width=\"302\" height=\"203\" srcset=\"https:\/\/jornalfatosenoticias.com.br\/wp-content\/uploads\/2023\/03\/nova-logo-Marquetti.jpg 643w, https:\/\/jornalfatosenoticias.com.br\/wp-content\/uploads\/2023\/03\/nova-logo-Marquetti-300x202.jpg 300w\" sizes=\"auto, (max-width: 302px) 100vw, 302px\" \/><\/figure><\/div>\n\n\n\n<p><strong><span class=\"has-inline-color has-vivid-red-color\">Repercuss\u00e3o<br><\/span><\/strong>\u201cNossa presidenta (sic) Dilma Rousseff foi inocentada no caso das pedaladas fiscais pelo TRF1. \u00c9 a justi\u00e7a sendo feita com uma mulher honesta e honrada v\u00edtima da misoginia e da arbitrariedade\u201d, escreveu a presidente nacional do PT, Gleisi Hoffmann, que era ministra de Dilma na \u00e9poca do impeachment.<\/p>\n\n\n\n<p>\u201cFoi golpe. Dilma foi inocentada das pedaladas fiscais que levou ao impeachment de 2016. A presidenta e seu governo est\u00e3o livres de puni\u00e7\u00f5es e foi feito (sic) justi\u00e7a! E n\u00f3s est\u00e1vamos no lado certo da hist\u00f3ria!\u201d, comemorou o perfil oficial do PT.<\/p>\n\n\n\n<div class=\"wp-block-image\"><figure class=\"aligncenter size-large is-resized\"><img loading=\"lazy\" decoding=\"async\" src=\"https:\/\/jornalfatosenoticias.com.br\/wp-content\/uploads\/2023\/08\/ith.jpg\" alt=\"\" class=\"wp-image-44524\" width=\"328\" height=\"266\"\/><\/figure><\/div>\n\n\n\n<p>\u201cDecis\u00e3o p\u00f5e fim ao golpe que h\u00e1 sete anos derrubou um governo eleito pelo povo por meio de uma manobra criminosa e cercada de fatos forjados\u201d, escreveu o deputado federal Rui Falc\u00e3o (PT-SP), que presidia o PT \u00e0 \u00e9poca do impeachment. <strong>(Fonte: Conex\u00e3o Pol\u00edtica)<\/strong><\/p>\n\n\n\n<hr class=\"wp-block-separator\"\/>\n\n\n\n<p><span class=\"has-inline-color has-black-color\"><strong>Confian\u00e7a dos brasileiros nas For\u00e7as Armadas cai em 2023, diz pesquisa Quaest<br><\/strong><em>N\u00famero dos que dizem \u201cconfiar muito\u201d nas For\u00e7as Armadas foi de 61%, em dezembro de 2022, para 40% em agosto<br>Por Raul Holderf Nascimento<\/em><\/span><\/p>\n\n\n\n<div class=\"wp-block-image\"><figure class=\"aligncenter size-large\"><img loading=\"lazy\" decoding=\"async\" width=\"1000\" height=\"664\" src=\"https:\/\/jornalfatosenoticias.com.br\/wp-content\/uploads\/2023\/08\/credibilidade-forcas-armadas.jpg\" alt=\"\" class=\"wp-image-44522\" srcset=\"https:\/\/jornalfatosenoticias.com.br\/wp-content\/uploads\/2023\/08\/credibilidade-forcas-armadas.jpg 1000w, https:\/\/jornalfatosenoticias.com.br\/wp-content\/uploads\/2023\/08\/credibilidade-forcas-armadas-300x199.jpg 300w, https:\/\/jornalfatosenoticias.com.br\/wp-content\/uploads\/2023\/08\/credibilidade-forcas-armadas-768x510.jpg 768w\" sizes=\"auto, (max-width: 1000px) 100vw, 1000px\" \/><figcaption><em><span class=\"has-inline-color has-black-color\">(Foto: Ricardo Stuckert) <\/span><\/em><\/figcaption><\/figure><\/div>\n\n\n\n<p>A confian\u00e7a dos brasileiros nas For\u00e7as Armadas registrou queda desde o fim do ano passado. \u00c9 o que mostra o novo levantamento da Genial\/Quaest. Em dezembro de 2023, conforme os n\u00fameros, 43% dos entrevistados diziam \u201cconfiar muito\u201d nas For\u00e7as Armadas. Esse \u00edndice teve queda de 10 pontos percentuais e chegou a 33% em agosto deste ano.<\/p>\n\n\n\n<div class=\"wp-block-image\"><figure class=\"aligncenter size-large\"><img decoding=\"async\" src=\"https:\/\/jornalfatosenoticias.com.br\/wp-content\/uploads\/2020\/02\/barao-das-carnes-300x164-1.jpg\" alt=\"\" class=\"wp-image-34339\"\/><\/figure><\/div>\n\n\n\n<p>J\u00e1 os entrevistados que diziam \u201cconfiar pouco\u201d nas institui\u00e7\u00f5es eram 36% em dezembro. Agora, o percentual subiu para 23% neste m\u00eas. Por outro lado, os participantes que responderam que n\u00e3o confiam nas For\u00e7as Armadas passaram de 18% para 23%.<br>Ao segmentar os n\u00fameros, a pesquisa mostra que a maior parte queda confian\u00e7a partiu da ala que votou em Jair Bolsonaro no segundo turno de 2022. <\/p>\n\n\n\n<div class=\"wp-block-image\"><figure class=\"aligncenter size-large is-resized\"><img loading=\"lazy\" decoding=\"async\" src=\"https:\/\/jornalfatosenoticias.com.br\/wp-content\/uploads\/2023\/03\/logo-Panper_portal.jpg\" alt=\"\" class=\"wp-image-40208\" width=\"323\" height=\"224\" srcset=\"https:\/\/jornalfatosenoticias.com.br\/wp-content\/uploads\/2023\/03\/logo-Panper_portal.jpg 400w, https:\/\/jornalfatosenoticias.com.br\/wp-content\/uploads\/2023\/03\/logo-Panper_portal-300x208.jpg 300w\" sizes=\"auto, (max-width: 323px) 100vw, 323px\" \/><\/figure><\/div>\n\n\n\n<p>Anteriormente, 61% pessoas desse grupo \u201cconfiavam muito\u201d nas For\u00e7as Armadas; o n\u00famero agora \u00e9 de 40%. A parcela entre os que \u201cconfiam pouco\u201d foi de 31% para 38%. Os que \u201cn\u00e3o confiam\u201d passaram de 7% para 20%.<br>J\u00e1 entre os eleitores de Luiz In\u00e1cio Lula da Silva, a porcentagem se manteve est\u00e1vel entre dezembro e agosto. A maior parte (43%) diz \u201cconfiar pouco\u201d nos militares. <strong>(Fonte: Conex\u00e3o Pol\u00edtica)<\/strong><\/p>\n\n\n\n<div class=\"wp-block-image\"><figure class=\"aligncenter size-large is-resized\"><img loading=\"lazy\" decoding=\"async\" src=\"https:\/\/jornalfatosenoticias.com.br\/wp-content\/uploads\/2023\/08\/BKR-1024x1021.jpg\" alt=\"\" class=\"wp-image-44494\" width=\"327\" height=\"326\" srcset=\"https:\/\/jornalfatosenoticias.com.br\/wp-content\/uploads\/2023\/08\/BKR-1024x1021.jpg 1024w, https:\/\/jornalfatosenoticias.com.br\/wp-content\/uploads\/2023\/08\/BKR-300x300.jpg 300w, https:\/\/jornalfatosenoticias.com.br\/wp-content\/uploads\/2023\/08\/BKR-150x150.jpg 150w, https:\/\/jornalfatosenoticias.com.br\/wp-content\/uploads\/2023\/08\/BKR-768x766.jpg 768w, https:\/\/jornalfatosenoticias.com.br\/wp-content\/uploads\/2023\/08\/BKR.jpg 1080w\" sizes=\"auto, (max-width: 327px) 100vw, 327px\" \/><\/figure><\/div>\n\n\n\n<p><br><\/p>\n","protected":false},"excerpt":{"rendered":"<p>O foco \u00e9 que Paulo S\u00e9rgio Nogueira fale sobre as cinco visitas que o hacker afirma ter feito ao Minist\u00e9rio da Defesa para tratar das urnas eletr\u00f4nicas. A pasta afirma n\u00e3o ter registros da entrada e o advogado informou que seu cliente entrou no pr\u00e9dio pelos fundos.Delgatti diz ainda que um dos encontros teria sido [&hellip;]<\/p>\n","protected":false},"author":3,"featured_media":44525,"comment_status":"open","ping_status":"open","sticky":false,"template":"","format":"standard","meta":{"footnotes":""},"categories":[10],"tags":[2210,1211,13991,7580,1241,20971,115,20380,13186,899],"class_list":["post-44516","post","type-post","status-publish","format-standard","has-post-thumbnail","hentry","category-politica","tag-brasileiros","tag-confianca","tag-dilma-rousseff","tag-lula","tag-militares","tag-pedaladas-fiscais","tag-pesquisa","tag-popularidade","tag-pt","tag-queda"],"yoast_head":"<!-- This site is optimized with the Yoast SEO plugin v26.5 - https:\/\/yoast.com\/wordpress\/plugins\/seo\/ -->\n<title>A Semana em Bras\u00edlia e no ES \u2014 Outro general poder\u00e1 ser desmoralizado em pra\u00e7a p\u00fablica - Jornal Fatos e Not\u00edcias<\/title>\n<meta name=\"robots\" content=\"index, follow, max-snippet:-1, max-image-preview:large, max-video-preview:-1\" \/>\n<link rel=\"canonical\" href=\"https:\/\/jornalfatosenoticias.com.br\/index.php\/2023\/08\/24\/a-semana-em-brasilia-e-no-es-outro-general-podera-ser-desmoralizado-em-praca-publica\/\" \/>\n<meta property=\"og:locale\" content=\"pt_BR\" \/>\n<meta property=\"og:type\" content=\"article\" \/>\n<meta property=\"og:title\" content=\"A Semana em Bras\u00edlia e no ES \u2014 Outro general poder\u00e1 ser desmoralizado em pra\u00e7a p\u00fablica - Jornal Fatos e Not\u00edcias\" \/>\n<meta property=\"og:description\" content=\"O foco \u00e9 que Paulo S\u00e9rgio Nogueira fale sobre as cinco visitas que o hacker afirma ter feito ao Minist\u00e9rio da Defesa para tratar das urnas eletr\u00f4nicas. A pasta afirma n\u00e3o ter registros da entrada e o advogado informou que seu cliente entrou no pr\u00e9dio pelos fundos.Delgatti diz ainda que um dos encontros teria sido [&hellip;]\" \/>\n<meta property=\"og:url\" content=\"https:\/\/jornalfatosenoticias.com.br\/index.php\/2023\/08\/24\/a-semana-em-brasilia-e-no-es-outro-general-podera-ser-desmoralizado-em-praca-publica\/\" \/>\n<meta property=\"og:site_name\" content=\"Jornal Fatos e Not\u00edcias\" \/>\n<meta property=\"article:published_time\" content=\"2023-08-24T17:02:17+00:00\" \/>\n<meta property=\"og:image\" content=\"https:\/\/jornalfatosenoticias.com.br\/wp-content\/uploads\/2023\/08\/gen.-paulo-sergio.jpg\" \/>\n\t<meta property=\"og:image:width\" content=\"714\" \/>\n\t<meta property=\"og:image:height\" content=\"429\" \/>\n\t<meta property=\"og:image:type\" content=\"image\/jpeg\" \/>\n<meta name=\"author\" content=\"Haroldo Filho\" \/>\n<meta name=\"twitter:card\" content=\"summary_large_image\" \/>\n<meta name=\"twitter:label1\" content=\"Escrito por\" \/>\n\t<meta name=\"twitter:data1\" content=\"Haroldo Filho\" \/>\n\t<meta name=\"twitter:label2\" content=\"Est. tempo de leitura\" \/>\n\t<meta name=\"twitter:data2\" content=\"9 minutos\" \/>\n<script type=\"application\/ld+json\" class=\"yoast-schema-graph\">{\"@context\":\"https:\/\/schema.org\",\"@graph\":[{\"@type\":\"Article\",\"@id\":\"https:\/\/jornalfatosenoticias.com.br\/index.php\/2023\/08\/24\/a-semana-em-brasilia-e-no-es-outro-general-podera-ser-desmoralizado-em-praca-publica\/#article\",\"isPartOf\":{\"@id\":\"https:\/\/jornalfatosenoticias.com.br\/index.php\/2023\/08\/24\/a-semana-em-brasilia-e-no-es-outro-general-podera-ser-desmoralizado-em-praca-publica\/\"},\"author\":{\"name\":\"Haroldo Filho\",\"@id\":\"https:\/\/jornalfatosenoticias.com.br\/#\/schema\/person\/05c46cc25b42a5c27e004fb0fa6b4965\"},\"headline\":\"A Semana em Bras\u00edlia e no ES \u2014 Outro general poder\u00e1 ser desmoralizado em pra\u00e7a p\u00fablica\",\"datePublished\":\"2023-08-24T17:02:17+00:00\",\"mainEntityOfPage\":{\"@id\":\"https:\/\/jornalfatosenoticias.com.br\/index.php\/2023\/08\/24\/a-semana-em-brasilia-e-no-es-outro-general-podera-ser-desmoralizado-em-praca-publica\/\"},\"wordCount\":1884,\"commentCount\":0,\"publisher\":{\"@id\":\"https:\/\/jornalfatosenoticias.com.br\/#organization\"},\"image\":{\"@id\":\"https:\/\/jornalfatosenoticias.com.br\/index.php\/2023\/08\/24\/a-semana-em-brasilia-e-no-es-outro-general-podera-ser-desmoralizado-em-praca-publica\/#primaryimage\"},\"thumbnailUrl\":\"https:\/\/jornalfatosenoticias.com.br\/wp-content\/uploads\/2023\/08\/gen.-paulo-sergio.jpg\",\"keywords\":[\"brasileiros\",\"confian\u00e7a\",\"Dilma Rousseff\",\"Lula\",\"militares\",\"pedaladas fiscais\",\"pesquisa\",\"popularidade\",\"PT\",\"queda\"],\"articleSection\":[\"Pol\u00edtica\"],\"inLanguage\":\"pt-BR\",\"potentialAction\":[{\"@type\":\"CommentAction\",\"name\":\"Comment\",\"target\":[\"https:\/\/jornalfatosenoticias.com.br\/index.php\/2023\/08\/24\/a-semana-em-brasilia-e-no-es-outro-general-podera-ser-desmoralizado-em-praca-publica\/#respond\"]}]},{\"@type\":\"WebPage\",\"@id\":\"https:\/\/jornalfatosenoticias.com.br\/index.php\/2023\/08\/24\/a-semana-em-brasilia-e-no-es-outro-general-podera-ser-desmoralizado-em-praca-publica\/\",\"url\":\"https:\/\/jornalfatosenoticias.com.br\/index.php\/2023\/08\/24\/a-semana-em-brasilia-e-no-es-outro-general-podera-ser-desmoralizado-em-praca-publica\/\",\"name\":\"A Semana em Bras\u00edlia e no ES \u2014 Outro general poder\u00e1 ser desmoralizado em pra\u00e7a p\u00fablica - Jornal Fatos e Not\u00edcias\",\"isPartOf\":{\"@id\":\"https:\/\/jornalfatosenoticias.com.br\/#website\"},\"primaryImageOfPage\":{\"@id\":\"https:\/\/jornalfatosenoticias.com.br\/index.php\/2023\/08\/24\/a-semana-em-brasilia-e-no-es-outro-general-podera-ser-desmoralizado-em-praca-publica\/#primaryimage\"},\"image\":{\"@id\":\"https:\/\/jornalfatosenoticias.com.br\/index.php\/2023\/08\/24\/a-semana-em-brasilia-e-no-es-outro-general-podera-ser-desmoralizado-em-praca-publica\/#primaryimage\"},\"thumbnailUrl\":\"https:\/\/jornalfatosenoticias.com.br\/wp-content\/uploads\/2023\/08\/gen.-paulo-sergio.jpg\",\"datePublished\":\"2023-08-24T17:02:17+00:00\",\"breadcrumb\":{\"@id\":\"https:\/\/jornalfatosenoticias.com.br\/index.php\/2023\/08\/24\/a-semana-em-brasilia-e-no-es-outro-general-podera-ser-desmoralizado-em-praca-publica\/#breadcrumb\"},\"inLanguage\":\"pt-BR\",\"potentialAction\":[{\"@type\":\"ReadAction\",\"target\":[\"https:\/\/jornalfatosenoticias.com.br\/index.php\/2023\/08\/24\/a-semana-em-brasilia-e-no-es-outro-general-podera-ser-desmoralizado-em-praca-publica\/\"]}]},{\"@type\":\"ImageObject\",\"inLanguage\":\"pt-BR\",\"@id\":\"https:\/\/jornalfatosenoticias.com.br\/index.php\/2023\/08\/24\/a-semana-em-brasilia-e-no-es-outro-general-podera-ser-desmoralizado-em-praca-publica\/#primaryimage\",\"url\":\"https:\/\/jornalfatosenoticias.com.br\/wp-content\/uploads\/2023\/08\/gen.-paulo-sergio.jpg\",\"contentUrl\":\"https:\/\/jornalfatosenoticias.com.br\/wp-content\/uploads\/2023\/08\/gen.-paulo-sergio.jpg\",\"width\":714,\"height\":429},{\"@type\":\"BreadcrumbList\",\"@id\":\"https:\/\/jornalfatosenoticias.com.br\/index.php\/2023\/08\/24\/a-semana-em-brasilia-e-no-es-outro-general-podera-ser-desmoralizado-em-praca-publica\/#breadcrumb\",\"itemListElement\":[{\"@type\":\"ListItem\",\"position\":1,\"name\":\"In\u00edcio\",\"item\":\"https:\/\/jornalfatosenoticias.com.br\/\"},{\"@type\":\"ListItem\",\"position\":2,\"name\":\"A Semana em Bras\u00edlia e no ES \u2014 Outro general poder\u00e1 ser desmoralizado em pra\u00e7a p\u00fablica\"}]},{\"@type\":\"WebSite\",\"@id\":\"https:\/\/jornalfatosenoticias.com.br\/#website\",\"url\":\"https:\/\/jornalfatosenoticias.com.br\/\",\"name\":\"Jornal Fatos e Not\u00edcias\",\"description\":\"Not\u00edcias em geral\",\"publisher\":{\"@id\":\"https:\/\/jornalfatosenoticias.com.br\/#organization\"},\"potentialAction\":[{\"@type\":\"SearchAction\",\"target\":{\"@type\":\"EntryPoint\",\"urlTemplate\":\"https:\/\/jornalfatosenoticias.com.br\/?s={search_term_string}\"},\"query-input\":{\"@type\":\"PropertyValueSpecification\",\"valueRequired\":true,\"valueName\":\"search_term_string\"}}],\"inLanguage\":\"pt-BR\"},{\"@type\":\"Organization\",\"@id\":\"https:\/\/jornalfatosenoticias.com.br\/#organization\",\"name\":\"Jornal Fatos e Not\u00edcias\",\"url\":\"https:\/\/jornalfatosenoticias.com.br\/\",\"logo\":{\"@type\":\"ImageObject\",\"inLanguage\":\"pt-BR\",\"@id\":\"https:\/\/jornalfatosenoticias.com.br\/#\/schema\/logo\/image\/\",\"url\":\"https:\/\/jornalfatosenoticias.com.br\/wp-content\/uploads\/2020\/02\/logo120.png\",\"contentUrl\":\"https:\/\/jornalfatosenoticias.com.br\/wp-content\/uploads\/2020\/02\/logo120.png\",\"width\":1227,\"height\":120,\"caption\":\"Jornal Fatos e Not\u00edcias\"},\"image\":{\"@id\":\"https:\/\/jornalfatosenoticias.com.br\/#\/schema\/logo\/image\/\"}},{\"@type\":\"Person\",\"@id\":\"https:\/\/jornalfatosenoticias.com.br\/#\/schema\/person\/05c46cc25b42a5c27e004fb0fa6b4965\",\"name\":\"Haroldo Filho\",\"image\":{\"@type\":\"ImageObject\",\"inLanguage\":\"pt-BR\",\"@id\":\"https:\/\/jornalfatosenoticias.com.br\/#\/schema\/person\/image\/\",\"url\":\"https:\/\/jornalfatosenoticias.com.br\/wp-content\/uploads\/2025\/08\/WhatsApp-Image-2025-08-18-at-15.30.28-150x150.jpeg\",\"contentUrl\":\"https:\/\/jornalfatosenoticias.com.br\/wp-content\/uploads\/2025\/08\/WhatsApp-Image-2025-08-18-at-15.30.28-150x150.jpeg\",\"caption\":\"Haroldo Filho\"},\"description\":\"Jornalista \u2013 DRT: 0003818\/ES Coordenador-geral da ONG Educar para Crescer\",\"url\":\"https:\/\/jornalfatosenoticias.com.br\/index.php\/author\/haroldo\/\"}]}<\/script>\n<!-- \/ Yoast SEO plugin. -->","yoast_head_json":{"title":"A Semana em Bras\u00edlia e no ES \u2014 Outro general poder\u00e1 ser desmoralizado em pra\u00e7a p\u00fablica - Jornal Fatos e Not\u00edcias","robots":{"index":"index","follow":"follow","max-snippet":"max-snippet:-1","max-image-preview":"max-image-preview:large","max-video-preview":"max-video-preview:-1"},"canonical":"https:\/\/jornalfatosenoticias.com.br\/index.php\/2023\/08\/24\/a-semana-em-brasilia-e-no-es-outro-general-podera-ser-desmoralizado-em-praca-publica\/","og_locale":"pt_BR","og_type":"article","og_title":"A Semana em Bras\u00edlia e no ES \u2014 Outro general poder\u00e1 ser desmoralizado em pra\u00e7a p\u00fablica - Jornal Fatos e Not\u00edcias","og_description":"O foco \u00e9 que Paulo S\u00e9rgio Nogueira fale sobre as cinco visitas que o hacker afirma ter feito ao Minist\u00e9rio da Defesa para tratar das urnas eletr\u00f4nicas. A pasta afirma n\u00e3o ter registros da entrada e o advogado informou que seu cliente entrou no pr\u00e9dio pelos fundos.Delgatti diz ainda que um dos encontros teria sido [&hellip;]","og_url":"https:\/\/jornalfatosenoticias.com.br\/index.php\/2023\/08\/24\/a-semana-em-brasilia-e-no-es-outro-general-podera-ser-desmoralizado-em-praca-publica\/","og_site_name":"Jornal Fatos e Not\u00edcias","article_published_time":"2023-08-24T17:02:17+00:00","og_image":[{"width":714,"height":429,"url":"https:\/\/jornalfatosenoticias.com.br\/wp-content\/uploads\/2023\/08\/gen.-paulo-sergio.jpg","type":"image\/jpeg"}],"author":"Haroldo Filho","twitter_card":"summary_large_image","twitter_misc":{"Escrito por":"Haroldo Filho","Est. tempo de leitura":"9 minutos"},"schema":{"@context":"https:\/\/schema.org","@graph":[{"@type":"Article","@id":"https:\/\/jornalfatosenoticias.com.br\/index.php\/2023\/08\/24\/a-semana-em-brasilia-e-no-es-outro-general-podera-ser-desmoralizado-em-praca-publica\/#article","isPartOf":{"@id":"https:\/\/jornalfatosenoticias.com.br\/index.php\/2023\/08\/24\/a-semana-em-brasilia-e-no-es-outro-general-podera-ser-desmoralizado-em-praca-publica\/"},"author":{"name":"Haroldo Filho","@id":"https:\/\/jornalfatosenoticias.com.br\/#\/schema\/person\/05c46cc25b42a5c27e004fb0fa6b4965"},"headline":"A Semana em Bras\u00edlia e no ES \u2014 Outro general poder\u00e1 ser desmoralizado em pra\u00e7a p\u00fablica","datePublished":"2023-08-24T17:02:17+00:00","mainEntityOfPage":{"@id":"https:\/\/jornalfatosenoticias.com.br\/index.php\/2023\/08\/24\/a-semana-em-brasilia-e-no-es-outro-general-podera-ser-desmoralizado-em-praca-publica\/"},"wordCount":1884,"commentCount":0,"publisher":{"@id":"https:\/\/jornalfatosenoticias.com.br\/#organization"},"image":{"@id":"https:\/\/jornalfatosenoticias.com.br\/index.php\/2023\/08\/24\/a-semana-em-brasilia-e-no-es-outro-general-podera-ser-desmoralizado-em-praca-publica\/#primaryimage"},"thumbnailUrl":"https:\/\/jornalfatosenoticias.com.br\/wp-content\/uploads\/2023\/08\/gen.-paulo-sergio.jpg","keywords":["brasileiros","confian\u00e7a","Dilma Rousseff","Lula","militares","pedaladas fiscais","pesquisa","popularidade","PT","queda"],"articleSection":["Pol\u00edtica"],"inLanguage":"pt-BR","potentialAction":[{"@type":"CommentAction","name":"Comment","target":["https:\/\/jornalfatosenoticias.com.br\/index.php\/2023\/08\/24\/a-semana-em-brasilia-e-no-es-outro-general-podera-ser-desmoralizado-em-praca-publica\/#respond"]}]},{"@type":"WebPage","@id":"https:\/\/jornalfatosenoticias.com.br\/index.php\/2023\/08\/24\/a-semana-em-brasilia-e-no-es-outro-general-podera-ser-desmoralizado-em-praca-publica\/","url":"https:\/\/jornalfatosenoticias.com.br\/index.php\/2023\/08\/24\/a-semana-em-brasilia-e-no-es-outro-general-podera-ser-desmoralizado-em-praca-publica\/","name":"A Semana em Bras\u00edlia e no ES \u2014 Outro general poder\u00e1 ser desmoralizado em pra\u00e7a p\u00fablica - Jornal Fatos e Not\u00edcias","isPartOf":{"@id":"https:\/\/jornalfatosenoticias.com.br\/#website"},"primaryImageOfPage":{"@id":"https:\/\/jornalfatosenoticias.com.br\/index.php\/2023\/08\/24\/a-semana-em-brasilia-e-no-es-outro-general-podera-ser-desmoralizado-em-praca-publica\/#primaryimage"},"image":{"@id":"https:\/\/jornalfatosenoticias.com.br\/index.php\/2023\/08\/24\/a-semana-em-brasilia-e-no-es-outro-general-podera-ser-desmoralizado-em-praca-publica\/#primaryimage"},"thumbnailUrl":"https:\/\/jornalfatosenoticias.com.br\/wp-content\/uploads\/2023\/08\/gen.-paulo-sergio.jpg","datePublished":"2023-08-24T17:02:17+00:00","breadcrumb":{"@id":"https:\/\/jornalfatosenoticias.com.br\/index.php\/2023\/08\/24\/a-semana-em-brasilia-e-no-es-outro-general-podera-ser-desmoralizado-em-praca-publica\/#breadcrumb"},"inLanguage":"pt-BR","potentialAction":[{"@type":"ReadAction","target":["https:\/\/jornalfatosenoticias.com.br\/index.php\/2023\/08\/24\/a-semana-em-brasilia-e-no-es-outro-general-podera-ser-desmoralizado-em-praca-publica\/"]}]},{"@type":"ImageObject","inLanguage":"pt-BR","@id":"https:\/\/jornalfatosenoticias.com.br\/index.php\/2023\/08\/24\/a-semana-em-brasilia-e-no-es-outro-general-podera-ser-desmoralizado-em-praca-publica\/#primaryimage","url":"https:\/\/jornalfatosenoticias.com.br\/wp-content\/uploads\/2023\/08\/gen.-paulo-sergio.jpg","contentUrl":"https:\/\/jornalfatosenoticias.com.br\/wp-content\/uploads\/2023\/08\/gen.-paulo-sergio.jpg","width":714,"height":429},{"@type":"BreadcrumbList","@id":"https:\/\/jornalfatosenoticias.com.br\/index.php\/2023\/08\/24\/a-semana-em-brasilia-e-no-es-outro-general-podera-ser-desmoralizado-em-praca-publica\/#breadcrumb","itemListElement":[{"@type":"ListItem","position":1,"name":"In\u00edcio","item":"https:\/\/jornalfatosenoticias.com.br\/"},{"@type":"ListItem","position":2,"name":"A Semana em Bras\u00edlia e no ES \u2014 Outro general poder\u00e1 ser desmoralizado em pra\u00e7a p\u00fablica"}]},{"@type":"WebSite","@id":"https:\/\/jornalfatosenoticias.com.br\/#website","url":"https:\/\/jornalfatosenoticias.com.br\/","name":"Jornal Fatos e Not\u00edcias","description":"Not\u00edcias em geral","publisher":{"@id":"https:\/\/jornalfatosenoticias.com.br\/#organization"},"potentialAction":[{"@type":"SearchAction","target":{"@type":"EntryPoint","urlTemplate":"https:\/\/jornalfatosenoticias.com.br\/?s={search_term_string}"},"query-input":{"@type":"PropertyValueSpecification","valueRequired":true,"valueName":"search_term_string"}}],"inLanguage":"pt-BR"},{"@type":"Organization","@id":"https:\/\/jornalfatosenoticias.com.br\/#organization","name":"Jornal Fatos e Not\u00edcias","url":"https:\/\/jornalfatosenoticias.com.br\/","logo":{"@type":"ImageObject","inLanguage":"pt-BR","@id":"https:\/\/jornalfatosenoticias.com.br\/#\/schema\/logo\/image\/","url":"https:\/\/jornalfatosenoticias.com.br\/wp-content\/uploads\/2020\/02\/logo120.png","contentUrl":"https:\/\/jornalfatosenoticias.com.br\/wp-content\/uploads\/2020\/02\/logo120.png","width":1227,"height":120,"caption":"Jornal Fatos e Not\u00edcias"},"image":{"@id":"https:\/\/jornalfatosenoticias.com.br\/#\/schema\/logo\/image\/"}},{"@type":"Person","@id":"https:\/\/jornalfatosenoticias.com.br\/#\/schema\/person\/05c46cc25b42a5c27e004fb0fa6b4965","name":"Haroldo Filho","image":{"@type":"ImageObject","inLanguage":"pt-BR","@id":"https:\/\/jornalfatosenoticias.com.br\/#\/schema\/person\/image\/","url":"https:\/\/jornalfatosenoticias.com.br\/wp-content\/uploads\/2025\/08\/WhatsApp-Image-2025-08-18-at-15.30.28-150x150.jpeg","contentUrl":"https:\/\/jornalfatosenoticias.com.br\/wp-content\/uploads\/2025\/08\/WhatsApp-Image-2025-08-18-at-15.30.28-150x150.jpeg","caption":"Haroldo Filho"},"description":"Jornalista \u2013 DRT: 0003818\/ES Coordenador-geral da ONG Educar para Crescer","url":"https:\/\/jornalfatosenoticias.com.br\/index.php\/author\/haroldo\/"}]}},"cc_featured_image_caption":{"caption_text":"(Foto: Ag\u00eancia O Globo)","source_text":"","source_url":""},"jetpack_featured_media_url":"https:\/\/jornalfatosenoticias.com.br\/wp-content\/uploads\/2023\/08\/gen.-paulo-sergio.jpg","_links":{"self":[{"href":"https:\/\/jornalfatosenoticias.com.br\/index.php\/wp-json\/wp\/v2\/posts\/44516","targetHints":{"allow":["GET"]}}],"collection":[{"href":"https:\/\/jornalfatosenoticias.com.br\/index.php\/wp-json\/wp\/v2\/posts"}],"about":[{"href":"https:\/\/jornalfatosenoticias.com.br\/index.php\/wp-json\/wp\/v2\/types\/post"}],"author":[{"embeddable":true,"href":"https:\/\/jornalfatosenoticias.com.br\/index.php\/wp-json\/wp\/v2\/users\/3"}],"replies":[{"embeddable":true,"href":"https:\/\/jornalfatosenoticias.com.br\/index.php\/wp-json\/wp\/v2\/comments?post=44516"}],"version-history":[{"count":0,"href":"https:\/\/jornalfatosenoticias.com.br\/index.php\/wp-json\/wp\/v2\/posts\/44516\/revisions"}],"wp:featuredmedia":[{"embeddable":true,"href":"https:\/\/jornalfatosenoticias.com.br\/index.php\/wp-json\/wp\/v2\/media\/44525"}],"wp:attachment":[{"href":"https:\/\/jornalfatosenoticias.com.br\/index.php\/wp-json\/wp\/v2\/media?parent=44516"}],"wp:term":[{"taxonomy":"category","embeddable":true,"href":"https:\/\/jornalfatosenoticias.com.br\/index.php\/wp-json\/wp\/v2\/categories?post=44516"},{"taxonomy":"post_tag","embeddable":true,"href":"https:\/\/jornalfatosenoticias.com.br\/index.php\/wp-json\/wp\/v2\/tags?post=44516"}],"curies":[{"name":"wp","href":"https:\/\/api.w.org\/{rel}","templated":true}]}}