{"id":44547,"date":"2023-08-25T09:06:42","date_gmt":"2023-08-25T12:06:42","guid":{"rendered":"https:\/\/jornalfatosenoticias.com.br\/?p=44547"},"modified":"2023-08-25T09:06:43","modified_gmt":"2023-08-25T12:06:43","slug":"caes-sao-mais-sensiveis-a-vozes-femininas-diz-novo-estudo","status":"publish","type":"post","link":"https:\/\/jornalfatosenoticias.com.br\/index.php\/2023\/08\/25\/caes-sao-mais-sensiveis-a-vozes-femininas-diz-novo-estudo\/","title":{"rendered":"C\u00e3es s\u00e3o mais sens\u00edveis a vozes femininas, diz novo estudo"},"content":{"rendered":"\n<p><em><span class=\"has-inline-color has-black-color\">Por <strong><a href=\"https:\/\/gizmodo.uol.com.br\/author\/isabela-oliveira\/\">Isabela Oliveira<\/a><\/strong><\/span><\/em><\/p>\n\n\n\n<div class=\"wp-block-image\"><figure class=\"aligncenter size-large\"><img loading=\"lazy\" decoding=\"async\" width=\"1024\" height=\"111\" src=\"https:\/\/jornalfatosenoticias.com.br\/wp-content\/uploads\/2020\/02\/WhatsApp-Image-2022-09-23-at-12.09.18-1024x111.jpeg\" alt=\"\" class=\"wp-image-34527\" srcset=\"https:\/\/jornalfatosenoticias.com.br\/wp-content\/uploads\/2020\/02\/WhatsApp-Image-2022-09-23-at-12.09.18-1024x111.jpeg 1024w, https:\/\/jornalfatosenoticias.com.br\/wp-content\/uploads\/2020\/02\/WhatsApp-Image-2022-09-23-at-12.09.18-300x32.jpeg 300w, https:\/\/jornalfatosenoticias.com.br\/wp-content\/uploads\/2020\/02\/WhatsApp-Image-2022-09-23-at-12.09.18-768x83.jpeg 768w, https:\/\/jornalfatosenoticias.com.br\/wp-content\/uploads\/2020\/02\/WhatsApp-Image-2022-09-23-at-12.09.18.jpeg 1121w\" sizes=\"auto, (max-width: 1024px) 100vw, 1024px\" \/><\/figure><\/div>\n\n\n\n<p>Um novo estudo da <a href=\"https:\/\/www.nature.com\/articles\/s42003-023-05217-y\"><em>Communications Biology<\/em><\/a> mostrou que o c\u00e9rebro dos c\u00e3es demonstra mais sensibilidade ao ouvir a voz de mulheres. Al\u00e9m disso, eles tamb\u00e9m respondem melhor ao discurso dirigido diretamente a eles.<br>Pesquisadores do Departamento de Etologia da Universidade E\u00f6tv\u00f6s Lor\u00e1nd, na Hungria, descobriram semelhan\u00e7as entre c\u00e9rebros caninos e infantis durante o processamento da fala com pros\u00f3dia exagerada. Isso porque, para atrair e manter a aten\u00e7\u00e3o de indiv\u00edduos com compet\u00eancia lingu\u00edstica limitada (como beb\u00eas e animais), \u00e9 comum utilizarmos outras maneiras de falar, como a voz de beb\u00ea, por exemplo.<br>Medindo a atividade cerebral de <a href=\"https:\/\/gizmodo.uol.com.br\/tag\/caes\/\">c\u00e3es<\/a> de fam\u00edlia treinados, por meio de resson\u00e2ncia magn\u00e9tica funcional (fMRI), os estudiosos ouviram discursos para c\u00e3es, beb\u00eas e adultos gravados por 12 mulheres e 12 homens em situa\u00e7\u00f5es cotidianas.<\/p>\n\n\n\n<div class=\"wp-block-image\"><figure class=\"aligncenter size-large\"><img decoding=\"async\" src=\"https:\/\/jornalfatosenoticias.com.br\/wp-content\/uploads\/2020\/02\/logo_esteio.jpg\" alt=\"\" class=\"wp-image-1214\"\/><\/figure><\/div>\n\n\n\n<p>De acordo com os resultados, as regi\u00f5es auditivas do c\u00e9rebro dos c\u00e3es responderam mais \u00e0 fala dirigida a c\u00e3es e <a href=\"https:\/\/gizmodo.uol.com.br\/tag\/criancas\/\">crian\u00e7as<\/a>\u00a0do que \u00e0 fala dirigida a adultos. Ou seja, est\u00e3o sintonizados com a fala voltada a eles. A sensibilidade da fala dos c\u00e9rebros dos c\u00e3es tamb\u00e9m foi maior com mulheres, al\u00e9m de afetada pelo tom da voz e sua varia\u00e7\u00e3o. Saiba qual \u00e9 a\u00a0<a href=\"https:\/\/gizmodo.uol.com.br\/ciencia-pode-ter-descoberto-a-melhor-forma-de-chamar-um-gato\/\">melhor forma de chamar um gato<\/a>\u00a0com o\u00a0<strong>Giz Brasil<\/strong>.<\/p>\n\n\n\n<div class=\"wp-block-image\"><figure class=\"aligncenter size-large is-resized\"><img loading=\"lazy\" decoding=\"async\" src=\"https:\/\/jornalfatosenoticias.com.br\/wp-content\/uploads\/2023\/08\/BKR-1024x1021.jpg\" alt=\"\" class=\"wp-image-44494\" width=\"287\" height=\"286\" srcset=\"https:\/\/jornalfatosenoticias.com.br\/wp-content\/uploads\/2023\/08\/BKR-1024x1021.jpg 1024w, https:\/\/jornalfatosenoticias.com.br\/wp-content\/uploads\/2023\/08\/BKR-300x300.jpg 300w, https:\/\/jornalfatosenoticias.com.br\/wp-content\/uploads\/2023\/08\/BKR-150x150.jpg 150w, https:\/\/jornalfatosenoticias.com.br\/wp-content\/uploads\/2023\/08\/BKR-768x766.jpg 768w, https:\/\/jornalfatosenoticias.com.br\/wp-content\/uploads\/2023\/08\/BKR.jpg 1080w\" sizes=\"auto, (max-width: 287px) 100vw, 287px\" \/><\/figure><\/div>\n\n\n\n<p><strong><span class=\"has-inline-color has-black-color\">Por que c\u00e3es preferem vozes femininas?<br><\/span><\/strong>Segundo a coautora do estudo Anna Gergely, \u201co que torna este resultado particularmente interessante \u00e9 que nos c\u00e3es, ao contr\u00e1rio dos beb\u00eas, esta sensibilidade n\u00e3o pode ser explicada nem pela capacidade de resposta antiga a sinais espec\u00edficos, nem pela exposi\u00e7\u00e3o intrauterina \u00e0 voz das mulheres\u201d.<br>Ent\u00e3o, para ela, a descoberta pode servir como evid\u00eancia de \u201cuma prefer\u00eancia neural que os c\u00e3es desenvolveram durante sua domestica\u00e7\u00e3o\u201d. A coautora Anna G\u00e1bor ainda sugere que mulheres podem usar mais da pros\u00f3dia exagerada com os c\u00e3es.<\/p>\n\n\n\n<div class=\"wp-block-image\"><figure class=\"aligncenter size-large is-resized\"><img loading=\"lazy\" decoding=\"async\" src=\"https:\/\/jornalfatosenoticias.com.br\/wp-content\/uploads\/2023\/08\/VSM-Group.jpeg\" alt=\"\" class=\"wp-image-44364\" width=\"277\" height=\"277\"\/><\/figure><\/div>\n\n\n\n<blockquote class=\"wp-block-quote is-layout-flow wp-block-quote-is-layout-flow\"><p><span class=\"has-inline-color has-luminous-vivid-orange-color\">O aumento da sensibilidade dos c\u00e9rebros caninos \u00e0 fala canina falada especificamente por mulheres pode ser devido ao fato de que as mulheres falam mais frequentemente com c\u00e3es com pros\u00f3dia exagerada do que os homens\u201d, disse.<\/span><\/p><\/blockquote>\n\n\n\n<div class=\"wp-block-image\"><figure class=\"aligncenter size-large is-resized\"><img loading=\"lazy\" decoding=\"async\" src=\"https:\/\/jornalfatosenoticias.com.br\/wp-content\/uploads\/2023\/07\/lacremoda.jpg\" alt=\"\" class=\"wp-image-43706\" width=\"367\" height=\"205\" srcset=\"https:\/\/jornalfatosenoticias.com.br\/wp-content\/uploads\/2023\/07\/lacremoda.jpg 1024w, https:\/\/jornalfatosenoticias.com.br\/wp-content\/uploads\/2023\/07\/lacremoda-300x168.jpg 300w, https:\/\/jornalfatosenoticias.com.br\/wp-content\/uploads\/2023\/07\/lacremoda-768x431.jpg 768w\" sizes=\"auto, (max-width: 367px) 100vw, 367px\" \/><\/figure><\/div>\n\n\n\n<p><strong><em>Fonte: <a href=\"https:\/\/gizmodo.uol.com.br\/caes-sao-mais-sensiveis-a-vozes-femininas-diz-novo-estudo\/\">GizModo<\/a><\/em><\/strong><\/p>\n","protected":false},"excerpt":{"rendered":"<p>Por Isabela Oliveira Um novo estudo da Communications Biology mostrou que o c\u00e9rebro dos c\u00e3es demonstra mais sensibilidade ao ouvir a voz de mulheres. Al\u00e9m disso, eles tamb\u00e9m respondem melhor ao discurso dirigido diretamente a eles.Pesquisadores do Departamento de Etologia da Universidade E\u00f6tv\u00f6s Lor\u00e1nd, na Hungria, descobriram semelhan\u00e7as entre c\u00e9rebros caninos e infantis durante o [&hellip;]<\/p>\n","protected":false},"author":2,"featured_media":44548,"comment_status":"open","ping_status":"open","sticky":false,"template":"","format":"standard","meta":{"footnotes":""},"categories":[9710],"tags":[3072,754,387,1398],"class_list":["post-44547","post","type-post","status-publish","format-standard","has-post-thumbnail","hentry","category-pets","tag-cachorros","tag-caes","tag-mulheres","tag-voz"],"yoast_head":"<!-- This site is optimized with the Yoast SEO plugin v26.5 - https:\/\/yoast.com\/wordpress\/plugins\/seo\/ -->\n<title>C\u00e3es s\u00e3o mais sens\u00edveis a vozes femininas, diz novo estudo - Jornal Fatos e Not\u00edcias<\/title>\n<meta name=\"robots\" content=\"index, follow, max-snippet:-1, max-image-preview:large, max-video-preview:-1\" \/>\n<link rel=\"canonical\" href=\"https:\/\/jornalfatosenoticias.com.br\/index.php\/2023\/08\/25\/caes-sao-mais-sensiveis-a-vozes-femininas-diz-novo-estudo\/\" \/>\n<meta property=\"og:locale\" content=\"pt_BR\" \/>\n<meta property=\"og:type\" content=\"article\" \/>\n<meta property=\"og:title\" content=\"C\u00e3es s\u00e3o mais sens\u00edveis a vozes femininas, diz novo estudo - Jornal Fatos e Not\u00edcias\" \/>\n<meta property=\"og:description\" content=\"Por Isabela Oliveira Um novo estudo da Communications Biology mostrou que o c\u00e9rebro dos c\u00e3es demonstra mais sensibilidade ao ouvir a voz de mulheres. Al\u00e9m disso, eles tamb\u00e9m respondem melhor ao discurso dirigido diretamente a eles.Pesquisadores do Departamento de Etologia da Universidade E\u00f6tv\u00f6s Lor\u00e1nd, na Hungria, descobriram semelhan\u00e7as entre c\u00e9rebros caninos e infantis durante o [&hellip;]\" \/>\n<meta property=\"og:url\" content=\"https:\/\/jornalfatosenoticias.com.br\/index.php\/2023\/08\/25\/caes-sao-mais-sensiveis-a-vozes-femininas-diz-novo-estudo\/\" \/>\n<meta property=\"og:site_name\" content=\"Jornal Fatos e Not\u00edcias\" \/>\n<meta property=\"article:published_time\" content=\"2023-08-25T12:06:42+00:00\" \/>\n<meta property=\"article:modified_time\" content=\"2023-08-25T12:06:43+00:00\" \/>\n<meta property=\"og:image\" content=\"https:\/\/jornalfatosenoticias.com.br\/wp-content\/uploads\/2023\/08\/caes_istockphoto.jpg\" \/>\n\t<meta property=\"og:image:width\" content=\"612\" \/>\n\t<meta property=\"og:image:height\" content=\"408\" \/>\n\t<meta property=\"og:image:type\" content=\"image\/jpeg\" \/>\n<meta name=\"author\" content=\"Luzimara Fernandes\" \/>\n<meta name=\"twitter:card\" content=\"summary_large_image\" \/>\n<meta name=\"twitter:label1\" content=\"Escrito por\" \/>\n\t<meta name=\"twitter:data1\" content=\"Luzimara Fernandes\" \/>\n\t<meta name=\"twitter:label2\" content=\"Est. tempo de leitura\" \/>\n\t<meta name=\"twitter:data2\" content=\"2 minutos\" \/>\n<script type=\"application\/ld+json\" class=\"yoast-schema-graph\">{\"@context\":\"https:\/\/schema.org\",\"@graph\":[{\"@type\":\"Article\",\"@id\":\"https:\/\/jornalfatosenoticias.com.br\/index.php\/2023\/08\/25\/caes-sao-mais-sensiveis-a-vozes-femininas-diz-novo-estudo\/#article\",\"isPartOf\":{\"@id\":\"https:\/\/jornalfatosenoticias.com.br\/index.php\/2023\/08\/25\/caes-sao-mais-sensiveis-a-vozes-femininas-diz-novo-estudo\/\"},\"author\":{\"name\":\"Luzimara Fernandes\",\"@id\":\"https:\/\/jornalfatosenoticias.com.br\/#\/schema\/person\/d63837fa13ac8666eb9e74e0985d6f81\"},\"headline\":\"C\u00e3es s\u00e3o mais sens\u00edveis a vozes femininas, diz novo estudo\",\"datePublished\":\"2023-08-25T12:06:42+00:00\",\"dateModified\":\"2023-08-25T12:06:43+00:00\",\"mainEntityOfPage\":{\"@id\":\"https:\/\/jornalfatosenoticias.com.br\/index.php\/2023\/08\/25\/caes-sao-mais-sensiveis-a-vozes-femininas-diz-novo-estudo\/\"},\"wordCount\":385,\"commentCount\":0,\"publisher\":{\"@id\":\"https:\/\/jornalfatosenoticias.com.br\/#organization\"},\"image\":{\"@id\":\"https:\/\/jornalfatosenoticias.com.br\/index.php\/2023\/08\/25\/caes-sao-mais-sensiveis-a-vozes-femininas-diz-novo-estudo\/#primaryimage\"},\"thumbnailUrl\":\"https:\/\/jornalfatosenoticias.com.br\/wp-content\/uploads\/2023\/08\/caes_istockphoto.jpg\",\"keywords\":[\"cachorros\",\"c\u00e3es\",\"mulheres\",\"voz\"],\"articleSection\":[\"Pets\"],\"inLanguage\":\"pt-BR\",\"potentialAction\":[{\"@type\":\"CommentAction\",\"name\":\"Comment\",\"target\":[\"https:\/\/jornalfatosenoticias.com.br\/index.php\/2023\/08\/25\/caes-sao-mais-sensiveis-a-vozes-femininas-diz-novo-estudo\/#respond\"]}]},{\"@type\":\"WebPage\",\"@id\":\"https:\/\/jornalfatosenoticias.com.br\/index.php\/2023\/08\/25\/caes-sao-mais-sensiveis-a-vozes-femininas-diz-novo-estudo\/\",\"url\":\"https:\/\/jornalfatosenoticias.com.br\/index.php\/2023\/08\/25\/caes-sao-mais-sensiveis-a-vozes-femininas-diz-novo-estudo\/\",\"name\":\"C\u00e3es s\u00e3o mais sens\u00edveis a vozes femininas, diz novo estudo - Jornal Fatos e Not\u00edcias\",\"isPartOf\":{\"@id\":\"https:\/\/jornalfatosenoticias.com.br\/#website\"},\"primaryImageOfPage\":{\"@id\":\"https:\/\/jornalfatosenoticias.com.br\/index.php\/2023\/08\/25\/caes-sao-mais-sensiveis-a-vozes-femininas-diz-novo-estudo\/#primaryimage\"},\"image\":{\"@id\":\"https:\/\/jornalfatosenoticias.com.br\/index.php\/2023\/08\/25\/caes-sao-mais-sensiveis-a-vozes-femininas-diz-novo-estudo\/#primaryimage\"},\"thumbnailUrl\":\"https:\/\/jornalfatosenoticias.com.br\/wp-content\/uploads\/2023\/08\/caes_istockphoto.jpg\",\"datePublished\":\"2023-08-25T12:06:42+00:00\",\"dateModified\":\"2023-08-25T12:06:43+00:00\",\"breadcrumb\":{\"@id\":\"https:\/\/jornalfatosenoticias.com.br\/index.php\/2023\/08\/25\/caes-sao-mais-sensiveis-a-vozes-femininas-diz-novo-estudo\/#breadcrumb\"},\"inLanguage\":\"pt-BR\",\"potentialAction\":[{\"@type\":\"ReadAction\",\"target\":[\"https:\/\/jornalfatosenoticias.com.br\/index.php\/2023\/08\/25\/caes-sao-mais-sensiveis-a-vozes-femininas-diz-novo-estudo\/\"]}]},{\"@type\":\"ImageObject\",\"inLanguage\":\"pt-BR\",\"@id\":\"https:\/\/jornalfatosenoticias.com.br\/index.php\/2023\/08\/25\/caes-sao-mais-sensiveis-a-vozes-femininas-diz-novo-estudo\/#primaryimage\",\"url\":\"https:\/\/jornalfatosenoticias.com.br\/wp-content\/uploads\/2023\/08\/caes_istockphoto.jpg\",\"contentUrl\":\"https:\/\/jornalfatosenoticias.com.br\/wp-content\/uploads\/2023\/08\/caes_istockphoto.jpg\",\"width\":612,\"height\":408,\"caption\":\"Beautiful young woman keeping eyes closed and smiling while embracing her dog outdoors\"},{\"@type\":\"BreadcrumbList\",\"@id\":\"https:\/\/jornalfatosenoticias.com.br\/index.php\/2023\/08\/25\/caes-sao-mais-sensiveis-a-vozes-femininas-diz-novo-estudo\/#breadcrumb\",\"itemListElement\":[{\"@type\":\"ListItem\",\"position\":1,\"name\":\"In\u00edcio\",\"item\":\"https:\/\/jornalfatosenoticias.com.br\/\"},{\"@type\":\"ListItem\",\"position\":2,\"name\":\"C\u00e3es s\u00e3o mais sens\u00edveis a vozes femininas, diz novo estudo\"}]},{\"@type\":\"WebSite\",\"@id\":\"https:\/\/jornalfatosenoticias.com.br\/#website\",\"url\":\"https:\/\/jornalfatosenoticias.com.br\/\",\"name\":\"Jornal Fatos e Not\u00edcias\",\"description\":\"Not\u00edcias em geral\",\"publisher\":{\"@id\":\"https:\/\/jornalfatosenoticias.com.br\/#organization\"},\"potentialAction\":[{\"@type\":\"SearchAction\",\"target\":{\"@type\":\"EntryPoint\",\"urlTemplate\":\"https:\/\/jornalfatosenoticias.com.br\/?s={search_term_string}\"},\"query-input\":{\"@type\":\"PropertyValueSpecification\",\"valueRequired\":true,\"valueName\":\"search_term_string\"}}],\"inLanguage\":\"pt-BR\"},{\"@type\":\"Organization\",\"@id\":\"https:\/\/jornalfatosenoticias.com.br\/#organization\",\"name\":\"Jornal Fatos e Not\u00edcias\",\"url\":\"https:\/\/jornalfatosenoticias.com.br\/\",\"logo\":{\"@type\":\"ImageObject\",\"inLanguage\":\"pt-BR\",\"@id\":\"https:\/\/jornalfatosenoticias.com.br\/#\/schema\/logo\/image\/\",\"url\":\"https:\/\/jornalfatosenoticias.com.br\/wp-content\/uploads\/2020\/02\/logo120.png\",\"contentUrl\":\"https:\/\/jornalfatosenoticias.com.br\/wp-content\/uploads\/2020\/02\/logo120.png\",\"width\":1227,\"height\":120,\"caption\":\"Jornal Fatos e Not\u00edcias\"},\"image\":{\"@id\":\"https:\/\/jornalfatosenoticias.com.br\/#\/schema\/logo\/image\/\"}},{\"@type\":\"Person\",\"@id\":\"https:\/\/jornalfatosenoticias.com.br\/#\/schema\/person\/d63837fa13ac8666eb9e74e0985d6f81\",\"name\":\"Luzimara Fernandes\",\"image\":{\"@type\":\"ImageObject\",\"inLanguage\":\"pt-BR\",\"@id\":\"https:\/\/jornalfatosenoticias.com.br\/#\/schema\/person\/image\/\",\"url\":\"https:\/\/jornalfatosenoticias.com.br\/wp-content\/uploads\/2025\/05\/EU_portal.jpg\",\"contentUrl\":\"https:\/\/jornalfatosenoticias.com.br\/wp-content\/uploads\/2025\/05\/EU_portal.jpg\",\"caption\":\"Luzimara Fernandes\"},\"description\":\"Jornalista MTB 2358-ES\",\"sameAs\":[\"https:\/\/jornalfatosenoticias.com.br\"],\"url\":\"https:\/\/jornalfatosenoticias.com.br\/index.php\/author\/luzimara\/\"}]}<\/script>\n<!-- \/ Yoast SEO plugin. -->","yoast_head_json":{"title":"C\u00e3es s\u00e3o mais sens\u00edveis a vozes femininas, diz novo estudo - Jornal Fatos e Not\u00edcias","robots":{"index":"index","follow":"follow","max-snippet":"max-snippet:-1","max-image-preview":"max-image-preview:large","max-video-preview":"max-video-preview:-1"},"canonical":"https:\/\/jornalfatosenoticias.com.br\/index.php\/2023\/08\/25\/caes-sao-mais-sensiveis-a-vozes-femininas-diz-novo-estudo\/","og_locale":"pt_BR","og_type":"article","og_title":"C\u00e3es s\u00e3o mais sens\u00edveis a vozes femininas, diz novo estudo - Jornal Fatos e Not\u00edcias","og_description":"Por Isabela Oliveira Um novo estudo da Communications Biology mostrou que o c\u00e9rebro dos c\u00e3es demonstra mais sensibilidade ao ouvir a voz de mulheres. Al\u00e9m disso, eles tamb\u00e9m respondem melhor ao discurso dirigido diretamente a eles.Pesquisadores do Departamento de Etologia da Universidade E\u00f6tv\u00f6s Lor\u00e1nd, na Hungria, descobriram semelhan\u00e7as entre c\u00e9rebros caninos e infantis durante o [&hellip;]","og_url":"https:\/\/jornalfatosenoticias.com.br\/index.php\/2023\/08\/25\/caes-sao-mais-sensiveis-a-vozes-femininas-diz-novo-estudo\/","og_site_name":"Jornal Fatos e Not\u00edcias","article_published_time":"2023-08-25T12:06:42+00:00","article_modified_time":"2023-08-25T12:06:43+00:00","og_image":[{"width":612,"height":408,"url":"https:\/\/jornalfatosenoticias.com.br\/wp-content\/uploads\/2023\/08\/caes_istockphoto.jpg","type":"image\/jpeg"}],"author":"Luzimara Fernandes","twitter_card":"summary_large_image","twitter_misc":{"Escrito por":"Luzimara Fernandes","Est. tempo de leitura":"2 minutos"},"schema":{"@context":"https:\/\/schema.org","@graph":[{"@type":"Article","@id":"https:\/\/jornalfatosenoticias.com.br\/index.php\/2023\/08\/25\/caes-sao-mais-sensiveis-a-vozes-femininas-diz-novo-estudo\/#article","isPartOf":{"@id":"https:\/\/jornalfatosenoticias.com.br\/index.php\/2023\/08\/25\/caes-sao-mais-sensiveis-a-vozes-femininas-diz-novo-estudo\/"},"author":{"name":"Luzimara Fernandes","@id":"https:\/\/jornalfatosenoticias.com.br\/#\/schema\/person\/d63837fa13ac8666eb9e74e0985d6f81"},"headline":"C\u00e3es s\u00e3o mais sens\u00edveis a vozes femininas, diz novo estudo","datePublished":"2023-08-25T12:06:42+00:00","dateModified":"2023-08-25T12:06:43+00:00","mainEntityOfPage":{"@id":"https:\/\/jornalfatosenoticias.com.br\/index.php\/2023\/08\/25\/caes-sao-mais-sensiveis-a-vozes-femininas-diz-novo-estudo\/"},"wordCount":385,"commentCount":0,"publisher":{"@id":"https:\/\/jornalfatosenoticias.com.br\/#organization"},"image":{"@id":"https:\/\/jornalfatosenoticias.com.br\/index.php\/2023\/08\/25\/caes-sao-mais-sensiveis-a-vozes-femininas-diz-novo-estudo\/#primaryimage"},"thumbnailUrl":"https:\/\/jornalfatosenoticias.com.br\/wp-content\/uploads\/2023\/08\/caes_istockphoto.jpg","keywords":["cachorros","c\u00e3es","mulheres","voz"],"articleSection":["Pets"],"inLanguage":"pt-BR","potentialAction":[{"@type":"CommentAction","name":"Comment","target":["https:\/\/jornalfatosenoticias.com.br\/index.php\/2023\/08\/25\/caes-sao-mais-sensiveis-a-vozes-femininas-diz-novo-estudo\/#respond"]}]},{"@type":"WebPage","@id":"https:\/\/jornalfatosenoticias.com.br\/index.php\/2023\/08\/25\/caes-sao-mais-sensiveis-a-vozes-femininas-diz-novo-estudo\/","url":"https:\/\/jornalfatosenoticias.com.br\/index.php\/2023\/08\/25\/caes-sao-mais-sensiveis-a-vozes-femininas-diz-novo-estudo\/","name":"C\u00e3es s\u00e3o mais sens\u00edveis a vozes femininas, diz novo estudo - Jornal Fatos e Not\u00edcias","isPartOf":{"@id":"https:\/\/jornalfatosenoticias.com.br\/#website"},"primaryImageOfPage":{"@id":"https:\/\/jornalfatosenoticias.com.br\/index.php\/2023\/08\/25\/caes-sao-mais-sensiveis-a-vozes-femininas-diz-novo-estudo\/#primaryimage"},"image":{"@id":"https:\/\/jornalfatosenoticias.com.br\/index.php\/2023\/08\/25\/caes-sao-mais-sensiveis-a-vozes-femininas-diz-novo-estudo\/#primaryimage"},"thumbnailUrl":"https:\/\/jornalfatosenoticias.com.br\/wp-content\/uploads\/2023\/08\/caes_istockphoto.jpg","datePublished":"2023-08-25T12:06:42+00:00","dateModified":"2023-08-25T12:06:43+00:00","breadcrumb":{"@id":"https:\/\/jornalfatosenoticias.com.br\/index.php\/2023\/08\/25\/caes-sao-mais-sensiveis-a-vozes-femininas-diz-novo-estudo\/#breadcrumb"},"inLanguage":"pt-BR","potentialAction":[{"@type":"ReadAction","target":["https:\/\/jornalfatosenoticias.com.br\/index.php\/2023\/08\/25\/caes-sao-mais-sensiveis-a-vozes-femininas-diz-novo-estudo\/"]}]},{"@type":"ImageObject","inLanguage":"pt-BR","@id":"https:\/\/jornalfatosenoticias.com.br\/index.php\/2023\/08\/25\/caes-sao-mais-sensiveis-a-vozes-femininas-diz-novo-estudo\/#primaryimage","url":"https:\/\/jornalfatosenoticias.com.br\/wp-content\/uploads\/2023\/08\/caes_istockphoto.jpg","contentUrl":"https:\/\/jornalfatosenoticias.com.br\/wp-content\/uploads\/2023\/08\/caes_istockphoto.jpg","width":612,"height":408,"caption":"Beautiful young woman keeping eyes closed and smiling while embracing her dog outdoors"},{"@type":"BreadcrumbList","@id":"https:\/\/jornalfatosenoticias.com.br\/index.php\/2023\/08\/25\/caes-sao-mais-sensiveis-a-vozes-femininas-diz-novo-estudo\/#breadcrumb","itemListElement":[{"@type":"ListItem","position":1,"name":"In\u00edcio","item":"https:\/\/jornalfatosenoticias.com.br\/"},{"@type":"ListItem","position":2,"name":"C\u00e3es s\u00e3o mais sens\u00edveis a vozes femininas, diz novo estudo"}]},{"@type":"WebSite","@id":"https:\/\/jornalfatosenoticias.com.br\/#website","url":"https:\/\/jornalfatosenoticias.com.br\/","name":"Jornal Fatos e Not\u00edcias","description":"Not\u00edcias em geral","publisher":{"@id":"https:\/\/jornalfatosenoticias.com.br\/#organization"},"potentialAction":[{"@type":"SearchAction","target":{"@type":"EntryPoint","urlTemplate":"https:\/\/jornalfatosenoticias.com.br\/?s={search_term_string}"},"query-input":{"@type":"PropertyValueSpecification","valueRequired":true,"valueName":"search_term_string"}}],"inLanguage":"pt-BR"},{"@type":"Organization","@id":"https:\/\/jornalfatosenoticias.com.br\/#organization","name":"Jornal Fatos e Not\u00edcias","url":"https:\/\/jornalfatosenoticias.com.br\/","logo":{"@type":"ImageObject","inLanguage":"pt-BR","@id":"https:\/\/jornalfatosenoticias.com.br\/#\/schema\/logo\/image\/","url":"https:\/\/jornalfatosenoticias.com.br\/wp-content\/uploads\/2020\/02\/logo120.png","contentUrl":"https:\/\/jornalfatosenoticias.com.br\/wp-content\/uploads\/2020\/02\/logo120.png","width":1227,"height":120,"caption":"Jornal Fatos e Not\u00edcias"},"image":{"@id":"https:\/\/jornalfatosenoticias.com.br\/#\/schema\/logo\/image\/"}},{"@type":"Person","@id":"https:\/\/jornalfatosenoticias.com.br\/#\/schema\/person\/d63837fa13ac8666eb9e74e0985d6f81","name":"Luzimara Fernandes","image":{"@type":"ImageObject","inLanguage":"pt-BR","@id":"https:\/\/jornalfatosenoticias.com.br\/#\/schema\/person\/image\/","url":"https:\/\/jornalfatosenoticias.com.br\/wp-content\/uploads\/2025\/05\/EU_portal.jpg","contentUrl":"https:\/\/jornalfatosenoticias.com.br\/wp-content\/uploads\/2025\/05\/EU_portal.jpg","caption":"Luzimara Fernandes"},"description":"Jornalista MTB 2358-ES","sameAs":["https:\/\/jornalfatosenoticias.com.br"],"url":"https:\/\/jornalfatosenoticias.com.br\/index.php\/author\/luzimara\/"}]}},"cc_featured_image_caption":{"caption_text":"(Foto: iStockphoto)","source_text":"","source_url":""},"jetpack_featured_media_url":"https:\/\/jornalfatosenoticias.com.br\/wp-content\/uploads\/2023\/08\/caes_istockphoto.jpg","_links":{"self":[{"href":"https:\/\/jornalfatosenoticias.com.br\/index.php\/wp-json\/wp\/v2\/posts\/44547","targetHints":{"allow":["GET"]}}],"collection":[{"href":"https:\/\/jornalfatosenoticias.com.br\/index.php\/wp-json\/wp\/v2\/posts"}],"about":[{"href":"https:\/\/jornalfatosenoticias.com.br\/index.php\/wp-json\/wp\/v2\/types\/post"}],"author":[{"embeddable":true,"href":"https:\/\/jornalfatosenoticias.com.br\/index.php\/wp-json\/wp\/v2\/users\/2"}],"replies":[{"embeddable":true,"href":"https:\/\/jornalfatosenoticias.com.br\/index.php\/wp-json\/wp\/v2\/comments?post=44547"}],"version-history":[{"count":0,"href":"https:\/\/jornalfatosenoticias.com.br\/index.php\/wp-json\/wp\/v2\/posts\/44547\/revisions"}],"wp:featuredmedia":[{"embeddable":true,"href":"https:\/\/jornalfatosenoticias.com.br\/index.php\/wp-json\/wp\/v2\/media\/44548"}],"wp:attachment":[{"href":"https:\/\/jornalfatosenoticias.com.br\/index.php\/wp-json\/wp\/v2\/media?parent=44547"}],"wp:term":[{"taxonomy":"category","embeddable":true,"href":"https:\/\/jornalfatosenoticias.com.br\/index.php\/wp-json\/wp\/v2\/categories?post=44547"},{"taxonomy":"post_tag","embeddable":true,"href":"https:\/\/jornalfatosenoticias.com.br\/index.php\/wp-json\/wp\/v2\/tags?post=44547"}],"curies":[{"name":"wp","href":"https:\/\/api.w.org\/{rel}","templated":true}]}}