{"id":44574,"date":"2023-08-25T14:57:44","date_gmt":"2023-08-25T17:57:44","guid":{"rendered":"https:\/\/jornalfatosenoticias.com.br\/?p=44574"},"modified":"2023-08-25T14:57:45","modified_gmt":"2023-08-25T17:57:45","slug":"tentativa-de-lula-de-retomar-modelo-economico-de-dilma-e-engavetada-pelo-centrao","status":"publish","type":"post","link":"https:\/\/jornalfatosenoticias.com.br\/index.php\/2023\/08\/25\/tentativa-de-lula-de-retomar-modelo-economico-de-dilma-e-engavetada-pelo-centrao\/","title":{"rendered":"Tentativa de Lula de retomar modelo econ\u00f4mico de Dilma \u00e9 engavetada pelo Centr\u00e3o"},"content":{"rendered":"\n<p><em><span class=\"has-inline-color has-black-color\">Lula trouxe para o seu terceiro mandato iniciativas malsucedidas do modelo econ\u00f4mico de Dilma Rousseff<\/span><\/em><\/p>\n\n\n\n<p><em><span class=\"has-inline-color has-black-color\">Por <strong><a href=\"https:\/\/www.gazetadopovo.com.br\/autor\/silvio-ribas\/\">S\u00edlvio Ribas<\/a><\/strong><\/span><\/em><\/p>\n\n\n\n<div class=\"wp-block-image\"><figure class=\"aligncenter size-large\"><img decoding=\"async\" src=\"https:\/\/jornalfatosenoticias.com.br\/wp-content\/uploads\/2020\/02\/WhatsApp-Image-2023-08-22-at-16.18.42-1024x110.jpeg\" alt=\"\" class=\"wp-image-44436\"\/><\/figure><\/div>\n\n\n\n<p>A <a href=\"https:\/\/www.gazetadopovo.com.br\/economia\/oposicao-promete-barrar-tentativa-de-retomada-do-imposto-sindical\/?ref=link-interno-materia\">resposta r\u00e1pida e firme de l\u00edderes partid\u00e1rios contra a recente proposta do Minist\u00e9rio do Trabalho de ressuscitar o imposto sindical<\/a> refor\u00e7ou a perspectiva de que a agenda econ\u00f4mica proposta pelo governo <a href=\"https:\/\/www.gazetadopovo.com.br\/tudo-sobre\/lula\/?ref=link-interno-materia\">Luiz In\u00e1cio Lula da Silva (PT)<\/a> recheada de retrocessos foi definitivamente engavetada pelo Congresso gra\u00e7as \u00e0 resist\u00eancia da maioria absoluta dos parlamentares, particularmente dos integrantes do Centr\u00e3o.<\/p>\n\n\n\n<blockquote class=\"wp-block-quote is-layout-flow wp-block-quote-is-layout-flow\"><p><span class=\"has-inline-color has-luminous-vivid-orange-color\">O imposto sindical foi extinto. N\u00e3o retroagiremos no que j\u00e1 foi aprovado\u201d, avisou o presidente da C\u00e2mara, Arthur Lira (PP-AL). Ele e o presidente do Senado, Rodrigo Pacheco (PSD-MG), j\u00e1 vinham alertando o Planalto ao longo dos \u00faltimos meses sobre a inviabilidade de iniciativas no rumo inverso de avan\u00e7os modernizantes, tais como recuar na independ\u00eancia do Banco Central, desfazer a privatiza\u00e7\u00e3o da Eletrobras e propor revis\u00f5es do novo marco do saneamento e das reformas trabalhista e previdenci\u00e1ria.<\/span><\/p><\/blockquote>\n\n\n\n<div class=\"wp-block-image\"><figure class=\"aligncenter size-large is-resized\"><img loading=\"lazy\" decoding=\"async\" src=\"https:\/\/jornalfatosenoticias.com.br\/wp-content\/uploads\/2022\/10\/RC_800x750_page-0001.jpg\" alt=\"\" class=\"wp-image-35338\" width=\"311\" height=\"292\" srcset=\"https:\/\/jornalfatosenoticias.com.br\/wp-content\/uploads\/2022\/10\/RC_800x750_page-0001.jpg 400w, https:\/\/jornalfatosenoticias.com.br\/wp-content\/uploads\/2022\/10\/RC_800x750_page-0001-300x281.jpg 300w\" sizes=\"auto, (max-width: 311px) 100vw, 311px\" \/><\/figure><\/div>\n\n\n\n<p>Ap\u00f3s provocar profundas e traum\u00e1ticas turbul\u00eancias nos meios sociais e pol\u00edticos, medidas adotadas durante a gest\u00e3o Dilma Rousseff (2011-2016), a exemplo do controle de pre\u00e7os de combust\u00edveis e energia el\u00e9trica e da execu\u00e7\u00e3o de projetos de infraestrutura sem transpar\u00eancia, voltaram a ser encaminhadas ao Legislativo e at\u00e9 ao Judici\u00e1rio. Mas todas foram barradas integralmente ou conseguiram avan\u00e7ar apenas marginalmente.<\/p>\n\n\n\n<div class=\"wp-block-image\"><figure class=\"aligncenter size-large is-resized\"><img loading=\"lazy\" decoding=\"async\" src=\"https:\/\/jornalfatosenoticias.com.br\/wp-content\/uploads\/2023\/08\/steel.jpg\" alt=\"\" class=\"wp-image-44523\" width=\"373\" height=\"303\"\/><\/figure><\/div>\n\n\n\n<p>Como pano de fundo, <a href=\"https:\/\/www.gazetadopovo.com.br\/economia\/ecos-de-uma-era-passada-o-que-dizem-as-vozes-mais-a-esquerda-da-area-economica\/?ref=link-interno-materia\">Lula tentou recolocar o Pa\u00eds no caminho da chamada Nova Matriz Econ\u00f4mica, <\/a>modelo ensaiado durante o seu segundo mandato e aplicado durante os dois mandatos de Dilma, sob a inspira\u00e7\u00e3o do Plano Nacional de Desenvolvimento (PND) do per\u00edodo militar. O intervencionismo estatal da ex-presidente arrastou o pa\u00eds para infla\u00e7\u00e3o descontrolada, recess\u00e3o profunda e esc\u00e2ndalos bilion\u00e1rios de corrup\u00e7\u00e3o.<\/p>\n\n\n\n<div class=\"wp-block-image\"><figure class=\"aligncenter size-large is-resized\"><img loading=\"lazy\" decoding=\"async\" src=\"https:\/\/jornalfatosenoticias.com.br\/wp-content\/uploads\/2023\/03\/nova-logo-Marquetti.jpg\" alt=\"\" class=\"wp-image-40207\" width=\"338\" height=\"227\" srcset=\"https:\/\/jornalfatosenoticias.com.br\/wp-content\/uploads\/2023\/03\/nova-logo-Marquetti.jpg 643w, https:\/\/jornalfatosenoticias.com.br\/wp-content\/uploads\/2023\/03\/nova-logo-Marquetti-300x202.jpg 300w\" sizes=\"auto, (max-width: 338px) 100vw, 338px\" \/><\/figure><\/div>\n\n\n\n<p>Apesar dos saldos tr\u00e1gicos dessa onda desenvolvimentista, que culminaram com o impeachment de Dilma Rousseff, seguido de governos engajados em reformas saneadoras e estruturantes da economia, Lula evidenciou a sua dificuldade em assimilar esses fatos. O primeiro ponto que ele desafiou e busca transcender \u00e9 o que diz respeito a mecanismos para disciplina fiscal, pois os governos petistas antecedem ao teto de gastos.<\/p>\n\n\n\n<div class=\"wp-block-image\"><figure class=\"aligncenter size-large\"><img loading=\"lazy\" decoding=\"async\" width=\"300\" height=\"250\" src=\"https:\/\/jornalfatosenoticias.com.br\/wp-content\/uploads\/2022\/02\/FERRARI_MAQUINAS-E-FERRAMENTAS2.jpg\" alt=\"\" class=\"wp-image-27860\"\/><\/figure><\/div>\n\n\n\n<p>Para analistas e pol\u00edticos consultados pela<strong> Gazeta do Povo, <\/strong>a ansiedade de Lula em empregar recursos do Tesouro e de bancos p\u00fablicos em obras, pisar no acelerador dos gastos da m\u00e1quina p\u00fablica, incluindo a abertura de vagas e reajustes salariais para o funcionalismo e estatizar o que for poss\u00edvel sucumbiu de vez \u00e0s resist\u00eancias do mercado financeiro e do Congresso, que tem hoje perfil predominante de centro-direita.<\/p>\n\n\n\n<div class=\"wp-block-image\"><figure class=\"aligncenter size-large is-resized\"><img loading=\"lazy\" decoding=\"async\" src=\"https:\/\/jornalfatosenoticias.com.br\/wp-content\/uploads\/2023\/07\/lacremoda.jpg\" alt=\"\" class=\"wp-image-43706\" width=\"345\" height=\"193\" srcset=\"https:\/\/jornalfatosenoticias.com.br\/wp-content\/uploads\/2023\/07\/lacremoda.jpg 1024w, https:\/\/jornalfatosenoticias.com.br\/wp-content\/uploads\/2023\/07\/lacremoda-300x168.jpg 300w, https:\/\/jornalfatosenoticias.com.br\/wp-content\/uploads\/2023\/07\/lacremoda-768x431.jpg 768w\" sizes=\"auto, (max-width: 345px) 100vw, 345px\" \/><\/figure><\/div>\n\n\n\n<p><strong><span class=\"has-inline-color has-black-color\">Para l\u00edder da oposi\u00e7\u00e3o, governo insiste em repetir erros passados<br><\/span><\/strong>Passados quase oito meses do Lula 3, a sanha do presidente para provocar expans\u00e3o econ\u00f4mica de maneira artificial e n\u00e3o sustent\u00e1vel segue sendo contida.<\/p>\n\n\n\n<blockquote class=\"wp-block-quote is-layout-flow wp-block-quote-is-layout-flow\"><p><span class=\"has-inline-color has-luminous-vivid-orange-color\">O governo do PT est\u00e1 repetindo os erros que cometeu em 13 anos, com a pauta retr\u00f3grada que sempre ostentou: instrumentaliza\u00e7\u00e3o da Petrobras, <a href=\"https:\/\/www.gazetadopovo.com.br\/republica\/tentativa-do-governo-de-politizar-apagao-adia-solucoes-e-alimenta-desconfiancas-sobre-setor-eletrico\/?ref=link-interno-materia\">uso pol\u00edtico de Eletrobras<\/a> e BNDES, aparelhamento de organismos multilaterais como o Banco dos Brics para financiar infraestrutura em pa\u00edses com afinidade ideol\u00f3gica, descumprimento das metas fiscais, entre outras barbaridades\u201d, disse o senador Rog\u00e9rio Marinho (PL-RN).<\/span><\/p><\/blockquote>\n\n\n\n<div class=\"wp-block-image\"><figure class=\"aligncenter size-large is-resized\"><img loading=\"lazy\" decoding=\"async\" src=\"https:\/\/jornalfatosenoticias.com.br\/wp-content\/uploads\/2020\/02\/casa-do-torresmo_portal.jpg\" alt=\"\" class=\"wp-image-34472\" width=\"278\" height=\"278\" srcset=\"https:\/\/jornalfatosenoticias.com.br\/wp-content\/uploads\/2020\/02\/casa-do-torresmo_portal.jpg 300w, https:\/\/jornalfatosenoticias.com.br\/wp-content\/uploads\/2020\/02\/casa-do-torresmo_portal-150x150.jpg 150w\" sizes=\"auto, (max-width: 278px) 100vw, 278px\" \/><\/figure><\/div>\n\n\n\n<p>Para o l\u00edder da oposi\u00e7\u00e3o no Senado, os poucos avan\u00e7os obtidos na economia este ano se devem justamente a reformas implantadas pelos governos de Michel Temer (MDB) e Jair Bolsonaro (PL), do qual foi ministro da Integra\u00e7\u00e3o Regional. Segundo ele, a recente redu\u00e7\u00e3o da taxa b\u00e1sica de juros foi poss\u00edvel gra\u00e7as aos acertos da autoridade monet\u00e1ria tornada independente nos \u00faltimos anos e sob o comando de Roberto Campos Neto, sob forte press\u00e3o de Lula desde que voltou ao poder, com apoio de aliados da esquerda.<\/p>\n\n\n\n<div class=\"wp-block-image\"><figure class=\"aligncenter size-large is-resized\"><img loading=\"lazy\" decoding=\"async\" src=\"https:\/\/jornalfatosenoticias.com.br\/wp-content\/uploads\/2023\/03\/logo-Panper_portal.jpg\" alt=\"\" class=\"wp-image-40208\" width=\"331\" height=\"229\" srcset=\"https:\/\/jornalfatosenoticias.com.br\/wp-content\/uploads\/2023\/03\/logo-Panper_portal.jpg 400w, https:\/\/jornalfatosenoticias.com.br\/wp-content\/uploads\/2023\/03\/logo-Panper_portal-300x208.jpg 300w\" sizes=\"auto, (max-width: 331px) 100vw, 331px\" \/><\/figure><\/div>\n\n\n\n<p>Marinho lembrou que a atual Administra\u00e7\u00e3o comete graves equ\u00edvocos antes mesmo da posse do presidente da Rep\u00fablica, quando da aprova\u00e7\u00e3o, em dezembro de 2022, da emenda constitucional batizada de PEC Fura-Teto, que acrescentou quase R$ 200 bilh\u00f5es em despesas ao Or\u00e7amento deste ano, ampliando a d\u00edvida p\u00fablica para 75% do Produto Interno Bruto (PIB).<\/p>\n\n\n\n<div class=\"wp-block-image\"><figure class=\"aligncenter size-large is-resized\"><img loading=\"lazy\" decoding=\"async\" src=\"https:\/\/jornalfatosenoticias.com.br\/wp-content\/uploads\/2022\/10\/Arte-jornal-Zucchi-600x600_Prancheta-1-1024x1024.jpg\" alt=\"\" class=\"wp-image-34782\" width=\"283\" height=\"283\" srcset=\"https:\/\/jornalfatosenoticias.com.br\/wp-content\/uploads\/2022\/10\/Arte-jornal-Zucchi-600x600_Prancheta-1-1024x1024.jpg 1024w, https:\/\/jornalfatosenoticias.com.br\/wp-content\/uploads\/2022\/10\/Arte-jornal-Zucchi-600x600_Prancheta-1-300x300.jpg 300w, https:\/\/jornalfatosenoticias.com.br\/wp-content\/uploads\/2022\/10\/Arte-jornal-Zucchi-600x600_Prancheta-1-150x150.jpg 150w, https:\/\/jornalfatosenoticias.com.br\/wp-content\/uploads\/2022\/10\/Arte-jornal-Zucchi-600x600_Prancheta-1-768x768.jpg 768w, https:\/\/jornalfatosenoticias.com.br\/wp-content\/uploads\/2022\/10\/Arte-jornal-Zucchi-600x600_Prancheta-1.jpg 1250w\" sizes=\"auto, (max-width: 283px) 100vw, 283px\" \/><\/figure><\/div>\n\n\n\n<blockquote class=\"wp-block-quote is-layout-flow wp-block-quote-is-layout-flow\"><p><span class=\"has-inline-color has-luminous-vivid-orange-color\">\u00c9 o mesmo m\u00e9todo usado antes por Lula e Dilma: aumentar o gasto de forma excessiva e sem perspectiva de receita, gerando a m\u00e9dio prazo infla\u00e7\u00e3o, desemprego, obras inacabadas, estagna\u00e7\u00e3o e perda de confian\u00e7a\u201d, resumiu o senador. Relator da reforma trabalhista na C\u00e2mara, aprovada em 2017, Marinho classificou a ideia de <a href=\"https:\/\/www.gazetadopovo.com.br\/economia\/novo-imposto-sindical-lula-tres-vezes-maior-extinto-2017\/?ref=link-interno-materia\">reintroduzir o imposto sindical com impacto triplicado<\/a> de \u201cretrocesso absoluto\u201d e \u201cressurrei\u00e7\u00e3o do peleguismo\u201d.<\/span><\/p><\/blockquote>\n\n\n\n<div class=\"wp-block-image\"><figure class=\"aligncenter size-large is-resized\"><img loading=\"lazy\" decoding=\"async\" src=\"https:\/\/jornalfatosenoticias.com.br\/wp-content\/uploads\/2020\/02\/logo-Rapuzel-1024x571.jpg\" alt=\"\" class=\"wp-image-42808\" width=\"366\" height=\"204\" srcset=\"https:\/\/jornalfatosenoticias.com.br\/wp-content\/uploads\/2020\/02\/logo-Rapuzel-1024x571.jpg 1024w, https:\/\/jornalfatosenoticias.com.br\/wp-content\/uploads\/2020\/02\/logo-Rapuzel-300x167.jpg 300w, https:\/\/jornalfatosenoticias.com.br\/wp-content\/uploads\/2020\/02\/logo-Rapuzel-768x428.jpg 768w, https:\/\/jornalfatosenoticias.com.br\/wp-content\/uploads\/2020\/02\/logo-Rapuzel-1536x856.jpg 1536w, https:\/\/jornalfatosenoticias.com.br\/wp-content\/uploads\/2020\/02\/logo-Rapuzel.jpg 1600w\" sizes=\"auto, (max-width: 366px) 100vw, 366px\" \/><\/figure><\/div>\n\n\n\n<p><strong><span class=\"has-inline-color has-black-color\">BNDES muda governan\u00e7a e para de devolver recursos ao Tesouro<br><\/span><\/strong>Uma temida guinada em favor do retorno \u00e0 Nova Matriz Econ\u00f4mica, ap\u00f3s a elei\u00e7\u00e3o de Lula, estava diretamente relacionada \u00e0 governan\u00e7a do Banco Nacional de Desenvolvimento Econ\u00f4mico e Social (BNDES). Usada para transferir recursos subsidiados do Tesouro diretamente a pa\u00edses alinhados ideologicamente ao PT e a grandes grupos econ\u00f4micos escolhidos de forma discricion\u00e1ria, os chamados campe\u00f5es nacionais, a institui\u00e7\u00e3o financeira vinha sendo recuperada desde 2016. Mas a entrega do seu comando ao economista petista <a href=\"https:\/\/www.gazetadopovo.com.br\/economia\/republica-da-companheirada-lula-poe-sindicalistas-e-velhos-amigos-em-cargos-chave\/?ref=link-interno-materia\">Aloizio Mercadante, garantida por um questionamento na Justi\u00e7a,<\/a> iniciou um processo de desmonte dessa reconfigura\u00e7\u00e3o.<\/p>\n\n\n\n<div class=\"wp-block-image\"><figure class=\"aligncenter size-large is-resized\"><img loading=\"lazy\" decoding=\"async\" src=\"https:\/\/jornalfatosenoticias.com.br\/wp-content\/uploads\/2023\/08\/Control-Systems.jpg\" alt=\"\" class=\"wp-image-44092\" width=\"298\" height=\"357\"\/><\/figure><\/div>\n\n\n\n<p>O lucro cont\u00e1bil do BNDES no primeiro semestre foi de R$ 9,5 bilh\u00f5es, uma queda de 61% na compara\u00e7\u00e3o ao igual per\u00edodo de 2022. Al\u00e9m disso, no ano passado o banco devolveu ao caixa da Uni\u00e3o R$ 72 bilh\u00f5es de forma antecipada.<\/p>\n\n\n\n<blockquote class=\"wp-block-quote is-layout-flow wp-block-quote-is-layout-flow\"><p><span class=\"has-inline-color has-luminous-vivid-orange-color\">Estamos tentando diminuir os repasses ao Tesouro\u201d, disse Mercadante na apresenta\u00e7\u00e3o dos resultados em agosto. Ele pretende pagar ao governo s\u00f3 25% dos lucros em dividendos, focando em desembolsos. \u201cA maioria dos bancos de desenvolvimento n\u00e3o paga\u201d, justificou. O primeiro an\u00fancio de financiamento de infraestrutura do governo brasileiro este ano foi justamente um projeto de gasoduto na Argentina.<\/span><\/p><\/blockquote>\n\n\n\n<div class=\"wp-block-image\"><figure class=\"aligncenter size-large\"><img loading=\"lazy\" decoding=\"async\" width=\"300\" height=\"250\" src=\"https:\/\/jornalfatosenoticias.com.br\/wp-content\/uploads\/2022\/08\/arte-Casarao.jpg\" alt=\"\" class=\"wp-image-33178\"\/><\/figure><\/div>\n\n\n\n<p>Maior vitrine da pol\u00edtica econ\u00f4mica petista, <a href=\"https:\/\/www.gazetadopovo.com.br\/republica\/sem-novas-ideias-lula-reedita-pac-que-ja-deu-errado-duas-vezes\/?ref=link-interno-materia\">o Programa de Acelera\u00e7\u00e3o do Crescimento (PAC) tamb\u00e9m voltou,<\/a> lan\u00e7ado em agosto, ap\u00f3s adiamentos. Com n\u00fameros expressivos, o variado e ambicioso portf\u00f3lio de investimentos ainda n\u00e3o tem seu financiamento garantido, em meio \u00e0s indefini\u00e7\u00f5es sobre o Or\u00e7amento da Uni\u00e3o nos pr\u00f3ximos anos. As duas primeiras edi\u00e7\u00f5es do PAC deixaram 4,5 mil obras inacabadas. A <a href=\"https:\/\/www.gazetadopovo.com.br\/economia\/lula-relanca-pac-com-promessa-de-r-17-trilhao-em-recursos-publicos-e-privados\/?ref=veja-tambem?ref=link-interno-materia\">promessa do governo de investir R$ 1,7 trilh\u00e3o <\/a>por meio do programa depende do apetite privado, pois s\u00f3 R$ 371 bilh\u00f5es (21,82%) vir\u00e3o do Or\u00e7amento.<\/p>\n\n\n\n<div class=\"wp-block-image\"><figure class=\"aligncenter size-large is-resized\"><img loading=\"lazy\" decoding=\"async\" src=\"https:\/\/jornalfatosenoticias.com.br\/wp-content\/uploads\/2023\/08\/BKR-1024x1021.jpg\" alt=\"\" class=\"wp-image-44494\" width=\"316\" height=\"315\" srcset=\"https:\/\/jornalfatosenoticias.com.br\/wp-content\/uploads\/2023\/08\/BKR-1024x1021.jpg 1024w, https:\/\/jornalfatosenoticias.com.br\/wp-content\/uploads\/2023\/08\/BKR-300x300.jpg 300w, https:\/\/jornalfatosenoticias.com.br\/wp-content\/uploads\/2023\/08\/BKR-150x150.jpg 150w, https:\/\/jornalfatosenoticias.com.br\/wp-content\/uploads\/2023\/08\/BKR-768x766.jpg 768w, https:\/\/jornalfatosenoticias.com.br\/wp-content\/uploads\/2023\/08\/BKR.jpg 1080w\" sizes=\"auto, (max-width: 316px) 100vw, 316px\" \/><\/figure><\/div>\n\n\n\n<p><strong><span class=\"has-inline-color has-black-color\">PAC 3 depende do interesse do capital privado para deslanchar<br><\/span><\/strong>Enquanto admiradores do capitalismo de Estado chin\u00eas, como o rec\u00e9m-empossado presidente do Instituto Brasileiro de Geografia e Estat\u00edstica (IBGE), M\u00e1rcio Pochmann, veem no intervencionismo estatal uma trilha para o progresso, seus cr\u00edticos apontam riscos com gastos descontrolados sobre equil\u00edbrio das contas p\u00fablicas, al\u00e9m de desorganizar mercados. <\/p>\n\n\n\n<blockquote class=\"wp-block-quote is-layout-flow wp-block-quote-is-layout-flow\"><p><span class=\"has-inline-color has-luminous-vivid-orange-color\">Para Ismar Becker, consultor empresarial e palestrante, ap\u00f3s a gest\u00e3o Dilma, o pa\u00eds criou \u201canticorpos para investidas populistas\u201d. \u201cO mundo e o Brasil mudaram. Andaremos de lado at\u00e9 2026, mas sem retrocessos\u201d, emendou.<\/span><\/p><\/blockquote>\n\n\n\n<div class=\"wp-block-image\"><figure class=\"aligncenter size-large\"><img loading=\"lazy\" decoding=\"async\" width=\"300\" height=\"250\" src=\"https:\/\/jornalfatosenoticias.com.br\/wp-content\/uploads\/2020\/02\/Banner-2.png\" alt=\"\" class=\"wp-image-43787\"\/><\/figure><\/div>\n\n\n\n<p>O Planalto at\u00e9 buscou formas de intervir, movendo a\u00e7\u00f5es judiciais para mudar ag\u00eancias reguladoras, legisla\u00e7\u00f5es fiscais e governan\u00e7a estatal. Os reajustes do funcionalismo, o fim de mecanismos de controle de desempenho dos servidores e a resist\u00eancia contra a reforma administrativa sugerem danos ao enxugamento da m\u00e1quina p\u00fablica na gest\u00e3o anterior. O governo resgatou a ret\u00f3rica de que \u201cgasto \u00e9 vida\u201d e que despesas com educa\u00e7\u00e3o e sa\u00fade \u201cs\u00e3o investimentos e n\u00e3o gastos\u201d. A abordagem oculta a aus\u00eancia de monitoramento dos resultados dessas despesas elevadas.<\/p>\n\n\n\n<div class=\"wp-block-image\"><figure class=\"aligncenter size-large is-resized\"><img loading=\"lazy\" decoding=\"async\" src=\"https:\/\/jornalfatosenoticias.com.br\/wp-content\/uploads\/2023\/08\/VSM-Group.jpeg\" alt=\"\" class=\"wp-image-44364\" width=\"293\" height=\"293\"\/><\/figure><\/div>\n\n\n\n<p>At\u00e9 mesmo empresas privadas, como a Vale, foram alvo da cobi\u00e7a intervencionista do Lula 3, que quer indicar o ex-ministro da Fazenda, Guido Mantega como presidente. Por outro lado, <a href=\"https:\/\/www.gazetadopovo.com.br\/economia\/arcabouco-fiscal-camara-barra-gasto-extra-como-votaram-os-deputados\/?ref=link-interno-materia\">a sua proposta de novo marco fiscal, aprovada pela C\u00e2mara na ter\u00e7a-feira (22),<\/a> ainda est\u00e1 atrelada a expectativas de ganhos de receita sem garantias s\u00f3lidas.<\/p>\n\n\n\n<p><strong><em>Fonte: <a href=\"https:\/\/www.gazetadopovo.com.br\/republica\/tentativa-de-lula-de-retomar-modelo-economico-de-dilma-e-engavetada-pelo-centrao\/\">Gazeta do Povo<\/a><\/em><\/strong><\/p>\n","protected":false},"excerpt":{"rendered":"<p>Lula trouxe para o seu terceiro mandato iniciativas malsucedidas do modelo econ\u00f4mico de Dilma Rousseff Por S\u00edlvio Ribas A resposta r\u00e1pida e firme de l\u00edderes partid\u00e1rios contra a recente proposta do Minist\u00e9rio do Trabalho de ressuscitar o imposto sindical refor\u00e7ou a perspectiva de que a agenda econ\u00f4mica proposta pelo governo Luiz In\u00e1cio Lula da Silva [&hellip;]<\/p>\n","protected":false},"author":2,"featured_media":44575,"comment_status":"open","ping_status":"open","sticky":false,"template":"","format":"standard","meta":{"footnotes":""},"categories":[9],"tags":[20994,20992,20991,20993,20990],"class_list":["post-44574","post","type-post","status-publish","format-standard","has-post-thumbnail","hentry","category-economia","tag-iniciativas-economicas-malsucedidas","tag-modelo-economico","tag-modelo-economico-de-dilma","tag-modelo-economico-fracassado","tag-modelo-economico-governo-lula"],"yoast_head":"<!-- This site is optimized with the Yoast SEO plugin v26.5 - https:\/\/yoast.com\/wordpress\/plugins\/seo\/ -->\n<title>Tentativa de Lula de retomar modelo econ\u00f4mico de Dilma \u00e9 engavetada pelo Centr\u00e3o - Jornal Fatos e Not\u00edcias<\/title>\n<meta name=\"robots\" content=\"index, follow, max-snippet:-1, max-image-preview:large, max-video-preview:-1\" \/>\n<link rel=\"canonical\" href=\"https:\/\/jornalfatosenoticias.com.br\/index.php\/2023\/08\/25\/tentativa-de-lula-de-retomar-modelo-economico-de-dilma-e-engavetada-pelo-centrao\/\" \/>\n<meta property=\"og:locale\" content=\"pt_BR\" \/>\n<meta property=\"og:type\" content=\"article\" \/>\n<meta property=\"og:title\" content=\"Tentativa de Lula de retomar modelo econ\u00f4mico de Dilma \u00e9 engavetada pelo Centr\u00e3o - Jornal Fatos e Not\u00edcias\" \/>\n<meta property=\"og:description\" content=\"Lula trouxe para o seu terceiro mandato iniciativas malsucedidas do modelo econ\u00f4mico de Dilma Rousseff Por S\u00edlvio Ribas A resposta r\u00e1pida e firme de l\u00edderes partid\u00e1rios contra a recente proposta do Minist\u00e9rio do Trabalho de ressuscitar o imposto sindical refor\u00e7ou a perspectiva de que a agenda econ\u00f4mica proposta pelo governo Luiz In\u00e1cio Lula da Silva [&hellip;]\" \/>\n<meta property=\"og:url\" content=\"https:\/\/jornalfatosenoticias.com.br\/index.php\/2023\/08\/25\/tentativa-de-lula-de-retomar-modelo-economico-de-dilma-e-engavetada-pelo-centrao\/\" \/>\n<meta property=\"og:site_name\" content=\"Jornal Fatos e Not\u00edcias\" \/>\n<meta property=\"article:published_time\" content=\"2023-08-25T17:57:44+00:00\" \/>\n<meta property=\"article:modified_time\" content=\"2023-08-25T17:57:45+00:00\" \/>\n<meta property=\"og:image\" content=\"https:\/\/jornalfatosenoticias.com.br\/wp-content\/uploads\/2023\/08\/anta-e-molusco.jpg\" \/>\n\t<meta property=\"og:image:width\" content=\"960\" \/>\n\t<meta property=\"og:image:height\" content=\"540\" \/>\n\t<meta property=\"og:image:type\" content=\"image\/jpeg\" \/>\n<meta name=\"author\" content=\"Luzimara Fernandes\" \/>\n<meta name=\"twitter:card\" content=\"summary_large_image\" \/>\n<meta name=\"twitter:label1\" content=\"Escrito por\" \/>\n\t<meta name=\"twitter:data1\" content=\"Luzimara Fernandes\" \/>\n\t<meta name=\"twitter:label2\" content=\"Est. tempo de leitura\" \/>\n\t<meta name=\"twitter:data2\" content=\"7 minutos\" \/>\n<script type=\"application\/ld+json\" class=\"yoast-schema-graph\">{\"@context\":\"https:\/\/schema.org\",\"@graph\":[{\"@type\":\"Article\",\"@id\":\"https:\/\/jornalfatosenoticias.com.br\/index.php\/2023\/08\/25\/tentativa-de-lula-de-retomar-modelo-economico-de-dilma-e-engavetada-pelo-centrao\/#article\",\"isPartOf\":{\"@id\":\"https:\/\/jornalfatosenoticias.com.br\/index.php\/2023\/08\/25\/tentativa-de-lula-de-retomar-modelo-economico-de-dilma-e-engavetada-pelo-centrao\/\"},\"author\":{\"name\":\"Luzimara Fernandes\",\"@id\":\"https:\/\/jornalfatosenoticias.com.br\/#\/schema\/person\/d63837fa13ac8666eb9e74e0985d6f81\"},\"headline\":\"Tentativa de Lula de retomar modelo econ\u00f4mico de Dilma \u00e9 engavetada pelo Centr\u00e3o\",\"datePublished\":\"2023-08-25T17:57:44+00:00\",\"dateModified\":\"2023-08-25T17:57:45+00:00\",\"mainEntityOfPage\":{\"@id\":\"https:\/\/jornalfatosenoticias.com.br\/index.php\/2023\/08\/25\/tentativa-de-lula-de-retomar-modelo-economico-de-dilma-e-engavetada-pelo-centrao\/\"},\"wordCount\":1359,\"commentCount\":0,\"publisher\":{\"@id\":\"https:\/\/jornalfatosenoticias.com.br\/#organization\"},\"image\":{\"@id\":\"https:\/\/jornalfatosenoticias.com.br\/index.php\/2023\/08\/25\/tentativa-de-lula-de-retomar-modelo-economico-de-dilma-e-engavetada-pelo-centrao\/#primaryimage\"},\"thumbnailUrl\":\"https:\/\/jornalfatosenoticias.com.br\/wp-content\/uploads\/2023\/08\/anta-e-molusco.jpg\",\"keywords\":[\"iniciativas econ\u00f4micas malsucedidas\",\"modelo econ\u00f4mico\",\"modelo econ\u00f4mico de Dilma\",\"modelo econ\u00f4mico fracassado\",\"modelo econ\u00f4mico governo Lula\"],\"articleSection\":[\"Economia\"],\"inLanguage\":\"pt-BR\",\"potentialAction\":[{\"@type\":\"CommentAction\",\"name\":\"Comment\",\"target\":[\"https:\/\/jornalfatosenoticias.com.br\/index.php\/2023\/08\/25\/tentativa-de-lula-de-retomar-modelo-economico-de-dilma-e-engavetada-pelo-centrao\/#respond\"]}]},{\"@type\":\"WebPage\",\"@id\":\"https:\/\/jornalfatosenoticias.com.br\/index.php\/2023\/08\/25\/tentativa-de-lula-de-retomar-modelo-economico-de-dilma-e-engavetada-pelo-centrao\/\",\"url\":\"https:\/\/jornalfatosenoticias.com.br\/index.php\/2023\/08\/25\/tentativa-de-lula-de-retomar-modelo-economico-de-dilma-e-engavetada-pelo-centrao\/\",\"name\":\"Tentativa de Lula de retomar modelo econ\u00f4mico de Dilma \u00e9 engavetada pelo Centr\u00e3o - Jornal Fatos e Not\u00edcias\",\"isPartOf\":{\"@id\":\"https:\/\/jornalfatosenoticias.com.br\/#website\"},\"primaryImageOfPage\":{\"@id\":\"https:\/\/jornalfatosenoticias.com.br\/index.php\/2023\/08\/25\/tentativa-de-lula-de-retomar-modelo-economico-de-dilma-e-engavetada-pelo-centrao\/#primaryimage\"},\"image\":{\"@id\":\"https:\/\/jornalfatosenoticias.com.br\/index.php\/2023\/08\/25\/tentativa-de-lula-de-retomar-modelo-economico-de-dilma-e-engavetada-pelo-centrao\/#primaryimage\"},\"thumbnailUrl\":\"https:\/\/jornalfatosenoticias.com.br\/wp-content\/uploads\/2023\/08\/anta-e-molusco.jpg\",\"datePublished\":\"2023-08-25T17:57:44+00:00\",\"dateModified\":\"2023-08-25T17:57:45+00:00\",\"breadcrumb\":{\"@id\":\"https:\/\/jornalfatosenoticias.com.br\/index.php\/2023\/08\/25\/tentativa-de-lula-de-retomar-modelo-economico-de-dilma-e-engavetada-pelo-centrao\/#breadcrumb\"},\"inLanguage\":\"pt-BR\",\"potentialAction\":[{\"@type\":\"ReadAction\",\"target\":[\"https:\/\/jornalfatosenoticias.com.br\/index.php\/2023\/08\/25\/tentativa-de-lula-de-retomar-modelo-economico-de-dilma-e-engavetada-pelo-centrao\/\"]}]},{\"@type\":\"ImageObject\",\"inLanguage\":\"pt-BR\",\"@id\":\"https:\/\/jornalfatosenoticias.com.br\/index.php\/2023\/08\/25\/tentativa-de-lula-de-retomar-modelo-economico-de-dilma-e-engavetada-pelo-centrao\/#primaryimage\",\"url\":\"https:\/\/jornalfatosenoticias.com.br\/wp-content\/uploads\/2023\/08\/anta-e-molusco.jpg\",\"contentUrl\":\"https:\/\/jornalfatosenoticias.com.br\/wp-content\/uploads\/2023\/08\/anta-e-molusco.jpg\",\"width\":960,\"height\":540,\"caption\":\"S\u00e3o Paulo SP 22 11 2019- O ex presidente Luiz In\u00e1cio Lula da Silva participa do 7\u00ba Congresso do PT na casa de Portugal no bairro da Liberdade em S\u00e3o Paulo. Fotos Ricardo Stuckert\"},{\"@type\":\"BreadcrumbList\",\"@id\":\"https:\/\/jornalfatosenoticias.com.br\/index.php\/2023\/08\/25\/tentativa-de-lula-de-retomar-modelo-economico-de-dilma-e-engavetada-pelo-centrao\/#breadcrumb\",\"itemListElement\":[{\"@type\":\"ListItem\",\"position\":1,\"name\":\"In\u00edcio\",\"item\":\"https:\/\/jornalfatosenoticias.com.br\/\"},{\"@type\":\"ListItem\",\"position\":2,\"name\":\"Tentativa de Lula de retomar modelo econ\u00f4mico de Dilma \u00e9 engavetada pelo Centr\u00e3o\"}]},{\"@type\":\"WebSite\",\"@id\":\"https:\/\/jornalfatosenoticias.com.br\/#website\",\"url\":\"https:\/\/jornalfatosenoticias.com.br\/\",\"name\":\"Jornal Fatos e Not\u00edcias\",\"description\":\"Not\u00edcias em geral\",\"publisher\":{\"@id\":\"https:\/\/jornalfatosenoticias.com.br\/#organization\"},\"potentialAction\":[{\"@type\":\"SearchAction\",\"target\":{\"@type\":\"EntryPoint\",\"urlTemplate\":\"https:\/\/jornalfatosenoticias.com.br\/?s={search_term_string}\"},\"query-input\":{\"@type\":\"PropertyValueSpecification\",\"valueRequired\":true,\"valueName\":\"search_term_string\"}}],\"inLanguage\":\"pt-BR\"},{\"@type\":\"Organization\",\"@id\":\"https:\/\/jornalfatosenoticias.com.br\/#organization\",\"name\":\"Jornal Fatos e Not\u00edcias\",\"url\":\"https:\/\/jornalfatosenoticias.com.br\/\",\"logo\":{\"@type\":\"ImageObject\",\"inLanguage\":\"pt-BR\",\"@id\":\"https:\/\/jornalfatosenoticias.com.br\/#\/schema\/logo\/image\/\",\"url\":\"https:\/\/jornalfatosenoticias.com.br\/wp-content\/uploads\/2020\/02\/logo120.png\",\"contentUrl\":\"https:\/\/jornalfatosenoticias.com.br\/wp-content\/uploads\/2020\/02\/logo120.png\",\"width\":1227,\"height\":120,\"caption\":\"Jornal Fatos e Not\u00edcias\"},\"image\":{\"@id\":\"https:\/\/jornalfatosenoticias.com.br\/#\/schema\/logo\/image\/\"}},{\"@type\":\"Person\",\"@id\":\"https:\/\/jornalfatosenoticias.com.br\/#\/schema\/person\/d63837fa13ac8666eb9e74e0985d6f81\",\"name\":\"Luzimara Fernandes\",\"image\":{\"@type\":\"ImageObject\",\"inLanguage\":\"pt-BR\",\"@id\":\"https:\/\/jornalfatosenoticias.com.br\/#\/schema\/person\/image\/\",\"url\":\"https:\/\/jornalfatosenoticias.com.br\/wp-content\/uploads\/2025\/05\/EU_portal.jpg\",\"contentUrl\":\"https:\/\/jornalfatosenoticias.com.br\/wp-content\/uploads\/2025\/05\/EU_portal.jpg\",\"caption\":\"Luzimara Fernandes\"},\"description\":\"Jornalista MTB 2358-ES\",\"sameAs\":[\"https:\/\/jornalfatosenoticias.com.br\"],\"url\":\"https:\/\/jornalfatosenoticias.com.br\/index.php\/author\/luzimara\/\"}]}<\/script>\n<!-- \/ Yoast SEO plugin. -->","yoast_head_json":{"title":"Tentativa de Lula de retomar modelo econ\u00f4mico de Dilma \u00e9 engavetada pelo Centr\u00e3o - Jornal Fatos e Not\u00edcias","robots":{"index":"index","follow":"follow","max-snippet":"max-snippet:-1","max-image-preview":"max-image-preview:large","max-video-preview":"max-video-preview:-1"},"canonical":"https:\/\/jornalfatosenoticias.com.br\/index.php\/2023\/08\/25\/tentativa-de-lula-de-retomar-modelo-economico-de-dilma-e-engavetada-pelo-centrao\/","og_locale":"pt_BR","og_type":"article","og_title":"Tentativa de Lula de retomar modelo econ\u00f4mico de Dilma \u00e9 engavetada pelo Centr\u00e3o - Jornal Fatos e Not\u00edcias","og_description":"Lula trouxe para o seu terceiro mandato iniciativas malsucedidas do modelo econ\u00f4mico de Dilma Rousseff Por S\u00edlvio Ribas A resposta r\u00e1pida e firme de l\u00edderes partid\u00e1rios contra a recente proposta do Minist\u00e9rio do Trabalho de ressuscitar o imposto sindical refor\u00e7ou a perspectiva de que a agenda econ\u00f4mica proposta pelo governo Luiz In\u00e1cio Lula da Silva [&hellip;]","og_url":"https:\/\/jornalfatosenoticias.com.br\/index.php\/2023\/08\/25\/tentativa-de-lula-de-retomar-modelo-economico-de-dilma-e-engavetada-pelo-centrao\/","og_site_name":"Jornal Fatos e Not\u00edcias","article_published_time":"2023-08-25T17:57:44+00:00","article_modified_time":"2023-08-25T17:57:45+00:00","og_image":[{"width":960,"height":540,"url":"https:\/\/jornalfatosenoticias.com.br\/wp-content\/uploads\/2023\/08\/anta-e-molusco.jpg","type":"image\/jpeg"}],"author":"Luzimara Fernandes","twitter_card":"summary_large_image","twitter_misc":{"Escrito por":"Luzimara Fernandes","Est. tempo de leitura":"7 minutos"},"schema":{"@context":"https:\/\/schema.org","@graph":[{"@type":"Article","@id":"https:\/\/jornalfatosenoticias.com.br\/index.php\/2023\/08\/25\/tentativa-de-lula-de-retomar-modelo-economico-de-dilma-e-engavetada-pelo-centrao\/#article","isPartOf":{"@id":"https:\/\/jornalfatosenoticias.com.br\/index.php\/2023\/08\/25\/tentativa-de-lula-de-retomar-modelo-economico-de-dilma-e-engavetada-pelo-centrao\/"},"author":{"name":"Luzimara Fernandes","@id":"https:\/\/jornalfatosenoticias.com.br\/#\/schema\/person\/d63837fa13ac8666eb9e74e0985d6f81"},"headline":"Tentativa de Lula de retomar modelo econ\u00f4mico de Dilma \u00e9 engavetada pelo Centr\u00e3o","datePublished":"2023-08-25T17:57:44+00:00","dateModified":"2023-08-25T17:57:45+00:00","mainEntityOfPage":{"@id":"https:\/\/jornalfatosenoticias.com.br\/index.php\/2023\/08\/25\/tentativa-de-lula-de-retomar-modelo-economico-de-dilma-e-engavetada-pelo-centrao\/"},"wordCount":1359,"commentCount":0,"publisher":{"@id":"https:\/\/jornalfatosenoticias.com.br\/#organization"},"image":{"@id":"https:\/\/jornalfatosenoticias.com.br\/index.php\/2023\/08\/25\/tentativa-de-lula-de-retomar-modelo-economico-de-dilma-e-engavetada-pelo-centrao\/#primaryimage"},"thumbnailUrl":"https:\/\/jornalfatosenoticias.com.br\/wp-content\/uploads\/2023\/08\/anta-e-molusco.jpg","keywords":["iniciativas econ\u00f4micas malsucedidas","modelo econ\u00f4mico","modelo econ\u00f4mico de Dilma","modelo econ\u00f4mico fracassado","modelo econ\u00f4mico governo Lula"],"articleSection":["Economia"],"inLanguage":"pt-BR","potentialAction":[{"@type":"CommentAction","name":"Comment","target":["https:\/\/jornalfatosenoticias.com.br\/index.php\/2023\/08\/25\/tentativa-de-lula-de-retomar-modelo-economico-de-dilma-e-engavetada-pelo-centrao\/#respond"]}]},{"@type":"WebPage","@id":"https:\/\/jornalfatosenoticias.com.br\/index.php\/2023\/08\/25\/tentativa-de-lula-de-retomar-modelo-economico-de-dilma-e-engavetada-pelo-centrao\/","url":"https:\/\/jornalfatosenoticias.com.br\/index.php\/2023\/08\/25\/tentativa-de-lula-de-retomar-modelo-economico-de-dilma-e-engavetada-pelo-centrao\/","name":"Tentativa de Lula de retomar modelo econ\u00f4mico de Dilma \u00e9 engavetada pelo Centr\u00e3o - Jornal Fatos e Not\u00edcias","isPartOf":{"@id":"https:\/\/jornalfatosenoticias.com.br\/#website"},"primaryImageOfPage":{"@id":"https:\/\/jornalfatosenoticias.com.br\/index.php\/2023\/08\/25\/tentativa-de-lula-de-retomar-modelo-economico-de-dilma-e-engavetada-pelo-centrao\/#primaryimage"},"image":{"@id":"https:\/\/jornalfatosenoticias.com.br\/index.php\/2023\/08\/25\/tentativa-de-lula-de-retomar-modelo-economico-de-dilma-e-engavetada-pelo-centrao\/#primaryimage"},"thumbnailUrl":"https:\/\/jornalfatosenoticias.com.br\/wp-content\/uploads\/2023\/08\/anta-e-molusco.jpg","datePublished":"2023-08-25T17:57:44+00:00","dateModified":"2023-08-25T17:57:45+00:00","breadcrumb":{"@id":"https:\/\/jornalfatosenoticias.com.br\/index.php\/2023\/08\/25\/tentativa-de-lula-de-retomar-modelo-economico-de-dilma-e-engavetada-pelo-centrao\/#breadcrumb"},"inLanguage":"pt-BR","potentialAction":[{"@type":"ReadAction","target":["https:\/\/jornalfatosenoticias.com.br\/index.php\/2023\/08\/25\/tentativa-de-lula-de-retomar-modelo-economico-de-dilma-e-engavetada-pelo-centrao\/"]}]},{"@type":"ImageObject","inLanguage":"pt-BR","@id":"https:\/\/jornalfatosenoticias.com.br\/index.php\/2023\/08\/25\/tentativa-de-lula-de-retomar-modelo-economico-de-dilma-e-engavetada-pelo-centrao\/#primaryimage","url":"https:\/\/jornalfatosenoticias.com.br\/wp-content\/uploads\/2023\/08\/anta-e-molusco.jpg","contentUrl":"https:\/\/jornalfatosenoticias.com.br\/wp-content\/uploads\/2023\/08\/anta-e-molusco.jpg","width":960,"height":540,"caption":"S\u00e3o Paulo SP 22 11 2019- O ex presidente Luiz In\u00e1cio Lula da Silva participa do 7\u00ba Congresso do PT na casa de Portugal no bairro da Liberdade em S\u00e3o Paulo. Fotos Ricardo Stuckert"},{"@type":"BreadcrumbList","@id":"https:\/\/jornalfatosenoticias.com.br\/index.php\/2023\/08\/25\/tentativa-de-lula-de-retomar-modelo-economico-de-dilma-e-engavetada-pelo-centrao\/#breadcrumb","itemListElement":[{"@type":"ListItem","position":1,"name":"In\u00edcio","item":"https:\/\/jornalfatosenoticias.com.br\/"},{"@type":"ListItem","position":2,"name":"Tentativa de Lula de retomar modelo econ\u00f4mico de Dilma \u00e9 engavetada pelo Centr\u00e3o"}]},{"@type":"WebSite","@id":"https:\/\/jornalfatosenoticias.com.br\/#website","url":"https:\/\/jornalfatosenoticias.com.br\/","name":"Jornal Fatos e Not\u00edcias","description":"Not\u00edcias em geral","publisher":{"@id":"https:\/\/jornalfatosenoticias.com.br\/#organization"},"potentialAction":[{"@type":"SearchAction","target":{"@type":"EntryPoint","urlTemplate":"https:\/\/jornalfatosenoticias.com.br\/?s={search_term_string}"},"query-input":{"@type":"PropertyValueSpecification","valueRequired":true,"valueName":"search_term_string"}}],"inLanguage":"pt-BR"},{"@type":"Organization","@id":"https:\/\/jornalfatosenoticias.com.br\/#organization","name":"Jornal Fatos e Not\u00edcias","url":"https:\/\/jornalfatosenoticias.com.br\/","logo":{"@type":"ImageObject","inLanguage":"pt-BR","@id":"https:\/\/jornalfatosenoticias.com.br\/#\/schema\/logo\/image\/","url":"https:\/\/jornalfatosenoticias.com.br\/wp-content\/uploads\/2020\/02\/logo120.png","contentUrl":"https:\/\/jornalfatosenoticias.com.br\/wp-content\/uploads\/2020\/02\/logo120.png","width":1227,"height":120,"caption":"Jornal Fatos e Not\u00edcias"},"image":{"@id":"https:\/\/jornalfatosenoticias.com.br\/#\/schema\/logo\/image\/"}},{"@type":"Person","@id":"https:\/\/jornalfatosenoticias.com.br\/#\/schema\/person\/d63837fa13ac8666eb9e74e0985d6f81","name":"Luzimara Fernandes","image":{"@type":"ImageObject","inLanguage":"pt-BR","@id":"https:\/\/jornalfatosenoticias.com.br\/#\/schema\/person\/image\/","url":"https:\/\/jornalfatosenoticias.com.br\/wp-content\/uploads\/2025\/05\/EU_portal.jpg","contentUrl":"https:\/\/jornalfatosenoticias.com.br\/wp-content\/uploads\/2025\/05\/EU_portal.jpg","caption":"Luzimara Fernandes"},"description":"Jornalista MTB 2358-ES","sameAs":["https:\/\/jornalfatosenoticias.com.br"],"url":"https:\/\/jornalfatosenoticias.com.br\/index.php\/author\/luzimara\/"}]}},"cc_featured_image_caption":{"caption_text":"(Foto: Ricardo Stuckert\/Fotos P\u00fablicas)","source_text":"","source_url":""},"jetpack_featured_media_url":"https:\/\/jornalfatosenoticias.com.br\/wp-content\/uploads\/2023\/08\/anta-e-molusco.jpg","_links":{"self":[{"href":"https:\/\/jornalfatosenoticias.com.br\/index.php\/wp-json\/wp\/v2\/posts\/44574","targetHints":{"allow":["GET"]}}],"collection":[{"href":"https:\/\/jornalfatosenoticias.com.br\/index.php\/wp-json\/wp\/v2\/posts"}],"about":[{"href":"https:\/\/jornalfatosenoticias.com.br\/index.php\/wp-json\/wp\/v2\/types\/post"}],"author":[{"embeddable":true,"href":"https:\/\/jornalfatosenoticias.com.br\/index.php\/wp-json\/wp\/v2\/users\/2"}],"replies":[{"embeddable":true,"href":"https:\/\/jornalfatosenoticias.com.br\/index.php\/wp-json\/wp\/v2\/comments?post=44574"}],"version-history":[{"count":0,"href":"https:\/\/jornalfatosenoticias.com.br\/index.php\/wp-json\/wp\/v2\/posts\/44574\/revisions"}],"wp:featuredmedia":[{"embeddable":true,"href":"https:\/\/jornalfatosenoticias.com.br\/index.php\/wp-json\/wp\/v2\/media\/44575"}],"wp:attachment":[{"href":"https:\/\/jornalfatosenoticias.com.br\/index.php\/wp-json\/wp\/v2\/media?parent=44574"}],"wp:term":[{"taxonomy":"category","embeddable":true,"href":"https:\/\/jornalfatosenoticias.com.br\/index.php\/wp-json\/wp\/v2\/categories?post=44574"},{"taxonomy":"post_tag","embeddable":true,"href":"https:\/\/jornalfatosenoticias.com.br\/index.php\/wp-json\/wp\/v2\/tags?post=44574"}],"curies":[{"name":"wp","href":"https:\/\/api.w.org\/{rel}","templated":true}]}}