{"id":4465,"date":"2020-05-14T17:25:01","date_gmt":"2020-05-14T20:25:01","guid":{"rendered":"https:\/\/jornalfatosenoticias.com.br\/?p=4465"},"modified":"2020-05-14T17:25:06","modified_gmt":"2020-05-14T20:25:06","slug":"desenvolva-sua-capacidade-empreendedora","status":"publish","type":"post","link":"https:\/\/jornalfatosenoticias.com.br\/index.php\/2020\/05\/14\/desenvolva-sua-capacidade-empreendedora\/","title":{"rendered":"Desenvolva sua capacidade empreendedora"},"content":{"rendered":"\n<h6 class=\"wp-block-heading\"><em>\u201cEu gosto do imposs\u00edvel porque l\u00e1 a concorr\u00eancia \u00e9 menor\u201d, Walt Disney<\/em><\/h6>\n\n\n\n<p>A capacidade vision\u00e1ria e empreendedora de Walt Disney o tornaram um dos homens mais bem-sucedidos e lembrados no mundo dos neg\u00f3cios. Quando Disney sonhou com a constru\u00e7\u00e3o do parque \u201cDisney World\u201d, muitos o chamaram de louco. Afinal, quem iria construir um parque no meio do p\u00e2ntano? Disney foi muito al\u00e9m. Ele revolucionou o mercado com um novo modelo de gerir parques, agora com ingresso \u00fanico para todos os brinquedos. Infelizmente ele morreu antes da inaugura\u00e7\u00e3o, mas na sua mente j\u00e1 estava visualizado tudo como queira. No dia do vel\u00f3rio de Walt Disney, algu\u00e9m se aproxima da sua esposa e diz: \u201cQue pena que ele n\u00e3o pode ver isso\u201d. Ela respondeu: \u201cN\u00e3o, ele viu tudo isso antes de todo mundo\u201d.<br>Disney era um vision\u00e1rio.<\/p>\n\n\n\n<p><strong>PROCURA-SE EMPREENDEDORES.<\/strong> Neste novo s\u00e9culo, o profissional moderno precisa ser muito mais que um executor de tarefas ou um simples cumpridor de hor\u00e1rio dentro das organiza\u00e7\u00f5es. Hoje o mercado est\u00e1 sedento de pessoas com capacidade empreendedora. Vamos entender um pouco mais sobre isso. O que \u00e9 ser empreendedor? Segundo Nicolau Maquiavel, empreendedores s\u00e3o aqueles que entendem que h\u00e1 uma pequena diferen\u00e7a entre obst\u00e1culos e oportunidades e s\u00e3o capazes de transformar ambos em vantagem.<br>Conhecemos alguns tipos de empreendedores. Empreendedor corporativo ou de neg\u00f3cios \u00e9 aquele que toca o seu neg\u00f3cio abrindo uma empresa ou empreendimento. Ent\u00e3o, se n\u00e3o fundei uma empresa estou fora dessa. N\u00e3o sou empreendedor. N\u00e3o nasci para isso. Inclusive com essa hist\u00f3ria de nasci para isso, nasci para aquilo resolvi fazer uma visita a algumas maternidades para levar o crach\u00e1 dos profissionais que nasceram empreendedores. Amigo leitor, ningu\u00e9m nasce empreendedor. Ningu\u00e9m nasce um sucesso. N\u00f3s desenvolvemos caracter\u00edsticas empreendedoras durante a vida que v\u00e3o nos conduzir para o sucesso.<br>H\u00e1 um perfil que gosto muito que \u00e9 o \u201cintraempreendedor\u201d. Segundo Waldez Ludwig, o \u201cintraempreendedor\u201d \u00e9 aquele cara que toca o seu neg\u00f3cio dentro de outro neg\u00f3cio (da empresa em que trabalha), ou seja, \u00e9 muito mais que um funcion\u00e1rio, \u00e9 um profissional que est\u00e1 dentro da empresa, mas que na sua concep\u00e7\u00e3o entende de valor e coloca na cabe\u00e7a que trabalha para si e n\u00e3o para uma empresa. Infelizmente n\u00e3o \u00e9 t\u00e3o f\u00e1cil encontrar esses \u201ccaras\u201d. A maioria das pessoas trabalha pensando no seu final do m\u00eas.<br>O filme n\u00e1ufrago estrelado por Tom Hanks nos d\u00e1 uma fant\u00e1stica li\u00e7\u00e3o do que precisamos desenvolver para nossas a\u00e7\u00f5es empreendedoras. Afinal, que a\u00e7\u00f5es empreendedoras s\u00e3o estas? O personagem de Tom Hanks (Chuck) tinha uma vida fant\u00e1stica. Bem empregado em uma grande companhia com sonhos de construir sua fam\u00edlia ao lado noiva. Tudo muda quando num voo da Inglaterra para os Estados Unidos o avi\u00e3o em que estava cai numa ilha deserta e ele sendo o \u00fanico sobrevivente naquela ilha. Para suprir suas necessidades Chuck precisou desenvolver novas habilidades para sua sobreviv\u00eancia. Agora, e se fosse voc\u00ea meu amigo? Vamos ver algumas habilidades desenvolvidas pelo nosso amigo que v\u00e3o nos conduzir neste processo de desenvolvimento.<\/p>\n\n\n\n<figure class=\"wp-block-image size-large\"><img loading=\"lazy\" decoding=\"async\" width=\"1000\" height=\"562\" src=\"https:\/\/jornalfatosenoticias.com.br\/wp-content\/uploads\/2020\/05\/Walt-Disney-Studios.jpg\" alt=\"\" class=\"wp-image-4466\" srcset=\"https:\/\/jornalfatosenoticias.com.br\/wp-content\/uploads\/2020\/05\/Walt-Disney-Studios.jpg 1000w, https:\/\/jornalfatosenoticias.com.br\/wp-content\/uploads\/2020\/05\/Walt-Disney-Studios-300x169.jpg 300w, https:\/\/jornalfatosenoticias.com.br\/wp-content\/uploads\/2020\/05\/Walt-Disney-Studios-768x432.jpg 768w\" sizes=\"auto, (max-width: 1000px) 100vw, 1000px\" \/><figcaption><em>Quando Disney sonhou com a constru\u00e7\u00e3o do parque \u201cDisney World\u201d, muitos o chamaram de louco (Foto: Reprodu\u00e7\u00e3o)<\/em><\/figcaption><\/figure>\n\n\n\n<p><strong>SAIR DA ZONA DE CONFORTO:<\/strong> O lugar mais gostoso para se estar, mas ao mesmo tempo muito muito muito perigoso. Sair da zona de conforto n\u00e3o \u00e9 nada f\u00e1cil, mas necess\u00e1rio. Para o personagem Chuck, a zona de conforto nada mais era que aquilo que n\u00e3o lhe oferecia mais desafios. Um profissional campe\u00e3o \u00e9 apaixonado por desafios.<\/p>\n\n\n\n<p><strong>SE ADAPTAR A NOVOS AMBIENTES:<\/strong> Chuck precisou se adaptar a um novo ambiente que o incomodava muito. Imagine estar num ambiente totalmente desconhecido?<br>Algumas vezes somos colocados nesta situa\u00e7\u00e3o. Esse \u00e9 um dos grandes desafios dos profissionais modernos.<\/p>\n\n\n\n<p><strong>DESENVOLVER NOVAS HABILIDADES:<\/strong> Chuck quando cai na ilha certamente precisou desenvolver habilidades que nunca imaginou precisar na vida. Tomar \u00e1gua de coco \u00e9 muito bom, mas imagine se voc\u00ea precisasse subir no coqueiro, pegar o coco, abri-lo e depois colocar para gelar. Que del\u00edcia n\u00e3o \u00e9 verdade? Mas que trabalho hein. Pois \u00e9, essa foi uma das habilidades desenvolvidas pelo nosso amigo Chuck. Outra nova habilidade foi aprender a pescar com arp\u00e3o. Neste novo mundo precisamos desenvolver novas habilidades todos os dias para n\u00e3o ficarmos para tr\u00e1s.<\/p>\n\n\n\n<p><strong>CRIAR UM RELACIONAMENTO: <\/strong>Nenhum ser humano sobrevive ou se desenvolve sem se relacionar com o meio em que vive. Somos seres emotivos, comunicativos e fomos criados para nos relacionar e agregar a vida dos outros. Certo dia assistia a uma entrevista de Juliano Beletti, ex-jogador de futebol e atualmente comentarista esportivo. Ele dizia que todos os treinadores que trabalhavam com ele quando mudavam de clube tentavam lev\u00e1-lo para o clube, n\u00e3o porque ele era um grande jogador, o que realmente ele nunca foi, mas pela sua capacidade de se relacionar bem com as pessoas. Hoje as atitudes agregam muito mais valor que nossas habilidades.<\/p>\n","protected":false},"excerpt":{"rendered":"<p>\u201cEu gosto do imposs\u00edvel porque l\u00e1 a concorr\u00eancia \u00e9 menor\u201d, Walt Disney A capacidade vision\u00e1ria e empreendedora de Walt Disney o tornaram um dos homens mais bem-sucedidos e lembrados no mundo dos neg\u00f3cios. Quando Disney sonhou com a constru\u00e7\u00e3o do parque \u201cDisney World\u201d, muitos o chamaram de louco. Afinal, quem iria construir um parque no [&hellip;]<\/p>\n","protected":false},"author":2,"featured_media":4467,"comment_status":"open","ping_status":"open","sticky":false,"template":"","format":"standard","meta":{"footnotes":""},"categories":[2522],"tags":[2634,2635,2636,2631,2633,2632,2630],"class_list":["post-4465","post","type-post","status-publish","format-standard","has-post-thumbnail","hentry","category-comportamento","tag-capacidade","tag-concorrencia","tag-desenvolver","tag-disney-world","tag-empreendedor","tag-visionario","tag-walt-disney"],"yoast_head":"<!-- This site is optimized with the Yoast SEO plugin v26.5 - https:\/\/yoast.com\/wordpress\/plugins\/seo\/ -->\n<title>Desenvolva sua capacidade empreendedora - Jornal Fatos e Not\u00edcias<\/title>\n<meta name=\"robots\" content=\"index, follow, max-snippet:-1, max-image-preview:large, max-video-preview:-1\" \/>\n<link rel=\"canonical\" href=\"https:\/\/jornalfatosenoticias.com.br\/index.php\/2020\/05\/14\/desenvolva-sua-capacidade-empreendedora\/\" \/>\n<meta property=\"og:locale\" content=\"pt_BR\" \/>\n<meta property=\"og:type\" content=\"article\" \/>\n<meta property=\"og:title\" content=\"Desenvolva sua capacidade empreendedora - Jornal Fatos e Not\u00edcias\" \/>\n<meta property=\"og:description\" content=\"\u201cEu gosto do imposs\u00edvel porque l\u00e1 a concorr\u00eancia \u00e9 menor\u201d, Walt Disney A capacidade vision\u00e1ria e empreendedora de Walt Disney o tornaram um dos homens mais bem-sucedidos e lembrados no mundo dos neg\u00f3cios. Quando Disney sonhou com a constru\u00e7\u00e3o do parque \u201cDisney World\u201d, muitos o chamaram de louco. Afinal, quem iria construir um parque no [&hellip;]\" \/>\n<meta property=\"og:url\" content=\"https:\/\/jornalfatosenoticias.com.br\/index.php\/2020\/05\/14\/desenvolva-sua-capacidade-empreendedora\/\" \/>\n<meta property=\"og:site_name\" content=\"Jornal Fatos e Not\u00edcias\" \/>\n<meta property=\"article:published_time\" content=\"2020-05-14T20:25:01+00:00\" \/>\n<meta property=\"article:modified_time\" content=\"2020-05-14T20:25:06+00:00\" \/>\n<meta property=\"og:image\" content=\"https:\/\/jornalfatosenoticias.com.br\/wp-content\/uploads\/2020\/05\/Walt-Disney.jpg\" \/>\n\t<meta property=\"og:image:width\" content=\"1000\" \/>\n\t<meta property=\"og:image:height\" content=\"750\" \/>\n\t<meta property=\"og:image:type\" content=\"image\/jpeg\" \/>\n<meta name=\"author\" content=\"Luzimara Fernandes\" \/>\n<meta name=\"twitter:card\" content=\"summary_large_image\" \/>\n<meta name=\"twitter:label1\" content=\"Escrito por\" \/>\n\t<meta name=\"twitter:data1\" content=\"Luzimara Fernandes\" \/>\n\t<meta name=\"twitter:label2\" content=\"Est. tempo de leitura\" \/>\n\t<meta name=\"twitter:data2\" content=\"4 minutos\" \/>\n<script type=\"application\/ld+json\" class=\"yoast-schema-graph\">{\"@context\":\"https:\/\/schema.org\",\"@graph\":[{\"@type\":\"Article\",\"@id\":\"https:\/\/jornalfatosenoticias.com.br\/index.php\/2020\/05\/14\/desenvolva-sua-capacidade-empreendedora\/#article\",\"isPartOf\":{\"@id\":\"https:\/\/jornalfatosenoticias.com.br\/index.php\/2020\/05\/14\/desenvolva-sua-capacidade-empreendedora\/\"},\"author\":{\"name\":\"Luzimara Fernandes\",\"@id\":\"https:\/\/jornalfatosenoticias.com.br\/#\/schema\/person\/d63837fa13ac8666eb9e74e0985d6f81\"},\"headline\":\"Desenvolva sua capacidade empreendedora\",\"datePublished\":\"2020-05-14T20:25:01+00:00\",\"dateModified\":\"2020-05-14T20:25:06+00:00\",\"mainEntityOfPage\":{\"@id\":\"https:\/\/jornalfatosenoticias.com.br\/index.php\/2020\/05\/14\/desenvolva-sua-capacidade-empreendedora\/\"},\"wordCount\":859,\"commentCount\":0,\"publisher\":{\"@id\":\"https:\/\/jornalfatosenoticias.com.br\/#organization\"},\"image\":{\"@id\":\"https:\/\/jornalfatosenoticias.com.br\/index.php\/2020\/05\/14\/desenvolva-sua-capacidade-empreendedora\/#primaryimage\"},\"thumbnailUrl\":\"https:\/\/jornalfatosenoticias.com.br\/wp-content\/uploads\/2020\/05\/Walt-Disney.jpg\",\"keywords\":[\"capacidade\",\"concorr\u00eancia\",\"desenvolver\",\"Disney World\",\"empreendedor\",\"vision\u00e1rio\",\"Walt Disney\"],\"articleSection\":[\"Comportamento &amp; Equil\u00edbrio\"],\"inLanguage\":\"pt-BR\",\"potentialAction\":[{\"@type\":\"CommentAction\",\"name\":\"Comment\",\"target\":[\"https:\/\/jornalfatosenoticias.com.br\/index.php\/2020\/05\/14\/desenvolva-sua-capacidade-empreendedora\/#respond\"]}]},{\"@type\":\"WebPage\",\"@id\":\"https:\/\/jornalfatosenoticias.com.br\/index.php\/2020\/05\/14\/desenvolva-sua-capacidade-empreendedora\/\",\"url\":\"https:\/\/jornalfatosenoticias.com.br\/index.php\/2020\/05\/14\/desenvolva-sua-capacidade-empreendedora\/\",\"name\":\"Desenvolva sua capacidade empreendedora - Jornal Fatos e Not\u00edcias\",\"isPartOf\":{\"@id\":\"https:\/\/jornalfatosenoticias.com.br\/#website\"},\"primaryImageOfPage\":{\"@id\":\"https:\/\/jornalfatosenoticias.com.br\/index.php\/2020\/05\/14\/desenvolva-sua-capacidade-empreendedora\/#primaryimage\"},\"image\":{\"@id\":\"https:\/\/jornalfatosenoticias.com.br\/index.php\/2020\/05\/14\/desenvolva-sua-capacidade-empreendedora\/#primaryimage\"},\"thumbnailUrl\":\"https:\/\/jornalfatosenoticias.com.br\/wp-content\/uploads\/2020\/05\/Walt-Disney.jpg\",\"datePublished\":\"2020-05-14T20:25:01+00:00\",\"dateModified\":\"2020-05-14T20:25:06+00:00\",\"breadcrumb\":{\"@id\":\"https:\/\/jornalfatosenoticias.com.br\/index.php\/2020\/05\/14\/desenvolva-sua-capacidade-empreendedora\/#breadcrumb\"},\"inLanguage\":\"pt-BR\",\"potentialAction\":[{\"@type\":\"ReadAction\",\"target\":[\"https:\/\/jornalfatosenoticias.com.br\/index.php\/2020\/05\/14\/desenvolva-sua-capacidade-empreendedora\/\"]}]},{\"@type\":\"ImageObject\",\"inLanguage\":\"pt-BR\",\"@id\":\"https:\/\/jornalfatosenoticias.com.br\/index.php\/2020\/05\/14\/desenvolva-sua-capacidade-empreendedora\/#primaryimage\",\"url\":\"https:\/\/jornalfatosenoticias.com.br\/wp-content\/uploads\/2020\/05\/Walt-Disney.jpg\",\"contentUrl\":\"https:\/\/jornalfatosenoticias.com.br\/wp-content\/uploads\/2020\/05\/Walt-Disney.jpg\",\"width\":1000,\"height\":750},{\"@type\":\"BreadcrumbList\",\"@id\":\"https:\/\/jornalfatosenoticias.com.br\/index.php\/2020\/05\/14\/desenvolva-sua-capacidade-empreendedora\/#breadcrumb\",\"itemListElement\":[{\"@type\":\"ListItem\",\"position\":1,\"name\":\"In\u00edcio\",\"item\":\"https:\/\/jornalfatosenoticias.com.br\/\"},{\"@type\":\"ListItem\",\"position\":2,\"name\":\"Desenvolva sua capacidade empreendedora\"}]},{\"@type\":\"WebSite\",\"@id\":\"https:\/\/jornalfatosenoticias.com.br\/#website\",\"url\":\"https:\/\/jornalfatosenoticias.com.br\/\",\"name\":\"Jornal Fatos e Not\u00edcias\",\"description\":\"Not\u00edcias em geral\",\"publisher\":{\"@id\":\"https:\/\/jornalfatosenoticias.com.br\/#organization\"},\"potentialAction\":[{\"@type\":\"SearchAction\",\"target\":{\"@type\":\"EntryPoint\",\"urlTemplate\":\"https:\/\/jornalfatosenoticias.com.br\/?s={search_term_string}\"},\"query-input\":{\"@type\":\"PropertyValueSpecification\",\"valueRequired\":true,\"valueName\":\"search_term_string\"}}],\"inLanguage\":\"pt-BR\"},{\"@type\":\"Organization\",\"@id\":\"https:\/\/jornalfatosenoticias.com.br\/#organization\",\"name\":\"Jornal Fatos e Not\u00edcias\",\"url\":\"https:\/\/jornalfatosenoticias.com.br\/\",\"logo\":{\"@type\":\"ImageObject\",\"inLanguage\":\"pt-BR\",\"@id\":\"https:\/\/jornalfatosenoticias.com.br\/#\/schema\/logo\/image\/\",\"url\":\"https:\/\/jornalfatosenoticias.com.br\/wp-content\/uploads\/2020\/02\/logo120.png\",\"contentUrl\":\"https:\/\/jornalfatosenoticias.com.br\/wp-content\/uploads\/2020\/02\/logo120.png\",\"width\":1227,\"height\":120,\"caption\":\"Jornal Fatos e Not\u00edcias\"},\"image\":{\"@id\":\"https:\/\/jornalfatosenoticias.com.br\/#\/schema\/logo\/image\/\"}},{\"@type\":\"Person\",\"@id\":\"https:\/\/jornalfatosenoticias.com.br\/#\/schema\/person\/d63837fa13ac8666eb9e74e0985d6f81\",\"name\":\"Luzimara Fernandes\",\"image\":{\"@type\":\"ImageObject\",\"inLanguage\":\"pt-BR\",\"@id\":\"https:\/\/jornalfatosenoticias.com.br\/#\/schema\/person\/image\/\",\"url\":\"https:\/\/jornalfatosenoticias.com.br\/wp-content\/uploads\/2025\/05\/EU_portal.jpg\",\"contentUrl\":\"https:\/\/jornalfatosenoticias.com.br\/wp-content\/uploads\/2025\/05\/EU_portal.jpg\",\"caption\":\"Luzimara Fernandes\"},\"description\":\"Jornalista MTB 2358-ES\",\"sameAs\":[\"https:\/\/jornalfatosenoticias.com.br\"],\"url\":\"https:\/\/jornalfatosenoticias.com.br\/index.php\/author\/luzimara\/\"}]}<\/script>\n<!-- \/ Yoast SEO plugin. -->","yoast_head_json":{"title":"Desenvolva sua capacidade empreendedora - Jornal Fatos e Not\u00edcias","robots":{"index":"index","follow":"follow","max-snippet":"max-snippet:-1","max-image-preview":"max-image-preview:large","max-video-preview":"max-video-preview:-1"},"canonical":"https:\/\/jornalfatosenoticias.com.br\/index.php\/2020\/05\/14\/desenvolva-sua-capacidade-empreendedora\/","og_locale":"pt_BR","og_type":"article","og_title":"Desenvolva sua capacidade empreendedora - Jornal Fatos e Not\u00edcias","og_description":"\u201cEu gosto do imposs\u00edvel porque l\u00e1 a concorr\u00eancia \u00e9 menor\u201d, Walt Disney A capacidade vision\u00e1ria e empreendedora de Walt Disney o tornaram um dos homens mais bem-sucedidos e lembrados no mundo dos neg\u00f3cios. Quando Disney sonhou com a constru\u00e7\u00e3o do parque \u201cDisney World\u201d, muitos o chamaram de louco. Afinal, quem iria construir um parque no [&hellip;]","og_url":"https:\/\/jornalfatosenoticias.com.br\/index.php\/2020\/05\/14\/desenvolva-sua-capacidade-empreendedora\/","og_site_name":"Jornal Fatos e Not\u00edcias","article_published_time":"2020-05-14T20:25:01+00:00","article_modified_time":"2020-05-14T20:25:06+00:00","og_image":[{"width":1000,"height":750,"url":"https:\/\/jornalfatosenoticias.com.br\/wp-content\/uploads\/2020\/05\/Walt-Disney.jpg","type":"image\/jpeg"}],"author":"Luzimara Fernandes","twitter_card":"summary_large_image","twitter_misc":{"Escrito por":"Luzimara Fernandes","Est. tempo de leitura":"4 minutos"},"schema":{"@context":"https:\/\/schema.org","@graph":[{"@type":"Article","@id":"https:\/\/jornalfatosenoticias.com.br\/index.php\/2020\/05\/14\/desenvolva-sua-capacidade-empreendedora\/#article","isPartOf":{"@id":"https:\/\/jornalfatosenoticias.com.br\/index.php\/2020\/05\/14\/desenvolva-sua-capacidade-empreendedora\/"},"author":{"name":"Luzimara Fernandes","@id":"https:\/\/jornalfatosenoticias.com.br\/#\/schema\/person\/d63837fa13ac8666eb9e74e0985d6f81"},"headline":"Desenvolva sua capacidade empreendedora","datePublished":"2020-05-14T20:25:01+00:00","dateModified":"2020-05-14T20:25:06+00:00","mainEntityOfPage":{"@id":"https:\/\/jornalfatosenoticias.com.br\/index.php\/2020\/05\/14\/desenvolva-sua-capacidade-empreendedora\/"},"wordCount":859,"commentCount":0,"publisher":{"@id":"https:\/\/jornalfatosenoticias.com.br\/#organization"},"image":{"@id":"https:\/\/jornalfatosenoticias.com.br\/index.php\/2020\/05\/14\/desenvolva-sua-capacidade-empreendedora\/#primaryimage"},"thumbnailUrl":"https:\/\/jornalfatosenoticias.com.br\/wp-content\/uploads\/2020\/05\/Walt-Disney.jpg","keywords":["capacidade","concorr\u00eancia","desenvolver","Disney World","empreendedor","vision\u00e1rio","Walt Disney"],"articleSection":["Comportamento &amp; Equil\u00edbrio"],"inLanguage":"pt-BR","potentialAction":[{"@type":"CommentAction","name":"Comment","target":["https:\/\/jornalfatosenoticias.com.br\/index.php\/2020\/05\/14\/desenvolva-sua-capacidade-empreendedora\/#respond"]}]},{"@type":"WebPage","@id":"https:\/\/jornalfatosenoticias.com.br\/index.php\/2020\/05\/14\/desenvolva-sua-capacidade-empreendedora\/","url":"https:\/\/jornalfatosenoticias.com.br\/index.php\/2020\/05\/14\/desenvolva-sua-capacidade-empreendedora\/","name":"Desenvolva sua capacidade empreendedora - Jornal Fatos e Not\u00edcias","isPartOf":{"@id":"https:\/\/jornalfatosenoticias.com.br\/#website"},"primaryImageOfPage":{"@id":"https:\/\/jornalfatosenoticias.com.br\/index.php\/2020\/05\/14\/desenvolva-sua-capacidade-empreendedora\/#primaryimage"},"image":{"@id":"https:\/\/jornalfatosenoticias.com.br\/index.php\/2020\/05\/14\/desenvolva-sua-capacidade-empreendedora\/#primaryimage"},"thumbnailUrl":"https:\/\/jornalfatosenoticias.com.br\/wp-content\/uploads\/2020\/05\/Walt-Disney.jpg","datePublished":"2020-05-14T20:25:01+00:00","dateModified":"2020-05-14T20:25:06+00:00","breadcrumb":{"@id":"https:\/\/jornalfatosenoticias.com.br\/index.php\/2020\/05\/14\/desenvolva-sua-capacidade-empreendedora\/#breadcrumb"},"inLanguage":"pt-BR","potentialAction":[{"@type":"ReadAction","target":["https:\/\/jornalfatosenoticias.com.br\/index.php\/2020\/05\/14\/desenvolva-sua-capacidade-empreendedora\/"]}]},{"@type":"ImageObject","inLanguage":"pt-BR","@id":"https:\/\/jornalfatosenoticias.com.br\/index.php\/2020\/05\/14\/desenvolva-sua-capacidade-empreendedora\/#primaryimage","url":"https:\/\/jornalfatosenoticias.com.br\/wp-content\/uploads\/2020\/05\/Walt-Disney.jpg","contentUrl":"https:\/\/jornalfatosenoticias.com.br\/wp-content\/uploads\/2020\/05\/Walt-Disney.jpg","width":1000,"height":750},{"@type":"BreadcrumbList","@id":"https:\/\/jornalfatosenoticias.com.br\/index.php\/2020\/05\/14\/desenvolva-sua-capacidade-empreendedora\/#breadcrumb","itemListElement":[{"@type":"ListItem","position":1,"name":"In\u00edcio","item":"https:\/\/jornalfatosenoticias.com.br\/"},{"@type":"ListItem","position":2,"name":"Desenvolva sua capacidade empreendedora"}]},{"@type":"WebSite","@id":"https:\/\/jornalfatosenoticias.com.br\/#website","url":"https:\/\/jornalfatosenoticias.com.br\/","name":"Jornal Fatos e Not\u00edcias","description":"Not\u00edcias em geral","publisher":{"@id":"https:\/\/jornalfatosenoticias.com.br\/#organization"},"potentialAction":[{"@type":"SearchAction","target":{"@type":"EntryPoint","urlTemplate":"https:\/\/jornalfatosenoticias.com.br\/?s={search_term_string}"},"query-input":{"@type":"PropertyValueSpecification","valueRequired":true,"valueName":"search_term_string"}}],"inLanguage":"pt-BR"},{"@type":"Organization","@id":"https:\/\/jornalfatosenoticias.com.br\/#organization","name":"Jornal Fatos e Not\u00edcias","url":"https:\/\/jornalfatosenoticias.com.br\/","logo":{"@type":"ImageObject","inLanguage":"pt-BR","@id":"https:\/\/jornalfatosenoticias.com.br\/#\/schema\/logo\/image\/","url":"https:\/\/jornalfatosenoticias.com.br\/wp-content\/uploads\/2020\/02\/logo120.png","contentUrl":"https:\/\/jornalfatosenoticias.com.br\/wp-content\/uploads\/2020\/02\/logo120.png","width":1227,"height":120,"caption":"Jornal Fatos e Not\u00edcias"},"image":{"@id":"https:\/\/jornalfatosenoticias.com.br\/#\/schema\/logo\/image\/"}},{"@type":"Person","@id":"https:\/\/jornalfatosenoticias.com.br\/#\/schema\/person\/d63837fa13ac8666eb9e74e0985d6f81","name":"Luzimara Fernandes","image":{"@type":"ImageObject","inLanguage":"pt-BR","@id":"https:\/\/jornalfatosenoticias.com.br\/#\/schema\/person\/image\/","url":"https:\/\/jornalfatosenoticias.com.br\/wp-content\/uploads\/2025\/05\/EU_portal.jpg","contentUrl":"https:\/\/jornalfatosenoticias.com.br\/wp-content\/uploads\/2025\/05\/EU_portal.jpg","caption":"Luzimara Fernandes"},"description":"Jornalista MTB 2358-ES","sameAs":["https:\/\/jornalfatosenoticias.com.br"],"url":"https:\/\/jornalfatosenoticias.com.br\/index.php\/author\/luzimara\/"}]}},"cc_featured_image_caption":{"caption_text":"Walt Disney (Foto: Google) \r\n","source_text":"","source_url":""},"jetpack_featured_media_url":"https:\/\/jornalfatosenoticias.com.br\/wp-content\/uploads\/2020\/05\/Walt-Disney.jpg","_links":{"self":[{"href":"https:\/\/jornalfatosenoticias.com.br\/index.php\/wp-json\/wp\/v2\/posts\/4465","targetHints":{"allow":["GET"]}}],"collection":[{"href":"https:\/\/jornalfatosenoticias.com.br\/index.php\/wp-json\/wp\/v2\/posts"}],"about":[{"href":"https:\/\/jornalfatosenoticias.com.br\/index.php\/wp-json\/wp\/v2\/types\/post"}],"author":[{"embeddable":true,"href":"https:\/\/jornalfatosenoticias.com.br\/index.php\/wp-json\/wp\/v2\/users\/2"}],"replies":[{"embeddable":true,"href":"https:\/\/jornalfatosenoticias.com.br\/index.php\/wp-json\/wp\/v2\/comments?post=4465"}],"version-history":[{"count":0,"href":"https:\/\/jornalfatosenoticias.com.br\/index.php\/wp-json\/wp\/v2\/posts\/4465\/revisions"}],"wp:featuredmedia":[{"embeddable":true,"href":"https:\/\/jornalfatosenoticias.com.br\/index.php\/wp-json\/wp\/v2\/media\/4467"}],"wp:attachment":[{"href":"https:\/\/jornalfatosenoticias.com.br\/index.php\/wp-json\/wp\/v2\/media?parent=4465"}],"wp:term":[{"taxonomy":"category","embeddable":true,"href":"https:\/\/jornalfatosenoticias.com.br\/index.php\/wp-json\/wp\/v2\/categories?post=4465"},{"taxonomy":"post_tag","embeddable":true,"href":"https:\/\/jornalfatosenoticias.com.br\/index.php\/wp-json\/wp\/v2\/tags?post=4465"}],"curies":[{"name":"wp","href":"https:\/\/api.w.org\/{rel}","templated":true}]}}