{"id":44650,"date":"2023-08-29T16:19:28","date_gmt":"2023-08-29T19:19:28","guid":{"rendered":"https:\/\/jornalfatosenoticias.com.br\/?p=44650"},"modified":"2023-08-29T16:19:29","modified_gmt":"2023-08-29T19:19:29","slug":"primo-do-t-rex-tinha-focinho-de-bulldog-e-bracos-ainda-mais-curtos","status":"publish","type":"post","link":"https:\/\/jornalfatosenoticias.com.br\/index.php\/2023\/08\/29\/primo-do-t-rex-tinha-focinho-de-bulldog-e-bracos-ainda-mais-curtos\/","title":{"rendered":"\u2018Primo do T. Rex\u2019 tinha focinho de bulldog e bra\u00e7os ainda mais curtos"},"content":{"rendered":"\n<p><em><span class=\"has-inline-color has-black-color\">F\u00f3sseis de duas esp\u00e9cies de dinossauros encontradas no Marrocos descrevem como eram os primos do T. Rex<\/span><\/em><\/p>\n\n\n\n<p><em><span class=\"has-inline-color has-black-color\">Por <strong><a href=\"https:\/\/aventurasnahistoria.uol.com.br\/autor\/fabio-previdelli\/\">F\u00e1bio Previdelli<\/a><\/strong><\/span><\/em><\/p>\n\n\n\n<div class=\"wp-block-image\"><figure class=\"aligncenter size-large\"><img loading=\"lazy\" decoding=\"async\" width=\"300\" height=\"137\" src=\"https:\/\/jornalfatosenoticias.com.br\/wp-content\/uploads\/2023\/06\/LOGO_JULIANA-GRACA_PORTAL.jpg\" alt=\"\" class=\"wp-image-42597\"\/><\/figure><\/div>\n\n\n\n<p>Denominado como <a href=\"https:\/\/aventurasnahistoria.uol.com.br\/noticias\/historia-hoje\/o-detalhe-sobre-o-tiranossauro-rex-que-jurassic-park-errou.phtml\" rel=\"noreferrer noopener\" target=\"_blank\">Rei dos Dinossauros, o T.Rex<\/a>\u00a0\u00e9 conhecido por seus bra\u00e7os curtos. Mas um novo estudo publicado na\u00a0<a href=\"https:\/\/www.sciencedirect.com\/science\/article\/abs\/pii\/S0195667123002057\" rel=\"noreferrer noopener\" target=\"_blank\">Cretaceous Research<\/a> sugere que o &#8216;primo&#8217; da esp\u00e9cie tinha os membros ainda menores. Pesquisadores da Universidade de Bath analisaram os restos mortais dos\u00a0<mark>&#8220;primos primitivos&#8221; do T. Rex<\/mark>\u00a0que foram encontrados no Marrocos. Os carn\u00edvoros\u00a0<em>Abelisauridae<\/em>\u00a0s\u00e3o equivalentes aos\u00a0<mark>tiranossauros do Hemisf\u00e9rio Norte<\/mark>.<br>Atrav\u00e9s do estudo de seus restos fossilizados, os pesquisadores encontraram ainda uma caracter\u00edstica mais peculiar: al\u00e9m dos bra\u00e7os mais curtos que os do\u00a0<mark>T. Rex<\/mark>, os <em>Abelisauridae<\/em> ainda tinham focinhos curtos, como os de buldogues. Os f\u00f3sseis das duas novas esp\u00e9cies foram encontradas na regi\u00e3o de Casablanca. Eles foram datados do\u00a0<mark>per\u00edodo Cret\u00e1ceo<\/mark>, pouco antes do asteroide colidir com a Terra e causar uma extin\u00e7\u00e3o em massa, h\u00e1 66 milh\u00f5es de anos.<br>Uma das esp\u00e9cies foi encontrada aos arredores da cidade de Sidi Daoui, sendo representado por um osso do p\u00e9 do predador, que media cerca de 2,5 metros de comprimento. O outro f\u00f3ssil foi identificado em Sidi Chennane, fazendo parte da t\u00edbia do dinossauro, que podia atingir os cinco metros de comprimento.<\/p>\n\n\n\n<div class=\"wp-block-image\"><figure class=\"aligncenter size-large is-resized\"><img loading=\"lazy\" decoding=\"async\" src=\"https:\/\/jornalfatosenoticias.com.br\/wp-content\/uploads\/2022\/10\/RC_800x750_page-0001.jpg\" alt=\"\" class=\"wp-image-35338\" width=\"294\" height=\"276\" srcset=\"https:\/\/jornalfatosenoticias.com.br\/wp-content\/uploads\/2022\/10\/RC_800x750_page-0001.jpg 400w, https:\/\/jornalfatosenoticias.com.br\/wp-content\/uploads\/2022\/10\/RC_800x750_page-0001-300x281.jpg 300w\" sizes=\"auto, (max-width: 294px) 100vw, 294px\" \/><\/figure><\/div>\n\n\n\n<blockquote class=\"wp-block-quote is-layout-flow wp-block-quote-is-layout-flow\"><p><span class=\"has-inline-color has-luminous-vivid-orange-color\">O que \u00e9 surpreendente aqui \u00e9 que estes s\u00e3o leitos marinhos. \u00c9 um mar raso e tropical cheio de plesiossauros, mosassauros e tubar\u00f5es. N\u00e3o \u00e9 exatamente um lugar onde voc\u00ea esperaria encontrar muitos dinossauros. Mas estamos encontrando eles&#8221;, relatou <strong>Nick Longrich<\/strong>, l\u00edder do estudo, conforme repercutiu o Daily Mail.<\/span><\/p><\/blockquote>\n\n\n\n<div class=\"wp-block-image\"><figure class=\"aligncenter size-large is-resized\"><img loading=\"lazy\" decoding=\"async\" src=\"https:\/\/jornalfatosenoticias.com.br\/wp-content\/uploads\/2023\/07\/lacremoda.jpg\" alt=\"\" class=\"wp-image-43706\" width=\"393\" height=\"220\" srcset=\"https:\/\/jornalfatosenoticias.com.br\/wp-content\/uploads\/2023\/07\/lacremoda.jpg 1024w, https:\/\/jornalfatosenoticias.com.br\/wp-content\/uploads\/2023\/07\/lacremoda-300x168.jpg 300w, https:\/\/jornalfatosenoticias.com.br\/wp-content\/uploads\/2023\/07\/lacremoda-768x431.jpg 768w\" sizes=\"auto, (max-width: 393px) 100vw, 393px\" \/><\/figure><\/div>\n\n\n\n<p>Os pesquisadores informaram que foi descoberto cinco esp\u00e9cies diferentes de dinossauros na regi\u00e3o: sendo um pequeno dino chamado <em>Ajnabia,<\/em> que possui um bico de pato; um titanossauro de pesco\u00e7o longo; o gigante <em>abelisauro<\/em>\u00a0<mark><em>Chenanisaurus<\/em><\/mark>; e as duas novas esp\u00e9cies j\u00e1 descritas.<\/p>\n\n\n\n<blockquote class=\"wp-block-quote is-layout-flow wp-block-quote-is-layout-flow\"><p><span class=\"has-inline-color has-luminous-vivid-orange-color\">Temos outros f\u00f3sseis tamb\u00e9m, mas eles est\u00e3o atualmente em estudo. Portanto, n\u00e3o podemos dizer muito sobre eles no momento, exceto que se tratava de uma fauna de dinossauros incrivelmente diversificada&#8221;, prosseguiu <strong>Longrich.<\/strong><\/span><\/p><\/blockquote>\n\n\n\n<div class=\"wp-block-image\"><figure class=\"aligncenter size-large is-resized\"><img loading=\"lazy\" decoding=\"async\" src=\"https:\/\/jornalfatosenoticias.com.br\/wp-content\/uploads\/2023\/03\/logo-Panper_portal.jpg\" alt=\"\" class=\"wp-image-40208\" width=\"316\" height=\"219\" srcset=\"https:\/\/jornalfatosenoticias.com.br\/wp-content\/uploads\/2023\/03\/logo-Panper_portal.jpg 400w, https:\/\/jornalfatosenoticias.com.br\/wp-content\/uploads\/2023\/03\/logo-Panper_portal-300x208.jpg 300w\" sizes=\"auto, (max-width: 316px) 100vw, 316px\" \/><\/figure><\/div>\n\n\n\n<p>As recentes descobertas ajudam no debate de que os dinossauros prosperaram no Norte da \u00c1frica at\u00e9 a queda do asteroide, que foi respons\u00e1vel por aniquilar 90% de todas as esp\u00e9cies que viviam no nosso planeta.<\/p>\n\n\n\n<blockquote class=\"wp-block-quote is-layout-flow wp-block-quote-is-layout-flow\"><p><span class=\"has-inline-color has-luminous-vivid-orange-color\">Quando o T. Rex reinou como megapredador na Am\u00e9rica do Norte, os abelisauros estavam no topo das cadeias alimentares no Norte de \u00c1frica&#8221;, explicou o professor <strong>Nour-Eddine Jalil, <\/strong>coautor do artigo. &#8220;Os restos de dinossauros, apesar de sua raridade, transmitem as mesmas mensagens que os restos de r\u00e9pteis marinhos mais abundantes. Dizem-nos que, pouco antes da crise do Cret\u00e1ceo-Pale\u00f3geno, a biodiversidade n\u00e3o estava em decl\u00ednio, mas, pelo contr\u00e1rio, era diversa&#8221;, concluiu.<\/span><\/p><\/blockquote>\n\n\n\n<div class=\"wp-block-image\"><figure class=\"aligncenter size-large is-resized\"><img loading=\"lazy\" decoding=\"async\" src=\"https:\/\/jornalfatosenoticias.com.br\/wp-content\/uploads\/2023\/08\/Control-Systems.jpg\" alt=\"\" class=\"wp-image-44092\" width=\"318\" height=\"381\"\/><\/figure><\/div>\n\n\n\n<p><em><strong>Fonte: <a href=\"https:\/\/aventurasnahistoria.uol.com.br\/noticias\/historia-hoje\/primo-do-t-rex-tinha-focinho-de-bulldog-bracos-ainda-mais-curtos.phtml\">Aventuras na Hist\u00f3ria<\/a><\/strong><\/em><\/p>\n","protected":false},"excerpt":{"rendered":"<p>F\u00f3sseis de duas esp\u00e9cies de dinossauros encontradas no Marrocos descrevem como eram os primos do T. Rex Por F\u00e1bio Previdelli Denominado como Rei dos Dinossauros, o T.Rex\u00a0\u00e9 conhecido por seus bra\u00e7os curtos. Mas um novo estudo publicado na\u00a0Cretaceous Research sugere que o &#8216;primo&#8217; da esp\u00e9cie tinha os membros ainda menores. Pesquisadores da Universidade de Bath [&hellip;]<\/p>\n","protected":false},"author":2,"featured_media":44651,"comment_status":"open","ping_status":"open","sticky":false,"template":"","format":"standard","meta":{"footnotes":""},"categories":[9808],"tags":[21025,714,663,1031,21026,7503],"class_list":["post-44650","post","type-post","status-publish","format-standard","has-post-thumbnail","hentry","category-paleo-arqueologia","tag-abelisauridae","tag-estudo","tag-fossil","tag-marrocos","tag-t-rex","tag-tiranossauro-rex"],"yoast_head":"<!-- This site is optimized with the Yoast SEO plugin v26.5 - https:\/\/yoast.com\/wordpress\/plugins\/seo\/ -->\n<title>\u2018Primo do T. Rex\u2019 tinha focinho de bulldog e bra\u00e7os ainda mais curtos - Jornal Fatos e Not\u00edcias<\/title>\n<meta name=\"robots\" content=\"index, follow, max-snippet:-1, max-image-preview:large, max-video-preview:-1\" \/>\n<link rel=\"canonical\" href=\"https:\/\/jornalfatosenoticias.com.br\/index.php\/2023\/08\/29\/primo-do-t-rex-tinha-focinho-de-bulldog-e-bracos-ainda-mais-curtos\/\" \/>\n<meta property=\"og:locale\" content=\"pt_BR\" \/>\n<meta property=\"og:type\" content=\"article\" \/>\n<meta property=\"og:title\" content=\"\u2018Primo do T. Rex\u2019 tinha focinho de bulldog e bra\u00e7os ainda mais curtos - Jornal Fatos e Not\u00edcias\" \/>\n<meta property=\"og:description\" content=\"F\u00f3sseis de duas esp\u00e9cies de dinossauros encontradas no Marrocos descrevem como eram os primos do T. Rex Por F\u00e1bio Previdelli Denominado como Rei dos Dinossauros, o T.Rex\u00a0\u00e9 conhecido por seus bra\u00e7os curtos. Mas um novo estudo publicado na\u00a0Cretaceous Research sugere que o &#8216;primo&#8217; da esp\u00e9cie tinha os membros ainda menores. Pesquisadores da Universidade de Bath [&hellip;]\" \/>\n<meta property=\"og:url\" content=\"https:\/\/jornalfatosenoticias.com.br\/index.php\/2023\/08\/29\/primo-do-t-rex-tinha-focinho-de-bulldog-e-bracos-ainda-mais-curtos\/\" \/>\n<meta property=\"og:site_name\" content=\"Jornal Fatos e Not\u00edcias\" \/>\n<meta property=\"article:published_time\" content=\"2023-08-29T19:19:28+00:00\" \/>\n<meta property=\"article:modified_time\" content=\"2023-08-29T19:19:29+00:00\" \/>\n<meta property=\"og:image\" content=\"https:\/\/jornalfatosenoticias.com.br\/wp-content\/uploads\/2023\/08\/primo_t-rex.jpg\" \/>\n\t<meta property=\"og:image:width\" content=\"800\" \/>\n\t<meta property=\"og:image:height\" content=\"450\" \/>\n\t<meta property=\"og:image:type\" content=\"image\/jpeg\" \/>\n<meta name=\"author\" content=\"Luzimara Fernandes\" \/>\n<meta name=\"twitter:card\" content=\"summary_large_image\" \/>\n<meta name=\"twitter:label1\" content=\"Escrito por\" \/>\n\t<meta name=\"twitter:data1\" content=\"Luzimara Fernandes\" \/>\n\t<meta name=\"twitter:label2\" content=\"Est. tempo de leitura\" \/>\n\t<meta name=\"twitter:data2\" content=\"2 minutos\" \/>\n<script type=\"application\/ld+json\" class=\"yoast-schema-graph\">{\"@context\":\"https:\/\/schema.org\",\"@graph\":[{\"@type\":\"Article\",\"@id\":\"https:\/\/jornalfatosenoticias.com.br\/index.php\/2023\/08\/29\/primo-do-t-rex-tinha-focinho-de-bulldog-e-bracos-ainda-mais-curtos\/#article\",\"isPartOf\":{\"@id\":\"https:\/\/jornalfatosenoticias.com.br\/index.php\/2023\/08\/29\/primo-do-t-rex-tinha-focinho-de-bulldog-e-bracos-ainda-mais-curtos\/\"},\"author\":{\"name\":\"Luzimara Fernandes\",\"@id\":\"https:\/\/jornalfatosenoticias.com.br\/#\/schema\/person\/d63837fa13ac8666eb9e74e0985d6f81\"},\"headline\":\"\u2018Primo do T. Rex\u2019 tinha focinho de bulldog e bra\u00e7os ainda mais curtos\",\"datePublished\":\"2023-08-29T19:19:28+00:00\",\"dateModified\":\"2023-08-29T19:19:29+00:00\",\"mainEntityOfPage\":{\"@id\":\"https:\/\/jornalfatosenoticias.com.br\/index.php\/2023\/08\/29\/primo-do-t-rex-tinha-focinho-de-bulldog-e-bracos-ainda-mais-curtos\/\"},\"wordCount\":488,\"commentCount\":0,\"publisher\":{\"@id\":\"https:\/\/jornalfatosenoticias.com.br\/#organization\"},\"image\":{\"@id\":\"https:\/\/jornalfatosenoticias.com.br\/index.php\/2023\/08\/29\/primo-do-t-rex-tinha-focinho-de-bulldog-e-bracos-ainda-mais-curtos\/#primaryimage\"},\"thumbnailUrl\":\"https:\/\/jornalfatosenoticias.com.br\/wp-content\/uploads\/2023\/08\/primo_t-rex.jpg\",\"keywords\":[\"Abelisauridae\",\"Estudo\",\"f\u00f3ssil\",\"Marrocos\",\"T. rex\",\"tiranossauro rex\"],\"articleSection\":[\"Paleo &amp; Arqueologia\"],\"inLanguage\":\"pt-BR\",\"potentialAction\":[{\"@type\":\"CommentAction\",\"name\":\"Comment\",\"target\":[\"https:\/\/jornalfatosenoticias.com.br\/index.php\/2023\/08\/29\/primo-do-t-rex-tinha-focinho-de-bulldog-e-bracos-ainda-mais-curtos\/#respond\"]}]},{\"@type\":\"WebPage\",\"@id\":\"https:\/\/jornalfatosenoticias.com.br\/index.php\/2023\/08\/29\/primo-do-t-rex-tinha-focinho-de-bulldog-e-bracos-ainda-mais-curtos\/\",\"url\":\"https:\/\/jornalfatosenoticias.com.br\/index.php\/2023\/08\/29\/primo-do-t-rex-tinha-focinho-de-bulldog-e-bracos-ainda-mais-curtos\/\",\"name\":\"\u2018Primo do T. Rex\u2019 tinha focinho de bulldog e bra\u00e7os ainda mais curtos - Jornal Fatos e Not\u00edcias\",\"isPartOf\":{\"@id\":\"https:\/\/jornalfatosenoticias.com.br\/#website\"},\"primaryImageOfPage\":{\"@id\":\"https:\/\/jornalfatosenoticias.com.br\/index.php\/2023\/08\/29\/primo-do-t-rex-tinha-focinho-de-bulldog-e-bracos-ainda-mais-curtos\/#primaryimage\"},\"image\":{\"@id\":\"https:\/\/jornalfatosenoticias.com.br\/index.php\/2023\/08\/29\/primo-do-t-rex-tinha-focinho-de-bulldog-e-bracos-ainda-mais-curtos\/#primaryimage\"},\"thumbnailUrl\":\"https:\/\/jornalfatosenoticias.com.br\/wp-content\/uploads\/2023\/08\/primo_t-rex.jpg\",\"datePublished\":\"2023-08-29T19:19:28+00:00\",\"dateModified\":\"2023-08-29T19:19:29+00:00\",\"breadcrumb\":{\"@id\":\"https:\/\/jornalfatosenoticias.com.br\/index.php\/2023\/08\/29\/primo-do-t-rex-tinha-focinho-de-bulldog-e-bracos-ainda-mais-curtos\/#breadcrumb\"},\"inLanguage\":\"pt-BR\",\"potentialAction\":[{\"@type\":\"ReadAction\",\"target\":[\"https:\/\/jornalfatosenoticias.com.br\/index.php\/2023\/08\/29\/primo-do-t-rex-tinha-focinho-de-bulldog-e-bracos-ainda-mais-curtos\/\"]}]},{\"@type\":\"ImageObject\",\"inLanguage\":\"pt-BR\",\"@id\":\"https:\/\/jornalfatosenoticias.com.br\/index.php\/2023\/08\/29\/primo-do-t-rex-tinha-focinho-de-bulldog-e-bracos-ainda-mais-curtos\/#primaryimage\",\"url\":\"https:\/\/jornalfatosenoticias.com.br\/wp-content\/uploads\/2023\/08\/primo_t-rex.jpg\",\"contentUrl\":\"https:\/\/jornalfatosenoticias.com.br\/wp-content\/uploads\/2023\/08\/primo_t-rex.jpg\",\"width\":800,\"height\":450},{\"@type\":\"BreadcrumbList\",\"@id\":\"https:\/\/jornalfatosenoticias.com.br\/index.php\/2023\/08\/29\/primo-do-t-rex-tinha-focinho-de-bulldog-e-bracos-ainda-mais-curtos\/#breadcrumb\",\"itemListElement\":[{\"@type\":\"ListItem\",\"position\":1,\"name\":\"In\u00edcio\",\"item\":\"https:\/\/jornalfatosenoticias.com.br\/\"},{\"@type\":\"ListItem\",\"position\":2,\"name\":\"\u2018Primo do T. Rex\u2019 tinha focinho de bulldog e bra\u00e7os ainda mais curtos\"}]},{\"@type\":\"WebSite\",\"@id\":\"https:\/\/jornalfatosenoticias.com.br\/#website\",\"url\":\"https:\/\/jornalfatosenoticias.com.br\/\",\"name\":\"Jornal Fatos e Not\u00edcias\",\"description\":\"Not\u00edcias em geral\",\"publisher\":{\"@id\":\"https:\/\/jornalfatosenoticias.com.br\/#organization\"},\"potentialAction\":[{\"@type\":\"SearchAction\",\"target\":{\"@type\":\"EntryPoint\",\"urlTemplate\":\"https:\/\/jornalfatosenoticias.com.br\/?s={search_term_string}\"},\"query-input\":{\"@type\":\"PropertyValueSpecification\",\"valueRequired\":true,\"valueName\":\"search_term_string\"}}],\"inLanguage\":\"pt-BR\"},{\"@type\":\"Organization\",\"@id\":\"https:\/\/jornalfatosenoticias.com.br\/#organization\",\"name\":\"Jornal Fatos e Not\u00edcias\",\"url\":\"https:\/\/jornalfatosenoticias.com.br\/\",\"logo\":{\"@type\":\"ImageObject\",\"inLanguage\":\"pt-BR\",\"@id\":\"https:\/\/jornalfatosenoticias.com.br\/#\/schema\/logo\/image\/\",\"url\":\"https:\/\/jornalfatosenoticias.com.br\/wp-content\/uploads\/2020\/02\/logo120.png\",\"contentUrl\":\"https:\/\/jornalfatosenoticias.com.br\/wp-content\/uploads\/2020\/02\/logo120.png\",\"width\":1227,\"height\":120,\"caption\":\"Jornal Fatos e Not\u00edcias\"},\"image\":{\"@id\":\"https:\/\/jornalfatosenoticias.com.br\/#\/schema\/logo\/image\/\"}},{\"@type\":\"Person\",\"@id\":\"https:\/\/jornalfatosenoticias.com.br\/#\/schema\/person\/d63837fa13ac8666eb9e74e0985d6f81\",\"name\":\"Luzimara Fernandes\",\"image\":{\"@type\":\"ImageObject\",\"inLanguage\":\"pt-BR\",\"@id\":\"https:\/\/jornalfatosenoticias.com.br\/#\/schema\/person\/image\/\",\"url\":\"https:\/\/jornalfatosenoticias.com.br\/wp-content\/uploads\/2025\/05\/EU_portal.jpg\",\"contentUrl\":\"https:\/\/jornalfatosenoticias.com.br\/wp-content\/uploads\/2025\/05\/EU_portal.jpg\",\"caption\":\"Luzimara Fernandes\"},\"description\":\"Jornalista MTB 2358-ES\",\"sameAs\":[\"https:\/\/jornalfatosenoticias.com.br\"],\"url\":\"https:\/\/jornalfatosenoticias.com.br\/index.php\/author\/luzimara\/\"}]}<\/script>\n<!-- \/ Yoast SEO plugin. -->","yoast_head_json":{"title":"\u2018Primo do T. Rex\u2019 tinha focinho de bulldog e bra\u00e7os ainda mais curtos - Jornal Fatos e Not\u00edcias","robots":{"index":"index","follow":"follow","max-snippet":"max-snippet:-1","max-image-preview":"max-image-preview:large","max-video-preview":"max-video-preview:-1"},"canonical":"https:\/\/jornalfatosenoticias.com.br\/index.php\/2023\/08\/29\/primo-do-t-rex-tinha-focinho-de-bulldog-e-bracos-ainda-mais-curtos\/","og_locale":"pt_BR","og_type":"article","og_title":"\u2018Primo do T. Rex\u2019 tinha focinho de bulldog e bra\u00e7os ainda mais curtos - Jornal Fatos e Not\u00edcias","og_description":"F\u00f3sseis de duas esp\u00e9cies de dinossauros encontradas no Marrocos descrevem como eram os primos do T. Rex Por F\u00e1bio Previdelli Denominado como Rei dos Dinossauros, o T.Rex\u00a0\u00e9 conhecido por seus bra\u00e7os curtos. Mas um novo estudo publicado na\u00a0Cretaceous Research sugere que o &#8216;primo&#8217; da esp\u00e9cie tinha os membros ainda menores. Pesquisadores da Universidade de Bath [&hellip;]","og_url":"https:\/\/jornalfatosenoticias.com.br\/index.php\/2023\/08\/29\/primo-do-t-rex-tinha-focinho-de-bulldog-e-bracos-ainda-mais-curtos\/","og_site_name":"Jornal Fatos e Not\u00edcias","article_published_time":"2023-08-29T19:19:28+00:00","article_modified_time":"2023-08-29T19:19:29+00:00","og_image":[{"width":800,"height":450,"url":"https:\/\/jornalfatosenoticias.com.br\/wp-content\/uploads\/2023\/08\/primo_t-rex.jpg","type":"image\/jpeg"}],"author":"Luzimara Fernandes","twitter_card":"summary_large_image","twitter_misc":{"Escrito por":"Luzimara Fernandes","Est. tempo de leitura":"2 minutos"},"schema":{"@context":"https:\/\/schema.org","@graph":[{"@type":"Article","@id":"https:\/\/jornalfatosenoticias.com.br\/index.php\/2023\/08\/29\/primo-do-t-rex-tinha-focinho-de-bulldog-e-bracos-ainda-mais-curtos\/#article","isPartOf":{"@id":"https:\/\/jornalfatosenoticias.com.br\/index.php\/2023\/08\/29\/primo-do-t-rex-tinha-focinho-de-bulldog-e-bracos-ainda-mais-curtos\/"},"author":{"name":"Luzimara Fernandes","@id":"https:\/\/jornalfatosenoticias.com.br\/#\/schema\/person\/d63837fa13ac8666eb9e74e0985d6f81"},"headline":"\u2018Primo do T. Rex\u2019 tinha focinho de bulldog e bra\u00e7os ainda mais curtos","datePublished":"2023-08-29T19:19:28+00:00","dateModified":"2023-08-29T19:19:29+00:00","mainEntityOfPage":{"@id":"https:\/\/jornalfatosenoticias.com.br\/index.php\/2023\/08\/29\/primo-do-t-rex-tinha-focinho-de-bulldog-e-bracos-ainda-mais-curtos\/"},"wordCount":488,"commentCount":0,"publisher":{"@id":"https:\/\/jornalfatosenoticias.com.br\/#organization"},"image":{"@id":"https:\/\/jornalfatosenoticias.com.br\/index.php\/2023\/08\/29\/primo-do-t-rex-tinha-focinho-de-bulldog-e-bracos-ainda-mais-curtos\/#primaryimage"},"thumbnailUrl":"https:\/\/jornalfatosenoticias.com.br\/wp-content\/uploads\/2023\/08\/primo_t-rex.jpg","keywords":["Abelisauridae","Estudo","f\u00f3ssil","Marrocos","T. rex","tiranossauro rex"],"articleSection":["Paleo &amp; Arqueologia"],"inLanguage":"pt-BR","potentialAction":[{"@type":"CommentAction","name":"Comment","target":["https:\/\/jornalfatosenoticias.com.br\/index.php\/2023\/08\/29\/primo-do-t-rex-tinha-focinho-de-bulldog-e-bracos-ainda-mais-curtos\/#respond"]}]},{"@type":"WebPage","@id":"https:\/\/jornalfatosenoticias.com.br\/index.php\/2023\/08\/29\/primo-do-t-rex-tinha-focinho-de-bulldog-e-bracos-ainda-mais-curtos\/","url":"https:\/\/jornalfatosenoticias.com.br\/index.php\/2023\/08\/29\/primo-do-t-rex-tinha-focinho-de-bulldog-e-bracos-ainda-mais-curtos\/","name":"\u2018Primo do T. Rex\u2019 tinha focinho de bulldog e bra\u00e7os ainda mais curtos - Jornal Fatos e Not\u00edcias","isPartOf":{"@id":"https:\/\/jornalfatosenoticias.com.br\/#website"},"primaryImageOfPage":{"@id":"https:\/\/jornalfatosenoticias.com.br\/index.php\/2023\/08\/29\/primo-do-t-rex-tinha-focinho-de-bulldog-e-bracos-ainda-mais-curtos\/#primaryimage"},"image":{"@id":"https:\/\/jornalfatosenoticias.com.br\/index.php\/2023\/08\/29\/primo-do-t-rex-tinha-focinho-de-bulldog-e-bracos-ainda-mais-curtos\/#primaryimage"},"thumbnailUrl":"https:\/\/jornalfatosenoticias.com.br\/wp-content\/uploads\/2023\/08\/primo_t-rex.jpg","datePublished":"2023-08-29T19:19:28+00:00","dateModified":"2023-08-29T19:19:29+00:00","breadcrumb":{"@id":"https:\/\/jornalfatosenoticias.com.br\/index.php\/2023\/08\/29\/primo-do-t-rex-tinha-focinho-de-bulldog-e-bracos-ainda-mais-curtos\/#breadcrumb"},"inLanguage":"pt-BR","potentialAction":[{"@type":"ReadAction","target":["https:\/\/jornalfatosenoticias.com.br\/index.php\/2023\/08\/29\/primo-do-t-rex-tinha-focinho-de-bulldog-e-bracos-ainda-mais-curtos\/"]}]},{"@type":"ImageObject","inLanguage":"pt-BR","@id":"https:\/\/jornalfatosenoticias.com.br\/index.php\/2023\/08\/29\/primo-do-t-rex-tinha-focinho-de-bulldog-e-bracos-ainda-mais-curtos\/#primaryimage","url":"https:\/\/jornalfatosenoticias.com.br\/wp-content\/uploads\/2023\/08\/primo_t-rex.jpg","contentUrl":"https:\/\/jornalfatosenoticias.com.br\/wp-content\/uploads\/2023\/08\/primo_t-rex.jpg","width":800,"height":450},{"@type":"BreadcrumbList","@id":"https:\/\/jornalfatosenoticias.com.br\/index.php\/2023\/08\/29\/primo-do-t-rex-tinha-focinho-de-bulldog-e-bracos-ainda-mais-curtos\/#breadcrumb","itemListElement":[{"@type":"ListItem","position":1,"name":"In\u00edcio","item":"https:\/\/jornalfatosenoticias.com.br\/"},{"@type":"ListItem","position":2,"name":"\u2018Primo do T. Rex\u2019 tinha focinho de bulldog e bra\u00e7os ainda mais curtos"}]},{"@type":"WebSite","@id":"https:\/\/jornalfatosenoticias.com.br\/#website","url":"https:\/\/jornalfatosenoticias.com.br\/","name":"Jornal Fatos e Not\u00edcias","description":"Not\u00edcias em geral","publisher":{"@id":"https:\/\/jornalfatosenoticias.com.br\/#organization"},"potentialAction":[{"@type":"SearchAction","target":{"@type":"EntryPoint","urlTemplate":"https:\/\/jornalfatosenoticias.com.br\/?s={search_term_string}"},"query-input":{"@type":"PropertyValueSpecification","valueRequired":true,"valueName":"search_term_string"}}],"inLanguage":"pt-BR"},{"@type":"Organization","@id":"https:\/\/jornalfatosenoticias.com.br\/#organization","name":"Jornal Fatos e Not\u00edcias","url":"https:\/\/jornalfatosenoticias.com.br\/","logo":{"@type":"ImageObject","inLanguage":"pt-BR","@id":"https:\/\/jornalfatosenoticias.com.br\/#\/schema\/logo\/image\/","url":"https:\/\/jornalfatosenoticias.com.br\/wp-content\/uploads\/2020\/02\/logo120.png","contentUrl":"https:\/\/jornalfatosenoticias.com.br\/wp-content\/uploads\/2020\/02\/logo120.png","width":1227,"height":120,"caption":"Jornal Fatos e Not\u00edcias"},"image":{"@id":"https:\/\/jornalfatosenoticias.com.br\/#\/schema\/logo\/image\/"}},{"@type":"Person","@id":"https:\/\/jornalfatosenoticias.com.br\/#\/schema\/person\/d63837fa13ac8666eb9e74e0985d6f81","name":"Luzimara Fernandes","image":{"@type":"ImageObject","inLanguage":"pt-BR","@id":"https:\/\/jornalfatosenoticias.com.br\/#\/schema\/person\/image\/","url":"https:\/\/jornalfatosenoticias.com.br\/wp-content\/uploads\/2025\/05\/EU_portal.jpg","contentUrl":"https:\/\/jornalfatosenoticias.com.br\/wp-content\/uploads\/2025\/05\/EU_portal.jpg","caption":"Luzimara Fernandes"},"description":"Jornalista MTB 2358-ES","sameAs":["https:\/\/jornalfatosenoticias.com.br"],"url":"https:\/\/jornalfatosenoticias.com.br\/index.php\/author\/luzimara\/"}]}},"cc_featured_image_caption":{"caption_text":"(Foto: Divulga\u00e7\u00e3o\/Andrey Atuchin) ","source_text":"","source_url":""},"jetpack_featured_media_url":"https:\/\/jornalfatosenoticias.com.br\/wp-content\/uploads\/2023\/08\/primo_t-rex.jpg","_links":{"self":[{"href":"https:\/\/jornalfatosenoticias.com.br\/index.php\/wp-json\/wp\/v2\/posts\/44650","targetHints":{"allow":["GET"]}}],"collection":[{"href":"https:\/\/jornalfatosenoticias.com.br\/index.php\/wp-json\/wp\/v2\/posts"}],"about":[{"href":"https:\/\/jornalfatosenoticias.com.br\/index.php\/wp-json\/wp\/v2\/types\/post"}],"author":[{"embeddable":true,"href":"https:\/\/jornalfatosenoticias.com.br\/index.php\/wp-json\/wp\/v2\/users\/2"}],"replies":[{"embeddable":true,"href":"https:\/\/jornalfatosenoticias.com.br\/index.php\/wp-json\/wp\/v2\/comments?post=44650"}],"version-history":[{"count":0,"href":"https:\/\/jornalfatosenoticias.com.br\/index.php\/wp-json\/wp\/v2\/posts\/44650\/revisions"}],"wp:featuredmedia":[{"embeddable":true,"href":"https:\/\/jornalfatosenoticias.com.br\/index.php\/wp-json\/wp\/v2\/media\/44651"}],"wp:attachment":[{"href":"https:\/\/jornalfatosenoticias.com.br\/index.php\/wp-json\/wp\/v2\/media?parent=44650"}],"wp:term":[{"taxonomy":"category","embeddable":true,"href":"https:\/\/jornalfatosenoticias.com.br\/index.php\/wp-json\/wp\/v2\/categories?post=44650"},{"taxonomy":"post_tag","embeddable":true,"href":"https:\/\/jornalfatosenoticias.com.br\/index.php\/wp-json\/wp\/v2\/tags?post=44650"}],"curies":[{"name":"wp","href":"https:\/\/api.w.org\/{rel}","templated":true}]}}