{"id":44659,"date":"2023-08-29T16:40:54","date_gmt":"2023-08-29T19:40:54","guid":{"rendered":"https:\/\/jornalfatosenoticias.com.br\/?p=44659"},"modified":"2023-08-29T16:40:56","modified_gmt":"2023-08-29T19:40:56","slug":"empresa-de-aco-investe-r-210-milhoes-em-escola-tecnica-no-rj","status":"publish","type":"post","link":"https:\/\/jornalfatosenoticias.com.br\/index.php\/2023\/08\/29\/empresa-de-aco-investe-r-210-milhoes-em-escola-tecnica-no-rj\/","title":{"rendered":"Empresa de a\u00e7o investe R$ 210 milh\u00f5es em escola t\u00e9cnica no RJ"},"content":{"rendered":"\n<p><em><span class=\"has-inline-color has-black-color\">Com previs\u00e3o para 2025, todos os estudantes da futura Escola T\u00e9cnica Roberto Rocca receber\u00e3o bolsas de estudo. Grupo Techint conta com uma escola no M\u00e9xico e outra na Argentina<\/span><\/em><\/p>\n\n\n\n<div class=\"wp-block-image\"><figure class=\"aligncenter size-large\"><img loading=\"lazy\" decoding=\"async\" width=\"1024\" height=\"100\" src=\"https:\/\/jornalfatosenoticias.com.br\/wp-content\/uploads\/2022\/05\/NOVA-LOGO-CESCONETTO-1024x100.jpg\" alt=\"\" class=\"wp-image-30792\" srcset=\"https:\/\/jornalfatosenoticias.com.br\/wp-content\/uploads\/2022\/05\/NOVA-LOGO-CESCONETTO-1024x100.jpg 1024w, https:\/\/jornalfatosenoticias.com.br\/wp-content\/uploads\/2022\/05\/NOVA-LOGO-CESCONETTO-300x29.jpg 300w, https:\/\/jornalfatosenoticias.com.br\/wp-content\/uploads\/2022\/05\/NOVA-LOGO-CESCONETTO-768x75.jpg 768w, https:\/\/jornalfatosenoticias.com.br\/wp-content\/uploads\/2022\/05\/NOVA-LOGO-CESCONETTO.jpg 1280w\" sizes=\"auto, (max-width: 1024px) 100vw, 1024px\" \/><\/figure><\/div>\n\n\n\n<p>Com 576 vagas de ensino m\u00e9dio destinadas \u00e0s forma\u00e7\u00f5es t\u00e9cnicas de mecatr\u00f4nica e eletromec\u00e2nica, a Escola T\u00e9cnica Roberto Rocca, em Santa Cruz, na Zona Oeste do Rio de Janeiro, tem previs\u00e3o de ter sua aula inaugural no in\u00edcio do ano letivo de 2025. A escola come\u00e7ou a ser constru\u00edda em 21 de agosto, pela Ternium, uma das l\u00edderes na produ\u00e7\u00e3o de a\u00e7os planos da Am\u00e9rica Latina e que desde 2017 opera seu centro industrial na regi\u00e3o. A cerim\u00f4nia de lan\u00e7amento da \u2018pedra fundamental\u2019, que marcou o in\u00edcio das obras, foi realizada no terreno que receber\u00e1 a escola e contou com a presen\u00e7a de Cl\u00e1udio Castro, governador do Rio de Janeiro, Paolo Rocca, presidente do Grupo Techint, do qual a Ternium faz parte, M\u00e1ximo Vedoya, CEO da Ternium, e Titus Schaar CEO da Ternium Brasil.<\/p>\n\n\n\n<div class=\"wp-block-image\"><figure class=\"aligncenter size-large\"><img loading=\"lazy\" decoding=\"async\" width=\"300\" height=\"250\" src=\"https:\/\/jornalfatosenoticias.com.br\/wp-content\/uploads\/2022\/02\/FERRARI_MAQUINAS-E-FERRAMENTAS2.jpg\" alt=\"\" class=\"wp-image-27860\"\/><\/figure><\/div>\n\n\n\n<p>A institui\u00e7\u00e3o leva o nome de Roberto Rocca, que foi presidente e fundador do Grupo Techint, e incentivador da educa\u00e7\u00e3o t\u00e9cnica e da inova\u00e7\u00e3o industrial. A escola oferecer\u00e1 forma\u00e7\u00e3o t\u00e9cnica de tr\u00eas anos com programa educativo focado na ind\u00fastria. Com quase nove mil metros quadrados constru\u00eddos e uma \u00e1rea total de 160 mil metros quadrados, tamb\u00e9m vai oferecer equipamentos de \u00faltima gera\u00e7\u00e3o e um projeto arquitet\u00f4nico exclusivo. Todos os estudantes da institui\u00e7\u00e3o receber\u00e3o bolsas de estudos, concedidas a partir de crit\u00e9rios socioecon\u00f4micos.<\/p>\n\n\n\n<div class=\"wp-block-image\"><figure class=\"aligncenter size-large is-resized\"><img loading=\"lazy\" decoding=\"async\" src=\"https:\/\/jornalfatosenoticias.com.br\/wp-content\/uploads\/2022\/02\/Precisao-Contabilidade-1024x724.jpg\" alt=\"\" class=\"wp-image-28088\" width=\"288\" height=\"204\"\/><\/figure><\/div>\n\n\n\n<blockquote class=\"wp-block-quote is-layout-flow wp-block-quote-is-layout-flow\"><p><span class=\"has-inline-color has-luminous-vivid-orange-color\">Somente com educa\u00e7\u00e3o teremos condi\u00e7\u00f5es de alcan\u00e7ar o desenvolvimento social e econ\u00f4mico, promovendo bem-estar e reduzindo desigualdades. O investimento privado na educa\u00e7\u00e3o refor\u00e7a a nossa contribui\u00e7\u00e3o para o crescimento e o desenvolvimento do estado do Rio de Janeiro e para o crescimento da ind\u00fastria brasileira. \u00c9 nisso que acreditamos fortemente e, por isso, temos orgulho de celebrar juntos o in\u00edcio deste projeto\u201d, destacou Paolo Rocca, presidente do Grupo Techint.<\/span><\/p><\/blockquote>\n\n\n\n<div class=\"wp-block-image\"><figure class=\"aligncenter size-large is-resized\"><img loading=\"lazy\" decoding=\"async\" src=\"https:\/\/jornalfatosenoticias.com.br\/wp-content\/uploads\/2023\/03\/nova-logo-Marquetti.jpg\" alt=\"\" class=\"wp-image-40207\" width=\"325\" height=\"218\" srcset=\"https:\/\/jornalfatosenoticias.com.br\/wp-content\/uploads\/2023\/03\/nova-logo-Marquetti.jpg 643w, https:\/\/jornalfatosenoticias.com.br\/wp-content\/uploads\/2023\/03\/nova-logo-Marquetti-300x202.jpg 300w\" sizes=\"auto, (max-width: 325px) 100vw, 325px\" \/><\/figure><\/div>\n\n\n\n<p>Com investimento de 210 milh\u00f5es de reais, o projeto \u00e9 a terceira escola do Grupo Techint, da qual a Ternium faz parte. O grupo conta com outras duas escolas t\u00e9cnicas de ensino m\u00e9dio, uma na cidade de Pesquer\u00eda, no M\u00e9xico, e outra no munic\u00edpio de Campana, na Argentina. <\/p>\n\n\n\n<div class=\"wp-block-image\"><figure class=\"aligncenter size-large is-resized\"><img loading=\"lazy\" decoding=\"async\" src=\"https:\/\/jornalfatosenoticias.com.br\/wp-content\/uploads\/2022\/10\/RC_800x750_page-0001.jpg\" alt=\"\" class=\"wp-image-35338\" width=\"288\" height=\"270\" srcset=\"https:\/\/jornalfatosenoticias.com.br\/wp-content\/uploads\/2022\/10\/RC_800x750_page-0001.jpg 400w, https:\/\/jornalfatosenoticias.com.br\/wp-content\/uploads\/2022\/10\/RC_800x750_page-0001-300x281.jpg 300w\" sizes=\"auto, (max-width: 288px) 100vw, 288px\" \/><\/figure><\/div>\n\n\n\n<blockquote class=\"wp-block-quote is-layout-flow wp-block-quote-is-layout-flow\"><p><span class=\"has-inline-color has-luminous-vivid-orange-color\">O foco da Ternium \u00e9 estar pr\u00f3ximo da comunidade. A regi\u00e3o de Santa Cruz \u00e9 nossa prioridade e, por isso, \u00e9 o local escolhido para a constru\u00e7\u00e3o da escola no Brasil. Estamos convencidos de que a educa\u00e7\u00e3o de qualidade \u00e9 o caminho para que muitos jovens encontrem melhores oportunidades de desenvolvimento profissional e de qualidade de vida. \u00c9 a comunidade e a ind\u00fastria crescendo juntas\u201d, explica a diretora do Instituto Ternium, Fernanda Candeias.<\/span><\/p><\/blockquote>\n\n\n\n<div class=\"wp-block-image\"><figure class=\"aligncenter size-large is-resized\"><img loading=\"lazy\" decoding=\"async\" src=\"https:\/\/jornalfatosenoticias.com.br\/wp-content\/uploads\/2023\/08\/LOGO-BLU-COMERCIAL-PRETO-1024x600.jpg\" alt=\"\" class=\"wp-image-44053\" width=\"350\" height=\"204\"\/><\/figure><\/div>\n\n\n\n<p><strong><em>Fonte:<a href=\"https:\/\/revistaeducacao.com.br\/2023\/08\/23\/rj-escola-tecnica\/\"> Revista Educa\u00e7\u00e3o<\/a><\/em><\/strong><\/p>\n","protected":false},"excerpt":{"rendered":"<p>Com previs\u00e3o para 2025, todos os estudantes da futura Escola T\u00e9cnica Roberto Rocca receber\u00e3o bolsas de estudo. Grupo Techint conta com uma escola no M\u00e9xico e outra na Argentina Com 576 vagas de ensino m\u00e9dio destinadas \u00e0s forma\u00e7\u00f5es t\u00e9cnicas de mecatr\u00f4nica e eletromec\u00e2nica, a Escola T\u00e9cnica Roberto Rocca, em Santa Cruz, na Zona Oeste do [&hellip;]<\/p>\n","protected":false},"author":2,"featured_media":44660,"comment_status":"open","ping_status":"open","sticky":false,"template":"","format":"standard","meta":{"footnotes":""},"categories":[7],"tags":[9651,21033,289,21034],"class_list":["post-44659","post","type-post","status-publish","format-standard","has-post-thumbnail","hentry","category-educacao","tag-ensino-medio","tag-escola-tecnica","tag-rio-de-janeiro","tag-ternium"],"yoast_head":"<!-- This site is optimized with the Yoast SEO plugin v26.5 - https:\/\/yoast.com\/wordpress\/plugins\/seo\/ -->\n<title>Empresa de a\u00e7o investe R$ 210 milh\u00f5es em escola t\u00e9cnica no RJ - Jornal Fatos e Not\u00edcias<\/title>\n<meta name=\"robots\" content=\"index, follow, max-snippet:-1, max-image-preview:large, max-video-preview:-1\" \/>\n<link rel=\"canonical\" href=\"https:\/\/jornalfatosenoticias.com.br\/index.php\/2023\/08\/29\/empresa-de-aco-investe-r-210-milhoes-em-escola-tecnica-no-rj\/\" \/>\n<meta property=\"og:locale\" content=\"pt_BR\" \/>\n<meta property=\"og:type\" content=\"article\" \/>\n<meta property=\"og:title\" content=\"Empresa de a\u00e7o investe R$ 210 milh\u00f5es em escola t\u00e9cnica no RJ - Jornal Fatos e Not\u00edcias\" \/>\n<meta property=\"og:description\" content=\"Com previs\u00e3o para 2025, todos os estudantes da futura Escola T\u00e9cnica Roberto Rocca receber\u00e3o bolsas de estudo. Grupo Techint conta com uma escola no M\u00e9xico e outra na Argentina Com 576 vagas de ensino m\u00e9dio destinadas \u00e0s forma\u00e7\u00f5es t\u00e9cnicas de mecatr\u00f4nica e eletromec\u00e2nica, a Escola T\u00e9cnica Roberto Rocca, em Santa Cruz, na Zona Oeste do [&hellip;]\" \/>\n<meta property=\"og:url\" content=\"https:\/\/jornalfatosenoticias.com.br\/index.php\/2023\/08\/29\/empresa-de-aco-investe-r-210-milhoes-em-escola-tecnica-no-rj\/\" \/>\n<meta property=\"og:site_name\" content=\"Jornal Fatos e Not\u00edcias\" \/>\n<meta property=\"article:published_time\" content=\"2023-08-29T19:40:54+00:00\" \/>\n<meta property=\"article:modified_time\" content=\"2023-08-29T19:40:56+00:00\" \/>\n<meta property=\"og:image\" content=\"https:\/\/jornalfatosenoticias.com.br\/wp-content\/uploads\/2023\/08\/Escola-tecnica-RJ.jpeg\" \/>\n\t<meta property=\"og:image:width\" content=\"850\" \/>\n\t<meta property=\"og:image:height\" content=\"460\" \/>\n\t<meta property=\"og:image:type\" content=\"image\/jpeg\" \/>\n<meta name=\"author\" content=\"Luzimara Fernandes\" \/>\n<meta name=\"twitter:card\" content=\"summary_large_image\" \/>\n<meta name=\"twitter:label1\" content=\"Escrito por\" \/>\n\t<meta name=\"twitter:data1\" content=\"Luzimara Fernandes\" \/>\n\t<meta name=\"twitter:label2\" content=\"Est. tempo de leitura\" \/>\n\t<meta name=\"twitter:data2\" content=\"2 minutos\" \/>\n<script type=\"application\/ld+json\" class=\"yoast-schema-graph\">{\"@context\":\"https:\/\/schema.org\",\"@graph\":[{\"@type\":\"Article\",\"@id\":\"https:\/\/jornalfatosenoticias.com.br\/index.php\/2023\/08\/29\/empresa-de-aco-investe-r-210-milhoes-em-escola-tecnica-no-rj\/#article\",\"isPartOf\":{\"@id\":\"https:\/\/jornalfatosenoticias.com.br\/index.php\/2023\/08\/29\/empresa-de-aco-investe-r-210-milhoes-em-escola-tecnica-no-rj\/\"},\"author\":{\"name\":\"Luzimara Fernandes\",\"@id\":\"https:\/\/jornalfatosenoticias.com.br\/#\/schema\/person\/d63837fa13ac8666eb9e74e0985d6f81\"},\"headline\":\"Empresa de a\u00e7o investe R$ 210 milh\u00f5es em escola t\u00e9cnica no RJ\",\"datePublished\":\"2023-08-29T19:40:54+00:00\",\"dateModified\":\"2023-08-29T19:40:56+00:00\",\"mainEntityOfPage\":{\"@id\":\"https:\/\/jornalfatosenoticias.com.br\/index.php\/2023\/08\/29\/empresa-de-aco-investe-r-210-milhoes-em-escola-tecnica-no-rj\/\"},\"wordCount\":500,\"commentCount\":0,\"publisher\":{\"@id\":\"https:\/\/jornalfatosenoticias.com.br\/#organization\"},\"image\":{\"@id\":\"https:\/\/jornalfatosenoticias.com.br\/index.php\/2023\/08\/29\/empresa-de-aco-investe-r-210-milhoes-em-escola-tecnica-no-rj\/#primaryimage\"},\"thumbnailUrl\":\"https:\/\/jornalfatosenoticias.com.br\/wp-content\/uploads\/2023\/08\/Escola-tecnica-RJ.jpeg\",\"keywords\":[\"ensino m\u00e9dio\",\"escola t\u00e9cnica\",\"Rio de Janeiro\",\"Ternium\"],\"articleSection\":[\"Educa\u00e7\u00e3o\"],\"inLanguage\":\"pt-BR\",\"potentialAction\":[{\"@type\":\"CommentAction\",\"name\":\"Comment\",\"target\":[\"https:\/\/jornalfatosenoticias.com.br\/index.php\/2023\/08\/29\/empresa-de-aco-investe-r-210-milhoes-em-escola-tecnica-no-rj\/#respond\"]}]},{\"@type\":\"WebPage\",\"@id\":\"https:\/\/jornalfatosenoticias.com.br\/index.php\/2023\/08\/29\/empresa-de-aco-investe-r-210-milhoes-em-escola-tecnica-no-rj\/\",\"url\":\"https:\/\/jornalfatosenoticias.com.br\/index.php\/2023\/08\/29\/empresa-de-aco-investe-r-210-milhoes-em-escola-tecnica-no-rj\/\",\"name\":\"Empresa de a\u00e7o investe R$ 210 milh\u00f5es em escola t\u00e9cnica no RJ - Jornal Fatos e Not\u00edcias\",\"isPartOf\":{\"@id\":\"https:\/\/jornalfatosenoticias.com.br\/#website\"},\"primaryImageOfPage\":{\"@id\":\"https:\/\/jornalfatosenoticias.com.br\/index.php\/2023\/08\/29\/empresa-de-aco-investe-r-210-milhoes-em-escola-tecnica-no-rj\/#primaryimage\"},\"image\":{\"@id\":\"https:\/\/jornalfatosenoticias.com.br\/index.php\/2023\/08\/29\/empresa-de-aco-investe-r-210-milhoes-em-escola-tecnica-no-rj\/#primaryimage\"},\"thumbnailUrl\":\"https:\/\/jornalfatosenoticias.com.br\/wp-content\/uploads\/2023\/08\/Escola-tecnica-RJ.jpeg\",\"datePublished\":\"2023-08-29T19:40:54+00:00\",\"dateModified\":\"2023-08-29T19:40:56+00:00\",\"breadcrumb\":{\"@id\":\"https:\/\/jornalfatosenoticias.com.br\/index.php\/2023\/08\/29\/empresa-de-aco-investe-r-210-milhoes-em-escola-tecnica-no-rj\/#breadcrumb\"},\"inLanguage\":\"pt-BR\",\"potentialAction\":[{\"@type\":\"ReadAction\",\"target\":[\"https:\/\/jornalfatosenoticias.com.br\/index.php\/2023\/08\/29\/empresa-de-aco-investe-r-210-milhoes-em-escola-tecnica-no-rj\/\"]}]},{\"@type\":\"ImageObject\",\"inLanguage\":\"pt-BR\",\"@id\":\"https:\/\/jornalfatosenoticias.com.br\/index.php\/2023\/08\/29\/empresa-de-aco-investe-r-210-milhoes-em-escola-tecnica-no-rj\/#primaryimage\",\"url\":\"https:\/\/jornalfatosenoticias.com.br\/wp-content\/uploads\/2023\/08\/Escola-tecnica-RJ.jpeg\",\"contentUrl\":\"https:\/\/jornalfatosenoticias.com.br\/wp-content\/uploads\/2023\/08\/Escola-tecnica-RJ.jpeg\",\"width\":850,\"height\":460},{\"@type\":\"BreadcrumbList\",\"@id\":\"https:\/\/jornalfatosenoticias.com.br\/index.php\/2023\/08\/29\/empresa-de-aco-investe-r-210-milhoes-em-escola-tecnica-no-rj\/#breadcrumb\",\"itemListElement\":[{\"@type\":\"ListItem\",\"position\":1,\"name\":\"In\u00edcio\",\"item\":\"https:\/\/jornalfatosenoticias.com.br\/\"},{\"@type\":\"ListItem\",\"position\":2,\"name\":\"Empresa de a\u00e7o investe R$ 210 milh\u00f5es em escola t\u00e9cnica no RJ\"}]},{\"@type\":\"WebSite\",\"@id\":\"https:\/\/jornalfatosenoticias.com.br\/#website\",\"url\":\"https:\/\/jornalfatosenoticias.com.br\/\",\"name\":\"Jornal Fatos e Not\u00edcias\",\"description\":\"Not\u00edcias em geral\",\"publisher\":{\"@id\":\"https:\/\/jornalfatosenoticias.com.br\/#organization\"},\"potentialAction\":[{\"@type\":\"SearchAction\",\"target\":{\"@type\":\"EntryPoint\",\"urlTemplate\":\"https:\/\/jornalfatosenoticias.com.br\/?s={search_term_string}\"},\"query-input\":{\"@type\":\"PropertyValueSpecification\",\"valueRequired\":true,\"valueName\":\"search_term_string\"}}],\"inLanguage\":\"pt-BR\"},{\"@type\":\"Organization\",\"@id\":\"https:\/\/jornalfatosenoticias.com.br\/#organization\",\"name\":\"Jornal Fatos e Not\u00edcias\",\"url\":\"https:\/\/jornalfatosenoticias.com.br\/\",\"logo\":{\"@type\":\"ImageObject\",\"inLanguage\":\"pt-BR\",\"@id\":\"https:\/\/jornalfatosenoticias.com.br\/#\/schema\/logo\/image\/\",\"url\":\"https:\/\/jornalfatosenoticias.com.br\/wp-content\/uploads\/2020\/02\/logo120.png\",\"contentUrl\":\"https:\/\/jornalfatosenoticias.com.br\/wp-content\/uploads\/2020\/02\/logo120.png\",\"width\":1227,\"height\":120,\"caption\":\"Jornal Fatos e Not\u00edcias\"},\"image\":{\"@id\":\"https:\/\/jornalfatosenoticias.com.br\/#\/schema\/logo\/image\/\"}},{\"@type\":\"Person\",\"@id\":\"https:\/\/jornalfatosenoticias.com.br\/#\/schema\/person\/d63837fa13ac8666eb9e74e0985d6f81\",\"name\":\"Luzimara Fernandes\",\"image\":{\"@type\":\"ImageObject\",\"inLanguage\":\"pt-BR\",\"@id\":\"https:\/\/jornalfatosenoticias.com.br\/#\/schema\/person\/image\/\",\"url\":\"https:\/\/jornalfatosenoticias.com.br\/wp-content\/uploads\/2025\/05\/EU_portal.jpg\",\"contentUrl\":\"https:\/\/jornalfatosenoticias.com.br\/wp-content\/uploads\/2025\/05\/EU_portal.jpg\",\"caption\":\"Luzimara Fernandes\"},\"description\":\"Jornalista MTB 2358-ES\",\"sameAs\":[\"https:\/\/jornalfatosenoticias.com.br\"],\"url\":\"https:\/\/jornalfatosenoticias.com.br\/index.php\/author\/luzimara\/\"}]}<\/script>\n<!-- \/ Yoast SEO plugin. -->","yoast_head_json":{"title":"Empresa de a\u00e7o investe R$ 210 milh\u00f5es em escola t\u00e9cnica no RJ - Jornal Fatos e Not\u00edcias","robots":{"index":"index","follow":"follow","max-snippet":"max-snippet:-1","max-image-preview":"max-image-preview:large","max-video-preview":"max-video-preview:-1"},"canonical":"https:\/\/jornalfatosenoticias.com.br\/index.php\/2023\/08\/29\/empresa-de-aco-investe-r-210-milhoes-em-escola-tecnica-no-rj\/","og_locale":"pt_BR","og_type":"article","og_title":"Empresa de a\u00e7o investe R$ 210 milh\u00f5es em escola t\u00e9cnica no RJ - Jornal Fatos e Not\u00edcias","og_description":"Com previs\u00e3o para 2025, todos os estudantes da futura Escola T\u00e9cnica Roberto Rocca receber\u00e3o bolsas de estudo. Grupo Techint conta com uma escola no M\u00e9xico e outra na Argentina Com 576 vagas de ensino m\u00e9dio destinadas \u00e0s forma\u00e7\u00f5es t\u00e9cnicas de mecatr\u00f4nica e eletromec\u00e2nica, a Escola T\u00e9cnica Roberto Rocca, em Santa Cruz, na Zona Oeste do [&hellip;]","og_url":"https:\/\/jornalfatosenoticias.com.br\/index.php\/2023\/08\/29\/empresa-de-aco-investe-r-210-milhoes-em-escola-tecnica-no-rj\/","og_site_name":"Jornal Fatos e Not\u00edcias","article_published_time":"2023-08-29T19:40:54+00:00","article_modified_time":"2023-08-29T19:40:56+00:00","og_image":[{"width":850,"height":460,"url":"https:\/\/jornalfatosenoticias.com.br\/wp-content\/uploads\/2023\/08\/Escola-tecnica-RJ.jpeg","type":"image\/jpeg"}],"author":"Luzimara Fernandes","twitter_card":"summary_large_image","twitter_misc":{"Escrito por":"Luzimara Fernandes","Est. tempo de leitura":"2 minutos"},"schema":{"@context":"https:\/\/schema.org","@graph":[{"@type":"Article","@id":"https:\/\/jornalfatosenoticias.com.br\/index.php\/2023\/08\/29\/empresa-de-aco-investe-r-210-milhoes-em-escola-tecnica-no-rj\/#article","isPartOf":{"@id":"https:\/\/jornalfatosenoticias.com.br\/index.php\/2023\/08\/29\/empresa-de-aco-investe-r-210-milhoes-em-escola-tecnica-no-rj\/"},"author":{"name":"Luzimara Fernandes","@id":"https:\/\/jornalfatosenoticias.com.br\/#\/schema\/person\/d63837fa13ac8666eb9e74e0985d6f81"},"headline":"Empresa de a\u00e7o investe R$ 210 milh\u00f5es em escola t\u00e9cnica no RJ","datePublished":"2023-08-29T19:40:54+00:00","dateModified":"2023-08-29T19:40:56+00:00","mainEntityOfPage":{"@id":"https:\/\/jornalfatosenoticias.com.br\/index.php\/2023\/08\/29\/empresa-de-aco-investe-r-210-milhoes-em-escola-tecnica-no-rj\/"},"wordCount":500,"commentCount":0,"publisher":{"@id":"https:\/\/jornalfatosenoticias.com.br\/#organization"},"image":{"@id":"https:\/\/jornalfatosenoticias.com.br\/index.php\/2023\/08\/29\/empresa-de-aco-investe-r-210-milhoes-em-escola-tecnica-no-rj\/#primaryimage"},"thumbnailUrl":"https:\/\/jornalfatosenoticias.com.br\/wp-content\/uploads\/2023\/08\/Escola-tecnica-RJ.jpeg","keywords":["ensino m\u00e9dio","escola t\u00e9cnica","Rio de Janeiro","Ternium"],"articleSection":["Educa\u00e7\u00e3o"],"inLanguage":"pt-BR","potentialAction":[{"@type":"CommentAction","name":"Comment","target":["https:\/\/jornalfatosenoticias.com.br\/index.php\/2023\/08\/29\/empresa-de-aco-investe-r-210-milhoes-em-escola-tecnica-no-rj\/#respond"]}]},{"@type":"WebPage","@id":"https:\/\/jornalfatosenoticias.com.br\/index.php\/2023\/08\/29\/empresa-de-aco-investe-r-210-milhoes-em-escola-tecnica-no-rj\/","url":"https:\/\/jornalfatosenoticias.com.br\/index.php\/2023\/08\/29\/empresa-de-aco-investe-r-210-milhoes-em-escola-tecnica-no-rj\/","name":"Empresa de a\u00e7o investe R$ 210 milh\u00f5es em escola t\u00e9cnica no RJ - Jornal Fatos e Not\u00edcias","isPartOf":{"@id":"https:\/\/jornalfatosenoticias.com.br\/#website"},"primaryImageOfPage":{"@id":"https:\/\/jornalfatosenoticias.com.br\/index.php\/2023\/08\/29\/empresa-de-aco-investe-r-210-milhoes-em-escola-tecnica-no-rj\/#primaryimage"},"image":{"@id":"https:\/\/jornalfatosenoticias.com.br\/index.php\/2023\/08\/29\/empresa-de-aco-investe-r-210-milhoes-em-escola-tecnica-no-rj\/#primaryimage"},"thumbnailUrl":"https:\/\/jornalfatosenoticias.com.br\/wp-content\/uploads\/2023\/08\/Escola-tecnica-RJ.jpeg","datePublished":"2023-08-29T19:40:54+00:00","dateModified":"2023-08-29T19:40:56+00:00","breadcrumb":{"@id":"https:\/\/jornalfatosenoticias.com.br\/index.php\/2023\/08\/29\/empresa-de-aco-investe-r-210-milhoes-em-escola-tecnica-no-rj\/#breadcrumb"},"inLanguage":"pt-BR","potentialAction":[{"@type":"ReadAction","target":["https:\/\/jornalfatosenoticias.com.br\/index.php\/2023\/08\/29\/empresa-de-aco-investe-r-210-milhoes-em-escola-tecnica-no-rj\/"]}]},{"@type":"ImageObject","inLanguage":"pt-BR","@id":"https:\/\/jornalfatosenoticias.com.br\/index.php\/2023\/08\/29\/empresa-de-aco-investe-r-210-milhoes-em-escola-tecnica-no-rj\/#primaryimage","url":"https:\/\/jornalfatosenoticias.com.br\/wp-content\/uploads\/2023\/08\/Escola-tecnica-RJ.jpeg","contentUrl":"https:\/\/jornalfatosenoticias.com.br\/wp-content\/uploads\/2023\/08\/Escola-tecnica-RJ.jpeg","width":850,"height":460},{"@type":"BreadcrumbList","@id":"https:\/\/jornalfatosenoticias.com.br\/index.php\/2023\/08\/29\/empresa-de-aco-investe-r-210-milhoes-em-escola-tecnica-no-rj\/#breadcrumb","itemListElement":[{"@type":"ListItem","position":1,"name":"In\u00edcio","item":"https:\/\/jornalfatosenoticias.com.br\/"},{"@type":"ListItem","position":2,"name":"Empresa de a\u00e7o investe R$ 210 milh\u00f5es em escola t\u00e9cnica no RJ"}]},{"@type":"WebSite","@id":"https:\/\/jornalfatosenoticias.com.br\/#website","url":"https:\/\/jornalfatosenoticias.com.br\/","name":"Jornal Fatos e Not\u00edcias","description":"Not\u00edcias em geral","publisher":{"@id":"https:\/\/jornalfatosenoticias.com.br\/#organization"},"potentialAction":[{"@type":"SearchAction","target":{"@type":"EntryPoint","urlTemplate":"https:\/\/jornalfatosenoticias.com.br\/?s={search_term_string}"},"query-input":{"@type":"PropertyValueSpecification","valueRequired":true,"valueName":"search_term_string"}}],"inLanguage":"pt-BR"},{"@type":"Organization","@id":"https:\/\/jornalfatosenoticias.com.br\/#organization","name":"Jornal Fatos e Not\u00edcias","url":"https:\/\/jornalfatosenoticias.com.br\/","logo":{"@type":"ImageObject","inLanguage":"pt-BR","@id":"https:\/\/jornalfatosenoticias.com.br\/#\/schema\/logo\/image\/","url":"https:\/\/jornalfatosenoticias.com.br\/wp-content\/uploads\/2020\/02\/logo120.png","contentUrl":"https:\/\/jornalfatosenoticias.com.br\/wp-content\/uploads\/2020\/02\/logo120.png","width":1227,"height":120,"caption":"Jornal Fatos e Not\u00edcias"},"image":{"@id":"https:\/\/jornalfatosenoticias.com.br\/#\/schema\/logo\/image\/"}},{"@type":"Person","@id":"https:\/\/jornalfatosenoticias.com.br\/#\/schema\/person\/d63837fa13ac8666eb9e74e0985d6f81","name":"Luzimara Fernandes","image":{"@type":"ImageObject","inLanguage":"pt-BR","@id":"https:\/\/jornalfatosenoticias.com.br\/#\/schema\/person\/image\/","url":"https:\/\/jornalfatosenoticias.com.br\/wp-content\/uploads\/2025\/05\/EU_portal.jpg","contentUrl":"https:\/\/jornalfatosenoticias.com.br\/wp-content\/uploads\/2025\/05\/EU_portal.jpg","caption":"Luzimara Fernandes"},"description":"Jornalista MTB 2358-ES","sameAs":["https:\/\/jornalfatosenoticias.com.br"],"url":"https:\/\/jornalfatosenoticias.com.br\/index.php\/author\/luzimara\/"}]}},"cc_featured_image_caption":{"caption_text":"(Foto: Divulga\u00e7\u00e3o) ","source_text":"","source_url":""},"jetpack_featured_media_url":"https:\/\/jornalfatosenoticias.com.br\/wp-content\/uploads\/2023\/08\/Escola-tecnica-RJ.jpeg","_links":{"self":[{"href":"https:\/\/jornalfatosenoticias.com.br\/index.php\/wp-json\/wp\/v2\/posts\/44659","targetHints":{"allow":["GET"]}}],"collection":[{"href":"https:\/\/jornalfatosenoticias.com.br\/index.php\/wp-json\/wp\/v2\/posts"}],"about":[{"href":"https:\/\/jornalfatosenoticias.com.br\/index.php\/wp-json\/wp\/v2\/types\/post"}],"author":[{"embeddable":true,"href":"https:\/\/jornalfatosenoticias.com.br\/index.php\/wp-json\/wp\/v2\/users\/2"}],"replies":[{"embeddable":true,"href":"https:\/\/jornalfatosenoticias.com.br\/index.php\/wp-json\/wp\/v2\/comments?post=44659"}],"version-history":[{"count":0,"href":"https:\/\/jornalfatosenoticias.com.br\/index.php\/wp-json\/wp\/v2\/posts\/44659\/revisions"}],"wp:featuredmedia":[{"embeddable":true,"href":"https:\/\/jornalfatosenoticias.com.br\/index.php\/wp-json\/wp\/v2\/media\/44660"}],"wp:attachment":[{"href":"https:\/\/jornalfatosenoticias.com.br\/index.php\/wp-json\/wp\/v2\/media?parent=44659"}],"wp:term":[{"taxonomy":"category","embeddable":true,"href":"https:\/\/jornalfatosenoticias.com.br\/index.php\/wp-json\/wp\/v2\/categories?post=44659"},{"taxonomy":"post_tag","embeddable":true,"href":"https:\/\/jornalfatosenoticias.com.br\/index.php\/wp-json\/wp\/v2\/tags?post=44659"}],"curies":[{"name":"wp","href":"https:\/\/api.w.org\/{rel}","templated":true}]}}