{"id":44662,"date":"2023-08-29T16:48:44","date_gmt":"2023-08-29T19:48:44","guid":{"rendered":"https:\/\/jornalfatosenoticias.com.br\/?p=44662"},"modified":"2023-08-29T16:48:45","modified_gmt":"2023-08-29T19:48:45","slug":"femea-hibrida-de-cao-e-canideo-silvestre-e-primeiro-caso-relatado-na-america-do-sul","status":"publish","type":"post","link":"https:\/\/jornalfatosenoticias.com.br\/index.php\/2023\/08\/29\/femea-hibrida-de-cao-e-canideo-silvestre-e-primeiro-caso-relatado-na-america-do-sul\/","title":{"rendered":"F\u00eamea h\u00edbrida de c\u00e3o e can\u00eddeo silvestre \u00e9 primeiro caso relatado na Am\u00e9rica do Sul"},"content":{"rendered":"\n<p><em><span class=\"has-inline-color has-black-color\">Animal encontrado no Rio Grande do Sul chama aten\u00e7\u00e3o por suas caracter\u00edsticas \u00fanicas<\/span><\/em><\/p>\n\n\n\n<p><em><span class=\"has-inline-color has-black-color\">Por <strong><a href=\"https:\/\/aventurasnahistoria.uol.com.br\/autor\/giovanna-gomes\/\">Giovanna Gomes<\/a><\/strong><\/span><\/em><\/p>\n\n\n\n<div class=\"wp-block-image\"><figure class=\"aligncenter size-large\"><img loading=\"lazy\" decoding=\"async\" width=\"1024\" height=\"110\" src=\"https:\/\/jornalfatosenoticias.com.br\/wp-content\/uploads\/2022\/10\/Arte-jornal-Zucchi-1120x120_Prancheta-1-1024x110.jpg\" alt=\"\" class=\"wp-image-34772\" srcset=\"https:\/\/jornalfatosenoticias.com.br\/wp-content\/uploads\/2022\/10\/Arte-jornal-Zucchi-1120x120_Prancheta-1-1024x110.jpg 1024w, https:\/\/jornalfatosenoticias.com.br\/wp-content\/uploads\/2022\/10\/Arte-jornal-Zucchi-1120x120_Prancheta-1-300x32.jpg 300w, https:\/\/jornalfatosenoticias.com.br\/wp-content\/uploads\/2022\/10\/Arte-jornal-Zucchi-1120x120_Prancheta-1-768x82.jpg 768w, https:\/\/jornalfatosenoticias.com.br\/wp-content\/uploads\/2022\/10\/Arte-jornal-Zucchi-1120x120_Prancheta-1-1536x165.jpg 1536w, https:\/\/jornalfatosenoticias.com.br\/wp-content\/uploads\/2022\/10\/Arte-jornal-Zucchi-1120x120_Prancheta-1-2048x219.jpg 2048w\" sizes=\"auto, (max-width: 1024px) 100vw, 1024px\" \/><\/figure><\/div>\n\n\n\n<p>Uma criatura de pelagem escura com poucos pelos brancos, <mark>semelhante a um c\u00e3o dom\u00e9stico<\/mark>, foi resgatada ap\u00f3s ser atropelada no ano de 2021 na regi\u00e3o de\u00a0<a href=\"https:\/\/pt.wikipedia.org\/wiki\/Vacaria\" rel=\"noreferrer noopener\" target=\"_blank\">Vacaria<\/a>, localizada no estado do Rio Grande do Sul. Inicialmente, a equipe da Patrulha Ambiental da cidade classificou o animal como um <a href=\"https:\/\/pt.wikipedia.org\/wiki\/Can%C3%ADdeos\" rel=\"noreferrer noopener\" target=\"_blank\">can\u00eddeo<\/a>\u00a0selvagem, possivelmente da esp\u00e9cie graxaim. Devido a uma extensa les\u00e3o na lateral do abd\u00f4men, o mam\u00edfero foi encaminhado ao Hospital Veterin\u00e1rio da\u00a0<a href=\"http:\/\/www.ufrgs.br\/ufrgs\/inicial\" rel=\"noreferrer noopener\" target=\"_blank\">Universidade Federal do Rio Grande do Sul<\/a> (UFRGS) para receber cuidados m\u00e9dicos.<br>Ap\u00f3s uma completa recupera\u00e7\u00e3o, pesquisadores realizaram um estudo detalhado da f\u00eamea e fizeram uma descoberta surpreendente: o animal era, de fato, um <mark>h\u00edbrido<\/mark>\u00a0resultante do\u00a0<mark>cruzamento entre um cachorro dom\u00e9stico e um can\u00eddeo silvestre<\/mark>. Esse tipo de cruzamento, at\u00e9 ent\u00e3o\u00a0<mark>in\u00e9dito na Am\u00e9rica do Sul<\/mark>, chamou a aten\u00e7\u00e3o da comunidade cient\u00edfica.<\/p>\n\n\n\n<div class=\"wp-block-image\"><figure class=\"aligncenter size-large is-resized\"><img loading=\"lazy\" decoding=\"async\" src=\"https:\/\/jornalfatosenoticias.com.br\/wp-content\/uploads\/2023\/08\/Steel.jpeg\" alt=\"\" class=\"wp-image-44634\" width=\"320\" height=\"260\" srcset=\"https:\/\/jornalfatosenoticias.com.br\/wp-content\/uploads\/2023\/08\/Steel.jpeg 800w, https:\/\/jornalfatosenoticias.com.br\/wp-content\/uploads\/2023\/08\/Steel-300x244.jpeg 300w, https:\/\/jornalfatosenoticias.com.br\/wp-content\/uploads\/2023\/08\/Steel-768x624.jpeg 768w\" sizes=\"auto, (max-width: 320px) 100vw, 320px\" \/><\/figure><\/div>\n\n\n\n<p>Segundo informa\u00e7\u00f5es da revista Galileu, a equipe de especialistas respons\u00e1veis por essa <a href=\"https:\/\/aventurasnahistoria.uol.com.br\/noticias\/reportagem\/a-carruagem-relembre-uma-das-mais-impressionantes-recentes-descobertas-sobre-pompeia.phtml\" rel=\"noreferrer noopener\" target=\"_blank\">descoberta<\/a>\u00a0documentou o ocorrido em um estudo publicado no peri\u00f3dico cient\u00edfico &#8220;Animals&#8221; em 3 de agosto. Os autores do estudo s\u00e3o\u00a0<strong>Bruna Szynwelski<\/strong>,\u00a0<strong>Cristina Matzenbacher<\/strong>,\u00a0<strong>Thales de Freitas<\/strong>,\u00a0<strong>Fl\u00e1via Ferrari<\/strong>\u00a0e\u00a0<strong>Marcelo Alievi<\/strong>, todos ligados \u00e0 UFRGS, juntamente com\u00a0<strong>Rafael Kretschmer<\/strong>, da Universidade Federal de Pelotas (UFPel).<\/p>\n\n\n\n<div class=\"wp-block-image\"><figure class=\"aligncenter size-large is-resized\"><img loading=\"lazy\" decoding=\"async\" src=\"https:\/\/jornalfatosenoticias.com.br\/wp-content\/uploads\/2023\/03\/logo-Panper_portal.jpg\" alt=\"\" class=\"wp-image-40208\" width=\"313\" height=\"217\" srcset=\"https:\/\/jornalfatosenoticias.com.br\/wp-content\/uploads\/2023\/03\/logo-Panper_portal.jpg 400w, https:\/\/jornalfatosenoticias.com.br\/wp-content\/uploads\/2023\/03\/logo-Panper_portal-300x208.jpg 300w\" sizes=\"auto, (max-width: 313px) 100vw, 313px\" \/><\/figure><\/div>\n\n\n\n<p>A partir de an\u00e1lises de amostras de pele e sangue da f\u00eamea coletadas depois de uma seda\u00e7\u00e3o, a equipe descobriu que o animal teria ascend\u00eancia materna de graxaim-do-campo. Segundo ressalta o Professor<strong> Rafael Kretschmer,<\/strong> pertencente ao Departamento de Ecologia, Zoologia e Gen\u00e9tica da UFPel, uma vez que ocorre a separa\u00e7\u00e3o entre diferentes esp\u00e9cies, cada uma delas segue um curso evolutivo distinto, podendo acumular ao longo do tempo diversas muta\u00e7\u00f5es. Isso engloba modifica\u00e7\u00f5es nos cromossomos, o que pode resultar em altera\u00e7\u00f5es na estrutura e no n\u00famero dessas unidades gen\u00e9ticas.<br>Tanto o\u00a0<mark>graxaim-do-campo<\/mark>\u00a0quanto o\u00a0<a href=\"https:\/\/aventurasnahistoria.uol.com.br\/noticias\/historia-hoje\/primeira-reconstrucao-canina-revela-animal-domestico-de-4500-anos.phtml\" rel=\"noreferrer noopener\" target=\"_blank\">c\u00e3o dom\u00e9stico<\/a> apresentam uma configura\u00e7\u00e3o de forma e n\u00famero dessas estruturas cromoss\u00f4micas semelhante: s\u00e3o encontrados em ambos os animais 74 e 78 cromossomos, respectivamente.<\/p>\n\n\n\n<div class=\"wp-block-image\"><figure class=\"aligncenter size-large is-resized\"><img loading=\"lazy\" decoding=\"async\" src=\"https:\/\/jornalfatosenoticias.com.br\/wp-content\/uploads\/2023\/08\/ITH.jpeg\" alt=\"\" class=\"wp-image-44638\" width=\"350\" height=\"284\" srcset=\"https:\/\/jornalfatosenoticias.com.br\/wp-content\/uploads\/2023\/08\/ITH.jpeg 800w, https:\/\/jornalfatosenoticias.com.br\/wp-content\/uploads\/2023\/08\/ITH-300x244.jpeg 300w, https:\/\/jornalfatosenoticias.com.br\/wp-content\/uploads\/2023\/08\/ITH-768x624.jpeg 768w\" sizes=\"auto, (max-width: 350px) 100vw, 350px\" \/><\/figure><\/div>\n\n\n\n<blockquote class=\"wp-block-quote is-layout-flow wp-block-quote-is-layout-flow\"><p><span class=\"has-inline-color has-luminous-vivid-orange-color\">Embora essas esp\u00e9cies tenham divergido h\u00e1 cerca de 6,7 milh\u00f5es de anos e perten\u00e7am a g\u00eaneros diferentes, parece que poucas altera\u00e7\u00f5es ocorreram em seus materiais gen\u00e9ticos, o que possibilita a hibridiza\u00e7\u00e3o&#8221;, conta o professor.<\/span><\/p><\/blockquote>\n\n\n\n<div class=\"wp-block-image\"><figure class=\"aligncenter size-large is-resized\"><img loading=\"lazy\" decoding=\"async\" src=\"https:\/\/jornalfatosenoticias.com.br\/wp-content\/uploads\/2023\/08\/Control-Systems.jpg\" alt=\"\" class=\"wp-image-44092\" width=\"317\" height=\"380\"\/><\/figure><\/div>\n\n\n\n<p><strong><em>Fonte: <a href=\"https:\/\/aventurasnahistoria.uol.com.br\/noticias\/historia-hoje\/cruzamento-entre-cao-e-canideo-silvestre.phtml\">Aventuras na Hist\u00f3ria<\/a><\/em><\/strong><\/p>\n","protected":false},"excerpt":{"rendered":"<p>Animal encontrado no Rio Grande do Sul chama aten\u00e7\u00e3o por suas caracter\u00edsticas \u00fanicas Por Giovanna Gomes Uma criatura de pelagem escura com poucos pelos brancos, semelhante a um c\u00e3o dom\u00e9stico, foi resgatada ap\u00f3s ser atropelada no ano de 2021 na regi\u00e3o de\u00a0Vacaria, localizada no estado do Rio Grande do Sul. Inicialmente, a equipe da Patrulha [&hellip;]<\/p>\n","protected":false},"author":2,"featured_media":44663,"comment_status":"open","ping_status":"open","sticky":false,"template":"","format":"standard","meta":{"footnotes":""},"categories":[8],"tags":[21036,21035,21037,8075,21038],"class_list":["post-44662","post","type-post","status-publish","format-standard","has-post-thumbnail","hentry","category-meio-ambiente","tag-canideo","tag-cao-domestico","tag-graxaim","tag-hibrido","tag-selvagem"],"yoast_head":"<!-- This site is optimized with the Yoast SEO plugin v26.5 - https:\/\/yoast.com\/wordpress\/plugins\/seo\/ -->\n<title>F\u00eamea h\u00edbrida de c\u00e3o e can\u00eddeo silvestre \u00e9 primeiro caso relatado na Am\u00e9rica do Sul - Jornal Fatos e Not\u00edcias<\/title>\n<meta name=\"robots\" content=\"index, follow, max-snippet:-1, max-image-preview:large, max-video-preview:-1\" \/>\n<link rel=\"canonical\" href=\"https:\/\/jornalfatosenoticias.com.br\/index.php\/2023\/08\/29\/femea-hibrida-de-cao-e-canideo-silvestre-e-primeiro-caso-relatado-na-america-do-sul\/\" \/>\n<meta property=\"og:locale\" content=\"pt_BR\" \/>\n<meta property=\"og:type\" content=\"article\" \/>\n<meta property=\"og:title\" content=\"F\u00eamea h\u00edbrida de c\u00e3o e can\u00eddeo silvestre \u00e9 primeiro caso relatado na Am\u00e9rica do Sul - Jornal Fatos e Not\u00edcias\" \/>\n<meta property=\"og:description\" content=\"Animal encontrado no Rio Grande do Sul chama aten\u00e7\u00e3o por suas caracter\u00edsticas \u00fanicas Por Giovanna Gomes Uma criatura de pelagem escura com poucos pelos brancos, semelhante a um c\u00e3o dom\u00e9stico, foi resgatada ap\u00f3s ser atropelada no ano de 2021 na regi\u00e3o de\u00a0Vacaria, localizada no estado do Rio Grande do Sul. Inicialmente, a equipe da Patrulha [&hellip;]\" \/>\n<meta property=\"og:url\" content=\"https:\/\/jornalfatosenoticias.com.br\/index.php\/2023\/08\/29\/femea-hibrida-de-cao-e-canideo-silvestre-e-primeiro-caso-relatado-na-america-do-sul\/\" \/>\n<meta property=\"og:site_name\" content=\"Jornal Fatos e Not\u00edcias\" \/>\n<meta property=\"article:published_time\" content=\"2023-08-29T19:48:44+00:00\" \/>\n<meta property=\"article:modified_time\" content=\"2023-08-29T19:48:45+00:00\" \/>\n<meta property=\"og:image\" content=\"https:\/\/jornalfatosenoticias.com.br\/wp-content\/uploads\/2023\/08\/canideo-silvestre.jpg\" \/>\n\t<meta property=\"og:image:width\" content=\"900\" \/>\n\t<meta property=\"og:image:height\" content=\"506\" \/>\n\t<meta property=\"og:image:type\" content=\"image\/jpeg\" \/>\n<meta name=\"author\" content=\"Luzimara Fernandes\" \/>\n<meta name=\"twitter:card\" content=\"summary_large_image\" \/>\n<meta name=\"twitter:label1\" content=\"Escrito por\" \/>\n\t<meta name=\"twitter:data1\" content=\"Luzimara Fernandes\" \/>\n\t<meta name=\"twitter:label2\" content=\"Est. tempo de leitura\" \/>\n\t<meta name=\"twitter:data2\" content=\"2 minutos\" \/>\n<script type=\"application\/ld+json\" class=\"yoast-schema-graph\">{\"@context\":\"https:\/\/schema.org\",\"@graph\":[{\"@type\":\"Article\",\"@id\":\"https:\/\/jornalfatosenoticias.com.br\/index.php\/2023\/08\/29\/femea-hibrida-de-cao-e-canideo-silvestre-e-primeiro-caso-relatado-na-america-do-sul\/#article\",\"isPartOf\":{\"@id\":\"https:\/\/jornalfatosenoticias.com.br\/index.php\/2023\/08\/29\/femea-hibrida-de-cao-e-canideo-silvestre-e-primeiro-caso-relatado-na-america-do-sul\/\"},\"author\":{\"name\":\"Luzimara Fernandes\",\"@id\":\"https:\/\/jornalfatosenoticias.com.br\/#\/schema\/person\/d63837fa13ac8666eb9e74e0985d6f81\"},\"headline\":\"F\u00eamea h\u00edbrida de c\u00e3o e can\u00eddeo silvestre \u00e9 primeiro caso relatado na Am\u00e9rica do Sul\",\"datePublished\":\"2023-08-29T19:48:44+00:00\",\"dateModified\":\"2023-08-29T19:48:45+00:00\",\"mainEntityOfPage\":{\"@id\":\"https:\/\/jornalfatosenoticias.com.br\/index.php\/2023\/08\/29\/femea-hibrida-de-cao-e-canideo-silvestre-e-primeiro-caso-relatado-na-america-do-sul\/\"},\"wordCount\":433,\"commentCount\":0,\"publisher\":{\"@id\":\"https:\/\/jornalfatosenoticias.com.br\/#organization\"},\"image\":{\"@id\":\"https:\/\/jornalfatosenoticias.com.br\/index.php\/2023\/08\/29\/femea-hibrida-de-cao-e-canideo-silvestre-e-primeiro-caso-relatado-na-america-do-sul\/#primaryimage\"},\"thumbnailUrl\":\"https:\/\/jornalfatosenoticias.com.br\/wp-content\/uploads\/2023\/08\/canideo-silvestre.jpg\",\"keywords\":[\"can\u00eddeo\",\"c\u00e3o dom\u00e9stico\",\"graxaim\",\"h\u00edbrido\",\"selvagem\"],\"articleSection\":[\"Meio ambiente\"],\"inLanguage\":\"pt-BR\",\"potentialAction\":[{\"@type\":\"CommentAction\",\"name\":\"Comment\",\"target\":[\"https:\/\/jornalfatosenoticias.com.br\/index.php\/2023\/08\/29\/femea-hibrida-de-cao-e-canideo-silvestre-e-primeiro-caso-relatado-na-america-do-sul\/#respond\"]}]},{\"@type\":\"WebPage\",\"@id\":\"https:\/\/jornalfatosenoticias.com.br\/index.php\/2023\/08\/29\/femea-hibrida-de-cao-e-canideo-silvestre-e-primeiro-caso-relatado-na-america-do-sul\/\",\"url\":\"https:\/\/jornalfatosenoticias.com.br\/index.php\/2023\/08\/29\/femea-hibrida-de-cao-e-canideo-silvestre-e-primeiro-caso-relatado-na-america-do-sul\/\",\"name\":\"F\u00eamea h\u00edbrida de c\u00e3o e can\u00eddeo silvestre \u00e9 primeiro caso relatado na Am\u00e9rica do Sul - Jornal Fatos e Not\u00edcias\",\"isPartOf\":{\"@id\":\"https:\/\/jornalfatosenoticias.com.br\/#website\"},\"primaryImageOfPage\":{\"@id\":\"https:\/\/jornalfatosenoticias.com.br\/index.php\/2023\/08\/29\/femea-hibrida-de-cao-e-canideo-silvestre-e-primeiro-caso-relatado-na-america-do-sul\/#primaryimage\"},\"image\":{\"@id\":\"https:\/\/jornalfatosenoticias.com.br\/index.php\/2023\/08\/29\/femea-hibrida-de-cao-e-canideo-silvestre-e-primeiro-caso-relatado-na-america-do-sul\/#primaryimage\"},\"thumbnailUrl\":\"https:\/\/jornalfatosenoticias.com.br\/wp-content\/uploads\/2023\/08\/canideo-silvestre.jpg\",\"datePublished\":\"2023-08-29T19:48:44+00:00\",\"dateModified\":\"2023-08-29T19:48:45+00:00\",\"breadcrumb\":{\"@id\":\"https:\/\/jornalfatosenoticias.com.br\/index.php\/2023\/08\/29\/femea-hibrida-de-cao-e-canideo-silvestre-e-primeiro-caso-relatado-na-america-do-sul\/#breadcrumb\"},\"inLanguage\":\"pt-BR\",\"potentialAction\":[{\"@type\":\"ReadAction\",\"target\":[\"https:\/\/jornalfatosenoticias.com.br\/index.php\/2023\/08\/29\/femea-hibrida-de-cao-e-canideo-silvestre-e-primeiro-caso-relatado-na-america-do-sul\/\"]}]},{\"@type\":\"ImageObject\",\"inLanguage\":\"pt-BR\",\"@id\":\"https:\/\/jornalfatosenoticias.com.br\/index.php\/2023\/08\/29\/femea-hibrida-de-cao-e-canideo-silvestre-e-primeiro-caso-relatado-na-america-do-sul\/#primaryimage\",\"url\":\"https:\/\/jornalfatosenoticias.com.br\/wp-content\/uploads\/2023\/08\/canideo-silvestre.jpg\",\"contentUrl\":\"https:\/\/jornalfatosenoticias.com.br\/wp-content\/uploads\/2023\/08\/canideo-silvestre.jpg\",\"width\":900,\"height\":506},{\"@type\":\"BreadcrumbList\",\"@id\":\"https:\/\/jornalfatosenoticias.com.br\/index.php\/2023\/08\/29\/femea-hibrida-de-cao-e-canideo-silvestre-e-primeiro-caso-relatado-na-america-do-sul\/#breadcrumb\",\"itemListElement\":[{\"@type\":\"ListItem\",\"position\":1,\"name\":\"In\u00edcio\",\"item\":\"https:\/\/jornalfatosenoticias.com.br\/\"},{\"@type\":\"ListItem\",\"position\":2,\"name\":\"F\u00eamea h\u00edbrida de c\u00e3o e can\u00eddeo silvestre \u00e9 primeiro caso relatado na Am\u00e9rica do Sul\"}]},{\"@type\":\"WebSite\",\"@id\":\"https:\/\/jornalfatosenoticias.com.br\/#website\",\"url\":\"https:\/\/jornalfatosenoticias.com.br\/\",\"name\":\"Jornal Fatos e Not\u00edcias\",\"description\":\"Not\u00edcias em geral\",\"publisher\":{\"@id\":\"https:\/\/jornalfatosenoticias.com.br\/#organization\"},\"potentialAction\":[{\"@type\":\"SearchAction\",\"target\":{\"@type\":\"EntryPoint\",\"urlTemplate\":\"https:\/\/jornalfatosenoticias.com.br\/?s={search_term_string}\"},\"query-input\":{\"@type\":\"PropertyValueSpecification\",\"valueRequired\":true,\"valueName\":\"search_term_string\"}}],\"inLanguage\":\"pt-BR\"},{\"@type\":\"Organization\",\"@id\":\"https:\/\/jornalfatosenoticias.com.br\/#organization\",\"name\":\"Jornal Fatos e Not\u00edcias\",\"url\":\"https:\/\/jornalfatosenoticias.com.br\/\",\"logo\":{\"@type\":\"ImageObject\",\"inLanguage\":\"pt-BR\",\"@id\":\"https:\/\/jornalfatosenoticias.com.br\/#\/schema\/logo\/image\/\",\"url\":\"https:\/\/jornalfatosenoticias.com.br\/wp-content\/uploads\/2020\/02\/logo120.png\",\"contentUrl\":\"https:\/\/jornalfatosenoticias.com.br\/wp-content\/uploads\/2020\/02\/logo120.png\",\"width\":1227,\"height\":120,\"caption\":\"Jornal Fatos e Not\u00edcias\"},\"image\":{\"@id\":\"https:\/\/jornalfatosenoticias.com.br\/#\/schema\/logo\/image\/\"}},{\"@type\":\"Person\",\"@id\":\"https:\/\/jornalfatosenoticias.com.br\/#\/schema\/person\/d63837fa13ac8666eb9e74e0985d6f81\",\"name\":\"Luzimara Fernandes\",\"image\":{\"@type\":\"ImageObject\",\"inLanguage\":\"pt-BR\",\"@id\":\"https:\/\/jornalfatosenoticias.com.br\/#\/schema\/person\/image\/\",\"url\":\"https:\/\/jornalfatosenoticias.com.br\/wp-content\/uploads\/2025\/05\/EU_portal.jpg\",\"contentUrl\":\"https:\/\/jornalfatosenoticias.com.br\/wp-content\/uploads\/2025\/05\/EU_portal.jpg\",\"caption\":\"Luzimara Fernandes\"},\"description\":\"Jornalista MTB 2358-ES\",\"sameAs\":[\"https:\/\/jornalfatosenoticias.com.br\"],\"url\":\"https:\/\/jornalfatosenoticias.com.br\/index.php\/author\/luzimara\/\"}]}<\/script>\n<!-- \/ Yoast SEO plugin. -->","yoast_head_json":{"title":"F\u00eamea h\u00edbrida de c\u00e3o e can\u00eddeo silvestre \u00e9 primeiro caso relatado na Am\u00e9rica do Sul - Jornal Fatos e Not\u00edcias","robots":{"index":"index","follow":"follow","max-snippet":"max-snippet:-1","max-image-preview":"max-image-preview:large","max-video-preview":"max-video-preview:-1"},"canonical":"https:\/\/jornalfatosenoticias.com.br\/index.php\/2023\/08\/29\/femea-hibrida-de-cao-e-canideo-silvestre-e-primeiro-caso-relatado-na-america-do-sul\/","og_locale":"pt_BR","og_type":"article","og_title":"F\u00eamea h\u00edbrida de c\u00e3o e can\u00eddeo silvestre \u00e9 primeiro caso relatado na Am\u00e9rica do Sul - Jornal Fatos e Not\u00edcias","og_description":"Animal encontrado no Rio Grande do Sul chama aten\u00e7\u00e3o por suas caracter\u00edsticas \u00fanicas Por Giovanna Gomes Uma criatura de pelagem escura com poucos pelos brancos, semelhante a um c\u00e3o dom\u00e9stico, foi resgatada ap\u00f3s ser atropelada no ano de 2021 na regi\u00e3o de\u00a0Vacaria, localizada no estado do Rio Grande do Sul. Inicialmente, a equipe da Patrulha [&hellip;]","og_url":"https:\/\/jornalfatosenoticias.com.br\/index.php\/2023\/08\/29\/femea-hibrida-de-cao-e-canideo-silvestre-e-primeiro-caso-relatado-na-america-do-sul\/","og_site_name":"Jornal Fatos e Not\u00edcias","article_published_time":"2023-08-29T19:48:44+00:00","article_modified_time":"2023-08-29T19:48:45+00:00","og_image":[{"width":900,"height":506,"url":"https:\/\/jornalfatosenoticias.com.br\/wp-content\/uploads\/2023\/08\/canideo-silvestre.jpg","type":"image\/jpeg"}],"author":"Luzimara Fernandes","twitter_card":"summary_large_image","twitter_misc":{"Escrito por":"Luzimara Fernandes","Est. tempo de leitura":"2 minutos"},"schema":{"@context":"https:\/\/schema.org","@graph":[{"@type":"Article","@id":"https:\/\/jornalfatosenoticias.com.br\/index.php\/2023\/08\/29\/femea-hibrida-de-cao-e-canideo-silvestre-e-primeiro-caso-relatado-na-america-do-sul\/#article","isPartOf":{"@id":"https:\/\/jornalfatosenoticias.com.br\/index.php\/2023\/08\/29\/femea-hibrida-de-cao-e-canideo-silvestre-e-primeiro-caso-relatado-na-america-do-sul\/"},"author":{"name":"Luzimara Fernandes","@id":"https:\/\/jornalfatosenoticias.com.br\/#\/schema\/person\/d63837fa13ac8666eb9e74e0985d6f81"},"headline":"F\u00eamea h\u00edbrida de c\u00e3o e can\u00eddeo silvestre \u00e9 primeiro caso relatado na Am\u00e9rica do Sul","datePublished":"2023-08-29T19:48:44+00:00","dateModified":"2023-08-29T19:48:45+00:00","mainEntityOfPage":{"@id":"https:\/\/jornalfatosenoticias.com.br\/index.php\/2023\/08\/29\/femea-hibrida-de-cao-e-canideo-silvestre-e-primeiro-caso-relatado-na-america-do-sul\/"},"wordCount":433,"commentCount":0,"publisher":{"@id":"https:\/\/jornalfatosenoticias.com.br\/#organization"},"image":{"@id":"https:\/\/jornalfatosenoticias.com.br\/index.php\/2023\/08\/29\/femea-hibrida-de-cao-e-canideo-silvestre-e-primeiro-caso-relatado-na-america-do-sul\/#primaryimage"},"thumbnailUrl":"https:\/\/jornalfatosenoticias.com.br\/wp-content\/uploads\/2023\/08\/canideo-silvestre.jpg","keywords":["can\u00eddeo","c\u00e3o dom\u00e9stico","graxaim","h\u00edbrido","selvagem"],"articleSection":["Meio ambiente"],"inLanguage":"pt-BR","potentialAction":[{"@type":"CommentAction","name":"Comment","target":["https:\/\/jornalfatosenoticias.com.br\/index.php\/2023\/08\/29\/femea-hibrida-de-cao-e-canideo-silvestre-e-primeiro-caso-relatado-na-america-do-sul\/#respond"]}]},{"@type":"WebPage","@id":"https:\/\/jornalfatosenoticias.com.br\/index.php\/2023\/08\/29\/femea-hibrida-de-cao-e-canideo-silvestre-e-primeiro-caso-relatado-na-america-do-sul\/","url":"https:\/\/jornalfatosenoticias.com.br\/index.php\/2023\/08\/29\/femea-hibrida-de-cao-e-canideo-silvestre-e-primeiro-caso-relatado-na-america-do-sul\/","name":"F\u00eamea h\u00edbrida de c\u00e3o e can\u00eddeo silvestre \u00e9 primeiro caso relatado na Am\u00e9rica do Sul - Jornal Fatos e Not\u00edcias","isPartOf":{"@id":"https:\/\/jornalfatosenoticias.com.br\/#website"},"primaryImageOfPage":{"@id":"https:\/\/jornalfatosenoticias.com.br\/index.php\/2023\/08\/29\/femea-hibrida-de-cao-e-canideo-silvestre-e-primeiro-caso-relatado-na-america-do-sul\/#primaryimage"},"image":{"@id":"https:\/\/jornalfatosenoticias.com.br\/index.php\/2023\/08\/29\/femea-hibrida-de-cao-e-canideo-silvestre-e-primeiro-caso-relatado-na-america-do-sul\/#primaryimage"},"thumbnailUrl":"https:\/\/jornalfatosenoticias.com.br\/wp-content\/uploads\/2023\/08\/canideo-silvestre.jpg","datePublished":"2023-08-29T19:48:44+00:00","dateModified":"2023-08-29T19:48:45+00:00","breadcrumb":{"@id":"https:\/\/jornalfatosenoticias.com.br\/index.php\/2023\/08\/29\/femea-hibrida-de-cao-e-canideo-silvestre-e-primeiro-caso-relatado-na-america-do-sul\/#breadcrumb"},"inLanguage":"pt-BR","potentialAction":[{"@type":"ReadAction","target":["https:\/\/jornalfatosenoticias.com.br\/index.php\/2023\/08\/29\/femea-hibrida-de-cao-e-canideo-silvestre-e-primeiro-caso-relatado-na-america-do-sul\/"]}]},{"@type":"ImageObject","inLanguage":"pt-BR","@id":"https:\/\/jornalfatosenoticias.com.br\/index.php\/2023\/08\/29\/femea-hibrida-de-cao-e-canideo-silvestre-e-primeiro-caso-relatado-na-america-do-sul\/#primaryimage","url":"https:\/\/jornalfatosenoticias.com.br\/wp-content\/uploads\/2023\/08\/canideo-silvestre.jpg","contentUrl":"https:\/\/jornalfatosenoticias.com.br\/wp-content\/uploads\/2023\/08\/canideo-silvestre.jpg","width":900,"height":506},{"@type":"BreadcrumbList","@id":"https:\/\/jornalfatosenoticias.com.br\/index.php\/2023\/08\/29\/femea-hibrida-de-cao-e-canideo-silvestre-e-primeiro-caso-relatado-na-america-do-sul\/#breadcrumb","itemListElement":[{"@type":"ListItem","position":1,"name":"In\u00edcio","item":"https:\/\/jornalfatosenoticias.com.br\/"},{"@type":"ListItem","position":2,"name":"F\u00eamea h\u00edbrida de c\u00e3o e can\u00eddeo silvestre \u00e9 primeiro caso relatado na Am\u00e9rica do Sul"}]},{"@type":"WebSite","@id":"https:\/\/jornalfatosenoticias.com.br\/#website","url":"https:\/\/jornalfatosenoticias.com.br\/","name":"Jornal Fatos e Not\u00edcias","description":"Not\u00edcias em geral","publisher":{"@id":"https:\/\/jornalfatosenoticias.com.br\/#organization"},"potentialAction":[{"@type":"SearchAction","target":{"@type":"EntryPoint","urlTemplate":"https:\/\/jornalfatosenoticias.com.br\/?s={search_term_string}"},"query-input":{"@type":"PropertyValueSpecification","valueRequired":true,"valueName":"search_term_string"}}],"inLanguage":"pt-BR"},{"@type":"Organization","@id":"https:\/\/jornalfatosenoticias.com.br\/#organization","name":"Jornal Fatos e Not\u00edcias","url":"https:\/\/jornalfatosenoticias.com.br\/","logo":{"@type":"ImageObject","inLanguage":"pt-BR","@id":"https:\/\/jornalfatosenoticias.com.br\/#\/schema\/logo\/image\/","url":"https:\/\/jornalfatosenoticias.com.br\/wp-content\/uploads\/2020\/02\/logo120.png","contentUrl":"https:\/\/jornalfatosenoticias.com.br\/wp-content\/uploads\/2020\/02\/logo120.png","width":1227,"height":120,"caption":"Jornal Fatos e Not\u00edcias"},"image":{"@id":"https:\/\/jornalfatosenoticias.com.br\/#\/schema\/logo\/image\/"}},{"@type":"Person","@id":"https:\/\/jornalfatosenoticias.com.br\/#\/schema\/person\/d63837fa13ac8666eb9e74e0985d6f81","name":"Luzimara Fernandes","image":{"@type":"ImageObject","inLanguage":"pt-BR","@id":"https:\/\/jornalfatosenoticias.com.br\/#\/schema\/person\/image\/","url":"https:\/\/jornalfatosenoticias.com.br\/wp-content\/uploads\/2025\/05\/EU_portal.jpg","contentUrl":"https:\/\/jornalfatosenoticias.com.br\/wp-content\/uploads\/2025\/05\/EU_portal.jpg","caption":"Luzimara Fernandes"},"description":"Jornalista MTB 2358-ES","sameAs":["https:\/\/jornalfatosenoticias.com.br"],"url":"https:\/\/jornalfatosenoticias.com.br\/index.php\/author\/luzimara\/"}]}},"cc_featured_image_caption":{"caption_text":"(Foto: Divulga\u00e7\u00e3o) ","source_text":"","source_url":""},"jetpack_featured_media_url":"https:\/\/jornalfatosenoticias.com.br\/wp-content\/uploads\/2023\/08\/canideo-silvestre.jpg","_links":{"self":[{"href":"https:\/\/jornalfatosenoticias.com.br\/index.php\/wp-json\/wp\/v2\/posts\/44662","targetHints":{"allow":["GET"]}}],"collection":[{"href":"https:\/\/jornalfatosenoticias.com.br\/index.php\/wp-json\/wp\/v2\/posts"}],"about":[{"href":"https:\/\/jornalfatosenoticias.com.br\/index.php\/wp-json\/wp\/v2\/types\/post"}],"author":[{"embeddable":true,"href":"https:\/\/jornalfatosenoticias.com.br\/index.php\/wp-json\/wp\/v2\/users\/2"}],"replies":[{"embeddable":true,"href":"https:\/\/jornalfatosenoticias.com.br\/index.php\/wp-json\/wp\/v2\/comments?post=44662"}],"version-history":[{"count":0,"href":"https:\/\/jornalfatosenoticias.com.br\/index.php\/wp-json\/wp\/v2\/posts\/44662\/revisions"}],"wp:featuredmedia":[{"embeddable":true,"href":"https:\/\/jornalfatosenoticias.com.br\/index.php\/wp-json\/wp\/v2\/media\/44663"}],"wp:attachment":[{"href":"https:\/\/jornalfatosenoticias.com.br\/index.php\/wp-json\/wp\/v2\/media?parent=44662"}],"wp:term":[{"taxonomy":"category","embeddable":true,"href":"https:\/\/jornalfatosenoticias.com.br\/index.php\/wp-json\/wp\/v2\/categories?post=44662"},{"taxonomy":"post_tag","embeddable":true,"href":"https:\/\/jornalfatosenoticias.com.br\/index.php\/wp-json\/wp\/v2\/tags?post=44662"}],"curies":[{"name":"wp","href":"https:\/\/api.w.org\/{rel}","templated":true}]}}