{"id":44678,"date":"2023-08-30T08:26:42","date_gmt":"2023-08-30T11:26:42","guid":{"rendered":"https:\/\/jornalfatosenoticias.com.br\/?p=44678"},"modified":"2023-08-30T08:26:45","modified_gmt":"2023-08-30T11:26:45","slug":"ia-pilota-drone-de-combate-da-forca-aerea-dos-eua-pela-primeira-vez","status":"publish","type":"post","link":"https:\/\/jornalfatosenoticias.com.br\/index.php\/2023\/08\/30\/ia-pilota-drone-de-combate-da-forca-aerea-dos-eua-pela-primeira-vez\/","title":{"rendered":"IA pilota drone de combate da For\u00e7a A\u00e9rea dos EUA pela primeira vez"},"content":{"rendered":"\n<p><em><span class=\"has-inline-color has-black-color\">Objetivo da For\u00e7a A\u00e9rea dos EUA \u00e9 usar a IA para reduzir os riscos e os custos com a manuten\u00e7\u00e3o de aeronaves<\/span><\/em><\/p>\n\n\n\n<p><em><span class=\"has-inline-color has-black-color\">Por <strong><a href=\"https:\/\/olhardigital.com.br\/author\/alessandro-lorenzo\/amp\/\">Alessandro Di Lorenzo<\/a><\/strong><\/span><\/em><\/p>\n\n\n\n<div class=\"wp-block-image\"><figure class=\"aligncenter size-large\"><img loading=\"lazy\" decoding=\"async\" width=\"1024\" height=\"100\" src=\"https:\/\/jornalfatosenoticias.com.br\/wp-content\/uploads\/2020\/02\/banner_ferramentas-1024x100.jpg\" alt=\"\" class=\"wp-image-1258\" srcset=\"https:\/\/jornalfatosenoticias.com.br\/wp-content\/uploads\/2020\/02\/banner_ferramentas-1024x100.jpg 1024w, https:\/\/jornalfatosenoticias.com.br\/wp-content\/uploads\/2020\/02\/banner_ferramentas-300x29.jpg 300w, https:\/\/jornalfatosenoticias.com.br\/wp-content\/uploads\/2020\/02\/banner_ferramentas-768x75.jpg 768w, https:\/\/jornalfatosenoticias.com.br\/wp-content\/uploads\/2020\/02\/banner_ferramentas.jpg 1227w\" sizes=\"auto, (max-width: 1024px) 100vw, 1024px\" \/><\/figure><\/div>\n\n\n\n<p>A <a href=\"https:\/\/olhardigital.com.br\/tag\/inteligencia-artificial\/\" target=\"_blank\" rel=\"noreferrer noopener\">intelig\u00eancia artificial<\/a>\u00a0tamb\u00e9m pode ser utilizada para fins militares. Nos\u00a0<a href=\"https:\/\/olhardigital.com.br\/tag\/estados-unidos\/\" target=\"_blank\" rel=\"noreferrer noopener\">Estados Unidos<\/a>, por exemplo, a IA pilotou, pela primeira vez, um\u00a0<a href=\"https:\/\/olhardigital.com.br\/tag\/drone\/\" target=\"_blank\" rel=\"noreferrer noopener\">drone<\/a>\u00a0de combate experimental da\u00a0<a href=\"https:\/\/olhardigital.com.br\/tag\/forca-aerea-americana\/\" target=\"_blank\" rel=\"noreferrer noopener\">For\u00e7a A\u00e9rea americana<\/a>. A miss\u00e3o durou tr\u00eas horas e foi considerada um sucesso. O uso da IA para pilotar um drone faz parte do programa Skyborg Vanguard, que prev\u00ea o desenvolvimento da tecnologia para realiza\u00e7\u00e3o de voos militares de maneira segura. O voo experimentar foi realizado no Complexo de Teste e Treinamento de Eglin, na Fl\u00f3rida.<br>A intelig\u00eancia artificial foi treinada em um simulador e aprimorou suas habilidades de pilotagem, segundo informa\u00e7\u00f5es do <a href=\"https:\/\/newatlas.com\/military\/us-air-force-valkyrie-combat-drone-flies-autonomously-first-time\/\" target=\"_blank\" rel=\"noreferrer noopener\">New Atlas<\/a>. <\/p>\n\n\n\n<div class=\"wp-block-image\"><figure class=\"aligncenter size-large is-resized\"><img loading=\"lazy\" decoding=\"async\" src=\"https:\/\/jornalfatosenoticias.com.br\/wp-content\/uploads\/2023\/08\/Control-Systems.jpg\" alt=\"\" class=\"wp-image-44092\" width=\"320\" height=\"383\"\/><\/figure><\/div>\n\n\n\n<blockquote class=\"wp-block-quote is-layout-flow wp-block-quote-is-layout-flow\"><p><span class=\"has-inline-color has-luminous-vivid-orange-color\">A miss\u00e3o provou uma estrutura de seguran\u00e7a de v\u00e1rias camadas em uma aeronave n\u00e3o tripulada voada por IA e demonstrou a tecnologia resolvendo um \u2018problema de desafio\u2019 taticamente relevante durante as opera\u00e7\u00f5es a\u00e9reas\u201d, disse o coronel Tucker Hamilton, chefe de testes e opera\u00e7\u00f5es de IA da For\u00e7a A\u00e9rea dos EUA.<\/span><\/p><\/blockquote>\n\n\n\n<div class=\"wp-block-image\"><figure class=\"aligncenter size-large is-resized\"><img loading=\"lazy\" decoding=\"async\" src=\"https:\/\/jornalfatosenoticias.com.br\/wp-content\/uploads\/2023\/03\/logo-Panper_portal.jpg\" alt=\"\" class=\"wp-image-40208\" width=\"329\" height=\"228\" srcset=\"https:\/\/jornalfatosenoticias.com.br\/wp-content\/uploads\/2023\/03\/logo-Panper_portal.jpg 400w, https:\/\/jornalfatosenoticias.com.br\/wp-content\/uploads\/2023\/03\/logo-Panper_portal-300x208.jpg 300w\" sizes=\"auto, (max-width: 329px) 100vw, 329px\" \/><\/figure><\/div>\n\n\n\n<p>O objetivo do Pent\u00e1gono \u00e9 reduzir os riscos e os custos com a manuten\u00e7\u00e3o de pilotos em aeronaves, fornecendo uma alternativa rob\u00f3tica que pode escoltar e trabalhar com <a href=\"https:\/\/olhardigital.com.br\/tag\/aeronaves\/\" target=\"_blank\" rel=\"noreferrer noopener\">aeronaves<\/a> de ca\u00e7a, al\u00e9m de ser enviada para \u00e1reas consideradas perigosas. Com uma envergadura de 6,7 metros e uma velocidade m\u00e1xima de 1.050 km\/h, o drone experimental, apelidado de Valkyrie, \u00e9 capaz de transportar at\u00e9 oito armas, incluindo bombas de pequeno di\u00e2metro.<\/p>\n\n\n\n<div class=\"wp-block-image\"><figure class=\"aligncenter size-large\"><img loading=\"lazy\" decoding=\"async\" width=\"300\" height=\"250\" src=\"https:\/\/jornalfatosenoticias.com.br\/wp-content\/uploads\/2020\/02\/Banner-2.png\" alt=\"\" class=\"wp-image-43787\"\/><\/figure><\/div>\n\n\n\n<blockquote class=\"wp-block-quote is-layout-flow wp-block-quote-is-layout-flow\"><p><span class=\"has-inline-color has-luminous-vivid-orange-color\">A IA ser\u00e1 um elemento cr\u00edtico para futuros combates de guerra e a velocidade com que teremos que entender o quadro operacional e tomar decis\u00f5es. IA, Opera\u00e7\u00f5es Aut\u00f4nomas e Equipes Homem-M\u00e1quina continuam a evoluir em um ritmo sem precedentes e precisamos dos esfor\u00e7os coordenados de nosso governo, academia e parceiros da ind\u00fastria para acompanhar o ritmo\u201d, destacou o General de Brigada Scott Cain, comandante do Laborat\u00f3rio de Pesquisa da For\u00e7a A\u00e9rea americana.<\/span><\/p><\/blockquote>\n\n\n\n<div class=\"wp-block-image\"><figure class=\"aligncenter size-large\"><img decoding=\"async\" src=\"https:\/\/jornalfatosenoticias.com.br\/wp-content\/uploads\/2020\/02\/barao-das-carnes-300x164-1.jpg\" alt=\"\" class=\"wp-image-34339\"\/><\/figure><\/div>\n\n\n\n<p><strong><em>Fonte: <a href=\"https:\/\/olhardigital.com.br\/2023\/08\/25\/carros-e-tecnologia\/ia-pilota-drone-de-combate-da-forca-aerea-dos-eua-pela-primeira-vez\/amp\/\">Olhar Digital<\/a><\/em><\/strong><\/p>\n","protected":false},"excerpt":{"rendered":"<p>Objetivo da For\u00e7a A\u00e9rea dos EUA \u00e9 usar a IA para reduzir os riscos e os custos com a manuten\u00e7\u00e3o de aeronaves Por Alessandro Di Lorenzo A intelig\u00eancia artificial\u00a0tamb\u00e9m pode ser utilizada para fins militares. Nos\u00a0Estados Unidos, por exemplo, a IA pilotou, pela primeira vez, um\u00a0drone\u00a0de combate experimental da\u00a0For\u00e7a A\u00e9rea americana. A miss\u00e3o durou tr\u00eas [&hellip;]<\/p>\n","protected":false},"author":2,"featured_media":44679,"comment_status":"open","ping_status":"open","sticky":false,"template":"","format":"standard","meta":{"footnotes":""},"categories":[3],"tags":[4977,10622,53,4634],"class_list":["post-44678","post","type-post","status-publish","format-standard","has-post-thumbnail","hentry","category-tecnologia","tag-drone","tag-forca-aerea-americana","tag-inteligencia-artificial","tag-teste"],"yoast_head":"<!-- This site is optimized with the Yoast SEO plugin v26.5 - https:\/\/yoast.com\/wordpress\/plugins\/seo\/ -->\n<title>IA pilota drone de combate da For\u00e7a A\u00e9rea dos EUA pela primeira vez - Jornal Fatos e Not\u00edcias<\/title>\n<meta name=\"robots\" content=\"index, follow, max-snippet:-1, max-image-preview:large, max-video-preview:-1\" \/>\n<link rel=\"canonical\" href=\"https:\/\/jornalfatosenoticias.com.br\/index.php\/2023\/08\/30\/ia-pilota-drone-de-combate-da-forca-aerea-dos-eua-pela-primeira-vez\/\" \/>\n<meta property=\"og:locale\" content=\"pt_BR\" \/>\n<meta property=\"og:type\" content=\"article\" \/>\n<meta property=\"og:title\" content=\"IA pilota drone de combate da For\u00e7a A\u00e9rea dos EUA pela primeira vez - Jornal Fatos e Not\u00edcias\" \/>\n<meta property=\"og:description\" content=\"Objetivo da For\u00e7a A\u00e9rea dos EUA \u00e9 usar a IA para reduzir os riscos e os custos com a manuten\u00e7\u00e3o de aeronaves Por Alessandro Di Lorenzo A intelig\u00eancia artificial\u00a0tamb\u00e9m pode ser utilizada para fins militares. Nos\u00a0Estados Unidos, por exemplo, a IA pilotou, pela primeira vez, um\u00a0drone\u00a0de combate experimental da\u00a0For\u00e7a A\u00e9rea americana. A miss\u00e3o durou tr\u00eas [&hellip;]\" \/>\n<meta property=\"og:url\" content=\"https:\/\/jornalfatosenoticias.com.br\/index.php\/2023\/08\/30\/ia-pilota-drone-de-combate-da-forca-aerea-dos-eua-pela-primeira-vez\/\" \/>\n<meta property=\"og:site_name\" content=\"Jornal Fatos e Not\u00edcias\" \/>\n<meta property=\"article:published_time\" content=\"2023-08-30T11:26:42+00:00\" \/>\n<meta property=\"article:modified_time\" content=\"2023-08-30T11:26:45+00:00\" \/>\n<meta property=\"og:image\" content=\"https:\/\/jornalfatosenoticias.com.br\/wp-content\/uploads\/2023\/08\/Drone-IA.png\" \/>\n\t<meta property=\"og:image:width\" content=\"1000\" \/>\n\t<meta property=\"og:image:height\" content=\"531\" \/>\n\t<meta property=\"og:image:type\" content=\"image\/png\" \/>\n<meta name=\"author\" content=\"Luzimara Fernandes\" \/>\n<meta name=\"twitter:card\" content=\"summary_large_image\" \/>\n<meta name=\"twitter:label1\" content=\"Escrito por\" \/>\n\t<meta name=\"twitter:data1\" content=\"Luzimara Fernandes\" \/>\n\t<meta name=\"twitter:label2\" content=\"Est. tempo de leitura\" \/>\n\t<meta name=\"twitter:data2\" content=\"2 minutos\" \/>\n<script type=\"application\/ld+json\" class=\"yoast-schema-graph\">{\"@context\":\"https:\/\/schema.org\",\"@graph\":[{\"@type\":\"Article\",\"@id\":\"https:\/\/jornalfatosenoticias.com.br\/index.php\/2023\/08\/30\/ia-pilota-drone-de-combate-da-forca-aerea-dos-eua-pela-primeira-vez\/#article\",\"isPartOf\":{\"@id\":\"https:\/\/jornalfatosenoticias.com.br\/index.php\/2023\/08\/30\/ia-pilota-drone-de-combate-da-forca-aerea-dos-eua-pela-primeira-vez\/\"},\"author\":{\"name\":\"Luzimara Fernandes\",\"@id\":\"https:\/\/jornalfatosenoticias.com.br\/#\/schema\/person\/d63837fa13ac8666eb9e74e0985d6f81\"},\"headline\":\"IA pilota drone de combate da For\u00e7a A\u00e9rea dos EUA pela primeira vez\",\"datePublished\":\"2023-08-30T11:26:42+00:00\",\"dateModified\":\"2023-08-30T11:26:45+00:00\",\"mainEntityOfPage\":{\"@id\":\"https:\/\/jornalfatosenoticias.com.br\/index.php\/2023\/08\/30\/ia-pilota-drone-de-combate-da-forca-aerea-dos-eua-pela-primeira-vez\/\"},\"wordCount\":373,\"commentCount\":0,\"publisher\":{\"@id\":\"https:\/\/jornalfatosenoticias.com.br\/#organization\"},\"image\":{\"@id\":\"https:\/\/jornalfatosenoticias.com.br\/index.php\/2023\/08\/30\/ia-pilota-drone-de-combate-da-forca-aerea-dos-eua-pela-primeira-vez\/#primaryimage\"},\"thumbnailUrl\":\"https:\/\/jornalfatosenoticias.com.br\/wp-content\/uploads\/2023\/08\/Drone-IA.png\",\"keywords\":[\"drone\",\"For\u00e7a A\u00e9rea Americana\",\"intelig\u00eancia artificial\",\"teste\"],\"articleSection\":[\"Tecnologia &amp; Inova\u00e7\u00e3o\"],\"inLanguage\":\"pt-BR\",\"potentialAction\":[{\"@type\":\"CommentAction\",\"name\":\"Comment\",\"target\":[\"https:\/\/jornalfatosenoticias.com.br\/index.php\/2023\/08\/30\/ia-pilota-drone-de-combate-da-forca-aerea-dos-eua-pela-primeira-vez\/#respond\"]}]},{\"@type\":\"WebPage\",\"@id\":\"https:\/\/jornalfatosenoticias.com.br\/index.php\/2023\/08\/30\/ia-pilota-drone-de-combate-da-forca-aerea-dos-eua-pela-primeira-vez\/\",\"url\":\"https:\/\/jornalfatosenoticias.com.br\/index.php\/2023\/08\/30\/ia-pilota-drone-de-combate-da-forca-aerea-dos-eua-pela-primeira-vez\/\",\"name\":\"IA pilota drone de combate da For\u00e7a A\u00e9rea dos EUA pela primeira vez - Jornal Fatos e Not\u00edcias\",\"isPartOf\":{\"@id\":\"https:\/\/jornalfatosenoticias.com.br\/#website\"},\"primaryImageOfPage\":{\"@id\":\"https:\/\/jornalfatosenoticias.com.br\/index.php\/2023\/08\/30\/ia-pilota-drone-de-combate-da-forca-aerea-dos-eua-pela-primeira-vez\/#primaryimage\"},\"image\":{\"@id\":\"https:\/\/jornalfatosenoticias.com.br\/index.php\/2023\/08\/30\/ia-pilota-drone-de-combate-da-forca-aerea-dos-eua-pela-primeira-vez\/#primaryimage\"},\"thumbnailUrl\":\"https:\/\/jornalfatosenoticias.com.br\/wp-content\/uploads\/2023\/08\/Drone-IA.png\",\"datePublished\":\"2023-08-30T11:26:42+00:00\",\"dateModified\":\"2023-08-30T11:26:45+00:00\",\"breadcrumb\":{\"@id\":\"https:\/\/jornalfatosenoticias.com.br\/index.php\/2023\/08\/30\/ia-pilota-drone-de-combate-da-forca-aerea-dos-eua-pela-primeira-vez\/#breadcrumb\"},\"inLanguage\":\"pt-BR\",\"potentialAction\":[{\"@type\":\"ReadAction\",\"target\":[\"https:\/\/jornalfatosenoticias.com.br\/index.php\/2023\/08\/30\/ia-pilota-drone-de-combate-da-forca-aerea-dos-eua-pela-primeira-vez\/\"]}]},{\"@type\":\"ImageObject\",\"inLanguage\":\"pt-BR\",\"@id\":\"https:\/\/jornalfatosenoticias.com.br\/index.php\/2023\/08\/30\/ia-pilota-drone-de-combate-da-forca-aerea-dos-eua-pela-primeira-vez\/#primaryimage\",\"url\":\"https:\/\/jornalfatosenoticias.com.br\/wp-content\/uploads\/2023\/08\/Drone-IA.png\",\"contentUrl\":\"https:\/\/jornalfatosenoticias.com.br\/wp-content\/uploads\/2023\/08\/Drone-IA.png\",\"width\":1000,\"height\":531},{\"@type\":\"BreadcrumbList\",\"@id\":\"https:\/\/jornalfatosenoticias.com.br\/index.php\/2023\/08\/30\/ia-pilota-drone-de-combate-da-forca-aerea-dos-eua-pela-primeira-vez\/#breadcrumb\",\"itemListElement\":[{\"@type\":\"ListItem\",\"position\":1,\"name\":\"In\u00edcio\",\"item\":\"https:\/\/jornalfatosenoticias.com.br\/\"},{\"@type\":\"ListItem\",\"position\":2,\"name\":\"IA pilota drone de combate da For\u00e7a A\u00e9rea dos EUA pela primeira vez\"}]},{\"@type\":\"WebSite\",\"@id\":\"https:\/\/jornalfatosenoticias.com.br\/#website\",\"url\":\"https:\/\/jornalfatosenoticias.com.br\/\",\"name\":\"Jornal Fatos e Not\u00edcias\",\"description\":\"Not\u00edcias em geral\",\"publisher\":{\"@id\":\"https:\/\/jornalfatosenoticias.com.br\/#organization\"},\"potentialAction\":[{\"@type\":\"SearchAction\",\"target\":{\"@type\":\"EntryPoint\",\"urlTemplate\":\"https:\/\/jornalfatosenoticias.com.br\/?s={search_term_string}\"},\"query-input\":{\"@type\":\"PropertyValueSpecification\",\"valueRequired\":true,\"valueName\":\"search_term_string\"}}],\"inLanguage\":\"pt-BR\"},{\"@type\":\"Organization\",\"@id\":\"https:\/\/jornalfatosenoticias.com.br\/#organization\",\"name\":\"Jornal Fatos e Not\u00edcias\",\"url\":\"https:\/\/jornalfatosenoticias.com.br\/\",\"logo\":{\"@type\":\"ImageObject\",\"inLanguage\":\"pt-BR\",\"@id\":\"https:\/\/jornalfatosenoticias.com.br\/#\/schema\/logo\/image\/\",\"url\":\"https:\/\/jornalfatosenoticias.com.br\/wp-content\/uploads\/2020\/02\/logo120.png\",\"contentUrl\":\"https:\/\/jornalfatosenoticias.com.br\/wp-content\/uploads\/2020\/02\/logo120.png\",\"width\":1227,\"height\":120,\"caption\":\"Jornal Fatos e Not\u00edcias\"},\"image\":{\"@id\":\"https:\/\/jornalfatosenoticias.com.br\/#\/schema\/logo\/image\/\"}},{\"@type\":\"Person\",\"@id\":\"https:\/\/jornalfatosenoticias.com.br\/#\/schema\/person\/d63837fa13ac8666eb9e74e0985d6f81\",\"name\":\"Luzimara Fernandes\",\"image\":{\"@type\":\"ImageObject\",\"inLanguage\":\"pt-BR\",\"@id\":\"https:\/\/jornalfatosenoticias.com.br\/#\/schema\/person\/image\/\",\"url\":\"https:\/\/jornalfatosenoticias.com.br\/wp-content\/uploads\/2025\/05\/EU_portal.jpg\",\"contentUrl\":\"https:\/\/jornalfatosenoticias.com.br\/wp-content\/uploads\/2025\/05\/EU_portal.jpg\",\"caption\":\"Luzimara Fernandes\"},\"description\":\"Jornalista MTB 2358-ES\",\"sameAs\":[\"https:\/\/jornalfatosenoticias.com.br\"],\"url\":\"https:\/\/jornalfatosenoticias.com.br\/index.php\/author\/luzimara\/\"}]}<\/script>\n<!-- \/ Yoast SEO plugin. -->","yoast_head_json":{"title":"IA pilota drone de combate da For\u00e7a A\u00e9rea dos EUA pela primeira vez - Jornal Fatos e Not\u00edcias","robots":{"index":"index","follow":"follow","max-snippet":"max-snippet:-1","max-image-preview":"max-image-preview:large","max-video-preview":"max-video-preview:-1"},"canonical":"https:\/\/jornalfatosenoticias.com.br\/index.php\/2023\/08\/30\/ia-pilota-drone-de-combate-da-forca-aerea-dos-eua-pela-primeira-vez\/","og_locale":"pt_BR","og_type":"article","og_title":"IA pilota drone de combate da For\u00e7a A\u00e9rea dos EUA pela primeira vez - Jornal Fatos e Not\u00edcias","og_description":"Objetivo da For\u00e7a A\u00e9rea dos EUA \u00e9 usar a IA para reduzir os riscos e os custos com a manuten\u00e7\u00e3o de aeronaves Por Alessandro Di Lorenzo A intelig\u00eancia artificial\u00a0tamb\u00e9m pode ser utilizada para fins militares. Nos\u00a0Estados Unidos, por exemplo, a IA pilotou, pela primeira vez, um\u00a0drone\u00a0de combate experimental da\u00a0For\u00e7a A\u00e9rea americana. A miss\u00e3o durou tr\u00eas [&hellip;]","og_url":"https:\/\/jornalfatosenoticias.com.br\/index.php\/2023\/08\/30\/ia-pilota-drone-de-combate-da-forca-aerea-dos-eua-pela-primeira-vez\/","og_site_name":"Jornal Fatos e Not\u00edcias","article_published_time":"2023-08-30T11:26:42+00:00","article_modified_time":"2023-08-30T11:26:45+00:00","og_image":[{"width":1000,"height":531,"url":"https:\/\/jornalfatosenoticias.com.br\/wp-content\/uploads\/2023\/08\/Drone-IA.png","type":"image\/png"}],"author":"Luzimara Fernandes","twitter_card":"summary_large_image","twitter_misc":{"Escrito por":"Luzimara Fernandes","Est. tempo de leitura":"2 minutos"},"schema":{"@context":"https:\/\/schema.org","@graph":[{"@type":"Article","@id":"https:\/\/jornalfatosenoticias.com.br\/index.php\/2023\/08\/30\/ia-pilota-drone-de-combate-da-forca-aerea-dos-eua-pela-primeira-vez\/#article","isPartOf":{"@id":"https:\/\/jornalfatosenoticias.com.br\/index.php\/2023\/08\/30\/ia-pilota-drone-de-combate-da-forca-aerea-dos-eua-pela-primeira-vez\/"},"author":{"name":"Luzimara Fernandes","@id":"https:\/\/jornalfatosenoticias.com.br\/#\/schema\/person\/d63837fa13ac8666eb9e74e0985d6f81"},"headline":"IA pilota drone de combate da For\u00e7a A\u00e9rea dos EUA pela primeira vez","datePublished":"2023-08-30T11:26:42+00:00","dateModified":"2023-08-30T11:26:45+00:00","mainEntityOfPage":{"@id":"https:\/\/jornalfatosenoticias.com.br\/index.php\/2023\/08\/30\/ia-pilota-drone-de-combate-da-forca-aerea-dos-eua-pela-primeira-vez\/"},"wordCount":373,"commentCount":0,"publisher":{"@id":"https:\/\/jornalfatosenoticias.com.br\/#organization"},"image":{"@id":"https:\/\/jornalfatosenoticias.com.br\/index.php\/2023\/08\/30\/ia-pilota-drone-de-combate-da-forca-aerea-dos-eua-pela-primeira-vez\/#primaryimage"},"thumbnailUrl":"https:\/\/jornalfatosenoticias.com.br\/wp-content\/uploads\/2023\/08\/Drone-IA.png","keywords":["drone","For\u00e7a A\u00e9rea Americana","intelig\u00eancia artificial","teste"],"articleSection":["Tecnologia &amp; Inova\u00e7\u00e3o"],"inLanguage":"pt-BR","potentialAction":[{"@type":"CommentAction","name":"Comment","target":["https:\/\/jornalfatosenoticias.com.br\/index.php\/2023\/08\/30\/ia-pilota-drone-de-combate-da-forca-aerea-dos-eua-pela-primeira-vez\/#respond"]}]},{"@type":"WebPage","@id":"https:\/\/jornalfatosenoticias.com.br\/index.php\/2023\/08\/30\/ia-pilota-drone-de-combate-da-forca-aerea-dos-eua-pela-primeira-vez\/","url":"https:\/\/jornalfatosenoticias.com.br\/index.php\/2023\/08\/30\/ia-pilota-drone-de-combate-da-forca-aerea-dos-eua-pela-primeira-vez\/","name":"IA pilota drone de combate da For\u00e7a A\u00e9rea dos EUA pela primeira vez - Jornal Fatos e Not\u00edcias","isPartOf":{"@id":"https:\/\/jornalfatosenoticias.com.br\/#website"},"primaryImageOfPage":{"@id":"https:\/\/jornalfatosenoticias.com.br\/index.php\/2023\/08\/30\/ia-pilota-drone-de-combate-da-forca-aerea-dos-eua-pela-primeira-vez\/#primaryimage"},"image":{"@id":"https:\/\/jornalfatosenoticias.com.br\/index.php\/2023\/08\/30\/ia-pilota-drone-de-combate-da-forca-aerea-dos-eua-pela-primeira-vez\/#primaryimage"},"thumbnailUrl":"https:\/\/jornalfatosenoticias.com.br\/wp-content\/uploads\/2023\/08\/Drone-IA.png","datePublished":"2023-08-30T11:26:42+00:00","dateModified":"2023-08-30T11:26:45+00:00","breadcrumb":{"@id":"https:\/\/jornalfatosenoticias.com.br\/index.php\/2023\/08\/30\/ia-pilota-drone-de-combate-da-forca-aerea-dos-eua-pela-primeira-vez\/#breadcrumb"},"inLanguage":"pt-BR","potentialAction":[{"@type":"ReadAction","target":["https:\/\/jornalfatosenoticias.com.br\/index.php\/2023\/08\/30\/ia-pilota-drone-de-combate-da-forca-aerea-dos-eua-pela-primeira-vez\/"]}]},{"@type":"ImageObject","inLanguage":"pt-BR","@id":"https:\/\/jornalfatosenoticias.com.br\/index.php\/2023\/08\/30\/ia-pilota-drone-de-combate-da-forca-aerea-dos-eua-pela-primeira-vez\/#primaryimage","url":"https:\/\/jornalfatosenoticias.com.br\/wp-content\/uploads\/2023\/08\/Drone-IA.png","contentUrl":"https:\/\/jornalfatosenoticias.com.br\/wp-content\/uploads\/2023\/08\/Drone-IA.png","width":1000,"height":531},{"@type":"BreadcrumbList","@id":"https:\/\/jornalfatosenoticias.com.br\/index.php\/2023\/08\/30\/ia-pilota-drone-de-combate-da-forca-aerea-dos-eua-pela-primeira-vez\/#breadcrumb","itemListElement":[{"@type":"ListItem","position":1,"name":"In\u00edcio","item":"https:\/\/jornalfatosenoticias.com.br\/"},{"@type":"ListItem","position":2,"name":"IA pilota drone de combate da For\u00e7a A\u00e9rea dos EUA pela primeira vez"}]},{"@type":"WebSite","@id":"https:\/\/jornalfatosenoticias.com.br\/#website","url":"https:\/\/jornalfatosenoticias.com.br\/","name":"Jornal Fatos e Not\u00edcias","description":"Not\u00edcias em geral","publisher":{"@id":"https:\/\/jornalfatosenoticias.com.br\/#organization"},"potentialAction":[{"@type":"SearchAction","target":{"@type":"EntryPoint","urlTemplate":"https:\/\/jornalfatosenoticias.com.br\/?s={search_term_string}"},"query-input":{"@type":"PropertyValueSpecification","valueRequired":true,"valueName":"search_term_string"}}],"inLanguage":"pt-BR"},{"@type":"Organization","@id":"https:\/\/jornalfatosenoticias.com.br\/#organization","name":"Jornal Fatos e Not\u00edcias","url":"https:\/\/jornalfatosenoticias.com.br\/","logo":{"@type":"ImageObject","inLanguage":"pt-BR","@id":"https:\/\/jornalfatosenoticias.com.br\/#\/schema\/logo\/image\/","url":"https:\/\/jornalfatosenoticias.com.br\/wp-content\/uploads\/2020\/02\/logo120.png","contentUrl":"https:\/\/jornalfatosenoticias.com.br\/wp-content\/uploads\/2020\/02\/logo120.png","width":1227,"height":120,"caption":"Jornal Fatos e Not\u00edcias"},"image":{"@id":"https:\/\/jornalfatosenoticias.com.br\/#\/schema\/logo\/image\/"}},{"@type":"Person","@id":"https:\/\/jornalfatosenoticias.com.br\/#\/schema\/person\/d63837fa13ac8666eb9e74e0985d6f81","name":"Luzimara Fernandes","image":{"@type":"ImageObject","inLanguage":"pt-BR","@id":"https:\/\/jornalfatosenoticias.com.br\/#\/schema\/person\/image\/","url":"https:\/\/jornalfatosenoticias.com.br\/wp-content\/uploads\/2025\/05\/EU_portal.jpg","contentUrl":"https:\/\/jornalfatosenoticias.com.br\/wp-content\/uploads\/2025\/05\/EU_portal.jpg","caption":"Luzimara Fernandes"},"description":"Jornalista MTB 2358-ES","sameAs":["https:\/\/jornalfatosenoticias.com.br"],"url":"https:\/\/jornalfatosenoticias.com.br\/index.php\/author\/luzimara\/"}]}},"cc_featured_image_caption":{"caption_text":"(Foto: Divulga\u00e7\u00e3o\/For\u00e7a A\u00e9rea dos EUA)","source_text":"","source_url":""},"jetpack_featured_media_url":"https:\/\/jornalfatosenoticias.com.br\/wp-content\/uploads\/2023\/08\/Drone-IA.png","_links":{"self":[{"href":"https:\/\/jornalfatosenoticias.com.br\/index.php\/wp-json\/wp\/v2\/posts\/44678","targetHints":{"allow":["GET"]}}],"collection":[{"href":"https:\/\/jornalfatosenoticias.com.br\/index.php\/wp-json\/wp\/v2\/posts"}],"about":[{"href":"https:\/\/jornalfatosenoticias.com.br\/index.php\/wp-json\/wp\/v2\/types\/post"}],"author":[{"embeddable":true,"href":"https:\/\/jornalfatosenoticias.com.br\/index.php\/wp-json\/wp\/v2\/users\/2"}],"replies":[{"embeddable":true,"href":"https:\/\/jornalfatosenoticias.com.br\/index.php\/wp-json\/wp\/v2\/comments?post=44678"}],"version-history":[{"count":0,"href":"https:\/\/jornalfatosenoticias.com.br\/index.php\/wp-json\/wp\/v2\/posts\/44678\/revisions"}],"wp:featuredmedia":[{"embeddable":true,"href":"https:\/\/jornalfatosenoticias.com.br\/index.php\/wp-json\/wp\/v2\/media\/44679"}],"wp:attachment":[{"href":"https:\/\/jornalfatosenoticias.com.br\/index.php\/wp-json\/wp\/v2\/media?parent=44678"}],"wp:term":[{"taxonomy":"category","embeddable":true,"href":"https:\/\/jornalfatosenoticias.com.br\/index.php\/wp-json\/wp\/v2\/categories?post=44678"},{"taxonomy":"post_tag","embeddable":true,"href":"https:\/\/jornalfatosenoticias.com.br\/index.php\/wp-json\/wp\/v2\/tags?post=44678"}],"curies":[{"name":"wp","href":"https:\/\/api.w.org\/{rel}","templated":true}]}}