{"id":44702,"date":"2023-08-30T09:44:11","date_gmt":"2023-08-30T12:44:11","guid":{"rendered":"https:\/\/jornalfatosenoticias.com.br\/?p=44702"},"modified":"2023-08-30T09:44:12","modified_gmt":"2023-08-30T12:44:12","slug":"nao-foi-golpe-relembre-o-desastre-do-governo-dilma-e-os-argumentos-juridicos-do-impeachment","status":"publish","type":"post","link":"https:\/\/jornalfatosenoticias.com.br\/index.php\/2023\/08\/30\/nao-foi-golpe-relembre-o-desastre-do-governo-dilma-e-os-argumentos-juridicos-do-impeachment\/","title":{"rendered":"N\u00e3o foi golpe: relembre o desastre do governo Dilma e os argumentos jur\u00eddicos do impeachment"},"content":{"rendered":"\n<p><em><span class=\"has-inline-color has-black-color\">Crise econ\u00f4mica durante segundo mandato de Dilma Rousseff (PT) retirou Brasil do chamado grau de investimento<\/span><\/em><\/p>\n\n\n\n<p><em><span class=\"has-inline-color has-black-color\">Por <strong><a href=\"https:\/\/www.gazetadopovo.com.br\/autor\/vinicius-sales\/\">Vin\u00edcius Sales<\/a><\/strong><\/span><\/em><\/p>\n\n\n\n<div class=\"wp-block-image\"><figure class=\"aligncenter size-large\"><img loading=\"lazy\" decoding=\"async\" width=\"1024\" height=\"110\" src=\"https:\/\/jornalfatosenoticias.com.br\/wp-content\/uploads\/2022\/10\/Arte-jornal-Zucchi-1120x120_Prancheta-1-1024x110.jpg\" alt=\"\" class=\"wp-image-34772\" srcset=\"https:\/\/jornalfatosenoticias.com.br\/wp-content\/uploads\/2022\/10\/Arte-jornal-Zucchi-1120x120_Prancheta-1-1024x110.jpg 1024w, https:\/\/jornalfatosenoticias.com.br\/wp-content\/uploads\/2022\/10\/Arte-jornal-Zucchi-1120x120_Prancheta-1-300x32.jpg 300w, https:\/\/jornalfatosenoticias.com.br\/wp-content\/uploads\/2022\/10\/Arte-jornal-Zucchi-1120x120_Prancheta-1-768x82.jpg 768w, https:\/\/jornalfatosenoticias.com.br\/wp-content\/uploads\/2022\/10\/Arte-jornal-Zucchi-1120x120_Prancheta-1-1536x165.jpg 1536w, https:\/\/jornalfatosenoticias.com.br\/wp-content\/uploads\/2022\/10\/Arte-jornal-Zucchi-1120x120_Prancheta-1-2048x219.jpg 2048w\" sizes=\"auto, (max-width: 1024px) 100vw, 1024px\" \/><\/figure><\/div>\n\n\n\n<p>A decis\u00e3o do Tribunal Regional Federal da 1\u00aa Regi\u00e3o (TRF-1) que arquivou uma a\u00e7\u00e3o de improbidade administrativa contra a ex-presidente Dilma Rousseff fez o PT reacender a narrativa de que o impeachment contra a ex-mandat\u00e1ria teria sido um &#8220;golpe&#8221;. Na sexta-feira (25), o \u00f3rg\u00e3o julgou um processo pela acusa\u00e7\u00e3o de uso de &#8220;pedaladas fiscais&#8221; por Dilma. Apesar da narrativa, a decis\u00e3o do tribunal n\u00e3o julgou o m\u00e9rito e n\u00e3o invalidou a decis\u00e3o do Legislativo.<\/p>\n\n\n\n<blockquote class=\"wp-block-quote is-layout-flow wp-block-quote-is-layout-flow\"><p><span class=\"has-inline-color has-luminous-vivid-orange-color\">O que o TRF-1 decidiu \u00e9 que Dilma e o ex-ministro da Fazenda Guido Mantega n\u00e3o poderiam responder nos termos da Lei 8.429\/92 \u2014 que disp\u00f5e sobre casos de improbidade administrativa \u2014 porque j\u00e1 foram responsabilizados por meio da Lei 1.079\/50 \u2014 a qual define quais s\u00e3o os crimes de responsabilidade. Com isso, eles n\u00e3o poderiam ser julgados duas vezes pelo mesmo fato.<\/span><\/p><\/blockquote>\n\n\n\n<div class=\"wp-block-image\"><figure class=\"aligncenter size-large\"><img loading=\"lazy\" decoding=\"async\" width=\"300\" height=\"300\" src=\"https:\/\/jornalfatosenoticias.com.br\/wp-content\/uploads\/2020\/02\/casa-do-torresmo_portal.jpg\" alt=\"\" class=\"wp-image-34472\" srcset=\"https:\/\/jornalfatosenoticias.com.br\/wp-content\/uploads\/2020\/02\/casa-do-torresmo_portal.jpg 300w, https:\/\/jornalfatosenoticias.com.br\/wp-content\/uploads\/2020\/02\/casa-do-torresmo_portal-150x150.jpg 150w\" sizes=\"auto, (max-width: 300px) 100vw, 300px\" \/><\/figure><\/div>\n\n\n\n<p>Mesmo assim, o PT tenta reabilitar Dilma e pediu ao Congresso a anula\u00e7\u00e3o do impeachment e, consequentemente, a devolu\u00e7\u00e3o simb\u00f3lica do mandato dela. A proposta foi defendida por Luiz In\u00e1cio Lula da Silva (PT), que pediu a \u201crepara\u00e7\u00e3o\u201d para a correligion\u00e1ria. Em Luanda, capital de Angola, neste s\u00e1bado (26), ele chegou a alegar que as pedaladas n\u00e3o existiram.<\/p>\n\n\n\n<div class=\"wp-block-image\"><figure class=\"aligncenter size-large\"><img loading=\"lazy\" decoding=\"async\" width=\"300\" height=\"137\" src=\"https:\/\/jornalfatosenoticias.com.br\/wp-content\/uploads\/2023\/06\/LOGO_JULIANA-GRACA_PORTAL.jpg\" alt=\"\" class=\"wp-image-42597\"\/><\/figure><\/div>\n\n\n\n<p>Nesta segunda-feira (28), l\u00edderes do PT protocolaram um projeto de resolu\u00e7\u00e3o que pretende anular simbolicamente o processo de impeachment. No documento, eles pedem que sejam consideradas nulas as decis\u00f5es aplicadas \u00e0 ex-presidente sobre o crime de responsabilidade. O texto \u00e9 assinado pelo senador Randolfe Rodrigues, e pelos deputados federais Lindbergh Farias (PT-RJ), Gleisi Hoffmann (PT-PR), presidente nacional do PT, e Zeca Dirceu (PT-PR), l\u00edder do PT na C\u00e2mara.<\/p>\n\n\n\n<div class=\"wp-block-image\"><figure class=\"aligncenter size-large\"><img loading=\"lazy\" decoding=\"async\" width=\"300\" height=\"250\" src=\"https:\/\/jornalfatosenoticias.com.br\/wp-content\/uploads\/2020\/02\/Banner-2.png\" alt=\"\" class=\"wp-image-43787\"\/><\/figure><\/div>\n\n\n\n<p>\u201cComo se verifica no Ac\u00f3rd\u00e3o da 10\u00aa Turma do Tribunal Regional Federal da 1\u00aa Regi\u00e3o, nos autos do Processo n\u00b0 1026416-75.2018.4.01.3400, em julgamento de 21 de agosto de 2023, houve a an\u00e1lise daquilo que a acusa\u00e7\u00e3o chamava levianamente de \u201cpedaladas fiscais\u201d ou \u201ccontabilidade criativa\u201d. Em decis\u00e3o proferida por \u00f3rg\u00e3o colegiado do TRF-1, referendou-se a inexist\u00eancia de qualquer ato \u00edmprobo, ou mesmo a individualiza\u00e7\u00e3o dos supostos atos de improbidade. E mais: n\u00e3o restou comprovado qualquer ato doloso ou culposo da Senhora Presidenta Dilma Vana Rousseff ou dos senhores membros de sua equipe econ\u00f4mica\u201d, argumentam os petistas no projeto.<br>Mas a advogada Angela Gandra, professora de Filosofia do Direito na Universidade Presbiteriana Mackenzie, explicou que a decis\u00e3o do TRF-1 n\u00e3o invalidou o que foi decidido pelo Congresso.<\/p>\n\n\n\n<div class=\"wp-block-image\"><figure class=\"aligncenter size-large\"><img loading=\"lazy\" decoding=\"async\" width=\"300\" height=\"250\" src=\"https:\/\/jornalfatosenoticias.com.br\/wp-content\/uploads\/2022\/08\/arte-Casarao.jpg\" alt=\"\" class=\"wp-image-33178\"\/><\/figure><\/div>\n\n\n\n<blockquote class=\"wp-block-quote is-layout-flow wp-block-quote-is-layout-flow\"><p><span class=\"has-inline-color has-luminous-vivid-orange-color\">De fato, as pedaladas ocorreram e foram condenadas pelo Congresso, bem como pelo TCU. O Judici\u00e1rio simplesmente arquivou por j\u00e1 estar condenada anteriormente a partir dos representantes do povo. O impeachment teve, portanto, claro embasamento, j\u00e1 que as pedaladas visaram tamb\u00e9m enganar o povo sobre a situa\u00e7\u00e3o do Brasil&#8221;, disse a jurista.<\/span><\/p><\/blockquote>\n\n\n\n<div class=\"wp-block-image\"><figure class=\"aligncenter size-large is-resized\"><img loading=\"lazy\" decoding=\"async\" src=\"https:\/\/jornalfatosenoticias.com.br\/wp-content\/uploads\/2023\/03\/logo-Panper_portal.jpg\" alt=\"\" class=\"wp-image-40208\" width=\"334\" height=\"231\" srcset=\"https:\/\/jornalfatosenoticias.com.br\/wp-content\/uploads\/2023\/03\/logo-Panper_portal.jpg 400w, https:\/\/jornalfatosenoticias.com.br\/wp-content\/uploads\/2023\/03\/logo-Panper_portal-300x208.jpg 300w\" sizes=\"auto, (max-width: 334px) 100vw, 334px\" \/><\/figure><\/div>\n\n\n\n<p><strong><span class=\"has-inline-color has-vivid-red-color\">O Impeachment<br><\/span><\/strong>Conforme a legisla\u00e7\u00e3o, o impeachment \u00e9 um processo pol\u00edtico-jur\u00eddico, cabendo aos parlamentares julgarem o chefe do Executivo por eventual crime cometido durante o mandato. No caso de Dilma, o pedido de impeachment foi protocolado pelos juristas H\u00e9lio Bicudo, Miguel Reale Jr. e Jana\u00edna Paschoal em 2015, na C\u00e2mara dos Deputados. Ap\u00f3s ser aceito pelo ent\u00e3o presidente Eduardo Cunha, o processo tramitou na Casa e teve seu prosseguimento autorizado para o Senado no dia 15 de abril do mesmo ano. A proposta recebeu 367 votos a favor, 137 contra e 7 absten\u00e7\u00f5es. Depois de ser avaliado pelo senadores, o impeachment foi aprovado com 61 votos a favor e 20 contra em 31 de agosto de 2016.<\/p>\n\n\n\n<div class=\"wp-block-image\"><figure class=\"aligncenter size-large is-resized\"><img loading=\"lazy\" decoding=\"async\" src=\"https:\/\/jornalfatosenoticias.com.br\/wp-content\/uploads\/2023\/03\/nova-logo-Marquetti.jpg\" alt=\"\" class=\"wp-image-40207\" width=\"304\" height=\"204\" srcset=\"https:\/\/jornalfatosenoticias.com.br\/wp-content\/uploads\/2023\/03\/nova-logo-Marquetti.jpg 643w, https:\/\/jornalfatosenoticias.com.br\/wp-content\/uploads\/2023\/03\/nova-logo-Marquetti-300x202.jpg 300w\" sizes=\"auto, (max-width: 304px) 100vw, 304px\" \/><\/figure><\/div>\n\n\n\n<p>O documento apontava tr\u00eas acusa\u00e7\u00f5es contra o governo Dilma: os preju\u00edzos com a corrup\u00e7\u00e3o na Petrobras (o que inclu\u00eda a compra da refinaria de Pasadena e os esc\u00e2ndalos desnudados pela Lava Jato), a abertura de cr\u00e9ditos suplementares para o Or\u00e7amento sem passar pelo Congresso, e manobras cont\u00e1beis para maquiar gastos federais excedendo os limites da lei, as chamadas \u201cpedaladas fiscais\u201d. O processo de impeachment foi aberto com base nos dois \u00faltimos pontos.<\/p>\n\n\n\n<div class=\"wp-block-image\"><figure class=\"aligncenter size-large\"><img decoding=\"async\" src=\"https:\/\/jornalfatosenoticias.com.br\/wp-content\/uploads\/2020\/02\/logo_esteio.jpg\" alt=\"\" class=\"wp-image-1214\"\/><\/figure><\/div>\n\n\n\n<p><strong><span class=\"has-inline-color has-vivid-red-color\">Pedaladas fiscais<br><\/span><\/strong>A ex-presidente perdeu seu mandato depois de atrasar propositalmente repasses a bancos, como forma de maquiar as contas do governo, as chamadas \u201cpedaladas fiscais\u201d. O objetivo das manobras cont\u00e1beis era criar um cen\u00e1rio artificial em que o governo gastava menos do que a arrecada\u00e7\u00e3o, o que n\u00e3o ocorria.<\/p>\n\n\n\n<div class=\"wp-block-image\"><figure class=\"aligncenter size-large is-resized\"><img loading=\"lazy\" decoding=\"async\" src=\"https:\/\/jornalfatosenoticias.com.br\/wp-content\/uploads\/2023\/08\/ITH.jpeg\" alt=\"\" class=\"wp-image-44638\" width=\"311\" height=\"252\" srcset=\"https:\/\/jornalfatosenoticias.com.br\/wp-content\/uploads\/2023\/08\/ITH.jpeg 800w, https:\/\/jornalfatosenoticias.com.br\/wp-content\/uploads\/2023\/08\/ITH-300x244.jpeg 300w, https:\/\/jornalfatosenoticias.com.br\/wp-content\/uploads\/2023\/08\/ITH-768x624.jpeg 768w\" sizes=\"auto, (max-width: 311px) 100vw, 311px\" \/><\/figure><\/div>\n\n\n\n<p>De acordo relat\u00f3rio do Tribunal de Contas da Uni\u00e3o (TCU), em 2015, o governo petista n\u00e3o estava ressarcindo no prazo os bancos que pagavam os benef\u00edcios sociais, como o <strong>Bolsa Fam\u00edlia <\/strong>e <strong>Minha Casa, Minha Vida <\/strong>\u2014 o que caracteriza uma opera\u00e7\u00e3o de empr\u00e9stimo. Somente no primeiro semestre de 2015, foram R$ 40 bilh\u00f5es em repasses atrasados.<br>O atraso acabou ferindo a Lei de Responsabilidade Fiscal, que pro\u00edbe concess\u00e3o de empr\u00e9stimo pelos bancos p\u00fablicos \u00e0 Uni\u00e3o. Ainda de acordo com o TCU, a manobra levou a uma avalia\u00e7\u00e3o enganosa do resultado prim\u00e1rio das contas p\u00fablicas superior a R$ 10 bilh\u00f5es e R$ 7 bilh\u00f5es, respectivamente, entre 2013 e 2014.<\/p>\n\n\n\n<div class=\"wp-block-image\"><figure class=\"aligncenter size-large is-resized\"><img loading=\"lazy\" decoding=\"async\" src=\"https:\/\/jornalfatosenoticias.com.br\/wp-content\/uploads\/2022\/02\/Precisao-Contabilidade-1024x724.jpg\" alt=\"\" class=\"wp-image-28088\" width=\"313\" height=\"221\"\/><\/figure><\/div>\n\n\n\n<p><strong><span class=\"has-inline-color has-vivid-red-color\">Corrup\u00e7\u00e3o na Petrobras<br><\/span><\/strong>Apesar de ter sido descartada por Cunha, os juristas que protocolaram o pedido de impeachment argumentaram que Dilma agiu com leni\u00eancia em rela\u00e7\u00e3o aos esc\u00e2ndalos de corrup\u00e7\u00e3o envolvendo a Petrobras. Na \u00e9poca, em 2014, ela negou os desvios ocorridos na estatal \u2014 apesar de ter presidido a empresa na gest\u00e3o de Lula.<\/p>\n\n\n\n<div class=\"wp-block-image\"><figure class=\"aligncenter size-large\"><img decoding=\"async\" src=\"https:\/\/jornalfatosenoticias.com.br\/wp-content\/uploads\/2020\/02\/barao-das-carnes-300x164-1.jpg\" alt=\"\" class=\"wp-image-34339\"\/><\/figure><\/div>\n\n\n\n<p>O documento entregue ao ent\u00e3o presidente da C\u00e2mara relembrava que a ex-ministra Erenice Guerra, envolvida na Opera\u00e7\u00e3o Zelotes; Gra\u00e7a Foster, ex-presidente da Petrobras; e os ex-diretores da estatal Nestor Cerver\u00f3 e Jorge Zelada estiveram envolvidos em esc\u00e2ndalos de corrup\u00e7\u00e3o.<br>A presidente agiu como se nada soubesse, como se nada tivesse ocorrido, mantendo seus assistentes intoc\u00e1veis e operantes na m\u00e1quina de poder institu\u00edda, \u00e0 revelia da lei e da Constitui\u00e7\u00e3o Federal&#8221;, disseram os juristas.<\/p>\n\n\n\n<div class=\"wp-block-image\"><figure class=\"aligncenter size-large is-resized\"><img loading=\"lazy\" decoding=\"async\" src=\"https:\/\/jornalfatosenoticias.com.br\/wp-content\/uploads\/2023\/08\/BKR-1024x1021.jpg\" alt=\"\" class=\"wp-image-44494\" width=\"285\" height=\"284\" srcset=\"https:\/\/jornalfatosenoticias.com.br\/wp-content\/uploads\/2023\/08\/BKR-1024x1021.jpg 1024w, https:\/\/jornalfatosenoticias.com.br\/wp-content\/uploads\/2023\/08\/BKR-300x300.jpg 300w, https:\/\/jornalfatosenoticias.com.br\/wp-content\/uploads\/2023\/08\/BKR-150x150.jpg 150w, https:\/\/jornalfatosenoticias.com.br\/wp-content\/uploads\/2023\/08\/BKR-768x766.jpg 768w, https:\/\/jornalfatosenoticias.com.br\/wp-content\/uploads\/2023\/08\/BKR.jpg 1080w\" sizes=\"auto, (max-width: 285px) 100vw, 285px\" \/><\/figure><\/div>\n\n\n\n<p><strong><span class=\"has-inline-color has-vivid-red-color\">Imagem Internacional<br><\/span><\/strong>Os requerentes do impeachment tamb\u00e9m argumentaram que houve uma &#8220;maquiagem deliberadamente orientada a passar para a na\u00e7\u00e3o (e tamb\u00e9m aos investidores internacionais) a sensa\u00e7\u00e3o de que o Brasil estaria economicamente saud\u00e1vel\u201d. O intuito seria projetar que o Pa\u00eds possu\u00eda condi\u00e7\u00f5es de arcar com os programas sociais.<\/p>\n\n\n\n<blockquote class=\"wp-block-quote is-layout-flow wp-block-quote-is-layout-flow\"><p><span class=\"has-inline-color has-luminous-vivid-orange-color\">Durante todo o processo eleitoral, Dilma negou que a situa\u00e7\u00e3o da Petrobras, seja sob o ponto de vista moral, seja sob o ponto de vista econ\u00f4mico, era muito grave&#8221;, afirmaram os advogados.<\/span><\/p><\/blockquote>\n\n\n\n<div class=\"wp-block-image\"><figure class=\"aligncenter size-large is-resized\"><img loading=\"lazy\" decoding=\"async\" src=\"https:\/\/jornalfatosenoticias.com.br\/wp-content\/uploads\/2023\/08\/VSM-Group.jpeg\" alt=\"\" class=\"wp-image-44364\" width=\"290\" height=\"290\"\/><\/figure><\/div>\n\n\n\n<p><strong><span class=\"has-inline-color has-vivid-red-color\">Impeachment de Dilma foi legal<br><\/span><\/strong>O advogado Adriano Soares Costa, especialista em Direito P\u00fablico, observou que o julgamento do TCU, em 2015, foi claro em avaliar que a conduta da ex-presidente violou a Lei de Responsabilidade Fiscal.<\/p>\n\n\n\n<blockquote class=\"wp-block-quote is-layout-flow wp-block-quote-is-layout-flow\"><p><span class=\"has-inline-color has-luminous-vivid-orange-color\">O Tribunal de Contas avaliou um dado fundamental e concreto: houve uma viola\u00e7\u00e3o da Lei de Responsabilidade fiscal por uma contabilidade criativa. A Pedalada Fiscal criativa para justificar determinadas despesas n\u00e3o poderia ser realizada. Isso gerou um verdadeiro desajuste nas contas p\u00fablicas de tal magnitude que o segundo mandato dela teve um rombo econ\u00f4mico que gerou a necessidade da pol\u00edtica de tetos feitas pelo Temer. Ent\u00e3o falar em golpe \u00e9 uma aberra\u00e7\u00e3o jur\u00eddica e uma aberra\u00e7\u00e3o pol\u00edtica\u201d, disse o advogado.<\/span><\/p><\/blockquote>\n\n\n\n<div class=\"wp-block-image\"><figure class=\"aligncenter size-large is-resized\"><img loading=\"lazy\" decoding=\"async\" src=\"https:\/\/jornalfatosenoticias.com.br\/wp-content\/uploads\/2023\/08\/LOGO-BLU-COMERCIAL-PRETO-1024x600.jpg\" alt=\"\" class=\"wp-image-44053\" width=\"324\" height=\"189\"\/><\/figure><\/div>\n\n\n\n<p>Ele acrescentou que a teoria de \u201cgolpe\u201d, levantada pelo PT, segundo a l\u00f3gica do partido, ent\u00e3o seria aplicada a todas as institui\u00e7\u00f5es que participaram do processo de impeachment.<\/p>\n\n\n\n<blockquote class=\"wp-block-quote is-layout-flow wp-block-quote-is-layout-flow\"><p><span class=\"has-inline-color has-luminous-vivid-orange-color\">Ningu\u00e9m \u00e9 cassado s\u00f3 por violar normas jur\u00eddicas, \u00e9 cassado porque existe tudo: ambiente pol\u00edtico e social que exigem esse resultado. Ent\u00e3o, falar em golpe de Estado significaria admitir que o Supremo Tribunal Federal, o Poder Judici\u00e1rio brasileiro; participou do golpe; o Congresso Nacional, portanto, a Casa da Democracia, participou de um golpe, que a sociedade desejou o golpe\u201d, disse.<\/span><\/p><\/blockquote>\n\n\n\n<div class=\"wp-block-image\"><figure class=\"aligncenter size-large is-resized\"><img loading=\"lazy\" decoding=\"async\" src=\"https:\/\/jornalfatosenoticias.com.br\/wp-content\/uploads\/2023\/08\/Steel.jpeg\" alt=\"\" class=\"wp-image-44634\" width=\"361\" height=\"293\" srcset=\"https:\/\/jornalfatosenoticias.com.br\/wp-content\/uploads\/2023\/08\/Steel.jpeg 800w, https:\/\/jornalfatosenoticias.com.br\/wp-content\/uploads\/2023\/08\/Steel-300x244.jpeg 300w, https:\/\/jornalfatosenoticias.com.br\/wp-content\/uploads\/2023\/08\/Steel-768x624.jpeg 768w\" sizes=\"auto, (max-width: 361px) 100vw, 361px\" \/><\/figure><\/div>\n\n\n\n<blockquote class=\"wp-block-quote is-layout-flow wp-block-quote-is-layout-flow\"><p><span class=\"has-inline-color has-luminous-vivid-orange-color\">Sobre a tentativa de \u201cdevolver\u201d o mandato \u00e0 ex-presidente, o advogado afirmou que o PT visa reescrever a hist\u00f3ria. \u201cIsso na verdade \u00e9 uma tentativa reescrever a hist\u00f3ria. Porque n\u00e3o cabe, n\u00e3o tem cabimento. Lula falou muito bem que, na verdade, \u00e9 uma quest\u00e3o de narrativa. Isso \u00e9 uma fake news extremada [por parte do PT]\u201d, pontuou.<\/span><\/p><\/blockquote>\n\n\n\n<div class=\"wp-block-image\"><figure class=\"aligncenter size-large is-resized\"><img loading=\"lazy\" decoding=\"async\" src=\"https:\/\/jornalfatosenoticias.com.br\/wp-content\/uploads\/2023\/07\/lacremoda.jpg\" alt=\"\" class=\"wp-image-43706\" width=\"322\" height=\"180\" srcset=\"https:\/\/jornalfatosenoticias.com.br\/wp-content\/uploads\/2023\/07\/lacremoda.jpg 1024w, https:\/\/jornalfatosenoticias.com.br\/wp-content\/uploads\/2023\/07\/lacremoda-300x168.jpg 300w, https:\/\/jornalfatosenoticias.com.br\/wp-content\/uploads\/2023\/07\/lacremoda-768x431.jpg 768w\" sizes=\"auto, (max-width: 322px) 100vw, 322px\" \/><\/figure><\/div>\n\n\n\n<p>Angela Gandra tamb\u00e9m salientou que n\u00e3o h\u00e1 como se falar em golpe. &#8220;Nesse sentido, falar em golpe \u00e9 um absurdo j\u00e1 que a condena\u00e7\u00e3o foi avalizada [pelo Congresso e pelo STF]. J\u00e1 n\u00e3o era preciso [o TRF-1] julgar o m\u00e9rito da a\u00e7\u00e3o. Parece que temos aqui um profundo caso de fake news, no regime, como diria Hannah Arendt, da mentira instaurada. Pena que o crit\u00e9rio para acusa\u00e7\u00e3o de fake news \u00e9 seletivo&#8221;, afirmou a jurista.<\/p>\n\n\n\n<p><strong><em>Fonte: <a href=\"https:\/\/www.gazetadopovo.com.br\/republica\/nao-foi-golpe-relembre-o-desastre-do-governo-dilma\/\">Gazeta do Povo<\/a><\/em><\/strong><\/p>\n","protected":false},"excerpt":{"rendered":"<p>Crise econ\u00f4mica durante segundo mandato de Dilma Rousseff (PT) retirou Brasil do chamado grau de investimento Por Vin\u00edcius Sales A decis\u00e3o do Tribunal Regional Federal da 1\u00aa Regi\u00e3o (TRF-1) que arquivou uma a\u00e7\u00e3o de improbidade administrativa contra a ex-presidente Dilma Rousseff fez o PT reacender a narrativa de que o impeachment contra a ex-mandat\u00e1ria teria [&hellip;]<\/p>\n","protected":false},"author":2,"featured_media":44703,"comment_status":"open","ping_status":"open","sticky":false,"template":"","format":"standard","meta":{"footnotes":""},"categories":[10],"tags":[21058,21060,3155,21059,13991,2140,21057,13186],"class_list":["post-44702","post","type-post","status-publish","format-standard","has-post-thumbnail","hentry","category-politica","tag-argumentos-juridicos","tag-corrupcao-petista","tag-crise-economica","tag-desastre-do-governo-dilma","tag-dilma-rousseff","tag-impeachment","tag-nao-foi-golpe","tag-pt"],"yoast_head":"<!-- This site is optimized with the Yoast SEO plugin v26.5 - https:\/\/yoast.com\/wordpress\/plugins\/seo\/ -->\n<title>N\u00e3o foi golpe: relembre o desastre do governo Dilma e os argumentos jur\u00eddicos do impeachment - Jornal Fatos e Not\u00edcias<\/title>\n<meta name=\"robots\" content=\"index, follow, max-snippet:-1, max-image-preview:large, max-video-preview:-1\" \/>\n<link rel=\"canonical\" href=\"https:\/\/jornalfatosenoticias.com.br\/index.php\/2023\/08\/30\/nao-foi-golpe-relembre-o-desastre-do-governo-dilma-e-os-argumentos-juridicos-do-impeachment\/\" \/>\n<meta property=\"og:locale\" content=\"pt_BR\" \/>\n<meta property=\"og:type\" content=\"article\" \/>\n<meta property=\"og:title\" content=\"N\u00e3o foi golpe: relembre o desastre do governo Dilma e os argumentos jur\u00eddicos do impeachment - Jornal Fatos e Not\u00edcias\" \/>\n<meta property=\"og:description\" content=\"Crise econ\u00f4mica durante segundo mandato de Dilma Rousseff (PT) retirou Brasil do chamado grau de investimento Por Vin\u00edcius Sales A decis\u00e3o do Tribunal Regional Federal da 1\u00aa Regi\u00e3o (TRF-1) que arquivou uma a\u00e7\u00e3o de improbidade administrativa contra a ex-presidente Dilma Rousseff fez o PT reacender a narrativa de que o impeachment contra a ex-mandat\u00e1ria teria [&hellip;]\" \/>\n<meta property=\"og:url\" content=\"https:\/\/jornalfatosenoticias.com.br\/index.php\/2023\/08\/30\/nao-foi-golpe-relembre-o-desastre-do-governo-dilma-e-os-argumentos-juridicos-do-impeachment\/\" \/>\n<meta property=\"og:site_name\" content=\"Jornal Fatos e Not\u00edcias\" \/>\n<meta property=\"article:published_time\" content=\"2023-08-30T12:44:11+00:00\" \/>\n<meta property=\"article:modified_time\" content=\"2023-08-30T12:44:12+00:00\" \/>\n<meta property=\"og:image\" content=\"https:\/\/jornalfatosenoticias.com.br\/wp-content\/uploads\/2023\/08\/dilmanta.jpg\" \/>\n\t<meta property=\"og:image:width\" content=\"960\" \/>\n\t<meta property=\"og:image:height\" content=\"540\" \/>\n\t<meta property=\"og:image:type\" content=\"image\/jpeg\" \/>\n<meta name=\"author\" content=\"Luzimara Fernandes\" \/>\n<meta name=\"twitter:card\" content=\"summary_large_image\" \/>\n<meta name=\"twitter:label1\" content=\"Escrito por\" \/>\n\t<meta name=\"twitter:data1\" content=\"Luzimara Fernandes\" \/>\n\t<meta name=\"twitter:label2\" content=\"Est. tempo de leitura\" \/>\n\t<meta name=\"twitter:data2\" content=\"7 minutos\" \/>\n<script type=\"application\/ld+json\" class=\"yoast-schema-graph\">{\"@context\":\"https:\/\/schema.org\",\"@graph\":[{\"@type\":\"Article\",\"@id\":\"https:\/\/jornalfatosenoticias.com.br\/index.php\/2023\/08\/30\/nao-foi-golpe-relembre-o-desastre-do-governo-dilma-e-os-argumentos-juridicos-do-impeachment\/#article\",\"isPartOf\":{\"@id\":\"https:\/\/jornalfatosenoticias.com.br\/index.php\/2023\/08\/30\/nao-foi-golpe-relembre-o-desastre-do-governo-dilma-e-os-argumentos-juridicos-do-impeachment\/\"},\"author\":{\"name\":\"Luzimara Fernandes\",\"@id\":\"https:\/\/jornalfatosenoticias.com.br\/#\/schema\/person\/d63837fa13ac8666eb9e74e0985d6f81\"},\"headline\":\"N\u00e3o foi golpe: relembre o desastre do governo Dilma e os argumentos jur\u00eddicos do impeachment\",\"datePublished\":\"2023-08-30T12:44:11+00:00\",\"dateModified\":\"2023-08-30T12:44:12+00:00\",\"mainEntityOfPage\":{\"@id\":\"https:\/\/jornalfatosenoticias.com.br\/index.php\/2023\/08\/30\/nao-foi-golpe-relembre-o-desastre-do-governo-dilma-e-os-argumentos-juridicos-do-impeachment\/\"},\"wordCount\":1469,\"commentCount\":0,\"publisher\":{\"@id\":\"https:\/\/jornalfatosenoticias.com.br\/#organization\"},\"image\":{\"@id\":\"https:\/\/jornalfatosenoticias.com.br\/index.php\/2023\/08\/30\/nao-foi-golpe-relembre-o-desastre-do-governo-dilma-e-os-argumentos-juridicos-do-impeachment\/#primaryimage\"},\"thumbnailUrl\":\"https:\/\/jornalfatosenoticias.com.br\/wp-content\/uploads\/2023\/08\/dilmanta.jpg\",\"keywords\":[\"argumentos jur\u00eddicos\",\"corrup\u00e7\u00e3o petista\",\"crise econ\u00f4mica\",\"desastre do governo Dilma\",\"Dilma Rousseff\",\"impeachment\",\"n\u00e3o foi golpe\",\"PT\"],\"articleSection\":[\"Pol\u00edtica\"],\"inLanguage\":\"pt-BR\",\"potentialAction\":[{\"@type\":\"CommentAction\",\"name\":\"Comment\",\"target\":[\"https:\/\/jornalfatosenoticias.com.br\/index.php\/2023\/08\/30\/nao-foi-golpe-relembre-o-desastre-do-governo-dilma-e-os-argumentos-juridicos-do-impeachment\/#respond\"]}]},{\"@type\":\"WebPage\",\"@id\":\"https:\/\/jornalfatosenoticias.com.br\/index.php\/2023\/08\/30\/nao-foi-golpe-relembre-o-desastre-do-governo-dilma-e-os-argumentos-juridicos-do-impeachment\/\",\"url\":\"https:\/\/jornalfatosenoticias.com.br\/index.php\/2023\/08\/30\/nao-foi-golpe-relembre-o-desastre-do-governo-dilma-e-os-argumentos-juridicos-do-impeachment\/\",\"name\":\"N\u00e3o foi golpe: relembre o desastre do governo Dilma e os argumentos jur\u00eddicos do impeachment - Jornal Fatos e Not\u00edcias\",\"isPartOf\":{\"@id\":\"https:\/\/jornalfatosenoticias.com.br\/#website\"},\"primaryImageOfPage\":{\"@id\":\"https:\/\/jornalfatosenoticias.com.br\/index.php\/2023\/08\/30\/nao-foi-golpe-relembre-o-desastre-do-governo-dilma-e-os-argumentos-juridicos-do-impeachment\/#primaryimage\"},\"image\":{\"@id\":\"https:\/\/jornalfatosenoticias.com.br\/index.php\/2023\/08\/30\/nao-foi-golpe-relembre-o-desastre-do-governo-dilma-e-os-argumentos-juridicos-do-impeachment\/#primaryimage\"},\"thumbnailUrl\":\"https:\/\/jornalfatosenoticias.com.br\/wp-content\/uploads\/2023\/08\/dilmanta.jpg\",\"datePublished\":\"2023-08-30T12:44:11+00:00\",\"dateModified\":\"2023-08-30T12:44:12+00:00\",\"breadcrumb\":{\"@id\":\"https:\/\/jornalfatosenoticias.com.br\/index.php\/2023\/08\/30\/nao-foi-golpe-relembre-o-desastre-do-governo-dilma-e-os-argumentos-juridicos-do-impeachment\/#breadcrumb\"},\"inLanguage\":\"pt-BR\",\"potentialAction\":[{\"@type\":\"ReadAction\",\"target\":[\"https:\/\/jornalfatosenoticias.com.br\/index.php\/2023\/08\/30\/nao-foi-golpe-relembre-o-desastre-do-governo-dilma-e-os-argumentos-juridicos-do-impeachment\/\"]}]},{\"@type\":\"ImageObject\",\"inLanguage\":\"pt-BR\",\"@id\":\"https:\/\/jornalfatosenoticias.com.br\/index.php\/2023\/08\/30\/nao-foi-golpe-relembre-o-desastre-do-governo-dilma-e-os-argumentos-juridicos-do-impeachment\/#primaryimage\",\"url\":\"https:\/\/jornalfatosenoticias.com.br\/wp-content\/uploads\/2023\/08\/dilmanta.jpg\",\"contentUrl\":\"https:\/\/jornalfatosenoticias.com.br\/wp-content\/uploads\/2023\/08\/dilmanta.jpg\",\"width\":960,\"height\":540},{\"@type\":\"BreadcrumbList\",\"@id\":\"https:\/\/jornalfatosenoticias.com.br\/index.php\/2023\/08\/30\/nao-foi-golpe-relembre-o-desastre-do-governo-dilma-e-os-argumentos-juridicos-do-impeachment\/#breadcrumb\",\"itemListElement\":[{\"@type\":\"ListItem\",\"position\":1,\"name\":\"In\u00edcio\",\"item\":\"https:\/\/jornalfatosenoticias.com.br\/\"},{\"@type\":\"ListItem\",\"position\":2,\"name\":\"N\u00e3o foi golpe: relembre o desastre do governo Dilma e os argumentos jur\u00eddicos do impeachment\"}]},{\"@type\":\"WebSite\",\"@id\":\"https:\/\/jornalfatosenoticias.com.br\/#website\",\"url\":\"https:\/\/jornalfatosenoticias.com.br\/\",\"name\":\"Jornal Fatos e Not\u00edcias\",\"description\":\"Not\u00edcias em geral\",\"publisher\":{\"@id\":\"https:\/\/jornalfatosenoticias.com.br\/#organization\"},\"potentialAction\":[{\"@type\":\"SearchAction\",\"target\":{\"@type\":\"EntryPoint\",\"urlTemplate\":\"https:\/\/jornalfatosenoticias.com.br\/?s={search_term_string}\"},\"query-input\":{\"@type\":\"PropertyValueSpecification\",\"valueRequired\":true,\"valueName\":\"search_term_string\"}}],\"inLanguage\":\"pt-BR\"},{\"@type\":\"Organization\",\"@id\":\"https:\/\/jornalfatosenoticias.com.br\/#organization\",\"name\":\"Jornal Fatos e Not\u00edcias\",\"url\":\"https:\/\/jornalfatosenoticias.com.br\/\",\"logo\":{\"@type\":\"ImageObject\",\"inLanguage\":\"pt-BR\",\"@id\":\"https:\/\/jornalfatosenoticias.com.br\/#\/schema\/logo\/image\/\",\"url\":\"https:\/\/jornalfatosenoticias.com.br\/wp-content\/uploads\/2020\/02\/logo120.png\",\"contentUrl\":\"https:\/\/jornalfatosenoticias.com.br\/wp-content\/uploads\/2020\/02\/logo120.png\",\"width\":1227,\"height\":120,\"caption\":\"Jornal Fatos e Not\u00edcias\"},\"image\":{\"@id\":\"https:\/\/jornalfatosenoticias.com.br\/#\/schema\/logo\/image\/\"}},{\"@type\":\"Person\",\"@id\":\"https:\/\/jornalfatosenoticias.com.br\/#\/schema\/person\/d63837fa13ac8666eb9e74e0985d6f81\",\"name\":\"Luzimara Fernandes\",\"image\":{\"@type\":\"ImageObject\",\"inLanguage\":\"pt-BR\",\"@id\":\"https:\/\/jornalfatosenoticias.com.br\/#\/schema\/person\/image\/\",\"url\":\"https:\/\/jornalfatosenoticias.com.br\/wp-content\/uploads\/2025\/05\/EU_portal.jpg\",\"contentUrl\":\"https:\/\/jornalfatosenoticias.com.br\/wp-content\/uploads\/2025\/05\/EU_portal.jpg\",\"caption\":\"Luzimara Fernandes\"},\"description\":\"Jornalista MTB 2358-ES\",\"sameAs\":[\"https:\/\/jornalfatosenoticias.com.br\"],\"url\":\"https:\/\/jornalfatosenoticias.com.br\/index.php\/author\/luzimara\/\"}]}<\/script>\n<!-- \/ Yoast SEO plugin. -->","yoast_head_json":{"title":"N\u00e3o foi golpe: relembre o desastre do governo Dilma e os argumentos jur\u00eddicos do impeachment - Jornal Fatos e Not\u00edcias","robots":{"index":"index","follow":"follow","max-snippet":"max-snippet:-1","max-image-preview":"max-image-preview:large","max-video-preview":"max-video-preview:-1"},"canonical":"https:\/\/jornalfatosenoticias.com.br\/index.php\/2023\/08\/30\/nao-foi-golpe-relembre-o-desastre-do-governo-dilma-e-os-argumentos-juridicos-do-impeachment\/","og_locale":"pt_BR","og_type":"article","og_title":"N\u00e3o foi golpe: relembre o desastre do governo Dilma e os argumentos jur\u00eddicos do impeachment - Jornal Fatos e Not\u00edcias","og_description":"Crise econ\u00f4mica durante segundo mandato de Dilma Rousseff (PT) retirou Brasil do chamado grau de investimento Por Vin\u00edcius Sales A decis\u00e3o do Tribunal Regional Federal da 1\u00aa Regi\u00e3o (TRF-1) que arquivou uma a\u00e7\u00e3o de improbidade administrativa contra a ex-presidente Dilma Rousseff fez o PT reacender a narrativa de que o impeachment contra a ex-mandat\u00e1ria teria [&hellip;]","og_url":"https:\/\/jornalfatosenoticias.com.br\/index.php\/2023\/08\/30\/nao-foi-golpe-relembre-o-desastre-do-governo-dilma-e-os-argumentos-juridicos-do-impeachment\/","og_site_name":"Jornal Fatos e Not\u00edcias","article_published_time":"2023-08-30T12:44:11+00:00","article_modified_time":"2023-08-30T12:44:12+00:00","og_image":[{"width":960,"height":540,"url":"https:\/\/jornalfatosenoticias.com.br\/wp-content\/uploads\/2023\/08\/dilmanta.jpg","type":"image\/jpeg"}],"author":"Luzimara Fernandes","twitter_card":"summary_large_image","twitter_misc":{"Escrito por":"Luzimara Fernandes","Est. tempo de leitura":"7 minutos"},"schema":{"@context":"https:\/\/schema.org","@graph":[{"@type":"Article","@id":"https:\/\/jornalfatosenoticias.com.br\/index.php\/2023\/08\/30\/nao-foi-golpe-relembre-o-desastre-do-governo-dilma-e-os-argumentos-juridicos-do-impeachment\/#article","isPartOf":{"@id":"https:\/\/jornalfatosenoticias.com.br\/index.php\/2023\/08\/30\/nao-foi-golpe-relembre-o-desastre-do-governo-dilma-e-os-argumentos-juridicos-do-impeachment\/"},"author":{"name":"Luzimara Fernandes","@id":"https:\/\/jornalfatosenoticias.com.br\/#\/schema\/person\/d63837fa13ac8666eb9e74e0985d6f81"},"headline":"N\u00e3o foi golpe: relembre o desastre do governo Dilma e os argumentos jur\u00eddicos do impeachment","datePublished":"2023-08-30T12:44:11+00:00","dateModified":"2023-08-30T12:44:12+00:00","mainEntityOfPage":{"@id":"https:\/\/jornalfatosenoticias.com.br\/index.php\/2023\/08\/30\/nao-foi-golpe-relembre-o-desastre-do-governo-dilma-e-os-argumentos-juridicos-do-impeachment\/"},"wordCount":1469,"commentCount":0,"publisher":{"@id":"https:\/\/jornalfatosenoticias.com.br\/#organization"},"image":{"@id":"https:\/\/jornalfatosenoticias.com.br\/index.php\/2023\/08\/30\/nao-foi-golpe-relembre-o-desastre-do-governo-dilma-e-os-argumentos-juridicos-do-impeachment\/#primaryimage"},"thumbnailUrl":"https:\/\/jornalfatosenoticias.com.br\/wp-content\/uploads\/2023\/08\/dilmanta.jpg","keywords":["argumentos jur\u00eddicos","corrup\u00e7\u00e3o petista","crise econ\u00f4mica","desastre do governo Dilma","Dilma Rousseff","impeachment","n\u00e3o foi golpe","PT"],"articleSection":["Pol\u00edtica"],"inLanguage":"pt-BR","potentialAction":[{"@type":"CommentAction","name":"Comment","target":["https:\/\/jornalfatosenoticias.com.br\/index.php\/2023\/08\/30\/nao-foi-golpe-relembre-o-desastre-do-governo-dilma-e-os-argumentos-juridicos-do-impeachment\/#respond"]}]},{"@type":"WebPage","@id":"https:\/\/jornalfatosenoticias.com.br\/index.php\/2023\/08\/30\/nao-foi-golpe-relembre-o-desastre-do-governo-dilma-e-os-argumentos-juridicos-do-impeachment\/","url":"https:\/\/jornalfatosenoticias.com.br\/index.php\/2023\/08\/30\/nao-foi-golpe-relembre-o-desastre-do-governo-dilma-e-os-argumentos-juridicos-do-impeachment\/","name":"N\u00e3o foi golpe: relembre o desastre do governo Dilma e os argumentos jur\u00eddicos do impeachment - Jornal Fatos e Not\u00edcias","isPartOf":{"@id":"https:\/\/jornalfatosenoticias.com.br\/#website"},"primaryImageOfPage":{"@id":"https:\/\/jornalfatosenoticias.com.br\/index.php\/2023\/08\/30\/nao-foi-golpe-relembre-o-desastre-do-governo-dilma-e-os-argumentos-juridicos-do-impeachment\/#primaryimage"},"image":{"@id":"https:\/\/jornalfatosenoticias.com.br\/index.php\/2023\/08\/30\/nao-foi-golpe-relembre-o-desastre-do-governo-dilma-e-os-argumentos-juridicos-do-impeachment\/#primaryimage"},"thumbnailUrl":"https:\/\/jornalfatosenoticias.com.br\/wp-content\/uploads\/2023\/08\/dilmanta.jpg","datePublished":"2023-08-30T12:44:11+00:00","dateModified":"2023-08-30T12:44:12+00:00","breadcrumb":{"@id":"https:\/\/jornalfatosenoticias.com.br\/index.php\/2023\/08\/30\/nao-foi-golpe-relembre-o-desastre-do-governo-dilma-e-os-argumentos-juridicos-do-impeachment\/#breadcrumb"},"inLanguage":"pt-BR","potentialAction":[{"@type":"ReadAction","target":["https:\/\/jornalfatosenoticias.com.br\/index.php\/2023\/08\/30\/nao-foi-golpe-relembre-o-desastre-do-governo-dilma-e-os-argumentos-juridicos-do-impeachment\/"]}]},{"@type":"ImageObject","inLanguage":"pt-BR","@id":"https:\/\/jornalfatosenoticias.com.br\/index.php\/2023\/08\/30\/nao-foi-golpe-relembre-o-desastre-do-governo-dilma-e-os-argumentos-juridicos-do-impeachment\/#primaryimage","url":"https:\/\/jornalfatosenoticias.com.br\/wp-content\/uploads\/2023\/08\/dilmanta.jpg","contentUrl":"https:\/\/jornalfatosenoticias.com.br\/wp-content\/uploads\/2023\/08\/dilmanta.jpg","width":960,"height":540},{"@type":"BreadcrumbList","@id":"https:\/\/jornalfatosenoticias.com.br\/index.php\/2023\/08\/30\/nao-foi-golpe-relembre-o-desastre-do-governo-dilma-e-os-argumentos-juridicos-do-impeachment\/#breadcrumb","itemListElement":[{"@type":"ListItem","position":1,"name":"In\u00edcio","item":"https:\/\/jornalfatosenoticias.com.br\/"},{"@type":"ListItem","position":2,"name":"N\u00e3o foi golpe: relembre o desastre do governo Dilma e os argumentos jur\u00eddicos do impeachment"}]},{"@type":"WebSite","@id":"https:\/\/jornalfatosenoticias.com.br\/#website","url":"https:\/\/jornalfatosenoticias.com.br\/","name":"Jornal Fatos e Not\u00edcias","description":"Not\u00edcias em geral","publisher":{"@id":"https:\/\/jornalfatosenoticias.com.br\/#organization"},"potentialAction":[{"@type":"SearchAction","target":{"@type":"EntryPoint","urlTemplate":"https:\/\/jornalfatosenoticias.com.br\/?s={search_term_string}"},"query-input":{"@type":"PropertyValueSpecification","valueRequired":true,"valueName":"search_term_string"}}],"inLanguage":"pt-BR"},{"@type":"Organization","@id":"https:\/\/jornalfatosenoticias.com.br\/#organization","name":"Jornal Fatos e Not\u00edcias","url":"https:\/\/jornalfatosenoticias.com.br\/","logo":{"@type":"ImageObject","inLanguage":"pt-BR","@id":"https:\/\/jornalfatosenoticias.com.br\/#\/schema\/logo\/image\/","url":"https:\/\/jornalfatosenoticias.com.br\/wp-content\/uploads\/2020\/02\/logo120.png","contentUrl":"https:\/\/jornalfatosenoticias.com.br\/wp-content\/uploads\/2020\/02\/logo120.png","width":1227,"height":120,"caption":"Jornal Fatos e Not\u00edcias"},"image":{"@id":"https:\/\/jornalfatosenoticias.com.br\/#\/schema\/logo\/image\/"}},{"@type":"Person","@id":"https:\/\/jornalfatosenoticias.com.br\/#\/schema\/person\/d63837fa13ac8666eb9e74e0985d6f81","name":"Luzimara Fernandes","image":{"@type":"ImageObject","inLanguage":"pt-BR","@id":"https:\/\/jornalfatosenoticias.com.br\/#\/schema\/person\/image\/","url":"https:\/\/jornalfatosenoticias.com.br\/wp-content\/uploads\/2025\/05\/EU_portal.jpg","contentUrl":"https:\/\/jornalfatosenoticias.com.br\/wp-content\/uploads\/2025\/05\/EU_portal.jpg","caption":"Luzimara Fernandes"},"description":"Jornalista MTB 2358-ES","sameAs":["https:\/\/jornalfatosenoticias.com.br"],"url":"https:\/\/jornalfatosenoticias.com.br\/index.php\/author\/luzimara\/"}]}},"cc_featured_image_caption":{"caption_text":"(Foto: Ag\u00eancia EFE) ","source_text":"","source_url":""},"jetpack_featured_media_url":"https:\/\/jornalfatosenoticias.com.br\/wp-content\/uploads\/2023\/08\/dilmanta.jpg","_links":{"self":[{"href":"https:\/\/jornalfatosenoticias.com.br\/index.php\/wp-json\/wp\/v2\/posts\/44702","targetHints":{"allow":["GET"]}}],"collection":[{"href":"https:\/\/jornalfatosenoticias.com.br\/index.php\/wp-json\/wp\/v2\/posts"}],"about":[{"href":"https:\/\/jornalfatosenoticias.com.br\/index.php\/wp-json\/wp\/v2\/types\/post"}],"author":[{"embeddable":true,"href":"https:\/\/jornalfatosenoticias.com.br\/index.php\/wp-json\/wp\/v2\/users\/2"}],"replies":[{"embeddable":true,"href":"https:\/\/jornalfatosenoticias.com.br\/index.php\/wp-json\/wp\/v2\/comments?post=44702"}],"version-history":[{"count":0,"href":"https:\/\/jornalfatosenoticias.com.br\/index.php\/wp-json\/wp\/v2\/posts\/44702\/revisions"}],"wp:featuredmedia":[{"embeddable":true,"href":"https:\/\/jornalfatosenoticias.com.br\/index.php\/wp-json\/wp\/v2\/media\/44703"}],"wp:attachment":[{"href":"https:\/\/jornalfatosenoticias.com.br\/index.php\/wp-json\/wp\/v2\/media?parent=44702"}],"wp:term":[{"taxonomy":"category","embeddable":true,"href":"https:\/\/jornalfatosenoticias.com.br\/index.php\/wp-json\/wp\/v2\/categories?post=44702"},{"taxonomy":"post_tag","embeddable":true,"href":"https:\/\/jornalfatosenoticias.com.br\/index.php\/wp-json\/wp\/v2\/tags?post=44702"}],"curies":[{"name":"wp","href":"https:\/\/api.w.org\/{rel}","templated":true}]}}