{"id":44705,"date":"2023-08-30T10:02:19","date_gmt":"2023-08-30T13:02:19","guid":{"rendered":"https:\/\/jornalfatosenoticias.com.br\/?p=44705"},"modified":"2023-08-30T10:02:20","modified_gmt":"2023-08-30T13:02:20","slug":"deflacao-na-china-ameaca-o-agro-do-brasil-mas-planalto-e-congresso-nao-estao-preocupados","status":"publish","type":"post","link":"https:\/\/jornalfatosenoticias.com.br\/index.php\/2023\/08\/30\/deflacao-na-china-ameaca-o-agro-do-brasil-mas-planalto-e-congresso-nao-estao-preocupados\/","title":{"rendered":"Defla\u00e7\u00e3o na China amea\u00e7a o agro do Brasil, mas Planalto e Congresso n\u00e3o est\u00e3o preocupados"},"content":{"rendered":"\n<p><em><span class=\"has-inline-color has-black-color\">Defla\u00e7\u00e3o na China pode trazer impactos para a economia brasileira, em especial para o agroneg\u00f3cio<\/span><\/em><\/p>\n\n\n\n<p><em><span class=\"has-inline-color has-black-color\">Por <strong><a href=\"https:\/\/www.gazetadopovo.com.br\/autor\/aline-rechmann\/\">Aline Rechmann<\/a><\/strong><\/span><\/em><\/p>\n\n\n\n<div class=\"wp-block-image\"><figure class=\"aligncenter size-large\"><img loading=\"lazy\" decoding=\"async\" width=\"729\" height=\"90\" src=\"https:\/\/jornalfatosenoticias.com.br\/wp-content\/uploads\/2020\/02\/Logo_Mizu.png\" alt=\"\" class=\"wp-image-1441\" srcset=\"https:\/\/jornalfatosenoticias.com.br\/wp-content\/uploads\/2020\/02\/Logo_Mizu.png 729w, https:\/\/jornalfatosenoticias.com.br\/wp-content\/uploads\/2020\/02\/Logo_Mizu-300x37.png 300w\" sizes=\"auto, (max-width: 729px) 100vw, 729px\" \/><\/figure><\/div>\n\n\n\n<p>O cen\u00e1rio de defla\u00e7\u00e3o e crise imobili\u00e1ria na China tem acendido um sinal de alerta em v\u00e1rios setores da economia brasileira. Analistas ligados ao agroneg\u00f3cio, um dos poss\u00edveis impactados, j\u00e1 est\u00e3o atentos \u00e0s movimenta\u00e7\u00f5es e aos impactos negativos que a redu\u00e7\u00e3o da atividade econ\u00f4mica no pa\u00eds asi\u00e1tico deve promover no Brasil. A esfera pol\u00edtica, no entanto, ainda n\u00e3o despertou para a gravidade do problema. Tanto no Executivo quanto no Legislativo, a defla\u00e7\u00e3o na China parece ainda n\u00e3o fazer parte das conversas e das negocia\u00e7\u00f5es.<br>Dados oficiais divulgados no come\u00e7o de agosto mostraram que as exporta\u00e7\u00f5es da China ca\u00edram 14,5% em julho em compara\u00e7\u00e3o com o ano anterior, enquanto as importa\u00e7\u00f5es ca\u00edram 12,4%, o maior decl\u00ednio desde janeiro de 2020.\u00a0\u201cApesar da defla\u00e7\u00e3o chinesa auxiliar no controle da infla\u00e7\u00e3o mundial, a redu\u00e7\u00e3o da atividade econ\u00f4mica do pa\u00eds impacta negativamente na economia mundial, j\u00e1 que o pa\u00eds \u00e9 o segundo maior importador do mundo. No caso do Brasil, o impacto \u00e9 ainda maior, pois a China \u00e9 o principal parceiro comercial do pa\u00eds desde 2009\u201d, avalia a professora da Escola de Gest\u00e3o e Neg\u00f3cios da Unisinos e doutora em Desenvolvimento, Agricultura e Sociedade (UFRRJ), Ang\u00e9lica Massuquetti.<\/p>\n\n\n\n<div class=\"wp-block-image\"><figure class=\"aligncenter size-large is-resized\"><img loading=\"lazy\" decoding=\"async\" src=\"https:\/\/jornalfatosenoticias.com.br\/wp-content\/uploads\/2020\/02\/casa-do-torresmo_portal.jpg\" alt=\"\" class=\"wp-image-34472\" width=\"281\" height=\"281\" srcset=\"https:\/\/jornalfatosenoticias.com.br\/wp-content\/uploads\/2020\/02\/casa-do-torresmo_portal.jpg 300w, https:\/\/jornalfatosenoticias.com.br\/wp-content\/uploads\/2020\/02\/casa-do-torresmo_portal-150x150.jpg 150w\" sizes=\"auto, (max-width: 281px) 100vw, 281px\" \/><\/figure><\/div>\n\n\n\n<p>O resultado disso \u00e9 de que a perspectiva de crescimento econ\u00f4mico da China \u00e9 de 5,2% em 2023, e cair\u00e1 para 4,5% em 2024, os menores percentuais das \u00faltimas d\u00e9cadas. Ou seja, a desacelera\u00e7\u00e3o do pa\u00eds asi\u00e1tico \u00e9 um sinal de alerta para os seus principais parceiros comerciais, notadamente para o Brasil, que tem na China o seu principal mercado consumidor.<\/p>\n\n\n\n<div class=\"wp-block-image\"><figure class=\"aligncenter size-large is-resized\"><img loading=\"lazy\" decoding=\"async\" src=\"https:\/\/jornalfatosenoticias.com.br\/wp-content\/uploads\/2023\/03\/nova-logo-Marquetti.jpg\" alt=\"\" class=\"wp-image-40207\" width=\"320\" height=\"215\" srcset=\"https:\/\/jornalfatosenoticias.com.br\/wp-content\/uploads\/2023\/03\/nova-logo-Marquetti.jpg 643w, https:\/\/jornalfatosenoticias.com.br\/wp-content\/uploads\/2023\/03\/nova-logo-Marquetti-300x202.jpg 300w\" sizes=\"auto, (max-width: 320px) 100vw, 320px\" \/><\/figure><\/div>\n\n\n\n<p>Como mencionado, a China \u00e9 o principal parceiro comercial do Brasil desde 2009. Em 2022, do total exportado pelo agroneg\u00f3cio brasileiro para o mundo, 32% foram direcionados para o mercado chin\u00eas. No ano anterior, a participa\u00e7\u00e3o chinesa tinha sido de 34%. At\u00e9 junho deste ano, segundo dados do Minist\u00e9rio da Agricultura e Pecu\u00e1ria (Mapa), a China representou 37% do total comercializado pelo agroneg\u00f3cio do Brasil com o resto do mundo.<\/p>\n\n\n\n<div class=\"wp-block-image\"><figure class=\"aligncenter size-large\"><img decoding=\"async\" src=\"https:\/\/jornalfatosenoticias.com.br\/wp-content\/uploads\/2020\/02\/barao-das-carnes-300x164-1.jpg\" alt=\"\" class=\"wp-image-34339\"\/><\/figure><\/div>\n\n\n\n<p><strong><span class=\"has-inline-color has-black-color\">Executivo e Legislativo ainda n\u00e3o tratam a defla\u00e7\u00e3o na China como prioridade<br><\/span><\/strong>O foco nas pautas econ\u00f4micas internas, como a recente aprova\u00e7\u00e3o da reforma tribut\u00e1ria e do arcabou\u00e7o fiscal, podem ser os respons\u00e1veis pela falta de aten\u00e7\u00e3o aos desdobramentos da defla\u00e7\u00e3o na China. Analistas apontam que o tema n\u00e3o tem sido tratado pelos pol\u00edticos brasileiros.<\/p>\n\n\n\n<div class=\"wp-block-image\"><figure class=\"aligncenter size-large is-resized\"><img loading=\"lazy\" decoding=\"async\" src=\"https:\/\/jornalfatosenoticias.com.br\/wp-content\/uploads\/2023\/08\/BKR-1024x1021.jpg\" alt=\"\" class=\"wp-image-44494\" width=\"294\" height=\"293\" srcset=\"https:\/\/jornalfatosenoticias.com.br\/wp-content\/uploads\/2023\/08\/BKR-1024x1021.jpg 1024w, https:\/\/jornalfatosenoticias.com.br\/wp-content\/uploads\/2023\/08\/BKR-300x300.jpg 300w, https:\/\/jornalfatosenoticias.com.br\/wp-content\/uploads\/2023\/08\/BKR-150x150.jpg 150w, https:\/\/jornalfatosenoticias.com.br\/wp-content\/uploads\/2023\/08\/BKR-768x766.jpg 768w, https:\/\/jornalfatosenoticias.com.br\/wp-content\/uploads\/2023\/08\/BKR.jpg 1080w\" sizes=\"auto, (max-width: 294px) 100vw, 294px\" \/><\/figure><\/div>\n\n\n\n<blockquote class=\"wp-block-quote is-layout-flow wp-block-quote-is-layout-flow\"><p><span class=\"has-inline-color has-luminous-vivid-orange-color\">Provavelmente, a \u00e1rea mais t\u00e9cnica do governo, por exemplo, a Secretaria de Pol\u00edtica Econ\u00f4mica (na Fazenda) ou a Secretaria de Pol\u00edtica Agr\u00edcola (no Minist\u00e9rio da Agricultura), deve estar acompanhando esses desdobramentos&#8221;, afirma o economista e pesquisador da FGV Agro, Felippe Serigati. &#8220;A \u00e1rea mais pol\u00edtica acredito que tenha o foco em outros assuntos&#8221;, completou.<\/span><\/p><\/blockquote>\n\n\n\n<div class=\"wp-block-image\"><figure class=\"aligncenter size-large is-resized\"><img loading=\"lazy\" decoding=\"async\" src=\"https:\/\/jornalfatosenoticias.com.br\/wp-content\/uploads\/2020\/02\/logo-Rapuzel-1024x571.jpg\" alt=\"\" class=\"wp-image-42808\" width=\"363\" height=\"202\" srcset=\"https:\/\/jornalfatosenoticias.com.br\/wp-content\/uploads\/2020\/02\/logo-Rapuzel-1024x571.jpg 1024w, https:\/\/jornalfatosenoticias.com.br\/wp-content\/uploads\/2020\/02\/logo-Rapuzel-300x167.jpg 300w, https:\/\/jornalfatosenoticias.com.br\/wp-content\/uploads\/2020\/02\/logo-Rapuzel-768x428.jpg 768w, https:\/\/jornalfatosenoticias.com.br\/wp-content\/uploads\/2020\/02\/logo-Rapuzel-1536x856.jpg 1536w, https:\/\/jornalfatosenoticias.com.br\/wp-content\/uploads\/2020\/02\/logo-Rapuzel.jpg 1600w\" sizes=\"auto, (max-width: 363px) 100vw, 363px\" \/><\/figure><\/div>\n\n\n\n<p>A Frente Parlamentar de Agropecu\u00e1ria (FPA) j\u00e1 vem se reunindo com o ministro das Rela\u00e7\u00f5es Exteriores, Mauro Vieira.&nbsp;Na reuni\u00e3o desta semana, a bancada do agroneg\u00f3cio debateu a rela\u00e7\u00e3o comercial entre os pa\u00edses do bloco do Mercosul (Brasil, Argentina, Paraguai e Uruguai) e os da Uni\u00e3o Europeia. A defla\u00e7\u00e3o chinesa n\u00e3o foi tema da reuni\u00e3o, mas deveria ter sido, segundo analistas.<\/p>\n\n\n\n<div class=\"wp-block-image\"><figure class=\"aligncenter size-large\"><img decoding=\"async\" src=\"https:\/\/jornalfatosenoticias.com.br\/wp-content\/uploads\/2020\/02\/logo_esteio.jpg\" alt=\"\" class=\"wp-image-1214\"\/><\/figure><\/div>\n\n\n\n<blockquote class=\"wp-block-quote is-layout-flow wp-block-quote-is-layout-flow\"><p><span class=\"has-inline-color has-luminous-vivid-orange-color\">A China \u00e9 um importante parceiro comercial do Brasil e qualquer sinal de defla\u00e7\u00e3o pode ter impactos na economia brasileira. Estamos analisando e estudando as proje\u00e7\u00f5es para entender cen\u00e1rios\u201d, afirmou o vice-presidente da FPA, senador <a href=\"https:\/\/www.gazetadopovo.com.br\/tudo-sobre\/zequinha-marinho\/?ref=link-interno-materia\">Zequinha Marinho<\/a> (Podemos-PA).<\/span><\/p><\/blockquote>\n\n\n\n<div class=\"wp-block-image\"><figure class=\"aligncenter size-large\"><img loading=\"lazy\" decoding=\"async\" width=\"300\" height=\"250\" src=\"https:\/\/jornalfatosenoticias.com.br\/wp-content\/uploads\/2022\/02\/FERRARI_MAQUINAS-E-FERRAMENTAS2.jpg\" alt=\"\" class=\"wp-image-27860\"\/><\/figure><\/div>\n\n\n\n<p>Ou seja, necessariamente o Brasil vai precisar diversificar mais suas exporta\u00e7\u00f5es, caso a crise chinesa se consolide. Nesse cen\u00e1rio, a implementa\u00e7\u00e3o do tratado de livre com\u00e9rcio do Mercosul com a Uni\u00e3o Europeia poderia ser providencial. Isso porque pode dar acesso \u00e0s commodities brasileiras a um mercado de 800 milh\u00f5es de pessoas e gerar uma eleva\u00e7\u00e3o do PIB de cerca de R$ 600 bilh\u00f5es.<\/p>\n\n\n\n<div class=\"wp-block-image\"><figure class=\"aligncenter size-large\"><img loading=\"lazy\" decoding=\"async\" width=\"300\" height=\"137\" src=\"https:\/\/jornalfatosenoticias.com.br\/wp-content\/uploads\/2023\/06\/LOGO_JULIANA-GRACA_PORTAL.jpg\" alt=\"\" class=\"wp-image-42597\"\/><\/figure><\/div>\n\n\n\n<p><strong><span class=\"has-inline-color has-black-color\">Pol\u00edtica de abertura de novos mercados precisa receber aten\u00e7\u00e3o<br><\/span><\/strong>Durante a gest\u00e3o do ex-presidente <a href=\"https:\/\/www.gazetadopovo.com.br\/tudo-sobre\/jair-bolsonaro\/?ref=link-interno-materia\">Jair Bolsonaro (PL),<\/a> o Minist\u00e9rio da Agricultura promoveu a abertura de novos mercados para o agroneg\u00f3cio brasileiro. Capitaneado pela ent\u00e3o ministra Tereza Cristina, o Brasil conquistou a abertura de pelo menos 230 novos mercados para produtos agropecu\u00e1rios. Nos primeiros oito meses de 2023, j\u00e1 sob o governo de <a href=\"https:\/\/www.gazetadopovo.com.br\/tudo-sobre\/lula\/?ref=link-interno-materia\">Luiz In\u00e1cio Lula da Silva (PT),<\/a> o Brasil abriu 37 novos mercados para exporta\u00e7\u00e3o.<\/p>\n\n\n\n<div class=\"wp-block-image\"><figure class=\"aligncenter size-large is-resized\"><img loading=\"lazy\" decoding=\"async\" src=\"https:\/\/jornalfatosenoticias.com.br\/wp-content\/uploads\/2023\/08\/Control-Systems.jpg\" alt=\"\" class=\"wp-image-44092\" width=\"321\" height=\"384\"\/><\/figure><\/div>\n\n\n\n<p>Para Serigati, o esfor\u00e7o foi importante, mas n\u00e3o surtiu tanto efeito nos n\u00fameros da exporta\u00e7\u00e3o brasileira. \u201cO esfor\u00e7o realizado na gest\u00e3o passada, de tentar ampliar o leque de compradores, foi fundamental. Ele gerou resultados, pois aumentou a nossa participa\u00e7\u00e3o, especialmente dentro do mercado do Oriente M\u00e9dio. Foi\u00a0uma boa not\u00edcia, pois conseguimos ampliar os nossos destinos, mas a gente n\u00e3o observa isso muito nos n\u00fameros. O motivo para isso \u00e9 que o peso da China \u00e9 monumental\u201d, disse o economista e professor da FGV Agro.<\/p>\n\n\n\n<div class=\"wp-block-image\"><figure class=\"aligncenter size-large is-resized\"><img loading=\"lazy\" decoding=\"async\" src=\"https:\/\/jornalfatosenoticias.com.br\/wp-content\/uploads\/2023\/03\/logo-Panper_portal.jpg\" alt=\"\" class=\"wp-image-40208\" width=\"370\" height=\"256\" srcset=\"https:\/\/jornalfatosenoticias.com.br\/wp-content\/uploads\/2023\/03\/logo-Panper_portal.jpg 400w, https:\/\/jornalfatosenoticias.com.br\/wp-content\/uploads\/2023\/03\/logo-Panper_portal-300x208.jpg 300w\" sizes=\"auto, (max-width: 370px) 100vw, 370px\" \/><\/figure><\/div>\n\n\n\n<p>Ex-secret\u00e1rio de Com\u00e9rcio Exterior do Brasil de 2007 a 2011, o consultor Welber Barral avalia que a depend\u00eancia da China \u00e9 potencialmente arriscada. \u201cEssa depend\u00eancia da China n\u00e3o \u00e9 c\u00f4moda para o Brasil, que tem que buscar diversificar suas exporta\u00e7\u00f5es. Ent\u00e3o, o Brasil j\u00e1 lan\u00e7ou novos projetos para exportar para outros mercados asi\u00e1ticos, a \u00c1sia, como um todo, tem crescido muito sua renda e tem importado mais do Brasil\u201d, disse Barral.<\/p>\n\n\n\n<div class=\"wp-block-image\"><figure class=\"aligncenter size-large is-resized\"><img loading=\"lazy\" decoding=\"async\" src=\"https:\/\/jornalfatosenoticias.com.br\/wp-content\/uploads\/2022\/10\/RC_800x750_page-0001.jpg\" alt=\"\" class=\"wp-image-35338\" width=\"274\" height=\"257\" srcset=\"https:\/\/jornalfatosenoticias.com.br\/wp-content\/uploads\/2022\/10\/RC_800x750_page-0001.jpg 400w, https:\/\/jornalfatosenoticias.com.br\/wp-content\/uploads\/2022\/10\/RC_800x750_page-0001-300x281.jpg 300w\" sizes=\"auto, (max-width: 274px) 100vw, 274px\" \/><\/figure><\/div>\n\n\n\n<p>Apesar das perspectivas, o senador Esperidi\u00e3o Amin (PP-SC) foi um dos parlamentares que se mostrou tranquilo apesar do risco iminente. \u201cEu creio que o Brasil n\u00e3o tenha limite para isso [exporta\u00e7\u00e3o de produtos agropecu\u00e1rios]. Novos mercados v\u00e3o sempre precisar e procurar produtos bons que o nosso agroneg\u00f3cio sabe produzir. Portanto, desde que nos preocupemos com a sanidade dos rebanhos e em diminuir a depend\u00eancia de fertilizantes, se n\u00f3s n\u00e3o atrapalharmos, o agroneg\u00f3cio vai continuar sendo um sucesso\u201d, opinou o senador catarinense.<\/p>\n\n\n\n<div class=\"wp-block-image\"><figure class=\"aligncenter size-large is-resized\"><img loading=\"lazy\" decoding=\"async\" src=\"https:\/\/jornalfatosenoticias.com.br\/wp-content\/uploads\/2022\/10\/Arte-jornal-Zucchi-600x600_Prancheta-1-1024x1024.jpg\" alt=\"\" class=\"wp-image-34782\" width=\"265\" height=\"265\" srcset=\"https:\/\/jornalfatosenoticias.com.br\/wp-content\/uploads\/2022\/10\/Arte-jornal-Zucchi-600x600_Prancheta-1-1024x1024.jpg 1024w, https:\/\/jornalfatosenoticias.com.br\/wp-content\/uploads\/2022\/10\/Arte-jornal-Zucchi-600x600_Prancheta-1-300x300.jpg 300w, https:\/\/jornalfatosenoticias.com.br\/wp-content\/uploads\/2022\/10\/Arte-jornal-Zucchi-600x600_Prancheta-1-150x150.jpg 150w, https:\/\/jornalfatosenoticias.com.br\/wp-content\/uploads\/2022\/10\/Arte-jornal-Zucchi-600x600_Prancheta-1-768x768.jpg 768w, https:\/\/jornalfatosenoticias.com.br\/wp-content\/uploads\/2022\/10\/Arte-jornal-Zucchi-600x600_Prancheta-1.jpg 1250w\" sizes=\"auto, (max-width: 265px) 100vw, 265px\" \/><\/figure><\/div>\n\n\n\n<p><strong><span class=\"has-inline-color has-black-color\">Governo chin\u00eas n\u00e3o anunciou medidas que possam reverter defla\u00e7\u00e3o<br><\/span><\/strong>Diferente de outros momentos de desacelera\u00e7\u00e3o da economia, o governo da China n\u00e3o tem lan\u00e7ado medidas para modificar o cen\u00e1rio dessa vez. Al\u00e9m de uma pequena redu\u00e7\u00e3o na taxa de juros, n\u00e3o h\u00e1 perspectivas para o an\u00fancio de medidas que possam influenciar o consumo ou estimular a retomada do crescimento do pa\u00eds.<\/p>\n\n\n\n<blockquote class=\"wp-block-quote is-layout-flow wp-block-quote-is-layout-flow\"><p><span class=\"has-inline-color has-luminous-vivid-orange-color\">Toda vez que a economia chinesa tem alguma desacelera\u00e7\u00e3o, o governo chin\u00eas lan\u00e7a m\u00e3o de alguma medida para tentar reativar, para dar um combust\u00edvel adicional na sua economia, mas agora, em 2023, ele n\u00e3o lan\u00e7ou m\u00e3o disso at\u00e9 agora. N\u00e3o h\u00e1 nada que tenha efeito agora, no curto prazo\u201d, destacou Serigati.<\/span><\/p><\/blockquote>\n\n\n\n<div class=\"wp-block-image\"><figure class=\"aligncenter size-large\"><img loading=\"lazy\" decoding=\"async\" width=\"300\" height=\"250\" src=\"https:\/\/jornalfatosenoticias.com.br\/wp-content\/uploads\/2022\/08\/arte-Casarao.jpg\" alt=\"\" class=\"wp-image-33178\"\/><\/figure><\/div>\n\n\n\n<p>A redu\u00e7\u00e3o do consumo durante a pandemia e a inseguran\u00e7a em rela\u00e7\u00e3o ao futuro econ\u00f4mico do pa\u00eds, levando ao aumento da poupan\u00e7a e \u00e0 redu\u00e7\u00e3o do consumo, fazem com que os pre\u00e7os continuem diminuindo. \u201cAl\u00e9m disso, o pa\u00eds ainda sofre com a desacelera\u00e7\u00e3o do mercado imobili\u00e1rio e n\u00e3o tem conseguido ampliar as esperan\u00e7as dos jovens para ingresso no mercado de trabalho\u201d, salientou Ang\u00e9lica Massuquetti, professora da Unisinos.<\/p>\n\n\n\n<div class=\"wp-block-image\"><figure class=\"aligncenter size-large\"><img loading=\"lazy\" decoding=\"async\" width=\"300\" height=\"250\" src=\"https:\/\/jornalfatosenoticias.com.br\/wp-content\/uploads\/2020\/02\/Banner-2.png\" alt=\"\" class=\"wp-image-43787\"\/><\/figure><\/div>\n\n\n\n<p><strong><span class=\"has-inline-color has-black-color\">Brasil tem pauta de exporta\u00e7\u00e3o e mercados concentrados<br><\/span><\/strong>Outro ponto observado pelos analistas \u00e9 que a pauta de exporta\u00e7\u00e3o, assim como os mercados brasileiros no exterior, \u00e9 concentrada.<\/p>\n\n\n\n<blockquote class=\"wp-block-quote is-layout-flow wp-block-quote-is-layout-flow\"><p><span class=\"has-inline-color has-luminous-vivid-orange-color\">A China \u00e9 um comprador gigantesco. A gente n\u00e3o vai deixar de vender pra eles, mas isso vai deixar os nossos destinos mais concentrados. Mas tem um detalhe adicional: a nossa pauta de exporta\u00e7\u00e3o tamb\u00e9m \u00e9 concentrada em termos de produtos. Temos soja, milho, a\u00e7\u00facar, prote\u00ednas animais, papel, celulose, algod\u00e3o, caf\u00e9 e suco de laranja, basicamente\u201d, pontuou Serigati.<\/span><\/p><\/blockquote>\n\n\n\n<div class=\"wp-block-image\"><figure class=\"aligncenter size-large is-resized\"><img loading=\"lazy\" decoding=\"async\" src=\"https:\/\/jornalfatosenoticias.com.br\/wp-content\/uploads\/2023\/08\/VSM-Group.jpeg\" alt=\"\" class=\"wp-image-44364\" width=\"270\" height=\"270\"\/><\/figure><\/div>\n\n\n\n<p>A avalia\u00e7\u00e3o dos impactos na cadeia produtiva do agroneg\u00f3cio j\u00e1 come\u00e7ou e deve se intensificar para estimar e buscar solu\u00e7\u00f5es para os efeitos da desacelera\u00e7\u00e3o chinesa. \u201cDentre os setores que ser\u00e3o mais impactados pela queda do ritmo de crescimento da economia chinesa e, consequentemente, pela redu\u00e7\u00e3o da importa\u00e7\u00e3o de <em>commodities<\/em> agropecu\u00e1rias brasileiras, est\u00e3o os setores da soja, das carnes e dos produtos florestais\u201d, avaliou Ang\u00e9lica Massuquetti.<\/p>\n\n\n\n<div class=\"wp-block-image\"><figure class=\"aligncenter size-large is-resized\"><img loading=\"lazy\" decoding=\"async\" src=\"https:\/\/jornalfatosenoticias.com.br\/wp-content\/uploads\/2022\/02\/Precisao-Contabilidade-1024x724.jpg\" alt=\"\" class=\"wp-image-28088\" width=\"325\" height=\"230\"\/><\/figure><\/div>\n\n\n\n<p>Em 2023, a participa\u00e7\u00e3o desses setores na pauta exportadora brasileira para a China foi de 74,5%, 13,3% e 6,8%, respectivamente. No Brasil, do total comercializado com o exterior, 47,5% (2022) pertencem ao agroneg\u00f3cio.<br>Portanto, a retomada do crescimento da economia chinesa \u00e9 crucial para a continuidade da expans\u00e3o das exporta\u00e7\u00f5es do agroneg\u00f3cio brasileiro. Mas ela pode n\u00e3o acontecer se a China realmente se voltar para seu mercado interno, apostando numa economia de consumo, e aos poucos ir deixando de lado a estrat\u00e9gia econ\u00f4mica voltada para a exporta\u00e7\u00e3o.<\/p>\n\n\n\n<p><strong><em>Fonte: <a href=\"https:\/\/www.gazetadopovo.com.br\/republica\/deflacao-na-china-ameaca-o-agro-do-brasil-mas-planalto-e-congresso-nao-estao-preocupados\/\">Gazeta do Povo<\/a><\/em><\/strong><\/p>\n","protected":false},"excerpt":{"rendered":"<p>Defla\u00e7\u00e3o na China pode trazer impactos para a economia brasileira, em especial para o agroneg\u00f3cio Por Aline Rechmann O cen\u00e1rio de defla\u00e7\u00e3o e crise imobili\u00e1ria na China tem acendido um sinal de alerta em v\u00e1rios setores da economia brasileira. Analistas ligados ao agroneg\u00f3cio, um dos poss\u00edveis impactados, j\u00e1 est\u00e3o atentos \u00e0s movimenta\u00e7\u00f5es e aos impactos [&hellip;]<\/p>\n","protected":false},"author":2,"featured_media":44706,"comment_status":"open","ping_status":"open","sticky":false,"template":"","format":"standard","meta":{"footnotes":""},"categories":[9],"tags":[11055,597,85,487,15744,21061,21062,1799],"class_list":["post-44705","post","type-post","status-publish","format-standard","has-post-thumbnail","hentry","category-economia","tag-agronegocio","tag-brasil","tag-china","tag-congresso","tag-deflacao","tag-deflacao-na-china","tag-impactos-para-a-economia-brasileira","tag-planalto"],"yoast_head":"<!-- This site is optimized with the Yoast SEO plugin v26.5 - https:\/\/yoast.com\/wordpress\/plugins\/seo\/ -->\n<title>Defla\u00e7\u00e3o na China amea\u00e7a o agro do Brasil, mas Planalto e Congresso n\u00e3o est\u00e3o preocupados - Jornal Fatos e Not\u00edcias<\/title>\n<meta name=\"robots\" content=\"index, follow, max-snippet:-1, max-image-preview:large, max-video-preview:-1\" \/>\n<link rel=\"canonical\" href=\"https:\/\/jornalfatosenoticias.com.br\/index.php\/2023\/08\/30\/deflacao-na-china-ameaca-o-agro-do-brasil-mas-planalto-e-congresso-nao-estao-preocupados\/\" \/>\n<meta property=\"og:locale\" content=\"pt_BR\" \/>\n<meta property=\"og:type\" content=\"article\" \/>\n<meta property=\"og:title\" content=\"Defla\u00e7\u00e3o na China amea\u00e7a o agro do Brasil, mas Planalto e Congresso n\u00e3o est\u00e3o preocupados - Jornal Fatos e Not\u00edcias\" \/>\n<meta property=\"og:description\" content=\"Defla\u00e7\u00e3o na China pode trazer impactos para a economia brasileira, em especial para o agroneg\u00f3cio Por Aline Rechmann O cen\u00e1rio de defla\u00e7\u00e3o e crise imobili\u00e1ria na China tem acendido um sinal de alerta em v\u00e1rios setores da economia brasileira. Analistas ligados ao agroneg\u00f3cio, um dos poss\u00edveis impactados, j\u00e1 est\u00e3o atentos \u00e0s movimenta\u00e7\u00f5es e aos impactos [&hellip;]\" \/>\n<meta property=\"og:url\" content=\"https:\/\/jornalfatosenoticias.com.br\/index.php\/2023\/08\/30\/deflacao-na-china-ameaca-o-agro-do-brasil-mas-planalto-e-congresso-nao-estao-preocupados\/\" \/>\n<meta property=\"og:site_name\" content=\"Jornal Fatos e Not\u00edcias\" \/>\n<meta property=\"article:published_time\" content=\"2023-08-30T13:02:19+00:00\" \/>\n<meta property=\"article:modified_time\" content=\"2023-08-30T13:02:20+00:00\" \/>\n<meta property=\"og:image\" content=\"https:\/\/jornalfatosenoticias.com.br\/wp-content\/uploads\/2023\/08\/molusco-e-ditador-chines.jpg\" \/>\n\t<meta property=\"og:image:width\" content=\"960\" \/>\n\t<meta property=\"og:image:height\" content=\"540\" \/>\n\t<meta property=\"og:image:type\" content=\"image\/jpeg\" \/>\n<meta name=\"author\" content=\"Luzimara Fernandes\" \/>\n<meta name=\"twitter:card\" content=\"summary_large_image\" \/>\n<meta name=\"twitter:label1\" content=\"Escrito por\" \/>\n\t<meta name=\"twitter:data1\" content=\"Luzimara Fernandes\" \/>\n\t<meta name=\"twitter:label2\" content=\"Est. tempo de leitura\" \/>\n\t<meta name=\"twitter:data2\" content=\"7 minutos\" \/>\n<script type=\"application\/ld+json\" class=\"yoast-schema-graph\">{\"@context\":\"https:\/\/schema.org\",\"@graph\":[{\"@type\":\"Article\",\"@id\":\"https:\/\/jornalfatosenoticias.com.br\/index.php\/2023\/08\/30\/deflacao-na-china-ameaca-o-agro-do-brasil-mas-planalto-e-congresso-nao-estao-preocupados\/#article\",\"isPartOf\":{\"@id\":\"https:\/\/jornalfatosenoticias.com.br\/index.php\/2023\/08\/30\/deflacao-na-china-ameaca-o-agro-do-brasil-mas-planalto-e-congresso-nao-estao-preocupados\/\"},\"author\":{\"name\":\"Luzimara Fernandes\",\"@id\":\"https:\/\/jornalfatosenoticias.com.br\/#\/schema\/person\/d63837fa13ac8666eb9e74e0985d6f81\"},\"headline\":\"Defla\u00e7\u00e3o na China amea\u00e7a o agro do Brasil, mas Planalto e Congresso n\u00e3o est\u00e3o preocupados\",\"datePublished\":\"2023-08-30T13:02:19+00:00\",\"dateModified\":\"2023-08-30T13:02:20+00:00\",\"mainEntityOfPage\":{\"@id\":\"https:\/\/jornalfatosenoticias.com.br\/index.php\/2023\/08\/30\/deflacao-na-china-ameaca-o-agro-do-brasil-mas-planalto-e-congresso-nao-estao-preocupados\/\"},\"wordCount\":1514,\"commentCount\":0,\"publisher\":{\"@id\":\"https:\/\/jornalfatosenoticias.com.br\/#organization\"},\"image\":{\"@id\":\"https:\/\/jornalfatosenoticias.com.br\/index.php\/2023\/08\/30\/deflacao-na-china-ameaca-o-agro-do-brasil-mas-planalto-e-congresso-nao-estao-preocupados\/#primaryimage\"},\"thumbnailUrl\":\"https:\/\/jornalfatosenoticias.com.br\/wp-content\/uploads\/2023\/08\/molusco-e-ditador-chines.jpg\",\"keywords\":[\"agroneg\u00f3cio\",\"Brasil\",\"china\",\"Congresso\",\"defla\u00e7\u00e3o\",\"defla\u00e7\u00e3o na China\",\"impactos para a economia brasileira\",\"Planalto\"],\"articleSection\":[\"Economia\"],\"inLanguage\":\"pt-BR\",\"potentialAction\":[{\"@type\":\"CommentAction\",\"name\":\"Comment\",\"target\":[\"https:\/\/jornalfatosenoticias.com.br\/index.php\/2023\/08\/30\/deflacao-na-china-ameaca-o-agro-do-brasil-mas-planalto-e-congresso-nao-estao-preocupados\/#respond\"]}]},{\"@type\":\"WebPage\",\"@id\":\"https:\/\/jornalfatosenoticias.com.br\/index.php\/2023\/08\/30\/deflacao-na-china-ameaca-o-agro-do-brasil-mas-planalto-e-congresso-nao-estao-preocupados\/\",\"url\":\"https:\/\/jornalfatosenoticias.com.br\/index.php\/2023\/08\/30\/deflacao-na-china-ameaca-o-agro-do-brasil-mas-planalto-e-congresso-nao-estao-preocupados\/\",\"name\":\"Defla\u00e7\u00e3o na China amea\u00e7a o agro do Brasil, mas Planalto e Congresso n\u00e3o est\u00e3o preocupados - Jornal Fatos e Not\u00edcias\",\"isPartOf\":{\"@id\":\"https:\/\/jornalfatosenoticias.com.br\/#website\"},\"primaryImageOfPage\":{\"@id\":\"https:\/\/jornalfatosenoticias.com.br\/index.php\/2023\/08\/30\/deflacao-na-china-ameaca-o-agro-do-brasil-mas-planalto-e-congresso-nao-estao-preocupados\/#primaryimage\"},\"image\":{\"@id\":\"https:\/\/jornalfatosenoticias.com.br\/index.php\/2023\/08\/30\/deflacao-na-china-ameaca-o-agro-do-brasil-mas-planalto-e-congresso-nao-estao-preocupados\/#primaryimage\"},\"thumbnailUrl\":\"https:\/\/jornalfatosenoticias.com.br\/wp-content\/uploads\/2023\/08\/molusco-e-ditador-chines.jpg\",\"datePublished\":\"2023-08-30T13:02:19+00:00\",\"dateModified\":\"2023-08-30T13:02:20+00:00\",\"breadcrumb\":{\"@id\":\"https:\/\/jornalfatosenoticias.com.br\/index.php\/2023\/08\/30\/deflacao-na-china-ameaca-o-agro-do-brasil-mas-planalto-e-congresso-nao-estao-preocupados\/#breadcrumb\"},\"inLanguage\":\"pt-BR\",\"potentialAction\":[{\"@type\":\"ReadAction\",\"target\":[\"https:\/\/jornalfatosenoticias.com.br\/index.php\/2023\/08\/30\/deflacao-na-china-ameaca-o-agro-do-brasil-mas-planalto-e-congresso-nao-estao-preocupados\/\"]}]},{\"@type\":\"ImageObject\",\"inLanguage\":\"pt-BR\",\"@id\":\"https:\/\/jornalfatosenoticias.com.br\/index.php\/2023\/08\/30\/deflacao-na-china-ameaca-o-agro-do-brasil-mas-planalto-e-congresso-nao-estao-preocupados\/#primaryimage\",\"url\":\"https:\/\/jornalfatosenoticias.com.br\/wp-content\/uploads\/2023\/08\/molusco-e-ditador-chines.jpg\",\"contentUrl\":\"https:\/\/jornalfatosenoticias.com.br\/wp-content\/uploads\/2023\/08\/molusco-e-ditador-chines.jpg\",\"width\":960,\"height\":540},{\"@type\":\"BreadcrumbList\",\"@id\":\"https:\/\/jornalfatosenoticias.com.br\/index.php\/2023\/08\/30\/deflacao-na-china-ameaca-o-agro-do-brasil-mas-planalto-e-congresso-nao-estao-preocupados\/#breadcrumb\",\"itemListElement\":[{\"@type\":\"ListItem\",\"position\":1,\"name\":\"In\u00edcio\",\"item\":\"https:\/\/jornalfatosenoticias.com.br\/\"},{\"@type\":\"ListItem\",\"position\":2,\"name\":\"Defla\u00e7\u00e3o na China amea\u00e7a o agro do Brasil, mas Planalto e Congresso n\u00e3o est\u00e3o preocupados\"}]},{\"@type\":\"WebSite\",\"@id\":\"https:\/\/jornalfatosenoticias.com.br\/#website\",\"url\":\"https:\/\/jornalfatosenoticias.com.br\/\",\"name\":\"Jornal Fatos e Not\u00edcias\",\"description\":\"Not\u00edcias em geral\",\"publisher\":{\"@id\":\"https:\/\/jornalfatosenoticias.com.br\/#organization\"},\"potentialAction\":[{\"@type\":\"SearchAction\",\"target\":{\"@type\":\"EntryPoint\",\"urlTemplate\":\"https:\/\/jornalfatosenoticias.com.br\/?s={search_term_string}\"},\"query-input\":{\"@type\":\"PropertyValueSpecification\",\"valueRequired\":true,\"valueName\":\"search_term_string\"}}],\"inLanguage\":\"pt-BR\"},{\"@type\":\"Organization\",\"@id\":\"https:\/\/jornalfatosenoticias.com.br\/#organization\",\"name\":\"Jornal Fatos e Not\u00edcias\",\"url\":\"https:\/\/jornalfatosenoticias.com.br\/\",\"logo\":{\"@type\":\"ImageObject\",\"inLanguage\":\"pt-BR\",\"@id\":\"https:\/\/jornalfatosenoticias.com.br\/#\/schema\/logo\/image\/\",\"url\":\"https:\/\/jornalfatosenoticias.com.br\/wp-content\/uploads\/2020\/02\/logo120.png\",\"contentUrl\":\"https:\/\/jornalfatosenoticias.com.br\/wp-content\/uploads\/2020\/02\/logo120.png\",\"width\":1227,\"height\":120,\"caption\":\"Jornal Fatos e Not\u00edcias\"},\"image\":{\"@id\":\"https:\/\/jornalfatosenoticias.com.br\/#\/schema\/logo\/image\/\"}},{\"@type\":\"Person\",\"@id\":\"https:\/\/jornalfatosenoticias.com.br\/#\/schema\/person\/d63837fa13ac8666eb9e74e0985d6f81\",\"name\":\"Luzimara Fernandes\",\"image\":{\"@type\":\"ImageObject\",\"inLanguage\":\"pt-BR\",\"@id\":\"https:\/\/jornalfatosenoticias.com.br\/#\/schema\/person\/image\/\",\"url\":\"https:\/\/jornalfatosenoticias.com.br\/wp-content\/uploads\/2025\/05\/EU_portal.jpg\",\"contentUrl\":\"https:\/\/jornalfatosenoticias.com.br\/wp-content\/uploads\/2025\/05\/EU_portal.jpg\",\"caption\":\"Luzimara Fernandes\"},\"description\":\"Jornalista MTB 2358-ES\",\"sameAs\":[\"https:\/\/jornalfatosenoticias.com.br\"],\"url\":\"https:\/\/jornalfatosenoticias.com.br\/index.php\/author\/luzimara\/\"}]}<\/script>\n<!-- \/ Yoast SEO plugin. -->","yoast_head_json":{"title":"Defla\u00e7\u00e3o na China amea\u00e7a o agro do Brasil, mas Planalto e Congresso n\u00e3o est\u00e3o preocupados - Jornal Fatos e Not\u00edcias","robots":{"index":"index","follow":"follow","max-snippet":"max-snippet:-1","max-image-preview":"max-image-preview:large","max-video-preview":"max-video-preview:-1"},"canonical":"https:\/\/jornalfatosenoticias.com.br\/index.php\/2023\/08\/30\/deflacao-na-china-ameaca-o-agro-do-brasil-mas-planalto-e-congresso-nao-estao-preocupados\/","og_locale":"pt_BR","og_type":"article","og_title":"Defla\u00e7\u00e3o na China amea\u00e7a o agro do Brasil, mas Planalto e Congresso n\u00e3o est\u00e3o preocupados - Jornal Fatos e Not\u00edcias","og_description":"Defla\u00e7\u00e3o na China pode trazer impactos para a economia brasileira, em especial para o agroneg\u00f3cio Por Aline Rechmann O cen\u00e1rio de defla\u00e7\u00e3o e crise imobili\u00e1ria na China tem acendido um sinal de alerta em v\u00e1rios setores da economia brasileira. Analistas ligados ao agroneg\u00f3cio, um dos poss\u00edveis impactados, j\u00e1 est\u00e3o atentos \u00e0s movimenta\u00e7\u00f5es e aos impactos [&hellip;]","og_url":"https:\/\/jornalfatosenoticias.com.br\/index.php\/2023\/08\/30\/deflacao-na-china-ameaca-o-agro-do-brasil-mas-planalto-e-congresso-nao-estao-preocupados\/","og_site_name":"Jornal Fatos e Not\u00edcias","article_published_time":"2023-08-30T13:02:19+00:00","article_modified_time":"2023-08-30T13:02:20+00:00","og_image":[{"width":960,"height":540,"url":"https:\/\/jornalfatosenoticias.com.br\/wp-content\/uploads\/2023\/08\/molusco-e-ditador-chines.jpg","type":"image\/jpeg"}],"author":"Luzimara Fernandes","twitter_card":"summary_large_image","twitter_misc":{"Escrito por":"Luzimara Fernandes","Est. tempo de leitura":"7 minutos"},"schema":{"@context":"https:\/\/schema.org","@graph":[{"@type":"Article","@id":"https:\/\/jornalfatosenoticias.com.br\/index.php\/2023\/08\/30\/deflacao-na-china-ameaca-o-agro-do-brasil-mas-planalto-e-congresso-nao-estao-preocupados\/#article","isPartOf":{"@id":"https:\/\/jornalfatosenoticias.com.br\/index.php\/2023\/08\/30\/deflacao-na-china-ameaca-o-agro-do-brasil-mas-planalto-e-congresso-nao-estao-preocupados\/"},"author":{"name":"Luzimara Fernandes","@id":"https:\/\/jornalfatosenoticias.com.br\/#\/schema\/person\/d63837fa13ac8666eb9e74e0985d6f81"},"headline":"Defla\u00e7\u00e3o na China amea\u00e7a o agro do Brasil, mas Planalto e Congresso n\u00e3o est\u00e3o preocupados","datePublished":"2023-08-30T13:02:19+00:00","dateModified":"2023-08-30T13:02:20+00:00","mainEntityOfPage":{"@id":"https:\/\/jornalfatosenoticias.com.br\/index.php\/2023\/08\/30\/deflacao-na-china-ameaca-o-agro-do-brasil-mas-planalto-e-congresso-nao-estao-preocupados\/"},"wordCount":1514,"commentCount":0,"publisher":{"@id":"https:\/\/jornalfatosenoticias.com.br\/#organization"},"image":{"@id":"https:\/\/jornalfatosenoticias.com.br\/index.php\/2023\/08\/30\/deflacao-na-china-ameaca-o-agro-do-brasil-mas-planalto-e-congresso-nao-estao-preocupados\/#primaryimage"},"thumbnailUrl":"https:\/\/jornalfatosenoticias.com.br\/wp-content\/uploads\/2023\/08\/molusco-e-ditador-chines.jpg","keywords":["agroneg\u00f3cio","Brasil","china","Congresso","defla\u00e7\u00e3o","defla\u00e7\u00e3o na China","impactos para a economia brasileira","Planalto"],"articleSection":["Economia"],"inLanguage":"pt-BR","potentialAction":[{"@type":"CommentAction","name":"Comment","target":["https:\/\/jornalfatosenoticias.com.br\/index.php\/2023\/08\/30\/deflacao-na-china-ameaca-o-agro-do-brasil-mas-planalto-e-congresso-nao-estao-preocupados\/#respond"]}]},{"@type":"WebPage","@id":"https:\/\/jornalfatosenoticias.com.br\/index.php\/2023\/08\/30\/deflacao-na-china-ameaca-o-agro-do-brasil-mas-planalto-e-congresso-nao-estao-preocupados\/","url":"https:\/\/jornalfatosenoticias.com.br\/index.php\/2023\/08\/30\/deflacao-na-china-ameaca-o-agro-do-brasil-mas-planalto-e-congresso-nao-estao-preocupados\/","name":"Defla\u00e7\u00e3o na China amea\u00e7a o agro do Brasil, mas Planalto e Congresso n\u00e3o est\u00e3o preocupados - Jornal Fatos e Not\u00edcias","isPartOf":{"@id":"https:\/\/jornalfatosenoticias.com.br\/#website"},"primaryImageOfPage":{"@id":"https:\/\/jornalfatosenoticias.com.br\/index.php\/2023\/08\/30\/deflacao-na-china-ameaca-o-agro-do-brasil-mas-planalto-e-congresso-nao-estao-preocupados\/#primaryimage"},"image":{"@id":"https:\/\/jornalfatosenoticias.com.br\/index.php\/2023\/08\/30\/deflacao-na-china-ameaca-o-agro-do-brasil-mas-planalto-e-congresso-nao-estao-preocupados\/#primaryimage"},"thumbnailUrl":"https:\/\/jornalfatosenoticias.com.br\/wp-content\/uploads\/2023\/08\/molusco-e-ditador-chines.jpg","datePublished":"2023-08-30T13:02:19+00:00","dateModified":"2023-08-30T13:02:20+00:00","breadcrumb":{"@id":"https:\/\/jornalfatosenoticias.com.br\/index.php\/2023\/08\/30\/deflacao-na-china-ameaca-o-agro-do-brasil-mas-planalto-e-congresso-nao-estao-preocupados\/#breadcrumb"},"inLanguage":"pt-BR","potentialAction":[{"@type":"ReadAction","target":["https:\/\/jornalfatosenoticias.com.br\/index.php\/2023\/08\/30\/deflacao-na-china-ameaca-o-agro-do-brasil-mas-planalto-e-congresso-nao-estao-preocupados\/"]}]},{"@type":"ImageObject","inLanguage":"pt-BR","@id":"https:\/\/jornalfatosenoticias.com.br\/index.php\/2023\/08\/30\/deflacao-na-china-ameaca-o-agro-do-brasil-mas-planalto-e-congresso-nao-estao-preocupados\/#primaryimage","url":"https:\/\/jornalfatosenoticias.com.br\/wp-content\/uploads\/2023\/08\/molusco-e-ditador-chines.jpg","contentUrl":"https:\/\/jornalfatosenoticias.com.br\/wp-content\/uploads\/2023\/08\/molusco-e-ditador-chines.jpg","width":960,"height":540},{"@type":"BreadcrumbList","@id":"https:\/\/jornalfatosenoticias.com.br\/index.php\/2023\/08\/30\/deflacao-na-china-ameaca-o-agro-do-brasil-mas-planalto-e-congresso-nao-estao-preocupados\/#breadcrumb","itemListElement":[{"@type":"ListItem","position":1,"name":"In\u00edcio","item":"https:\/\/jornalfatosenoticias.com.br\/"},{"@type":"ListItem","position":2,"name":"Defla\u00e7\u00e3o na China amea\u00e7a o agro do Brasil, mas Planalto e Congresso n\u00e3o est\u00e3o preocupados"}]},{"@type":"WebSite","@id":"https:\/\/jornalfatosenoticias.com.br\/#website","url":"https:\/\/jornalfatosenoticias.com.br\/","name":"Jornal Fatos e Not\u00edcias","description":"Not\u00edcias em geral","publisher":{"@id":"https:\/\/jornalfatosenoticias.com.br\/#organization"},"potentialAction":[{"@type":"SearchAction","target":{"@type":"EntryPoint","urlTemplate":"https:\/\/jornalfatosenoticias.com.br\/?s={search_term_string}"},"query-input":{"@type":"PropertyValueSpecification","valueRequired":true,"valueName":"search_term_string"}}],"inLanguage":"pt-BR"},{"@type":"Organization","@id":"https:\/\/jornalfatosenoticias.com.br\/#organization","name":"Jornal Fatos e Not\u00edcias","url":"https:\/\/jornalfatosenoticias.com.br\/","logo":{"@type":"ImageObject","inLanguage":"pt-BR","@id":"https:\/\/jornalfatosenoticias.com.br\/#\/schema\/logo\/image\/","url":"https:\/\/jornalfatosenoticias.com.br\/wp-content\/uploads\/2020\/02\/logo120.png","contentUrl":"https:\/\/jornalfatosenoticias.com.br\/wp-content\/uploads\/2020\/02\/logo120.png","width":1227,"height":120,"caption":"Jornal Fatos e Not\u00edcias"},"image":{"@id":"https:\/\/jornalfatosenoticias.com.br\/#\/schema\/logo\/image\/"}},{"@type":"Person","@id":"https:\/\/jornalfatosenoticias.com.br\/#\/schema\/person\/d63837fa13ac8666eb9e74e0985d6f81","name":"Luzimara Fernandes","image":{"@type":"ImageObject","inLanguage":"pt-BR","@id":"https:\/\/jornalfatosenoticias.com.br\/#\/schema\/person\/image\/","url":"https:\/\/jornalfatosenoticias.com.br\/wp-content\/uploads\/2025\/05\/EU_portal.jpg","contentUrl":"https:\/\/jornalfatosenoticias.com.br\/wp-content\/uploads\/2025\/05\/EU_portal.jpg","caption":"Luzimara Fernandes"},"description":"Jornalista MTB 2358-ES","sameAs":["https:\/\/jornalfatosenoticias.com.br"],"url":"https:\/\/jornalfatosenoticias.com.br\/index.php\/author\/luzimara\/"}]}},"cc_featured_image_caption":{"caption_text":"(Foto: EFE\/EPA) ","source_text":"","source_url":""},"jetpack_featured_media_url":"https:\/\/jornalfatosenoticias.com.br\/wp-content\/uploads\/2023\/08\/molusco-e-ditador-chines.jpg","_links":{"self":[{"href":"https:\/\/jornalfatosenoticias.com.br\/index.php\/wp-json\/wp\/v2\/posts\/44705","targetHints":{"allow":["GET"]}}],"collection":[{"href":"https:\/\/jornalfatosenoticias.com.br\/index.php\/wp-json\/wp\/v2\/posts"}],"about":[{"href":"https:\/\/jornalfatosenoticias.com.br\/index.php\/wp-json\/wp\/v2\/types\/post"}],"author":[{"embeddable":true,"href":"https:\/\/jornalfatosenoticias.com.br\/index.php\/wp-json\/wp\/v2\/users\/2"}],"replies":[{"embeddable":true,"href":"https:\/\/jornalfatosenoticias.com.br\/index.php\/wp-json\/wp\/v2\/comments?post=44705"}],"version-history":[{"count":0,"href":"https:\/\/jornalfatosenoticias.com.br\/index.php\/wp-json\/wp\/v2\/posts\/44705\/revisions"}],"wp:featuredmedia":[{"embeddable":true,"href":"https:\/\/jornalfatosenoticias.com.br\/index.php\/wp-json\/wp\/v2\/media\/44706"}],"wp:attachment":[{"href":"https:\/\/jornalfatosenoticias.com.br\/index.php\/wp-json\/wp\/v2\/media?parent=44705"}],"wp:term":[{"taxonomy":"category","embeddable":true,"href":"https:\/\/jornalfatosenoticias.com.br\/index.php\/wp-json\/wp\/v2\/categories?post=44705"},{"taxonomy":"post_tag","embeddable":true,"href":"https:\/\/jornalfatosenoticias.com.br\/index.php\/wp-json\/wp\/v2\/tags?post=44705"}],"curies":[{"name":"wp","href":"https:\/\/api.w.org\/{rel}","templated":true}]}}