{"id":44770,"date":"2023-08-31T18:06:12","date_gmt":"2023-08-31T21:06:12","guid":{"rendered":"https:\/\/jornalfatosenoticias.com.br\/?p=44770"},"modified":"2023-08-31T18:06:15","modified_gmt":"2023-08-31T21:06:15","slug":"os-segredos-da-megaprisao-para-40-mil-detentos-em-el-salvador","status":"publish","type":"post","link":"https:\/\/jornalfatosenoticias.com.br\/index.php\/2023\/08\/31\/os-segredos-da-megaprisao-para-40-mil-detentos-em-el-salvador\/","title":{"rendered":"Os segredos da megapris\u00e3o para 40 mil detentos em El Salvador"},"content":{"rendered":"\n<p><span class=\"has-inline-color has-black-color\"><em>N\u00e3o existem colch\u00f5es para todos os enjaulados, e os criminosos s\u00f3 podem sair das celas para sofrer puni\u00e7\u00e3o<\/em><\/span><\/p>\n\n\n\n<div class=\"wp-block-image\"><figure class=\"aligncenter size-large\"><img loading=\"lazy\" decoding=\"async\" width=\"1024\" height=\"110\" src=\"https:\/\/jornalfatosenoticias.com.br\/wp-content\/uploads\/2022\/10\/Arte-jornal-Zucchi-1120x120_Prancheta-1-1024x110.jpg\" alt=\"\" class=\"wp-image-34772\" srcset=\"https:\/\/jornalfatosenoticias.com.br\/wp-content\/uploads\/2022\/10\/Arte-jornal-Zucchi-1120x120_Prancheta-1-1024x110.jpg 1024w, https:\/\/jornalfatosenoticias.com.br\/wp-content\/uploads\/2022\/10\/Arte-jornal-Zucchi-1120x120_Prancheta-1-300x32.jpg 300w, https:\/\/jornalfatosenoticias.com.br\/wp-content\/uploads\/2022\/10\/Arte-jornal-Zucchi-1120x120_Prancheta-1-768x82.jpg 768w, https:\/\/jornalfatosenoticias.com.br\/wp-content\/uploads\/2022\/10\/Arte-jornal-Zucchi-1120x120_Prancheta-1-1536x165.jpg 1536w, https:\/\/jornalfatosenoticias.com.br\/wp-content\/uploads\/2022\/10\/Arte-jornal-Zucchi-1120x120_Prancheta-1-2048x219.jpg 2048w\" sizes=\"auto, (max-width: 1024px) 100vw, 1024px\" \/><\/figure><\/div>\n\n\n\n<p>O presidente de El Salvador, <strong><strong><a href=\"https:\/\/twitter.com\/nayibbukele\" target=\"_blank\" rel=\"noreferrer noopener\">Nayib Bukele<\/a><\/strong>,<\/strong> deu in\u00edcio a <a href=\"https:\/\/diadeajudar.com.br\/tags\/mais-uma\/\">mais uma<\/a> de suas empreitadas pol\u00edticas: abriu as portas de uma megapris\u00e3o com capacidade para 40 mil detentos. Na semana de estreia, dois mil criminosos ligados a gangues chegaram \u00e0 <a href=\"https:\/\/diadeajudar.com.br\/tags\/cadeia\/\">cadeia<\/a> e descobriram que n\u00e3o havia camas suficientes nem colch\u00f5es para todos os enjaulados.<\/p>\n\n\n\n<blockquote class=\"wp-block-quote is-layout-flow wp-block-quote-is-layout-flow\"><p><span class=\"has-inline-color has-luminous-vivid-orange-color\">Essa ser\u00e1 a nova casa deles, onde viver\u00e3o por d\u00e9cadas, todos misturados, incapazes de causar mais danos \u00e0 popula\u00e7\u00e3o\u201d, tuitou Bukele.<\/span><\/p><\/blockquote>\n\n\n\n<div class=\"wp-block-image\"><figure class=\"aligncenter size-large is-resized\"><img loading=\"lazy\" decoding=\"async\" src=\"https:\/\/jornalfatosenoticias.com.br\/wp-content\/uploads\/2023\/07\/lacremoda.jpg\" alt=\"\" class=\"wp-image-43706\" width=\"385\" height=\"215\" srcset=\"https:\/\/jornalfatosenoticias.com.br\/wp-content\/uploads\/2023\/07\/lacremoda.jpg 1024w, https:\/\/jornalfatosenoticias.com.br\/wp-content\/uploads\/2023\/07\/lacremoda-300x168.jpg 300w, https:\/\/jornalfatosenoticias.com.br\/wp-content\/uploads\/2023\/07\/lacremoda-768x431.jpg 768w\" sizes=\"auto, (max-width: 385px) 100vw, 385px\" \/><\/figure><\/div>\n\n\n\n<p>O ministro de Seguran\u00e7a de El Salvador, Gustavo Villatoro, seguiu na mesma linha. \u201cNunca sair\u00e3o dali\u201d, disse ele, referindo-se aos detentos. Os presos foram levados de \u00f4nibus para a megapris\u00e3o. Eles estavam com p\u00e9s de m\u00e3os algemados. Mesmo assim, o trajeto da pris\u00e3o antiga para a nova morada teve a supervis\u00e3o de helic\u00f3pteros armados.<\/p>\n\n\n\n<div class=\"wp-block-image\"><figure class=\"aligncenter size-large is-resized\"><img loading=\"lazy\" decoding=\"async\" src=\"https:\/\/jornalfatosenoticias.com.br\/wp-content\/uploads\/2023\/03\/logo-Panper_portal.jpg\" alt=\"\" class=\"wp-image-40208\" width=\"313\" height=\"217\" srcset=\"https:\/\/jornalfatosenoticias.com.br\/wp-content\/uploads\/2023\/03\/logo-Panper_portal.jpg 400w, https:\/\/jornalfatosenoticias.com.br\/wp-content\/uploads\/2023\/03\/logo-Panper_portal-300x208.jpg 300w\" sizes=\"auto, (max-width: 313px) 100vw, 313px\" \/><\/figure><\/div>\n\n\n\n<p>Imagens divulgadas nas redes sociais mostram homens descal\u00e7os correndo, vestindo apenas cuecas brancas, curvados e com as m\u00e3os atr\u00e1s da cabe\u00e7a. Todos sem um fio de cabelo na cabe\u00e7a e com o corpo coberto por tatuagens. Os homens aparecem amontoados, enquanto guardas armados os observam.<\/p>\n\n\n\n<figure class=\"wp-block-embed-twitter wp-block-embed is-type-rich is-provider-twitter\"><div class=\"wp-block-embed__wrapper\">\nhttps:\/\/twitter.com\/nayibbukele\/status\/1629165213600849920?ref_src=twsrc%5Etfw%7Ctwcamp%5Etweetembed%7Ctwterm%5E1629165213600849920%7Ctwgr%5Eaf58a4d9cae70ff5266364a077338486ed7e9475%7Ctwcon%5Es1_&#038;ref_url=https%3A%2F%2Frevistaoeste.com%2Fmundo%2Fsegredos-megaprisao-40-mil-detentos-el-salvador%2F\n<\/div><\/figure>\n\n\n\n<blockquote class=\"wp-block-quote is-layout-flow wp-block-quote-is-layout-flow\"><p><span class=\"has-inline-color has-luminous-vivid-orange-color\">Estamos eliminando esse c\u00e2ncer da sociedade\u201d, disse Villatoro. \u201cSaibam que voc\u00eas nunca v\u00e3o sair da\u00ed, v\u00e3o pagar pelo que s\u00e3o\u2026 terroristas covardes\u201d.<\/span><\/p><\/blockquote>\n\n\n\n<div class=\"wp-block-image\"><figure class=\"aligncenter size-large\"><img loading=\"lazy\" decoding=\"async\" width=\"300\" height=\"250\" src=\"https:\/\/jornalfatosenoticias.com.br\/wp-content\/uploads\/2020\/02\/Banner-2.png\" alt=\"\" class=\"wp-image-43787\"\/><\/figure><\/div>\n\n\n\n<h3 class=\"wp-block-heading\"><span class=\"has-inline-color has-black-color\">Sem privil\u00e9gios<\/span><\/h3>\n\n\n\n<div class=\"wp-block-image\"><figure class=\"aligncenter size-large\"><img loading=\"lazy\" decoding=\"async\" width=\"960\" height=\"640\" src=\"https:\/\/jornalfatosenoticias.com.br\/wp-content\/uploads\/2023\/08\/megaprisao-El-Salvador.jpg\" alt=\"\" class=\"wp-image-44771\" srcset=\"https:\/\/jornalfatosenoticias.com.br\/wp-content\/uploads\/2023\/08\/megaprisao-El-Salvador.jpg 960w, https:\/\/jornalfatosenoticias.com.br\/wp-content\/uploads\/2023\/08\/megaprisao-El-Salvador-300x200.jpg 300w, https:\/\/jornalfatosenoticias.com.br\/wp-content\/uploads\/2023\/08\/megaprisao-El-Salvador-768x512.jpg 768w\" sizes=\"auto, (max-width: 960px) 100vw, 960px\" \/><figcaption><em><span class=\"has-inline-color has-black-color\">Todos os detentos da megapris\u00e3o t\u00eam a cabe\u00e7a raspada (Foto: Reprodu\u00e7\u00e3o Twitter)<\/span><\/em><\/figcaption><\/figure><\/div>\n\n\n\n<p>A megapris\u00e3o fica em Tecoluca, 74 quil\u00f4metros a sudeste de San Salvador. H\u00e1 oito pr\u00e9dios de concreto armado no local, onde existem 32 celas de aproximadamente 100 metros quadrados. Cada uma das jaulas pode acomodar mais de cem detentos, que t\u00eam dois banheiros e duas pias \u00e0 disposi\u00e7\u00e3o.<\/p>\n\n\n\n<div class=\"wp-block-image\"><figure class=\"aligncenter size-large is-resized\"><img loading=\"lazy\" decoding=\"async\" src=\"https:\/\/jornalfatosenoticias.com.br\/wp-content\/uploads\/2022\/10\/RC_800x750_page-0001.jpg\" alt=\"\" class=\"wp-image-35338\" width=\"267\" height=\"250\" srcset=\"https:\/\/jornalfatosenoticias.com.br\/wp-content\/uploads\/2022\/10\/RC_800x750_page-0001.jpg 400w, https:\/\/jornalfatosenoticias.com.br\/wp-content\/uploads\/2022\/10\/RC_800x750_page-0001-300x281.jpg 300w\" sizes=\"auto, (max-width: 267px) 100vw, 267px\" \/><\/figure><\/div>\n\n\n\n<p>Existem 80 beliches de metal para cada cem prisioneiros. De acordo com grupos de <a href=\"https:\/\/diadeajudar.com.br\/tags\/direitos\/\">direitos<\/a> humanos e observadores internacionais, essa pr\u00e1tica viola os padr\u00f5es de encarceramento. H\u00e1 refeit\u00f3rios, salas de gin\u00e1stica e mesas de pingue-pongue no local \u2014 mas n\u00e3o para os presos. Apenas os guardas t\u00eam esse privil\u00e9gio.<br>Conforme as autoridades salvadorenhas, os detentos podem sair das celas apenas para audi\u00eancias on-line. Ou para serem punidos em uma cela de isolamento, sem janelas nem ilumina\u00e7\u00e3o.<\/p>\n\n\n\n<div class=\"wp-block-image\"><figure class=\"aligncenter size-large\"><img loading=\"lazy\" decoding=\"async\" width=\"300\" height=\"250\" src=\"https:\/\/jornalfatosenoticias.com.br\/wp-content\/uploads\/2022\/08\/arte-Casarao.jpg\" alt=\"\" class=\"wp-image-33178\"\/><\/figure><\/div>\n\n\n\n<p>Mais de 60 mil integrantes de gangues foram presos desde que Bukele declarou <a href=\"https:\/\/diadeajudar.com.br\/tags\/estado\/\">estado<\/a>\u00a0de emerg\u00eancia no pa\u00eds, ainda no ano\u00a0<a href=\"https:\/\/diadeajudar.com.br\/tags\/passado\/\">passado<\/a>.\u00a0Parte deles ainda ir\u00e1 para a megapris\u00e3o de Tecoluca, considerada a maior das Am\u00e9ricas.<\/p>\n\n\n\n<div class=\"wp-block-image\"><figure class=\"aligncenter size-large is-resized\"><img loading=\"lazy\" decoding=\"async\" src=\"https:\/\/jornalfatosenoticias.com.br\/wp-content\/uploads\/2023\/08\/Control-Systems.jpg\" alt=\"\" class=\"wp-image-44092\" width=\"313\" height=\"376\"\/><\/figure><\/div>\n\n\n\n<p><span class=\"has-inline-color has-black-color\"><em>(<\/em><\/span><strong><span class=\"has-inline-color has-black-color\"><em>Foto de capa: <\/em><\/span><\/strong><span class=\"has-inline-color has-black-color\"><em>Assessoria de Imprensa da Presid\u00eancia de El Salvador\/AFP)<\/em><\/span><\/p>\n\n\n\n<p><strong><em>Fonte: <a href=\"https:\/\/diadeajudar.com.br\/mundo\/os-segredos-da-megaprisao-para-40-mil-detentos-em-el-salvador\/\">Dia de Ajudar<\/a><\/em><\/strong><\/p>\n","protected":false},"excerpt":{"rendered":"<p>N\u00e3o existem colch\u00f5es para todos os enjaulados, e os criminosos s\u00f3 podem sair das celas para sofrer puni\u00e7\u00e3o O presidente de El Salvador, Nayib Bukele, deu in\u00edcio a mais uma de suas empreitadas pol\u00edticas: abriu as portas de uma megapris\u00e3o com capacidade para 40 mil detentos. Na semana de estreia, dois mil criminosos ligados a [&hellip;]<\/p>\n","protected":false},"author":2,"featured_media":44772,"comment_status":"open","ping_status":"open","sticky":false,"template":"","format":"standard","meta":{"footnotes":""},"categories":[41],"tags":[18557,20904,20536,21092,21093,20905,21094,1354,4906],"class_list":["post-44770","post","type-post","status-publish","format-standard","has-post-thumbnail","hentry","category-internacional","tag-crime-organizado","tag-el-salvador","tag-gangues","tag-guerra-ao-crime-organizado","tag-megaprisao","tag-nayib-bukele","tag-nova-prisao","tag-prisao","tag-terrorismo"],"yoast_head":"<!-- This site is optimized with the Yoast SEO plugin v26.5 - https:\/\/yoast.com\/wordpress\/plugins\/seo\/ -->\n<title>Os segredos da megapris\u00e3o para 40 mil detentos em El Salvador - Jornal Fatos e Not\u00edcias<\/title>\n<meta name=\"robots\" content=\"index, follow, max-snippet:-1, max-image-preview:large, max-video-preview:-1\" \/>\n<link rel=\"canonical\" href=\"https:\/\/jornalfatosenoticias.com.br\/index.php\/2023\/08\/31\/os-segredos-da-megaprisao-para-40-mil-detentos-em-el-salvador\/\" \/>\n<meta property=\"og:locale\" content=\"pt_BR\" \/>\n<meta property=\"og:type\" content=\"article\" \/>\n<meta property=\"og:title\" content=\"Os segredos da megapris\u00e3o para 40 mil detentos em El Salvador - Jornal Fatos e Not\u00edcias\" \/>\n<meta property=\"og:description\" content=\"N\u00e3o existem colch\u00f5es para todos os enjaulados, e os criminosos s\u00f3 podem sair das celas para sofrer puni\u00e7\u00e3o O presidente de El Salvador, Nayib Bukele, deu in\u00edcio a mais uma de suas empreitadas pol\u00edticas: abriu as portas de uma megapris\u00e3o com capacidade para 40 mil detentos. Na semana de estreia, dois mil criminosos ligados a [&hellip;]\" \/>\n<meta property=\"og:url\" content=\"https:\/\/jornalfatosenoticias.com.br\/index.php\/2023\/08\/31\/os-segredos-da-megaprisao-para-40-mil-detentos-em-el-salvador\/\" \/>\n<meta property=\"og:site_name\" content=\"Jornal Fatos e Not\u00edcias\" \/>\n<meta property=\"article:published_time\" content=\"2023-08-31T21:06:12+00:00\" \/>\n<meta property=\"article:modified_time\" content=\"2023-08-31T21:06:15+00:00\" \/>\n<meta property=\"og:image\" content=\"https:\/\/jornalfatosenoticias.com.br\/wp-content\/uploads\/2023\/08\/prisao-em-el-slavador-para-40-mil-pessoas.jpg\" \/>\n\t<meta property=\"og:image:width\" content=\"1000\" \/>\n\t<meta property=\"og:image:height\" content=\"600\" \/>\n\t<meta property=\"og:image:type\" content=\"image\/jpeg\" \/>\n<meta name=\"author\" content=\"Luzimara Fernandes\" \/>\n<meta name=\"twitter:card\" content=\"summary_large_image\" \/>\n<meta name=\"twitter:label1\" content=\"Escrito por\" \/>\n\t<meta name=\"twitter:data1\" content=\"Luzimara Fernandes\" \/>\n\t<meta name=\"twitter:label2\" content=\"Est. tempo de leitura\" \/>\n\t<meta name=\"twitter:data2\" content=\"2 minutos\" \/>\n<script type=\"application\/ld+json\" class=\"yoast-schema-graph\">{\"@context\":\"https:\/\/schema.org\",\"@graph\":[{\"@type\":\"Article\",\"@id\":\"https:\/\/jornalfatosenoticias.com.br\/index.php\/2023\/08\/31\/os-segredos-da-megaprisao-para-40-mil-detentos-em-el-salvador\/#article\",\"isPartOf\":{\"@id\":\"https:\/\/jornalfatosenoticias.com.br\/index.php\/2023\/08\/31\/os-segredos-da-megaprisao-para-40-mil-detentos-em-el-salvador\/\"},\"author\":{\"name\":\"Luzimara Fernandes\",\"@id\":\"https:\/\/jornalfatosenoticias.com.br\/#\/schema\/person\/d63837fa13ac8666eb9e74e0985d6f81\"},\"headline\":\"Os segredos da megapris\u00e3o para 40 mil detentos em El Salvador\",\"datePublished\":\"2023-08-31T21:06:12+00:00\",\"dateModified\":\"2023-08-31T21:06:15+00:00\",\"mainEntityOfPage\":{\"@id\":\"https:\/\/jornalfatosenoticias.com.br\/index.php\/2023\/08\/31\/os-segredos-da-megaprisao-para-40-mil-detentos-em-el-salvador\/\"},\"wordCount\":494,\"commentCount\":0,\"publisher\":{\"@id\":\"https:\/\/jornalfatosenoticias.com.br\/#organization\"},\"image\":{\"@id\":\"https:\/\/jornalfatosenoticias.com.br\/index.php\/2023\/08\/31\/os-segredos-da-megaprisao-para-40-mil-detentos-em-el-salvador\/#primaryimage\"},\"thumbnailUrl\":\"https:\/\/jornalfatosenoticias.com.br\/wp-content\/uploads\/2023\/08\/prisao-em-el-slavador-para-40-mil-pessoas.jpg\",\"keywords\":[\"crime organizado\",\"El Salvador\",\"gangues\",\"guerra ao crime organizado\",\"megapris\u00e3o\",\"Nayib Bukele\",\"nova pris\u00e3o\",\"pris\u00e3o\",\"terrorismo\"],\"articleSection\":[\"Internacional\"],\"inLanguage\":\"pt-BR\",\"potentialAction\":[{\"@type\":\"CommentAction\",\"name\":\"Comment\",\"target\":[\"https:\/\/jornalfatosenoticias.com.br\/index.php\/2023\/08\/31\/os-segredos-da-megaprisao-para-40-mil-detentos-em-el-salvador\/#respond\"]}]},{\"@type\":\"WebPage\",\"@id\":\"https:\/\/jornalfatosenoticias.com.br\/index.php\/2023\/08\/31\/os-segredos-da-megaprisao-para-40-mil-detentos-em-el-salvador\/\",\"url\":\"https:\/\/jornalfatosenoticias.com.br\/index.php\/2023\/08\/31\/os-segredos-da-megaprisao-para-40-mil-detentos-em-el-salvador\/\",\"name\":\"Os segredos da megapris\u00e3o para 40 mil detentos em El Salvador - Jornal Fatos e Not\u00edcias\",\"isPartOf\":{\"@id\":\"https:\/\/jornalfatosenoticias.com.br\/#website\"},\"primaryImageOfPage\":{\"@id\":\"https:\/\/jornalfatosenoticias.com.br\/index.php\/2023\/08\/31\/os-segredos-da-megaprisao-para-40-mil-detentos-em-el-salvador\/#primaryimage\"},\"image\":{\"@id\":\"https:\/\/jornalfatosenoticias.com.br\/index.php\/2023\/08\/31\/os-segredos-da-megaprisao-para-40-mil-detentos-em-el-salvador\/#primaryimage\"},\"thumbnailUrl\":\"https:\/\/jornalfatosenoticias.com.br\/wp-content\/uploads\/2023\/08\/prisao-em-el-slavador-para-40-mil-pessoas.jpg\",\"datePublished\":\"2023-08-31T21:06:12+00:00\",\"dateModified\":\"2023-08-31T21:06:15+00:00\",\"breadcrumb\":{\"@id\":\"https:\/\/jornalfatosenoticias.com.br\/index.php\/2023\/08\/31\/os-segredos-da-megaprisao-para-40-mil-detentos-em-el-salvador\/#breadcrumb\"},\"inLanguage\":\"pt-BR\",\"potentialAction\":[{\"@type\":\"ReadAction\",\"target\":[\"https:\/\/jornalfatosenoticias.com.br\/index.php\/2023\/08\/31\/os-segredos-da-megaprisao-para-40-mil-detentos-em-el-salvador\/\"]}]},{\"@type\":\"ImageObject\",\"inLanguage\":\"pt-BR\",\"@id\":\"https:\/\/jornalfatosenoticias.com.br\/index.php\/2023\/08\/31\/os-segredos-da-megaprisao-para-40-mil-detentos-em-el-salvador\/#primaryimage\",\"url\":\"https:\/\/jornalfatosenoticias.com.br\/wp-content\/uploads\/2023\/08\/prisao-em-el-slavador-para-40-mil-pessoas.jpg\",\"contentUrl\":\"https:\/\/jornalfatosenoticias.com.br\/wp-content\/uploads\/2023\/08\/prisao-em-el-slavador-para-40-mil-pessoas.jpg\",\"width\":1000,\"height\":600},{\"@type\":\"BreadcrumbList\",\"@id\":\"https:\/\/jornalfatosenoticias.com.br\/index.php\/2023\/08\/31\/os-segredos-da-megaprisao-para-40-mil-detentos-em-el-salvador\/#breadcrumb\",\"itemListElement\":[{\"@type\":\"ListItem\",\"position\":1,\"name\":\"In\u00edcio\",\"item\":\"https:\/\/jornalfatosenoticias.com.br\/\"},{\"@type\":\"ListItem\",\"position\":2,\"name\":\"Os segredos da megapris\u00e3o para 40 mil detentos em El Salvador\"}]},{\"@type\":\"WebSite\",\"@id\":\"https:\/\/jornalfatosenoticias.com.br\/#website\",\"url\":\"https:\/\/jornalfatosenoticias.com.br\/\",\"name\":\"Jornal Fatos e Not\u00edcias\",\"description\":\"Not\u00edcias em geral\",\"publisher\":{\"@id\":\"https:\/\/jornalfatosenoticias.com.br\/#organization\"},\"potentialAction\":[{\"@type\":\"SearchAction\",\"target\":{\"@type\":\"EntryPoint\",\"urlTemplate\":\"https:\/\/jornalfatosenoticias.com.br\/?s={search_term_string}\"},\"query-input\":{\"@type\":\"PropertyValueSpecification\",\"valueRequired\":true,\"valueName\":\"search_term_string\"}}],\"inLanguage\":\"pt-BR\"},{\"@type\":\"Organization\",\"@id\":\"https:\/\/jornalfatosenoticias.com.br\/#organization\",\"name\":\"Jornal Fatos e Not\u00edcias\",\"url\":\"https:\/\/jornalfatosenoticias.com.br\/\",\"logo\":{\"@type\":\"ImageObject\",\"inLanguage\":\"pt-BR\",\"@id\":\"https:\/\/jornalfatosenoticias.com.br\/#\/schema\/logo\/image\/\",\"url\":\"https:\/\/jornalfatosenoticias.com.br\/wp-content\/uploads\/2020\/02\/logo120.png\",\"contentUrl\":\"https:\/\/jornalfatosenoticias.com.br\/wp-content\/uploads\/2020\/02\/logo120.png\",\"width\":1227,\"height\":120,\"caption\":\"Jornal Fatos e Not\u00edcias\"},\"image\":{\"@id\":\"https:\/\/jornalfatosenoticias.com.br\/#\/schema\/logo\/image\/\"}},{\"@type\":\"Person\",\"@id\":\"https:\/\/jornalfatosenoticias.com.br\/#\/schema\/person\/d63837fa13ac8666eb9e74e0985d6f81\",\"name\":\"Luzimara Fernandes\",\"image\":{\"@type\":\"ImageObject\",\"inLanguage\":\"pt-BR\",\"@id\":\"https:\/\/jornalfatosenoticias.com.br\/#\/schema\/person\/image\/\",\"url\":\"https:\/\/jornalfatosenoticias.com.br\/wp-content\/uploads\/2025\/05\/EU_portal.jpg\",\"contentUrl\":\"https:\/\/jornalfatosenoticias.com.br\/wp-content\/uploads\/2025\/05\/EU_portal.jpg\",\"caption\":\"Luzimara Fernandes\"},\"description\":\"Jornalista MTB 2358-ES\",\"sameAs\":[\"https:\/\/jornalfatosenoticias.com.br\"],\"url\":\"https:\/\/jornalfatosenoticias.com.br\/index.php\/author\/luzimara\/\"}]}<\/script>\n<!-- \/ Yoast SEO plugin. -->","yoast_head_json":{"title":"Os segredos da megapris\u00e3o para 40 mil detentos em El Salvador - Jornal Fatos e Not\u00edcias","robots":{"index":"index","follow":"follow","max-snippet":"max-snippet:-1","max-image-preview":"max-image-preview:large","max-video-preview":"max-video-preview:-1"},"canonical":"https:\/\/jornalfatosenoticias.com.br\/index.php\/2023\/08\/31\/os-segredos-da-megaprisao-para-40-mil-detentos-em-el-salvador\/","og_locale":"pt_BR","og_type":"article","og_title":"Os segredos da megapris\u00e3o para 40 mil detentos em El Salvador - Jornal Fatos e Not\u00edcias","og_description":"N\u00e3o existem colch\u00f5es para todos os enjaulados, e os criminosos s\u00f3 podem sair das celas para sofrer puni\u00e7\u00e3o O presidente de El Salvador, Nayib Bukele, deu in\u00edcio a mais uma de suas empreitadas pol\u00edticas: abriu as portas de uma megapris\u00e3o com capacidade para 40 mil detentos. Na semana de estreia, dois mil criminosos ligados a [&hellip;]","og_url":"https:\/\/jornalfatosenoticias.com.br\/index.php\/2023\/08\/31\/os-segredos-da-megaprisao-para-40-mil-detentos-em-el-salvador\/","og_site_name":"Jornal Fatos e Not\u00edcias","article_published_time":"2023-08-31T21:06:12+00:00","article_modified_time":"2023-08-31T21:06:15+00:00","og_image":[{"width":1000,"height":600,"url":"https:\/\/jornalfatosenoticias.com.br\/wp-content\/uploads\/2023\/08\/prisao-em-el-slavador-para-40-mil-pessoas.jpg","type":"image\/jpeg"}],"author":"Luzimara Fernandes","twitter_card":"summary_large_image","twitter_misc":{"Escrito por":"Luzimara Fernandes","Est. tempo de leitura":"2 minutos"},"schema":{"@context":"https:\/\/schema.org","@graph":[{"@type":"Article","@id":"https:\/\/jornalfatosenoticias.com.br\/index.php\/2023\/08\/31\/os-segredos-da-megaprisao-para-40-mil-detentos-em-el-salvador\/#article","isPartOf":{"@id":"https:\/\/jornalfatosenoticias.com.br\/index.php\/2023\/08\/31\/os-segredos-da-megaprisao-para-40-mil-detentos-em-el-salvador\/"},"author":{"name":"Luzimara Fernandes","@id":"https:\/\/jornalfatosenoticias.com.br\/#\/schema\/person\/d63837fa13ac8666eb9e74e0985d6f81"},"headline":"Os segredos da megapris\u00e3o para 40 mil detentos em El Salvador","datePublished":"2023-08-31T21:06:12+00:00","dateModified":"2023-08-31T21:06:15+00:00","mainEntityOfPage":{"@id":"https:\/\/jornalfatosenoticias.com.br\/index.php\/2023\/08\/31\/os-segredos-da-megaprisao-para-40-mil-detentos-em-el-salvador\/"},"wordCount":494,"commentCount":0,"publisher":{"@id":"https:\/\/jornalfatosenoticias.com.br\/#organization"},"image":{"@id":"https:\/\/jornalfatosenoticias.com.br\/index.php\/2023\/08\/31\/os-segredos-da-megaprisao-para-40-mil-detentos-em-el-salvador\/#primaryimage"},"thumbnailUrl":"https:\/\/jornalfatosenoticias.com.br\/wp-content\/uploads\/2023\/08\/prisao-em-el-slavador-para-40-mil-pessoas.jpg","keywords":["crime organizado","El Salvador","gangues","guerra ao crime organizado","megapris\u00e3o","Nayib Bukele","nova pris\u00e3o","pris\u00e3o","terrorismo"],"articleSection":["Internacional"],"inLanguage":"pt-BR","potentialAction":[{"@type":"CommentAction","name":"Comment","target":["https:\/\/jornalfatosenoticias.com.br\/index.php\/2023\/08\/31\/os-segredos-da-megaprisao-para-40-mil-detentos-em-el-salvador\/#respond"]}]},{"@type":"WebPage","@id":"https:\/\/jornalfatosenoticias.com.br\/index.php\/2023\/08\/31\/os-segredos-da-megaprisao-para-40-mil-detentos-em-el-salvador\/","url":"https:\/\/jornalfatosenoticias.com.br\/index.php\/2023\/08\/31\/os-segredos-da-megaprisao-para-40-mil-detentos-em-el-salvador\/","name":"Os segredos da megapris\u00e3o para 40 mil detentos em El Salvador - Jornal Fatos e Not\u00edcias","isPartOf":{"@id":"https:\/\/jornalfatosenoticias.com.br\/#website"},"primaryImageOfPage":{"@id":"https:\/\/jornalfatosenoticias.com.br\/index.php\/2023\/08\/31\/os-segredos-da-megaprisao-para-40-mil-detentos-em-el-salvador\/#primaryimage"},"image":{"@id":"https:\/\/jornalfatosenoticias.com.br\/index.php\/2023\/08\/31\/os-segredos-da-megaprisao-para-40-mil-detentos-em-el-salvador\/#primaryimage"},"thumbnailUrl":"https:\/\/jornalfatosenoticias.com.br\/wp-content\/uploads\/2023\/08\/prisao-em-el-slavador-para-40-mil-pessoas.jpg","datePublished":"2023-08-31T21:06:12+00:00","dateModified":"2023-08-31T21:06:15+00:00","breadcrumb":{"@id":"https:\/\/jornalfatosenoticias.com.br\/index.php\/2023\/08\/31\/os-segredos-da-megaprisao-para-40-mil-detentos-em-el-salvador\/#breadcrumb"},"inLanguage":"pt-BR","potentialAction":[{"@type":"ReadAction","target":["https:\/\/jornalfatosenoticias.com.br\/index.php\/2023\/08\/31\/os-segredos-da-megaprisao-para-40-mil-detentos-em-el-salvador\/"]}]},{"@type":"ImageObject","inLanguage":"pt-BR","@id":"https:\/\/jornalfatosenoticias.com.br\/index.php\/2023\/08\/31\/os-segredos-da-megaprisao-para-40-mil-detentos-em-el-salvador\/#primaryimage","url":"https:\/\/jornalfatosenoticias.com.br\/wp-content\/uploads\/2023\/08\/prisao-em-el-slavador-para-40-mil-pessoas.jpg","contentUrl":"https:\/\/jornalfatosenoticias.com.br\/wp-content\/uploads\/2023\/08\/prisao-em-el-slavador-para-40-mil-pessoas.jpg","width":1000,"height":600},{"@type":"BreadcrumbList","@id":"https:\/\/jornalfatosenoticias.com.br\/index.php\/2023\/08\/31\/os-segredos-da-megaprisao-para-40-mil-detentos-em-el-salvador\/#breadcrumb","itemListElement":[{"@type":"ListItem","position":1,"name":"In\u00edcio","item":"https:\/\/jornalfatosenoticias.com.br\/"},{"@type":"ListItem","position":2,"name":"Os segredos da megapris\u00e3o para 40 mil detentos em El Salvador"}]},{"@type":"WebSite","@id":"https:\/\/jornalfatosenoticias.com.br\/#website","url":"https:\/\/jornalfatosenoticias.com.br\/","name":"Jornal Fatos e Not\u00edcias","description":"Not\u00edcias em geral","publisher":{"@id":"https:\/\/jornalfatosenoticias.com.br\/#organization"},"potentialAction":[{"@type":"SearchAction","target":{"@type":"EntryPoint","urlTemplate":"https:\/\/jornalfatosenoticias.com.br\/?s={search_term_string}"},"query-input":{"@type":"PropertyValueSpecification","valueRequired":true,"valueName":"search_term_string"}}],"inLanguage":"pt-BR"},{"@type":"Organization","@id":"https:\/\/jornalfatosenoticias.com.br\/#organization","name":"Jornal Fatos e Not\u00edcias","url":"https:\/\/jornalfatosenoticias.com.br\/","logo":{"@type":"ImageObject","inLanguage":"pt-BR","@id":"https:\/\/jornalfatosenoticias.com.br\/#\/schema\/logo\/image\/","url":"https:\/\/jornalfatosenoticias.com.br\/wp-content\/uploads\/2020\/02\/logo120.png","contentUrl":"https:\/\/jornalfatosenoticias.com.br\/wp-content\/uploads\/2020\/02\/logo120.png","width":1227,"height":120,"caption":"Jornal Fatos e Not\u00edcias"},"image":{"@id":"https:\/\/jornalfatosenoticias.com.br\/#\/schema\/logo\/image\/"}},{"@type":"Person","@id":"https:\/\/jornalfatosenoticias.com.br\/#\/schema\/person\/d63837fa13ac8666eb9e74e0985d6f81","name":"Luzimara Fernandes","image":{"@type":"ImageObject","inLanguage":"pt-BR","@id":"https:\/\/jornalfatosenoticias.com.br\/#\/schema\/person\/image\/","url":"https:\/\/jornalfatosenoticias.com.br\/wp-content\/uploads\/2025\/05\/EU_portal.jpg","contentUrl":"https:\/\/jornalfatosenoticias.com.br\/wp-content\/uploads\/2025\/05\/EU_portal.jpg","caption":"Luzimara Fernandes"},"description":"Jornalista MTB 2358-ES","sameAs":["https:\/\/jornalfatosenoticias.com.br"],"url":"https:\/\/jornalfatosenoticias.com.br\/index.php\/author\/luzimara\/"}]}},"cc_featured_image_caption":{"caption_text":"","source_text":"","source_url":""},"jetpack_featured_media_url":"https:\/\/jornalfatosenoticias.com.br\/wp-content\/uploads\/2023\/08\/prisao-em-el-slavador-para-40-mil-pessoas.jpg","_links":{"self":[{"href":"https:\/\/jornalfatosenoticias.com.br\/index.php\/wp-json\/wp\/v2\/posts\/44770","targetHints":{"allow":["GET"]}}],"collection":[{"href":"https:\/\/jornalfatosenoticias.com.br\/index.php\/wp-json\/wp\/v2\/posts"}],"about":[{"href":"https:\/\/jornalfatosenoticias.com.br\/index.php\/wp-json\/wp\/v2\/types\/post"}],"author":[{"embeddable":true,"href":"https:\/\/jornalfatosenoticias.com.br\/index.php\/wp-json\/wp\/v2\/users\/2"}],"replies":[{"embeddable":true,"href":"https:\/\/jornalfatosenoticias.com.br\/index.php\/wp-json\/wp\/v2\/comments?post=44770"}],"version-history":[{"count":0,"href":"https:\/\/jornalfatosenoticias.com.br\/index.php\/wp-json\/wp\/v2\/posts\/44770\/revisions"}],"wp:featuredmedia":[{"embeddable":true,"href":"https:\/\/jornalfatosenoticias.com.br\/index.php\/wp-json\/wp\/v2\/media\/44772"}],"wp:attachment":[{"href":"https:\/\/jornalfatosenoticias.com.br\/index.php\/wp-json\/wp\/v2\/media?parent=44770"}],"wp:term":[{"taxonomy":"category","embeddable":true,"href":"https:\/\/jornalfatosenoticias.com.br\/index.php\/wp-json\/wp\/v2\/categories?post=44770"},{"taxonomy":"post_tag","embeddable":true,"href":"https:\/\/jornalfatosenoticias.com.br\/index.php\/wp-json\/wp\/v2\/tags?post=44770"}],"curies":[{"name":"wp","href":"https:\/\/api.w.org\/{rel}","templated":true}]}}