{"id":44793,"date":"2023-09-01T13:45:33","date_gmt":"2023-09-01T16:45:33","guid":{"rendered":"https:\/\/jornalfatosenoticias.com.br\/?p=44793"},"modified":"2023-09-01T13:45:34","modified_gmt":"2023-09-01T16:45:34","slug":"japao-despeja-aguas-residuais-da-usina-de-fukushima-no-mar","status":"publish","type":"post","link":"https:\/\/jornalfatosenoticias.com.br\/index.php\/2023\/09\/01\/japao-despeja-aguas-residuais-da-usina-de-fukushima-no-mar\/","title":{"rendered":"Jap\u00e3o despeja \u00e1guas residuais da usina de Fukushima no mar"},"content":{"rendered":"\n<p><em><span class=\"has-inline-color has-black-color\">Apesar de declara\u00e7\u00f5es sobre a seguran\u00e7a da a\u00e7\u00e3o, China proibiu importa\u00e7\u00f5es de frutos do mar e peixes do Jap\u00e3o<\/span><\/em><\/p>\n\n\n\n<p><em><span class=\"has-inline-color has-black-color\">Por <strong><a href=\"https:\/\/ciclovivo.com.br\/author\/natasha-olsen\/\">Natasha Olsen<\/a>\u00a0<\/strong><\/span><\/em><\/p>\n\n\n\n<div class=\"wp-block-image\"><figure class=\"aligncenter size-large\"><img loading=\"lazy\" decoding=\"async\" width=\"729\" height=\"90\" src=\"https:\/\/jornalfatosenoticias.com.br\/wp-content\/uploads\/2020\/02\/Logo_Mizu.png\" alt=\"\" class=\"wp-image-1441\" srcset=\"https:\/\/jornalfatosenoticias.com.br\/wp-content\/uploads\/2020\/02\/Logo_Mizu.png 729w, https:\/\/jornalfatosenoticias.com.br\/wp-content\/uploads\/2020\/02\/Logo_Mizu-300x37.png 300w\" sizes=\"auto, (max-width: 729px) 100vw, 729px\" \/><\/figure><\/div>\n\n\n\n<p>Em julho de 2023, a Ag\u00eancia Internacional de Energia At\u00f4mica das Na\u00e7\u00f5es Unidas aprovou que o <a href=\"https:\/\/ciclovivo.com.br\/fique-ligado\/oportunidades\/competicao-para-catar-lixo-leva-a-viagem-ao-japao\/\" target=\"_blank\" rel=\"noreferrer noopener\">Jap\u00e3o<\/a> descarregasse \u00e1gua tratada contendo tr\u00edtio radioativo da usina nuclear desativada de Fukushima Daiichi no Oceano Pac\u00edfico. A usina foi destru\u00edda por um tsunami e um terremoto em 2011 e, este ano, o Jap\u00e3o come\u00e7ou a descarregar a \u00e1gua radioativa no mar.<br>Segundo a Tokyo Electric Power (TEPCO), a operadora da usina, que nenhuma anormalidade foi identificada no lan\u00e7amento da \u00e1gua at\u00e9 o momento. Nos testes divulgados no dia 24 de agosto pela TEPCO, a primeira descarga de 7,8 mil metros c\u00fabicos continha aproximadamente at\u00e9 63 becquerels (unidade de radioatividade) de tr\u00edtio por litro, o que est\u00e1 bem abaixo do limite estabelecido pela Organiza\u00e7\u00e3o Mundial da Sa\u00fade (OMS). Ainda segundo a operadora, esta primeira descarga vai acontecer ao longo de 17 dias.<\/p>\n\n\n\n<div class=\"wp-block-image\"><figure class=\"aligncenter size-large is-resized\"><img loading=\"lazy\" decoding=\"async\" src=\"https:\/\/jornalfatosenoticias.com.br\/wp-content\/uploads\/2023\/08\/BKR-1024x1021.jpg\" alt=\"\" class=\"wp-image-44494\" width=\"361\" height=\"360\" srcset=\"https:\/\/jornalfatosenoticias.com.br\/wp-content\/uploads\/2023\/08\/BKR-1024x1021.jpg 1024w, https:\/\/jornalfatosenoticias.com.br\/wp-content\/uploads\/2023\/08\/BKR-300x300.jpg 300w, https:\/\/jornalfatosenoticias.com.br\/wp-content\/uploads\/2023\/08\/BKR-150x150.jpg 150w, https:\/\/jornalfatosenoticias.com.br\/wp-content\/uploads\/2023\/08\/BKR-768x766.jpg 768w, https:\/\/jornalfatosenoticias.com.br\/wp-content\/uploads\/2023\/08\/BKR.jpg 1080w\" sizes=\"auto, (max-width: 361px) 100vw, 361px\" \/><\/figure><\/div>\n\n\n\n<p>Em comunicado, a Ag\u00eancia Internacional de Energia At\u00f4mica das Na\u00e7\u00f5es Unidas afirmou que a sua pr\u00f3pria an\u00e1lise no local mostrou que a concentra\u00e7\u00e3o de tr\u00edtio estava bem abaixo do limite da OMS de 10 mil becquerels por litro. A \u00e1rea ao redor do lan\u00e7amento da \u00e1gua ser\u00e1 monitorada pelo Jap\u00e3o. Estima-se que a descarga total da \u00e1gua levar\u00e1 cerca de tr\u00eas d\u00e9cadas, e o Ministro do Meio Ambiente do Jap\u00e3o, Akihiro Nishimura, disse que os resultados semanais ser\u00e3o publicados.<\/p>\n\n\n\n<div class=\"wp-block-image\"><figure class=\"aligncenter size-large is-resized\"><img loading=\"lazy\" decoding=\"async\" src=\"https:\/\/jornalfatosenoticias.com.br\/wp-content\/uploads\/2023\/07\/lacremoda.jpg\" alt=\"\" class=\"wp-image-43706\" width=\"413\" height=\"231\" srcset=\"https:\/\/jornalfatosenoticias.com.br\/wp-content\/uploads\/2023\/07\/lacremoda.jpg 1024w, https:\/\/jornalfatosenoticias.com.br\/wp-content\/uploads\/2023\/07\/lacremoda-300x168.jpg 300w, https:\/\/jornalfatosenoticias.com.br\/wp-content\/uploads\/2023\/07\/lacremoda-768x431.jpg 768w\" sizes=\"auto, (max-width: 413px) 100vw, 413px\" \/><\/figure><\/div>\n\n\n\n<h3 class=\"wp-block-heading\"><span class=\"has-inline-color has-black-color\">Retalia\u00e7\u00e3o internacional<\/span><\/h3>\n\n\n\n<div class=\"wp-block-image\"><figure class=\"aligncenter size-large\"><img loading=\"lazy\" decoding=\"async\" width=\"1000\" height=\"666\" src=\"https:\/\/jornalfatosenoticias.com.br\/wp-content\/uploads\/2023\/09\/usina-fukushima-flickr-david-osbom-IAEA-2.jpg\" alt=\"\" class=\"wp-image-44794\" srcset=\"https:\/\/jornalfatosenoticias.com.br\/wp-content\/uploads\/2023\/09\/usina-fukushima-flickr-david-osbom-IAEA-2.jpg 1000w, https:\/\/jornalfatosenoticias.com.br\/wp-content\/uploads\/2023\/09\/usina-fukushima-flickr-david-osbom-IAEA-2-300x200.jpg 300w, https:\/\/jornalfatosenoticias.com.br\/wp-content\/uploads\/2023\/09\/usina-fukushima-flickr-david-osbom-IAEA-2-768x511.jpg 768w\" sizes=\"auto, (max-width: 1000px) 100vw, 1000px\" \/><figcaption><em><span class=\"has-inline-color has-black-color\">Usina de Fukushima (Foto: Flickr\/IAEA)<\/span><\/em><\/figcaption><\/figure><\/div>\n\n\n\n<p>Todas as declara\u00e7\u00f5es sobre a seguran\u00e7a do lan\u00e7amento das \u00e1guas radioativas no oceano n\u00e3o foram suficientes para convencer a China, que anunciou a proibi\u00e7\u00e3o de importa\u00e7\u00f5es de peixes de frutos do mar do Jap\u00e3o enquanto as \u00e1guas residuais da usina estiverem sendo jogadas no mar. Macau e Hong Kong tamb\u00e9m instigaram a proibi\u00e7\u00e3o das importa\u00e7\u00f5es de frutos do mar de 10 regi\u00f5es do Jap\u00e3o.<\/p>\n\n\n\n<div class=\"wp-block-image\"><figure class=\"aligncenter size-large\"><img loading=\"lazy\" decoding=\"async\" width=\"300\" height=\"300\" src=\"https:\/\/jornalfatosenoticias.com.br\/wp-content\/uploads\/2020\/02\/casa-do-torresmo_portal.jpg\" alt=\"\" class=\"wp-image-34472\" srcset=\"https:\/\/jornalfatosenoticias.com.br\/wp-content\/uploads\/2020\/02\/casa-do-torresmo_portal.jpg 300w, https:\/\/jornalfatosenoticias.com.br\/wp-content\/uploads\/2020\/02\/casa-do-torresmo_portal-150x150.jpg 150w\" sizes=\"auto, (max-width: 300px) 100vw, 300px\" \/><\/figure><\/div>\n\n\n\n<blockquote class=\"wp-block-quote is-layout-flow wp-block-quote-is-layout-flow\"><p><span class=\"has-inline-color has-luminous-vivid-orange-color\">A ag\u00eancia alfandeg\u00e1ria da China disse em comunicado que estava \u201caltamente preocupada com o risco de contamina\u00e7\u00e3o radioativa trazida por\u2026 alimentos e produtos agr\u00edcolas do Jap\u00e3o \u201d. O comunicado afirma que o objetivo da proibi\u00e7\u00e3o do departamento de alf\u00e2ndega chin\u00eas de todas as importa\u00e7\u00f5es de <a href=\"https:\/\/ciclovivo.com.br\/planeta\/desenvolvimento\/o-pescado-que-comemos-impacta-a-saude-dos-oceanos\/\" target=\"_blank\" rel=\"noreferrer noopener\">produtos aqu\u00e1ticos<\/a> do Jap\u00e3o \u00e9 prevenir \u201co risco de contamina\u00e7\u00e3o radioativa da seguran\u00e7a alimentar causado pela descarga de \u00e1gua contaminada nuclearmente em Fukushima no Jap\u00e3o\u201d, disse o departamento.<\/span><\/p><\/blockquote>\n\n\n\n<div class=\"wp-block-image\"><figure class=\"aligncenter size-large is-resized\"><img loading=\"lazy\" decoding=\"async\" src=\"https:\/\/jornalfatosenoticias.com.br\/wp-content\/uploads\/2023\/03\/nova-logo-Marquetti.jpg\" alt=\"\" class=\"wp-image-40207\" width=\"350\" height=\"235\" srcset=\"https:\/\/jornalfatosenoticias.com.br\/wp-content\/uploads\/2023\/03\/nova-logo-Marquetti.jpg 643w, https:\/\/jornalfatosenoticias.com.br\/wp-content\/uploads\/2023\/03\/nova-logo-Marquetti-300x202.jpg 300w\" sizes=\"auto, (max-width: 350px) 100vw, 350px\" \/><\/figure><\/div>\n\n\n\n<p>O Jap\u00e3o, por sua vez, garante que a \u00e1gua libertada \u00e9 segura, que a Ag\u00eancia Internacional de Energia At\u00f4mica das Na\u00e7\u00f5es Unidas concluiu que o impacto da \u00e1gua no ambiente e nos seres humanos seria \u201cinsignificante\u201d e que a China estava a espalhar \u201calega\u00e7\u00f5es cientificamente infundadas\u201d.<br>O impacto da proibi\u00e7\u00e3o \u00e9 grande: as exporta\u00e7\u00f5es japonesas de produtos aqu\u00e1ticos para a China s\u00e3o o maior mercado de exporta\u00e7\u00e3o do Jap\u00e3o, no valor de cerca de 600 milh\u00f5es de d\u00f3lares em 2022. De acordo com dados do governo, as exporta\u00e7\u00f5es japonesas de produtos aqu\u00e1ticos para Hong Kong e China representaram 42% do total no ano passado.<\/p>\n\n\n\n<div class=\"wp-block-image\"><figure class=\"aligncenter size-large is-resized\"><img loading=\"lazy\" decoding=\"async\" src=\"https:\/\/jornalfatosenoticias.com.br\/wp-content\/uploads\/2023\/08\/VSM-Group.jpeg\" alt=\"\" class=\"wp-image-44364\" width=\"309\" height=\"309\"\/><\/figure><\/div>\n\n\n\n<h3 class=\"wp-block-heading\"><span class=\"has-inline-color has-black-color\">Pr\u00e1tica comum?<\/span><\/h3>\n\n\n\n<div class=\"wp-block-image\"><figure class=\"aligncenter size-large\"><img loading=\"lazy\" decoding=\"async\" width=\"1000\" height=\"638\" src=\"https:\/\/jornalfatosenoticias.com.br\/wp-content\/uploads\/2023\/09\/usina-nuclear-ajay-pal-singh-atwal-unsplash-3.jpg\" alt=\"\" class=\"wp-image-44795\" srcset=\"https:\/\/jornalfatosenoticias.com.br\/wp-content\/uploads\/2023\/09\/usina-nuclear-ajay-pal-singh-atwal-unsplash-3.jpg 1000w, https:\/\/jornalfatosenoticias.com.br\/wp-content\/uploads\/2023\/09\/usina-nuclear-ajay-pal-singh-atwal-unsplash-3-300x191.jpg 300w, https:\/\/jornalfatosenoticias.com.br\/wp-content\/uploads\/2023\/09\/usina-nuclear-ajay-pal-singh-atwal-unsplash-3-768x490.jpg 768w\" sizes=\"auto, (max-width: 1000px) 100vw, 1000px\" \/><figcaption><em><span class=\"has-inline-color has-black-color\">(Foto: Ajay Pal Singh Atwal\/Unsplash)<\/span><\/em><\/figcaption><\/figure><\/div>\n\n\n\n<p>De acordo com alguns especialistas entrevistados pelo <a href=\"https:\/\/www.theguardian.com\/environment\/2023\/aug\/24\/japan-begins-releasing-fukushima-wastewater-into-pacific-ocean\" target=\"_blank\" rel=\"noreferrer noopener\">The Guardian<\/a>, centrais nucleares, incluindo chinesas, t\u00eam descarregado tr\u00edtio dilu\u00eddo no\u00a0<a href=\"https:\/\/ciclovivo.com.br\/planeta\/crise-climatica\/superficie-dos-oceanos-atinge-temperatura-recorde\/\" target=\"_blank\" rel=\"noreferrer noopener\">oceano<\/a> durante anos sem problemas, informou o <em>The Guardian.<\/em><\/p>\n\n\n\n<div class=\"wp-block-image\"><figure class=\"aligncenter size-large is-resized\"><img loading=\"lazy\" decoding=\"async\" src=\"https:\/\/jornalfatosenoticias.com.br\/wp-content\/uploads\/2022\/10\/Arte-jornal-Zucchi-600x600_Prancheta-1-1024x1024.jpg\" alt=\"\" class=\"wp-image-34782\" width=\"306\" height=\"306\" srcset=\"https:\/\/jornalfatosenoticias.com.br\/wp-content\/uploads\/2022\/10\/Arte-jornal-Zucchi-600x600_Prancheta-1-1024x1024.jpg 1024w, https:\/\/jornalfatosenoticias.com.br\/wp-content\/uploads\/2022\/10\/Arte-jornal-Zucchi-600x600_Prancheta-1-300x300.jpg 300w, https:\/\/jornalfatosenoticias.com.br\/wp-content\/uploads\/2022\/10\/Arte-jornal-Zucchi-600x600_Prancheta-1-150x150.jpg 150w, https:\/\/jornalfatosenoticias.com.br\/wp-content\/uploads\/2022\/10\/Arte-jornal-Zucchi-600x600_Prancheta-1-768x768.jpg 768w, https:\/\/jornalfatosenoticias.com.br\/wp-content\/uploads\/2022\/10\/Arte-jornal-Zucchi-600x600_Prancheta-1.jpg 1250w\" sizes=\"auto, (max-width: 306px) 100vw, 306px\" \/><\/figure><\/div>\n\n\n\n<blockquote class=\"wp-block-quote is-layout-flow wp-block-quote-is-layout-flow\"><p><span class=\"has-inline-color has-luminous-vivid-orange-color\">As usinas nucleares em todo o mundo t\u00eam descarregado rotineiramente \u00e1gua contendo tr\u00edtio h\u00e1 mais de 60 anos sem causar danos \u00e0s pessoas ou ao meio ambiente, a maioria em n\u00edveis mais elevados do que o planejado para Fukushima\u201d, disse Tony Irwin, professor associado honor\u00e1rio da Universidade Nacional Australiana.<\/span><\/p><\/blockquote>\n\n\n\n<div class=\"wp-block-image\"><figure class=\"aligncenter size-large is-resized\"><img loading=\"lazy\" decoding=\"async\" src=\"https:\/\/jornalfatosenoticias.com.br\/wp-content\/uploads\/2023\/03\/logo-Panper_portal.jpg\" alt=\"\" class=\"wp-image-40208\" width=\"338\" height=\"234\" srcset=\"https:\/\/jornalfatosenoticias.com.br\/wp-content\/uploads\/2023\/03\/logo-Panper_portal.jpg 400w, https:\/\/jornalfatosenoticias.com.br\/wp-content\/uploads\/2023\/03\/logo-Panper_portal-300x208.jpg 300w\" sizes=\"auto, (max-width: 338px) 100vw, 338px\" \/><\/figure><\/div>\n\n\n\n<p>Em entrevista para a ag\u00eancia de not\u00edcias Reuters Geraldine Thomas, ex-professora de patologia molecular do London Imperial College, garantiu que \u201cn\u00e3o haver\u00e1 quaisquer efeitos para a sa\u00fade\u2026 N\u00e3o h\u00e1 qualquer raz\u00e3o cient\u00edfica para proibir a importa\u00e7\u00e3o de alimentos japoneses\u201d.<\/p>\n\n\n\n<p><strong><em>Fonte: <a href=\"https:\/\/ciclovivo.com.br\/planeta\/meio-ambiente\/japao-despeja-aguas-residuais-da-usina-de-fukushima-no-mar\/\">CicloVivo<\/a><\/em><\/strong><\/p>\n","protected":false},"excerpt":{"rendered":"<p>Apesar de declara\u00e7\u00f5es sobre a seguran\u00e7a da a\u00e7\u00e3o, China proibiu importa\u00e7\u00f5es de frutos do mar e peixes do Jap\u00e3o Por Natasha Olsen\u00a0 Em julho de 2023, a Ag\u00eancia Internacional de Energia At\u00f4mica das Na\u00e7\u00f5es Unidas aprovou que o Jap\u00e3o descarregasse \u00e1gua tratada contendo tr\u00edtio radioativo da usina nuclear desativada de Fukushima Daiichi no Oceano Pac\u00edfico. [&hellip;]<\/p>\n","protected":false},"author":2,"featured_media":44796,"comment_status":"open","ping_status":"open","sticky":false,"template":"","format":"standard","meta":{"footnotes":""},"categories":[41],"tags":[21108,7120,21106,233,222,21107,492],"class_list":["post-44793","post","type-post","status-publish","format-standard","has-post-thumbnail","hentry","category-internacional","tag-aguas-residuais-da-usina-de-fukushima","tag-frutos-do-mar","tag-fukushima","tag-japao","tag-peixes","tag-produtos-radioativos","tag-usina-nuclear"],"yoast_head":"<!-- This site is optimized with the Yoast SEO plugin v26.5 - https:\/\/yoast.com\/wordpress\/plugins\/seo\/ -->\n<title>Jap\u00e3o despeja \u00e1guas residuais da usina de Fukushima no mar - Jornal Fatos e Not\u00edcias<\/title>\n<meta name=\"robots\" content=\"index, follow, max-snippet:-1, max-image-preview:large, max-video-preview:-1\" \/>\n<link rel=\"canonical\" href=\"https:\/\/jornalfatosenoticias.com.br\/index.php\/2023\/09\/01\/japao-despeja-aguas-residuais-da-usina-de-fukushima-no-mar\/\" \/>\n<meta property=\"og:locale\" content=\"pt_BR\" \/>\n<meta property=\"og:type\" content=\"article\" \/>\n<meta property=\"og:title\" content=\"Jap\u00e3o despeja \u00e1guas residuais da usina de Fukushima no mar - Jornal Fatos e Not\u00edcias\" \/>\n<meta property=\"og:description\" content=\"Apesar de declara\u00e7\u00f5es sobre a seguran\u00e7a da a\u00e7\u00e3o, China proibiu importa\u00e7\u00f5es de frutos do mar e peixes do Jap\u00e3o Por Natasha Olsen\u00a0 Em julho de 2023, a Ag\u00eancia Internacional de Energia At\u00f4mica das Na\u00e7\u00f5es Unidas aprovou que o Jap\u00e3o descarregasse \u00e1gua tratada contendo tr\u00edtio radioativo da usina nuclear desativada de Fukushima Daiichi no Oceano Pac\u00edfico. [&hellip;]\" \/>\n<meta property=\"og:url\" content=\"https:\/\/jornalfatosenoticias.com.br\/index.php\/2023\/09\/01\/japao-despeja-aguas-residuais-da-usina-de-fukushima-no-mar\/\" \/>\n<meta property=\"og:site_name\" content=\"Jornal Fatos e Not\u00edcias\" \/>\n<meta property=\"article:published_time\" content=\"2023-09-01T16:45:33+00:00\" \/>\n<meta property=\"article:modified_time\" content=\"2023-09-01T16:45:34+00:00\" \/>\n<meta property=\"og:image\" content=\"https:\/\/jornalfatosenoticias.com.br\/wp-content\/uploads\/2023\/09\/usina-fukushima-flickr-tokyo-electric-power-co.jpg\" \/>\n\t<meta property=\"og:image:width\" content=\"1000\" \/>\n\t<meta property=\"og:image:height\" content=\"650\" \/>\n\t<meta property=\"og:image:type\" content=\"image\/jpeg\" \/>\n<meta name=\"author\" content=\"Luzimara Fernandes\" \/>\n<meta name=\"twitter:card\" content=\"summary_large_image\" \/>\n<meta name=\"twitter:label1\" content=\"Escrito por\" \/>\n\t<meta name=\"twitter:data1\" content=\"Luzimara Fernandes\" \/>\n\t<meta name=\"twitter:label2\" content=\"Est. tempo de leitura\" \/>\n\t<meta name=\"twitter:data2\" content=\"3 minutos\" \/>\n<script type=\"application\/ld+json\" class=\"yoast-schema-graph\">{\"@context\":\"https:\/\/schema.org\",\"@graph\":[{\"@type\":\"Article\",\"@id\":\"https:\/\/jornalfatosenoticias.com.br\/index.php\/2023\/09\/01\/japao-despeja-aguas-residuais-da-usina-de-fukushima-no-mar\/#article\",\"isPartOf\":{\"@id\":\"https:\/\/jornalfatosenoticias.com.br\/index.php\/2023\/09\/01\/japao-despeja-aguas-residuais-da-usina-de-fukushima-no-mar\/\"},\"author\":{\"name\":\"Luzimara Fernandes\",\"@id\":\"https:\/\/jornalfatosenoticias.com.br\/#\/schema\/person\/d63837fa13ac8666eb9e74e0985d6f81\"},\"headline\":\"Jap\u00e3o despeja \u00e1guas residuais da usina de Fukushima no mar\",\"datePublished\":\"2023-09-01T16:45:33+00:00\",\"dateModified\":\"2023-09-01T16:45:34+00:00\",\"mainEntityOfPage\":{\"@id\":\"https:\/\/jornalfatosenoticias.com.br\/index.php\/2023\/09\/01\/japao-despeja-aguas-residuais-da-usina-de-fukushima-no-mar\/\"},\"wordCount\":698,\"commentCount\":0,\"publisher\":{\"@id\":\"https:\/\/jornalfatosenoticias.com.br\/#organization\"},\"image\":{\"@id\":\"https:\/\/jornalfatosenoticias.com.br\/index.php\/2023\/09\/01\/japao-despeja-aguas-residuais-da-usina-de-fukushima-no-mar\/#primaryimage\"},\"thumbnailUrl\":\"https:\/\/jornalfatosenoticias.com.br\/wp-content\/uploads\/2023\/09\/usina-fukushima-flickr-tokyo-electric-power-co.jpg\",\"keywords\":[\"\u00e1guas residuais da usina de Fukushima\",\"frutos do mar\",\"Fukushima\",\"jap\u00e3o\",\"peixes\",\"produtos radioativos\",\"usina nuclear\"],\"articleSection\":[\"Internacional\"],\"inLanguage\":\"pt-BR\",\"potentialAction\":[{\"@type\":\"CommentAction\",\"name\":\"Comment\",\"target\":[\"https:\/\/jornalfatosenoticias.com.br\/index.php\/2023\/09\/01\/japao-despeja-aguas-residuais-da-usina-de-fukushima-no-mar\/#respond\"]}]},{\"@type\":\"WebPage\",\"@id\":\"https:\/\/jornalfatosenoticias.com.br\/index.php\/2023\/09\/01\/japao-despeja-aguas-residuais-da-usina-de-fukushima-no-mar\/\",\"url\":\"https:\/\/jornalfatosenoticias.com.br\/index.php\/2023\/09\/01\/japao-despeja-aguas-residuais-da-usina-de-fukushima-no-mar\/\",\"name\":\"Jap\u00e3o despeja \u00e1guas residuais da usina de Fukushima no mar - Jornal Fatos e Not\u00edcias\",\"isPartOf\":{\"@id\":\"https:\/\/jornalfatosenoticias.com.br\/#website\"},\"primaryImageOfPage\":{\"@id\":\"https:\/\/jornalfatosenoticias.com.br\/index.php\/2023\/09\/01\/japao-despeja-aguas-residuais-da-usina-de-fukushima-no-mar\/#primaryimage\"},\"image\":{\"@id\":\"https:\/\/jornalfatosenoticias.com.br\/index.php\/2023\/09\/01\/japao-despeja-aguas-residuais-da-usina-de-fukushima-no-mar\/#primaryimage\"},\"thumbnailUrl\":\"https:\/\/jornalfatosenoticias.com.br\/wp-content\/uploads\/2023\/09\/usina-fukushima-flickr-tokyo-electric-power-co.jpg\",\"datePublished\":\"2023-09-01T16:45:33+00:00\",\"dateModified\":\"2023-09-01T16:45:34+00:00\",\"breadcrumb\":{\"@id\":\"https:\/\/jornalfatosenoticias.com.br\/index.php\/2023\/09\/01\/japao-despeja-aguas-residuais-da-usina-de-fukushima-no-mar\/#breadcrumb\"},\"inLanguage\":\"pt-BR\",\"potentialAction\":[{\"@type\":\"ReadAction\",\"target\":[\"https:\/\/jornalfatosenoticias.com.br\/index.php\/2023\/09\/01\/japao-despeja-aguas-residuais-da-usina-de-fukushima-no-mar\/\"]}]},{\"@type\":\"ImageObject\",\"inLanguage\":\"pt-BR\",\"@id\":\"https:\/\/jornalfatosenoticias.com.br\/index.php\/2023\/09\/01\/japao-despeja-aguas-residuais-da-usina-de-fukushima-no-mar\/#primaryimage\",\"url\":\"https:\/\/jornalfatosenoticias.com.br\/wp-content\/uploads\/2023\/09\/usina-fukushima-flickr-tokyo-electric-power-co.jpg\",\"contentUrl\":\"https:\/\/jornalfatosenoticias.com.br\/wp-content\/uploads\/2023\/09\/usina-fukushima-flickr-tokyo-electric-power-co.jpg\",\"width\":1000,\"height\":650},{\"@type\":\"BreadcrumbList\",\"@id\":\"https:\/\/jornalfatosenoticias.com.br\/index.php\/2023\/09\/01\/japao-despeja-aguas-residuais-da-usina-de-fukushima-no-mar\/#breadcrumb\",\"itemListElement\":[{\"@type\":\"ListItem\",\"position\":1,\"name\":\"In\u00edcio\",\"item\":\"https:\/\/jornalfatosenoticias.com.br\/\"},{\"@type\":\"ListItem\",\"position\":2,\"name\":\"Jap\u00e3o despeja \u00e1guas residuais da usina de Fukushima no mar\"}]},{\"@type\":\"WebSite\",\"@id\":\"https:\/\/jornalfatosenoticias.com.br\/#website\",\"url\":\"https:\/\/jornalfatosenoticias.com.br\/\",\"name\":\"Jornal Fatos e Not\u00edcias\",\"description\":\"Not\u00edcias em geral\",\"publisher\":{\"@id\":\"https:\/\/jornalfatosenoticias.com.br\/#organization\"},\"potentialAction\":[{\"@type\":\"SearchAction\",\"target\":{\"@type\":\"EntryPoint\",\"urlTemplate\":\"https:\/\/jornalfatosenoticias.com.br\/?s={search_term_string}\"},\"query-input\":{\"@type\":\"PropertyValueSpecification\",\"valueRequired\":true,\"valueName\":\"search_term_string\"}}],\"inLanguage\":\"pt-BR\"},{\"@type\":\"Organization\",\"@id\":\"https:\/\/jornalfatosenoticias.com.br\/#organization\",\"name\":\"Jornal Fatos e Not\u00edcias\",\"url\":\"https:\/\/jornalfatosenoticias.com.br\/\",\"logo\":{\"@type\":\"ImageObject\",\"inLanguage\":\"pt-BR\",\"@id\":\"https:\/\/jornalfatosenoticias.com.br\/#\/schema\/logo\/image\/\",\"url\":\"https:\/\/jornalfatosenoticias.com.br\/wp-content\/uploads\/2020\/02\/logo120.png\",\"contentUrl\":\"https:\/\/jornalfatosenoticias.com.br\/wp-content\/uploads\/2020\/02\/logo120.png\",\"width\":1227,\"height\":120,\"caption\":\"Jornal Fatos e Not\u00edcias\"},\"image\":{\"@id\":\"https:\/\/jornalfatosenoticias.com.br\/#\/schema\/logo\/image\/\"}},{\"@type\":\"Person\",\"@id\":\"https:\/\/jornalfatosenoticias.com.br\/#\/schema\/person\/d63837fa13ac8666eb9e74e0985d6f81\",\"name\":\"Luzimara Fernandes\",\"image\":{\"@type\":\"ImageObject\",\"inLanguage\":\"pt-BR\",\"@id\":\"https:\/\/jornalfatosenoticias.com.br\/#\/schema\/person\/image\/\",\"url\":\"https:\/\/jornalfatosenoticias.com.br\/wp-content\/uploads\/2025\/05\/EU_portal.jpg\",\"contentUrl\":\"https:\/\/jornalfatosenoticias.com.br\/wp-content\/uploads\/2025\/05\/EU_portal.jpg\",\"caption\":\"Luzimara Fernandes\"},\"description\":\"Jornalista MTB 2358-ES\",\"sameAs\":[\"https:\/\/jornalfatosenoticias.com.br\"],\"url\":\"https:\/\/jornalfatosenoticias.com.br\/index.php\/author\/luzimara\/\"}]}<\/script>\n<!-- \/ Yoast SEO plugin. -->","yoast_head_json":{"title":"Jap\u00e3o despeja \u00e1guas residuais da usina de Fukushima no mar - Jornal Fatos e Not\u00edcias","robots":{"index":"index","follow":"follow","max-snippet":"max-snippet:-1","max-image-preview":"max-image-preview:large","max-video-preview":"max-video-preview:-1"},"canonical":"https:\/\/jornalfatosenoticias.com.br\/index.php\/2023\/09\/01\/japao-despeja-aguas-residuais-da-usina-de-fukushima-no-mar\/","og_locale":"pt_BR","og_type":"article","og_title":"Jap\u00e3o despeja \u00e1guas residuais da usina de Fukushima no mar - Jornal Fatos e Not\u00edcias","og_description":"Apesar de declara\u00e7\u00f5es sobre a seguran\u00e7a da a\u00e7\u00e3o, China proibiu importa\u00e7\u00f5es de frutos do mar e peixes do Jap\u00e3o Por Natasha Olsen\u00a0 Em julho de 2023, a Ag\u00eancia Internacional de Energia At\u00f4mica das Na\u00e7\u00f5es Unidas aprovou que o Jap\u00e3o descarregasse \u00e1gua tratada contendo tr\u00edtio radioativo da usina nuclear desativada de Fukushima Daiichi no Oceano Pac\u00edfico. [&hellip;]","og_url":"https:\/\/jornalfatosenoticias.com.br\/index.php\/2023\/09\/01\/japao-despeja-aguas-residuais-da-usina-de-fukushima-no-mar\/","og_site_name":"Jornal Fatos e Not\u00edcias","article_published_time":"2023-09-01T16:45:33+00:00","article_modified_time":"2023-09-01T16:45:34+00:00","og_image":[{"width":1000,"height":650,"url":"https:\/\/jornalfatosenoticias.com.br\/wp-content\/uploads\/2023\/09\/usina-fukushima-flickr-tokyo-electric-power-co.jpg","type":"image\/jpeg"}],"author":"Luzimara Fernandes","twitter_card":"summary_large_image","twitter_misc":{"Escrito por":"Luzimara Fernandes","Est. tempo de leitura":"3 minutos"},"schema":{"@context":"https:\/\/schema.org","@graph":[{"@type":"Article","@id":"https:\/\/jornalfatosenoticias.com.br\/index.php\/2023\/09\/01\/japao-despeja-aguas-residuais-da-usina-de-fukushima-no-mar\/#article","isPartOf":{"@id":"https:\/\/jornalfatosenoticias.com.br\/index.php\/2023\/09\/01\/japao-despeja-aguas-residuais-da-usina-de-fukushima-no-mar\/"},"author":{"name":"Luzimara Fernandes","@id":"https:\/\/jornalfatosenoticias.com.br\/#\/schema\/person\/d63837fa13ac8666eb9e74e0985d6f81"},"headline":"Jap\u00e3o despeja \u00e1guas residuais da usina de Fukushima no mar","datePublished":"2023-09-01T16:45:33+00:00","dateModified":"2023-09-01T16:45:34+00:00","mainEntityOfPage":{"@id":"https:\/\/jornalfatosenoticias.com.br\/index.php\/2023\/09\/01\/japao-despeja-aguas-residuais-da-usina-de-fukushima-no-mar\/"},"wordCount":698,"commentCount":0,"publisher":{"@id":"https:\/\/jornalfatosenoticias.com.br\/#organization"},"image":{"@id":"https:\/\/jornalfatosenoticias.com.br\/index.php\/2023\/09\/01\/japao-despeja-aguas-residuais-da-usina-de-fukushima-no-mar\/#primaryimage"},"thumbnailUrl":"https:\/\/jornalfatosenoticias.com.br\/wp-content\/uploads\/2023\/09\/usina-fukushima-flickr-tokyo-electric-power-co.jpg","keywords":["\u00e1guas residuais da usina de Fukushima","frutos do mar","Fukushima","jap\u00e3o","peixes","produtos radioativos","usina nuclear"],"articleSection":["Internacional"],"inLanguage":"pt-BR","potentialAction":[{"@type":"CommentAction","name":"Comment","target":["https:\/\/jornalfatosenoticias.com.br\/index.php\/2023\/09\/01\/japao-despeja-aguas-residuais-da-usina-de-fukushima-no-mar\/#respond"]}]},{"@type":"WebPage","@id":"https:\/\/jornalfatosenoticias.com.br\/index.php\/2023\/09\/01\/japao-despeja-aguas-residuais-da-usina-de-fukushima-no-mar\/","url":"https:\/\/jornalfatosenoticias.com.br\/index.php\/2023\/09\/01\/japao-despeja-aguas-residuais-da-usina-de-fukushima-no-mar\/","name":"Jap\u00e3o despeja \u00e1guas residuais da usina de Fukushima no mar - Jornal Fatos e Not\u00edcias","isPartOf":{"@id":"https:\/\/jornalfatosenoticias.com.br\/#website"},"primaryImageOfPage":{"@id":"https:\/\/jornalfatosenoticias.com.br\/index.php\/2023\/09\/01\/japao-despeja-aguas-residuais-da-usina-de-fukushima-no-mar\/#primaryimage"},"image":{"@id":"https:\/\/jornalfatosenoticias.com.br\/index.php\/2023\/09\/01\/japao-despeja-aguas-residuais-da-usina-de-fukushima-no-mar\/#primaryimage"},"thumbnailUrl":"https:\/\/jornalfatosenoticias.com.br\/wp-content\/uploads\/2023\/09\/usina-fukushima-flickr-tokyo-electric-power-co.jpg","datePublished":"2023-09-01T16:45:33+00:00","dateModified":"2023-09-01T16:45:34+00:00","breadcrumb":{"@id":"https:\/\/jornalfatosenoticias.com.br\/index.php\/2023\/09\/01\/japao-despeja-aguas-residuais-da-usina-de-fukushima-no-mar\/#breadcrumb"},"inLanguage":"pt-BR","potentialAction":[{"@type":"ReadAction","target":["https:\/\/jornalfatosenoticias.com.br\/index.php\/2023\/09\/01\/japao-despeja-aguas-residuais-da-usina-de-fukushima-no-mar\/"]}]},{"@type":"ImageObject","inLanguage":"pt-BR","@id":"https:\/\/jornalfatosenoticias.com.br\/index.php\/2023\/09\/01\/japao-despeja-aguas-residuais-da-usina-de-fukushima-no-mar\/#primaryimage","url":"https:\/\/jornalfatosenoticias.com.br\/wp-content\/uploads\/2023\/09\/usina-fukushima-flickr-tokyo-electric-power-co.jpg","contentUrl":"https:\/\/jornalfatosenoticias.com.br\/wp-content\/uploads\/2023\/09\/usina-fukushima-flickr-tokyo-electric-power-co.jpg","width":1000,"height":650},{"@type":"BreadcrumbList","@id":"https:\/\/jornalfatosenoticias.com.br\/index.php\/2023\/09\/01\/japao-despeja-aguas-residuais-da-usina-de-fukushima-no-mar\/#breadcrumb","itemListElement":[{"@type":"ListItem","position":1,"name":"In\u00edcio","item":"https:\/\/jornalfatosenoticias.com.br\/"},{"@type":"ListItem","position":2,"name":"Jap\u00e3o despeja \u00e1guas residuais da usina de Fukushima no mar"}]},{"@type":"WebSite","@id":"https:\/\/jornalfatosenoticias.com.br\/#website","url":"https:\/\/jornalfatosenoticias.com.br\/","name":"Jornal Fatos e Not\u00edcias","description":"Not\u00edcias em geral","publisher":{"@id":"https:\/\/jornalfatosenoticias.com.br\/#organization"},"potentialAction":[{"@type":"SearchAction","target":{"@type":"EntryPoint","urlTemplate":"https:\/\/jornalfatosenoticias.com.br\/?s={search_term_string}"},"query-input":{"@type":"PropertyValueSpecification","valueRequired":true,"valueName":"search_term_string"}}],"inLanguage":"pt-BR"},{"@type":"Organization","@id":"https:\/\/jornalfatosenoticias.com.br\/#organization","name":"Jornal Fatos e Not\u00edcias","url":"https:\/\/jornalfatosenoticias.com.br\/","logo":{"@type":"ImageObject","inLanguage":"pt-BR","@id":"https:\/\/jornalfatosenoticias.com.br\/#\/schema\/logo\/image\/","url":"https:\/\/jornalfatosenoticias.com.br\/wp-content\/uploads\/2020\/02\/logo120.png","contentUrl":"https:\/\/jornalfatosenoticias.com.br\/wp-content\/uploads\/2020\/02\/logo120.png","width":1227,"height":120,"caption":"Jornal Fatos e Not\u00edcias"},"image":{"@id":"https:\/\/jornalfatosenoticias.com.br\/#\/schema\/logo\/image\/"}},{"@type":"Person","@id":"https:\/\/jornalfatosenoticias.com.br\/#\/schema\/person\/d63837fa13ac8666eb9e74e0985d6f81","name":"Luzimara Fernandes","image":{"@type":"ImageObject","inLanguage":"pt-BR","@id":"https:\/\/jornalfatosenoticias.com.br\/#\/schema\/person\/image\/","url":"https:\/\/jornalfatosenoticias.com.br\/wp-content\/uploads\/2025\/05\/EU_portal.jpg","contentUrl":"https:\/\/jornalfatosenoticias.com.br\/wp-content\/uploads\/2025\/05\/EU_portal.jpg","caption":"Luzimara Fernandes"},"description":"Jornalista MTB 2358-ES","sameAs":["https:\/\/jornalfatosenoticias.com.br"],"url":"https:\/\/jornalfatosenoticias.com.br\/index.php\/author\/luzimara\/"}]}},"cc_featured_image_caption":{"caption_text":"(Foto: Flickr\/TEPCO)","source_text":"","source_url":""},"jetpack_featured_media_url":"https:\/\/jornalfatosenoticias.com.br\/wp-content\/uploads\/2023\/09\/usina-fukushima-flickr-tokyo-electric-power-co.jpg","_links":{"self":[{"href":"https:\/\/jornalfatosenoticias.com.br\/index.php\/wp-json\/wp\/v2\/posts\/44793","targetHints":{"allow":["GET"]}}],"collection":[{"href":"https:\/\/jornalfatosenoticias.com.br\/index.php\/wp-json\/wp\/v2\/posts"}],"about":[{"href":"https:\/\/jornalfatosenoticias.com.br\/index.php\/wp-json\/wp\/v2\/types\/post"}],"author":[{"embeddable":true,"href":"https:\/\/jornalfatosenoticias.com.br\/index.php\/wp-json\/wp\/v2\/users\/2"}],"replies":[{"embeddable":true,"href":"https:\/\/jornalfatosenoticias.com.br\/index.php\/wp-json\/wp\/v2\/comments?post=44793"}],"version-history":[{"count":0,"href":"https:\/\/jornalfatosenoticias.com.br\/index.php\/wp-json\/wp\/v2\/posts\/44793\/revisions"}],"wp:featuredmedia":[{"embeddable":true,"href":"https:\/\/jornalfatosenoticias.com.br\/index.php\/wp-json\/wp\/v2\/media\/44796"}],"wp:attachment":[{"href":"https:\/\/jornalfatosenoticias.com.br\/index.php\/wp-json\/wp\/v2\/media?parent=44793"}],"wp:term":[{"taxonomy":"category","embeddable":true,"href":"https:\/\/jornalfatosenoticias.com.br\/index.php\/wp-json\/wp\/v2\/categories?post=44793"},{"taxonomy":"post_tag","embeddable":true,"href":"https:\/\/jornalfatosenoticias.com.br\/index.php\/wp-json\/wp\/v2\/tags?post=44793"}],"curies":[{"name":"wp","href":"https:\/\/api.w.org\/{rel}","templated":true}]}}