{"id":44814,"date":"2023-09-01T14:59:33","date_gmt":"2023-09-01T17:59:33","guid":{"rendered":"https:\/\/jornalfatosenoticias.com.br\/?p=44814"},"modified":"2023-09-01T14:59:37","modified_gmt":"2023-09-01T17:59:37","slug":"ministro-de-lula-abre-rombo-no-seguro-rural-para-favorecer-redutos-eleitorais","status":"publish","type":"post","link":"https:\/\/jornalfatosenoticias.com.br\/index.php\/2023\/09\/01\/ministro-de-lula-abre-rombo-no-seguro-rural-para-favorecer-redutos-eleitorais\/","title":{"rendered":"Ministro de Lula abre rombo no Seguro Rural para favorecer redutos eleitorais"},"content":{"rendered":"\n<p><em><span class=\"has-inline-color has-black-color\">O ministro Carlos F\u00e1varo e Lula: titular da Agricultura tirou dinheiro do Seguro Rural para favorecer redutos eleitorais em Mato Grosso<\/span><\/em><\/p>\n\n\n\n<p><em><span class=\"has-inline-color has-black-color\">Por <strong><a href=\"https:\/\/www.gazetadopovo.com.br\/autor\/marcos-tosi\/\">Marcos Tosi<\/a><\/strong><\/span><\/em><\/p>\n\n\n\n<div class=\"wp-block-image\"><figure class=\"aligncenter size-large\"><img loading=\"lazy\" decoding=\"async\" width=\"1024\" height=\"110\" src=\"https:\/\/jornalfatosenoticias.com.br\/wp-content\/uploads\/2022\/10\/Arte-jornal-Zucchi-1120x120_Prancheta-1-1024x110.jpg\" alt=\"\" class=\"wp-image-34772\" srcset=\"https:\/\/jornalfatosenoticias.com.br\/wp-content\/uploads\/2022\/10\/Arte-jornal-Zucchi-1120x120_Prancheta-1-1024x110.jpg 1024w, https:\/\/jornalfatosenoticias.com.br\/wp-content\/uploads\/2022\/10\/Arte-jornal-Zucchi-1120x120_Prancheta-1-300x32.jpg 300w, https:\/\/jornalfatosenoticias.com.br\/wp-content\/uploads\/2022\/10\/Arte-jornal-Zucchi-1120x120_Prancheta-1-768x82.jpg 768w, https:\/\/jornalfatosenoticias.com.br\/wp-content\/uploads\/2022\/10\/Arte-jornal-Zucchi-1120x120_Prancheta-1-1536x165.jpg 1536w, https:\/\/jornalfatosenoticias.com.br\/wp-content\/uploads\/2022\/10\/Arte-jornal-Zucchi-1120x120_Prancheta-1-2048x219.jpg 2048w\" sizes=\"auto, (max-width: 1024px) 100vw, 1024px\" \/><\/figure><\/div>\n\n\n\n<p>O ministro da Agricultura, Carlos F\u00e1varo, manobrou o Or\u00e7amento da Uni\u00e3o e redirecionou dinheiro que estava carimbado para o Seguro Rural para cobrir emendas parlamentares destinadas a munic\u00edpios do Mato Grosso, sua base eleitoral. O cancelamento de R$ 45,2 milh\u00f5es do Seguro Rural e a transfer\u00eancia de mesmo valor para a rubrica 20ZV (de Fomento ao Setor Agropecu\u00e1rio, pass\u00edvel de emendas parlamentares) foi feito pelo Minist\u00e9rio do Planejamento, a pedido da pasta de F\u00e1varo, por meio da Mensagem Modificativa N\u00ba425\/2023, enviada ao Congresso Nacional e assinada pela ministra Simone Tebet.<br>A manobra do ministro da Agricultura n\u00e3o \u00e9 ilegal \u00e0 primeira vista, visto que foi encaminhada para aprecia\u00e7\u00e3o do Parlamento junto com outros ajustes or\u00e7ament\u00e1rios. O fato, contudo, contribui para aumentar o fogo da fritura de F\u00e1varo, que ainda pode vir a ser responsabilizado por quebra dos princ\u00edpios da impessoalidade e moralidade na gest\u00e3o dos recursos p\u00fablicos.<\/p>\n\n\n\n<div class=\"wp-block-image\"><figure class=\"aligncenter size-large\"><img loading=\"lazy\" decoding=\"async\" width=\"300\" height=\"250\" src=\"https:\/\/jornalfatosenoticias.com.br\/wp-content\/uploads\/2022\/02\/FERRARI_MAQUINAS-E-FERRAMENTAS2.jpg\" alt=\"\" class=\"wp-image-27860\"\/><\/figure><\/div>\n\n\n\n<p>F\u00e1varo vem sofrendo desgastes desde o in\u00edcio do m\u00eas, quando veio \u00e0 tona que destinou quase metade dos recursos do extinto or\u00e7amento secreto para cidades de seu reduto eleitoral, em Mato Grosso. Declaradas inconstitucionais pelo STF em dezembro de 2022, as emendas do relator do Or\u00e7amento, conhecidas como RP9, deram lugar neste ano \u00e0 rubrica RP2, usada na destina\u00e7\u00e3o das verbas dos minist\u00e9rios.<\/p>\n\n\n\n<div class=\"wp-block-image\"><figure class=\"aligncenter size-large is-resized\"><img loading=\"lazy\" decoding=\"async\" src=\"https:\/\/jornalfatosenoticias.com.br\/wp-content\/uploads\/2023\/07\/lacremoda.jpg\" alt=\"\" class=\"wp-image-43706\" width=\"395\" height=\"221\" srcset=\"https:\/\/jornalfatosenoticias.com.br\/wp-content\/uploads\/2023\/07\/lacremoda.jpg 1024w, https:\/\/jornalfatosenoticias.com.br\/wp-content\/uploads\/2023\/07\/lacremoda-300x168.jpg 300w, https:\/\/jornalfatosenoticias.com.br\/wp-content\/uploads\/2023\/07\/lacremoda-768x431.jpg 768w\" sizes=\"auto, (max-width: 395px) 100vw, 395px\" \/><\/figure><\/div>\n\n\n\n<p>Entre junho e julho, conforme inicialmente revelado por &#8220;O Globo&#8221;, o Minist\u00e9rio da Agricultura empenhou R$ 135,7 milh\u00f5es para cidades mato-grossenses, o que corresponde a 48,5% dos R$ 279,5 milh\u00f5es j\u00e1 carimbados em 2023. O Rio Grande do Sul, outro estado com perfil agr\u00edcola, recebeu apenas R$ 4,2 milh\u00f5es, 3% do destinado a Mato Grosso, apesar de sofrer as consequ\u00eancias de tr\u00eas quebras de safras seguidas. Mato Grosso do Sul, enquanto isso, recebeu apenas R$ 473 mil, ou 0,3% do dinheiro enviado ao vizinho do norte.<\/p>\n\n\n\n<div class=\"wp-block-image\"><figure class=\"aligncenter size-large is-resized\"><img loading=\"lazy\" decoding=\"async\" src=\"https:\/\/jornalfatosenoticias.com.br\/wp-content\/uploads\/2023\/08\/Steel.jpeg\" alt=\"\" class=\"wp-image-44634\" width=\"334\" height=\"271\" srcset=\"https:\/\/jornalfatosenoticias.com.br\/wp-content\/uploads\/2023\/08\/Steel.jpeg 800w, https:\/\/jornalfatosenoticias.com.br\/wp-content\/uploads\/2023\/08\/Steel-300x244.jpeg 300w, https:\/\/jornalfatosenoticias.com.br\/wp-content\/uploads\/2023\/08\/Steel-768x624.jpeg 768w\" sizes=\"auto, (max-width: 334px) 100vw, 334px\" \/><\/figure><\/div>\n\n\n\n<p><strong><span class=\"has-inline-color has-vivid-red-color\">F\u00e1varo e Lira em rota de colis\u00e3o<br><\/span><\/strong>As disparidades e o favorecimento aos redutos eleitorais colocaram F\u00e1varo na linha de tiro da Frente Parlamentar da Agropecu\u00e1ria e do pr\u00f3prio presidente da C\u00e2mara, deputado Arthur Lira (PP-AL). Ele j\u00e1 havia criticado o ministro pela distribui\u00e7\u00e3o dos recursos em entrevista ao programa Roda Viva.<\/p>\n\n\n\n<div class=\"wp-block-image\"><figure class=\"aligncenter size-large is-resized\"><img loading=\"lazy\" decoding=\"async\" src=\"https:\/\/jornalfatosenoticias.com.br\/wp-content\/uploads\/2023\/08\/BKR-1024x1021.jpg\" alt=\"\" class=\"wp-image-44494\" width=\"307\" height=\"306\" srcset=\"https:\/\/jornalfatosenoticias.com.br\/wp-content\/uploads\/2023\/08\/BKR-1024x1021.jpg 1024w, https:\/\/jornalfatosenoticias.com.br\/wp-content\/uploads\/2023\/08\/BKR-300x300.jpg 300w, https:\/\/jornalfatosenoticias.com.br\/wp-content\/uploads\/2023\/08\/BKR-150x150.jpg 150w, https:\/\/jornalfatosenoticias.com.br\/wp-content\/uploads\/2023\/08\/BKR-768x766.jpg 768w, https:\/\/jornalfatosenoticias.com.br\/wp-content\/uploads\/2023\/08\/BKR.jpg 1080w\" sizes=\"auto, (max-width: 307px) 100vw, 307px\" \/><\/figure><\/div>\n\n\n\n<blockquote class=\"wp-block-quote is-layout-flow wp-block-quote-is-layout-flow\"><p><span class=\"has-inline-color has-luminous-vivid-orange-color\">N\u00e3o acho justo que um ministro que n\u00e3o teve um voto, n\u00e3o fez concurso p\u00fablico para ser ministro, mande R$ 150 milh\u00f5es para sete munic\u00edpios do estado dele usando o mesmo or\u00e7amento que voc\u00eas chamavam de secreto ontem\u201d, disse.<\/span><\/p><\/blockquote>\n\n\n\n<p>Para o deputado <strong><span class=\"has-inline-color has-black-color\">Evair de Melo (PP-ES),<\/span><\/strong> que foi vice-l\u00edder do governo Bolsonaro, a \u201cpedalada\u201d \u00e9 um recibo de que F\u00e1varo est\u00e1 em apuros.<\/p>\n\n\n\n<div class=\"wp-block-image\"><figure class=\"aligncenter size-large is-resized\"><img loading=\"lazy\" decoding=\"async\" src=\"https:\/\/jornalfatosenoticias.com.br\/wp-content\/uploads\/2022\/10\/RC_800x750_page-0001.jpg\" alt=\"\" class=\"wp-image-35338\" width=\"325\" height=\"305\" srcset=\"https:\/\/jornalfatosenoticias.com.br\/wp-content\/uploads\/2022\/10\/RC_800x750_page-0001.jpg 400w, https:\/\/jornalfatosenoticias.com.br\/wp-content\/uploads\/2022\/10\/RC_800x750_page-0001-300x281.jpg 300w\" sizes=\"auto, (max-width: 325px) 100vw, 325px\" \/><\/figure><\/div>\n\n\n\n<blockquote class=\"wp-block-quote is-layout-flow wp-block-quote-is-layout-flow\"><p><span class=\"has-inline-color has-luminous-vivid-orange-color\">Descobriram que n\u00e3o tinha mais dinheiro, que ele tinha mandado tudo para o Mato Grosso. Da\u00ed ele come\u00e7ou a ser pressionado a cumprir os acordos, inclusive pelo presidente Lira. O que ele fez? Tirou dinheiro do Seguro Rural e transferiu para a rubrica RP2 (das emendas parlamentares) para poder pagar as contas dele. Fez esse remanejamento esperando que no pr\u00f3ximo projeto de lei consiga legalizar a opera\u00e7\u00e3o. Ele limpou o caixa do Seguro Rural para cobrir o rombo dele, para ver se acalma o Lira\u201d, afirma.<\/span><\/p><\/blockquote>\n\n\n\n<div class=\"wp-block-image\"><figure class=\"aligncenter size-large is-resized\"><img loading=\"lazy\" decoding=\"async\" src=\"https:\/\/jornalfatosenoticias.com.br\/wp-content\/uploads\/2023\/03\/nova-logo-Marquetti.jpg\" alt=\"\" class=\"wp-image-40207\" width=\"334\" height=\"224\" srcset=\"https:\/\/jornalfatosenoticias.com.br\/wp-content\/uploads\/2023\/03\/nova-logo-Marquetti.jpg 643w, https:\/\/jornalfatosenoticias.com.br\/wp-content\/uploads\/2023\/03\/nova-logo-Marquetti-300x202.jpg 300w\" sizes=\"auto, (max-width: 334px) 100vw, 334px\" \/><\/figure><\/div>\n\n\n\n<p>Deputados da oposi\u00e7\u00e3o decidiram convocar o ministro F\u00e1varo a dar explica\u00e7\u00f5es \u00e0 Comiss\u00e3o de Agricultura e \u00e0 Comiss\u00e3o de Fiscaliza\u00e7\u00e3o Financeira e Controle (CFFC). Ao tirar dinheiro do Seguro Rural, mesmo que de forma supostamente tempor\u00e1ria, o ministro mexe com um dos pontos mais sens\u00edveis das reivindica\u00e7\u00f5es do setor agropecu\u00e1rio.<\/p>\n\n\n\n<div class=\"wp-block-image\"><figure class=\"aligncenter size-large is-resized\"><img loading=\"lazy\" decoding=\"async\" src=\"https:\/\/jornalfatosenoticias.com.br\/wp-content\/uploads\/2023\/08\/VSM-Group.jpeg\" alt=\"\" class=\"wp-image-44364\" width=\"322\" height=\"322\"\/><\/figure><\/div>\n\n\n\n<p><strong><span class=\"has-inline-color has-vivid-red-color\">Subven\u00e7\u00e3o ao Seguro Rural \u00e9 &#8220;menina dos olhos&#8221; do agro<br><\/span><\/strong>A subven\u00e7\u00e3o ao Seguro Rural, que triplicou no governo Bolsonaro, \u00e9 vista como uma ferramenta eficaz para aumentar a contrata\u00e7\u00e3o de ap\u00f3lices e ampliar as \u00e1reas agr\u00edcolas seguradas, criando um colch\u00e3o para atenuar os desastres clim\u00e1ticos. Como resultado dessa pol\u00edtica, as indeniza\u00e7\u00f5es por ap\u00f3lices privadas saltaram de R$ 2,5 bilh\u00f5es em 2020 para R$ 9,8 bilh\u00f5es em 2022.<br>Ou seja, em vez de o governo gastar centenas de milh\u00f5es de reais em socorro direto aos agricultores, ele patrocina um \u201cdesconto\u201d na ap\u00f3lice, atraindo milhares de produtores que antes ficavam descobertos devido aos elevados custos de contrata\u00e7\u00e3o.<\/p>\n\n\n\n<div class=\"wp-block-image\"><figure class=\"aligncenter size-large is-resized\"><img loading=\"lazy\" decoding=\"async\" src=\"https:\/\/jornalfatosenoticias.com.br\/wp-content\/uploads\/2023\/03\/logo-Panper_portal.jpg\" alt=\"\" class=\"wp-image-40208\" width=\"360\" height=\"249\" srcset=\"https:\/\/jornalfatosenoticias.com.br\/wp-content\/uploads\/2023\/03\/logo-Panper_portal.jpg 400w, https:\/\/jornalfatosenoticias.com.br\/wp-content\/uploads\/2023\/03\/logo-Panper_portal-300x208.jpg 300w\" sizes=\"auto, (max-width: 360px) 100vw, 360px\" \/><\/figure><\/div>\n\n\n\n<p>A pedalada de F\u00e1varo, contudo, \u00e9 diferente da pedalada que levou ao impeachment de Dilma Rousseff. No caso da ex-presidente, o Tesouro Nacional atrasava propositalmente os repasses de verbas para bancos e autarquias, melhorando assim artificialmente as contas p\u00fablicas. J\u00e1 o ministro remanejou um recurso com destino previamente acertado para \u201ccobrir um buraco\u201d que ele mesmo abriu, ap\u00f3s favorecer prefeituras aliadas.<\/p>\n\n\n\n<div class=\"wp-block-image\"><figure class=\"aligncenter size-large\"><img loading=\"lazy\" decoding=\"async\" width=\"300\" height=\"300\" src=\"https:\/\/jornalfatosenoticias.com.br\/wp-content\/uploads\/2020\/02\/casa-do-torresmo_portal.jpg\" alt=\"\" class=\"wp-image-34472\" srcset=\"https:\/\/jornalfatosenoticias.com.br\/wp-content\/uploads\/2020\/02\/casa-do-torresmo_portal.jpg 300w, https:\/\/jornalfatosenoticias.com.br\/wp-content\/uploads\/2020\/02\/casa-do-torresmo_portal-150x150.jpg 150w\" sizes=\"auto, (max-width: 300px) 100vw, 300px\" \/><\/figure><\/div>\n\n\n\n<p><span class=\"has-inline-color has-vivid-red-color\"><strong>Ministro teria quebrado princ\u00edpios da administra\u00e7\u00e3o p\u00fablica<br><\/strong><\/span>O advogado Paulo Liporaci, especialista em Direito Administrativo, lembra que o poder discricion\u00e1rio do Executivo para remanejar verbas n\u00e3o \u00e9 absoluto.<\/p>\n\n\n\n<blockquote class=\"wp-block-quote is-layout-flow wp-block-quote-is-layout-flow\"><p><span class=\"has-inline-color has-luminous-vivid-orange-color\">Os limites para esse poder discricion\u00e1rio \u00e9 o que est\u00e1 expresso na lei, ou seja, a legalidade, e, n\u00e3o havendo na lei, devem observar a impessoalidade e a moralidade. Se existem ind\u00edcios de que ele privilegiou pessoas com quem tem rela\u00e7\u00e3o \u00edntima, se esse foi o crit\u00e9rio, houve sim a viola\u00e7\u00e3o dos princ\u00edpios de impessoalidade e imparcialidade. Da\u00ed cabe a instaura\u00e7\u00e3o de procedimento investigativo para responsabiliza\u00e7\u00e3o do ministro&#8221;, avalia.<\/span><\/p><\/blockquote>\n\n\n\n<div class=\"wp-block-image\"><figure class=\"aligncenter size-large\"><img loading=\"lazy\" decoding=\"async\" width=\"300\" height=\"250\" src=\"https:\/\/jornalfatosenoticias.com.br\/wp-content\/uploads\/2020\/02\/Banner-2.png\" alt=\"\" class=\"wp-image-43787\"\/><\/figure><\/div>\n\n\n\n<p>Para casos como o de F\u00e1varo, s\u00f3 uma investiga\u00e7\u00e3o mais minuciosa dos \u00f3rg\u00e3os controladores poder\u00e1 dizer se houve desvio ou irregularidade pass\u00edvel de responsabiliza\u00e7\u00e3o pessoal, na opini\u00e3o de Francisco Zardo, tamb\u00e9m especialista em Direito Administrativo e doutorando da Universidade de S\u00e3o Paulo.<\/p>\n\n\n\n<div class=\"wp-block-image\"><figure class=\"aligncenter size-large\"><img loading=\"lazy\" decoding=\"async\" width=\"300\" height=\"250\" src=\"https:\/\/jornalfatosenoticias.com.br\/wp-content\/uploads\/2022\/08\/arte-Casarao.jpg\" alt=\"\" class=\"wp-image-33178\"\/><\/figure><\/div>\n\n\n\n<blockquote class=\"wp-block-quote is-layout-flow wp-block-quote-is-layout-flow\"><p><span class=\"has-inline-color has-luminous-vivid-orange-color\">Mas independentemente de ser ministro ou parlamentar, todos os que de alguma maneira t\u00eam influencia na destina\u00e7\u00e3o dos recursos p\u00fablicos devem observar o princ\u00edpio da impessoalidade. N\u00e3o se pode favorecer determinados munic\u00edpios em detrimento de outros, deve haver par\u00e2metros\u201d, observa.<\/span><\/p><\/blockquote>\n\n\n\n<div class=\"wp-block-image\"><figure class=\"aligncenter size-large is-resized\"><img loading=\"lazy\" decoding=\"async\" src=\"https:\/\/jornalfatosenoticias.com.br\/wp-content\/uploads\/2023\/08\/Control-Systems.jpg\" alt=\"\" class=\"wp-image-44092\" width=\"346\" height=\"415\"\/><\/figure><\/div>\n\n\n\n<p><strong><em>Fonte: <a href=\"https:\/\/www.gazetadopovo.com.br\/agronegocio\/ministro-de-lula-abre-rombo-no-seguro-rural-para-favorecer-redutos-eleitorais\/\">Gazeta do Povo<\/a><\/em><\/strong><\/p>\n","protected":false},"excerpt":{"rendered":"<p>O ministro Carlos F\u00e1varo e Lula: titular da Agricultura tirou dinheiro do Seguro Rural para favorecer redutos eleitorais em Mato Grosso Por Marcos Tosi O ministro da Agricultura, Carlos F\u00e1varo, manobrou o Or\u00e7amento da Uni\u00e3o e redirecionou dinheiro que estava carimbado para o Seguro Rural para cobrir emendas parlamentares destinadas a munic\u00edpios do Mato Grosso, [&hellip;]<\/p>\n","protected":false},"author":2,"featured_media":44815,"comment_status":"open","ping_status":"open","sticky":false,"template":"","format":"standard","meta":{"footnotes":""},"categories":[10],"tags":[20166,21117,1733,18435,21116],"class_list":["post-44814","post","type-post","status-publish","format-standard","has-post-thumbnail","hentry","category-politica","tag-carlos-favaro","tag-favorecer-redutos-eleitorais","tag-mato-grosso","tag-ministro-de-lula","tag-rombo-no-seguro-rural"],"yoast_head":"<!-- This site is optimized with the Yoast SEO plugin v26.5 - https:\/\/yoast.com\/wordpress\/plugins\/seo\/ -->\n<title>Ministro de Lula abre rombo no Seguro Rural para favorecer redutos eleitorais - Jornal Fatos e Not\u00edcias<\/title>\n<meta name=\"robots\" content=\"index, follow, max-snippet:-1, max-image-preview:large, max-video-preview:-1\" \/>\n<link rel=\"canonical\" href=\"https:\/\/jornalfatosenoticias.com.br\/index.php\/2023\/09\/01\/ministro-de-lula-abre-rombo-no-seguro-rural-para-favorecer-redutos-eleitorais\/\" \/>\n<meta property=\"og:locale\" content=\"pt_BR\" \/>\n<meta property=\"og:type\" content=\"article\" \/>\n<meta property=\"og:title\" content=\"Ministro de Lula abre rombo no Seguro Rural para favorecer redutos eleitorais - Jornal Fatos e Not\u00edcias\" \/>\n<meta property=\"og:description\" content=\"O ministro Carlos F\u00e1varo e Lula: titular da Agricultura tirou dinheiro do Seguro Rural para favorecer redutos eleitorais em Mato Grosso Por Marcos Tosi O ministro da Agricultura, Carlos F\u00e1varo, manobrou o Or\u00e7amento da Uni\u00e3o e redirecionou dinheiro que estava carimbado para o Seguro Rural para cobrir emendas parlamentares destinadas a munic\u00edpios do Mato Grosso, [&hellip;]\" \/>\n<meta property=\"og:url\" content=\"https:\/\/jornalfatosenoticias.com.br\/index.php\/2023\/09\/01\/ministro-de-lula-abre-rombo-no-seguro-rural-para-favorecer-redutos-eleitorais\/\" \/>\n<meta property=\"og:site_name\" content=\"Jornal Fatos e Not\u00edcias\" \/>\n<meta property=\"article:published_time\" content=\"2023-09-01T17:59:33+00:00\" \/>\n<meta property=\"article:modified_time\" content=\"2023-09-01T17:59:37+00:00\" \/>\n<meta property=\"og:image\" content=\"https:\/\/jornalfatosenoticias.com.br\/wp-content\/uploads\/2023\/09\/favaro-lula.jpg\" \/>\n\t<meta property=\"og:image:width\" content=\"960\" \/>\n\t<meta property=\"og:image:height\" content=\"540\" \/>\n\t<meta property=\"og:image:type\" content=\"image\/jpeg\" \/>\n<meta name=\"author\" content=\"Luzimara Fernandes\" \/>\n<meta name=\"twitter:card\" content=\"summary_large_image\" \/>\n<meta name=\"twitter:label1\" content=\"Escrito por\" \/>\n\t<meta name=\"twitter:data1\" content=\"Luzimara Fernandes\" \/>\n\t<meta name=\"twitter:label2\" content=\"Est. tempo de leitura\" \/>\n\t<meta name=\"twitter:data2\" content=\"5 minutos\" \/>\n<script type=\"application\/ld+json\" class=\"yoast-schema-graph\">{\"@context\":\"https:\/\/schema.org\",\"@graph\":[{\"@type\":\"Article\",\"@id\":\"https:\/\/jornalfatosenoticias.com.br\/index.php\/2023\/09\/01\/ministro-de-lula-abre-rombo-no-seguro-rural-para-favorecer-redutos-eleitorais\/#article\",\"isPartOf\":{\"@id\":\"https:\/\/jornalfatosenoticias.com.br\/index.php\/2023\/09\/01\/ministro-de-lula-abre-rombo-no-seguro-rural-para-favorecer-redutos-eleitorais\/\"},\"author\":{\"name\":\"Luzimara Fernandes\",\"@id\":\"https:\/\/jornalfatosenoticias.com.br\/#\/schema\/person\/d63837fa13ac8666eb9e74e0985d6f81\"},\"headline\":\"Ministro de Lula abre rombo no Seguro Rural para favorecer redutos eleitorais\",\"datePublished\":\"2023-09-01T17:59:33+00:00\",\"dateModified\":\"2023-09-01T17:59:37+00:00\",\"mainEntityOfPage\":{\"@id\":\"https:\/\/jornalfatosenoticias.com.br\/index.php\/2023\/09\/01\/ministro-de-lula-abre-rombo-no-seguro-rural-para-favorecer-redutos-eleitorais\/\"},\"wordCount\":1017,\"commentCount\":0,\"publisher\":{\"@id\":\"https:\/\/jornalfatosenoticias.com.br\/#organization\"},\"image\":{\"@id\":\"https:\/\/jornalfatosenoticias.com.br\/index.php\/2023\/09\/01\/ministro-de-lula-abre-rombo-no-seguro-rural-para-favorecer-redutos-eleitorais\/#primaryimage\"},\"thumbnailUrl\":\"https:\/\/jornalfatosenoticias.com.br\/wp-content\/uploads\/2023\/09\/favaro-lula.jpg\",\"keywords\":[\"Carlos F\u00e1varo\",\"favorecer redutos eleitorais\",\"Mato Grosso\",\"ministro de Lula\",\"rombo no Seguro Rural\"],\"articleSection\":[\"Pol\u00edtica\"],\"inLanguage\":\"pt-BR\",\"potentialAction\":[{\"@type\":\"CommentAction\",\"name\":\"Comment\",\"target\":[\"https:\/\/jornalfatosenoticias.com.br\/index.php\/2023\/09\/01\/ministro-de-lula-abre-rombo-no-seguro-rural-para-favorecer-redutos-eleitorais\/#respond\"]}]},{\"@type\":\"WebPage\",\"@id\":\"https:\/\/jornalfatosenoticias.com.br\/index.php\/2023\/09\/01\/ministro-de-lula-abre-rombo-no-seguro-rural-para-favorecer-redutos-eleitorais\/\",\"url\":\"https:\/\/jornalfatosenoticias.com.br\/index.php\/2023\/09\/01\/ministro-de-lula-abre-rombo-no-seguro-rural-para-favorecer-redutos-eleitorais\/\",\"name\":\"Ministro de Lula abre rombo no Seguro Rural para favorecer redutos eleitorais - Jornal Fatos e Not\u00edcias\",\"isPartOf\":{\"@id\":\"https:\/\/jornalfatosenoticias.com.br\/#website\"},\"primaryImageOfPage\":{\"@id\":\"https:\/\/jornalfatosenoticias.com.br\/index.php\/2023\/09\/01\/ministro-de-lula-abre-rombo-no-seguro-rural-para-favorecer-redutos-eleitorais\/#primaryimage\"},\"image\":{\"@id\":\"https:\/\/jornalfatosenoticias.com.br\/index.php\/2023\/09\/01\/ministro-de-lula-abre-rombo-no-seguro-rural-para-favorecer-redutos-eleitorais\/#primaryimage\"},\"thumbnailUrl\":\"https:\/\/jornalfatosenoticias.com.br\/wp-content\/uploads\/2023\/09\/favaro-lula.jpg\",\"datePublished\":\"2023-09-01T17:59:33+00:00\",\"dateModified\":\"2023-09-01T17:59:37+00:00\",\"breadcrumb\":{\"@id\":\"https:\/\/jornalfatosenoticias.com.br\/index.php\/2023\/09\/01\/ministro-de-lula-abre-rombo-no-seguro-rural-para-favorecer-redutos-eleitorais\/#breadcrumb\"},\"inLanguage\":\"pt-BR\",\"potentialAction\":[{\"@type\":\"ReadAction\",\"target\":[\"https:\/\/jornalfatosenoticias.com.br\/index.php\/2023\/09\/01\/ministro-de-lula-abre-rombo-no-seguro-rural-para-favorecer-redutos-eleitorais\/\"]}]},{\"@type\":\"ImageObject\",\"inLanguage\":\"pt-BR\",\"@id\":\"https:\/\/jornalfatosenoticias.com.br\/index.php\/2023\/09\/01\/ministro-de-lula-abre-rombo-no-seguro-rural-para-favorecer-redutos-eleitorais\/#primaryimage\",\"url\":\"https:\/\/jornalfatosenoticias.com.br\/wp-content\/uploads\/2023\/09\/favaro-lula.jpg\",\"contentUrl\":\"https:\/\/jornalfatosenoticias.com.br\/wp-content\/uploads\/2023\/09\/favaro-lula.jpg\",\"width\":960,\"height\":540},{\"@type\":\"BreadcrumbList\",\"@id\":\"https:\/\/jornalfatosenoticias.com.br\/index.php\/2023\/09\/01\/ministro-de-lula-abre-rombo-no-seguro-rural-para-favorecer-redutos-eleitorais\/#breadcrumb\",\"itemListElement\":[{\"@type\":\"ListItem\",\"position\":1,\"name\":\"In\u00edcio\",\"item\":\"https:\/\/jornalfatosenoticias.com.br\/\"},{\"@type\":\"ListItem\",\"position\":2,\"name\":\"Ministro de Lula abre rombo no Seguro Rural para favorecer redutos eleitorais\"}]},{\"@type\":\"WebSite\",\"@id\":\"https:\/\/jornalfatosenoticias.com.br\/#website\",\"url\":\"https:\/\/jornalfatosenoticias.com.br\/\",\"name\":\"Jornal Fatos e Not\u00edcias\",\"description\":\"Not\u00edcias em geral\",\"publisher\":{\"@id\":\"https:\/\/jornalfatosenoticias.com.br\/#organization\"},\"potentialAction\":[{\"@type\":\"SearchAction\",\"target\":{\"@type\":\"EntryPoint\",\"urlTemplate\":\"https:\/\/jornalfatosenoticias.com.br\/?s={search_term_string}\"},\"query-input\":{\"@type\":\"PropertyValueSpecification\",\"valueRequired\":true,\"valueName\":\"search_term_string\"}}],\"inLanguage\":\"pt-BR\"},{\"@type\":\"Organization\",\"@id\":\"https:\/\/jornalfatosenoticias.com.br\/#organization\",\"name\":\"Jornal Fatos e Not\u00edcias\",\"url\":\"https:\/\/jornalfatosenoticias.com.br\/\",\"logo\":{\"@type\":\"ImageObject\",\"inLanguage\":\"pt-BR\",\"@id\":\"https:\/\/jornalfatosenoticias.com.br\/#\/schema\/logo\/image\/\",\"url\":\"https:\/\/jornalfatosenoticias.com.br\/wp-content\/uploads\/2020\/02\/logo120.png\",\"contentUrl\":\"https:\/\/jornalfatosenoticias.com.br\/wp-content\/uploads\/2020\/02\/logo120.png\",\"width\":1227,\"height\":120,\"caption\":\"Jornal Fatos e Not\u00edcias\"},\"image\":{\"@id\":\"https:\/\/jornalfatosenoticias.com.br\/#\/schema\/logo\/image\/\"}},{\"@type\":\"Person\",\"@id\":\"https:\/\/jornalfatosenoticias.com.br\/#\/schema\/person\/d63837fa13ac8666eb9e74e0985d6f81\",\"name\":\"Luzimara Fernandes\",\"image\":{\"@type\":\"ImageObject\",\"inLanguage\":\"pt-BR\",\"@id\":\"https:\/\/jornalfatosenoticias.com.br\/#\/schema\/person\/image\/\",\"url\":\"https:\/\/jornalfatosenoticias.com.br\/wp-content\/uploads\/2025\/05\/EU_portal.jpg\",\"contentUrl\":\"https:\/\/jornalfatosenoticias.com.br\/wp-content\/uploads\/2025\/05\/EU_portal.jpg\",\"caption\":\"Luzimara Fernandes\"},\"description\":\"Jornalista MTB 2358-ES\",\"sameAs\":[\"https:\/\/jornalfatosenoticias.com.br\"],\"url\":\"https:\/\/jornalfatosenoticias.com.br\/index.php\/author\/luzimara\/\"}]}<\/script>\n<!-- \/ Yoast SEO plugin. -->","yoast_head_json":{"title":"Ministro de Lula abre rombo no Seguro Rural para favorecer redutos eleitorais - Jornal Fatos e Not\u00edcias","robots":{"index":"index","follow":"follow","max-snippet":"max-snippet:-1","max-image-preview":"max-image-preview:large","max-video-preview":"max-video-preview:-1"},"canonical":"https:\/\/jornalfatosenoticias.com.br\/index.php\/2023\/09\/01\/ministro-de-lula-abre-rombo-no-seguro-rural-para-favorecer-redutos-eleitorais\/","og_locale":"pt_BR","og_type":"article","og_title":"Ministro de Lula abre rombo no Seguro Rural para favorecer redutos eleitorais - Jornal Fatos e Not\u00edcias","og_description":"O ministro Carlos F\u00e1varo e Lula: titular da Agricultura tirou dinheiro do Seguro Rural para favorecer redutos eleitorais em Mato Grosso Por Marcos Tosi O ministro da Agricultura, Carlos F\u00e1varo, manobrou o Or\u00e7amento da Uni\u00e3o e redirecionou dinheiro que estava carimbado para o Seguro Rural para cobrir emendas parlamentares destinadas a munic\u00edpios do Mato Grosso, [&hellip;]","og_url":"https:\/\/jornalfatosenoticias.com.br\/index.php\/2023\/09\/01\/ministro-de-lula-abre-rombo-no-seguro-rural-para-favorecer-redutos-eleitorais\/","og_site_name":"Jornal Fatos e Not\u00edcias","article_published_time":"2023-09-01T17:59:33+00:00","article_modified_time":"2023-09-01T17:59:37+00:00","og_image":[{"width":960,"height":540,"url":"https:\/\/jornalfatosenoticias.com.br\/wp-content\/uploads\/2023\/09\/favaro-lula.jpg","type":"image\/jpeg"}],"author":"Luzimara Fernandes","twitter_card":"summary_large_image","twitter_misc":{"Escrito por":"Luzimara Fernandes","Est. tempo de leitura":"5 minutos"},"schema":{"@context":"https:\/\/schema.org","@graph":[{"@type":"Article","@id":"https:\/\/jornalfatosenoticias.com.br\/index.php\/2023\/09\/01\/ministro-de-lula-abre-rombo-no-seguro-rural-para-favorecer-redutos-eleitorais\/#article","isPartOf":{"@id":"https:\/\/jornalfatosenoticias.com.br\/index.php\/2023\/09\/01\/ministro-de-lula-abre-rombo-no-seguro-rural-para-favorecer-redutos-eleitorais\/"},"author":{"name":"Luzimara Fernandes","@id":"https:\/\/jornalfatosenoticias.com.br\/#\/schema\/person\/d63837fa13ac8666eb9e74e0985d6f81"},"headline":"Ministro de Lula abre rombo no Seguro Rural para favorecer redutos eleitorais","datePublished":"2023-09-01T17:59:33+00:00","dateModified":"2023-09-01T17:59:37+00:00","mainEntityOfPage":{"@id":"https:\/\/jornalfatosenoticias.com.br\/index.php\/2023\/09\/01\/ministro-de-lula-abre-rombo-no-seguro-rural-para-favorecer-redutos-eleitorais\/"},"wordCount":1017,"commentCount":0,"publisher":{"@id":"https:\/\/jornalfatosenoticias.com.br\/#organization"},"image":{"@id":"https:\/\/jornalfatosenoticias.com.br\/index.php\/2023\/09\/01\/ministro-de-lula-abre-rombo-no-seguro-rural-para-favorecer-redutos-eleitorais\/#primaryimage"},"thumbnailUrl":"https:\/\/jornalfatosenoticias.com.br\/wp-content\/uploads\/2023\/09\/favaro-lula.jpg","keywords":["Carlos F\u00e1varo","favorecer redutos eleitorais","Mato Grosso","ministro de Lula","rombo no Seguro Rural"],"articleSection":["Pol\u00edtica"],"inLanguage":"pt-BR","potentialAction":[{"@type":"CommentAction","name":"Comment","target":["https:\/\/jornalfatosenoticias.com.br\/index.php\/2023\/09\/01\/ministro-de-lula-abre-rombo-no-seguro-rural-para-favorecer-redutos-eleitorais\/#respond"]}]},{"@type":"WebPage","@id":"https:\/\/jornalfatosenoticias.com.br\/index.php\/2023\/09\/01\/ministro-de-lula-abre-rombo-no-seguro-rural-para-favorecer-redutos-eleitorais\/","url":"https:\/\/jornalfatosenoticias.com.br\/index.php\/2023\/09\/01\/ministro-de-lula-abre-rombo-no-seguro-rural-para-favorecer-redutos-eleitorais\/","name":"Ministro de Lula abre rombo no Seguro Rural para favorecer redutos eleitorais - Jornal Fatos e Not\u00edcias","isPartOf":{"@id":"https:\/\/jornalfatosenoticias.com.br\/#website"},"primaryImageOfPage":{"@id":"https:\/\/jornalfatosenoticias.com.br\/index.php\/2023\/09\/01\/ministro-de-lula-abre-rombo-no-seguro-rural-para-favorecer-redutos-eleitorais\/#primaryimage"},"image":{"@id":"https:\/\/jornalfatosenoticias.com.br\/index.php\/2023\/09\/01\/ministro-de-lula-abre-rombo-no-seguro-rural-para-favorecer-redutos-eleitorais\/#primaryimage"},"thumbnailUrl":"https:\/\/jornalfatosenoticias.com.br\/wp-content\/uploads\/2023\/09\/favaro-lula.jpg","datePublished":"2023-09-01T17:59:33+00:00","dateModified":"2023-09-01T17:59:37+00:00","breadcrumb":{"@id":"https:\/\/jornalfatosenoticias.com.br\/index.php\/2023\/09\/01\/ministro-de-lula-abre-rombo-no-seguro-rural-para-favorecer-redutos-eleitorais\/#breadcrumb"},"inLanguage":"pt-BR","potentialAction":[{"@type":"ReadAction","target":["https:\/\/jornalfatosenoticias.com.br\/index.php\/2023\/09\/01\/ministro-de-lula-abre-rombo-no-seguro-rural-para-favorecer-redutos-eleitorais\/"]}]},{"@type":"ImageObject","inLanguage":"pt-BR","@id":"https:\/\/jornalfatosenoticias.com.br\/index.php\/2023\/09\/01\/ministro-de-lula-abre-rombo-no-seguro-rural-para-favorecer-redutos-eleitorais\/#primaryimage","url":"https:\/\/jornalfatosenoticias.com.br\/wp-content\/uploads\/2023\/09\/favaro-lula.jpg","contentUrl":"https:\/\/jornalfatosenoticias.com.br\/wp-content\/uploads\/2023\/09\/favaro-lula.jpg","width":960,"height":540},{"@type":"BreadcrumbList","@id":"https:\/\/jornalfatosenoticias.com.br\/index.php\/2023\/09\/01\/ministro-de-lula-abre-rombo-no-seguro-rural-para-favorecer-redutos-eleitorais\/#breadcrumb","itemListElement":[{"@type":"ListItem","position":1,"name":"In\u00edcio","item":"https:\/\/jornalfatosenoticias.com.br\/"},{"@type":"ListItem","position":2,"name":"Ministro de Lula abre rombo no Seguro Rural para favorecer redutos eleitorais"}]},{"@type":"WebSite","@id":"https:\/\/jornalfatosenoticias.com.br\/#website","url":"https:\/\/jornalfatosenoticias.com.br\/","name":"Jornal Fatos e Not\u00edcias","description":"Not\u00edcias em geral","publisher":{"@id":"https:\/\/jornalfatosenoticias.com.br\/#organization"},"potentialAction":[{"@type":"SearchAction","target":{"@type":"EntryPoint","urlTemplate":"https:\/\/jornalfatosenoticias.com.br\/?s={search_term_string}"},"query-input":{"@type":"PropertyValueSpecification","valueRequired":true,"valueName":"search_term_string"}}],"inLanguage":"pt-BR"},{"@type":"Organization","@id":"https:\/\/jornalfatosenoticias.com.br\/#organization","name":"Jornal Fatos e Not\u00edcias","url":"https:\/\/jornalfatosenoticias.com.br\/","logo":{"@type":"ImageObject","inLanguage":"pt-BR","@id":"https:\/\/jornalfatosenoticias.com.br\/#\/schema\/logo\/image\/","url":"https:\/\/jornalfatosenoticias.com.br\/wp-content\/uploads\/2020\/02\/logo120.png","contentUrl":"https:\/\/jornalfatosenoticias.com.br\/wp-content\/uploads\/2020\/02\/logo120.png","width":1227,"height":120,"caption":"Jornal Fatos e Not\u00edcias"},"image":{"@id":"https:\/\/jornalfatosenoticias.com.br\/#\/schema\/logo\/image\/"}},{"@type":"Person","@id":"https:\/\/jornalfatosenoticias.com.br\/#\/schema\/person\/d63837fa13ac8666eb9e74e0985d6f81","name":"Luzimara Fernandes","image":{"@type":"ImageObject","inLanguage":"pt-BR","@id":"https:\/\/jornalfatosenoticias.com.br\/#\/schema\/person\/image\/","url":"https:\/\/jornalfatosenoticias.com.br\/wp-content\/uploads\/2025\/05\/EU_portal.jpg","contentUrl":"https:\/\/jornalfatosenoticias.com.br\/wp-content\/uploads\/2025\/05\/EU_portal.jpg","caption":"Luzimara Fernandes"},"description":"Jornalista MTB 2358-ES","sameAs":["https:\/\/jornalfatosenoticias.com.br"],"url":"https:\/\/jornalfatosenoticias.com.br\/index.php\/author\/luzimara\/"}]}},"cc_featured_image_caption":{"caption_text":"(Foto: Ricardo Stuckert\/PR) ","source_text":"","source_url":""},"jetpack_featured_media_url":"https:\/\/jornalfatosenoticias.com.br\/wp-content\/uploads\/2023\/09\/favaro-lula.jpg","_links":{"self":[{"href":"https:\/\/jornalfatosenoticias.com.br\/index.php\/wp-json\/wp\/v2\/posts\/44814","targetHints":{"allow":["GET"]}}],"collection":[{"href":"https:\/\/jornalfatosenoticias.com.br\/index.php\/wp-json\/wp\/v2\/posts"}],"about":[{"href":"https:\/\/jornalfatosenoticias.com.br\/index.php\/wp-json\/wp\/v2\/types\/post"}],"author":[{"embeddable":true,"href":"https:\/\/jornalfatosenoticias.com.br\/index.php\/wp-json\/wp\/v2\/users\/2"}],"replies":[{"embeddable":true,"href":"https:\/\/jornalfatosenoticias.com.br\/index.php\/wp-json\/wp\/v2\/comments?post=44814"}],"version-history":[{"count":0,"href":"https:\/\/jornalfatosenoticias.com.br\/index.php\/wp-json\/wp\/v2\/posts\/44814\/revisions"}],"wp:featuredmedia":[{"embeddable":true,"href":"https:\/\/jornalfatosenoticias.com.br\/index.php\/wp-json\/wp\/v2\/media\/44815"}],"wp:attachment":[{"href":"https:\/\/jornalfatosenoticias.com.br\/index.php\/wp-json\/wp\/v2\/media?parent=44814"}],"wp:term":[{"taxonomy":"category","embeddable":true,"href":"https:\/\/jornalfatosenoticias.com.br\/index.php\/wp-json\/wp\/v2\/categories?post=44814"},{"taxonomy":"post_tag","embeddable":true,"href":"https:\/\/jornalfatosenoticias.com.br\/index.php\/wp-json\/wp\/v2\/tags?post=44814"}],"curies":[{"name":"wp","href":"https:\/\/api.w.org\/{rel}","templated":true}]}}