{"id":44823,"date":"2023-09-04T09:36:25","date_gmt":"2023-09-04T12:36:25","guid":{"rendered":"https:\/\/jornalfatosenoticias.com.br\/?p=44823"},"modified":"2023-09-04T09:36:26","modified_gmt":"2023-09-04T12:36:26","slug":"voce-fala-com-seu-cachorro-com-voz-de-bebe-veja-o-que-a-ciencia-acha-disso","status":"publish","type":"post","link":"https:\/\/jornalfatosenoticias.com.br\/index.php\/2023\/09\/04\/voce-fala-com-seu-cachorro-com-voz-de-bebe-veja-o-que-a-ciencia-acha-disso\/","title":{"rendered":"Voc\u00ea fala com seu cachorro com \u201cvoz de beb\u00ea\u201d? Veja o que a ci\u00eancia acha disso"},"content":{"rendered":"\n<p><em><span class=\"has-inline-color has-black-color\">Por <strong><a href=\"https:\/\/gizmodo.uol.com.br\/author\/sofia-lungui\/\">Sofia Lungui<\/a><\/strong><\/span><\/em><\/p>\n\n\n\n<div class=\"wp-block-image\"><figure class=\"aligncenter size-large\"><img loading=\"lazy\" decoding=\"async\" width=\"729\" height=\"90\" src=\"https:\/\/jornalfatosenoticias.com.br\/wp-content\/uploads\/2020\/02\/Logo_Mizu.png\" alt=\"\" class=\"wp-image-1441\" srcset=\"https:\/\/jornalfatosenoticias.com.br\/wp-content\/uploads\/2020\/02\/Logo_Mizu.png 729w, https:\/\/jornalfatosenoticias.com.br\/wp-content\/uploads\/2020\/02\/Logo_Mizu-300x37.png 300w\" sizes=\"auto, (max-width: 729px) 100vw, 729px\" \/><\/figure><\/div>\n\n\n\n<p>Quem nunca conversou com os animais de estima\u00e7\u00e3o usando \u201cvoz de beb\u00ea\u201d? Falar com os cachorros com um tom de voz infantil pode ser meio estranho para alguns, mas contribui para que eles nos entendam melhor. \u00c9 o que indica um novo estudo.<br>Publicada recentemente na revista cient\u00edfica <em><a href=\"https:\/\/www.nature.com\/articles\/s42003-023-05217-y\">Communications Biology<\/a><\/em>, a pesquisa foi conduzida na Hungria, e encontrou semelhan\u00e7as entre c\u00e3es e beb\u00eas na forma como eles respondem a esse estilo de fala. Os pesquisadores argumentam que esse jeitinho de falar \u00e9 comum entre os \u201cpais de pet\u201d, principalmente quando se trata de tutoras mulheres.<\/p>\n\n\n\n<div class=\"wp-block-image\"><figure class=\"aligncenter size-large is-resized\"><img loading=\"lazy\" decoding=\"async\" src=\"https:\/\/jornalfatosenoticias.com.br\/wp-content\/uploads\/2023\/03\/nova-logo-Marquetti.jpg\" alt=\"\" class=\"wp-image-40207\" width=\"313\" height=\"210\" srcset=\"https:\/\/jornalfatosenoticias.com.br\/wp-content\/uploads\/2023\/03\/nova-logo-Marquetti.jpg 643w, https:\/\/jornalfatosenoticias.com.br\/wp-content\/uploads\/2023\/03\/nova-logo-Marquetti-300x202.jpg 300w\" sizes=\"auto, (max-width: 313px) 100vw, 313px\" \/><\/figure><\/div>\n\n\n\n<p>Basicamente, falar com \u201cvoz de beb\u00ea\u201d \u00e9 uma maneira de prender a aten\u00e7\u00e3o dos cachorros. Como um c\u00e3o comum conhece apenas cerca de 89 palavras do nosso vocabul\u00e1rio, faz sentido encontrar alternativas para nos comunicarmos melhor com eles no dia a dia, como destacou o site <a href=\"https:\/\/www.iflscience.com\/dog-talk-might-be-annoying-but-according-to-the-science-it-works-70494\"><em>IFLScience<\/em><\/a>.<\/p>\n\n\n\n<div class=\"wp-block-image\"><figure class=\"aligncenter size-large\"><img loading=\"lazy\" decoding=\"async\" width=\"300\" height=\"137\" src=\"https:\/\/jornalfatosenoticias.com.br\/wp-content\/uploads\/2023\/06\/LOGO_JULIANA-GRACA_PORTAL.jpg\" alt=\"\" class=\"wp-image-42597\"\/><\/figure><\/div>\n\n\n\n<p>Os resultados mostraram que duas \u00e1reas-chave no c\u00e9rebro dos c\u00e3es ficavam mais ativas quando os humanos adotavam uma \u201cpros\u00f3dia exagerada\u201d, termo cient\u00edfico usado para descrever a voz \u201cde beb\u00ea\u201d. Esse efeito foi ainda mais intenso quando mulheres falaram. O estudo tamb\u00e9m identificou as principais caracter\u00edsticas que pareciam chamar a aten\u00e7\u00e3o dos c\u00e3es: qu\u00e3o alta ou baixa era a voz, em m\u00e9dia, e com que frequ\u00eancia ela variava de tom.<\/p>\n\n\n\n<div class=\"wp-block-image\"><figure class=\"aligncenter size-large\"><img loading=\"lazy\" decoding=\"async\" width=\"300\" height=\"250\" src=\"https:\/\/jornalfatosenoticias.com.br\/wp-content\/uploads\/2020\/02\/Banner-2.png\" alt=\"\" class=\"wp-image-43787\"\/><\/figure><\/div>\n\n\n\n<blockquote class=\"wp-block-quote is-layout-flow wp-block-quote-is-layout-flow\"><p><span class=\"has-inline-color has-luminous-vivid-orange-color\">Estudar como os c\u00e9rebros dos c\u00e3es processam a fala dirigida por c\u00e3es \u00e9 emocionante, porque pode nos ajudar a entender como a pros\u00f3dia exagerada contribui para o processamento eficiente da fala em uma esp\u00e9cie n\u00e3o humana\u201d, explicou Anna Gergely, pesquisadora do Centro de Pesquisa em Ci\u00eancias Naturais da Hungria que liderou o estudo, ao site <a href=\"https:\/\/www.independent.co.uk\/news\/science\/dogs-love-cute-baby-talk-b2400945.html\"><em>The Independent<\/em><\/a>.<\/span><\/p><\/blockquote>\n\n\n\n<div class=\"wp-block-image\"><figure class=\"aligncenter size-large is-resized\"><img loading=\"lazy\" decoding=\"async\" src=\"https:\/\/jornalfatosenoticias.com.br\/wp-content\/uploads\/2023\/03\/logo-Panper_portal.jpg\" alt=\"\" class=\"wp-image-40208\" width=\"368\" height=\"255\" srcset=\"https:\/\/jornalfatosenoticias.com.br\/wp-content\/uploads\/2023\/03\/logo-Panper_portal.jpg 400w, https:\/\/jornalfatosenoticias.com.br\/wp-content\/uploads\/2023\/03\/logo-Panper_portal-300x208.jpg 300w\" sizes=\"auto, (max-width: 368px) 100vw, 368px\" \/><\/figure><\/div>\n\n\n\n<p>Para testar se os c\u00e3es realmente prestam mais aten\u00e7\u00e3o \u00e0 nossa voz infantil, cientificamente conhecida como \u201cfala dirigida ao c\u00e3o\u201d, a equipe de pesquisadores usou uma m\u00e1quina de resson\u00e2ncia magn\u00e9tica funcional (fMRI) para analisar a atividade cerebral dos c\u00e3es. Conectados aos dispositivos, os cachorros foram expostos a diferentes tipos de fala de humanos para ver como eles reagiam.<br>Ao contr\u00e1rio dos beb\u00eas, os cachorros n\u00e3o t\u00eam a sua sensibilidade explicada pela exposi\u00e7\u00e3o intrauterina \u00e0 voz das mulheres. Por isso, o estudo pode abrir caminhos para as pesquisas sobre a comunica\u00e7\u00e3o entre humanos e animais.<\/p>\n\n\n\n<div class=\"wp-block-image\"><figure class=\"aligncenter size-large\"><img loading=\"lazy\" decoding=\"async\" width=\"300\" height=\"250\" src=\"https:\/\/jornalfatosenoticias.com.br\/wp-content\/uploads\/2022\/08\/arte-Casarao.jpg\" alt=\"\" class=\"wp-image-33178\"\/><\/figure><\/div>\n\n\n\n<blockquote class=\"wp-block-quote is-layout-flow wp-block-quote-is-layout-flow\"><p><span class=\"has-inline-color has-luminous-vivid-orange-color\">Notavelmente, os padr\u00f5es de tom de voz que caracterizam a fala feminina dirigida a c\u00e3es n\u00e3o s\u00e3o normalmente usados na comunica\u00e7\u00e3o entre c\u00e3es \u2014 nossos resultados podem, portanto, servir de evid\u00eancia para uma prefer\u00eancia neural que os c\u00e3es desenvolveram durante sua domestica\u00e7\u00e3o\u201d, destaca Gergely. \u00c9 ou n\u00e3o \u00e9 a fofura da mam\u00e3e?<\/span><\/p><\/blockquote>\n\n\n\n<div class=\"wp-block-image\"><figure class=\"aligncenter size-large\"><img loading=\"lazy\" decoding=\"async\" width=\"300\" height=\"300\" src=\"https:\/\/jornalfatosenoticias.com.br\/wp-content\/uploads\/2020\/02\/casa-do-torresmo_portal.jpg\" alt=\"\" class=\"wp-image-34472\" srcset=\"https:\/\/jornalfatosenoticias.com.br\/wp-content\/uploads\/2020\/02\/casa-do-torresmo_portal.jpg 300w, https:\/\/jornalfatosenoticias.com.br\/wp-content\/uploads\/2020\/02\/casa-do-torresmo_portal-150x150.jpg 150w\" sizes=\"auto, (max-width: 300px) 100vw, 300px\" \/><\/figure><\/div>\n\n\n\n<p><strong><em>Fonte: <a href=\"https:\/\/gizmodo.uol.com.br\/voce-fala-com-seu-cachorro-com-voz-de-bebe-veja-o-que-a-ciencia-acha-disso\/\">GizModo<\/a><\/em><\/strong><\/p>\n","protected":false},"excerpt":{"rendered":"<p>Por Sofia Lungui Quem nunca conversou com os animais de estima\u00e7\u00e3o usando \u201cvoz de beb\u00ea\u201d? Falar com os cachorros com um tom de voz infantil pode ser meio estranho para alguns, mas contribui para que eles nos entendam melhor. \u00c9 o que indica um novo estudo.Publicada recentemente na revista cient\u00edfica Communications Biology, a pesquisa foi [&hellip;]<\/p>\n","protected":false},"author":2,"featured_media":44824,"comment_status":"open","ping_status":"open","sticky":false,"template":"","format":"standard","meta":{"footnotes":""},"categories":[9710],"tags":[1264,4535,3072,754,21119,8057],"class_list":["post-44823","post","type-post","status-publish","format-standard","has-post-thumbnail","hentry","category-pets","tag-animais","tag-animais-de-estimacao","tag-cachorros","tag-caes","tag-hungria","tag-pesquisa-cientifica"],"yoast_head":"<!-- This site is optimized with the Yoast SEO plugin v26.5 - https:\/\/yoast.com\/wordpress\/plugins\/seo\/ -->\n<title>Voc\u00ea fala com seu cachorro com \u201cvoz de beb\u00ea\u201d? Veja o que a ci\u00eancia acha disso - Jornal Fatos e Not\u00edcias<\/title>\n<meta name=\"robots\" content=\"index, follow, max-snippet:-1, max-image-preview:large, max-video-preview:-1\" \/>\n<link rel=\"canonical\" href=\"https:\/\/jornalfatosenoticias.com.br\/index.php\/2023\/09\/04\/voce-fala-com-seu-cachorro-com-voz-de-bebe-veja-o-que-a-ciencia-acha-disso\/\" \/>\n<meta property=\"og:locale\" content=\"pt_BR\" \/>\n<meta property=\"og:type\" content=\"article\" \/>\n<meta property=\"og:title\" content=\"Voc\u00ea fala com seu cachorro com \u201cvoz de beb\u00ea\u201d? Veja o que a ci\u00eancia acha disso - Jornal Fatos e Not\u00edcias\" \/>\n<meta property=\"og:description\" content=\"Por Sofia Lungui Quem nunca conversou com os animais de estima\u00e7\u00e3o usando \u201cvoz de beb\u00ea\u201d? Falar com os cachorros com um tom de voz infantil pode ser meio estranho para alguns, mas contribui para que eles nos entendam melhor. \u00c9 o que indica um novo estudo.Publicada recentemente na revista cient\u00edfica Communications Biology, a pesquisa foi [&hellip;]\" \/>\n<meta property=\"og:url\" content=\"https:\/\/jornalfatosenoticias.com.br\/index.php\/2023\/09\/04\/voce-fala-com-seu-cachorro-com-voz-de-bebe-veja-o-que-a-ciencia-acha-disso\/\" \/>\n<meta property=\"og:site_name\" content=\"Jornal Fatos e Not\u00edcias\" \/>\n<meta property=\"article:published_time\" content=\"2023-09-04T12:36:25+00:00\" \/>\n<meta property=\"article:modified_time\" content=\"2023-09-04T12:36:26+00:00\" \/>\n<meta property=\"og:image\" content=\"https:\/\/jornalfatosenoticias.com.br\/wp-content\/uploads\/2023\/09\/falar-com-cao.jpg\" \/>\n\t<meta property=\"og:image:width\" content=\"812\" \/>\n\t<meta property=\"og:image:height\" content=\"541\" \/>\n\t<meta property=\"og:image:type\" content=\"image\/jpeg\" \/>\n<meta name=\"author\" content=\"Luzimara Fernandes\" \/>\n<meta name=\"twitter:card\" content=\"summary_large_image\" \/>\n<meta name=\"twitter:label1\" content=\"Escrito por\" \/>\n\t<meta name=\"twitter:data1\" content=\"Luzimara Fernandes\" \/>\n\t<meta name=\"twitter:label2\" content=\"Est. tempo de leitura\" \/>\n\t<meta name=\"twitter:data2\" content=\"2 minutos\" \/>\n<script type=\"application\/ld+json\" class=\"yoast-schema-graph\">{\"@context\":\"https:\/\/schema.org\",\"@graph\":[{\"@type\":\"Article\",\"@id\":\"https:\/\/jornalfatosenoticias.com.br\/index.php\/2023\/09\/04\/voce-fala-com-seu-cachorro-com-voz-de-bebe-veja-o-que-a-ciencia-acha-disso\/#article\",\"isPartOf\":{\"@id\":\"https:\/\/jornalfatosenoticias.com.br\/index.php\/2023\/09\/04\/voce-fala-com-seu-cachorro-com-voz-de-bebe-veja-o-que-a-ciencia-acha-disso\/\"},\"author\":{\"name\":\"Luzimara Fernandes\",\"@id\":\"https:\/\/jornalfatosenoticias.com.br\/#\/schema\/person\/d63837fa13ac8666eb9e74e0985d6f81\"},\"headline\":\"Voc\u00ea fala com seu cachorro com \u201cvoz de beb\u00ea\u201d? Veja o que a ci\u00eancia acha disso\",\"datePublished\":\"2023-09-04T12:36:25+00:00\",\"dateModified\":\"2023-09-04T12:36:26+00:00\",\"mainEntityOfPage\":{\"@id\":\"https:\/\/jornalfatosenoticias.com.br\/index.php\/2023\/09\/04\/voce-fala-com-seu-cachorro-com-voz-de-bebe-veja-o-que-a-ciencia-acha-disso\/\"},\"wordCount\":477,\"commentCount\":0,\"publisher\":{\"@id\":\"https:\/\/jornalfatosenoticias.com.br\/#organization\"},\"image\":{\"@id\":\"https:\/\/jornalfatosenoticias.com.br\/index.php\/2023\/09\/04\/voce-fala-com-seu-cachorro-com-voz-de-bebe-veja-o-que-a-ciencia-acha-disso\/#primaryimage\"},\"thumbnailUrl\":\"https:\/\/jornalfatosenoticias.com.br\/wp-content\/uploads\/2023\/09\/falar-com-cao.jpg\",\"keywords\":[\"animais\",\"animais de estima\u00e7\u00e3o\",\"cachorros\",\"c\u00e3es\",\"Hungria\",\"pesquisa cient\u00edfica\"],\"articleSection\":[\"Pets\"],\"inLanguage\":\"pt-BR\",\"potentialAction\":[{\"@type\":\"CommentAction\",\"name\":\"Comment\",\"target\":[\"https:\/\/jornalfatosenoticias.com.br\/index.php\/2023\/09\/04\/voce-fala-com-seu-cachorro-com-voz-de-bebe-veja-o-que-a-ciencia-acha-disso\/#respond\"]}]},{\"@type\":\"WebPage\",\"@id\":\"https:\/\/jornalfatosenoticias.com.br\/index.php\/2023\/09\/04\/voce-fala-com-seu-cachorro-com-voz-de-bebe-veja-o-que-a-ciencia-acha-disso\/\",\"url\":\"https:\/\/jornalfatosenoticias.com.br\/index.php\/2023\/09\/04\/voce-fala-com-seu-cachorro-com-voz-de-bebe-veja-o-que-a-ciencia-acha-disso\/\",\"name\":\"Voc\u00ea fala com seu cachorro com \u201cvoz de beb\u00ea\u201d? Veja o que a ci\u00eancia acha disso - Jornal Fatos e Not\u00edcias\",\"isPartOf\":{\"@id\":\"https:\/\/jornalfatosenoticias.com.br\/#website\"},\"primaryImageOfPage\":{\"@id\":\"https:\/\/jornalfatosenoticias.com.br\/index.php\/2023\/09\/04\/voce-fala-com-seu-cachorro-com-voz-de-bebe-veja-o-que-a-ciencia-acha-disso\/#primaryimage\"},\"image\":{\"@id\":\"https:\/\/jornalfatosenoticias.com.br\/index.php\/2023\/09\/04\/voce-fala-com-seu-cachorro-com-voz-de-bebe-veja-o-que-a-ciencia-acha-disso\/#primaryimage\"},\"thumbnailUrl\":\"https:\/\/jornalfatosenoticias.com.br\/wp-content\/uploads\/2023\/09\/falar-com-cao.jpg\",\"datePublished\":\"2023-09-04T12:36:25+00:00\",\"dateModified\":\"2023-09-04T12:36:26+00:00\",\"breadcrumb\":{\"@id\":\"https:\/\/jornalfatosenoticias.com.br\/index.php\/2023\/09\/04\/voce-fala-com-seu-cachorro-com-voz-de-bebe-veja-o-que-a-ciencia-acha-disso\/#breadcrumb\"},\"inLanguage\":\"pt-BR\",\"potentialAction\":[{\"@type\":\"ReadAction\",\"target\":[\"https:\/\/jornalfatosenoticias.com.br\/index.php\/2023\/09\/04\/voce-fala-com-seu-cachorro-com-voz-de-bebe-veja-o-que-a-ciencia-acha-disso\/\"]}]},{\"@type\":\"ImageObject\",\"inLanguage\":\"pt-BR\",\"@id\":\"https:\/\/jornalfatosenoticias.com.br\/index.php\/2023\/09\/04\/voce-fala-com-seu-cachorro-com-voz-de-bebe-veja-o-que-a-ciencia-acha-disso\/#primaryimage\",\"url\":\"https:\/\/jornalfatosenoticias.com.br\/wp-content\/uploads\/2023\/09\/falar-com-cao.jpg\",\"contentUrl\":\"https:\/\/jornalfatosenoticias.com.br\/wp-content\/uploads\/2023\/09\/falar-com-cao.jpg\",\"width\":812,\"height\":541,\"caption\":\"Cute labradoodle dog riding with his female owner on the bike in a public park. Owner is petting the dog.\"},{\"@type\":\"BreadcrumbList\",\"@id\":\"https:\/\/jornalfatosenoticias.com.br\/index.php\/2023\/09\/04\/voce-fala-com-seu-cachorro-com-voz-de-bebe-veja-o-que-a-ciencia-acha-disso\/#breadcrumb\",\"itemListElement\":[{\"@type\":\"ListItem\",\"position\":1,\"name\":\"In\u00edcio\",\"item\":\"https:\/\/jornalfatosenoticias.com.br\/\"},{\"@type\":\"ListItem\",\"position\":2,\"name\":\"Voc\u00ea fala com seu cachorro com \u201cvoz de beb\u00ea\u201d? Veja o que a ci\u00eancia acha disso\"}]},{\"@type\":\"WebSite\",\"@id\":\"https:\/\/jornalfatosenoticias.com.br\/#website\",\"url\":\"https:\/\/jornalfatosenoticias.com.br\/\",\"name\":\"Jornal Fatos e Not\u00edcias\",\"description\":\"Not\u00edcias em geral\",\"publisher\":{\"@id\":\"https:\/\/jornalfatosenoticias.com.br\/#organization\"},\"potentialAction\":[{\"@type\":\"SearchAction\",\"target\":{\"@type\":\"EntryPoint\",\"urlTemplate\":\"https:\/\/jornalfatosenoticias.com.br\/?s={search_term_string}\"},\"query-input\":{\"@type\":\"PropertyValueSpecification\",\"valueRequired\":true,\"valueName\":\"search_term_string\"}}],\"inLanguage\":\"pt-BR\"},{\"@type\":\"Organization\",\"@id\":\"https:\/\/jornalfatosenoticias.com.br\/#organization\",\"name\":\"Jornal Fatos e Not\u00edcias\",\"url\":\"https:\/\/jornalfatosenoticias.com.br\/\",\"logo\":{\"@type\":\"ImageObject\",\"inLanguage\":\"pt-BR\",\"@id\":\"https:\/\/jornalfatosenoticias.com.br\/#\/schema\/logo\/image\/\",\"url\":\"https:\/\/jornalfatosenoticias.com.br\/wp-content\/uploads\/2020\/02\/logo120.png\",\"contentUrl\":\"https:\/\/jornalfatosenoticias.com.br\/wp-content\/uploads\/2020\/02\/logo120.png\",\"width\":1227,\"height\":120,\"caption\":\"Jornal Fatos e Not\u00edcias\"},\"image\":{\"@id\":\"https:\/\/jornalfatosenoticias.com.br\/#\/schema\/logo\/image\/\"}},{\"@type\":\"Person\",\"@id\":\"https:\/\/jornalfatosenoticias.com.br\/#\/schema\/person\/d63837fa13ac8666eb9e74e0985d6f81\",\"name\":\"Luzimara Fernandes\",\"image\":{\"@type\":\"ImageObject\",\"inLanguage\":\"pt-BR\",\"@id\":\"https:\/\/jornalfatosenoticias.com.br\/#\/schema\/person\/image\/\",\"url\":\"https:\/\/jornalfatosenoticias.com.br\/wp-content\/uploads\/2025\/05\/EU_portal.jpg\",\"contentUrl\":\"https:\/\/jornalfatosenoticias.com.br\/wp-content\/uploads\/2025\/05\/EU_portal.jpg\",\"caption\":\"Luzimara Fernandes\"},\"description\":\"Jornalista MTB 2358-ES\",\"sameAs\":[\"https:\/\/jornalfatosenoticias.com.br\"],\"url\":\"https:\/\/jornalfatosenoticias.com.br\/index.php\/author\/luzimara\/\"}]}<\/script>\n<!-- \/ Yoast SEO plugin. -->","yoast_head_json":{"title":"Voc\u00ea fala com seu cachorro com \u201cvoz de beb\u00ea\u201d? Veja o que a ci\u00eancia acha disso - Jornal Fatos e Not\u00edcias","robots":{"index":"index","follow":"follow","max-snippet":"max-snippet:-1","max-image-preview":"max-image-preview:large","max-video-preview":"max-video-preview:-1"},"canonical":"https:\/\/jornalfatosenoticias.com.br\/index.php\/2023\/09\/04\/voce-fala-com-seu-cachorro-com-voz-de-bebe-veja-o-que-a-ciencia-acha-disso\/","og_locale":"pt_BR","og_type":"article","og_title":"Voc\u00ea fala com seu cachorro com \u201cvoz de beb\u00ea\u201d? Veja o que a ci\u00eancia acha disso - Jornal Fatos e Not\u00edcias","og_description":"Por Sofia Lungui Quem nunca conversou com os animais de estima\u00e7\u00e3o usando \u201cvoz de beb\u00ea\u201d? Falar com os cachorros com um tom de voz infantil pode ser meio estranho para alguns, mas contribui para que eles nos entendam melhor. \u00c9 o que indica um novo estudo.Publicada recentemente na revista cient\u00edfica Communications Biology, a pesquisa foi [&hellip;]","og_url":"https:\/\/jornalfatosenoticias.com.br\/index.php\/2023\/09\/04\/voce-fala-com-seu-cachorro-com-voz-de-bebe-veja-o-que-a-ciencia-acha-disso\/","og_site_name":"Jornal Fatos e Not\u00edcias","article_published_time":"2023-09-04T12:36:25+00:00","article_modified_time":"2023-09-04T12:36:26+00:00","og_image":[{"width":812,"height":541,"url":"https:\/\/jornalfatosenoticias.com.br\/wp-content\/uploads\/2023\/09\/falar-com-cao.jpg","type":"image\/jpeg"}],"author":"Luzimara Fernandes","twitter_card":"summary_large_image","twitter_misc":{"Escrito por":"Luzimara Fernandes","Est. tempo de leitura":"2 minutos"},"schema":{"@context":"https:\/\/schema.org","@graph":[{"@type":"Article","@id":"https:\/\/jornalfatosenoticias.com.br\/index.php\/2023\/09\/04\/voce-fala-com-seu-cachorro-com-voz-de-bebe-veja-o-que-a-ciencia-acha-disso\/#article","isPartOf":{"@id":"https:\/\/jornalfatosenoticias.com.br\/index.php\/2023\/09\/04\/voce-fala-com-seu-cachorro-com-voz-de-bebe-veja-o-que-a-ciencia-acha-disso\/"},"author":{"name":"Luzimara Fernandes","@id":"https:\/\/jornalfatosenoticias.com.br\/#\/schema\/person\/d63837fa13ac8666eb9e74e0985d6f81"},"headline":"Voc\u00ea fala com seu cachorro com \u201cvoz de beb\u00ea\u201d? Veja o que a ci\u00eancia acha disso","datePublished":"2023-09-04T12:36:25+00:00","dateModified":"2023-09-04T12:36:26+00:00","mainEntityOfPage":{"@id":"https:\/\/jornalfatosenoticias.com.br\/index.php\/2023\/09\/04\/voce-fala-com-seu-cachorro-com-voz-de-bebe-veja-o-que-a-ciencia-acha-disso\/"},"wordCount":477,"commentCount":0,"publisher":{"@id":"https:\/\/jornalfatosenoticias.com.br\/#organization"},"image":{"@id":"https:\/\/jornalfatosenoticias.com.br\/index.php\/2023\/09\/04\/voce-fala-com-seu-cachorro-com-voz-de-bebe-veja-o-que-a-ciencia-acha-disso\/#primaryimage"},"thumbnailUrl":"https:\/\/jornalfatosenoticias.com.br\/wp-content\/uploads\/2023\/09\/falar-com-cao.jpg","keywords":["animais","animais de estima\u00e7\u00e3o","cachorros","c\u00e3es","Hungria","pesquisa cient\u00edfica"],"articleSection":["Pets"],"inLanguage":"pt-BR","potentialAction":[{"@type":"CommentAction","name":"Comment","target":["https:\/\/jornalfatosenoticias.com.br\/index.php\/2023\/09\/04\/voce-fala-com-seu-cachorro-com-voz-de-bebe-veja-o-que-a-ciencia-acha-disso\/#respond"]}]},{"@type":"WebPage","@id":"https:\/\/jornalfatosenoticias.com.br\/index.php\/2023\/09\/04\/voce-fala-com-seu-cachorro-com-voz-de-bebe-veja-o-que-a-ciencia-acha-disso\/","url":"https:\/\/jornalfatosenoticias.com.br\/index.php\/2023\/09\/04\/voce-fala-com-seu-cachorro-com-voz-de-bebe-veja-o-que-a-ciencia-acha-disso\/","name":"Voc\u00ea fala com seu cachorro com \u201cvoz de beb\u00ea\u201d? Veja o que a ci\u00eancia acha disso - Jornal Fatos e Not\u00edcias","isPartOf":{"@id":"https:\/\/jornalfatosenoticias.com.br\/#website"},"primaryImageOfPage":{"@id":"https:\/\/jornalfatosenoticias.com.br\/index.php\/2023\/09\/04\/voce-fala-com-seu-cachorro-com-voz-de-bebe-veja-o-que-a-ciencia-acha-disso\/#primaryimage"},"image":{"@id":"https:\/\/jornalfatosenoticias.com.br\/index.php\/2023\/09\/04\/voce-fala-com-seu-cachorro-com-voz-de-bebe-veja-o-que-a-ciencia-acha-disso\/#primaryimage"},"thumbnailUrl":"https:\/\/jornalfatosenoticias.com.br\/wp-content\/uploads\/2023\/09\/falar-com-cao.jpg","datePublished":"2023-09-04T12:36:25+00:00","dateModified":"2023-09-04T12:36:26+00:00","breadcrumb":{"@id":"https:\/\/jornalfatosenoticias.com.br\/index.php\/2023\/09\/04\/voce-fala-com-seu-cachorro-com-voz-de-bebe-veja-o-que-a-ciencia-acha-disso\/#breadcrumb"},"inLanguage":"pt-BR","potentialAction":[{"@type":"ReadAction","target":["https:\/\/jornalfatosenoticias.com.br\/index.php\/2023\/09\/04\/voce-fala-com-seu-cachorro-com-voz-de-bebe-veja-o-que-a-ciencia-acha-disso\/"]}]},{"@type":"ImageObject","inLanguage":"pt-BR","@id":"https:\/\/jornalfatosenoticias.com.br\/index.php\/2023\/09\/04\/voce-fala-com-seu-cachorro-com-voz-de-bebe-veja-o-que-a-ciencia-acha-disso\/#primaryimage","url":"https:\/\/jornalfatosenoticias.com.br\/wp-content\/uploads\/2023\/09\/falar-com-cao.jpg","contentUrl":"https:\/\/jornalfatosenoticias.com.br\/wp-content\/uploads\/2023\/09\/falar-com-cao.jpg","width":812,"height":541,"caption":"Cute labradoodle dog riding with his female owner on the bike in a public park. Owner is petting the dog."},{"@type":"BreadcrumbList","@id":"https:\/\/jornalfatosenoticias.com.br\/index.php\/2023\/09\/04\/voce-fala-com-seu-cachorro-com-voz-de-bebe-veja-o-que-a-ciencia-acha-disso\/#breadcrumb","itemListElement":[{"@type":"ListItem","position":1,"name":"In\u00edcio","item":"https:\/\/jornalfatosenoticias.com.br\/"},{"@type":"ListItem","position":2,"name":"Voc\u00ea fala com seu cachorro com \u201cvoz de beb\u00ea\u201d? Veja o que a ci\u00eancia acha disso"}]},{"@type":"WebSite","@id":"https:\/\/jornalfatosenoticias.com.br\/#website","url":"https:\/\/jornalfatosenoticias.com.br\/","name":"Jornal Fatos e Not\u00edcias","description":"Not\u00edcias em geral","publisher":{"@id":"https:\/\/jornalfatosenoticias.com.br\/#organization"},"potentialAction":[{"@type":"SearchAction","target":{"@type":"EntryPoint","urlTemplate":"https:\/\/jornalfatosenoticias.com.br\/?s={search_term_string}"},"query-input":{"@type":"PropertyValueSpecification","valueRequired":true,"valueName":"search_term_string"}}],"inLanguage":"pt-BR"},{"@type":"Organization","@id":"https:\/\/jornalfatosenoticias.com.br\/#organization","name":"Jornal Fatos e Not\u00edcias","url":"https:\/\/jornalfatosenoticias.com.br\/","logo":{"@type":"ImageObject","inLanguage":"pt-BR","@id":"https:\/\/jornalfatosenoticias.com.br\/#\/schema\/logo\/image\/","url":"https:\/\/jornalfatosenoticias.com.br\/wp-content\/uploads\/2020\/02\/logo120.png","contentUrl":"https:\/\/jornalfatosenoticias.com.br\/wp-content\/uploads\/2020\/02\/logo120.png","width":1227,"height":120,"caption":"Jornal Fatos e Not\u00edcias"},"image":{"@id":"https:\/\/jornalfatosenoticias.com.br\/#\/schema\/logo\/image\/"}},{"@type":"Person","@id":"https:\/\/jornalfatosenoticias.com.br\/#\/schema\/person\/d63837fa13ac8666eb9e74e0985d6f81","name":"Luzimara Fernandes","image":{"@type":"ImageObject","inLanguage":"pt-BR","@id":"https:\/\/jornalfatosenoticias.com.br\/#\/schema\/person\/image\/","url":"https:\/\/jornalfatosenoticias.com.br\/wp-content\/uploads\/2025\/05\/EU_portal.jpg","contentUrl":"https:\/\/jornalfatosenoticias.com.br\/wp-content\/uploads\/2025\/05\/EU_portal.jpg","caption":"Luzimara Fernandes"},"description":"Jornalista MTB 2358-ES","sameAs":["https:\/\/jornalfatosenoticias.com.br"],"url":"https:\/\/jornalfatosenoticias.com.br\/index.php\/author\/luzimara\/"}]}},"cc_featured_image_caption":{"caption_text":"(Foto: iStock)","source_text":"","source_url":""},"jetpack_featured_media_url":"https:\/\/jornalfatosenoticias.com.br\/wp-content\/uploads\/2023\/09\/falar-com-cao.jpg","_links":{"self":[{"href":"https:\/\/jornalfatosenoticias.com.br\/index.php\/wp-json\/wp\/v2\/posts\/44823","targetHints":{"allow":["GET"]}}],"collection":[{"href":"https:\/\/jornalfatosenoticias.com.br\/index.php\/wp-json\/wp\/v2\/posts"}],"about":[{"href":"https:\/\/jornalfatosenoticias.com.br\/index.php\/wp-json\/wp\/v2\/types\/post"}],"author":[{"embeddable":true,"href":"https:\/\/jornalfatosenoticias.com.br\/index.php\/wp-json\/wp\/v2\/users\/2"}],"replies":[{"embeddable":true,"href":"https:\/\/jornalfatosenoticias.com.br\/index.php\/wp-json\/wp\/v2\/comments?post=44823"}],"version-history":[{"count":0,"href":"https:\/\/jornalfatosenoticias.com.br\/index.php\/wp-json\/wp\/v2\/posts\/44823\/revisions"}],"wp:featuredmedia":[{"embeddable":true,"href":"https:\/\/jornalfatosenoticias.com.br\/index.php\/wp-json\/wp\/v2\/media\/44824"}],"wp:attachment":[{"href":"https:\/\/jornalfatosenoticias.com.br\/index.php\/wp-json\/wp\/v2\/media?parent=44823"}],"wp:term":[{"taxonomy":"category","embeddable":true,"href":"https:\/\/jornalfatosenoticias.com.br\/index.php\/wp-json\/wp\/v2\/categories?post=44823"},{"taxonomy":"post_tag","embeddable":true,"href":"https:\/\/jornalfatosenoticias.com.br\/index.php\/wp-json\/wp\/v2\/tags?post=44823"}],"curies":[{"name":"wp","href":"https:\/\/api.w.org\/{rel}","templated":true}]}}