{"id":44837,"date":"2023-09-04T10:43:28","date_gmt":"2023-09-04T13:43:28","guid":{"rendered":"https:\/\/jornalfatosenoticias.com.br\/?p=44837"},"modified":"2023-09-04T10:43:29","modified_gmt":"2023-09-04T13:43:29","slug":"perfeccionismo-o-que-e-e-como-pode-afetar-a-saude-mental","status":"publish","type":"post","link":"https:\/\/jornalfatosenoticias.com.br\/index.php\/2023\/09\/04\/perfeccionismo-o-que-e-e-como-pode-afetar-a-saude-mental\/","title":{"rendered":"Perfeccionismo: o que \u00e9 e como pode afetar a sa\u00fade mental"},"content":{"rendered":"\n<div class=\"wp-block-image\"><figure class=\"aligncenter size-large\"><img loading=\"lazy\" decoding=\"async\" width=\"300\" height=\"137\" src=\"https:\/\/jornalfatosenoticias.com.br\/wp-content\/uploads\/2023\/06\/LOGO_JULIANA-GRACA_PORTAL.jpg\" alt=\"\" class=\"wp-image-42597\"\/><\/figure><\/div>\n\n\n\n<p>O <strong><a href=\"https:\/\/vitat.com.br\/perfeccionismo\/\">perfeccionismo<\/a><\/strong> nunca esteve t\u00e3o presente nas nossas vidas. Como o pr\u00f3prio nome sugere, o perfeccionismo \u00e9 um tra\u00e7o de personalidade caracterizado pela busca incessante em atingir a perfei\u00e7\u00e3o em uma tarefa ou objetivo. Com o peso das redes sociais nas rotinas, esse desejo se torna mais forte, porque desperta a compara\u00e7\u00e3o.<br>No virtual, a vida das pessoas parece ser melhor do que as nossas, impress\u00e3o que traz o sentimento de frustra\u00e7\u00e3o e, muitas vezes, a necessidade de se superar. A\u00ed que mora o perigo: n\u00e3o \u00e9 errado querer evoluir e ter ambi\u00e7\u00f5es, mas sim a forma como voc\u00ea encara o processo para conquistar suas metas e aspira\u00e7\u00f5es. Continue lendo e entenda!<\/p>\n\n\n\n<div class=\"wp-block-image\"><figure class=\"aligncenter size-large is-resized\"><img loading=\"lazy\" decoding=\"async\" src=\"https:\/\/jornalfatosenoticias.com.br\/wp-content\/uploads\/2023\/08\/Steel.jpeg\" alt=\"\" class=\"wp-image-44634\" width=\"335\" height=\"272\" srcset=\"https:\/\/jornalfatosenoticias.com.br\/wp-content\/uploads\/2023\/08\/Steel.jpeg 800w, https:\/\/jornalfatosenoticias.com.br\/wp-content\/uploads\/2023\/08\/Steel-300x244.jpeg 300w, https:\/\/jornalfatosenoticias.com.br\/wp-content\/uploads\/2023\/08\/Steel-768x624.jpeg 768w\" sizes=\"auto, (max-width: 335px) 100vw, 335px\" \/><\/figure><\/div>\n\n\n\n<p><strong><span class=\"has-inline-color has-vivid-purple-color\">Perfeccionismo \u00e9 doen\u00e7a?<br><\/span><\/strong>O perfeccionismo \u00e9 um tra\u00e7o que pode estar presente em diversos transtornos, como o Transtorno de Personalidade Obssessivo-Compulsivo. Apesar de ter o potencial de gerar problemas de sa\u00fade mental, nem sempre o perfeccionismo \u00e9 um vil\u00e3o. A <strong>psic\u00f3loga cognitivo comportamental,<\/strong> Rejane Sbrissa, aponta que em alguns casos, essa caracter\u00edstica pode ser bem aplicada, mas \u00e9 necess\u00e1rio que seja dosada e controlada.<\/p>\n\n\n\n<div class=\"wp-block-image\"><figure class=\"aligncenter size-large\"><img loading=\"lazy\" decoding=\"async\" width=\"300\" height=\"250\" src=\"https:\/\/jornalfatosenoticias.com.br\/wp-content\/uploads\/2022\/08\/arte-Casarao.jpg\" alt=\"\" class=\"wp-image-33178\"\/><\/figure><\/div>\n\n\n\n<blockquote class=\"wp-block-quote is-layout-flow wp-block-quote-is-layout-flow\"><p><span class=\"has-inline-color has-luminous-vivid-orange-color\">Os perfeccionistas prestam muita aten\u00e7\u00e3o aos detalhes, s\u00e3o bem observadores e meticulosos e, estas caracter\u00edsticas podem ser \u00fateis em algumas tarefas e profiss\u00f5es. No entanto, \u00e9 necess\u00e1rio ter equil\u00edbrio, pois ao querer que tudo saia perfeito para evitar cr\u00edticas, desaprova\u00e7\u00e3o e rejei\u00e7\u00e3o, o perfeccionista cria regras muito r\u00edgidas para si mesmo e, com isso, ultrapassa o limite do saud\u00e1vel. Dessa forma, pode se tornar obsessivo, sentindo-se sempre fraco, incapaz e frustrado quando n\u00e3o atinge o padr\u00e3o de perfei\u00e7\u00e3o que se imp\u00f5e\u201d, afirma.<\/span><\/p><\/blockquote>\n\n\n\n<div class=\"wp-block-image\"><figure class=\"aligncenter size-large is-resized\"><img loading=\"lazy\" decoding=\"async\" src=\"https:\/\/jornalfatosenoticias.com.br\/wp-content\/uploads\/2020\/02\/logo-Rapuzel-1024x571.jpg\" alt=\"\" class=\"wp-image-42808\" width=\"384\" height=\"214\" srcset=\"https:\/\/jornalfatosenoticias.com.br\/wp-content\/uploads\/2020\/02\/logo-Rapuzel-1024x571.jpg 1024w, https:\/\/jornalfatosenoticias.com.br\/wp-content\/uploads\/2020\/02\/logo-Rapuzel-300x167.jpg 300w, https:\/\/jornalfatosenoticias.com.br\/wp-content\/uploads\/2020\/02\/logo-Rapuzel-768x428.jpg 768w, https:\/\/jornalfatosenoticias.com.br\/wp-content\/uploads\/2020\/02\/logo-Rapuzel-1536x856.jpg 1536w, https:\/\/jornalfatosenoticias.com.br\/wp-content\/uploads\/2020\/02\/logo-Rapuzel.jpg 1600w\" sizes=\"auto, (max-width: 384px) 100vw, 384px\" \/><\/figure><\/div>\n\n\n\n<p>No entanto, um padr\u00e3o de comportamento perfeccionista, quando praticado de forma exagerada, pode significar um peso para a pessoa e influenciar em diversos problemas de ordem mental, como depress\u00e3o, <a href=\"https:\/\/vitat.com.br\/ansiedade\/\">ansiedade<\/a>,\u00a0<a href=\"https:\/\/vitat.com.br\/insonia\/\">ins\u00f4nia<\/a> e at\u00e9 mesmo dist\u00farbios alimentares<\/p>\n\n\n\n<div class=\"wp-block-image\"><figure class=\"aligncenter size-large is-resized\"><img loading=\"lazy\" decoding=\"async\" src=\"https:\/\/jornalfatosenoticias.com.br\/wp-content\/uploads\/2022\/02\/Precisao-Contabilidade-1024x724.jpg\" alt=\"\" class=\"wp-image-28088\" width=\"314\" height=\"222\"\/><\/figure><\/div>\n\n\n\n<p><strong><span class=\"has-inline-color has-vivid-purple-color\">Perfeccionismo na pr\u00e1tica<br><\/span><\/strong>O padr\u00e3o de comportamento perfeccionista costuma se apresentar desde a inf\u00e2ncia. Imagine um aluno que se dedica aos estudos com afinco, entrega todos os trabalhos, recebe a nota das provas e se depara com um nove. Uma nota boa, mas que \u00e9 recebida com decep\u00e7\u00e3o por esse aluno, que acredita que poderia ter se esfor\u00e7ado mais.<\/p>\n\n\n\n<div class=\"wp-block-image\"><figure class=\"aligncenter size-large\"><img decoding=\"async\" src=\"https:\/\/jornalfatosenoticias.com.br\/wp-content\/uploads\/2020\/02\/barao-das-carnes-300x164-1.jpg\" alt=\"\" class=\"wp-image-34339\"\/><\/figure><\/div>\n\n\n\n<p>As duas palavras conjugadas no futuro do pret\u00e9rito \u2014 \u201cpoderia\u201d e \u201cdeveria\u201d a imperam os pensamentos da mente perfeccionista, que nunca est\u00e1 satisfeita com as situa\u00e7\u00f5es do momento. Essa forma de lidar com as coisas traz como consequ\u00eancia a forte exig\u00eancia sobre si pr\u00f3prio, com cobran\u00e7as excessivas para se destacar e n\u00e3o decepcionar. E se isso ocorre, \u00e9 como se tivesse fracassado.<\/p>\n\n\n\n<div class=\"wp-block-image\"><figure class=\"aligncenter size-large is-resized\"><img loading=\"lazy\" decoding=\"async\" src=\"https:\/\/jornalfatosenoticias.com.br\/wp-content\/uploads\/2023\/08\/ITH.jpeg\" alt=\"\" class=\"wp-image-44638\" width=\"326\" height=\"265\" srcset=\"https:\/\/jornalfatosenoticias.com.br\/wp-content\/uploads\/2023\/08\/ITH.jpeg 800w, https:\/\/jornalfatosenoticias.com.br\/wp-content\/uploads\/2023\/08\/ITH-300x244.jpeg 300w, https:\/\/jornalfatosenoticias.com.br\/wp-content\/uploads\/2023\/08\/ITH-768x624.jpeg 768w\" sizes=\"auto, (max-width: 326px) 100vw, 326px\" \/><\/figure><\/div>\n\n\n\n<p><strong><span class=\"has-inline-color has-vivid-purple-color\">Principais caracter\u00edsticas<br><\/span><\/strong>De acordo com a psic\u00f3loga Rejane, para identificar o perfeccionismo, \u00e9 preciso prestar aten\u00e7\u00e3o ao conjunto de sinais, por mais que alguns sejam evidentes. Confira os principais a seguir:<\/p>\n\n\n\n<ul class=\"wp-block-list\"><li>Alto padr\u00e3o de cobran\u00e7a sobre si e os outros;<\/li><li>Estabelece metas ambiciosas;<\/li><li>Muita dedica\u00e7\u00e3o; mira somente a perfei\u00e7\u00e3o ou nada;<\/li><li>Concentram-se nas falhas, dando muita import\u00e2ncia ao erro;<\/li><li>Ignoram aspectos de resultados que acreditam n\u00e3o serem perfeitos, frustrando por todo um trabalho feito;<\/li><li>Dificuldade em aceitar ou aprender com erros; sentem-se sempre culpados.<\/li><\/ul>\n\n\n\n<div class=\"wp-block-image\"><figure class=\"aligncenter size-large\"><img loading=\"lazy\" decoding=\"async\" width=\"300\" height=\"250\" src=\"https:\/\/jornalfatosenoticias.com.br\/wp-content\/uploads\/2022\/02\/FERRARI_MAQUINAS-E-FERRAMENTAS2.jpg\" alt=\"\" class=\"wp-image-27860\"\/><\/figure><\/div>\n\n\n\n<p><strong><span class=\"has-inline-color has-vivid-purple-color\">Quando o perfeccionismo se torna um problema<br><\/span><\/strong>Embora seja uma caracter\u00edstica muito benquista no mundo corporativo \u2014 um funcion\u00e1rio perfeccionista se empenha em entregar a melhor ideia, o resultado mais expressivo \u2014 n\u00e3o \u00e9 uma qualidade boa se for levada ao extremo. Afinal, existe uma linha t\u00eanue entre perfeccionismo e dedica\u00e7\u00e3o em entregar o seu melhor.<\/p>\n\n\n\n<h3 class=\"wp-block-heading\"><strong><span class=\"has-inline-color has-vivid-purple-color\">O perfeccionista tem muito a perder porque:<\/span><\/strong><\/h3>\n\n\n\n<div class=\"wp-block-image\"><figure class=\"aligncenter size-large is-resized\"><img loading=\"lazy\" decoding=\"async\" src=\"https:\/\/jornalfatosenoticias.com.br\/wp-content\/uploads\/2023\/08\/Control-Systems.jpg\" alt=\"\" class=\"wp-image-44092\" width=\"352\" height=\"422\"\/><\/figure><\/div>\n\n\n\n<ul class=\"wp-block-list\"><li>\u00c9 duro demais consigo pr\u00f3prio a ponto de n\u00e3o celebrar as realiza\u00e7\u00f5es. Nunca ser\u00e1 o suficiente.<\/li><li>A necessidade de executar todas as atividades com tamanha perfei\u00e7\u00e3o pode atrapalhar a rotina. O fato de nunca nada estar bom o bastante pode paralisar a tomada de decis\u00f5es importantes, porque o momento ideal sempre est\u00e1 longe de acontecer. Al\u00e9m disso, pode levar \u00e0 repeti\u00e7\u00e3o de tarefas para que se alcance o que o perfeccionista considera ideal. Ent\u00e3o, a qualidade antes estimada no ambiente profissional pode jogar contra a produtividade do indiv\u00edduo.<\/li><li>Esse tra\u00e7o da personalidade pode gerar <a href=\"https:\/\/vitat.com.br\/estresse\/\">estresse<\/a> e ansiedade.<\/li><li>O perfeccionismo \u00e9 uma forma de se depreciar, de n\u00e3o honrar seus pr\u00f3prios m\u00e9ritos, que causa problemas de <a href=\"https:\/\/vitat.com.br\/autoestima\/\">autoestima<\/a> e inseguran\u00e7a.<\/li><li>Pode impedir o conv\u00edvio em harmonia com colegas de trabalho e pessoas do c\u00edrculo social, que se sentem intimidadas ou constrangidas, porque o perfeccionista \u00e9 um duro cr\u00edtico do trabalho e atitude dos outros que o cercam.<\/li><li>Pode pressionar pessoas pr\u00f3ximas por exigir os mesmos padr\u00f5es de perfei\u00e7\u00e3o. Um exemplo \u00e9 de pais perfeccionistas, que imp\u00f5em uma carga de responsabilidade e excel\u00eancia muito pesada sobre os filhos. Essa press\u00e3o sobre as crian\u00e7as traz o risco de uma gera\u00e7\u00e3o de novos perfeccionistas, que poder\u00e3o repetir o mesmo padr\u00e3o sobre seus sucessores.<\/li><\/ul>\n\n\n\n<div class=\"wp-block-image\"><figure class=\"aligncenter size-large\"><img decoding=\"async\" src=\"https:\/\/jornalfatosenoticias.com.br\/wp-content\/uploads\/2020\/02\/logo_esteio.jpg\" alt=\"\" class=\"wp-image-1214\"\/><\/figure><\/div>\n\n\n\n<p><strong><span class=\"has-inline-color has-vivid-purple-color\">Tipos de perfeccionismo<br><\/span><\/strong>Para lidar melhor com o problema, \u00e9 necess\u00e1rio identific\u00e1-lo e conhec\u00ea-lo em sua totalidade, j\u00e1 que o perfeccionismo possui diferentes formas de manifesta\u00e7\u00e3o no comportamento.<\/p>\n\n\n\n<p><strong><span class=\"has-inline-color has-black-color\">Tipo pessoal:<\/span><\/strong> foco na autoavalia\u00e7\u00e3o, exig\u00eancia grande sobre si mesmo.<br><strong><span class=\"has-inline-color has-black-color\">Perfeccionista social:<\/span><\/strong> preocupa\u00e7\u00e3o excessiva sobre o que os outros acham dele. Neste caso ficam tentando atender as supostas expectativas alheias, medo da rejei\u00e7\u00e3o e de cr\u00edticas.<br><strong><span class=\"has-inline-color has-black-color\">Perfeccionismo orientado para os outros: <\/span><\/strong>o que se espera dos outros com padr\u00f5es bem r\u00edgidos e exigentes. S\u00e3o intolerantes aos erros e defeitos dos outros e t\u00eam dificuldade de se relacionar.<\/p>\n\n\n\n<div class=\"wp-block-image\"><figure class=\"aligncenter size-large\"><img loading=\"lazy\" decoding=\"async\" width=\"300\" height=\"300\" src=\"https:\/\/jornalfatosenoticias.com.br\/wp-content\/uploads\/2020\/02\/casa-do-torresmo_portal.jpg\" alt=\"\" class=\"wp-image-34472\" srcset=\"https:\/\/jornalfatosenoticias.com.br\/wp-content\/uploads\/2020\/02\/casa-do-torresmo_portal.jpg 300w, https:\/\/jornalfatosenoticias.com.br\/wp-content\/uploads\/2020\/02\/casa-do-torresmo_portal-150x150.jpg 150w\" sizes=\"auto, (max-width: 300px) 100vw, 300px\" \/><\/figure><\/div>\n\n\n\n<p><strong><span class=\"has-inline-color has-vivid-purple-color\">Como ser menos perfeccionista?<br><\/span><\/strong>Lembre-se que perfei\u00e7\u00e3o n\u00e3o existe, o mundo n\u00e3o \u00e9 dual e nada \u00e9 absolutamente bom ou absolutamente ruim. O perfeccionismo \u00e9 um tra\u00e7o da personalidade, ou seja, faz parte da pessoa, que em algum momento da vida passou a adotar esse comportamento, seja em sua cria\u00e7\u00e3o familiar, de amigos e trabalho. Hoje, \u00e9 comum ser v\u00edtima do perfeccionismo porque a sociedade incentiva esse comportamento \u2014 como j\u00e1 dito, as redes sociais, televis\u00e3o, m\u00eddia \u2014 tudo conspira para que as pessoas busquem suas melhores vers\u00f5es, que se refletem no excesso: tem que treinar mais para ter o corpo perfeito, estudar mais para ser o n\u00famero um na faculdade, trabalhar mais para ser promovido logo.<br>Portanto, o caminho para ser menos perfeccionista envolve olhar o mundo com mais equil\u00edbrio. Confira as dicas da psic\u00f3loga Rejane Sbrissa para atenuar esse comportamento:<\/p>\n\n\n\n<div class=\"wp-block-image\"><figure class=\"aligncenter size-large is-resized\"><img loading=\"lazy\" decoding=\"async\" src=\"https:\/\/jornalfatosenoticias.com.br\/wp-content\/uploads\/2023\/08\/LOGO-BLU-COMERCIAL-PRETO-1024x600.jpg\" alt=\"\" class=\"wp-image-44053\" width=\"345\" height=\"201\"\/><\/figure><\/div>\n\n\n\n<ul class=\"wp-block-list\"><li>Lembre-se que perfei\u00e7\u00e3o n\u00e3o existe, o mundo \u00e9 dual e nada \u00e9 absolutamente bom ou absolutamente ruim.<\/li><li>Tente perceber os danos em se exigir demais<\/li><li>Enfrente as cr\u00edticas, pense sobre elas e aprenda com os erros.<\/li><li>Pense em fazer seu melhor no momento, n\u00e3o em ser perfeito.<\/li><li>N\u00e3o se compare com os outros.<\/li><\/ul>\n\n\n\n<div class=\"wp-block-image\"><figure class=\"aligncenter size-large is-resized\"><img loading=\"lazy\" decoding=\"async\" src=\"https:\/\/jornalfatosenoticias.com.br\/wp-content\/uploads\/2023\/03\/nova-logo-Marquetti.jpg\" alt=\"\" class=\"wp-image-40207\" width=\"319\" height=\"214\" srcset=\"https:\/\/jornalfatosenoticias.com.br\/wp-content\/uploads\/2023\/03\/nova-logo-Marquetti.jpg 643w, https:\/\/jornalfatosenoticias.com.br\/wp-content\/uploads\/2023\/03\/nova-logo-Marquetti-300x202.jpg 300w\" sizes=\"auto, (max-width: 319px) 100vw, 319px\" \/><\/figure><\/div>\n\n\n\n<p><strong><span class=\"has-inline-color has-vivid-purple-color\">Import\u00e2ncia da terapia<br><\/span><\/strong>O fato \u00e9 que a perfei\u00e7\u00e3o n\u00e3o existe, \u00e9 apenas um ideal que habita o imagin\u00e1rio, porque o conceito do \u201cperfeito\u201d \u00e9 relativo. Por isso, se voc\u00ea percebe que o perfeccionismo atrapalha sua vida, ou ouve com frequ\u00eancia de pessoas pr\u00f3ximas que seu comportamento \u00e9 prejudicial para si pr\u00f3prio, busque ajuda profissional.<\/p>\n\n\n\n<div class=\"wp-block-image\"><figure class=\"aligncenter size-large is-resized\"><img loading=\"lazy\" decoding=\"async\" src=\"https:\/\/jornalfatosenoticias.com.br\/wp-content\/uploads\/2023\/08\/BKR-1024x1021.jpg\" alt=\"\" class=\"wp-image-44494\" width=\"328\" height=\"327\" srcset=\"https:\/\/jornalfatosenoticias.com.br\/wp-content\/uploads\/2023\/08\/BKR-1024x1021.jpg 1024w, https:\/\/jornalfatosenoticias.com.br\/wp-content\/uploads\/2023\/08\/BKR-300x300.jpg 300w, https:\/\/jornalfatosenoticias.com.br\/wp-content\/uploads\/2023\/08\/BKR-150x150.jpg 150w, https:\/\/jornalfatosenoticias.com.br\/wp-content\/uploads\/2023\/08\/BKR-768x766.jpg 768w, https:\/\/jornalfatosenoticias.com.br\/wp-content\/uploads\/2023\/08\/BKR.jpg 1080w\" sizes=\"auto, (max-width: 328px) 100vw, 328px\" \/><\/figure><\/div>\n\n\n\n<blockquote class=\"wp-block-quote is-layout-flow wp-block-quote-is-layout-flow\"><p><span class=\"has-inline-color has-luminous-vivid-orange-color\">O perfeccionista precisa procurar um tratamento psicol\u00f3gico quando perceber que sua vida pessoal est\u00e1 sendo afetada. A psicologia o ajudar\u00e1 a lidar com as consequ\u00eancias negativas do perfeccionismo, compreender as origens de tanta inseguran\u00e7a e busca pela perfei\u00e7\u00e3o, tanto medo em n\u00e3o poder errar ou ser criticado e auxiliar\u00e1 nas mudan\u00e7as de comportamentos e pensamentos necess\u00e1rios para uma sa\u00fade mental mais equilibrada\u201d, recomenda a psic\u00f3loga.<\/span><\/p><\/blockquote>\n\n\n\n<div class=\"wp-block-image\"><figure class=\"aligncenter size-large is-resized\"><img loading=\"lazy\" decoding=\"async\" src=\"https:\/\/jornalfatosenoticias.com.br\/wp-content\/uploads\/2023\/03\/logo-Panper_portal.jpg\" alt=\"\" class=\"wp-image-40208\" width=\"321\" height=\"222\" srcset=\"https:\/\/jornalfatosenoticias.com.br\/wp-content\/uploads\/2023\/03\/logo-Panper_portal.jpg 400w, https:\/\/jornalfatosenoticias.com.br\/wp-content\/uploads\/2023\/03\/logo-Panper_portal-300x208.jpg 300w\" sizes=\"auto, (max-width: 321px) 100vw, 321px\" \/><\/figure><\/div>\n\n\n\n<p>Dessa forma, fazer terapia e buscar conforto no di\u00e1logo com um psic\u00f3logo \u00e9 fundamental para auxiliar a quebrar esse padr\u00e3o de comportamento e a identificar as origens da busca pela perfei\u00e7\u00e3o. Com o apoio profissional, o perfeccionista aprende a se observar com menos julgamentos e a abra\u00e7ar suas imperfei\u00e7\u00f5es e falhas. E, principalmente, com o tempo, aprende a reconhecer as pr\u00f3prias conquistas e a tra\u00e7ar objetivos com mais leveza.<\/p>\n\n\n\n<div class=\"wp-block-image\"><figure class=\"aligncenter size-large is-resized\"><img loading=\"lazy\" decoding=\"async\" src=\"https:\/\/jornalfatosenoticias.com.br\/wp-content\/uploads\/2023\/08\/VSM-Group.jpeg\" alt=\"\" class=\"wp-image-44364\" width=\"317\" height=\"317\"\/><\/figure><\/div>\n\n\n\n<p><strong><em>Fonte: <a href=\"https:\/\/vitat.com.br\/perfeccionismo\/\">Vitat<\/a><\/em><\/strong><\/p>\n","protected":false},"excerpt":{"rendered":"<p>O perfeccionismo nunca esteve t\u00e3o presente nas nossas vidas. Como o pr\u00f3prio nome sugere, o perfeccionismo \u00e9 um tra\u00e7o de personalidade caracterizado pela busca incessante em atingir a perfei\u00e7\u00e3o em uma tarefa ou objetivo. Com o peso das redes sociais nas rotinas, esse desejo se torna mais forte, porque desperta a compara\u00e7\u00e3o.No virtual, a vida [&hellip;]<\/p>\n","protected":false},"author":2,"featured_media":44838,"comment_status":"open","ping_status":"open","sticky":false,"template":"","format":"standard","meta":{"footnotes":""},"categories":[2522],"tags":[385,386,13308,21123,688,21124],"class_list":["post-44837","post","type-post","status-publish","format-standard","has-post-thumbnail","hentry","category-comportamento","tag-bem-estar","tag-equilibrio","tag-perfeccionismo","tag-perfeccionista","tag-saude-mental","tag-transtorno-de-personalidade-obssessivo-compulsivo"],"yoast_head":"<!-- This site is optimized with the Yoast SEO plugin v26.5 - https:\/\/yoast.com\/wordpress\/plugins\/seo\/ -->\n<title>Perfeccionismo: o que \u00e9 e como pode afetar a sa\u00fade mental - Jornal Fatos e Not\u00edcias<\/title>\n<meta name=\"robots\" content=\"index, follow, max-snippet:-1, max-image-preview:large, max-video-preview:-1\" \/>\n<link rel=\"canonical\" href=\"https:\/\/jornalfatosenoticias.com.br\/index.php\/2023\/09\/04\/perfeccionismo-o-que-e-e-como-pode-afetar-a-saude-mental\/\" \/>\n<meta property=\"og:locale\" content=\"pt_BR\" \/>\n<meta property=\"og:type\" content=\"article\" \/>\n<meta property=\"og:title\" content=\"Perfeccionismo: o que \u00e9 e como pode afetar a sa\u00fade mental - Jornal Fatos e Not\u00edcias\" \/>\n<meta property=\"og:description\" content=\"O perfeccionismo nunca esteve t\u00e3o presente nas nossas vidas. Como o pr\u00f3prio nome sugere, o perfeccionismo \u00e9 um tra\u00e7o de personalidade caracterizado pela busca incessante em atingir a perfei\u00e7\u00e3o em uma tarefa ou objetivo. Com o peso das redes sociais nas rotinas, esse desejo se torna mais forte, porque desperta a compara\u00e7\u00e3o.No virtual, a vida [&hellip;]\" \/>\n<meta property=\"og:url\" content=\"https:\/\/jornalfatosenoticias.com.br\/index.php\/2023\/09\/04\/perfeccionismo-o-que-e-e-como-pode-afetar-a-saude-mental\/\" \/>\n<meta property=\"og:site_name\" content=\"Jornal Fatos e Not\u00edcias\" \/>\n<meta property=\"article:published_time\" content=\"2023-09-04T13:43:28+00:00\" \/>\n<meta property=\"article:modified_time\" content=\"2023-09-04T13:43:29+00:00\" \/>\n<meta property=\"og:image\" content=\"https:\/\/jornalfatosenoticias.com.br\/wp-content\/uploads\/2023\/09\/perfeccionista.jpg\" \/>\n\t<meta property=\"og:image:width\" content=\"812\" \/>\n\t<meta property=\"og:image:height\" content=\"541\" \/>\n\t<meta property=\"og:image:type\" content=\"image\/jpeg\" \/>\n<meta name=\"author\" content=\"Luzimara Fernandes\" \/>\n<meta name=\"twitter:card\" content=\"summary_large_image\" \/>\n<meta name=\"twitter:label1\" content=\"Escrito por\" \/>\n\t<meta name=\"twitter:data1\" content=\"Luzimara Fernandes\" \/>\n\t<meta name=\"twitter:label2\" content=\"Est. tempo de leitura\" \/>\n\t<meta name=\"twitter:data2\" content=\"7 minutos\" \/>\n<script type=\"application\/ld+json\" class=\"yoast-schema-graph\">{\"@context\":\"https:\/\/schema.org\",\"@graph\":[{\"@type\":\"Article\",\"@id\":\"https:\/\/jornalfatosenoticias.com.br\/index.php\/2023\/09\/04\/perfeccionismo-o-que-e-e-como-pode-afetar-a-saude-mental\/#article\",\"isPartOf\":{\"@id\":\"https:\/\/jornalfatosenoticias.com.br\/index.php\/2023\/09\/04\/perfeccionismo-o-que-e-e-como-pode-afetar-a-saude-mental\/\"},\"author\":{\"name\":\"Luzimara Fernandes\",\"@id\":\"https:\/\/jornalfatosenoticias.com.br\/#\/schema\/person\/d63837fa13ac8666eb9e74e0985d6f81\"},\"headline\":\"Perfeccionismo: o que \u00e9 e como pode afetar a sa\u00fade mental\",\"datePublished\":\"2023-09-04T13:43:28+00:00\",\"dateModified\":\"2023-09-04T13:43:29+00:00\",\"mainEntityOfPage\":{\"@id\":\"https:\/\/jornalfatosenoticias.com.br\/index.php\/2023\/09\/04\/perfeccionismo-o-que-e-e-como-pode-afetar-a-saude-mental\/\"},\"wordCount\":1372,\"commentCount\":0,\"publisher\":{\"@id\":\"https:\/\/jornalfatosenoticias.com.br\/#organization\"},\"image\":{\"@id\":\"https:\/\/jornalfatosenoticias.com.br\/index.php\/2023\/09\/04\/perfeccionismo-o-que-e-e-como-pode-afetar-a-saude-mental\/#primaryimage\"},\"thumbnailUrl\":\"https:\/\/jornalfatosenoticias.com.br\/wp-content\/uploads\/2023\/09\/perfeccionista.jpg\",\"keywords\":[\"bem-estar\",\"equil\u00edbrio\",\"perfeccionismo\",\"perfeccionista\",\"sa\u00fade mental\",\"Transtorno de Personalidade Obssessivo-Compulsivo\"],\"articleSection\":[\"Comportamento &amp; Equil\u00edbrio\"],\"inLanguage\":\"pt-BR\",\"potentialAction\":[{\"@type\":\"CommentAction\",\"name\":\"Comment\",\"target\":[\"https:\/\/jornalfatosenoticias.com.br\/index.php\/2023\/09\/04\/perfeccionismo-o-que-e-e-como-pode-afetar-a-saude-mental\/#respond\"]}]},{\"@type\":\"WebPage\",\"@id\":\"https:\/\/jornalfatosenoticias.com.br\/index.php\/2023\/09\/04\/perfeccionismo-o-que-e-e-como-pode-afetar-a-saude-mental\/\",\"url\":\"https:\/\/jornalfatosenoticias.com.br\/index.php\/2023\/09\/04\/perfeccionismo-o-que-e-e-como-pode-afetar-a-saude-mental\/\",\"name\":\"Perfeccionismo: o que \u00e9 e como pode afetar a sa\u00fade mental - Jornal Fatos e Not\u00edcias\",\"isPartOf\":{\"@id\":\"https:\/\/jornalfatosenoticias.com.br\/#website\"},\"primaryImageOfPage\":{\"@id\":\"https:\/\/jornalfatosenoticias.com.br\/index.php\/2023\/09\/04\/perfeccionismo-o-que-e-e-como-pode-afetar-a-saude-mental\/#primaryimage\"},\"image\":{\"@id\":\"https:\/\/jornalfatosenoticias.com.br\/index.php\/2023\/09\/04\/perfeccionismo-o-que-e-e-como-pode-afetar-a-saude-mental\/#primaryimage\"},\"thumbnailUrl\":\"https:\/\/jornalfatosenoticias.com.br\/wp-content\/uploads\/2023\/09\/perfeccionista.jpg\",\"datePublished\":\"2023-09-04T13:43:28+00:00\",\"dateModified\":\"2023-09-04T13:43:29+00:00\",\"breadcrumb\":{\"@id\":\"https:\/\/jornalfatosenoticias.com.br\/index.php\/2023\/09\/04\/perfeccionismo-o-que-e-e-como-pode-afetar-a-saude-mental\/#breadcrumb\"},\"inLanguage\":\"pt-BR\",\"potentialAction\":[{\"@type\":\"ReadAction\",\"target\":[\"https:\/\/jornalfatosenoticias.com.br\/index.php\/2023\/09\/04\/perfeccionismo-o-que-e-e-como-pode-afetar-a-saude-mental\/\"]}]},{\"@type\":\"ImageObject\",\"inLanguage\":\"pt-BR\",\"@id\":\"https:\/\/jornalfatosenoticias.com.br\/index.php\/2023\/09\/04\/perfeccionismo-o-que-e-e-como-pode-afetar-a-saude-mental\/#primaryimage\",\"url\":\"https:\/\/jornalfatosenoticias.com.br\/wp-content\/uploads\/2023\/09\/perfeccionista.jpg\",\"contentUrl\":\"https:\/\/jornalfatosenoticias.com.br\/wp-content\/uploads\/2023\/09\/perfeccionista.jpg\",\"width\":812,\"height\":541,\"caption\":\"Concept photography.\"},{\"@type\":\"BreadcrumbList\",\"@id\":\"https:\/\/jornalfatosenoticias.com.br\/index.php\/2023\/09\/04\/perfeccionismo-o-que-e-e-como-pode-afetar-a-saude-mental\/#breadcrumb\",\"itemListElement\":[{\"@type\":\"ListItem\",\"position\":1,\"name\":\"In\u00edcio\",\"item\":\"https:\/\/jornalfatosenoticias.com.br\/\"},{\"@type\":\"ListItem\",\"position\":2,\"name\":\"Perfeccionismo: o que \u00e9 e como pode afetar a sa\u00fade mental\"}]},{\"@type\":\"WebSite\",\"@id\":\"https:\/\/jornalfatosenoticias.com.br\/#website\",\"url\":\"https:\/\/jornalfatosenoticias.com.br\/\",\"name\":\"Jornal Fatos e Not\u00edcias\",\"description\":\"Not\u00edcias em geral\",\"publisher\":{\"@id\":\"https:\/\/jornalfatosenoticias.com.br\/#organization\"},\"potentialAction\":[{\"@type\":\"SearchAction\",\"target\":{\"@type\":\"EntryPoint\",\"urlTemplate\":\"https:\/\/jornalfatosenoticias.com.br\/?s={search_term_string}\"},\"query-input\":{\"@type\":\"PropertyValueSpecification\",\"valueRequired\":true,\"valueName\":\"search_term_string\"}}],\"inLanguage\":\"pt-BR\"},{\"@type\":\"Organization\",\"@id\":\"https:\/\/jornalfatosenoticias.com.br\/#organization\",\"name\":\"Jornal Fatos e Not\u00edcias\",\"url\":\"https:\/\/jornalfatosenoticias.com.br\/\",\"logo\":{\"@type\":\"ImageObject\",\"inLanguage\":\"pt-BR\",\"@id\":\"https:\/\/jornalfatosenoticias.com.br\/#\/schema\/logo\/image\/\",\"url\":\"https:\/\/jornalfatosenoticias.com.br\/wp-content\/uploads\/2020\/02\/logo120.png\",\"contentUrl\":\"https:\/\/jornalfatosenoticias.com.br\/wp-content\/uploads\/2020\/02\/logo120.png\",\"width\":1227,\"height\":120,\"caption\":\"Jornal Fatos e Not\u00edcias\"},\"image\":{\"@id\":\"https:\/\/jornalfatosenoticias.com.br\/#\/schema\/logo\/image\/\"}},{\"@type\":\"Person\",\"@id\":\"https:\/\/jornalfatosenoticias.com.br\/#\/schema\/person\/d63837fa13ac8666eb9e74e0985d6f81\",\"name\":\"Luzimara Fernandes\",\"image\":{\"@type\":\"ImageObject\",\"inLanguage\":\"pt-BR\",\"@id\":\"https:\/\/jornalfatosenoticias.com.br\/#\/schema\/person\/image\/\",\"url\":\"https:\/\/jornalfatosenoticias.com.br\/wp-content\/uploads\/2025\/05\/EU_portal.jpg\",\"contentUrl\":\"https:\/\/jornalfatosenoticias.com.br\/wp-content\/uploads\/2025\/05\/EU_portal.jpg\",\"caption\":\"Luzimara Fernandes\"},\"description\":\"Jornalista MTB 2358-ES\",\"sameAs\":[\"https:\/\/jornalfatosenoticias.com.br\"],\"url\":\"https:\/\/jornalfatosenoticias.com.br\/index.php\/author\/luzimara\/\"}]}<\/script>\n<!-- \/ Yoast SEO plugin. -->","yoast_head_json":{"title":"Perfeccionismo: o que \u00e9 e como pode afetar a sa\u00fade mental - Jornal Fatos e Not\u00edcias","robots":{"index":"index","follow":"follow","max-snippet":"max-snippet:-1","max-image-preview":"max-image-preview:large","max-video-preview":"max-video-preview:-1"},"canonical":"https:\/\/jornalfatosenoticias.com.br\/index.php\/2023\/09\/04\/perfeccionismo-o-que-e-e-como-pode-afetar-a-saude-mental\/","og_locale":"pt_BR","og_type":"article","og_title":"Perfeccionismo: o que \u00e9 e como pode afetar a sa\u00fade mental - Jornal Fatos e Not\u00edcias","og_description":"O perfeccionismo nunca esteve t\u00e3o presente nas nossas vidas. Como o pr\u00f3prio nome sugere, o perfeccionismo \u00e9 um tra\u00e7o de personalidade caracterizado pela busca incessante em atingir a perfei\u00e7\u00e3o em uma tarefa ou objetivo. Com o peso das redes sociais nas rotinas, esse desejo se torna mais forte, porque desperta a compara\u00e7\u00e3o.No virtual, a vida [&hellip;]","og_url":"https:\/\/jornalfatosenoticias.com.br\/index.php\/2023\/09\/04\/perfeccionismo-o-que-e-e-como-pode-afetar-a-saude-mental\/","og_site_name":"Jornal Fatos e Not\u00edcias","article_published_time":"2023-09-04T13:43:28+00:00","article_modified_time":"2023-09-04T13:43:29+00:00","og_image":[{"width":812,"height":541,"url":"https:\/\/jornalfatosenoticias.com.br\/wp-content\/uploads\/2023\/09\/perfeccionista.jpg","type":"image\/jpeg"}],"author":"Luzimara Fernandes","twitter_card":"summary_large_image","twitter_misc":{"Escrito por":"Luzimara Fernandes","Est. tempo de leitura":"7 minutos"},"schema":{"@context":"https:\/\/schema.org","@graph":[{"@type":"Article","@id":"https:\/\/jornalfatosenoticias.com.br\/index.php\/2023\/09\/04\/perfeccionismo-o-que-e-e-como-pode-afetar-a-saude-mental\/#article","isPartOf":{"@id":"https:\/\/jornalfatosenoticias.com.br\/index.php\/2023\/09\/04\/perfeccionismo-o-que-e-e-como-pode-afetar-a-saude-mental\/"},"author":{"name":"Luzimara Fernandes","@id":"https:\/\/jornalfatosenoticias.com.br\/#\/schema\/person\/d63837fa13ac8666eb9e74e0985d6f81"},"headline":"Perfeccionismo: o que \u00e9 e como pode afetar a sa\u00fade mental","datePublished":"2023-09-04T13:43:28+00:00","dateModified":"2023-09-04T13:43:29+00:00","mainEntityOfPage":{"@id":"https:\/\/jornalfatosenoticias.com.br\/index.php\/2023\/09\/04\/perfeccionismo-o-que-e-e-como-pode-afetar-a-saude-mental\/"},"wordCount":1372,"commentCount":0,"publisher":{"@id":"https:\/\/jornalfatosenoticias.com.br\/#organization"},"image":{"@id":"https:\/\/jornalfatosenoticias.com.br\/index.php\/2023\/09\/04\/perfeccionismo-o-que-e-e-como-pode-afetar-a-saude-mental\/#primaryimage"},"thumbnailUrl":"https:\/\/jornalfatosenoticias.com.br\/wp-content\/uploads\/2023\/09\/perfeccionista.jpg","keywords":["bem-estar","equil\u00edbrio","perfeccionismo","perfeccionista","sa\u00fade mental","Transtorno de Personalidade Obssessivo-Compulsivo"],"articleSection":["Comportamento &amp; Equil\u00edbrio"],"inLanguage":"pt-BR","potentialAction":[{"@type":"CommentAction","name":"Comment","target":["https:\/\/jornalfatosenoticias.com.br\/index.php\/2023\/09\/04\/perfeccionismo-o-que-e-e-como-pode-afetar-a-saude-mental\/#respond"]}]},{"@type":"WebPage","@id":"https:\/\/jornalfatosenoticias.com.br\/index.php\/2023\/09\/04\/perfeccionismo-o-que-e-e-como-pode-afetar-a-saude-mental\/","url":"https:\/\/jornalfatosenoticias.com.br\/index.php\/2023\/09\/04\/perfeccionismo-o-que-e-e-como-pode-afetar-a-saude-mental\/","name":"Perfeccionismo: o que \u00e9 e como pode afetar a sa\u00fade mental - Jornal Fatos e Not\u00edcias","isPartOf":{"@id":"https:\/\/jornalfatosenoticias.com.br\/#website"},"primaryImageOfPage":{"@id":"https:\/\/jornalfatosenoticias.com.br\/index.php\/2023\/09\/04\/perfeccionismo-o-que-e-e-como-pode-afetar-a-saude-mental\/#primaryimage"},"image":{"@id":"https:\/\/jornalfatosenoticias.com.br\/index.php\/2023\/09\/04\/perfeccionismo-o-que-e-e-como-pode-afetar-a-saude-mental\/#primaryimage"},"thumbnailUrl":"https:\/\/jornalfatosenoticias.com.br\/wp-content\/uploads\/2023\/09\/perfeccionista.jpg","datePublished":"2023-09-04T13:43:28+00:00","dateModified":"2023-09-04T13:43:29+00:00","breadcrumb":{"@id":"https:\/\/jornalfatosenoticias.com.br\/index.php\/2023\/09\/04\/perfeccionismo-o-que-e-e-como-pode-afetar-a-saude-mental\/#breadcrumb"},"inLanguage":"pt-BR","potentialAction":[{"@type":"ReadAction","target":["https:\/\/jornalfatosenoticias.com.br\/index.php\/2023\/09\/04\/perfeccionismo-o-que-e-e-como-pode-afetar-a-saude-mental\/"]}]},{"@type":"ImageObject","inLanguage":"pt-BR","@id":"https:\/\/jornalfatosenoticias.com.br\/index.php\/2023\/09\/04\/perfeccionismo-o-que-e-e-como-pode-afetar-a-saude-mental\/#primaryimage","url":"https:\/\/jornalfatosenoticias.com.br\/wp-content\/uploads\/2023\/09\/perfeccionista.jpg","contentUrl":"https:\/\/jornalfatosenoticias.com.br\/wp-content\/uploads\/2023\/09\/perfeccionista.jpg","width":812,"height":541,"caption":"Concept photography."},{"@type":"BreadcrumbList","@id":"https:\/\/jornalfatosenoticias.com.br\/index.php\/2023\/09\/04\/perfeccionismo-o-que-e-e-como-pode-afetar-a-saude-mental\/#breadcrumb","itemListElement":[{"@type":"ListItem","position":1,"name":"In\u00edcio","item":"https:\/\/jornalfatosenoticias.com.br\/"},{"@type":"ListItem","position":2,"name":"Perfeccionismo: o que \u00e9 e como pode afetar a sa\u00fade mental"}]},{"@type":"WebSite","@id":"https:\/\/jornalfatosenoticias.com.br\/#website","url":"https:\/\/jornalfatosenoticias.com.br\/","name":"Jornal Fatos e Not\u00edcias","description":"Not\u00edcias em geral","publisher":{"@id":"https:\/\/jornalfatosenoticias.com.br\/#organization"},"potentialAction":[{"@type":"SearchAction","target":{"@type":"EntryPoint","urlTemplate":"https:\/\/jornalfatosenoticias.com.br\/?s={search_term_string}"},"query-input":{"@type":"PropertyValueSpecification","valueRequired":true,"valueName":"search_term_string"}}],"inLanguage":"pt-BR"},{"@type":"Organization","@id":"https:\/\/jornalfatosenoticias.com.br\/#organization","name":"Jornal Fatos e Not\u00edcias","url":"https:\/\/jornalfatosenoticias.com.br\/","logo":{"@type":"ImageObject","inLanguage":"pt-BR","@id":"https:\/\/jornalfatosenoticias.com.br\/#\/schema\/logo\/image\/","url":"https:\/\/jornalfatosenoticias.com.br\/wp-content\/uploads\/2020\/02\/logo120.png","contentUrl":"https:\/\/jornalfatosenoticias.com.br\/wp-content\/uploads\/2020\/02\/logo120.png","width":1227,"height":120,"caption":"Jornal Fatos e Not\u00edcias"},"image":{"@id":"https:\/\/jornalfatosenoticias.com.br\/#\/schema\/logo\/image\/"}},{"@type":"Person","@id":"https:\/\/jornalfatosenoticias.com.br\/#\/schema\/person\/d63837fa13ac8666eb9e74e0985d6f81","name":"Luzimara Fernandes","image":{"@type":"ImageObject","inLanguage":"pt-BR","@id":"https:\/\/jornalfatosenoticias.com.br\/#\/schema\/person\/image\/","url":"https:\/\/jornalfatosenoticias.com.br\/wp-content\/uploads\/2025\/05\/EU_portal.jpg","contentUrl":"https:\/\/jornalfatosenoticias.com.br\/wp-content\/uploads\/2025\/05\/EU_portal.jpg","caption":"Luzimara Fernandes"},"description":"Jornalista MTB 2358-ES","sameAs":["https:\/\/jornalfatosenoticias.com.br"],"url":"https:\/\/jornalfatosenoticias.com.br\/index.php\/author\/luzimara\/"}]}},"cc_featured_image_caption":{"caption_text":"(Foto: iStock)","source_text":"","source_url":""},"jetpack_featured_media_url":"https:\/\/jornalfatosenoticias.com.br\/wp-content\/uploads\/2023\/09\/perfeccionista.jpg","_links":{"self":[{"href":"https:\/\/jornalfatosenoticias.com.br\/index.php\/wp-json\/wp\/v2\/posts\/44837","targetHints":{"allow":["GET"]}}],"collection":[{"href":"https:\/\/jornalfatosenoticias.com.br\/index.php\/wp-json\/wp\/v2\/posts"}],"about":[{"href":"https:\/\/jornalfatosenoticias.com.br\/index.php\/wp-json\/wp\/v2\/types\/post"}],"author":[{"embeddable":true,"href":"https:\/\/jornalfatosenoticias.com.br\/index.php\/wp-json\/wp\/v2\/users\/2"}],"replies":[{"embeddable":true,"href":"https:\/\/jornalfatosenoticias.com.br\/index.php\/wp-json\/wp\/v2\/comments?post=44837"}],"version-history":[{"count":0,"href":"https:\/\/jornalfatosenoticias.com.br\/index.php\/wp-json\/wp\/v2\/posts\/44837\/revisions"}],"wp:featuredmedia":[{"embeddable":true,"href":"https:\/\/jornalfatosenoticias.com.br\/index.php\/wp-json\/wp\/v2\/media\/44838"}],"wp:attachment":[{"href":"https:\/\/jornalfatosenoticias.com.br\/index.php\/wp-json\/wp\/v2\/media?parent=44837"}],"wp:term":[{"taxonomy":"category","embeddable":true,"href":"https:\/\/jornalfatosenoticias.com.br\/index.php\/wp-json\/wp\/v2\/categories?post=44837"},{"taxonomy":"post_tag","embeddable":true,"href":"https:\/\/jornalfatosenoticias.com.br\/index.php\/wp-json\/wp\/v2\/tags?post=44837"}],"curies":[{"name":"wp","href":"https:\/\/api.w.org\/{rel}","templated":true}]}}