{"id":44840,"date":"2023-09-04T11:11:06","date_gmt":"2023-09-04T14:11:06","guid":{"rendered":"https:\/\/jornalfatosenoticias.com.br\/?p=44840"},"modified":"2023-09-04T11:11:07","modified_gmt":"2023-09-04T14:11:07","slug":"conheca-a-origem-de-quatro-criaturas-mitologicas","status":"publish","type":"post","link":"https:\/\/jornalfatosenoticias.com.br\/index.php\/2023\/09\/04\/conheca-a-origem-de-quatro-criaturas-mitologicas\/","title":{"rendered":"Conhe\u00e7a a origem de quatro criaturas mitol\u00f3gicas"},"content":{"rendered":"\n<p><em><span class=\"has-inline-color has-black-color\">Por <strong><a href=\"https:\/\/www.megacurioso.com.br\/autor\/1256-maura-martins\/\">Maura Martins<\/a><\/strong><\/span><\/em><\/p>\n\n\n\n<div class=\"wp-block-image\"><figure class=\"aligncenter size-large\"><img loading=\"lazy\" decoding=\"async\" width=\"729\" height=\"90\" src=\"https:\/\/jornalfatosenoticias.com.br\/wp-content\/uploads\/2020\/02\/Logo_Mizu.png\" alt=\"\" class=\"wp-image-1441\" srcset=\"https:\/\/jornalfatosenoticias.com.br\/wp-content\/uploads\/2020\/02\/Logo_Mizu.png 729w, https:\/\/jornalfatosenoticias.com.br\/wp-content\/uploads\/2020\/02\/Logo_Mizu-300x37.png 300w\" sizes=\"auto, (max-width: 729px) 100vw, 729px\" \/><\/figure><\/div>\n\n\n\n<p>Desde pequenos, somos acostumados a consumir livros e filmes com diversas criaturas mitol\u00f3gicas que continuam presentes em nosso imagin\u00e1rio ao longo de nossa vida. Mas de onde ser\u00e1 que elas surgiram? Aprenda a origem de quatro seres que s\u00f3 existem na fic\u00e7\u00e3o.<\/p>\n\n\n\n<h3 class=\"wp-block-heading\"><span class=\"has-inline-color has-black-color\">1. Unic\u00f3rnios<\/span><\/h3>\n\n\n\n<div class=\"wp-block-image\"><figure class=\"aligncenter size-large\"><img loading=\"lazy\" decoding=\"async\" width=\"1000\" height=\"562\" src=\"https:\/\/jornalfatosenoticias.com.br\/wp-content\/uploads\/2023\/09\/unicornios.jpg\" alt=\"\" class=\"wp-image-44841\" srcset=\"https:\/\/jornalfatosenoticias.com.br\/wp-content\/uploads\/2023\/09\/unicornios.jpg 1000w, https:\/\/jornalfatosenoticias.com.br\/wp-content\/uploads\/2023\/09\/unicornios-300x169.jpg 300w, https:\/\/jornalfatosenoticias.com.br\/wp-content\/uploads\/2023\/09\/unicornios-768x432.jpg 768w\" sizes=\"auto, (max-width: 1000px) 100vw, 1000px\" \/><figcaption><em><span class=\"has-inline-color has-black-color\">(Foto: Getty Images)<\/span><\/em><\/figcaption><\/figure><\/div>\n\n\n\n<p>A primeira descri\u00e7\u00e3o de um <a href=\"https:\/\/www.megacurioso.com.br\/ciencia\/109094-unicornios-realmente-existiram-e-viveram-com-nossos-antepassados.htm\" rel=\"noreferrer noopener\" target=\"_blank\">unic\u00f3rnio<\/a> foi feita no s\u00e9culo IV a.C., quando o m\u00e9dico Ct\u00e9sias de Cnido falou sobre um animal grande e forte, com corpo branco, cabe\u00e7a vermelha e um chifre de cerca de meio metro que crescia em sua testa. Segundo ele, o bicho era violento e, se encurralado, faria de tudo para proteger seus filhotes.<\/p>\n\n\n\n<div class=\"wp-block-image\"><figure class=\"aligncenter size-large\"><img loading=\"lazy\" decoding=\"async\" width=\"300\" height=\"250\" src=\"https:\/\/jornalfatosenoticias.com.br\/wp-content\/uploads\/2020\/02\/Banner-2.png\" alt=\"\" class=\"wp-image-43787\"\/><\/figure><\/div>\n\n\n\n<p>Essa primeira descri\u00e7\u00e3o (o animal era chamado de &#8220;burro selvagem&#8221;) se repetiu em outras culturas ao redor do mundo. Nos contos europeus, o unic\u00f3rnio apareceu como um animal branco, parecido com um cavalo, e com um chifre em forma de espiral. No folclore asi\u00e1tico, outros bichos apareceram, como qilin, que lembra um cervo e tem escamas de drag\u00e3o.<\/p>\n\n\n\n<div class=\"wp-block-image\"><figure class=\"aligncenter size-large is-resized\"><img loading=\"lazy\" decoding=\"async\" src=\"https:\/\/jornalfatosenoticias.com.br\/wp-content\/uploads\/2023\/08\/Control-Systems.jpg\" alt=\"\" class=\"wp-image-44092\" width=\"342\" height=\"410\"\/><\/figure><\/div>\n\n\n\n<p>Por algum tempo, imaginou-se que os unic\u00f3rnios realmente existiam. <a href=\"https:\/\/www.megacurioso.com.br\/historia-e-geografia\/49190-bomba-teria-marco-polo-descoberto-a-america.htm\" rel=\"noreferrer noopener\" target=\"_blank\">Marco Polo<\/a> descreveu em seus relatos ter visto um deles chafurdando na lama (hoje, acredita que ele falava de um rinoceronte). Durante toda a <a href=\"https:\/\/www.megacurioso.com.br\/educacao\/120995-conheca-6-leis-ridiculas-da-idade-media.htm\" rel=\"noreferrer noopener\" target=\"_blank\">Idade M\u00e9dia<\/a>, mercadores vendiam chifres longos, com forma de espiral, que diziam vir desses incr\u00edveis animais. Usar o chifre como um copo ajudava a proteger contra doen\u00e7as. Foi apenas no s\u00e9culo XVIII, com o aumento da explora\u00e7\u00e3o novas terras, que se come\u00e7ou a acreditar que eles n\u00e3o existiam.<\/p>\n\n\n\n<div class=\"wp-block-image\"><figure class=\"aligncenter size-large\"><img decoding=\"async\" src=\"https:\/\/jornalfatosenoticias.com.br\/wp-content\/uploads\/2020\/02\/barao-das-carnes-300x164-1.jpg\" alt=\"\" class=\"wp-image-34339\"\/><\/figure><\/div>\n\n\n\n<h3 class=\"wp-block-heading\"><span class=\"has-inline-color has-black-color\">2. <strong>Sereias e outras criaturas do mar<\/strong><\/span><\/h3>\n\n\n\n<div class=\"wp-block-image\"><figure class=\"aligncenter size-large\"><img loading=\"lazy\" decoding=\"async\" width=\"812\" height=\"607\" src=\"https:\/\/jornalfatosenoticias.com.br\/wp-content\/uploads\/2023\/09\/sereia2_gettyimages.jpg\" alt=\"\" class=\"wp-image-44842\" srcset=\"https:\/\/jornalfatosenoticias.com.br\/wp-content\/uploads\/2023\/09\/sereia2_gettyimages.jpg 812w, https:\/\/jornalfatosenoticias.com.br\/wp-content\/uploads\/2023\/09\/sereia2_gettyimages-300x224.jpg 300w, https:\/\/jornalfatosenoticias.com.br\/wp-content\/uploads\/2023\/09\/sereia2_gettyimages-768x574.jpg 768w\" sizes=\"auto, (max-width: 812px) 100vw, 812px\" \/><figcaption><em><span class=\"has-inline-color has-black-color\">Ulisses (Odisseu) e as Sereias. Cena da mitologia grega. Gravura em madeira, publicada em 1880 (Foto: Getty Images)<\/span><\/em><\/figcaption><\/figure><\/div>\n\n\n\n<p>Os primeiros relatos sobre seres meio peixes, meio humanos \u2014 como as <a href=\"https:\/\/www.megacurioso.com.br\/artes-cultura\/125173-conheca-o-inusitado-concurso-de-homens-sereia-na-franca.htm\" rel=\"noreferrer noopener\" target=\"_blank\">sereias e os trit\u00f5es<\/a> \u2014 remetem \u00e0s lendas presentes na Mesopot\u00e2mia. Na mitologia eslava, h\u00e1 a figura da Russalka, uma ninfa da \u00e1gua que seria uma mulher que havia morrido afogada e voltado para se vingar. Na \u00c1frica, circula nos contos a Mami Wata, uma divindade da \u00e1gua que muitas vezes \u00e9 representada como uma sereia, e que \u00e9 capaz de encantar serpentes.<\/p>\n\n\n\n<div class=\"wp-block-image\"><figure class=\"aligncenter size-large\"><img loading=\"lazy\" decoding=\"async\" width=\"300\" height=\"250\" src=\"https:\/\/jornalfatosenoticias.com.br\/wp-content\/uploads\/2022\/08\/arte-Casarao.jpg\" alt=\"\" class=\"wp-image-33178\"\/><\/figure><\/div>\n\n\n\n<p>Contudo, a hist\u00f3ria mais famosa com este ser mitol\u00f3gico \u00e9 mesmo <em>A Pequena Sereia, <\/em>de Hans Christian Andersen, publicada pela primeira vez em 1837. Acredita-se, inclusive, que o conto tenha influenciado v\u00e1rios folclores. A sereia passou a simbolizar a sorte, a fertilidade ou ent\u00e3o os perigos do mar.<br>Em suas expedi\u00e7\u00f5es, <a href=\"https:\/\/www.megacurioso.com.br\/artes-cultura\/120126-6-fatos-sobre-cristovao-colombo-que-nao-sao-contados-nos-livros.htm\" rel=\"noreferrer noopener\" target=\"_blank\">Crist\u00f3v\u00e3o Colombo<\/a> relatou ter avistado um grupo de sereias. Segundo escreveu, elas \u201cn\u00e3o eram t\u00e3o bonitas quanto s\u00e3o pintadas, embora at\u00e9 certo ponto tenham a forma de um rosto humano\u201d. Na verdade, ele teria visto um grupo de peixes-boi descansando.<\/p>\n\n\n\n<div class=\"wp-block-image\"><figure class=\"aligncenter size-large is-resized\"><img loading=\"lazy\" decoding=\"async\" src=\"https:\/\/jornalfatosenoticias.com.br\/wp-content\/uploads\/2023\/07\/lacremoda.jpg\" alt=\"\" class=\"wp-image-43706\" width=\"365\" height=\"204\" srcset=\"https:\/\/jornalfatosenoticias.com.br\/wp-content\/uploads\/2023\/07\/lacremoda.jpg 1024w, https:\/\/jornalfatosenoticias.com.br\/wp-content\/uploads\/2023\/07\/lacremoda-300x168.jpg 300w, https:\/\/jornalfatosenoticias.com.br\/wp-content\/uploads\/2023\/07\/lacremoda-768x431.jpg 768w\" sizes=\"auto, (max-width: 365px) 100vw, 365px\" \/><\/figure><\/div>\n\n\n\n<h3 class=\"wp-block-heading\"><span class=\"has-inline-color has-black-color\">3. <strong>Lobisomens<\/strong><\/span><\/h3>\n\n\n\n<div class=\"wp-block-image\"><figure class=\"aligncenter size-large\"><img loading=\"lazy\" decoding=\"async\" width=\"812\" height=\"541\" src=\"https:\/\/jornalfatosenoticias.com.br\/wp-content\/uploads\/2023\/09\/lobisomem_gettyimages.jpg\" alt=\"\" class=\"wp-image-44843\" srcset=\"https:\/\/jornalfatosenoticias.com.br\/wp-content\/uploads\/2023\/09\/lobisomem_gettyimages.jpg 812w, https:\/\/jornalfatosenoticias.com.br\/wp-content\/uploads\/2023\/09\/lobisomem_gettyimages-300x200.jpg 300w, https:\/\/jornalfatosenoticias.com.br\/wp-content\/uploads\/2023\/09\/lobisomem_gettyimages-768x512.jpg 768w\" sizes=\"auto, (max-width: 812px) 100vw, 812px\" \/><figcaption><em><span class=\"has-inline-color has-black-color\">(Foto: Getty Images)<\/span><\/em><\/figcaption><\/figure><\/div>\n\n\n\n<p>O mito do <a href=\"https:\/\/www.megacurioso.com.br\/misterios\/117800-chupa-cabra-lobisomem-criatura-estranha-assombra-itaparica.htm\" rel=\"noreferrer noopener\" target=\"_blank\">lobisomem<\/a> \u00e9 absolutamente antigo. Esse ser m\u00edtico j\u00e1 aparecia no poema Epopeia de Gilgamesh, que \u00e9 uma das primeiras obras conhecidas da literatura mundial. L\u00e1, conta-se a hist\u00f3ria de uma mulher que transformou um ex-amante em um lobo.<\/p>\n\n\n\n<div class=\"wp-block-image\"><figure class=\"aligncenter size-large\"><img loading=\"lazy\" decoding=\"async\" width=\"300\" height=\"250\" src=\"https:\/\/jornalfatosenoticias.com.br\/wp-content\/uploads\/2022\/02\/FERRARI_MAQUINAS-E-FERRAMENTAS2.jpg\" alt=\"\" class=\"wp-image-27860\"\/><\/figure><\/div>\n\n\n\n<p>A figura do homem que vira lobo tamb\u00e9m \u00e9 presente na mitologia da Roma antiga e na Gr\u00e9cia. O historiador grego <a href=\"https:\/\/www.megacurioso.com.br\/misterios\/111131-barco-herodoto-descoberto-egito.htm\" rel=\"noreferrer noopener\" target=\"_blank\">Her\u00f3doto<\/a> chegou a escrever sobre uma tribo de pessoas na Europa oriental que se transformavam em lobo em uma \u00e9poca do ano. Hoje, os historiadores mais modernos defendem que Her\u00f3doto pode ter visto pessoas usando peles para se aquecer.<\/p>\n\n\n\n<h3 class=\"wp-block-heading\"><span class=\"has-inline-color has-black-color\">4. <strong>Vampiros<\/strong><\/span><\/h3>\n\n\n\n<div class=\"wp-block-image\"><figure class=\"aligncenter size-large\"><img loading=\"lazy\" decoding=\"async\" width=\"812\" height=\"609\" src=\"https:\/\/jornalfatosenoticias.com.br\/wp-content\/uploads\/2023\/09\/vampira_gettyimages.jpg\" alt=\"\" class=\"wp-image-44844\" srcset=\"https:\/\/jornalfatosenoticias.com.br\/wp-content\/uploads\/2023\/09\/vampira_gettyimages.jpg 812w, https:\/\/jornalfatosenoticias.com.br\/wp-content\/uploads\/2023\/09\/vampira_gettyimages-300x225.jpg 300w, https:\/\/jornalfatosenoticias.com.br\/wp-content\/uploads\/2023\/09\/vampira_gettyimages-768x576.jpg 768w\" sizes=\"auto, (max-width: 812px) 100vw, 812px\" \/><figcaption><em><span class=\"has-inline-color has-black-color\">(Foto: Getty Images)<\/span><\/em><\/figcaption><\/figure><\/div>\n\n\n\n<p>J\u00e1 os <a href=\"https:\/\/www.megacurioso.com.br\/artes-cultura\/120516-dracula-qual-e-a-verdadeira-historia-do-famoso-vampiro.htm\" rel=\"noreferrer noopener\" target=\"_blank\">vampiros<\/a> s\u00e3o mais recentes do que se pode imaginar: a palavra s\u00f3 aparece registrada por escrito pela primeira vez no s\u00e9culo XVIII. Segundo a professora Deborah Mutch, autora de <em>The Modern Vampire and Human Identity, <\/em>\u201cos europeus ocidentais se interessaram pelo fen\u00f4meno do vampiro durante o final do s\u00e9culo XVII e in\u00edcio do s\u00e9culo XVIII, quando surgiram relat\u00f3rios da Europa Oriental sobre uma s\u00e9rie de &#8216;epidemias&#8217; de vampiros\u201d.<\/p>\n\n\n\n<div class=\"wp-block-image\"><figure class=\"aligncenter size-large is-resized\"><img loading=\"lazy\" decoding=\"async\" src=\"https:\/\/jornalfatosenoticias.com.br\/wp-content\/uploads\/2023\/08\/ITH.jpeg\" alt=\"\" class=\"wp-image-44638\" width=\"291\" height=\"237\" srcset=\"https:\/\/jornalfatosenoticias.com.br\/wp-content\/uploads\/2023\/08\/ITH.jpeg 800w, https:\/\/jornalfatosenoticias.com.br\/wp-content\/uploads\/2023\/08\/ITH-300x244.jpeg 300w, https:\/\/jornalfatosenoticias.com.br\/wp-content\/uploads\/2023\/08\/ITH-768x624.jpeg 768w\" sizes=\"auto, (max-width: 291px) 100vw, 291px\" \/><\/figure><\/div>\n\n\n\n<p>E o que significaria essa tal <a href=\"https:\/\/www.megacurioso.com.br\/ciencia\/118567-a-era-das-pandemias-sera-essa-a-nossa-realidade.htm\" rel=\"noreferrer noopener\" target=\"_blank\">epidemia<\/a> de vampirismo? Hoje, imagina-se que as pessoas falavam de doen\u00e7as reais, como a porfiria, que causa sensibilidade \u00e0 luz. J\u00e1 a raiva se associava a mordidas e \u00e0 hipersensibilidade a coisas com cheiro forte, como o alho.<\/p>\n\n\n\n<div class=\"wp-block-image\"><figure class=\"aligncenter size-large is-resized\"><img loading=\"lazy\" decoding=\"async\" src=\"https:\/\/jornalfatosenoticias.com.br\/wp-content\/uploads\/2020\/02\/logo-Rapuzel-1024x571.jpg\" alt=\"\" class=\"wp-image-42808\" width=\"375\" height=\"209\" srcset=\"https:\/\/jornalfatosenoticias.com.br\/wp-content\/uploads\/2020\/02\/logo-Rapuzel-1024x571.jpg 1024w, https:\/\/jornalfatosenoticias.com.br\/wp-content\/uploads\/2020\/02\/logo-Rapuzel-300x167.jpg 300w, https:\/\/jornalfatosenoticias.com.br\/wp-content\/uploads\/2020\/02\/logo-Rapuzel-768x428.jpg 768w, https:\/\/jornalfatosenoticias.com.br\/wp-content\/uploads\/2020\/02\/logo-Rapuzel-1536x856.jpg 1536w, https:\/\/jornalfatosenoticias.com.br\/wp-content\/uploads\/2020\/02\/logo-Rapuzel.jpg 1600w\" sizes=\"auto, (max-width: 375px) 100vw, 375px\" \/><\/figure><\/div>\n\n\n\n<p>Outro fator que pode explicar a cren\u00e7a em vampiros \u00e9 a decomposi\u00e7\u00e3o dos corpos. Os cad\u00e1veres de pessoas que se suspeitava serem vampiras eram frequentemente desenterrados. Quando era constatado que o cabelo e as unhas haviam crescido, provavelmente se nutria a desconfian\u00e7a de que a pessoa n\u00e3o havia morrido de fato.<\/p>\n\n\n\n<div class=\"wp-block-image\"><figure class=\"aligncenter size-large is-resized\"><img loading=\"lazy\" decoding=\"async\" src=\"https:\/\/jornalfatosenoticias.com.br\/wp-content\/uploads\/2022\/10\/RC_800x750_page-0001.jpg\" alt=\"\" class=\"wp-image-35338\" width=\"309\" height=\"290\" srcset=\"https:\/\/jornalfatosenoticias.com.br\/wp-content\/uploads\/2022\/10\/RC_800x750_page-0001.jpg 400w, https:\/\/jornalfatosenoticias.com.br\/wp-content\/uploads\/2022\/10\/RC_800x750_page-0001-300x281.jpg 300w\" sizes=\"auto, (max-width: 309px) 100vw, 309px\" \/><\/figure><\/div>\n\n\n\n<p><strong><em>Fonte: <a href=\"https:\/\/www.megacurioso.com.br\/artes-cultura\/127138-conheca-a-origem-de-4-criaturas-mitologicas.htm\">Mega Curioso<\/a><\/em><\/strong><\/p>\n","protected":false},"excerpt":{"rendered":"<p>Por Maura Martins Desde pequenos, somos acostumados a consumir livros e filmes com diversas criaturas mitol\u00f3gicas que continuam presentes em nosso imagin\u00e1rio ao longo de nossa vida. Mas de onde ser\u00e1 que elas surgiram? Aprenda a origem de quatro seres que s\u00f3 existem na fic\u00e7\u00e3o. 1. Unic\u00f3rnios A primeira descri\u00e7\u00e3o de um unic\u00f3rnio foi feita [&hellip;]<\/p>\n","protected":false},"author":2,"featured_media":44845,"comment_status":"open","ping_status":"open","sticky":false,"template":"","format":"standard","meta":{"footnotes":""},"categories":[4],"tags":[21125,13225,21126,5634,21127,21128,21129],"class_list":["post-44840","post","type-post","status-publish","format-standard","has-post-thumbnail","hentry","category-cultura","tag-criaturas-mitologicas","tag-ficcao","tag-lobisomens","tag-mitologia","tag-sereias","tag-unicornios","tag-vampiros"],"yoast_head":"<!-- This site is optimized with the Yoast SEO plugin v26.5 - https:\/\/yoast.com\/wordpress\/plugins\/seo\/ -->\n<title>Conhe\u00e7a a origem de quatro criaturas mitol\u00f3gicas - Jornal Fatos e Not\u00edcias<\/title>\n<meta name=\"robots\" content=\"index, follow, max-snippet:-1, max-image-preview:large, max-video-preview:-1\" \/>\n<link rel=\"canonical\" href=\"https:\/\/jornalfatosenoticias.com.br\/index.php\/2023\/09\/04\/conheca-a-origem-de-quatro-criaturas-mitologicas\/\" \/>\n<meta property=\"og:locale\" content=\"pt_BR\" \/>\n<meta property=\"og:type\" content=\"article\" \/>\n<meta property=\"og:title\" content=\"Conhe\u00e7a a origem de quatro criaturas mitol\u00f3gicas - Jornal Fatos e Not\u00edcias\" \/>\n<meta property=\"og:description\" content=\"Por Maura Martins Desde pequenos, somos acostumados a consumir livros e filmes com diversas criaturas mitol\u00f3gicas que continuam presentes em nosso imagin\u00e1rio ao longo de nossa vida. Mas de onde ser\u00e1 que elas surgiram? Aprenda a origem de quatro seres que s\u00f3 existem na fic\u00e7\u00e3o. 1. Unic\u00f3rnios A primeira descri\u00e7\u00e3o de um unic\u00f3rnio foi feita [&hellip;]\" \/>\n<meta property=\"og:url\" content=\"https:\/\/jornalfatosenoticias.com.br\/index.php\/2023\/09\/04\/conheca-a-origem-de-quatro-criaturas-mitologicas\/\" \/>\n<meta property=\"og:site_name\" content=\"Jornal Fatos e Not\u00edcias\" \/>\n<meta property=\"article:published_time\" content=\"2023-09-04T14:11:06+00:00\" \/>\n<meta property=\"article:modified_time\" content=\"2023-09-04T14:11:07+00:00\" \/>\n<meta property=\"og:image\" content=\"https:\/\/jornalfatosenoticias.com.br\/wp-content\/uploads\/2023\/09\/sereia_gettyimages.jpg\" \/>\n\t<meta property=\"og:image:width\" content=\"812\" \/>\n\t<meta property=\"og:image:height\" content=\"541\" \/>\n\t<meta property=\"og:image:type\" content=\"image\/jpeg\" \/>\n<meta name=\"author\" content=\"Luzimara Fernandes\" \/>\n<meta name=\"twitter:card\" content=\"summary_large_image\" \/>\n<meta name=\"twitter:label1\" content=\"Escrito por\" \/>\n\t<meta name=\"twitter:data1\" content=\"Luzimara Fernandes\" \/>\n\t<meta name=\"twitter:label2\" content=\"Est. tempo de leitura\" \/>\n\t<meta name=\"twitter:data2\" content=\"4 minutos\" \/>\n<script type=\"application\/ld+json\" class=\"yoast-schema-graph\">{\"@context\":\"https:\/\/schema.org\",\"@graph\":[{\"@type\":\"Article\",\"@id\":\"https:\/\/jornalfatosenoticias.com.br\/index.php\/2023\/09\/04\/conheca-a-origem-de-quatro-criaturas-mitologicas\/#article\",\"isPartOf\":{\"@id\":\"https:\/\/jornalfatosenoticias.com.br\/index.php\/2023\/09\/04\/conheca-a-origem-de-quatro-criaturas-mitologicas\/\"},\"author\":{\"name\":\"Luzimara Fernandes\",\"@id\":\"https:\/\/jornalfatosenoticias.com.br\/#\/schema\/person\/d63837fa13ac8666eb9e74e0985d6f81\"},\"headline\":\"Conhe\u00e7a a origem de quatro criaturas mitol\u00f3gicas\",\"datePublished\":\"2023-09-04T14:11:06+00:00\",\"dateModified\":\"2023-09-04T14:11:07+00:00\",\"mainEntityOfPage\":{\"@id\":\"https:\/\/jornalfatosenoticias.com.br\/index.php\/2023\/09\/04\/conheca-a-origem-de-quatro-criaturas-mitologicas\/\"},\"wordCount\":765,\"commentCount\":0,\"publisher\":{\"@id\":\"https:\/\/jornalfatosenoticias.com.br\/#organization\"},\"image\":{\"@id\":\"https:\/\/jornalfatosenoticias.com.br\/index.php\/2023\/09\/04\/conheca-a-origem-de-quatro-criaturas-mitologicas\/#primaryimage\"},\"thumbnailUrl\":\"https:\/\/jornalfatosenoticias.com.br\/wp-content\/uploads\/2023\/09\/sereia_gettyimages.jpg\",\"keywords\":[\"criaturas mitol\u00f3gicas\",\"fic\u00e7\u00e3o\",\"lobisomens\",\"mitologia\",\"sereias\",\"unic\u00f3rnios\",\"vampiros\"],\"articleSection\":[\"Cultura\"],\"inLanguage\":\"pt-BR\",\"potentialAction\":[{\"@type\":\"CommentAction\",\"name\":\"Comment\",\"target\":[\"https:\/\/jornalfatosenoticias.com.br\/index.php\/2023\/09\/04\/conheca-a-origem-de-quatro-criaturas-mitologicas\/#respond\"]}]},{\"@type\":\"WebPage\",\"@id\":\"https:\/\/jornalfatosenoticias.com.br\/index.php\/2023\/09\/04\/conheca-a-origem-de-quatro-criaturas-mitologicas\/\",\"url\":\"https:\/\/jornalfatosenoticias.com.br\/index.php\/2023\/09\/04\/conheca-a-origem-de-quatro-criaturas-mitologicas\/\",\"name\":\"Conhe\u00e7a a origem de quatro criaturas mitol\u00f3gicas - Jornal Fatos e Not\u00edcias\",\"isPartOf\":{\"@id\":\"https:\/\/jornalfatosenoticias.com.br\/#website\"},\"primaryImageOfPage\":{\"@id\":\"https:\/\/jornalfatosenoticias.com.br\/index.php\/2023\/09\/04\/conheca-a-origem-de-quatro-criaturas-mitologicas\/#primaryimage\"},\"image\":{\"@id\":\"https:\/\/jornalfatosenoticias.com.br\/index.php\/2023\/09\/04\/conheca-a-origem-de-quatro-criaturas-mitologicas\/#primaryimage\"},\"thumbnailUrl\":\"https:\/\/jornalfatosenoticias.com.br\/wp-content\/uploads\/2023\/09\/sereia_gettyimages.jpg\",\"datePublished\":\"2023-09-04T14:11:06+00:00\",\"dateModified\":\"2023-09-04T14:11:07+00:00\",\"breadcrumb\":{\"@id\":\"https:\/\/jornalfatosenoticias.com.br\/index.php\/2023\/09\/04\/conheca-a-origem-de-quatro-criaturas-mitologicas\/#breadcrumb\"},\"inLanguage\":\"pt-BR\",\"potentialAction\":[{\"@type\":\"ReadAction\",\"target\":[\"https:\/\/jornalfatosenoticias.com.br\/index.php\/2023\/09\/04\/conheca-a-origem-de-quatro-criaturas-mitologicas\/\"]}]},{\"@type\":\"ImageObject\",\"inLanguage\":\"pt-BR\",\"@id\":\"https:\/\/jornalfatosenoticias.com.br\/index.php\/2023\/09\/04\/conheca-a-origem-de-quatro-criaturas-mitologicas\/#primaryimage\",\"url\":\"https:\/\/jornalfatosenoticias.com.br\/wp-content\/uploads\/2023\/09\/sereia_gettyimages.jpg\",\"contentUrl\":\"https:\/\/jornalfatosenoticias.com.br\/wp-content\/uploads\/2023\/09\/sereia_gettyimages.jpg\",\"width\":812,\"height\":541,\"caption\":\"Mermaid in the ocean, reaching for the light, underwater photography\"},{\"@type\":\"BreadcrumbList\",\"@id\":\"https:\/\/jornalfatosenoticias.com.br\/index.php\/2023\/09\/04\/conheca-a-origem-de-quatro-criaturas-mitologicas\/#breadcrumb\",\"itemListElement\":[{\"@type\":\"ListItem\",\"position\":1,\"name\":\"In\u00edcio\",\"item\":\"https:\/\/jornalfatosenoticias.com.br\/\"},{\"@type\":\"ListItem\",\"position\":2,\"name\":\"Conhe\u00e7a a origem de quatro criaturas mitol\u00f3gicas\"}]},{\"@type\":\"WebSite\",\"@id\":\"https:\/\/jornalfatosenoticias.com.br\/#website\",\"url\":\"https:\/\/jornalfatosenoticias.com.br\/\",\"name\":\"Jornal Fatos e Not\u00edcias\",\"description\":\"Not\u00edcias em geral\",\"publisher\":{\"@id\":\"https:\/\/jornalfatosenoticias.com.br\/#organization\"},\"potentialAction\":[{\"@type\":\"SearchAction\",\"target\":{\"@type\":\"EntryPoint\",\"urlTemplate\":\"https:\/\/jornalfatosenoticias.com.br\/?s={search_term_string}\"},\"query-input\":{\"@type\":\"PropertyValueSpecification\",\"valueRequired\":true,\"valueName\":\"search_term_string\"}}],\"inLanguage\":\"pt-BR\"},{\"@type\":\"Organization\",\"@id\":\"https:\/\/jornalfatosenoticias.com.br\/#organization\",\"name\":\"Jornal Fatos e Not\u00edcias\",\"url\":\"https:\/\/jornalfatosenoticias.com.br\/\",\"logo\":{\"@type\":\"ImageObject\",\"inLanguage\":\"pt-BR\",\"@id\":\"https:\/\/jornalfatosenoticias.com.br\/#\/schema\/logo\/image\/\",\"url\":\"https:\/\/jornalfatosenoticias.com.br\/wp-content\/uploads\/2020\/02\/logo120.png\",\"contentUrl\":\"https:\/\/jornalfatosenoticias.com.br\/wp-content\/uploads\/2020\/02\/logo120.png\",\"width\":1227,\"height\":120,\"caption\":\"Jornal Fatos e Not\u00edcias\"},\"image\":{\"@id\":\"https:\/\/jornalfatosenoticias.com.br\/#\/schema\/logo\/image\/\"}},{\"@type\":\"Person\",\"@id\":\"https:\/\/jornalfatosenoticias.com.br\/#\/schema\/person\/d63837fa13ac8666eb9e74e0985d6f81\",\"name\":\"Luzimara Fernandes\",\"image\":{\"@type\":\"ImageObject\",\"inLanguage\":\"pt-BR\",\"@id\":\"https:\/\/jornalfatosenoticias.com.br\/#\/schema\/person\/image\/\",\"url\":\"https:\/\/jornalfatosenoticias.com.br\/wp-content\/uploads\/2025\/05\/EU_portal.jpg\",\"contentUrl\":\"https:\/\/jornalfatosenoticias.com.br\/wp-content\/uploads\/2025\/05\/EU_portal.jpg\",\"caption\":\"Luzimara Fernandes\"},\"description\":\"Jornalista MTB 2358-ES\",\"sameAs\":[\"https:\/\/jornalfatosenoticias.com.br\"],\"url\":\"https:\/\/jornalfatosenoticias.com.br\/index.php\/author\/luzimara\/\"}]}<\/script>\n<!-- \/ Yoast SEO plugin. -->","yoast_head_json":{"title":"Conhe\u00e7a a origem de quatro criaturas mitol\u00f3gicas - Jornal Fatos e Not\u00edcias","robots":{"index":"index","follow":"follow","max-snippet":"max-snippet:-1","max-image-preview":"max-image-preview:large","max-video-preview":"max-video-preview:-1"},"canonical":"https:\/\/jornalfatosenoticias.com.br\/index.php\/2023\/09\/04\/conheca-a-origem-de-quatro-criaturas-mitologicas\/","og_locale":"pt_BR","og_type":"article","og_title":"Conhe\u00e7a a origem de quatro criaturas mitol\u00f3gicas - Jornal Fatos e Not\u00edcias","og_description":"Por Maura Martins Desde pequenos, somos acostumados a consumir livros e filmes com diversas criaturas mitol\u00f3gicas que continuam presentes em nosso imagin\u00e1rio ao longo de nossa vida. Mas de onde ser\u00e1 que elas surgiram? Aprenda a origem de quatro seres que s\u00f3 existem na fic\u00e7\u00e3o. 1. Unic\u00f3rnios A primeira descri\u00e7\u00e3o de um unic\u00f3rnio foi feita [&hellip;]","og_url":"https:\/\/jornalfatosenoticias.com.br\/index.php\/2023\/09\/04\/conheca-a-origem-de-quatro-criaturas-mitologicas\/","og_site_name":"Jornal Fatos e Not\u00edcias","article_published_time":"2023-09-04T14:11:06+00:00","article_modified_time":"2023-09-04T14:11:07+00:00","og_image":[{"width":812,"height":541,"url":"https:\/\/jornalfatosenoticias.com.br\/wp-content\/uploads\/2023\/09\/sereia_gettyimages.jpg","type":"image\/jpeg"}],"author":"Luzimara Fernandes","twitter_card":"summary_large_image","twitter_misc":{"Escrito por":"Luzimara Fernandes","Est. tempo de leitura":"4 minutos"},"schema":{"@context":"https:\/\/schema.org","@graph":[{"@type":"Article","@id":"https:\/\/jornalfatosenoticias.com.br\/index.php\/2023\/09\/04\/conheca-a-origem-de-quatro-criaturas-mitologicas\/#article","isPartOf":{"@id":"https:\/\/jornalfatosenoticias.com.br\/index.php\/2023\/09\/04\/conheca-a-origem-de-quatro-criaturas-mitologicas\/"},"author":{"name":"Luzimara Fernandes","@id":"https:\/\/jornalfatosenoticias.com.br\/#\/schema\/person\/d63837fa13ac8666eb9e74e0985d6f81"},"headline":"Conhe\u00e7a a origem de quatro criaturas mitol\u00f3gicas","datePublished":"2023-09-04T14:11:06+00:00","dateModified":"2023-09-04T14:11:07+00:00","mainEntityOfPage":{"@id":"https:\/\/jornalfatosenoticias.com.br\/index.php\/2023\/09\/04\/conheca-a-origem-de-quatro-criaturas-mitologicas\/"},"wordCount":765,"commentCount":0,"publisher":{"@id":"https:\/\/jornalfatosenoticias.com.br\/#organization"},"image":{"@id":"https:\/\/jornalfatosenoticias.com.br\/index.php\/2023\/09\/04\/conheca-a-origem-de-quatro-criaturas-mitologicas\/#primaryimage"},"thumbnailUrl":"https:\/\/jornalfatosenoticias.com.br\/wp-content\/uploads\/2023\/09\/sereia_gettyimages.jpg","keywords":["criaturas mitol\u00f3gicas","fic\u00e7\u00e3o","lobisomens","mitologia","sereias","unic\u00f3rnios","vampiros"],"articleSection":["Cultura"],"inLanguage":"pt-BR","potentialAction":[{"@type":"CommentAction","name":"Comment","target":["https:\/\/jornalfatosenoticias.com.br\/index.php\/2023\/09\/04\/conheca-a-origem-de-quatro-criaturas-mitologicas\/#respond"]}]},{"@type":"WebPage","@id":"https:\/\/jornalfatosenoticias.com.br\/index.php\/2023\/09\/04\/conheca-a-origem-de-quatro-criaturas-mitologicas\/","url":"https:\/\/jornalfatosenoticias.com.br\/index.php\/2023\/09\/04\/conheca-a-origem-de-quatro-criaturas-mitologicas\/","name":"Conhe\u00e7a a origem de quatro criaturas mitol\u00f3gicas - Jornal Fatos e Not\u00edcias","isPartOf":{"@id":"https:\/\/jornalfatosenoticias.com.br\/#website"},"primaryImageOfPage":{"@id":"https:\/\/jornalfatosenoticias.com.br\/index.php\/2023\/09\/04\/conheca-a-origem-de-quatro-criaturas-mitologicas\/#primaryimage"},"image":{"@id":"https:\/\/jornalfatosenoticias.com.br\/index.php\/2023\/09\/04\/conheca-a-origem-de-quatro-criaturas-mitologicas\/#primaryimage"},"thumbnailUrl":"https:\/\/jornalfatosenoticias.com.br\/wp-content\/uploads\/2023\/09\/sereia_gettyimages.jpg","datePublished":"2023-09-04T14:11:06+00:00","dateModified":"2023-09-04T14:11:07+00:00","breadcrumb":{"@id":"https:\/\/jornalfatosenoticias.com.br\/index.php\/2023\/09\/04\/conheca-a-origem-de-quatro-criaturas-mitologicas\/#breadcrumb"},"inLanguage":"pt-BR","potentialAction":[{"@type":"ReadAction","target":["https:\/\/jornalfatosenoticias.com.br\/index.php\/2023\/09\/04\/conheca-a-origem-de-quatro-criaturas-mitologicas\/"]}]},{"@type":"ImageObject","inLanguage":"pt-BR","@id":"https:\/\/jornalfatosenoticias.com.br\/index.php\/2023\/09\/04\/conheca-a-origem-de-quatro-criaturas-mitologicas\/#primaryimage","url":"https:\/\/jornalfatosenoticias.com.br\/wp-content\/uploads\/2023\/09\/sereia_gettyimages.jpg","contentUrl":"https:\/\/jornalfatosenoticias.com.br\/wp-content\/uploads\/2023\/09\/sereia_gettyimages.jpg","width":812,"height":541,"caption":"Mermaid in the ocean, reaching for the light, underwater photography"},{"@type":"BreadcrumbList","@id":"https:\/\/jornalfatosenoticias.com.br\/index.php\/2023\/09\/04\/conheca-a-origem-de-quatro-criaturas-mitologicas\/#breadcrumb","itemListElement":[{"@type":"ListItem","position":1,"name":"In\u00edcio","item":"https:\/\/jornalfatosenoticias.com.br\/"},{"@type":"ListItem","position":2,"name":"Conhe\u00e7a a origem de quatro criaturas mitol\u00f3gicas"}]},{"@type":"WebSite","@id":"https:\/\/jornalfatosenoticias.com.br\/#website","url":"https:\/\/jornalfatosenoticias.com.br\/","name":"Jornal Fatos e Not\u00edcias","description":"Not\u00edcias em geral","publisher":{"@id":"https:\/\/jornalfatosenoticias.com.br\/#organization"},"potentialAction":[{"@type":"SearchAction","target":{"@type":"EntryPoint","urlTemplate":"https:\/\/jornalfatosenoticias.com.br\/?s={search_term_string}"},"query-input":{"@type":"PropertyValueSpecification","valueRequired":true,"valueName":"search_term_string"}}],"inLanguage":"pt-BR"},{"@type":"Organization","@id":"https:\/\/jornalfatosenoticias.com.br\/#organization","name":"Jornal Fatos e Not\u00edcias","url":"https:\/\/jornalfatosenoticias.com.br\/","logo":{"@type":"ImageObject","inLanguage":"pt-BR","@id":"https:\/\/jornalfatosenoticias.com.br\/#\/schema\/logo\/image\/","url":"https:\/\/jornalfatosenoticias.com.br\/wp-content\/uploads\/2020\/02\/logo120.png","contentUrl":"https:\/\/jornalfatosenoticias.com.br\/wp-content\/uploads\/2020\/02\/logo120.png","width":1227,"height":120,"caption":"Jornal Fatos e Not\u00edcias"},"image":{"@id":"https:\/\/jornalfatosenoticias.com.br\/#\/schema\/logo\/image\/"}},{"@type":"Person","@id":"https:\/\/jornalfatosenoticias.com.br\/#\/schema\/person\/d63837fa13ac8666eb9e74e0985d6f81","name":"Luzimara Fernandes","image":{"@type":"ImageObject","inLanguage":"pt-BR","@id":"https:\/\/jornalfatosenoticias.com.br\/#\/schema\/person\/image\/","url":"https:\/\/jornalfatosenoticias.com.br\/wp-content\/uploads\/2025\/05\/EU_portal.jpg","contentUrl":"https:\/\/jornalfatosenoticias.com.br\/wp-content\/uploads\/2025\/05\/EU_portal.jpg","caption":"Luzimara Fernandes"},"description":"Jornalista MTB 2358-ES","sameAs":["https:\/\/jornalfatosenoticias.com.br"],"url":"https:\/\/jornalfatosenoticias.com.br\/index.php\/author\/luzimara\/"}]}},"cc_featured_image_caption":{"caption_text":"(Foto: Getty Images)","source_text":"","source_url":""},"jetpack_featured_media_url":"https:\/\/jornalfatosenoticias.com.br\/wp-content\/uploads\/2023\/09\/sereia_gettyimages.jpg","_links":{"self":[{"href":"https:\/\/jornalfatosenoticias.com.br\/index.php\/wp-json\/wp\/v2\/posts\/44840","targetHints":{"allow":["GET"]}}],"collection":[{"href":"https:\/\/jornalfatosenoticias.com.br\/index.php\/wp-json\/wp\/v2\/posts"}],"about":[{"href":"https:\/\/jornalfatosenoticias.com.br\/index.php\/wp-json\/wp\/v2\/types\/post"}],"author":[{"embeddable":true,"href":"https:\/\/jornalfatosenoticias.com.br\/index.php\/wp-json\/wp\/v2\/users\/2"}],"replies":[{"embeddable":true,"href":"https:\/\/jornalfatosenoticias.com.br\/index.php\/wp-json\/wp\/v2\/comments?post=44840"}],"version-history":[{"count":0,"href":"https:\/\/jornalfatosenoticias.com.br\/index.php\/wp-json\/wp\/v2\/posts\/44840\/revisions"}],"wp:featuredmedia":[{"embeddable":true,"href":"https:\/\/jornalfatosenoticias.com.br\/index.php\/wp-json\/wp\/v2\/media\/44845"}],"wp:attachment":[{"href":"https:\/\/jornalfatosenoticias.com.br\/index.php\/wp-json\/wp\/v2\/media?parent=44840"}],"wp:term":[{"taxonomy":"category","embeddable":true,"href":"https:\/\/jornalfatosenoticias.com.br\/index.php\/wp-json\/wp\/v2\/categories?post=44840"},{"taxonomy":"post_tag","embeddable":true,"href":"https:\/\/jornalfatosenoticias.com.br\/index.php\/wp-json\/wp\/v2\/tags?post=44840"}],"curies":[{"name":"wp","href":"https:\/\/api.w.org\/{rel}","templated":true}]}}