{"id":44853,"date":"2023-09-04T11:55:00","date_gmt":"2023-09-04T14:55:00","guid":{"rendered":"https:\/\/jornalfatosenoticias.com.br\/?p=44853"},"modified":"2023-09-04T11:55:01","modified_gmt":"2023-09-04T14:55:01","slug":"vice-de-milei-victoria-villarruel-convoca-ato-para-lembrar-vitimas-de-terrorismo-de-esquerda","status":"publish","type":"post","link":"https:\/\/jornalfatosenoticias.com.br\/index.php\/2023\/09\/04\/vice-de-milei-victoria-villarruel-convoca-ato-para-lembrar-vitimas-de-terrorismo-de-esquerda\/","title":{"rendered":"Vice de Milei, Victoria Villarruel convoca ato para lembrar v\u00edtimas de \u201cterrorismo de esquerda\u201d"},"content":{"rendered":"\n<p><em><span class=\"has-inline-color has-black-color\">Ex\u00e9rcito Revolucion\u00e1rio do Povo e Montoneros s\u00e3o grupos acusados por Milei e Villarruel de terrorismo na d\u00e9cada 1970<\/span><\/em><\/p>\n\n\n\n<div class=\"wp-block-image\"><figure class=\"aligncenter size-large is-resized\"><img loading=\"lazy\" decoding=\"async\" src=\"https:\/\/jornalfatosenoticias.com.br\/wp-content\/uploads\/2023\/07\/lacremoda.jpg\" alt=\"\" class=\"wp-image-43706\" width=\"335\" height=\"187\" srcset=\"https:\/\/jornalfatosenoticias.com.br\/wp-content\/uploads\/2023\/07\/lacremoda.jpg 1024w, https:\/\/jornalfatosenoticias.com.br\/wp-content\/uploads\/2023\/07\/lacremoda-300x168.jpg 300w, https:\/\/jornalfatosenoticias.com.br\/wp-content\/uploads\/2023\/07\/lacremoda-768x431.jpg 768w\" sizes=\"auto, (max-width: 335px) 100vw, 335px\" \/><\/figure><\/div>\n\n\n\n<p>A decis\u00e3o da deputada <strong>Victoria Villarruel,<\/strong> candidata a vice-presidente da Argentina, de convocar um ato nesta segunda-feira (4) em homenagem \u00e0s v\u00edtimas de atos terroristas perpetrados por <strong>grupos guerrilheiros de esquerda durante a d\u00e9cada de 1970 <\/strong>desencadeou uma forte pol\u00eamica, com a rejei\u00e7\u00e3o contundente das organiza\u00e7\u00f5es de direitos humanos, que defendem uma manifesta\u00e7\u00e3o contr\u00e1ria.<br>Villarruel, que juntamente com o economista <a href=\"https:\/\/www.gazetadopovo.com.br\/tudo-sobre\/javier-milei\/?ref=link-interno-materia\">Javier Milei,<\/a> da coaliz\u00e3o A Liberdade Avan\u00e7a, foi a <a href=\"https:\/\/www.gazetadopovo.com.br\/mundo\/mais-votado-nas-primarias-da-argentina-milei-agradece-apoio-de-bolsonaro\/?ref=link-interno-materia\">chapa mais votada nas elei\u00e7\u00f5es prim\u00e1rias do m\u00eas passado,<\/a> defende a realiza\u00e7\u00e3o do ato no Legislativo de Buenos Aires para \u201chomenagem \u00e0s v\u00edtimas\u201d das a\u00e7\u00f5es das guerrilhas do <strong>Ex\u00e9rcito Revolucion\u00e1rio do Povo (ERP, extrema-esquerda comunista) e Montoneros (esquerda peronista).<\/strong> As duas organiza\u00e7\u00f5es operaram na d\u00e9cada de 1970 com repress\u00e3o do Estado durante a ditadura militar argentina (1976-1983).<\/p>\n\n\n\n<div class=\"wp-block-image\"><figure class=\"aligncenter size-large is-resized\"><img loading=\"lazy\" decoding=\"async\" src=\"https:\/\/jornalfatosenoticias.com.br\/wp-content\/uploads\/2023\/08\/Steel.jpeg\" alt=\"\" class=\"wp-image-44634\" width=\"383\" height=\"311\" srcset=\"https:\/\/jornalfatosenoticias.com.br\/wp-content\/uploads\/2023\/08\/Steel.jpeg 800w, https:\/\/jornalfatosenoticias.com.br\/wp-content\/uploads\/2023\/08\/Steel-300x244.jpeg 300w, https:\/\/jornalfatosenoticias.com.br\/wp-content\/uploads\/2023\/08\/Steel-768x624.jpeg 768w\" sizes=\"auto, (max-width: 383px) 100vw, 383px\" \/><\/figure><\/div>\n\n\n\n<p>No ato convocado por Victoria Villarruel, dever\u00e3o prestar depoimento familiares de v\u00edtimas de atos terroristas que permanecem impunes, como a m\u00e3e de um estudante de 18 anos assassinado em 1975 por um carro-bomba detonado por Montoneros, filha de um barman assassinado em 1974 pelo ERP, e filho de um militar sequestrado, torturado e assassinado em 1975 pelo ERP ap\u00f3s 372 dias de cativeiro.<\/p>\n\n\n\n<div class=\"wp-block-image\"><figure class=\"aligncenter size-large\"><img loading=\"lazy\" decoding=\"async\" width=\"300\" height=\"250\" src=\"https:\/\/jornalfatosenoticias.com.br\/wp-content\/uploads\/2022\/02\/FERRARI_MAQUINAS-E-FERRAMENTAS2.jpg\" alt=\"\" class=\"wp-image-27860\"\/><\/figure><\/div>\n\n\n\n<p>A convoca\u00e7\u00e3o tamb\u00e9m possui um <strong>aspecto eleitoral<\/strong> pela possibilidade de Villarruel se tornar vice-presidente do pa\u00eds no pr\u00f3ximo dia 10 de dezembro, mesmo dia em que a Argentina celebrar\u00e1 seu 40\u00ba anivers\u00e1rio do retorno \u00e0 democracia.<\/p>\n\n\n\n<div class=\"wp-block-image\"><figure class=\"aligncenter size-large\"><img decoding=\"async\" src=\"https:\/\/jornalfatosenoticias.com.br\/wp-content\/uploads\/2020\/02\/barao-das-carnes-300x164-1.jpg\" alt=\"\" class=\"wp-image-34339\"\/><\/figure><\/div>\n\n\n\n<p>O apelo de Victoria Villarruel, que em 2006 criou o Centro de Estudos Jur\u00eddicos sobre o Terrorismo e suas V\u00edtimas (CELTYV), gerou forte <strong>rep\u00fadio por parte das organiza\u00e7\u00f5es de direitos humanos,<\/strong> que convocaram uma manifesta\u00e7\u00e3o, tamb\u00e9m para a segunda-feira (4), na entrada do Legislativo de Buenos Aires. As organiza\u00e7\u00f5es descreveram o apelo como uma \u201cprovoca\u00e7\u00e3o\u201d que \u201cn\u00e3o s\u00f3 nega e falsifica a verdade hist\u00f3rica, mas tamb\u00e9m ofende a mem\u00f3ria coletiva\u201d.<br>Pela rede social X (ex-Twitter), a candidata \u00e0 vice-presid\u00eancia respondeu os opositores neste domingo (3).<\/p>\n\n\n\n<div class=\"wp-block-image\"><figure class=\"aligncenter size-large is-resized\"><img loading=\"lazy\" decoding=\"async\" src=\"https:\/\/jornalfatosenoticias.com.br\/wp-content\/uploads\/2023\/08\/ITH.jpeg\" alt=\"\" class=\"wp-image-44638\" width=\"366\" height=\"297\" srcset=\"https:\/\/jornalfatosenoticias.com.br\/wp-content\/uploads\/2023\/08\/ITH.jpeg 800w, https:\/\/jornalfatosenoticias.com.br\/wp-content\/uploads\/2023\/08\/ITH-300x244.jpeg 300w, https:\/\/jornalfatosenoticias.com.br\/wp-content\/uploads\/2023\/08\/ITH-768x624.jpeg 768w\" sizes=\"auto, (max-width: 366px) 100vw, 366px\" \/><\/figure><\/div>\n\n\n\n<blockquote class=\"wp-block-quote is-layout-flow wp-block-quote-is-layout-flow\"><p><span class=\"has-inline-color has-luminous-vivid-orange-color\">Eles se incomodam que pe\u00e7amos direitos humanos para todos e que saibamos a verdade sobre o que os terroristas fizeram, eles querem nos intimidar com ass\u00e9dio e amea\u00e7as como nos anos 70. Eles n\u00e3o querem que a verdade seja conhecida, porque <strong>a esquerda \u00e9 uma tirania transformada em ideologia,<\/strong> mas vamos honrar nossos mortos\u201d, rebateu.<\/span><\/p><\/blockquote>\n\n\n\n<div class=\"wp-block-image\"><figure class=\"aligncenter size-large is-resized\"><img loading=\"lazy\" decoding=\"async\" src=\"https:\/\/jornalfatosenoticias.com.br\/wp-content\/uploads\/2023\/03\/nova-logo-Marquetti.jpg\" alt=\"\" class=\"wp-image-40207\" width=\"305\" height=\"205\" srcset=\"https:\/\/jornalfatosenoticias.com.br\/wp-content\/uploads\/2023\/03\/nova-logo-Marquetti.jpg 643w, https:\/\/jornalfatosenoticias.com.br\/wp-content\/uploads\/2023\/03\/nova-logo-Marquetti-300x202.jpg 300w\" sizes=\"auto, (max-width: 305px) 100vw, 305px\" \/><\/figure><\/div>\n\n\n\n<p><strong><em>Fonte: <a href=\"https:\/\/www.gazetadopovo.com.br\/mundo\/vice-milei-victoria-villarruel-convoca-ato-para-lembrar-vitimas-terrorismo-esquerda\/\">Gazeta do Povo<\/a><\/em><\/strong><\/p>\n","protected":false},"excerpt":{"rendered":"<p>Ex\u00e9rcito Revolucion\u00e1rio do Povo e Montoneros s\u00e3o grupos acusados por Milei e Villarruel de terrorismo na d\u00e9cada 1970 A decis\u00e3o da deputada Victoria Villarruel, candidata a vice-presidente da Argentina, de convocar um ato nesta segunda-feira (4) em homenagem \u00e0s v\u00edtimas de atos terroristas perpetrados por grupos guerrilheiros de esquerda durante a d\u00e9cada de 1970 desencadeou [&hellip;]<\/p>\n","protected":false},"author":2,"featured_media":44854,"comment_status":"open","ping_status":"open","sticky":false,"template":"","format":"standard","meta":{"footnotes":""},"categories":[41],"tags":[21133,4968,21138,21137,21135,18616,21139,21134,21136],"class_list":["post-44853","post","type-post","status-publish","format-standard","has-post-thumbnail","hentry","category-internacional","tag-eleicoes-na-argentina","tag-esquerda","tag-exercito-revolucionario-do-povo","tag-grupos-terroristas","tag-ideologia-esquerdista","tag-javier-milei","tag-montoneros","tag-terrorismo-de-esquerda","tag-victoria-villarruel"],"yoast_head":"<!-- This site is optimized with the Yoast SEO plugin v26.5 - https:\/\/yoast.com\/wordpress\/plugins\/seo\/ -->\n<title>Vice de Milei, Victoria Villarruel convoca ato para lembrar v\u00edtimas de \u201cterrorismo de esquerda\u201d - Jornal Fatos e Not\u00edcias<\/title>\n<meta name=\"robots\" content=\"index, follow, max-snippet:-1, max-image-preview:large, max-video-preview:-1\" \/>\n<link rel=\"canonical\" href=\"https:\/\/jornalfatosenoticias.com.br\/index.php\/2023\/09\/04\/vice-de-milei-victoria-villarruel-convoca-ato-para-lembrar-vitimas-de-terrorismo-de-esquerda\/\" \/>\n<meta property=\"og:locale\" content=\"pt_BR\" \/>\n<meta property=\"og:type\" content=\"article\" \/>\n<meta property=\"og:title\" content=\"Vice de Milei, Victoria Villarruel convoca ato para lembrar v\u00edtimas de \u201cterrorismo de esquerda\u201d - Jornal Fatos e Not\u00edcias\" \/>\n<meta property=\"og:description\" content=\"Ex\u00e9rcito Revolucion\u00e1rio do Povo e Montoneros s\u00e3o grupos acusados por Milei e Villarruel de terrorismo na d\u00e9cada 1970 A decis\u00e3o da deputada Victoria Villarruel, candidata a vice-presidente da Argentina, de convocar um ato nesta segunda-feira (4) em homenagem \u00e0s v\u00edtimas de atos terroristas perpetrados por grupos guerrilheiros de esquerda durante a d\u00e9cada de 1970 desencadeou [&hellip;]\" \/>\n<meta property=\"og:url\" content=\"https:\/\/jornalfatosenoticias.com.br\/index.php\/2023\/09\/04\/vice-de-milei-victoria-villarruel-convoca-ato-para-lembrar-vitimas-de-terrorismo-de-esquerda\/\" \/>\n<meta property=\"og:site_name\" content=\"Jornal Fatos e Not\u00edcias\" \/>\n<meta property=\"article:published_time\" content=\"2023-09-04T14:55:00+00:00\" \/>\n<meta property=\"article:modified_time\" content=\"2023-09-04T14:55:01+00:00\" \/>\n<meta property=\"og:image\" content=\"https:\/\/jornalfatosenoticias.com.br\/wp-content\/uploads\/2023\/09\/milei.jpg\" \/>\n\t<meta property=\"og:image:width\" content=\"960\" \/>\n\t<meta property=\"og:image:height\" content=\"540\" \/>\n\t<meta property=\"og:image:type\" content=\"image\/jpeg\" \/>\n<meta name=\"author\" content=\"Luzimara Fernandes\" \/>\n<meta name=\"twitter:card\" content=\"summary_large_image\" \/>\n<meta name=\"twitter:label1\" content=\"Escrito por\" \/>\n\t<meta name=\"twitter:data1\" content=\"Luzimara Fernandes\" \/>\n\t<meta name=\"twitter:label2\" content=\"Est. tempo de leitura\" \/>\n\t<meta name=\"twitter:data2\" content=\"2 minutos\" \/>\n<script type=\"application\/ld+json\" class=\"yoast-schema-graph\">{\"@context\":\"https:\/\/schema.org\",\"@graph\":[{\"@type\":\"Article\",\"@id\":\"https:\/\/jornalfatosenoticias.com.br\/index.php\/2023\/09\/04\/vice-de-milei-victoria-villarruel-convoca-ato-para-lembrar-vitimas-de-terrorismo-de-esquerda\/#article\",\"isPartOf\":{\"@id\":\"https:\/\/jornalfatosenoticias.com.br\/index.php\/2023\/09\/04\/vice-de-milei-victoria-villarruel-convoca-ato-para-lembrar-vitimas-de-terrorismo-de-esquerda\/\"},\"author\":{\"name\":\"Luzimara Fernandes\",\"@id\":\"https:\/\/jornalfatosenoticias.com.br\/#\/schema\/person\/d63837fa13ac8666eb9e74e0985d6f81\"},\"headline\":\"Vice de Milei, Victoria Villarruel convoca ato para lembrar v\u00edtimas de \u201cterrorismo de esquerda\u201d\",\"datePublished\":\"2023-09-04T14:55:00+00:00\",\"dateModified\":\"2023-09-04T14:55:01+00:00\",\"mainEntityOfPage\":{\"@id\":\"https:\/\/jornalfatosenoticias.com.br\/index.php\/2023\/09\/04\/vice-de-milei-victoria-villarruel-convoca-ato-para-lembrar-vitimas-de-terrorismo-de-esquerda\/\"},\"wordCount\":435,\"commentCount\":0,\"publisher\":{\"@id\":\"https:\/\/jornalfatosenoticias.com.br\/#organization\"},\"image\":{\"@id\":\"https:\/\/jornalfatosenoticias.com.br\/index.php\/2023\/09\/04\/vice-de-milei-victoria-villarruel-convoca-ato-para-lembrar-vitimas-de-terrorismo-de-esquerda\/#primaryimage\"},\"thumbnailUrl\":\"https:\/\/jornalfatosenoticias.com.br\/wp-content\/uploads\/2023\/09\/milei.jpg\",\"keywords\":[\"elei\u00e7\u00f5es na Argentina\",\"esquerda\",\"Ex\u00e9rcito Revolucion\u00e1rio do Povo\",\"grupos terroristas\",\"ideologia esquerdista\",\"Javier Milei\",\"Montoneros\",\"terrorismo de esquerda\",\"Victoria Villarruel\"],\"articleSection\":[\"Internacional\"],\"inLanguage\":\"pt-BR\",\"potentialAction\":[{\"@type\":\"CommentAction\",\"name\":\"Comment\",\"target\":[\"https:\/\/jornalfatosenoticias.com.br\/index.php\/2023\/09\/04\/vice-de-milei-victoria-villarruel-convoca-ato-para-lembrar-vitimas-de-terrorismo-de-esquerda\/#respond\"]}]},{\"@type\":\"WebPage\",\"@id\":\"https:\/\/jornalfatosenoticias.com.br\/index.php\/2023\/09\/04\/vice-de-milei-victoria-villarruel-convoca-ato-para-lembrar-vitimas-de-terrorismo-de-esquerda\/\",\"url\":\"https:\/\/jornalfatosenoticias.com.br\/index.php\/2023\/09\/04\/vice-de-milei-victoria-villarruel-convoca-ato-para-lembrar-vitimas-de-terrorismo-de-esquerda\/\",\"name\":\"Vice de Milei, Victoria Villarruel convoca ato para lembrar v\u00edtimas de \u201cterrorismo de esquerda\u201d - Jornal Fatos e Not\u00edcias\",\"isPartOf\":{\"@id\":\"https:\/\/jornalfatosenoticias.com.br\/#website\"},\"primaryImageOfPage\":{\"@id\":\"https:\/\/jornalfatosenoticias.com.br\/index.php\/2023\/09\/04\/vice-de-milei-victoria-villarruel-convoca-ato-para-lembrar-vitimas-de-terrorismo-de-esquerda\/#primaryimage\"},\"image\":{\"@id\":\"https:\/\/jornalfatosenoticias.com.br\/index.php\/2023\/09\/04\/vice-de-milei-victoria-villarruel-convoca-ato-para-lembrar-vitimas-de-terrorismo-de-esquerda\/#primaryimage\"},\"thumbnailUrl\":\"https:\/\/jornalfatosenoticias.com.br\/wp-content\/uploads\/2023\/09\/milei.jpg\",\"datePublished\":\"2023-09-04T14:55:00+00:00\",\"dateModified\":\"2023-09-04T14:55:01+00:00\",\"breadcrumb\":{\"@id\":\"https:\/\/jornalfatosenoticias.com.br\/index.php\/2023\/09\/04\/vice-de-milei-victoria-villarruel-convoca-ato-para-lembrar-vitimas-de-terrorismo-de-esquerda\/#breadcrumb\"},\"inLanguage\":\"pt-BR\",\"potentialAction\":[{\"@type\":\"ReadAction\",\"target\":[\"https:\/\/jornalfatosenoticias.com.br\/index.php\/2023\/09\/04\/vice-de-milei-victoria-villarruel-convoca-ato-para-lembrar-vitimas-de-terrorismo-de-esquerda\/\"]}]},{\"@type\":\"ImageObject\",\"inLanguage\":\"pt-BR\",\"@id\":\"https:\/\/jornalfatosenoticias.com.br\/index.php\/2023\/09\/04\/vice-de-milei-victoria-villarruel-convoca-ato-para-lembrar-vitimas-de-terrorismo-de-esquerda\/#primaryimage\",\"url\":\"https:\/\/jornalfatosenoticias.com.br\/wp-content\/uploads\/2023\/09\/milei.jpg\",\"contentUrl\":\"https:\/\/jornalfatosenoticias.com.br\/wp-content\/uploads\/2023\/09\/milei.jpg\",\"width\":960,\"height\":540},{\"@type\":\"BreadcrumbList\",\"@id\":\"https:\/\/jornalfatosenoticias.com.br\/index.php\/2023\/09\/04\/vice-de-milei-victoria-villarruel-convoca-ato-para-lembrar-vitimas-de-terrorismo-de-esquerda\/#breadcrumb\",\"itemListElement\":[{\"@type\":\"ListItem\",\"position\":1,\"name\":\"In\u00edcio\",\"item\":\"https:\/\/jornalfatosenoticias.com.br\/\"},{\"@type\":\"ListItem\",\"position\":2,\"name\":\"Vice de Milei, Victoria Villarruel convoca ato para lembrar v\u00edtimas de \u201cterrorismo de esquerda\u201d\"}]},{\"@type\":\"WebSite\",\"@id\":\"https:\/\/jornalfatosenoticias.com.br\/#website\",\"url\":\"https:\/\/jornalfatosenoticias.com.br\/\",\"name\":\"Jornal Fatos e Not\u00edcias\",\"description\":\"Not\u00edcias em geral\",\"publisher\":{\"@id\":\"https:\/\/jornalfatosenoticias.com.br\/#organization\"},\"potentialAction\":[{\"@type\":\"SearchAction\",\"target\":{\"@type\":\"EntryPoint\",\"urlTemplate\":\"https:\/\/jornalfatosenoticias.com.br\/?s={search_term_string}\"},\"query-input\":{\"@type\":\"PropertyValueSpecification\",\"valueRequired\":true,\"valueName\":\"search_term_string\"}}],\"inLanguage\":\"pt-BR\"},{\"@type\":\"Organization\",\"@id\":\"https:\/\/jornalfatosenoticias.com.br\/#organization\",\"name\":\"Jornal Fatos e Not\u00edcias\",\"url\":\"https:\/\/jornalfatosenoticias.com.br\/\",\"logo\":{\"@type\":\"ImageObject\",\"inLanguage\":\"pt-BR\",\"@id\":\"https:\/\/jornalfatosenoticias.com.br\/#\/schema\/logo\/image\/\",\"url\":\"https:\/\/jornalfatosenoticias.com.br\/wp-content\/uploads\/2020\/02\/logo120.png\",\"contentUrl\":\"https:\/\/jornalfatosenoticias.com.br\/wp-content\/uploads\/2020\/02\/logo120.png\",\"width\":1227,\"height\":120,\"caption\":\"Jornal Fatos e Not\u00edcias\"},\"image\":{\"@id\":\"https:\/\/jornalfatosenoticias.com.br\/#\/schema\/logo\/image\/\"}},{\"@type\":\"Person\",\"@id\":\"https:\/\/jornalfatosenoticias.com.br\/#\/schema\/person\/d63837fa13ac8666eb9e74e0985d6f81\",\"name\":\"Luzimara Fernandes\",\"image\":{\"@type\":\"ImageObject\",\"inLanguage\":\"pt-BR\",\"@id\":\"https:\/\/jornalfatosenoticias.com.br\/#\/schema\/person\/image\/\",\"url\":\"https:\/\/jornalfatosenoticias.com.br\/wp-content\/uploads\/2025\/05\/EU_portal.jpg\",\"contentUrl\":\"https:\/\/jornalfatosenoticias.com.br\/wp-content\/uploads\/2025\/05\/EU_portal.jpg\",\"caption\":\"Luzimara Fernandes\"},\"description\":\"Jornalista MTB 2358-ES\",\"sameAs\":[\"https:\/\/jornalfatosenoticias.com.br\"],\"url\":\"https:\/\/jornalfatosenoticias.com.br\/index.php\/author\/luzimara\/\"}]}<\/script>\n<!-- \/ Yoast SEO plugin. -->","yoast_head_json":{"title":"Vice de Milei, Victoria Villarruel convoca ato para lembrar v\u00edtimas de \u201cterrorismo de esquerda\u201d - Jornal Fatos e Not\u00edcias","robots":{"index":"index","follow":"follow","max-snippet":"max-snippet:-1","max-image-preview":"max-image-preview:large","max-video-preview":"max-video-preview:-1"},"canonical":"https:\/\/jornalfatosenoticias.com.br\/index.php\/2023\/09\/04\/vice-de-milei-victoria-villarruel-convoca-ato-para-lembrar-vitimas-de-terrorismo-de-esquerda\/","og_locale":"pt_BR","og_type":"article","og_title":"Vice de Milei, Victoria Villarruel convoca ato para lembrar v\u00edtimas de \u201cterrorismo de esquerda\u201d - Jornal Fatos e Not\u00edcias","og_description":"Ex\u00e9rcito Revolucion\u00e1rio do Povo e Montoneros s\u00e3o grupos acusados por Milei e Villarruel de terrorismo na d\u00e9cada 1970 A decis\u00e3o da deputada Victoria Villarruel, candidata a vice-presidente da Argentina, de convocar um ato nesta segunda-feira (4) em homenagem \u00e0s v\u00edtimas de atos terroristas perpetrados por grupos guerrilheiros de esquerda durante a d\u00e9cada de 1970 desencadeou [&hellip;]","og_url":"https:\/\/jornalfatosenoticias.com.br\/index.php\/2023\/09\/04\/vice-de-milei-victoria-villarruel-convoca-ato-para-lembrar-vitimas-de-terrorismo-de-esquerda\/","og_site_name":"Jornal Fatos e Not\u00edcias","article_published_time":"2023-09-04T14:55:00+00:00","article_modified_time":"2023-09-04T14:55:01+00:00","og_image":[{"width":960,"height":540,"url":"https:\/\/jornalfatosenoticias.com.br\/wp-content\/uploads\/2023\/09\/milei.jpg","type":"image\/jpeg"}],"author":"Luzimara Fernandes","twitter_card":"summary_large_image","twitter_misc":{"Escrito por":"Luzimara Fernandes","Est. tempo de leitura":"2 minutos"},"schema":{"@context":"https:\/\/schema.org","@graph":[{"@type":"Article","@id":"https:\/\/jornalfatosenoticias.com.br\/index.php\/2023\/09\/04\/vice-de-milei-victoria-villarruel-convoca-ato-para-lembrar-vitimas-de-terrorismo-de-esquerda\/#article","isPartOf":{"@id":"https:\/\/jornalfatosenoticias.com.br\/index.php\/2023\/09\/04\/vice-de-milei-victoria-villarruel-convoca-ato-para-lembrar-vitimas-de-terrorismo-de-esquerda\/"},"author":{"name":"Luzimara Fernandes","@id":"https:\/\/jornalfatosenoticias.com.br\/#\/schema\/person\/d63837fa13ac8666eb9e74e0985d6f81"},"headline":"Vice de Milei, Victoria Villarruel convoca ato para lembrar v\u00edtimas de \u201cterrorismo de esquerda\u201d","datePublished":"2023-09-04T14:55:00+00:00","dateModified":"2023-09-04T14:55:01+00:00","mainEntityOfPage":{"@id":"https:\/\/jornalfatosenoticias.com.br\/index.php\/2023\/09\/04\/vice-de-milei-victoria-villarruel-convoca-ato-para-lembrar-vitimas-de-terrorismo-de-esquerda\/"},"wordCount":435,"commentCount":0,"publisher":{"@id":"https:\/\/jornalfatosenoticias.com.br\/#organization"},"image":{"@id":"https:\/\/jornalfatosenoticias.com.br\/index.php\/2023\/09\/04\/vice-de-milei-victoria-villarruel-convoca-ato-para-lembrar-vitimas-de-terrorismo-de-esquerda\/#primaryimage"},"thumbnailUrl":"https:\/\/jornalfatosenoticias.com.br\/wp-content\/uploads\/2023\/09\/milei.jpg","keywords":["elei\u00e7\u00f5es na Argentina","esquerda","Ex\u00e9rcito Revolucion\u00e1rio do Povo","grupos terroristas","ideologia esquerdista","Javier Milei","Montoneros","terrorismo de esquerda","Victoria Villarruel"],"articleSection":["Internacional"],"inLanguage":"pt-BR","potentialAction":[{"@type":"CommentAction","name":"Comment","target":["https:\/\/jornalfatosenoticias.com.br\/index.php\/2023\/09\/04\/vice-de-milei-victoria-villarruel-convoca-ato-para-lembrar-vitimas-de-terrorismo-de-esquerda\/#respond"]}]},{"@type":"WebPage","@id":"https:\/\/jornalfatosenoticias.com.br\/index.php\/2023\/09\/04\/vice-de-milei-victoria-villarruel-convoca-ato-para-lembrar-vitimas-de-terrorismo-de-esquerda\/","url":"https:\/\/jornalfatosenoticias.com.br\/index.php\/2023\/09\/04\/vice-de-milei-victoria-villarruel-convoca-ato-para-lembrar-vitimas-de-terrorismo-de-esquerda\/","name":"Vice de Milei, Victoria Villarruel convoca ato para lembrar v\u00edtimas de \u201cterrorismo de esquerda\u201d - Jornal Fatos e Not\u00edcias","isPartOf":{"@id":"https:\/\/jornalfatosenoticias.com.br\/#website"},"primaryImageOfPage":{"@id":"https:\/\/jornalfatosenoticias.com.br\/index.php\/2023\/09\/04\/vice-de-milei-victoria-villarruel-convoca-ato-para-lembrar-vitimas-de-terrorismo-de-esquerda\/#primaryimage"},"image":{"@id":"https:\/\/jornalfatosenoticias.com.br\/index.php\/2023\/09\/04\/vice-de-milei-victoria-villarruel-convoca-ato-para-lembrar-vitimas-de-terrorismo-de-esquerda\/#primaryimage"},"thumbnailUrl":"https:\/\/jornalfatosenoticias.com.br\/wp-content\/uploads\/2023\/09\/milei.jpg","datePublished":"2023-09-04T14:55:00+00:00","dateModified":"2023-09-04T14:55:01+00:00","breadcrumb":{"@id":"https:\/\/jornalfatosenoticias.com.br\/index.php\/2023\/09\/04\/vice-de-milei-victoria-villarruel-convoca-ato-para-lembrar-vitimas-de-terrorismo-de-esquerda\/#breadcrumb"},"inLanguage":"pt-BR","potentialAction":[{"@type":"ReadAction","target":["https:\/\/jornalfatosenoticias.com.br\/index.php\/2023\/09\/04\/vice-de-milei-victoria-villarruel-convoca-ato-para-lembrar-vitimas-de-terrorismo-de-esquerda\/"]}]},{"@type":"ImageObject","inLanguage":"pt-BR","@id":"https:\/\/jornalfatosenoticias.com.br\/index.php\/2023\/09\/04\/vice-de-milei-victoria-villarruel-convoca-ato-para-lembrar-vitimas-de-terrorismo-de-esquerda\/#primaryimage","url":"https:\/\/jornalfatosenoticias.com.br\/wp-content\/uploads\/2023\/09\/milei.jpg","contentUrl":"https:\/\/jornalfatosenoticias.com.br\/wp-content\/uploads\/2023\/09\/milei.jpg","width":960,"height":540},{"@type":"BreadcrumbList","@id":"https:\/\/jornalfatosenoticias.com.br\/index.php\/2023\/09\/04\/vice-de-milei-victoria-villarruel-convoca-ato-para-lembrar-vitimas-de-terrorismo-de-esquerda\/#breadcrumb","itemListElement":[{"@type":"ListItem","position":1,"name":"In\u00edcio","item":"https:\/\/jornalfatosenoticias.com.br\/"},{"@type":"ListItem","position":2,"name":"Vice de Milei, Victoria Villarruel convoca ato para lembrar v\u00edtimas de \u201cterrorismo de esquerda\u201d"}]},{"@type":"WebSite","@id":"https:\/\/jornalfatosenoticias.com.br\/#website","url":"https:\/\/jornalfatosenoticias.com.br\/","name":"Jornal Fatos e Not\u00edcias","description":"Not\u00edcias em geral","publisher":{"@id":"https:\/\/jornalfatosenoticias.com.br\/#organization"},"potentialAction":[{"@type":"SearchAction","target":{"@type":"EntryPoint","urlTemplate":"https:\/\/jornalfatosenoticias.com.br\/?s={search_term_string}"},"query-input":{"@type":"PropertyValueSpecification","valueRequired":true,"valueName":"search_term_string"}}],"inLanguage":"pt-BR"},{"@type":"Organization","@id":"https:\/\/jornalfatosenoticias.com.br\/#organization","name":"Jornal Fatos e Not\u00edcias","url":"https:\/\/jornalfatosenoticias.com.br\/","logo":{"@type":"ImageObject","inLanguage":"pt-BR","@id":"https:\/\/jornalfatosenoticias.com.br\/#\/schema\/logo\/image\/","url":"https:\/\/jornalfatosenoticias.com.br\/wp-content\/uploads\/2020\/02\/logo120.png","contentUrl":"https:\/\/jornalfatosenoticias.com.br\/wp-content\/uploads\/2020\/02\/logo120.png","width":1227,"height":120,"caption":"Jornal Fatos e Not\u00edcias"},"image":{"@id":"https:\/\/jornalfatosenoticias.com.br\/#\/schema\/logo\/image\/"}},{"@type":"Person","@id":"https:\/\/jornalfatosenoticias.com.br\/#\/schema\/person\/d63837fa13ac8666eb9e74e0985d6f81","name":"Luzimara Fernandes","image":{"@type":"ImageObject","inLanguage":"pt-BR","@id":"https:\/\/jornalfatosenoticias.com.br\/#\/schema\/person\/image\/","url":"https:\/\/jornalfatosenoticias.com.br\/wp-content\/uploads\/2025\/05\/EU_portal.jpg","contentUrl":"https:\/\/jornalfatosenoticias.com.br\/wp-content\/uploads\/2025\/05\/EU_portal.jpg","caption":"Luzimara Fernandes"},"description":"Jornalista MTB 2358-ES","sameAs":["https:\/\/jornalfatosenoticias.com.br"],"url":"https:\/\/jornalfatosenoticias.com.br\/index.php\/author\/luzimara\/"}]}},"cc_featured_image_caption":{"caption_text":"(Foto: Reprodu\u00e7\u00e3o Internet)","source_text":"","source_url":""},"jetpack_featured_media_url":"https:\/\/jornalfatosenoticias.com.br\/wp-content\/uploads\/2023\/09\/milei.jpg","_links":{"self":[{"href":"https:\/\/jornalfatosenoticias.com.br\/index.php\/wp-json\/wp\/v2\/posts\/44853","targetHints":{"allow":["GET"]}}],"collection":[{"href":"https:\/\/jornalfatosenoticias.com.br\/index.php\/wp-json\/wp\/v2\/posts"}],"about":[{"href":"https:\/\/jornalfatosenoticias.com.br\/index.php\/wp-json\/wp\/v2\/types\/post"}],"author":[{"embeddable":true,"href":"https:\/\/jornalfatosenoticias.com.br\/index.php\/wp-json\/wp\/v2\/users\/2"}],"replies":[{"embeddable":true,"href":"https:\/\/jornalfatosenoticias.com.br\/index.php\/wp-json\/wp\/v2\/comments?post=44853"}],"version-history":[{"count":0,"href":"https:\/\/jornalfatosenoticias.com.br\/index.php\/wp-json\/wp\/v2\/posts\/44853\/revisions"}],"wp:featuredmedia":[{"embeddable":true,"href":"https:\/\/jornalfatosenoticias.com.br\/index.php\/wp-json\/wp\/v2\/media\/44854"}],"wp:attachment":[{"href":"https:\/\/jornalfatosenoticias.com.br\/index.php\/wp-json\/wp\/v2\/media?parent=44853"}],"wp:term":[{"taxonomy":"category","embeddable":true,"href":"https:\/\/jornalfatosenoticias.com.br\/index.php\/wp-json\/wp\/v2\/categories?post=44853"},{"taxonomy":"post_tag","embeddable":true,"href":"https:\/\/jornalfatosenoticias.com.br\/index.php\/wp-json\/wp\/v2\/tags?post=44853"}],"curies":[{"name":"wp","href":"https:\/\/api.w.org\/{rel}","templated":true}]}}