{"id":44878,"date":"2023-09-05T08:37:40","date_gmt":"2023-09-05T11:37:40","guid":{"rendered":"https:\/\/jornalfatosenoticias.com.br\/?p=44878"},"modified":"2023-09-05T08:37:41","modified_gmt":"2023-09-05T11:37:41","slug":"fazer-voluntariado-na-velhice-ajuda-a-evitar-o-declinio-mental","status":"publish","type":"post","link":"https:\/\/jornalfatosenoticias.com.br\/index.php\/2023\/09\/05\/fazer-voluntariado-na-velhice-ajuda-a-evitar-o-declinio-mental\/","title":{"rendered":"Fazer voluntariado na velhice ajuda a evitar o decl\u00ednio mental"},"content":{"rendered":"\n<p><em><span class=\"has-inline-color has-black-color\">Por <strong><a href=\"https:\/\/vitat.com.br\/author\/alexandre-raith\/\">Ag\u00eancia Einstein<\/a><\/strong><\/span><\/em><\/p>\n\n\n\n<div class=\"wp-block-image\"><figure class=\"aligncenter size-large\"><img decoding=\"async\" src=\"https:\/\/jornalfatosenoticias.com.br\/wp-content\/uploads\/2020\/02\/barao-das-carnes-300x164-1.jpg\" alt=\"\" class=\"wp-image-34339\"\/><\/figure><\/div>\n\n\n\n<p>Praticar voluntariado na velhice pode proteger o c\u00e9rebro contra o decl\u00ednio cognitivo, mostra um estudo feito na Universidade da Calif\u00f3rnia, em Davis, nos Estados Unidos (EUA), e apresentado na Confer\u00eancia Internacional da Associa\u00e7\u00e3o de Alzheimer, que aconteceu no final de julho, em Amsterd\u00e3, na Holanda.<br>Pesquisas anteriores j\u00e1 demonstraram o benef\u00edcio desse tipo de atividade para a sa\u00fade em geral e para a socializa\u00e7\u00e3o dos idosos. No entanto, segundo os autores, ainda falta informa\u00e7\u00e3o sobre o impacto do engajamento em atividades comunit\u00e1rias nas fun\u00e7\u00f5es cognitivas, principalmente estudos com grandes popula\u00e7\u00f5es.<\/p>\n\n\n\n<div class=\"wp-block-image\"><figure class=\"aligncenter size-large\"><img loading=\"lazy\" decoding=\"async\" width=\"300\" height=\"300\" src=\"https:\/\/jornalfatosenoticias.com.br\/wp-content\/uploads\/2020\/02\/casa-do-torresmo_portal.jpg\" alt=\"\" class=\"wp-image-34472\" srcset=\"https:\/\/jornalfatosenoticias.com.br\/wp-content\/uploads\/2020\/02\/casa-do-torresmo_portal.jpg 300w, https:\/\/jornalfatosenoticias.com.br\/wp-content\/uploads\/2020\/02\/casa-do-torresmo_portal-150x150.jpg 150w\" sizes=\"auto, (max-width: 300px) 100vw, 300px\" \/><\/figure><\/div>\n\n\n\n<p>Para suprir essa lacuna, eles avaliaram dados de mais de 2.400 idosos, com 74 anos em m\u00e9dia, participantes de dois projetos que reuniam uma amostra bem diversa: o Kaiser Healthy Aging and Diverse Life Experiences Study (<a href=\"https:\/\/rachelwhitmer.ucdavis.edu\/khandle\">KHANDLE<\/a>) e o Study of Healthy Aging in African Americans (<a href=\"https:\/\/rachelwhitmer.ucdavis.edu\/star\">STAR<\/a>). No total, aproximadamente 48% dos participantes eram negros, 20% brancos, 17% asi\u00e1ticos e 14% latinos, o que foi considerado um grande diferencial pelos pesquisadores. Boa parte deles (43%) tinha participado de tarefas volunt\u00e1rias no ano anterior, atuando em organiza\u00e7\u00f5es religiosas, educativas, relacionadas \u00e0 sa\u00fade ou de caridade, entre outras.<\/p>\n\n\n\n<div class=\"wp-block-image\"><figure class=\"aligncenter size-large\"><img loading=\"lazy\" decoding=\"async\" width=\"300\" height=\"250\" src=\"https:\/\/jornalfatosenoticias.com.br\/wp-content\/uploads\/2022\/02\/FERRARI_MAQUINAS-E-FERRAMENTAS2.jpg\" alt=\"\" class=\"wp-image-27860\"\/><\/figure><\/div>\n\n\n\n<p>Durante um ano, todos os participantes foram submetidos a testes de fun\u00e7\u00f5es executivas e mem\u00f3ria. Al\u00e9m disso, eles tamb\u00e9m responderem a entrevistas sobre estilo de vida e rotina de atividades volunt\u00e1rias. Aqueles que se engajaram em trabalhos na comunidade apresentaram um melhor desempenho; adicionalmente, os resultados foram ainda mais expressivos para aqueles que realizavam essas atividades v\u00e1rias vezes por semana.<\/p>\n\n\n\n<div class=\"wp-block-image\"><figure class=\"aligncenter size-large\"><img loading=\"lazy\" decoding=\"async\" width=\"300\" height=\"250\" src=\"https:\/\/jornalfatosenoticias.com.br\/wp-content\/uploads\/2022\/08\/arte-Casarao.jpg\" alt=\"\" class=\"wp-image-33178\"\/><\/figure><\/div>\n\n\n\n<p>Os pesquisadores destacam que a participa\u00e7\u00e3o nesse tipo de tarefa n\u00e3o apenas favorece a atividade f\u00edsica e mental, mas tamb\u00e9m promove o contato com outras pessoas. Tudo isso contribui para a redu\u00e7\u00e3o do <a href=\"https:\/\/vitat.com.br\/estresse\/\">estresse<\/a> e estimula um processo cognitivo que parece proteger o c\u00e9rebro.<br>\u201cEmbora ainda n\u00e3o haja muitos estudos nesse sentido, observamos na pr\u00e1tica cl\u00ednica que, quando a pessoa para de trabalhar, vai perdendo a capacidade cognitiva e muitos come\u00e7am a apresentar d\u00e9ficit de mem\u00f3ria, por exemplo\u201d, diz a geriatra Thais Ioshimoto, do Hospital Israelita Albert Einstein.<\/p>\n\n\n\n<div class=\"wp-block-image\"><figure class=\"aligncenter size-large is-resized\"><img loading=\"lazy\" decoding=\"async\" src=\"https:\/\/jornalfatosenoticias.com.br\/wp-content\/uploads\/2022\/02\/Precisao-Contabilidade-1024x724.jpg\" alt=\"\" class=\"wp-image-28088\" width=\"332\" height=\"235\"\/><\/figure><\/div>\n\n\n\n<blockquote class=\"wp-block-quote is-layout-flow wp-block-quote-is-layout-flow\"><p><span class=\"has-inline-color has-luminous-vivid-orange-color\">O engajamento em outra atividade faz a capacidade cognitiva voltar a ser estimulada. Al\u00e9m disso, h\u00e1 a quest\u00e3o da socializa\u00e7\u00e3o e do prop\u00f3sito de vida. Ou seja, a pessoa passa a ter um motivo para acordar todos os dias, uma tarefa a fazer\u201d, completa a m\u00e9dica.<\/span><\/p><\/blockquote>\n\n\n\n<div class=\"wp-block-image\"><figure class=\"aligncenter size-large\"><img decoding=\"async\" src=\"https:\/\/jornalfatosenoticias.com.br\/wp-content\/uploads\/2020\/02\/logo_esteio.jpg\" alt=\"\" class=\"wp-image-1214\"\/><\/figure><\/div>\n\n\n\n<p>Al\u00e9m dos benef\u00edcios \u00e0 comunidade, o voluntariado pode ser uma interven\u00e7\u00e3o simples para proteger contra decl\u00ednio cognitivo dos idosos que moram nela. Os resultados podem servir para encorajar indiv\u00edduos de todas as idades a buscar esse tipo de trabalho, frisam os autores do estudo.<\/p>\n\n\n\n<p><strong><em>Fonte: <a href=\"https:\/\/vitat.com.br\/voluntariado-na-velhice\/\">Vitat<\/a><\/em><\/strong><\/p>\n","protected":false},"excerpt":{"rendered":"<p>Por Ag\u00eancia Einstein Praticar voluntariado na velhice pode proteger o c\u00e9rebro contra o decl\u00ednio cognitivo, mostra um estudo feito na Universidade da Calif\u00f3rnia, em Davis, nos Estados Unidos (EUA), e apresentado na Confer\u00eancia Internacional da Associa\u00e7\u00e3o de Alzheimer, que aconteceu no final de julho, em Amsterd\u00e3, na Holanda.Pesquisas anteriores j\u00e1 demonstraram o benef\u00edcio desse tipo [&hellip;]<\/p>\n","protected":false},"author":2,"featured_media":44879,"comment_status":"open","ping_status":"open","sticky":false,"template":"","format":"standard","meta":{"footnotes":""},"categories":[2522],"tags":[2336,21149,9017,1784,244,1684],"class_list":["post-44878","post","type-post","status-publish","format-standard","has-post-thumbnail","hentry","category-comportamento","tag-cerebro","tag-declinio-mental","tag-funcao-cognitiva","tag-terceira-idade","tag-velhice","tag-voluntariado"],"yoast_head":"<!-- This site is optimized with the Yoast SEO plugin v26.5 - https:\/\/yoast.com\/wordpress\/plugins\/seo\/ -->\n<title>Fazer voluntariado na velhice ajuda a evitar o decl\u00ednio mental - Jornal Fatos e Not\u00edcias<\/title>\n<meta name=\"robots\" content=\"index, follow, max-snippet:-1, max-image-preview:large, max-video-preview:-1\" \/>\n<link rel=\"canonical\" href=\"https:\/\/jornalfatosenoticias.com.br\/index.php\/2023\/09\/05\/fazer-voluntariado-na-velhice-ajuda-a-evitar-o-declinio-mental\/\" \/>\n<meta property=\"og:locale\" content=\"pt_BR\" \/>\n<meta property=\"og:type\" content=\"article\" \/>\n<meta property=\"og:title\" content=\"Fazer voluntariado na velhice ajuda a evitar o decl\u00ednio mental - Jornal Fatos e Not\u00edcias\" \/>\n<meta property=\"og:description\" content=\"Por Ag\u00eancia Einstein Praticar voluntariado na velhice pode proteger o c\u00e9rebro contra o decl\u00ednio cognitivo, mostra um estudo feito na Universidade da Calif\u00f3rnia, em Davis, nos Estados Unidos (EUA), e apresentado na Confer\u00eancia Internacional da Associa\u00e7\u00e3o de Alzheimer, que aconteceu no final de julho, em Amsterd\u00e3, na Holanda.Pesquisas anteriores j\u00e1 demonstraram o benef\u00edcio desse tipo [&hellip;]\" \/>\n<meta property=\"og:url\" content=\"https:\/\/jornalfatosenoticias.com.br\/index.php\/2023\/09\/05\/fazer-voluntariado-na-velhice-ajuda-a-evitar-o-declinio-mental\/\" \/>\n<meta property=\"og:site_name\" content=\"Jornal Fatos e Not\u00edcias\" \/>\n<meta property=\"article:published_time\" content=\"2023-09-05T11:37:40+00:00\" \/>\n<meta property=\"article:modified_time\" content=\"2023-09-05T11:37:41+00:00\" \/>\n<meta property=\"og:image\" content=\"https:\/\/jornalfatosenoticias.com.br\/wp-content\/uploads\/2023\/09\/Fazer-voluntariado-na-velhice.jpg\" \/>\n\t<meta property=\"og:image:width\" content=\"812\" \/>\n\t<meta property=\"og:image:height\" content=\"541\" \/>\n\t<meta property=\"og:image:type\" content=\"image\/jpeg\" \/>\n<meta name=\"author\" content=\"Luzimara Fernandes\" \/>\n<meta name=\"twitter:card\" content=\"summary_large_image\" \/>\n<meta name=\"twitter:label1\" content=\"Escrito por\" \/>\n\t<meta name=\"twitter:data1\" content=\"Luzimara Fernandes\" \/>\n\t<meta name=\"twitter:label2\" content=\"Est. tempo de leitura\" \/>\n\t<meta name=\"twitter:data2\" content=\"2 minutos\" \/>\n<script type=\"application\/ld+json\" class=\"yoast-schema-graph\">{\"@context\":\"https:\/\/schema.org\",\"@graph\":[{\"@type\":\"Article\",\"@id\":\"https:\/\/jornalfatosenoticias.com.br\/index.php\/2023\/09\/05\/fazer-voluntariado-na-velhice-ajuda-a-evitar-o-declinio-mental\/#article\",\"isPartOf\":{\"@id\":\"https:\/\/jornalfatosenoticias.com.br\/index.php\/2023\/09\/05\/fazer-voluntariado-na-velhice-ajuda-a-evitar-o-declinio-mental\/\"},\"author\":{\"name\":\"Luzimara Fernandes\",\"@id\":\"https:\/\/jornalfatosenoticias.com.br\/#\/schema\/person\/d63837fa13ac8666eb9e74e0985d6f81\"},\"headline\":\"Fazer voluntariado na velhice ajuda a evitar o decl\u00ednio mental\",\"datePublished\":\"2023-09-05T11:37:40+00:00\",\"dateModified\":\"2023-09-05T11:37:41+00:00\",\"mainEntityOfPage\":{\"@id\":\"https:\/\/jornalfatosenoticias.com.br\/index.php\/2023\/09\/05\/fazer-voluntariado-na-velhice-ajuda-a-evitar-o-declinio-mental\/\"},\"wordCount\":477,\"commentCount\":0,\"publisher\":{\"@id\":\"https:\/\/jornalfatosenoticias.com.br\/#organization\"},\"image\":{\"@id\":\"https:\/\/jornalfatosenoticias.com.br\/index.php\/2023\/09\/05\/fazer-voluntariado-na-velhice-ajuda-a-evitar-o-declinio-mental\/#primaryimage\"},\"thumbnailUrl\":\"https:\/\/jornalfatosenoticias.com.br\/wp-content\/uploads\/2023\/09\/Fazer-voluntariado-na-velhice.jpg\",\"keywords\":[\"c\u00e9rebro\",\"decl\u00ednio mental\",\"fun\u00e7\u00e3o cognitiva\",\"terceira idade\",\"velhice\",\"voluntariado\"],\"articleSection\":[\"Comportamento &amp; Equil\u00edbrio\"],\"inLanguage\":\"pt-BR\",\"potentialAction\":[{\"@type\":\"CommentAction\",\"name\":\"Comment\",\"target\":[\"https:\/\/jornalfatosenoticias.com.br\/index.php\/2023\/09\/05\/fazer-voluntariado-na-velhice-ajuda-a-evitar-o-declinio-mental\/#respond\"]}]},{\"@type\":\"WebPage\",\"@id\":\"https:\/\/jornalfatosenoticias.com.br\/index.php\/2023\/09\/05\/fazer-voluntariado-na-velhice-ajuda-a-evitar-o-declinio-mental\/\",\"url\":\"https:\/\/jornalfatosenoticias.com.br\/index.php\/2023\/09\/05\/fazer-voluntariado-na-velhice-ajuda-a-evitar-o-declinio-mental\/\",\"name\":\"Fazer voluntariado na velhice ajuda a evitar o decl\u00ednio mental - Jornal Fatos e Not\u00edcias\",\"isPartOf\":{\"@id\":\"https:\/\/jornalfatosenoticias.com.br\/#website\"},\"primaryImageOfPage\":{\"@id\":\"https:\/\/jornalfatosenoticias.com.br\/index.php\/2023\/09\/05\/fazer-voluntariado-na-velhice-ajuda-a-evitar-o-declinio-mental\/#primaryimage\"},\"image\":{\"@id\":\"https:\/\/jornalfatosenoticias.com.br\/index.php\/2023\/09\/05\/fazer-voluntariado-na-velhice-ajuda-a-evitar-o-declinio-mental\/#primaryimage\"},\"thumbnailUrl\":\"https:\/\/jornalfatosenoticias.com.br\/wp-content\/uploads\/2023\/09\/Fazer-voluntariado-na-velhice.jpg\",\"datePublished\":\"2023-09-05T11:37:40+00:00\",\"dateModified\":\"2023-09-05T11:37:41+00:00\",\"breadcrumb\":{\"@id\":\"https:\/\/jornalfatosenoticias.com.br\/index.php\/2023\/09\/05\/fazer-voluntariado-na-velhice-ajuda-a-evitar-o-declinio-mental\/#breadcrumb\"},\"inLanguage\":\"pt-BR\",\"potentialAction\":[{\"@type\":\"ReadAction\",\"target\":[\"https:\/\/jornalfatosenoticias.com.br\/index.php\/2023\/09\/05\/fazer-voluntariado-na-velhice-ajuda-a-evitar-o-declinio-mental\/\"]}]},{\"@type\":\"ImageObject\",\"inLanguage\":\"pt-BR\",\"@id\":\"https:\/\/jornalfatosenoticias.com.br\/index.php\/2023\/09\/05\/fazer-voluntariado-na-velhice-ajuda-a-evitar-o-declinio-mental\/#primaryimage\",\"url\":\"https:\/\/jornalfatosenoticias.com.br\/wp-content\/uploads\/2023\/09\/Fazer-voluntariado-na-velhice.jpg\",\"contentUrl\":\"https:\/\/jornalfatosenoticias.com.br\/wp-content\/uploads\/2023\/09\/Fazer-voluntariado-na-velhice.jpg\",\"width\":812,\"height\":541,\"caption\":\"Cheerful Caucasian senior female food bank volunteer enjoys talking with other volunteers. They are packing boxes with canned goods during a food drive.\"},{\"@type\":\"BreadcrumbList\",\"@id\":\"https:\/\/jornalfatosenoticias.com.br\/index.php\/2023\/09\/05\/fazer-voluntariado-na-velhice-ajuda-a-evitar-o-declinio-mental\/#breadcrumb\",\"itemListElement\":[{\"@type\":\"ListItem\",\"position\":1,\"name\":\"In\u00edcio\",\"item\":\"https:\/\/jornalfatosenoticias.com.br\/\"},{\"@type\":\"ListItem\",\"position\":2,\"name\":\"Fazer voluntariado na velhice ajuda a evitar o decl\u00ednio mental\"}]},{\"@type\":\"WebSite\",\"@id\":\"https:\/\/jornalfatosenoticias.com.br\/#website\",\"url\":\"https:\/\/jornalfatosenoticias.com.br\/\",\"name\":\"Jornal Fatos e Not\u00edcias\",\"description\":\"Not\u00edcias em geral\",\"publisher\":{\"@id\":\"https:\/\/jornalfatosenoticias.com.br\/#organization\"},\"potentialAction\":[{\"@type\":\"SearchAction\",\"target\":{\"@type\":\"EntryPoint\",\"urlTemplate\":\"https:\/\/jornalfatosenoticias.com.br\/?s={search_term_string}\"},\"query-input\":{\"@type\":\"PropertyValueSpecification\",\"valueRequired\":true,\"valueName\":\"search_term_string\"}}],\"inLanguage\":\"pt-BR\"},{\"@type\":\"Organization\",\"@id\":\"https:\/\/jornalfatosenoticias.com.br\/#organization\",\"name\":\"Jornal Fatos e Not\u00edcias\",\"url\":\"https:\/\/jornalfatosenoticias.com.br\/\",\"logo\":{\"@type\":\"ImageObject\",\"inLanguage\":\"pt-BR\",\"@id\":\"https:\/\/jornalfatosenoticias.com.br\/#\/schema\/logo\/image\/\",\"url\":\"https:\/\/jornalfatosenoticias.com.br\/wp-content\/uploads\/2020\/02\/logo120.png\",\"contentUrl\":\"https:\/\/jornalfatosenoticias.com.br\/wp-content\/uploads\/2020\/02\/logo120.png\",\"width\":1227,\"height\":120,\"caption\":\"Jornal Fatos e Not\u00edcias\"},\"image\":{\"@id\":\"https:\/\/jornalfatosenoticias.com.br\/#\/schema\/logo\/image\/\"}},{\"@type\":\"Person\",\"@id\":\"https:\/\/jornalfatosenoticias.com.br\/#\/schema\/person\/d63837fa13ac8666eb9e74e0985d6f81\",\"name\":\"Luzimara Fernandes\",\"image\":{\"@type\":\"ImageObject\",\"inLanguage\":\"pt-BR\",\"@id\":\"https:\/\/jornalfatosenoticias.com.br\/#\/schema\/person\/image\/\",\"url\":\"https:\/\/jornalfatosenoticias.com.br\/wp-content\/uploads\/2025\/05\/EU_portal.jpg\",\"contentUrl\":\"https:\/\/jornalfatosenoticias.com.br\/wp-content\/uploads\/2025\/05\/EU_portal.jpg\",\"caption\":\"Luzimara Fernandes\"},\"description\":\"Jornalista MTB 2358-ES\",\"sameAs\":[\"https:\/\/jornalfatosenoticias.com.br\"],\"url\":\"https:\/\/jornalfatosenoticias.com.br\/index.php\/author\/luzimara\/\"}]}<\/script>\n<!-- \/ Yoast SEO plugin. -->","yoast_head_json":{"title":"Fazer voluntariado na velhice ajuda a evitar o decl\u00ednio mental - Jornal Fatos e Not\u00edcias","robots":{"index":"index","follow":"follow","max-snippet":"max-snippet:-1","max-image-preview":"max-image-preview:large","max-video-preview":"max-video-preview:-1"},"canonical":"https:\/\/jornalfatosenoticias.com.br\/index.php\/2023\/09\/05\/fazer-voluntariado-na-velhice-ajuda-a-evitar-o-declinio-mental\/","og_locale":"pt_BR","og_type":"article","og_title":"Fazer voluntariado na velhice ajuda a evitar o decl\u00ednio mental - Jornal Fatos e Not\u00edcias","og_description":"Por Ag\u00eancia Einstein Praticar voluntariado na velhice pode proteger o c\u00e9rebro contra o decl\u00ednio cognitivo, mostra um estudo feito na Universidade da Calif\u00f3rnia, em Davis, nos Estados Unidos (EUA), e apresentado na Confer\u00eancia Internacional da Associa\u00e7\u00e3o de Alzheimer, que aconteceu no final de julho, em Amsterd\u00e3, na Holanda.Pesquisas anteriores j\u00e1 demonstraram o benef\u00edcio desse tipo [&hellip;]","og_url":"https:\/\/jornalfatosenoticias.com.br\/index.php\/2023\/09\/05\/fazer-voluntariado-na-velhice-ajuda-a-evitar-o-declinio-mental\/","og_site_name":"Jornal Fatos e Not\u00edcias","article_published_time":"2023-09-05T11:37:40+00:00","article_modified_time":"2023-09-05T11:37:41+00:00","og_image":[{"width":812,"height":541,"url":"https:\/\/jornalfatosenoticias.com.br\/wp-content\/uploads\/2023\/09\/Fazer-voluntariado-na-velhice.jpg","type":"image\/jpeg"}],"author":"Luzimara Fernandes","twitter_card":"summary_large_image","twitter_misc":{"Escrito por":"Luzimara Fernandes","Est. tempo de leitura":"2 minutos"},"schema":{"@context":"https:\/\/schema.org","@graph":[{"@type":"Article","@id":"https:\/\/jornalfatosenoticias.com.br\/index.php\/2023\/09\/05\/fazer-voluntariado-na-velhice-ajuda-a-evitar-o-declinio-mental\/#article","isPartOf":{"@id":"https:\/\/jornalfatosenoticias.com.br\/index.php\/2023\/09\/05\/fazer-voluntariado-na-velhice-ajuda-a-evitar-o-declinio-mental\/"},"author":{"name":"Luzimara Fernandes","@id":"https:\/\/jornalfatosenoticias.com.br\/#\/schema\/person\/d63837fa13ac8666eb9e74e0985d6f81"},"headline":"Fazer voluntariado na velhice ajuda a evitar o decl\u00ednio mental","datePublished":"2023-09-05T11:37:40+00:00","dateModified":"2023-09-05T11:37:41+00:00","mainEntityOfPage":{"@id":"https:\/\/jornalfatosenoticias.com.br\/index.php\/2023\/09\/05\/fazer-voluntariado-na-velhice-ajuda-a-evitar-o-declinio-mental\/"},"wordCount":477,"commentCount":0,"publisher":{"@id":"https:\/\/jornalfatosenoticias.com.br\/#organization"},"image":{"@id":"https:\/\/jornalfatosenoticias.com.br\/index.php\/2023\/09\/05\/fazer-voluntariado-na-velhice-ajuda-a-evitar-o-declinio-mental\/#primaryimage"},"thumbnailUrl":"https:\/\/jornalfatosenoticias.com.br\/wp-content\/uploads\/2023\/09\/Fazer-voluntariado-na-velhice.jpg","keywords":["c\u00e9rebro","decl\u00ednio mental","fun\u00e7\u00e3o cognitiva","terceira idade","velhice","voluntariado"],"articleSection":["Comportamento &amp; Equil\u00edbrio"],"inLanguage":"pt-BR","potentialAction":[{"@type":"CommentAction","name":"Comment","target":["https:\/\/jornalfatosenoticias.com.br\/index.php\/2023\/09\/05\/fazer-voluntariado-na-velhice-ajuda-a-evitar-o-declinio-mental\/#respond"]}]},{"@type":"WebPage","@id":"https:\/\/jornalfatosenoticias.com.br\/index.php\/2023\/09\/05\/fazer-voluntariado-na-velhice-ajuda-a-evitar-o-declinio-mental\/","url":"https:\/\/jornalfatosenoticias.com.br\/index.php\/2023\/09\/05\/fazer-voluntariado-na-velhice-ajuda-a-evitar-o-declinio-mental\/","name":"Fazer voluntariado na velhice ajuda a evitar o decl\u00ednio mental - Jornal Fatos e Not\u00edcias","isPartOf":{"@id":"https:\/\/jornalfatosenoticias.com.br\/#website"},"primaryImageOfPage":{"@id":"https:\/\/jornalfatosenoticias.com.br\/index.php\/2023\/09\/05\/fazer-voluntariado-na-velhice-ajuda-a-evitar-o-declinio-mental\/#primaryimage"},"image":{"@id":"https:\/\/jornalfatosenoticias.com.br\/index.php\/2023\/09\/05\/fazer-voluntariado-na-velhice-ajuda-a-evitar-o-declinio-mental\/#primaryimage"},"thumbnailUrl":"https:\/\/jornalfatosenoticias.com.br\/wp-content\/uploads\/2023\/09\/Fazer-voluntariado-na-velhice.jpg","datePublished":"2023-09-05T11:37:40+00:00","dateModified":"2023-09-05T11:37:41+00:00","breadcrumb":{"@id":"https:\/\/jornalfatosenoticias.com.br\/index.php\/2023\/09\/05\/fazer-voluntariado-na-velhice-ajuda-a-evitar-o-declinio-mental\/#breadcrumb"},"inLanguage":"pt-BR","potentialAction":[{"@type":"ReadAction","target":["https:\/\/jornalfatosenoticias.com.br\/index.php\/2023\/09\/05\/fazer-voluntariado-na-velhice-ajuda-a-evitar-o-declinio-mental\/"]}]},{"@type":"ImageObject","inLanguage":"pt-BR","@id":"https:\/\/jornalfatosenoticias.com.br\/index.php\/2023\/09\/05\/fazer-voluntariado-na-velhice-ajuda-a-evitar-o-declinio-mental\/#primaryimage","url":"https:\/\/jornalfatosenoticias.com.br\/wp-content\/uploads\/2023\/09\/Fazer-voluntariado-na-velhice.jpg","contentUrl":"https:\/\/jornalfatosenoticias.com.br\/wp-content\/uploads\/2023\/09\/Fazer-voluntariado-na-velhice.jpg","width":812,"height":541,"caption":"Cheerful Caucasian senior female food bank volunteer enjoys talking with other volunteers. They are packing boxes with canned goods during a food drive."},{"@type":"BreadcrumbList","@id":"https:\/\/jornalfatosenoticias.com.br\/index.php\/2023\/09\/05\/fazer-voluntariado-na-velhice-ajuda-a-evitar-o-declinio-mental\/#breadcrumb","itemListElement":[{"@type":"ListItem","position":1,"name":"In\u00edcio","item":"https:\/\/jornalfatosenoticias.com.br\/"},{"@type":"ListItem","position":2,"name":"Fazer voluntariado na velhice ajuda a evitar o decl\u00ednio mental"}]},{"@type":"WebSite","@id":"https:\/\/jornalfatosenoticias.com.br\/#website","url":"https:\/\/jornalfatosenoticias.com.br\/","name":"Jornal Fatos e Not\u00edcias","description":"Not\u00edcias em geral","publisher":{"@id":"https:\/\/jornalfatosenoticias.com.br\/#organization"},"potentialAction":[{"@type":"SearchAction","target":{"@type":"EntryPoint","urlTemplate":"https:\/\/jornalfatosenoticias.com.br\/?s={search_term_string}"},"query-input":{"@type":"PropertyValueSpecification","valueRequired":true,"valueName":"search_term_string"}}],"inLanguage":"pt-BR"},{"@type":"Organization","@id":"https:\/\/jornalfatosenoticias.com.br\/#organization","name":"Jornal Fatos e Not\u00edcias","url":"https:\/\/jornalfatosenoticias.com.br\/","logo":{"@type":"ImageObject","inLanguage":"pt-BR","@id":"https:\/\/jornalfatosenoticias.com.br\/#\/schema\/logo\/image\/","url":"https:\/\/jornalfatosenoticias.com.br\/wp-content\/uploads\/2020\/02\/logo120.png","contentUrl":"https:\/\/jornalfatosenoticias.com.br\/wp-content\/uploads\/2020\/02\/logo120.png","width":1227,"height":120,"caption":"Jornal Fatos e Not\u00edcias"},"image":{"@id":"https:\/\/jornalfatosenoticias.com.br\/#\/schema\/logo\/image\/"}},{"@type":"Person","@id":"https:\/\/jornalfatosenoticias.com.br\/#\/schema\/person\/d63837fa13ac8666eb9e74e0985d6f81","name":"Luzimara Fernandes","image":{"@type":"ImageObject","inLanguage":"pt-BR","@id":"https:\/\/jornalfatosenoticias.com.br\/#\/schema\/person\/image\/","url":"https:\/\/jornalfatosenoticias.com.br\/wp-content\/uploads\/2025\/05\/EU_portal.jpg","contentUrl":"https:\/\/jornalfatosenoticias.com.br\/wp-content\/uploads\/2025\/05\/EU_portal.jpg","caption":"Luzimara Fernandes"},"description":"Jornalista MTB 2358-ES","sameAs":["https:\/\/jornalfatosenoticias.com.br"],"url":"https:\/\/jornalfatosenoticias.com.br\/index.php\/author\/luzimara\/"}]}},"cc_featured_image_caption":{"caption_text":"(Foto: iStock)","source_text":"","source_url":""},"jetpack_featured_media_url":"https:\/\/jornalfatosenoticias.com.br\/wp-content\/uploads\/2023\/09\/Fazer-voluntariado-na-velhice.jpg","_links":{"self":[{"href":"https:\/\/jornalfatosenoticias.com.br\/index.php\/wp-json\/wp\/v2\/posts\/44878","targetHints":{"allow":["GET"]}}],"collection":[{"href":"https:\/\/jornalfatosenoticias.com.br\/index.php\/wp-json\/wp\/v2\/posts"}],"about":[{"href":"https:\/\/jornalfatosenoticias.com.br\/index.php\/wp-json\/wp\/v2\/types\/post"}],"author":[{"embeddable":true,"href":"https:\/\/jornalfatosenoticias.com.br\/index.php\/wp-json\/wp\/v2\/users\/2"}],"replies":[{"embeddable":true,"href":"https:\/\/jornalfatosenoticias.com.br\/index.php\/wp-json\/wp\/v2\/comments?post=44878"}],"version-history":[{"count":0,"href":"https:\/\/jornalfatosenoticias.com.br\/index.php\/wp-json\/wp\/v2\/posts\/44878\/revisions"}],"wp:featuredmedia":[{"embeddable":true,"href":"https:\/\/jornalfatosenoticias.com.br\/index.php\/wp-json\/wp\/v2\/media\/44879"}],"wp:attachment":[{"href":"https:\/\/jornalfatosenoticias.com.br\/index.php\/wp-json\/wp\/v2\/media?parent=44878"}],"wp:term":[{"taxonomy":"category","embeddable":true,"href":"https:\/\/jornalfatosenoticias.com.br\/index.php\/wp-json\/wp\/v2\/categories?post=44878"},{"taxonomy":"post_tag","embeddable":true,"href":"https:\/\/jornalfatosenoticias.com.br\/index.php\/wp-json\/wp\/v2\/tags?post=44878"}],"curies":[{"name":"wp","href":"https:\/\/api.w.org\/{rel}","templated":true}]}}