{"id":4488,"date":"2020-05-15T13:08:47","date_gmt":"2020-05-15T16:08:47","guid":{"rendered":"https:\/\/jornalfatosenoticias.com.br\/?p=4488"},"modified":"2020-05-15T13:10:14","modified_gmt":"2020-05-15T16:10:14","slug":"novo-edital-do-revalida-sera-publicado-em-julho-diz-mec","status":"publish","type":"post","link":"https:\/\/jornalfatosenoticias.com.br\/index.php\/2020\/05\/15\/novo-edital-do-revalida-sera-publicado-em-julho-diz-mec\/","title":{"rendered":"Novo edital do Revalida ser\u00e1 publicado em julho, diz MEC"},"content":{"rendered":"\n<h6 class=\"wp-block-heading\"><em>O exame ser\u00e1 aplicado em 11 de outubro deste ano<\/em><\/h6>\n\n\n\n<p>O Exame Nacional de Revalida\u00e7\u00e3o de Diplomas M\u00e9dicos Expedidos por Institui\u00e7\u00e3o de Educa\u00e7\u00e3o Superior Estrangeira (Revalida) ter\u00e1 novo edital publicado em julho. A prova ser\u00e1 aplicada em 11 de outubro.<br>A divulga\u00e7\u00e3o das datas, feita pelo ministro da Educa\u00e7\u00e3o, Abraham Weintraub, nessa quinta-feira (14), acaba com uma espera de milhares de pessoas h\u00e1 tr\u00eas anos.<br>O Revalida ter\u00e1 duas etapas: te\u00f3rica e pr\u00e1tica. A primeira \u00e9 dividida em duas provas: uma com 100 quest\u00f5es objetivas, no turno da manh\u00e3; e a outra, com cinco quest\u00f5es discursivas, \u00e0 tarde.<br>A segunda etapa, prevista para dezembro, \u00e9 realizada em uma esta\u00e7\u00e3o cl\u00ednica, com edital pr\u00f3prio, e s\u00f3 poder\u00e1 faz\u00ea-la quem for aprovado na primeira etapa. \u201cO candidato far\u00e1 10 anamneses \u2014 \u2018entrevistas\u2019 para diagn\u00f3stico inicial da doen\u00e7a \u2014 em \u2018pacientes\u2019 com diversos sintomas simulados\u201d, diz nota publicada pelo Minist\u00e9rio da Educa\u00e7\u00e3o, em seu portal.<br>Quem reprovar na segunda fase pode refaz\u00ea-la por mais duas vezes em edi\u00e7\u00f5es consecutivas \u2014 anteriormente, era necess\u00e1rio realizar todo o processo desde o in\u00edcio.<br>O Instituto Nacional de Estudos e Pesquisas Educacionais An\u00edsio Teixeira (Inep), respons\u00e1vel pela aplica\u00e7\u00e3o do exame, j\u00e1 selecionou os profissionais que formar\u00e3o a comiss\u00e3o avaliadora do Revalida. As quest\u00f5es sair\u00e3o do banco nacional de itens do Revalida. Composta por dez integrantes, a comiss\u00e3o ficar\u00e1 respons\u00e1vel por selecion\u00e1-los.<\/p>\n\n\n\n<h4 class=\"wp-block-heading\">Nota de corte<\/h4>\n\n\n\n<p>De acordo com o MEC, a nota de corte do Revalida \u00e9 calculada pelo m\u00e9todo Angoff modificado. Uma comiss\u00e3o independente e formada por professores n\u00e3o respons\u00e1veis pela sele\u00e7\u00e3o dos itens analisar\u00e1 uma a uma as quest\u00f5es para estimar a chance de acerto dos participantes.<br>A m\u00e9dia de acertos para cada item \u00e9 computada e utilizada no c\u00e1lculo de uma m\u00e9dia geral de acertos, que se converte nos pontos de corte. Estes variam a cada edi\u00e7\u00e3o, a depender do n\u00edvel de dificuldade da prova. O m\u00e9todo permite informar, com anteced\u00eancia, as notas de corte. Todos os detalhes estar\u00e3o dispon\u00edveis no edital.<br>O Revalida tem o objetivo de verificar a aquisi\u00e7\u00e3o de conhecimentos, habilidades e compet\u00eancias requeridas para o exerc\u00edcio profissional adequado aos princ\u00edpios e necessidades do Sistema \u00danico de Sa\u00fade (SUS), em n\u00edvel equivalente ao exigido dos m\u00e9dicos formados no pa\u00eds.<br>O exame foi criado em 2011, resultado de parceria entre os minist\u00e9rios da Educa\u00e7\u00e3o e da Sa\u00fade. Foram sete edi\u00e7\u00f5es at\u00e9 2017, com um total de 24.327 inscri\u00e7\u00f5es. A maioria dos participantes nas sete edi\u00e7\u00f5es era de nacionalidade brasileira \u2014 no \u00faltimo exame, aproximadamente 60%.<\/p>\n\n\n\n<p><strong><em>Fonte: <a href=\"https:\/\/agenciabrasil.ebc.com.br\/educacao\/noticia\/2020-05\/novo-edital-do-revalida-sera-publicado-em-junho-diz-mec\">Ag\u00eancia Brasil<\/a><\/em><\/strong><\/p>\n","protected":false},"excerpt":{"rendered":"<p>O exame ser\u00e1 aplicado em 11 de outubro deste ano O Exame Nacional de Revalida\u00e7\u00e3o de Diplomas M\u00e9dicos Expedidos por Institui\u00e7\u00e3o de Educa\u00e7\u00e3o Superior Estrangeira (Revalida) ter\u00e1 novo edital publicado em julho. A prova ser\u00e1 aplicada em 11 de outubro.A divulga\u00e7\u00e3o das datas, feita pelo ministro da Educa\u00e7\u00e3o, Abraham Weintraub, nessa quinta-feira (14), acaba com [&hellip;]<\/p>\n","protected":false},"author":2,"featured_media":4489,"comment_status":"open","ping_status":"open","sticky":false,"template":"","format":"standard","meta":{"footnotes":""},"categories":[7],"tags":[2656,283,2655,2654],"class_list":["post-4488","post","type-post","status-publish","format-standard","has-post-thumbnail","hentry","category-educacao","tag-abraham-weintraub","tag-mec","tag-prova","tag-revalida"],"yoast_head":"<!-- This site is optimized with the Yoast SEO plugin v26.5 - https:\/\/yoast.com\/wordpress\/plugins\/seo\/ -->\n<title>Novo edital do Revalida ser\u00e1 publicado em julho, diz MEC - Jornal Fatos e Not\u00edcias<\/title>\n<meta name=\"robots\" content=\"index, follow, max-snippet:-1, max-image-preview:large, max-video-preview:-1\" \/>\n<link rel=\"canonical\" href=\"https:\/\/jornalfatosenoticias.com.br\/index.php\/2020\/05\/15\/novo-edital-do-revalida-sera-publicado-em-julho-diz-mec\/\" \/>\n<meta property=\"og:locale\" content=\"pt_BR\" \/>\n<meta property=\"og:type\" content=\"article\" \/>\n<meta property=\"og:title\" content=\"Novo edital do Revalida ser\u00e1 publicado em julho, diz MEC - Jornal Fatos e Not\u00edcias\" \/>\n<meta property=\"og:description\" content=\"O exame ser\u00e1 aplicado em 11 de outubro deste ano O Exame Nacional de Revalida\u00e7\u00e3o de Diplomas M\u00e9dicos Expedidos por Institui\u00e7\u00e3o de Educa\u00e7\u00e3o Superior Estrangeira (Revalida) ter\u00e1 novo edital publicado em julho. A prova ser\u00e1 aplicada em 11 de outubro.A divulga\u00e7\u00e3o das datas, feita pelo ministro da Educa\u00e7\u00e3o, Abraham Weintraub, nessa quinta-feira (14), acaba com [&hellip;]\" \/>\n<meta property=\"og:url\" content=\"https:\/\/jornalfatosenoticias.com.br\/index.php\/2020\/05\/15\/novo-edital-do-revalida-sera-publicado-em-julho-diz-mec\/\" \/>\n<meta property=\"og:site_name\" content=\"Jornal Fatos e Not\u00edcias\" \/>\n<meta property=\"article:published_time\" content=\"2020-05-15T16:08:47+00:00\" \/>\n<meta property=\"article:modified_time\" content=\"2020-05-15T16:10:14+00:00\" \/>\n<meta property=\"og:image\" content=\"https:\/\/jornalfatosenoticias.com.br\/wp-content\/uploads\/2020\/05\/fpzzb_abr_revalida.jpg\" \/>\n\t<meta property=\"og:image:width\" content=\"1000\" \/>\n\t<meta property=\"og:image:height\" content=\"598\" \/>\n\t<meta property=\"og:image:type\" content=\"image\/jpeg\" \/>\n<meta name=\"author\" content=\"Luzimara Fernandes\" \/>\n<meta name=\"twitter:card\" content=\"summary_large_image\" \/>\n<meta name=\"twitter:label1\" content=\"Escrito por\" \/>\n\t<meta name=\"twitter:data1\" content=\"Luzimara Fernandes\" \/>\n\t<meta name=\"twitter:label2\" content=\"Est. tempo de leitura\" \/>\n\t<meta name=\"twitter:data2\" content=\"2 minutos\" \/>\n<script type=\"application\/ld+json\" class=\"yoast-schema-graph\">{\"@context\":\"https:\/\/schema.org\",\"@graph\":[{\"@type\":\"Article\",\"@id\":\"https:\/\/jornalfatosenoticias.com.br\/index.php\/2020\/05\/15\/novo-edital-do-revalida-sera-publicado-em-julho-diz-mec\/#article\",\"isPartOf\":{\"@id\":\"https:\/\/jornalfatosenoticias.com.br\/index.php\/2020\/05\/15\/novo-edital-do-revalida-sera-publicado-em-julho-diz-mec\/\"},\"author\":{\"name\":\"Luzimara Fernandes\",\"@id\":\"https:\/\/jornalfatosenoticias.com.br\/#\/schema\/person\/d63837fa13ac8666eb9e74e0985d6f81\"},\"headline\":\"Novo edital do Revalida ser\u00e1 publicado em julho, diz MEC\",\"datePublished\":\"2020-05-15T16:08:47+00:00\",\"dateModified\":\"2020-05-15T16:10:14+00:00\",\"mainEntityOfPage\":{\"@id\":\"https:\/\/jornalfatosenoticias.com.br\/index.php\/2020\/05\/15\/novo-edital-do-revalida-sera-publicado-em-julho-diz-mec\/\"},\"wordCount\":470,\"commentCount\":0,\"publisher\":{\"@id\":\"https:\/\/jornalfatosenoticias.com.br\/#organization\"},\"image\":{\"@id\":\"https:\/\/jornalfatosenoticias.com.br\/index.php\/2020\/05\/15\/novo-edital-do-revalida-sera-publicado-em-julho-diz-mec\/#primaryimage\"},\"thumbnailUrl\":\"https:\/\/jornalfatosenoticias.com.br\/wp-content\/uploads\/2020\/05\/fpzzb_abr_revalida.jpg\",\"keywords\":[\"Abraham Weintraub\",\"MEC\",\"prova\",\"Revalida\"],\"articleSection\":[\"Educa\u00e7\u00e3o\"],\"inLanguage\":\"pt-BR\",\"potentialAction\":[{\"@type\":\"CommentAction\",\"name\":\"Comment\",\"target\":[\"https:\/\/jornalfatosenoticias.com.br\/index.php\/2020\/05\/15\/novo-edital-do-revalida-sera-publicado-em-julho-diz-mec\/#respond\"]}]},{\"@type\":\"WebPage\",\"@id\":\"https:\/\/jornalfatosenoticias.com.br\/index.php\/2020\/05\/15\/novo-edital-do-revalida-sera-publicado-em-julho-diz-mec\/\",\"url\":\"https:\/\/jornalfatosenoticias.com.br\/index.php\/2020\/05\/15\/novo-edital-do-revalida-sera-publicado-em-julho-diz-mec\/\",\"name\":\"Novo edital do Revalida ser\u00e1 publicado em julho, diz MEC - Jornal Fatos e Not\u00edcias\",\"isPartOf\":{\"@id\":\"https:\/\/jornalfatosenoticias.com.br\/#website\"},\"primaryImageOfPage\":{\"@id\":\"https:\/\/jornalfatosenoticias.com.br\/index.php\/2020\/05\/15\/novo-edital-do-revalida-sera-publicado-em-julho-diz-mec\/#primaryimage\"},\"image\":{\"@id\":\"https:\/\/jornalfatosenoticias.com.br\/index.php\/2020\/05\/15\/novo-edital-do-revalida-sera-publicado-em-julho-diz-mec\/#primaryimage\"},\"thumbnailUrl\":\"https:\/\/jornalfatosenoticias.com.br\/wp-content\/uploads\/2020\/05\/fpzzb_abr_revalida.jpg\",\"datePublished\":\"2020-05-15T16:08:47+00:00\",\"dateModified\":\"2020-05-15T16:10:14+00:00\",\"breadcrumb\":{\"@id\":\"https:\/\/jornalfatosenoticias.com.br\/index.php\/2020\/05\/15\/novo-edital-do-revalida-sera-publicado-em-julho-diz-mec\/#breadcrumb\"},\"inLanguage\":\"pt-BR\",\"potentialAction\":[{\"@type\":\"ReadAction\",\"target\":[\"https:\/\/jornalfatosenoticias.com.br\/index.php\/2020\/05\/15\/novo-edital-do-revalida-sera-publicado-em-julho-diz-mec\/\"]}]},{\"@type\":\"ImageObject\",\"inLanguage\":\"pt-BR\",\"@id\":\"https:\/\/jornalfatosenoticias.com.br\/index.php\/2020\/05\/15\/novo-edital-do-revalida-sera-publicado-em-julho-diz-mec\/#primaryimage\",\"url\":\"https:\/\/jornalfatosenoticias.com.br\/wp-content\/uploads\/2020\/05\/fpzzb_abr_revalida.jpg\",\"contentUrl\":\"https:\/\/jornalfatosenoticias.com.br\/wp-content\/uploads\/2020\/05\/fpzzb_abr_revalida.jpg\",\"width\":1000,\"height\":598,\"caption\":\"M\u00e9dicos estrangeiros e brasileiros que se graduaram em outro pa\u00eds, fazem a segunda etapa da edi\u00e7\u00e3o 2017 do Exame Nacional de Revalida\u00e7\u00e3o de Diplomas M\u00e9dicos Expedidos por Institui\u00e7\u00f5es de Educa\u00e7\u00e3o Superior Estrangeira (Revalida).\"},{\"@type\":\"BreadcrumbList\",\"@id\":\"https:\/\/jornalfatosenoticias.com.br\/index.php\/2020\/05\/15\/novo-edital-do-revalida-sera-publicado-em-julho-diz-mec\/#breadcrumb\",\"itemListElement\":[{\"@type\":\"ListItem\",\"position\":1,\"name\":\"In\u00edcio\",\"item\":\"https:\/\/jornalfatosenoticias.com.br\/\"},{\"@type\":\"ListItem\",\"position\":2,\"name\":\"Novo edital do Revalida ser\u00e1 publicado em julho, diz MEC\"}]},{\"@type\":\"WebSite\",\"@id\":\"https:\/\/jornalfatosenoticias.com.br\/#website\",\"url\":\"https:\/\/jornalfatosenoticias.com.br\/\",\"name\":\"Jornal Fatos e Not\u00edcias\",\"description\":\"Not\u00edcias em geral\",\"publisher\":{\"@id\":\"https:\/\/jornalfatosenoticias.com.br\/#organization\"},\"potentialAction\":[{\"@type\":\"SearchAction\",\"target\":{\"@type\":\"EntryPoint\",\"urlTemplate\":\"https:\/\/jornalfatosenoticias.com.br\/?s={search_term_string}\"},\"query-input\":{\"@type\":\"PropertyValueSpecification\",\"valueRequired\":true,\"valueName\":\"search_term_string\"}}],\"inLanguage\":\"pt-BR\"},{\"@type\":\"Organization\",\"@id\":\"https:\/\/jornalfatosenoticias.com.br\/#organization\",\"name\":\"Jornal Fatos e Not\u00edcias\",\"url\":\"https:\/\/jornalfatosenoticias.com.br\/\",\"logo\":{\"@type\":\"ImageObject\",\"inLanguage\":\"pt-BR\",\"@id\":\"https:\/\/jornalfatosenoticias.com.br\/#\/schema\/logo\/image\/\",\"url\":\"https:\/\/jornalfatosenoticias.com.br\/wp-content\/uploads\/2020\/02\/logo120.png\",\"contentUrl\":\"https:\/\/jornalfatosenoticias.com.br\/wp-content\/uploads\/2020\/02\/logo120.png\",\"width\":1227,\"height\":120,\"caption\":\"Jornal Fatos e Not\u00edcias\"},\"image\":{\"@id\":\"https:\/\/jornalfatosenoticias.com.br\/#\/schema\/logo\/image\/\"}},{\"@type\":\"Person\",\"@id\":\"https:\/\/jornalfatosenoticias.com.br\/#\/schema\/person\/d63837fa13ac8666eb9e74e0985d6f81\",\"name\":\"Luzimara Fernandes\",\"image\":{\"@type\":\"ImageObject\",\"inLanguage\":\"pt-BR\",\"@id\":\"https:\/\/jornalfatosenoticias.com.br\/#\/schema\/person\/image\/\",\"url\":\"https:\/\/jornalfatosenoticias.com.br\/wp-content\/uploads\/2025\/05\/EU_portal.jpg\",\"contentUrl\":\"https:\/\/jornalfatosenoticias.com.br\/wp-content\/uploads\/2025\/05\/EU_portal.jpg\",\"caption\":\"Luzimara Fernandes\"},\"description\":\"Jornalista MTB 2358-ES\",\"sameAs\":[\"https:\/\/jornalfatosenoticias.com.br\"],\"url\":\"https:\/\/jornalfatosenoticias.com.br\/index.php\/author\/luzimara\/\"}]}<\/script>\n<!-- \/ Yoast SEO plugin. -->","yoast_head_json":{"title":"Novo edital do Revalida ser\u00e1 publicado em julho, diz MEC - Jornal Fatos e Not\u00edcias","robots":{"index":"index","follow":"follow","max-snippet":"max-snippet:-1","max-image-preview":"max-image-preview:large","max-video-preview":"max-video-preview:-1"},"canonical":"https:\/\/jornalfatosenoticias.com.br\/index.php\/2020\/05\/15\/novo-edital-do-revalida-sera-publicado-em-julho-diz-mec\/","og_locale":"pt_BR","og_type":"article","og_title":"Novo edital do Revalida ser\u00e1 publicado em julho, diz MEC - Jornal Fatos e Not\u00edcias","og_description":"O exame ser\u00e1 aplicado em 11 de outubro deste ano O Exame Nacional de Revalida\u00e7\u00e3o de Diplomas M\u00e9dicos Expedidos por Institui\u00e7\u00e3o de Educa\u00e7\u00e3o Superior Estrangeira (Revalida) ter\u00e1 novo edital publicado em julho. A prova ser\u00e1 aplicada em 11 de outubro.A divulga\u00e7\u00e3o das datas, feita pelo ministro da Educa\u00e7\u00e3o, Abraham Weintraub, nessa quinta-feira (14), acaba com [&hellip;]","og_url":"https:\/\/jornalfatosenoticias.com.br\/index.php\/2020\/05\/15\/novo-edital-do-revalida-sera-publicado-em-julho-diz-mec\/","og_site_name":"Jornal Fatos e Not\u00edcias","article_published_time":"2020-05-15T16:08:47+00:00","article_modified_time":"2020-05-15T16:10:14+00:00","og_image":[{"width":1000,"height":598,"url":"https:\/\/jornalfatosenoticias.com.br\/wp-content\/uploads\/2020\/05\/fpzzb_abr_revalida.jpg","type":"image\/jpeg"}],"author":"Luzimara Fernandes","twitter_card":"summary_large_image","twitter_misc":{"Escrito por":"Luzimara Fernandes","Est. tempo de leitura":"2 minutos"},"schema":{"@context":"https:\/\/schema.org","@graph":[{"@type":"Article","@id":"https:\/\/jornalfatosenoticias.com.br\/index.php\/2020\/05\/15\/novo-edital-do-revalida-sera-publicado-em-julho-diz-mec\/#article","isPartOf":{"@id":"https:\/\/jornalfatosenoticias.com.br\/index.php\/2020\/05\/15\/novo-edital-do-revalida-sera-publicado-em-julho-diz-mec\/"},"author":{"name":"Luzimara Fernandes","@id":"https:\/\/jornalfatosenoticias.com.br\/#\/schema\/person\/d63837fa13ac8666eb9e74e0985d6f81"},"headline":"Novo edital do Revalida ser\u00e1 publicado em julho, diz MEC","datePublished":"2020-05-15T16:08:47+00:00","dateModified":"2020-05-15T16:10:14+00:00","mainEntityOfPage":{"@id":"https:\/\/jornalfatosenoticias.com.br\/index.php\/2020\/05\/15\/novo-edital-do-revalida-sera-publicado-em-julho-diz-mec\/"},"wordCount":470,"commentCount":0,"publisher":{"@id":"https:\/\/jornalfatosenoticias.com.br\/#organization"},"image":{"@id":"https:\/\/jornalfatosenoticias.com.br\/index.php\/2020\/05\/15\/novo-edital-do-revalida-sera-publicado-em-julho-diz-mec\/#primaryimage"},"thumbnailUrl":"https:\/\/jornalfatosenoticias.com.br\/wp-content\/uploads\/2020\/05\/fpzzb_abr_revalida.jpg","keywords":["Abraham Weintraub","MEC","prova","Revalida"],"articleSection":["Educa\u00e7\u00e3o"],"inLanguage":"pt-BR","potentialAction":[{"@type":"CommentAction","name":"Comment","target":["https:\/\/jornalfatosenoticias.com.br\/index.php\/2020\/05\/15\/novo-edital-do-revalida-sera-publicado-em-julho-diz-mec\/#respond"]}]},{"@type":"WebPage","@id":"https:\/\/jornalfatosenoticias.com.br\/index.php\/2020\/05\/15\/novo-edital-do-revalida-sera-publicado-em-julho-diz-mec\/","url":"https:\/\/jornalfatosenoticias.com.br\/index.php\/2020\/05\/15\/novo-edital-do-revalida-sera-publicado-em-julho-diz-mec\/","name":"Novo edital do Revalida ser\u00e1 publicado em julho, diz MEC - Jornal Fatos e Not\u00edcias","isPartOf":{"@id":"https:\/\/jornalfatosenoticias.com.br\/#website"},"primaryImageOfPage":{"@id":"https:\/\/jornalfatosenoticias.com.br\/index.php\/2020\/05\/15\/novo-edital-do-revalida-sera-publicado-em-julho-diz-mec\/#primaryimage"},"image":{"@id":"https:\/\/jornalfatosenoticias.com.br\/index.php\/2020\/05\/15\/novo-edital-do-revalida-sera-publicado-em-julho-diz-mec\/#primaryimage"},"thumbnailUrl":"https:\/\/jornalfatosenoticias.com.br\/wp-content\/uploads\/2020\/05\/fpzzb_abr_revalida.jpg","datePublished":"2020-05-15T16:08:47+00:00","dateModified":"2020-05-15T16:10:14+00:00","breadcrumb":{"@id":"https:\/\/jornalfatosenoticias.com.br\/index.php\/2020\/05\/15\/novo-edital-do-revalida-sera-publicado-em-julho-diz-mec\/#breadcrumb"},"inLanguage":"pt-BR","potentialAction":[{"@type":"ReadAction","target":["https:\/\/jornalfatosenoticias.com.br\/index.php\/2020\/05\/15\/novo-edital-do-revalida-sera-publicado-em-julho-diz-mec\/"]}]},{"@type":"ImageObject","inLanguage":"pt-BR","@id":"https:\/\/jornalfatosenoticias.com.br\/index.php\/2020\/05\/15\/novo-edital-do-revalida-sera-publicado-em-julho-diz-mec\/#primaryimage","url":"https:\/\/jornalfatosenoticias.com.br\/wp-content\/uploads\/2020\/05\/fpzzb_abr_revalida.jpg","contentUrl":"https:\/\/jornalfatosenoticias.com.br\/wp-content\/uploads\/2020\/05\/fpzzb_abr_revalida.jpg","width":1000,"height":598,"caption":"M\u00e9dicos estrangeiros e brasileiros que se graduaram em outro pa\u00eds, fazem a segunda etapa da edi\u00e7\u00e3o 2017 do Exame Nacional de Revalida\u00e7\u00e3o de Diplomas M\u00e9dicos Expedidos por Institui\u00e7\u00f5es de Educa\u00e7\u00e3o Superior Estrangeira (Revalida)."},{"@type":"BreadcrumbList","@id":"https:\/\/jornalfatosenoticias.com.br\/index.php\/2020\/05\/15\/novo-edital-do-revalida-sera-publicado-em-julho-diz-mec\/#breadcrumb","itemListElement":[{"@type":"ListItem","position":1,"name":"In\u00edcio","item":"https:\/\/jornalfatosenoticias.com.br\/"},{"@type":"ListItem","position":2,"name":"Novo edital do Revalida ser\u00e1 publicado em julho, diz MEC"}]},{"@type":"WebSite","@id":"https:\/\/jornalfatosenoticias.com.br\/#website","url":"https:\/\/jornalfatosenoticias.com.br\/","name":"Jornal Fatos e Not\u00edcias","description":"Not\u00edcias em geral","publisher":{"@id":"https:\/\/jornalfatosenoticias.com.br\/#organization"},"potentialAction":[{"@type":"SearchAction","target":{"@type":"EntryPoint","urlTemplate":"https:\/\/jornalfatosenoticias.com.br\/?s={search_term_string}"},"query-input":{"@type":"PropertyValueSpecification","valueRequired":true,"valueName":"search_term_string"}}],"inLanguage":"pt-BR"},{"@type":"Organization","@id":"https:\/\/jornalfatosenoticias.com.br\/#organization","name":"Jornal Fatos e Not\u00edcias","url":"https:\/\/jornalfatosenoticias.com.br\/","logo":{"@type":"ImageObject","inLanguage":"pt-BR","@id":"https:\/\/jornalfatosenoticias.com.br\/#\/schema\/logo\/image\/","url":"https:\/\/jornalfatosenoticias.com.br\/wp-content\/uploads\/2020\/02\/logo120.png","contentUrl":"https:\/\/jornalfatosenoticias.com.br\/wp-content\/uploads\/2020\/02\/logo120.png","width":1227,"height":120,"caption":"Jornal Fatos e Not\u00edcias"},"image":{"@id":"https:\/\/jornalfatosenoticias.com.br\/#\/schema\/logo\/image\/"}},{"@type":"Person","@id":"https:\/\/jornalfatosenoticias.com.br\/#\/schema\/person\/d63837fa13ac8666eb9e74e0985d6f81","name":"Luzimara Fernandes","image":{"@type":"ImageObject","inLanguage":"pt-BR","@id":"https:\/\/jornalfatosenoticias.com.br\/#\/schema\/person\/image\/","url":"https:\/\/jornalfatosenoticias.com.br\/wp-content\/uploads\/2025\/05\/EU_portal.jpg","contentUrl":"https:\/\/jornalfatosenoticias.com.br\/wp-content\/uploads\/2025\/05\/EU_portal.jpg","caption":"Luzimara Fernandes"},"description":"Jornalista MTB 2358-ES","sameAs":["https:\/\/jornalfatosenoticias.com.br"],"url":"https:\/\/jornalfatosenoticias.com.br\/index.php\/author\/luzimara\/"}]}},"cc_featured_image_caption":{"caption_text":"(F\u00e1bio Rodrigues Pozzebom\/Ag\u00eancia Brasil)","source_text":"","source_url":""},"jetpack_featured_media_url":"https:\/\/jornalfatosenoticias.com.br\/wp-content\/uploads\/2020\/05\/fpzzb_abr_revalida.jpg","_links":{"self":[{"href":"https:\/\/jornalfatosenoticias.com.br\/index.php\/wp-json\/wp\/v2\/posts\/4488","targetHints":{"allow":["GET"]}}],"collection":[{"href":"https:\/\/jornalfatosenoticias.com.br\/index.php\/wp-json\/wp\/v2\/posts"}],"about":[{"href":"https:\/\/jornalfatosenoticias.com.br\/index.php\/wp-json\/wp\/v2\/types\/post"}],"author":[{"embeddable":true,"href":"https:\/\/jornalfatosenoticias.com.br\/index.php\/wp-json\/wp\/v2\/users\/2"}],"replies":[{"embeddable":true,"href":"https:\/\/jornalfatosenoticias.com.br\/index.php\/wp-json\/wp\/v2\/comments?post=4488"}],"version-history":[{"count":0,"href":"https:\/\/jornalfatosenoticias.com.br\/index.php\/wp-json\/wp\/v2\/posts\/4488\/revisions"}],"wp:featuredmedia":[{"embeddable":true,"href":"https:\/\/jornalfatosenoticias.com.br\/index.php\/wp-json\/wp\/v2\/media\/4489"}],"wp:attachment":[{"href":"https:\/\/jornalfatosenoticias.com.br\/index.php\/wp-json\/wp\/v2\/media?parent=4488"}],"wp:term":[{"taxonomy":"category","embeddable":true,"href":"https:\/\/jornalfatosenoticias.com.br\/index.php\/wp-json\/wp\/v2\/categories?post=4488"},{"taxonomy":"post_tag","embeddable":true,"href":"https:\/\/jornalfatosenoticias.com.br\/index.php\/wp-json\/wp\/v2\/tags?post=4488"}],"curies":[{"name":"wp","href":"https:\/\/api.w.org\/{rel}","templated":true}]}}